{"id":247385,"date":"2022-07-29T09:10:34","date_gmt":"2022-07-29T07:10:34","guid":{"rendered":"https:\/\/dicodusport.fr\/blog\/?p=247385&#038;preview=true&#038;preview_id=247385"},"modified":"2022-07-31T07:22:30","modified_gmt":"2022-07-31T05:22:30","slug":"mercato-un-espoir-francais-va-rejoindre-ag2r-citroen-en-2023","status":"publish","type":"post","link":"https:\/\/dicodusport.fr\/blog\/mercato-un-espoir-francais-va-rejoindre-ag2r-citroen-en-2023\/","title":{"rendered":"Mercato : Un espoir fran\u00e7ais va rejoindre AG2R Citro\u00ebn en 2023"},"content":{"rendered":"<p style=\"text-align: justify;\"><b><i>CYCLISME SUR ROUTE 2022 &#8211; Comme annonc\u00e9 par Le Dauphin\u00e9 et repris par VeloNews, Alex Baudin (Tudor Pro Cycling Team) va rejoindre AG2R Citro\u00ebn la saison prochaine.\u00a0<\/i><\/b><\/p>\n<p style=\"text-align: justify;\">Avec l&rsquo;\u00e9quipe suisse Tudor Pro Cycling Team, <strong>Alex Baudin<\/strong> vit une ann\u00e9e 2022 exceptionnelle, avec d\u00e9j\u00e0 trois victoires. La natif d&rsquo;Albertville a en effet remport\u00e9 la 2\u00e8me \u00e9tape de l&rsquo;Istrian Spring Trophy, la 3\u00e8me \u00e9tape du <strong>Tour de Bretagne<\/strong> et la 3\u00e8me \u00e9tape du <strong>Tour de la Vall\u00e9e d&rsquo;Aoste<\/strong>. Le jeune grimpeur de 21 ans devrait faire son retour dans la formation de <strong>Vincent Lavenu<\/strong>, un an apr\u00e8s avoir quitt\u00e9 <strong>AG2R Citro\u00ebn U23<\/strong>. Alors qu&rsquo;Alex Baudin rejoindra les rangs de sa nouvelle formation d\u00e9but 2023, <strong>Valentin Retailleau<\/strong> va lui passer professionnel avec AG2R Citro\u00ebn \u00e0 compter du 1er ao\u00fbt.<\/p>\n<blockquote class=\"twitter-tweet\">\n<p dir=\"ltr\" lang=\"en\">&#x1f6a8;Alex Baudin, who has had a great year in U23 races, linked with a move to AG2R for next season.<\/p>\n<p>\u2014 Daniel Benson (@dnlbenson) <a href=\"https:\/\/twitter.com\/dnlbenson\/status\/1552640321833558016?ref_src=twsrc%5Etfw\">July 28, 2022<\/a><\/p><\/blockquote>\n<p><script async src=\"https:\/\/platform.twitter.com\/widgets.js\" charset=\"utf-8\"><\/script><\/p>\n","protected":false},"excerpt":{"rendered":"<p>CYCLISME SUR ROUTE 2022 &#8211; Comme annonc\u00e9 par Le Dauphin\u00e9 et repris par VeloNews, Alex Baudin (Tudor Pro Cycling Team) va rejoindre AG2R Citro\u00ebn la saison prochaine.\u00a0<\/p>\n","protected":false},"author":1,"featured_media":247386,"comment_status":"open","ping_status":"closed","sticky":false,"template":"","format":"standard","meta":{"_acf_changed":false,"_daextam_enable_autolinks":"","footnotes":""},"categories":[46994],"tags":[18662,25370],"class_list":["post-247385","post","type-post","status-publish","format-standard","has-post-thumbnail","hentry","category-cyclisme-sur-route","tag-ag2r-citroen","tag-alex-baudin"],"acf":[],"yoast_head":"<!-- This site is optimized with the Yoast SEO Premium plugin v26.7 (Yoast SEO v26.7) - https:\/\/yoast.com\/wordpress\/plugins\/seo\/ -->\n<title>Mercato : Un espoir fran\u00e7ais va rejoindre AG2R Citro\u00ebn en 2023<\/title>\n<meta name=\"description\" content=\"CYCLISME SUR ROUTE 2022 - Comme annonc\u00e9 par Le Dauphin\u00e9, Alex Baudin (Tudor Pro Cycling Team) va rejoindre AG2R Citro\u00ebn la saison prochaine.\u00a0\" \/>\n<meta name=\"robots\" content=\"index, follow, max-snippet:-1, max-image-preview:large, max-video-preview:-1\" \/>\n<link rel=\"canonical\" href=\"https:\/\/dicodusport.fr\/blog\/mercato-un-espoir-francais-va-rejoindre-ag2r-citroen-en-2023\/\" \/>\n<meta property=\"og:locale\" content=\"fr_FR\" \/>\n<meta property=\"og:type\" content=\"article\" \/>\n<meta property=\"og:title\" content=\"Mercato : Un espoir fran\u00e7ais va rejoindre AG2R Citro\u00ebn en 2023\" \/>\n<meta property=\"og:description\" content=\"CYCLISME SUR ROUTE 2022 - Comme annonc\u00e9 par Le Dauphin\u00e9, Alex Baudin (Tudor Pro Cycling Team) va rejoindre AG2R Citro\u00ebn la saison prochaine.\u00a0\" \/>\n<meta property=\"og:url\" content=\"https:\/\/dicodusport.fr\/blog\/mercato-un-espoir-francais-va-rejoindre-ag2r-citroen-en-2023\/\" \/>\n<meta property=\"og:site_name\" content=\"Dicodusport\" \/>\n<meta property=\"article:publisher\" content=\"https:\/\/www.facebook.com\/dicodusport\" \/>\n<meta property=\"article:author\" content=\"https:\/\/www.facebook.com\/dicodusport\" \/>\n<meta property=\"article:published_time\" content=\"2022-07-29T07:10:34+00:00\" \/>\n<meta property=\"article:modified_time\" content=\"2022-07-31T05:22:30+00:00\" \/>\n<meta property=\"og:image\" content=\"https:\/\/dicodusport.fr\/blog\/wp-content\/uploads\/2022\/07\/Mercato-Un-espoir-franc\u0327ais-va-rejoindre-AG2R-Citroe\u0308n-en-2023.png\" \/>\n\t<meta property=\"og:image:width\" content=\"800\" \/>\n\t<meta property=\"og:image:height\" content=\"445\" \/>\n\t<meta property=\"og:image:type\" content=\"image\/png\" \/>\n<meta name=\"author\" content=\"Nicolas Jacquemard\" \/>\n<meta name=\"twitter:card\" content=\"summary_large_image\" \/>\n<meta name=\"twitter:title\" content=\"Mercato : Un espoir fran\u00e7ais va rejoindre AG2R Citro\u00ebn en 2023\" \/>\n<meta name=\"twitter:creator\" content=\"@https:\/\/twitter.com\/Nico_Jacquemard\" \/>\n<meta name=\"twitter:site\" content=\"@dicodusport\" \/>\n<script type=\"application\/ld+json\" class=\"yoast-schema-graph\">{\"@context\":\"https:\/\/schema.org\",\"@graph\":[{\"@type\":\"NewsArticle\",\"@id\":\"https:\/\/dicodusport.fr\/blog\/mercato-un-espoir-francais-va-rejoindre-ag2r-citroen-en-2023\/#article\",\"isPartOf\":{\"@id\":\"https:\/\/dicodusport.fr\/blog\/mercato-un-espoir-francais-va-rejoindre-ag2r-citroen-en-2023\/\"},\"author\":{\"name\":\"Nicolas Jacquemard\",\"@id\":\"https:\/\/dicodusport.fr\/blog\/#\/schema\/person\/55dcb50ad410894e431ed812bbb70191\"},\"headline\":\"Mercato : Un espoir fran\u00e7ais va rejoindre AG2R Citro\u00ebn en 2023\",\"datePublished\":\"2022-07-29T07:10:34+00:00\",\"dateModified\":\"2022-07-31T05:22:30+00:00\",\"mainEntityOfPage\":{\"@id\":\"https:\/\/dicodusport.fr\/blog\/mercato-un-espoir-francais-va-rejoindre-ag2r-citroen-en-2023\/\"},\"wordCount\":178,\"commentCount\":0,\"publisher\":{\"@id\":\"https:\/\/dicodusport.fr\/blog\/#organization\"},\"image\":{\"@id\":\"https:\/\/dicodusport.fr\/blog\/mercato-un-espoir-francais-va-rejoindre-ag2r-citroen-en-2023\/#primaryimage\"},\"thumbnailUrl\":\"https:\/\/dicodusport.fr\/blog\/wp-content\/uploads\/2022\/07\/Mercato-Un-espoir-franc\u0327ais-va-rejoindre-AG2R-Citroe\u0308n-en-2023.png\",\"keywords\":[\"AG2R-Citro\u00ebn\",\"Alex Baudin\"],\"articleSection\":[\"Cyclisme sur route\"],\"inLanguage\":\"fr-FR\",\"potentialAction\":[{\"@type\":\"CommentAction\",\"name\":\"Comment\",\"target\":[\"https:\/\/dicodusport.fr\/blog\/mercato-un-espoir-francais-va-rejoindre-ag2r-citroen-en-2023\/#respond\"]}],\"copyrightYear\":\"2022\",\"copyrightHolder\":{\"@id\":\"https:\/\/dicodusport.fr\/blog\/#organization\"}},{\"@type\":\"WebPage\",\"@id\":\"https:\/\/dicodusport.fr\/blog\/mercato-un-espoir-francais-va-rejoindre-ag2r-citroen-en-2023\/\",\"url\":\"https:\/\/dicodusport.fr\/blog\/mercato-un-espoir-francais-va-rejoindre-ag2r-citroen-en-2023\/\",\"name\":\"Mercato : Un espoir fran\u00e7ais va rejoindre AG2R Citro\u00ebn en 2023\",\"isPartOf\":{\"@id\":\"https:\/\/dicodusport.fr\/blog\/#website\"},\"primaryImageOfPage\":{\"@id\":\"https:\/\/dicodusport.fr\/blog\/mercato-un-espoir-francais-va-rejoindre-ag2r-citroen-en-2023\/#primaryimage\"},\"image\":{\"@id\":\"https:\/\/dicodusport.fr\/blog\/mercato-un-espoir-francais-va-rejoindre-ag2r-citroen-en-2023\/#primaryimage\"},\"thumbnailUrl\":\"https:\/\/dicodusport.fr\/blog\/wp-content\/uploads\/2022\/07\/Mercato-Un-espoir-franc\u0327ais-va-rejoindre-AG2R-Citroe\u0308n-en-2023.png\",\"datePublished\":\"2022-07-29T07:10:34+00:00\",\"dateModified\":\"2022-07-31T05:22:30+00:00\",\"description\":\"CYCLISME SUR ROUTE 2022 - Comme annonc\u00e9 par Le Dauphin\u00e9, Alex Baudin (Tudor Pro Cycling Team) va rejoindre AG2R Citro\u00ebn la saison prochaine.\u00a0\",\"breadcrumb\":{\"@id\":\"https:\/\/dicodusport.fr\/blog\/mercato-un-espoir-francais-va-rejoindre-ag2r-citroen-en-2023\/#breadcrumb\"},\"inLanguage\":\"fr-FR\",\"potentialAction\":[{\"@type\":\"ReadAction\",\"target\":[\"https:\/\/dicodusport.fr\/blog\/mercato-un-espoir-francais-va-rejoindre-ag2r-citroen-en-2023\/\"]}]},{\"@type\":\"ImageObject\",\"inLanguage\":\"fr-FR\",\"@id\":\"https:\/\/dicodusport.fr\/blog\/mercato-un-espoir-francais-va-rejoindre-ag2r-citroen-en-2023\/#primaryimage\",\"url\":\"https:\/\/dicodusport.fr\/blog\/wp-content\/uploads\/2022\/07\/Mercato-Un-espoir-franc\u0327ais-va-rejoindre-AG2R-Citroe\u0308n-en-2023.png\",\"contentUrl\":\"https:\/\/dicodusport.fr\/blog\/wp-content\/uploads\/2022\/07\/Mercato-Un-espoir-franc\u0327ais-va-rejoindre-AG2R-Citroe\u0308n-en-2023.png\",\"width\":800,\"height\":445},{\"@type\":\"BreadcrumbList\",\"@id\":\"https:\/\/dicodusport.fr\/blog\/mercato-un-espoir-francais-va-rejoindre-ag2r-citroen-en-2023\/#breadcrumb\",\"itemListElement\":[{\"@type\":\"ListItem\",\"position\":1,\"name\":\"Accueil\",\"item\":\"https:\/\/dicodusport.fr\/blog\/\"},{\"@type\":\"ListItem\",\"position\":2,\"name\":\"Mercato : Un espoir fran\u00e7ais va rejoindre AG2R Citro\u00ebn en 2023\"}]},{\"@type\":\"WebSite\",\"@id\":\"https:\/\/dicodusport.fr\/blog\/#website\",\"url\":\"https:\/\/dicodusport.fr\/blog\/\",\"name\":\"Dicodusport\",\"description\":\"L&#039;encyclop\u00e9die de l&#039;actualit\u00e9 sportive\",\"publisher\":{\"@id\":\"https:\/\/dicodusport.fr\/blog\/#organization\"},\"potentialAction\":[{\"@type\":\"SearchAction\",\"target\":{\"@type\":\"EntryPoint\",\"urlTemplate\":\"https:\/\/dicodusport.fr\/blog\/?s={search_term_string}\"},\"query-input\":{\"@type\":\"PropertyValueSpecification\",\"valueRequired\":true,\"valueName\":\"search_term_string\"}}],\"inLanguage\":\"fr-FR\"},{\"@type\":\"NewsMediaOrganization\",\"@id\":\"https:\/\/dicodusport.fr\/blog\/#organization\",\"name\":\"Dicodusport\",\"url\":\"https:\/\/dicodusport.fr\/blog\/\",\"logo\":{\"@type\":\"ImageObject\",\"inLanguage\":\"fr-FR\",\"@id\":\"https:\/\/dicodusport.fr\/blog\/#\/schema\/logo\/image\/\",\"url\":\"https:\/\/dicodusport.fr\/blog\/wp-content\/uploads\/2020\/06\/cropped-LOGO-DICODUSPORT-2020-SANS-FOND-SANS-TEXTE.png\",\"contentUrl\":\"https:\/\/dicodusport.fr\/blog\/wp-content\/uploads\/2020\/06\/cropped-LOGO-DICODUSPORT-2020-SANS-FOND-SANS-TEXTE.png\",\"width\":512,\"height\":512,\"caption\":\"Dicodusport\"},\"image\":{\"@id\":\"https:\/\/dicodusport.fr\/blog\/#\/schema\/logo\/image\/\"},\"sameAs\":[\"https:\/\/www.facebook.com\/dicodusport\",\"https:\/\/x.com\/dicodusport\",\"https:\/\/www.instagram.com\/dicodusport\/\",\"https:\/\/www.youtube.com\/channel\/UC7V2KZ5sd3htJivAbA4ZG3w\"],\"description\":\"Dicodusport est l'encyclop\u00e9die de l'actualit\u00e9 sportive.\",\"email\":\"bonjour@dicodusport.fr\",\"legalName\":\"DICODUSPORT\",\"foundingDate\":\"2018-01-14\",\"vatID\":\"FR71834470973\",\"taxID\":\"83447097300043\",\"numberOfEmployees\":{\"@type\":\"QuantitativeValue\",\"minValue\":\"1\",\"maxValue\":\"10\"}},{\"@type\":\"Person\",\"@id\":\"https:\/\/dicodusport.fr\/blog\/#\/schema\/person\/55dcb50ad410894e431ed812bbb70191\",\"name\":\"Nicolas Jacquemard\",\"image\":{\"@type\":\"ImageObject\",\"inLanguage\":\"fr-FR\",\"@id\":\"https:\/\/dicodusport.fr\/blog\/#\/schema\/person\/image\/\",\"url\":\"https:\/\/dicodusport.fr\/blog\/wp-content\/uploads\/2021\/05\/Nicolas-Jacquemard-150x150.jpeg\",\"contentUrl\":\"https:\/\/dicodusport.fr\/blog\/wp-content\/uploads\/2021\/05\/Nicolas-Jacquemard-150x150.jpeg\",\"caption\":\"Nicolas Jacquemard\"},\"description\":\"Passionn\u00e9 de sport et entrepreneur depuis mes 18 ans, la cr\u00e9ation de Dicodusport m'a sembl\u00e9 \u00e9vidente pour participer \u00e0 la m\u00e9diatisation d'un plus grand nombre de sports. Le chemin est long mais avec une \u00e9quipe des plus motiv\u00e9es et les Jeux Olympiques de Paris 2024 en point de mire, nous y arriverons ! Journaliste dans le monde du sport depuis plus de 5 ans, je traite aussi bien de football, de rugby, de biathlon que de cyclisme.\",\"sameAs\":[\"https:\/\/www.facebook.com\/dicodusport\",\"https:\/\/x.com\/https:\/\/twitter.com\/Nico_Jacquemard\"],\"url\":\"https:\/\/dicodusport.fr\/blog\/author\/dicodusport\/\"}]}<\/script>\n<!-- \/ Yoast SEO Premium plugin. -->","yoast_head_json":{"title":"Mercato : Un espoir fran\u00e7ais va rejoindre AG2R Citro\u00ebn en 2023","description":"CYCLISME SUR ROUTE 2022 - Comme annonc\u00e9 par Le Dauphin\u00e9, Alex Baudin (Tudor Pro Cycling Team) va rejoindre AG2R Citro\u00ebn la saison prochaine.\u00a0","robots":{"index":"index","follow":"follow","max-snippet":"max-snippet:-1","max-image-preview":"max-image-preview:large","max-video-preview":"max-video-preview:-1"},"canonical":"https:\/\/dicodusport.fr\/blog\/mercato-un-espoir-francais-va-rejoindre-ag2r-citroen-en-2023\/","og_locale":"fr_FR","og_type":"article","og_title":"Mercato : Un espoir fran\u00e7ais va rejoindre AG2R Citro\u00ebn en 2023","og_description":"CYCLISME SUR ROUTE 2022 - Comme annonc\u00e9 par Le Dauphin\u00e9, Alex Baudin (Tudor Pro Cycling Team) va rejoindre AG2R Citro\u00ebn la saison prochaine.\u00a0","og_url":"https:\/\/dicodusport.fr\/blog\/mercato-un-espoir-francais-va-rejoindre-ag2r-citroen-en-2023\/","og_site_name":"Dicodusport","article_publisher":"https:\/\/www.facebook.com\/dicodusport","article_author":"https:\/\/www.facebook.com\/dicodusport","article_published_time":"2022-07-29T07:10:34+00:00","article_modified_time":"2022-07-31T05:22:30+00:00","og_image":[{"width":800,"height":445,"url":"https:\/\/dicodusport.fr\/blog\/wp-content\/uploads\/2022\/07\/Mercato-Un-espoir-franc\u0327ais-va-rejoindre-AG2R-Citroe\u0308n-en-2023.png","type":"image\/png"}],"author":"Nicolas Jacquemard","twitter_card":"summary_large_image","twitter_title":"Mercato : Un espoir fran\u00e7ais va rejoindre AG2R Citro\u00ebn en 2023","twitter_creator":"@https:\/\/twitter.com\/Nico_Jacquemard","twitter_site":"@dicodusport","schema":{"@context":"https:\/\/schema.org","@graph":[{"@type":"NewsArticle","@id":"https:\/\/dicodusport.fr\/blog\/mercato-un-espoir-francais-va-rejoindre-ag2r-citroen-en-2023\/#article","isPartOf":{"@id":"https:\/\/dicodusport.fr\/blog\/mercato-un-espoir-francais-va-rejoindre-ag2r-citroen-en-2023\/"},"author":{"name":"Nicolas Jacquemard","@id":"https:\/\/dicodusport.fr\/blog\/#\/schema\/person\/55dcb50ad410894e431ed812bbb70191"},"headline":"Mercato : Un espoir fran\u00e7ais va rejoindre AG2R Citro\u00ebn en 2023","datePublished":"2022-07-29T07:10:34+00:00","dateModified":"2022-07-31T05:22:30+00:00","mainEntityOfPage":{"@id":"https:\/\/dicodusport.fr\/blog\/mercato-un-espoir-francais-va-rejoindre-ag2r-citroen-en-2023\/"},"wordCount":178,"commentCount":0,"publisher":{"@id":"https:\/\/dicodusport.fr\/blog\/#organization"},"image":{"@id":"https:\/\/dicodusport.fr\/blog\/mercato-un-espoir-francais-va-rejoindre-ag2r-citroen-en-2023\/#primaryimage"},"thumbnailUrl":"https:\/\/dicodusport.fr\/blog\/wp-content\/uploads\/2022\/07\/Mercato-Un-espoir-franc\u0327ais-va-rejoindre-AG2R-Citroe\u0308n-en-2023.png","keywords":["AG2R-Citro\u00ebn","Alex Baudin"],"articleSection":["Cyclisme sur route"],"inLanguage":"fr-FR","potentialAction":[{"@type":"CommentAction","name":"Comment","target":["https:\/\/dicodusport.fr\/blog\/mercato-un-espoir-francais-va-rejoindre-ag2r-citroen-en-2023\/#respond"]}],"copyrightYear":"2022","copyrightHolder":{"@id":"https:\/\/dicodusport.fr\/blog\/#organization"}},{"@type":"WebPage","@id":"https:\/\/dicodusport.fr\/blog\/mercato-un-espoir-francais-va-rejoindre-ag2r-citroen-en-2023\/","url":"https:\/\/dicodusport.fr\/blog\/mercato-un-espoir-francais-va-rejoindre-ag2r-citroen-en-2023\/","name":"Mercato : Un espoir fran\u00e7ais va rejoindre AG2R Citro\u00ebn en 2023","isPartOf":{"@id":"https:\/\/dicodusport.fr\/blog\/#website"},"primaryImageOfPage":{"@id":"https:\/\/dicodusport.fr\/blog\/mercato-un-espoir-francais-va-rejoindre-ag2r-citroen-en-2023\/#primaryimage"},"image":{"@id":"https:\/\/dicodusport.fr\/blog\/mercato-un-espoir-francais-va-rejoindre-ag2r-citroen-en-2023\/#primaryimage"},"thumbnailUrl":"https:\/\/dicodusport.fr\/blog\/wp-content\/uploads\/2022\/07\/Mercato-Un-espoir-franc\u0327ais-va-rejoindre-AG2R-Citroe\u0308n-en-2023.png","datePublished":"2022-07-29T07:10:34+00:00","dateModified":"2022-07-31T05:22:30+00:00","description":"CYCLISME SUR ROUTE 2022 - Comme annonc\u00e9 par Le Dauphin\u00e9, Alex Baudin (Tudor Pro Cycling Team) va rejoindre AG2R Citro\u00ebn la saison prochaine.\u00a0","breadcrumb":{"@id":"https:\/\/dicodusport.fr\/blog\/mercato-un-espoir-francais-va-rejoindre-ag2r-citroen-en-2023\/#breadcrumb"},"inLanguage":"fr-FR","potentialAction":[{"@type":"ReadAction","target":["https:\/\/dicodusport.fr\/blog\/mercato-un-espoir-francais-va-rejoindre-ag2r-citroen-en-2023\/"]}]},{"@type":"ImageObject","inLanguage":"fr-FR","@id":"https:\/\/dicodusport.fr\/blog\/mercato-un-espoir-francais-va-rejoindre-ag2r-citroen-en-2023\/#primaryimage","url":"https:\/\/dicodusport.fr\/blog\/wp-content\/uploads\/2022\/07\/Mercato-Un-espoir-franc\u0327ais-va-rejoindre-AG2R-Citroe\u0308n-en-2023.png","contentUrl":"https:\/\/dicodusport.fr\/blog\/wp-content\/uploads\/2022\/07\/Mercato-Un-espoir-franc\u0327ais-va-rejoindre-AG2R-Citroe\u0308n-en-2023.png","width":800,"height":445},{"@type":"BreadcrumbList","@id":"https:\/\/dicodusport.fr\/blog\/mercato-un-espoir-francais-va-rejoindre-ag2r-citroen-en-2023\/#breadcrumb","itemListElement":[{"@type":"ListItem","position":1,"name":"Accueil","item":"https:\/\/dicodusport.fr\/blog\/"},{"@type":"ListItem","position":2,"name":"Mercato : Un espoir fran\u00e7ais va rejoindre AG2R Citro\u00ebn en 2023"}]},{"@type":"WebSite","@id":"https:\/\/dicodusport.fr\/blog\/#website","url":"https:\/\/dicodusport.fr\/blog\/","name":"Dicodusport","description":"L&#039;encyclop\u00e9die de l&#039;actualit\u00e9 sportive","publisher":{"@id":"https:\/\/dicodusport.fr\/blog\/#organization"},"potentialAction":[{"@type":"SearchAction","target":{"@type":"EntryPoint","urlTemplate":"https:\/\/dicodusport.fr\/blog\/?s={search_term_string}"},"query-input":{"@type":"PropertyValueSpecification","valueRequired":true,"valueName":"search_term_string"}}],"inLanguage":"fr-FR"},{"@type":"NewsMediaOrganization","@id":"https:\/\/dicodusport.fr\/blog\/#organization","name":"Dicodusport","url":"https:\/\/dicodusport.fr\/blog\/","logo":{"@type":"ImageObject","inLanguage":"fr-FR","@id":"https:\/\/dicodusport.fr\/blog\/#\/schema\/logo\/image\/","url":"https:\/\/dicodusport.fr\/blog\/wp-content\/uploads\/2020\/06\/cropped-LOGO-DICODUSPORT-2020-SANS-FOND-SANS-TEXTE.png","contentUrl":"https:\/\/dicodusport.fr\/blog\/wp-content\/uploads\/2020\/06\/cropped-LOGO-DICODUSPORT-2020-SANS-FOND-SANS-TEXTE.png","width":512,"height":512,"caption":"Dicodusport"},"image":{"@id":"https:\/\/dicodusport.fr\/blog\/#\/schema\/logo\/image\/"},"sameAs":["https:\/\/www.facebook.com\/dicodusport","https:\/\/x.com\/dicodusport","https:\/\/www.instagram.com\/dicodusport\/","https:\/\/www.youtube.com\/channel\/UC7V2KZ5sd3htJivAbA4ZG3w"],"description":"Dicodusport est l'encyclop\u00e9die de l'actualit\u00e9 sportive.","email":"bonjour@dicodusport.fr","legalName":"DICODUSPORT","foundingDate":"2018-01-14","vatID":"FR71834470973","taxID":"83447097300043","numberOfEmployees":{"@type":"QuantitativeValue","minValue":"1","maxValue":"10"}},{"@type":"Person","@id":"https:\/\/dicodusport.fr\/blog\/#\/schema\/person\/55dcb50ad410894e431ed812bbb70191","name":"Nicolas Jacquemard","image":{"@type":"ImageObject","inLanguage":"fr-FR","@id":"https:\/\/dicodusport.fr\/blog\/#\/schema\/person\/image\/","url":"https:\/\/dicodusport.fr\/blog\/wp-content\/uploads\/2021\/05\/Nicolas-Jacquemard-150x150.jpeg","contentUrl":"https:\/\/dicodusport.fr\/blog\/wp-content\/uploads\/2021\/05\/Nicolas-Jacquemard-150x150.jpeg","caption":"Nicolas Jacquemard"},"description":"Passionn\u00e9 de sport et entrepreneur depuis mes 18 ans, la cr\u00e9ation de Dicodusport m'a sembl\u00e9 \u00e9vidente pour participer \u00e0 la m\u00e9diatisation d'un plus grand nombre de sports. Le chemin est long mais avec une \u00e9quipe des plus motiv\u00e9es et les Jeux Olympiques de Paris 2024 en point de mire, nous y arriverons ! Journaliste dans le monde du sport depuis plus de 5 ans, je traite aussi bien de football, de rugby, de biathlon que de cyclisme.","sameAs":["https:\/\/www.facebook.com\/dicodusport","https:\/\/x.com\/https:\/\/twitter.com\/Nico_Jacquemard"],"url":"https:\/\/dicodusport.fr\/blog\/author\/dicodusport\/"}]}},"_links":{"self":[{"href":"https:\/\/dicodusport.fr\/blog\/wp-json\/wp\/v2\/posts\/247385","targetHints":{"allow":["GET"]}}],"collection":[{"href":"https:\/\/dicodusport.fr\/blog\/wp-json\/wp\/v2\/posts"}],"about":[{"href":"https:\/\/dicodusport.fr\/blog\/wp-json\/wp\/v2\/types\/post"}],"author":[{"embeddable":true,"href":"https:\/\/dicodusport.fr\/blog\/wp-json\/wp\/v2\/users\/1"}],"replies":[{"embeddable":true,"href":"https:\/\/dicodusport.fr\/blog\/wp-json\/wp\/v2\/comments?post=247385"}],"version-history":[{"count":0,"href":"https:\/\/dicodusport.fr\/blog\/wp-json\/wp\/v2\/posts\/247385\/revisions"}],"wp:featuredmedia":[{"embeddable":true,"href":"https:\/\/dicodusport.fr\/blog\/wp-json\/wp\/v2\/media\/247386"}],"wp:attachment":[{"href":"https:\/\/dicodusport.fr\/blog\/wp-json\/wp\/v2\/media?parent=247385"}],"wp:term":[{"taxonomy":"category","embeddable":true,"href":"https:\/\/dicodusport.fr\/blog\/wp-json\/wp\/v2\/categories?post=247385"},{"taxonomy":"post_tag","embeddable":true,"href":"https:\/\/dicodusport.fr\/blog\/wp-json\/wp\/v2\/tags?post=247385"}],"curies":[{"name":"wp","href":"https:\/\/api.w.org\/{rel}","templated":true}]}}