{"id":247645,"date":"2022-07-30T12:49:03","date_gmt":"2022-07-30T10:49:03","guid":{"rendered":"https:\/\/dicodusport.fr\/blog\/?p=247645&#038;preview=true&#038;preview_id=247645"},"modified":"2022-07-30T13:00:00","modified_gmt":"2022-07-30T11:00:00","slug":"mercato-stade-rennais-rennes-pense-aussi-a-amine-gouiri","status":"publish","type":"post","link":"https:\/\/dicodusport.fr\/blog\/mercato-stade-rennais-rennes-pense-aussi-a-amine-gouiri\/","title":{"rendered":"Mercato Stade Rennais : Rennes pense aussi \u00e0 Amine Gouiri"},"content":{"rendered":"<p style=\"text-align: justify;\"><b><i>LIGUE 1 2022-2023 &#8211; Selon nos confr\u00e8res de L&rsquo;\u00c9quipe, le Stade Rennais pense \u00e0 recruter Amine Gouri pour renforcer son attaque.\u00a0<\/i><\/b><\/p>\n<p style=\"text-align: justify;\"><strong>Arnaud Kalimuendo<\/strong> est la priorit\u00e9 rennaise pour ce mercato. Mais le dossier n&rsquo;est pas simple et co\u00fbteux. <strong>Leeds<\/strong> et <strong>Nice<\/strong> sont aussi sur le jeune attaquant fran\u00e7ais, et le <strong>PSG<\/strong> en r\u00e9clamerait maintenant au moins 25 millions d&rsquo;euros. L&rsquo;\u00e9tat-major rennais \u00e9tudie donc d&rsquo;autres pistes et a pens\u00e9 \u00e0 <strong>Amine Gouri<\/strong>. L&rsquo;attaquant ni\u00e7ois attend toujours une revalorisation salariale qui tarde, mais l\u00e0 aussi, le dossier est complexe. Pour racheter les deux ann\u00e9es de contrat restantes, l&rsquo;<strong>OGC Nice<\/strong> voudrait r\u00e9cup\u00e9rer pas moins de 40 millions d&rsquo;euros. Les Aiglons aimeraient aussi le vendre \u00e0 l&rsquo;\u00e9tranger s&rsquo;il devait venir \u00e0 partir. Le <strong>Borussia Dortmund<\/strong> suivrait l&rsquo;ancien Lyonnais de pr\u00e8s.<\/p>\n<blockquote class=\"twitter-tweet\">\n<p dir=\"ltr\" lang=\"zxx\"><a href=\"https:\/\/t.co\/mEGFMzaoML\">https:\/\/t.co\/mEGFMzaoML<\/a><\/p>\n<p>\u2014 Actu Foot (@ActuFoot_) <a href=\"https:\/\/twitter.com\/ActuFoot_\/status\/1553292204759826433?ref_src=twsrc%5Etfw\">July 30, 2022<\/a><\/p><\/blockquote>\n<p><script async src=\"https:\/\/platform.twitter.com\/widgets.js\" charset=\"utf-8\"><\/script><\/p>\n<ul>\n<li style=\"text-align: justify;\"><strong>\u00c0 lire aussi &#8211; <a href=\"https:\/\/dicodusport.fr\/blog\/mercato-rennes-tableau-des-transferts-2022-2023\/\">Le tableau du mercato du Stade Rennais<\/a><\/strong><\/li>\n<\/ul>\n","protected":false},"excerpt":{"rendered":"<p>LIGUE 1 2022-2023 &#8211; Selon nos confr\u00e8res de L&rsquo;\u00c9quipe, le Stade Rennais pense \u00e0 recruter Amine Gouri pour renforcer son attaque.\u00a0<\/p>\n","protected":false},"author":1,"featured_media":247649,"comment_status":"open","ping_status":"closed","sticky":false,"template":"","format":"standard","meta":{"_acf_changed":false,"_daextam_enable_autolinks":"","footnotes":""},"categories":[2301,47045],"tags":[5628,75,460,1840],"class_list":["post-247645","post","type-post","status-publish","format-standard","has-post-thumbnail","hentry","category-football","category-ligue-1","tag-amine-gouiri","tag-football","tag-nice","tag-rennes"],"acf":[],"yoast_head":"<!-- This site is optimized with the Yoast SEO Premium plugin v26.7 (Yoast SEO v26.7) - https:\/\/yoast.com\/wordpress\/plugins\/seo\/ -->\n<title>Mercato Stade Rennais : Rennes pense aussi \u00e0 Amine Gouiri<\/title>\n<meta name=\"description\" content=\"LIGUE 1 2022-2023 - Selon nos confr\u00e8res de L&#039;\u00c9quipe, le Stade Rennais pense \u00e0 recruter Amine Gouri pour renforcer son attaque.\u00a0\" \/>\n<meta name=\"robots\" content=\"index, follow, max-snippet:-1, max-image-preview:large, max-video-preview:-1\" \/>\n<link rel=\"canonical\" href=\"https:\/\/dicodusport.fr\/blog\/mercato-stade-rennais-rennes-pense-aussi-a-amine-gouiri\/\" \/>\n<meta property=\"og:locale\" content=\"fr_FR\" \/>\n<meta property=\"og:type\" content=\"article\" \/>\n<meta property=\"og:title\" content=\"Mercato Stade Rennais : Rennes pense aussi \u00e0 Amine Gouiri\" \/>\n<meta property=\"og:description\" content=\"LIGUE 1 2022-2023 - Selon nos confr\u00e8res de L&#039;\u00c9quipe, le Stade Rennais pense \u00e0 recruter Amine Gouri pour renforcer son attaque.\u00a0\" \/>\n<meta property=\"og:url\" content=\"https:\/\/dicodusport.fr\/blog\/mercato-stade-rennais-rennes-pense-aussi-a-amine-gouiri\/\" \/>\n<meta property=\"og:site_name\" content=\"Dicodusport\" \/>\n<meta property=\"article:publisher\" content=\"https:\/\/www.facebook.com\/dicodusport\" \/>\n<meta property=\"article:author\" content=\"https:\/\/www.facebook.com\/dicodusport\" \/>\n<meta property=\"article:published_time\" content=\"2022-07-30T10:49:03+00:00\" \/>\n<meta property=\"article:modified_time\" content=\"2022-07-30T11:00:00+00:00\" \/>\n<meta property=\"og:image\" content=\"https:\/\/dicodusport.fr\/blog\/wp-content\/uploads\/2022\/07\/Mercato-Stade-Rennais-Rennes-pense-aussi-a\u0300-Amine-Gouiri.png\" \/>\n\t<meta property=\"og:image:width\" content=\"800\" \/>\n\t<meta property=\"og:image:height\" content=\"445\" \/>\n\t<meta property=\"og:image:type\" content=\"image\/png\" \/>\n<meta name=\"author\" content=\"Nicolas Jacquemard\" \/>\n<meta name=\"twitter:card\" content=\"summary_large_image\" \/>\n<meta name=\"twitter:title\" content=\"Mercato Stade Rennais : Rennes pense aussi \u00e0 Amine Gouiri\" \/>\n<meta name=\"twitter:creator\" content=\"@https:\/\/twitter.com\/Nico_Jacquemard\" \/>\n<meta name=\"twitter:site\" content=\"@dicodusport\" \/>\n<script type=\"application\/ld+json\" class=\"yoast-schema-graph\">{\"@context\":\"https:\/\/schema.org\",\"@graph\":[{\"@type\":\"NewsArticle\",\"@id\":\"https:\/\/dicodusport.fr\/blog\/mercato-stade-rennais-rennes-pense-aussi-a-amine-gouiri\/#article\",\"isPartOf\":{\"@id\":\"https:\/\/dicodusport.fr\/blog\/mercato-stade-rennais-rennes-pense-aussi-a-amine-gouiri\/\"},\"author\":{\"name\":\"Nicolas Jacquemard\",\"@id\":\"https:\/\/dicodusport.fr\/blog\/#\/schema\/person\/55dcb50ad410894e431ed812bbb70191\"},\"headline\":\"Mercato Stade Rennais : Rennes pense aussi \u00e0 Amine Gouiri\",\"datePublished\":\"2022-07-30T10:49:03+00:00\",\"dateModified\":\"2022-07-30T11:00:00+00:00\",\"mainEntityOfPage\":{\"@id\":\"https:\/\/dicodusport.fr\/blog\/mercato-stade-rennais-rennes-pense-aussi-a-amine-gouiri\/\"},\"wordCount\":165,\"commentCount\":0,\"publisher\":{\"@id\":\"https:\/\/dicodusport.fr\/blog\/#organization\"},\"image\":{\"@id\":\"https:\/\/dicodusport.fr\/blog\/mercato-stade-rennais-rennes-pense-aussi-a-amine-gouiri\/#primaryimage\"},\"thumbnailUrl\":\"https:\/\/dicodusport.fr\/blog\/wp-content\/uploads\/2022\/07\/Mercato-Stade-Rennais-Rennes-pense-aussi-a\u0300-Amine-Gouiri.png\",\"keywords\":[\"Amine Gouiri\",\"Football\",\"Nice\",\"Rennes\"],\"articleSection\":[\"Football\",\"Ligue 1\"],\"inLanguage\":\"fr-FR\",\"potentialAction\":[{\"@type\":\"CommentAction\",\"name\":\"Comment\",\"target\":[\"https:\/\/dicodusport.fr\/blog\/mercato-stade-rennais-rennes-pense-aussi-a-amine-gouiri\/#respond\"]}],\"copyrightYear\":\"2022\",\"copyrightHolder\":{\"@id\":\"https:\/\/dicodusport.fr\/blog\/#organization\"}},{\"@type\":\"WebPage\",\"@id\":\"https:\/\/dicodusport.fr\/blog\/mercato-stade-rennais-rennes-pense-aussi-a-amine-gouiri\/\",\"url\":\"https:\/\/dicodusport.fr\/blog\/mercato-stade-rennais-rennes-pense-aussi-a-amine-gouiri\/\",\"name\":\"Mercato Stade Rennais : Rennes pense aussi \u00e0 Amine Gouiri\",\"isPartOf\":{\"@id\":\"https:\/\/dicodusport.fr\/blog\/#website\"},\"primaryImageOfPage\":{\"@id\":\"https:\/\/dicodusport.fr\/blog\/mercato-stade-rennais-rennes-pense-aussi-a-amine-gouiri\/#primaryimage\"},\"image\":{\"@id\":\"https:\/\/dicodusport.fr\/blog\/mercato-stade-rennais-rennes-pense-aussi-a-amine-gouiri\/#primaryimage\"},\"thumbnailUrl\":\"https:\/\/dicodusport.fr\/blog\/wp-content\/uploads\/2022\/07\/Mercato-Stade-Rennais-Rennes-pense-aussi-a\u0300-Amine-Gouiri.png\",\"datePublished\":\"2022-07-30T10:49:03+00:00\",\"dateModified\":\"2022-07-30T11:00:00+00:00\",\"description\":\"LIGUE 1 2022-2023 - Selon nos confr\u00e8res de L'\u00c9quipe, le Stade Rennais pense \u00e0 recruter Amine Gouri pour renforcer son attaque.\u00a0\",\"breadcrumb\":{\"@id\":\"https:\/\/dicodusport.fr\/blog\/mercato-stade-rennais-rennes-pense-aussi-a-amine-gouiri\/#breadcrumb\"},\"inLanguage\":\"fr-FR\",\"potentialAction\":[{\"@type\":\"ReadAction\",\"target\":[\"https:\/\/dicodusport.fr\/blog\/mercato-stade-rennais-rennes-pense-aussi-a-amine-gouiri\/\"]}]},{\"@type\":\"ImageObject\",\"inLanguage\":\"fr-FR\",\"@id\":\"https:\/\/dicodusport.fr\/blog\/mercato-stade-rennais-rennes-pense-aussi-a-amine-gouiri\/#primaryimage\",\"url\":\"https:\/\/dicodusport.fr\/blog\/wp-content\/uploads\/2022\/07\/Mercato-Stade-Rennais-Rennes-pense-aussi-a\u0300-Amine-Gouiri.png\",\"contentUrl\":\"https:\/\/dicodusport.fr\/blog\/wp-content\/uploads\/2022\/07\/Mercato-Stade-Rennais-Rennes-pense-aussi-a\u0300-Amine-Gouiri.png\",\"width\":800,\"height\":445},{\"@type\":\"BreadcrumbList\",\"@id\":\"https:\/\/dicodusport.fr\/blog\/mercato-stade-rennais-rennes-pense-aussi-a-amine-gouiri\/#breadcrumb\",\"itemListElement\":[{\"@type\":\"ListItem\",\"position\":1,\"name\":\"Accueil\",\"item\":\"https:\/\/dicodusport.fr\/blog\/\"},{\"@type\":\"ListItem\",\"position\":2,\"name\":\"Mercato Stade Rennais : Rennes pense aussi \u00e0 Amine Gouiri\"}]},{\"@type\":\"WebSite\",\"@id\":\"https:\/\/dicodusport.fr\/blog\/#website\",\"url\":\"https:\/\/dicodusport.fr\/blog\/\",\"name\":\"Dicodusport\",\"description\":\"L&#039;encyclop\u00e9die de l&#039;actualit\u00e9 sportive\",\"publisher\":{\"@id\":\"https:\/\/dicodusport.fr\/blog\/#organization\"},\"potentialAction\":[{\"@type\":\"SearchAction\",\"target\":{\"@type\":\"EntryPoint\",\"urlTemplate\":\"https:\/\/dicodusport.fr\/blog\/?s={search_term_string}\"},\"query-input\":{\"@type\":\"PropertyValueSpecification\",\"valueRequired\":true,\"valueName\":\"search_term_string\"}}],\"inLanguage\":\"fr-FR\"},{\"@type\":\"NewsMediaOrganization\",\"@id\":\"https:\/\/dicodusport.fr\/blog\/#organization\",\"name\":\"Dicodusport\",\"url\":\"https:\/\/dicodusport.fr\/blog\/\",\"logo\":{\"@type\":\"ImageObject\",\"inLanguage\":\"fr-FR\",\"@id\":\"https:\/\/dicodusport.fr\/blog\/#\/schema\/logo\/image\/\",\"url\":\"https:\/\/dicodusport.fr\/blog\/wp-content\/uploads\/2020\/06\/cropped-LOGO-DICODUSPORT-2020-SANS-FOND-SANS-TEXTE.png\",\"contentUrl\":\"https:\/\/dicodusport.fr\/blog\/wp-content\/uploads\/2020\/06\/cropped-LOGO-DICODUSPORT-2020-SANS-FOND-SANS-TEXTE.png\",\"width\":512,\"height\":512,\"caption\":\"Dicodusport\"},\"image\":{\"@id\":\"https:\/\/dicodusport.fr\/blog\/#\/schema\/logo\/image\/\"},\"sameAs\":[\"https:\/\/www.facebook.com\/dicodusport\",\"https:\/\/x.com\/dicodusport\",\"https:\/\/www.instagram.com\/dicodusport\/\",\"https:\/\/www.youtube.com\/channel\/UC7V2KZ5sd3htJivAbA4ZG3w\"],\"description\":\"Dicodusport est l'encyclop\u00e9die de l'actualit\u00e9 sportive.\",\"email\":\"bonjour@dicodusport.fr\",\"legalName\":\"DICODUSPORT\",\"foundingDate\":\"2018-01-14\",\"vatID\":\"FR71834470973\",\"taxID\":\"83447097300043\",\"numberOfEmployees\":{\"@type\":\"QuantitativeValue\",\"minValue\":\"1\",\"maxValue\":\"10\"}},{\"@type\":\"Person\",\"@id\":\"https:\/\/dicodusport.fr\/blog\/#\/schema\/person\/55dcb50ad410894e431ed812bbb70191\",\"name\":\"Nicolas Jacquemard\",\"image\":{\"@type\":\"ImageObject\",\"inLanguage\":\"fr-FR\",\"@id\":\"https:\/\/dicodusport.fr\/blog\/#\/schema\/person\/image\/\",\"url\":\"https:\/\/dicodusport.fr\/blog\/wp-content\/uploads\/2021\/05\/Nicolas-Jacquemard-150x150.jpeg\",\"contentUrl\":\"https:\/\/dicodusport.fr\/blog\/wp-content\/uploads\/2021\/05\/Nicolas-Jacquemard-150x150.jpeg\",\"caption\":\"Nicolas Jacquemard\"},\"description\":\"Passionn\u00e9 de sport et entrepreneur depuis mes 18 ans, la cr\u00e9ation de Dicodusport m'a sembl\u00e9 \u00e9vidente pour participer \u00e0 la m\u00e9diatisation d'un plus grand nombre de sports. Le chemin est long mais avec une \u00e9quipe des plus motiv\u00e9es et les Jeux Olympiques de Paris 2024 en point de mire, nous y arriverons ! Journaliste dans le monde du sport depuis plus de 5 ans, je traite aussi bien de football, de rugby, de biathlon que de cyclisme.\",\"sameAs\":[\"https:\/\/www.facebook.com\/dicodusport\",\"https:\/\/x.com\/https:\/\/twitter.com\/Nico_Jacquemard\"],\"url\":\"https:\/\/dicodusport.fr\/blog\/author\/dicodusport\/\"}]}<\/script>\n<!-- \/ Yoast SEO Premium plugin. -->","yoast_head_json":{"title":"Mercato Stade Rennais : Rennes pense aussi \u00e0 Amine Gouiri","description":"LIGUE 1 2022-2023 - Selon nos confr\u00e8res de L'\u00c9quipe, le Stade Rennais pense \u00e0 recruter Amine Gouri pour renforcer son attaque.\u00a0","robots":{"index":"index","follow":"follow","max-snippet":"max-snippet:-1","max-image-preview":"max-image-preview:large","max-video-preview":"max-video-preview:-1"},"canonical":"https:\/\/dicodusport.fr\/blog\/mercato-stade-rennais-rennes-pense-aussi-a-amine-gouiri\/","og_locale":"fr_FR","og_type":"article","og_title":"Mercato Stade Rennais : Rennes pense aussi \u00e0 Amine Gouiri","og_description":"LIGUE 1 2022-2023 - Selon nos confr\u00e8res de L'\u00c9quipe, le Stade Rennais pense \u00e0 recruter Amine Gouri pour renforcer son attaque.\u00a0","og_url":"https:\/\/dicodusport.fr\/blog\/mercato-stade-rennais-rennes-pense-aussi-a-amine-gouiri\/","og_site_name":"Dicodusport","article_publisher":"https:\/\/www.facebook.com\/dicodusport","article_author":"https:\/\/www.facebook.com\/dicodusport","article_published_time":"2022-07-30T10:49:03+00:00","article_modified_time":"2022-07-30T11:00:00+00:00","og_image":[{"width":800,"height":445,"url":"https:\/\/dicodusport.fr\/blog\/wp-content\/uploads\/2022\/07\/Mercato-Stade-Rennais-Rennes-pense-aussi-a\u0300-Amine-Gouiri.png","type":"image\/png"}],"author":"Nicolas Jacquemard","twitter_card":"summary_large_image","twitter_title":"Mercato Stade Rennais : Rennes pense aussi \u00e0 Amine Gouiri","twitter_creator":"@https:\/\/twitter.com\/Nico_Jacquemard","twitter_site":"@dicodusport","schema":{"@context":"https:\/\/schema.org","@graph":[{"@type":"NewsArticle","@id":"https:\/\/dicodusport.fr\/blog\/mercato-stade-rennais-rennes-pense-aussi-a-amine-gouiri\/#article","isPartOf":{"@id":"https:\/\/dicodusport.fr\/blog\/mercato-stade-rennais-rennes-pense-aussi-a-amine-gouiri\/"},"author":{"name":"Nicolas Jacquemard","@id":"https:\/\/dicodusport.fr\/blog\/#\/schema\/person\/55dcb50ad410894e431ed812bbb70191"},"headline":"Mercato Stade Rennais : Rennes pense aussi \u00e0 Amine Gouiri","datePublished":"2022-07-30T10:49:03+00:00","dateModified":"2022-07-30T11:00:00+00:00","mainEntityOfPage":{"@id":"https:\/\/dicodusport.fr\/blog\/mercato-stade-rennais-rennes-pense-aussi-a-amine-gouiri\/"},"wordCount":165,"commentCount":0,"publisher":{"@id":"https:\/\/dicodusport.fr\/blog\/#organization"},"image":{"@id":"https:\/\/dicodusport.fr\/blog\/mercato-stade-rennais-rennes-pense-aussi-a-amine-gouiri\/#primaryimage"},"thumbnailUrl":"https:\/\/dicodusport.fr\/blog\/wp-content\/uploads\/2022\/07\/Mercato-Stade-Rennais-Rennes-pense-aussi-a\u0300-Amine-Gouiri.png","keywords":["Amine Gouiri","Football","Nice","Rennes"],"articleSection":["Football","Ligue 1"],"inLanguage":"fr-FR","potentialAction":[{"@type":"CommentAction","name":"Comment","target":["https:\/\/dicodusport.fr\/blog\/mercato-stade-rennais-rennes-pense-aussi-a-amine-gouiri\/#respond"]}],"copyrightYear":"2022","copyrightHolder":{"@id":"https:\/\/dicodusport.fr\/blog\/#organization"}},{"@type":"WebPage","@id":"https:\/\/dicodusport.fr\/blog\/mercato-stade-rennais-rennes-pense-aussi-a-amine-gouiri\/","url":"https:\/\/dicodusport.fr\/blog\/mercato-stade-rennais-rennes-pense-aussi-a-amine-gouiri\/","name":"Mercato Stade Rennais : Rennes pense aussi \u00e0 Amine Gouiri","isPartOf":{"@id":"https:\/\/dicodusport.fr\/blog\/#website"},"primaryImageOfPage":{"@id":"https:\/\/dicodusport.fr\/blog\/mercato-stade-rennais-rennes-pense-aussi-a-amine-gouiri\/#primaryimage"},"image":{"@id":"https:\/\/dicodusport.fr\/blog\/mercato-stade-rennais-rennes-pense-aussi-a-amine-gouiri\/#primaryimage"},"thumbnailUrl":"https:\/\/dicodusport.fr\/blog\/wp-content\/uploads\/2022\/07\/Mercato-Stade-Rennais-Rennes-pense-aussi-a\u0300-Amine-Gouiri.png","datePublished":"2022-07-30T10:49:03+00:00","dateModified":"2022-07-30T11:00:00+00:00","description":"LIGUE 1 2022-2023 - Selon nos confr\u00e8res de L'\u00c9quipe, le Stade Rennais pense \u00e0 recruter Amine Gouri pour renforcer son attaque.\u00a0","breadcrumb":{"@id":"https:\/\/dicodusport.fr\/blog\/mercato-stade-rennais-rennes-pense-aussi-a-amine-gouiri\/#breadcrumb"},"inLanguage":"fr-FR","potentialAction":[{"@type":"ReadAction","target":["https:\/\/dicodusport.fr\/blog\/mercato-stade-rennais-rennes-pense-aussi-a-amine-gouiri\/"]}]},{"@type":"ImageObject","inLanguage":"fr-FR","@id":"https:\/\/dicodusport.fr\/blog\/mercato-stade-rennais-rennes-pense-aussi-a-amine-gouiri\/#primaryimage","url":"https:\/\/dicodusport.fr\/blog\/wp-content\/uploads\/2022\/07\/Mercato-Stade-Rennais-Rennes-pense-aussi-a\u0300-Amine-Gouiri.png","contentUrl":"https:\/\/dicodusport.fr\/blog\/wp-content\/uploads\/2022\/07\/Mercato-Stade-Rennais-Rennes-pense-aussi-a\u0300-Amine-Gouiri.png","width":800,"height":445},{"@type":"BreadcrumbList","@id":"https:\/\/dicodusport.fr\/blog\/mercato-stade-rennais-rennes-pense-aussi-a-amine-gouiri\/#breadcrumb","itemListElement":[{"@type":"ListItem","position":1,"name":"Accueil","item":"https:\/\/dicodusport.fr\/blog\/"},{"@type":"ListItem","position":2,"name":"Mercato Stade Rennais : Rennes pense aussi \u00e0 Amine Gouiri"}]},{"@type":"WebSite","@id":"https:\/\/dicodusport.fr\/blog\/#website","url":"https:\/\/dicodusport.fr\/blog\/","name":"Dicodusport","description":"L&#039;encyclop\u00e9die de l&#039;actualit\u00e9 sportive","publisher":{"@id":"https:\/\/dicodusport.fr\/blog\/#organization"},"potentialAction":[{"@type":"SearchAction","target":{"@type":"EntryPoint","urlTemplate":"https:\/\/dicodusport.fr\/blog\/?s={search_term_string}"},"query-input":{"@type":"PropertyValueSpecification","valueRequired":true,"valueName":"search_term_string"}}],"inLanguage":"fr-FR"},{"@type":"NewsMediaOrganization","@id":"https:\/\/dicodusport.fr\/blog\/#organization","name":"Dicodusport","url":"https:\/\/dicodusport.fr\/blog\/","logo":{"@type":"ImageObject","inLanguage":"fr-FR","@id":"https:\/\/dicodusport.fr\/blog\/#\/schema\/logo\/image\/","url":"https:\/\/dicodusport.fr\/blog\/wp-content\/uploads\/2020\/06\/cropped-LOGO-DICODUSPORT-2020-SANS-FOND-SANS-TEXTE.png","contentUrl":"https:\/\/dicodusport.fr\/blog\/wp-content\/uploads\/2020\/06\/cropped-LOGO-DICODUSPORT-2020-SANS-FOND-SANS-TEXTE.png","width":512,"height":512,"caption":"Dicodusport"},"image":{"@id":"https:\/\/dicodusport.fr\/blog\/#\/schema\/logo\/image\/"},"sameAs":["https:\/\/www.facebook.com\/dicodusport","https:\/\/x.com\/dicodusport","https:\/\/www.instagram.com\/dicodusport\/","https:\/\/www.youtube.com\/channel\/UC7V2KZ5sd3htJivAbA4ZG3w"],"description":"Dicodusport est l'encyclop\u00e9die de l'actualit\u00e9 sportive.","email":"bonjour@dicodusport.fr","legalName":"DICODUSPORT","foundingDate":"2018-01-14","vatID":"FR71834470973","taxID":"83447097300043","numberOfEmployees":{"@type":"QuantitativeValue","minValue":"1","maxValue":"10"}},{"@type":"Person","@id":"https:\/\/dicodusport.fr\/blog\/#\/schema\/person\/55dcb50ad410894e431ed812bbb70191","name":"Nicolas Jacquemard","image":{"@type":"ImageObject","inLanguage":"fr-FR","@id":"https:\/\/dicodusport.fr\/blog\/#\/schema\/person\/image\/","url":"https:\/\/dicodusport.fr\/blog\/wp-content\/uploads\/2021\/05\/Nicolas-Jacquemard-150x150.jpeg","contentUrl":"https:\/\/dicodusport.fr\/blog\/wp-content\/uploads\/2021\/05\/Nicolas-Jacquemard-150x150.jpeg","caption":"Nicolas Jacquemard"},"description":"Passionn\u00e9 de sport et entrepreneur depuis mes 18 ans, la cr\u00e9ation de Dicodusport m'a sembl\u00e9 \u00e9vidente pour participer \u00e0 la m\u00e9diatisation d'un plus grand nombre de sports. Le chemin est long mais avec une \u00e9quipe des plus motiv\u00e9es et les Jeux Olympiques de Paris 2024 en point de mire, nous y arriverons ! Journaliste dans le monde du sport depuis plus de 5 ans, je traite aussi bien de football, de rugby, de biathlon que de cyclisme.","sameAs":["https:\/\/www.facebook.com\/dicodusport","https:\/\/x.com\/https:\/\/twitter.com\/Nico_Jacquemard"],"url":"https:\/\/dicodusport.fr\/blog\/author\/dicodusport\/"}]}},"_links":{"self":[{"href":"https:\/\/dicodusport.fr\/blog\/wp-json\/wp\/v2\/posts\/247645","targetHints":{"allow":["GET"]}}],"collection":[{"href":"https:\/\/dicodusport.fr\/blog\/wp-json\/wp\/v2\/posts"}],"about":[{"href":"https:\/\/dicodusport.fr\/blog\/wp-json\/wp\/v2\/types\/post"}],"author":[{"embeddable":true,"href":"https:\/\/dicodusport.fr\/blog\/wp-json\/wp\/v2\/users\/1"}],"replies":[{"embeddable":true,"href":"https:\/\/dicodusport.fr\/blog\/wp-json\/wp\/v2\/comments?post=247645"}],"version-history":[{"count":0,"href":"https:\/\/dicodusport.fr\/blog\/wp-json\/wp\/v2\/posts\/247645\/revisions"}],"wp:featuredmedia":[{"embeddable":true,"href":"https:\/\/dicodusport.fr\/blog\/wp-json\/wp\/v2\/media\/247649"}],"wp:attachment":[{"href":"https:\/\/dicodusport.fr\/blog\/wp-json\/wp\/v2\/media?parent=247645"}],"wp:term":[{"taxonomy":"category","embeddable":true,"href":"https:\/\/dicodusport.fr\/blog\/wp-json\/wp\/v2\/categories?post=247645"},{"taxonomy":"post_tag","embeddable":true,"href":"https:\/\/dicodusport.fr\/blog\/wp-json\/wp\/v2\/tags?post=247645"}],"curies":[{"name":"wp","href":"https:\/\/api.w.org\/{rel}","templated":true}]}}