{"id":247842,"date":"2022-07-31T08:00:23","date_gmt":"2022-07-31T06:00:23","guid":{"rendered":"https:\/\/dicodusport.fr\/blog\/?p=247842"},"modified":"2025-08-22T19:08:01","modified_gmt":"2025-08-22T17:08:01","slug":"foje-d-ete-2022-double-en-or-pour-les-equipes-de-france-de-basket","status":"publish","type":"post","link":"https:\/\/dicodusport.fr\/blog\/foje-d-ete-2022-double-en-or-pour-les-equipes-de-france-de-basket\/","title":{"rendered":"FOJE d&rsquo;\u00e9t\u00e9 2022 : Doubl\u00e9 en or pour les \u00e9quipes de France de basket !"},"content":{"rendered":"<p style=\"text-align: justify;\"><strong><em>FESTIVAL OLYMPIQUES DE LA JEUNESSE EUROP\u00c9ENNE D&rsquo;\u00c9T\u00c9 2022 &#8211; Fin de Festival en apoth\u00e9ose pour notre jeune \u00e9quipe de France. Toutes deux en finale du tournoi, les \u00e9quipes de France de basket se sont respectivement par\u00e9es d&rsquo;or en survolant la comp\u00e9tition.<\/em><\/strong><\/p>\n<h2 style=\"text-align: justify;\">La rel\u00e8ve tricolore assure<\/h2>\n<p style=\"text-align: justify;\">L&rsquo;ultime journ\u00e9e de comp\u00e9tition en Slovaquie aura vu un doubl\u00e9 fran\u00e7ais lors des tournois f\u00e9minin et masculin de basket-ball. Apr\u00e8s avoir survol\u00e9 chaque match, les Bleus et les Bleues ont fait r\u00e9sonner tour \u00e0 tour la Marseillaise. Tout d&rsquo;abord, les Fran\u00e7aises, oppos\u00e9es aux Espagnoles. Les deux \u00e9quipes ont d&rsquo;abord \u00e9t\u00e9 au coude \u00e0 coude 14-14 en fin de premier quart-temps. La suite est un r\u00e9cital bleu : les deux quarts-temps suivants, les Fran\u00e7aises infligent un 39-20 et cr\u00e9ent un \u00e9cart r\u00e9dhibitoire. Score final, 68-48 pour nos jeunes basketteuses. Ayant assist\u00e9 au sacre de leur co\u00e9quipi\u00e8res, les gar\u00e7ons avaient sans doute l&rsquo;intention de partager l&rsquo;or.<\/p>\n<p style=\"text-align: justify;\">Une fois n&rsquo;est pas coutume, ce fut (l\u00e9g\u00e8rement) plus accroch\u00e9 pour les Bleues. Contre les Lituaniens, grosse nation du basket-ball mondial, les Fran\u00e7ais sont men\u00e9s en fin de premier quart, 16-18. Comme les Fran\u00e7aises quelques minutes plus t\u00f4t, le second quart-temps fut une le\u00e7on re\u00e7ue par la Lituanie. En \u00e9crasant leurs adversaires 23-8, les Tricolores n&rsquo;avaient plus qu&rsquo;\u00e0 maintenir l&rsquo;\u00e9cart. Ils s&rsquo;imposent finalement 78-66 et d\u00e9crochent la derni\u00e8re m\u00e9daille fran\u00e7aise. Au classement des m\u00e9dailles, la France termine 6\u00e8me avec 17 m\u00e9dailles dont 6 en or. L&rsquo;Italie s&rsquo;impose largement avec 47 r\u00e9compenses dont 21 titres.<\/p>\n<blockquote class=\"twitter-tweet\">\n<p dir=\"ltr\" lang=\"fr\">MAGNIFIQUE !! De l\u2019or pour notre \u00e9quipe f\u00e9minine de basket-ball qui s\u2019impose face aux Espagnoles 68-48 au FOJE de <a href=\"https:\/\/twitter.com\/hashtag\/BanskaBystrica2022?src=hash&amp;ref_src=twsrc%5Etfw\">#BanskaBystrica2022<\/a> !Bravo les Bleues pour ce parcours &#x1f3c0;&#x1f947;&#x1f525; <a href=\"https:\/\/t.co\/lXoDKNtodv\">pic.twitter.com\/lXoDKNtodv<\/a><\/p>\n<p>\u2014 FranceOlympique (@FranceOlympique) <a href=\"https:\/\/twitter.com\/FranceOlympique\/status\/1553420411005796353?ref_src=twsrc%5Etfw\">July 30, 2022<\/a><\/p><\/blockquote>\n<p style=\"text-align: justify;\"><script async src=\"https:\/\/platform.twitter.com\/widgets.js\" charset=\"utf-8\"><\/script><\/p>\n","protected":false},"excerpt":{"rendered":"<p>FESTIVAL OLYMPIQUES DE LA JEUNESSE EUROP\u00c9ENNE D&rsquo;\u00c9T\u00c9 2022 &#8211; Fin de Festival en apoth\u00e9ose pour notre jeune \u00e9quipe de France. Toutes deux en finale du tournoi, les \u00e9quipes de France de basket se sont respectivement par\u00e9es d&rsquo;or en survolant la comp\u00e9tition.<\/p>\n","protected":false},"author":43,"featured_media":247866,"comment_status":"open","ping_status":"closed","sticky":false,"template":"","format":"standard","meta":{"_acf_changed":false,"_daextam_enable_autolinks":"","footnotes":""},"categories":[2305],"tags":[174,1418],"class_list":["post-247842","post","type-post","status-publish","format-standard","has-post-thumbnail","hentry","category-basket-ball","tag-basket","tag-festival-olympique-de-la-jeunesse-europeenne"],"acf":[],"yoast_head":"<!-- This site is optimized with the Yoast SEO Premium plugin v26.7 (Yoast SEO v26.7) - https:\/\/yoast.com\/wordpress\/plugins\/seo\/ -->\n<title>FOJE d&#039;\u00e9t\u00e9 2022 : Doubl\u00e9 en or pour les \u00e9quipes de France de basket !<\/title>\n<meta name=\"description\" content=\"Feu d&#039;artifice pour cl\u00f4turer cette comp\u00e9tition. Le basket fran\u00e7ais aura domin\u00e9 les tournois f\u00e9minin et masculin et rapportent l&#039;or.\" \/>\n<meta name=\"robots\" content=\"index, follow, max-snippet:-1, max-image-preview:large, max-video-preview:-1\" \/>\n<link rel=\"canonical\" href=\"https:\/\/dicodusport.fr\/blog\/foje-d-ete-2022-double-en-or-pour-les-equipes-de-france-de-basket\/\" \/>\n<meta property=\"og:locale\" content=\"fr_FR\" \/>\n<meta property=\"og:type\" content=\"article\" \/>\n<meta property=\"og:title\" content=\"FOJE d&#039;\u00e9t\u00e9 2022 : Doubl\u00e9 en or pour les \u00e9quipes de France de basket !\" \/>\n<meta property=\"og:description\" content=\"Feu d&#039;artifice pour cl\u00f4turer cette comp\u00e9tition. Le basket fran\u00e7ais aura domin\u00e9 les tournois f\u00e9minin et masculin et rapportent l&#039;or.\" \/>\n<meta property=\"og:url\" content=\"https:\/\/dicodusport.fr\/blog\/foje-d-ete-2022-double-en-or-pour-les-equipes-de-france-de-basket\/\" \/>\n<meta property=\"og:site_name\" content=\"Dicodusport\" \/>\n<meta property=\"article:publisher\" content=\"https:\/\/www.facebook.com\/dicodusport\" \/>\n<meta property=\"article:author\" content=\"https:\/\/www.facebook.com\/Max.Bld2\/\" \/>\n<meta property=\"article:published_time\" content=\"2022-07-31T06:00:23+00:00\" \/>\n<meta property=\"article:modified_time\" content=\"2025-08-22T17:08:01+00:00\" \/>\n<meta property=\"og:image\" content=\"https:\/\/dicodusport.fr\/blog\/wp-content\/uploads\/2022\/07\/FOJE-dete-2022-Double-en-or-pour-les-equipes-de-France-de-basket-.png\" \/>\n\t<meta property=\"og:image:width\" content=\"800\" \/>\n\t<meta property=\"og:image:height\" content=\"445\" \/>\n\t<meta property=\"og:image:type\" content=\"image\/png\" \/>\n<meta name=\"author\" content=\"Maxime Boulard\" \/>\n<meta name=\"twitter:card\" content=\"summary_large_image\" \/>\n<meta name=\"twitter:title\" content=\"FOJE d&#039;\u00e9t\u00e9 2022 : Doubl\u00e9 en or pour les \u00e9quipes de France de basket !\" \/>\n<meta name=\"twitter:creator\" content=\"@https:\/\/twitter.com\/MaximeB_2\" \/>\n<meta name=\"twitter:site\" content=\"@dicodusport\" \/>\n<script type=\"application\/ld+json\" class=\"yoast-schema-graph\">{\"@context\":\"https:\/\/schema.org\",\"@graph\":[{\"@type\":\"NewsArticle\",\"@id\":\"https:\/\/dicodusport.fr\/blog\/foje-d-ete-2022-double-en-or-pour-les-equipes-de-france-de-basket\/#article\",\"isPartOf\":{\"@id\":\"https:\/\/dicodusport.fr\/blog\/foje-d-ete-2022-double-en-or-pour-les-equipes-de-france-de-basket\/\"},\"author\":{\"name\":\"Maxime Boulard\",\"@id\":\"https:\/\/dicodusport.fr\/blog\/#\/schema\/person\/5aab10ee856e86ac63e9819a9da34784\"},\"headline\":\"FOJE d&rsquo;\u00e9t\u00e9 2022 : Doubl\u00e9 en or pour les \u00e9quipes de France de basket !\",\"datePublished\":\"2022-07-31T06:00:23+00:00\",\"dateModified\":\"2025-08-22T17:08:01+00:00\",\"mainEntityOfPage\":{\"@id\":\"https:\/\/dicodusport.fr\/blog\/foje-d-ete-2022-double-en-or-pour-les-equipes-de-france-de-basket\/\"},\"wordCount\":338,\"commentCount\":0,\"publisher\":{\"@id\":\"https:\/\/dicodusport.fr\/blog\/#organization\"},\"image\":{\"@id\":\"https:\/\/dicodusport.fr\/blog\/foje-d-ete-2022-double-en-or-pour-les-equipes-de-france-de-basket\/#primaryimage\"},\"thumbnailUrl\":\"https:\/\/dicodusport.fr\/blog\/wp-content\/uploads\/2022\/07\/FOJE-dete-2022-Double-en-or-pour-les-equipes-de-France-de-basket-.png\",\"keywords\":[\"basket\",\"Festival Olympique de la Jeunesse Europ\u00e9enne\"],\"articleSection\":[\"Basket-ball\"],\"inLanguage\":\"fr-FR\",\"potentialAction\":[{\"@type\":\"CommentAction\",\"name\":\"Comment\",\"target\":[\"https:\/\/dicodusport.fr\/blog\/foje-d-ete-2022-double-en-or-pour-les-equipes-de-france-de-basket\/#respond\"]}],\"copyrightYear\":\"2022\",\"copyrightHolder\":{\"@id\":\"https:\/\/dicodusport.fr\/blog\/#organization\"}},{\"@type\":\"WebPage\",\"@id\":\"https:\/\/dicodusport.fr\/blog\/foje-d-ete-2022-double-en-or-pour-les-equipes-de-france-de-basket\/\",\"url\":\"https:\/\/dicodusport.fr\/blog\/foje-d-ete-2022-double-en-or-pour-les-equipes-de-france-de-basket\/\",\"name\":\"FOJE d'\u00e9t\u00e9 2022 : Doubl\u00e9 en or pour les \u00e9quipes de France de basket !\",\"isPartOf\":{\"@id\":\"https:\/\/dicodusport.fr\/blog\/#website\"},\"primaryImageOfPage\":{\"@id\":\"https:\/\/dicodusport.fr\/blog\/foje-d-ete-2022-double-en-or-pour-les-equipes-de-france-de-basket\/#primaryimage\"},\"image\":{\"@id\":\"https:\/\/dicodusport.fr\/blog\/foje-d-ete-2022-double-en-or-pour-les-equipes-de-france-de-basket\/#primaryimage\"},\"thumbnailUrl\":\"https:\/\/dicodusport.fr\/blog\/wp-content\/uploads\/2022\/07\/FOJE-dete-2022-Double-en-or-pour-les-equipes-de-France-de-basket-.png\",\"datePublished\":\"2022-07-31T06:00:23+00:00\",\"dateModified\":\"2025-08-22T17:08:01+00:00\",\"description\":\"Feu d'artifice pour cl\u00f4turer cette comp\u00e9tition. Le basket fran\u00e7ais aura domin\u00e9 les tournois f\u00e9minin et masculin et rapportent l'or.\",\"breadcrumb\":{\"@id\":\"https:\/\/dicodusport.fr\/blog\/foje-d-ete-2022-double-en-or-pour-les-equipes-de-france-de-basket\/#breadcrumb\"},\"inLanguage\":\"fr-FR\",\"potentialAction\":[{\"@type\":\"ReadAction\",\"target\":[\"https:\/\/dicodusport.fr\/blog\/foje-d-ete-2022-double-en-or-pour-les-equipes-de-france-de-basket\/\"]}]},{\"@type\":\"ImageObject\",\"inLanguage\":\"fr-FR\",\"@id\":\"https:\/\/dicodusport.fr\/blog\/foje-d-ete-2022-double-en-or-pour-les-equipes-de-france-de-basket\/#primaryimage\",\"url\":\"https:\/\/dicodusport.fr\/blog\/wp-content\/uploads\/2022\/07\/FOJE-dete-2022-Double-en-or-pour-les-equipes-de-France-de-basket-.png\",\"contentUrl\":\"https:\/\/dicodusport.fr\/blog\/wp-content\/uploads\/2022\/07\/FOJE-dete-2022-Double-en-or-pour-les-equipes-de-France-de-basket-.png\",\"width\":800,\"height\":445,\"caption\":\"FOJE d'\u00e9t\u00e9 2022 Doubl\u00e9 en or pour les \u00e9quipes de France de basket !\"},{\"@type\":\"BreadcrumbList\",\"@id\":\"https:\/\/dicodusport.fr\/blog\/foje-d-ete-2022-double-en-or-pour-les-equipes-de-france-de-basket\/#breadcrumb\",\"itemListElement\":[{\"@type\":\"ListItem\",\"position\":1,\"name\":\"Accueil\",\"item\":\"https:\/\/dicodusport.fr\/blog\/\"},{\"@type\":\"ListItem\",\"position\":2,\"name\":\"FOJE d&rsquo;\u00e9t\u00e9 2022 : Doubl\u00e9 en or pour les \u00e9quipes de France de basket !\"}]},{\"@type\":\"WebSite\",\"@id\":\"https:\/\/dicodusport.fr\/blog\/#website\",\"url\":\"https:\/\/dicodusport.fr\/blog\/\",\"name\":\"Dicodusport\",\"description\":\"L&#039;encyclop\u00e9die de l&#039;actualit\u00e9 sportive\",\"publisher\":{\"@id\":\"https:\/\/dicodusport.fr\/blog\/#organization\"},\"potentialAction\":[{\"@type\":\"SearchAction\",\"target\":{\"@type\":\"EntryPoint\",\"urlTemplate\":\"https:\/\/dicodusport.fr\/blog\/?s={search_term_string}\"},\"query-input\":{\"@type\":\"PropertyValueSpecification\",\"valueRequired\":true,\"valueName\":\"search_term_string\"}}],\"inLanguage\":\"fr-FR\"},{\"@type\":\"NewsMediaOrganization\",\"@id\":\"https:\/\/dicodusport.fr\/blog\/#organization\",\"name\":\"Dicodusport\",\"url\":\"https:\/\/dicodusport.fr\/blog\/\",\"logo\":{\"@type\":\"ImageObject\",\"inLanguage\":\"fr-FR\",\"@id\":\"https:\/\/dicodusport.fr\/blog\/#\/schema\/logo\/image\/\",\"url\":\"https:\/\/dicodusport.fr\/blog\/wp-content\/uploads\/2020\/06\/cropped-LOGO-DICODUSPORT-2020-SANS-FOND-SANS-TEXTE.png\",\"contentUrl\":\"https:\/\/dicodusport.fr\/blog\/wp-content\/uploads\/2020\/06\/cropped-LOGO-DICODUSPORT-2020-SANS-FOND-SANS-TEXTE.png\",\"width\":512,\"height\":512,\"caption\":\"Dicodusport\"},\"image\":{\"@id\":\"https:\/\/dicodusport.fr\/blog\/#\/schema\/logo\/image\/\"},\"sameAs\":[\"https:\/\/www.facebook.com\/dicodusport\",\"https:\/\/x.com\/dicodusport\",\"https:\/\/www.instagram.com\/dicodusport\/\",\"https:\/\/www.youtube.com\/channel\/UC7V2KZ5sd3htJivAbA4ZG3w\"],\"description\":\"Dicodusport est l'encyclop\u00e9die de l'actualit\u00e9 sportive.\",\"email\":\"bonjour@dicodusport.fr\",\"legalName\":\"DICODUSPORT\",\"foundingDate\":\"2018-01-14\",\"vatID\":\"FR71834470973\",\"taxID\":\"83447097300043\",\"numberOfEmployees\":{\"@type\":\"QuantitativeValue\",\"minValue\":\"1\",\"maxValue\":\"10\"}},{\"@type\":\"Person\",\"@id\":\"https:\/\/dicodusport.fr\/blog\/#\/schema\/person\/5aab10ee856e86ac63e9819a9da34784\",\"name\":\"Maxime Boulard\",\"image\":{\"@type\":\"ImageObject\",\"inLanguage\":\"fr-FR\",\"@id\":\"https:\/\/dicodusport.fr\/blog\/#\/schema\/person\/image\/\",\"url\":\"https:\/\/dicodusport.fr\/blog\/wp-content\/uploads\/2021\/05\/Maxime-Boulard-150x150.jpg\",\"contentUrl\":\"https:\/\/dicodusport.fr\/blog\/wp-content\/uploads\/2021\/05\/Maxime-Boulard-150x150.jpg\",\"caption\":\"Maxime Boulard\"},\"description\":\"Journaliste\/r\u00e9dacteur depuis octobre 2020 - Si mon plus vieux souvenir de sport aurait pu m'en d\u00e9go\u00fbter, la finale de la Coupe du monde 2006 a \u00e9t\u00e9 tout le contraire. V\u00e9ritable d\u00e9clencheur d'une passion qui aujourd'hui ne fait que grandir avec le temps, mon leitmotiv est la France qui brille ! Je relate les exploits pass\u00e9s et pr\u00e9sents du sport bleu-blanc-rouge sans m\u00e9nagement depuis octobre 2020. Sport valide ou handisport, aucune diff\u00e9rence, il n'y a que du sport et plusieurs fa\u00e7ons de le pratiquer.\",\"sameAs\":[\"https:\/\/www.facebook.com\/Max.Bld2\/\",\"https:\/\/x.com\/https:\/\/twitter.com\/MaximeB_2\"],\"url\":\"https:\/\/dicodusport.fr\/blog\/author\/maxime-b\/\"}]}<\/script>\n<!-- \/ Yoast SEO Premium plugin. -->","yoast_head_json":{"title":"FOJE d'\u00e9t\u00e9 2022 : Doubl\u00e9 en or pour les \u00e9quipes de France de basket !","description":"Feu d'artifice pour cl\u00f4turer cette comp\u00e9tition. Le basket fran\u00e7ais aura domin\u00e9 les tournois f\u00e9minin et masculin et rapportent l'or.","robots":{"index":"index","follow":"follow","max-snippet":"max-snippet:-1","max-image-preview":"max-image-preview:large","max-video-preview":"max-video-preview:-1"},"canonical":"https:\/\/dicodusport.fr\/blog\/foje-d-ete-2022-double-en-or-pour-les-equipes-de-france-de-basket\/","og_locale":"fr_FR","og_type":"article","og_title":"FOJE d'\u00e9t\u00e9 2022 : Doubl\u00e9 en or pour les \u00e9quipes de France de basket !","og_description":"Feu d'artifice pour cl\u00f4turer cette comp\u00e9tition. Le basket fran\u00e7ais aura domin\u00e9 les tournois f\u00e9minin et masculin et rapportent l'or.","og_url":"https:\/\/dicodusport.fr\/blog\/foje-d-ete-2022-double-en-or-pour-les-equipes-de-france-de-basket\/","og_site_name":"Dicodusport","article_publisher":"https:\/\/www.facebook.com\/dicodusport","article_author":"https:\/\/www.facebook.com\/Max.Bld2\/","article_published_time":"2022-07-31T06:00:23+00:00","article_modified_time":"2025-08-22T17:08:01+00:00","og_image":[{"width":800,"height":445,"url":"https:\/\/dicodusport.fr\/blog\/wp-content\/uploads\/2022\/07\/FOJE-dete-2022-Double-en-or-pour-les-equipes-de-France-de-basket-.png","type":"image\/png"}],"author":"Maxime Boulard","twitter_card":"summary_large_image","twitter_title":"FOJE d'\u00e9t\u00e9 2022 : Doubl\u00e9 en or pour les \u00e9quipes de France de basket !","twitter_creator":"@https:\/\/twitter.com\/MaximeB_2","twitter_site":"@dicodusport","schema":{"@context":"https:\/\/schema.org","@graph":[{"@type":"NewsArticle","@id":"https:\/\/dicodusport.fr\/blog\/foje-d-ete-2022-double-en-or-pour-les-equipes-de-france-de-basket\/#article","isPartOf":{"@id":"https:\/\/dicodusport.fr\/blog\/foje-d-ete-2022-double-en-or-pour-les-equipes-de-france-de-basket\/"},"author":{"name":"Maxime Boulard","@id":"https:\/\/dicodusport.fr\/blog\/#\/schema\/person\/5aab10ee856e86ac63e9819a9da34784"},"headline":"FOJE d&rsquo;\u00e9t\u00e9 2022 : Doubl\u00e9 en or pour les \u00e9quipes de France de basket !","datePublished":"2022-07-31T06:00:23+00:00","dateModified":"2025-08-22T17:08:01+00:00","mainEntityOfPage":{"@id":"https:\/\/dicodusport.fr\/blog\/foje-d-ete-2022-double-en-or-pour-les-equipes-de-france-de-basket\/"},"wordCount":338,"commentCount":0,"publisher":{"@id":"https:\/\/dicodusport.fr\/blog\/#organization"},"image":{"@id":"https:\/\/dicodusport.fr\/blog\/foje-d-ete-2022-double-en-or-pour-les-equipes-de-france-de-basket\/#primaryimage"},"thumbnailUrl":"https:\/\/dicodusport.fr\/blog\/wp-content\/uploads\/2022\/07\/FOJE-dete-2022-Double-en-or-pour-les-equipes-de-France-de-basket-.png","keywords":["basket","Festival Olympique de la Jeunesse Europ\u00e9enne"],"articleSection":["Basket-ball"],"inLanguage":"fr-FR","potentialAction":[{"@type":"CommentAction","name":"Comment","target":["https:\/\/dicodusport.fr\/blog\/foje-d-ete-2022-double-en-or-pour-les-equipes-de-france-de-basket\/#respond"]}],"copyrightYear":"2022","copyrightHolder":{"@id":"https:\/\/dicodusport.fr\/blog\/#organization"}},{"@type":"WebPage","@id":"https:\/\/dicodusport.fr\/blog\/foje-d-ete-2022-double-en-or-pour-les-equipes-de-france-de-basket\/","url":"https:\/\/dicodusport.fr\/blog\/foje-d-ete-2022-double-en-or-pour-les-equipes-de-france-de-basket\/","name":"FOJE d'\u00e9t\u00e9 2022 : Doubl\u00e9 en or pour les \u00e9quipes de France de basket !","isPartOf":{"@id":"https:\/\/dicodusport.fr\/blog\/#website"},"primaryImageOfPage":{"@id":"https:\/\/dicodusport.fr\/blog\/foje-d-ete-2022-double-en-or-pour-les-equipes-de-france-de-basket\/#primaryimage"},"image":{"@id":"https:\/\/dicodusport.fr\/blog\/foje-d-ete-2022-double-en-or-pour-les-equipes-de-france-de-basket\/#primaryimage"},"thumbnailUrl":"https:\/\/dicodusport.fr\/blog\/wp-content\/uploads\/2022\/07\/FOJE-dete-2022-Double-en-or-pour-les-equipes-de-France-de-basket-.png","datePublished":"2022-07-31T06:00:23+00:00","dateModified":"2025-08-22T17:08:01+00:00","description":"Feu d'artifice pour cl\u00f4turer cette comp\u00e9tition. Le basket fran\u00e7ais aura domin\u00e9 les tournois f\u00e9minin et masculin et rapportent l'or.","breadcrumb":{"@id":"https:\/\/dicodusport.fr\/blog\/foje-d-ete-2022-double-en-or-pour-les-equipes-de-france-de-basket\/#breadcrumb"},"inLanguage":"fr-FR","potentialAction":[{"@type":"ReadAction","target":["https:\/\/dicodusport.fr\/blog\/foje-d-ete-2022-double-en-or-pour-les-equipes-de-france-de-basket\/"]}]},{"@type":"ImageObject","inLanguage":"fr-FR","@id":"https:\/\/dicodusport.fr\/blog\/foje-d-ete-2022-double-en-or-pour-les-equipes-de-france-de-basket\/#primaryimage","url":"https:\/\/dicodusport.fr\/blog\/wp-content\/uploads\/2022\/07\/FOJE-dete-2022-Double-en-or-pour-les-equipes-de-France-de-basket-.png","contentUrl":"https:\/\/dicodusport.fr\/blog\/wp-content\/uploads\/2022\/07\/FOJE-dete-2022-Double-en-or-pour-les-equipes-de-France-de-basket-.png","width":800,"height":445,"caption":"FOJE d'\u00e9t\u00e9 2022 Doubl\u00e9 en or pour les \u00e9quipes de France de basket !"},{"@type":"BreadcrumbList","@id":"https:\/\/dicodusport.fr\/blog\/foje-d-ete-2022-double-en-or-pour-les-equipes-de-france-de-basket\/#breadcrumb","itemListElement":[{"@type":"ListItem","position":1,"name":"Accueil","item":"https:\/\/dicodusport.fr\/blog\/"},{"@type":"ListItem","position":2,"name":"FOJE d&rsquo;\u00e9t\u00e9 2022 : Doubl\u00e9 en or pour les \u00e9quipes de France de basket !"}]},{"@type":"WebSite","@id":"https:\/\/dicodusport.fr\/blog\/#website","url":"https:\/\/dicodusport.fr\/blog\/","name":"Dicodusport","description":"L&#039;encyclop\u00e9die de l&#039;actualit\u00e9 sportive","publisher":{"@id":"https:\/\/dicodusport.fr\/blog\/#organization"},"potentialAction":[{"@type":"SearchAction","target":{"@type":"EntryPoint","urlTemplate":"https:\/\/dicodusport.fr\/blog\/?s={search_term_string}"},"query-input":{"@type":"PropertyValueSpecification","valueRequired":true,"valueName":"search_term_string"}}],"inLanguage":"fr-FR"},{"@type":"NewsMediaOrganization","@id":"https:\/\/dicodusport.fr\/blog\/#organization","name":"Dicodusport","url":"https:\/\/dicodusport.fr\/blog\/","logo":{"@type":"ImageObject","inLanguage":"fr-FR","@id":"https:\/\/dicodusport.fr\/blog\/#\/schema\/logo\/image\/","url":"https:\/\/dicodusport.fr\/blog\/wp-content\/uploads\/2020\/06\/cropped-LOGO-DICODUSPORT-2020-SANS-FOND-SANS-TEXTE.png","contentUrl":"https:\/\/dicodusport.fr\/blog\/wp-content\/uploads\/2020\/06\/cropped-LOGO-DICODUSPORT-2020-SANS-FOND-SANS-TEXTE.png","width":512,"height":512,"caption":"Dicodusport"},"image":{"@id":"https:\/\/dicodusport.fr\/blog\/#\/schema\/logo\/image\/"},"sameAs":["https:\/\/www.facebook.com\/dicodusport","https:\/\/x.com\/dicodusport","https:\/\/www.instagram.com\/dicodusport\/","https:\/\/www.youtube.com\/channel\/UC7V2KZ5sd3htJivAbA4ZG3w"],"description":"Dicodusport est l'encyclop\u00e9die de l'actualit\u00e9 sportive.","email":"bonjour@dicodusport.fr","legalName":"DICODUSPORT","foundingDate":"2018-01-14","vatID":"FR71834470973","taxID":"83447097300043","numberOfEmployees":{"@type":"QuantitativeValue","minValue":"1","maxValue":"10"}},{"@type":"Person","@id":"https:\/\/dicodusport.fr\/blog\/#\/schema\/person\/5aab10ee856e86ac63e9819a9da34784","name":"Maxime Boulard","image":{"@type":"ImageObject","inLanguage":"fr-FR","@id":"https:\/\/dicodusport.fr\/blog\/#\/schema\/person\/image\/","url":"https:\/\/dicodusport.fr\/blog\/wp-content\/uploads\/2021\/05\/Maxime-Boulard-150x150.jpg","contentUrl":"https:\/\/dicodusport.fr\/blog\/wp-content\/uploads\/2021\/05\/Maxime-Boulard-150x150.jpg","caption":"Maxime Boulard"},"description":"Journaliste\/r\u00e9dacteur depuis octobre 2020 - Si mon plus vieux souvenir de sport aurait pu m'en d\u00e9go\u00fbter, la finale de la Coupe du monde 2006 a \u00e9t\u00e9 tout le contraire. V\u00e9ritable d\u00e9clencheur d'une passion qui aujourd'hui ne fait que grandir avec le temps, mon leitmotiv est la France qui brille ! Je relate les exploits pass\u00e9s et pr\u00e9sents du sport bleu-blanc-rouge sans m\u00e9nagement depuis octobre 2020. Sport valide ou handisport, aucune diff\u00e9rence, il n'y a que du sport et plusieurs fa\u00e7ons de le pratiquer.","sameAs":["https:\/\/www.facebook.com\/Max.Bld2\/","https:\/\/x.com\/https:\/\/twitter.com\/MaximeB_2"],"url":"https:\/\/dicodusport.fr\/blog\/author\/maxime-b\/"}]}},"_links":{"self":[{"href":"https:\/\/dicodusport.fr\/blog\/wp-json\/wp\/v2\/posts\/247842","targetHints":{"allow":["GET"]}}],"collection":[{"href":"https:\/\/dicodusport.fr\/blog\/wp-json\/wp\/v2\/posts"}],"about":[{"href":"https:\/\/dicodusport.fr\/blog\/wp-json\/wp\/v2\/types\/post"}],"author":[{"embeddable":true,"href":"https:\/\/dicodusport.fr\/blog\/wp-json\/wp\/v2\/users\/43"}],"replies":[{"embeddable":true,"href":"https:\/\/dicodusport.fr\/blog\/wp-json\/wp\/v2\/comments?post=247842"}],"version-history":[{"count":1,"href":"https:\/\/dicodusport.fr\/blog\/wp-json\/wp\/v2\/posts\/247842\/revisions"}],"predecessor-version":[{"id":604580,"href":"https:\/\/dicodusport.fr\/blog\/wp-json\/wp\/v2\/posts\/247842\/revisions\/604580"}],"wp:featuredmedia":[{"embeddable":true,"href":"https:\/\/dicodusport.fr\/blog\/wp-json\/wp\/v2\/media\/247866"}],"wp:attachment":[{"href":"https:\/\/dicodusport.fr\/blog\/wp-json\/wp\/v2\/media?parent=247842"}],"wp:term":[{"taxonomy":"category","embeddable":true,"href":"https:\/\/dicodusport.fr\/blog\/wp-json\/wp\/v2\/categories?post=247842"},{"taxonomy":"post_tag","embeddable":true,"href":"https:\/\/dicodusport.fr\/blog\/wp-json\/wp\/v2\/tags?post=247842"}],"curies":[{"name":"wp","href":"https:\/\/api.w.org\/{rel}","templated":true}]}}