{"id":247936,"date":"2022-07-31T16:23:52","date_gmt":"2022-07-31T14:23:52","guid":{"rendered":"https:\/\/dicodusport.fr\/blog\/?p=247936&#038;preview=true&#038;preview_id=247936"},"modified":"2022-07-31T17:32:51","modified_gmt":"2022-07-31T15:32:51","slug":"aviron-mondiaux-jeunes-encore-du-bronze-pour-la-france","status":"publish","type":"post","link":"https:\/\/dicodusport.fr\/blog\/aviron-mondiaux-jeunes-encore-du-bronze-pour-la-france\/","title":{"rendered":"Aviron &#8211; Mondiaux jeunes : Encore du bronze pour la France"},"content":{"rendered":"<p style=\"text-align: justify;\"><b><i>CHAMPIONNATS DU MONDE JEUNES D&rsquo;AVIRON &#8211; Pour la derni\u00e8re journ\u00e9e de comp\u00e9tition, la France a d\u00e9croch\u00e9 une quatri\u00e8me et ultime m\u00e9daille, une nouvelle fois en bronze, gr\u00e2ce au quatre sans barreur U19 f\u00e9minin.\u00a0<\/i><\/b><\/p>\n<p style=\"text-align: justify;\">Premier des trois bateaux fran\u00e7ais engag\u00e9s aujourd&rsquo;hui, le quatre sans barreur f\u00e9minin U19 a r\u00e9ussi une belle performance. Tr\u00e8s bien partie, l&#8217;embarcation tricolore a toujours figur\u00e9 dans les trois premi\u00e8res places, pour finalement d\u00e9crocher la m\u00e9daille de bronze. <strong>L\u00e9a Herscovici, Caroline Lagarde, L\u00e9ontine Fouquet<\/strong> et<strong> Jeanne Sellier<\/strong> ram\u00e8nent ainsi la quatri\u00e8me r\u00e9compense fran\u00e7aise de ces Mondiaux, la quatri\u00e8me en bronze (<a href=\"https:\/\/dicodusport.fr\/blog\/aviron-mondiaux-jeunes-deux-medailles-de-bronze-pour-la-france\/\">deux vendredi<\/a>, <a href=\"https:\/\/dicodusport.fr\/blog\/aviron-mondiaux-jeunes-le-bronze-pour-pierrick-verger-et-baptiste-savaete\/\">une samedi<\/a>). Les deux autres bateaux finalistes aujourd&rsquo;hui (le deux de couple f\u00e9minin et le huit masculin) n&rsquo;ont pas r\u00e9ussi \u00e0 grimper sur le podium.<\/p>\n<blockquote class=\"twitter-tweet\">\n<p dir=\"ltr\" lang=\"fr\">   \/<br \/>\n&#x2728; M\u00c9DAILLE DE BRONZE &#x2728; pour notre 4 de pointe sans barreuse &#x2640; U19 !<\/p>\n<p>B L\u00e9a Herscovici<br \/>\n2 Caroline Lagarde<br \/>\n3 L\u00e9ontine Fouquet<br \/>\nS Jeanne Sellier<a href=\"https:\/\/twitter.com\/hashtag\/FranceAviron?src=hash&amp;ref_src=twsrc%5Etfw\">#FranceAviron<\/a> <a href=\"https:\/\/twitter.com\/hashtag\/WRCHVarese?src=hash&amp;ref_src=twsrc%5Etfw\">#WRCHVarese<\/a><a href=\"https:\/\/twitter.com\/MAIF?ref_src=twsrc%5Etfw\">@MAIF<\/a> <a href=\"https:\/\/twitter.com\/CNR_Officiel?ref_src=twsrc%5Etfw\">@CNR_Officiel<\/a> <a href=\"https:\/\/twitter.com\/MizunoFrance?ref_src=twsrc%5Etfw\">@MizunoFrance<\/a> <a href=\"https:\/\/t.co\/WLBEbc5gaa\">pic.twitter.com\/WLBEbc5gaa<\/a><\/p>\n<p>\u2014 F\u00e9d\u00e9ration Fran\u00e7aise d&rsquo;Aviron (@FFAviron) <a href=\"https:\/\/twitter.com\/FFAviron\/status\/1553707109673467904?ref_src=twsrc%5Etfw\">July 31, 2022<\/a><\/p><\/blockquote>\n<p><script async src=\"https:\/\/platform.twitter.com\/widgets.js\" charset=\"utf-8\"><\/script><\/p>\n","protected":false},"excerpt":{"rendered":"<p>CHAMPIONNATS DU MONDE JEUNES D&rsquo;AVIRON &#8211; Pour la derni\u00e8re journ\u00e9e de comp\u00e9tition, la France a d\u00e9croch\u00e9 une quatri\u00e8me et ultime m\u00e9daille, une nouvelle fois en bronze, gr\u00e2ce au quatre sans barreur U19 f\u00e9minin.\u00a0<\/p>\n","protected":false},"author":59,"featured_media":248022,"comment_status":"open","ping_status":"closed","sticky":false,"template":"","format":"standard","meta":{"_acf_changed":false,"_daextam_enable_autolinks":"","footnotes":""},"categories":[2309],"tags":[739,25375,750],"class_list":["post-247936","post","type-post","status-publish","format-standard","has-post-thumbnail","hentry","category-aviron","tag-aviron","tag-aviron-francais","tag-aviron-france"],"acf":[],"yoast_head":"<!-- This site is optimized with the Yoast SEO Premium plugin v26.7 (Yoast SEO v26.7) - https:\/\/yoast.com\/wordpress\/plugins\/seo\/ -->\n<title>Aviron - Mondiaux jeunes : Encore du bronze pour la France<\/title>\n<meta name=\"description\" content=\"CHAMPIONNATS DU MONDE JEUNES D&#039;AVIRON - la France a d\u00e9croch\u00e9 une quatri\u00e8me m\u00e9daille de bronze, gr\u00e2ce au quatre sans barreur U19 f\u00e9minin.\u00a0\" \/>\n<meta name=\"robots\" content=\"index, follow, max-snippet:-1, max-image-preview:large, max-video-preview:-1\" \/>\n<link rel=\"canonical\" href=\"https:\/\/dicodusport.fr\/blog\/aviron-mondiaux-jeunes-encore-du-bronze-pour-la-france\/\" \/>\n<meta property=\"og:locale\" content=\"fr_FR\" \/>\n<meta property=\"og:type\" content=\"article\" \/>\n<meta property=\"og:title\" content=\"Aviron - Mondiaux jeunes : Encore du bronze pour la France\" \/>\n<meta property=\"og:description\" content=\"CHAMPIONNATS DU MONDE JEUNES D&#039;AVIRON - la France a d\u00e9croch\u00e9 une quatri\u00e8me m\u00e9daille de bronze, gr\u00e2ce au quatre sans barreur U19 f\u00e9minin.\u00a0\" \/>\n<meta property=\"og:url\" content=\"https:\/\/dicodusport.fr\/blog\/aviron-mondiaux-jeunes-encore-du-bronze-pour-la-france\/\" \/>\n<meta property=\"og:site_name\" content=\"Dicodusport\" \/>\n<meta property=\"article:publisher\" content=\"https:\/\/www.facebook.com\/dicodusport\" \/>\n<meta property=\"article:author\" content=\"https:\/\/www.facebook.com\/sebastien.gente\/\" \/>\n<meta property=\"article:published_time\" content=\"2022-07-31T14:23:52+00:00\" \/>\n<meta property=\"article:modified_time\" content=\"2022-07-31T15:32:51+00:00\" \/>\n<meta property=\"og:image\" content=\"https:\/\/dicodusport.fr\/blog\/wp-content\/uploads\/2022\/07\/Aviron-Mondiaux-jeunes-Encore-du-bronze-pour-la-France.png\" \/>\n\t<meta property=\"og:image:width\" content=\"800\" \/>\n\t<meta property=\"og:image:height\" content=\"445\" \/>\n\t<meta property=\"og:image:type\" content=\"image\/png\" \/>\n<meta name=\"author\" content=\"S\u00e9bastien Gente\" \/>\n<meta name=\"twitter:card\" content=\"summary_large_image\" \/>\n<meta name=\"twitter:title\" content=\"Aviron - Mondiaux jeunes : Encore du bronze pour la France\" \/>\n<meta name=\"twitter:creator\" content=\"@https:\/\/twitter.com\/globulo24\" \/>\n<meta name=\"twitter:site\" content=\"@dicodusport\" \/>\n<script type=\"application\/ld+json\" class=\"yoast-schema-graph\">{\"@context\":\"https:\/\/schema.org\",\"@graph\":[{\"@type\":\"NewsArticle\",\"@id\":\"https:\/\/dicodusport.fr\/blog\/aviron-mondiaux-jeunes-encore-du-bronze-pour-la-france\/#article\",\"isPartOf\":{\"@id\":\"https:\/\/dicodusport.fr\/blog\/aviron-mondiaux-jeunes-encore-du-bronze-pour-la-france\/\"},\"author\":{\"name\":\"S\u00e9bastien Gente\",\"@id\":\"https:\/\/dicodusport.fr\/blog\/#\/schema\/person\/627966a6cde45dbd8c5e36ac85d783da\"},\"headline\":\"Aviron &#8211; Mondiaux jeunes : Encore du bronze pour la France\",\"datePublished\":\"2022-07-31T14:23:52+00:00\",\"dateModified\":\"2022-07-31T15:32:51+00:00\",\"mainEntityOfPage\":{\"@id\":\"https:\/\/dicodusport.fr\/blog\/aviron-mondiaux-jeunes-encore-du-bronze-pour-la-france\/\"},\"wordCount\":205,\"commentCount\":0,\"publisher\":{\"@id\":\"https:\/\/dicodusport.fr\/blog\/#organization\"},\"image\":{\"@id\":\"https:\/\/dicodusport.fr\/blog\/aviron-mondiaux-jeunes-encore-du-bronze-pour-la-france\/#primaryimage\"},\"thumbnailUrl\":\"https:\/\/dicodusport.fr\/blog\/wp-content\/uploads\/2022\/07\/Aviron-Mondiaux-jeunes-Encore-du-bronze-pour-la-France.png\",\"keywords\":[\"aviron\",\"aviron fran\u00e7ais\",\"aviron france\"],\"articleSection\":[\"Aviron\"],\"inLanguage\":\"fr-FR\",\"potentialAction\":[{\"@type\":\"CommentAction\",\"name\":\"Comment\",\"target\":[\"https:\/\/dicodusport.fr\/blog\/aviron-mondiaux-jeunes-encore-du-bronze-pour-la-france\/#respond\"]}],\"copyrightYear\":\"2022\",\"copyrightHolder\":{\"@id\":\"https:\/\/dicodusport.fr\/blog\/#organization\"}},{\"@type\":\"WebPage\",\"@id\":\"https:\/\/dicodusport.fr\/blog\/aviron-mondiaux-jeunes-encore-du-bronze-pour-la-france\/\",\"url\":\"https:\/\/dicodusport.fr\/blog\/aviron-mondiaux-jeunes-encore-du-bronze-pour-la-france\/\",\"name\":\"Aviron - Mondiaux jeunes : Encore du bronze pour la France\",\"isPartOf\":{\"@id\":\"https:\/\/dicodusport.fr\/blog\/#website\"},\"primaryImageOfPage\":{\"@id\":\"https:\/\/dicodusport.fr\/blog\/aviron-mondiaux-jeunes-encore-du-bronze-pour-la-france\/#primaryimage\"},\"image\":{\"@id\":\"https:\/\/dicodusport.fr\/blog\/aviron-mondiaux-jeunes-encore-du-bronze-pour-la-france\/#primaryimage\"},\"thumbnailUrl\":\"https:\/\/dicodusport.fr\/blog\/wp-content\/uploads\/2022\/07\/Aviron-Mondiaux-jeunes-Encore-du-bronze-pour-la-France.png\",\"datePublished\":\"2022-07-31T14:23:52+00:00\",\"dateModified\":\"2022-07-31T15:32:51+00:00\",\"description\":\"CHAMPIONNATS DU MONDE JEUNES D'AVIRON - la France a d\u00e9croch\u00e9 une quatri\u00e8me m\u00e9daille de bronze, gr\u00e2ce au quatre sans barreur U19 f\u00e9minin.\u00a0\",\"breadcrumb\":{\"@id\":\"https:\/\/dicodusport.fr\/blog\/aviron-mondiaux-jeunes-encore-du-bronze-pour-la-france\/#breadcrumb\"},\"inLanguage\":\"fr-FR\",\"potentialAction\":[{\"@type\":\"ReadAction\",\"target\":[\"https:\/\/dicodusport.fr\/blog\/aviron-mondiaux-jeunes-encore-du-bronze-pour-la-france\/\"]}]},{\"@type\":\"ImageObject\",\"inLanguage\":\"fr-FR\",\"@id\":\"https:\/\/dicodusport.fr\/blog\/aviron-mondiaux-jeunes-encore-du-bronze-pour-la-france\/#primaryimage\",\"url\":\"https:\/\/dicodusport.fr\/blog\/wp-content\/uploads\/2022\/07\/Aviron-Mondiaux-jeunes-Encore-du-bronze-pour-la-France.png\",\"contentUrl\":\"https:\/\/dicodusport.fr\/blog\/wp-content\/uploads\/2022\/07\/Aviron-Mondiaux-jeunes-Encore-du-bronze-pour-la-France.png\",\"width\":800,\"height\":445,\"caption\":\"Aviron - Mondiaux jeunes Encore du bronze pour la France\"},{\"@type\":\"BreadcrumbList\",\"@id\":\"https:\/\/dicodusport.fr\/blog\/aviron-mondiaux-jeunes-encore-du-bronze-pour-la-france\/#breadcrumb\",\"itemListElement\":[{\"@type\":\"ListItem\",\"position\":1,\"name\":\"Accueil\",\"item\":\"https:\/\/dicodusport.fr\/blog\/\"},{\"@type\":\"ListItem\",\"position\":2,\"name\":\"Aviron &#8211; Mondiaux jeunes : Encore du bronze pour la France\"}]},{\"@type\":\"WebSite\",\"@id\":\"https:\/\/dicodusport.fr\/blog\/#website\",\"url\":\"https:\/\/dicodusport.fr\/blog\/\",\"name\":\"Dicodusport\",\"description\":\"L&#039;encyclop\u00e9die de l&#039;actualit\u00e9 sportive\",\"publisher\":{\"@id\":\"https:\/\/dicodusport.fr\/blog\/#organization\"},\"potentialAction\":[{\"@type\":\"SearchAction\",\"target\":{\"@type\":\"EntryPoint\",\"urlTemplate\":\"https:\/\/dicodusport.fr\/blog\/?s={search_term_string}\"},\"query-input\":{\"@type\":\"PropertyValueSpecification\",\"valueRequired\":true,\"valueName\":\"search_term_string\"}}],\"inLanguage\":\"fr-FR\"},{\"@type\":\"NewsMediaOrganization\",\"@id\":\"https:\/\/dicodusport.fr\/blog\/#organization\",\"name\":\"Dicodusport\",\"url\":\"https:\/\/dicodusport.fr\/blog\/\",\"logo\":{\"@type\":\"ImageObject\",\"inLanguage\":\"fr-FR\",\"@id\":\"https:\/\/dicodusport.fr\/blog\/#\/schema\/logo\/image\/\",\"url\":\"https:\/\/dicodusport.fr\/blog\/wp-content\/uploads\/2020\/06\/cropped-LOGO-DICODUSPORT-2020-SANS-FOND-SANS-TEXTE.png\",\"contentUrl\":\"https:\/\/dicodusport.fr\/blog\/wp-content\/uploads\/2020\/06\/cropped-LOGO-DICODUSPORT-2020-SANS-FOND-SANS-TEXTE.png\",\"width\":512,\"height\":512,\"caption\":\"Dicodusport\"},\"image\":{\"@id\":\"https:\/\/dicodusport.fr\/blog\/#\/schema\/logo\/image\/\"},\"sameAs\":[\"https:\/\/www.facebook.com\/dicodusport\",\"https:\/\/x.com\/dicodusport\",\"https:\/\/www.instagram.com\/dicodusport\/\",\"https:\/\/www.youtube.com\/channel\/UC7V2KZ5sd3htJivAbA4ZG3w\"],\"description\":\"Dicodusport est l'encyclop\u00e9die de l'actualit\u00e9 sportive.\",\"email\":\"bonjour@dicodusport.fr\",\"legalName\":\"DICODUSPORT\",\"foundingDate\":\"2018-01-14\",\"vatID\":\"FR71834470973\",\"taxID\":\"83447097300043\",\"numberOfEmployees\":{\"@type\":\"QuantitativeValue\",\"minValue\":\"1\",\"maxValue\":\"10\"}},{\"@type\":\"Person\",\"@id\":\"https:\/\/dicodusport.fr\/blog\/#\/schema\/person\/627966a6cde45dbd8c5e36ac85d783da\",\"name\":\"S\u00e9bastien Gente\",\"image\":{\"@type\":\"ImageObject\",\"inLanguage\":\"fr-FR\",\"@id\":\"https:\/\/dicodusport.fr\/blog\/#\/schema\/person\/image\/\",\"url\":\"https:\/\/dicodusport.fr\/blog\/wp-content\/uploads\/2021\/09\/1510990_10205810251400683_4124423575079401707_n-150x150.jpg\",\"contentUrl\":\"https:\/\/dicodusport.fr\/blog\/wp-content\/uploads\/2021\/09\/1510990_10205810251400683_4124423575079401707_n-150x150.jpg\",\"caption\":\"S\u00e9bastien Gente\"},\"description\":\"John Stockton, Gianni Bugno, Zinedine Zidane, Steffi Graf, Frode Andresen, St\u00e9phane Stoecklin, Davis Kamoga, Primoz Peterka, Werner Schlager et Aur\u00e9lien Rougerie. Point commun entre ces sportifs? Ils m'ont fait r\u00eaver et ont berc\u00e9 mon adolescence. Je suis un fondu de sports et j'essaie de retranscrire ma passion \u00e0 travers mes articles. Originaire du P\u00e9rigord, ma passion pour les Girondins, les Jaunards et les Jazzmen transpire dans mes \u00e9crits. \u00c0 Dicodusport depuis 2021, je d\u00e9niche les sports m\u00e9connus dans lesquels la France brille, et il y en a !\",\"sameAs\":[\"https:\/\/www.facebook.com\/sebastien.gente\/\",\"https:\/\/www.instagram.com\/sebgente\/\",\"https:\/\/www.linkedin.com\/in\/sbastien-gente-a29583169\/\",\"https:\/\/x.com\/https:\/\/twitter.com\/globulo24\",\"SebastienGente\"],\"worksFor\":\"S\u00e9bastien GENTE\",\"url\":\"https:\/\/dicodusport.fr\/blog\/author\/sebastiengente\/\"}]}<\/script>\n<!-- \/ Yoast SEO Premium plugin. -->","yoast_head_json":{"title":"Aviron - Mondiaux jeunes : Encore du bronze pour la France","description":"CHAMPIONNATS DU MONDE JEUNES D'AVIRON - la France a d\u00e9croch\u00e9 une quatri\u00e8me m\u00e9daille de bronze, gr\u00e2ce au quatre sans barreur U19 f\u00e9minin.\u00a0","robots":{"index":"index","follow":"follow","max-snippet":"max-snippet:-1","max-image-preview":"max-image-preview:large","max-video-preview":"max-video-preview:-1"},"canonical":"https:\/\/dicodusport.fr\/blog\/aviron-mondiaux-jeunes-encore-du-bronze-pour-la-france\/","og_locale":"fr_FR","og_type":"article","og_title":"Aviron - Mondiaux jeunes : Encore du bronze pour la France","og_description":"CHAMPIONNATS DU MONDE JEUNES D'AVIRON - la France a d\u00e9croch\u00e9 une quatri\u00e8me m\u00e9daille de bronze, gr\u00e2ce au quatre sans barreur U19 f\u00e9minin.\u00a0","og_url":"https:\/\/dicodusport.fr\/blog\/aviron-mondiaux-jeunes-encore-du-bronze-pour-la-france\/","og_site_name":"Dicodusport","article_publisher":"https:\/\/www.facebook.com\/dicodusport","article_author":"https:\/\/www.facebook.com\/sebastien.gente\/","article_published_time":"2022-07-31T14:23:52+00:00","article_modified_time":"2022-07-31T15:32:51+00:00","og_image":[{"width":800,"height":445,"url":"https:\/\/dicodusport.fr\/blog\/wp-content\/uploads\/2022\/07\/Aviron-Mondiaux-jeunes-Encore-du-bronze-pour-la-France.png","type":"image\/png"}],"author":"S\u00e9bastien Gente","twitter_card":"summary_large_image","twitter_title":"Aviron - Mondiaux jeunes : Encore du bronze pour la France","twitter_creator":"@https:\/\/twitter.com\/globulo24","twitter_site":"@dicodusport","schema":{"@context":"https:\/\/schema.org","@graph":[{"@type":"NewsArticle","@id":"https:\/\/dicodusport.fr\/blog\/aviron-mondiaux-jeunes-encore-du-bronze-pour-la-france\/#article","isPartOf":{"@id":"https:\/\/dicodusport.fr\/blog\/aviron-mondiaux-jeunes-encore-du-bronze-pour-la-france\/"},"author":{"name":"S\u00e9bastien Gente","@id":"https:\/\/dicodusport.fr\/blog\/#\/schema\/person\/627966a6cde45dbd8c5e36ac85d783da"},"headline":"Aviron &#8211; Mondiaux jeunes : Encore du bronze pour la France","datePublished":"2022-07-31T14:23:52+00:00","dateModified":"2022-07-31T15:32:51+00:00","mainEntityOfPage":{"@id":"https:\/\/dicodusport.fr\/blog\/aviron-mondiaux-jeunes-encore-du-bronze-pour-la-france\/"},"wordCount":205,"commentCount":0,"publisher":{"@id":"https:\/\/dicodusport.fr\/blog\/#organization"},"image":{"@id":"https:\/\/dicodusport.fr\/blog\/aviron-mondiaux-jeunes-encore-du-bronze-pour-la-france\/#primaryimage"},"thumbnailUrl":"https:\/\/dicodusport.fr\/blog\/wp-content\/uploads\/2022\/07\/Aviron-Mondiaux-jeunes-Encore-du-bronze-pour-la-France.png","keywords":["aviron","aviron fran\u00e7ais","aviron france"],"articleSection":["Aviron"],"inLanguage":"fr-FR","potentialAction":[{"@type":"CommentAction","name":"Comment","target":["https:\/\/dicodusport.fr\/blog\/aviron-mondiaux-jeunes-encore-du-bronze-pour-la-france\/#respond"]}],"copyrightYear":"2022","copyrightHolder":{"@id":"https:\/\/dicodusport.fr\/blog\/#organization"}},{"@type":"WebPage","@id":"https:\/\/dicodusport.fr\/blog\/aviron-mondiaux-jeunes-encore-du-bronze-pour-la-france\/","url":"https:\/\/dicodusport.fr\/blog\/aviron-mondiaux-jeunes-encore-du-bronze-pour-la-france\/","name":"Aviron - Mondiaux jeunes : Encore du bronze pour la France","isPartOf":{"@id":"https:\/\/dicodusport.fr\/blog\/#website"},"primaryImageOfPage":{"@id":"https:\/\/dicodusport.fr\/blog\/aviron-mondiaux-jeunes-encore-du-bronze-pour-la-france\/#primaryimage"},"image":{"@id":"https:\/\/dicodusport.fr\/blog\/aviron-mondiaux-jeunes-encore-du-bronze-pour-la-france\/#primaryimage"},"thumbnailUrl":"https:\/\/dicodusport.fr\/blog\/wp-content\/uploads\/2022\/07\/Aviron-Mondiaux-jeunes-Encore-du-bronze-pour-la-France.png","datePublished":"2022-07-31T14:23:52+00:00","dateModified":"2022-07-31T15:32:51+00:00","description":"CHAMPIONNATS DU MONDE JEUNES D'AVIRON - la France a d\u00e9croch\u00e9 une quatri\u00e8me m\u00e9daille de bronze, gr\u00e2ce au quatre sans barreur U19 f\u00e9minin.\u00a0","breadcrumb":{"@id":"https:\/\/dicodusport.fr\/blog\/aviron-mondiaux-jeunes-encore-du-bronze-pour-la-france\/#breadcrumb"},"inLanguage":"fr-FR","potentialAction":[{"@type":"ReadAction","target":["https:\/\/dicodusport.fr\/blog\/aviron-mondiaux-jeunes-encore-du-bronze-pour-la-france\/"]}]},{"@type":"ImageObject","inLanguage":"fr-FR","@id":"https:\/\/dicodusport.fr\/blog\/aviron-mondiaux-jeunes-encore-du-bronze-pour-la-france\/#primaryimage","url":"https:\/\/dicodusport.fr\/blog\/wp-content\/uploads\/2022\/07\/Aviron-Mondiaux-jeunes-Encore-du-bronze-pour-la-France.png","contentUrl":"https:\/\/dicodusport.fr\/blog\/wp-content\/uploads\/2022\/07\/Aviron-Mondiaux-jeunes-Encore-du-bronze-pour-la-France.png","width":800,"height":445,"caption":"Aviron - Mondiaux jeunes Encore du bronze pour la France"},{"@type":"BreadcrumbList","@id":"https:\/\/dicodusport.fr\/blog\/aviron-mondiaux-jeunes-encore-du-bronze-pour-la-france\/#breadcrumb","itemListElement":[{"@type":"ListItem","position":1,"name":"Accueil","item":"https:\/\/dicodusport.fr\/blog\/"},{"@type":"ListItem","position":2,"name":"Aviron &#8211; Mondiaux jeunes : Encore du bronze pour la France"}]},{"@type":"WebSite","@id":"https:\/\/dicodusport.fr\/blog\/#website","url":"https:\/\/dicodusport.fr\/blog\/","name":"Dicodusport","description":"L&#039;encyclop\u00e9die de l&#039;actualit\u00e9 sportive","publisher":{"@id":"https:\/\/dicodusport.fr\/blog\/#organization"},"potentialAction":[{"@type":"SearchAction","target":{"@type":"EntryPoint","urlTemplate":"https:\/\/dicodusport.fr\/blog\/?s={search_term_string}"},"query-input":{"@type":"PropertyValueSpecification","valueRequired":true,"valueName":"search_term_string"}}],"inLanguage":"fr-FR"},{"@type":"NewsMediaOrganization","@id":"https:\/\/dicodusport.fr\/blog\/#organization","name":"Dicodusport","url":"https:\/\/dicodusport.fr\/blog\/","logo":{"@type":"ImageObject","inLanguage":"fr-FR","@id":"https:\/\/dicodusport.fr\/blog\/#\/schema\/logo\/image\/","url":"https:\/\/dicodusport.fr\/blog\/wp-content\/uploads\/2020\/06\/cropped-LOGO-DICODUSPORT-2020-SANS-FOND-SANS-TEXTE.png","contentUrl":"https:\/\/dicodusport.fr\/blog\/wp-content\/uploads\/2020\/06\/cropped-LOGO-DICODUSPORT-2020-SANS-FOND-SANS-TEXTE.png","width":512,"height":512,"caption":"Dicodusport"},"image":{"@id":"https:\/\/dicodusport.fr\/blog\/#\/schema\/logo\/image\/"},"sameAs":["https:\/\/www.facebook.com\/dicodusport","https:\/\/x.com\/dicodusport","https:\/\/www.instagram.com\/dicodusport\/","https:\/\/www.youtube.com\/channel\/UC7V2KZ5sd3htJivAbA4ZG3w"],"description":"Dicodusport est l'encyclop\u00e9die de l'actualit\u00e9 sportive.","email":"bonjour@dicodusport.fr","legalName":"DICODUSPORT","foundingDate":"2018-01-14","vatID":"FR71834470973","taxID":"83447097300043","numberOfEmployees":{"@type":"QuantitativeValue","minValue":"1","maxValue":"10"}},{"@type":"Person","@id":"https:\/\/dicodusport.fr\/blog\/#\/schema\/person\/627966a6cde45dbd8c5e36ac85d783da","name":"S\u00e9bastien Gente","image":{"@type":"ImageObject","inLanguage":"fr-FR","@id":"https:\/\/dicodusport.fr\/blog\/#\/schema\/person\/image\/","url":"https:\/\/dicodusport.fr\/blog\/wp-content\/uploads\/2021\/09\/1510990_10205810251400683_4124423575079401707_n-150x150.jpg","contentUrl":"https:\/\/dicodusport.fr\/blog\/wp-content\/uploads\/2021\/09\/1510990_10205810251400683_4124423575079401707_n-150x150.jpg","caption":"S\u00e9bastien Gente"},"description":"John Stockton, Gianni Bugno, Zinedine Zidane, Steffi Graf, Frode Andresen, St\u00e9phane Stoecklin, Davis Kamoga, Primoz Peterka, Werner Schlager et Aur\u00e9lien Rougerie. Point commun entre ces sportifs? Ils m'ont fait r\u00eaver et ont berc\u00e9 mon adolescence. Je suis un fondu de sports et j'essaie de retranscrire ma passion \u00e0 travers mes articles. Originaire du P\u00e9rigord, ma passion pour les Girondins, les Jaunards et les Jazzmen transpire dans mes \u00e9crits. \u00c0 Dicodusport depuis 2021, je d\u00e9niche les sports m\u00e9connus dans lesquels la France brille, et il y en a !","sameAs":["https:\/\/www.facebook.com\/sebastien.gente\/","https:\/\/www.instagram.com\/sebgente\/","https:\/\/www.linkedin.com\/in\/sbastien-gente-a29583169\/","https:\/\/x.com\/https:\/\/twitter.com\/globulo24","SebastienGente"],"worksFor":"S\u00e9bastien GENTE","url":"https:\/\/dicodusport.fr\/blog\/author\/sebastiengente\/"}]}},"_links":{"self":[{"href":"https:\/\/dicodusport.fr\/blog\/wp-json\/wp\/v2\/posts\/247936","targetHints":{"allow":["GET"]}}],"collection":[{"href":"https:\/\/dicodusport.fr\/blog\/wp-json\/wp\/v2\/posts"}],"about":[{"href":"https:\/\/dicodusport.fr\/blog\/wp-json\/wp\/v2\/types\/post"}],"author":[{"embeddable":true,"href":"https:\/\/dicodusport.fr\/blog\/wp-json\/wp\/v2\/users\/59"}],"replies":[{"embeddable":true,"href":"https:\/\/dicodusport.fr\/blog\/wp-json\/wp\/v2\/comments?post=247936"}],"version-history":[{"count":0,"href":"https:\/\/dicodusport.fr\/blog\/wp-json\/wp\/v2\/posts\/247936\/revisions"}],"wp:featuredmedia":[{"embeddable":true,"href":"https:\/\/dicodusport.fr\/blog\/wp-json\/wp\/v2\/media\/248022"}],"wp:attachment":[{"href":"https:\/\/dicodusport.fr\/blog\/wp-json\/wp\/v2\/media?parent=247936"}],"wp:term":[{"taxonomy":"category","embeddable":true,"href":"https:\/\/dicodusport.fr\/blog\/wp-json\/wp\/v2\/categories?post=247936"},{"taxonomy":"post_tag","embeddable":true,"href":"https:\/\/dicodusport.fr\/blog\/wp-json\/wp\/v2\/tags?post=247936"}],"curies":[{"name":"wp","href":"https:\/\/api.w.org\/{rel}","templated":true}]}}