{"id":248010,"date":"2022-07-31T17:02:46","date_gmt":"2022-07-31T15:02:46","guid":{"rendered":"https:\/\/dicodusport.fr\/blog\/?p=248010&#038;preview=true&#038;preview_id=248010"},"modified":"2022-07-31T18:59:07","modified_gmt":"2022-07-31T16:59:07","slug":"tour-de-pologne-2022-gerben-thijssen-gagne-la-2eme-etape","status":"publish","type":"post","link":"https:\/\/dicodusport.fr\/blog\/tour-de-pologne-2022-gerben-thijssen-gagne-la-2eme-etape\/","title":{"rendered":"Tour de Pologne 2022 : Gerben Thijssen gagne la 2\u00e8me \u00e9tape"},"content":{"rendered":"<p style=\"text-align: justify;\"><em><strong><a href=\"https:\/\/dicodusport.fr\/blog\/actualites\/cyclisme\/cyclisme-sur-route-2022\/\">CYCLISME SUR ROUTE 2022<\/a> &#8211; Gerben Thijssen (Intermarch\u00e9 &#8211; Wanty &#8211; Gobert Mat\u00e9riaux) <span class=\"tojvnm2t a6sixzi8 abs2jz4q a8s20v7p t1p8iaqh k5wvi7nf q3lfd5jv pk4s997a bipmatt0 cebpdrjk qowsmv63 owwhemhu dp1hu0rb dhp61c6y iyyx5f41\">s&rsquo;est impos\u00e9 au sprint sur la deuxi\u00e8me \u00e9tape du Tour de Pologne \u00e0 <span class=\"red\">Zamo\u015b\u0107<\/span>. Il a devanc\u00e9 Pascal Ackermann (UAE Team Emirates) et Jonathan Milan (Bahrain &#8211; Victorious).<br \/>\n<\/span><\/strong><\/em><\/p>\n<p style=\"text-align: justify;\"><span class=\"tojvnm2t a6sixzi8 abs2jz4q a8s20v7p t1p8iaqh k5wvi7nf q3lfd5jv pk4s997a bipmatt0 cebpdrjk qowsmv63 owwhemhu dp1hu0rb dhp61c6y iyyx5f41\">D&rsquo;abord, apr\u00e8s une vingtaine de kilom\u00e8tres, quatre coureurs ont form\u00e9 l&rsquo;\u00e9chapp\u00e9e du jour : <strong>Jasper De Buyst<\/strong> (Lotto Soudal), <strong>Jonas Abrahamsen<\/strong> (Uno-X Pro Cycling Team), <strong>Patrick Stosz<\/strong> et <strong>Piotr Brozyna<\/strong> (Pologne). Au sprint interm\u00e9diaire de Hrubiesz\u00f3w, <strong>Stosz<\/strong> est pass\u00e9 en premi\u00e8re position avant que l&rsquo;\u00e9cart est atteint plus de 6 minutes \u00e0 la mi-course. <strong>Jonas Abrahamsen<\/strong> a franchi en t\u00eate la premi\u00e8re difficult\u00e9 et Piotr Brozyna la seconde. <\/span><\/p>\n<p style=\"text-align: justify;\"><span class=\"tojvnm2t a6sixzi8 abs2jz4q a8s20v7p t1p8iaqh k5wvi7nf q3lfd5jv pk4s997a bipmatt0 cebpdrjk qowsmv63 owwhemhu dp1hu0rb dhp61c6y iyyx5f41\">Puis, les \u00e9quipes <strong>Jumbo Visma, Groupama FDJ<\/strong> et <strong>Quick-Step-Alpha Vinyl<\/strong> ont pris les commandes du peloton pour r\u00e9duire l&rsquo;\u00e9cart des quatre fuyards. <strong>Stosz<\/strong> a franchi en premi\u00e8re position le sprint interm\u00e9diaire de Tomasz\u00f3w Lubelski.<\/span><\/p>\n<h2>La surprise Gerbert Thijssen<\/h2>\n<p style=\"text-align: justify;\"><span class=\"tojvnm2t a6sixzi8 abs2jz4q a8s20v7p t1p8iaqh k5wvi7nf q3lfd5jv pk4s997a bipmatt0 cebpdrjk qowsmv63 owwhemhu dp1hu0rb dhp61c6y iyyx5f41\">Par la suite, lors du troisi\u00e8me sprint interm\u00e9diaire, <strong>Abrahamsen<\/strong> a pris le meilleur sur <strong>Stosz<\/strong> alors que l&rsquo;\u00e9cart n&rsquo;\u00e9tait plus que de 2 minutes 20 \u00e0 40 kilom\u00e8tres du terme. Mais ces deux coureurs ont \u00e9t\u00e9 les premiers distanc\u00e9s du groupe de t\u00eate \u00e0 30 kilom\u00e8tres de l&rsquo;arriv\u00e9e. Au sein du peloton, d&rsquo;autres \u00e9quipes sont venues en soutien dans la poursuite comme le <strong>Team DSM<\/strong> et la <strong>Bahrain-Victorious<\/strong>. Apr\u00e8s avoir l\u00e2ch\u00e9 Brozyna, <strong>Jasper De Buyst<\/strong> a \u00e9t\u00e9 aval\u00e9 par le peloton \u00e0 1,4 kilom\u00e8tres de l&rsquo;arriv\u00e9e.<\/span><\/p>\n<p style=\"text-align: justify;\"><span class=\"tojvnm2t a6sixzi8 abs2jz4q a8s20v7p t1p8iaqh k5wvi7nf q3lfd5jv pk4s997a bipmatt0 cebpdrjk qowsmv63 owwhemhu dp1hu0rb dhp61c6y iyyx5f41\">Finalement, dans un sprint assez d\u00e9sorganis\u00e9, <strong>Gerben Thijssen<\/strong> (Intermarch\u00e9-Wanty-Gobert-Mat\u00e9riaux) s&rsquo;est montr\u00e9 le plus v\u00e9loce au sprint pour signer sa deuxi\u00e8me victoire de la saison apr\u00e8s son succ\u00e8s sur la derni\u00e8re \u00e9tape des 4 Jours de Dunkerque. Le sprinteur belge de 24 ans a devanc\u00e9 <strong>Pascal Ackermann<\/strong> (UAE Team Emirates) et <strong>Jonathan Milan<\/strong> (Bahrain-Victorious). Le vainqueur de la premi\u00e8re \u00e9tape <strong>Olav Kooij<\/strong> (Jumbo-Visma) a fini au pied du podium tandis qu&rsquo;<strong>Arnaud D\u00e9mare<\/strong> (Groupama FDJ) a fini \u00e0 la sixi\u00e8me place. <\/span><\/p>\n<blockquote class=\"twitter-tweet\">\n<p dir=\"ltr\" lang=\"fr\">Gerben Thijssen a remport\u00e9 au sprint la 2e \u00e9tape du <a href=\"https:\/\/twitter.com\/hashtag\/TDP22?src=hash&amp;ref_src=twsrc%5Etfw\">#TDP22<\/a> devant Pascal Ackermann et Jonathan Milan. <a href=\"https:\/\/twitter.com\/hashtag\/TDP2022?src=hash&amp;ref_src=twsrc%5Etfw\">#TDP2022<\/a> <a href=\"https:\/\/twitter.com\/hashtag\/wielrennen?src=hash&amp;ref_src=twsrc%5Etfw\">#wielrennen<\/a> <a href=\"https:\/\/twitter.com\/hashtag\/cyclisme?src=hash&amp;ref_src=twsrc%5Etfw\">#cyclisme<\/a> <a href=\"https:\/\/t.co\/LlW4GnFYBb\">pic.twitter.com\/LlW4GnFYBb<\/a><\/p>\n<p>\u2014 Les Rois du Peloton (@LRoisDuPeloton) <a href=\"https:\/\/twitter.com\/LRoisDuPeloton\/status\/1553759379018719232?ref_src=twsrc%5Etfw\">July 31, 2022<\/a><\/p><\/blockquote>\n<p><script async src=\"https:\/\/platform.twitter.com\/widgets.js\" charset=\"utf-8\"><\/script><\/p>\n<p style=\"text-align: justify;\"><span class=\"tojvnm2t a6sixzi8 abs2jz4q a8s20v7p t1p8iaqh k5wvi7nf q3lfd5jv pk4s997a bipmatt0 cebpdrjk qowsmv63 owwhemhu dp1hu0rb dhp61c6y iyyx5f41\">Gr\u00e2ce aux 12 secondes de bonification prises au sprint interm\u00e9diaire dans les \u00e9chapp\u00e9es d&rsquo;hier et d&rsquo;aujourd&rsquo;hui, <strong>Jonas Abrahamsen<\/strong> (Uno-X Pro Cycling Team) prend les commandes du g\u00e9n\u00e9ral devant <strong>Olav Kooij<\/strong> (Jumbo-Visma). Demain, place \u00e0 une arriv\u00e9e difficile \u00e0 <span class=\"red\">Przemy\u015bl<\/span>.<br \/>\n<\/span><\/p>\n<h2 style=\"text-align: justify;\">\u00c0 lire aussi<\/h2>\n<ul>\n<li style=\"text-align: justify;\"><a href=\"https:\/\/dicodusport.fr\/blog\/tour-de-pologne-2022-classement-2eme-etape\/\"><strong>Tour de Pologne &#8211; le classement de la 2\u00e8me \u00e9tape<\/strong><\/a><\/li>\n<li style=\"text-align: justify;\"><a href=\"https:\/\/dicodusport.fr\/blog\/tour-de-pologne-2022-classement-general\/\"><strong>Tour de Pologne &#8211; le classement g\u00e9n\u00e9ral<\/strong><\/a><\/li>\n<\/ul>\n","protected":false},"excerpt":{"rendered":"<p>CYCLISME SUR ROUTE 2022 &#8211; Olav Kooij (Jumbo Visma) s&rsquo;est impos\u00e9 sur la premi\u00e8re \u00e9tape du 79\u00e8me Tour de Pologne, en r\u00e9sistant au retour de Phil Bauhaus (Bahrain Victorious). Kooij\u00a0 prend les commandes du g\u00e9n\u00e9ral.<\/p>\n","protected":false},"author":48,"featured_media":248127,"comment_status":"open","ping_status":"closed","sticky":false,"template":"","format":"standard","meta":{"_acf_changed":false,"_daextam_enable_autolinks":"","footnotes":""},"categories":[46994],"tags":[3119,8391],"class_list":["post-248010","post","type-post","status-publish","format-standard","has-post-thumbnail","hentry","category-cyclisme-sur-route","tag-actualite-cyclisme","tag-tour-de-pologne"],"acf":[],"yoast_head":"<!-- This site is optimized with the Yoast SEO Premium plugin v26.7 (Yoast SEO v26.7) - https:\/\/yoast.com\/wordpress\/plugins\/seo\/ -->\n<title>Tour de Pologne 2022 : Gerben Thijssen gagne la 2\u00e8me \u00e9tape<\/title>\n<meta name=\"description\" content=\"CYCLISME SUR ROUTE 2022 - Gerben Thijssen (Intermarch\u00e9 Wanty Gobert) s&#039;est impos\u00e9 au sprint sur la deuxi\u00e8me \u00e9tape du Tour de Pologne.\" \/>\n<meta name=\"robots\" content=\"index, follow, max-snippet:-1, max-image-preview:large, max-video-preview:-1\" \/>\n<link rel=\"canonical\" href=\"https:\/\/dicodusport.fr\/blog\/tour-de-pologne-2022-gerben-thijssen-gagne-la-2eme-etape\/\" \/>\n<meta property=\"og:locale\" content=\"fr_FR\" \/>\n<meta property=\"og:type\" content=\"article\" \/>\n<meta property=\"og:title\" content=\"Tour de Pologne 2022 : Gerben Thijssen gagne la 2\u00e8me \u00e9tape\" \/>\n<meta property=\"og:description\" content=\"CYCLISME SUR ROUTE 2022 - Gerben Thijssen (Intermarch\u00e9 Wanty Gobert) s&#039;est impos\u00e9 au sprint sur la deuxi\u00e8me \u00e9tape du Tour de Pologne.\" \/>\n<meta property=\"og:url\" content=\"https:\/\/dicodusport.fr\/blog\/tour-de-pologne-2022-gerben-thijssen-gagne-la-2eme-etape\/\" \/>\n<meta property=\"og:site_name\" content=\"Dicodusport\" \/>\n<meta property=\"article:publisher\" content=\"https:\/\/www.facebook.com\/dicodusport\" \/>\n<meta property=\"article:author\" content=\"https:\/\/www.facebook.com\/groups\/LesRoisDuPeloton\" \/>\n<meta property=\"article:published_time\" content=\"2022-07-31T15:02:46+00:00\" \/>\n<meta property=\"article:modified_time\" content=\"2022-07-31T16:59:07+00:00\" \/>\n<meta property=\"og:image\" content=\"https:\/\/dicodusport.fr\/blog\/wp-content\/uploads\/2022\/07\/Tour-de-Pologne-2022-Gerben-Thijssen-gagne-la-2eme-etape-1.png\" \/>\n\t<meta property=\"og:image:width\" content=\"800\" \/>\n\t<meta property=\"og:image:height\" content=\"445\" \/>\n\t<meta property=\"og:image:type\" content=\"image\/png\" \/>\n<meta name=\"author\" content=\"Emilien Descampiaux\" \/>\n<meta name=\"twitter:card\" content=\"summary_large_image\" \/>\n<meta name=\"twitter:title\" content=\"Tour de Pologne 2022 : Gerben Thijssen gagne la 2\u00e8me \u00e9tape\" \/>\n<meta name=\"twitter:creator\" content=\"@https:\/\/twitter.com\/LRoisDuPeloton\" \/>\n<meta name=\"twitter:site\" content=\"@dicodusport\" \/>\n<script type=\"application\/ld+json\" class=\"yoast-schema-graph\">{\"@context\":\"https:\/\/schema.org\",\"@graph\":[{\"@type\":\"NewsArticle\",\"@id\":\"https:\/\/dicodusport.fr\/blog\/tour-de-pologne-2022-gerben-thijssen-gagne-la-2eme-etape\/#article\",\"isPartOf\":{\"@id\":\"https:\/\/dicodusport.fr\/blog\/tour-de-pologne-2022-gerben-thijssen-gagne-la-2eme-etape\/\"},\"author\":{\"name\":\"Emilien Descampiaux\",\"@id\":\"https:\/\/dicodusport.fr\/blog\/#\/schema\/person\/6db4bae06b171592211be385b32876a7\"},\"headline\":\"Tour de Pologne 2022 : Gerben Thijssen gagne la 2\u00e8me \u00e9tape\",\"datePublished\":\"2022-07-31T15:02:46+00:00\",\"dateModified\":\"2022-07-31T16:59:07+00:00\",\"mainEntityOfPage\":{\"@id\":\"https:\/\/dicodusport.fr\/blog\/tour-de-pologne-2022-gerben-thijssen-gagne-la-2eme-etape\/\"},\"wordCount\":451,\"commentCount\":0,\"publisher\":{\"@id\":\"https:\/\/dicodusport.fr\/blog\/#organization\"},\"image\":{\"@id\":\"https:\/\/dicodusport.fr\/blog\/tour-de-pologne-2022-gerben-thijssen-gagne-la-2eme-etape\/#primaryimage\"},\"thumbnailUrl\":\"https:\/\/dicodusport.fr\/blog\/wp-content\/uploads\/2022\/07\/Tour-de-Pologne-2022-Gerben-Thijssen-gagne-la-2eme-etape-1.png\",\"keywords\":[\"Actualit\u00e9 Cyclisme\",\"Tour de Pologne\"],\"articleSection\":[\"Cyclisme sur route\"],\"inLanguage\":\"fr-FR\",\"potentialAction\":[{\"@type\":\"CommentAction\",\"name\":\"Comment\",\"target\":[\"https:\/\/dicodusport.fr\/blog\/tour-de-pologne-2022-gerben-thijssen-gagne-la-2eme-etape\/#respond\"]}],\"copyrightYear\":\"2022\",\"copyrightHolder\":{\"@id\":\"https:\/\/dicodusport.fr\/blog\/#organization\"}},{\"@type\":\"WebPage\",\"@id\":\"https:\/\/dicodusport.fr\/blog\/tour-de-pologne-2022-gerben-thijssen-gagne-la-2eme-etape\/\",\"url\":\"https:\/\/dicodusport.fr\/blog\/tour-de-pologne-2022-gerben-thijssen-gagne-la-2eme-etape\/\",\"name\":\"Tour de Pologne 2022 : Gerben Thijssen gagne la 2\u00e8me \u00e9tape\",\"isPartOf\":{\"@id\":\"https:\/\/dicodusport.fr\/blog\/#website\"},\"primaryImageOfPage\":{\"@id\":\"https:\/\/dicodusport.fr\/blog\/tour-de-pologne-2022-gerben-thijssen-gagne-la-2eme-etape\/#primaryimage\"},\"image\":{\"@id\":\"https:\/\/dicodusport.fr\/blog\/tour-de-pologne-2022-gerben-thijssen-gagne-la-2eme-etape\/#primaryimage\"},\"thumbnailUrl\":\"https:\/\/dicodusport.fr\/blog\/wp-content\/uploads\/2022\/07\/Tour-de-Pologne-2022-Gerben-Thijssen-gagne-la-2eme-etape-1.png\",\"datePublished\":\"2022-07-31T15:02:46+00:00\",\"dateModified\":\"2022-07-31T16:59:07+00:00\",\"description\":\"CYCLISME SUR ROUTE 2022 - Gerben Thijssen (Intermarch\u00e9 Wanty Gobert) s'est impos\u00e9 au sprint sur la deuxi\u00e8me \u00e9tape du Tour de Pologne.\",\"breadcrumb\":{\"@id\":\"https:\/\/dicodusport.fr\/blog\/tour-de-pologne-2022-gerben-thijssen-gagne-la-2eme-etape\/#breadcrumb\"},\"inLanguage\":\"fr-FR\",\"potentialAction\":[{\"@type\":\"ReadAction\",\"target\":[\"https:\/\/dicodusport.fr\/blog\/tour-de-pologne-2022-gerben-thijssen-gagne-la-2eme-etape\/\"]}]},{\"@type\":\"ImageObject\",\"inLanguage\":\"fr-FR\",\"@id\":\"https:\/\/dicodusport.fr\/blog\/tour-de-pologne-2022-gerben-thijssen-gagne-la-2eme-etape\/#primaryimage\",\"url\":\"https:\/\/dicodusport.fr\/blog\/wp-content\/uploads\/2022\/07\/Tour-de-Pologne-2022-Gerben-Thijssen-gagne-la-2eme-etape-1.png\",\"contentUrl\":\"https:\/\/dicodusport.fr\/blog\/wp-content\/uploads\/2022\/07\/Tour-de-Pologne-2022-Gerben-Thijssen-gagne-la-2eme-etape-1.png\",\"width\":800,\"height\":445,\"caption\":\"Tour de Pologne 2022 Gerben Thijssen gagne la 2\u00e8me \u00e9tape\"},{\"@type\":\"BreadcrumbList\",\"@id\":\"https:\/\/dicodusport.fr\/blog\/tour-de-pologne-2022-gerben-thijssen-gagne-la-2eme-etape\/#breadcrumb\",\"itemListElement\":[{\"@type\":\"ListItem\",\"position\":1,\"name\":\"Accueil\",\"item\":\"https:\/\/dicodusport.fr\/blog\/\"},{\"@type\":\"ListItem\",\"position\":2,\"name\":\"Tour de Pologne 2022 : Gerben Thijssen gagne la 2\u00e8me \u00e9tape\"}]},{\"@type\":\"WebSite\",\"@id\":\"https:\/\/dicodusport.fr\/blog\/#website\",\"url\":\"https:\/\/dicodusport.fr\/blog\/\",\"name\":\"Dicodusport\",\"description\":\"L&#039;encyclop\u00e9die de l&#039;actualit\u00e9 sportive\",\"publisher\":{\"@id\":\"https:\/\/dicodusport.fr\/blog\/#organization\"},\"potentialAction\":[{\"@type\":\"SearchAction\",\"target\":{\"@type\":\"EntryPoint\",\"urlTemplate\":\"https:\/\/dicodusport.fr\/blog\/?s={search_term_string}\"},\"query-input\":{\"@type\":\"PropertyValueSpecification\",\"valueRequired\":true,\"valueName\":\"search_term_string\"}}],\"inLanguage\":\"fr-FR\"},{\"@type\":\"NewsMediaOrganization\",\"@id\":\"https:\/\/dicodusport.fr\/blog\/#organization\",\"name\":\"Dicodusport\",\"url\":\"https:\/\/dicodusport.fr\/blog\/\",\"logo\":{\"@type\":\"ImageObject\",\"inLanguage\":\"fr-FR\",\"@id\":\"https:\/\/dicodusport.fr\/blog\/#\/schema\/logo\/image\/\",\"url\":\"https:\/\/dicodusport.fr\/blog\/wp-content\/uploads\/2020\/06\/cropped-LOGO-DICODUSPORT-2020-SANS-FOND-SANS-TEXTE.png\",\"contentUrl\":\"https:\/\/dicodusport.fr\/blog\/wp-content\/uploads\/2020\/06\/cropped-LOGO-DICODUSPORT-2020-SANS-FOND-SANS-TEXTE.png\",\"width\":512,\"height\":512,\"caption\":\"Dicodusport\"},\"image\":{\"@id\":\"https:\/\/dicodusport.fr\/blog\/#\/schema\/logo\/image\/\"},\"sameAs\":[\"https:\/\/www.facebook.com\/dicodusport\",\"https:\/\/x.com\/dicodusport\",\"https:\/\/www.instagram.com\/dicodusport\/\",\"https:\/\/www.youtube.com\/channel\/UC7V2KZ5sd3htJivAbA4ZG3w\"],\"description\":\"Dicodusport est l'encyclop\u00e9die de l'actualit\u00e9 sportive.\",\"email\":\"bonjour@dicodusport.fr\",\"legalName\":\"DICODUSPORT\",\"foundingDate\":\"2018-01-14\",\"vatID\":\"FR71834470973\",\"taxID\":\"83447097300043\",\"numberOfEmployees\":{\"@type\":\"QuantitativeValue\",\"minValue\":\"1\",\"maxValue\":\"10\"}},{\"@type\":\"Person\",\"@id\":\"https:\/\/dicodusport.fr\/blog\/#\/schema\/person\/6db4bae06b171592211be385b32876a7\",\"name\":\"Emilien Descampiaux\",\"image\":{\"@type\":\"ImageObject\",\"inLanguage\":\"fr-FR\",\"@id\":\"https:\/\/dicodusport.fr\/blog\/#\/schema\/person\/image\/\",\"url\":\"https:\/\/dicodusport.fr\/blog\/wp-content\/uploads\/2021\/05\/Emilien-Descampiaux-150x150.jpg\",\"contentUrl\":\"https:\/\/dicodusport.fr\/blog\/wp-content\/uploads\/2021\/05\/Emilien-Descampiaux-150x150.jpg\",\"caption\":\"Emilien Descampiaux\"},\"description\":\"Journaliste\/r\u00e9dacteur depuis 2014 - Fan de la classe de Frank Vandenbroucke, je vis cyclisme (et de ses paysages) depuis plus de 20 ans. Je suis tr\u00e8s impliqu\u00e9 sur mes diff\u00e9rents r\u00e9seaux sociaux pour partager ma passion sur le monde et l'Histoire de la bicyclette avec ma voix sur les images en noir et blanc du succ\u00e8s de Rik Van Steenbergen lors du Ronde sur le V\u00e9lodrome de Gand.\",\"sameAs\":[\"https:\/\/www.facebook.com\/groups\/LesRoisDuPeloton\",\"https:\/\/x.com\/https:\/\/twitter.com\/LRoisDuPeloton\"],\"url\":\"https:\/\/dicodusport.fr\/blog\/author\/emiliend\/\"}]}<\/script>\n<!-- \/ Yoast SEO Premium plugin. -->","yoast_head_json":{"title":"Tour de Pologne 2022 : Gerben Thijssen gagne la 2\u00e8me \u00e9tape","description":"CYCLISME SUR ROUTE 2022 - Gerben Thijssen (Intermarch\u00e9 Wanty Gobert) s'est impos\u00e9 au sprint sur la deuxi\u00e8me \u00e9tape du Tour de Pologne.","robots":{"index":"index","follow":"follow","max-snippet":"max-snippet:-1","max-image-preview":"max-image-preview:large","max-video-preview":"max-video-preview:-1"},"canonical":"https:\/\/dicodusport.fr\/blog\/tour-de-pologne-2022-gerben-thijssen-gagne-la-2eme-etape\/","og_locale":"fr_FR","og_type":"article","og_title":"Tour de Pologne 2022 : Gerben Thijssen gagne la 2\u00e8me \u00e9tape","og_description":"CYCLISME SUR ROUTE 2022 - Gerben Thijssen (Intermarch\u00e9 Wanty Gobert) s'est impos\u00e9 au sprint sur la deuxi\u00e8me \u00e9tape du Tour de Pologne.","og_url":"https:\/\/dicodusport.fr\/blog\/tour-de-pologne-2022-gerben-thijssen-gagne-la-2eme-etape\/","og_site_name":"Dicodusport","article_publisher":"https:\/\/www.facebook.com\/dicodusport","article_author":"https:\/\/www.facebook.com\/groups\/LesRoisDuPeloton","article_published_time":"2022-07-31T15:02:46+00:00","article_modified_time":"2022-07-31T16:59:07+00:00","og_image":[{"width":800,"height":445,"url":"https:\/\/dicodusport.fr\/blog\/wp-content\/uploads\/2022\/07\/Tour-de-Pologne-2022-Gerben-Thijssen-gagne-la-2eme-etape-1.png","type":"image\/png"}],"author":"Emilien Descampiaux","twitter_card":"summary_large_image","twitter_title":"Tour de Pologne 2022 : Gerben Thijssen gagne la 2\u00e8me \u00e9tape","twitter_creator":"@https:\/\/twitter.com\/LRoisDuPeloton","twitter_site":"@dicodusport","schema":{"@context":"https:\/\/schema.org","@graph":[{"@type":"NewsArticle","@id":"https:\/\/dicodusport.fr\/blog\/tour-de-pologne-2022-gerben-thijssen-gagne-la-2eme-etape\/#article","isPartOf":{"@id":"https:\/\/dicodusport.fr\/blog\/tour-de-pologne-2022-gerben-thijssen-gagne-la-2eme-etape\/"},"author":{"name":"Emilien Descampiaux","@id":"https:\/\/dicodusport.fr\/blog\/#\/schema\/person\/6db4bae06b171592211be385b32876a7"},"headline":"Tour de Pologne 2022 : Gerben Thijssen gagne la 2\u00e8me \u00e9tape","datePublished":"2022-07-31T15:02:46+00:00","dateModified":"2022-07-31T16:59:07+00:00","mainEntityOfPage":{"@id":"https:\/\/dicodusport.fr\/blog\/tour-de-pologne-2022-gerben-thijssen-gagne-la-2eme-etape\/"},"wordCount":451,"commentCount":0,"publisher":{"@id":"https:\/\/dicodusport.fr\/blog\/#organization"},"image":{"@id":"https:\/\/dicodusport.fr\/blog\/tour-de-pologne-2022-gerben-thijssen-gagne-la-2eme-etape\/#primaryimage"},"thumbnailUrl":"https:\/\/dicodusport.fr\/blog\/wp-content\/uploads\/2022\/07\/Tour-de-Pologne-2022-Gerben-Thijssen-gagne-la-2eme-etape-1.png","keywords":["Actualit\u00e9 Cyclisme","Tour de Pologne"],"articleSection":["Cyclisme sur route"],"inLanguage":"fr-FR","potentialAction":[{"@type":"CommentAction","name":"Comment","target":["https:\/\/dicodusport.fr\/blog\/tour-de-pologne-2022-gerben-thijssen-gagne-la-2eme-etape\/#respond"]}],"copyrightYear":"2022","copyrightHolder":{"@id":"https:\/\/dicodusport.fr\/blog\/#organization"}},{"@type":"WebPage","@id":"https:\/\/dicodusport.fr\/blog\/tour-de-pologne-2022-gerben-thijssen-gagne-la-2eme-etape\/","url":"https:\/\/dicodusport.fr\/blog\/tour-de-pologne-2022-gerben-thijssen-gagne-la-2eme-etape\/","name":"Tour de Pologne 2022 : Gerben Thijssen gagne la 2\u00e8me \u00e9tape","isPartOf":{"@id":"https:\/\/dicodusport.fr\/blog\/#website"},"primaryImageOfPage":{"@id":"https:\/\/dicodusport.fr\/blog\/tour-de-pologne-2022-gerben-thijssen-gagne-la-2eme-etape\/#primaryimage"},"image":{"@id":"https:\/\/dicodusport.fr\/blog\/tour-de-pologne-2022-gerben-thijssen-gagne-la-2eme-etape\/#primaryimage"},"thumbnailUrl":"https:\/\/dicodusport.fr\/blog\/wp-content\/uploads\/2022\/07\/Tour-de-Pologne-2022-Gerben-Thijssen-gagne-la-2eme-etape-1.png","datePublished":"2022-07-31T15:02:46+00:00","dateModified":"2022-07-31T16:59:07+00:00","description":"CYCLISME SUR ROUTE 2022 - Gerben Thijssen (Intermarch\u00e9 Wanty Gobert) s'est impos\u00e9 au sprint sur la deuxi\u00e8me \u00e9tape du Tour de Pologne.","breadcrumb":{"@id":"https:\/\/dicodusport.fr\/blog\/tour-de-pologne-2022-gerben-thijssen-gagne-la-2eme-etape\/#breadcrumb"},"inLanguage":"fr-FR","potentialAction":[{"@type":"ReadAction","target":["https:\/\/dicodusport.fr\/blog\/tour-de-pologne-2022-gerben-thijssen-gagne-la-2eme-etape\/"]}]},{"@type":"ImageObject","inLanguage":"fr-FR","@id":"https:\/\/dicodusport.fr\/blog\/tour-de-pologne-2022-gerben-thijssen-gagne-la-2eme-etape\/#primaryimage","url":"https:\/\/dicodusport.fr\/blog\/wp-content\/uploads\/2022\/07\/Tour-de-Pologne-2022-Gerben-Thijssen-gagne-la-2eme-etape-1.png","contentUrl":"https:\/\/dicodusport.fr\/blog\/wp-content\/uploads\/2022\/07\/Tour-de-Pologne-2022-Gerben-Thijssen-gagne-la-2eme-etape-1.png","width":800,"height":445,"caption":"Tour de Pologne 2022 Gerben Thijssen gagne la 2\u00e8me \u00e9tape"},{"@type":"BreadcrumbList","@id":"https:\/\/dicodusport.fr\/blog\/tour-de-pologne-2022-gerben-thijssen-gagne-la-2eme-etape\/#breadcrumb","itemListElement":[{"@type":"ListItem","position":1,"name":"Accueil","item":"https:\/\/dicodusport.fr\/blog\/"},{"@type":"ListItem","position":2,"name":"Tour de Pologne 2022 : Gerben Thijssen gagne la 2\u00e8me \u00e9tape"}]},{"@type":"WebSite","@id":"https:\/\/dicodusport.fr\/blog\/#website","url":"https:\/\/dicodusport.fr\/blog\/","name":"Dicodusport","description":"L&#039;encyclop\u00e9die de l&#039;actualit\u00e9 sportive","publisher":{"@id":"https:\/\/dicodusport.fr\/blog\/#organization"},"potentialAction":[{"@type":"SearchAction","target":{"@type":"EntryPoint","urlTemplate":"https:\/\/dicodusport.fr\/blog\/?s={search_term_string}"},"query-input":{"@type":"PropertyValueSpecification","valueRequired":true,"valueName":"search_term_string"}}],"inLanguage":"fr-FR"},{"@type":"NewsMediaOrganization","@id":"https:\/\/dicodusport.fr\/blog\/#organization","name":"Dicodusport","url":"https:\/\/dicodusport.fr\/blog\/","logo":{"@type":"ImageObject","inLanguage":"fr-FR","@id":"https:\/\/dicodusport.fr\/blog\/#\/schema\/logo\/image\/","url":"https:\/\/dicodusport.fr\/blog\/wp-content\/uploads\/2020\/06\/cropped-LOGO-DICODUSPORT-2020-SANS-FOND-SANS-TEXTE.png","contentUrl":"https:\/\/dicodusport.fr\/blog\/wp-content\/uploads\/2020\/06\/cropped-LOGO-DICODUSPORT-2020-SANS-FOND-SANS-TEXTE.png","width":512,"height":512,"caption":"Dicodusport"},"image":{"@id":"https:\/\/dicodusport.fr\/blog\/#\/schema\/logo\/image\/"},"sameAs":["https:\/\/www.facebook.com\/dicodusport","https:\/\/x.com\/dicodusport","https:\/\/www.instagram.com\/dicodusport\/","https:\/\/www.youtube.com\/channel\/UC7V2KZ5sd3htJivAbA4ZG3w"],"description":"Dicodusport est l'encyclop\u00e9die de l'actualit\u00e9 sportive.","email":"bonjour@dicodusport.fr","legalName":"DICODUSPORT","foundingDate":"2018-01-14","vatID":"FR71834470973","taxID":"83447097300043","numberOfEmployees":{"@type":"QuantitativeValue","minValue":"1","maxValue":"10"}},{"@type":"Person","@id":"https:\/\/dicodusport.fr\/blog\/#\/schema\/person\/6db4bae06b171592211be385b32876a7","name":"Emilien Descampiaux","image":{"@type":"ImageObject","inLanguage":"fr-FR","@id":"https:\/\/dicodusport.fr\/blog\/#\/schema\/person\/image\/","url":"https:\/\/dicodusport.fr\/blog\/wp-content\/uploads\/2021\/05\/Emilien-Descampiaux-150x150.jpg","contentUrl":"https:\/\/dicodusport.fr\/blog\/wp-content\/uploads\/2021\/05\/Emilien-Descampiaux-150x150.jpg","caption":"Emilien Descampiaux"},"description":"Journaliste\/r\u00e9dacteur depuis 2014 - Fan de la classe de Frank Vandenbroucke, je vis cyclisme (et de ses paysages) depuis plus de 20 ans. Je suis tr\u00e8s impliqu\u00e9 sur mes diff\u00e9rents r\u00e9seaux sociaux pour partager ma passion sur le monde et l'Histoire de la bicyclette avec ma voix sur les images en noir et blanc du succ\u00e8s de Rik Van Steenbergen lors du Ronde sur le V\u00e9lodrome de Gand.","sameAs":["https:\/\/www.facebook.com\/groups\/LesRoisDuPeloton","https:\/\/x.com\/https:\/\/twitter.com\/LRoisDuPeloton"],"url":"https:\/\/dicodusport.fr\/blog\/author\/emiliend\/"}]}},"_links":{"self":[{"href":"https:\/\/dicodusport.fr\/blog\/wp-json\/wp\/v2\/posts\/248010","targetHints":{"allow":["GET"]}}],"collection":[{"href":"https:\/\/dicodusport.fr\/blog\/wp-json\/wp\/v2\/posts"}],"about":[{"href":"https:\/\/dicodusport.fr\/blog\/wp-json\/wp\/v2\/types\/post"}],"author":[{"embeddable":true,"href":"https:\/\/dicodusport.fr\/blog\/wp-json\/wp\/v2\/users\/48"}],"replies":[{"embeddable":true,"href":"https:\/\/dicodusport.fr\/blog\/wp-json\/wp\/v2\/comments?post=248010"}],"version-history":[{"count":0,"href":"https:\/\/dicodusport.fr\/blog\/wp-json\/wp\/v2\/posts\/248010\/revisions"}],"wp:featuredmedia":[{"embeddable":true,"href":"https:\/\/dicodusport.fr\/blog\/wp-json\/wp\/v2\/media\/248127"}],"wp:attachment":[{"href":"https:\/\/dicodusport.fr\/blog\/wp-json\/wp\/v2\/media?parent=248010"}],"wp:term":[{"taxonomy":"category","embeddable":true,"href":"https:\/\/dicodusport.fr\/blog\/wp-json\/wp\/v2\/categories?post=248010"},{"taxonomy":"post_tag","embeddable":true,"href":"https:\/\/dicodusport.fr\/blog\/wp-json\/wp\/v2\/tags?post=248010"}],"curies":[{"name":"wp","href":"https:\/\/api.w.org\/{rel}","templated":true}]}}