{"id":24802,"date":"2018-08-30T10:00:27","date_gmt":"2018-08-30T08:00:27","guid":{"rendered":"http:\/\/dicodusport.fr\/blog\/?p=24802"},"modified":"2022-07-02T12:38:50","modified_gmt":"2022-07-02T10:38:50","slug":"harmony-tan-objectif-top-250","status":"publish","type":"post","link":"https:\/\/dicodusport.fr\/blog\/harmony-tan-objectif-top-250\/","title":{"rendered":"Harmony Tan, objectif top 250"},"content":{"rendered":"<p style=\"text-align: justify;\"><strong><em>La jeune Fran\u00e7aise de 21 ans a disput\u00e9 son premier match dans le tableau final d&rsquo;un tournoi du Grand Chelem dans la nuit de mardi \u00e0 mercredi. Quelques jours auparavant, elle a accept\u00e9 de r\u00e9pondre \u00e0 nos questions.<\/em><\/strong><\/p>\n<h5 style=\"text-align: justify;\">Pouvez-vous vous pr\u00e9senter en quelques mots ?<\/h5>\n<p style=\"text-align: justify;\">Je suis Harmony Tan, joueuse de tennis professionnelle et j\u2019ai 21 ans.<\/p>\n<h5 style=\"text-align: justify;\">Comment avez-vous commenc\u00e9 le tennis ?<\/h5>\n<p style=\"text-align: justify;\">J\u2019ai commenc\u00e9 le tennis \u00e0 l\u2019\u00e2ge de 5 ans et \u00e7a a commenc\u00e9 comme cela.<\/p>\n<h5 style=\"text-align: justify;\">Quels sont votre surface et votre tournoi pr\u00e9f\u00e9r\u00e9, et pourquoi ?<\/h5>\n<p style=\"text-align: justify;\">Je n\u2019ai pas vraiment de surface pr\u00e9f\u00e9r\u00e9e car mon jeu s\u2019adapte aux multi surfaces. Mon tournoi pr\u00e9f\u00e9r\u00e9 est Roland-Garros car j\u2019ai commenc\u00e9 \u00e0 regarder ce tournoi quand j\u2019\u00e9tais petite et c\u2019est l\u00e0 o\u00f9 j\u2019ai eu ma premi\u00e8re wild card pour un tournoi du Grand Chelem \u00e0 16 ans. Et puis je suis Fran\u00e7aise, c\u2019est normal que l&rsquo;on aime jouer \u00ab chez soi \u00bb.<\/p>\n<h5 style=\"text-align: justify;\">Quel est votre style de jeu ?<\/h5>\n<p style=\"text-align: justify;\">Je joue vari\u00e9 : je fais des lifts, des chips (encha\u00eenement offensif). En gros, j\u2019aime beaucoup faire des service-vol\u00e9es.<\/p>\n<h5 style=\"text-align: justify;\">Comment s&rsquo;est d\u00e9roul\u00e9e votre saison jusqu&rsquo;\u00e0 pr\u00e9sent ?<\/h5>\n<p style=\"text-align: justify;\">Jusqu\u2019\u00e0 maintenant pour moi, c\u2019est moyen : il y a des hauts et des bas. Il faut que je trouve plus de r\u00e9gularit\u00e9. J\u2019ai bien jou\u00e9 \u00e0 Roland-Garros o\u00f9 j\u2019ai pass\u00e9 deux tours de qualifications.<\/p>\n<p style=\"text-align: justify;\"><em>Au mois de mars, elle a remport\u00e9 le tournoi ITF de Campinas au Br\u00e9sil. A Roland-Garros, elle a \u00e9chou\u00e9 au dernier tour de qualifications.<\/em><\/p>\n<h5 style=\"text-align: justify;\">Que vous apporte votre collaboration avec Nathalie Tauziat ?<\/h5>\n<p style=\"text-align: justify;\">Toute son expertise : ses connaissances du circuit sont pr\u00e9cieuses pour une joueuse comme moi.<\/p>\n<p style=\"text-align: justify;\"><em>Depuis 2016, la joueuse s&rsquo;entra\u00eene \u00e9pisodiquement avec Nathalie Tauziat en France. Avant Roland-Garros, elle s&rsquo;est entra\u00een\u00e9e avec l&rsquo;ancienne joueuse fran\u00e7aise\u00a0\u00e0 Capbreton.<\/em><\/p>\n<p style=\"text-align: justify;\"><em>Pour participer \u00e0 l&rsquo;US Open 2018, Harmony Tan a b\u00e9n\u00e9fici\u00e9 d&rsquo;une wild-card de la f\u00e9d\u00e9ration. Cette ann\u00e9e, il y a eu du changement dans l&rsquo;attribution des wild-cards chez les femmes : un tournoi pour les jeunes joueuses a \u00e9t\u00e9 organis\u00e9. Harmony Tan a battu Diane Parry, Fiona Ferro et la finaliste de l&rsquo;Open d&rsquo;Australie chez les juniors\u00a0Clara Burel pour rejoindre son premier grand tableau de Grand Chelem.<\/em><\/p>\n<p>&nbsp;<\/p>\n<div id=\"attachment_24787\" style=\"width: 670px\" class=\"wp-caption aligncenter\"><img loading=\"lazy\" decoding=\"async\" aria-describedby=\"caption-attachment-24787\" class=\"size-large wp-image-24787\" src=\"http:\/\/dicodusport.fr\/blog\/wp-content\/uploads\/2018\/08\/Harmony-Tan-1024x682.jpg\" alt=\"\" width=\"660\" height=\"440\" srcset=\"https:\/\/dicodusport.fr\/blog\/wp-content\/uploads\/2018\/08\/Harmony-Tan-1024x682.jpg 1024w, https:\/\/dicodusport.fr\/blog\/wp-content\/uploads\/2018\/08\/Harmony-Tan-300x200.jpg 300w, https:\/\/dicodusport.fr\/blog\/wp-content\/uploads\/2018\/08\/Harmony-Tan-768x511.jpg 768w, https:\/\/dicodusport.fr\/blog\/wp-content\/uploads\/2018\/08\/Harmony-Tan.jpg 1200w\" sizes=\"auto, (max-width: 660px) 100vw, 660px\" \/><p id=\"caption-attachment-24787\" class=\"wp-caption-text\">Harmony Tan lors de son 1er tour face \u00e0 Eugenie Bouchard &#8211; Corinne Dubreuil\/FFT<\/p><\/div>\n<h5 style=\"text-align: justify;\">Qu&rsquo;est-ce que \u00e7a repr\u00e9sente pour vous de jouer \u00e0 l&rsquo;US Open ?<\/h5>\n<p style=\"text-align: justify;\">C\u2019est un grand Chelem et tout ce qui va avec !<\/p>\n<h5 style=\"text-align: justify;\">Quel est votre objectif ?<\/h5>\n<p style=\"text-align: justify;\">Je n\u2019ai vraiment pas d\u2019objectif \u00e0 proprement dit. Je sais juste, comme pour les autres tournois, qu\u2019il faut tout mettre en \u0153uvre pour passer le 1er tour (c\u2019est bon pour le mental)&#8230; et ainsi de suite.<\/p>\n<p style=\"text-align: justify;\"><em>Harmony Tan s&rsquo;est inclin\u00e9e 3-6 1-6 face \u00e0 la Canadienne Eugenie Bouchard. La finaliste de Wimbledon 2014 qui peine \u00e0 retrouver son meilleur niveau est actuellement 137e mondiale. Issue des qualifications, elle a prouv\u00e9 qu&rsquo;elle \u00e9tait en forme actuellement. Sur un court n\u00b012 bien rempli, la Fran\u00e7aise a bien essay\u00e9 de surprendre son adversaire avec son jeu vari\u00e9 : elle a multipli\u00e9 les services-vol\u00e9es, lobs et amorties mais agressive, Bouchard a pris le dessus. Dans la seconde manche, le service de la Fran\u00e7aise est pass\u00e9 de 58% \u00e0 36%, bien trop insuffisant pour esp\u00e9rer l&#8217;emporter. Ce match lui aura n\u00e9anmoins permis d&rsquo;acqu\u00e9rir encore plus d&rsquo;exp\u00e9rience pour la suite de sa saison et de sa carri\u00e8re.<\/em><\/p>\n<h5 style=\"text-align: justify;\">Avez-vous un objectif de classement pour la fin de saison ?<\/h5>\n<p style=\"text-align: justify;\">Mon objectif est d\u2019arriver vers la place 250 au classement WTA ce qui me permettrait de rentrer dans les cuts des gros tournois. <em>(Elle est actuellement 396e)<\/em><\/p>\n<h5 style=\"text-align: justify;\">Quel est votre plus beau souvenir sur un court de tennis ?<\/h5>\n<p style=\"text-align: justify;\">Quand j\u2019ai pass\u00e9 deux tours \u00e0 Roland-Garros cette ann\u00e9e.<\/p>\n<h5 style=\"text-align: justify;\">Quel joueur ou joueuse vous a inspir\u00e9e lorsque vous \u00e9tiez plus jeune ?<\/h5>\n<p style=\"text-align: justify;\">Je n\u2019ai pas vraiment d\u2019idole mais j\u2019aime bien le jeu de Roger Federer.<\/p>\n<h5 style=\"text-align: justify;\">Ces derniers mois, beaucoup de joueurs et joueuses s&rsquo;expriment par rapport aux messages violents de parieurs re\u00e7us suite \u00e0 des d\u00e9faites. Y avez-vous d\u00e9j\u00e0 \u00e9t\u00e9 confront\u00e9e ?<\/h5>\n<p style=\"text-align: justify;\">Oui, il ne faut pas tenir compte de ces messages sinon on ne vit plus. Et les paris ne me concernent pas car ces parieurs ne sont pas, pour moi, des fans passionn\u00e9s de tennis.<\/p>\n<h5 style=\"text-align: justify;\">A part le tennis, quels sont vos hobbies ?<\/h5>\n<p style=\"text-align: justify;\">J\u2019aime beaucoup surfer \u00e9couter la musique et&#8230; faire du shopping !<\/p>\n<p><strong><em>Arlette<\/em><\/strong><br \/>\n<a href=\"http:\/\/twitter.com\/Shiclette94\"><img loading=\"lazy\" decoding=\"async\" class=\"alignnone size-full wp-image-2908\" src=\"http:\/\/dicodusport.fr\/blog\/wp-content\/uploads\/2017\/07\/logo-twitter-e1516110106986.png\" alt=\"\" width=\"39\" height=\"39\" \/><\/a><\/p>\n","protected":false},"excerpt":{"rendered":"<p>La jeune fran\u00e7aise de 21 ans a disput\u00e9 son premier match dans le tableau final d&rsquo;un tournoi du Grand Chelem dans la nuit de mardi \u00e0 mercredi. Quelques jours auparavant, elle a accept\u00e9 de r\u00e9pondre \u00e0 nos questions.<\/p>\n","protected":false},"author":12,"featured_media":24782,"comment_status":"open","ping_status":"closed","sticky":false,"template":"","format":"standard","meta":{"_acf_changed":false,"_daextam_enable_autolinks":"","footnotes":""},"categories":[2,4,2365,2302],"tags":[5848,136,2099,137],"class_list":["post-24802","post","type-post","status-publish","format-standard","has-post-thumbnail","hentry","category-actualites","category-portraits","category-sports-de-raquette","category-tennis","tag-harmony-tan","tag-tennis","tag-tennis-feminin","tag-wta"],"acf":[],"yoast_head":"<!-- This site is optimized with the Yoast SEO Premium plugin v26.7 (Yoast SEO v26.7) - https:\/\/yoast.com\/wordpress\/plugins\/seo\/ -->\n<title>Harmony Tan, objectif top 250<\/title>\n<meta name=\"description\" content=\"Harmony Tan, jeune fran\u00e7aise de 21 ans a disput\u00e9 son premier match dans le tableau final d&#039;un tournoi du Grand Chelem dans la nuit de mardi \u00e0 mercredi.\" \/>\n<meta name=\"robots\" content=\"index, follow, max-snippet:-1, max-image-preview:large, max-video-preview:-1\" \/>\n<link rel=\"canonical\" href=\"https:\/\/dicodusport.fr\/blog\/harmony-tan-objectif-top-250\/\" \/>\n<meta property=\"og:locale\" content=\"fr_FR\" \/>\n<meta property=\"og:type\" content=\"article\" \/>\n<meta property=\"og:title\" content=\"Harmony Tan, objectif top 250\" \/>\n<meta property=\"og:description\" content=\"Harmony Tan, jeune fran\u00e7aise de 21 ans a disput\u00e9 son premier match dans le tableau final d&#039;un tournoi du Grand Chelem dans la nuit de mardi \u00e0 mercredi.\" \/>\n<meta property=\"og:url\" content=\"https:\/\/dicodusport.fr\/blog\/harmony-tan-objectif-top-250\/\" \/>\n<meta property=\"og:site_name\" content=\"Dicodusport\" \/>\n<meta property=\"article:publisher\" content=\"https:\/\/www.facebook.com\/dicodusport\" \/>\n<meta property=\"article:published_time\" content=\"2018-08-30T08:00:27+00:00\" \/>\n<meta property=\"article:modified_time\" content=\"2022-07-02T10:38:50+00:00\" \/>\n<meta property=\"og:image\" content=\"https:\/\/dicodusport.fr\/blog\/wp-content\/uploads\/2018\/08\/Harmony-Tan.png\" \/>\n\t<meta property=\"og:image:width\" content=\"1200\" \/>\n\t<meta property=\"og:image:height\" content=\"670\" \/>\n\t<meta property=\"og:image:type\" content=\"image\/png\" \/>\n<meta name=\"author\" content=\"Arlette Yeye\" \/>\n<meta name=\"twitter:card\" content=\"summary_large_image\" \/>\n<meta name=\"twitter:creator\" content=\"@https:\/\/twitter.com\/Shiclette94\" \/>\n<meta name=\"twitter:site\" content=\"@dicodusport\" \/>\n<script type=\"application\/ld+json\" class=\"yoast-schema-graph\">{\"@context\":\"https:\/\/schema.org\",\"@graph\":[{\"@type\":\"NewsArticle\",\"@id\":\"https:\/\/dicodusport.fr\/blog\/harmony-tan-objectif-top-250\/#article\",\"isPartOf\":{\"@id\":\"https:\/\/dicodusport.fr\/blog\/harmony-tan-objectif-top-250\/\"},\"author\":{\"name\":\"Arlette Yeye\",\"@id\":\"https:\/\/dicodusport.fr\/blog\/#\/schema\/person\/cce96fa88785bd8573e3d43078ac8c79\"},\"headline\":\"Harmony Tan, objectif top 250\",\"datePublished\":\"2018-08-30T08:00:27+00:00\",\"dateModified\":\"2022-07-02T10:38:50+00:00\",\"mainEntityOfPage\":{\"@id\":\"https:\/\/dicodusport.fr\/blog\/harmony-tan-objectif-top-250\/\"},\"wordCount\":775,\"commentCount\":0,\"publisher\":{\"@id\":\"https:\/\/dicodusport.fr\/blog\/#organization\"},\"image\":{\"@id\":\"https:\/\/dicodusport.fr\/blog\/harmony-tan-objectif-top-250\/#primaryimage\"},\"thumbnailUrl\":\"https:\/\/dicodusport.fr\/blog\/wp-content\/uploads\/2018\/08\/Harmony-Tan.png\",\"keywords\":[\"Harmony Tan\",\"Tennis\",\"tennis f\u00e9minin\",\"wta\"],\"articleSection\":[\"Actualit\u00e9s\",\"Portraits\",\"Sports de raquette\",\"Tennis\"],\"inLanguage\":\"fr-FR\",\"potentialAction\":[{\"@type\":\"CommentAction\",\"name\":\"Comment\",\"target\":[\"https:\/\/dicodusport.fr\/blog\/harmony-tan-objectif-top-250\/#respond\"]}],\"copyrightYear\":\"2018\",\"copyrightHolder\":{\"@id\":\"https:\/\/dicodusport.fr\/blog\/#organization\"}},{\"@type\":\"WebPage\",\"@id\":\"https:\/\/dicodusport.fr\/blog\/harmony-tan-objectif-top-250\/\",\"url\":\"https:\/\/dicodusport.fr\/blog\/harmony-tan-objectif-top-250\/\",\"name\":\"Harmony Tan, objectif top 250\",\"isPartOf\":{\"@id\":\"https:\/\/dicodusport.fr\/blog\/#website\"},\"primaryImageOfPage\":{\"@id\":\"https:\/\/dicodusport.fr\/blog\/harmony-tan-objectif-top-250\/#primaryimage\"},\"image\":{\"@id\":\"https:\/\/dicodusport.fr\/blog\/harmony-tan-objectif-top-250\/#primaryimage\"},\"thumbnailUrl\":\"https:\/\/dicodusport.fr\/blog\/wp-content\/uploads\/2018\/08\/Harmony-Tan.png\",\"datePublished\":\"2018-08-30T08:00:27+00:00\",\"dateModified\":\"2022-07-02T10:38:50+00:00\",\"description\":\"Harmony Tan, jeune fran\u00e7aise de 21 ans a disput\u00e9 son premier match dans le tableau final d'un tournoi du Grand Chelem dans la nuit de mardi \u00e0 mercredi.\",\"breadcrumb\":{\"@id\":\"https:\/\/dicodusport.fr\/blog\/harmony-tan-objectif-top-250\/#breadcrumb\"},\"inLanguage\":\"fr-FR\",\"potentialAction\":[{\"@type\":\"ReadAction\",\"target\":[\"https:\/\/dicodusport.fr\/blog\/harmony-tan-objectif-top-250\/\"]}]},{\"@type\":\"ImageObject\",\"inLanguage\":\"fr-FR\",\"@id\":\"https:\/\/dicodusport.fr\/blog\/harmony-tan-objectif-top-250\/#primaryimage\",\"url\":\"https:\/\/dicodusport.fr\/blog\/wp-content\/uploads\/2018\/08\/Harmony-Tan.png\",\"contentUrl\":\"https:\/\/dicodusport.fr\/blog\/wp-content\/uploads\/2018\/08\/Harmony-Tan.png\",\"width\":1200,\"height\":670},{\"@type\":\"BreadcrumbList\",\"@id\":\"https:\/\/dicodusport.fr\/blog\/harmony-tan-objectif-top-250\/#breadcrumb\",\"itemListElement\":[{\"@type\":\"ListItem\",\"position\":1,\"name\":\"Accueil\",\"item\":\"https:\/\/dicodusport.fr\/blog\/\"},{\"@type\":\"ListItem\",\"position\":2,\"name\":\"Harmony Tan, objectif top 250\"}]},{\"@type\":\"WebSite\",\"@id\":\"https:\/\/dicodusport.fr\/blog\/#website\",\"url\":\"https:\/\/dicodusport.fr\/blog\/\",\"name\":\"Dicodusport\",\"description\":\"L&#039;encyclop\u00e9die de l&#039;actualit\u00e9 sportive\",\"publisher\":{\"@id\":\"https:\/\/dicodusport.fr\/blog\/#organization\"},\"potentialAction\":[{\"@type\":\"SearchAction\",\"target\":{\"@type\":\"EntryPoint\",\"urlTemplate\":\"https:\/\/dicodusport.fr\/blog\/?s={search_term_string}\"},\"query-input\":{\"@type\":\"PropertyValueSpecification\",\"valueRequired\":true,\"valueName\":\"search_term_string\"}}],\"inLanguage\":\"fr-FR\"},{\"@type\":\"NewsMediaOrganization\",\"@id\":\"https:\/\/dicodusport.fr\/blog\/#organization\",\"name\":\"Dicodusport\",\"url\":\"https:\/\/dicodusport.fr\/blog\/\",\"logo\":{\"@type\":\"ImageObject\",\"inLanguage\":\"fr-FR\",\"@id\":\"https:\/\/dicodusport.fr\/blog\/#\/schema\/logo\/image\/\",\"url\":\"https:\/\/dicodusport.fr\/blog\/wp-content\/uploads\/2020\/06\/cropped-LOGO-DICODUSPORT-2020-SANS-FOND-SANS-TEXTE.png\",\"contentUrl\":\"https:\/\/dicodusport.fr\/blog\/wp-content\/uploads\/2020\/06\/cropped-LOGO-DICODUSPORT-2020-SANS-FOND-SANS-TEXTE.png\",\"width\":512,\"height\":512,\"caption\":\"Dicodusport\"},\"image\":{\"@id\":\"https:\/\/dicodusport.fr\/blog\/#\/schema\/logo\/image\/\"},\"sameAs\":[\"https:\/\/www.facebook.com\/dicodusport\",\"https:\/\/x.com\/dicodusport\",\"https:\/\/www.instagram.com\/dicodusport\/\",\"https:\/\/www.youtube.com\/channel\/UC7V2KZ5sd3htJivAbA4ZG3w\"],\"description\":\"Dicodusport est l'encyclop\u00e9die de l'actualit\u00e9 sportive.\",\"email\":\"bonjour@dicodusport.fr\",\"legalName\":\"DICODUSPORT\",\"foundingDate\":\"2018-01-14\",\"vatID\":\"FR71834470973\",\"taxID\":\"83447097300043\",\"numberOfEmployees\":{\"@type\":\"QuantitativeValue\",\"minValue\":\"1\",\"maxValue\":\"10\"}},{\"@type\":\"Person\",\"@id\":\"https:\/\/dicodusport.fr\/blog\/#\/schema\/person\/cce96fa88785bd8573e3d43078ac8c79\",\"name\":\"Arlette Yeye\",\"image\":{\"@type\":\"ImageObject\",\"inLanguage\":\"fr-FR\",\"@id\":\"https:\/\/dicodusport.fr\/blog\/#\/schema\/person\/image\/\",\"url\":\"https:\/\/secure.gravatar.com\/avatar\/dca4a6239e6d708e46c45d60e160de6c?s=96&d=wp_user_avatar&r=g\",\"contentUrl\":\"https:\/\/secure.gravatar.com\/avatar\/dca4a6239e6d708e46c45d60e160de6c?s=96&d=wp_user_avatar&r=g\",\"caption\":\"Arlette Yeye\"},\"description\":\"Journaliste\/r\u00e9dactrice depuis septembre 2015 - Supportrice de Chelsea, j'ai pour sports de pr\u00e9dilection le handball, l'athl\u00e9tisme et le tennis. Si je tweete plus vite que mon ombre, vous pouvez aussi me retrouver les week-ends sur les playgrounds de Bruxelles pour un petit foot ou basket entre potes. Parcourir la France, l'Europe et plus si affinit\u00e9s pour suivre mes sportifs pr\u00e9f\u00e9r\u00e9s ? Mon kif ! Et c'est avec plaisir que je partage les r\u00e9sultats des sports populaires mais \u00e9galement plus confidentiels pour Dicodusport.\",\"sameAs\":[\"https:\/\/x.com\/https:\/\/twitter.com\/Shiclette94\"],\"url\":\"https:\/\/dicodusport.fr\/blog\/author\/arlette\/\"}]}<\/script>\n<!-- \/ Yoast SEO Premium plugin. -->","yoast_head_json":{"title":"Harmony Tan, objectif top 250","description":"Harmony Tan, jeune fran\u00e7aise de 21 ans a disput\u00e9 son premier match dans le tableau final d'un tournoi du Grand Chelem dans la nuit de mardi \u00e0 mercredi.","robots":{"index":"index","follow":"follow","max-snippet":"max-snippet:-1","max-image-preview":"max-image-preview:large","max-video-preview":"max-video-preview:-1"},"canonical":"https:\/\/dicodusport.fr\/blog\/harmony-tan-objectif-top-250\/","og_locale":"fr_FR","og_type":"article","og_title":"Harmony Tan, objectif top 250","og_description":"Harmony Tan, jeune fran\u00e7aise de 21 ans a disput\u00e9 son premier match dans le tableau final d'un tournoi du Grand Chelem dans la nuit de mardi \u00e0 mercredi.","og_url":"https:\/\/dicodusport.fr\/blog\/harmony-tan-objectif-top-250\/","og_site_name":"Dicodusport","article_publisher":"https:\/\/www.facebook.com\/dicodusport","article_published_time":"2018-08-30T08:00:27+00:00","article_modified_time":"2022-07-02T10:38:50+00:00","og_image":[{"width":1200,"height":670,"url":"https:\/\/dicodusport.fr\/blog\/wp-content\/uploads\/2018\/08\/Harmony-Tan.png","type":"image\/png"}],"author":"Arlette Yeye","twitter_card":"summary_large_image","twitter_creator":"@https:\/\/twitter.com\/Shiclette94","twitter_site":"@dicodusport","schema":{"@context":"https:\/\/schema.org","@graph":[{"@type":"NewsArticle","@id":"https:\/\/dicodusport.fr\/blog\/harmony-tan-objectif-top-250\/#article","isPartOf":{"@id":"https:\/\/dicodusport.fr\/blog\/harmony-tan-objectif-top-250\/"},"author":{"name":"Arlette Yeye","@id":"https:\/\/dicodusport.fr\/blog\/#\/schema\/person\/cce96fa88785bd8573e3d43078ac8c79"},"headline":"Harmony Tan, objectif top 250","datePublished":"2018-08-30T08:00:27+00:00","dateModified":"2022-07-02T10:38:50+00:00","mainEntityOfPage":{"@id":"https:\/\/dicodusport.fr\/blog\/harmony-tan-objectif-top-250\/"},"wordCount":775,"commentCount":0,"publisher":{"@id":"https:\/\/dicodusport.fr\/blog\/#organization"},"image":{"@id":"https:\/\/dicodusport.fr\/blog\/harmony-tan-objectif-top-250\/#primaryimage"},"thumbnailUrl":"https:\/\/dicodusport.fr\/blog\/wp-content\/uploads\/2018\/08\/Harmony-Tan.png","keywords":["Harmony Tan","Tennis","tennis f\u00e9minin","wta"],"articleSection":["Actualit\u00e9s","Portraits","Sports de raquette","Tennis"],"inLanguage":"fr-FR","potentialAction":[{"@type":"CommentAction","name":"Comment","target":["https:\/\/dicodusport.fr\/blog\/harmony-tan-objectif-top-250\/#respond"]}],"copyrightYear":"2018","copyrightHolder":{"@id":"https:\/\/dicodusport.fr\/blog\/#organization"}},{"@type":"WebPage","@id":"https:\/\/dicodusport.fr\/blog\/harmony-tan-objectif-top-250\/","url":"https:\/\/dicodusport.fr\/blog\/harmony-tan-objectif-top-250\/","name":"Harmony Tan, objectif top 250","isPartOf":{"@id":"https:\/\/dicodusport.fr\/blog\/#website"},"primaryImageOfPage":{"@id":"https:\/\/dicodusport.fr\/blog\/harmony-tan-objectif-top-250\/#primaryimage"},"image":{"@id":"https:\/\/dicodusport.fr\/blog\/harmony-tan-objectif-top-250\/#primaryimage"},"thumbnailUrl":"https:\/\/dicodusport.fr\/blog\/wp-content\/uploads\/2018\/08\/Harmony-Tan.png","datePublished":"2018-08-30T08:00:27+00:00","dateModified":"2022-07-02T10:38:50+00:00","description":"Harmony Tan, jeune fran\u00e7aise de 21 ans a disput\u00e9 son premier match dans le tableau final d'un tournoi du Grand Chelem dans la nuit de mardi \u00e0 mercredi.","breadcrumb":{"@id":"https:\/\/dicodusport.fr\/blog\/harmony-tan-objectif-top-250\/#breadcrumb"},"inLanguage":"fr-FR","potentialAction":[{"@type":"ReadAction","target":["https:\/\/dicodusport.fr\/blog\/harmony-tan-objectif-top-250\/"]}]},{"@type":"ImageObject","inLanguage":"fr-FR","@id":"https:\/\/dicodusport.fr\/blog\/harmony-tan-objectif-top-250\/#primaryimage","url":"https:\/\/dicodusport.fr\/blog\/wp-content\/uploads\/2018\/08\/Harmony-Tan.png","contentUrl":"https:\/\/dicodusport.fr\/blog\/wp-content\/uploads\/2018\/08\/Harmony-Tan.png","width":1200,"height":670},{"@type":"BreadcrumbList","@id":"https:\/\/dicodusport.fr\/blog\/harmony-tan-objectif-top-250\/#breadcrumb","itemListElement":[{"@type":"ListItem","position":1,"name":"Accueil","item":"https:\/\/dicodusport.fr\/blog\/"},{"@type":"ListItem","position":2,"name":"Harmony Tan, objectif top 250"}]},{"@type":"WebSite","@id":"https:\/\/dicodusport.fr\/blog\/#website","url":"https:\/\/dicodusport.fr\/blog\/","name":"Dicodusport","description":"L&#039;encyclop\u00e9die de l&#039;actualit\u00e9 sportive","publisher":{"@id":"https:\/\/dicodusport.fr\/blog\/#organization"},"potentialAction":[{"@type":"SearchAction","target":{"@type":"EntryPoint","urlTemplate":"https:\/\/dicodusport.fr\/blog\/?s={search_term_string}"},"query-input":{"@type":"PropertyValueSpecification","valueRequired":true,"valueName":"search_term_string"}}],"inLanguage":"fr-FR"},{"@type":"NewsMediaOrganization","@id":"https:\/\/dicodusport.fr\/blog\/#organization","name":"Dicodusport","url":"https:\/\/dicodusport.fr\/blog\/","logo":{"@type":"ImageObject","inLanguage":"fr-FR","@id":"https:\/\/dicodusport.fr\/blog\/#\/schema\/logo\/image\/","url":"https:\/\/dicodusport.fr\/blog\/wp-content\/uploads\/2020\/06\/cropped-LOGO-DICODUSPORT-2020-SANS-FOND-SANS-TEXTE.png","contentUrl":"https:\/\/dicodusport.fr\/blog\/wp-content\/uploads\/2020\/06\/cropped-LOGO-DICODUSPORT-2020-SANS-FOND-SANS-TEXTE.png","width":512,"height":512,"caption":"Dicodusport"},"image":{"@id":"https:\/\/dicodusport.fr\/blog\/#\/schema\/logo\/image\/"},"sameAs":["https:\/\/www.facebook.com\/dicodusport","https:\/\/x.com\/dicodusport","https:\/\/www.instagram.com\/dicodusport\/","https:\/\/www.youtube.com\/channel\/UC7V2KZ5sd3htJivAbA4ZG3w"],"description":"Dicodusport est l'encyclop\u00e9die de l'actualit\u00e9 sportive.","email":"bonjour@dicodusport.fr","legalName":"DICODUSPORT","foundingDate":"2018-01-14","vatID":"FR71834470973","taxID":"83447097300043","numberOfEmployees":{"@type":"QuantitativeValue","minValue":"1","maxValue":"10"}},{"@type":"Person","@id":"https:\/\/dicodusport.fr\/blog\/#\/schema\/person\/cce96fa88785bd8573e3d43078ac8c79","name":"Arlette Yeye","image":{"@type":"ImageObject","inLanguage":"fr-FR","@id":"https:\/\/dicodusport.fr\/blog\/#\/schema\/person\/image\/","url":"https:\/\/secure.gravatar.com\/avatar\/dca4a6239e6d708e46c45d60e160de6c?s=96&d=wp_user_avatar&r=g","contentUrl":"https:\/\/secure.gravatar.com\/avatar\/dca4a6239e6d708e46c45d60e160de6c?s=96&d=wp_user_avatar&r=g","caption":"Arlette Yeye"},"description":"Journaliste\/r\u00e9dactrice depuis septembre 2015 - Supportrice de Chelsea, j'ai pour sports de pr\u00e9dilection le handball, l'athl\u00e9tisme et le tennis. Si je tweete plus vite que mon ombre, vous pouvez aussi me retrouver les week-ends sur les playgrounds de Bruxelles pour un petit foot ou basket entre potes. Parcourir la France, l'Europe et plus si affinit\u00e9s pour suivre mes sportifs pr\u00e9f\u00e9r\u00e9s ? Mon kif ! Et c'est avec plaisir que je partage les r\u00e9sultats des sports populaires mais \u00e9galement plus confidentiels pour Dicodusport.","sameAs":["https:\/\/x.com\/https:\/\/twitter.com\/Shiclette94"],"url":"https:\/\/dicodusport.fr\/blog\/author\/arlette\/"}]}},"_links":{"self":[{"href":"https:\/\/dicodusport.fr\/blog\/wp-json\/wp\/v2\/posts\/24802","targetHints":{"allow":["GET"]}}],"collection":[{"href":"https:\/\/dicodusport.fr\/blog\/wp-json\/wp\/v2\/posts"}],"about":[{"href":"https:\/\/dicodusport.fr\/blog\/wp-json\/wp\/v2\/types\/post"}],"author":[{"embeddable":true,"href":"https:\/\/dicodusport.fr\/blog\/wp-json\/wp\/v2\/users\/12"}],"replies":[{"embeddable":true,"href":"https:\/\/dicodusport.fr\/blog\/wp-json\/wp\/v2\/comments?post=24802"}],"version-history":[{"count":0,"href":"https:\/\/dicodusport.fr\/blog\/wp-json\/wp\/v2\/posts\/24802\/revisions"}],"wp:featuredmedia":[{"embeddable":true,"href":"https:\/\/dicodusport.fr\/blog\/wp-json\/wp\/v2\/media\/24782"}],"wp:attachment":[{"href":"https:\/\/dicodusport.fr\/blog\/wp-json\/wp\/v2\/media?parent=24802"}],"wp:term":[{"taxonomy":"category","embeddable":true,"href":"https:\/\/dicodusport.fr\/blog\/wp-json\/wp\/v2\/categories?post=24802"},{"taxonomy":"post_tag","embeddable":true,"href":"https:\/\/dicodusport.fr\/blog\/wp-json\/wp\/v2\/tags?post=24802"}],"curies":[{"name":"wp","href":"https:\/\/api.w.org\/{rel}","templated":true}]}}