{"id":248145,"date":"2022-07-31T19:49:14","date_gmt":"2022-07-31T17:49:14","guid":{"rendered":"https:\/\/dicodusport.fr\/blog\/?p=248145&#038;preview=true&#038;preview_id=248145"},"modified":"2022-08-01T08:24:43","modified_gmt":"2022-08-01T06:24:43","slug":"vtt-xco-snowshoe-alessandra-keller-dompte-jenny-rissveds","status":"publish","type":"post","link":"https:\/\/dicodusport.fr\/blog\/vtt-xco-snowshoe-alessandra-keller-dompte-jenny-rissveds\/","title":{"rendered":"VTT XCO Snowshoe : Alessandra Keller dompte Jenny Rissveds"},"content":{"rendered":"<p style=\"text-align: justify;\"><b><i><a href=\"https:\/\/dicodusport.fr\/blog\/actualites\/cyclisme\/vtt\/coupe-du-monde-vtt-2022\/\">COUPE DU MONDE DE VTT<\/a> &#8211; XCO SNOWSHOE &#8211; Ce dimanche, la Suissesse Alessandra Keller (Th\u00f6mus Maxon) a remport\u00e9 la Coupe du monde de VTT XCO, \u00e0 Snowshoe (USA). Elle a devanc\u00e9, au terme d&rsquo;un magnifique combat, la Su\u00e9doise Jenny Rissveds. La N\u00e9erlandaise Anne Terpstra est troisi\u00e8me.<\/i><\/b><\/p>\n<p style=\"text-align: justify;\">Quel combat ! Au terme d&rsquo;une course haletante, <strong>Alessandra Keller<\/strong> a remport\u00e9 ce dimanche sa premi\u00e8re Coupe du monde XCO ! <a href=\"https:\/\/dicodusport.fr\/blog\/vtt-xcc-vallnord-alessandra-keller-sempare-de-la-short-track-en-andorre\/\">Laur\u00e9ate de la course XCC de Vallnord il y a 15 jours<\/a>, la Suissesse du team Th\u00f6mus Maxon confirme qu&rsquo;elle est l&rsquo;une des pilotes du moment. Cette derni\u00e8re s&rsquo;est impos\u00e9e au terme d&rsquo;une sacr\u00e9e bataille face \u00e0 la Su\u00e9doise <strong>Jenny Rissveds<\/strong> (Team 31 Ibis Cycles). Les deux coureuses ont en effet livr\u00e9 un duel de haute vol\u00e9e. Rissveds a entam\u00e9 la 6\u00e8me des 7 boucles en t\u00eate, avec une fra\u00eecheur physique apparemment plus importante que l&rsquo;Helv\u00e8te.<\/p>\n<p style=\"text-align: justify;\">Mais cette derni\u00e8re a maintenu un \u00e9cart inf\u00e9rieur \u00e0 10 secondes tout au long de cette avant-derni\u00e8re boucle, en lissant son effort, avec de croquer la Su\u00e9doise \u00e0 l&rsquo;amorce du dernier tour. Elle s&rsquo;impose au final avec 37 secondes d&rsquo;avance sur la championne olympique 2016. La N\u00e9erlandaise <strong>Anne Tersptra<\/strong> (Ghost Factory Racing) prend quant \u00e0 elle la troisi\u00e8me place. L&rsquo;Autrichienne Mona Mitterwallner et la Suissesse Jolanda Neff compl\u00e8tent le podium. Seule Fran\u00e7aise engag\u00e9e ce week-end sur cette course XCO, L\u00e9na G\u00e9rault prend la 26\u00e8me place. Seulement 13\u00e8me, l&rsquo;Australienne <strong>Rebecca McConnell<\/strong> conserve la t\u00eate du classement g\u00e9n\u00e9ral de la Coupe du monde.<\/p>\n<blockquote class=\"twitter-tweet\">\n<p dir=\"ltr\" lang=\"en\">&#x1f947; Alessandra Keller (SUI) &#8211; Women Elite XCO&#x1f947;<\/p>\n<p>Her first ever XCO World Cup win! Amazing performance in Snowshoe &#x1f1fa;&#x1f1f8;<a href=\"https:\/\/twitter.com\/hashtag\/MBWorldCup?src=hash&amp;ref_src=twsrc%5Etfw\">#MBWorldCup<\/a> <a href=\"https:\/\/t.co\/qg8pYd5BbS\">pic.twitter.com\/qg8pYd5BbS<\/a><\/p>\n<p>\u2014 UCI MTB (@UCI_MTB) <a href=\"https:\/\/twitter.com\/UCI_MTB\/status\/1553801532323336192?ref_src=twsrc%5Etfw\">July 31, 2022<\/a><\/p><\/blockquote>\n<p><script async src=\"https:\/\/platform.twitter.com\/widgets.js\" charset=\"utf-8\"><\/script><\/p>\n<ul>\n<li style=\"text-align: justify;\"><strong>\u00c0 lire aussi &#8211; <a href=\"https:\/\/dicodusport.fr\/blog\/classement-course-femmes-vtt-xco-snowshoe\/\">Le classement de la course femmes XCO de Snowshoe<\/a><\/strong><\/li>\n<\/ul>\n","protected":false},"excerpt":{"rendered":"<p>COUPE DU MONDE DE VTT &#8211; XCO SNOWSHOE &#8211; Ce dimanche, la Suissesse Alessandra Keller (Th\u00f6mus Maxon) a remport\u00e9 la Coupe du monde de VTT XCO, \u00e0 Snowshoe (USA). Elle a devanc\u00e9, au terme d&rsquo;un magnifique combat, la Su\u00e9doise Jenny Rissveds. La N\u00e9erlandaise Anne Terpstra compl\u00e8te le podium.<\/p>\n","protected":false},"author":4,"featured_media":243533,"comment_status":"open","ping_status":"closed","sticky":false,"template":"","format":"standard","meta":{"_acf_changed":false,"_daextam_enable_autolinks":"","footnotes":""},"categories":[10279],"tags":[692,19357,25446],"class_list":["post-248145","post","type-post","status-publish","format-standard","has-post-thumbnail","hentry","category-vtt","tag-vtt","tag-vtt-snowshoe","tag-vtt-xco-snowshoe"],"acf":[],"yoast_head":"<!-- This site is optimized with the Yoast SEO Premium plugin v26.7 (Yoast SEO v26.7) - https:\/\/yoast.com\/wordpress\/plugins\/seo\/ -->\n<title>VTT XCO Snowshoe : Alessandra Keller dompte Jenny Rissveds<\/title>\n<meta name=\"description\" content=\"COUPE DU MONDE DE VTT - XCO SNOWSHOE - Alessandra Keller (Th\u00f6mus Maxon) a remport\u00e9 la Coupe du monde de VTT XCO, \u00e0 Snowshoe (USA).\" \/>\n<meta name=\"robots\" content=\"index, follow, max-snippet:-1, max-image-preview:large, max-video-preview:-1\" \/>\n<link rel=\"canonical\" href=\"https:\/\/dicodusport.fr\/blog\/vtt-xco-snowshoe-alessandra-keller-dompte-jenny-rissveds\/\" \/>\n<meta property=\"og:locale\" content=\"fr_FR\" \/>\n<meta property=\"og:type\" content=\"article\" \/>\n<meta property=\"og:title\" content=\"VTT XCO Snowshoe : Alessandra Keller dompte Jenny Rissveds\" \/>\n<meta property=\"og:description\" content=\"COUPE DU MONDE DE VTT - XCO SNOWSHOE - Alessandra Keller (Th\u00f6mus Maxon) a remport\u00e9 la Coupe du monde de VTT XCO, \u00e0 Snowshoe (USA).\" \/>\n<meta property=\"og:url\" content=\"https:\/\/dicodusport.fr\/blog\/vtt-xco-snowshoe-alessandra-keller-dompte-jenny-rissveds\/\" \/>\n<meta property=\"og:site_name\" content=\"Dicodusport\" \/>\n<meta property=\"article:publisher\" content=\"https:\/\/www.facebook.com\/dicodusport\" \/>\n<meta property=\"article:author\" content=\"https:\/\/www.facebook.com\/florent.ostermann\" \/>\n<meta property=\"article:published_time\" content=\"2022-07-31T17:49:14+00:00\" \/>\n<meta property=\"article:modified_time\" content=\"2022-08-01T06:24:43+00:00\" \/>\n<meta property=\"og:image\" content=\"https:\/\/dicodusport.fr\/blog\/wp-content\/uploads\/2022\/07\/VTT-XCC-Vallnord-Alessandra-Keller-sempare-de-la-short-track-en-Andorre.png\" \/>\n\t<meta property=\"og:image:width\" content=\"800\" \/>\n\t<meta property=\"og:image:height\" content=\"445\" \/>\n\t<meta property=\"og:image:type\" content=\"image\/png\" \/>\n<meta name=\"author\" content=\"Flo Ostermann\" \/>\n<meta name=\"twitter:card\" content=\"summary_large_image\" \/>\n<meta name=\"twitter:title\" content=\"VTT XCO Snowshoe : Alessandra Keller dompte Jenny Rissveds\" \/>\n<meta name=\"twitter:creator\" content=\"@https:\/\/twitter.com\/FlOstermann\" \/>\n<meta name=\"twitter:site\" content=\"@dicodusport\" \/>\n<script type=\"application\/ld+json\" class=\"yoast-schema-graph\">{\"@context\":\"https:\/\/schema.org\",\"@graph\":[{\"@type\":\"NewsArticle\",\"@id\":\"https:\/\/dicodusport.fr\/blog\/vtt-xco-snowshoe-alessandra-keller-dompte-jenny-rissveds\/#article\",\"isPartOf\":{\"@id\":\"https:\/\/dicodusport.fr\/blog\/vtt-xco-snowshoe-alessandra-keller-dompte-jenny-rissveds\/\"},\"author\":{\"name\":\"Flo Ostermann\",\"@id\":\"https:\/\/dicodusport.fr\/blog\/#\/schema\/person\/cb02af4c173ce4a653b55e9baf388d4a\"},\"headline\":\"VTT XCO Snowshoe : Alessandra Keller dompte Jenny Rissveds\",\"datePublished\":\"2022-07-31T17:49:14+00:00\",\"dateModified\":\"2022-08-01T06:24:43+00:00\",\"mainEntityOfPage\":{\"@id\":\"https:\/\/dicodusport.fr\/blog\/vtt-xco-snowshoe-alessandra-keller-dompte-jenny-rissveds\/\"},\"wordCount\":333,\"commentCount\":0,\"publisher\":{\"@id\":\"https:\/\/dicodusport.fr\/blog\/#organization\"},\"image\":{\"@id\":\"https:\/\/dicodusport.fr\/blog\/vtt-xco-snowshoe-alessandra-keller-dompte-jenny-rissveds\/#primaryimage\"},\"thumbnailUrl\":\"https:\/\/dicodusport.fr\/blog\/wp-content\/uploads\/2022\/07\/VTT-XCC-Vallnord-Alessandra-Keller-sempare-de-la-short-track-en-Andorre.png\",\"keywords\":[\"VTT\",\"VTT Snowshoe\",\"VTT XCO Snowshoe\"],\"articleSection\":[\"VTT\"],\"inLanguage\":\"fr-FR\",\"potentialAction\":[{\"@type\":\"CommentAction\",\"name\":\"Comment\",\"target\":[\"https:\/\/dicodusport.fr\/blog\/vtt-xco-snowshoe-alessandra-keller-dompte-jenny-rissveds\/#respond\"]}],\"copyrightYear\":\"2022\",\"copyrightHolder\":{\"@id\":\"https:\/\/dicodusport.fr\/blog\/#organization\"}},{\"@type\":\"WebPage\",\"@id\":\"https:\/\/dicodusport.fr\/blog\/vtt-xco-snowshoe-alessandra-keller-dompte-jenny-rissveds\/\",\"url\":\"https:\/\/dicodusport.fr\/blog\/vtt-xco-snowshoe-alessandra-keller-dompte-jenny-rissveds\/\",\"name\":\"VTT XCO Snowshoe : Alessandra Keller dompte Jenny Rissveds\",\"isPartOf\":{\"@id\":\"https:\/\/dicodusport.fr\/blog\/#website\"},\"primaryImageOfPage\":{\"@id\":\"https:\/\/dicodusport.fr\/blog\/vtt-xco-snowshoe-alessandra-keller-dompte-jenny-rissveds\/#primaryimage\"},\"image\":{\"@id\":\"https:\/\/dicodusport.fr\/blog\/vtt-xco-snowshoe-alessandra-keller-dompte-jenny-rissveds\/#primaryimage\"},\"thumbnailUrl\":\"https:\/\/dicodusport.fr\/blog\/wp-content\/uploads\/2022\/07\/VTT-XCC-Vallnord-Alessandra-Keller-sempare-de-la-short-track-en-Andorre.png\",\"datePublished\":\"2022-07-31T17:49:14+00:00\",\"dateModified\":\"2022-08-01T06:24:43+00:00\",\"description\":\"COUPE DU MONDE DE VTT - XCO SNOWSHOE - Alessandra Keller (Th\u00f6mus Maxon) a remport\u00e9 la Coupe du monde de VTT XCO, \u00e0 Snowshoe (USA).\",\"breadcrumb\":{\"@id\":\"https:\/\/dicodusport.fr\/blog\/vtt-xco-snowshoe-alessandra-keller-dompte-jenny-rissveds\/#breadcrumb\"},\"inLanguage\":\"fr-FR\",\"potentialAction\":[{\"@type\":\"ReadAction\",\"target\":[\"https:\/\/dicodusport.fr\/blog\/vtt-xco-snowshoe-alessandra-keller-dompte-jenny-rissveds\/\"]}]},{\"@type\":\"ImageObject\",\"inLanguage\":\"fr-FR\",\"@id\":\"https:\/\/dicodusport.fr\/blog\/vtt-xco-snowshoe-alessandra-keller-dompte-jenny-rissveds\/#primaryimage\",\"url\":\"https:\/\/dicodusport.fr\/blog\/wp-content\/uploads\/2022\/07\/VTT-XCC-Vallnord-Alessandra-Keller-sempare-de-la-short-track-en-Andorre.png\",\"contentUrl\":\"https:\/\/dicodusport.fr\/blog\/wp-content\/uploads\/2022\/07\/VTT-XCC-Vallnord-Alessandra-Keller-sempare-de-la-short-track-en-Andorre.png\",\"width\":800,\"height\":445,\"caption\":\"VTT XCC Vallnord Alessandra Keller s'empare de la short-track en Andorre\"},{\"@type\":\"BreadcrumbList\",\"@id\":\"https:\/\/dicodusport.fr\/blog\/vtt-xco-snowshoe-alessandra-keller-dompte-jenny-rissveds\/#breadcrumb\",\"itemListElement\":[{\"@type\":\"ListItem\",\"position\":1,\"name\":\"Accueil\",\"item\":\"https:\/\/dicodusport.fr\/blog\/\"},{\"@type\":\"ListItem\",\"position\":2,\"name\":\"VTT XCO Snowshoe : Alessandra Keller dompte Jenny Rissveds\"}]},{\"@type\":\"WebSite\",\"@id\":\"https:\/\/dicodusport.fr\/blog\/#website\",\"url\":\"https:\/\/dicodusport.fr\/blog\/\",\"name\":\"Dicodusport\",\"description\":\"L&#039;encyclop\u00e9die de l&#039;actualit\u00e9 sportive\",\"publisher\":{\"@id\":\"https:\/\/dicodusport.fr\/blog\/#organization\"},\"potentialAction\":[{\"@type\":\"SearchAction\",\"target\":{\"@type\":\"EntryPoint\",\"urlTemplate\":\"https:\/\/dicodusport.fr\/blog\/?s={search_term_string}\"},\"query-input\":{\"@type\":\"PropertyValueSpecification\",\"valueRequired\":true,\"valueName\":\"search_term_string\"}}],\"inLanguage\":\"fr-FR\"},{\"@type\":\"NewsMediaOrganization\",\"@id\":\"https:\/\/dicodusport.fr\/blog\/#organization\",\"name\":\"Dicodusport\",\"url\":\"https:\/\/dicodusport.fr\/blog\/\",\"logo\":{\"@type\":\"ImageObject\",\"inLanguage\":\"fr-FR\",\"@id\":\"https:\/\/dicodusport.fr\/blog\/#\/schema\/logo\/image\/\",\"url\":\"https:\/\/dicodusport.fr\/blog\/wp-content\/uploads\/2020\/06\/cropped-LOGO-DICODUSPORT-2020-SANS-FOND-SANS-TEXTE.png\",\"contentUrl\":\"https:\/\/dicodusport.fr\/blog\/wp-content\/uploads\/2020\/06\/cropped-LOGO-DICODUSPORT-2020-SANS-FOND-SANS-TEXTE.png\",\"width\":512,\"height\":512,\"caption\":\"Dicodusport\"},\"image\":{\"@id\":\"https:\/\/dicodusport.fr\/blog\/#\/schema\/logo\/image\/\"},\"sameAs\":[\"https:\/\/www.facebook.com\/dicodusport\",\"https:\/\/x.com\/dicodusport\",\"https:\/\/www.instagram.com\/dicodusport\/\",\"https:\/\/www.youtube.com\/channel\/UC7V2KZ5sd3htJivAbA4ZG3w\"],\"description\":\"Dicodusport est l'encyclop\u00e9die de l'actualit\u00e9 sportive.\",\"email\":\"bonjour@dicodusport.fr\",\"legalName\":\"DICODUSPORT\",\"foundingDate\":\"2018-01-14\",\"vatID\":\"FR71834470973\",\"taxID\":\"83447097300043\",\"numberOfEmployees\":{\"@type\":\"QuantitativeValue\",\"minValue\":\"1\",\"maxValue\":\"10\"}},{\"@type\":\"Person\",\"@id\":\"https:\/\/dicodusport.fr\/blog\/#\/schema\/person\/cb02af4c173ce4a653b55e9baf388d4a\",\"name\":\"Flo Ostermann\",\"image\":{\"@type\":\"ImageObject\",\"inLanguage\":\"fr-FR\",\"@id\":\"https:\/\/dicodusport.fr\/blog\/#\/schema\/person\/image\/\",\"url\":\"https:\/\/dicodusport.fr\/blog\/wp-content\/uploads\/2021\/05\/Flo-Ostermann-150x150.jpg\",\"contentUrl\":\"https:\/\/dicodusport.fr\/blog\/wp-content\/uploads\/2021\/05\/Flo-Ostermann-150x150.jpg\",\"caption\":\"Flo Ostermann\"},\"description\":\"Journaliste\/R\u00e9dacteur depuis septembre 2015 - Mes premiers souvenirs dans le sport ? Les envol\u00e9es du Stade Toulousain et les duels Villeneuve-Schumacher et H\u00e4kkinen-Schumacher \u00e0 la fin des ann\u00e9es 90, la Coupe du monde de football en 1998, l\u2019exploit du XV de France face aux All Blacks en 1999, mais aussi Richard C\u0153ur de Lion qui vole sur les montagnes du Tour de France. Bien parti pour devenir professeur d\u2019EPS, les \u00e9v\u00e9nements de la vie (et la flemme d\u2019animer des s\u00e9ances de 3x500 m\u00e8tres toute ma vie) m\u2019ont conduit \u00e0 revoir mes plans. Me voil\u00e0 depuis fin 2017 sur Dicodusport, m\u00e9dia gr\u00e2ce (et pour) lequel je partage ma passion : le sport dans tous ses \u00e9tats. Le tout accompagn\u00e9 par les fous furieux et folles furieuses cit\u00e9s sur cette page !\",\"sameAs\":[\"https:\/\/www.facebook.com\/florent.ostermann\",\"https:\/\/x.com\/https:\/\/twitter.com\/FlOstermann\",\"admin\"],\"url\":\"https:\/\/dicodusport.fr\/blog\/author\/flo\/\"}]}<\/script>\n<!-- \/ Yoast SEO Premium plugin. -->","yoast_head_json":{"title":"VTT XCO Snowshoe : Alessandra Keller dompte Jenny Rissveds","description":"COUPE DU MONDE DE VTT - XCO SNOWSHOE - Alessandra Keller (Th\u00f6mus Maxon) a remport\u00e9 la Coupe du monde de VTT XCO, \u00e0 Snowshoe (USA).","robots":{"index":"index","follow":"follow","max-snippet":"max-snippet:-1","max-image-preview":"max-image-preview:large","max-video-preview":"max-video-preview:-1"},"canonical":"https:\/\/dicodusport.fr\/blog\/vtt-xco-snowshoe-alessandra-keller-dompte-jenny-rissveds\/","og_locale":"fr_FR","og_type":"article","og_title":"VTT XCO Snowshoe : Alessandra Keller dompte Jenny Rissveds","og_description":"COUPE DU MONDE DE VTT - XCO SNOWSHOE - Alessandra Keller (Th\u00f6mus Maxon) a remport\u00e9 la Coupe du monde de VTT XCO, \u00e0 Snowshoe (USA).","og_url":"https:\/\/dicodusport.fr\/blog\/vtt-xco-snowshoe-alessandra-keller-dompte-jenny-rissveds\/","og_site_name":"Dicodusport","article_publisher":"https:\/\/www.facebook.com\/dicodusport","article_author":"https:\/\/www.facebook.com\/florent.ostermann","article_published_time":"2022-07-31T17:49:14+00:00","article_modified_time":"2022-08-01T06:24:43+00:00","og_image":[{"width":800,"height":445,"url":"https:\/\/dicodusport.fr\/blog\/wp-content\/uploads\/2022\/07\/VTT-XCC-Vallnord-Alessandra-Keller-sempare-de-la-short-track-en-Andorre.png","type":"image\/png"}],"author":"Flo Ostermann","twitter_card":"summary_large_image","twitter_title":"VTT XCO Snowshoe : Alessandra Keller dompte Jenny Rissveds","twitter_creator":"@https:\/\/twitter.com\/FlOstermann","twitter_site":"@dicodusport","schema":{"@context":"https:\/\/schema.org","@graph":[{"@type":"NewsArticle","@id":"https:\/\/dicodusport.fr\/blog\/vtt-xco-snowshoe-alessandra-keller-dompte-jenny-rissveds\/#article","isPartOf":{"@id":"https:\/\/dicodusport.fr\/blog\/vtt-xco-snowshoe-alessandra-keller-dompte-jenny-rissveds\/"},"author":{"name":"Flo Ostermann","@id":"https:\/\/dicodusport.fr\/blog\/#\/schema\/person\/cb02af4c173ce4a653b55e9baf388d4a"},"headline":"VTT XCO Snowshoe : Alessandra Keller dompte Jenny Rissveds","datePublished":"2022-07-31T17:49:14+00:00","dateModified":"2022-08-01T06:24:43+00:00","mainEntityOfPage":{"@id":"https:\/\/dicodusport.fr\/blog\/vtt-xco-snowshoe-alessandra-keller-dompte-jenny-rissveds\/"},"wordCount":333,"commentCount":0,"publisher":{"@id":"https:\/\/dicodusport.fr\/blog\/#organization"},"image":{"@id":"https:\/\/dicodusport.fr\/blog\/vtt-xco-snowshoe-alessandra-keller-dompte-jenny-rissveds\/#primaryimage"},"thumbnailUrl":"https:\/\/dicodusport.fr\/blog\/wp-content\/uploads\/2022\/07\/VTT-XCC-Vallnord-Alessandra-Keller-sempare-de-la-short-track-en-Andorre.png","keywords":["VTT","VTT Snowshoe","VTT XCO Snowshoe"],"articleSection":["VTT"],"inLanguage":"fr-FR","potentialAction":[{"@type":"CommentAction","name":"Comment","target":["https:\/\/dicodusport.fr\/blog\/vtt-xco-snowshoe-alessandra-keller-dompte-jenny-rissveds\/#respond"]}],"copyrightYear":"2022","copyrightHolder":{"@id":"https:\/\/dicodusport.fr\/blog\/#organization"}},{"@type":"WebPage","@id":"https:\/\/dicodusport.fr\/blog\/vtt-xco-snowshoe-alessandra-keller-dompte-jenny-rissveds\/","url":"https:\/\/dicodusport.fr\/blog\/vtt-xco-snowshoe-alessandra-keller-dompte-jenny-rissveds\/","name":"VTT XCO Snowshoe : Alessandra Keller dompte Jenny Rissveds","isPartOf":{"@id":"https:\/\/dicodusport.fr\/blog\/#website"},"primaryImageOfPage":{"@id":"https:\/\/dicodusport.fr\/blog\/vtt-xco-snowshoe-alessandra-keller-dompte-jenny-rissveds\/#primaryimage"},"image":{"@id":"https:\/\/dicodusport.fr\/blog\/vtt-xco-snowshoe-alessandra-keller-dompte-jenny-rissveds\/#primaryimage"},"thumbnailUrl":"https:\/\/dicodusport.fr\/blog\/wp-content\/uploads\/2022\/07\/VTT-XCC-Vallnord-Alessandra-Keller-sempare-de-la-short-track-en-Andorre.png","datePublished":"2022-07-31T17:49:14+00:00","dateModified":"2022-08-01T06:24:43+00:00","description":"COUPE DU MONDE DE VTT - XCO SNOWSHOE - Alessandra Keller (Th\u00f6mus Maxon) a remport\u00e9 la Coupe du monde de VTT XCO, \u00e0 Snowshoe (USA).","breadcrumb":{"@id":"https:\/\/dicodusport.fr\/blog\/vtt-xco-snowshoe-alessandra-keller-dompte-jenny-rissveds\/#breadcrumb"},"inLanguage":"fr-FR","potentialAction":[{"@type":"ReadAction","target":["https:\/\/dicodusport.fr\/blog\/vtt-xco-snowshoe-alessandra-keller-dompte-jenny-rissveds\/"]}]},{"@type":"ImageObject","inLanguage":"fr-FR","@id":"https:\/\/dicodusport.fr\/blog\/vtt-xco-snowshoe-alessandra-keller-dompte-jenny-rissveds\/#primaryimage","url":"https:\/\/dicodusport.fr\/blog\/wp-content\/uploads\/2022\/07\/VTT-XCC-Vallnord-Alessandra-Keller-sempare-de-la-short-track-en-Andorre.png","contentUrl":"https:\/\/dicodusport.fr\/blog\/wp-content\/uploads\/2022\/07\/VTT-XCC-Vallnord-Alessandra-Keller-sempare-de-la-short-track-en-Andorre.png","width":800,"height":445,"caption":"VTT XCC Vallnord Alessandra Keller s'empare de la short-track en Andorre"},{"@type":"BreadcrumbList","@id":"https:\/\/dicodusport.fr\/blog\/vtt-xco-snowshoe-alessandra-keller-dompte-jenny-rissveds\/#breadcrumb","itemListElement":[{"@type":"ListItem","position":1,"name":"Accueil","item":"https:\/\/dicodusport.fr\/blog\/"},{"@type":"ListItem","position":2,"name":"VTT XCO Snowshoe : Alessandra Keller dompte Jenny Rissveds"}]},{"@type":"WebSite","@id":"https:\/\/dicodusport.fr\/blog\/#website","url":"https:\/\/dicodusport.fr\/blog\/","name":"Dicodusport","description":"L&#039;encyclop\u00e9die de l&#039;actualit\u00e9 sportive","publisher":{"@id":"https:\/\/dicodusport.fr\/blog\/#organization"},"potentialAction":[{"@type":"SearchAction","target":{"@type":"EntryPoint","urlTemplate":"https:\/\/dicodusport.fr\/blog\/?s={search_term_string}"},"query-input":{"@type":"PropertyValueSpecification","valueRequired":true,"valueName":"search_term_string"}}],"inLanguage":"fr-FR"},{"@type":"NewsMediaOrganization","@id":"https:\/\/dicodusport.fr\/blog\/#organization","name":"Dicodusport","url":"https:\/\/dicodusport.fr\/blog\/","logo":{"@type":"ImageObject","inLanguage":"fr-FR","@id":"https:\/\/dicodusport.fr\/blog\/#\/schema\/logo\/image\/","url":"https:\/\/dicodusport.fr\/blog\/wp-content\/uploads\/2020\/06\/cropped-LOGO-DICODUSPORT-2020-SANS-FOND-SANS-TEXTE.png","contentUrl":"https:\/\/dicodusport.fr\/blog\/wp-content\/uploads\/2020\/06\/cropped-LOGO-DICODUSPORT-2020-SANS-FOND-SANS-TEXTE.png","width":512,"height":512,"caption":"Dicodusport"},"image":{"@id":"https:\/\/dicodusport.fr\/blog\/#\/schema\/logo\/image\/"},"sameAs":["https:\/\/www.facebook.com\/dicodusport","https:\/\/x.com\/dicodusport","https:\/\/www.instagram.com\/dicodusport\/","https:\/\/www.youtube.com\/channel\/UC7V2KZ5sd3htJivAbA4ZG3w"],"description":"Dicodusport est l'encyclop\u00e9die de l'actualit\u00e9 sportive.","email":"bonjour@dicodusport.fr","legalName":"DICODUSPORT","foundingDate":"2018-01-14","vatID":"FR71834470973","taxID":"83447097300043","numberOfEmployees":{"@type":"QuantitativeValue","minValue":"1","maxValue":"10"}},{"@type":"Person","@id":"https:\/\/dicodusport.fr\/blog\/#\/schema\/person\/cb02af4c173ce4a653b55e9baf388d4a","name":"Flo Ostermann","image":{"@type":"ImageObject","inLanguage":"fr-FR","@id":"https:\/\/dicodusport.fr\/blog\/#\/schema\/person\/image\/","url":"https:\/\/dicodusport.fr\/blog\/wp-content\/uploads\/2021\/05\/Flo-Ostermann-150x150.jpg","contentUrl":"https:\/\/dicodusport.fr\/blog\/wp-content\/uploads\/2021\/05\/Flo-Ostermann-150x150.jpg","caption":"Flo Ostermann"},"description":"Journaliste\/R\u00e9dacteur depuis septembre 2015 - Mes premiers souvenirs dans le sport ? Les envol\u00e9es du Stade Toulousain et les duels Villeneuve-Schumacher et H\u00e4kkinen-Schumacher \u00e0 la fin des ann\u00e9es 90, la Coupe du monde de football en 1998, l\u2019exploit du XV de France face aux All Blacks en 1999, mais aussi Richard C\u0153ur de Lion qui vole sur les montagnes du Tour de France. Bien parti pour devenir professeur d\u2019EPS, les \u00e9v\u00e9nements de la vie (et la flemme d\u2019animer des s\u00e9ances de 3x500 m\u00e8tres toute ma vie) m\u2019ont conduit \u00e0 revoir mes plans. Me voil\u00e0 depuis fin 2017 sur Dicodusport, m\u00e9dia gr\u00e2ce (et pour) lequel je partage ma passion : le sport dans tous ses \u00e9tats. Le tout accompagn\u00e9 par les fous furieux et folles furieuses cit\u00e9s sur cette page !","sameAs":["https:\/\/www.facebook.com\/florent.ostermann","https:\/\/x.com\/https:\/\/twitter.com\/FlOstermann","admin"],"url":"https:\/\/dicodusport.fr\/blog\/author\/flo\/"}]}},"_links":{"self":[{"href":"https:\/\/dicodusport.fr\/blog\/wp-json\/wp\/v2\/posts\/248145","targetHints":{"allow":["GET"]}}],"collection":[{"href":"https:\/\/dicodusport.fr\/blog\/wp-json\/wp\/v2\/posts"}],"about":[{"href":"https:\/\/dicodusport.fr\/blog\/wp-json\/wp\/v2\/types\/post"}],"author":[{"embeddable":true,"href":"https:\/\/dicodusport.fr\/blog\/wp-json\/wp\/v2\/users\/4"}],"replies":[{"embeddable":true,"href":"https:\/\/dicodusport.fr\/blog\/wp-json\/wp\/v2\/comments?post=248145"}],"version-history":[{"count":0,"href":"https:\/\/dicodusport.fr\/blog\/wp-json\/wp\/v2\/posts\/248145\/revisions"}],"wp:featuredmedia":[{"embeddable":true,"href":"https:\/\/dicodusport.fr\/blog\/wp-json\/wp\/v2\/media\/243533"}],"wp:attachment":[{"href":"https:\/\/dicodusport.fr\/blog\/wp-json\/wp\/v2\/media?parent=248145"}],"wp:term":[{"taxonomy":"category","embeddable":true,"href":"https:\/\/dicodusport.fr\/blog\/wp-json\/wp\/v2\/categories?post=248145"},{"taxonomy":"post_tag","embeddable":true,"href":"https:\/\/dicodusport.fr\/blog\/wp-json\/wp\/v2\/tags?post=248145"}],"curies":[{"name":"wp","href":"https:\/\/api.w.org\/{rel}","templated":true}]}}