{"id":248338,"date":"2022-08-01T14:26:50","date_gmt":"2022-08-01T12:26:50","guid":{"rendered":"https:\/\/dicodusport.fr\/blog\/?p=248338&#038;preview=true&#038;preview_id=248338"},"modified":"2022-08-01T15:07:09","modified_gmt":"2022-08-01T13:07:09","slug":"mercato-arkea-samsic-signe-un-jeune-puncheur-francais","status":"publish","type":"post","link":"https:\/\/dicodusport.fr\/blog\/mercato-arkea-samsic-signe-un-jeune-puncheur-francais\/","title":{"rendered":"Mercato : Ark\u00e9a-Samsic signe un jeune puncheur fran\u00e7ais"},"content":{"rendered":"<p style=\"text-align: justify;\"><b><i>CYCLISME SUR ROUTE 2022 &#8211; La formation Ark\u00e9a-Samsic a annonc\u00e9 l&rsquo;arriv\u00e9e dans son effectif de Louis Barr\u00e9 pour la fin de l&rsquo;ann\u00e9e 2022 et les saisons \u00e0 venir.\u00a0<\/i><\/b><\/p>\n<p style=\"text-align: justify;\">Apr\u00e8s sept mois avec le Team U Nantes Atlantique, <strong>Louis Barr\u00e9<\/strong> rejoint la formation bretonne Ark\u00e9a-Samsic \u00e0 compter du 1er ao\u00fbt. Au moment de parapher son contrat avec sa nouvelle \u00e9quipe, le coureur de 22 ans s&rsquo;est expliqu\u00e9 sur le site de l&rsquo;\u00e9quipe manag\u00e9e par <strong>Emmanuel Hubert<\/strong>.<\/p>\n<blockquote>\n<p style=\"text-align: justify;\">Je suis fier de passer dans les rangs de l\u2019\u00e9quipe Ark\u00e9a-Samsic. C\u2019est une belle formation en pleine progression. J\u2019appr\u00e9cie beaucoup la philosophie de course de cette \u00e9quipe. Je suis heureux de rejoindre cette formation qui donne sa chance aux jeunes coureurs. Je connais d\u00e9j\u00e0 un peu Donavan Grondin et K\u00e9vin Vauquelin. C\u00f4t\u00e9 sportif, je suis un puncheur-grimpeur. J\u2019ai effectu\u00e9 toutes mes classes au sein du Team U Nantes Atlantique. Je suis arriv\u00e9 au sein du club en junior premi\u00e8re ann\u00e9e, et cette ann\u00e9e j\u2019ai pu effectuer mes d\u00e9buts chez les professionnels sous ces couleurs.<\/p>\n<\/blockquote>\n<p style=\"text-align: justify;\">Cette saison, le puncheur-grimpeur de 22 ans a termin\u00e9 septi\u00e8me du <strong>Tour du Finist\u00e8re<\/strong>, mais a aussi accroch\u00e9 des Tops 20 sur l&rsquo;<strong>\u00c9toile de Bess\u00e8ges<\/strong> et le <strong>Tour des Alpes-Maritimes et du Var<\/strong>.<\/p>\n<blockquote class=\"twitter-tweet\">\n<p dir=\"ltr\" lang=\"fr\">En rouge et noir \u00e0 partir d&rsquo;aujourd&rsquo;hui : bienvenue dans la famille Ark\u00e9a-Samsic Louis ! &#x1f534;&#x26ab;&#x1f44b;<\/p>\n<p>&#x1f4c4; Le communiqu\u00e9 &#x1f447;<a href=\"https:\/\/t.co\/Tezj8pL7SQ\">https:\/\/t.co\/Tezj8pL7SQ<\/a> <a href=\"https:\/\/t.co\/fFtcwCNH9z\">pic.twitter.com\/fFtcwCNH9z<\/a><\/p>\n<p>\u2014 Team Ark\u00e9a Samsic (@Arkea_Samsic) <a href=\"https:\/\/twitter.com\/Arkea_Samsic\/status\/1554074534634049537?ref_src=twsrc%5Etfw\">August 1, 2022<\/a><\/p><\/blockquote>\n<p><script async src=\"https:\/\/platform.twitter.com\/widgets.js\" charset=\"utf-8\"><\/script><\/p>\n<ul>\n<li style=\"text-align: justify;\"><strong>\u00c0 lire aussi &#8211; <a href=\"https:\/\/dicodusport.fr\/blog\/cyclisme-transferts-2022-2023-tableau-du-mercato\/\">Cyclisme : Le tableau du mercato 2022-2023<\/a><\/strong><\/li>\n<\/ul>\n","protected":false},"excerpt":{"rendered":"<p>CYCLISME SUR ROUTE 2022 &#8211; La formation Ark\u00e9a-Samsic a annonc\u00e9 l&rsquo;arriv\u00e9e dans son effectif de Louis Barr\u00e9 pour la fin de l&rsquo;ann\u00e9e 2022 et les saisons \u00e0 venir.\u00a0<\/p>\n","protected":false},"author":1,"featured_media":248341,"comment_status":"open","ping_status":"closed","sticky":false,"template":"","format":"standard","meta":{"_acf_changed":false,"_daextam_enable_autolinks":"","footnotes":""},"categories":[46994],"tags":[7045,25489],"class_list":["post-248338","post","type-post","status-publish","format-standard","has-post-thumbnail","hentry","category-cyclisme-sur-route","tag-arkea-samsic","tag-barre"],"acf":[],"yoast_head":"<!-- This site is optimized with the Yoast SEO Premium plugin v26.7 (Yoast SEO v26.7) - https:\/\/yoast.com\/wordpress\/plugins\/seo\/ -->\n<title>Mercato : Ark\u00e9a-Samsic signe un jeune puncheur fran\u00e7ais<\/title>\n<meta name=\"description\" content=\"CYCLISME SUR ROUTE 2022 - La formation Ark\u00e9a-Samsic a annonc\u00e9 l&#039;arriv\u00e9e dans son effectif de Louis Barr\u00e9.\" \/>\n<meta name=\"robots\" content=\"index, follow, max-snippet:-1, max-image-preview:large, max-video-preview:-1\" \/>\n<link rel=\"canonical\" href=\"https:\/\/dicodusport.fr\/blog\/mercato-arkea-samsic-signe-un-jeune-puncheur-francais\/\" \/>\n<meta property=\"og:locale\" content=\"fr_FR\" \/>\n<meta property=\"og:type\" content=\"article\" \/>\n<meta property=\"og:title\" content=\"Mercato : Ark\u00e9a-Samsic signe un jeune puncheur fran\u00e7ais\" \/>\n<meta property=\"og:description\" content=\"CYCLISME SUR ROUTE 2022 - La formation Ark\u00e9a-Samsic a annonc\u00e9 l&#039;arriv\u00e9e dans son effectif de Louis Barr\u00e9.\" \/>\n<meta property=\"og:url\" content=\"https:\/\/dicodusport.fr\/blog\/mercato-arkea-samsic-signe-un-jeune-puncheur-francais\/\" \/>\n<meta property=\"og:site_name\" content=\"Dicodusport\" \/>\n<meta property=\"article:publisher\" content=\"https:\/\/www.facebook.com\/dicodusport\" \/>\n<meta property=\"article:author\" content=\"https:\/\/www.facebook.com\/dicodusport\" \/>\n<meta property=\"article:published_time\" content=\"2022-08-01T12:26:50+00:00\" \/>\n<meta property=\"article:modified_time\" content=\"2022-08-01T13:07:09+00:00\" \/>\n<meta property=\"og:image\" content=\"https:\/\/dicodusport.fr\/blog\/wp-content\/uploads\/2022\/08\/Mercato-Arke\u0301a-Samsic-signe-un-jeune-puncheur-franc\u0327ais.png\" \/>\n\t<meta property=\"og:image:width\" content=\"800\" \/>\n\t<meta property=\"og:image:height\" content=\"445\" \/>\n\t<meta property=\"og:image:type\" content=\"image\/png\" \/>\n<meta name=\"author\" content=\"Nicolas Jacquemard\" \/>\n<meta name=\"twitter:card\" content=\"summary_large_image\" \/>\n<meta name=\"twitter:title\" content=\"Mercato : Ark\u00e9a-Samsic signe un jeune puncheur fran\u00e7ais\" \/>\n<meta name=\"twitter:creator\" content=\"@https:\/\/twitter.com\/Nico_Jacquemard\" \/>\n<meta name=\"twitter:site\" content=\"@dicodusport\" \/>\n<script type=\"application\/ld+json\" class=\"yoast-schema-graph\">{\"@context\":\"https:\/\/schema.org\",\"@graph\":[{\"@type\":\"NewsArticle\",\"@id\":\"https:\/\/dicodusport.fr\/blog\/mercato-arkea-samsic-signe-un-jeune-puncheur-francais\/#article\",\"isPartOf\":{\"@id\":\"https:\/\/dicodusport.fr\/blog\/mercato-arkea-samsic-signe-un-jeune-puncheur-francais\/\"},\"author\":{\"name\":\"Nicolas Jacquemard\",\"@id\":\"https:\/\/dicodusport.fr\/blog\/#\/schema\/person\/55dcb50ad410894e431ed812bbb70191\"},\"headline\":\"Mercato : Ark\u00e9a-Samsic signe un jeune puncheur fran\u00e7ais\",\"datePublished\":\"2022-08-01T12:26:50+00:00\",\"dateModified\":\"2022-08-01T13:07:09+00:00\",\"mainEntityOfPage\":{\"@id\":\"https:\/\/dicodusport.fr\/blog\/mercato-arkea-samsic-signe-un-jeune-puncheur-francais\/\"},\"wordCount\":289,\"commentCount\":0,\"publisher\":{\"@id\":\"https:\/\/dicodusport.fr\/blog\/#organization\"},\"image\":{\"@id\":\"https:\/\/dicodusport.fr\/blog\/mercato-arkea-samsic-signe-un-jeune-puncheur-francais\/#primaryimage\"},\"thumbnailUrl\":\"https:\/\/dicodusport.fr\/blog\/wp-content\/uploads\/2022\/08\/Mercato-Arke\u0301a-Samsic-signe-un-jeune-puncheur-franc\u0327ais.png\",\"keywords\":[\"Arkea-Samsic\",\"Barr\u00e9\"],\"articleSection\":[\"Cyclisme sur route\"],\"inLanguage\":\"fr-FR\",\"potentialAction\":[{\"@type\":\"CommentAction\",\"name\":\"Comment\",\"target\":[\"https:\/\/dicodusport.fr\/blog\/mercato-arkea-samsic-signe-un-jeune-puncheur-francais\/#respond\"]}],\"copyrightYear\":\"2022\",\"copyrightHolder\":{\"@id\":\"https:\/\/dicodusport.fr\/blog\/#organization\"}},{\"@type\":\"WebPage\",\"@id\":\"https:\/\/dicodusport.fr\/blog\/mercato-arkea-samsic-signe-un-jeune-puncheur-francais\/\",\"url\":\"https:\/\/dicodusport.fr\/blog\/mercato-arkea-samsic-signe-un-jeune-puncheur-francais\/\",\"name\":\"Mercato : Ark\u00e9a-Samsic signe un jeune puncheur fran\u00e7ais\",\"isPartOf\":{\"@id\":\"https:\/\/dicodusport.fr\/blog\/#website\"},\"primaryImageOfPage\":{\"@id\":\"https:\/\/dicodusport.fr\/blog\/mercato-arkea-samsic-signe-un-jeune-puncheur-francais\/#primaryimage\"},\"image\":{\"@id\":\"https:\/\/dicodusport.fr\/blog\/mercato-arkea-samsic-signe-un-jeune-puncheur-francais\/#primaryimage\"},\"thumbnailUrl\":\"https:\/\/dicodusport.fr\/blog\/wp-content\/uploads\/2022\/08\/Mercato-Arke\u0301a-Samsic-signe-un-jeune-puncheur-franc\u0327ais.png\",\"datePublished\":\"2022-08-01T12:26:50+00:00\",\"dateModified\":\"2022-08-01T13:07:09+00:00\",\"description\":\"CYCLISME SUR ROUTE 2022 - La formation Ark\u00e9a-Samsic a annonc\u00e9 l'arriv\u00e9e dans son effectif de Louis Barr\u00e9.\",\"breadcrumb\":{\"@id\":\"https:\/\/dicodusport.fr\/blog\/mercato-arkea-samsic-signe-un-jeune-puncheur-francais\/#breadcrumb\"},\"inLanguage\":\"fr-FR\",\"potentialAction\":[{\"@type\":\"ReadAction\",\"target\":[\"https:\/\/dicodusport.fr\/blog\/mercato-arkea-samsic-signe-un-jeune-puncheur-francais\/\"]}]},{\"@type\":\"ImageObject\",\"inLanguage\":\"fr-FR\",\"@id\":\"https:\/\/dicodusport.fr\/blog\/mercato-arkea-samsic-signe-un-jeune-puncheur-francais\/#primaryimage\",\"url\":\"https:\/\/dicodusport.fr\/blog\/wp-content\/uploads\/2022\/08\/Mercato-Arke\u0301a-Samsic-signe-un-jeune-puncheur-franc\u0327ais.png\",\"contentUrl\":\"https:\/\/dicodusport.fr\/blog\/wp-content\/uploads\/2022\/08\/Mercato-Arke\u0301a-Samsic-signe-un-jeune-puncheur-franc\u0327ais.png\",\"width\":800,\"height\":445},{\"@type\":\"BreadcrumbList\",\"@id\":\"https:\/\/dicodusport.fr\/blog\/mercato-arkea-samsic-signe-un-jeune-puncheur-francais\/#breadcrumb\",\"itemListElement\":[{\"@type\":\"ListItem\",\"position\":1,\"name\":\"Accueil\",\"item\":\"https:\/\/dicodusport.fr\/blog\/\"},{\"@type\":\"ListItem\",\"position\":2,\"name\":\"Mercato : Ark\u00e9a-Samsic signe un jeune puncheur fran\u00e7ais\"}]},{\"@type\":\"WebSite\",\"@id\":\"https:\/\/dicodusport.fr\/blog\/#website\",\"url\":\"https:\/\/dicodusport.fr\/blog\/\",\"name\":\"Dicodusport\",\"description\":\"L&#039;encyclop\u00e9die de l&#039;actualit\u00e9 sportive\",\"publisher\":{\"@id\":\"https:\/\/dicodusport.fr\/blog\/#organization\"},\"potentialAction\":[{\"@type\":\"SearchAction\",\"target\":{\"@type\":\"EntryPoint\",\"urlTemplate\":\"https:\/\/dicodusport.fr\/blog\/?s={search_term_string}\"},\"query-input\":{\"@type\":\"PropertyValueSpecification\",\"valueRequired\":true,\"valueName\":\"search_term_string\"}}],\"inLanguage\":\"fr-FR\"},{\"@type\":\"NewsMediaOrganization\",\"@id\":\"https:\/\/dicodusport.fr\/blog\/#organization\",\"name\":\"Dicodusport\",\"url\":\"https:\/\/dicodusport.fr\/blog\/\",\"logo\":{\"@type\":\"ImageObject\",\"inLanguage\":\"fr-FR\",\"@id\":\"https:\/\/dicodusport.fr\/blog\/#\/schema\/logo\/image\/\",\"url\":\"https:\/\/dicodusport.fr\/blog\/wp-content\/uploads\/2020\/06\/cropped-LOGO-DICODUSPORT-2020-SANS-FOND-SANS-TEXTE.png\",\"contentUrl\":\"https:\/\/dicodusport.fr\/blog\/wp-content\/uploads\/2020\/06\/cropped-LOGO-DICODUSPORT-2020-SANS-FOND-SANS-TEXTE.png\",\"width\":512,\"height\":512,\"caption\":\"Dicodusport\"},\"image\":{\"@id\":\"https:\/\/dicodusport.fr\/blog\/#\/schema\/logo\/image\/\"},\"sameAs\":[\"https:\/\/www.facebook.com\/dicodusport\",\"https:\/\/x.com\/dicodusport\",\"https:\/\/www.instagram.com\/dicodusport\/\",\"https:\/\/www.youtube.com\/channel\/UC7V2KZ5sd3htJivAbA4ZG3w\"],\"description\":\"Dicodusport est l'encyclop\u00e9die de l'actualit\u00e9 sportive.\",\"email\":\"bonjour@dicodusport.fr\",\"legalName\":\"DICODUSPORT\",\"foundingDate\":\"2018-01-14\",\"vatID\":\"FR71834470973\",\"taxID\":\"83447097300043\",\"numberOfEmployees\":{\"@type\":\"QuantitativeValue\",\"minValue\":\"1\",\"maxValue\":\"10\"}},{\"@type\":\"Person\",\"@id\":\"https:\/\/dicodusport.fr\/blog\/#\/schema\/person\/55dcb50ad410894e431ed812bbb70191\",\"name\":\"Nicolas Jacquemard\",\"image\":{\"@type\":\"ImageObject\",\"inLanguage\":\"fr-FR\",\"@id\":\"https:\/\/dicodusport.fr\/blog\/#\/schema\/person\/image\/\",\"url\":\"https:\/\/dicodusport.fr\/blog\/wp-content\/uploads\/2021\/05\/Nicolas-Jacquemard-150x150.jpeg\",\"contentUrl\":\"https:\/\/dicodusport.fr\/blog\/wp-content\/uploads\/2021\/05\/Nicolas-Jacquemard-150x150.jpeg\",\"caption\":\"Nicolas Jacquemard\"},\"description\":\"Passionn\u00e9 de sport et entrepreneur depuis mes 18 ans, la cr\u00e9ation de Dicodusport m'a sembl\u00e9 \u00e9vidente pour participer \u00e0 la m\u00e9diatisation d'un plus grand nombre de sports. Le chemin est long mais avec une \u00e9quipe des plus motiv\u00e9es et les Jeux Olympiques de Paris 2024 en point de mire, nous y arriverons ! Journaliste dans le monde du sport depuis plus de 5 ans, je traite aussi bien de football, de rugby, de biathlon que de cyclisme.\",\"sameAs\":[\"https:\/\/www.facebook.com\/dicodusport\",\"https:\/\/x.com\/https:\/\/twitter.com\/Nico_Jacquemard\"],\"url\":\"https:\/\/dicodusport.fr\/blog\/author\/dicodusport\/\"}]}<\/script>\n<!-- \/ Yoast SEO Premium plugin. -->","yoast_head_json":{"title":"Mercato : Ark\u00e9a-Samsic signe un jeune puncheur fran\u00e7ais","description":"CYCLISME SUR ROUTE 2022 - La formation Ark\u00e9a-Samsic a annonc\u00e9 l'arriv\u00e9e dans son effectif de Louis Barr\u00e9.","robots":{"index":"index","follow":"follow","max-snippet":"max-snippet:-1","max-image-preview":"max-image-preview:large","max-video-preview":"max-video-preview:-1"},"canonical":"https:\/\/dicodusport.fr\/blog\/mercato-arkea-samsic-signe-un-jeune-puncheur-francais\/","og_locale":"fr_FR","og_type":"article","og_title":"Mercato : Ark\u00e9a-Samsic signe un jeune puncheur fran\u00e7ais","og_description":"CYCLISME SUR ROUTE 2022 - La formation Ark\u00e9a-Samsic a annonc\u00e9 l'arriv\u00e9e dans son effectif de Louis Barr\u00e9.","og_url":"https:\/\/dicodusport.fr\/blog\/mercato-arkea-samsic-signe-un-jeune-puncheur-francais\/","og_site_name":"Dicodusport","article_publisher":"https:\/\/www.facebook.com\/dicodusport","article_author":"https:\/\/www.facebook.com\/dicodusport","article_published_time":"2022-08-01T12:26:50+00:00","article_modified_time":"2022-08-01T13:07:09+00:00","og_image":[{"width":800,"height":445,"url":"https:\/\/dicodusport.fr\/blog\/wp-content\/uploads\/2022\/08\/Mercato-Arke\u0301a-Samsic-signe-un-jeune-puncheur-franc\u0327ais.png","type":"image\/png"}],"author":"Nicolas Jacquemard","twitter_card":"summary_large_image","twitter_title":"Mercato : Ark\u00e9a-Samsic signe un jeune puncheur fran\u00e7ais","twitter_creator":"@https:\/\/twitter.com\/Nico_Jacquemard","twitter_site":"@dicodusport","schema":{"@context":"https:\/\/schema.org","@graph":[{"@type":"NewsArticle","@id":"https:\/\/dicodusport.fr\/blog\/mercato-arkea-samsic-signe-un-jeune-puncheur-francais\/#article","isPartOf":{"@id":"https:\/\/dicodusport.fr\/blog\/mercato-arkea-samsic-signe-un-jeune-puncheur-francais\/"},"author":{"name":"Nicolas Jacquemard","@id":"https:\/\/dicodusport.fr\/blog\/#\/schema\/person\/55dcb50ad410894e431ed812bbb70191"},"headline":"Mercato : Ark\u00e9a-Samsic signe un jeune puncheur fran\u00e7ais","datePublished":"2022-08-01T12:26:50+00:00","dateModified":"2022-08-01T13:07:09+00:00","mainEntityOfPage":{"@id":"https:\/\/dicodusport.fr\/blog\/mercato-arkea-samsic-signe-un-jeune-puncheur-francais\/"},"wordCount":289,"commentCount":0,"publisher":{"@id":"https:\/\/dicodusport.fr\/blog\/#organization"},"image":{"@id":"https:\/\/dicodusport.fr\/blog\/mercato-arkea-samsic-signe-un-jeune-puncheur-francais\/#primaryimage"},"thumbnailUrl":"https:\/\/dicodusport.fr\/blog\/wp-content\/uploads\/2022\/08\/Mercato-Arke\u0301a-Samsic-signe-un-jeune-puncheur-franc\u0327ais.png","keywords":["Arkea-Samsic","Barr\u00e9"],"articleSection":["Cyclisme sur route"],"inLanguage":"fr-FR","potentialAction":[{"@type":"CommentAction","name":"Comment","target":["https:\/\/dicodusport.fr\/blog\/mercato-arkea-samsic-signe-un-jeune-puncheur-francais\/#respond"]}],"copyrightYear":"2022","copyrightHolder":{"@id":"https:\/\/dicodusport.fr\/blog\/#organization"}},{"@type":"WebPage","@id":"https:\/\/dicodusport.fr\/blog\/mercato-arkea-samsic-signe-un-jeune-puncheur-francais\/","url":"https:\/\/dicodusport.fr\/blog\/mercato-arkea-samsic-signe-un-jeune-puncheur-francais\/","name":"Mercato : Ark\u00e9a-Samsic signe un jeune puncheur fran\u00e7ais","isPartOf":{"@id":"https:\/\/dicodusport.fr\/blog\/#website"},"primaryImageOfPage":{"@id":"https:\/\/dicodusport.fr\/blog\/mercato-arkea-samsic-signe-un-jeune-puncheur-francais\/#primaryimage"},"image":{"@id":"https:\/\/dicodusport.fr\/blog\/mercato-arkea-samsic-signe-un-jeune-puncheur-francais\/#primaryimage"},"thumbnailUrl":"https:\/\/dicodusport.fr\/blog\/wp-content\/uploads\/2022\/08\/Mercato-Arke\u0301a-Samsic-signe-un-jeune-puncheur-franc\u0327ais.png","datePublished":"2022-08-01T12:26:50+00:00","dateModified":"2022-08-01T13:07:09+00:00","description":"CYCLISME SUR ROUTE 2022 - La formation Ark\u00e9a-Samsic a annonc\u00e9 l'arriv\u00e9e dans son effectif de Louis Barr\u00e9.","breadcrumb":{"@id":"https:\/\/dicodusport.fr\/blog\/mercato-arkea-samsic-signe-un-jeune-puncheur-francais\/#breadcrumb"},"inLanguage":"fr-FR","potentialAction":[{"@type":"ReadAction","target":["https:\/\/dicodusport.fr\/blog\/mercato-arkea-samsic-signe-un-jeune-puncheur-francais\/"]}]},{"@type":"ImageObject","inLanguage":"fr-FR","@id":"https:\/\/dicodusport.fr\/blog\/mercato-arkea-samsic-signe-un-jeune-puncheur-francais\/#primaryimage","url":"https:\/\/dicodusport.fr\/blog\/wp-content\/uploads\/2022\/08\/Mercato-Arke\u0301a-Samsic-signe-un-jeune-puncheur-franc\u0327ais.png","contentUrl":"https:\/\/dicodusport.fr\/blog\/wp-content\/uploads\/2022\/08\/Mercato-Arke\u0301a-Samsic-signe-un-jeune-puncheur-franc\u0327ais.png","width":800,"height":445},{"@type":"BreadcrumbList","@id":"https:\/\/dicodusport.fr\/blog\/mercato-arkea-samsic-signe-un-jeune-puncheur-francais\/#breadcrumb","itemListElement":[{"@type":"ListItem","position":1,"name":"Accueil","item":"https:\/\/dicodusport.fr\/blog\/"},{"@type":"ListItem","position":2,"name":"Mercato : Ark\u00e9a-Samsic signe un jeune puncheur fran\u00e7ais"}]},{"@type":"WebSite","@id":"https:\/\/dicodusport.fr\/blog\/#website","url":"https:\/\/dicodusport.fr\/blog\/","name":"Dicodusport","description":"L&#039;encyclop\u00e9die de l&#039;actualit\u00e9 sportive","publisher":{"@id":"https:\/\/dicodusport.fr\/blog\/#organization"},"potentialAction":[{"@type":"SearchAction","target":{"@type":"EntryPoint","urlTemplate":"https:\/\/dicodusport.fr\/blog\/?s={search_term_string}"},"query-input":{"@type":"PropertyValueSpecification","valueRequired":true,"valueName":"search_term_string"}}],"inLanguage":"fr-FR"},{"@type":"NewsMediaOrganization","@id":"https:\/\/dicodusport.fr\/blog\/#organization","name":"Dicodusport","url":"https:\/\/dicodusport.fr\/blog\/","logo":{"@type":"ImageObject","inLanguage":"fr-FR","@id":"https:\/\/dicodusport.fr\/blog\/#\/schema\/logo\/image\/","url":"https:\/\/dicodusport.fr\/blog\/wp-content\/uploads\/2020\/06\/cropped-LOGO-DICODUSPORT-2020-SANS-FOND-SANS-TEXTE.png","contentUrl":"https:\/\/dicodusport.fr\/blog\/wp-content\/uploads\/2020\/06\/cropped-LOGO-DICODUSPORT-2020-SANS-FOND-SANS-TEXTE.png","width":512,"height":512,"caption":"Dicodusport"},"image":{"@id":"https:\/\/dicodusport.fr\/blog\/#\/schema\/logo\/image\/"},"sameAs":["https:\/\/www.facebook.com\/dicodusport","https:\/\/x.com\/dicodusport","https:\/\/www.instagram.com\/dicodusport\/","https:\/\/www.youtube.com\/channel\/UC7V2KZ5sd3htJivAbA4ZG3w"],"description":"Dicodusport est l'encyclop\u00e9die de l'actualit\u00e9 sportive.","email":"bonjour@dicodusport.fr","legalName":"DICODUSPORT","foundingDate":"2018-01-14","vatID":"FR71834470973","taxID":"83447097300043","numberOfEmployees":{"@type":"QuantitativeValue","minValue":"1","maxValue":"10"}},{"@type":"Person","@id":"https:\/\/dicodusport.fr\/blog\/#\/schema\/person\/55dcb50ad410894e431ed812bbb70191","name":"Nicolas Jacquemard","image":{"@type":"ImageObject","inLanguage":"fr-FR","@id":"https:\/\/dicodusport.fr\/blog\/#\/schema\/person\/image\/","url":"https:\/\/dicodusport.fr\/blog\/wp-content\/uploads\/2021\/05\/Nicolas-Jacquemard-150x150.jpeg","contentUrl":"https:\/\/dicodusport.fr\/blog\/wp-content\/uploads\/2021\/05\/Nicolas-Jacquemard-150x150.jpeg","caption":"Nicolas Jacquemard"},"description":"Passionn\u00e9 de sport et entrepreneur depuis mes 18 ans, la cr\u00e9ation de Dicodusport m'a sembl\u00e9 \u00e9vidente pour participer \u00e0 la m\u00e9diatisation d'un plus grand nombre de sports. Le chemin est long mais avec une \u00e9quipe des plus motiv\u00e9es et les Jeux Olympiques de Paris 2024 en point de mire, nous y arriverons ! Journaliste dans le monde du sport depuis plus de 5 ans, je traite aussi bien de football, de rugby, de biathlon que de cyclisme.","sameAs":["https:\/\/www.facebook.com\/dicodusport","https:\/\/x.com\/https:\/\/twitter.com\/Nico_Jacquemard"],"url":"https:\/\/dicodusport.fr\/blog\/author\/dicodusport\/"}]}},"_links":{"self":[{"href":"https:\/\/dicodusport.fr\/blog\/wp-json\/wp\/v2\/posts\/248338","targetHints":{"allow":["GET"]}}],"collection":[{"href":"https:\/\/dicodusport.fr\/blog\/wp-json\/wp\/v2\/posts"}],"about":[{"href":"https:\/\/dicodusport.fr\/blog\/wp-json\/wp\/v2\/types\/post"}],"author":[{"embeddable":true,"href":"https:\/\/dicodusport.fr\/blog\/wp-json\/wp\/v2\/users\/1"}],"replies":[{"embeddable":true,"href":"https:\/\/dicodusport.fr\/blog\/wp-json\/wp\/v2\/comments?post=248338"}],"version-history":[{"count":0,"href":"https:\/\/dicodusport.fr\/blog\/wp-json\/wp\/v2\/posts\/248338\/revisions"}],"wp:featuredmedia":[{"embeddable":true,"href":"https:\/\/dicodusport.fr\/blog\/wp-json\/wp\/v2\/media\/248341"}],"wp:attachment":[{"href":"https:\/\/dicodusport.fr\/blog\/wp-json\/wp\/v2\/media?parent=248338"}],"wp:term":[{"taxonomy":"category","embeddable":true,"href":"https:\/\/dicodusport.fr\/blog\/wp-json\/wp\/v2\/categories?post=248338"},{"taxonomy":"post_tag","embeddable":true,"href":"https:\/\/dicodusport.fr\/blog\/wp-json\/wp\/v2\/tags?post=248338"}],"curies":[{"name":"wp","href":"https:\/\/api.w.org\/{rel}","templated":true}]}}