{"id":248382,"date":"2022-08-01T16:33:24","date_gmt":"2022-08-01T14:33:24","guid":{"rendered":"https:\/\/dicodusport.fr\/blog\/?p=248382&#038;preview=true&#038;preview_id=248382"},"modified":"2022-08-01T22:47:37","modified_gmt":"2022-08-01T20:47:37","slug":"tour-de-pologne-2022-sergio-higuita-fait-coup-double-sur-la-3eme-etape","status":"publish","type":"post","link":"https:\/\/dicodusport.fr\/blog\/tour-de-pologne-2022-sergio-higuita-fait-coup-double-sur-la-3eme-etape\/","title":{"rendered":"Tour de Pologne 2022 : Sergio Higuita fait coup double sur la 3\u00e8me \u00e9tape"},"content":{"rendered":"<p style=\"text-align: justify;\"><em><strong><a href=\"https:\/\/dicodusport.fr\/blog\/actualites\/cyclisme\/cyclisme-sur-route-2022\/\">CYCLISME SUR ROUTE 2022<\/a> &#8211; Le champion de Colombie Sergio Higuita (Bora Hansgrohe) <span class=\"tojvnm2t a6sixzi8 abs2jz4q a8s20v7p t1p8iaqh k5wvi7nf q3lfd5jv pk4s997a bipmatt0 cebpdrjk qowsmv63 owwhemhu dp1hu0rb dhp61c6y iyyx5f41\">a remport\u00e9 en costaud la 3\u00e8me \u00e9tape du Tour de Pologne \u00e0 <span class=\"red\">Przemy\u015bl<\/span> au sommet d&rsquo;une mont\u00e9e difficile longue de 1 700 m\u00e8tres. Il a devanc\u00e9 Pello Bilbao (Bahrain Victorious) et Quinten Hermans (Intermarch\u00e9 &#8211; Wanty-Gobert). Sergio Higuita s&rsquo;est empar\u00e9 du maillot de leader.<br \/>\n<\/span><\/strong><\/em><\/p>\n<h2 style=\"text-align: justify;\">Une \u00e9chapp\u00e9e vite ma\u00eetris\u00e9e<\/h2>\n<p style=\"text-align: justify;\"><span class=\"tojvnm2t a6sixzi8 abs2jz4q a8s20v7p t1p8iaqh k5wvi7nf q3lfd5jv pk4s997a bipmatt0 cebpdrjk qowsmv63 owwhemhu dp1hu0rb dhp61c6y iyyx5f41\">D&rsquo;abord, d\u00e8s les premiers kilom\u00e8tres de course, <strong>Matthias Br\u00e4ndle<\/strong> (Israel &#8211; Premier Tech), <strong>Michel Hessmann<\/strong> (Jumbo-Visma), <strong>Edward Theuns<\/strong> (Trek Segafredo), <strong>Piotr Brozyna<\/strong> et <strong>Marcin Budzinski<\/strong> (Pologne) ont form\u00e9 l&rsquo;\u00e9chapp\u00e9e du jour. Leur avance est rapidement mont\u00e9 \u00e0 presque 8 minutes apr\u00e8s plus de 20 kilom\u00e8tres. <\/span><\/p>\n<p style=\"text-align: justify;\"><span class=\"tojvnm2t a6sixzi8 abs2jz4q a8s20v7p t1p8iaqh k5wvi7nf q3lfd5jv pk4s997a bipmatt0 cebpdrjk qowsmv63 owwhemhu dp1hu0rb dhp61c6y iyyx5f41\">Puis, les \u00e9quipes <strong>Bora Hansgrohe, INEOS Grenadiers, Lotto Soudal<\/strong> et <strong>UAE Team Emirates<\/strong> ont pris les commandes du peloton afin de faire descendre l&rsquo;\u00e9cart des fuyards \u00e0 4 minutes au bout de 60 kilom\u00e8tres de course. <strong>Edward Theuns<\/strong> a remport\u00e9 le sprint interm\u00e9diaire de Jan\u00f3w Lubelski et Le\u017cajsk. <strong>Marcin Budzinski<\/strong> est pass\u00e9 en t\u00eate au troisi\u00e8me sprint interm\u00e9diaire \u00e0 Jaros\u0142aw. <\/span><\/p>\n<p style=\"text-align: justify;\"><span class=\"tojvnm2t a6sixzi8 abs2jz4q a8s20v7p t1p8iaqh k5wvi7nf q3lfd5jv pk4s997a bipmatt0 cebpdrjk qowsmv63 owwhemhu dp1hu0rb dhp61c6y iyyx5f41\">Apr\u00e8s la mi-course, le peloton a maintenu un \u00e9cart d&rsquo;environ deux minutes, alors que <strong>Thomas De Gendt<\/strong> (Lotto Soudal) est sorti en contre pendant 10 kilom\u00e8tres avant d&rsquo;\u00eatre repris par le peloton. En t\u00eate de la course, <strong>Marcin Budzinski<\/strong> a \u00e9t\u00e9 distanc\u00e9 \u00e0 l&rsquo;approche des premiers reliefs.<\/span><\/p>\n<h2 style=\"text-align: justify;\">UAE Team Emirates contr\u00f4le le final<\/h2>\n<p style=\"text-align: justify;\"><span class=\"tojvnm2t a6sixzi8 abs2jz4q a8s20v7p t1p8iaqh k5wvi7nf q3lfd5jv pk4s997a bipmatt0 cebpdrjk qowsmv63 owwhemhu dp1hu0rb dhp61c6y iyyx5f41\">Par la suite, <strong>Michel Hessmann<\/strong> a l\u00e2ch\u00e9 ses compagnons de fugue dans les trois c\u00f4tes, et a franchi en t\u00eate les difficult\u00e9s avant d&rsquo;\u00eatre aval\u00e9 par un peloton de moins de 60 coureurs \u00e0 plus de 20 kilom\u00e8tres de l&rsquo;arriv\u00e9e. L&rsquo;\u00e9quipe <strong>UAE Team Emirates<\/strong> a \u00e9tir\u00e9 le peloton jusqu&rsquo;au pied de la mont\u00e9e finale.<\/span><\/p>\n<p style=\"text-align: justify;\"><span class=\"tojvnm2t a6sixzi8 abs2jz4q a8s20v7p t1p8iaqh k5wvi7nf q3lfd5jv pk4s997a bipmatt0 cebpdrjk qowsmv63 owwhemhu dp1hu0rb dhp61c6y iyyx5f41\">D\u00e8s les premiers pourcentages, <strong>Mike Teunissen<\/strong> (Jumbo-Visma) a pris quelques longueurs d&rsquo;avance sur un peloton emmen\u00e9 par <strong>INEOS Grenadiers<\/strong>. Le puncheur batave s&rsquo;est vu repris apr\u00e8s la flamme rouge alors que <strong>Richard Carapaz<\/strong> (INEOS Grenadiers) avait de la peine \u00e0 suivre le rythme de ses \u00e9quipiers. Le jeune <strong>Sebastian Berwick<\/strong> (Isra\u00ebl Premier Tech) a impos\u00e9 un gros tempo \u00e0 500 m\u00e8tres de la ligne avant que <strong>Quentin Pacher<\/strong> (Groupama FDJ) n&rsquo;anticipe le dernier virage \u00e0 200 m\u00e8tres de l&rsquo;arriv\u00e9e. <\/span><\/p>\n<h2 style=\"text-align: justify;\"><span class=\"tojvnm2t a6sixzi8 abs2jz4q a8s20v7p t1p8iaqh k5wvi7nf q3lfd5jv pk4s997a bipmatt0 cebpdrjk qowsmv63 owwhemhu dp1hu0rb dhp61c6y iyyx5f41\">Sergio Higuita<\/span> le plus fort<\/h2>\n<p style=\"text-align: justify;\"><span class=\"tojvnm2t a6sixzi8 abs2jz4q a8s20v7p t1p8iaqh k5wvi7nf q3lfd5jv pk4s997a bipmatt0 cebpdrjk qowsmv63 owwhemhu dp1hu0rb dhp61c6y iyyx5f41\">Finalement, <strong>Sergio Higuita<\/strong> (Bora Hansgrohe) a lanc\u00e9 de tr\u00e8s loin son sprint sur le replat d&rsquo;arriv\u00e9e et personne n&rsquo;a pu revenir sur le vainqueur du dernier Tour de Catalogne. Le Colombien s&rsquo;est impos\u00e9 devant <strong>Pello Bilbao<\/strong> (Bahrain Victorious) et <strong>Quinten Hermans<\/strong> (Intermarch\u00e9-Wanty-Gobert). <strong>Matteo Sobrero<\/strong> (Team BikeExchange Jayco) a fini quatri\u00e8me devant <strong>Quentin Pacher<\/strong> (Groupama FDJ) et <strong>Mauro Schmid<\/strong> (Quick Step Alpha Vinyl). <\/span><\/p>\n<blockquote class=\"twitter-tweet\">\n<p dir=\"ltr\" lang=\"fr\">Sergio Higuita (Bora Hansgrohe) a remport\u00e9 en costaud la 3\u00e8me \u00e9tape du <a href=\"https:\/\/twitter.com\/hashtag\/TDP2022?src=hash&amp;ref_src=twsrc%5Etfw\">#TDP2022<\/a> \u00e0 Przemy\u015bl. Il a devanc\u00e9 Pello Bilbao (Bahrain Victorious) et Quinten Hermans (Intermarch\u00e9 &#8211; Wanty-Gobert). Higuita s&rsquo;est empar\u00e9 du maillot de leader <a href=\"https:\/\/twitter.com\/hashtag\/TDP22?src=hash&amp;ref_src=twsrc%5Etfw\">#TDP22<\/a> <a href=\"https:\/\/twitter.com\/hashtag\/TourdePologne?src=hash&amp;ref_src=twsrc%5Etfw\">#TourdePologne<\/a> <a href=\"https:\/\/twitter.com\/hashtag\/ciclismo?src=hash&amp;ref_src=twsrc%5Etfw\">#ciclismo<\/a> <a href=\"https:\/\/twitter.com\/hashtag\/wielrennen?src=hash&amp;ref_src=twsrc%5Etfw\">#wielrennen<\/a> <a href=\"https:\/\/t.co\/3De27X9ZVQ\">pic.twitter.com\/3De27X9ZVQ<\/a><\/p>\n<p>\u2014 Les Rois du Peloton (@LRoisDuPeloton) <a href=\"https:\/\/twitter.com\/LRoisDuPeloton\/status\/1554120588293296128?ref_src=twsrc%5Etfw\">August 1, 2022<\/a><\/p><\/blockquote>\n<p><script async src=\"https:\/\/platform.twitter.com\/widgets.js\" charset=\"utf-8\"><\/script><br \/>\n<span class=\"tojvnm2t a6sixzi8 abs2jz4q a8s20v7p t1p8iaqh k5wvi7nf q3lfd5jv pk4s997a bipmatt0 cebpdrjk qowsmv63 owwhemhu dp1hu0rb dhp61c6y iyyx5f41\">Au classement g\u00e9n\u00e9ral, gr\u00e2ce aux bonifications, <strong>Sergio Higuita<\/strong> prend les commandes avec 4 secondes d&rsquo;avance sur <strong>Pello Bilbao<\/strong> et 6 sur <strong>Quinten Hermans<\/strong>. Demain, place \u00e0 une nouvelle \u00e9tape accident\u00e9e en direction de Sanok.<\/span><\/p>\n<h2 style=\"text-align: justify;\">\u00c0 lire aussi<\/h2>\n<ul>\n<li style=\"text-align: justify;\"><a href=\"https:\/\/dicodusport.fr\/blog\/tour-de-pologne-2022-classement-3eme-etape\/\"><strong>Tour de Pologne &#8211; Le classement de la 3\u00e8me \u00e9tape<\/strong><\/a><\/li>\n<li style=\"text-align: justify;\"><a href=\"https:\/\/dicodusport.fr\/blog\/tour-de-pologne-2022-classement-general\/\"><strong>Tour de Pologne &#8211; le classement g\u00e9n\u00e9ral<\/strong><\/a><\/li>\n<\/ul>\n","protected":false},"excerpt":{"rendered":"<p>CYCLISME SUR ROUTE 2022 &#8211; Le champion de Colombie Sergio Higuita (Bora Hansgrohe) a remport\u00e9 en costaud la 3\u00e8me \u00e9tape du Tour de Pologne \u00e0 Przemy\u015bl au sommet d&rsquo;une mont\u00e9e difficile longue de 1 700 m\u00e8tres. Il a devanc\u00e9 Pello Bilbao (Bahrain Victorious) et Quinten Hermans (Intermarch\u00e9 &#8211; Wanty-Gobert). Sergio Higuita s&rsquo;est empar\u00e9 du maillot de leader.<\/p>\n","protected":false},"author":48,"featured_media":248388,"comment_status":"open","ping_status":"closed","sticky":false,"template":"","format":"standard","meta":{"_acf_changed":false,"_daextam_enable_autolinks":"","footnotes":""},"categories":[46994],"tags":[3119,8391],"class_list":["post-248382","post","type-post","status-publish","format-standard","has-post-thumbnail","hentry","category-cyclisme-sur-route","tag-actualite-cyclisme","tag-tour-de-pologne"],"acf":[],"yoast_head":"<!-- This site is optimized with the Yoast SEO Premium plugin v26.7 (Yoast SEO v26.7) - https:\/\/yoast.com\/wordpress\/plugins\/seo\/ -->\n<title>Tour de Pologne 2022 : Sergio Higuita fait coup double sur la 3\u00e8me \u00e9tape<\/title>\n<meta name=\"description\" content=\"CYCLISME SUR ROUTE 2022 - Le champion de Colombie Sergio Higuita (Bora Hansgrohe) a remport\u00e9 en costaud la 3\u00e8me \u00e9tape du Tour de Pologne.\" \/>\n<meta name=\"robots\" content=\"index, follow, max-snippet:-1, max-image-preview:large, max-video-preview:-1\" \/>\n<link rel=\"canonical\" href=\"https:\/\/dicodusport.fr\/blog\/tour-de-pologne-2022-sergio-higuita-fait-coup-double-sur-la-3eme-etape\/\" \/>\n<meta property=\"og:locale\" content=\"fr_FR\" \/>\n<meta property=\"og:type\" content=\"article\" \/>\n<meta property=\"og:title\" content=\"Tour de Pologne 2022 : Sergio Higuita fait coup double sur la 3\u00e8me \u00e9tape\" \/>\n<meta property=\"og:description\" content=\"CYCLISME SUR ROUTE 2022 - Le champion de Colombie Sergio Higuita (Bora Hansgrohe) a remport\u00e9 en costaud la 3\u00e8me \u00e9tape du Tour de Pologne.\" \/>\n<meta property=\"og:url\" content=\"https:\/\/dicodusport.fr\/blog\/tour-de-pologne-2022-sergio-higuita-fait-coup-double-sur-la-3eme-etape\/\" \/>\n<meta property=\"og:site_name\" content=\"Dicodusport\" \/>\n<meta property=\"article:publisher\" content=\"https:\/\/www.facebook.com\/dicodusport\" \/>\n<meta property=\"article:author\" content=\"https:\/\/www.facebook.com\/groups\/LesRoisDuPeloton\" \/>\n<meta property=\"article:published_time\" content=\"2022-08-01T14:33:24+00:00\" \/>\n<meta property=\"article:modified_time\" content=\"2022-08-01T20:47:37+00:00\" \/>\n<meta property=\"og:image\" content=\"https:\/\/dicodusport.fr\/blog\/wp-content\/uploads\/2022\/08\/Tour-de-Pologne-2022-Sergio-Higuita-fait-coup-double-sur-la-3eme-etape.png\" \/>\n\t<meta property=\"og:image:width\" content=\"800\" \/>\n\t<meta property=\"og:image:height\" content=\"445\" \/>\n\t<meta property=\"og:image:type\" content=\"image\/png\" \/>\n<meta name=\"author\" content=\"Emilien Descampiaux\" \/>\n<meta name=\"twitter:card\" content=\"summary_large_image\" \/>\n<meta name=\"twitter:title\" content=\"Tour de Pologne 2022 : Sergio Higuita fait coup double sur la 3\u00e8me \u00e9tape\" \/>\n<meta name=\"twitter:creator\" content=\"@https:\/\/twitter.com\/LRoisDuPeloton\" \/>\n<meta name=\"twitter:site\" content=\"@dicodusport\" \/>\n<script type=\"application\/ld+json\" class=\"yoast-schema-graph\">{\"@context\":\"https:\/\/schema.org\",\"@graph\":[{\"@type\":\"NewsArticle\",\"@id\":\"https:\/\/dicodusport.fr\/blog\/tour-de-pologne-2022-sergio-higuita-fait-coup-double-sur-la-3eme-etape\/#article\",\"isPartOf\":{\"@id\":\"https:\/\/dicodusport.fr\/blog\/tour-de-pologne-2022-sergio-higuita-fait-coup-double-sur-la-3eme-etape\/\"},\"author\":{\"name\":\"Emilien Descampiaux\",\"@id\":\"https:\/\/dicodusport.fr\/blog\/#\/schema\/person\/6db4bae06b171592211be385b32876a7\"},\"headline\":\"Tour de Pologne 2022 : Sergio Higuita fait coup double sur la 3\u00e8me \u00e9tape\",\"datePublished\":\"2022-08-01T14:33:24+00:00\",\"dateModified\":\"2022-08-01T20:47:37+00:00\",\"mainEntityOfPage\":{\"@id\":\"https:\/\/dicodusport.fr\/blog\/tour-de-pologne-2022-sergio-higuita-fait-coup-double-sur-la-3eme-etape\/\"},\"wordCount\":579,\"commentCount\":0,\"publisher\":{\"@id\":\"https:\/\/dicodusport.fr\/blog\/#organization\"},\"image\":{\"@id\":\"https:\/\/dicodusport.fr\/blog\/tour-de-pologne-2022-sergio-higuita-fait-coup-double-sur-la-3eme-etape\/#primaryimage\"},\"thumbnailUrl\":\"https:\/\/dicodusport.fr\/blog\/wp-content\/uploads\/2022\/08\/Tour-de-Pologne-2022-Sergio-Higuita-fait-coup-double-sur-la-3eme-etape.png\",\"keywords\":[\"Actualit\u00e9 Cyclisme\",\"Tour de Pologne\"],\"articleSection\":[\"Cyclisme sur route\"],\"inLanguage\":\"fr-FR\",\"potentialAction\":[{\"@type\":\"CommentAction\",\"name\":\"Comment\",\"target\":[\"https:\/\/dicodusport.fr\/blog\/tour-de-pologne-2022-sergio-higuita-fait-coup-double-sur-la-3eme-etape\/#respond\"]}],\"copyrightYear\":\"2022\",\"copyrightHolder\":{\"@id\":\"https:\/\/dicodusport.fr\/blog\/#organization\"}},{\"@type\":\"WebPage\",\"@id\":\"https:\/\/dicodusport.fr\/blog\/tour-de-pologne-2022-sergio-higuita-fait-coup-double-sur-la-3eme-etape\/\",\"url\":\"https:\/\/dicodusport.fr\/blog\/tour-de-pologne-2022-sergio-higuita-fait-coup-double-sur-la-3eme-etape\/\",\"name\":\"Tour de Pologne 2022 : Sergio Higuita fait coup double sur la 3\u00e8me \u00e9tape\",\"isPartOf\":{\"@id\":\"https:\/\/dicodusport.fr\/blog\/#website\"},\"primaryImageOfPage\":{\"@id\":\"https:\/\/dicodusport.fr\/blog\/tour-de-pologne-2022-sergio-higuita-fait-coup-double-sur-la-3eme-etape\/#primaryimage\"},\"image\":{\"@id\":\"https:\/\/dicodusport.fr\/blog\/tour-de-pologne-2022-sergio-higuita-fait-coup-double-sur-la-3eme-etape\/#primaryimage\"},\"thumbnailUrl\":\"https:\/\/dicodusport.fr\/blog\/wp-content\/uploads\/2022\/08\/Tour-de-Pologne-2022-Sergio-Higuita-fait-coup-double-sur-la-3eme-etape.png\",\"datePublished\":\"2022-08-01T14:33:24+00:00\",\"dateModified\":\"2022-08-01T20:47:37+00:00\",\"description\":\"CYCLISME SUR ROUTE 2022 - Le champion de Colombie Sergio Higuita (Bora Hansgrohe) a remport\u00e9 en costaud la 3\u00e8me \u00e9tape du Tour de Pologne.\",\"breadcrumb\":{\"@id\":\"https:\/\/dicodusport.fr\/blog\/tour-de-pologne-2022-sergio-higuita-fait-coup-double-sur-la-3eme-etape\/#breadcrumb\"},\"inLanguage\":\"fr-FR\",\"potentialAction\":[{\"@type\":\"ReadAction\",\"target\":[\"https:\/\/dicodusport.fr\/blog\/tour-de-pologne-2022-sergio-higuita-fait-coup-double-sur-la-3eme-etape\/\"]}]},{\"@type\":\"ImageObject\",\"inLanguage\":\"fr-FR\",\"@id\":\"https:\/\/dicodusport.fr\/blog\/tour-de-pologne-2022-sergio-higuita-fait-coup-double-sur-la-3eme-etape\/#primaryimage\",\"url\":\"https:\/\/dicodusport.fr\/blog\/wp-content\/uploads\/2022\/08\/Tour-de-Pologne-2022-Sergio-Higuita-fait-coup-double-sur-la-3eme-etape.png\",\"contentUrl\":\"https:\/\/dicodusport.fr\/blog\/wp-content\/uploads\/2022\/08\/Tour-de-Pologne-2022-Sergio-Higuita-fait-coup-double-sur-la-3eme-etape.png\",\"width\":800,\"height\":445,\"caption\":\"Tour de Pologne 2022 Sergio Higuita fait coup double sur la 3\u00e8me \u00e9tape\"},{\"@type\":\"BreadcrumbList\",\"@id\":\"https:\/\/dicodusport.fr\/blog\/tour-de-pologne-2022-sergio-higuita-fait-coup-double-sur-la-3eme-etape\/#breadcrumb\",\"itemListElement\":[{\"@type\":\"ListItem\",\"position\":1,\"name\":\"Accueil\",\"item\":\"https:\/\/dicodusport.fr\/blog\/\"},{\"@type\":\"ListItem\",\"position\":2,\"name\":\"Tour de Pologne 2022 : Sergio Higuita fait coup double sur la 3\u00e8me \u00e9tape\"}]},{\"@type\":\"WebSite\",\"@id\":\"https:\/\/dicodusport.fr\/blog\/#website\",\"url\":\"https:\/\/dicodusport.fr\/blog\/\",\"name\":\"Dicodusport\",\"description\":\"L&#039;encyclop\u00e9die de l&#039;actualit\u00e9 sportive\",\"publisher\":{\"@id\":\"https:\/\/dicodusport.fr\/blog\/#organization\"},\"potentialAction\":[{\"@type\":\"SearchAction\",\"target\":{\"@type\":\"EntryPoint\",\"urlTemplate\":\"https:\/\/dicodusport.fr\/blog\/?s={search_term_string}\"},\"query-input\":{\"@type\":\"PropertyValueSpecification\",\"valueRequired\":true,\"valueName\":\"search_term_string\"}}],\"inLanguage\":\"fr-FR\"},{\"@type\":\"NewsMediaOrganization\",\"@id\":\"https:\/\/dicodusport.fr\/blog\/#organization\",\"name\":\"Dicodusport\",\"url\":\"https:\/\/dicodusport.fr\/blog\/\",\"logo\":{\"@type\":\"ImageObject\",\"inLanguage\":\"fr-FR\",\"@id\":\"https:\/\/dicodusport.fr\/blog\/#\/schema\/logo\/image\/\",\"url\":\"https:\/\/dicodusport.fr\/blog\/wp-content\/uploads\/2020\/06\/cropped-LOGO-DICODUSPORT-2020-SANS-FOND-SANS-TEXTE.png\",\"contentUrl\":\"https:\/\/dicodusport.fr\/blog\/wp-content\/uploads\/2020\/06\/cropped-LOGO-DICODUSPORT-2020-SANS-FOND-SANS-TEXTE.png\",\"width\":512,\"height\":512,\"caption\":\"Dicodusport\"},\"image\":{\"@id\":\"https:\/\/dicodusport.fr\/blog\/#\/schema\/logo\/image\/\"},\"sameAs\":[\"https:\/\/www.facebook.com\/dicodusport\",\"https:\/\/x.com\/dicodusport\",\"https:\/\/www.instagram.com\/dicodusport\/\",\"https:\/\/www.youtube.com\/channel\/UC7V2KZ5sd3htJivAbA4ZG3w\"],\"description\":\"Dicodusport est l'encyclop\u00e9die de l'actualit\u00e9 sportive.\",\"email\":\"bonjour@dicodusport.fr\",\"legalName\":\"DICODUSPORT\",\"foundingDate\":\"2018-01-14\",\"vatID\":\"FR71834470973\",\"taxID\":\"83447097300043\",\"numberOfEmployees\":{\"@type\":\"QuantitativeValue\",\"minValue\":\"1\",\"maxValue\":\"10\"}},{\"@type\":\"Person\",\"@id\":\"https:\/\/dicodusport.fr\/blog\/#\/schema\/person\/6db4bae06b171592211be385b32876a7\",\"name\":\"Emilien Descampiaux\",\"image\":{\"@type\":\"ImageObject\",\"inLanguage\":\"fr-FR\",\"@id\":\"https:\/\/dicodusport.fr\/blog\/#\/schema\/person\/image\/\",\"url\":\"https:\/\/dicodusport.fr\/blog\/wp-content\/uploads\/2021\/05\/Emilien-Descampiaux-150x150.jpg\",\"contentUrl\":\"https:\/\/dicodusport.fr\/blog\/wp-content\/uploads\/2021\/05\/Emilien-Descampiaux-150x150.jpg\",\"caption\":\"Emilien Descampiaux\"},\"description\":\"Journaliste\/r\u00e9dacteur depuis 2014 - Fan de la classe de Frank Vandenbroucke, je vis cyclisme (et de ses paysages) depuis plus de 20 ans. Je suis tr\u00e8s impliqu\u00e9 sur mes diff\u00e9rents r\u00e9seaux sociaux pour partager ma passion sur le monde et l'Histoire de la bicyclette avec ma voix sur les images en noir et blanc du succ\u00e8s de Rik Van Steenbergen lors du Ronde sur le V\u00e9lodrome de Gand.\",\"sameAs\":[\"https:\/\/www.facebook.com\/groups\/LesRoisDuPeloton\",\"https:\/\/x.com\/https:\/\/twitter.com\/LRoisDuPeloton\"],\"url\":\"https:\/\/dicodusport.fr\/blog\/author\/emiliend\/\"}]}<\/script>\n<!-- \/ Yoast SEO Premium plugin. -->","yoast_head_json":{"title":"Tour de Pologne 2022 : Sergio Higuita fait coup double sur la 3\u00e8me \u00e9tape","description":"CYCLISME SUR ROUTE 2022 - Le champion de Colombie Sergio Higuita (Bora Hansgrohe) a remport\u00e9 en costaud la 3\u00e8me \u00e9tape du Tour de Pologne.","robots":{"index":"index","follow":"follow","max-snippet":"max-snippet:-1","max-image-preview":"max-image-preview:large","max-video-preview":"max-video-preview:-1"},"canonical":"https:\/\/dicodusport.fr\/blog\/tour-de-pologne-2022-sergio-higuita-fait-coup-double-sur-la-3eme-etape\/","og_locale":"fr_FR","og_type":"article","og_title":"Tour de Pologne 2022 : Sergio Higuita fait coup double sur la 3\u00e8me \u00e9tape","og_description":"CYCLISME SUR ROUTE 2022 - Le champion de Colombie Sergio Higuita (Bora Hansgrohe) a remport\u00e9 en costaud la 3\u00e8me \u00e9tape du Tour de Pologne.","og_url":"https:\/\/dicodusport.fr\/blog\/tour-de-pologne-2022-sergio-higuita-fait-coup-double-sur-la-3eme-etape\/","og_site_name":"Dicodusport","article_publisher":"https:\/\/www.facebook.com\/dicodusport","article_author":"https:\/\/www.facebook.com\/groups\/LesRoisDuPeloton","article_published_time":"2022-08-01T14:33:24+00:00","article_modified_time":"2022-08-01T20:47:37+00:00","og_image":[{"width":800,"height":445,"url":"https:\/\/dicodusport.fr\/blog\/wp-content\/uploads\/2022\/08\/Tour-de-Pologne-2022-Sergio-Higuita-fait-coup-double-sur-la-3eme-etape.png","type":"image\/png"}],"author":"Emilien Descampiaux","twitter_card":"summary_large_image","twitter_title":"Tour de Pologne 2022 : Sergio Higuita fait coup double sur la 3\u00e8me \u00e9tape","twitter_creator":"@https:\/\/twitter.com\/LRoisDuPeloton","twitter_site":"@dicodusport","schema":{"@context":"https:\/\/schema.org","@graph":[{"@type":"NewsArticle","@id":"https:\/\/dicodusport.fr\/blog\/tour-de-pologne-2022-sergio-higuita-fait-coup-double-sur-la-3eme-etape\/#article","isPartOf":{"@id":"https:\/\/dicodusport.fr\/blog\/tour-de-pologne-2022-sergio-higuita-fait-coup-double-sur-la-3eme-etape\/"},"author":{"name":"Emilien Descampiaux","@id":"https:\/\/dicodusport.fr\/blog\/#\/schema\/person\/6db4bae06b171592211be385b32876a7"},"headline":"Tour de Pologne 2022 : Sergio Higuita fait coup double sur la 3\u00e8me \u00e9tape","datePublished":"2022-08-01T14:33:24+00:00","dateModified":"2022-08-01T20:47:37+00:00","mainEntityOfPage":{"@id":"https:\/\/dicodusport.fr\/blog\/tour-de-pologne-2022-sergio-higuita-fait-coup-double-sur-la-3eme-etape\/"},"wordCount":579,"commentCount":0,"publisher":{"@id":"https:\/\/dicodusport.fr\/blog\/#organization"},"image":{"@id":"https:\/\/dicodusport.fr\/blog\/tour-de-pologne-2022-sergio-higuita-fait-coup-double-sur-la-3eme-etape\/#primaryimage"},"thumbnailUrl":"https:\/\/dicodusport.fr\/blog\/wp-content\/uploads\/2022\/08\/Tour-de-Pologne-2022-Sergio-Higuita-fait-coup-double-sur-la-3eme-etape.png","keywords":["Actualit\u00e9 Cyclisme","Tour de Pologne"],"articleSection":["Cyclisme sur route"],"inLanguage":"fr-FR","potentialAction":[{"@type":"CommentAction","name":"Comment","target":["https:\/\/dicodusport.fr\/blog\/tour-de-pologne-2022-sergio-higuita-fait-coup-double-sur-la-3eme-etape\/#respond"]}],"copyrightYear":"2022","copyrightHolder":{"@id":"https:\/\/dicodusport.fr\/blog\/#organization"}},{"@type":"WebPage","@id":"https:\/\/dicodusport.fr\/blog\/tour-de-pologne-2022-sergio-higuita-fait-coup-double-sur-la-3eme-etape\/","url":"https:\/\/dicodusport.fr\/blog\/tour-de-pologne-2022-sergio-higuita-fait-coup-double-sur-la-3eme-etape\/","name":"Tour de Pologne 2022 : Sergio Higuita fait coup double sur la 3\u00e8me \u00e9tape","isPartOf":{"@id":"https:\/\/dicodusport.fr\/blog\/#website"},"primaryImageOfPage":{"@id":"https:\/\/dicodusport.fr\/blog\/tour-de-pologne-2022-sergio-higuita-fait-coup-double-sur-la-3eme-etape\/#primaryimage"},"image":{"@id":"https:\/\/dicodusport.fr\/blog\/tour-de-pologne-2022-sergio-higuita-fait-coup-double-sur-la-3eme-etape\/#primaryimage"},"thumbnailUrl":"https:\/\/dicodusport.fr\/blog\/wp-content\/uploads\/2022\/08\/Tour-de-Pologne-2022-Sergio-Higuita-fait-coup-double-sur-la-3eme-etape.png","datePublished":"2022-08-01T14:33:24+00:00","dateModified":"2022-08-01T20:47:37+00:00","description":"CYCLISME SUR ROUTE 2022 - Le champion de Colombie Sergio Higuita (Bora Hansgrohe) a remport\u00e9 en costaud la 3\u00e8me \u00e9tape du Tour de Pologne.","breadcrumb":{"@id":"https:\/\/dicodusport.fr\/blog\/tour-de-pologne-2022-sergio-higuita-fait-coup-double-sur-la-3eme-etape\/#breadcrumb"},"inLanguage":"fr-FR","potentialAction":[{"@type":"ReadAction","target":["https:\/\/dicodusport.fr\/blog\/tour-de-pologne-2022-sergio-higuita-fait-coup-double-sur-la-3eme-etape\/"]}]},{"@type":"ImageObject","inLanguage":"fr-FR","@id":"https:\/\/dicodusport.fr\/blog\/tour-de-pologne-2022-sergio-higuita-fait-coup-double-sur-la-3eme-etape\/#primaryimage","url":"https:\/\/dicodusport.fr\/blog\/wp-content\/uploads\/2022\/08\/Tour-de-Pologne-2022-Sergio-Higuita-fait-coup-double-sur-la-3eme-etape.png","contentUrl":"https:\/\/dicodusport.fr\/blog\/wp-content\/uploads\/2022\/08\/Tour-de-Pologne-2022-Sergio-Higuita-fait-coup-double-sur-la-3eme-etape.png","width":800,"height":445,"caption":"Tour de Pologne 2022 Sergio Higuita fait coup double sur la 3\u00e8me \u00e9tape"},{"@type":"BreadcrumbList","@id":"https:\/\/dicodusport.fr\/blog\/tour-de-pologne-2022-sergio-higuita-fait-coup-double-sur-la-3eme-etape\/#breadcrumb","itemListElement":[{"@type":"ListItem","position":1,"name":"Accueil","item":"https:\/\/dicodusport.fr\/blog\/"},{"@type":"ListItem","position":2,"name":"Tour de Pologne 2022 : Sergio Higuita fait coup double sur la 3\u00e8me \u00e9tape"}]},{"@type":"WebSite","@id":"https:\/\/dicodusport.fr\/blog\/#website","url":"https:\/\/dicodusport.fr\/blog\/","name":"Dicodusport","description":"L&#039;encyclop\u00e9die de l&#039;actualit\u00e9 sportive","publisher":{"@id":"https:\/\/dicodusport.fr\/blog\/#organization"},"potentialAction":[{"@type":"SearchAction","target":{"@type":"EntryPoint","urlTemplate":"https:\/\/dicodusport.fr\/blog\/?s={search_term_string}"},"query-input":{"@type":"PropertyValueSpecification","valueRequired":true,"valueName":"search_term_string"}}],"inLanguage":"fr-FR"},{"@type":"NewsMediaOrganization","@id":"https:\/\/dicodusport.fr\/blog\/#organization","name":"Dicodusport","url":"https:\/\/dicodusport.fr\/blog\/","logo":{"@type":"ImageObject","inLanguage":"fr-FR","@id":"https:\/\/dicodusport.fr\/blog\/#\/schema\/logo\/image\/","url":"https:\/\/dicodusport.fr\/blog\/wp-content\/uploads\/2020\/06\/cropped-LOGO-DICODUSPORT-2020-SANS-FOND-SANS-TEXTE.png","contentUrl":"https:\/\/dicodusport.fr\/blog\/wp-content\/uploads\/2020\/06\/cropped-LOGO-DICODUSPORT-2020-SANS-FOND-SANS-TEXTE.png","width":512,"height":512,"caption":"Dicodusport"},"image":{"@id":"https:\/\/dicodusport.fr\/blog\/#\/schema\/logo\/image\/"},"sameAs":["https:\/\/www.facebook.com\/dicodusport","https:\/\/x.com\/dicodusport","https:\/\/www.instagram.com\/dicodusport\/","https:\/\/www.youtube.com\/channel\/UC7V2KZ5sd3htJivAbA4ZG3w"],"description":"Dicodusport est l'encyclop\u00e9die de l'actualit\u00e9 sportive.","email":"bonjour@dicodusport.fr","legalName":"DICODUSPORT","foundingDate":"2018-01-14","vatID":"FR71834470973","taxID":"83447097300043","numberOfEmployees":{"@type":"QuantitativeValue","minValue":"1","maxValue":"10"}},{"@type":"Person","@id":"https:\/\/dicodusport.fr\/blog\/#\/schema\/person\/6db4bae06b171592211be385b32876a7","name":"Emilien Descampiaux","image":{"@type":"ImageObject","inLanguage":"fr-FR","@id":"https:\/\/dicodusport.fr\/blog\/#\/schema\/person\/image\/","url":"https:\/\/dicodusport.fr\/blog\/wp-content\/uploads\/2021\/05\/Emilien-Descampiaux-150x150.jpg","contentUrl":"https:\/\/dicodusport.fr\/blog\/wp-content\/uploads\/2021\/05\/Emilien-Descampiaux-150x150.jpg","caption":"Emilien Descampiaux"},"description":"Journaliste\/r\u00e9dacteur depuis 2014 - Fan de la classe de Frank Vandenbroucke, je vis cyclisme (et de ses paysages) depuis plus de 20 ans. Je suis tr\u00e8s impliqu\u00e9 sur mes diff\u00e9rents r\u00e9seaux sociaux pour partager ma passion sur le monde et l'Histoire de la bicyclette avec ma voix sur les images en noir et blanc du succ\u00e8s de Rik Van Steenbergen lors du Ronde sur le V\u00e9lodrome de Gand.","sameAs":["https:\/\/www.facebook.com\/groups\/LesRoisDuPeloton","https:\/\/x.com\/https:\/\/twitter.com\/LRoisDuPeloton"],"url":"https:\/\/dicodusport.fr\/blog\/author\/emiliend\/"}]}},"_links":{"self":[{"href":"https:\/\/dicodusport.fr\/blog\/wp-json\/wp\/v2\/posts\/248382","targetHints":{"allow":["GET"]}}],"collection":[{"href":"https:\/\/dicodusport.fr\/blog\/wp-json\/wp\/v2\/posts"}],"about":[{"href":"https:\/\/dicodusport.fr\/blog\/wp-json\/wp\/v2\/types\/post"}],"author":[{"embeddable":true,"href":"https:\/\/dicodusport.fr\/blog\/wp-json\/wp\/v2\/users\/48"}],"replies":[{"embeddable":true,"href":"https:\/\/dicodusport.fr\/blog\/wp-json\/wp\/v2\/comments?post=248382"}],"version-history":[{"count":0,"href":"https:\/\/dicodusport.fr\/blog\/wp-json\/wp\/v2\/posts\/248382\/revisions"}],"wp:featuredmedia":[{"embeddable":true,"href":"https:\/\/dicodusport.fr\/blog\/wp-json\/wp\/v2\/media\/248388"}],"wp:attachment":[{"href":"https:\/\/dicodusport.fr\/blog\/wp-json\/wp\/v2\/media?parent=248382"}],"wp:term":[{"taxonomy":"category","embeddable":true,"href":"https:\/\/dicodusport.fr\/blog\/wp-json\/wp\/v2\/categories?post=248382"},{"taxonomy":"post_tag","embeddable":true,"href":"https:\/\/dicodusport.fr\/blog\/wp-json\/wp\/v2\/tags?post=248382"}],"curies":[{"name":"wp","href":"https:\/\/api.w.org\/{rel}","templated":true}]}}