{"id":248544,"date":"2022-12-19T17:43:42","date_gmt":"2022-12-19T16:43:42","guid":{"rendered":"https:\/\/dicodusport.fr\/blog\/?p=248544&#038;preview=true&#038;preview_id=248544"},"modified":"2022-12-19T17:43:55","modified_gmt":"2022-12-19T16:43:55","slug":"cyclisme-les-coureurs-sans-contrat-pour-2023","status":"publish","type":"post","link":"https:\/\/dicodusport.fr\/blog\/cyclisme-les-coureurs-sans-contrat-pour-2023\/","title":{"rendered":"Cyclisme : Les coureurs sans contrat pour 2023"},"content":{"rendered":"<p style=\"text-align: justify;\"><strong><em>CYCLISME SUR ROUTE &#8211; <a href=\"https:\/\/dicodusport.fr\/blog\/cyclisme-transferts-2022-2023-tableau-du-mercato\/\">Le march\u00e9 des transferts 2022-2023<\/a> a ouvert ses portes ce lundi 1er ao\u00fbt. Si des coureurs ont d\u00e9j\u00e0 prolong\u00e9 ou trouv\u00e9 une nouvelle \u00e9quipe, d&rsquo;autres sont toujours sans contrat en vue de la saison 2023. On fait le point, gr\u00e2ce aux infos de Pro Cycling Stats et Cyclism&rsquo;Actu.<\/em><\/strong><\/p>\n<h2 style=\"text-align: justify;\">AG2R Citro\u00ebn<\/h2>\n<p style=\"text-align: justify;\">Anthony JULLIEN (FRA)<\/p>\n<h2 style=\"text-align: justify;\">Astana<\/h2>\n<p style=\"text-align: justify;\">Miguel ANGEL LOPEZ (COL)<br \/>\nSebastian HENAO (COL)<br \/>\nMichele GAZZOLI (ITA)<\/p>\n<h2 style=\"text-align: justify;\">Cofidis<\/h2>\n<p style=\"text-align: justify;\">Davide VILLELLA (ITA)<\/p>\n<h2 style=\"text-align: justify;\">EF Education-EasyPost<\/h2>\n<p style=\"text-align: justify;\">Alex HOWES (USA)<br \/>\nLachlan MORTON (AUS)<\/p>\n<h2 style=\"text-align: justify;\">Intermarch\u00e9-Wanty-Gobert<\/h2>\n<p style=\"text-align: justify;\">Jan BAKELANTS (BEL)<br \/>\nDomenico POZZOVIVO (ITA)<\/p>\n<h2 style=\"text-align: justify;\">Israel-Premier Tech<\/h2>\n<p style=\"text-align: justify;\">Alexander CATAFORD (CAN)<br \/>\nJames PICCOLI (CAN)<\/p>\n<h2 style=\"text-align: justify;\">Lotto Soudal<\/h2>\n<p style=\"text-align: justify;\">Carlos BARBERO (ESP)<br \/>\nMatthew HOLMES (GBR)<br \/>\nReinardt JANSE VAN RENSBURG (AFS)<\/p>\n<h2 style=\"text-align: justify;\">Soudal Quick-Step<\/h2>\n<p style=\"text-align: justify;\">Mark CAVENDISH (GBR)<\/p>\n<h2 style=\"text-align: justify;\">Team BikeExchange-Jayco<\/h2>\n<p style=\"text-align: justify;\">Nick SCHULTZ (AUS)<\/p>\n<h2 style=\"text-align: justify;\">Team DSM<\/h2>\n<p style=\"text-align: justify;\">Cees BOL (P-B)<\/p>\n<h2 style=\"text-align: justify;\">UAE Team Emirates<\/h2>\n<p style=\"text-align: justify;\">Yousif MIRZA (UAE)<br \/>\nOliviero TROIA (ITA)<\/p>\n<h2 style=\"text-align: justify;\">B&amp;B Hotels<\/h2>\n<p style=\"text-align: justify;\">Pierre BARBIER (ESP)<br \/>\nFranck BONNAMOUR (GBR)<br \/>\nSebastien SCH\u00d6NBERGER (AFS)<br \/>\nMiguel HEIDEMANN (ALL)<br \/>\nJordi WARLOP (BEL)<br \/>\nAlexis GOUGEARD (FRA)<br \/>\nCyril GAUTIER (FRA)<br \/>\nJens DEBUSSCHERE (BEL)<br \/>\nEliot LIETAER (BEL)<br \/>\nJ\u00e9r\u00e9my LECROQ (FRA)<br \/>\nRapha\u00ebl PARISELLA (CAN)<\/p>\n<h2 style=\"text-align: justify;\"><strong>\u00c0 lire aussi<\/strong><\/h2>\n<p><span class=\"FwETkBUZ0sb\"><\/p>\n<blockquote class=\"wp-embedded-content\" data-secret=\"PGTnBYSAaL\"><p><a href=\"https:\/\/dicodusport.fr\/blog\/cyclisme-les-20-coureurs-les-mieux-payes-du-peloton-en-2022\/\">Cyclisme : Les 20 coureurs les mieux pay\u00e9s du peloton en 2022<\/a><\/p><\/blockquote>\n<p><iframe loading=\"lazy\" class=\"wp-embedded-content\" sandbox=\"allow-scripts\" security=\"restricted\" style=\"position: absolute; clip: rect(1px, 1px, 1px, 1px);\" title=\"\u00ab\u00a0Cyclisme : Les 20 coureurs les mieux pay\u00e9s du peloton en 2022\u00a0\u00bb &#8212; Dicodusport\" src=\"https:\/\/dicodusport.fr\/blog\/cyclisme-les-20-coureurs-les-mieux-payes-du-peloton-en-2022\/embed\/#?secret=8ha6bH69kI#?secret=PGTnBYSAaL\" data-secret=\"PGTnBYSAaL\" width=\"600\" height=\"338\" frameborder=\"0\" marginwidth=\"0\" marginheight=\"0\" scrolling=\"no\"><\/iframe><\/span><\/p>\n","protected":false},"excerpt":{"rendered":"<p>CYCLISME SUR ROUTE &#8211; Le march\u00e9 des transferts 2022-2023 a ouvert ses portes ce lundi 1er ao\u00fbt. Si des coureurs ont d\u00e9j\u00e0 prolong\u00e9 ou trouv\u00e9 une nouvelle \u00e9quipe, d&rsquo;autres sont toujours sans contrat en vue de la saison 2023. On fait le point, gr\u00e2ce aux infos de Pro Cycling Stats et Cyclism&rsquo;Actu.<\/p>\n","protected":false},"author":4,"featured_media":248604,"comment_status":"open","ping_status":"closed","sticky":false,"template":"","format":"standard","meta":{"_acf_changed":false,"_daextam_enable_autolinks":"","footnotes":""},"categories":[46994],"tags":[574,11197,8388],"class_list":["post-248544","post","type-post","status-publish","format-standard","has-post-thumbnail","hentry","category-cyclisme-sur-route","tag-cyclisme","tag-cyclisme-sur-route","tag-transferts-cyclisme"],"acf":[],"yoast_head":"<!-- This site is optimized with the Yoast SEO Premium plugin v26.7 (Yoast SEO v26.7) - https:\/\/yoast.com\/wordpress\/plugins\/seo\/ -->\n<title>Cyclisme : Les coureurs sans contrat pour 2023<\/title>\n<meta name=\"description\" content=\"CYCLISME SUR ROUTE - Le march\u00e9 des transferts 2022-2023 a ouvert ses portes ce lundi 1er ao\u00fbt. On fait le point sur le coureurs sans contrat.\" \/>\n<meta name=\"robots\" content=\"index, follow, max-snippet:-1, max-image-preview:large, max-video-preview:-1\" \/>\n<link rel=\"canonical\" href=\"https:\/\/dicodusport.fr\/blog\/cyclisme-les-coureurs-sans-contrat-pour-2023\/\" \/>\n<meta property=\"og:locale\" content=\"fr_FR\" \/>\n<meta property=\"og:type\" content=\"article\" \/>\n<meta property=\"og:title\" content=\"Cyclisme : Les coureurs sans contrat pour 2023\" \/>\n<meta property=\"og:description\" content=\"CYCLISME SUR ROUTE - Le march\u00e9 des transferts 2022-2023 a ouvert ses portes ce lundi 1er ao\u00fbt. On fait le point sur le coureurs sans contrat.\" \/>\n<meta property=\"og:url\" content=\"https:\/\/dicodusport.fr\/blog\/cyclisme-les-coureurs-sans-contrat-pour-2023\/\" \/>\n<meta property=\"og:site_name\" content=\"Dicodusport\" \/>\n<meta property=\"article:publisher\" content=\"https:\/\/www.facebook.com\/dicodusport\" \/>\n<meta property=\"article:author\" content=\"https:\/\/www.facebook.com\/florent.ostermann\" \/>\n<meta property=\"article:published_time\" content=\"2022-12-19T16:43:42+00:00\" \/>\n<meta property=\"article:modified_time\" content=\"2022-12-19T16:43:55+00:00\" \/>\n<meta property=\"og:image\" content=\"https:\/\/dicodusport.fr\/blog\/wp-content\/uploads\/2022\/08\/Cyclisme-Les-coureurs-sans-contrat-pour-2023.png\" \/>\n\t<meta property=\"og:image:width\" content=\"800\" \/>\n\t<meta property=\"og:image:height\" content=\"445\" \/>\n\t<meta property=\"og:image:type\" content=\"image\/png\" \/>\n<meta name=\"author\" content=\"Flo Ostermann\" \/>\n<meta name=\"twitter:card\" content=\"summary_large_image\" \/>\n<meta name=\"twitter:title\" content=\"Cyclisme : Les coureurs sans contrat pour 2023\" \/>\n<meta name=\"twitter:creator\" content=\"@https:\/\/twitter.com\/FlOstermann\" \/>\n<meta name=\"twitter:site\" content=\"@dicodusport\" \/>\n<script type=\"application\/ld+json\" class=\"yoast-schema-graph\">{\"@context\":\"https:\/\/schema.org\",\"@graph\":[{\"@type\":\"NewsArticle\",\"@id\":\"https:\/\/dicodusport.fr\/blog\/cyclisme-les-coureurs-sans-contrat-pour-2023\/#article\",\"isPartOf\":{\"@id\":\"https:\/\/dicodusport.fr\/blog\/cyclisme-les-coureurs-sans-contrat-pour-2023\/\"},\"author\":{\"name\":\"Flo Ostermann\",\"@id\":\"https:\/\/dicodusport.fr\/blog\/#\/schema\/person\/cb02af4c173ce4a653b55e9baf388d4a\"},\"headline\":\"Cyclisme : Les coureurs sans contrat pour 2023\",\"datePublished\":\"2022-12-19T16:43:42+00:00\",\"dateModified\":\"2022-12-19T16:43:55+00:00\",\"mainEntityOfPage\":{\"@id\":\"https:\/\/dicodusport.fr\/blog\/cyclisme-les-coureurs-sans-contrat-pour-2023\/\"},\"wordCount\":196,\"commentCount\":1,\"publisher\":{\"@id\":\"https:\/\/dicodusport.fr\/blog\/#organization\"},\"image\":{\"@id\":\"https:\/\/dicodusport.fr\/blog\/cyclisme-les-coureurs-sans-contrat-pour-2023\/#primaryimage\"},\"thumbnailUrl\":\"https:\/\/dicodusport.fr\/blog\/wp-content\/uploads\/2022\/08\/Cyclisme-Les-coureurs-sans-contrat-pour-2023.png\",\"keywords\":[\"Cyclisme\",\"Cyclisme sur route\",\"Transferts Cyclisme\"],\"articleSection\":[\"Cyclisme sur route\"],\"inLanguage\":\"fr-FR\",\"potentialAction\":[{\"@type\":\"CommentAction\",\"name\":\"Comment\",\"target\":[\"https:\/\/dicodusport.fr\/blog\/cyclisme-les-coureurs-sans-contrat-pour-2023\/#respond\"]}],\"copyrightYear\":\"2022\",\"copyrightHolder\":{\"@id\":\"https:\/\/dicodusport.fr\/blog\/#organization\"}},{\"@type\":\"WebPage\",\"@id\":\"https:\/\/dicodusport.fr\/blog\/cyclisme-les-coureurs-sans-contrat-pour-2023\/\",\"url\":\"https:\/\/dicodusport.fr\/blog\/cyclisme-les-coureurs-sans-contrat-pour-2023\/\",\"name\":\"Cyclisme : Les coureurs sans contrat pour 2023\",\"isPartOf\":{\"@id\":\"https:\/\/dicodusport.fr\/blog\/#website\"},\"primaryImageOfPage\":{\"@id\":\"https:\/\/dicodusport.fr\/blog\/cyclisme-les-coureurs-sans-contrat-pour-2023\/#primaryimage\"},\"image\":{\"@id\":\"https:\/\/dicodusport.fr\/blog\/cyclisme-les-coureurs-sans-contrat-pour-2023\/#primaryimage\"},\"thumbnailUrl\":\"https:\/\/dicodusport.fr\/blog\/wp-content\/uploads\/2022\/08\/Cyclisme-Les-coureurs-sans-contrat-pour-2023.png\",\"datePublished\":\"2022-12-19T16:43:42+00:00\",\"dateModified\":\"2022-12-19T16:43:55+00:00\",\"description\":\"CYCLISME SUR ROUTE - Le march\u00e9 des transferts 2022-2023 a ouvert ses portes ce lundi 1er ao\u00fbt. On fait le point sur le coureurs sans contrat.\",\"breadcrumb\":{\"@id\":\"https:\/\/dicodusport.fr\/blog\/cyclisme-les-coureurs-sans-contrat-pour-2023\/#breadcrumb\"},\"inLanguage\":\"fr-FR\",\"potentialAction\":[{\"@type\":\"ReadAction\",\"target\":[\"https:\/\/dicodusport.fr\/blog\/cyclisme-les-coureurs-sans-contrat-pour-2023\/\"]}]},{\"@type\":\"ImageObject\",\"inLanguage\":\"fr-FR\",\"@id\":\"https:\/\/dicodusport.fr\/blog\/cyclisme-les-coureurs-sans-contrat-pour-2023\/#primaryimage\",\"url\":\"https:\/\/dicodusport.fr\/blog\/wp-content\/uploads\/2022\/08\/Cyclisme-Les-coureurs-sans-contrat-pour-2023.png\",\"contentUrl\":\"https:\/\/dicodusport.fr\/blog\/wp-content\/uploads\/2022\/08\/Cyclisme-Les-coureurs-sans-contrat-pour-2023.png\",\"width\":800,\"height\":445,\"caption\":\"Cyclisme Les coureurs sans contrat pour 2023\"},{\"@type\":\"BreadcrumbList\",\"@id\":\"https:\/\/dicodusport.fr\/blog\/cyclisme-les-coureurs-sans-contrat-pour-2023\/#breadcrumb\",\"itemListElement\":[{\"@type\":\"ListItem\",\"position\":1,\"name\":\"Accueil\",\"item\":\"https:\/\/dicodusport.fr\/blog\/\"},{\"@type\":\"ListItem\",\"position\":2,\"name\":\"Cyclisme : Les coureurs sans contrat pour 2023\"}]},{\"@type\":\"WebSite\",\"@id\":\"https:\/\/dicodusport.fr\/blog\/#website\",\"url\":\"https:\/\/dicodusport.fr\/blog\/\",\"name\":\"Dicodusport\",\"description\":\"L&#039;encyclop\u00e9die de l&#039;actualit\u00e9 sportive\",\"publisher\":{\"@id\":\"https:\/\/dicodusport.fr\/blog\/#organization\"},\"potentialAction\":[{\"@type\":\"SearchAction\",\"target\":{\"@type\":\"EntryPoint\",\"urlTemplate\":\"https:\/\/dicodusport.fr\/blog\/?s={search_term_string}\"},\"query-input\":{\"@type\":\"PropertyValueSpecification\",\"valueRequired\":true,\"valueName\":\"search_term_string\"}}],\"inLanguage\":\"fr-FR\"},{\"@type\":\"NewsMediaOrganization\",\"@id\":\"https:\/\/dicodusport.fr\/blog\/#organization\",\"name\":\"Dicodusport\",\"url\":\"https:\/\/dicodusport.fr\/blog\/\",\"logo\":{\"@type\":\"ImageObject\",\"inLanguage\":\"fr-FR\",\"@id\":\"https:\/\/dicodusport.fr\/blog\/#\/schema\/logo\/image\/\",\"url\":\"https:\/\/dicodusport.fr\/blog\/wp-content\/uploads\/2020\/06\/cropped-LOGO-DICODUSPORT-2020-SANS-FOND-SANS-TEXTE.png\",\"contentUrl\":\"https:\/\/dicodusport.fr\/blog\/wp-content\/uploads\/2020\/06\/cropped-LOGO-DICODUSPORT-2020-SANS-FOND-SANS-TEXTE.png\",\"width\":512,\"height\":512,\"caption\":\"Dicodusport\"},\"image\":{\"@id\":\"https:\/\/dicodusport.fr\/blog\/#\/schema\/logo\/image\/\"},\"sameAs\":[\"https:\/\/www.facebook.com\/dicodusport\",\"https:\/\/x.com\/dicodusport\",\"https:\/\/www.instagram.com\/dicodusport\/\",\"https:\/\/www.youtube.com\/channel\/UC7V2KZ5sd3htJivAbA4ZG3w\"],\"description\":\"Dicodusport est l'encyclop\u00e9die de l'actualit\u00e9 sportive.\",\"email\":\"bonjour@dicodusport.fr\",\"legalName\":\"DICODUSPORT\",\"foundingDate\":\"2018-01-14\",\"vatID\":\"FR71834470973\",\"taxID\":\"83447097300043\",\"numberOfEmployees\":{\"@type\":\"QuantitativeValue\",\"minValue\":\"1\",\"maxValue\":\"10\"}},{\"@type\":\"Person\",\"@id\":\"https:\/\/dicodusport.fr\/blog\/#\/schema\/person\/cb02af4c173ce4a653b55e9baf388d4a\",\"name\":\"Flo Ostermann\",\"image\":{\"@type\":\"ImageObject\",\"inLanguage\":\"fr-FR\",\"@id\":\"https:\/\/dicodusport.fr\/blog\/#\/schema\/person\/image\/\",\"url\":\"https:\/\/dicodusport.fr\/blog\/wp-content\/uploads\/2021\/05\/Flo-Ostermann-150x150.jpg\",\"contentUrl\":\"https:\/\/dicodusport.fr\/blog\/wp-content\/uploads\/2021\/05\/Flo-Ostermann-150x150.jpg\",\"caption\":\"Flo Ostermann\"},\"description\":\"Journaliste\/R\u00e9dacteur depuis septembre 2015 - Mes premiers souvenirs dans le sport ? Les envol\u00e9es du Stade Toulousain et les duels Villeneuve-Schumacher et H\u00e4kkinen-Schumacher \u00e0 la fin des ann\u00e9es 90, la Coupe du monde de football en 1998, l\u2019exploit du XV de France face aux All Blacks en 1999, mais aussi Richard C\u0153ur de Lion qui vole sur les montagnes du Tour de France. Bien parti pour devenir professeur d\u2019EPS, les \u00e9v\u00e9nements de la vie (et la flemme d\u2019animer des s\u00e9ances de 3x500 m\u00e8tres toute ma vie) m\u2019ont conduit \u00e0 revoir mes plans. Me voil\u00e0 depuis fin 2017 sur Dicodusport, m\u00e9dia gr\u00e2ce (et pour) lequel je partage ma passion : le sport dans tous ses \u00e9tats. Le tout accompagn\u00e9 par les fous furieux et folles furieuses cit\u00e9s sur cette page !\",\"sameAs\":[\"https:\/\/www.facebook.com\/florent.ostermann\",\"https:\/\/x.com\/https:\/\/twitter.com\/FlOstermann\",\"admin\"],\"url\":\"https:\/\/dicodusport.fr\/blog\/author\/flo\/\"}]}<\/script>\n<!-- \/ Yoast SEO Premium plugin. -->","yoast_head_json":{"title":"Cyclisme : Les coureurs sans contrat pour 2023","description":"CYCLISME SUR ROUTE - Le march\u00e9 des transferts 2022-2023 a ouvert ses portes ce lundi 1er ao\u00fbt. On fait le point sur le coureurs sans contrat.","robots":{"index":"index","follow":"follow","max-snippet":"max-snippet:-1","max-image-preview":"max-image-preview:large","max-video-preview":"max-video-preview:-1"},"canonical":"https:\/\/dicodusport.fr\/blog\/cyclisme-les-coureurs-sans-contrat-pour-2023\/","og_locale":"fr_FR","og_type":"article","og_title":"Cyclisme : Les coureurs sans contrat pour 2023","og_description":"CYCLISME SUR ROUTE - Le march\u00e9 des transferts 2022-2023 a ouvert ses portes ce lundi 1er ao\u00fbt. On fait le point sur le coureurs sans contrat.","og_url":"https:\/\/dicodusport.fr\/blog\/cyclisme-les-coureurs-sans-contrat-pour-2023\/","og_site_name":"Dicodusport","article_publisher":"https:\/\/www.facebook.com\/dicodusport","article_author":"https:\/\/www.facebook.com\/florent.ostermann","article_published_time":"2022-12-19T16:43:42+00:00","article_modified_time":"2022-12-19T16:43:55+00:00","og_image":[{"width":800,"height":445,"url":"https:\/\/dicodusport.fr\/blog\/wp-content\/uploads\/2022\/08\/Cyclisme-Les-coureurs-sans-contrat-pour-2023.png","type":"image\/png"}],"author":"Flo Ostermann","twitter_card":"summary_large_image","twitter_title":"Cyclisme : Les coureurs sans contrat pour 2023","twitter_creator":"@https:\/\/twitter.com\/FlOstermann","twitter_site":"@dicodusport","schema":{"@context":"https:\/\/schema.org","@graph":[{"@type":"NewsArticle","@id":"https:\/\/dicodusport.fr\/blog\/cyclisme-les-coureurs-sans-contrat-pour-2023\/#article","isPartOf":{"@id":"https:\/\/dicodusport.fr\/blog\/cyclisme-les-coureurs-sans-contrat-pour-2023\/"},"author":{"name":"Flo Ostermann","@id":"https:\/\/dicodusport.fr\/blog\/#\/schema\/person\/cb02af4c173ce4a653b55e9baf388d4a"},"headline":"Cyclisme : Les coureurs sans contrat pour 2023","datePublished":"2022-12-19T16:43:42+00:00","dateModified":"2022-12-19T16:43:55+00:00","mainEntityOfPage":{"@id":"https:\/\/dicodusport.fr\/blog\/cyclisme-les-coureurs-sans-contrat-pour-2023\/"},"wordCount":196,"commentCount":1,"publisher":{"@id":"https:\/\/dicodusport.fr\/blog\/#organization"},"image":{"@id":"https:\/\/dicodusport.fr\/blog\/cyclisme-les-coureurs-sans-contrat-pour-2023\/#primaryimage"},"thumbnailUrl":"https:\/\/dicodusport.fr\/blog\/wp-content\/uploads\/2022\/08\/Cyclisme-Les-coureurs-sans-contrat-pour-2023.png","keywords":["Cyclisme","Cyclisme sur route","Transferts Cyclisme"],"articleSection":["Cyclisme sur route"],"inLanguage":"fr-FR","potentialAction":[{"@type":"CommentAction","name":"Comment","target":["https:\/\/dicodusport.fr\/blog\/cyclisme-les-coureurs-sans-contrat-pour-2023\/#respond"]}],"copyrightYear":"2022","copyrightHolder":{"@id":"https:\/\/dicodusport.fr\/blog\/#organization"}},{"@type":"WebPage","@id":"https:\/\/dicodusport.fr\/blog\/cyclisme-les-coureurs-sans-contrat-pour-2023\/","url":"https:\/\/dicodusport.fr\/blog\/cyclisme-les-coureurs-sans-contrat-pour-2023\/","name":"Cyclisme : Les coureurs sans contrat pour 2023","isPartOf":{"@id":"https:\/\/dicodusport.fr\/blog\/#website"},"primaryImageOfPage":{"@id":"https:\/\/dicodusport.fr\/blog\/cyclisme-les-coureurs-sans-contrat-pour-2023\/#primaryimage"},"image":{"@id":"https:\/\/dicodusport.fr\/blog\/cyclisme-les-coureurs-sans-contrat-pour-2023\/#primaryimage"},"thumbnailUrl":"https:\/\/dicodusport.fr\/blog\/wp-content\/uploads\/2022\/08\/Cyclisme-Les-coureurs-sans-contrat-pour-2023.png","datePublished":"2022-12-19T16:43:42+00:00","dateModified":"2022-12-19T16:43:55+00:00","description":"CYCLISME SUR ROUTE - Le march\u00e9 des transferts 2022-2023 a ouvert ses portes ce lundi 1er ao\u00fbt. On fait le point sur le coureurs sans contrat.","breadcrumb":{"@id":"https:\/\/dicodusport.fr\/blog\/cyclisme-les-coureurs-sans-contrat-pour-2023\/#breadcrumb"},"inLanguage":"fr-FR","potentialAction":[{"@type":"ReadAction","target":["https:\/\/dicodusport.fr\/blog\/cyclisme-les-coureurs-sans-contrat-pour-2023\/"]}]},{"@type":"ImageObject","inLanguage":"fr-FR","@id":"https:\/\/dicodusport.fr\/blog\/cyclisme-les-coureurs-sans-contrat-pour-2023\/#primaryimage","url":"https:\/\/dicodusport.fr\/blog\/wp-content\/uploads\/2022\/08\/Cyclisme-Les-coureurs-sans-contrat-pour-2023.png","contentUrl":"https:\/\/dicodusport.fr\/blog\/wp-content\/uploads\/2022\/08\/Cyclisme-Les-coureurs-sans-contrat-pour-2023.png","width":800,"height":445,"caption":"Cyclisme Les coureurs sans contrat pour 2023"},{"@type":"BreadcrumbList","@id":"https:\/\/dicodusport.fr\/blog\/cyclisme-les-coureurs-sans-contrat-pour-2023\/#breadcrumb","itemListElement":[{"@type":"ListItem","position":1,"name":"Accueil","item":"https:\/\/dicodusport.fr\/blog\/"},{"@type":"ListItem","position":2,"name":"Cyclisme : Les coureurs sans contrat pour 2023"}]},{"@type":"WebSite","@id":"https:\/\/dicodusport.fr\/blog\/#website","url":"https:\/\/dicodusport.fr\/blog\/","name":"Dicodusport","description":"L&#039;encyclop\u00e9die de l&#039;actualit\u00e9 sportive","publisher":{"@id":"https:\/\/dicodusport.fr\/blog\/#organization"},"potentialAction":[{"@type":"SearchAction","target":{"@type":"EntryPoint","urlTemplate":"https:\/\/dicodusport.fr\/blog\/?s={search_term_string}"},"query-input":{"@type":"PropertyValueSpecification","valueRequired":true,"valueName":"search_term_string"}}],"inLanguage":"fr-FR"},{"@type":"NewsMediaOrganization","@id":"https:\/\/dicodusport.fr\/blog\/#organization","name":"Dicodusport","url":"https:\/\/dicodusport.fr\/blog\/","logo":{"@type":"ImageObject","inLanguage":"fr-FR","@id":"https:\/\/dicodusport.fr\/blog\/#\/schema\/logo\/image\/","url":"https:\/\/dicodusport.fr\/blog\/wp-content\/uploads\/2020\/06\/cropped-LOGO-DICODUSPORT-2020-SANS-FOND-SANS-TEXTE.png","contentUrl":"https:\/\/dicodusport.fr\/blog\/wp-content\/uploads\/2020\/06\/cropped-LOGO-DICODUSPORT-2020-SANS-FOND-SANS-TEXTE.png","width":512,"height":512,"caption":"Dicodusport"},"image":{"@id":"https:\/\/dicodusport.fr\/blog\/#\/schema\/logo\/image\/"},"sameAs":["https:\/\/www.facebook.com\/dicodusport","https:\/\/x.com\/dicodusport","https:\/\/www.instagram.com\/dicodusport\/","https:\/\/www.youtube.com\/channel\/UC7V2KZ5sd3htJivAbA4ZG3w"],"description":"Dicodusport est l'encyclop\u00e9die de l'actualit\u00e9 sportive.","email":"bonjour@dicodusport.fr","legalName":"DICODUSPORT","foundingDate":"2018-01-14","vatID":"FR71834470973","taxID":"83447097300043","numberOfEmployees":{"@type":"QuantitativeValue","minValue":"1","maxValue":"10"}},{"@type":"Person","@id":"https:\/\/dicodusport.fr\/blog\/#\/schema\/person\/cb02af4c173ce4a653b55e9baf388d4a","name":"Flo Ostermann","image":{"@type":"ImageObject","inLanguage":"fr-FR","@id":"https:\/\/dicodusport.fr\/blog\/#\/schema\/person\/image\/","url":"https:\/\/dicodusport.fr\/blog\/wp-content\/uploads\/2021\/05\/Flo-Ostermann-150x150.jpg","contentUrl":"https:\/\/dicodusport.fr\/blog\/wp-content\/uploads\/2021\/05\/Flo-Ostermann-150x150.jpg","caption":"Flo Ostermann"},"description":"Journaliste\/R\u00e9dacteur depuis septembre 2015 - Mes premiers souvenirs dans le sport ? Les envol\u00e9es du Stade Toulousain et les duels Villeneuve-Schumacher et H\u00e4kkinen-Schumacher \u00e0 la fin des ann\u00e9es 90, la Coupe du monde de football en 1998, l\u2019exploit du XV de France face aux All Blacks en 1999, mais aussi Richard C\u0153ur de Lion qui vole sur les montagnes du Tour de France. Bien parti pour devenir professeur d\u2019EPS, les \u00e9v\u00e9nements de la vie (et la flemme d\u2019animer des s\u00e9ances de 3x500 m\u00e8tres toute ma vie) m\u2019ont conduit \u00e0 revoir mes plans. Me voil\u00e0 depuis fin 2017 sur Dicodusport, m\u00e9dia gr\u00e2ce (et pour) lequel je partage ma passion : le sport dans tous ses \u00e9tats. Le tout accompagn\u00e9 par les fous furieux et folles furieuses cit\u00e9s sur cette page !","sameAs":["https:\/\/www.facebook.com\/florent.ostermann","https:\/\/x.com\/https:\/\/twitter.com\/FlOstermann","admin"],"url":"https:\/\/dicodusport.fr\/blog\/author\/flo\/"}]}},"_links":{"self":[{"href":"https:\/\/dicodusport.fr\/blog\/wp-json\/wp\/v2\/posts\/248544","targetHints":{"allow":["GET"]}}],"collection":[{"href":"https:\/\/dicodusport.fr\/blog\/wp-json\/wp\/v2\/posts"}],"about":[{"href":"https:\/\/dicodusport.fr\/blog\/wp-json\/wp\/v2\/types\/post"}],"author":[{"embeddable":true,"href":"https:\/\/dicodusport.fr\/blog\/wp-json\/wp\/v2\/users\/4"}],"replies":[{"embeddable":true,"href":"https:\/\/dicodusport.fr\/blog\/wp-json\/wp\/v2\/comments?post=248544"}],"version-history":[{"count":0,"href":"https:\/\/dicodusport.fr\/blog\/wp-json\/wp\/v2\/posts\/248544\/revisions"}],"wp:featuredmedia":[{"embeddable":true,"href":"https:\/\/dicodusport.fr\/blog\/wp-json\/wp\/v2\/media\/248604"}],"wp:attachment":[{"href":"https:\/\/dicodusport.fr\/blog\/wp-json\/wp\/v2\/media?parent=248544"}],"wp:term":[{"taxonomy":"category","embeddable":true,"href":"https:\/\/dicodusport.fr\/blog\/wp-json\/wp\/v2\/categories?post=248544"},{"taxonomy":"post_tag","embeddable":true,"href":"https:\/\/dicodusport.fr\/blog\/wp-json\/wp\/v2\/tags?post=248544"}],"curies":[{"name":"wp","href":"https:\/\/api.w.org\/{rel}","templated":true}]}}