{"id":248550,"date":"2022-08-02T14:36:43","date_gmt":"2022-08-02T12:36:43","guid":{"rendered":"https:\/\/dicodusport.fr\/blog\/?p=248550&#038;preview=true&#038;preview_id=248550"},"modified":"2022-08-02T14:38:41","modified_gmt":"2022-08-02T12:38:41","slug":"ligue-europa-conference-nice-face-au-maccabi-tel-aviv-ou-a-laris-salonique-en-barrages","status":"publish","type":"post","link":"https:\/\/dicodusport.fr\/blog\/ligue-europa-conference-nice-face-au-maccabi-tel-aviv-ou-a-laris-salonique-en-barrages\/","title":{"rendered":"Ligue Europa Conf\u00e9rence : Nice face au Maccabi Tel Aviv ou \u00e0 l&rsquo;Aris Salonique en barrages"},"content":{"rendered":"<p style=\"text-align: justify;\"><b><i>FOOTBALL &#8211; L&rsquo;OGC Nice sera oppos\u00e9 au Maccabi Tel Aviv ou \u00e0 l&rsquo;Aris Salonique en barrages de Ligue Europa Conf\u00e9rence.<\/i><\/b><\/p>\n<p style=\"text-align: justify;\"><strong>Nice<\/strong>, tr\u00e8s actif sur le march\u00e9 des transferts ces derni\u00e8res heures avec les arriv\u00e9es d&rsquo;<strong>Alexis Beka Beka<\/strong> et d&rsquo;<a href=\"https:\/\/dicodusport.fr\/blog\/mercato-nice-les-aiglons-tout-proches-de-signer-aaron-ramsey\/\"><strong>Aaron Ramsey<\/strong>,<\/a> est fix\u00e9 pour son barrage de Ligue Europa Conference. Ce sera soit le <strong>Maccabi Tel Aviv<\/strong>, troisi\u00e8me du dernier championnat isra\u00e9lien, soit l&rsquo;<strong>Aris Salonique,<\/strong> qui a termin\u00e9 \u00e0 la m\u00eame position dans le championnat grec.<\/p>\n<blockquote class=\"twitter-tweet\">\n<p dir=\"ltr\" lang=\"fr\"><a href=\"https:\/\/twitter.com\/hashtag\/UECL?src=hash&amp;ref_src=twsrc%5Etfw\">#UECL<\/a> : L&rsquo;<a href=\"https:\/\/twitter.com\/hashtag\/OGCNice?src=hash&amp;ref_src=twsrc%5Etfw\">#OGCNice<\/a> affrontera le vainqueur de Maccabi Tel Aviv &#8211; Aris Salonique en barrages de Conference League.<\/p>\n<p>Match retour le 25 aout \u00e0 l&rsquo;<a href=\"https:\/\/twitter.com\/hashtag\/AllianzRiviera?src=hash&amp;ref_src=twsrc%5Etfw\">#AllianzRiviera<\/a>. <a href=\"https:\/\/t.co\/FaQuldgk3T\">pic.twitter.com\/FaQuldgk3T<\/a><\/p>\n<p>\u2014 OGC Nice (@ogcnice) <a href=\"https:\/\/twitter.com\/ogcnice\/status\/1554442436855975941?ref_src=twsrc%5Etfw\">August 2, 2022<\/a><\/p><\/blockquote>\n<p><script async src=\"https:\/\/platform.twitter.com\/widgets.js\" charset=\"utf-8\"><\/script><\/p>\n","protected":false},"excerpt":{"rendered":"<p>FOOTBALL &#8211; L&rsquo;OGC Nice sera oppos\u00e9 au Maccabi Tel Aviv ou \u00e0 l&rsquo;Aris Salonique en barrages de Ligue Europa Conf\u00e9rence.<\/p>\n","protected":false},"author":1,"featured_media":248576,"comment_status":"open","ping_status":"closed","sticky":false,"template":"","format":"standard","meta":{"_acf_changed":false,"_daextam_enable_autolinks":"","footnotes":""},"categories":[2301],"tags":[75,19580,460,3029],"class_list":["post-248550","post","type-post","status-publish","format-standard","has-post-thumbnail","hentry","category-football","tag-football","tag-ligue-europa-conference","tag-nice","tag-ogc-nice"],"acf":[],"yoast_head":"<!-- This site is optimized with the Yoast SEO Premium plugin v26.7 (Yoast SEO v26.7) - https:\/\/yoast.com\/wordpress\/plugins\/seo\/ -->\n<title>Ligue Europa Conf\u00e9rence : Nice face au Maccabi Tel Aviv ou \u00e0 l&#039;Aris Salonique en barrages<\/title>\n<meta name=\"description\" content=\"FOOTBALL - L&#039;OGC Nice sera oppos\u00e9 au Maccabi Tel Aviv ou \u00e0 l&#039;Aris Salonique en barrages de Ligue Europa Conf\u00e9rence.\" \/>\n<meta name=\"robots\" content=\"index, follow, max-snippet:-1, max-image-preview:large, max-video-preview:-1\" \/>\n<link rel=\"canonical\" href=\"https:\/\/dicodusport.fr\/blog\/ligue-europa-conference-nice-face-au-maccabi-tel-aviv-ou-a-laris-salonique-en-barrages\/\" \/>\n<meta property=\"og:locale\" content=\"fr_FR\" \/>\n<meta property=\"og:type\" content=\"article\" \/>\n<meta property=\"og:title\" content=\"Ligue Europa Conf\u00e9rence : Nice face au Maccabi Tel Aviv ou \u00e0 l&#039;Aris Salonique en barrages\" \/>\n<meta property=\"og:description\" content=\"FOOTBALL - L&#039;OGC Nice sera oppos\u00e9 au Maccabi Tel Aviv ou \u00e0 l&#039;Aris Salonique en barrages de Ligue Europa Conf\u00e9rence.\" \/>\n<meta property=\"og:url\" content=\"https:\/\/dicodusport.fr\/blog\/ligue-europa-conference-nice-face-au-maccabi-tel-aviv-ou-a-laris-salonique-en-barrages\/\" \/>\n<meta property=\"og:site_name\" content=\"Dicodusport\" \/>\n<meta property=\"article:publisher\" content=\"https:\/\/www.facebook.com\/dicodusport\" \/>\n<meta property=\"article:author\" content=\"https:\/\/www.facebook.com\/dicodusport\" \/>\n<meta property=\"article:published_time\" content=\"2022-08-02T12:36:43+00:00\" \/>\n<meta property=\"article:modified_time\" content=\"2022-08-02T12:38:41+00:00\" \/>\n<meta property=\"og:image\" content=\"https:\/\/dicodusport.fr\/blog\/wp-content\/uploads\/2022\/08\/Ligue-Europa-Confe\u0301rence-Nice-face-au-Maccabi-Tel-Aviv-ou-a\u0300-lAris-Salonique-en-barrages.png\" \/>\n\t<meta property=\"og:image:width\" content=\"800\" \/>\n\t<meta property=\"og:image:height\" content=\"445\" \/>\n\t<meta property=\"og:image:type\" content=\"image\/png\" \/>\n<meta name=\"author\" content=\"Nicolas Jacquemard\" \/>\n<meta name=\"twitter:card\" content=\"summary_large_image\" \/>\n<meta name=\"twitter:title\" content=\"Ligue Europa Conf\u00e9rence : Nice face au Maccabi Tel Aviv ou \u00e0 l&#039;Aris Salonique en barrages\" \/>\n<meta name=\"twitter:creator\" content=\"@https:\/\/twitter.com\/Nico_Jacquemard\" \/>\n<meta name=\"twitter:site\" content=\"@dicodusport\" \/>\n<script type=\"application\/ld+json\" class=\"yoast-schema-graph\">{\"@context\":\"https:\/\/schema.org\",\"@graph\":[{\"@type\":\"NewsArticle\",\"@id\":\"https:\/\/dicodusport.fr\/blog\/ligue-europa-conference-nice-face-au-maccabi-tel-aviv-ou-a-laris-salonique-en-barrages\/#article\",\"isPartOf\":{\"@id\":\"https:\/\/dicodusport.fr\/blog\/ligue-europa-conference-nice-face-au-maccabi-tel-aviv-ou-a-laris-salonique-en-barrages\/\"},\"author\":{\"name\":\"Nicolas Jacquemard\",\"@id\":\"https:\/\/dicodusport.fr\/blog\/#\/schema\/person\/55dcb50ad410894e431ed812bbb70191\"},\"headline\":\"Ligue Europa Conf\u00e9rence : Nice face au Maccabi Tel Aviv ou \u00e0 l&rsquo;Aris Salonique en barrages\",\"datePublished\":\"2022-08-02T12:36:43+00:00\",\"dateModified\":\"2022-08-02T12:38:41+00:00\",\"mainEntityOfPage\":{\"@id\":\"https:\/\/dicodusport.fr\/blog\/ligue-europa-conference-nice-face-au-maccabi-tel-aviv-ou-a-laris-salonique-en-barrages\/\"},\"wordCount\":134,\"commentCount\":0,\"publisher\":{\"@id\":\"https:\/\/dicodusport.fr\/blog\/#organization\"},\"image\":{\"@id\":\"https:\/\/dicodusport.fr\/blog\/ligue-europa-conference-nice-face-au-maccabi-tel-aviv-ou-a-laris-salonique-en-barrages\/#primaryimage\"},\"thumbnailUrl\":\"https:\/\/dicodusport.fr\/blog\/wp-content\/uploads\/2022\/08\/Ligue-Europa-Confe\u0301rence-Nice-face-au-Maccabi-Tel-Aviv-ou-a\u0300-lAris-Salonique-en-barrages.png\",\"keywords\":[\"Football\",\"Ligue Europa Conf\u00e9rence\",\"Nice\",\"OGC Nice\"],\"articleSection\":[\"Football\"],\"inLanguage\":\"fr-FR\",\"potentialAction\":[{\"@type\":\"CommentAction\",\"name\":\"Comment\",\"target\":[\"https:\/\/dicodusport.fr\/blog\/ligue-europa-conference-nice-face-au-maccabi-tel-aviv-ou-a-laris-salonique-en-barrages\/#respond\"]}],\"copyrightYear\":\"2022\",\"copyrightHolder\":{\"@id\":\"https:\/\/dicodusport.fr\/blog\/#organization\"}},{\"@type\":\"WebPage\",\"@id\":\"https:\/\/dicodusport.fr\/blog\/ligue-europa-conference-nice-face-au-maccabi-tel-aviv-ou-a-laris-salonique-en-barrages\/\",\"url\":\"https:\/\/dicodusport.fr\/blog\/ligue-europa-conference-nice-face-au-maccabi-tel-aviv-ou-a-laris-salonique-en-barrages\/\",\"name\":\"Ligue Europa Conf\u00e9rence : Nice face au Maccabi Tel Aviv ou \u00e0 l'Aris Salonique en barrages\",\"isPartOf\":{\"@id\":\"https:\/\/dicodusport.fr\/blog\/#website\"},\"primaryImageOfPage\":{\"@id\":\"https:\/\/dicodusport.fr\/blog\/ligue-europa-conference-nice-face-au-maccabi-tel-aviv-ou-a-laris-salonique-en-barrages\/#primaryimage\"},\"image\":{\"@id\":\"https:\/\/dicodusport.fr\/blog\/ligue-europa-conference-nice-face-au-maccabi-tel-aviv-ou-a-laris-salonique-en-barrages\/#primaryimage\"},\"thumbnailUrl\":\"https:\/\/dicodusport.fr\/blog\/wp-content\/uploads\/2022\/08\/Ligue-Europa-Confe\u0301rence-Nice-face-au-Maccabi-Tel-Aviv-ou-a\u0300-lAris-Salonique-en-barrages.png\",\"datePublished\":\"2022-08-02T12:36:43+00:00\",\"dateModified\":\"2022-08-02T12:38:41+00:00\",\"description\":\"FOOTBALL - L'OGC Nice sera oppos\u00e9 au Maccabi Tel Aviv ou \u00e0 l'Aris Salonique en barrages de Ligue Europa Conf\u00e9rence.\",\"breadcrumb\":{\"@id\":\"https:\/\/dicodusport.fr\/blog\/ligue-europa-conference-nice-face-au-maccabi-tel-aviv-ou-a-laris-salonique-en-barrages\/#breadcrumb\"},\"inLanguage\":\"fr-FR\",\"potentialAction\":[{\"@type\":\"ReadAction\",\"target\":[\"https:\/\/dicodusport.fr\/blog\/ligue-europa-conference-nice-face-au-maccabi-tel-aviv-ou-a-laris-salonique-en-barrages\/\"]}]},{\"@type\":\"ImageObject\",\"inLanguage\":\"fr-FR\",\"@id\":\"https:\/\/dicodusport.fr\/blog\/ligue-europa-conference-nice-face-au-maccabi-tel-aviv-ou-a-laris-salonique-en-barrages\/#primaryimage\",\"url\":\"https:\/\/dicodusport.fr\/blog\/wp-content\/uploads\/2022\/08\/Ligue-Europa-Confe\u0301rence-Nice-face-au-Maccabi-Tel-Aviv-ou-a\u0300-lAris-Salonique-en-barrages.png\",\"contentUrl\":\"https:\/\/dicodusport.fr\/blog\/wp-content\/uploads\/2022\/08\/Ligue-Europa-Confe\u0301rence-Nice-face-au-Maccabi-Tel-Aviv-ou-a\u0300-lAris-Salonique-en-barrages.png\",\"width\":800,\"height\":445},{\"@type\":\"BreadcrumbList\",\"@id\":\"https:\/\/dicodusport.fr\/blog\/ligue-europa-conference-nice-face-au-maccabi-tel-aviv-ou-a-laris-salonique-en-barrages\/#breadcrumb\",\"itemListElement\":[{\"@type\":\"ListItem\",\"position\":1,\"name\":\"Accueil\",\"item\":\"https:\/\/dicodusport.fr\/blog\/\"},{\"@type\":\"ListItem\",\"position\":2,\"name\":\"Ligue Europa Conf\u00e9rence : Nice face au Maccabi Tel Aviv ou \u00e0 l&rsquo;Aris Salonique en barrages\"}]},{\"@type\":\"WebSite\",\"@id\":\"https:\/\/dicodusport.fr\/blog\/#website\",\"url\":\"https:\/\/dicodusport.fr\/blog\/\",\"name\":\"Dicodusport\",\"description\":\"L&#039;encyclop\u00e9die de l&#039;actualit\u00e9 sportive\",\"publisher\":{\"@id\":\"https:\/\/dicodusport.fr\/blog\/#organization\"},\"potentialAction\":[{\"@type\":\"SearchAction\",\"target\":{\"@type\":\"EntryPoint\",\"urlTemplate\":\"https:\/\/dicodusport.fr\/blog\/?s={search_term_string}\"},\"query-input\":{\"@type\":\"PropertyValueSpecification\",\"valueRequired\":true,\"valueName\":\"search_term_string\"}}],\"inLanguage\":\"fr-FR\"},{\"@type\":\"NewsMediaOrganization\",\"@id\":\"https:\/\/dicodusport.fr\/blog\/#organization\",\"name\":\"Dicodusport\",\"url\":\"https:\/\/dicodusport.fr\/blog\/\",\"logo\":{\"@type\":\"ImageObject\",\"inLanguage\":\"fr-FR\",\"@id\":\"https:\/\/dicodusport.fr\/blog\/#\/schema\/logo\/image\/\",\"url\":\"https:\/\/dicodusport.fr\/blog\/wp-content\/uploads\/2020\/06\/cropped-LOGO-DICODUSPORT-2020-SANS-FOND-SANS-TEXTE.png\",\"contentUrl\":\"https:\/\/dicodusport.fr\/blog\/wp-content\/uploads\/2020\/06\/cropped-LOGO-DICODUSPORT-2020-SANS-FOND-SANS-TEXTE.png\",\"width\":512,\"height\":512,\"caption\":\"Dicodusport\"},\"image\":{\"@id\":\"https:\/\/dicodusport.fr\/blog\/#\/schema\/logo\/image\/\"},\"sameAs\":[\"https:\/\/www.facebook.com\/dicodusport\",\"https:\/\/x.com\/dicodusport\",\"https:\/\/www.instagram.com\/dicodusport\/\",\"https:\/\/www.youtube.com\/channel\/UC7V2KZ5sd3htJivAbA4ZG3w\"],\"description\":\"Dicodusport est l'encyclop\u00e9die de l'actualit\u00e9 sportive.\",\"email\":\"bonjour@dicodusport.fr\",\"legalName\":\"DICODUSPORT\",\"foundingDate\":\"2018-01-14\",\"vatID\":\"FR71834470973\",\"taxID\":\"83447097300043\",\"numberOfEmployees\":{\"@type\":\"QuantitativeValue\",\"minValue\":\"1\",\"maxValue\":\"10\"}},{\"@type\":\"Person\",\"@id\":\"https:\/\/dicodusport.fr\/blog\/#\/schema\/person\/55dcb50ad410894e431ed812bbb70191\",\"name\":\"Nicolas Jacquemard\",\"image\":{\"@type\":\"ImageObject\",\"inLanguage\":\"fr-FR\",\"@id\":\"https:\/\/dicodusport.fr\/blog\/#\/schema\/person\/image\/\",\"url\":\"https:\/\/dicodusport.fr\/blog\/wp-content\/uploads\/2021\/05\/Nicolas-Jacquemard-150x150.jpeg\",\"contentUrl\":\"https:\/\/dicodusport.fr\/blog\/wp-content\/uploads\/2021\/05\/Nicolas-Jacquemard-150x150.jpeg\",\"caption\":\"Nicolas Jacquemard\"},\"description\":\"Passionn\u00e9 de sport et entrepreneur depuis mes 18 ans, la cr\u00e9ation de Dicodusport m'a sembl\u00e9 \u00e9vidente pour participer \u00e0 la m\u00e9diatisation d'un plus grand nombre de sports. Le chemin est long mais avec une \u00e9quipe des plus motiv\u00e9es et les Jeux Olympiques de Paris 2024 en point de mire, nous y arriverons ! Journaliste dans le monde du sport depuis plus de 5 ans, je traite aussi bien de football, de rugby, de biathlon que de cyclisme.\",\"sameAs\":[\"https:\/\/www.facebook.com\/dicodusport\",\"https:\/\/x.com\/https:\/\/twitter.com\/Nico_Jacquemard\"],\"url\":\"https:\/\/dicodusport.fr\/blog\/author\/dicodusport\/\"}]}<\/script>\n<!-- \/ Yoast SEO Premium plugin. -->","yoast_head_json":{"title":"Ligue Europa Conf\u00e9rence : Nice face au Maccabi Tel Aviv ou \u00e0 l'Aris Salonique en barrages","description":"FOOTBALL - L'OGC Nice sera oppos\u00e9 au Maccabi Tel Aviv ou \u00e0 l'Aris Salonique en barrages de Ligue Europa Conf\u00e9rence.","robots":{"index":"index","follow":"follow","max-snippet":"max-snippet:-1","max-image-preview":"max-image-preview:large","max-video-preview":"max-video-preview:-1"},"canonical":"https:\/\/dicodusport.fr\/blog\/ligue-europa-conference-nice-face-au-maccabi-tel-aviv-ou-a-laris-salonique-en-barrages\/","og_locale":"fr_FR","og_type":"article","og_title":"Ligue Europa Conf\u00e9rence : Nice face au Maccabi Tel Aviv ou \u00e0 l'Aris Salonique en barrages","og_description":"FOOTBALL - L'OGC Nice sera oppos\u00e9 au Maccabi Tel Aviv ou \u00e0 l'Aris Salonique en barrages de Ligue Europa Conf\u00e9rence.","og_url":"https:\/\/dicodusport.fr\/blog\/ligue-europa-conference-nice-face-au-maccabi-tel-aviv-ou-a-laris-salonique-en-barrages\/","og_site_name":"Dicodusport","article_publisher":"https:\/\/www.facebook.com\/dicodusport","article_author":"https:\/\/www.facebook.com\/dicodusport","article_published_time":"2022-08-02T12:36:43+00:00","article_modified_time":"2022-08-02T12:38:41+00:00","og_image":[{"width":800,"height":445,"url":"https:\/\/dicodusport.fr\/blog\/wp-content\/uploads\/2022\/08\/Ligue-Europa-Confe\u0301rence-Nice-face-au-Maccabi-Tel-Aviv-ou-a\u0300-lAris-Salonique-en-barrages.png","type":"image\/png"}],"author":"Nicolas Jacquemard","twitter_card":"summary_large_image","twitter_title":"Ligue Europa Conf\u00e9rence : Nice face au Maccabi Tel Aviv ou \u00e0 l'Aris Salonique en barrages","twitter_creator":"@https:\/\/twitter.com\/Nico_Jacquemard","twitter_site":"@dicodusport","schema":{"@context":"https:\/\/schema.org","@graph":[{"@type":"NewsArticle","@id":"https:\/\/dicodusport.fr\/blog\/ligue-europa-conference-nice-face-au-maccabi-tel-aviv-ou-a-laris-salonique-en-barrages\/#article","isPartOf":{"@id":"https:\/\/dicodusport.fr\/blog\/ligue-europa-conference-nice-face-au-maccabi-tel-aviv-ou-a-laris-salonique-en-barrages\/"},"author":{"name":"Nicolas Jacquemard","@id":"https:\/\/dicodusport.fr\/blog\/#\/schema\/person\/55dcb50ad410894e431ed812bbb70191"},"headline":"Ligue Europa Conf\u00e9rence : Nice face au Maccabi Tel Aviv ou \u00e0 l&rsquo;Aris Salonique en barrages","datePublished":"2022-08-02T12:36:43+00:00","dateModified":"2022-08-02T12:38:41+00:00","mainEntityOfPage":{"@id":"https:\/\/dicodusport.fr\/blog\/ligue-europa-conference-nice-face-au-maccabi-tel-aviv-ou-a-laris-salonique-en-barrages\/"},"wordCount":134,"commentCount":0,"publisher":{"@id":"https:\/\/dicodusport.fr\/blog\/#organization"},"image":{"@id":"https:\/\/dicodusport.fr\/blog\/ligue-europa-conference-nice-face-au-maccabi-tel-aviv-ou-a-laris-salonique-en-barrages\/#primaryimage"},"thumbnailUrl":"https:\/\/dicodusport.fr\/blog\/wp-content\/uploads\/2022\/08\/Ligue-Europa-Confe\u0301rence-Nice-face-au-Maccabi-Tel-Aviv-ou-a\u0300-lAris-Salonique-en-barrages.png","keywords":["Football","Ligue Europa Conf\u00e9rence","Nice","OGC Nice"],"articleSection":["Football"],"inLanguage":"fr-FR","potentialAction":[{"@type":"CommentAction","name":"Comment","target":["https:\/\/dicodusport.fr\/blog\/ligue-europa-conference-nice-face-au-maccabi-tel-aviv-ou-a-laris-salonique-en-barrages\/#respond"]}],"copyrightYear":"2022","copyrightHolder":{"@id":"https:\/\/dicodusport.fr\/blog\/#organization"}},{"@type":"WebPage","@id":"https:\/\/dicodusport.fr\/blog\/ligue-europa-conference-nice-face-au-maccabi-tel-aviv-ou-a-laris-salonique-en-barrages\/","url":"https:\/\/dicodusport.fr\/blog\/ligue-europa-conference-nice-face-au-maccabi-tel-aviv-ou-a-laris-salonique-en-barrages\/","name":"Ligue Europa Conf\u00e9rence : Nice face au Maccabi Tel Aviv ou \u00e0 l'Aris Salonique en barrages","isPartOf":{"@id":"https:\/\/dicodusport.fr\/blog\/#website"},"primaryImageOfPage":{"@id":"https:\/\/dicodusport.fr\/blog\/ligue-europa-conference-nice-face-au-maccabi-tel-aviv-ou-a-laris-salonique-en-barrages\/#primaryimage"},"image":{"@id":"https:\/\/dicodusport.fr\/blog\/ligue-europa-conference-nice-face-au-maccabi-tel-aviv-ou-a-laris-salonique-en-barrages\/#primaryimage"},"thumbnailUrl":"https:\/\/dicodusport.fr\/blog\/wp-content\/uploads\/2022\/08\/Ligue-Europa-Confe\u0301rence-Nice-face-au-Maccabi-Tel-Aviv-ou-a\u0300-lAris-Salonique-en-barrages.png","datePublished":"2022-08-02T12:36:43+00:00","dateModified":"2022-08-02T12:38:41+00:00","description":"FOOTBALL - L'OGC Nice sera oppos\u00e9 au Maccabi Tel Aviv ou \u00e0 l'Aris Salonique en barrages de Ligue Europa Conf\u00e9rence.","breadcrumb":{"@id":"https:\/\/dicodusport.fr\/blog\/ligue-europa-conference-nice-face-au-maccabi-tel-aviv-ou-a-laris-salonique-en-barrages\/#breadcrumb"},"inLanguage":"fr-FR","potentialAction":[{"@type":"ReadAction","target":["https:\/\/dicodusport.fr\/blog\/ligue-europa-conference-nice-face-au-maccabi-tel-aviv-ou-a-laris-salonique-en-barrages\/"]}]},{"@type":"ImageObject","inLanguage":"fr-FR","@id":"https:\/\/dicodusport.fr\/blog\/ligue-europa-conference-nice-face-au-maccabi-tel-aviv-ou-a-laris-salonique-en-barrages\/#primaryimage","url":"https:\/\/dicodusport.fr\/blog\/wp-content\/uploads\/2022\/08\/Ligue-Europa-Confe\u0301rence-Nice-face-au-Maccabi-Tel-Aviv-ou-a\u0300-lAris-Salonique-en-barrages.png","contentUrl":"https:\/\/dicodusport.fr\/blog\/wp-content\/uploads\/2022\/08\/Ligue-Europa-Confe\u0301rence-Nice-face-au-Maccabi-Tel-Aviv-ou-a\u0300-lAris-Salonique-en-barrages.png","width":800,"height":445},{"@type":"BreadcrumbList","@id":"https:\/\/dicodusport.fr\/blog\/ligue-europa-conference-nice-face-au-maccabi-tel-aviv-ou-a-laris-salonique-en-barrages\/#breadcrumb","itemListElement":[{"@type":"ListItem","position":1,"name":"Accueil","item":"https:\/\/dicodusport.fr\/blog\/"},{"@type":"ListItem","position":2,"name":"Ligue Europa Conf\u00e9rence : Nice face au Maccabi Tel Aviv ou \u00e0 l&rsquo;Aris Salonique en barrages"}]},{"@type":"WebSite","@id":"https:\/\/dicodusport.fr\/blog\/#website","url":"https:\/\/dicodusport.fr\/blog\/","name":"Dicodusport","description":"L&#039;encyclop\u00e9die de l&#039;actualit\u00e9 sportive","publisher":{"@id":"https:\/\/dicodusport.fr\/blog\/#organization"},"potentialAction":[{"@type":"SearchAction","target":{"@type":"EntryPoint","urlTemplate":"https:\/\/dicodusport.fr\/blog\/?s={search_term_string}"},"query-input":{"@type":"PropertyValueSpecification","valueRequired":true,"valueName":"search_term_string"}}],"inLanguage":"fr-FR"},{"@type":"NewsMediaOrganization","@id":"https:\/\/dicodusport.fr\/blog\/#organization","name":"Dicodusport","url":"https:\/\/dicodusport.fr\/blog\/","logo":{"@type":"ImageObject","inLanguage":"fr-FR","@id":"https:\/\/dicodusport.fr\/blog\/#\/schema\/logo\/image\/","url":"https:\/\/dicodusport.fr\/blog\/wp-content\/uploads\/2020\/06\/cropped-LOGO-DICODUSPORT-2020-SANS-FOND-SANS-TEXTE.png","contentUrl":"https:\/\/dicodusport.fr\/blog\/wp-content\/uploads\/2020\/06\/cropped-LOGO-DICODUSPORT-2020-SANS-FOND-SANS-TEXTE.png","width":512,"height":512,"caption":"Dicodusport"},"image":{"@id":"https:\/\/dicodusport.fr\/blog\/#\/schema\/logo\/image\/"},"sameAs":["https:\/\/www.facebook.com\/dicodusport","https:\/\/x.com\/dicodusport","https:\/\/www.instagram.com\/dicodusport\/","https:\/\/www.youtube.com\/channel\/UC7V2KZ5sd3htJivAbA4ZG3w"],"description":"Dicodusport est l'encyclop\u00e9die de l'actualit\u00e9 sportive.","email":"bonjour@dicodusport.fr","legalName":"DICODUSPORT","foundingDate":"2018-01-14","vatID":"FR71834470973","taxID":"83447097300043","numberOfEmployees":{"@type":"QuantitativeValue","minValue":"1","maxValue":"10"}},{"@type":"Person","@id":"https:\/\/dicodusport.fr\/blog\/#\/schema\/person\/55dcb50ad410894e431ed812bbb70191","name":"Nicolas Jacquemard","image":{"@type":"ImageObject","inLanguage":"fr-FR","@id":"https:\/\/dicodusport.fr\/blog\/#\/schema\/person\/image\/","url":"https:\/\/dicodusport.fr\/blog\/wp-content\/uploads\/2021\/05\/Nicolas-Jacquemard-150x150.jpeg","contentUrl":"https:\/\/dicodusport.fr\/blog\/wp-content\/uploads\/2021\/05\/Nicolas-Jacquemard-150x150.jpeg","caption":"Nicolas Jacquemard"},"description":"Passionn\u00e9 de sport et entrepreneur depuis mes 18 ans, la cr\u00e9ation de Dicodusport m'a sembl\u00e9 \u00e9vidente pour participer \u00e0 la m\u00e9diatisation d'un plus grand nombre de sports. Le chemin est long mais avec une \u00e9quipe des plus motiv\u00e9es et les Jeux Olympiques de Paris 2024 en point de mire, nous y arriverons ! Journaliste dans le monde du sport depuis plus de 5 ans, je traite aussi bien de football, de rugby, de biathlon que de cyclisme.","sameAs":["https:\/\/www.facebook.com\/dicodusport","https:\/\/x.com\/https:\/\/twitter.com\/Nico_Jacquemard"],"url":"https:\/\/dicodusport.fr\/blog\/author\/dicodusport\/"}]}},"_links":{"self":[{"href":"https:\/\/dicodusport.fr\/blog\/wp-json\/wp\/v2\/posts\/248550","targetHints":{"allow":["GET"]}}],"collection":[{"href":"https:\/\/dicodusport.fr\/blog\/wp-json\/wp\/v2\/posts"}],"about":[{"href":"https:\/\/dicodusport.fr\/blog\/wp-json\/wp\/v2\/types\/post"}],"author":[{"embeddable":true,"href":"https:\/\/dicodusport.fr\/blog\/wp-json\/wp\/v2\/users\/1"}],"replies":[{"embeddable":true,"href":"https:\/\/dicodusport.fr\/blog\/wp-json\/wp\/v2\/comments?post=248550"}],"version-history":[{"count":0,"href":"https:\/\/dicodusport.fr\/blog\/wp-json\/wp\/v2\/posts\/248550\/revisions"}],"wp:featuredmedia":[{"embeddable":true,"href":"https:\/\/dicodusport.fr\/blog\/wp-json\/wp\/v2\/media\/248576"}],"wp:attachment":[{"href":"https:\/\/dicodusport.fr\/blog\/wp-json\/wp\/v2\/media?parent=248550"}],"wp:term":[{"taxonomy":"category","embeddable":true,"href":"https:\/\/dicodusport.fr\/blog\/wp-json\/wp\/v2\/categories?post=248550"},{"taxonomy":"post_tag","embeddable":true,"href":"https:\/\/dicodusport.fr\/blog\/wp-json\/wp\/v2\/tags?post=248550"}],"curies":[{"name":"wp","href":"https:\/\/api.w.org\/{rel}","templated":true}]}}