{"id":248563,"date":"2022-08-02T14:07:06","date_gmt":"2022-08-02T12:07:06","guid":{"rendered":"https:\/\/dicodusport.fr\/blog\/?p=248563&#038;preview=true&#038;preview_id=248563"},"modified":"2022-08-02T14:14:13","modified_gmt":"2022-08-02T12:14:13","slug":"cameron-woki-mon-depart-na-rien-a-voir-avec-christophe-urios","status":"publish","type":"post","link":"https:\/\/dicodusport.fr\/blog\/cameron-woki-mon-depart-na-rien-a-voir-avec-christophe-urios\/","title":{"rendered":"Cameron Woki : \u00ab\u00a0Mon d\u00e9part n&rsquo;a rien \u00e0 voir avec Christophe Urios\u00a0\u00bb"},"content":{"rendered":"<p style=\"text-align: justify;\"><b><i>TOP 14 2022-2023 &#8211; Pour la premi\u00e8re fois depuis son transfert au Racing 92, Cameron Woki a longuement pris la parole dans les colonnes de L&rsquo;\u00c9quipe.<\/i><\/b><\/p>\n<p style=\"text-align: justify;\">De nombreuses choses ont \u00e9t\u00e9 dites sur la fin de saison de l&rsquo;<strong>Union Bordeaux-B\u00e8gles<\/strong> et sur <a href=\"https:\/\/dicodusport.fr\/blog\/cameron-woki-quitte-lubb-pour-le-racing-92\/\">le d\u00e9part de <strong>Cameron Woki<\/strong> au <strong>Racing 92<\/strong><\/a>. Alors qu&rsquo;il vient de reprendre l&rsquo;entra\u00eenement avec son nouveau club, l&rsquo;international fran\u00e7ais a mis les choses au clair sur sa relation avec <strong>Christophe Urios<\/strong>.<\/p>\n<blockquote>\n<p style=\"text-align: justify;\">Mon d\u00e9part n&rsquo;a rien \u00e0 voir avec Christophe Urios. Que les choses soient bien claires. Tout ce qui a \u00e9t\u00e9 dit ou \u00e9crit sur notre relation est erron\u00e9. Mon cas a engendr\u00e9 trop de fausses rumeurs. J&rsquo;\u00e9tais en vacances et j&rsquo;ai pr\u00e9f\u00e9r\u00e9 reprendre l&rsquo;entra\u00eenement avec mon nouveau club avant de m&rsquo;expliquer. Oui, il y a eu des tensions apr\u00e8s l&rsquo;\u00e9pisode de Perpignan. Si j&rsquo;ai d\u00e9cid\u00e9 de parler, c&rsquo;est pour dire que je regrette mon geste lors du barrage face au Racing. Ce doigt sur la bouche a engendr\u00e9 de mauvaises ondes au sein du club. Mais je le r\u00e9p\u00e8te, Christophe n&rsquo;est pas responsable de mon d\u00e9part. Nous gardons une tr\u00e8s bonne relation. Nous avons eu une grosse discussion avant la demi-finale face \u00e0 Montpellier. Derri\u00e8re, les tensions ont disparu.<\/p>\n<\/blockquote>\n<p style=\"text-align: justify;\"><strong>Cameron Woki<\/strong> a aussi expliqu\u00e9 que s&rsquo;il avait d\u00e9cid\u00e9 de rejoindre le <strong>Racing 92<\/strong>, c&rsquo;\u00e9tait pour se rapprocher de sa famille. Le troisi\u00e8me ligne pr\u00e9cise \u00e9galement qu&rsquo;il pensait quitter l&rsquo;UBB pour le club francilien, mais pas avant l&rsquo;\u00e9t\u00e9 2023.<\/p>\n<blockquote class=\"twitter-tweet\">\n<p dir=\"ltr\" lang=\"fr\">Cameron Woki: \u00ab\u00a0Mon d\u00e9part n&rsquo;a rien \u00e0 voir avec Christophe Urios. Que les choses soient bien claires. Ce qui est dit sur notre relation est erron\u00e9 [&#8230;] Si j&rsquo;ai d\u00e9cid\u00e9 de parler, c&rsquo;est pour dire que je regrette mon geste lors du barrage face au Racing.\u00a0\u00bb<br \/>\nL&rsquo;Equipe<a href=\"https:\/\/twitter.com\/hashtag\/Rugby?src=hash&amp;ref_src=twsrc%5Etfw\">#Rugby<\/a> <a href=\"https:\/\/twitter.com\/hashtag\/UBB?src=hash&amp;ref_src=twsrc%5Etfw\">#UBB<\/a> <a href=\"https:\/\/twitter.com\/hashtag\/TOP14?src=hash&amp;ref_src=twsrc%5Etfw\">#TOP14<\/a> <a href=\"https:\/\/t.co\/5EanDapMpj\">pic.twitter.com\/5EanDapMpj<\/a><\/p>\n<p>\u2014 catourneovale (@catourneovale) <a href=\"https:\/\/twitter.com\/catourneovale\/status\/1554433939225419782?ref_src=twsrc%5Etfw\">August 2, 2022<\/a><\/p><\/blockquote>\n<p style=\"text-align: justify;\"><script async src=\"https:\/\/platform.twitter.com\/widgets.js\" charset=\"utf-8\"><\/script><\/p>\n","protected":false},"excerpt":{"rendered":"<p>TOP 14 2022-2023 &#8211; Pour la premi\u00e8re fois depuis son transfert au Racing 92, Cameron Woki a longuement pris la parole dans les colonnes de L&rsquo;\u00c9quipe.<\/p>\n","protected":false},"author":1,"featured_media":248567,"comment_status":"open","ping_status":"closed","sticky":false,"template":"","format":"standard","meta":{"_acf_changed":false,"_daextam_enable_autolinks":"","footnotes":""},"categories":[9129,47050],"tags":[5757,3131,24248],"class_list":["post-248563","post","type-post","status-publish","format-standard","has-post-thumbnail","hentry","category-rugby-a-xv","category-top-14","tag-cameron-woki","tag-racing-92","tag-woki"],"acf":[],"yoast_head":"<!-- This site is optimized with the Yoast SEO Premium plugin v26.7 (Yoast SEO v26.7) - https:\/\/yoast.com\/wordpress\/plugins\/seo\/ -->\n<title>Cameron Woki : &quot;Mon d\u00e9part n&#039;a rien \u00e0 voir avec Christophe Urios&quot;<\/title>\n<meta name=\"description\" content=\"TOP 14 2022-2023 - Pour la premi\u00e8re fois depuis son transfert au Racing 92, Cameron Woki a pris la parole dans les colonnes de L&#039;\u00c9quipe.\" \/>\n<meta name=\"robots\" content=\"index, follow, max-snippet:-1, max-image-preview:large, max-video-preview:-1\" \/>\n<link rel=\"canonical\" href=\"https:\/\/dicodusport.fr\/blog\/cameron-woki-mon-depart-na-rien-a-voir-avec-christophe-urios\/\" \/>\n<meta property=\"og:locale\" content=\"fr_FR\" \/>\n<meta property=\"og:type\" content=\"article\" \/>\n<meta property=\"og:title\" content=\"Cameron Woki : &quot;Mon d\u00e9part n&#039;a rien \u00e0 voir avec Christophe Urios&quot;\" \/>\n<meta property=\"og:description\" content=\"TOP 14 2022-2023 - Pour la premi\u00e8re fois depuis son transfert au Racing 92, Cameron Woki a pris la parole dans les colonnes de L&#039;\u00c9quipe.\" \/>\n<meta property=\"og:url\" content=\"https:\/\/dicodusport.fr\/blog\/cameron-woki-mon-depart-na-rien-a-voir-avec-christophe-urios\/\" \/>\n<meta property=\"og:site_name\" content=\"Dicodusport\" \/>\n<meta property=\"article:publisher\" content=\"https:\/\/www.facebook.com\/dicodusport\" \/>\n<meta property=\"article:author\" content=\"https:\/\/www.facebook.com\/dicodusport\" \/>\n<meta property=\"article:published_time\" content=\"2022-08-02T12:07:06+00:00\" \/>\n<meta property=\"article:modified_time\" content=\"2022-08-02T12:14:13+00:00\" \/>\n<meta property=\"og:image\" content=\"https:\/\/dicodusport.fr\/blog\/wp-content\/uploads\/2022\/08\/Cameron-Woki-Mon-de\u0301part-na-rien-a\u0300-voir-avec-Christophe-Urios.png\" \/>\n\t<meta property=\"og:image:width\" content=\"800\" \/>\n\t<meta property=\"og:image:height\" content=\"445\" \/>\n\t<meta property=\"og:image:type\" content=\"image\/png\" \/>\n<meta name=\"author\" content=\"Nicolas Jacquemard\" \/>\n<meta name=\"twitter:card\" content=\"summary_large_image\" \/>\n<meta name=\"twitter:title\" content=\"Cameron Woki : &quot;Mon d\u00e9part n&#039;a rien \u00e0 voir avec Christophe Urios&quot;\" \/>\n<meta name=\"twitter:creator\" content=\"@https:\/\/twitter.com\/Nico_Jacquemard\" \/>\n<meta name=\"twitter:site\" content=\"@dicodusport\" \/>\n<script type=\"application\/ld+json\" class=\"yoast-schema-graph\">{\"@context\":\"https:\/\/schema.org\",\"@graph\":[{\"@type\":\"NewsArticle\",\"@id\":\"https:\/\/dicodusport.fr\/blog\/cameron-woki-mon-depart-na-rien-a-voir-avec-christophe-urios\/#article\",\"isPartOf\":{\"@id\":\"https:\/\/dicodusport.fr\/blog\/cameron-woki-mon-depart-na-rien-a-voir-avec-christophe-urios\/\"},\"author\":{\"name\":\"Nicolas Jacquemard\",\"@id\":\"https:\/\/dicodusport.fr\/blog\/#\/schema\/person\/55dcb50ad410894e431ed812bbb70191\"},\"headline\":\"Cameron Woki : \u00ab\u00a0Mon d\u00e9part n&rsquo;a rien \u00e0 voir avec Christophe Urios\u00a0\u00bb\",\"datePublished\":\"2022-08-02T12:07:06+00:00\",\"dateModified\":\"2022-08-02T12:14:13+00:00\",\"mainEntityOfPage\":{\"@id\":\"https:\/\/dicodusport.fr\/blog\/cameron-woki-mon-depart-na-rien-a-voir-avec-christophe-urios\/\"},\"wordCount\":346,\"commentCount\":0,\"publisher\":{\"@id\":\"https:\/\/dicodusport.fr\/blog\/#organization\"},\"image\":{\"@id\":\"https:\/\/dicodusport.fr\/blog\/cameron-woki-mon-depart-na-rien-a-voir-avec-christophe-urios\/#primaryimage\"},\"thumbnailUrl\":\"https:\/\/dicodusport.fr\/blog\/wp-content\/uploads\/2022\/08\/Cameron-Woki-Mon-de\u0301part-na-rien-a\u0300-voir-avec-Christophe-Urios.png\",\"keywords\":[\"Cameron Woki\",\"Racing 92\",\"Woki\"],\"articleSection\":[\"Rugby \u00e0 XV\",\"Top 14\"],\"inLanguage\":\"fr-FR\",\"potentialAction\":[{\"@type\":\"CommentAction\",\"name\":\"Comment\",\"target\":[\"https:\/\/dicodusport.fr\/blog\/cameron-woki-mon-depart-na-rien-a-voir-avec-christophe-urios\/#respond\"]}],\"copyrightYear\":\"2022\",\"copyrightHolder\":{\"@id\":\"https:\/\/dicodusport.fr\/blog\/#organization\"}},{\"@type\":\"WebPage\",\"@id\":\"https:\/\/dicodusport.fr\/blog\/cameron-woki-mon-depart-na-rien-a-voir-avec-christophe-urios\/\",\"url\":\"https:\/\/dicodusport.fr\/blog\/cameron-woki-mon-depart-na-rien-a-voir-avec-christophe-urios\/\",\"name\":\"Cameron Woki : \\\"Mon d\u00e9part n'a rien \u00e0 voir avec Christophe Urios\\\"\",\"isPartOf\":{\"@id\":\"https:\/\/dicodusport.fr\/blog\/#website\"},\"primaryImageOfPage\":{\"@id\":\"https:\/\/dicodusport.fr\/blog\/cameron-woki-mon-depart-na-rien-a-voir-avec-christophe-urios\/#primaryimage\"},\"image\":{\"@id\":\"https:\/\/dicodusport.fr\/blog\/cameron-woki-mon-depart-na-rien-a-voir-avec-christophe-urios\/#primaryimage\"},\"thumbnailUrl\":\"https:\/\/dicodusport.fr\/blog\/wp-content\/uploads\/2022\/08\/Cameron-Woki-Mon-de\u0301part-na-rien-a\u0300-voir-avec-Christophe-Urios.png\",\"datePublished\":\"2022-08-02T12:07:06+00:00\",\"dateModified\":\"2022-08-02T12:14:13+00:00\",\"description\":\"TOP 14 2022-2023 - Pour la premi\u00e8re fois depuis son transfert au Racing 92, Cameron Woki a pris la parole dans les colonnes de L'\u00c9quipe.\",\"breadcrumb\":{\"@id\":\"https:\/\/dicodusport.fr\/blog\/cameron-woki-mon-depart-na-rien-a-voir-avec-christophe-urios\/#breadcrumb\"},\"inLanguage\":\"fr-FR\",\"potentialAction\":[{\"@type\":\"ReadAction\",\"target\":[\"https:\/\/dicodusport.fr\/blog\/cameron-woki-mon-depart-na-rien-a-voir-avec-christophe-urios\/\"]}]},{\"@type\":\"ImageObject\",\"inLanguage\":\"fr-FR\",\"@id\":\"https:\/\/dicodusport.fr\/blog\/cameron-woki-mon-depart-na-rien-a-voir-avec-christophe-urios\/#primaryimage\",\"url\":\"https:\/\/dicodusport.fr\/blog\/wp-content\/uploads\/2022\/08\/Cameron-Woki-Mon-de\u0301part-na-rien-a\u0300-voir-avec-Christophe-Urios.png\",\"contentUrl\":\"https:\/\/dicodusport.fr\/blog\/wp-content\/uploads\/2022\/08\/Cameron-Woki-Mon-de\u0301part-na-rien-a\u0300-voir-avec-Christophe-Urios.png\",\"width\":800,\"height\":445},{\"@type\":\"BreadcrumbList\",\"@id\":\"https:\/\/dicodusport.fr\/blog\/cameron-woki-mon-depart-na-rien-a-voir-avec-christophe-urios\/#breadcrumb\",\"itemListElement\":[{\"@type\":\"ListItem\",\"position\":1,\"name\":\"Accueil\",\"item\":\"https:\/\/dicodusport.fr\/blog\/\"},{\"@type\":\"ListItem\",\"position\":2,\"name\":\"Cameron Woki : \u00ab\u00a0Mon d\u00e9part n&rsquo;a rien \u00e0 voir avec Christophe Urios\u00a0\u00bb\"}]},{\"@type\":\"WebSite\",\"@id\":\"https:\/\/dicodusport.fr\/blog\/#website\",\"url\":\"https:\/\/dicodusport.fr\/blog\/\",\"name\":\"Dicodusport\",\"description\":\"L&#039;encyclop\u00e9die de l&#039;actualit\u00e9 sportive\",\"publisher\":{\"@id\":\"https:\/\/dicodusport.fr\/blog\/#organization\"},\"potentialAction\":[{\"@type\":\"SearchAction\",\"target\":{\"@type\":\"EntryPoint\",\"urlTemplate\":\"https:\/\/dicodusport.fr\/blog\/?s={search_term_string}\"},\"query-input\":{\"@type\":\"PropertyValueSpecification\",\"valueRequired\":true,\"valueName\":\"search_term_string\"}}],\"inLanguage\":\"fr-FR\"},{\"@type\":\"NewsMediaOrganization\",\"@id\":\"https:\/\/dicodusport.fr\/blog\/#organization\",\"name\":\"Dicodusport\",\"url\":\"https:\/\/dicodusport.fr\/blog\/\",\"logo\":{\"@type\":\"ImageObject\",\"inLanguage\":\"fr-FR\",\"@id\":\"https:\/\/dicodusport.fr\/blog\/#\/schema\/logo\/image\/\",\"url\":\"https:\/\/dicodusport.fr\/blog\/wp-content\/uploads\/2020\/06\/cropped-LOGO-DICODUSPORT-2020-SANS-FOND-SANS-TEXTE.png\",\"contentUrl\":\"https:\/\/dicodusport.fr\/blog\/wp-content\/uploads\/2020\/06\/cropped-LOGO-DICODUSPORT-2020-SANS-FOND-SANS-TEXTE.png\",\"width\":512,\"height\":512,\"caption\":\"Dicodusport\"},\"image\":{\"@id\":\"https:\/\/dicodusport.fr\/blog\/#\/schema\/logo\/image\/\"},\"sameAs\":[\"https:\/\/www.facebook.com\/dicodusport\",\"https:\/\/x.com\/dicodusport\",\"https:\/\/www.instagram.com\/dicodusport\/\",\"https:\/\/www.youtube.com\/channel\/UC7V2KZ5sd3htJivAbA4ZG3w\"],\"description\":\"Dicodusport est l'encyclop\u00e9die de l'actualit\u00e9 sportive.\",\"email\":\"bonjour@dicodusport.fr\",\"legalName\":\"DICODUSPORT\",\"foundingDate\":\"2018-01-14\",\"vatID\":\"FR71834470973\",\"taxID\":\"83447097300043\",\"numberOfEmployees\":{\"@type\":\"QuantitativeValue\",\"minValue\":\"1\",\"maxValue\":\"10\"}},{\"@type\":\"Person\",\"@id\":\"https:\/\/dicodusport.fr\/blog\/#\/schema\/person\/55dcb50ad410894e431ed812bbb70191\",\"name\":\"Nicolas Jacquemard\",\"image\":{\"@type\":\"ImageObject\",\"inLanguage\":\"fr-FR\",\"@id\":\"https:\/\/dicodusport.fr\/blog\/#\/schema\/person\/image\/\",\"url\":\"https:\/\/dicodusport.fr\/blog\/wp-content\/uploads\/2021\/05\/Nicolas-Jacquemard-150x150.jpeg\",\"contentUrl\":\"https:\/\/dicodusport.fr\/blog\/wp-content\/uploads\/2021\/05\/Nicolas-Jacquemard-150x150.jpeg\",\"caption\":\"Nicolas Jacquemard\"},\"description\":\"Passionn\u00e9 de sport et entrepreneur depuis mes 18 ans, la cr\u00e9ation de Dicodusport m'a sembl\u00e9 \u00e9vidente pour participer \u00e0 la m\u00e9diatisation d'un plus grand nombre de sports. Le chemin est long mais avec une \u00e9quipe des plus motiv\u00e9es et les Jeux Olympiques de Paris 2024 en point de mire, nous y arriverons ! Journaliste dans le monde du sport depuis plus de 5 ans, je traite aussi bien de football, de rugby, de biathlon que de cyclisme.\",\"sameAs\":[\"https:\/\/www.facebook.com\/dicodusport\",\"https:\/\/x.com\/https:\/\/twitter.com\/Nico_Jacquemard\"],\"url\":\"https:\/\/dicodusport.fr\/blog\/author\/dicodusport\/\"}]}<\/script>\n<!-- \/ Yoast SEO Premium plugin. -->","yoast_head_json":{"title":"Cameron Woki : \"Mon d\u00e9part n'a rien \u00e0 voir avec Christophe Urios\"","description":"TOP 14 2022-2023 - Pour la premi\u00e8re fois depuis son transfert au Racing 92, Cameron Woki a pris la parole dans les colonnes de L'\u00c9quipe.","robots":{"index":"index","follow":"follow","max-snippet":"max-snippet:-1","max-image-preview":"max-image-preview:large","max-video-preview":"max-video-preview:-1"},"canonical":"https:\/\/dicodusport.fr\/blog\/cameron-woki-mon-depart-na-rien-a-voir-avec-christophe-urios\/","og_locale":"fr_FR","og_type":"article","og_title":"Cameron Woki : \"Mon d\u00e9part n'a rien \u00e0 voir avec Christophe Urios\"","og_description":"TOP 14 2022-2023 - Pour la premi\u00e8re fois depuis son transfert au Racing 92, Cameron Woki a pris la parole dans les colonnes de L'\u00c9quipe.","og_url":"https:\/\/dicodusport.fr\/blog\/cameron-woki-mon-depart-na-rien-a-voir-avec-christophe-urios\/","og_site_name":"Dicodusport","article_publisher":"https:\/\/www.facebook.com\/dicodusport","article_author":"https:\/\/www.facebook.com\/dicodusport","article_published_time":"2022-08-02T12:07:06+00:00","article_modified_time":"2022-08-02T12:14:13+00:00","og_image":[{"width":800,"height":445,"url":"https:\/\/dicodusport.fr\/blog\/wp-content\/uploads\/2022\/08\/Cameron-Woki-Mon-de\u0301part-na-rien-a\u0300-voir-avec-Christophe-Urios.png","type":"image\/png"}],"author":"Nicolas Jacquemard","twitter_card":"summary_large_image","twitter_title":"Cameron Woki : \"Mon d\u00e9part n'a rien \u00e0 voir avec Christophe Urios\"","twitter_creator":"@https:\/\/twitter.com\/Nico_Jacquemard","twitter_site":"@dicodusport","schema":{"@context":"https:\/\/schema.org","@graph":[{"@type":"NewsArticle","@id":"https:\/\/dicodusport.fr\/blog\/cameron-woki-mon-depart-na-rien-a-voir-avec-christophe-urios\/#article","isPartOf":{"@id":"https:\/\/dicodusport.fr\/blog\/cameron-woki-mon-depart-na-rien-a-voir-avec-christophe-urios\/"},"author":{"name":"Nicolas Jacquemard","@id":"https:\/\/dicodusport.fr\/blog\/#\/schema\/person\/55dcb50ad410894e431ed812bbb70191"},"headline":"Cameron Woki : \u00ab\u00a0Mon d\u00e9part n&rsquo;a rien \u00e0 voir avec Christophe Urios\u00a0\u00bb","datePublished":"2022-08-02T12:07:06+00:00","dateModified":"2022-08-02T12:14:13+00:00","mainEntityOfPage":{"@id":"https:\/\/dicodusport.fr\/blog\/cameron-woki-mon-depart-na-rien-a-voir-avec-christophe-urios\/"},"wordCount":346,"commentCount":0,"publisher":{"@id":"https:\/\/dicodusport.fr\/blog\/#organization"},"image":{"@id":"https:\/\/dicodusport.fr\/blog\/cameron-woki-mon-depart-na-rien-a-voir-avec-christophe-urios\/#primaryimage"},"thumbnailUrl":"https:\/\/dicodusport.fr\/blog\/wp-content\/uploads\/2022\/08\/Cameron-Woki-Mon-de\u0301part-na-rien-a\u0300-voir-avec-Christophe-Urios.png","keywords":["Cameron Woki","Racing 92","Woki"],"articleSection":["Rugby \u00e0 XV","Top 14"],"inLanguage":"fr-FR","potentialAction":[{"@type":"CommentAction","name":"Comment","target":["https:\/\/dicodusport.fr\/blog\/cameron-woki-mon-depart-na-rien-a-voir-avec-christophe-urios\/#respond"]}],"copyrightYear":"2022","copyrightHolder":{"@id":"https:\/\/dicodusport.fr\/blog\/#organization"}},{"@type":"WebPage","@id":"https:\/\/dicodusport.fr\/blog\/cameron-woki-mon-depart-na-rien-a-voir-avec-christophe-urios\/","url":"https:\/\/dicodusport.fr\/blog\/cameron-woki-mon-depart-na-rien-a-voir-avec-christophe-urios\/","name":"Cameron Woki : \"Mon d\u00e9part n'a rien \u00e0 voir avec Christophe Urios\"","isPartOf":{"@id":"https:\/\/dicodusport.fr\/blog\/#website"},"primaryImageOfPage":{"@id":"https:\/\/dicodusport.fr\/blog\/cameron-woki-mon-depart-na-rien-a-voir-avec-christophe-urios\/#primaryimage"},"image":{"@id":"https:\/\/dicodusport.fr\/blog\/cameron-woki-mon-depart-na-rien-a-voir-avec-christophe-urios\/#primaryimage"},"thumbnailUrl":"https:\/\/dicodusport.fr\/blog\/wp-content\/uploads\/2022\/08\/Cameron-Woki-Mon-de\u0301part-na-rien-a\u0300-voir-avec-Christophe-Urios.png","datePublished":"2022-08-02T12:07:06+00:00","dateModified":"2022-08-02T12:14:13+00:00","description":"TOP 14 2022-2023 - Pour la premi\u00e8re fois depuis son transfert au Racing 92, Cameron Woki a pris la parole dans les colonnes de L'\u00c9quipe.","breadcrumb":{"@id":"https:\/\/dicodusport.fr\/blog\/cameron-woki-mon-depart-na-rien-a-voir-avec-christophe-urios\/#breadcrumb"},"inLanguage":"fr-FR","potentialAction":[{"@type":"ReadAction","target":["https:\/\/dicodusport.fr\/blog\/cameron-woki-mon-depart-na-rien-a-voir-avec-christophe-urios\/"]}]},{"@type":"ImageObject","inLanguage":"fr-FR","@id":"https:\/\/dicodusport.fr\/blog\/cameron-woki-mon-depart-na-rien-a-voir-avec-christophe-urios\/#primaryimage","url":"https:\/\/dicodusport.fr\/blog\/wp-content\/uploads\/2022\/08\/Cameron-Woki-Mon-de\u0301part-na-rien-a\u0300-voir-avec-Christophe-Urios.png","contentUrl":"https:\/\/dicodusport.fr\/blog\/wp-content\/uploads\/2022\/08\/Cameron-Woki-Mon-de\u0301part-na-rien-a\u0300-voir-avec-Christophe-Urios.png","width":800,"height":445},{"@type":"BreadcrumbList","@id":"https:\/\/dicodusport.fr\/blog\/cameron-woki-mon-depart-na-rien-a-voir-avec-christophe-urios\/#breadcrumb","itemListElement":[{"@type":"ListItem","position":1,"name":"Accueil","item":"https:\/\/dicodusport.fr\/blog\/"},{"@type":"ListItem","position":2,"name":"Cameron Woki : \u00ab\u00a0Mon d\u00e9part n&rsquo;a rien \u00e0 voir avec Christophe Urios\u00a0\u00bb"}]},{"@type":"WebSite","@id":"https:\/\/dicodusport.fr\/blog\/#website","url":"https:\/\/dicodusport.fr\/blog\/","name":"Dicodusport","description":"L&#039;encyclop\u00e9die de l&#039;actualit\u00e9 sportive","publisher":{"@id":"https:\/\/dicodusport.fr\/blog\/#organization"},"potentialAction":[{"@type":"SearchAction","target":{"@type":"EntryPoint","urlTemplate":"https:\/\/dicodusport.fr\/blog\/?s={search_term_string}"},"query-input":{"@type":"PropertyValueSpecification","valueRequired":true,"valueName":"search_term_string"}}],"inLanguage":"fr-FR"},{"@type":"NewsMediaOrganization","@id":"https:\/\/dicodusport.fr\/blog\/#organization","name":"Dicodusport","url":"https:\/\/dicodusport.fr\/blog\/","logo":{"@type":"ImageObject","inLanguage":"fr-FR","@id":"https:\/\/dicodusport.fr\/blog\/#\/schema\/logo\/image\/","url":"https:\/\/dicodusport.fr\/blog\/wp-content\/uploads\/2020\/06\/cropped-LOGO-DICODUSPORT-2020-SANS-FOND-SANS-TEXTE.png","contentUrl":"https:\/\/dicodusport.fr\/blog\/wp-content\/uploads\/2020\/06\/cropped-LOGO-DICODUSPORT-2020-SANS-FOND-SANS-TEXTE.png","width":512,"height":512,"caption":"Dicodusport"},"image":{"@id":"https:\/\/dicodusport.fr\/blog\/#\/schema\/logo\/image\/"},"sameAs":["https:\/\/www.facebook.com\/dicodusport","https:\/\/x.com\/dicodusport","https:\/\/www.instagram.com\/dicodusport\/","https:\/\/www.youtube.com\/channel\/UC7V2KZ5sd3htJivAbA4ZG3w"],"description":"Dicodusport est l'encyclop\u00e9die de l'actualit\u00e9 sportive.","email":"bonjour@dicodusport.fr","legalName":"DICODUSPORT","foundingDate":"2018-01-14","vatID":"FR71834470973","taxID":"83447097300043","numberOfEmployees":{"@type":"QuantitativeValue","minValue":"1","maxValue":"10"}},{"@type":"Person","@id":"https:\/\/dicodusport.fr\/blog\/#\/schema\/person\/55dcb50ad410894e431ed812bbb70191","name":"Nicolas Jacquemard","image":{"@type":"ImageObject","inLanguage":"fr-FR","@id":"https:\/\/dicodusport.fr\/blog\/#\/schema\/person\/image\/","url":"https:\/\/dicodusport.fr\/blog\/wp-content\/uploads\/2021\/05\/Nicolas-Jacquemard-150x150.jpeg","contentUrl":"https:\/\/dicodusport.fr\/blog\/wp-content\/uploads\/2021\/05\/Nicolas-Jacquemard-150x150.jpeg","caption":"Nicolas Jacquemard"},"description":"Passionn\u00e9 de sport et entrepreneur depuis mes 18 ans, la cr\u00e9ation de Dicodusport m'a sembl\u00e9 \u00e9vidente pour participer \u00e0 la m\u00e9diatisation d'un plus grand nombre de sports. Le chemin est long mais avec une \u00e9quipe des plus motiv\u00e9es et les Jeux Olympiques de Paris 2024 en point de mire, nous y arriverons ! Journaliste dans le monde du sport depuis plus de 5 ans, je traite aussi bien de football, de rugby, de biathlon que de cyclisme.","sameAs":["https:\/\/www.facebook.com\/dicodusport","https:\/\/x.com\/https:\/\/twitter.com\/Nico_Jacquemard"],"url":"https:\/\/dicodusport.fr\/blog\/author\/dicodusport\/"}]}},"_links":{"self":[{"href":"https:\/\/dicodusport.fr\/blog\/wp-json\/wp\/v2\/posts\/248563","targetHints":{"allow":["GET"]}}],"collection":[{"href":"https:\/\/dicodusport.fr\/blog\/wp-json\/wp\/v2\/posts"}],"about":[{"href":"https:\/\/dicodusport.fr\/blog\/wp-json\/wp\/v2\/types\/post"}],"author":[{"embeddable":true,"href":"https:\/\/dicodusport.fr\/blog\/wp-json\/wp\/v2\/users\/1"}],"replies":[{"embeddable":true,"href":"https:\/\/dicodusport.fr\/blog\/wp-json\/wp\/v2\/comments?post=248563"}],"version-history":[{"count":0,"href":"https:\/\/dicodusport.fr\/blog\/wp-json\/wp\/v2\/posts\/248563\/revisions"}],"wp:featuredmedia":[{"embeddable":true,"href":"https:\/\/dicodusport.fr\/blog\/wp-json\/wp\/v2\/media\/248567"}],"wp:attachment":[{"href":"https:\/\/dicodusport.fr\/blog\/wp-json\/wp\/v2\/media?parent=248563"}],"wp:term":[{"taxonomy":"category","embeddable":true,"href":"https:\/\/dicodusport.fr\/blog\/wp-json\/wp\/v2\/categories?post=248563"},{"taxonomy":"post_tag","embeddable":true,"href":"https:\/\/dicodusport.fr\/blog\/wp-json\/wp\/v2\/tags?post=248563"}],"curies":[{"name":"wp","href":"https:\/\/api.w.org\/{rel}","templated":true}]}}