{"id":248731,"date":"2022-08-02T22:11:23","date_gmt":"2022-08-02T20:11:23","guid":{"rendered":"https:\/\/dicodusport.fr\/blog\/?p=248731"},"modified":"2022-08-12T18:36:52","modified_gmt":"2022-08-12T16:36:52","slug":"championnats-deurope-de-natation-2022-la-selection-francaise","status":"publish","type":"post","link":"https:\/\/dicodusport.fr\/blog\/championnats-deurope-de-natation-2022-la-selection-francaise\/","title":{"rendered":"Championnats d&rsquo;Europe de natation 2022 : La s\u00e9lection fran\u00e7aise"},"content":{"rendered":"<p style=\"text-align: justify;\"><strong><em>CHAMPIONNATS D&rsquo;EUROPE DE NATATION &#8211; Un mois apr\u00e8s des Mondiaux exceptionnels \u00e0 Budapest, l&rsquo;\u00e9quipe de France de natation est de retour. Pour ces championnats continentaux, les Bleus seront une soixantaine malgr\u00e9 quelques absents de marque.\u00a0<\/em><\/strong><\/p>\n<h2 style=\"text-align: justify;\">Grousset en leader, Marchand absent<\/h2>\n<p style=\"text-align: justify;\">Ce n&rsquo;est pas une surprise, le r\u00e9cent double champion du monde <strong>L\u00e9on Marchand<\/strong> <a href=\"https:\/\/dicodusport.fr\/blog\/leon-marchand-ne-participera-pas-aux-championnats-deurope-2022\/\">fera l&rsquo;impasse sur les championnats d&rsquo;Europe cette ann\u00e9e<\/a>. De m\u00eame pour <strong>M\u00e9lanie Henique<\/strong> et <strong>Florent Manaudou<\/strong> pour la nage en bassin. <a href=\"https:\/\/dicodusport.fr\/blog\/plongeon-rupture-du-tendon-dachille-pour-alexis-jandard\/\"><strong>Alexis Jandard<\/strong> est lui forfait sur blessure en plongeon<\/a>. Pour autant, c&rsquo;est une \u00e9quipe de France tr\u00e8s solide qui se d\u00e9placera \u00e0 Rome du 11 au 22 ao\u00fbt prochain. Le bilan de 5 m\u00e9dailles en natation sportive (plus 5 en eau libre) de 2021 sera sans doute un objectif \u00e0 d\u00e9passer. Pour preuve, les leaders fran\u00e7ais de l&rsquo;eau libre <strong>Aur\u00e9lie Muller, Marc-Antoine Olivier<\/strong> et <strong>Axel Reymond<\/strong> seront de la partie. Les m\u00e9daill\u00e9s mondiaux <strong>Analia Pigr\u00e9e, Marie Wattel, Maxime Grousset<\/strong> ou encore la vice-championne du monde de plongeon <strong>Jade Gillet<\/strong>\u00a0 feront \u00e9galement le d\u00e9placement.<\/p>\n<h2 style=\"text-align: justify;\">Natation en bassin<\/h2>\n<ul style=\"text-align: justify;\">\n<li><strong>Maxime Grousset<\/strong><\/li>\n<li><strong>Julien B\u00e9rol<\/strong><\/li>\n<li><strong>Thomas Piron<\/strong><\/li>\n<li><strong>Charles Rihoux<\/strong><\/li>\n<li><strong>B\u00e9ryl Gastaldello<\/strong><\/li>\n<li><strong>Marina Jehl<\/strong><\/li>\n<li><strong>Marie Wattel\u00a0<\/strong><\/li>\n<li><strong>Guillaume Guth<\/strong><\/li>\n<li><strong>Hadrien Salvan<\/strong><\/li>\n<li><strong>Charlotte Bonnet<\/strong><\/li>\n<li><strong>Romain Fuchs<\/strong><\/li>\n<li><strong>Enzo Tesic<\/strong><\/li>\n<li><strong>Wissam-Amazigh Yebba<\/strong><\/li>\n<li><strong>Oc\u00e9ane Carnez<\/strong><\/li>\n<li><strong>Giulia Rossi-Bene<\/strong><\/li>\n<li><strong>Lucile Tessariol<\/strong><\/li>\n<li><strong>Joris Bouchaut<\/strong><\/li>\n<li><strong>Damien Joly<\/strong><\/li>\n<li><strong>Antoine Herlem<\/strong><\/li>\n<li><strong>Yohann Ndoye Brouard<\/strong><\/li>\n<li><strong>Pauline Mahieu<\/strong><\/li>\n<li><strong>Mary-Ambre Moluh<\/strong><\/li>\n<li><strong>Analia Pigr\u00e9e<\/strong><\/li>\n<li><strong>Mewen Tomac\u00a0<\/strong><\/li>\n<li><strong>Emma Terebo<\/strong><\/li>\n<li><strong>Emilien Mattenet<\/strong><\/li>\n<li><strong>Carl Aitkaci<\/strong><\/li>\n<li><strong>Antoine Viquerat<\/strong><\/li>\n<li><strong>Ad\u00e8le Blancheti\u00e8re\u00a0<\/strong><\/li>\n<li><strong>Cl\u00e9ment Secchi<\/strong><\/li>\n<\/ul>\n<h2 style=\"text-align: justify;\">Eau libre<\/h2>\n<ul style=\"text-align: justify;\">\n<li><strong>Madelon Catteau<\/strong><\/li>\n<li><strong>Lara Grangeon<\/strong><\/li>\n<li><strong>Caroline Jouisse<\/strong><\/li>\n<li><strong>Aur\u00e9lie Muller<\/strong><\/li>\n<li><strong>Lisa Pou\u00a0<\/strong><\/li>\n<li><strong>Logan Fontaine<\/strong><\/li>\n<li><strong>Matthieu Magne\u00a0<\/strong><\/li>\n<li><strong>Marc-Antoine Olivier<\/strong><\/li>\n<li><strong>Axel Reymond<\/strong><\/li>\n<li><strong>Sacha Velly\u00a0<\/strong><\/li>\n<li><strong>Alexandre Verplaetse<\/strong><\/li>\n<\/ul>\n<h2 style=\"text-align: justify;\">Natation artistique<\/h2>\n<ul style=\"text-align: justify;\">\n<li><strong>Camille Bravard<\/strong><\/li>\n<li><strong>Manon Disbeaux<\/strong><\/li>\n<li><strong>Ambre Esnault<\/strong><\/li>\n<li><strong>Laura Gonzalez<\/strong><\/li>\n<li><strong>Mayssa Guermoud<\/strong><\/li>\n<li><strong>Oriane Jaillardon<\/strong><\/li>\n<li><strong>Maureen Jenkins<\/strong><\/li>\n<li><strong>Romane Lunel<\/strong><\/li>\n<li><strong>Eve Planeix<\/strong><\/li>\n<li><strong>Charlotte Tremble<\/strong><\/li>\n<li><strong>Mathilde Vigneres\u00a0<\/strong><\/li>\n<li><strong>Quentin Rakotomalala<\/strong><\/li>\n<\/ul>\n<h2 style=\"text-align: justify;\">Plongeon<\/h2>\n<ul style=\"text-align: justify;\">\n<li><strong>Jade Gillet<\/strong><\/li>\n<li><strong>Na\u00efs Gillet<\/strong><\/li>\n<li><strong>Gwendal Bisch<\/strong><\/li>\n<li><strong>Jules Bouyer<\/strong><\/li>\n<li><strong>Robin Georges<\/strong><\/li>\n<li><strong>Gary Hunt\u00a0<\/strong><\/li>\n<\/ul>\n<blockquote class=\"twitter-tweet\">\n<p dir=\"ltr\" lang=\"fr\">Championnats d&rsquo;Europe de natation 2022 : Grousset et Wattel en chefs de file, Marchand absent, Olivier chez lui&#8230; La s\u00e9lection tricolore pour Rome<a href=\"https:\/\/t.co\/1tPuOk9G0q\">https:\/\/t.co\/1tPuOk9G0q<\/a> <a href=\"https:\/\/t.co\/obOryqsWNK\">pic.twitter.com\/obOryqsWNK<\/a><\/p>\n<p>\u2014 franceinfo (@franceinfo) <a href=\"https:\/\/twitter.com\/franceinfo\/status\/1554460760524333056?ref_src=twsrc%5Etfw\">August 2, 2022<\/a><\/p><\/blockquote>\n<p style=\"text-align: justify;\"><script async src=\"https:\/\/platform.twitter.com\/widgets.js\" charset=\"utf-8\"><\/script><\/p>\n","protected":false},"excerpt":{"rendered":"<p>CHAMPIONNATS D&rsquo;EUROPE DE NATATION &#8211; Un mois apr\u00e8s des Mondiaux exceptionnels \u00e0 Budapest, l&rsquo;\u00e9quipe de France de natation est de retour. Pour ces championnats continentaux, les Bleus seront une soixantaine malgr\u00e9 quelques absents de marque.\u00a0 Grousset en leader, Marchand absent Ce n&rsquo;est pas une surprise, le r\u00e9cent double champion du monde L\u00e9on Marchand fera l&rsquo;impasse [&hellip;]<\/p>\n","protected":false},"author":43,"featured_media":248748,"comment_status":"open","ping_status":"closed","sticky":false,"template":"","format":"standard","meta":{"_acf_changed":false,"_daextam_enable_autolinks":"","footnotes":""},"categories":[2306],"tags":[5631,1414,25523,69,18007,1008],"class_list":["post-248731","post","type-post","status-publish","format-standard","has-post-thumbnail","hentry","category-natation","tag-championnats-deurope-de-natation","tag-eau-libre","tag-equipe-de-france-de-natation","tag-natation","tag-natation-artistique","tag-plongeon"],"acf":[],"yoast_head":"<!-- This site is optimized with the Yoast SEO Premium plugin v26.7 (Yoast SEO v26.7) - https:\/\/yoast.com\/wordpress\/plugins\/seo\/ -->\n<title>Championnats d&#039;Europe de natation 2022 : La s\u00e9lection fran\u00e7aise<\/title>\n<meta name=\"description\" content=\"A 10 jours du d\u00e9but de la comp\u00e9tition, voici les nageurs fran\u00e7ais s\u00e9lectionn\u00e9s pour les prochains championnats d&#039;Europe \u00e0 Rome.\" \/>\n<meta name=\"robots\" content=\"index, follow, max-snippet:-1, max-image-preview:large, max-video-preview:-1\" \/>\n<link rel=\"canonical\" href=\"https:\/\/dicodusport.fr\/blog\/championnats-deurope-de-natation-2022-la-selection-francaise\/\" \/>\n<meta property=\"og:locale\" content=\"fr_FR\" \/>\n<meta property=\"og:type\" content=\"article\" \/>\n<meta property=\"og:title\" content=\"Championnats d&#039;Europe de natation 2022 : La s\u00e9lection fran\u00e7aise\" \/>\n<meta property=\"og:description\" content=\"A 10 jours du d\u00e9but de la comp\u00e9tition, voici les nageurs fran\u00e7ais s\u00e9lectionn\u00e9s pour les prochains championnats d&#039;Europe \u00e0 Rome.\" \/>\n<meta property=\"og:url\" content=\"https:\/\/dicodusport.fr\/blog\/championnats-deurope-de-natation-2022-la-selection-francaise\/\" \/>\n<meta property=\"og:site_name\" content=\"Dicodusport\" \/>\n<meta property=\"article:publisher\" content=\"https:\/\/www.facebook.com\/dicodusport\" \/>\n<meta property=\"article:author\" content=\"https:\/\/www.facebook.com\/Max.Bld2\/\" \/>\n<meta property=\"article:published_time\" content=\"2022-08-02T20:11:23+00:00\" \/>\n<meta property=\"article:modified_time\" content=\"2022-08-12T16:36:52+00:00\" \/>\n<meta property=\"og:image\" content=\"https:\/\/dicodusport.fr\/blog\/wp-content\/uploads\/2022\/08\/Championnats-dEurope-de-natation-2022-La-selection-francaise.png\" \/>\n\t<meta property=\"og:image:width\" content=\"800\" \/>\n\t<meta property=\"og:image:height\" content=\"445\" \/>\n\t<meta property=\"og:image:type\" content=\"image\/png\" \/>\n<meta name=\"author\" content=\"Maxime Boulard\" \/>\n<meta name=\"twitter:card\" content=\"summary_large_image\" \/>\n<meta name=\"twitter:title\" content=\"Championnats d&#039;Europe de natation 2022 : La s\u00e9lection fran\u00e7aise\" \/>\n<meta name=\"twitter:creator\" content=\"@https:\/\/twitter.com\/MaximeB_2\" \/>\n<meta name=\"twitter:site\" content=\"@dicodusport\" \/>\n<script type=\"application\/ld+json\" class=\"yoast-schema-graph\">{\"@context\":\"https:\/\/schema.org\",\"@graph\":[{\"@type\":\"NewsArticle\",\"@id\":\"https:\/\/dicodusport.fr\/blog\/championnats-deurope-de-natation-2022-la-selection-francaise\/#article\",\"isPartOf\":{\"@id\":\"https:\/\/dicodusport.fr\/blog\/championnats-deurope-de-natation-2022-la-selection-francaise\/\"},\"author\":{\"name\":\"Maxime Boulard\",\"@id\":\"https:\/\/dicodusport.fr\/blog\/#\/schema\/person\/5aab10ee856e86ac63e9819a9da34784\"},\"headline\":\"Championnats d&rsquo;Europe de natation 2022 : La s\u00e9lection fran\u00e7aise\",\"datePublished\":\"2022-08-02T20:11:23+00:00\",\"dateModified\":\"2022-08-12T16:36:52+00:00\",\"mainEntityOfPage\":{\"@id\":\"https:\/\/dicodusport.fr\/blog\/championnats-deurope-de-natation-2022-la-selection-francaise\/\"},\"wordCount\":364,\"commentCount\":0,\"publisher\":{\"@id\":\"https:\/\/dicodusport.fr\/blog\/#organization\"},\"image\":{\"@id\":\"https:\/\/dicodusport.fr\/blog\/championnats-deurope-de-natation-2022-la-selection-francaise\/#primaryimage\"},\"thumbnailUrl\":\"https:\/\/dicodusport.fr\/blog\/wp-content\/uploads\/2022\/08\/Championnats-dEurope-de-natation-2022-La-selection-francaise.png\",\"keywords\":[\"Championnats d'Europe de natation\",\"Eau libre\",\"\u00e9quipe de france de natation\",\"natation\",\"natation artistique\",\"plongeon\"],\"articleSection\":[\"Natation\"],\"inLanguage\":\"fr-FR\",\"potentialAction\":[{\"@type\":\"CommentAction\",\"name\":\"Comment\",\"target\":[\"https:\/\/dicodusport.fr\/blog\/championnats-deurope-de-natation-2022-la-selection-francaise\/#respond\"]}],\"copyrightYear\":\"2022\",\"copyrightHolder\":{\"@id\":\"https:\/\/dicodusport.fr\/blog\/#organization\"}},{\"@type\":\"WebPage\",\"@id\":\"https:\/\/dicodusport.fr\/blog\/championnats-deurope-de-natation-2022-la-selection-francaise\/\",\"url\":\"https:\/\/dicodusport.fr\/blog\/championnats-deurope-de-natation-2022-la-selection-francaise\/\",\"name\":\"Championnats d'Europe de natation 2022 : La s\u00e9lection fran\u00e7aise\",\"isPartOf\":{\"@id\":\"https:\/\/dicodusport.fr\/blog\/#website\"},\"primaryImageOfPage\":{\"@id\":\"https:\/\/dicodusport.fr\/blog\/championnats-deurope-de-natation-2022-la-selection-francaise\/#primaryimage\"},\"image\":{\"@id\":\"https:\/\/dicodusport.fr\/blog\/championnats-deurope-de-natation-2022-la-selection-francaise\/#primaryimage\"},\"thumbnailUrl\":\"https:\/\/dicodusport.fr\/blog\/wp-content\/uploads\/2022\/08\/Championnats-dEurope-de-natation-2022-La-selection-francaise.png\",\"datePublished\":\"2022-08-02T20:11:23+00:00\",\"dateModified\":\"2022-08-12T16:36:52+00:00\",\"description\":\"A 10 jours du d\u00e9but de la comp\u00e9tition, voici les nageurs fran\u00e7ais s\u00e9lectionn\u00e9s pour les prochains championnats d'Europe \u00e0 Rome.\",\"breadcrumb\":{\"@id\":\"https:\/\/dicodusport.fr\/blog\/championnats-deurope-de-natation-2022-la-selection-francaise\/#breadcrumb\"},\"inLanguage\":\"fr-FR\",\"potentialAction\":[{\"@type\":\"ReadAction\",\"target\":[\"https:\/\/dicodusport.fr\/blog\/championnats-deurope-de-natation-2022-la-selection-francaise\/\"]}]},{\"@type\":\"ImageObject\",\"inLanguage\":\"fr-FR\",\"@id\":\"https:\/\/dicodusport.fr\/blog\/championnats-deurope-de-natation-2022-la-selection-francaise\/#primaryimage\",\"url\":\"https:\/\/dicodusport.fr\/blog\/wp-content\/uploads\/2022\/08\/Championnats-dEurope-de-natation-2022-La-selection-francaise.png\",\"contentUrl\":\"https:\/\/dicodusport.fr\/blog\/wp-content\/uploads\/2022\/08\/Championnats-dEurope-de-natation-2022-La-selection-francaise.png\",\"width\":800,\"height\":445,\"caption\":\"Championnats d'Europe de natation 2022 La s\u00e9lection fran\u00e7aise\"},{\"@type\":\"BreadcrumbList\",\"@id\":\"https:\/\/dicodusport.fr\/blog\/championnats-deurope-de-natation-2022-la-selection-francaise\/#breadcrumb\",\"itemListElement\":[{\"@type\":\"ListItem\",\"position\":1,\"name\":\"Accueil\",\"item\":\"https:\/\/dicodusport.fr\/blog\/\"},{\"@type\":\"ListItem\",\"position\":2,\"name\":\"Championnats d&rsquo;Europe de natation 2022 : La s\u00e9lection fran\u00e7aise\"}]},{\"@type\":\"WebSite\",\"@id\":\"https:\/\/dicodusport.fr\/blog\/#website\",\"url\":\"https:\/\/dicodusport.fr\/blog\/\",\"name\":\"Dicodusport\",\"description\":\"L&#039;encyclop\u00e9die de l&#039;actualit\u00e9 sportive\",\"publisher\":{\"@id\":\"https:\/\/dicodusport.fr\/blog\/#organization\"},\"potentialAction\":[{\"@type\":\"SearchAction\",\"target\":{\"@type\":\"EntryPoint\",\"urlTemplate\":\"https:\/\/dicodusport.fr\/blog\/?s={search_term_string}\"},\"query-input\":{\"@type\":\"PropertyValueSpecification\",\"valueRequired\":true,\"valueName\":\"search_term_string\"}}],\"inLanguage\":\"fr-FR\"},{\"@type\":\"NewsMediaOrganization\",\"@id\":\"https:\/\/dicodusport.fr\/blog\/#organization\",\"name\":\"Dicodusport\",\"url\":\"https:\/\/dicodusport.fr\/blog\/\",\"logo\":{\"@type\":\"ImageObject\",\"inLanguage\":\"fr-FR\",\"@id\":\"https:\/\/dicodusport.fr\/blog\/#\/schema\/logo\/image\/\",\"url\":\"https:\/\/dicodusport.fr\/blog\/wp-content\/uploads\/2020\/06\/cropped-LOGO-DICODUSPORT-2020-SANS-FOND-SANS-TEXTE.png\",\"contentUrl\":\"https:\/\/dicodusport.fr\/blog\/wp-content\/uploads\/2020\/06\/cropped-LOGO-DICODUSPORT-2020-SANS-FOND-SANS-TEXTE.png\",\"width\":512,\"height\":512,\"caption\":\"Dicodusport\"},\"image\":{\"@id\":\"https:\/\/dicodusport.fr\/blog\/#\/schema\/logo\/image\/\"},\"sameAs\":[\"https:\/\/www.facebook.com\/dicodusport\",\"https:\/\/x.com\/dicodusport\",\"https:\/\/www.instagram.com\/dicodusport\/\",\"https:\/\/www.youtube.com\/channel\/UC7V2KZ5sd3htJivAbA4ZG3w\"],\"description\":\"Dicodusport est l'encyclop\u00e9die de l'actualit\u00e9 sportive.\",\"email\":\"bonjour@dicodusport.fr\",\"legalName\":\"DICODUSPORT\",\"foundingDate\":\"2018-01-14\",\"vatID\":\"FR71834470973\",\"taxID\":\"83447097300043\",\"numberOfEmployees\":{\"@type\":\"QuantitativeValue\",\"minValue\":\"1\",\"maxValue\":\"10\"}},{\"@type\":\"Person\",\"@id\":\"https:\/\/dicodusport.fr\/blog\/#\/schema\/person\/5aab10ee856e86ac63e9819a9da34784\",\"name\":\"Maxime Boulard\",\"image\":{\"@type\":\"ImageObject\",\"inLanguage\":\"fr-FR\",\"@id\":\"https:\/\/dicodusport.fr\/blog\/#\/schema\/person\/image\/\",\"url\":\"https:\/\/dicodusport.fr\/blog\/wp-content\/uploads\/2021\/05\/Maxime-Boulard-150x150.jpg\",\"contentUrl\":\"https:\/\/dicodusport.fr\/blog\/wp-content\/uploads\/2021\/05\/Maxime-Boulard-150x150.jpg\",\"caption\":\"Maxime Boulard\"},\"description\":\"Journaliste\/r\u00e9dacteur depuis octobre 2020 - Si mon plus vieux souvenir de sport aurait pu m'en d\u00e9go\u00fbter, la finale de la Coupe du monde 2006 a \u00e9t\u00e9 tout le contraire. V\u00e9ritable d\u00e9clencheur d'une passion qui aujourd'hui ne fait que grandir avec le temps, mon leitmotiv est la France qui brille ! Je relate les exploits pass\u00e9s et pr\u00e9sents du sport bleu-blanc-rouge sans m\u00e9nagement depuis octobre 2020. Sport valide ou handisport, aucune diff\u00e9rence, il n'y a que du sport et plusieurs fa\u00e7ons de le pratiquer.\",\"sameAs\":[\"https:\/\/www.facebook.com\/Max.Bld2\/\",\"https:\/\/x.com\/https:\/\/twitter.com\/MaximeB_2\"],\"url\":\"https:\/\/dicodusport.fr\/blog\/author\/maxime-b\/\"}]}<\/script>\n<!-- \/ Yoast SEO Premium plugin. -->","yoast_head_json":{"title":"Championnats d'Europe de natation 2022 : La s\u00e9lection fran\u00e7aise","description":"A 10 jours du d\u00e9but de la comp\u00e9tition, voici les nageurs fran\u00e7ais s\u00e9lectionn\u00e9s pour les prochains championnats d'Europe \u00e0 Rome.","robots":{"index":"index","follow":"follow","max-snippet":"max-snippet:-1","max-image-preview":"max-image-preview:large","max-video-preview":"max-video-preview:-1"},"canonical":"https:\/\/dicodusport.fr\/blog\/championnats-deurope-de-natation-2022-la-selection-francaise\/","og_locale":"fr_FR","og_type":"article","og_title":"Championnats d'Europe de natation 2022 : La s\u00e9lection fran\u00e7aise","og_description":"A 10 jours du d\u00e9but de la comp\u00e9tition, voici les nageurs fran\u00e7ais s\u00e9lectionn\u00e9s pour les prochains championnats d'Europe \u00e0 Rome.","og_url":"https:\/\/dicodusport.fr\/blog\/championnats-deurope-de-natation-2022-la-selection-francaise\/","og_site_name":"Dicodusport","article_publisher":"https:\/\/www.facebook.com\/dicodusport","article_author":"https:\/\/www.facebook.com\/Max.Bld2\/","article_published_time":"2022-08-02T20:11:23+00:00","article_modified_time":"2022-08-12T16:36:52+00:00","og_image":[{"width":800,"height":445,"url":"https:\/\/dicodusport.fr\/blog\/wp-content\/uploads\/2022\/08\/Championnats-dEurope-de-natation-2022-La-selection-francaise.png","type":"image\/png"}],"author":"Maxime Boulard","twitter_card":"summary_large_image","twitter_title":"Championnats d'Europe de natation 2022 : La s\u00e9lection fran\u00e7aise","twitter_creator":"@https:\/\/twitter.com\/MaximeB_2","twitter_site":"@dicodusport","schema":{"@context":"https:\/\/schema.org","@graph":[{"@type":"NewsArticle","@id":"https:\/\/dicodusport.fr\/blog\/championnats-deurope-de-natation-2022-la-selection-francaise\/#article","isPartOf":{"@id":"https:\/\/dicodusport.fr\/blog\/championnats-deurope-de-natation-2022-la-selection-francaise\/"},"author":{"name":"Maxime Boulard","@id":"https:\/\/dicodusport.fr\/blog\/#\/schema\/person\/5aab10ee856e86ac63e9819a9da34784"},"headline":"Championnats d&rsquo;Europe de natation 2022 : La s\u00e9lection fran\u00e7aise","datePublished":"2022-08-02T20:11:23+00:00","dateModified":"2022-08-12T16:36:52+00:00","mainEntityOfPage":{"@id":"https:\/\/dicodusport.fr\/blog\/championnats-deurope-de-natation-2022-la-selection-francaise\/"},"wordCount":364,"commentCount":0,"publisher":{"@id":"https:\/\/dicodusport.fr\/blog\/#organization"},"image":{"@id":"https:\/\/dicodusport.fr\/blog\/championnats-deurope-de-natation-2022-la-selection-francaise\/#primaryimage"},"thumbnailUrl":"https:\/\/dicodusport.fr\/blog\/wp-content\/uploads\/2022\/08\/Championnats-dEurope-de-natation-2022-La-selection-francaise.png","keywords":["Championnats d'Europe de natation","Eau libre","\u00e9quipe de france de natation","natation","natation artistique","plongeon"],"articleSection":["Natation"],"inLanguage":"fr-FR","potentialAction":[{"@type":"CommentAction","name":"Comment","target":["https:\/\/dicodusport.fr\/blog\/championnats-deurope-de-natation-2022-la-selection-francaise\/#respond"]}],"copyrightYear":"2022","copyrightHolder":{"@id":"https:\/\/dicodusport.fr\/blog\/#organization"}},{"@type":"WebPage","@id":"https:\/\/dicodusport.fr\/blog\/championnats-deurope-de-natation-2022-la-selection-francaise\/","url":"https:\/\/dicodusport.fr\/blog\/championnats-deurope-de-natation-2022-la-selection-francaise\/","name":"Championnats d'Europe de natation 2022 : La s\u00e9lection fran\u00e7aise","isPartOf":{"@id":"https:\/\/dicodusport.fr\/blog\/#website"},"primaryImageOfPage":{"@id":"https:\/\/dicodusport.fr\/blog\/championnats-deurope-de-natation-2022-la-selection-francaise\/#primaryimage"},"image":{"@id":"https:\/\/dicodusport.fr\/blog\/championnats-deurope-de-natation-2022-la-selection-francaise\/#primaryimage"},"thumbnailUrl":"https:\/\/dicodusport.fr\/blog\/wp-content\/uploads\/2022\/08\/Championnats-dEurope-de-natation-2022-La-selection-francaise.png","datePublished":"2022-08-02T20:11:23+00:00","dateModified":"2022-08-12T16:36:52+00:00","description":"A 10 jours du d\u00e9but de la comp\u00e9tition, voici les nageurs fran\u00e7ais s\u00e9lectionn\u00e9s pour les prochains championnats d'Europe \u00e0 Rome.","breadcrumb":{"@id":"https:\/\/dicodusport.fr\/blog\/championnats-deurope-de-natation-2022-la-selection-francaise\/#breadcrumb"},"inLanguage":"fr-FR","potentialAction":[{"@type":"ReadAction","target":["https:\/\/dicodusport.fr\/blog\/championnats-deurope-de-natation-2022-la-selection-francaise\/"]}]},{"@type":"ImageObject","inLanguage":"fr-FR","@id":"https:\/\/dicodusport.fr\/blog\/championnats-deurope-de-natation-2022-la-selection-francaise\/#primaryimage","url":"https:\/\/dicodusport.fr\/blog\/wp-content\/uploads\/2022\/08\/Championnats-dEurope-de-natation-2022-La-selection-francaise.png","contentUrl":"https:\/\/dicodusport.fr\/blog\/wp-content\/uploads\/2022\/08\/Championnats-dEurope-de-natation-2022-La-selection-francaise.png","width":800,"height":445,"caption":"Championnats d'Europe de natation 2022 La s\u00e9lection fran\u00e7aise"},{"@type":"BreadcrumbList","@id":"https:\/\/dicodusport.fr\/blog\/championnats-deurope-de-natation-2022-la-selection-francaise\/#breadcrumb","itemListElement":[{"@type":"ListItem","position":1,"name":"Accueil","item":"https:\/\/dicodusport.fr\/blog\/"},{"@type":"ListItem","position":2,"name":"Championnats d&rsquo;Europe de natation 2022 : La s\u00e9lection fran\u00e7aise"}]},{"@type":"WebSite","@id":"https:\/\/dicodusport.fr\/blog\/#website","url":"https:\/\/dicodusport.fr\/blog\/","name":"Dicodusport","description":"L&#039;encyclop\u00e9die de l&#039;actualit\u00e9 sportive","publisher":{"@id":"https:\/\/dicodusport.fr\/blog\/#organization"},"potentialAction":[{"@type":"SearchAction","target":{"@type":"EntryPoint","urlTemplate":"https:\/\/dicodusport.fr\/blog\/?s={search_term_string}"},"query-input":{"@type":"PropertyValueSpecification","valueRequired":true,"valueName":"search_term_string"}}],"inLanguage":"fr-FR"},{"@type":"NewsMediaOrganization","@id":"https:\/\/dicodusport.fr\/blog\/#organization","name":"Dicodusport","url":"https:\/\/dicodusport.fr\/blog\/","logo":{"@type":"ImageObject","inLanguage":"fr-FR","@id":"https:\/\/dicodusport.fr\/blog\/#\/schema\/logo\/image\/","url":"https:\/\/dicodusport.fr\/blog\/wp-content\/uploads\/2020\/06\/cropped-LOGO-DICODUSPORT-2020-SANS-FOND-SANS-TEXTE.png","contentUrl":"https:\/\/dicodusport.fr\/blog\/wp-content\/uploads\/2020\/06\/cropped-LOGO-DICODUSPORT-2020-SANS-FOND-SANS-TEXTE.png","width":512,"height":512,"caption":"Dicodusport"},"image":{"@id":"https:\/\/dicodusport.fr\/blog\/#\/schema\/logo\/image\/"},"sameAs":["https:\/\/www.facebook.com\/dicodusport","https:\/\/x.com\/dicodusport","https:\/\/www.instagram.com\/dicodusport\/","https:\/\/www.youtube.com\/channel\/UC7V2KZ5sd3htJivAbA4ZG3w"],"description":"Dicodusport est l'encyclop\u00e9die de l'actualit\u00e9 sportive.","email":"bonjour@dicodusport.fr","legalName":"DICODUSPORT","foundingDate":"2018-01-14","vatID":"FR71834470973","taxID":"83447097300043","numberOfEmployees":{"@type":"QuantitativeValue","minValue":"1","maxValue":"10"}},{"@type":"Person","@id":"https:\/\/dicodusport.fr\/blog\/#\/schema\/person\/5aab10ee856e86ac63e9819a9da34784","name":"Maxime Boulard","image":{"@type":"ImageObject","inLanguage":"fr-FR","@id":"https:\/\/dicodusport.fr\/blog\/#\/schema\/person\/image\/","url":"https:\/\/dicodusport.fr\/blog\/wp-content\/uploads\/2021\/05\/Maxime-Boulard-150x150.jpg","contentUrl":"https:\/\/dicodusport.fr\/blog\/wp-content\/uploads\/2021\/05\/Maxime-Boulard-150x150.jpg","caption":"Maxime Boulard"},"description":"Journaliste\/r\u00e9dacteur depuis octobre 2020 - Si mon plus vieux souvenir de sport aurait pu m'en d\u00e9go\u00fbter, la finale de la Coupe du monde 2006 a \u00e9t\u00e9 tout le contraire. V\u00e9ritable d\u00e9clencheur d'une passion qui aujourd'hui ne fait que grandir avec le temps, mon leitmotiv est la France qui brille ! Je relate les exploits pass\u00e9s et pr\u00e9sents du sport bleu-blanc-rouge sans m\u00e9nagement depuis octobre 2020. Sport valide ou handisport, aucune diff\u00e9rence, il n'y a que du sport et plusieurs fa\u00e7ons de le pratiquer.","sameAs":["https:\/\/www.facebook.com\/Max.Bld2\/","https:\/\/x.com\/https:\/\/twitter.com\/MaximeB_2"],"url":"https:\/\/dicodusport.fr\/blog\/author\/maxime-b\/"}]}},"_links":{"self":[{"href":"https:\/\/dicodusport.fr\/blog\/wp-json\/wp\/v2\/posts\/248731","targetHints":{"allow":["GET"]}}],"collection":[{"href":"https:\/\/dicodusport.fr\/blog\/wp-json\/wp\/v2\/posts"}],"about":[{"href":"https:\/\/dicodusport.fr\/blog\/wp-json\/wp\/v2\/types\/post"}],"author":[{"embeddable":true,"href":"https:\/\/dicodusport.fr\/blog\/wp-json\/wp\/v2\/users\/43"}],"replies":[{"embeddable":true,"href":"https:\/\/dicodusport.fr\/blog\/wp-json\/wp\/v2\/comments?post=248731"}],"version-history":[{"count":0,"href":"https:\/\/dicodusport.fr\/blog\/wp-json\/wp\/v2\/posts\/248731\/revisions"}],"wp:featuredmedia":[{"embeddable":true,"href":"https:\/\/dicodusport.fr\/blog\/wp-json\/wp\/v2\/media\/248748"}],"wp:attachment":[{"href":"https:\/\/dicodusport.fr\/blog\/wp-json\/wp\/v2\/media?parent=248731"}],"wp:term":[{"taxonomy":"category","embeddable":true,"href":"https:\/\/dicodusport.fr\/blog\/wp-json\/wp\/v2\/categories?post=248731"},{"taxonomy":"post_tag","embeddable":true,"href":"https:\/\/dicodusport.fr\/blog\/wp-json\/wp\/v2\/tags?post=248731"}],"curies":[{"name":"wp","href":"https:\/\/api.w.org\/{rel}","templated":true}]}}