{"id":248873,"date":"2022-08-03T14:07:27","date_gmt":"2022-08-03T12:07:27","guid":{"rendered":"https:\/\/dicodusport.fr\/blog\/?p=248873&#038;preview=true&#038;preview_id=248873"},"modified":"2022-08-03T14:25:15","modified_gmt":"2022-08-03T12:25:15","slug":"mercato-groupama-fdj-annonce-la-signature-de-sept-coureurs-de-son-equipe-conti","status":"publish","type":"post","link":"https:\/\/dicodusport.fr\/blog\/mercato-groupama-fdj-annonce-la-signature-de-sept-coureurs-de-son-equipe-conti\/","title":{"rendered":"Mercato : Groupama-FDJ annonce la signature de sept coureurs de son \u00e9quipe Conti"},"content":{"rendered":"<p style=\"text-align: justify;\"><b><i>CYCLISME SUR ROUTE 2023 &#8211; La Groupama-FDJ a annonc\u00e9 la signature de sept jeunes coureurs de son \u00e9quipe Conti.\u00a0<\/i><\/b><\/p>\n<p style=\"text-align: justify;\"><strong>Romain Gr\u00e9goire,<\/strong> <strong>Lenny Martinez<\/strong>, <strong>Samuel Watson<\/strong>, <strong>Lorenzo Germani<\/strong>, <strong>Reuben Thompson<\/strong>, <strong>Laurence Pithie<\/strong> et <strong>Enzo Paleni<\/strong> \u00e9volueront sous les couleurs de la Groupama-FDJ pour la saison 2023. On ne pr\u00e9sente plus <strong>Romain Gr\u00e9goire<\/strong>, qui a brill\u00e9 au printemps en remportant plusieurs courses chez les jeunes dont <a href=\"https:\/\/dicodusport.fr\/blog\/romain-gregoire-remporte-liege-bastogne-liege-juniors\/\">Li\u00e8ge-Bastogne-Li\u00e8ge Espoirs<\/a> et <a href=\"https:\/\/dicodusport.fr\/blog\/baby-giro-2022-romain-gregoire-enleve-7eme-et-derniere-etape\/\">la derni\u00e8re \u00e9tape du Baby Giro<\/a>, et qui fait figure de grand espoir du cyclisme fran\u00e7ais. <strong>Lenny Martinez<\/strong> a lui aussi brill\u00e9 cette saison, avec notamment de belles performances sur le Tour des Alpes (14\u00e8me) mais aussi le Baby Giro (3\u00e8me). Plus r\u00e9cemment, il a remport\u00e9 <a href=\"https:\/\/dicodusport.fr\/blog\/lenny-martinez-remporte-le-tour-du-val-daoste-2022\/\">le Tour du Val d&rsquo;Aoste<\/a>.<\/p>\n<p style=\"text-align: justify;\">Le grimpeur n\u00e9o-z\u00e9landais <strong>Reuben Thompson<\/strong>, qui r\u00e9alise aussi une tr\u00e8s bonne saison 2022, passe lui aussi chez la Groupama-FDJ tout comme l&rsquo;Italien <strong>Lorenzo Germani<\/strong> et le Fran\u00e7ais <strong>Enzo Paleni,<\/strong> eux aussi avec un profil de grimpeur. Les Britanniques <strong>Laurence Pithie<\/strong>, rouleur avec une bonne pointe de vitesse, et <strong>Samuel Watson<\/strong>, puncheur-sprinteur, sont eux aussi promus.<\/p>\n<blockquote class=\"twitter-tweet\">\n<p dir=\"ltr\" lang=\"fr\">En cr\u00e9ant La Conti il y a quatre ans, nous avons mis\u00e9 sur la jeunesse. Le projet n&rsquo;a jamais eu autant de sens qu&rsquo;aujourd&rsquo;hui. Annonce &#x1f447; <a href=\"https:\/\/t.co\/yJXncnZ1tL\">pic.twitter.com\/yJXncnZ1tL<\/a><\/p>\n<p>\u2014 \u00c9quipe Cycliste Groupama-FDJ (@GroupamaFDJ) <a href=\"https:\/\/twitter.com\/GroupamaFDJ\/status\/1554799258175520768?ref_src=twsrc%5Etfw\">August 3, 2022<\/a><\/p><\/blockquote>\n<p style=\"text-align: justify;\"><script async src=\"https:\/\/platform.twitter.com\/widgets.js\" charset=\"utf-8\"><\/script><\/p>\n","protected":false},"excerpt":{"rendered":"<p>CYCLISME SUR ROUTE 2023 &#8211; La Groupama-FDJ a annonc\u00e9 la signature de sept jeunes coureurs de son \u00e9quipe Conti.\u00a0<\/p>\n","protected":false},"author":1,"featured_media":248878,"comment_status":"open","ping_status":"closed","sticky":false,"template":"","format":"standard","meta":{"_acf_changed":false,"_daextam_enable_autolinks":"","footnotes":""},"categories":[46994],"tags":[3279,19923],"class_list":["post-248873","post","type-post","status-publish","format-standard","has-post-thumbnail","hentry","category-cyclisme-sur-route","tag-groupama-fdj","tag-lenny-martinez"],"acf":[],"yoast_head":"<!-- This site is optimized with the Yoast SEO Premium plugin v26.7 (Yoast SEO v26.7) - https:\/\/yoast.com\/wordpress\/plugins\/seo\/ -->\n<title>Mercato : Groupama-FDJ annonce la signature de sept coureurs de son \u00e9quipe Conti<\/title>\n<meta name=\"description\" content=\"CYCLISME SUR ROUTE 2023 - La Groupama-FDJ a annonc\u00e9 la signature de sept jeunes coureurs de son \u00e9quipe Conti.\u00a0\" \/>\n<meta name=\"robots\" content=\"index, follow, max-snippet:-1, max-image-preview:large, max-video-preview:-1\" \/>\n<link rel=\"canonical\" href=\"https:\/\/dicodusport.fr\/blog\/mercato-groupama-fdj-annonce-la-signature-de-sept-coureurs-de-son-equipe-conti\/\" \/>\n<meta property=\"og:locale\" content=\"fr_FR\" \/>\n<meta property=\"og:type\" content=\"article\" \/>\n<meta property=\"og:title\" content=\"Mercato : Groupama-FDJ annonce la signature de sept coureurs de son \u00e9quipe Conti\" \/>\n<meta property=\"og:description\" content=\"CYCLISME SUR ROUTE 2023 - La Groupama-FDJ a annonc\u00e9 la signature de sept jeunes coureurs de son \u00e9quipe Conti.\u00a0\" \/>\n<meta property=\"og:url\" content=\"https:\/\/dicodusport.fr\/blog\/mercato-groupama-fdj-annonce-la-signature-de-sept-coureurs-de-son-equipe-conti\/\" \/>\n<meta property=\"og:site_name\" content=\"Dicodusport\" \/>\n<meta property=\"article:publisher\" content=\"https:\/\/www.facebook.com\/dicodusport\" \/>\n<meta property=\"article:author\" content=\"https:\/\/www.facebook.com\/dicodusport\" \/>\n<meta property=\"article:published_time\" content=\"2022-08-03T12:07:27+00:00\" \/>\n<meta property=\"article:modified_time\" content=\"2022-08-03T12:25:15+00:00\" \/>\n<meta property=\"og:image\" content=\"https:\/\/dicodusport.fr\/blog\/wp-content\/uploads\/2022\/08\/Groupama-FDJ-annonce-la-signature-de-sept-coureurs-de-son-e\u0301quipe-Conti.png\" \/>\n\t<meta property=\"og:image:width\" content=\"800\" \/>\n\t<meta property=\"og:image:height\" content=\"445\" \/>\n\t<meta property=\"og:image:type\" content=\"image\/png\" \/>\n<meta name=\"author\" content=\"Nicolas Jacquemard\" \/>\n<meta name=\"twitter:card\" content=\"summary_large_image\" \/>\n<meta name=\"twitter:title\" content=\"Mercato : Groupama-FDJ annonce la signature de sept coureurs de son \u00e9quipe Conti\" \/>\n<meta name=\"twitter:creator\" content=\"@https:\/\/twitter.com\/Nico_Jacquemard\" \/>\n<meta name=\"twitter:site\" content=\"@dicodusport\" \/>\n<script type=\"application\/ld+json\" class=\"yoast-schema-graph\">{\"@context\":\"https:\/\/schema.org\",\"@graph\":[{\"@type\":\"NewsArticle\",\"@id\":\"https:\/\/dicodusport.fr\/blog\/mercato-groupama-fdj-annonce-la-signature-de-sept-coureurs-de-son-equipe-conti\/#article\",\"isPartOf\":{\"@id\":\"https:\/\/dicodusport.fr\/blog\/mercato-groupama-fdj-annonce-la-signature-de-sept-coureurs-de-son-equipe-conti\/\"},\"author\":{\"name\":\"Nicolas Jacquemard\",\"@id\":\"https:\/\/dicodusport.fr\/blog\/#\/schema\/person\/55dcb50ad410894e431ed812bbb70191\"},\"headline\":\"Mercato : Groupama-FDJ annonce la signature de sept coureurs de son \u00e9quipe Conti\",\"datePublished\":\"2022-08-03T12:07:27+00:00\",\"dateModified\":\"2022-08-03T12:25:15+00:00\",\"mainEntityOfPage\":{\"@id\":\"https:\/\/dicodusport.fr\/blog\/mercato-groupama-fdj-annonce-la-signature-de-sept-coureurs-de-son-equipe-conti\/\"},\"wordCount\":238,\"commentCount\":0,\"publisher\":{\"@id\":\"https:\/\/dicodusport.fr\/blog\/#organization\"},\"image\":{\"@id\":\"https:\/\/dicodusport.fr\/blog\/mercato-groupama-fdj-annonce-la-signature-de-sept-coureurs-de-son-equipe-conti\/#primaryimage\"},\"thumbnailUrl\":\"https:\/\/dicodusport.fr\/blog\/wp-content\/uploads\/2022\/08\/Groupama-FDJ-annonce-la-signature-de-sept-coureurs-de-son-e\u0301quipe-Conti.png\",\"keywords\":[\"Groupama FDJ\",\"Lenny Martinez\"],\"articleSection\":[\"Cyclisme sur route\"],\"inLanguage\":\"fr-FR\",\"potentialAction\":[{\"@type\":\"CommentAction\",\"name\":\"Comment\",\"target\":[\"https:\/\/dicodusport.fr\/blog\/mercato-groupama-fdj-annonce-la-signature-de-sept-coureurs-de-son-equipe-conti\/#respond\"]}],\"copyrightYear\":\"2022\",\"copyrightHolder\":{\"@id\":\"https:\/\/dicodusport.fr\/blog\/#organization\"}},{\"@type\":\"WebPage\",\"@id\":\"https:\/\/dicodusport.fr\/blog\/mercato-groupama-fdj-annonce-la-signature-de-sept-coureurs-de-son-equipe-conti\/\",\"url\":\"https:\/\/dicodusport.fr\/blog\/mercato-groupama-fdj-annonce-la-signature-de-sept-coureurs-de-son-equipe-conti\/\",\"name\":\"Mercato : Groupama-FDJ annonce la signature de sept coureurs de son \u00e9quipe Conti\",\"isPartOf\":{\"@id\":\"https:\/\/dicodusport.fr\/blog\/#website\"},\"primaryImageOfPage\":{\"@id\":\"https:\/\/dicodusport.fr\/blog\/mercato-groupama-fdj-annonce-la-signature-de-sept-coureurs-de-son-equipe-conti\/#primaryimage\"},\"image\":{\"@id\":\"https:\/\/dicodusport.fr\/blog\/mercato-groupama-fdj-annonce-la-signature-de-sept-coureurs-de-son-equipe-conti\/#primaryimage\"},\"thumbnailUrl\":\"https:\/\/dicodusport.fr\/blog\/wp-content\/uploads\/2022\/08\/Groupama-FDJ-annonce-la-signature-de-sept-coureurs-de-son-e\u0301quipe-Conti.png\",\"datePublished\":\"2022-08-03T12:07:27+00:00\",\"dateModified\":\"2022-08-03T12:25:15+00:00\",\"description\":\"CYCLISME SUR ROUTE 2023 - La Groupama-FDJ a annonc\u00e9 la signature de sept jeunes coureurs de son \u00e9quipe Conti.\u00a0\",\"breadcrumb\":{\"@id\":\"https:\/\/dicodusport.fr\/blog\/mercato-groupama-fdj-annonce-la-signature-de-sept-coureurs-de-son-equipe-conti\/#breadcrumb\"},\"inLanguage\":\"fr-FR\",\"potentialAction\":[{\"@type\":\"ReadAction\",\"target\":[\"https:\/\/dicodusport.fr\/blog\/mercato-groupama-fdj-annonce-la-signature-de-sept-coureurs-de-son-equipe-conti\/\"]}]},{\"@type\":\"ImageObject\",\"inLanguage\":\"fr-FR\",\"@id\":\"https:\/\/dicodusport.fr\/blog\/mercato-groupama-fdj-annonce-la-signature-de-sept-coureurs-de-son-equipe-conti\/#primaryimage\",\"url\":\"https:\/\/dicodusport.fr\/blog\/wp-content\/uploads\/2022\/08\/Groupama-FDJ-annonce-la-signature-de-sept-coureurs-de-son-e\u0301quipe-Conti.png\",\"contentUrl\":\"https:\/\/dicodusport.fr\/blog\/wp-content\/uploads\/2022\/08\/Groupama-FDJ-annonce-la-signature-de-sept-coureurs-de-son-e\u0301quipe-Conti.png\",\"width\":800,\"height\":445},{\"@type\":\"BreadcrumbList\",\"@id\":\"https:\/\/dicodusport.fr\/blog\/mercato-groupama-fdj-annonce-la-signature-de-sept-coureurs-de-son-equipe-conti\/#breadcrumb\",\"itemListElement\":[{\"@type\":\"ListItem\",\"position\":1,\"name\":\"Accueil\",\"item\":\"https:\/\/dicodusport.fr\/blog\/\"},{\"@type\":\"ListItem\",\"position\":2,\"name\":\"Mercato : Groupama-FDJ annonce la signature de sept coureurs de son \u00e9quipe Conti\"}]},{\"@type\":\"WebSite\",\"@id\":\"https:\/\/dicodusport.fr\/blog\/#website\",\"url\":\"https:\/\/dicodusport.fr\/blog\/\",\"name\":\"Dicodusport\",\"description\":\"L&#039;encyclop\u00e9die de l&#039;actualit\u00e9 sportive\",\"publisher\":{\"@id\":\"https:\/\/dicodusport.fr\/blog\/#organization\"},\"potentialAction\":[{\"@type\":\"SearchAction\",\"target\":{\"@type\":\"EntryPoint\",\"urlTemplate\":\"https:\/\/dicodusport.fr\/blog\/?s={search_term_string}\"},\"query-input\":{\"@type\":\"PropertyValueSpecification\",\"valueRequired\":true,\"valueName\":\"search_term_string\"}}],\"inLanguage\":\"fr-FR\"},{\"@type\":\"NewsMediaOrganization\",\"@id\":\"https:\/\/dicodusport.fr\/blog\/#organization\",\"name\":\"Dicodusport\",\"url\":\"https:\/\/dicodusport.fr\/blog\/\",\"logo\":{\"@type\":\"ImageObject\",\"inLanguage\":\"fr-FR\",\"@id\":\"https:\/\/dicodusport.fr\/blog\/#\/schema\/logo\/image\/\",\"url\":\"https:\/\/dicodusport.fr\/blog\/wp-content\/uploads\/2020\/06\/cropped-LOGO-DICODUSPORT-2020-SANS-FOND-SANS-TEXTE.png\",\"contentUrl\":\"https:\/\/dicodusport.fr\/blog\/wp-content\/uploads\/2020\/06\/cropped-LOGO-DICODUSPORT-2020-SANS-FOND-SANS-TEXTE.png\",\"width\":512,\"height\":512,\"caption\":\"Dicodusport\"},\"image\":{\"@id\":\"https:\/\/dicodusport.fr\/blog\/#\/schema\/logo\/image\/\"},\"sameAs\":[\"https:\/\/www.facebook.com\/dicodusport\",\"https:\/\/x.com\/dicodusport\",\"https:\/\/www.instagram.com\/dicodusport\/\",\"https:\/\/www.youtube.com\/channel\/UC7V2KZ5sd3htJivAbA4ZG3w\"],\"description\":\"Dicodusport est l'encyclop\u00e9die de l'actualit\u00e9 sportive.\",\"email\":\"bonjour@dicodusport.fr\",\"legalName\":\"DICODUSPORT\",\"foundingDate\":\"2018-01-14\",\"vatID\":\"FR71834470973\",\"taxID\":\"83447097300043\",\"numberOfEmployees\":{\"@type\":\"QuantitativeValue\",\"minValue\":\"1\",\"maxValue\":\"10\"}},{\"@type\":\"Person\",\"@id\":\"https:\/\/dicodusport.fr\/blog\/#\/schema\/person\/55dcb50ad410894e431ed812bbb70191\",\"name\":\"Nicolas Jacquemard\",\"image\":{\"@type\":\"ImageObject\",\"inLanguage\":\"fr-FR\",\"@id\":\"https:\/\/dicodusport.fr\/blog\/#\/schema\/person\/image\/\",\"url\":\"https:\/\/dicodusport.fr\/blog\/wp-content\/uploads\/2021\/05\/Nicolas-Jacquemard-150x150.jpeg\",\"contentUrl\":\"https:\/\/dicodusport.fr\/blog\/wp-content\/uploads\/2021\/05\/Nicolas-Jacquemard-150x150.jpeg\",\"caption\":\"Nicolas Jacquemard\"},\"description\":\"Passionn\u00e9 de sport et entrepreneur depuis mes 18 ans, la cr\u00e9ation de Dicodusport m'a sembl\u00e9 \u00e9vidente pour participer \u00e0 la m\u00e9diatisation d'un plus grand nombre de sports. Le chemin est long mais avec une \u00e9quipe des plus motiv\u00e9es et les Jeux Olympiques de Paris 2024 en point de mire, nous y arriverons ! Journaliste dans le monde du sport depuis plus de 5 ans, je traite aussi bien de football, de rugby, de biathlon que de cyclisme.\",\"sameAs\":[\"https:\/\/www.facebook.com\/dicodusport\",\"https:\/\/x.com\/https:\/\/twitter.com\/Nico_Jacquemard\"],\"url\":\"https:\/\/dicodusport.fr\/blog\/author\/dicodusport\/\"}]}<\/script>\n<!-- \/ Yoast SEO Premium plugin. -->","yoast_head_json":{"title":"Mercato : Groupama-FDJ annonce la signature de sept coureurs de son \u00e9quipe Conti","description":"CYCLISME SUR ROUTE 2023 - La Groupama-FDJ a annonc\u00e9 la signature de sept jeunes coureurs de son \u00e9quipe Conti.\u00a0","robots":{"index":"index","follow":"follow","max-snippet":"max-snippet:-1","max-image-preview":"max-image-preview:large","max-video-preview":"max-video-preview:-1"},"canonical":"https:\/\/dicodusport.fr\/blog\/mercato-groupama-fdj-annonce-la-signature-de-sept-coureurs-de-son-equipe-conti\/","og_locale":"fr_FR","og_type":"article","og_title":"Mercato : Groupama-FDJ annonce la signature de sept coureurs de son \u00e9quipe Conti","og_description":"CYCLISME SUR ROUTE 2023 - La Groupama-FDJ a annonc\u00e9 la signature de sept jeunes coureurs de son \u00e9quipe Conti.\u00a0","og_url":"https:\/\/dicodusport.fr\/blog\/mercato-groupama-fdj-annonce-la-signature-de-sept-coureurs-de-son-equipe-conti\/","og_site_name":"Dicodusport","article_publisher":"https:\/\/www.facebook.com\/dicodusport","article_author":"https:\/\/www.facebook.com\/dicodusport","article_published_time":"2022-08-03T12:07:27+00:00","article_modified_time":"2022-08-03T12:25:15+00:00","og_image":[{"width":800,"height":445,"url":"https:\/\/dicodusport.fr\/blog\/wp-content\/uploads\/2022\/08\/Groupama-FDJ-annonce-la-signature-de-sept-coureurs-de-son-e\u0301quipe-Conti.png","type":"image\/png"}],"author":"Nicolas Jacquemard","twitter_card":"summary_large_image","twitter_title":"Mercato : Groupama-FDJ annonce la signature de sept coureurs de son \u00e9quipe Conti","twitter_creator":"@https:\/\/twitter.com\/Nico_Jacquemard","twitter_site":"@dicodusport","schema":{"@context":"https:\/\/schema.org","@graph":[{"@type":"NewsArticle","@id":"https:\/\/dicodusport.fr\/blog\/mercato-groupama-fdj-annonce-la-signature-de-sept-coureurs-de-son-equipe-conti\/#article","isPartOf":{"@id":"https:\/\/dicodusport.fr\/blog\/mercato-groupama-fdj-annonce-la-signature-de-sept-coureurs-de-son-equipe-conti\/"},"author":{"name":"Nicolas Jacquemard","@id":"https:\/\/dicodusport.fr\/blog\/#\/schema\/person\/55dcb50ad410894e431ed812bbb70191"},"headline":"Mercato : Groupama-FDJ annonce la signature de sept coureurs de son \u00e9quipe Conti","datePublished":"2022-08-03T12:07:27+00:00","dateModified":"2022-08-03T12:25:15+00:00","mainEntityOfPage":{"@id":"https:\/\/dicodusport.fr\/blog\/mercato-groupama-fdj-annonce-la-signature-de-sept-coureurs-de-son-equipe-conti\/"},"wordCount":238,"commentCount":0,"publisher":{"@id":"https:\/\/dicodusport.fr\/blog\/#organization"},"image":{"@id":"https:\/\/dicodusport.fr\/blog\/mercato-groupama-fdj-annonce-la-signature-de-sept-coureurs-de-son-equipe-conti\/#primaryimage"},"thumbnailUrl":"https:\/\/dicodusport.fr\/blog\/wp-content\/uploads\/2022\/08\/Groupama-FDJ-annonce-la-signature-de-sept-coureurs-de-son-e\u0301quipe-Conti.png","keywords":["Groupama FDJ","Lenny Martinez"],"articleSection":["Cyclisme sur route"],"inLanguage":"fr-FR","potentialAction":[{"@type":"CommentAction","name":"Comment","target":["https:\/\/dicodusport.fr\/blog\/mercato-groupama-fdj-annonce-la-signature-de-sept-coureurs-de-son-equipe-conti\/#respond"]}],"copyrightYear":"2022","copyrightHolder":{"@id":"https:\/\/dicodusport.fr\/blog\/#organization"}},{"@type":"WebPage","@id":"https:\/\/dicodusport.fr\/blog\/mercato-groupama-fdj-annonce-la-signature-de-sept-coureurs-de-son-equipe-conti\/","url":"https:\/\/dicodusport.fr\/blog\/mercato-groupama-fdj-annonce-la-signature-de-sept-coureurs-de-son-equipe-conti\/","name":"Mercato : Groupama-FDJ annonce la signature de sept coureurs de son \u00e9quipe Conti","isPartOf":{"@id":"https:\/\/dicodusport.fr\/blog\/#website"},"primaryImageOfPage":{"@id":"https:\/\/dicodusport.fr\/blog\/mercato-groupama-fdj-annonce-la-signature-de-sept-coureurs-de-son-equipe-conti\/#primaryimage"},"image":{"@id":"https:\/\/dicodusport.fr\/blog\/mercato-groupama-fdj-annonce-la-signature-de-sept-coureurs-de-son-equipe-conti\/#primaryimage"},"thumbnailUrl":"https:\/\/dicodusport.fr\/blog\/wp-content\/uploads\/2022\/08\/Groupama-FDJ-annonce-la-signature-de-sept-coureurs-de-son-e\u0301quipe-Conti.png","datePublished":"2022-08-03T12:07:27+00:00","dateModified":"2022-08-03T12:25:15+00:00","description":"CYCLISME SUR ROUTE 2023 - La Groupama-FDJ a annonc\u00e9 la signature de sept jeunes coureurs de son \u00e9quipe Conti.\u00a0","breadcrumb":{"@id":"https:\/\/dicodusport.fr\/blog\/mercato-groupama-fdj-annonce-la-signature-de-sept-coureurs-de-son-equipe-conti\/#breadcrumb"},"inLanguage":"fr-FR","potentialAction":[{"@type":"ReadAction","target":["https:\/\/dicodusport.fr\/blog\/mercato-groupama-fdj-annonce-la-signature-de-sept-coureurs-de-son-equipe-conti\/"]}]},{"@type":"ImageObject","inLanguage":"fr-FR","@id":"https:\/\/dicodusport.fr\/blog\/mercato-groupama-fdj-annonce-la-signature-de-sept-coureurs-de-son-equipe-conti\/#primaryimage","url":"https:\/\/dicodusport.fr\/blog\/wp-content\/uploads\/2022\/08\/Groupama-FDJ-annonce-la-signature-de-sept-coureurs-de-son-e\u0301quipe-Conti.png","contentUrl":"https:\/\/dicodusport.fr\/blog\/wp-content\/uploads\/2022\/08\/Groupama-FDJ-annonce-la-signature-de-sept-coureurs-de-son-e\u0301quipe-Conti.png","width":800,"height":445},{"@type":"BreadcrumbList","@id":"https:\/\/dicodusport.fr\/blog\/mercato-groupama-fdj-annonce-la-signature-de-sept-coureurs-de-son-equipe-conti\/#breadcrumb","itemListElement":[{"@type":"ListItem","position":1,"name":"Accueil","item":"https:\/\/dicodusport.fr\/blog\/"},{"@type":"ListItem","position":2,"name":"Mercato : Groupama-FDJ annonce la signature de sept coureurs de son \u00e9quipe Conti"}]},{"@type":"WebSite","@id":"https:\/\/dicodusport.fr\/blog\/#website","url":"https:\/\/dicodusport.fr\/blog\/","name":"Dicodusport","description":"L&#039;encyclop\u00e9die de l&#039;actualit\u00e9 sportive","publisher":{"@id":"https:\/\/dicodusport.fr\/blog\/#organization"},"potentialAction":[{"@type":"SearchAction","target":{"@type":"EntryPoint","urlTemplate":"https:\/\/dicodusport.fr\/blog\/?s={search_term_string}"},"query-input":{"@type":"PropertyValueSpecification","valueRequired":true,"valueName":"search_term_string"}}],"inLanguage":"fr-FR"},{"@type":"NewsMediaOrganization","@id":"https:\/\/dicodusport.fr\/blog\/#organization","name":"Dicodusport","url":"https:\/\/dicodusport.fr\/blog\/","logo":{"@type":"ImageObject","inLanguage":"fr-FR","@id":"https:\/\/dicodusport.fr\/blog\/#\/schema\/logo\/image\/","url":"https:\/\/dicodusport.fr\/blog\/wp-content\/uploads\/2020\/06\/cropped-LOGO-DICODUSPORT-2020-SANS-FOND-SANS-TEXTE.png","contentUrl":"https:\/\/dicodusport.fr\/blog\/wp-content\/uploads\/2020\/06\/cropped-LOGO-DICODUSPORT-2020-SANS-FOND-SANS-TEXTE.png","width":512,"height":512,"caption":"Dicodusport"},"image":{"@id":"https:\/\/dicodusport.fr\/blog\/#\/schema\/logo\/image\/"},"sameAs":["https:\/\/www.facebook.com\/dicodusport","https:\/\/x.com\/dicodusport","https:\/\/www.instagram.com\/dicodusport\/","https:\/\/www.youtube.com\/channel\/UC7V2KZ5sd3htJivAbA4ZG3w"],"description":"Dicodusport est l'encyclop\u00e9die de l'actualit\u00e9 sportive.","email":"bonjour@dicodusport.fr","legalName":"DICODUSPORT","foundingDate":"2018-01-14","vatID":"FR71834470973","taxID":"83447097300043","numberOfEmployees":{"@type":"QuantitativeValue","minValue":"1","maxValue":"10"}},{"@type":"Person","@id":"https:\/\/dicodusport.fr\/blog\/#\/schema\/person\/55dcb50ad410894e431ed812bbb70191","name":"Nicolas Jacquemard","image":{"@type":"ImageObject","inLanguage":"fr-FR","@id":"https:\/\/dicodusport.fr\/blog\/#\/schema\/person\/image\/","url":"https:\/\/dicodusport.fr\/blog\/wp-content\/uploads\/2021\/05\/Nicolas-Jacquemard-150x150.jpeg","contentUrl":"https:\/\/dicodusport.fr\/blog\/wp-content\/uploads\/2021\/05\/Nicolas-Jacquemard-150x150.jpeg","caption":"Nicolas Jacquemard"},"description":"Passionn\u00e9 de sport et entrepreneur depuis mes 18 ans, la cr\u00e9ation de Dicodusport m'a sembl\u00e9 \u00e9vidente pour participer \u00e0 la m\u00e9diatisation d'un plus grand nombre de sports. Le chemin est long mais avec une \u00e9quipe des plus motiv\u00e9es et les Jeux Olympiques de Paris 2024 en point de mire, nous y arriverons ! Journaliste dans le monde du sport depuis plus de 5 ans, je traite aussi bien de football, de rugby, de biathlon que de cyclisme.","sameAs":["https:\/\/www.facebook.com\/dicodusport","https:\/\/x.com\/https:\/\/twitter.com\/Nico_Jacquemard"],"url":"https:\/\/dicodusport.fr\/blog\/author\/dicodusport\/"}]}},"_links":{"self":[{"href":"https:\/\/dicodusport.fr\/blog\/wp-json\/wp\/v2\/posts\/248873","targetHints":{"allow":["GET"]}}],"collection":[{"href":"https:\/\/dicodusport.fr\/blog\/wp-json\/wp\/v2\/posts"}],"about":[{"href":"https:\/\/dicodusport.fr\/blog\/wp-json\/wp\/v2\/types\/post"}],"author":[{"embeddable":true,"href":"https:\/\/dicodusport.fr\/blog\/wp-json\/wp\/v2\/users\/1"}],"replies":[{"embeddable":true,"href":"https:\/\/dicodusport.fr\/blog\/wp-json\/wp\/v2\/comments?post=248873"}],"version-history":[{"count":0,"href":"https:\/\/dicodusport.fr\/blog\/wp-json\/wp\/v2\/posts\/248873\/revisions"}],"wp:featuredmedia":[{"embeddable":true,"href":"https:\/\/dicodusport.fr\/blog\/wp-json\/wp\/v2\/media\/248878"}],"wp:attachment":[{"href":"https:\/\/dicodusport.fr\/blog\/wp-json\/wp\/v2\/media?parent=248873"}],"wp:term":[{"taxonomy":"category","embeddable":true,"href":"https:\/\/dicodusport.fr\/blog\/wp-json\/wp\/v2\/categories?post=248873"},{"taxonomy":"post_tag","embeddable":true,"href":"https:\/\/dicodusport.fr\/blog\/wp-json\/wp\/v2\/tags?post=248873"}],"curies":[{"name":"wp","href":"https:\/\/api.w.org\/{rel}","templated":true}]}}