{"id":24939,"date":"2018-09-02T11:59:46","date_gmt":"2018-09-02T09:59:46","guid":{"rendered":"http:\/\/dicodusport.fr\/blog\/?p=24939"},"modified":"2018-09-02T11:59:46","modified_gmt":"2018-09-02T09:59:46","slug":"us-open-nouvelle-debandade-tricolore","status":"publish","type":"post","link":"https:\/\/dicodusport.fr\/blog\/us-open-nouvelle-debandade-tricolore\/","title":{"rendered":"US Open : nouvelle d\u00e9bandade tricolore"},"content":{"rendered":"<p style=\"text-align: justify;\"><em><strong>Le dernier Grand Chelem de la saison n&rsquo;est pas encore termin\u00e9, sauf pour les Fran\u00e7ais qui ont encore d\u00e9\u00e7u \u00e0 New-York. Aucun ne sera en deuxi\u00e8me semaine chez les hommes comme chez les femmes, rien ne va plus !\u00a0<\/strong><\/em><\/p>\n<h4 style=\"text-align: justify;\">Tableau f\u00e9minin<\/h4>\n<p style=\"text-align: justify;\">Il y avait cinq repr\u00e9sentantes dans le tableau f\u00e9minin et aucune en 8\u00e8me de finale apr\u00e8s la d\u00e9faite de Caroline Garcia au 3\u00e8me tour face \u00e0\u00a0Carla Su\u00e1rez Navarro, \u00e0 l&rsquo;issue du tie break du 3\u00e8me set. La num\u00e9ro 1 fran\u00e7aise n&rsquo;aura pas fait mieux qu&rsquo;un huiti\u00e8me de finale en Grand Chelem cette saison. C&rsquo;est cette m\u00eame Espagnole qui avait d\u00e9j\u00e0 \u00e9limin\u00e9 Kristina Mladenovic au tour pr\u00e9c\u00e9dent dans la manche d\u00e9cisive, l\u00e0 aussi. Les trois autres Fran\u00e7aises, Pauline Parmentier, Aliz\u00e9 Cornet et Harmony Tan n&rsquo;ont pas r\u00e9ussi \u00e0 franchir le premier tour. Une saison d\u00e9cevante en Grand Chelem pour les tenniswomen : aucune n&rsquo;aura atteint un quart de finale.<\/p>\n<p style=\"text-align: justify;\"><strong>Tableau masculin<\/strong><\/p>\n<p style=\"text-align: justify;\">Par o\u00f9 commencer ?\u00a0Jo-Wilfried Tsonga, toujours absent, ne pouvait mener le contingent fran\u00e7ais. Lucas Pouille, num\u00e9ro 1 fran\u00e7ais, a \u00e9chou\u00e9 au 3\u00e8me tour face \u00e0 un adversaire plus qu&rsquo;\u00e0 sa port\u00e9e, le Portugais\u00a0Jo\u00e3o Sousa. Richard Gasquet, au m\u00eame stade de la comp\u00e9tition et apr\u00e8s deux premiers tours r\u00e9ussis face \u00e0 de faibles adversaires, a pris une le\u00e7on par Novak Djokovic. Le Serbe, de retour \u00e0 son meilleur niveau n&rsquo;a laiss\u00e9 aucune chance au trentenaire fran\u00e7ais.<\/p>\n<p style=\"text-align: justify;\">Les autres repr\u00e9sentants de la d\u00e9l\u00e9gation fran\u00e7aise ont, pour la plupart, c\u00e9d\u00e9 d\u00e8s le second tour face \u00e0 des adversaires bien sup\u00e9rieurs \u00e0 eux. Beno\u00eet Paire face \u00e0 Roger Federer, J\u00e9r\u00e9my Chardy face \u00e0 Kevin Anderson, Gilles Simon face \u00e0 Milos Raonic ou encore Nicolas Mahut face \u00e0 Alexander Zverev. Pierre-Hugues Herbert a lui connu une d\u00e9faite sp\u00e9ciale face \u00e0 Nick Kyrgios avec la fameuse histoire de l&rsquo;arbitre tandis que Ga\u00ebl Monfils a lui abandonn\u00e9 pour une blessure au poignet face \u00e0 Kei Nishikori.<\/p>\n<p style=\"text-align: justify;\">Pour le dernier tournoi de sa carri\u00e8re, Julien\u00a0Benneteau aura rendu les armes au deuxi\u00e8me tour face \u00e0\u00a0Jan-Lennard Struff. Corentin Moutet et Adrian Mannarino ont eux perdu d\u00e8s leur entr\u00e9e dans le tournoi.<\/p>\n<p style=\"text-align: justify;\"><em><strong>Le tennis fran\u00e7ais est malade, hommes comme femmes n&rsquo;ont pas r\u00e9ussi \u00e0 atteindre un seul quart de finale sur un des quatre tournois du Grand Chelem en 2018. Il sera toujours possible de trouver des excuses ou de se cacher derri\u00e8re le triomphe en Coupe Davis en 2017 et la possibilit\u00e9 de conserver le troph\u00e9e cette saison, mais les Tricolores sont incapables de rivaliser avec les meilleurs sur les plus grands tournois. La fin d&rsquo;une g\u00e9n\u00e9ration et une nouvelle qui peine \u00e0 \u00e9merger, l&rsquo;argument est valable mais il est temps de r\u00e9agir car l&rsquo;heure est grave.<br \/>\n<\/strong><\/em><\/p>\n<p style=\"text-align: justify;\"><em><strong>Nicolas Jacquemard<br \/>\n<\/strong><\/em><a style=\"color: #000000;\" href=\"https:\/\/twitter.com\/Nico_Jacquemard\" target=\"_blank\" rel=\"noopener noreferrer\"><img loading=\"lazy\" decoding=\"async\" class=\"alignnone wp-image-2908\" src=\"http:\/\/dicodusport.fr\/blog\/wp-content\/uploads\/2017\/07\/logo-twitter-150x150.png\" alt=\"\" width=\"39\" height=\"39\" \/><\/a><a style=\"color: #000000;\" href=\"https:\/\/www.facebook.com\/dicodusport\/\" target=\"_blank\" rel=\"noopener noreferrer\"><img loading=\"lazy\" decoding=\"async\" class=\"alignnone wp-image-2909\" src=\"http:\/\/dicodusport.fr\/blog\/wp-content\/uploads\/2017\/07\/logo-facebook-150x150.png\" alt=\"\" width=\"40\" height=\"40\" \/><\/a><\/p>\n","protected":false},"excerpt":{"rendered":"<p>Le dernier Grand Chelem de la saison n&rsquo;est pas encore termin\u00e9, sauf pour les Fran\u00e7ais qui ont encore d\u00e9\u00e7u \u00e0 New-York. Aucun ne sera en deuxi\u00e8me semaine chez les hommes comme chez les femmes, rien ne va plus ! <\/p>\n","protected":false},"author":1,"featured_media":24947,"comment_status":"open","ping_status":"closed","sticky":false,"template":"","format":"standard","meta":{"_acf_changed":false,"_daextam_enable_autolinks":"","footnotes":""},"categories":[2,2365,2302],"tags":[156,1618,3377,158,128,2411,1463,137],"class_list":["post-24939","post","type-post","status-publish","format-standard","has-post-thumbnail","hentry","category-actualites","category-sports-de-raquette","category-tennis","tag-atp","tag-garcia","tag-mladenovic","tag-monfils","tag-new-york","tag-pouille","tag-us-open","tag-wta"],"acf":[],"yoast_head":"<!-- This site is optimized with the Yoast SEO Premium plugin v26.7 (Yoast SEO v26.7) - https:\/\/yoast.com\/wordpress\/plugins\/seo\/ -->\n<title>US Open : nouvelle d\u00e9bandade tricolore<\/title>\n<meta name=\"description\" content=\"Le dernier Grand Chelem de la saison n&#039;est pas encore termin\u00e9, sauf pour les Fran\u00e7ais qui ont encore d\u00e9\u00e7u \u00e0 New-York.\" \/>\n<meta name=\"robots\" content=\"index, follow, max-snippet:-1, max-image-preview:large, max-video-preview:-1\" \/>\n<link rel=\"canonical\" href=\"https:\/\/dicodusport.fr\/blog\/us-open-nouvelle-debandade-tricolore\/\" \/>\n<meta property=\"og:locale\" content=\"fr_FR\" \/>\n<meta property=\"og:type\" content=\"article\" \/>\n<meta property=\"og:title\" content=\"US Open : nouvelle d\u00e9bandade tricolore\" \/>\n<meta property=\"og:description\" content=\"Le dernier Grand Chelem de la saison n&#039;est pas encore termin\u00e9, sauf pour les Fran\u00e7ais qui ont encore d\u00e9\u00e7u \u00e0 New-York.\" \/>\n<meta property=\"og:url\" content=\"https:\/\/dicodusport.fr\/blog\/us-open-nouvelle-debandade-tricolore\/\" \/>\n<meta property=\"og:site_name\" content=\"Dicodusport\" \/>\n<meta property=\"article:publisher\" content=\"https:\/\/www.facebook.com\/dicodusport\" \/>\n<meta property=\"article:author\" content=\"https:\/\/www.facebook.com\/dicodusport\" \/>\n<meta property=\"article:published_time\" content=\"2018-09-02T09:59:46+00:00\" \/>\n<meta property=\"og:image\" content=\"https:\/\/dicodusport.fr\/blog\/wp-content\/uploads\/2018\/09\/Pouille-Garcia-US-Open.png\" \/>\n\t<meta property=\"og:image:width\" content=\"1200\" \/>\n\t<meta property=\"og:image:height\" content=\"670\" \/>\n\t<meta property=\"og:image:type\" content=\"image\/png\" \/>\n<meta name=\"author\" content=\"Nicolas Jacquemard\" \/>\n<meta name=\"twitter:card\" content=\"summary_large_image\" \/>\n<meta name=\"twitter:creator\" content=\"@https:\/\/twitter.com\/Nico_Jacquemard\" \/>\n<meta name=\"twitter:site\" content=\"@dicodusport\" \/>\n<script type=\"application\/ld+json\" class=\"yoast-schema-graph\">{\"@context\":\"https:\/\/schema.org\",\"@graph\":[{\"@type\":\"NewsArticle\",\"@id\":\"https:\/\/dicodusport.fr\/blog\/us-open-nouvelle-debandade-tricolore\/#article\",\"isPartOf\":{\"@id\":\"https:\/\/dicodusport.fr\/blog\/us-open-nouvelle-debandade-tricolore\/\"},\"author\":{\"name\":\"Nicolas Jacquemard\",\"@id\":\"https:\/\/dicodusport.fr\/blog\/#\/schema\/person\/55dcb50ad410894e431ed812bbb70191\"},\"headline\":\"US Open : nouvelle d\u00e9bandade tricolore\",\"datePublished\":\"2018-09-02T09:59:46+00:00\",\"mainEntityOfPage\":{\"@id\":\"https:\/\/dicodusport.fr\/blog\/us-open-nouvelle-debandade-tricolore\/\"},\"wordCount\":494,\"commentCount\":0,\"publisher\":{\"@id\":\"https:\/\/dicodusport.fr\/blog\/#organization\"},\"image\":{\"@id\":\"https:\/\/dicodusport.fr\/blog\/us-open-nouvelle-debandade-tricolore\/#primaryimage\"},\"thumbnailUrl\":\"https:\/\/dicodusport.fr\/blog\/wp-content\/uploads\/2018\/09\/Pouille-Garcia-US-Open.png\",\"keywords\":[\"ATP\",\"Garcia\",\"Mladenovic\",\"monfils\",\"New York\",\"Pouille\",\"US Open\",\"wta\"],\"articleSection\":[\"Actualit\u00e9s\",\"Sports de raquette\",\"Tennis\"],\"inLanguage\":\"fr-FR\",\"potentialAction\":[{\"@type\":\"CommentAction\",\"name\":\"Comment\",\"target\":[\"https:\/\/dicodusport.fr\/blog\/us-open-nouvelle-debandade-tricolore\/#respond\"]}],\"copyrightYear\":\"2018\",\"copyrightHolder\":{\"@id\":\"https:\/\/dicodusport.fr\/blog\/#organization\"}},{\"@type\":\"WebPage\",\"@id\":\"https:\/\/dicodusport.fr\/blog\/us-open-nouvelle-debandade-tricolore\/\",\"url\":\"https:\/\/dicodusport.fr\/blog\/us-open-nouvelle-debandade-tricolore\/\",\"name\":\"US Open : nouvelle d\u00e9bandade tricolore\",\"isPartOf\":{\"@id\":\"https:\/\/dicodusport.fr\/blog\/#website\"},\"primaryImageOfPage\":{\"@id\":\"https:\/\/dicodusport.fr\/blog\/us-open-nouvelle-debandade-tricolore\/#primaryimage\"},\"image\":{\"@id\":\"https:\/\/dicodusport.fr\/blog\/us-open-nouvelle-debandade-tricolore\/#primaryimage\"},\"thumbnailUrl\":\"https:\/\/dicodusport.fr\/blog\/wp-content\/uploads\/2018\/09\/Pouille-Garcia-US-Open.png\",\"datePublished\":\"2018-09-02T09:59:46+00:00\",\"description\":\"Le dernier Grand Chelem de la saison n'est pas encore termin\u00e9, sauf pour les Fran\u00e7ais qui ont encore d\u00e9\u00e7u \u00e0 New-York.\",\"breadcrumb\":{\"@id\":\"https:\/\/dicodusport.fr\/blog\/us-open-nouvelle-debandade-tricolore\/#breadcrumb\"},\"inLanguage\":\"fr-FR\",\"potentialAction\":[{\"@type\":\"ReadAction\",\"target\":[\"https:\/\/dicodusport.fr\/blog\/us-open-nouvelle-debandade-tricolore\/\"]}]},{\"@type\":\"ImageObject\",\"inLanguage\":\"fr-FR\",\"@id\":\"https:\/\/dicodusport.fr\/blog\/us-open-nouvelle-debandade-tricolore\/#primaryimage\",\"url\":\"https:\/\/dicodusport.fr\/blog\/wp-content\/uploads\/2018\/09\/Pouille-Garcia-US-Open.png\",\"contentUrl\":\"https:\/\/dicodusport.fr\/blog\/wp-content\/uploads\/2018\/09\/Pouille-Garcia-US-Open.png\",\"width\":1200,\"height\":670},{\"@type\":\"BreadcrumbList\",\"@id\":\"https:\/\/dicodusport.fr\/blog\/us-open-nouvelle-debandade-tricolore\/#breadcrumb\",\"itemListElement\":[{\"@type\":\"ListItem\",\"position\":1,\"name\":\"Accueil\",\"item\":\"https:\/\/dicodusport.fr\/blog\/\"},{\"@type\":\"ListItem\",\"position\":2,\"name\":\"US Open : nouvelle d\u00e9bandade tricolore\"}]},{\"@type\":\"WebSite\",\"@id\":\"https:\/\/dicodusport.fr\/blog\/#website\",\"url\":\"https:\/\/dicodusport.fr\/blog\/\",\"name\":\"Dicodusport\",\"description\":\"L&#039;encyclop\u00e9die de l&#039;actualit\u00e9 sportive\",\"publisher\":{\"@id\":\"https:\/\/dicodusport.fr\/blog\/#organization\"},\"potentialAction\":[{\"@type\":\"SearchAction\",\"target\":{\"@type\":\"EntryPoint\",\"urlTemplate\":\"https:\/\/dicodusport.fr\/blog\/?s={search_term_string}\"},\"query-input\":{\"@type\":\"PropertyValueSpecification\",\"valueRequired\":true,\"valueName\":\"search_term_string\"}}],\"inLanguage\":\"fr-FR\"},{\"@type\":\"NewsMediaOrganization\",\"@id\":\"https:\/\/dicodusport.fr\/blog\/#organization\",\"name\":\"Dicodusport\",\"url\":\"https:\/\/dicodusport.fr\/blog\/\",\"logo\":{\"@type\":\"ImageObject\",\"inLanguage\":\"fr-FR\",\"@id\":\"https:\/\/dicodusport.fr\/blog\/#\/schema\/logo\/image\/\",\"url\":\"https:\/\/dicodusport.fr\/blog\/wp-content\/uploads\/2020\/06\/cropped-LOGO-DICODUSPORT-2020-SANS-FOND-SANS-TEXTE.png\",\"contentUrl\":\"https:\/\/dicodusport.fr\/blog\/wp-content\/uploads\/2020\/06\/cropped-LOGO-DICODUSPORT-2020-SANS-FOND-SANS-TEXTE.png\",\"width\":512,\"height\":512,\"caption\":\"Dicodusport\"},\"image\":{\"@id\":\"https:\/\/dicodusport.fr\/blog\/#\/schema\/logo\/image\/\"},\"sameAs\":[\"https:\/\/www.facebook.com\/dicodusport\",\"https:\/\/x.com\/dicodusport\",\"https:\/\/www.instagram.com\/dicodusport\/\",\"https:\/\/www.youtube.com\/channel\/UC7V2KZ5sd3htJivAbA4ZG3w\"],\"description\":\"Dicodusport est l'encyclop\u00e9die de l'actualit\u00e9 sportive.\",\"email\":\"bonjour@dicodusport.fr\",\"legalName\":\"DICODUSPORT\",\"foundingDate\":\"2018-01-14\",\"vatID\":\"FR71834470973\",\"taxID\":\"83447097300043\",\"numberOfEmployees\":{\"@type\":\"QuantitativeValue\",\"minValue\":\"1\",\"maxValue\":\"10\"}},{\"@type\":\"Person\",\"@id\":\"https:\/\/dicodusport.fr\/blog\/#\/schema\/person\/55dcb50ad410894e431ed812bbb70191\",\"name\":\"Nicolas Jacquemard\",\"image\":{\"@type\":\"ImageObject\",\"inLanguage\":\"fr-FR\",\"@id\":\"https:\/\/dicodusport.fr\/blog\/#\/schema\/person\/image\/\",\"url\":\"https:\/\/dicodusport.fr\/blog\/wp-content\/uploads\/2021\/05\/Nicolas-Jacquemard-150x150.jpeg\",\"contentUrl\":\"https:\/\/dicodusport.fr\/blog\/wp-content\/uploads\/2021\/05\/Nicolas-Jacquemard-150x150.jpeg\",\"caption\":\"Nicolas Jacquemard\"},\"description\":\"Passionn\u00e9 de sport et entrepreneur depuis mes 18 ans, la cr\u00e9ation de Dicodusport m'a sembl\u00e9 \u00e9vidente pour participer \u00e0 la m\u00e9diatisation d'un plus grand nombre de sports. Le chemin est long mais avec une \u00e9quipe des plus motiv\u00e9es et les Jeux Olympiques de Paris 2024 en point de mire, nous y arriverons ! Journaliste dans le monde du sport depuis plus de 5 ans, je traite aussi bien de football, de rugby, de biathlon que de cyclisme.\",\"sameAs\":[\"https:\/\/www.facebook.com\/dicodusport\",\"https:\/\/x.com\/https:\/\/twitter.com\/Nico_Jacquemard\"],\"url\":\"https:\/\/dicodusport.fr\/blog\/author\/dicodusport\/\"}]}<\/script>\n<!-- \/ Yoast SEO Premium plugin. -->","yoast_head_json":{"title":"US Open : nouvelle d\u00e9bandade tricolore","description":"Le dernier Grand Chelem de la saison n'est pas encore termin\u00e9, sauf pour les Fran\u00e7ais qui ont encore d\u00e9\u00e7u \u00e0 New-York.","robots":{"index":"index","follow":"follow","max-snippet":"max-snippet:-1","max-image-preview":"max-image-preview:large","max-video-preview":"max-video-preview:-1"},"canonical":"https:\/\/dicodusport.fr\/blog\/us-open-nouvelle-debandade-tricolore\/","og_locale":"fr_FR","og_type":"article","og_title":"US Open : nouvelle d\u00e9bandade tricolore","og_description":"Le dernier Grand Chelem de la saison n'est pas encore termin\u00e9, sauf pour les Fran\u00e7ais qui ont encore d\u00e9\u00e7u \u00e0 New-York.","og_url":"https:\/\/dicodusport.fr\/blog\/us-open-nouvelle-debandade-tricolore\/","og_site_name":"Dicodusport","article_publisher":"https:\/\/www.facebook.com\/dicodusport","article_author":"https:\/\/www.facebook.com\/dicodusport","article_published_time":"2018-09-02T09:59:46+00:00","og_image":[{"width":1200,"height":670,"url":"https:\/\/dicodusport.fr\/blog\/wp-content\/uploads\/2018\/09\/Pouille-Garcia-US-Open.png","type":"image\/png"}],"author":"Nicolas Jacquemard","twitter_card":"summary_large_image","twitter_creator":"@https:\/\/twitter.com\/Nico_Jacquemard","twitter_site":"@dicodusport","schema":{"@context":"https:\/\/schema.org","@graph":[{"@type":"NewsArticle","@id":"https:\/\/dicodusport.fr\/blog\/us-open-nouvelle-debandade-tricolore\/#article","isPartOf":{"@id":"https:\/\/dicodusport.fr\/blog\/us-open-nouvelle-debandade-tricolore\/"},"author":{"name":"Nicolas Jacquemard","@id":"https:\/\/dicodusport.fr\/blog\/#\/schema\/person\/55dcb50ad410894e431ed812bbb70191"},"headline":"US Open : nouvelle d\u00e9bandade tricolore","datePublished":"2018-09-02T09:59:46+00:00","mainEntityOfPage":{"@id":"https:\/\/dicodusport.fr\/blog\/us-open-nouvelle-debandade-tricolore\/"},"wordCount":494,"commentCount":0,"publisher":{"@id":"https:\/\/dicodusport.fr\/blog\/#organization"},"image":{"@id":"https:\/\/dicodusport.fr\/blog\/us-open-nouvelle-debandade-tricolore\/#primaryimage"},"thumbnailUrl":"https:\/\/dicodusport.fr\/blog\/wp-content\/uploads\/2018\/09\/Pouille-Garcia-US-Open.png","keywords":["ATP","Garcia","Mladenovic","monfils","New York","Pouille","US Open","wta"],"articleSection":["Actualit\u00e9s","Sports de raquette","Tennis"],"inLanguage":"fr-FR","potentialAction":[{"@type":"CommentAction","name":"Comment","target":["https:\/\/dicodusport.fr\/blog\/us-open-nouvelle-debandade-tricolore\/#respond"]}],"copyrightYear":"2018","copyrightHolder":{"@id":"https:\/\/dicodusport.fr\/blog\/#organization"}},{"@type":"WebPage","@id":"https:\/\/dicodusport.fr\/blog\/us-open-nouvelle-debandade-tricolore\/","url":"https:\/\/dicodusport.fr\/blog\/us-open-nouvelle-debandade-tricolore\/","name":"US Open : nouvelle d\u00e9bandade tricolore","isPartOf":{"@id":"https:\/\/dicodusport.fr\/blog\/#website"},"primaryImageOfPage":{"@id":"https:\/\/dicodusport.fr\/blog\/us-open-nouvelle-debandade-tricolore\/#primaryimage"},"image":{"@id":"https:\/\/dicodusport.fr\/blog\/us-open-nouvelle-debandade-tricolore\/#primaryimage"},"thumbnailUrl":"https:\/\/dicodusport.fr\/blog\/wp-content\/uploads\/2018\/09\/Pouille-Garcia-US-Open.png","datePublished":"2018-09-02T09:59:46+00:00","description":"Le dernier Grand Chelem de la saison n'est pas encore termin\u00e9, sauf pour les Fran\u00e7ais qui ont encore d\u00e9\u00e7u \u00e0 New-York.","breadcrumb":{"@id":"https:\/\/dicodusport.fr\/blog\/us-open-nouvelle-debandade-tricolore\/#breadcrumb"},"inLanguage":"fr-FR","potentialAction":[{"@type":"ReadAction","target":["https:\/\/dicodusport.fr\/blog\/us-open-nouvelle-debandade-tricolore\/"]}]},{"@type":"ImageObject","inLanguage":"fr-FR","@id":"https:\/\/dicodusport.fr\/blog\/us-open-nouvelle-debandade-tricolore\/#primaryimage","url":"https:\/\/dicodusport.fr\/blog\/wp-content\/uploads\/2018\/09\/Pouille-Garcia-US-Open.png","contentUrl":"https:\/\/dicodusport.fr\/blog\/wp-content\/uploads\/2018\/09\/Pouille-Garcia-US-Open.png","width":1200,"height":670},{"@type":"BreadcrumbList","@id":"https:\/\/dicodusport.fr\/blog\/us-open-nouvelle-debandade-tricolore\/#breadcrumb","itemListElement":[{"@type":"ListItem","position":1,"name":"Accueil","item":"https:\/\/dicodusport.fr\/blog\/"},{"@type":"ListItem","position":2,"name":"US Open : nouvelle d\u00e9bandade tricolore"}]},{"@type":"WebSite","@id":"https:\/\/dicodusport.fr\/blog\/#website","url":"https:\/\/dicodusport.fr\/blog\/","name":"Dicodusport","description":"L&#039;encyclop\u00e9die de l&#039;actualit\u00e9 sportive","publisher":{"@id":"https:\/\/dicodusport.fr\/blog\/#organization"},"potentialAction":[{"@type":"SearchAction","target":{"@type":"EntryPoint","urlTemplate":"https:\/\/dicodusport.fr\/blog\/?s={search_term_string}"},"query-input":{"@type":"PropertyValueSpecification","valueRequired":true,"valueName":"search_term_string"}}],"inLanguage":"fr-FR"},{"@type":"NewsMediaOrganization","@id":"https:\/\/dicodusport.fr\/blog\/#organization","name":"Dicodusport","url":"https:\/\/dicodusport.fr\/blog\/","logo":{"@type":"ImageObject","inLanguage":"fr-FR","@id":"https:\/\/dicodusport.fr\/blog\/#\/schema\/logo\/image\/","url":"https:\/\/dicodusport.fr\/blog\/wp-content\/uploads\/2020\/06\/cropped-LOGO-DICODUSPORT-2020-SANS-FOND-SANS-TEXTE.png","contentUrl":"https:\/\/dicodusport.fr\/blog\/wp-content\/uploads\/2020\/06\/cropped-LOGO-DICODUSPORT-2020-SANS-FOND-SANS-TEXTE.png","width":512,"height":512,"caption":"Dicodusport"},"image":{"@id":"https:\/\/dicodusport.fr\/blog\/#\/schema\/logo\/image\/"},"sameAs":["https:\/\/www.facebook.com\/dicodusport","https:\/\/x.com\/dicodusport","https:\/\/www.instagram.com\/dicodusport\/","https:\/\/www.youtube.com\/channel\/UC7V2KZ5sd3htJivAbA4ZG3w"],"description":"Dicodusport est l'encyclop\u00e9die de l'actualit\u00e9 sportive.","email":"bonjour@dicodusport.fr","legalName":"DICODUSPORT","foundingDate":"2018-01-14","vatID":"FR71834470973","taxID":"83447097300043","numberOfEmployees":{"@type":"QuantitativeValue","minValue":"1","maxValue":"10"}},{"@type":"Person","@id":"https:\/\/dicodusport.fr\/blog\/#\/schema\/person\/55dcb50ad410894e431ed812bbb70191","name":"Nicolas Jacquemard","image":{"@type":"ImageObject","inLanguage":"fr-FR","@id":"https:\/\/dicodusport.fr\/blog\/#\/schema\/person\/image\/","url":"https:\/\/dicodusport.fr\/blog\/wp-content\/uploads\/2021\/05\/Nicolas-Jacquemard-150x150.jpeg","contentUrl":"https:\/\/dicodusport.fr\/blog\/wp-content\/uploads\/2021\/05\/Nicolas-Jacquemard-150x150.jpeg","caption":"Nicolas Jacquemard"},"description":"Passionn\u00e9 de sport et entrepreneur depuis mes 18 ans, la cr\u00e9ation de Dicodusport m'a sembl\u00e9 \u00e9vidente pour participer \u00e0 la m\u00e9diatisation d'un plus grand nombre de sports. Le chemin est long mais avec une \u00e9quipe des plus motiv\u00e9es et les Jeux Olympiques de Paris 2024 en point de mire, nous y arriverons ! Journaliste dans le monde du sport depuis plus de 5 ans, je traite aussi bien de football, de rugby, de biathlon que de cyclisme.","sameAs":["https:\/\/www.facebook.com\/dicodusport","https:\/\/x.com\/https:\/\/twitter.com\/Nico_Jacquemard"],"url":"https:\/\/dicodusport.fr\/blog\/author\/dicodusport\/"}]}},"_links":{"self":[{"href":"https:\/\/dicodusport.fr\/blog\/wp-json\/wp\/v2\/posts\/24939","targetHints":{"allow":["GET"]}}],"collection":[{"href":"https:\/\/dicodusport.fr\/blog\/wp-json\/wp\/v2\/posts"}],"about":[{"href":"https:\/\/dicodusport.fr\/blog\/wp-json\/wp\/v2\/types\/post"}],"author":[{"embeddable":true,"href":"https:\/\/dicodusport.fr\/blog\/wp-json\/wp\/v2\/users\/1"}],"replies":[{"embeddable":true,"href":"https:\/\/dicodusport.fr\/blog\/wp-json\/wp\/v2\/comments?post=24939"}],"version-history":[{"count":0,"href":"https:\/\/dicodusport.fr\/blog\/wp-json\/wp\/v2\/posts\/24939\/revisions"}],"wp:featuredmedia":[{"embeddable":true,"href":"https:\/\/dicodusport.fr\/blog\/wp-json\/wp\/v2\/media\/24947"}],"wp:attachment":[{"href":"https:\/\/dicodusport.fr\/blog\/wp-json\/wp\/v2\/media?parent=24939"}],"wp:term":[{"taxonomy":"category","embeddable":true,"href":"https:\/\/dicodusport.fr\/blog\/wp-json\/wp\/v2\/categories?post=24939"},{"taxonomy":"post_tag","embeddable":true,"href":"https:\/\/dicodusport.fr\/blog\/wp-json\/wp\/v2\/tags?post=24939"}],"curies":[{"name":"wp","href":"https:\/\/api.w.org\/{rel}","templated":true}]}}