{"id":249489,"date":"2022-08-05T14:28:01","date_gmt":"2022-08-05T12:28:01","guid":{"rendered":"https:\/\/dicodusport.fr\/blog\/?p=249489&#038;preview=true&#038;preview_id=249489"},"modified":"2022-08-05T14:29:11","modified_gmt":"2022-08-05T12:29:11","slug":"rafael-nadal-forfait-a-son-tour-pour-le-masters-1000-de-montreal","status":"publish","type":"post","link":"https:\/\/dicodusport.fr\/blog\/rafael-nadal-forfait-a-son-tour-pour-le-masters-1000-de-montreal\/","title":{"rendered":"Rafael Nadal forfait \u00e0 son tour pour le Masters 1000 de Montr\u00e9al"},"content":{"rendered":"<p style=\"text-align: justify;\"><b><i>SAISON ATP 2022 &#8211; En 24 heures, l&rsquo;Open du Canada vient de perdre ses deux t\u00eates d&rsquo;affiche. Apr\u00e8s le forfait de Novak Djokovic pour raisons sanitaires, c&rsquo;est Rafael Nadal, insuffisamment remis de sa blessure aux abdominaux, qui doit renoncer.<\/i><\/b><\/p>\n<p style=\"text-align: justify;\">Apr\u00e8s <a href=\"https:\/\/dicodusport.fr\/blog\/novak-djokovic-absent-du-masters-1000-de-montreal\/\">le forfait de <strong>Novak Djokovic<\/strong><\/a> (pour des raisons li\u00e9es \u00e0 la vaccination contre le Covid-19), c&rsquo;est une autre absence de marque pour le Masters 1000 de Montr\u00e9al. <strong>Rafael Nadal<\/strong>, pas totalement remis de la d\u00e9chirure aux abdominaux <a href=\"https:\/\/dicodusport.fr\/blog\/wimbledon-2022-rafael-nadal-forfait-pour-sa-demi-finale\/\">qui l&rsquo;avait vu d\u00e9clarer forfait en demi-finales \u00e0 Wimbledon,<\/a> doit renoncer \u00e0 un tournoi qu&rsquo;il a remport\u00e9 \u00e0 cinq reprises. Cette blessure s&rsquo;annonce comme un tournant dans la saison de l&rsquo;Espagnol. Ce dernier a toutefois d\u00e9clar\u00e9 qu&rsquo;il ferait son maximum pour \u00eatre pr\u00e9sent au Masters 1000 suivant, \u00e0 Cincinnati (15-21 ao\u00fbt). N\u00e9anmoins, l&rsquo;incertitude demeure, et lui aussi pourrait bien faire une croix sur le prochain US Open (29 ao\u00fbt &#8211; 11 septembre) s&rsquo;il ne se r\u00e9tablit pas correctement. Ainsi, le tournoi canadien vient de s&rsquo;ouvrir brutalement, puisque <strong>Alexander Zverev<\/strong> sera aussi absent. <strong>Daniil Medvedev<\/strong> dispose ainsi d&rsquo;une opportunit\u00e9 en or de consolider sa premi\u00e8re place mondiale.<\/p>\n<blockquote class=\"twitter-tweet\">\n<p dir=\"ltr\" lang=\"fr\">&#x1f6a8; OFFICIEL ! Incertain depuis son abandon \u00e0 Wimbledon, Rafael Nadal annonce officiellement son FORFAIT et se retire du Masters 1000 de Montreal. &#x274c;&#xfe0f;&#x1f1e8;&#x1f1e6; <a href=\"https:\/\/t.co\/nHjQ0iduFd\">pic.twitter.com\/nHjQ0iduFd<\/a><\/p>\n<p>\u2014 Univers Tennis &#x1f3be; (@UniversTennis) <a href=\"https:\/\/twitter.com\/UniversTennis\/status\/1555528226079899648?ref_src=twsrc%5Etfw\">August 5, 2022<\/a><\/p><\/blockquote>\n<p style=\"text-align: justify;\"><script async src=\"https:\/\/platform.twitter.com\/widgets.js\" charset=\"utf-8\"><\/script><\/p>\n","protected":false},"excerpt":{"rendered":"<p>SAISON ATP 2022 &#8211; En 24 heures, l&rsquo;Open du Canada vient de perdre ses deux t\u00eates d&rsquo;affiche. Apr\u00e8s le forfait de Novak Djokovic pour raisons sanitaires, c&rsquo;est Rafael Nadal, insuffisamment remis de sa blessure aux abdominaux, qui doit renoncer.<\/p>\n","protected":false},"author":59,"featured_media":249496,"comment_status":"open","ping_status":"closed","sticky":false,"template":"","format":"standard","meta":{"_acf_changed":false,"_daextam_enable_autolinks":"","footnotes":""},"categories":[2302],"tags":[25545,3223],"class_list":["post-249489","post","type-post","status-publish","format-standard","has-post-thumbnail","hentry","category-tennis","tag-masters-1000-de-montreal","tag-rafael-nadal"],"acf":[],"yoast_head":"<!-- This site is optimized with the Yoast SEO Premium plugin v26.7 (Yoast SEO v26.7) - https:\/\/yoast.com\/wordpress\/plugins\/seo\/ -->\n<title>Rafael Nadal forfait \u00e0 son tour pour le Masters 1000 de Montr\u00e9al<\/title>\n<meta name=\"description\" content=\"SAISON ATP 2022 - Apr\u00e8s le forfait de Novak Djokovic, c&#039;est Rafael Nadal, pas remis de sa blessure aux abdominaux, qui doit renoncer.\" \/>\n<meta name=\"robots\" content=\"index, follow, max-snippet:-1, max-image-preview:large, max-video-preview:-1\" \/>\n<link rel=\"canonical\" href=\"https:\/\/dicodusport.fr\/blog\/rafael-nadal-forfait-a-son-tour-pour-le-masters-1000-de-montreal\/\" \/>\n<meta property=\"og:locale\" content=\"fr_FR\" \/>\n<meta property=\"og:type\" content=\"article\" \/>\n<meta property=\"og:title\" content=\"Rafael Nadal forfait \u00e0 son tour pour le Masters 1000 de Montr\u00e9al\" \/>\n<meta property=\"og:description\" content=\"SAISON ATP 2022 - Apr\u00e8s le forfait de Novak Djokovic, c&#039;est Rafael Nadal, pas remis de sa blessure aux abdominaux, qui doit renoncer.\" \/>\n<meta property=\"og:url\" content=\"https:\/\/dicodusport.fr\/blog\/rafael-nadal-forfait-a-son-tour-pour-le-masters-1000-de-montreal\/\" \/>\n<meta property=\"og:site_name\" content=\"Dicodusport\" \/>\n<meta property=\"article:publisher\" content=\"https:\/\/www.facebook.com\/dicodusport\" \/>\n<meta property=\"article:author\" content=\"https:\/\/www.facebook.com\/sebastien.gente\/\" \/>\n<meta property=\"article:published_time\" content=\"2022-08-05T12:28:01+00:00\" \/>\n<meta property=\"article:modified_time\" content=\"2022-08-05T12:29:11+00:00\" \/>\n<meta property=\"og:image\" content=\"https:\/\/dicodusport.fr\/blog\/wp-content\/uploads\/2022\/08\/Rafael-Nadal-forfait-a-son-tour-pour-le-Masters-1000-de-Montreal.png\" \/>\n\t<meta property=\"og:image:width\" content=\"800\" \/>\n\t<meta property=\"og:image:height\" content=\"445\" \/>\n\t<meta property=\"og:image:type\" content=\"image\/png\" \/>\n<meta name=\"author\" content=\"S\u00e9bastien Gente\" \/>\n<meta name=\"twitter:card\" content=\"summary_large_image\" \/>\n<meta name=\"twitter:title\" content=\"Rafael Nadal forfait \u00e0 son tour pour le Masters 1000 de Montr\u00e9al\" \/>\n<meta name=\"twitter:creator\" content=\"@https:\/\/twitter.com\/globulo24\" \/>\n<meta name=\"twitter:site\" content=\"@dicodusport\" \/>\n<script type=\"application\/ld+json\" class=\"yoast-schema-graph\">{\"@context\":\"https:\/\/schema.org\",\"@graph\":[{\"@type\":\"NewsArticle\",\"@id\":\"https:\/\/dicodusport.fr\/blog\/rafael-nadal-forfait-a-son-tour-pour-le-masters-1000-de-montreal\/#article\",\"isPartOf\":{\"@id\":\"https:\/\/dicodusport.fr\/blog\/rafael-nadal-forfait-a-son-tour-pour-le-masters-1000-de-montreal\/\"},\"author\":{\"name\":\"S\u00e9bastien Gente\",\"@id\":\"https:\/\/dicodusport.fr\/blog\/#\/schema\/person\/627966a6cde45dbd8c5e36ac85d783da\"},\"headline\":\"Rafael Nadal forfait \u00e0 son tour pour le Masters 1000 de Montr\u00e9al\",\"datePublished\":\"2022-08-05T12:28:01+00:00\",\"dateModified\":\"2022-08-05T12:29:11+00:00\",\"mainEntityOfPage\":{\"@id\":\"https:\/\/dicodusport.fr\/blog\/rafael-nadal-forfait-a-son-tour-pour-le-masters-1000-de-montreal\/\"},\"wordCount\":254,\"commentCount\":0,\"publisher\":{\"@id\":\"https:\/\/dicodusport.fr\/blog\/#organization\"},\"image\":{\"@id\":\"https:\/\/dicodusport.fr\/blog\/rafael-nadal-forfait-a-son-tour-pour-le-masters-1000-de-montreal\/#primaryimage\"},\"thumbnailUrl\":\"https:\/\/dicodusport.fr\/blog\/wp-content\/uploads\/2022\/08\/Rafael-Nadal-forfait-a-son-tour-pour-le-Masters-1000-de-Montreal.png\",\"keywords\":[\"Masters 1000 de Montr\u00e9al\",\"Rafael Nadal\"],\"articleSection\":[\"Tennis\"],\"inLanguage\":\"fr-FR\",\"potentialAction\":[{\"@type\":\"CommentAction\",\"name\":\"Comment\",\"target\":[\"https:\/\/dicodusport.fr\/blog\/rafael-nadal-forfait-a-son-tour-pour-le-masters-1000-de-montreal\/#respond\"]}],\"copyrightYear\":\"2022\",\"copyrightHolder\":{\"@id\":\"https:\/\/dicodusport.fr\/blog\/#organization\"}},{\"@type\":\"WebPage\",\"@id\":\"https:\/\/dicodusport.fr\/blog\/rafael-nadal-forfait-a-son-tour-pour-le-masters-1000-de-montreal\/\",\"url\":\"https:\/\/dicodusport.fr\/blog\/rafael-nadal-forfait-a-son-tour-pour-le-masters-1000-de-montreal\/\",\"name\":\"Rafael Nadal forfait \u00e0 son tour pour le Masters 1000 de Montr\u00e9al\",\"isPartOf\":{\"@id\":\"https:\/\/dicodusport.fr\/blog\/#website\"},\"primaryImageOfPage\":{\"@id\":\"https:\/\/dicodusport.fr\/blog\/rafael-nadal-forfait-a-son-tour-pour-le-masters-1000-de-montreal\/#primaryimage\"},\"image\":{\"@id\":\"https:\/\/dicodusport.fr\/blog\/rafael-nadal-forfait-a-son-tour-pour-le-masters-1000-de-montreal\/#primaryimage\"},\"thumbnailUrl\":\"https:\/\/dicodusport.fr\/blog\/wp-content\/uploads\/2022\/08\/Rafael-Nadal-forfait-a-son-tour-pour-le-Masters-1000-de-Montreal.png\",\"datePublished\":\"2022-08-05T12:28:01+00:00\",\"dateModified\":\"2022-08-05T12:29:11+00:00\",\"description\":\"SAISON ATP 2022 - Apr\u00e8s le forfait de Novak Djokovic, c'est Rafael Nadal, pas remis de sa blessure aux abdominaux, qui doit renoncer.\",\"breadcrumb\":{\"@id\":\"https:\/\/dicodusport.fr\/blog\/rafael-nadal-forfait-a-son-tour-pour-le-masters-1000-de-montreal\/#breadcrumb\"},\"inLanguage\":\"fr-FR\",\"potentialAction\":[{\"@type\":\"ReadAction\",\"target\":[\"https:\/\/dicodusport.fr\/blog\/rafael-nadal-forfait-a-son-tour-pour-le-masters-1000-de-montreal\/\"]}]},{\"@type\":\"ImageObject\",\"inLanguage\":\"fr-FR\",\"@id\":\"https:\/\/dicodusport.fr\/blog\/rafael-nadal-forfait-a-son-tour-pour-le-masters-1000-de-montreal\/#primaryimage\",\"url\":\"https:\/\/dicodusport.fr\/blog\/wp-content\/uploads\/2022\/08\/Rafael-Nadal-forfait-a-son-tour-pour-le-Masters-1000-de-Montreal.png\",\"contentUrl\":\"https:\/\/dicodusport.fr\/blog\/wp-content\/uploads\/2022\/08\/Rafael-Nadal-forfait-a-son-tour-pour-le-Masters-1000-de-Montreal.png\",\"width\":800,\"height\":445,\"caption\":\"Rafael Nadal forfait \u00e0 son tour pour le Masters 1000 de Montr\u00e9al\"},{\"@type\":\"BreadcrumbList\",\"@id\":\"https:\/\/dicodusport.fr\/blog\/rafael-nadal-forfait-a-son-tour-pour-le-masters-1000-de-montreal\/#breadcrumb\",\"itemListElement\":[{\"@type\":\"ListItem\",\"position\":1,\"name\":\"Accueil\",\"item\":\"https:\/\/dicodusport.fr\/blog\/\"},{\"@type\":\"ListItem\",\"position\":2,\"name\":\"Rafael Nadal forfait \u00e0 son tour pour le Masters 1000 de Montr\u00e9al\"}]},{\"@type\":\"WebSite\",\"@id\":\"https:\/\/dicodusport.fr\/blog\/#website\",\"url\":\"https:\/\/dicodusport.fr\/blog\/\",\"name\":\"Dicodusport\",\"description\":\"L&#039;encyclop\u00e9die de l&#039;actualit\u00e9 sportive\",\"publisher\":{\"@id\":\"https:\/\/dicodusport.fr\/blog\/#organization\"},\"potentialAction\":[{\"@type\":\"SearchAction\",\"target\":{\"@type\":\"EntryPoint\",\"urlTemplate\":\"https:\/\/dicodusport.fr\/blog\/?s={search_term_string}\"},\"query-input\":{\"@type\":\"PropertyValueSpecification\",\"valueRequired\":true,\"valueName\":\"search_term_string\"}}],\"inLanguage\":\"fr-FR\"},{\"@type\":\"NewsMediaOrganization\",\"@id\":\"https:\/\/dicodusport.fr\/blog\/#organization\",\"name\":\"Dicodusport\",\"url\":\"https:\/\/dicodusport.fr\/blog\/\",\"logo\":{\"@type\":\"ImageObject\",\"inLanguage\":\"fr-FR\",\"@id\":\"https:\/\/dicodusport.fr\/blog\/#\/schema\/logo\/image\/\",\"url\":\"https:\/\/dicodusport.fr\/blog\/wp-content\/uploads\/2020\/06\/cropped-LOGO-DICODUSPORT-2020-SANS-FOND-SANS-TEXTE.png\",\"contentUrl\":\"https:\/\/dicodusport.fr\/blog\/wp-content\/uploads\/2020\/06\/cropped-LOGO-DICODUSPORT-2020-SANS-FOND-SANS-TEXTE.png\",\"width\":512,\"height\":512,\"caption\":\"Dicodusport\"},\"image\":{\"@id\":\"https:\/\/dicodusport.fr\/blog\/#\/schema\/logo\/image\/\"},\"sameAs\":[\"https:\/\/www.facebook.com\/dicodusport\",\"https:\/\/x.com\/dicodusport\",\"https:\/\/www.instagram.com\/dicodusport\/\",\"https:\/\/www.youtube.com\/channel\/UC7V2KZ5sd3htJivAbA4ZG3w\"],\"description\":\"Dicodusport est l'encyclop\u00e9die de l'actualit\u00e9 sportive.\",\"email\":\"bonjour@dicodusport.fr\",\"legalName\":\"DICODUSPORT\",\"foundingDate\":\"2018-01-14\",\"vatID\":\"FR71834470973\",\"taxID\":\"83447097300043\",\"numberOfEmployees\":{\"@type\":\"QuantitativeValue\",\"minValue\":\"1\",\"maxValue\":\"10\"}},{\"@type\":\"Person\",\"@id\":\"https:\/\/dicodusport.fr\/blog\/#\/schema\/person\/627966a6cde45dbd8c5e36ac85d783da\",\"name\":\"S\u00e9bastien Gente\",\"image\":{\"@type\":\"ImageObject\",\"inLanguage\":\"fr-FR\",\"@id\":\"https:\/\/dicodusport.fr\/blog\/#\/schema\/person\/image\/\",\"url\":\"https:\/\/dicodusport.fr\/blog\/wp-content\/uploads\/2021\/09\/1510990_10205810251400683_4124423575079401707_n-150x150.jpg\",\"contentUrl\":\"https:\/\/dicodusport.fr\/blog\/wp-content\/uploads\/2021\/09\/1510990_10205810251400683_4124423575079401707_n-150x150.jpg\",\"caption\":\"S\u00e9bastien Gente\"},\"description\":\"John Stockton, Gianni Bugno, Zinedine Zidane, Steffi Graf, Frode Andresen, St\u00e9phane Stoecklin, Davis Kamoga, Primoz Peterka, Werner Schlager et Aur\u00e9lien Rougerie. Point commun entre ces sportifs? Ils m'ont fait r\u00eaver et ont berc\u00e9 mon adolescence. Je suis un fondu de sports et j'essaie de retranscrire ma passion \u00e0 travers mes articles. Originaire du P\u00e9rigord, ma passion pour les Girondins, les Jaunards et les Jazzmen transpire dans mes \u00e9crits. \u00c0 Dicodusport depuis 2021, je d\u00e9niche les sports m\u00e9connus dans lesquels la France brille, et il y en a !\",\"sameAs\":[\"https:\/\/www.facebook.com\/sebastien.gente\/\",\"https:\/\/www.instagram.com\/sebgente\/\",\"https:\/\/www.linkedin.com\/in\/sbastien-gente-a29583169\/\",\"https:\/\/x.com\/https:\/\/twitter.com\/globulo24\",\"SebastienGente\"],\"worksFor\":\"S\u00e9bastien GENTE\",\"url\":\"https:\/\/dicodusport.fr\/blog\/author\/sebastiengente\/\"}]}<\/script>\n<!-- \/ Yoast SEO Premium plugin. -->","yoast_head_json":{"title":"Rafael Nadal forfait \u00e0 son tour pour le Masters 1000 de Montr\u00e9al","description":"SAISON ATP 2022 - Apr\u00e8s le forfait de Novak Djokovic, c'est Rafael Nadal, pas remis de sa blessure aux abdominaux, qui doit renoncer.","robots":{"index":"index","follow":"follow","max-snippet":"max-snippet:-1","max-image-preview":"max-image-preview:large","max-video-preview":"max-video-preview:-1"},"canonical":"https:\/\/dicodusport.fr\/blog\/rafael-nadal-forfait-a-son-tour-pour-le-masters-1000-de-montreal\/","og_locale":"fr_FR","og_type":"article","og_title":"Rafael Nadal forfait \u00e0 son tour pour le Masters 1000 de Montr\u00e9al","og_description":"SAISON ATP 2022 - Apr\u00e8s le forfait de Novak Djokovic, c'est Rafael Nadal, pas remis de sa blessure aux abdominaux, qui doit renoncer.","og_url":"https:\/\/dicodusport.fr\/blog\/rafael-nadal-forfait-a-son-tour-pour-le-masters-1000-de-montreal\/","og_site_name":"Dicodusport","article_publisher":"https:\/\/www.facebook.com\/dicodusport","article_author":"https:\/\/www.facebook.com\/sebastien.gente\/","article_published_time":"2022-08-05T12:28:01+00:00","article_modified_time":"2022-08-05T12:29:11+00:00","og_image":[{"width":800,"height":445,"url":"https:\/\/dicodusport.fr\/blog\/wp-content\/uploads\/2022\/08\/Rafael-Nadal-forfait-a-son-tour-pour-le-Masters-1000-de-Montreal.png","type":"image\/png"}],"author":"S\u00e9bastien Gente","twitter_card":"summary_large_image","twitter_title":"Rafael Nadal forfait \u00e0 son tour pour le Masters 1000 de Montr\u00e9al","twitter_creator":"@https:\/\/twitter.com\/globulo24","twitter_site":"@dicodusport","schema":{"@context":"https:\/\/schema.org","@graph":[{"@type":"NewsArticle","@id":"https:\/\/dicodusport.fr\/blog\/rafael-nadal-forfait-a-son-tour-pour-le-masters-1000-de-montreal\/#article","isPartOf":{"@id":"https:\/\/dicodusport.fr\/blog\/rafael-nadal-forfait-a-son-tour-pour-le-masters-1000-de-montreal\/"},"author":{"name":"S\u00e9bastien Gente","@id":"https:\/\/dicodusport.fr\/blog\/#\/schema\/person\/627966a6cde45dbd8c5e36ac85d783da"},"headline":"Rafael Nadal forfait \u00e0 son tour pour le Masters 1000 de Montr\u00e9al","datePublished":"2022-08-05T12:28:01+00:00","dateModified":"2022-08-05T12:29:11+00:00","mainEntityOfPage":{"@id":"https:\/\/dicodusport.fr\/blog\/rafael-nadal-forfait-a-son-tour-pour-le-masters-1000-de-montreal\/"},"wordCount":254,"commentCount":0,"publisher":{"@id":"https:\/\/dicodusport.fr\/blog\/#organization"},"image":{"@id":"https:\/\/dicodusport.fr\/blog\/rafael-nadal-forfait-a-son-tour-pour-le-masters-1000-de-montreal\/#primaryimage"},"thumbnailUrl":"https:\/\/dicodusport.fr\/blog\/wp-content\/uploads\/2022\/08\/Rafael-Nadal-forfait-a-son-tour-pour-le-Masters-1000-de-Montreal.png","keywords":["Masters 1000 de Montr\u00e9al","Rafael Nadal"],"articleSection":["Tennis"],"inLanguage":"fr-FR","potentialAction":[{"@type":"CommentAction","name":"Comment","target":["https:\/\/dicodusport.fr\/blog\/rafael-nadal-forfait-a-son-tour-pour-le-masters-1000-de-montreal\/#respond"]}],"copyrightYear":"2022","copyrightHolder":{"@id":"https:\/\/dicodusport.fr\/blog\/#organization"}},{"@type":"WebPage","@id":"https:\/\/dicodusport.fr\/blog\/rafael-nadal-forfait-a-son-tour-pour-le-masters-1000-de-montreal\/","url":"https:\/\/dicodusport.fr\/blog\/rafael-nadal-forfait-a-son-tour-pour-le-masters-1000-de-montreal\/","name":"Rafael Nadal forfait \u00e0 son tour pour le Masters 1000 de Montr\u00e9al","isPartOf":{"@id":"https:\/\/dicodusport.fr\/blog\/#website"},"primaryImageOfPage":{"@id":"https:\/\/dicodusport.fr\/blog\/rafael-nadal-forfait-a-son-tour-pour-le-masters-1000-de-montreal\/#primaryimage"},"image":{"@id":"https:\/\/dicodusport.fr\/blog\/rafael-nadal-forfait-a-son-tour-pour-le-masters-1000-de-montreal\/#primaryimage"},"thumbnailUrl":"https:\/\/dicodusport.fr\/blog\/wp-content\/uploads\/2022\/08\/Rafael-Nadal-forfait-a-son-tour-pour-le-Masters-1000-de-Montreal.png","datePublished":"2022-08-05T12:28:01+00:00","dateModified":"2022-08-05T12:29:11+00:00","description":"SAISON ATP 2022 - Apr\u00e8s le forfait de Novak Djokovic, c'est Rafael Nadal, pas remis de sa blessure aux abdominaux, qui doit renoncer.","breadcrumb":{"@id":"https:\/\/dicodusport.fr\/blog\/rafael-nadal-forfait-a-son-tour-pour-le-masters-1000-de-montreal\/#breadcrumb"},"inLanguage":"fr-FR","potentialAction":[{"@type":"ReadAction","target":["https:\/\/dicodusport.fr\/blog\/rafael-nadal-forfait-a-son-tour-pour-le-masters-1000-de-montreal\/"]}]},{"@type":"ImageObject","inLanguage":"fr-FR","@id":"https:\/\/dicodusport.fr\/blog\/rafael-nadal-forfait-a-son-tour-pour-le-masters-1000-de-montreal\/#primaryimage","url":"https:\/\/dicodusport.fr\/blog\/wp-content\/uploads\/2022\/08\/Rafael-Nadal-forfait-a-son-tour-pour-le-Masters-1000-de-Montreal.png","contentUrl":"https:\/\/dicodusport.fr\/blog\/wp-content\/uploads\/2022\/08\/Rafael-Nadal-forfait-a-son-tour-pour-le-Masters-1000-de-Montreal.png","width":800,"height":445,"caption":"Rafael Nadal forfait \u00e0 son tour pour le Masters 1000 de Montr\u00e9al"},{"@type":"BreadcrumbList","@id":"https:\/\/dicodusport.fr\/blog\/rafael-nadal-forfait-a-son-tour-pour-le-masters-1000-de-montreal\/#breadcrumb","itemListElement":[{"@type":"ListItem","position":1,"name":"Accueil","item":"https:\/\/dicodusport.fr\/blog\/"},{"@type":"ListItem","position":2,"name":"Rafael Nadal forfait \u00e0 son tour pour le Masters 1000 de Montr\u00e9al"}]},{"@type":"WebSite","@id":"https:\/\/dicodusport.fr\/blog\/#website","url":"https:\/\/dicodusport.fr\/blog\/","name":"Dicodusport","description":"L&#039;encyclop\u00e9die de l&#039;actualit\u00e9 sportive","publisher":{"@id":"https:\/\/dicodusport.fr\/blog\/#organization"},"potentialAction":[{"@type":"SearchAction","target":{"@type":"EntryPoint","urlTemplate":"https:\/\/dicodusport.fr\/blog\/?s={search_term_string}"},"query-input":{"@type":"PropertyValueSpecification","valueRequired":true,"valueName":"search_term_string"}}],"inLanguage":"fr-FR"},{"@type":"NewsMediaOrganization","@id":"https:\/\/dicodusport.fr\/blog\/#organization","name":"Dicodusport","url":"https:\/\/dicodusport.fr\/blog\/","logo":{"@type":"ImageObject","inLanguage":"fr-FR","@id":"https:\/\/dicodusport.fr\/blog\/#\/schema\/logo\/image\/","url":"https:\/\/dicodusport.fr\/blog\/wp-content\/uploads\/2020\/06\/cropped-LOGO-DICODUSPORT-2020-SANS-FOND-SANS-TEXTE.png","contentUrl":"https:\/\/dicodusport.fr\/blog\/wp-content\/uploads\/2020\/06\/cropped-LOGO-DICODUSPORT-2020-SANS-FOND-SANS-TEXTE.png","width":512,"height":512,"caption":"Dicodusport"},"image":{"@id":"https:\/\/dicodusport.fr\/blog\/#\/schema\/logo\/image\/"},"sameAs":["https:\/\/www.facebook.com\/dicodusport","https:\/\/x.com\/dicodusport","https:\/\/www.instagram.com\/dicodusport\/","https:\/\/www.youtube.com\/channel\/UC7V2KZ5sd3htJivAbA4ZG3w"],"description":"Dicodusport est l'encyclop\u00e9die de l'actualit\u00e9 sportive.","email":"bonjour@dicodusport.fr","legalName":"DICODUSPORT","foundingDate":"2018-01-14","vatID":"FR71834470973","taxID":"83447097300043","numberOfEmployees":{"@type":"QuantitativeValue","minValue":"1","maxValue":"10"}},{"@type":"Person","@id":"https:\/\/dicodusport.fr\/blog\/#\/schema\/person\/627966a6cde45dbd8c5e36ac85d783da","name":"S\u00e9bastien Gente","image":{"@type":"ImageObject","inLanguage":"fr-FR","@id":"https:\/\/dicodusport.fr\/blog\/#\/schema\/person\/image\/","url":"https:\/\/dicodusport.fr\/blog\/wp-content\/uploads\/2021\/09\/1510990_10205810251400683_4124423575079401707_n-150x150.jpg","contentUrl":"https:\/\/dicodusport.fr\/blog\/wp-content\/uploads\/2021\/09\/1510990_10205810251400683_4124423575079401707_n-150x150.jpg","caption":"S\u00e9bastien Gente"},"description":"John Stockton, Gianni Bugno, Zinedine Zidane, Steffi Graf, Frode Andresen, St\u00e9phane Stoecklin, Davis Kamoga, Primoz Peterka, Werner Schlager et Aur\u00e9lien Rougerie. Point commun entre ces sportifs? Ils m'ont fait r\u00eaver et ont berc\u00e9 mon adolescence. Je suis un fondu de sports et j'essaie de retranscrire ma passion \u00e0 travers mes articles. Originaire du P\u00e9rigord, ma passion pour les Girondins, les Jaunards et les Jazzmen transpire dans mes \u00e9crits. \u00c0 Dicodusport depuis 2021, je d\u00e9niche les sports m\u00e9connus dans lesquels la France brille, et il y en a !","sameAs":["https:\/\/www.facebook.com\/sebastien.gente\/","https:\/\/www.instagram.com\/sebgente\/","https:\/\/www.linkedin.com\/in\/sbastien-gente-a29583169\/","https:\/\/x.com\/https:\/\/twitter.com\/globulo24","SebastienGente"],"worksFor":"S\u00e9bastien GENTE","url":"https:\/\/dicodusport.fr\/blog\/author\/sebastiengente\/"}]}},"_links":{"self":[{"href":"https:\/\/dicodusport.fr\/blog\/wp-json\/wp\/v2\/posts\/249489","targetHints":{"allow":["GET"]}}],"collection":[{"href":"https:\/\/dicodusport.fr\/blog\/wp-json\/wp\/v2\/posts"}],"about":[{"href":"https:\/\/dicodusport.fr\/blog\/wp-json\/wp\/v2\/types\/post"}],"author":[{"embeddable":true,"href":"https:\/\/dicodusport.fr\/blog\/wp-json\/wp\/v2\/users\/59"}],"replies":[{"embeddable":true,"href":"https:\/\/dicodusport.fr\/blog\/wp-json\/wp\/v2\/comments?post=249489"}],"version-history":[{"count":0,"href":"https:\/\/dicodusport.fr\/blog\/wp-json\/wp\/v2\/posts\/249489\/revisions"}],"wp:featuredmedia":[{"embeddable":true,"href":"https:\/\/dicodusport.fr\/blog\/wp-json\/wp\/v2\/media\/249496"}],"wp:attachment":[{"href":"https:\/\/dicodusport.fr\/blog\/wp-json\/wp\/v2\/media?parent=249489"}],"wp:term":[{"taxonomy":"category","embeddable":true,"href":"https:\/\/dicodusport.fr\/blog\/wp-json\/wp\/v2\/categories?post=249489"},{"taxonomy":"post_tag","embeddable":true,"href":"https:\/\/dicodusport.fr\/blog\/wp-json\/wp\/v2\/tags?post=249489"}],"curies":[{"name":"wp","href":"https:\/\/api.w.org\/{rel}","templated":true}]}}