{"id":249602,"date":"2022-08-05T19:14:43","date_gmt":"2022-08-05T17:14:43","guid":{"rendered":"https:\/\/dicodusport.fr\/blog\/?p=249602&#038;preview=true&#038;preview_id=249602"},"modified":"2022-08-05T19:18:18","modified_gmt":"2022-08-05T17:18:18","slug":"mercato-zach-mercer-va-quitter-le-mhr-a-la-fin-de-la-saison-prochaine","status":"publish","type":"post","link":"https:\/\/dicodusport.fr\/blog\/mercato-zach-mercer-va-quitter-le-mhr-a-la-fin-de-la-saison-prochaine\/","title":{"rendered":"Mercato : Zach Mercer va quitter le MHR \u00e0 la fin de la saison prochaine"},"content":{"rendered":"<p style=\"text-align: justify;\"><b><i>RUGBY \u00c0 XV &#8211; Selon The Telegraph, Zach Mercer devrait quitter le MHR \u00e0 la fin de la saison prochaine pour rejoindre Gloucester. <\/i><\/b><\/p>\n<p style=\"text-align: justify;\">Sous contrat encore un an, <strong>Zach Mercer<\/strong> sera bien au <strong>Montpellier HR<\/strong> la saison prochaine. Mais cela devrait bien \u00eatre son dernier exercice avec <a href=\"https:\/\/dicodusport.fr\/blog\/finale-top-14-montpellier-domine-castres-et-remporte-son-premier-brennus\/\">le champion de France en titre<\/a>. Selon le m\u00e9dia anglais <a href=\"https:\/\/www.telegraph.co.uk\/rugby-union\/2022\/08\/05\/exclusive-gloucester-front-runners-sign-zach-mercer-ahead-2023\/\" target=\"_blank\" rel=\"nofollow noopener\"><em>The Telegraph<\/em><\/a>, tout serait d\u00e9j\u00e0 r\u00e9gl\u00e9 avec <strong>Gloucester<\/strong>, \u00e0 partir du mois de juillet 2023. <strong>Eddie Jones<\/strong> avait fait plusieurs appels du pied au num\u00e9ro 8 anglais, mais celui-ci lui avait r\u00e9torqu\u00e9 qu&rsquo;il comptait honorer son contrat jusqu&rsquo;au bout. Si sa signature avec le club anglais venait \u00e0 se confirmer,<strong> Zach Mercer<\/strong> pourrait tout de m\u00eame postuler pour jouer la Coupe du monde 2023 avec le <strong>XV de la Rose<\/strong>, m\u00eame si le s\u00e9lectionneur anglais n&rsquo;aura pas pu le tester avant.<\/p>\n<blockquote class=\"twitter-tweet\">\n<p dir=\"ltr\" lang=\"en\">Gloucester are understood to have landed the signing of Zach Mercer in a move that will allow the back-rower to represent England at the 2023 World Cup | <a href=\"https:\/\/twitter.com\/danscho1?ref_src=twsrc%5Etfw\">@danscho1<\/a> and <a href=\"https:\/\/twitter.com\/CharlieFelix?ref_src=twsrc%5Etfw\">@CharlieFelix<\/a> <a href=\"https:\/\/t.co\/JHqOvW0siH\">https:\/\/t.co\/JHqOvW0siH<\/a><\/p>\n<p>\u2014 Telegraph Rugby (@TelegraphRugby) <a href=\"https:\/\/twitter.com\/TelegraphRugby\/status\/1555585106437447680?ref_src=twsrc%5Etfw\">August 5, 2022<\/a><\/p><\/blockquote>\n<p><script async src=\"https:\/\/platform.twitter.com\/widgets.js\" charset=\"utf-8\"><\/script><\/p>\n","protected":false},"excerpt":{"rendered":"<p>RUGBY \u00c0 XV &#8211; Selon The Telegraph, Zach Mercer devrait quitter le MHR \u00e0 la fin de la saison prochaine pour rejoindre Gloucester.<\/p>\n","protected":false},"author":1,"featured_media":249606,"comment_status":"open","ping_status":"closed","sticky":false,"template":"","format":"standard","meta":{"_acf_changed":false,"_daextam_enable_autolinks":"","footnotes":""},"categories":[9129],"tags":[25594,111,25593],"class_list":["post-249602","post","type-post","status-publish","format-standard","has-post-thumbnail","hentry","category-rugby-a-xv","tag-mercer","tag-top-14","tag-zach-mercer"],"acf":[],"yoast_head":"<!-- This site is optimized with the Yoast SEO Premium plugin v26.7 (Yoast SEO v26.7) - https:\/\/yoast.com\/wordpress\/plugins\/seo\/ -->\n<title>Mercato : Zach Mercer va quitter le MHR \u00e0 la fin de la saison prochaine<\/title>\n<meta name=\"description\" content=\"RUGBY \u00c0 XV - Selon The Telegraph, Zach Mercer devrait quitter le MHR \u00e0 la fin de la saison prochaine pour rejoindre Gloucester.\" \/>\n<meta name=\"robots\" content=\"index, follow, max-snippet:-1, max-image-preview:large, max-video-preview:-1\" \/>\n<link rel=\"canonical\" href=\"https:\/\/dicodusport.fr\/blog\/mercato-zach-mercer-va-quitter-le-mhr-a-la-fin-de-la-saison-prochaine\/\" \/>\n<meta property=\"og:locale\" content=\"fr_FR\" \/>\n<meta property=\"og:type\" content=\"article\" \/>\n<meta property=\"og:title\" content=\"Mercato : Zach Mercer va quitter le MHR \u00e0 la fin de la saison prochaine\" \/>\n<meta property=\"og:description\" content=\"RUGBY \u00c0 XV - Selon The Telegraph, Zach Mercer devrait quitter le MHR \u00e0 la fin de la saison prochaine pour rejoindre Gloucester.\" \/>\n<meta property=\"og:url\" content=\"https:\/\/dicodusport.fr\/blog\/mercato-zach-mercer-va-quitter-le-mhr-a-la-fin-de-la-saison-prochaine\/\" \/>\n<meta property=\"og:site_name\" content=\"Dicodusport\" \/>\n<meta property=\"article:publisher\" content=\"https:\/\/www.facebook.com\/dicodusport\" \/>\n<meta property=\"article:author\" content=\"https:\/\/www.facebook.com\/dicodusport\" \/>\n<meta property=\"article:published_time\" content=\"2022-08-05T17:14:43+00:00\" \/>\n<meta property=\"article:modified_time\" content=\"2022-08-05T17:18:18+00:00\" \/>\n<meta property=\"og:image\" content=\"https:\/\/dicodusport.fr\/blog\/wp-content\/uploads\/2022\/08\/Mercato-Zach-Mercer-devrait-quitter-le-MHR-a\u0300-la-fin-de-la-saison-prochaine.png\" \/>\n\t<meta property=\"og:image:width\" content=\"800\" \/>\n\t<meta property=\"og:image:height\" content=\"445\" \/>\n\t<meta property=\"og:image:type\" content=\"image\/png\" \/>\n<meta name=\"author\" content=\"Nicolas Jacquemard\" \/>\n<meta name=\"twitter:card\" content=\"summary_large_image\" \/>\n<meta name=\"twitter:title\" content=\"Mercato : Zach Mercer va quitter le MHR \u00e0 la fin de la saison prochaine\" \/>\n<meta name=\"twitter:creator\" content=\"@https:\/\/twitter.com\/Nico_Jacquemard\" \/>\n<meta name=\"twitter:site\" content=\"@dicodusport\" \/>\n<script type=\"application\/ld+json\" class=\"yoast-schema-graph\">{\"@context\":\"https:\/\/schema.org\",\"@graph\":[{\"@type\":\"NewsArticle\",\"@id\":\"https:\/\/dicodusport.fr\/blog\/mercato-zach-mercer-va-quitter-le-mhr-a-la-fin-de-la-saison-prochaine\/#article\",\"isPartOf\":{\"@id\":\"https:\/\/dicodusport.fr\/blog\/mercato-zach-mercer-va-quitter-le-mhr-a-la-fin-de-la-saison-prochaine\/\"},\"author\":{\"name\":\"Nicolas Jacquemard\",\"@id\":\"https:\/\/dicodusport.fr\/blog\/#\/schema\/person\/55dcb50ad410894e431ed812bbb70191\"},\"headline\":\"Mercato : Zach Mercer va quitter le MHR \u00e0 la fin de la saison prochaine\",\"datePublished\":\"2022-08-05T17:14:43+00:00\",\"dateModified\":\"2022-08-05T17:18:18+00:00\",\"mainEntityOfPage\":{\"@id\":\"https:\/\/dicodusport.fr\/blog\/mercato-zach-mercer-va-quitter-le-mhr-a-la-fin-de-la-saison-prochaine\/\"},\"wordCount\":193,\"commentCount\":0,\"publisher\":{\"@id\":\"https:\/\/dicodusport.fr\/blog\/#organization\"},\"image\":{\"@id\":\"https:\/\/dicodusport.fr\/blog\/mercato-zach-mercer-va-quitter-le-mhr-a-la-fin-de-la-saison-prochaine\/#primaryimage\"},\"thumbnailUrl\":\"https:\/\/dicodusport.fr\/blog\/wp-content\/uploads\/2022\/08\/Mercato-Zach-Mercer-devrait-quitter-le-MHR-a\u0300-la-fin-de-la-saison-prochaine.png\",\"keywords\":[\"Mercer\",\"Top 14\",\"Zach Mercer\"],\"articleSection\":[\"Rugby \u00e0 XV\"],\"inLanguage\":\"fr-FR\",\"potentialAction\":[{\"@type\":\"CommentAction\",\"name\":\"Comment\",\"target\":[\"https:\/\/dicodusport.fr\/blog\/mercato-zach-mercer-va-quitter-le-mhr-a-la-fin-de-la-saison-prochaine\/#respond\"]}],\"copyrightYear\":\"2022\",\"copyrightHolder\":{\"@id\":\"https:\/\/dicodusport.fr\/blog\/#organization\"}},{\"@type\":\"WebPage\",\"@id\":\"https:\/\/dicodusport.fr\/blog\/mercato-zach-mercer-va-quitter-le-mhr-a-la-fin-de-la-saison-prochaine\/\",\"url\":\"https:\/\/dicodusport.fr\/blog\/mercato-zach-mercer-va-quitter-le-mhr-a-la-fin-de-la-saison-prochaine\/\",\"name\":\"Mercato : Zach Mercer va quitter le MHR \u00e0 la fin de la saison prochaine\",\"isPartOf\":{\"@id\":\"https:\/\/dicodusport.fr\/blog\/#website\"},\"primaryImageOfPage\":{\"@id\":\"https:\/\/dicodusport.fr\/blog\/mercato-zach-mercer-va-quitter-le-mhr-a-la-fin-de-la-saison-prochaine\/#primaryimage\"},\"image\":{\"@id\":\"https:\/\/dicodusport.fr\/blog\/mercato-zach-mercer-va-quitter-le-mhr-a-la-fin-de-la-saison-prochaine\/#primaryimage\"},\"thumbnailUrl\":\"https:\/\/dicodusport.fr\/blog\/wp-content\/uploads\/2022\/08\/Mercato-Zach-Mercer-devrait-quitter-le-MHR-a\u0300-la-fin-de-la-saison-prochaine.png\",\"datePublished\":\"2022-08-05T17:14:43+00:00\",\"dateModified\":\"2022-08-05T17:18:18+00:00\",\"description\":\"RUGBY \u00c0 XV - Selon The Telegraph, Zach Mercer devrait quitter le MHR \u00e0 la fin de la saison prochaine pour rejoindre Gloucester.\",\"breadcrumb\":{\"@id\":\"https:\/\/dicodusport.fr\/blog\/mercato-zach-mercer-va-quitter-le-mhr-a-la-fin-de-la-saison-prochaine\/#breadcrumb\"},\"inLanguage\":\"fr-FR\",\"potentialAction\":[{\"@type\":\"ReadAction\",\"target\":[\"https:\/\/dicodusport.fr\/blog\/mercato-zach-mercer-va-quitter-le-mhr-a-la-fin-de-la-saison-prochaine\/\"]}]},{\"@type\":\"ImageObject\",\"inLanguage\":\"fr-FR\",\"@id\":\"https:\/\/dicodusport.fr\/blog\/mercato-zach-mercer-va-quitter-le-mhr-a-la-fin-de-la-saison-prochaine\/#primaryimage\",\"url\":\"https:\/\/dicodusport.fr\/blog\/wp-content\/uploads\/2022\/08\/Mercato-Zach-Mercer-devrait-quitter-le-MHR-a\u0300-la-fin-de-la-saison-prochaine.png\",\"contentUrl\":\"https:\/\/dicodusport.fr\/blog\/wp-content\/uploads\/2022\/08\/Mercato-Zach-Mercer-devrait-quitter-le-MHR-a\u0300-la-fin-de-la-saison-prochaine.png\",\"width\":800,\"height\":445},{\"@type\":\"BreadcrumbList\",\"@id\":\"https:\/\/dicodusport.fr\/blog\/mercato-zach-mercer-va-quitter-le-mhr-a-la-fin-de-la-saison-prochaine\/#breadcrumb\",\"itemListElement\":[{\"@type\":\"ListItem\",\"position\":1,\"name\":\"Accueil\",\"item\":\"https:\/\/dicodusport.fr\/blog\/\"},{\"@type\":\"ListItem\",\"position\":2,\"name\":\"Mercato : Zach Mercer va quitter le MHR \u00e0 la fin de la saison prochaine\"}]},{\"@type\":\"WebSite\",\"@id\":\"https:\/\/dicodusport.fr\/blog\/#website\",\"url\":\"https:\/\/dicodusport.fr\/blog\/\",\"name\":\"Dicodusport\",\"description\":\"L&#039;encyclop\u00e9die de l&#039;actualit\u00e9 sportive\",\"publisher\":{\"@id\":\"https:\/\/dicodusport.fr\/blog\/#organization\"},\"potentialAction\":[{\"@type\":\"SearchAction\",\"target\":{\"@type\":\"EntryPoint\",\"urlTemplate\":\"https:\/\/dicodusport.fr\/blog\/?s={search_term_string}\"},\"query-input\":{\"@type\":\"PropertyValueSpecification\",\"valueRequired\":true,\"valueName\":\"search_term_string\"}}],\"inLanguage\":\"fr-FR\"},{\"@type\":\"NewsMediaOrganization\",\"@id\":\"https:\/\/dicodusport.fr\/blog\/#organization\",\"name\":\"Dicodusport\",\"url\":\"https:\/\/dicodusport.fr\/blog\/\",\"logo\":{\"@type\":\"ImageObject\",\"inLanguage\":\"fr-FR\",\"@id\":\"https:\/\/dicodusport.fr\/blog\/#\/schema\/logo\/image\/\",\"url\":\"https:\/\/dicodusport.fr\/blog\/wp-content\/uploads\/2020\/06\/cropped-LOGO-DICODUSPORT-2020-SANS-FOND-SANS-TEXTE.png\",\"contentUrl\":\"https:\/\/dicodusport.fr\/blog\/wp-content\/uploads\/2020\/06\/cropped-LOGO-DICODUSPORT-2020-SANS-FOND-SANS-TEXTE.png\",\"width\":512,\"height\":512,\"caption\":\"Dicodusport\"},\"image\":{\"@id\":\"https:\/\/dicodusport.fr\/blog\/#\/schema\/logo\/image\/\"},\"sameAs\":[\"https:\/\/www.facebook.com\/dicodusport\",\"https:\/\/x.com\/dicodusport\",\"https:\/\/www.instagram.com\/dicodusport\/\",\"https:\/\/www.youtube.com\/channel\/UC7V2KZ5sd3htJivAbA4ZG3w\"],\"description\":\"Dicodusport est l'encyclop\u00e9die de l'actualit\u00e9 sportive.\",\"email\":\"bonjour@dicodusport.fr\",\"legalName\":\"DICODUSPORT\",\"foundingDate\":\"2018-01-14\",\"vatID\":\"FR71834470973\",\"taxID\":\"83447097300043\",\"numberOfEmployees\":{\"@type\":\"QuantitativeValue\",\"minValue\":\"1\",\"maxValue\":\"10\"}},{\"@type\":\"Person\",\"@id\":\"https:\/\/dicodusport.fr\/blog\/#\/schema\/person\/55dcb50ad410894e431ed812bbb70191\",\"name\":\"Nicolas Jacquemard\",\"image\":{\"@type\":\"ImageObject\",\"inLanguage\":\"fr-FR\",\"@id\":\"https:\/\/dicodusport.fr\/blog\/#\/schema\/person\/image\/\",\"url\":\"https:\/\/dicodusport.fr\/blog\/wp-content\/uploads\/2021\/05\/Nicolas-Jacquemard-150x150.jpeg\",\"contentUrl\":\"https:\/\/dicodusport.fr\/blog\/wp-content\/uploads\/2021\/05\/Nicolas-Jacquemard-150x150.jpeg\",\"caption\":\"Nicolas Jacquemard\"},\"description\":\"Passionn\u00e9 de sport et entrepreneur depuis mes 18 ans, la cr\u00e9ation de Dicodusport m'a sembl\u00e9 \u00e9vidente pour participer \u00e0 la m\u00e9diatisation d'un plus grand nombre de sports. Le chemin est long mais avec une \u00e9quipe des plus motiv\u00e9es et les Jeux Olympiques de Paris 2024 en point de mire, nous y arriverons ! Journaliste dans le monde du sport depuis plus de 5 ans, je traite aussi bien de football, de rugby, de biathlon que de cyclisme.\",\"sameAs\":[\"https:\/\/www.facebook.com\/dicodusport\",\"https:\/\/x.com\/https:\/\/twitter.com\/Nico_Jacquemard\"],\"url\":\"https:\/\/dicodusport.fr\/blog\/author\/dicodusport\/\"}]}<\/script>\n<!-- \/ Yoast SEO Premium plugin. -->","yoast_head_json":{"title":"Mercato : Zach Mercer va quitter le MHR \u00e0 la fin de la saison prochaine","description":"RUGBY \u00c0 XV - Selon The Telegraph, Zach Mercer devrait quitter le MHR \u00e0 la fin de la saison prochaine pour rejoindre Gloucester.","robots":{"index":"index","follow":"follow","max-snippet":"max-snippet:-1","max-image-preview":"max-image-preview:large","max-video-preview":"max-video-preview:-1"},"canonical":"https:\/\/dicodusport.fr\/blog\/mercato-zach-mercer-va-quitter-le-mhr-a-la-fin-de-la-saison-prochaine\/","og_locale":"fr_FR","og_type":"article","og_title":"Mercato : Zach Mercer va quitter le MHR \u00e0 la fin de la saison prochaine","og_description":"RUGBY \u00c0 XV - Selon The Telegraph, Zach Mercer devrait quitter le MHR \u00e0 la fin de la saison prochaine pour rejoindre Gloucester.","og_url":"https:\/\/dicodusport.fr\/blog\/mercato-zach-mercer-va-quitter-le-mhr-a-la-fin-de-la-saison-prochaine\/","og_site_name":"Dicodusport","article_publisher":"https:\/\/www.facebook.com\/dicodusport","article_author":"https:\/\/www.facebook.com\/dicodusport","article_published_time":"2022-08-05T17:14:43+00:00","article_modified_time":"2022-08-05T17:18:18+00:00","og_image":[{"width":800,"height":445,"url":"https:\/\/dicodusport.fr\/blog\/wp-content\/uploads\/2022\/08\/Mercato-Zach-Mercer-devrait-quitter-le-MHR-a\u0300-la-fin-de-la-saison-prochaine.png","type":"image\/png"}],"author":"Nicolas Jacquemard","twitter_card":"summary_large_image","twitter_title":"Mercato : Zach Mercer va quitter le MHR \u00e0 la fin de la saison prochaine","twitter_creator":"@https:\/\/twitter.com\/Nico_Jacquemard","twitter_site":"@dicodusport","schema":{"@context":"https:\/\/schema.org","@graph":[{"@type":"NewsArticle","@id":"https:\/\/dicodusport.fr\/blog\/mercato-zach-mercer-va-quitter-le-mhr-a-la-fin-de-la-saison-prochaine\/#article","isPartOf":{"@id":"https:\/\/dicodusport.fr\/blog\/mercato-zach-mercer-va-quitter-le-mhr-a-la-fin-de-la-saison-prochaine\/"},"author":{"name":"Nicolas Jacquemard","@id":"https:\/\/dicodusport.fr\/blog\/#\/schema\/person\/55dcb50ad410894e431ed812bbb70191"},"headline":"Mercato : Zach Mercer va quitter le MHR \u00e0 la fin de la saison prochaine","datePublished":"2022-08-05T17:14:43+00:00","dateModified":"2022-08-05T17:18:18+00:00","mainEntityOfPage":{"@id":"https:\/\/dicodusport.fr\/blog\/mercato-zach-mercer-va-quitter-le-mhr-a-la-fin-de-la-saison-prochaine\/"},"wordCount":193,"commentCount":0,"publisher":{"@id":"https:\/\/dicodusport.fr\/blog\/#organization"},"image":{"@id":"https:\/\/dicodusport.fr\/blog\/mercato-zach-mercer-va-quitter-le-mhr-a-la-fin-de-la-saison-prochaine\/#primaryimage"},"thumbnailUrl":"https:\/\/dicodusport.fr\/blog\/wp-content\/uploads\/2022\/08\/Mercato-Zach-Mercer-devrait-quitter-le-MHR-a\u0300-la-fin-de-la-saison-prochaine.png","keywords":["Mercer","Top 14","Zach Mercer"],"articleSection":["Rugby \u00e0 XV"],"inLanguage":"fr-FR","potentialAction":[{"@type":"CommentAction","name":"Comment","target":["https:\/\/dicodusport.fr\/blog\/mercato-zach-mercer-va-quitter-le-mhr-a-la-fin-de-la-saison-prochaine\/#respond"]}],"copyrightYear":"2022","copyrightHolder":{"@id":"https:\/\/dicodusport.fr\/blog\/#organization"}},{"@type":"WebPage","@id":"https:\/\/dicodusport.fr\/blog\/mercato-zach-mercer-va-quitter-le-mhr-a-la-fin-de-la-saison-prochaine\/","url":"https:\/\/dicodusport.fr\/blog\/mercato-zach-mercer-va-quitter-le-mhr-a-la-fin-de-la-saison-prochaine\/","name":"Mercato : Zach Mercer va quitter le MHR \u00e0 la fin de la saison prochaine","isPartOf":{"@id":"https:\/\/dicodusport.fr\/blog\/#website"},"primaryImageOfPage":{"@id":"https:\/\/dicodusport.fr\/blog\/mercato-zach-mercer-va-quitter-le-mhr-a-la-fin-de-la-saison-prochaine\/#primaryimage"},"image":{"@id":"https:\/\/dicodusport.fr\/blog\/mercato-zach-mercer-va-quitter-le-mhr-a-la-fin-de-la-saison-prochaine\/#primaryimage"},"thumbnailUrl":"https:\/\/dicodusport.fr\/blog\/wp-content\/uploads\/2022\/08\/Mercato-Zach-Mercer-devrait-quitter-le-MHR-a\u0300-la-fin-de-la-saison-prochaine.png","datePublished":"2022-08-05T17:14:43+00:00","dateModified":"2022-08-05T17:18:18+00:00","description":"RUGBY \u00c0 XV - Selon The Telegraph, Zach Mercer devrait quitter le MHR \u00e0 la fin de la saison prochaine pour rejoindre Gloucester.","breadcrumb":{"@id":"https:\/\/dicodusport.fr\/blog\/mercato-zach-mercer-va-quitter-le-mhr-a-la-fin-de-la-saison-prochaine\/#breadcrumb"},"inLanguage":"fr-FR","potentialAction":[{"@type":"ReadAction","target":["https:\/\/dicodusport.fr\/blog\/mercato-zach-mercer-va-quitter-le-mhr-a-la-fin-de-la-saison-prochaine\/"]}]},{"@type":"ImageObject","inLanguage":"fr-FR","@id":"https:\/\/dicodusport.fr\/blog\/mercato-zach-mercer-va-quitter-le-mhr-a-la-fin-de-la-saison-prochaine\/#primaryimage","url":"https:\/\/dicodusport.fr\/blog\/wp-content\/uploads\/2022\/08\/Mercato-Zach-Mercer-devrait-quitter-le-MHR-a\u0300-la-fin-de-la-saison-prochaine.png","contentUrl":"https:\/\/dicodusport.fr\/blog\/wp-content\/uploads\/2022\/08\/Mercato-Zach-Mercer-devrait-quitter-le-MHR-a\u0300-la-fin-de-la-saison-prochaine.png","width":800,"height":445},{"@type":"BreadcrumbList","@id":"https:\/\/dicodusport.fr\/blog\/mercato-zach-mercer-va-quitter-le-mhr-a-la-fin-de-la-saison-prochaine\/#breadcrumb","itemListElement":[{"@type":"ListItem","position":1,"name":"Accueil","item":"https:\/\/dicodusport.fr\/blog\/"},{"@type":"ListItem","position":2,"name":"Mercato : Zach Mercer va quitter le MHR \u00e0 la fin de la saison prochaine"}]},{"@type":"WebSite","@id":"https:\/\/dicodusport.fr\/blog\/#website","url":"https:\/\/dicodusport.fr\/blog\/","name":"Dicodusport","description":"L&#039;encyclop\u00e9die de l&#039;actualit\u00e9 sportive","publisher":{"@id":"https:\/\/dicodusport.fr\/blog\/#organization"},"potentialAction":[{"@type":"SearchAction","target":{"@type":"EntryPoint","urlTemplate":"https:\/\/dicodusport.fr\/blog\/?s={search_term_string}"},"query-input":{"@type":"PropertyValueSpecification","valueRequired":true,"valueName":"search_term_string"}}],"inLanguage":"fr-FR"},{"@type":"NewsMediaOrganization","@id":"https:\/\/dicodusport.fr\/blog\/#organization","name":"Dicodusport","url":"https:\/\/dicodusport.fr\/blog\/","logo":{"@type":"ImageObject","inLanguage":"fr-FR","@id":"https:\/\/dicodusport.fr\/blog\/#\/schema\/logo\/image\/","url":"https:\/\/dicodusport.fr\/blog\/wp-content\/uploads\/2020\/06\/cropped-LOGO-DICODUSPORT-2020-SANS-FOND-SANS-TEXTE.png","contentUrl":"https:\/\/dicodusport.fr\/blog\/wp-content\/uploads\/2020\/06\/cropped-LOGO-DICODUSPORT-2020-SANS-FOND-SANS-TEXTE.png","width":512,"height":512,"caption":"Dicodusport"},"image":{"@id":"https:\/\/dicodusport.fr\/blog\/#\/schema\/logo\/image\/"},"sameAs":["https:\/\/www.facebook.com\/dicodusport","https:\/\/x.com\/dicodusport","https:\/\/www.instagram.com\/dicodusport\/","https:\/\/www.youtube.com\/channel\/UC7V2KZ5sd3htJivAbA4ZG3w"],"description":"Dicodusport est l'encyclop\u00e9die de l'actualit\u00e9 sportive.","email":"bonjour@dicodusport.fr","legalName":"DICODUSPORT","foundingDate":"2018-01-14","vatID":"FR71834470973","taxID":"83447097300043","numberOfEmployees":{"@type":"QuantitativeValue","minValue":"1","maxValue":"10"}},{"@type":"Person","@id":"https:\/\/dicodusport.fr\/blog\/#\/schema\/person\/55dcb50ad410894e431ed812bbb70191","name":"Nicolas Jacquemard","image":{"@type":"ImageObject","inLanguage":"fr-FR","@id":"https:\/\/dicodusport.fr\/blog\/#\/schema\/person\/image\/","url":"https:\/\/dicodusport.fr\/blog\/wp-content\/uploads\/2021\/05\/Nicolas-Jacquemard-150x150.jpeg","contentUrl":"https:\/\/dicodusport.fr\/blog\/wp-content\/uploads\/2021\/05\/Nicolas-Jacquemard-150x150.jpeg","caption":"Nicolas Jacquemard"},"description":"Passionn\u00e9 de sport et entrepreneur depuis mes 18 ans, la cr\u00e9ation de Dicodusport m'a sembl\u00e9 \u00e9vidente pour participer \u00e0 la m\u00e9diatisation d'un plus grand nombre de sports. Le chemin est long mais avec une \u00e9quipe des plus motiv\u00e9es et les Jeux Olympiques de Paris 2024 en point de mire, nous y arriverons ! Journaliste dans le monde du sport depuis plus de 5 ans, je traite aussi bien de football, de rugby, de biathlon que de cyclisme.","sameAs":["https:\/\/www.facebook.com\/dicodusport","https:\/\/x.com\/https:\/\/twitter.com\/Nico_Jacquemard"],"url":"https:\/\/dicodusport.fr\/blog\/author\/dicodusport\/"}]}},"_links":{"self":[{"href":"https:\/\/dicodusport.fr\/blog\/wp-json\/wp\/v2\/posts\/249602","targetHints":{"allow":["GET"]}}],"collection":[{"href":"https:\/\/dicodusport.fr\/blog\/wp-json\/wp\/v2\/posts"}],"about":[{"href":"https:\/\/dicodusport.fr\/blog\/wp-json\/wp\/v2\/types\/post"}],"author":[{"embeddable":true,"href":"https:\/\/dicodusport.fr\/blog\/wp-json\/wp\/v2\/users\/1"}],"replies":[{"embeddable":true,"href":"https:\/\/dicodusport.fr\/blog\/wp-json\/wp\/v2\/comments?post=249602"}],"version-history":[{"count":0,"href":"https:\/\/dicodusport.fr\/blog\/wp-json\/wp\/v2\/posts\/249602\/revisions"}],"wp:featuredmedia":[{"embeddable":true,"href":"https:\/\/dicodusport.fr\/blog\/wp-json\/wp\/v2\/media\/249606"}],"wp:attachment":[{"href":"https:\/\/dicodusport.fr\/blog\/wp-json\/wp\/v2\/media?parent=249602"}],"wp:term":[{"taxonomy":"category","embeddable":true,"href":"https:\/\/dicodusport.fr\/blog\/wp-json\/wp\/v2\/categories?post=249602"},{"taxonomy":"post_tag","embeddable":true,"href":"https:\/\/dicodusport.fr\/blog\/wp-json\/wp\/v2\/tags?post=249602"}],"curies":[{"name":"wp","href":"https:\/\/api.w.org\/{rel}","templated":true}]}}