{"id":249849,"date":"2022-08-12T11:00:30","date_gmt":"2022-08-12T09:00:30","guid":{"rendered":"https:\/\/dicodusport.fr\/blog\/?p=249849&#038;preview=true&#038;preview_id=249849"},"modified":"2022-08-12T11:30:09","modified_gmt":"2022-08-12T09:30:09","slug":"le-profil-des-21-etapes-du-tour-d-espagne-2022","status":"publish","type":"post","link":"https:\/\/dicodusport.fr\/blog\/le-profil-des-21-etapes-du-tour-d-espagne-2022\/","title":{"rendered":"Le profil des 21 \u00e9tapes du Tour d&rsquo;Espagne 2022"},"content":{"rendered":"<p style=\"text-align: justify;\"><b><i><a href=\"https:\/\/dicodusport.fr\/blog\/actualites\/cyclisme\/cyclisme-sur-route-2022\/tour-espagne-2022\/\">TOUR D&rsquo;ESPAGNE 2022<\/a> &#8211; D\u00e9couvrez le profil des 21 \u00e9tapes du Tour d&rsquo;Espagne 2022, qui se d\u00e9roule du vendredi 19 ao\u00fbt au dimanche 11 septembre, entre Utrecht (Pays-Bas) et Madrid.<\/i><\/b><\/p>\n<h2 style=\"text-align: justify;\"><span style=\"font-size: 24px;\">1\u00e8re \u00e9tape &#8211; CLM par \u00e9quipes : Utrecht &gt; Utrecht (Vendredi 19 ao\u00fbt)<\/span><\/h2>\n<p style=\"text-align: justify;\">CLM par \u00e9quipes d&rsquo;une distance de 23,3 km.<\/p>\n<div id=\"attachment_249884\" style=\"width: 970px\" class=\"wp-caption aligncenter\"><a href=\"https:\/\/dicodusport.fr\/blog\/wp-content\/uploads\/2022\/08\/Profil-1ere-etape-Tour-dEspagne-2022.jpg\"><img loading=\"lazy\" decoding=\"async\" aria-describedby=\"caption-attachment-249884\" class=\"wp-image-249884 size-full\" src=\"https:\/\/dicodusport.fr\/blog\/wp-content\/uploads\/2022\/08\/Profil-1ere-etape-Tour-dEspagne-2022.jpg\" alt=\"Profil 1\u00e8re \u00e9tape Tour d'Espagne 2022\" width=\"960\" height=\"314\" srcset=\"https:\/\/dicodusport.fr\/blog\/wp-content\/uploads\/2022\/08\/Profil-1ere-etape-Tour-dEspagne-2022.jpg 960w, https:\/\/dicodusport.fr\/blog\/wp-content\/uploads\/2022\/08\/Profil-1ere-etape-Tour-dEspagne-2022-300x98.jpg 300w, https:\/\/dicodusport.fr\/blog\/wp-content\/uploads\/2022\/08\/Profil-1ere-etape-Tour-dEspagne-2022-768x251.jpg 768w\" sizes=\"auto, (max-width: 960px) 100vw, 960px\" \/><\/a><p id=\"caption-attachment-249884\" class=\"wp-caption-text\">Profil 1\u00e8re \u00e9tape Tour d&rsquo;Espagne 2022 &#8211; Via Unipublic<\/p><\/div>\n<p style=\"text-align: center;\"><a href=\"http:\/\/dicodusport.fr\/blog\/le-profil-des-21-etapes-du-tour-d-espagne-2022\/2\/#deux\" class=\"su-button su-button-style-flat\" style=\"color:#FFFFFF;background-color:#0057ae;border-color:#00468c;border-radius:4px\" target=\"_self\"><span style=\"color:#FFFFFF;padding:0px 22px;font-size:17px;line-height:34px;border-color:#4d8ac7;border-radius:4px;text-shadow:none\"> <strong>2\u00e8me \u00e9tape<\/strong><\/span><\/a><!--nextpage--><\/p>\n<h2 style=\"text-align: justify;\"><a id=\"deux\"><\/a><strong><span style=\"font-size: 24px;\">2<\/span><\/strong><span style=\"font-size: 24px;\">\u00e8me \u00e9tape : &lsquo;s-Hertogenbosch &gt; Utrecht (Samedi 20 ao\u00fbt)<\/span><\/h2>\n<p style=\"text-align: justify;\">\u00c9tape de plaine d&rsquo;une distance de 175,1 km.<\/p>\n<div id=\"attachment_249883\" style=\"width: 970px\" class=\"wp-caption aligncenter\"><a href=\"https:\/\/dicodusport.fr\/blog\/wp-content\/uploads\/2022\/08\/Profil-2eme-etape-Tour-dEspagne-2022.jpg\"><img loading=\"lazy\" decoding=\"async\" aria-describedby=\"caption-attachment-249883\" class=\"wp-image-249883 size-full\" src=\"https:\/\/dicodusport.fr\/blog\/wp-content\/uploads\/2022\/08\/Profil-2eme-etape-Tour-dEspagne-2022.jpg\" alt=\"Profil 2\u00e8me \u00e9tape Tour d'Espagne 2022\" width=\"960\" height=\"378\" srcset=\"https:\/\/dicodusport.fr\/blog\/wp-content\/uploads\/2022\/08\/Profil-2eme-etape-Tour-dEspagne-2022.jpg 960w, https:\/\/dicodusport.fr\/blog\/wp-content\/uploads\/2022\/08\/Profil-2eme-etape-Tour-dEspagne-2022-300x118.jpg 300w, https:\/\/dicodusport.fr\/blog\/wp-content\/uploads\/2022\/08\/Profil-2eme-etape-Tour-dEspagne-2022-768x302.jpg 768w\" sizes=\"auto, (max-width: 960px) 100vw, 960px\" \/><\/a><p id=\"caption-attachment-249883\" class=\"wp-caption-text\">Profil 2\u00e8me \u00e9tape Tour d&rsquo;Espagne 2022 &#8211; Via Unipublic<\/p><\/div>\n<p style=\"text-align: center;\"><a href=\"http:\/\/dicodusport.fr\/blog\/le-profil-des-21-etapes-du-tour-d-espagne-2022\/3\/#trois\" class=\"su-button su-button-style-flat\" style=\"color:#FFFFFF;background-color:#0057ae;border-color:#00468c;border-radius:4px\" target=\"_self\"><span style=\"color:#FFFFFF;padding:0px 22px;font-size:17px;line-height:34px;border-color:#4d8ac7;border-radius:4px;text-shadow:none\"> <strong>3\u00e8me \u00e9tape<\/strong><\/span><\/a>\n<p><!--nextpage--><\/p>\n<h2 style=\"text-align: justify;\"><a id=\"trois\"><\/a><span style=\"font-size: 24px;\">3\u00e8me \u00e9tape : Breda &gt; Breda (Dimanche 21 ao\u00fbt)<\/span><\/h2>\n<p style=\"text-align: justify;\">\u00c9tape de plaine d&rsquo;une distance de 193,5 km.<\/p>\n<div id=\"attachment_249882\" style=\"width: 970px\" class=\"wp-caption aligncenter\"><a href=\"https:\/\/dicodusport.fr\/blog\/wp-content\/uploads\/2022\/08\/Profil-3eme-etape-Tour-dEspagne-2022.jpg\"><img loading=\"lazy\" decoding=\"async\" aria-describedby=\"caption-attachment-249882\" class=\"wp-image-249882 size-full\" src=\"https:\/\/dicodusport.fr\/blog\/wp-content\/uploads\/2022\/08\/Profil-3eme-etape-Tour-dEspagne-2022.jpg\" alt=\"Profil 3\u00e8me \u00e9tape Tour d'Espagne 2022\" width=\"960\" height=\"306\" srcset=\"https:\/\/dicodusport.fr\/blog\/wp-content\/uploads\/2022\/08\/Profil-3eme-etape-Tour-dEspagne-2022.jpg 960w, https:\/\/dicodusport.fr\/blog\/wp-content\/uploads\/2022\/08\/Profil-3eme-etape-Tour-dEspagne-2022-300x96.jpg 300w, https:\/\/dicodusport.fr\/blog\/wp-content\/uploads\/2022\/08\/Profil-3eme-etape-Tour-dEspagne-2022-768x245.jpg 768w\" sizes=\"auto, (max-width: 960px) 100vw, 960px\" \/><\/a><p id=\"caption-attachment-249882\" class=\"wp-caption-text\">Profil 3\u00e8me \u00e9tape Tour d&rsquo;Espagne 2022 &#8211; Via Unipublic<\/p><\/div>\n<p style=\"text-align: center;\"><a href=\"http:\/\/dicodusport.fr\/blog\/le-profil-des-21-etapes-du-tour-d-espagne-2022\/4\/#quatre\" class=\"su-button su-button-style-flat\" style=\"color:#FFFFFF;background-color:#0057ae;border-color:#00468c;border-radius:4px\" target=\"_self\"><span style=\"color:#FFFFFF;padding:0px 22px;font-size:17px;line-height:34px;border-color:#4d8ac7;border-radius:4px;text-shadow:none\"> <strong>4\u00e8me \u00e9tape<\/strong><\/span><\/a>\n<p><!--nextpage--><\/p>\n<h2 style=\"text-align: justify;\"><a id=\"quatre\"><\/a><span style=\"font-size: 24px;\">4<\/span><span style=\"font-size: 24px;\">\u00e8me \u00e9tape : Vitoria-Gasteiz &gt; Laguardia (Mardi 23 ao\u00fbt)<\/span><\/h2>\n<p>\u00c9tape de moyenne montagne d&rsquo;une distance de 152,5 km.<\/p>\n<div id=\"attachment_249881\" style=\"width: 970px\" class=\"wp-caption aligncenter\"><a href=\"https:\/\/dicodusport.fr\/blog\/wp-content\/uploads\/2022\/08\/Profil-4eme-etape-Tour-dEspagne-2022.jpg\"><img loading=\"lazy\" decoding=\"async\" aria-describedby=\"caption-attachment-249881\" class=\"wp-image-249881 size-full\" src=\"https:\/\/dicodusport.fr\/blog\/wp-content\/uploads\/2022\/08\/Profil-4eme-etape-Tour-dEspagne-2022.jpg\" alt=\"Profil 4\u00e8me \u00e9tape Tour d'Espagne 2022\" width=\"960\" height=\"609\" srcset=\"https:\/\/dicodusport.fr\/blog\/wp-content\/uploads\/2022\/08\/Profil-4eme-etape-Tour-dEspagne-2022.jpg 960w, https:\/\/dicodusport.fr\/blog\/wp-content\/uploads\/2022\/08\/Profil-4eme-etape-Tour-dEspagne-2022-300x190.jpg 300w, https:\/\/dicodusport.fr\/blog\/wp-content\/uploads\/2022\/08\/Profil-4eme-etape-Tour-dEspagne-2022-768x487.jpg 768w\" sizes=\"auto, (max-width: 960px) 100vw, 960px\" \/><\/a><p id=\"caption-attachment-249881\" class=\"wp-caption-text\">Profil 4\u00e8me \u00e9tape Tour d&rsquo;Espagne 2022 &#8211; Via Unipublic<\/p><\/div>\n<p style=\"text-align: center;\"><a href=\"http:\/\/dicodusport.fr\/blog\/le-profil-des-21-etapes-du-tour-d-espagne-2022\/5\/#cinq\" class=\"su-button su-button-style-flat\" style=\"color:#FFFFFF;background-color:#0057ae;border-color:#00468c;border-radius:4px\" target=\"_self\"><span style=\"color:#FFFFFF;padding:0px 22px;font-size:17px;line-height:34px;border-color:#4d8ac7;border-radius:4px;text-shadow:none\"> <strong>5\u00e8me \u00e9tape<\/strong><\/span><\/a>\n<p><!--nextpage--><\/p>\n<h2 style=\"text-align: justify;\"><a id=\"cinq\"><\/a><span style=\"font-size: 24px;\">5\u00e8me \u00e9tape : Irun &gt; Bilbao (Mercredi 24 ao\u00fbt)<\/span><\/h2>\n<p style=\"text-align: justify;\">\u00c9tape de moyenne montagne d&rsquo;une distance de 187,2 km.<\/p>\n<div id=\"attachment_249880\" style=\"width: 970px\" class=\"wp-caption aligncenter\"><a href=\"https:\/\/dicodusport.fr\/blog\/wp-content\/uploads\/2022\/08\/Profil-5eme-etape-Tour-dEspagne-2022.jpg\"><img loading=\"lazy\" decoding=\"async\" aria-describedby=\"caption-attachment-249880\" class=\"wp-image-249880 size-full\" src=\"https:\/\/dicodusport.fr\/blog\/wp-content\/uploads\/2022\/08\/Profil-5eme-etape-Tour-dEspagne-2022.jpg\" alt=\"Profil 5\u00e8me \u00e9tape Tour d'Espagne 2022\" width=\"960\" height=\"382\" srcset=\"https:\/\/dicodusport.fr\/blog\/wp-content\/uploads\/2022\/08\/Profil-5eme-etape-Tour-dEspagne-2022.jpg 960w, https:\/\/dicodusport.fr\/blog\/wp-content\/uploads\/2022\/08\/Profil-5eme-etape-Tour-dEspagne-2022-300x119.jpg 300w, https:\/\/dicodusport.fr\/blog\/wp-content\/uploads\/2022\/08\/Profil-5eme-etape-Tour-dEspagne-2022-768x306.jpg 768w\" sizes=\"auto, (max-width: 960px) 100vw, 960px\" \/><\/a><p id=\"caption-attachment-249880\" class=\"wp-caption-text\">Profil 5\u00e8me \u00e9tape Tour d&rsquo;Espagne 2022 &#8211; Via Unipublic<\/p><\/div>\n<p style=\"text-align: center;\"><a href=\"http:\/\/dicodusport.fr\/blog\/le-profil-des-21-etapes-du-tour-d-espagne-2022\/6\/#six\" class=\"su-button su-button-style-flat\" style=\"color:#FFFFFF;background-color:#0057ae;border-color:#00468c;border-radius:4px\" target=\"_self\"><span style=\"color:#FFFFFF;padding:0px 22px;font-size:17px;line-height:34px;border-color:#4d8ac7;border-radius:4px;text-shadow:none\"> <strong>6\u00e8me \u00e9tape<\/strong><\/span><\/a><!--nextpage--><\/p>\n<h2 style=\"text-align: justify;\"><a id=\"six\"><\/a><span style=\"font-size: 24px;\">6\u00e8me \u00e9<\/span><span style=\"font-size: 24px;\">tape : Bilbao &gt; Ascensi\u00f3n al Pico Jano. San Miguel de Aguayo (Jeudi 25 <\/span><strong><span style=\"font-size: 24px;\">ao\u00fbt)<\/span><\/strong><\/h2>\n<p style=\"text-align: justify;\">\u00c9tape de montagne d&rsquo;une distance de 181,2 km.<\/p>\n<div id=\"attachment_249879\" style=\"width: 970px\" class=\"wp-caption aligncenter\"><a href=\"https:\/\/dicodusport.fr\/blog\/wp-content\/uploads\/2022\/08\/Profil-6eme-etape-Tour-dEspagne-2022.jpg\"><img loading=\"lazy\" decoding=\"async\" aria-describedby=\"caption-attachment-249879\" class=\"wp-image-249879 size-full\" src=\"https:\/\/dicodusport.fr\/blog\/wp-content\/uploads\/2022\/08\/Profil-6eme-etape-Tour-dEspagne-2022.jpg\" alt=\"Profil 6\u00e8me \u00e9tape Tour d'Espagne 2022\" width=\"960\" height=\"464\" srcset=\"https:\/\/dicodusport.fr\/blog\/wp-content\/uploads\/2022\/08\/Profil-6eme-etape-Tour-dEspagne-2022.jpg 960w, https:\/\/dicodusport.fr\/blog\/wp-content\/uploads\/2022\/08\/Profil-6eme-etape-Tour-dEspagne-2022-300x145.jpg 300w, https:\/\/dicodusport.fr\/blog\/wp-content\/uploads\/2022\/08\/Profil-6eme-etape-Tour-dEspagne-2022-768x371.jpg 768w\" sizes=\"auto, (max-width: 960px) 100vw, 960px\" \/><\/a><p id=\"caption-attachment-249879\" class=\"wp-caption-text\">Profil 6\u00e8me \u00e9tape Tour d&rsquo;Espagne 2022 &#8211; Via Unipublic<\/p><\/div>\n<p style=\"text-align: center;\"><a href=\"http:\/\/dicodusport.fr\/blog\/le-profil-des-21-etapes-du-tour-d-espagne-2022\/7\/#sept\" class=\"su-button su-button-style-flat\" style=\"color:#FFFFFF;background-color:#0057ae;border-color:#00468c;border-radius:4px\" target=\"_self\"><span style=\"color:#FFFFFF;padding:0px 22px;font-size:17px;line-height:34px;border-color:#4d8ac7;border-radius:4px;text-shadow:none\"> <strong>7\u00e8me \u00e9tape<\/strong><\/span><\/a><!--nextpage--><\/p>\n<h2 style=\"text-align: justify;\"><a id=\"sept\"><\/a>7\u00e8me \u00e9tape : Camargo &gt; Cistierna (Vendredi 26 ao\u00fbt)<\/h2>\n<p style=\"text-align: justify;\">\u00c9tape de moyenne montagne d&rsquo;une distance de 190 km.<\/p>\n<div id=\"attachment_249878\" style=\"width: 970px\" class=\"wp-caption aligncenter\"><a href=\"https:\/\/dicodusport.fr\/blog\/wp-content\/uploads\/2022\/08\/Profil-7eme-etape-Tour-dEspagne-2022.jpg\"><img loading=\"lazy\" decoding=\"async\" aria-describedby=\"caption-attachment-249878\" class=\"wp-image-249878 size-full\" src=\"https:\/\/dicodusport.fr\/blog\/wp-content\/uploads\/2022\/08\/Profil-7eme-etape-Tour-dEspagne-2022.jpg\" alt=\"Profil 7\u00e8me \u00e9tape Tour d'Espagne 2022\" width=\"960\" height=\"481\" srcset=\"https:\/\/dicodusport.fr\/blog\/wp-content\/uploads\/2022\/08\/Profil-7eme-etape-Tour-dEspagne-2022.jpg 960w, https:\/\/dicodusport.fr\/blog\/wp-content\/uploads\/2022\/08\/Profil-7eme-etape-Tour-dEspagne-2022-300x150.jpg 300w, https:\/\/dicodusport.fr\/blog\/wp-content\/uploads\/2022\/08\/Profil-7eme-etape-Tour-dEspagne-2022-768x385.jpg 768w\" sizes=\"auto, (max-width: 960px) 100vw, 960px\" \/><\/a><p id=\"caption-attachment-249878\" class=\"wp-caption-text\">Profil 7\u00e8me \u00e9tape Tour d&rsquo;Espagne 2022 &#8211; Via Unipublic<\/p><\/div>\n<p style=\"text-align: center;\"><a href=\"http:\/\/dicodusport.fr\/blog\/le-profil-des-21-etapes-du-tour-d-espagne-2022\/8\/#huit\" class=\"su-button su-button-style-flat\" style=\"color:#FFFFFF;background-color:#0057ae;border-color:#00468c;border-radius:4px\" target=\"_self\"><span style=\"color:#FFFFFF;padding:0px 22px;font-size:17px;line-height:34px;border-color:#4d8ac7;border-radius:4px;text-shadow:none\"> <strong>8\u00e8me \u00e9tape<\/strong><\/span><\/a>\n<p><!--nextpage--><\/p>\n<h2 style=\"text-align: justify;\"><a id=\"huit\"><\/a>8\u00e8me \u00e9tape : La Pola Llaviana\/Pola de Laviana &gt; Coll\u00e1u Fancuaya. Yernes y Tameza (Samedi 27 ao\u00fbt)<\/h2>\n<p style=\"text-align: justify;\">\u00c9tape de montagne d&rsquo;une distance de 153,4 km.<\/p>\n<div id=\"attachment_249877\" style=\"width: 970px\" class=\"wp-caption aligncenter\"><a href=\"https:\/\/dicodusport.fr\/blog\/wp-content\/uploads\/2022\/08\/Profil-8eme-etape-Tour-dEspagne-2022.jpg\"><img loading=\"lazy\" decoding=\"async\" aria-describedby=\"caption-attachment-249877\" class=\"wp-image-249877 size-full\" src=\"https:\/\/dicodusport.fr\/blog\/wp-content\/uploads\/2022\/08\/Profil-8eme-etape-Tour-dEspagne-2022.jpg\" alt=\"Profil 8\u00e8me \u00e9tape Tour d'Espagne 2022\" width=\"960\" height=\"522\" srcset=\"https:\/\/dicodusport.fr\/blog\/wp-content\/uploads\/2022\/08\/Profil-8eme-etape-Tour-dEspagne-2022.jpg 960w, https:\/\/dicodusport.fr\/blog\/wp-content\/uploads\/2022\/08\/Profil-8eme-etape-Tour-dEspagne-2022-300x163.jpg 300w, https:\/\/dicodusport.fr\/blog\/wp-content\/uploads\/2022\/08\/Profil-8eme-etape-Tour-dEspagne-2022-768x418.jpg 768w\" sizes=\"auto, (max-width: 960px) 100vw, 960px\" \/><\/a><p id=\"caption-attachment-249877\" class=\"wp-caption-text\">Profil 8\u00e8me \u00e9tape Tour d&rsquo;Espagne 2022 &#8211; Via Unipublic<\/p><\/div>\n<p style=\"text-align: center;\"><a href=\"http:\/\/dicodusport.fr\/blog\/le-profil-des-21-etapes-du-tour-d-espagne-2022\/9\/#neuf\" class=\"su-button su-button-style-flat\" style=\"color:#FFFFFF;background-color:#0057ae;border-color:#00468c;border-radius:4px\" target=\"_self\"><span style=\"color:#FFFFFF;padding:0px 22px;font-size:17px;line-height:34px;border-color:#4d8ac7;border-radius:4px;text-shadow:none\"> <strong>9\u00e8me \u00e9tape<\/strong><\/span><\/a>\n<p><!--nextpage--><\/p>\n<h2 style=\"text-align: justify;\"><a id=\"neuf\"><\/a>9\u00e8me \u00e9tape : Villaviciosa &gt; Les Praeres. Nava (Dimanche 28 ao\u00fbt)<\/h2>\n<p style=\"text-align: justify;\">\u00c9tape de montagne d&rsquo;une distance de 171,4 km.<\/p>\n<div id=\"attachment_249876\" style=\"width: 970px\" class=\"wp-caption aligncenter\"><a href=\"https:\/\/dicodusport.fr\/blog\/wp-content\/uploads\/2022\/08\/Profil-9eme-etape-Tour-dEspagne-2022.jpg\"><img loading=\"lazy\" decoding=\"async\" aria-describedby=\"caption-attachment-249876\" class=\"wp-image-249876 size-full\" src=\"https:\/\/dicodusport.fr\/blog\/wp-content\/uploads\/2022\/08\/Profil-9eme-etape-Tour-dEspagne-2022.jpg\" alt=\"Profil 9\u00e8me \u00e9tape Tour d'Espagne 2022\" width=\"960\" height=\"425\" srcset=\"https:\/\/dicodusport.fr\/blog\/wp-content\/uploads\/2022\/08\/Profil-9eme-etape-Tour-dEspagne-2022.jpg 960w, https:\/\/dicodusport.fr\/blog\/wp-content\/uploads\/2022\/08\/Profil-9eme-etape-Tour-dEspagne-2022-300x133.jpg 300w, https:\/\/dicodusport.fr\/blog\/wp-content\/uploads\/2022\/08\/Profil-9eme-etape-Tour-dEspagne-2022-768x340.jpg 768w\" sizes=\"auto, (max-width: 960px) 100vw, 960px\" \/><\/a><p id=\"caption-attachment-249876\" class=\"wp-caption-text\">Profil 9\u00e8me \u00e9tape Tour d&rsquo;Espagne 2022 &#8211; Via Unipublic<\/p><\/div>\n<p style=\"text-align: center;\"><a href=\"http:\/\/dicodusport.fr\/blog\/le-profil-des-21-etapes-du-tour-d-espagne-2022\/10\/#dix\" class=\"su-button su-button-style-flat\" style=\"color:#FFFFFF;background-color:#0057ae;border-color:#00468c;border-radius:4px\" target=\"_self\"><span style=\"color:#FFFFFF;padding:0px 22px;font-size:17px;line-height:34px;border-color:#4d8ac7;border-radius:4px;text-shadow:none\"> <strong>10\u00e8me \u00e9tape<\/strong><\/span><\/a>\n<p style=\"text-align: center;\"><!--nextpage--><\/p>\n<h2 style=\"text-align: justify;\"><a id=\"dix\"><\/a>10\u00e8me \u00e9tape &#8211; CLM Individuel : Elche &gt; Alicante (Mardi 30 ao\u00fbt)<\/h2>\n<p style=\"text-align: justify;\">CLM Individuel d&rsquo;une distance de 30,9 km.<\/p>\n<div id=\"attachment_249875\" style=\"width: 970px\" class=\"wp-caption aligncenter\"><a href=\"https:\/\/dicodusport.fr\/blog\/wp-content\/uploads\/2022\/08\/Profil-10eme-etape-Tour-dEspagne-2022.jpg\"><img loading=\"lazy\" decoding=\"async\" aria-describedby=\"caption-attachment-249875\" class=\"wp-image-249875 size-full\" src=\"https:\/\/dicodusport.fr\/blog\/wp-content\/uploads\/2022\/08\/Profil-10eme-etape-Tour-dEspagne-2022.jpg\" alt=\"Profil 10\u00e8me \u00e9tape Tour d'Espagne 2022\" width=\"960\" height=\"349\" srcset=\"https:\/\/dicodusport.fr\/blog\/wp-content\/uploads\/2022\/08\/Profil-10eme-etape-Tour-dEspagne-2022.jpg 960w, https:\/\/dicodusport.fr\/blog\/wp-content\/uploads\/2022\/08\/Profil-10eme-etape-Tour-dEspagne-2022-300x109.jpg 300w, https:\/\/dicodusport.fr\/blog\/wp-content\/uploads\/2022\/08\/Profil-10eme-etape-Tour-dEspagne-2022-768x279.jpg 768w\" sizes=\"auto, (max-width: 960px) 100vw, 960px\" \/><\/a><p id=\"caption-attachment-249875\" class=\"wp-caption-text\">Profil 10\u00e8me \u00e9tape Tour d&rsquo;Espagne 2022 &#8211; Via Unipublic<\/p><\/div>\n<p style=\"text-align: center;\"><a href=\"http:\/\/dicodusport.fr\/blog\/le-profil-des-21-etapes-du-tour-d-espagne-2022\/11\/#onze\" class=\"su-button su-button-style-flat\" style=\"color:#FFFFFF;background-color:#0057ae;border-color:#00468c;border-radius:4px\" target=\"_self\"><span style=\"color:#FFFFFF;padding:0px 22px;font-size:17px;line-height:34px;border-color:#4d8ac7;border-radius:4px;text-shadow:none\"> <strong>11\u00e8me \u00e9tape<\/strong><\/span><\/a>\n<p><!--nextpage--><\/p>\n<h2 style=\"text-align: justify;\"><a id=\"onze\"><\/a>11\u00e8me \u00e9tape : ElPozo Alimentaci\u00f3n &gt; Cabo de Gata (Mercredi 31 ao\u00fbt)<\/h2>\n<p style=\"text-align: justify;\">\u00c9tape de plaine d&rsquo;une distance de 191,2 km.<\/p>\n<div id=\"attachment_249874\" style=\"width: 970px\" class=\"wp-caption aligncenter\"><a href=\"https:\/\/dicodusport.fr\/blog\/wp-content\/uploads\/2022\/08\/Profil-11eme-etape-Tour-dEspagne-2022.jpg\"><img loading=\"lazy\" decoding=\"async\" aria-describedby=\"caption-attachment-249874\" class=\"wp-image-249874 size-full\" src=\"https:\/\/dicodusport.fr\/blog\/wp-content\/uploads\/2022\/08\/Profil-11eme-etape-Tour-dEspagne-2022.jpg\" alt=\"Profil 11\u00e8me \u00e9tape Tour d'Espagne 2022\" width=\"960\" height=\"293\" srcset=\"https:\/\/dicodusport.fr\/blog\/wp-content\/uploads\/2022\/08\/Profil-11eme-etape-Tour-dEspagne-2022.jpg 960w, https:\/\/dicodusport.fr\/blog\/wp-content\/uploads\/2022\/08\/Profil-11eme-etape-Tour-dEspagne-2022-300x92.jpg 300w, https:\/\/dicodusport.fr\/blog\/wp-content\/uploads\/2022\/08\/Profil-11eme-etape-Tour-dEspagne-2022-768x234.jpg 768w\" sizes=\"auto, (max-width: 960px) 100vw, 960px\" \/><\/a><p id=\"caption-attachment-249874\" class=\"wp-caption-text\">Profil 11\u00e8me \u00e9tape Tour d&rsquo;Espagne 2022 &#8211; Via Unipublic<\/p><\/div>\n<p style=\"text-align: center;\"><a href=\"http:\/\/dicodusport.fr\/blog\/le-profil-des-21-etapes-du-tour-d-espagne-2022\/12\/#douze\" class=\"su-button su-button-style-flat\" style=\"color:#FFFFFF;background-color:#0057ae;border-color:#00468c;border-radius:4px\" target=\"_self\"><span style=\"color:#FFFFFF;padding:0px 22px;font-size:17px;line-height:34px;border-color:#4d8ac7;border-radius:4px;text-shadow:none\"> <strong>12\u00e8me \u00e9tape<\/strong><\/span><\/a><!--nextpage--><\/p>\n<h2 style=\"text-align: justify;\"><a id=\"douze\"><\/a>12\u00e8me \u00e9tape : Salobre\u00f1a &gt; Pe\u00f1as Blancas. Estepona (Jeudi 1er septembre)<\/h2>\n<p style=\"text-align: justify;\">\u00c9tape de plaine avec une arriv\u00e9e en altitude d&rsquo;une distance de 192,7 km.<\/p>\n<div id=\"attachment_249873\" style=\"width: 970px\" class=\"wp-caption aligncenter\"><a href=\"https:\/\/dicodusport.fr\/blog\/wp-content\/uploads\/2022\/08\/Profil-12eme-etape-Tour-dEspagne-2022.jpg\"><img loading=\"lazy\" decoding=\"async\" aria-describedby=\"caption-attachment-249873\" class=\"wp-image-249873 size-full\" src=\"https:\/\/dicodusport.fr\/blog\/wp-content\/uploads\/2022\/08\/Profil-12eme-etape-Tour-dEspagne-2022.jpg\" alt=\"Profil 12\u00e8me \u00e9tape Tour d'Espagne 2022\" width=\"960\" height=\"376\" srcset=\"https:\/\/dicodusport.fr\/blog\/wp-content\/uploads\/2022\/08\/Profil-12eme-etape-Tour-dEspagne-2022.jpg 960w, https:\/\/dicodusport.fr\/blog\/wp-content\/uploads\/2022\/08\/Profil-12eme-etape-Tour-dEspagne-2022-300x118.jpg 300w, https:\/\/dicodusport.fr\/blog\/wp-content\/uploads\/2022\/08\/Profil-12eme-etape-Tour-dEspagne-2022-768x301.jpg 768w\" sizes=\"auto, (max-width: 960px) 100vw, 960px\" \/><\/a><p id=\"caption-attachment-249873\" class=\"wp-caption-text\">Profil 12\u00e8me \u00e9tape Tour d&rsquo;Espagne 2022 &#8211; Via Unipublic<\/p><\/div>\n<p style=\"text-align: center;\"><a href=\"http:\/\/dicodusport.fr\/blog\/le-profil-des-21-etapes-du-tour-d-espagne-2022\/13\/#treize\" class=\"su-button su-button-style-flat\" style=\"color:#FFFFFF;background-color:#0057ae;border-color:#00468c;border-radius:4px\" target=\"_self\"><span style=\"color:#FFFFFF;padding:0px 22px;font-size:17px;line-height:34px;border-color:#4d8ac7;border-radius:4px;text-shadow:none\"> <strong>13\u00e8me \u00e9tape<\/strong><\/span><\/a><!--nextpage--><\/p>\n<h2 style=\"text-align: justify;\"><a id=\"treize\"><\/a>13\u00e8me \u00e9tape : Ronda &gt; Montilla (Vendredi 2 septembre)<\/h2>\n<p style=\"text-align: justify;\">\u00c9tape de plaine d&rsquo;une distance de 168,4 km.<\/p>\n<div id=\"attachment_249872\" style=\"width: 970px\" class=\"wp-caption aligncenter\"><a href=\"https:\/\/dicodusport.fr\/blog\/wp-content\/uploads\/2022\/08\/Profil-13eme-etape-Tour-dEspagne-2022.jpg\"><img loading=\"lazy\" decoding=\"async\" aria-describedby=\"caption-attachment-249872\" class=\"wp-image-249872 size-full\" src=\"https:\/\/dicodusport.fr\/blog\/wp-content\/uploads\/2022\/08\/Profil-13eme-etape-Tour-dEspagne-2022.jpg\" alt=\"Profil 13\u00e8me \u00e9tape Tour d'Espagne 2022\" width=\"960\" height=\"400\" srcset=\"https:\/\/dicodusport.fr\/blog\/wp-content\/uploads\/2022\/08\/Profil-13eme-etape-Tour-dEspagne-2022.jpg 960w, https:\/\/dicodusport.fr\/blog\/wp-content\/uploads\/2022\/08\/Profil-13eme-etape-Tour-dEspagne-2022-300x125.jpg 300w, https:\/\/dicodusport.fr\/blog\/wp-content\/uploads\/2022\/08\/Profil-13eme-etape-Tour-dEspagne-2022-768x320.jpg 768w\" sizes=\"auto, (max-width: 960px) 100vw, 960px\" \/><\/a><p id=\"caption-attachment-249872\" class=\"wp-caption-text\">Profil 13\u00e8me \u00e9tape Tour d&rsquo;Espagne 2022 &#8211; Via Unipublic<\/p><\/div>\n<p style=\"text-align: center;\"><a href=\"http:\/\/dicodusport.fr\/blog\/le-profil-des-21-etapes-du-tour-d-espagne-2022\/14\/#quatorze\" class=\"su-button su-button-style-flat\" style=\"color:#FFFFFF;background-color:#0057ae;border-color:#00468c;border-radius:4px\" target=\"_self\"><span style=\"color:#FFFFFF;padding:0px 22px;font-size:17px;line-height:34px;border-color:#4d8ac7;border-radius:4px;text-shadow:none\"> <strong>14\u00e8me \u00e9tape<\/strong><\/span><\/a>\n<p><!--nextpage--><\/p>\n<h2 style=\"text-align: justify;\"><a id=\"quatorze\"><\/a>14\u00e8me \u00e9tape : Montoro &gt; Sierra de La Pandera (Samedi 3 septembre)<\/h2>\n<p style=\"text-align: justify;\">\u00c9tape de montagne longue de 160,3 km.<\/p>\n<div id=\"attachment_249871\" style=\"width: 970px\" class=\"wp-caption aligncenter\"><a href=\"https:\/\/dicodusport.fr\/blog\/wp-content\/uploads\/2022\/08\/Profil-14eme-etape-Tour-dEspagne-2022.jpg\"><img loading=\"lazy\" decoding=\"async\" aria-describedby=\"caption-attachment-249871\" class=\"wp-image-249871 size-full\" src=\"https:\/\/dicodusport.fr\/blog\/wp-content\/uploads\/2022\/08\/Profil-14eme-etape-Tour-dEspagne-2022.jpg\" alt=\"Profil 14\u00e8me \u00e9tape Tour d'Espagne 2022\" width=\"960\" height=\"624\" srcset=\"https:\/\/dicodusport.fr\/blog\/wp-content\/uploads\/2022\/08\/Profil-14eme-etape-Tour-dEspagne-2022.jpg 960w, https:\/\/dicodusport.fr\/blog\/wp-content\/uploads\/2022\/08\/Profil-14eme-etape-Tour-dEspagne-2022-300x195.jpg 300w, https:\/\/dicodusport.fr\/blog\/wp-content\/uploads\/2022\/08\/Profil-14eme-etape-Tour-dEspagne-2022-768x499.jpg 768w\" sizes=\"auto, (max-width: 960px) 100vw, 960px\" \/><\/a><p id=\"caption-attachment-249871\" class=\"wp-caption-text\">Profil 14\u00e8me \u00e9tape Tour d&rsquo;Espagne 2022 &#8211; Via Unipublic<\/p><\/div>\n<p style=\"text-align: center;\"><a href=\"http:\/\/dicodusport.fr\/blog\/le-profil-des-21-etapes-du-tour-d-espagne-2022\/15\/#quinze\" class=\"su-button su-button-style-flat\" style=\"color:#FFFFFF;background-color:#0057ae;border-color:#00468c;border-radius:4px\" target=\"_self\"><span style=\"color:#FFFFFF;padding:0px 22px;font-size:17px;line-height:34px;border-color:#4d8ac7;border-radius:4px;text-shadow:none\"> <strong>15\u00e8me \u00e9tape<\/strong><\/span><\/a>\n<p><!--nextpage--><\/p>\n<h2 style=\"text-align: justify;\"><a id=\"quinze\"><\/a>15\u00e8me \u00e9tape : Martos &gt; Sierra Nevada. Alto Hoya de la Mora. Monachil (Dimanche 4 septembre)<\/h2>\n<p style=\"text-align: justify;\">\u00c9tape de montagne d&rsquo;une distance de 149,6 km.<\/p>\n<div id=\"attachment_249870\" style=\"width: 970px\" class=\"wp-caption aligncenter\"><a href=\"https:\/\/dicodusport.fr\/blog\/wp-content\/uploads\/2022\/08\/Profil-15eme-etape-Tour-dEspagne-2022.jpg\"><img loading=\"lazy\" decoding=\"async\" aria-describedby=\"caption-attachment-249870\" class=\"wp-image-249870 size-full\" src=\"https:\/\/dicodusport.fr\/blog\/wp-content\/uploads\/2022\/08\/Profil-15eme-etape-Tour-dEspagne-2022.jpg\" alt=\"Profil 15\u00e8me \u00e9tape Tour d'Espagne 2022\" width=\"960\" height=\"872\" srcset=\"https:\/\/dicodusport.fr\/blog\/wp-content\/uploads\/2022\/08\/Profil-15eme-etape-Tour-dEspagne-2022.jpg 960w, https:\/\/dicodusport.fr\/blog\/wp-content\/uploads\/2022\/08\/Profil-15eme-etape-Tour-dEspagne-2022-300x273.jpg 300w, https:\/\/dicodusport.fr\/blog\/wp-content\/uploads\/2022\/08\/Profil-15eme-etape-Tour-dEspagne-2022-768x698.jpg 768w\" sizes=\"auto, (max-width: 960px) 100vw, 960px\" \/><\/a><p id=\"caption-attachment-249870\" class=\"wp-caption-text\">Profil 15\u00e8me \u00e9tape Tour d&rsquo;Espagne 2022 &#8211; Via Unipublic<\/p><\/div>\n<p style=\"text-align: center;\"><a href=\"http:\/\/dicodusport.fr\/blog\/le-profil-des-21-etapes-du-tour-d-espagne-2022\/16\/#seize\" class=\"su-button su-button-style-flat\" style=\"color:#FFFFFF;background-color:#0057ae;border-color:#00468c;border-radius:4px\" target=\"_self\"><span style=\"color:#FFFFFF;padding:0px 22px;font-size:17px;line-height:34px;border-color:#4d8ac7;border-radius:4px;text-shadow:none\"> <strong>16\u00e8me \u00e9tape<\/strong><\/span><\/a>\n<p><!--nextpage--><\/p>\n<h2 style=\"text-align: justify;\"><a id=\"seize\"><\/a>16\u00e8me \u00e9tape : Sanl\u00facar de Barrameda &gt; Tomares (Mardi 6 septembre)<\/h2>\n<p style=\"text-align: justify;\">\u00c9tape de plaine d&rsquo;une distance de 189,4 km.<\/p>\n<div id=\"attachment_249869\" style=\"width: 970px\" class=\"wp-caption aligncenter\"><a href=\"https:\/\/dicodusport.fr\/blog\/wp-content\/uploads\/2022\/08\/Profil-16eme-etape-Tour-dEspagne-2022.jpg\"><img loading=\"lazy\" decoding=\"async\" aria-describedby=\"caption-attachment-249869\" class=\"wp-image-249869 size-full\" src=\"https:\/\/dicodusport.fr\/blog\/wp-content\/uploads\/2022\/08\/Profil-16eme-etape-Tour-dEspagne-2022.jpg\" alt=\"Profil 16\u00e8me \u00e9tape Tour d'Espagne 2022\" width=\"960\" height=\"320\" srcset=\"https:\/\/dicodusport.fr\/blog\/wp-content\/uploads\/2022\/08\/Profil-16eme-etape-Tour-dEspagne-2022.jpg 960w, https:\/\/dicodusport.fr\/blog\/wp-content\/uploads\/2022\/08\/Profil-16eme-etape-Tour-dEspagne-2022-300x100.jpg 300w, https:\/\/dicodusport.fr\/blog\/wp-content\/uploads\/2022\/08\/Profil-16eme-etape-Tour-dEspagne-2022-768x256.jpg 768w\" sizes=\"auto, (max-width: 960px) 100vw, 960px\" \/><\/a><p id=\"caption-attachment-249869\" class=\"wp-caption-text\">Profil 16\u00e8me \u00e9tape Tour d&rsquo;Espagne 2022 &#8211; Via Unipublic<\/p><\/div>\n<p style=\"text-align: center;\"><a href=\"http:\/\/dicodusport.fr\/blog\/le-profil-des-21-etapes-du-tour-d-espagne-2022\/17\/#dixsept\" class=\"su-button su-button-style-flat\" style=\"color:#FFFFFF;background-color:#0057ae;border-color:#00468c;border-radius:4px\" target=\"_self\"><span style=\"color:#FFFFFF;padding:0px 22px;font-size:17px;line-height:34px;border-color:#4d8ac7;border-radius:4px;text-shadow:none\"> <strong>17\u00e8me \u00e9tape<\/strong><\/span><\/a>\n<p><!--nextpage--><\/p>\n<h2 style=\"text-align: justify;\"><a id=\"dixsept\"><\/a>17\u00e8me \u00e9tape : Aracena &gt; Monasterio de Tentud\u00eda (Mercredi 7 septembre)<\/h2>\n<p style=\"text-align: justify;\">\u00c9tape de plaine avec une arriv\u00e9e en altitude d&rsquo;une distance de 162,3 km.<\/p>\n<div id=\"attachment_249868\" style=\"width: 970px\" class=\"wp-caption aligncenter\"><a href=\"https:\/\/dicodusport.fr\/blog\/wp-content\/uploads\/2022\/08\/Profil-17eme-etape-Tour-dEspagne-2022.jpg\"><img loading=\"lazy\" decoding=\"async\" aria-describedby=\"caption-attachment-249868\" class=\"wp-image-249868 size-full\" src=\"https:\/\/dicodusport.fr\/blog\/wp-content\/uploads\/2022\/08\/Profil-17eme-etape-Tour-dEspagne-2022.jpg\" alt=\"Profil 17\u00e8me \u00e9tape Tour d'Espagne 2022\" width=\"960\" height=\"466\" srcset=\"https:\/\/dicodusport.fr\/blog\/wp-content\/uploads\/2022\/08\/Profil-17eme-etape-Tour-dEspagne-2022.jpg 960w, https:\/\/dicodusport.fr\/blog\/wp-content\/uploads\/2022\/08\/Profil-17eme-etape-Tour-dEspagne-2022-300x146.jpg 300w, https:\/\/dicodusport.fr\/blog\/wp-content\/uploads\/2022\/08\/Profil-17eme-etape-Tour-dEspagne-2022-768x373.jpg 768w\" sizes=\"auto, (max-width: 960px) 100vw, 960px\" \/><\/a><p id=\"caption-attachment-249868\" class=\"wp-caption-text\">Profil 17\u00e8me \u00e9tape Tour d&rsquo;Espagne 2022 &#8211; Via Unipublic<\/p><\/div>\n<p style=\"text-align: center;\"><a href=\"http:\/\/dicodusport.fr\/blog\/le-profil-des-21-etapes-du-tour-d-espagne-2022\/18\/#dixhuit\" class=\"su-button su-button-style-flat\" style=\"color:#FFFFFF;background-color:#0057ae;border-color:#00468c;border-radius:4px\" target=\"_self\"><span style=\"color:#FFFFFF;padding:0px 22px;font-size:17px;line-height:34px;border-color:#4d8ac7;border-radius:4px;text-shadow:none\"> <strong>18\u00e8me \u00e9tape<\/strong><\/span><\/a><!--nextpage--><\/p>\n<h2 style=\"text-align: justify;\"><a id=\"dixhuit\"><\/a>18\u00e8me \u00e9tape : Trujillo &gt; Alto de Piornal (Jeudi 8 septembre)<\/h2>\n<p style=\"text-align: justify;\">\u00c9tape de montagne d&rsquo;une distance de 192 km.<\/p>\n<div id=\"attachment_249867\" style=\"width: 970px\" class=\"wp-caption aligncenter\"><a href=\"https:\/\/dicodusport.fr\/blog\/wp-content\/uploads\/2022\/08\/Profil-18eme-etape-Tour-dEspagne-2022.jpg\"><img loading=\"lazy\" decoding=\"async\" aria-describedby=\"caption-attachment-249867\" class=\"wp-image-249867 size-full\" src=\"https:\/\/dicodusport.fr\/blog\/wp-content\/uploads\/2022\/08\/Profil-18eme-etape-Tour-dEspagne-2022.jpg\" alt=\"Profil 18\u00e8me \u00e9tape Tour d'Espagne 2022\" width=\"960\" height=\"471\" srcset=\"https:\/\/dicodusport.fr\/blog\/wp-content\/uploads\/2022\/08\/Profil-18eme-etape-Tour-dEspagne-2022.jpg 960w, https:\/\/dicodusport.fr\/blog\/wp-content\/uploads\/2022\/08\/Profil-18eme-etape-Tour-dEspagne-2022-300x147.jpg 300w, https:\/\/dicodusport.fr\/blog\/wp-content\/uploads\/2022\/08\/Profil-18eme-etape-Tour-dEspagne-2022-768x377.jpg 768w\" sizes=\"auto, (max-width: 960px) 100vw, 960px\" \/><\/a><p id=\"caption-attachment-249867\" class=\"wp-caption-text\">Profil 18\u00e8me \u00e9tape Tour d&rsquo;Espagne 2022 &#8211; Via Unipublic<\/p><\/div>\n<p style=\"text-align: center;\"><a href=\"http:\/\/dicodusport.fr\/blog\/le-profil-des-21-etapes-du-tour-d-espagne-2022\/19\/#dixneuf\" class=\"su-button su-button-style-flat\" style=\"color:#FFFFFF;background-color:#0057ae;border-color:#00468c;border-radius:4px\" target=\"_self\"><span style=\"color:#FFFFFF;padding:0px 22px;font-size:17px;line-height:34px;border-color:#4d8ac7;border-radius:4px;text-shadow:none\"> <strong>19\u00e8me \u00e9tape<\/strong><\/span><\/a><!--nextpage--><\/p>\n<h2 style=\"text-align: justify;\"><a id=\"dixneuf\"><\/a>19\u00e8me \u00e9tape : Talavera de la Reina &gt; Talavera de la Reina (Vendredi 9 septembre)<\/h2>\n<p style=\"text-align: justify;\">\u00c9tape de moyenne montagne d&rsquo;une distance de 138,3 km.<\/p>\n<div id=\"attachment_249866\" style=\"width: 970px\" class=\"wp-caption aligncenter\"><a href=\"https:\/\/dicodusport.fr\/blog\/wp-content\/uploads\/2022\/08\/Profil-19eme-etape-Tour-dEspagne-2022.jpg\"><img loading=\"lazy\" decoding=\"async\" aria-describedby=\"caption-attachment-249866\" class=\"wp-image-249866 size-full\" src=\"https:\/\/dicodusport.fr\/blog\/wp-content\/uploads\/2022\/08\/Profil-19eme-etape-Tour-dEspagne-2022.jpg\" alt=\"Profil 19\u00e8me \u00e9tape Tour d'Espagne 2022\" width=\"960\" height=\"656\" srcset=\"https:\/\/dicodusport.fr\/blog\/wp-content\/uploads\/2022\/08\/Profil-19eme-etape-Tour-dEspagne-2022.jpg 960w, https:\/\/dicodusport.fr\/blog\/wp-content\/uploads\/2022\/08\/Profil-19eme-etape-Tour-dEspagne-2022-300x205.jpg 300w, https:\/\/dicodusport.fr\/blog\/wp-content\/uploads\/2022\/08\/Profil-19eme-etape-Tour-dEspagne-2022-768x525.jpg 768w\" sizes=\"auto, (max-width: 960px) 100vw, 960px\" \/><\/a><p id=\"caption-attachment-249866\" class=\"wp-caption-text\">Profil 19\u00e8me \u00e9tape Tour d&rsquo;Espagne 2022 &#8211; Via Unipublic<\/p><\/div>\n<p style=\"text-align: center;\"><a href=\"http:\/\/dicodusport.fr\/blog\/le-profil-des-21-etapes-du-tour-d-espagne-2022\/20\/#vingt\" class=\"su-button su-button-style-flat\" style=\"color:#FFFFFF;background-color:#0057ae;border-color:#00468c;border-radius:4px\" target=\"_self\"><span style=\"color:#FFFFFF;padding:0px 22px;font-size:17px;line-height:34px;border-color:#4d8ac7;border-radius:4px;text-shadow:none\"> <strong>20\u00e8me \u00e9tape<\/strong><\/span><\/a>\n<p><!--nextpage--><\/p>\n<h2 style=\"text-align: justify;\"><a id=\"vingt\"><\/a>20\u00e8me \u00e9tape : Moralzarzal &gt; Puerto de Navacerrada (Samedi 10 septembre)<\/h2>\n<p style=\"text-align: justify;\">\u00c9tape de montagne d&rsquo;une distance de 181 km.<\/p>\n<div id=\"attachment_249865\" style=\"width: 970px\" class=\"wp-caption aligncenter\"><a href=\"https:\/\/dicodusport.fr\/blog\/wp-content\/uploads\/2022\/08\/Profil-20eme-etape-Tour-dEspagne-2022.jpg\"><img loading=\"lazy\" decoding=\"async\" aria-describedby=\"caption-attachment-249865\" class=\"wp-image-249865 size-full\" src=\"https:\/\/dicodusport.fr\/blog\/wp-content\/uploads\/2022\/08\/Profil-20eme-etape-Tour-dEspagne-2022.jpg\" alt=\"Profil 20\u00e8me \u00e9tape Tour d'Espagne 2022\" width=\"960\" height=\"588\" srcset=\"https:\/\/dicodusport.fr\/blog\/wp-content\/uploads\/2022\/08\/Profil-20eme-etape-Tour-dEspagne-2022.jpg 960w, https:\/\/dicodusport.fr\/blog\/wp-content\/uploads\/2022\/08\/Profil-20eme-etape-Tour-dEspagne-2022-300x184.jpg 300w, https:\/\/dicodusport.fr\/blog\/wp-content\/uploads\/2022\/08\/Profil-20eme-etape-Tour-dEspagne-2022-768x470.jpg 768w\" sizes=\"auto, (max-width: 960px) 100vw, 960px\" \/><\/a><p id=\"caption-attachment-249865\" class=\"wp-caption-text\">Profil 20\u00e8me \u00e9tape Tour d&rsquo;Espagne 2022 &#8211; Via Unipublic<\/p><\/div>\n<p style=\"text-align: center;\"><a href=\"http:\/\/dicodusport.fr\/blog\/le-profil-des-21-etapes-du-tour-d-espagne-2022\/21\/#vingtetun\" class=\"su-button su-button-style-flat\" style=\"color:#FFFFFF;background-color:#0057ae;border-color:#00468c;border-radius:4px\" target=\"_self\"><span style=\"color:#FFFFFF;padding:0px 22px;font-size:17px;line-height:34px;border-color:#4d8ac7;border-radius:4px;text-shadow:none\"> <strong>21\u00e8me \u00e9tape<\/strong><\/span><\/a>\n<p><!--nextpage--><\/p>\n<h2 style=\"text-align: justify;\"><a id=\"vingtetun\"><\/a>21\u00e8me \u00e9tape : Las Rozas &gt; Madrid. Paisaje de la Luz (Dimanche 11 septembre)<\/h2>\n<p style=\"text-align: justify;\">\u00c9tape de plaine d&rsquo;une distance de 96,7 km.<\/p>\n<div id=\"attachment_249864\" style=\"width: 970px\" class=\"wp-caption aligncenter\"><a href=\"https:\/\/dicodusport.fr\/blog\/wp-content\/uploads\/2022\/08\/Profil-21eme-etape-Tour-dEspagne-2022.jpg\"><img loading=\"lazy\" decoding=\"async\" aria-describedby=\"caption-attachment-249864\" class=\"wp-image-249864 size-full\" src=\"https:\/\/dicodusport.fr\/blog\/wp-content\/uploads\/2022\/08\/Profil-21eme-etape-Tour-dEspagne-2022.jpg\" alt=\"Profil 21\u00e8me \u00e9tape Tour d'Espagne 2022\" width=\"960\" height=\"600\" srcset=\"https:\/\/dicodusport.fr\/blog\/wp-content\/uploads\/2022\/08\/Profil-21eme-etape-Tour-dEspagne-2022.jpg 960w, https:\/\/dicodusport.fr\/blog\/wp-content\/uploads\/2022\/08\/Profil-21eme-etape-Tour-dEspagne-2022-300x188.jpg 300w, https:\/\/dicodusport.fr\/blog\/wp-content\/uploads\/2022\/08\/Profil-21eme-etape-Tour-dEspagne-2022-768x480.jpg 768w\" sizes=\"auto, (max-width: 960px) 100vw, 960px\" \/><\/a><p id=\"caption-attachment-249864\" class=\"wp-caption-text\">Profil 21\u00e8me \u00e9tape Tour d&rsquo;Espagne 2022 &#8211; Via Unipublic<\/p><\/div>\n<h2 style=\"text-align: justify;\"><strong>\u00c0 lire aussi<\/strong><\/h2>\n<ul>\n<li style=\"text-align: justify;\"><strong><a href=\"https:\/\/dicodusport.fr\/blog\/tour-d-espagne-2022-les-compositions-des-equipes\/\">Les compositions des \u00e9quipes du Tour d&rsquo;Espagne 2022<\/a><\/strong><\/li>\n<\/ul>\n<p style=\"text-align: center;\"><a href=\"http:\/\/dicodusport.fr\/blog\/le-profil-des-21-etapes-du-tour-d-espagne-2022\/\" class=\"su-button su-button-style-flat\" style=\"color:#FFFFFF;background-color:#0057ae;border-color:#00468c;border-radius:4px\" target=\"_self\"><span style=\"color:#FFFFFF;padding:0px 22px;font-size:17px;line-height:34px;border-color:#4d8ac7;border-radius:4px;text-shadow:none\"> <strong>Revenir au d\u00e9but<\/strong><\/span><\/a>\n","protected":false},"excerpt":{"rendered":"<p>TOUR D&rsquo;ESPAGNE 2022 &#8211; D\u00e9couvrez le profil des 21 \u00e9tapes du Tour d&rsquo;Espagne 2022, qui se d\u00e9roule du vendredi 19 ao\u00fbt au dimanche 11 septembre, entre Utrecht (Pays-Bas) et Madrid.<\/p>\n","protected":false},"author":4,"featured_media":249942,"comment_status":"open","ping_status":"closed","sticky":false,"template":"","format":"standard","meta":{"_acf_changed":false,"_daextam_enable_autolinks":"","footnotes":""},"categories":[47042],"tags":[574],"class_list":["post-249849","post","type-post","status-publish","format-standard","has-post-thumbnail","hentry","category-tour-d-espagne","tag-cyclisme"],"acf":[],"yoast_head":"<!-- This site is optimized with the Yoast SEO Premium plugin v26.7 (Yoast SEO v26.7) - https:\/\/yoast.com\/wordpress\/plugins\/seo\/ -->\n<title>Le profil des 21 \u00e9tapes du Tour d&#039;Espagne 2022<\/title>\n<meta name=\"description\" content=\"TOUR D&#039;ESPAGNE 2022 - D\u00e9couvrez le profil des 21 \u00e9tapes du Tour d&#039;Espagne 2022, qui se d\u00e9roule du vendredi 19 ao\u00fbt au dimanche 11 septembre.\" \/>\n<meta name=\"robots\" content=\"index, follow, max-snippet:-1, max-image-preview:large, max-video-preview:-1\" \/>\n<link rel=\"canonical\" href=\"https:\/\/dicodusport.fr\/blog\/le-profil-des-21-etapes-du-tour-d-espagne-2022\/\" \/>\n<link rel=\"next\" href=\"https:\/\/dicodusport.fr\/blog\/le-profil-des-21-etapes-du-tour-d-espagne-2022\/2\/\" \/>\n<meta property=\"og:locale\" content=\"fr_FR\" \/>\n<meta property=\"og:type\" content=\"article\" \/>\n<meta property=\"og:title\" content=\"Le profil des 21 \u00e9tapes du Tour d&#039;Espagne 2022\" \/>\n<meta property=\"og:description\" content=\"TOUR D&#039;ESPAGNE 2022 - D\u00e9couvrez le profil des 21 \u00e9tapes du Tour d&#039;Espagne 2022, qui se d\u00e9roule du vendredi 19 ao\u00fbt au dimanche 11 septembre.\" \/>\n<meta property=\"og:url\" content=\"https:\/\/dicodusport.fr\/blog\/le-profil-des-21-etapes-du-tour-d-espagne-2022\/\" \/>\n<meta property=\"og:site_name\" content=\"Dicodusport\" \/>\n<meta property=\"article:publisher\" content=\"https:\/\/www.facebook.com\/dicodusport\" \/>\n<meta property=\"article:author\" content=\"https:\/\/www.facebook.com\/florent.ostermann\" \/>\n<meta property=\"article:published_time\" content=\"2022-08-12T09:00:30+00:00\" \/>\n<meta property=\"article:modified_time\" content=\"2022-08-12T09:30:09+00:00\" \/>\n<meta property=\"og:image\" content=\"https:\/\/dicodusport.fr\/blog\/wp-content\/uploads\/2022\/08\/Le-profil-des-21-etapes-du-Tour-dEspagne-2022.png\" \/>\n\t<meta property=\"og:image:width\" content=\"800\" \/>\n\t<meta property=\"og:image:height\" content=\"445\" \/>\n\t<meta property=\"og:image:type\" content=\"image\/png\" \/>\n<meta name=\"author\" content=\"Flo Ostermann\" \/>\n<meta name=\"twitter:card\" content=\"summary_large_image\" \/>\n<meta name=\"twitter:title\" content=\"Le profil des 21 \u00e9tapes du Tour d&#039;Espagne 2022\" \/>\n<meta name=\"twitter:creator\" content=\"@https:\/\/twitter.com\/FlOstermann\" \/>\n<meta name=\"twitter:site\" content=\"@dicodusport\" \/>\n<script type=\"application\/ld+json\" class=\"yoast-schema-graph\">{\"@context\":\"https:\/\/schema.org\",\"@graph\":[{\"@type\":\"NewsArticle\",\"@id\":\"https:\/\/dicodusport.fr\/blog\/le-profil-des-21-etapes-du-tour-d-espagne-2022\/#article\",\"isPartOf\":{\"@id\":\"https:\/\/dicodusport.fr\/blog\/le-profil-des-21-etapes-du-tour-d-espagne-2022\/\"},\"author\":{\"name\":\"Flo Ostermann\",\"@id\":\"https:\/\/dicodusport.fr\/blog\/#\/schema\/person\/cb02af4c173ce4a653b55e9baf388d4a\"},\"headline\":\"Le profil des 21 \u00e9tapes du Tour d&rsquo;Espagne 2022\",\"datePublished\":\"2022-08-12T09:00:30+00:00\",\"dateModified\":\"2022-08-12T09:30:09+00:00\",\"mainEntityOfPage\":{\"@id\":\"https:\/\/dicodusport.fr\/blog\/le-profil-des-21-etapes-du-tour-d-espagne-2022\/\"},\"wordCount\":1211,\"commentCount\":0,\"publisher\":{\"@id\":\"https:\/\/dicodusport.fr\/blog\/#organization\"},\"image\":{\"@id\":\"https:\/\/dicodusport.fr\/blog\/le-profil-des-21-etapes-du-tour-d-espagne-2022\/#primaryimage\"},\"thumbnailUrl\":\"https:\/\/dicodusport.fr\/blog\/wp-content\/uploads\/2022\/08\/Le-profil-des-21-etapes-du-Tour-dEspagne-2022.png\",\"keywords\":[\"Cyclisme\"],\"articleSection\":[\"Tour d'Espagne\"],\"inLanguage\":\"fr-FR\",\"potentialAction\":[{\"@type\":\"CommentAction\",\"name\":\"Comment\",\"target\":[\"https:\/\/dicodusport.fr\/blog\/le-profil-des-21-etapes-du-tour-d-espagne-2022\/#respond\"]}],\"copyrightYear\":\"2022\",\"copyrightHolder\":{\"@id\":\"https:\/\/dicodusport.fr\/blog\/#organization\"}},{\"@type\":\"WebPage\",\"@id\":\"https:\/\/dicodusport.fr\/blog\/le-profil-des-21-etapes-du-tour-d-espagne-2022\/\",\"url\":\"https:\/\/dicodusport.fr\/blog\/le-profil-des-21-etapes-du-tour-d-espagne-2022\/\",\"name\":\"Le profil des 21 \u00e9tapes du Tour d'Espagne 2022\",\"isPartOf\":{\"@id\":\"https:\/\/dicodusport.fr\/blog\/#website\"},\"primaryImageOfPage\":{\"@id\":\"https:\/\/dicodusport.fr\/blog\/le-profil-des-21-etapes-du-tour-d-espagne-2022\/#primaryimage\"},\"image\":{\"@id\":\"https:\/\/dicodusport.fr\/blog\/le-profil-des-21-etapes-du-tour-d-espagne-2022\/#primaryimage\"},\"thumbnailUrl\":\"https:\/\/dicodusport.fr\/blog\/wp-content\/uploads\/2022\/08\/Le-profil-des-21-etapes-du-Tour-dEspagne-2022.png\",\"datePublished\":\"2022-08-12T09:00:30+00:00\",\"dateModified\":\"2022-08-12T09:30:09+00:00\",\"description\":\"TOUR D'ESPAGNE 2022 - D\u00e9couvrez le profil des 21 \u00e9tapes du Tour d'Espagne 2022, qui se d\u00e9roule du vendredi 19 ao\u00fbt au dimanche 11 septembre.\",\"inLanguage\":\"fr-FR\",\"potentialAction\":[{\"@type\":\"ReadAction\",\"target\":[\"https:\/\/dicodusport.fr\/blog\/le-profil-des-21-etapes-du-tour-d-espagne-2022\/\"]}]},{\"@type\":\"ImageObject\",\"inLanguage\":\"fr-FR\",\"@id\":\"https:\/\/dicodusport.fr\/blog\/le-profil-des-21-etapes-du-tour-d-espagne-2022\/#primaryimage\",\"url\":\"https:\/\/dicodusport.fr\/blog\/wp-content\/uploads\/2022\/08\/Le-profil-des-21-etapes-du-Tour-dEspagne-2022.png\",\"contentUrl\":\"https:\/\/dicodusport.fr\/blog\/wp-content\/uploads\/2022\/08\/Le-profil-des-21-etapes-du-Tour-dEspagne-2022.png\",\"width\":800,\"height\":445,\"caption\":\"Le profil des 21 \u00e9tapes du Tour d'Espagne 2022\"},{\"@type\":\"WebSite\",\"@id\":\"https:\/\/dicodusport.fr\/blog\/#website\",\"url\":\"https:\/\/dicodusport.fr\/blog\/\",\"name\":\"Dicodusport\",\"description\":\"L&#039;encyclop\u00e9die de l&#039;actualit\u00e9 sportive\",\"publisher\":{\"@id\":\"https:\/\/dicodusport.fr\/blog\/#organization\"},\"potentialAction\":[{\"@type\":\"SearchAction\",\"target\":{\"@type\":\"EntryPoint\",\"urlTemplate\":\"https:\/\/dicodusport.fr\/blog\/?s={search_term_string}\"},\"query-input\":{\"@type\":\"PropertyValueSpecification\",\"valueRequired\":true,\"valueName\":\"search_term_string\"}}],\"inLanguage\":\"fr-FR\"},{\"@type\":\"NewsMediaOrganization\",\"@id\":\"https:\/\/dicodusport.fr\/blog\/#organization\",\"name\":\"Dicodusport\",\"url\":\"https:\/\/dicodusport.fr\/blog\/\",\"logo\":{\"@type\":\"ImageObject\",\"inLanguage\":\"fr-FR\",\"@id\":\"https:\/\/dicodusport.fr\/blog\/#\/schema\/logo\/image\/\",\"url\":\"https:\/\/dicodusport.fr\/blog\/wp-content\/uploads\/2020\/06\/cropped-LOGO-DICODUSPORT-2020-SANS-FOND-SANS-TEXTE.png\",\"contentUrl\":\"https:\/\/dicodusport.fr\/blog\/wp-content\/uploads\/2020\/06\/cropped-LOGO-DICODUSPORT-2020-SANS-FOND-SANS-TEXTE.png\",\"width\":512,\"height\":512,\"caption\":\"Dicodusport\"},\"image\":{\"@id\":\"https:\/\/dicodusport.fr\/blog\/#\/schema\/logo\/image\/\"},\"sameAs\":[\"https:\/\/www.facebook.com\/dicodusport\",\"https:\/\/x.com\/dicodusport\",\"https:\/\/www.instagram.com\/dicodusport\/\",\"https:\/\/www.youtube.com\/channel\/UC7V2KZ5sd3htJivAbA4ZG3w\"],\"description\":\"Dicodusport est l'encyclop\u00e9die de l'actualit\u00e9 sportive.\",\"email\":\"bonjour@dicodusport.fr\",\"legalName\":\"DICODUSPORT\",\"foundingDate\":\"2018-01-14\",\"vatID\":\"FR71834470973\",\"taxID\":\"83447097300043\",\"numberOfEmployees\":{\"@type\":\"QuantitativeValue\",\"minValue\":\"1\",\"maxValue\":\"10\"}},{\"@type\":\"Person\",\"@id\":\"https:\/\/dicodusport.fr\/blog\/#\/schema\/person\/cb02af4c173ce4a653b55e9baf388d4a\",\"name\":\"Flo Ostermann\",\"image\":{\"@type\":\"ImageObject\",\"inLanguage\":\"fr-FR\",\"@id\":\"https:\/\/dicodusport.fr\/blog\/#\/schema\/person\/image\/\",\"url\":\"https:\/\/dicodusport.fr\/blog\/wp-content\/uploads\/2021\/05\/Flo-Ostermann-150x150.jpg\",\"contentUrl\":\"https:\/\/dicodusport.fr\/blog\/wp-content\/uploads\/2021\/05\/Flo-Ostermann-150x150.jpg\",\"caption\":\"Flo Ostermann\"},\"description\":\"Journaliste\/R\u00e9dacteur depuis septembre 2015 - Mes premiers souvenirs dans le sport ? Les envol\u00e9es du Stade Toulousain et les duels Villeneuve-Schumacher et H\u00e4kkinen-Schumacher \u00e0 la fin des ann\u00e9es 90, la Coupe du monde de football en 1998, l\u2019exploit du XV de France face aux All Blacks en 1999, mais aussi Richard C\u0153ur de Lion qui vole sur les montagnes du Tour de France. Bien parti pour devenir professeur d\u2019EPS, les \u00e9v\u00e9nements de la vie (et la flemme d\u2019animer des s\u00e9ances de 3x500 m\u00e8tres toute ma vie) m\u2019ont conduit \u00e0 revoir mes plans. Me voil\u00e0 depuis fin 2017 sur Dicodusport, m\u00e9dia gr\u00e2ce (et pour) lequel je partage ma passion : le sport dans tous ses \u00e9tats. Le tout accompagn\u00e9 par les fous furieux et folles furieuses cit\u00e9s sur cette page !\",\"sameAs\":[\"https:\/\/www.facebook.com\/florent.ostermann\",\"https:\/\/x.com\/https:\/\/twitter.com\/FlOstermann\",\"admin\"],\"url\":\"https:\/\/dicodusport.fr\/blog\/author\/flo\/\"}]}<\/script>\n<!-- \/ Yoast SEO Premium plugin. -->","yoast_head_json":{"title":"Le profil des 21 \u00e9tapes du Tour d'Espagne 2022","description":"TOUR D'ESPAGNE 2022 - D\u00e9couvrez le profil des 21 \u00e9tapes du Tour d'Espagne 2022, qui se d\u00e9roule du vendredi 19 ao\u00fbt au dimanche 11 septembre.","robots":{"index":"index","follow":"follow","max-snippet":"max-snippet:-1","max-image-preview":"max-image-preview:large","max-video-preview":"max-video-preview:-1"},"canonical":"https:\/\/dicodusport.fr\/blog\/le-profil-des-21-etapes-du-tour-d-espagne-2022\/","next":"https:\/\/dicodusport.fr\/blog\/le-profil-des-21-etapes-du-tour-d-espagne-2022\/2\/","og_locale":"fr_FR","og_type":"article","og_title":"Le profil des 21 \u00e9tapes du Tour d'Espagne 2022","og_description":"TOUR D'ESPAGNE 2022 - D\u00e9couvrez le profil des 21 \u00e9tapes du Tour d'Espagne 2022, qui se d\u00e9roule du vendredi 19 ao\u00fbt au dimanche 11 septembre.","og_url":"https:\/\/dicodusport.fr\/blog\/le-profil-des-21-etapes-du-tour-d-espagne-2022\/","og_site_name":"Dicodusport","article_publisher":"https:\/\/www.facebook.com\/dicodusport","article_author":"https:\/\/www.facebook.com\/florent.ostermann","article_published_time":"2022-08-12T09:00:30+00:00","article_modified_time":"2022-08-12T09:30:09+00:00","og_image":[{"width":800,"height":445,"url":"https:\/\/dicodusport.fr\/blog\/wp-content\/uploads\/2022\/08\/Le-profil-des-21-etapes-du-Tour-dEspagne-2022.png","type":"image\/png"}],"author":"Flo Ostermann","twitter_card":"summary_large_image","twitter_title":"Le profil des 21 \u00e9tapes du Tour d'Espagne 2022","twitter_creator":"@https:\/\/twitter.com\/FlOstermann","twitter_site":"@dicodusport","schema":{"@context":"https:\/\/schema.org","@graph":[{"@type":"NewsArticle","@id":"https:\/\/dicodusport.fr\/blog\/le-profil-des-21-etapes-du-tour-d-espagne-2022\/#article","isPartOf":{"@id":"https:\/\/dicodusport.fr\/blog\/le-profil-des-21-etapes-du-tour-d-espagne-2022\/"},"author":{"name":"Flo Ostermann","@id":"https:\/\/dicodusport.fr\/blog\/#\/schema\/person\/cb02af4c173ce4a653b55e9baf388d4a"},"headline":"Le profil des 21 \u00e9tapes du Tour d&rsquo;Espagne 2022","datePublished":"2022-08-12T09:00:30+00:00","dateModified":"2022-08-12T09:30:09+00:00","mainEntityOfPage":{"@id":"https:\/\/dicodusport.fr\/blog\/le-profil-des-21-etapes-du-tour-d-espagne-2022\/"},"wordCount":1211,"commentCount":0,"publisher":{"@id":"https:\/\/dicodusport.fr\/blog\/#organization"},"image":{"@id":"https:\/\/dicodusport.fr\/blog\/le-profil-des-21-etapes-du-tour-d-espagne-2022\/#primaryimage"},"thumbnailUrl":"https:\/\/dicodusport.fr\/blog\/wp-content\/uploads\/2022\/08\/Le-profil-des-21-etapes-du-Tour-dEspagne-2022.png","keywords":["Cyclisme"],"articleSection":["Tour d'Espagne"],"inLanguage":"fr-FR","potentialAction":[{"@type":"CommentAction","name":"Comment","target":["https:\/\/dicodusport.fr\/blog\/le-profil-des-21-etapes-du-tour-d-espagne-2022\/#respond"]}],"copyrightYear":"2022","copyrightHolder":{"@id":"https:\/\/dicodusport.fr\/blog\/#organization"}},{"@type":"WebPage","@id":"https:\/\/dicodusport.fr\/blog\/le-profil-des-21-etapes-du-tour-d-espagne-2022\/","url":"https:\/\/dicodusport.fr\/blog\/le-profil-des-21-etapes-du-tour-d-espagne-2022\/","name":"Le profil des 21 \u00e9tapes du Tour d'Espagne 2022","isPartOf":{"@id":"https:\/\/dicodusport.fr\/blog\/#website"},"primaryImageOfPage":{"@id":"https:\/\/dicodusport.fr\/blog\/le-profil-des-21-etapes-du-tour-d-espagne-2022\/#primaryimage"},"image":{"@id":"https:\/\/dicodusport.fr\/blog\/le-profil-des-21-etapes-du-tour-d-espagne-2022\/#primaryimage"},"thumbnailUrl":"https:\/\/dicodusport.fr\/blog\/wp-content\/uploads\/2022\/08\/Le-profil-des-21-etapes-du-Tour-dEspagne-2022.png","datePublished":"2022-08-12T09:00:30+00:00","dateModified":"2022-08-12T09:30:09+00:00","description":"TOUR D'ESPAGNE 2022 - D\u00e9couvrez le profil des 21 \u00e9tapes du Tour d'Espagne 2022, qui se d\u00e9roule du vendredi 19 ao\u00fbt au dimanche 11 septembre.","inLanguage":"fr-FR","potentialAction":[{"@type":"ReadAction","target":["https:\/\/dicodusport.fr\/blog\/le-profil-des-21-etapes-du-tour-d-espagne-2022\/"]}]},{"@type":"ImageObject","inLanguage":"fr-FR","@id":"https:\/\/dicodusport.fr\/blog\/le-profil-des-21-etapes-du-tour-d-espagne-2022\/#primaryimage","url":"https:\/\/dicodusport.fr\/blog\/wp-content\/uploads\/2022\/08\/Le-profil-des-21-etapes-du-Tour-dEspagne-2022.png","contentUrl":"https:\/\/dicodusport.fr\/blog\/wp-content\/uploads\/2022\/08\/Le-profil-des-21-etapes-du-Tour-dEspagne-2022.png","width":800,"height":445,"caption":"Le profil des 21 \u00e9tapes du Tour d'Espagne 2022"},{"@type":"WebSite","@id":"https:\/\/dicodusport.fr\/blog\/#website","url":"https:\/\/dicodusport.fr\/blog\/","name":"Dicodusport","description":"L&#039;encyclop\u00e9die de l&#039;actualit\u00e9 sportive","publisher":{"@id":"https:\/\/dicodusport.fr\/blog\/#organization"},"potentialAction":[{"@type":"SearchAction","target":{"@type":"EntryPoint","urlTemplate":"https:\/\/dicodusport.fr\/blog\/?s={search_term_string}"},"query-input":{"@type":"PropertyValueSpecification","valueRequired":true,"valueName":"search_term_string"}}],"inLanguage":"fr-FR"},{"@type":"NewsMediaOrganization","@id":"https:\/\/dicodusport.fr\/blog\/#organization","name":"Dicodusport","url":"https:\/\/dicodusport.fr\/blog\/","logo":{"@type":"ImageObject","inLanguage":"fr-FR","@id":"https:\/\/dicodusport.fr\/blog\/#\/schema\/logo\/image\/","url":"https:\/\/dicodusport.fr\/blog\/wp-content\/uploads\/2020\/06\/cropped-LOGO-DICODUSPORT-2020-SANS-FOND-SANS-TEXTE.png","contentUrl":"https:\/\/dicodusport.fr\/blog\/wp-content\/uploads\/2020\/06\/cropped-LOGO-DICODUSPORT-2020-SANS-FOND-SANS-TEXTE.png","width":512,"height":512,"caption":"Dicodusport"},"image":{"@id":"https:\/\/dicodusport.fr\/blog\/#\/schema\/logo\/image\/"},"sameAs":["https:\/\/www.facebook.com\/dicodusport","https:\/\/x.com\/dicodusport","https:\/\/www.instagram.com\/dicodusport\/","https:\/\/www.youtube.com\/channel\/UC7V2KZ5sd3htJivAbA4ZG3w"],"description":"Dicodusport est l'encyclop\u00e9die de l'actualit\u00e9 sportive.","email":"bonjour@dicodusport.fr","legalName":"DICODUSPORT","foundingDate":"2018-01-14","vatID":"FR71834470973","taxID":"83447097300043","numberOfEmployees":{"@type":"QuantitativeValue","minValue":"1","maxValue":"10"}},{"@type":"Person","@id":"https:\/\/dicodusport.fr\/blog\/#\/schema\/person\/cb02af4c173ce4a653b55e9baf388d4a","name":"Flo Ostermann","image":{"@type":"ImageObject","inLanguage":"fr-FR","@id":"https:\/\/dicodusport.fr\/blog\/#\/schema\/person\/image\/","url":"https:\/\/dicodusport.fr\/blog\/wp-content\/uploads\/2021\/05\/Flo-Ostermann-150x150.jpg","contentUrl":"https:\/\/dicodusport.fr\/blog\/wp-content\/uploads\/2021\/05\/Flo-Ostermann-150x150.jpg","caption":"Flo Ostermann"},"description":"Journaliste\/R\u00e9dacteur depuis septembre 2015 - Mes premiers souvenirs dans le sport ? Les envol\u00e9es du Stade Toulousain et les duels Villeneuve-Schumacher et H\u00e4kkinen-Schumacher \u00e0 la fin des ann\u00e9es 90, la Coupe du monde de football en 1998, l\u2019exploit du XV de France face aux All Blacks en 1999, mais aussi Richard C\u0153ur de Lion qui vole sur les montagnes du Tour de France. Bien parti pour devenir professeur d\u2019EPS, les \u00e9v\u00e9nements de la vie (et la flemme d\u2019animer des s\u00e9ances de 3x500 m\u00e8tres toute ma vie) m\u2019ont conduit \u00e0 revoir mes plans. Me voil\u00e0 depuis fin 2017 sur Dicodusport, m\u00e9dia gr\u00e2ce (et pour) lequel je partage ma passion : le sport dans tous ses \u00e9tats. Le tout accompagn\u00e9 par les fous furieux et folles furieuses cit\u00e9s sur cette page !","sameAs":["https:\/\/www.facebook.com\/florent.ostermann","https:\/\/x.com\/https:\/\/twitter.com\/FlOstermann","admin"],"url":"https:\/\/dicodusport.fr\/blog\/author\/flo\/"}]}},"_links":{"self":[{"href":"https:\/\/dicodusport.fr\/blog\/wp-json\/wp\/v2\/posts\/249849","targetHints":{"allow":["GET"]}}],"collection":[{"href":"https:\/\/dicodusport.fr\/blog\/wp-json\/wp\/v2\/posts"}],"about":[{"href":"https:\/\/dicodusport.fr\/blog\/wp-json\/wp\/v2\/types\/post"}],"author":[{"embeddable":true,"href":"https:\/\/dicodusport.fr\/blog\/wp-json\/wp\/v2\/users\/4"}],"replies":[{"embeddable":true,"href":"https:\/\/dicodusport.fr\/blog\/wp-json\/wp\/v2\/comments?post=249849"}],"version-history":[{"count":0,"href":"https:\/\/dicodusport.fr\/blog\/wp-json\/wp\/v2\/posts\/249849\/revisions"}],"wp:featuredmedia":[{"embeddable":true,"href":"https:\/\/dicodusport.fr\/blog\/wp-json\/wp\/v2\/media\/249942"}],"wp:attachment":[{"href":"https:\/\/dicodusport.fr\/blog\/wp-json\/wp\/v2\/media?parent=249849"}],"wp:term":[{"taxonomy":"category","embeddable":true,"href":"https:\/\/dicodusport.fr\/blog\/wp-json\/wp\/v2\/categories?post=249849"},{"taxonomy":"post_tag","embeddable":true,"href":"https:\/\/dicodusport.fr\/blog\/wp-json\/wp\/v2\/tags?post=249849"}],"curies":[{"name":"wp","href":"https:\/\/api.w.org\/{rel}","templated":true}]}}