{"id":250290,"date":"2022-08-08T10:54:27","date_gmt":"2022-08-08T08:54:27","guid":{"rendered":"https:\/\/dicodusport.fr\/blog\/?p=250290&#038;preview=true&#038;preview_id=250290"},"modified":"2022-08-08T13:01:33","modified_gmt":"2022-08-08T11:01:33","slug":"euro-jeunes-de-ski-nautique-neuf-medailles-pour-la-france","status":"publish","type":"post","link":"https:\/\/dicodusport.fr\/blog\/euro-jeunes-de-ski-nautique-neuf-medailles-pour-la-france\/","title":{"rendered":"Euro jeunes de ski nautique : Neuf m\u00e9dailles pour la France"},"content":{"rendered":"<p style=\"text-align: justify;\"><b><i>CHAMPIONNATS D&rsquo;EUROPE U14\/U17 DE SKI NAUTIQUE &#8211; En d\u00e9placement en Gr\u00e8ce, la d\u00e9l\u00e9gation fran\u00e7aise est rentr\u00e9e avec neuf m\u00e9dailles dans les valises, dont deux titres pour Axel Garcia.<\/i><\/b><\/p>\n<p style=\"text-align: justify;\">La rel\u00e8ve fran\u00e7aise est d\u00e9j\u00e0 pr\u00eate en ski nautique. Lors des Championnats d&rsquo;Europe disput\u00e9s \u00e0 Ioannina, en Gr\u00e8ce, ce sont neuf m\u00e9dailles qui sont tomb\u00e9es dans l&rsquo;escarcelles des Tricolores. L&rsquo;athl\u00e8te de cet Euro est <strong>Axel Garcia<\/strong>. Chez les U14, le Fran\u00e7ais a r\u00e9alis\u00e9 le doubl\u00e9 en remportant le titre en saut, mais aussi en combin\u00e9. Il a principalement contribu\u00e9 \u00e0 deux des trois m\u00e9dailles par \u00e9quipes, le bronze en U14 et l&rsquo;argent en U14 + U17 (les U17 ont \u00e9galement pris l&rsquo;argent par \u00e9quipes).<\/p>\n<blockquote class=\"twitter-tweet\">\n<p dir=\"ltr\" lang=\"fr\"><a href=\"https:\/\/twitter.com\/hashtag\/EuroSkiNautique?src=hash&amp;ref_src=twsrc%5Etfw\">#EuroSkiNautique<\/a> <a href=\"https:\/\/twitter.com\/hashtag\/U14?src=hash&amp;ref_src=twsrc%5Etfw\">#U14<\/a> <a href=\"https:\/\/twitter.com\/hashtag\/U17?src=hash&amp;ref_src=twsrc%5Etfw\">#U17<\/a><br \/>\nLe titre \u00e9galement au <a href=\"https:\/\/twitter.com\/hashtag\/Combin%C3%A9?src=hash&amp;ref_src=twsrc%5Etfw\">#Combin\u00e9<\/a> pour Axel&#x1f947;&#x1f4aa;&#x1f1eb;&#x1f1f7; <a href=\"https:\/\/twitter.com\/hashtag\/Slalom?src=hash&amp;ref_src=twsrc%5Etfw\">#Slalom<\/a> <a href=\"https:\/\/twitter.com\/hashtag\/Figures?src=hash&amp;ref_src=twsrc%5Etfw\">#Figures<\/a> <a href=\"https:\/\/twitter.com\/hashtag\/Saut?src=hash&amp;ref_src=twsrc%5Etfw\">#Saut<\/a><br \/>\n&gt; Joshua VERHAEGHE-PELLICER 10\u00e8me<a href=\"https:\/\/twitter.com\/hashtag\/AllezlesBleuets?src=hash&amp;ref_src=twsrc%5Etfw\">#AllezlesBleuets<\/a> <a href=\"https:\/\/twitter.com\/hashtag\/FranceSkiNautique?src=hash&amp;ref_src=twsrc%5Etfw\">#FranceSkiNautique<\/a> <a href=\"https:\/\/twitter.com\/hashtag\/UneSeuleEquipe?src=hash&amp;ref_src=twsrc%5Etfw\">#UneSeuleEquipe<\/a> <a href=\"https:\/\/twitter.com\/hashtag\/UneSeuleEquipe?src=hash&amp;ref_src=twsrc%5Etfw\">#UneSeuleEquipe<\/a> <a href=\"https:\/\/twitter.com\/hashtag\/PassionGlisse?src=hash&amp;ref_src=twsrc%5Etfw\">#PassionGlisse<\/a> <a href=\"https:\/\/t.co\/4t5f13JH2T\">pic.twitter.com\/4t5f13JH2T<\/a><\/p>\n<p>\u2014 F\u00e9d\u00e9ration Fran\u00e7aise de Ski Nautique &amp; Wakeboard (@FFSNW) <a href=\"https:\/\/twitter.com\/FFSNW\/status\/1556266361449549830?ref_src=twsrc%5Etfw\">August 7, 2022<\/a><\/p><\/blockquote>\n<p style=\"text-align: justify;\"><script async src=\"https:\/\/platform.twitter.com\/widgets.js\" charset=\"utf-8\"><\/script><br \/>\nQuatre autres m\u00e9dailles individuelles ont \u00e9t\u00e9 acquises par les Bleuets. En slalom U17, <strong>Cl\u00e9mentine Curti<\/strong> s&rsquo;est par\u00e9e d&rsquo;argent. Dans la m\u00eame cat\u00e9gorie d&rsquo;\u00e2ge, <strong>Tristan Duplan-Fribourg<\/strong> a pris le bronze dans l&rsquo;\u00e9preuve des figures, tout comme <strong>S\u00e9bastien Fautrel<\/strong> en slalom, et <strong>Clarens Lavau<\/strong>, troisi\u00e8me de l&rsquo;\u00e9preuve combin\u00e9e. Ces neuf m\u00e9dailles sont un excellent score pour une \u00e9quipe de France qui s&rsquo;est trouv\u00e9e des leaders et une belle force collective lors de cette semaine grecque.<\/p>\n<blockquote class=\"twitter-tweet\">\n<p dir=\"ltr\" lang=\"fr\"><a href=\"https:\/\/twitter.com\/hashtag\/EuroSkiNautique?src=hash&amp;ref_src=twsrc%5Etfw\">#EuroSkiNautique<\/a> <a href=\"https:\/\/twitter.com\/hashtag\/U14?src=hash&amp;ref_src=twsrc%5Etfw\">#U14<\/a> <a href=\"https:\/\/twitter.com\/hashtag\/U17?src=hash&amp;ref_src=twsrc%5Etfw\">#U17<\/a><br \/>\nOn termine la semaine avec les classements par \u00e9quipes<br \/>\n&gt; France&#x1f949;U14<br \/>\n&gt; France&#x1f948;U17<br \/>\n&gt; France&#x1f948;U14+U17<br \/>\nBilan &#x1f947;&#x1f947;&#x1f948;&#x1f949;&#x1f949;&#x1f949;en individuel +&#x1f948;&#x1f948;&#x1f949;par \u00e9quipes<a href=\"https:\/\/twitter.com\/hashtag\/AllezlesBleuets?src=hash&amp;ref_src=twsrc%5Etfw\">#AllezlesBleuets<\/a> <a href=\"https:\/\/twitter.com\/hashtag\/FranceSkiNautique?src=hash&amp;ref_src=twsrc%5Etfw\">#FranceSkiNautique<\/a> <a href=\"https:\/\/twitter.com\/hashtag\/UneSeuleEquipe?src=hash&amp;ref_src=twsrc%5Etfw\">#UneSeuleEquipe<\/a> <a href=\"https:\/\/twitter.com\/hashtag\/UneSeuleEquipe?src=hash&amp;ref_src=twsrc%5Etfw\">#UneSeuleEquipe<\/a> <a href=\"https:\/\/twitter.com\/hashtag\/PassionGlisse?src=hash&amp;ref_src=twsrc%5Etfw\">#PassionGlisse<\/a> <a href=\"https:\/\/t.co\/6SObar82J7\">pic.twitter.com\/6SObar82J7<\/a><\/p>\n<p>\u2014 F\u00e9d\u00e9ration Fran\u00e7aise de Ski Nautique &amp; Wakeboard (@FFSNW) <a href=\"https:\/\/twitter.com\/FFSNW\/status\/1556322011894484998?ref_src=twsrc%5Etfw\">August 7, 2022<\/a><\/p><\/blockquote>\n<p style=\"text-align: justify;\"><script async src=\"https:\/\/platform.twitter.com\/widgets.js\" charset=\"utf-8\"><\/script><\/p>\n","protected":false},"excerpt":{"rendered":"<p>CHAMPIONNATS D&rsquo;EUROPE U14\/U17 DE SKI NAUTIQUE &#8211; En d\u00e9placement en Gr\u00e8ce, la d\u00e9l\u00e9gation fran\u00e7aise est rentr\u00e9e avec neuf m\u00e9dailles dans les valises, dont deux titres pour Axel Garcia.<\/p>\n","protected":false},"author":59,"featured_media":250295,"comment_status":"open","ping_status":"closed","sticky":false,"template":"","format":"standard","meta":{"_acf_changed":false,"_daextam_enable_autolinks":"","footnotes":""},"categories":[2315],"tags":[],"class_list":["post-250290","post","type-post","status-publish","format-standard","has-post-thumbnail","hentry","category-sports-aquatiques"],"acf":[],"yoast_head":"<!-- This site is optimized with the Yoast SEO Premium plugin v26.7 (Yoast SEO v26.7) - https:\/\/yoast.com\/wordpress\/plugins\/seo\/ -->\n<title>Euro jeunes de ski nautique : Neuf m\u00e9dailles pour la France<\/title>\n<meta name=\"description\" content=\"CHAMPIONNATS D&#039;EUROPE U14\/U17 DE SKI NAUTIQUE - La d\u00e9l\u00e9gation fran\u00e7aise est rentr\u00e9e avec neuf m\u00e9dailles dans les valises.\" \/>\n<meta name=\"robots\" content=\"index, follow, max-snippet:-1, max-image-preview:large, max-video-preview:-1\" \/>\n<link rel=\"canonical\" href=\"https:\/\/dicodusport.fr\/blog\/euro-jeunes-de-ski-nautique-neuf-medailles-pour-la-france\/\" \/>\n<meta property=\"og:locale\" content=\"fr_FR\" \/>\n<meta property=\"og:type\" content=\"article\" \/>\n<meta property=\"og:title\" content=\"Euro jeunes de ski nautique : Neuf m\u00e9dailles pour la France\" \/>\n<meta property=\"og:description\" content=\"CHAMPIONNATS D&#039;EUROPE U14\/U17 DE SKI NAUTIQUE - La d\u00e9l\u00e9gation fran\u00e7aise est rentr\u00e9e avec neuf m\u00e9dailles dans les valises.\" \/>\n<meta property=\"og:url\" content=\"https:\/\/dicodusport.fr\/blog\/euro-jeunes-de-ski-nautique-neuf-medailles-pour-la-france\/\" \/>\n<meta property=\"og:site_name\" content=\"Dicodusport\" \/>\n<meta property=\"article:publisher\" content=\"https:\/\/www.facebook.com\/dicodusport\" \/>\n<meta property=\"article:author\" content=\"https:\/\/www.facebook.com\/sebastien.gente\/\" \/>\n<meta property=\"article:published_time\" content=\"2022-08-08T08:54:27+00:00\" \/>\n<meta property=\"article:modified_time\" content=\"2022-08-08T11:01:33+00:00\" \/>\n<meta property=\"og:image\" content=\"https:\/\/dicodusport.fr\/blog\/wp-content\/uploads\/2022\/08\/Euro-jeunes-de-ski-nautique-Neuf-medailles-pour-la-France.png\" \/>\n\t<meta property=\"og:image:width\" content=\"800\" \/>\n\t<meta property=\"og:image:height\" content=\"445\" \/>\n\t<meta property=\"og:image:type\" content=\"image\/png\" \/>\n<meta name=\"author\" content=\"S\u00e9bastien Gente\" \/>\n<meta name=\"twitter:card\" content=\"summary_large_image\" \/>\n<meta name=\"twitter:title\" content=\"Euro jeunes de ski nautique : Neuf m\u00e9dailles pour la France\" \/>\n<meta name=\"twitter:creator\" content=\"@https:\/\/twitter.com\/globulo24\" \/>\n<meta name=\"twitter:site\" content=\"@dicodusport\" \/>\n<script type=\"application\/ld+json\" class=\"yoast-schema-graph\">{\"@context\":\"https:\/\/schema.org\",\"@graph\":[{\"@type\":\"NewsArticle\",\"@id\":\"https:\/\/dicodusport.fr\/blog\/euro-jeunes-de-ski-nautique-neuf-medailles-pour-la-france\/#article\",\"isPartOf\":{\"@id\":\"https:\/\/dicodusport.fr\/blog\/euro-jeunes-de-ski-nautique-neuf-medailles-pour-la-france\/\"},\"author\":{\"name\":\"S\u00e9bastien Gente\",\"@id\":\"https:\/\/dicodusport.fr\/blog\/#\/schema\/person\/627966a6cde45dbd8c5e36ac85d783da\"},\"headline\":\"Euro jeunes de ski nautique : Neuf m\u00e9dailles pour la France\",\"datePublished\":\"2022-08-08T08:54:27+00:00\",\"dateModified\":\"2022-08-08T11:01:33+00:00\",\"mainEntityOfPage\":{\"@id\":\"https:\/\/dicodusport.fr\/blog\/euro-jeunes-de-ski-nautique-neuf-medailles-pour-la-france\/\"},\"wordCount\":360,\"commentCount\":0,\"publisher\":{\"@id\":\"https:\/\/dicodusport.fr\/blog\/#organization\"},\"image\":{\"@id\":\"https:\/\/dicodusport.fr\/blog\/euro-jeunes-de-ski-nautique-neuf-medailles-pour-la-france\/#primaryimage\"},\"thumbnailUrl\":\"https:\/\/dicodusport.fr\/blog\/wp-content\/uploads\/2022\/08\/Euro-jeunes-de-ski-nautique-Neuf-medailles-pour-la-France.png\",\"articleSection\":[\"Sports aquatiques\"],\"inLanguage\":\"fr-FR\",\"potentialAction\":[{\"@type\":\"CommentAction\",\"name\":\"Comment\",\"target\":[\"https:\/\/dicodusport.fr\/blog\/euro-jeunes-de-ski-nautique-neuf-medailles-pour-la-france\/#respond\"]}],\"copyrightYear\":\"2022\",\"copyrightHolder\":{\"@id\":\"https:\/\/dicodusport.fr\/blog\/#organization\"}},{\"@type\":\"WebPage\",\"@id\":\"https:\/\/dicodusport.fr\/blog\/euro-jeunes-de-ski-nautique-neuf-medailles-pour-la-france\/\",\"url\":\"https:\/\/dicodusport.fr\/blog\/euro-jeunes-de-ski-nautique-neuf-medailles-pour-la-france\/\",\"name\":\"Euro jeunes de ski nautique : Neuf m\u00e9dailles pour la France\",\"isPartOf\":{\"@id\":\"https:\/\/dicodusport.fr\/blog\/#website\"},\"primaryImageOfPage\":{\"@id\":\"https:\/\/dicodusport.fr\/blog\/euro-jeunes-de-ski-nautique-neuf-medailles-pour-la-france\/#primaryimage\"},\"image\":{\"@id\":\"https:\/\/dicodusport.fr\/blog\/euro-jeunes-de-ski-nautique-neuf-medailles-pour-la-france\/#primaryimage\"},\"thumbnailUrl\":\"https:\/\/dicodusport.fr\/blog\/wp-content\/uploads\/2022\/08\/Euro-jeunes-de-ski-nautique-Neuf-medailles-pour-la-France.png\",\"datePublished\":\"2022-08-08T08:54:27+00:00\",\"dateModified\":\"2022-08-08T11:01:33+00:00\",\"description\":\"CHAMPIONNATS D'EUROPE U14\/U17 DE SKI NAUTIQUE - La d\u00e9l\u00e9gation fran\u00e7aise est rentr\u00e9e avec neuf m\u00e9dailles dans les valises.\",\"breadcrumb\":{\"@id\":\"https:\/\/dicodusport.fr\/blog\/euro-jeunes-de-ski-nautique-neuf-medailles-pour-la-france\/#breadcrumb\"},\"inLanguage\":\"fr-FR\",\"potentialAction\":[{\"@type\":\"ReadAction\",\"target\":[\"https:\/\/dicodusport.fr\/blog\/euro-jeunes-de-ski-nautique-neuf-medailles-pour-la-france\/\"]}]},{\"@type\":\"ImageObject\",\"inLanguage\":\"fr-FR\",\"@id\":\"https:\/\/dicodusport.fr\/blog\/euro-jeunes-de-ski-nautique-neuf-medailles-pour-la-france\/#primaryimage\",\"url\":\"https:\/\/dicodusport.fr\/blog\/wp-content\/uploads\/2022\/08\/Euro-jeunes-de-ski-nautique-Neuf-medailles-pour-la-France.png\",\"contentUrl\":\"https:\/\/dicodusport.fr\/blog\/wp-content\/uploads\/2022\/08\/Euro-jeunes-de-ski-nautique-Neuf-medailles-pour-la-France.png\",\"width\":800,\"height\":445,\"caption\":\"Mondiaux de wakeboard - wakeskate Six m\u00e9dailles dont deux titres pour la France\"},{\"@type\":\"BreadcrumbList\",\"@id\":\"https:\/\/dicodusport.fr\/blog\/euro-jeunes-de-ski-nautique-neuf-medailles-pour-la-france\/#breadcrumb\",\"itemListElement\":[{\"@type\":\"ListItem\",\"position\":1,\"name\":\"Accueil\",\"item\":\"https:\/\/dicodusport.fr\/blog\/\"},{\"@type\":\"ListItem\",\"position\":2,\"name\":\"Euro jeunes de ski nautique : Neuf m\u00e9dailles pour la France\"}]},{\"@type\":\"WebSite\",\"@id\":\"https:\/\/dicodusport.fr\/blog\/#website\",\"url\":\"https:\/\/dicodusport.fr\/blog\/\",\"name\":\"Dicodusport\",\"description\":\"L&#039;encyclop\u00e9die de l&#039;actualit\u00e9 sportive\",\"publisher\":{\"@id\":\"https:\/\/dicodusport.fr\/blog\/#organization\"},\"potentialAction\":[{\"@type\":\"SearchAction\",\"target\":{\"@type\":\"EntryPoint\",\"urlTemplate\":\"https:\/\/dicodusport.fr\/blog\/?s={search_term_string}\"},\"query-input\":{\"@type\":\"PropertyValueSpecification\",\"valueRequired\":true,\"valueName\":\"search_term_string\"}}],\"inLanguage\":\"fr-FR\"},{\"@type\":\"NewsMediaOrganization\",\"@id\":\"https:\/\/dicodusport.fr\/blog\/#organization\",\"name\":\"Dicodusport\",\"url\":\"https:\/\/dicodusport.fr\/blog\/\",\"logo\":{\"@type\":\"ImageObject\",\"inLanguage\":\"fr-FR\",\"@id\":\"https:\/\/dicodusport.fr\/blog\/#\/schema\/logo\/image\/\",\"url\":\"https:\/\/dicodusport.fr\/blog\/wp-content\/uploads\/2020\/06\/cropped-LOGO-DICODUSPORT-2020-SANS-FOND-SANS-TEXTE.png\",\"contentUrl\":\"https:\/\/dicodusport.fr\/blog\/wp-content\/uploads\/2020\/06\/cropped-LOGO-DICODUSPORT-2020-SANS-FOND-SANS-TEXTE.png\",\"width\":512,\"height\":512,\"caption\":\"Dicodusport\"},\"image\":{\"@id\":\"https:\/\/dicodusport.fr\/blog\/#\/schema\/logo\/image\/\"},\"sameAs\":[\"https:\/\/www.facebook.com\/dicodusport\",\"https:\/\/x.com\/dicodusport\",\"https:\/\/www.instagram.com\/dicodusport\/\",\"https:\/\/www.youtube.com\/channel\/UC7V2KZ5sd3htJivAbA4ZG3w\"],\"description\":\"Dicodusport est l'encyclop\u00e9die de l'actualit\u00e9 sportive.\",\"email\":\"bonjour@dicodusport.fr\",\"legalName\":\"DICODUSPORT\",\"foundingDate\":\"2018-01-14\",\"vatID\":\"FR71834470973\",\"taxID\":\"83447097300043\",\"numberOfEmployees\":{\"@type\":\"QuantitativeValue\",\"minValue\":\"1\",\"maxValue\":\"10\"}},{\"@type\":\"Person\",\"@id\":\"https:\/\/dicodusport.fr\/blog\/#\/schema\/person\/627966a6cde45dbd8c5e36ac85d783da\",\"name\":\"S\u00e9bastien Gente\",\"image\":{\"@type\":\"ImageObject\",\"inLanguage\":\"fr-FR\",\"@id\":\"https:\/\/dicodusport.fr\/blog\/#\/schema\/person\/image\/\",\"url\":\"https:\/\/dicodusport.fr\/blog\/wp-content\/uploads\/2021\/09\/1510990_10205810251400683_4124423575079401707_n-150x150.jpg\",\"contentUrl\":\"https:\/\/dicodusport.fr\/blog\/wp-content\/uploads\/2021\/09\/1510990_10205810251400683_4124423575079401707_n-150x150.jpg\",\"caption\":\"S\u00e9bastien Gente\"},\"description\":\"John Stockton, Gianni Bugno, Zinedine Zidane, Steffi Graf, Frode Andresen, St\u00e9phane Stoecklin, Davis Kamoga, Primoz Peterka, Werner Schlager et Aur\u00e9lien Rougerie. Point commun entre ces sportifs? Ils m'ont fait r\u00eaver et ont berc\u00e9 mon adolescence. Je suis un fondu de sports et j'essaie de retranscrire ma passion \u00e0 travers mes articles. Originaire du P\u00e9rigord, ma passion pour les Girondins, les Jaunards et les Jazzmen transpire dans mes \u00e9crits. \u00c0 Dicodusport depuis 2021, je d\u00e9niche les sports m\u00e9connus dans lesquels la France brille, et il y en a !\",\"sameAs\":[\"https:\/\/www.facebook.com\/sebastien.gente\/\",\"https:\/\/www.instagram.com\/sebgente\/\",\"https:\/\/www.linkedin.com\/in\/sbastien-gente-a29583169\/\",\"https:\/\/x.com\/https:\/\/twitter.com\/globulo24\",\"SebastienGente\"],\"worksFor\":\"S\u00e9bastien GENTE\",\"url\":\"https:\/\/dicodusport.fr\/blog\/author\/sebastiengente\/\"}]}<\/script>\n<!-- \/ Yoast SEO Premium plugin. -->","yoast_head_json":{"title":"Euro jeunes de ski nautique : Neuf m\u00e9dailles pour la France","description":"CHAMPIONNATS D'EUROPE U14\/U17 DE SKI NAUTIQUE - La d\u00e9l\u00e9gation fran\u00e7aise est rentr\u00e9e avec neuf m\u00e9dailles dans les valises.","robots":{"index":"index","follow":"follow","max-snippet":"max-snippet:-1","max-image-preview":"max-image-preview:large","max-video-preview":"max-video-preview:-1"},"canonical":"https:\/\/dicodusport.fr\/blog\/euro-jeunes-de-ski-nautique-neuf-medailles-pour-la-france\/","og_locale":"fr_FR","og_type":"article","og_title":"Euro jeunes de ski nautique : Neuf m\u00e9dailles pour la France","og_description":"CHAMPIONNATS D'EUROPE U14\/U17 DE SKI NAUTIQUE - La d\u00e9l\u00e9gation fran\u00e7aise est rentr\u00e9e avec neuf m\u00e9dailles dans les valises.","og_url":"https:\/\/dicodusport.fr\/blog\/euro-jeunes-de-ski-nautique-neuf-medailles-pour-la-france\/","og_site_name":"Dicodusport","article_publisher":"https:\/\/www.facebook.com\/dicodusport","article_author":"https:\/\/www.facebook.com\/sebastien.gente\/","article_published_time":"2022-08-08T08:54:27+00:00","article_modified_time":"2022-08-08T11:01:33+00:00","og_image":[{"width":800,"height":445,"url":"https:\/\/dicodusport.fr\/blog\/wp-content\/uploads\/2022\/08\/Euro-jeunes-de-ski-nautique-Neuf-medailles-pour-la-France.png","type":"image\/png"}],"author":"S\u00e9bastien Gente","twitter_card":"summary_large_image","twitter_title":"Euro jeunes de ski nautique : Neuf m\u00e9dailles pour la France","twitter_creator":"@https:\/\/twitter.com\/globulo24","twitter_site":"@dicodusport","schema":{"@context":"https:\/\/schema.org","@graph":[{"@type":"NewsArticle","@id":"https:\/\/dicodusport.fr\/blog\/euro-jeunes-de-ski-nautique-neuf-medailles-pour-la-france\/#article","isPartOf":{"@id":"https:\/\/dicodusport.fr\/blog\/euro-jeunes-de-ski-nautique-neuf-medailles-pour-la-france\/"},"author":{"name":"S\u00e9bastien Gente","@id":"https:\/\/dicodusport.fr\/blog\/#\/schema\/person\/627966a6cde45dbd8c5e36ac85d783da"},"headline":"Euro jeunes de ski nautique : Neuf m\u00e9dailles pour la France","datePublished":"2022-08-08T08:54:27+00:00","dateModified":"2022-08-08T11:01:33+00:00","mainEntityOfPage":{"@id":"https:\/\/dicodusport.fr\/blog\/euro-jeunes-de-ski-nautique-neuf-medailles-pour-la-france\/"},"wordCount":360,"commentCount":0,"publisher":{"@id":"https:\/\/dicodusport.fr\/blog\/#organization"},"image":{"@id":"https:\/\/dicodusport.fr\/blog\/euro-jeunes-de-ski-nautique-neuf-medailles-pour-la-france\/#primaryimage"},"thumbnailUrl":"https:\/\/dicodusport.fr\/blog\/wp-content\/uploads\/2022\/08\/Euro-jeunes-de-ski-nautique-Neuf-medailles-pour-la-France.png","articleSection":["Sports aquatiques"],"inLanguage":"fr-FR","potentialAction":[{"@type":"CommentAction","name":"Comment","target":["https:\/\/dicodusport.fr\/blog\/euro-jeunes-de-ski-nautique-neuf-medailles-pour-la-france\/#respond"]}],"copyrightYear":"2022","copyrightHolder":{"@id":"https:\/\/dicodusport.fr\/blog\/#organization"}},{"@type":"WebPage","@id":"https:\/\/dicodusport.fr\/blog\/euro-jeunes-de-ski-nautique-neuf-medailles-pour-la-france\/","url":"https:\/\/dicodusport.fr\/blog\/euro-jeunes-de-ski-nautique-neuf-medailles-pour-la-france\/","name":"Euro jeunes de ski nautique : Neuf m\u00e9dailles pour la France","isPartOf":{"@id":"https:\/\/dicodusport.fr\/blog\/#website"},"primaryImageOfPage":{"@id":"https:\/\/dicodusport.fr\/blog\/euro-jeunes-de-ski-nautique-neuf-medailles-pour-la-france\/#primaryimage"},"image":{"@id":"https:\/\/dicodusport.fr\/blog\/euro-jeunes-de-ski-nautique-neuf-medailles-pour-la-france\/#primaryimage"},"thumbnailUrl":"https:\/\/dicodusport.fr\/blog\/wp-content\/uploads\/2022\/08\/Euro-jeunes-de-ski-nautique-Neuf-medailles-pour-la-France.png","datePublished":"2022-08-08T08:54:27+00:00","dateModified":"2022-08-08T11:01:33+00:00","description":"CHAMPIONNATS D'EUROPE U14\/U17 DE SKI NAUTIQUE - La d\u00e9l\u00e9gation fran\u00e7aise est rentr\u00e9e avec neuf m\u00e9dailles dans les valises.","breadcrumb":{"@id":"https:\/\/dicodusport.fr\/blog\/euro-jeunes-de-ski-nautique-neuf-medailles-pour-la-france\/#breadcrumb"},"inLanguage":"fr-FR","potentialAction":[{"@type":"ReadAction","target":["https:\/\/dicodusport.fr\/blog\/euro-jeunes-de-ski-nautique-neuf-medailles-pour-la-france\/"]}]},{"@type":"ImageObject","inLanguage":"fr-FR","@id":"https:\/\/dicodusport.fr\/blog\/euro-jeunes-de-ski-nautique-neuf-medailles-pour-la-france\/#primaryimage","url":"https:\/\/dicodusport.fr\/blog\/wp-content\/uploads\/2022\/08\/Euro-jeunes-de-ski-nautique-Neuf-medailles-pour-la-France.png","contentUrl":"https:\/\/dicodusport.fr\/blog\/wp-content\/uploads\/2022\/08\/Euro-jeunes-de-ski-nautique-Neuf-medailles-pour-la-France.png","width":800,"height":445,"caption":"Mondiaux de wakeboard - wakeskate Six m\u00e9dailles dont deux titres pour la France"},{"@type":"BreadcrumbList","@id":"https:\/\/dicodusport.fr\/blog\/euro-jeunes-de-ski-nautique-neuf-medailles-pour-la-france\/#breadcrumb","itemListElement":[{"@type":"ListItem","position":1,"name":"Accueil","item":"https:\/\/dicodusport.fr\/blog\/"},{"@type":"ListItem","position":2,"name":"Euro jeunes de ski nautique : Neuf m\u00e9dailles pour la France"}]},{"@type":"WebSite","@id":"https:\/\/dicodusport.fr\/blog\/#website","url":"https:\/\/dicodusport.fr\/blog\/","name":"Dicodusport","description":"L&#039;encyclop\u00e9die de l&#039;actualit\u00e9 sportive","publisher":{"@id":"https:\/\/dicodusport.fr\/blog\/#organization"},"potentialAction":[{"@type":"SearchAction","target":{"@type":"EntryPoint","urlTemplate":"https:\/\/dicodusport.fr\/blog\/?s={search_term_string}"},"query-input":{"@type":"PropertyValueSpecification","valueRequired":true,"valueName":"search_term_string"}}],"inLanguage":"fr-FR"},{"@type":"NewsMediaOrganization","@id":"https:\/\/dicodusport.fr\/blog\/#organization","name":"Dicodusport","url":"https:\/\/dicodusport.fr\/blog\/","logo":{"@type":"ImageObject","inLanguage":"fr-FR","@id":"https:\/\/dicodusport.fr\/blog\/#\/schema\/logo\/image\/","url":"https:\/\/dicodusport.fr\/blog\/wp-content\/uploads\/2020\/06\/cropped-LOGO-DICODUSPORT-2020-SANS-FOND-SANS-TEXTE.png","contentUrl":"https:\/\/dicodusport.fr\/blog\/wp-content\/uploads\/2020\/06\/cropped-LOGO-DICODUSPORT-2020-SANS-FOND-SANS-TEXTE.png","width":512,"height":512,"caption":"Dicodusport"},"image":{"@id":"https:\/\/dicodusport.fr\/blog\/#\/schema\/logo\/image\/"},"sameAs":["https:\/\/www.facebook.com\/dicodusport","https:\/\/x.com\/dicodusport","https:\/\/www.instagram.com\/dicodusport\/","https:\/\/www.youtube.com\/channel\/UC7V2KZ5sd3htJivAbA4ZG3w"],"description":"Dicodusport est l'encyclop\u00e9die de l'actualit\u00e9 sportive.","email":"bonjour@dicodusport.fr","legalName":"DICODUSPORT","foundingDate":"2018-01-14","vatID":"FR71834470973","taxID":"83447097300043","numberOfEmployees":{"@type":"QuantitativeValue","minValue":"1","maxValue":"10"}},{"@type":"Person","@id":"https:\/\/dicodusport.fr\/blog\/#\/schema\/person\/627966a6cde45dbd8c5e36ac85d783da","name":"S\u00e9bastien Gente","image":{"@type":"ImageObject","inLanguage":"fr-FR","@id":"https:\/\/dicodusport.fr\/blog\/#\/schema\/person\/image\/","url":"https:\/\/dicodusport.fr\/blog\/wp-content\/uploads\/2021\/09\/1510990_10205810251400683_4124423575079401707_n-150x150.jpg","contentUrl":"https:\/\/dicodusport.fr\/blog\/wp-content\/uploads\/2021\/09\/1510990_10205810251400683_4124423575079401707_n-150x150.jpg","caption":"S\u00e9bastien Gente"},"description":"John Stockton, Gianni Bugno, Zinedine Zidane, Steffi Graf, Frode Andresen, St\u00e9phane Stoecklin, Davis Kamoga, Primoz Peterka, Werner Schlager et Aur\u00e9lien Rougerie. Point commun entre ces sportifs? Ils m'ont fait r\u00eaver et ont berc\u00e9 mon adolescence. Je suis un fondu de sports et j'essaie de retranscrire ma passion \u00e0 travers mes articles. Originaire du P\u00e9rigord, ma passion pour les Girondins, les Jaunards et les Jazzmen transpire dans mes \u00e9crits. \u00c0 Dicodusport depuis 2021, je d\u00e9niche les sports m\u00e9connus dans lesquels la France brille, et il y en a !","sameAs":["https:\/\/www.facebook.com\/sebastien.gente\/","https:\/\/www.instagram.com\/sebgente\/","https:\/\/www.linkedin.com\/in\/sbastien-gente-a29583169\/","https:\/\/x.com\/https:\/\/twitter.com\/globulo24","SebastienGente"],"worksFor":"S\u00e9bastien GENTE","url":"https:\/\/dicodusport.fr\/blog\/author\/sebastiengente\/"}]}},"_links":{"self":[{"href":"https:\/\/dicodusport.fr\/blog\/wp-json\/wp\/v2\/posts\/250290","targetHints":{"allow":["GET"]}}],"collection":[{"href":"https:\/\/dicodusport.fr\/blog\/wp-json\/wp\/v2\/posts"}],"about":[{"href":"https:\/\/dicodusport.fr\/blog\/wp-json\/wp\/v2\/types\/post"}],"author":[{"embeddable":true,"href":"https:\/\/dicodusport.fr\/blog\/wp-json\/wp\/v2\/users\/59"}],"replies":[{"embeddable":true,"href":"https:\/\/dicodusport.fr\/blog\/wp-json\/wp\/v2\/comments?post=250290"}],"version-history":[{"count":0,"href":"https:\/\/dicodusport.fr\/blog\/wp-json\/wp\/v2\/posts\/250290\/revisions"}],"wp:featuredmedia":[{"embeddable":true,"href":"https:\/\/dicodusport.fr\/blog\/wp-json\/wp\/v2\/media\/250295"}],"wp:attachment":[{"href":"https:\/\/dicodusport.fr\/blog\/wp-json\/wp\/v2\/media?parent=250290"}],"wp:term":[{"taxonomy":"category","embeddable":true,"href":"https:\/\/dicodusport.fr\/blog\/wp-json\/wp\/v2\/categories?post=250290"},{"taxonomy":"post_tag","embeddable":true,"href":"https:\/\/dicodusport.fr\/blog\/wp-json\/wp\/v2\/tags?post=250290"}],"curies":[{"name":"wp","href":"https:\/\/api.w.org\/{rel}","templated":true}]}}