{"id":250328,"date":"2022-08-08T13:15:08","date_gmt":"2022-08-08T11:15:08","guid":{"rendered":"https:\/\/dicodusport.fr\/blog\/?p=250328&#038;preview=true&#038;preview_id=250328"},"modified":"2022-08-08T13:37:59","modified_gmt":"2022-08-08T11:37:59","slug":"mercato-om-la-duree-du-contrat-dalexis-sanchez-devoilee","status":"publish","type":"post","link":"https:\/\/dicodusport.fr\/blog\/mercato-om-la-duree-du-contrat-dalexis-sanchez-devoilee\/","title":{"rendered":"Mercato OM : La dur\u00e9e du contrat d&rsquo;Alexis Sanchez d\u00e9voil\u00e9e"},"content":{"rendered":"<p style=\"text-align: justify;\"><i><b>LIGUE 1 2022-2023 &#8211; Alexis Sanchez sera un joueur de l&rsquo;OM dans les prochains jours et la dur\u00e9e de son futur contrat a \u00e9t\u00e9 d\u00e9voil\u00e9e.\u00a0<\/b><\/i><\/p>\n<p style=\"text-align: justify;\">L&rsquo;attaquant chilien doit signer la rupture de son contrat avec l&rsquo;<strong>Inter Milan<\/strong> ce lundi pour pouvoir ensuite s&rsquo;engager avec l&rsquo;<strong>OM<\/strong>. Cette rupture de contrat anticip\u00e9e \u00e9vitera \u00e0 Marseille de d\u00e9bourser une indemnit\u00e9 pour recruter<strong> Alexis Sanchez<\/strong>. L&rsquo;ancien joueur d&rsquo;Arsenal est ensuite attendu dans la semaine \u00e0 Marseille pour passer sa visite m\u00e9dicale, derri\u00e8re \u00e9tape avant sa signature puisqu&rsquo;il est d\u00e9j\u00e0 d&rsquo;accord avec le club. <strong>Alexis Sanchez<\/strong> va parapher un contrat de deux ans avec l&rsquo;<strong>Olympique de Marseille,<\/strong> soit jusqu&rsquo;\u00e0 l&rsquo;\u00e9t\u00e9 2024. Marseille tient en tout cas un renfort de poids dans le secteur offensif en vue de la <strong>Ligue des Champions<\/strong>.<\/p>\n<blockquote class=\"twitter-tweet\">\n<p dir=\"ltr\" lang=\"en\">Olympique Marseille are set to sign Alexis S\u00e1nchez, here we go soon! It will be completed next week, right after the official termination of the contract with Inter already agreed days ago. &#x1f6a8;&#x1f535;&#x1f1e8;&#x1f1f1; <a href=\"https:\/\/twitter.com\/hashtag\/OM?src=hash&amp;ref_src=twsrc%5Etfw\">#OM<\/a><\/p>\n<p>Been told S\u00e1nchez will sign with OM until June 2024. <a href=\"https:\/\/t.co\/vFiDPJfeD5\">pic.twitter.com\/vFiDPJfeD5<\/a><\/p>\n<p>\u2014 Fabrizio Romano (@FabrizioRomano) <a href=\"https:\/\/twitter.com\/FabrizioRomano\/status\/1556387057320206339?ref_src=twsrc%5Etfw\">August 7, 2022<\/a><\/p><\/blockquote>\n<p style=\"text-align: justify;\"><script async src=\"https:\/\/platform.twitter.com\/widgets.js\" charset=\"utf-8\"><\/script><\/p>\n<h2 style=\"text-align: justify;\">\u00c0 lire aussi<\/h2>\n<ul>\n<li style=\"text-align: justify;\"><a href=\"https:\/\/dicodusport.fr\/blog\/mercato-om-tableau-des-transferts-2022-2023\/\"><strong>Le tableau des transferts de l&rsquo;OM<\/strong><\/a><\/li>\n<\/ul>\n","protected":false},"excerpt":{"rendered":"<p>LIGUE 1 2022-2023 &#8211; Alexis Sanchez sera un joueur de l&rsquo;OM dans les prochains jours et la dur\u00e9e de son futur contrat a \u00e9t\u00e9 d\u00e9voil\u00e9e.\u00a0<\/p>\n","protected":false},"author":1,"featured_media":250334,"comment_status":"open","ping_status":"closed","sticky":false,"template":"","format":"standard","meta":{"_acf_changed":false,"_daextam_enable_autolinks":"","footnotes":""},"categories":[2301,47045],"tags":[25297,75,446,1889,25298],"class_list":["post-250328","post","type-post","status-publish","format-standard","has-post-thumbnail","hentry","category-football","category-ligue-1","tag-alexis-sanchez","tag-football","tag-marseille","tag-om","tag-sanchez"],"acf":[],"yoast_head":"<!-- This site is optimized with the Yoast SEO Premium plugin v26.7 (Yoast SEO v26.7) - https:\/\/yoast.com\/wordpress\/plugins\/seo\/ -->\n<title>Mercato OM : La dur\u00e9e du contrat d&#039;Alexis Sanchez d\u00e9voil\u00e9e<\/title>\n<meta name=\"description\" content=\"LIGUE 1 2022-2023 - Alexis Sanchez sera un joueur de l&#039;OM dans les prochains jours et la dur\u00e9e de son futur contrat a \u00e9t\u00e9 d\u00e9voil\u00e9e.\u00a0\" \/>\n<meta name=\"robots\" content=\"index, follow, max-snippet:-1, max-image-preview:large, max-video-preview:-1\" \/>\n<link rel=\"canonical\" href=\"https:\/\/dicodusport.fr\/blog\/mercato-om-la-duree-du-contrat-dalexis-sanchez-devoilee\/\" \/>\n<meta property=\"og:locale\" content=\"fr_FR\" \/>\n<meta property=\"og:type\" content=\"article\" \/>\n<meta property=\"og:title\" content=\"Mercato OM : La dur\u00e9e du contrat d&#039;Alexis Sanchez d\u00e9voil\u00e9e\" \/>\n<meta property=\"og:description\" content=\"LIGUE 1 2022-2023 - Alexis Sanchez sera un joueur de l&#039;OM dans les prochains jours et la dur\u00e9e de son futur contrat a \u00e9t\u00e9 d\u00e9voil\u00e9e.\u00a0\" \/>\n<meta property=\"og:url\" content=\"https:\/\/dicodusport.fr\/blog\/mercato-om-la-duree-du-contrat-dalexis-sanchez-devoilee\/\" \/>\n<meta property=\"og:site_name\" content=\"Dicodusport\" \/>\n<meta property=\"article:publisher\" content=\"https:\/\/www.facebook.com\/dicodusport\" \/>\n<meta property=\"article:author\" content=\"https:\/\/www.facebook.com\/dicodusport\" \/>\n<meta property=\"article:published_time\" content=\"2022-08-08T11:15:08+00:00\" \/>\n<meta property=\"article:modified_time\" content=\"2022-08-08T11:37:59+00:00\" \/>\n<meta property=\"og:image\" content=\"https:\/\/dicodusport.fr\/blog\/wp-content\/uploads\/2022\/08\/Mercato-OM-La-dure\u0301e-du-contrat-dAlexis-Sanchez-de\u0301voile\u0301e.png\" \/>\n\t<meta property=\"og:image:width\" content=\"800\" \/>\n\t<meta property=\"og:image:height\" content=\"445\" \/>\n\t<meta property=\"og:image:type\" content=\"image\/png\" \/>\n<meta name=\"author\" content=\"Nicolas Jacquemard\" \/>\n<meta name=\"twitter:card\" content=\"summary_large_image\" \/>\n<meta name=\"twitter:title\" content=\"Mercato OM : La dur\u00e9e du contrat d&#039;Alexis Sanchez d\u00e9voil\u00e9e\" \/>\n<meta name=\"twitter:creator\" content=\"@https:\/\/twitter.com\/Nico_Jacquemard\" \/>\n<meta name=\"twitter:site\" content=\"@dicodusport\" \/>\n<script type=\"application\/ld+json\" class=\"yoast-schema-graph\">{\"@context\":\"https:\/\/schema.org\",\"@graph\":[{\"@type\":\"NewsArticle\",\"@id\":\"https:\/\/dicodusport.fr\/blog\/mercato-om-la-duree-du-contrat-dalexis-sanchez-devoilee\/#article\",\"isPartOf\":{\"@id\":\"https:\/\/dicodusport.fr\/blog\/mercato-om-la-duree-du-contrat-dalexis-sanchez-devoilee\/\"},\"author\":{\"name\":\"Nicolas Jacquemard\",\"@id\":\"https:\/\/dicodusport.fr\/blog\/#\/schema\/person\/55dcb50ad410894e431ed812bbb70191\"},\"headline\":\"Mercato OM : La dur\u00e9e du contrat d&rsquo;Alexis Sanchez d\u00e9voil\u00e9e\",\"datePublished\":\"2022-08-08T11:15:08+00:00\",\"dateModified\":\"2022-08-08T11:37:59+00:00\",\"mainEntityOfPage\":{\"@id\":\"https:\/\/dicodusport.fr\/blog\/mercato-om-la-duree-du-contrat-dalexis-sanchez-devoilee\/\"},\"wordCount\":226,\"commentCount\":0,\"publisher\":{\"@id\":\"https:\/\/dicodusport.fr\/blog\/#organization\"},\"image\":{\"@id\":\"https:\/\/dicodusport.fr\/blog\/mercato-om-la-duree-du-contrat-dalexis-sanchez-devoilee\/#primaryimage\"},\"thumbnailUrl\":\"https:\/\/dicodusport.fr\/blog\/wp-content\/uploads\/2022\/08\/Mercato-OM-La-dure\u0301e-du-contrat-dAlexis-Sanchez-de\u0301voile\u0301e.png\",\"keywords\":[\"Alexis Sanchez\",\"Football\",\"Marseille\",\"OM\",\"Sanchez\"],\"articleSection\":[\"Football\",\"Ligue 1\"],\"inLanguage\":\"fr-FR\",\"potentialAction\":[{\"@type\":\"CommentAction\",\"name\":\"Comment\",\"target\":[\"https:\/\/dicodusport.fr\/blog\/mercato-om-la-duree-du-contrat-dalexis-sanchez-devoilee\/#respond\"]}],\"copyrightYear\":\"2022\",\"copyrightHolder\":{\"@id\":\"https:\/\/dicodusport.fr\/blog\/#organization\"}},{\"@type\":\"WebPage\",\"@id\":\"https:\/\/dicodusport.fr\/blog\/mercato-om-la-duree-du-contrat-dalexis-sanchez-devoilee\/\",\"url\":\"https:\/\/dicodusport.fr\/blog\/mercato-om-la-duree-du-contrat-dalexis-sanchez-devoilee\/\",\"name\":\"Mercato OM : La dur\u00e9e du contrat d'Alexis Sanchez d\u00e9voil\u00e9e\",\"isPartOf\":{\"@id\":\"https:\/\/dicodusport.fr\/blog\/#website\"},\"primaryImageOfPage\":{\"@id\":\"https:\/\/dicodusport.fr\/blog\/mercato-om-la-duree-du-contrat-dalexis-sanchez-devoilee\/#primaryimage\"},\"image\":{\"@id\":\"https:\/\/dicodusport.fr\/blog\/mercato-om-la-duree-du-contrat-dalexis-sanchez-devoilee\/#primaryimage\"},\"thumbnailUrl\":\"https:\/\/dicodusport.fr\/blog\/wp-content\/uploads\/2022\/08\/Mercato-OM-La-dure\u0301e-du-contrat-dAlexis-Sanchez-de\u0301voile\u0301e.png\",\"datePublished\":\"2022-08-08T11:15:08+00:00\",\"dateModified\":\"2022-08-08T11:37:59+00:00\",\"description\":\"LIGUE 1 2022-2023 - Alexis Sanchez sera un joueur de l'OM dans les prochains jours et la dur\u00e9e de son futur contrat a \u00e9t\u00e9 d\u00e9voil\u00e9e.\u00a0\",\"breadcrumb\":{\"@id\":\"https:\/\/dicodusport.fr\/blog\/mercato-om-la-duree-du-contrat-dalexis-sanchez-devoilee\/#breadcrumb\"},\"inLanguage\":\"fr-FR\",\"potentialAction\":[{\"@type\":\"ReadAction\",\"target\":[\"https:\/\/dicodusport.fr\/blog\/mercato-om-la-duree-du-contrat-dalexis-sanchez-devoilee\/\"]}]},{\"@type\":\"ImageObject\",\"inLanguage\":\"fr-FR\",\"@id\":\"https:\/\/dicodusport.fr\/blog\/mercato-om-la-duree-du-contrat-dalexis-sanchez-devoilee\/#primaryimage\",\"url\":\"https:\/\/dicodusport.fr\/blog\/wp-content\/uploads\/2022\/08\/Mercato-OM-La-dure\u0301e-du-contrat-dAlexis-Sanchez-de\u0301voile\u0301e.png\",\"contentUrl\":\"https:\/\/dicodusport.fr\/blog\/wp-content\/uploads\/2022\/08\/Mercato-OM-La-dure\u0301e-du-contrat-dAlexis-Sanchez-de\u0301voile\u0301e.png\",\"width\":800,\"height\":445},{\"@type\":\"BreadcrumbList\",\"@id\":\"https:\/\/dicodusport.fr\/blog\/mercato-om-la-duree-du-contrat-dalexis-sanchez-devoilee\/#breadcrumb\",\"itemListElement\":[{\"@type\":\"ListItem\",\"position\":1,\"name\":\"Accueil\",\"item\":\"https:\/\/dicodusport.fr\/blog\/\"},{\"@type\":\"ListItem\",\"position\":2,\"name\":\"Mercato OM : La dur\u00e9e du contrat d&rsquo;Alexis Sanchez d\u00e9voil\u00e9e\"}]},{\"@type\":\"WebSite\",\"@id\":\"https:\/\/dicodusport.fr\/blog\/#website\",\"url\":\"https:\/\/dicodusport.fr\/blog\/\",\"name\":\"Dicodusport\",\"description\":\"L&#039;encyclop\u00e9die de l&#039;actualit\u00e9 sportive\",\"publisher\":{\"@id\":\"https:\/\/dicodusport.fr\/blog\/#organization\"},\"potentialAction\":[{\"@type\":\"SearchAction\",\"target\":{\"@type\":\"EntryPoint\",\"urlTemplate\":\"https:\/\/dicodusport.fr\/blog\/?s={search_term_string}\"},\"query-input\":{\"@type\":\"PropertyValueSpecification\",\"valueRequired\":true,\"valueName\":\"search_term_string\"}}],\"inLanguage\":\"fr-FR\"},{\"@type\":\"NewsMediaOrganization\",\"@id\":\"https:\/\/dicodusport.fr\/blog\/#organization\",\"name\":\"Dicodusport\",\"url\":\"https:\/\/dicodusport.fr\/blog\/\",\"logo\":{\"@type\":\"ImageObject\",\"inLanguage\":\"fr-FR\",\"@id\":\"https:\/\/dicodusport.fr\/blog\/#\/schema\/logo\/image\/\",\"url\":\"https:\/\/dicodusport.fr\/blog\/wp-content\/uploads\/2020\/06\/cropped-LOGO-DICODUSPORT-2020-SANS-FOND-SANS-TEXTE.png\",\"contentUrl\":\"https:\/\/dicodusport.fr\/blog\/wp-content\/uploads\/2020\/06\/cropped-LOGO-DICODUSPORT-2020-SANS-FOND-SANS-TEXTE.png\",\"width\":512,\"height\":512,\"caption\":\"Dicodusport\"},\"image\":{\"@id\":\"https:\/\/dicodusport.fr\/blog\/#\/schema\/logo\/image\/\"},\"sameAs\":[\"https:\/\/www.facebook.com\/dicodusport\",\"https:\/\/x.com\/dicodusport\",\"https:\/\/www.instagram.com\/dicodusport\/\",\"https:\/\/www.youtube.com\/channel\/UC7V2KZ5sd3htJivAbA4ZG3w\"],\"description\":\"Dicodusport est l'encyclop\u00e9die de l'actualit\u00e9 sportive.\",\"email\":\"bonjour@dicodusport.fr\",\"legalName\":\"DICODUSPORT\",\"foundingDate\":\"2018-01-14\",\"vatID\":\"FR71834470973\",\"taxID\":\"83447097300043\",\"numberOfEmployees\":{\"@type\":\"QuantitativeValue\",\"minValue\":\"1\",\"maxValue\":\"10\"}},{\"@type\":\"Person\",\"@id\":\"https:\/\/dicodusport.fr\/blog\/#\/schema\/person\/55dcb50ad410894e431ed812bbb70191\",\"name\":\"Nicolas Jacquemard\",\"image\":{\"@type\":\"ImageObject\",\"inLanguage\":\"fr-FR\",\"@id\":\"https:\/\/dicodusport.fr\/blog\/#\/schema\/person\/image\/\",\"url\":\"https:\/\/dicodusport.fr\/blog\/wp-content\/uploads\/2021\/05\/Nicolas-Jacquemard-150x150.jpeg\",\"contentUrl\":\"https:\/\/dicodusport.fr\/blog\/wp-content\/uploads\/2021\/05\/Nicolas-Jacquemard-150x150.jpeg\",\"caption\":\"Nicolas Jacquemard\"},\"description\":\"Passionn\u00e9 de sport et entrepreneur depuis mes 18 ans, la cr\u00e9ation de Dicodusport m'a sembl\u00e9 \u00e9vidente pour participer \u00e0 la m\u00e9diatisation d'un plus grand nombre de sports. Le chemin est long mais avec une \u00e9quipe des plus motiv\u00e9es et les Jeux Olympiques de Paris 2024 en point de mire, nous y arriverons ! Journaliste dans le monde du sport depuis plus de 5 ans, je traite aussi bien de football, de rugby, de biathlon que de cyclisme.\",\"sameAs\":[\"https:\/\/www.facebook.com\/dicodusport\",\"https:\/\/x.com\/https:\/\/twitter.com\/Nico_Jacquemard\"],\"url\":\"https:\/\/dicodusport.fr\/blog\/author\/dicodusport\/\"}]}<\/script>\n<!-- \/ Yoast SEO Premium plugin. -->","yoast_head_json":{"title":"Mercato OM : La dur\u00e9e du contrat d'Alexis Sanchez d\u00e9voil\u00e9e","description":"LIGUE 1 2022-2023 - Alexis Sanchez sera un joueur de l'OM dans les prochains jours et la dur\u00e9e de son futur contrat a \u00e9t\u00e9 d\u00e9voil\u00e9e.\u00a0","robots":{"index":"index","follow":"follow","max-snippet":"max-snippet:-1","max-image-preview":"max-image-preview:large","max-video-preview":"max-video-preview:-1"},"canonical":"https:\/\/dicodusport.fr\/blog\/mercato-om-la-duree-du-contrat-dalexis-sanchez-devoilee\/","og_locale":"fr_FR","og_type":"article","og_title":"Mercato OM : La dur\u00e9e du contrat d'Alexis Sanchez d\u00e9voil\u00e9e","og_description":"LIGUE 1 2022-2023 - Alexis Sanchez sera un joueur de l'OM dans les prochains jours et la dur\u00e9e de son futur contrat a \u00e9t\u00e9 d\u00e9voil\u00e9e.\u00a0","og_url":"https:\/\/dicodusport.fr\/blog\/mercato-om-la-duree-du-contrat-dalexis-sanchez-devoilee\/","og_site_name":"Dicodusport","article_publisher":"https:\/\/www.facebook.com\/dicodusport","article_author":"https:\/\/www.facebook.com\/dicodusport","article_published_time":"2022-08-08T11:15:08+00:00","article_modified_time":"2022-08-08T11:37:59+00:00","og_image":[{"width":800,"height":445,"url":"https:\/\/dicodusport.fr\/blog\/wp-content\/uploads\/2022\/08\/Mercato-OM-La-dure\u0301e-du-contrat-dAlexis-Sanchez-de\u0301voile\u0301e.png","type":"image\/png"}],"author":"Nicolas Jacquemard","twitter_card":"summary_large_image","twitter_title":"Mercato OM : La dur\u00e9e du contrat d'Alexis Sanchez d\u00e9voil\u00e9e","twitter_creator":"@https:\/\/twitter.com\/Nico_Jacquemard","twitter_site":"@dicodusport","schema":{"@context":"https:\/\/schema.org","@graph":[{"@type":"NewsArticle","@id":"https:\/\/dicodusport.fr\/blog\/mercato-om-la-duree-du-contrat-dalexis-sanchez-devoilee\/#article","isPartOf":{"@id":"https:\/\/dicodusport.fr\/blog\/mercato-om-la-duree-du-contrat-dalexis-sanchez-devoilee\/"},"author":{"name":"Nicolas Jacquemard","@id":"https:\/\/dicodusport.fr\/blog\/#\/schema\/person\/55dcb50ad410894e431ed812bbb70191"},"headline":"Mercato OM : La dur\u00e9e du contrat d&rsquo;Alexis Sanchez d\u00e9voil\u00e9e","datePublished":"2022-08-08T11:15:08+00:00","dateModified":"2022-08-08T11:37:59+00:00","mainEntityOfPage":{"@id":"https:\/\/dicodusport.fr\/blog\/mercato-om-la-duree-du-contrat-dalexis-sanchez-devoilee\/"},"wordCount":226,"commentCount":0,"publisher":{"@id":"https:\/\/dicodusport.fr\/blog\/#organization"},"image":{"@id":"https:\/\/dicodusport.fr\/blog\/mercato-om-la-duree-du-contrat-dalexis-sanchez-devoilee\/#primaryimage"},"thumbnailUrl":"https:\/\/dicodusport.fr\/blog\/wp-content\/uploads\/2022\/08\/Mercato-OM-La-dure\u0301e-du-contrat-dAlexis-Sanchez-de\u0301voile\u0301e.png","keywords":["Alexis Sanchez","Football","Marseille","OM","Sanchez"],"articleSection":["Football","Ligue 1"],"inLanguage":"fr-FR","potentialAction":[{"@type":"CommentAction","name":"Comment","target":["https:\/\/dicodusport.fr\/blog\/mercato-om-la-duree-du-contrat-dalexis-sanchez-devoilee\/#respond"]}],"copyrightYear":"2022","copyrightHolder":{"@id":"https:\/\/dicodusport.fr\/blog\/#organization"}},{"@type":"WebPage","@id":"https:\/\/dicodusport.fr\/blog\/mercato-om-la-duree-du-contrat-dalexis-sanchez-devoilee\/","url":"https:\/\/dicodusport.fr\/blog\/mercato-om-la-duree-du-contrat-dalexis-sanchez-devoilee\/","name":"Mercato OM : La dur\u00e9e du contrat d'Alexis Sanchez d\u00e9voil\u00e9e","isPartOf":{"@id":"https:\/\/dicodusport.fr\/blog\/#website"},"primaryImageOfPage":{"@id":"https:\/\/dicodusport.fr\/blog\/mercato-om-la-duree-du-contrat-dalexis-sanchez-devoilee\/#primaryimage"},"image":{"@id":"https:\/\/dicodusport.fr\/blog\/mercato-om-la-duree-du-contrat-dalexis-sanchez-devoilee\/#primaryimage"},"thumbnailUrl":"https:\/\/dicodusport.fr\/blog\/wp-content\/uploads\/2022\/08\/Mercato-OM-La-dure\u0301e-du-contrat-dAlexis-Sanchez-de\u0301voile\u0301e.png","datePublished":"2022-08-08T11:15:08+00:00","dateModified":"2022-08-08T11:37:59+00:00","description":"LIGUE 1 2022-2023 - Alexis Sanchez sera un joueur de l'OM dans les prochains jours et la dur\u00e9e de son futur contrat a \u00e9t\u00e9 d\u00e9voil\u00e9e.\u00a0","breadcrumb":{"@id":"https:\/\/dicodusport.fr\/blog\/mercato-om-la-duree-du-contrat-dalexis-sanchez-devoilee\/#breadcrumb"},"inLanguage":"fr-FR","potentialAction":[{"@type":"ReadAction","target":["https:\/\/dicodusport.fr\/blog\/mercato-om-la-duree-du-contrat-dalexis-sanchez-devoilee\/"]}]},{"@type":"ImageObject","inLanguage":"fr-FR","@id":"https:\/\/dicodusport.fr\/blog\/mercato-om-la-duree-du-contrat-dalexis-sanchez-devoilee\/#primaryimage","url":"https:\/\/dicodusport.fr\/blog\/wp-content\/uploads\/2022\/08\/Mercato-OM-La-dure\u0301e-du-contrat-dAlexis-Sanchez-de\u0301voile\u0301e.png","contentUrl":"https:\/\/dicodusport.fr\/blog\/wp-content\/uploads\/2022\/08\/Mercato-OM-La-dure\u0301e-du-contrat-dAlexis-Sanchez-de\u0301voile\u0301e.png","width":800,"height":445},{"@type":"BreadcrumbList","@id":"https:\/\/dicodusport.fr\/blog\/mercato-om-la-duree-du-contrat-dalexis-sanchez-devoilee\/#breadcrumb","itemListElement":[{"@type":"ListItem","position":1,"name":"Accueil","item":"https:\/\/dicodusport.fr\/blog\/"},{"@type":"ListItem","position":2,"name":"Mercato OM : La dur\u00e9e du contrat d&rsquo;Alexis Sanchez d\u00e9voil\u00e9e"}]},{"@type":"WebSite","@id":"https:\/\/dicodusport.fr\/blog\/#website","url":"https:\/\/dicodusport.fr\/blog\/","name":"Dicodusport","description":"L&#039;encyclop\u00e9die de l&#039;actualit\u00e9 sportive","publisher":{"@id":"https:\/\/dicodusport.fr\/blog\/#organization"},"potentialAction":[{"@type":"SearchAction","target":{"@type":"EntryPoint","urlTemplate":"https:\/\/dicodusport.fr\/blog\/?s={search_term_string}"},"query-input":{"@type":"PropertyValueSpecification","valueRequired":true,"valueName":"search_term_string"}}],"inLanguage":"fr-FR"},{"@type":"NewsMediaOrganization","@id":"https:\/\/dicodusport.fr\/blog\/#organization","name":"Dicodusport","url":"https:\/\/dicodusport.fr\/blog\/","logo":{"@type":"ImageObject","inLanguage":"fr-FR","@id":"https:\/\/dicodusport.fr\/blog\/#\/schema\/logo\/image\/","url":"https:\/\/dicodusport.fr\/blog\/wp-content\/uploads\/2020\/06\/cropped-LOGO-DICODUSPORT-2020-SANS-FOND-SANS-TEXTE.png","contentUrl":"https:\/\/dicodusport.fr\/blog\/wp-content\/uploads\/2020\/06\/cropped-LOGO-DICODUSPORT-2020-SANS-FOND-SANS-TEXTE.png","width":512,"height":512,"caption":"Dicodusport"},"image":{"@id":"https:\/\/dicodusport.fr\/blog\/#\/schema\/logo\/image\/"},"sameAs":["https:\/\/www.facebook.com\/dicodusport","https:\/\/x.com\/dicodusport","https:\/\/www.instagram.com\/dicodusport\/","https:\/\/www.youtube.com\/channel\/UC7V2KZ5sd3htJivAbA4ZG3w"],"description":"Dicodusport est l'encyclop\u00e9die de l'actualit\u00e9 sportive.","email":"bonjour@dicodusport.fr","legalName":"DICODUSPORT","foundingDate":"2018-01-14","vatID":"FR71834470973","taxID":"83447097300043","numberOfEmployees":{"@type":"QuantitativeValue","minValue":"1","maxValue":"10"}},{"@type":"Person","@id":"https:\/\/dicodusport.fr\/blog\/#\/schema\/person\/55dcb50ad410894e431ed812bbb70191","name":"Nicolas Jacquemard","image":{"@type":"ImageObject","inLanguage":"fr-FR","@id":"https:\/\/dicodusport.fr\/blog\/#\/schema\/person\/image\/","url":"https:\/\/dicodusport.fr\/blog\/wp-content\/uploads\/2021\/05\/Nicolas-Jacquemard-150x150.jpeg","contentUrl":"https:\/\/dicodusport.fr\/blog\/wp-content\/uploads\/2021\/05\/Nicolas-Jacquemard-150x150.jpeg","caption":"Nicolas Jacquemard"},"description":"Passionn\u00e9 de sport et entrepreneur depuis mes 18 ans, la cr\u00e9ation de Dicodusport m'a sembl\u00e9 \u00e9vidente pour participer \u00e0 la m\u00e9diatisation d'un plus grand nombre de sports. Le chemin est long mais avec une \u00e9quipe des plus motiv\u00e9es et les Jeux Olympiques de Paris 2024 en point de mire, nous y arriverons ! Journaliste dans le monde du sport depuis plus de 5 ans, je traite aussi bien de football, de rugby, de biathlon que de cyclisme.","sameAs":["https:\/\/www.facebook.com\/dicodusport","https:\/\/x.com\/https:\/\/twitter.com\/Nico_Jacquemard"],"url":"https:\/\/dicodusport.fr\/blog\/author\/dicodusport\/"}]}},"_links":{"self":[{"href":"https:\/\/dicodusport.fr\/blog\/wp-json\/wp\/v2\/posts\/250328","targetHints":{"allow":["GET"]}}],"collection":[{"href":"https:\/\/dicodusport.fr\/blog\/wp-json\/wp\/v2\/posts"}],"about":[{"href":"https:\/\/dicodusport.fr\/blog\/wp-json\/wp\/v2\/types\/post"}],"author":[{"embeddable":true,"href":"https:\/\/dicodusport.fr\/blog\/wp-json\/wp\/v2\/users\/1"}],"replies":[{"embeddable":true,"href":"https:\/\/dicodusport.fr\/blog\/wp-json\/wp\/v2\/comments?post=250328"}],"version-history":[{"count":0,"href":"https:\/\/dicodusport.fr\/blog\/wp-json\/wp\/v2\/posts\/250328\/revisions"}],"wp:featuredmedia":[{"embeddable":true,"href":"https:\/\/dicodusport.fr\/blog\/wp-json\/wp\/v2\/media\/250334"}],"wp:attachment":[{"href":"https:\/\/dicodusport.fr\/blog\/wp-json\/wp\/v2\/media?parent=250328"}],"wp:term":[{"taxonomy":"category","embeddable":true,"href":"https:\/\/dicodusport.fr\/blog\/wp-json\/wp\/v2\/categories?post=250328"},{"taxonomy":"post_tag","embeddable":true,"href":"https:\/\/dicodusport.fr\/blog\/wp-json\/wp\/v2\/tags?post=250328"}],"curies":[{"name":"wp","href":"https:\/\/api.w.org\/{rel}","templated":true}]}}