{"id":250524,"date":"2022-08-09T11:38:58","date_gmt":"2022-08-09T09:38:58","guid":{"rendered":"https:\/\/dicodusport.fr\/blog\/?p=250524&#038;preview=true&#038;preview_id=250524"},"modified":"2022-08-09T11:42:13","modified_gmt":"2022-08-09T09:42:13","slug":"mercato-fernando-gaviria-naurait-finalement-pas-trouve-daccord-avec-totalenergies","status":"publish","type":"post","link":"https:\/\/dicodusport.fr\/blog\/mercato-fernando-gaviria-naurait-finalement-pas-trouve-daccord-avec-totalenergies\/","title":{"rendered":"Mercato : Fernando Gaviria n&rsquo;aurait finalement pas trouv\u00e9 d&rsquo;accord avec TotalEnergies"},"content":{"rendered":"<p style=\"text-align: justify;\"><b><i>CYCLISME SUR ROUTE 2023 &#8211; Annonc\u00e9 avec insistance chez TotalEnergies, Fernando Gaviria n&rsquo;aurait finalement pas trouv\u00e9 d&rsquo;accord avec l&rsquo;\u00e9quipe fran\u00e7aise.\u00a0<\/i><\/b><\/p>\n<p style=\"text-align: justify;\">Selon <strong>Daniel Benson<\/strong>, les n\u00e9gociations entre <strong>Fernando Gaviria<\/strong> et <strong>TotalEnergies<\/strong> n&rsquo;ont pas d\u00e9bouch\u00e9 sur un accord, et le sprinteur colombien serait toujours sur le march\u00e9. <a href=\"https:\/\/dicodusport.fr\/blog\/mercato-fernando-gaviria-va-bien-signer-dans-une-equipe-francaise\/\">Tout semblait pourtant r\u00e9uni pour une signature imminente<\/a>, et la presse italienne avait m\u00eame expliqu\u00e9 que le dossier \u00e9tait boucl\u00e9. Mais sauf retournement de situation, le coureur d&rsquo;<strong>UAE Team Emirates<\/strong> ne signera pas avec <strong>Jean-Ren\u00e9 Bernaudeau<\/strong>. <strong>Fernando Gaviria<\/strong> semblait pourtant emball\u00e9 de rejoindre la formation fran\u00e7aise pour retrouver Specialized en marque de v\u00e9lo.<\/p>\n<blockquote class=\"twitter-tweet\">\n<p dir=\"ltr\" lang=\"en\">Fernando Gaviria had been linked with a move to Total but that doesn&rsquo;t appear to have gone anywhere. Rider still be on the market for 2023.<\/p>\n<p>\u2014 Daniel Benson (@dnlbenson) <a href=\"https:\/\/twitter.com\/dnlbenson\/status\/1556927483617939457?ref_src=twsrc%5Etfw\">August 9, 2022<\/a><\/p><\/blockquote>\n<p style=\"text-align: justify;\"><script async src=\"https:\/\/platform.twitter.com\/widgets.js\" charset=\"utf-8\"><\/script><\/p>\n","protected":false},"excerpt":{"rendered":"<p>CYCLISME SUR ROUTE 2023 &#8211; Annonc\u00e9 avec insistance chez TotalErnergies, Fernando Gaviria n&rsquo;aurait finalement pas trouv\u00e9 d&rsquo;accord avec l&rsquo;\u00e9quipe fran\u00e7aise.\u00a0<\/p>\n","protected":false},"author":1,"featured_media":250525,"comment_status":"open","ping_status":"closed","sticky":false,"template":"","format":"standard","meta":{"_acf_changed":false,"_daextam_enable_autolinks":"","footnotes":""},"categories":[46994],"tags":[5388,18418],"class_list":["post-250524","post","type-post","status-publish","format-standard","has-post-thumbnail","hentry","category-cyclisme-sur-route","tag-fernando-gaviria","tag-totalenergies"],"acf":[],"yoast_head":"<!-- This site is optimized with the Yoast SEO Premium plugin v26.7 (Yoast SEO v26.7) - https:\/\/yoast.com\/wordpress\/plugins\/seo\/ -->\n<title>Mercato : Fernando Gaviria n&#039;aurait finalement pas trouv\u00e9 d&#039;accord avec TotalEnergies<\/title>\n<meta name=\"description\" content=\"CYCLISME SUR ROUTE 2023 - Annonc\u00e9 avec insistance chez TotalEnergies, Fernando Gaviria n&#039;aurait finalement pas trouv\u00e9 d&#039;accord avec l&#039;\u00e9quipe fran\u00e7aise.\u00a0\" \/>\n<meta name=\"robots\" content=\"index, follow, max-snippet:-1, max-image-preview:large, max-video-preview:-1\" \/>\n<link rel=\"canonical\" href=\"https:\/\/dicodusport.fr\/blog\/mercato-fernando-gaviria-naurait-finalement-pas-trouve-daccord-avec-totalenergies\/\" \/>\n<meta property=\"og:locale\" content=\"fr_FR\" \/>\n<meta property=\"og:type\" content=\"article\" \/>\n<meta property=\"og:title\" content=\"Mercato : Fernando Gaviria n&#039;aurait finalement pas trouv\u00e9 d&#039;accord avec TotalEnergies\" \/>\n<meta property=\"og:description\" content=\"CYCLISME SUR ROUTE 2023 - Annonc\u00e9 avec insistance chez TotalEnergies, Fernando Gaviria n&#039;aurait finalement pas trouv\u00e9 d&#039;accord avec l&#039;\u00e9quipe fran\u00e7aise.\u00a0\" \/>\n<meta property=\"og:url\" content=\"https:\/\/dicodusport.fr\/blog\/mercato-fernando-gaviria-naurait-finalement-pas-trouve-daccord-avec-totalenergies\/\" \/>\n<meta property=\"og:site_name\" content=\"Dicodusport\" \/>\n<meta property=\"article:publisher\" content=\"https:\/\/www.facebook.com\/dicodusport\" \/>\n<meta property=\"article:author\" content=\"https:\/\/www.facebook.com\/dicodusport\" \/>\n<meta property=\"article:published_time\" content=\"2022-08-09T09:38:58+00:00\" \/>\n<meta property=\"article:modified_time\" content=\"2022-08-09T09:42:13+00:00\" \/>\n<meta property=\"og:image\" content=\"https:\/\/dicodusport.fr\/blog\/wp-content\/uploads\/2022\/08\/Mercato-Fernando-Gaviria-naurait-finalement-pas-trouve\u0301-daccord-avec-TotalEnergies.png\" \/>\n\t<meta property=\"og:image:width\" content=\"800\" \/>\n\t<meta property=\"og:image:height\" content=\"445\" \/>\n\t<meta property=\"og:image:type\" content=\"image\/png\" \/>\n<meta name=\"author\" content=\"Nicolas Jacquemard\" \/>\n<meta name=\"twitter:card\" content=\"summary_large_image\" \/>\n<meta name=\"twitter:title\" content=\"Mercato : Fernando Gaviria n&#039;aurait finalement pas trouv\u00e9 d&#039;accord avec TotalEnergies\" \/>\n<meta name=\"twitter:creator\" content=\"@https:\/\/twitter.com\/Nico_Jacquemard\" \/>\n<meta name=\"twitter:site\" content=\"@dicodusport\" \/>\n<script type=\"application\/ld+json\" class=\"yoast-schema-graph\">{\"@context\":\"https:\/\/schema.org\",\"@graph\":[{\"@type\":\"NewsArticle\",\"@id\":\"https:\/\/dicodusport.fr\/blog\/mercato-fernando-gaviria-naurait-finalement-pas-trouve-daccord-avec-totalenergies\/#article\",\"isPartOf\":{\"@id\":\"https:\/\/dicodusport.fr\/blog\/mercato-fernando-gaviria-naurait-finalement-pas-trouve-daccord-avec-totalenergies\/\"},\"author\":{\"name\":\"Nicolas Jacquemard\",\"@id\":\"https:\/\/dicodusport.fr\/blog\/#\/schema\/person\/55dcb50ad410894e431ed812bbb70191\"},\"headline\":\"Mercato : Fernando Gaviria n&rsquo;aurait finalement pas trouv\u00e9 d&rsquo;accord avec TotalEnergies\",\"datePublished\":\"2022-08-09T09:38:58+00:00\",\"dateModified\":\"2022-08-09T09:42:13+00:00\",\"mainEntityOfPage\":{\"@id\":\"https:\/\/dicodusport.fr\/blog\/mercato-fernando-gaviria-naurait-finalement-pas-trouve-daccord-avec-totalenergies\/\"},\"wordCount\":151,\"commentCount\":0,\"publisher\":{\"@id\":\"https:\/\/dicodusport.fr\/blog\/#organization\"},\"image\":{\"@id\":\"https:\/\/dicodusport.fr\/blog\/mercato-fernando-gaviria-naurait-finalement-pas-trouve-daccord-avec-totalenergies\/#primaryimage\"},\"thumbnailUrl\":\"https:\/\/dicodusport.fr\/blog\/wp-content\/uploads\/2022\/08\/Mercato-Fernando-Gaviria-naurait-finalement-pas-trouve\u0301-daccord-avec-TotalEnergies.png\",\"keywords\":[\"Fernando Gaviria\",\"TotalEnergies\"],\"articleSection\":[\"Cyclisme sur route\"],\"inLanguage\":\"fr-FR\",\"potentialAction\":[{\"@type\":\"CommentAction\",\"name\":\"Comment\",\"target\":[\"https:\/\/dicodusport.fr\/blog\/mercato-fernando-gaviria-naurait-finalement-pas-trouve-daccord-avec-totalenergies\/#respond\"]}],\"copyrightYear\":\"2022\",\"copyrightHolder\":{\"@id\":\"https:\/\/dicodusport.fr\/blog\/#organization\"}},{\"@type\":\"WebPage\",\"@id\":\"https:\/\/dicodusport.fr\/blog\/mercato-fernando-gaviria-naurait-finalement-pas-trouve-daccord-avec-totalenergies\/\",\"url\":\"https:\/\/dicodusport.fr\/blog\/mercato-fernando-gaviria-naurait-finalement-pas-trouve-daccord-avec-totalenergies\/\",\"name\":\"Mercato : Fernando Gaviria n'aurait finalement pas trouv\u00e9 d'accord avec TotalEnergies\",\"isPartOf\":{\"@id\":\"https:\/\/dicodusport.fr\/blog\/#website\"},\"primaryImageOfPage\":{\"@id\":\"https:\/\/dicodusport.fr\/blog\/mercato-fernando-gaviria-naurait-finalement-pas-trouve-daccord-avec-totalenergies\/#primaryimage\"},\"image\":{\"@id\":\"https:\/\/dicodusport.fr\/blog\/mercato-fernando-gaviria-naurait-finalement-pas-trouve-daccord-avec-totalenergies\/#primaryimage\"},\"thumbnailUrl\":\"https:\/\/dicodusport.fr\/blog\/wp-content\/uploads\/2022\/08\/Mercato-Fernando-Gaviria-naurait-finalement-pas-trouve\u0301-daccord-avec-TotalEnergies.png\",\"datePublished\":\"2022-08-09T09:38:58+00:00\",\"dateModified\":\"2022-08-09T09:42:13+00:00\",\"description\":\"CYCLISME SUR ROUTE 2023 - Annonc\u00e9 avec insistance chez TotalEnergies, Fernando Gaviria n'aurait finalement pas trouv\u00e9 d'accord avec l'\u00e9quipe fran\u00e7aise.\u00a0\",\"breadcrumb\":{\"@id\":\"https:\/\/dicodusport.fr\/blog\/mercato-fernando-gaviria-naurait-finalement-pas-trouve-daccord-avec-totalenergies\/#breadcrumb\"},\"inLanguage\":\"fr-FR\",\"potentialAction\":[{\"@type\":\"ReadAction\",\"target\":[\"https:\/\/dicodusport.fr\/blog\/mercato-fernando-gaviria-naurait-finalement-pas-trouve-daccord-avec-totalenergies\/\"]}]},{\"@type\":\"ImageObject\",\"inLanguage\":\"fr-FR\",\"@id\":\"https:\/\/dicodusport.fr\/blog\/mercato-fernando-gaviria-naurait-finalement-pas-trouve-daccord-avec-totalenergies\/#primaryimage\",\"url\":\"https:\/\/dicodusport.fr\/blog\/wp-content\/uploads\/2022\/08\/Mercato-Fernando-Gaviria-naurait-finalement-pas-trouve\u0301-daccord-avec-TotalEnergies.png\",\"contentUrl\":\"https:\/\/dicodusport.fr\/blog\/wp-content\/uploads\/2022\/08\/Mercato-Fernando-Gaviria-naurait-finalement-pas-trouve\u0301-daccord-avec-TotalEnergies.png\",\"width\":800,\"height\":445},{\"@type\":\"BreadcrumbList\",\"@id\":\"https:\/\/dicodusport.fr\/blog\/mercato-fernando-gaviria-naurait-finalement-pas-trouve-daccord-avec-totalenergies\/#breadcrumb\",\"itemListElement\":[{\"@type\":\"ListItem\",\"position\":1,\"name\":\"Accueil\",\"item\":\"https:\/\/dicodusport.fr\/blog\/\"},{\"@type\":\"ListItem\",\"position\":2,\"name\":\"Mercato : Fernando Gaviria n&rsquo;aurait finalement pas trouv\u00e9 d&rsquo;accord avec TotalEnergies\"}]},{\"@type\":\"WebSite\",\"@id\":\"https:\/\/dicodusport.fr\/blog\/#website\",\"url\":\"https:\/\/dicodusport.fr\/blog\/\",\"name\":\"Dicodusport\",\"description\":\"L&#039;encyclop\u00e9die de l&#039;actualit\u00e9 sportive\",\"publisher\":{\"@id\":\"https:\/\/dicodusport.fr\/blog\/#organization\"},\"potentialAction\":[{\"@type\":\"SearchAction\",\"target\":{\"@type\":\"EntryPoint\",\"urlTemplate\":\"https:\/\/dicodusport.fr\/blog\/?s={search_term_string}\"},\"query-input\":{\"@type\":\"PropertyValueSpecification\",\"valueRequired\":true,\"valueName\":\"search_term_string\"}}],\"inLanguage\":\"fr-FR\"},{\"@type\":\"NewsMediaOrganization\",\"@id\":\"https:\/\/dicodusport.fr\/blog\/#organization\",\"name\":\"Dicodusport\",\"url\":\"https:\/\/dicodusport.fr\/blog\/\",\"logo\":{\"@type\":\"ImageObject\",\"inLanguage\":\"fr-FR\",\"@id\":\"https:\/\/dicodusport.fr\/blog\/#\/schema\/logo\/image\/\",\"url\":\"https:\/\/dicodusport.fr\/blog\/wp-content\/uploads\/2020\/06\/cropped-LOGO-DICODUSPORT-2020-SANS-FOND-SANS-TEXTE.png\",\"contentUrl\":\"https:\/\/dicodusport.fr\/blog\/wp-content\/uploads\/2020\/06\/cropped-LOGO-DICODUSPORT-2020-SANS-FOND-SANS-TEXTE.png\",\"width\":512,\"height\":512,\"caption\":\"Dicodusport\"},\"image\":{\"@id\":\"https:\/\/dicodusport.fr\/blog\/#\/schema\/logo\/image\/\"},\"sameAs\":[\"https:\/\/www.facebook.com\/dicodusport\",\"https:\/\/x.com\/dicodusport\",\"https:\/\/www.instagram.com\/dicodusport\/\",\"https:\/\/www.youtube.com\/channel\/UC7V2KZ5sd3htJivAbA4ZG3w\"],\"description\":\"Dicodusport est l'encyclop\u00e9die de l'actualit\u00e9 sportive.\",\"email\":\"bonjour@dicodusport.fr\",\"legalName\":\"DICODUSPORT\",\"foundingDate\":\"2018-01-14\",\"vatID\":\"FR71834470973\",\"taxID\":\"83447097300043\",\"numberOfEmployees\":{\"@type\":\"QuantitativeValue\",\"minValue\":\"1\",\"maxValue\":\"10\"}},{\"@type\":\"Person\",\"@id\":\"https:\/\/dicodusport.fr\/blog\/#\/schema\/person\/55dcb50ad410894e431ed812bbb70191\",\"name\":\"Nicolas Jacquemard\",\"image\":{\"@type\":\"ImageObject\",\"inLanguage\":\"fr-FR\",\"@id\":\"https:\/\/dicodusport.fr\/blog\/#\/schema\/person\/image\/\",\"url\":\"https:\/\/dicodusport.fr\/blog\/wp-content\/uploads\/2021\/05\/Nicolas-Jacquemard-150x150.jpeg\",\"contentUrl\":\"https:\/\/dicodusport.fr\/blog\/wp-content\/uploads\/2021\/05\/Nicolas-Jacquemard-150x150.jpeg\",\"caption\":\"Nicolas Jacquemard\"},\"description\":\"Passionn\u00e9 de sport et entrepreneur depuis mes 18 ans, la cr\u00e9ation de Dicodusport m'a sembl\u00e9 \u00e9vidente pour participer \u00e0 la m\u00e9diatisation d'un plus grand nombre de sports. Le chemin est long mais avec une \u00e9quipe des plus motiv\u00e9es et les Jeux Olympiques de Paris 2024 en point de mire, nous y arriverons ! Journaliste dans le monde du sport depuis plus de 5 ans, je traite aussi bien de football, de rugby, de biathlon que de cyclisme.\",\"sameAs\":[\"https:\/\/www.facebook.com\/dicodusport\",\"https:\/\/x.com\/https:\/\/twitter.com\/Nico_Jacquemard\"],\"url\":\"https:\/\/dicodusport.fr\/blog\/author\/dicodusport\/\"}]}<\/script>\n<!-- \/ Yoast SEO Premium plugin. -->","yoast_head_json":{"title":"Mercato : Fernando Gaviria n'aurait finalement pas trouv\u00e9 d'accord avec TotalEnergies","description":"CYCLISME SUR ROUTE 2023 - Annonc\u00e9 avec insistance chez TotalEnergies, Fernando Gaviria n'aurait finalement pas trouv\u00e9 d'accord avec l'\u00e9quipe fran\u00e7aise.\u00a0","robots":{"index":"index","follow":"follow","max-snippet":"max-snippet:-1","max-image-preview":"max-image-preview:large","max-video-preview":"max-video-preview:-1"},"canonical":"https:\/\/dicodusport.fr\/blog\/mercato-fernando-gaviria-naurait-finalement-pas-trouve-daccord-avec-totalenergies\/","og_locale":"fr_FR","og_type":"article","og_title":"Mercato : Fernando Gaviria n'aurait finalement pas trouv\u00e9 d'accord avec TotalEnergies","og_description":"CYCLISME SUR ROUTE 2023 - Annonc\u00e9 avec insistance chez TotalEnergies, Fernando Gaviria n'aurait finalement pas trouv\u00e9 d'accord avec l'\u00e9quipe fran\u00e7aise.\u00a0","og_url":"https:\/\/dicodusport.fr\/blog\/mercato-fernando-gaviria-naurait-finalement-pas-trouve-daccord-avec-totalenergies\/","og_site_name":"Dicodusport","article_publisher":"https:\/\/www.facebook.com\/dicodusport","article_author":"https:\/\/www.facebook.com\/dicodusport","article_published_time":"2022-08-09T09:38:58+00:00","article_modified_time":"2022-08-09T09:42:13+00:00","og_image":[{"width":800,"height":445,"url":"https:\/\/dicodusport.fr\/blog\/wp-content\/uploads\/2022\/08\/Mercato-Fernando-Gaviria-naurait-finalement-pas-trouve\u0301-daccord-avec-TotalEnergies.png","type":"image\/png"}],"author":"Nicolas Jacquemard","twitter_card":"summary_large_image","twitter_title":"Mercato : Fernando Gaviria n'aurait finalement pas trouv\u00e9 d'accord avec TotalEnergies","twitter_creator":"@https:\/\/twitter.com\/Nico_Jacquemard","twitter_site":"@dicodusport","schema":{"@context":"https:\/\/schema.org","@graph":[{"@type":"NewsArticle","@id":"https:\/\/dicodusport.fr\/blog\/mercato-fernando-gaviria-naurait-finalement-pas-trouve-daccord-avec-totalenergies\/#article","isPartOf":{"@id":"https:\/\/dicodusport.fr\/blog\/mercato-fernando-gaviria-naurait-finalement-pas-trouve-daccord-avec-totalenergies\/"},"author":{"name":"Nicolas Jacquemard","@id":"https:\/\/dicodusport.fr\/blog\/#\/schema\/person\/55dcb50ad410894e431ed812bbb70191"},"headline":"Mercato : Fernando Gaviria n&rsquo;aurait finalement pas trouv\u00e9 d&rsquo;accord avec TotalEnergies","datePublished":"2022-08-09T09:38:58+00:00","dateModified":"2022-08-09T09:42:13+00:00","mainEntityOfPage":{"@id":"https:\/\/dicodusport.fr\/blog\/mercato-fernando-gaviria-naurait-finalement-pas-trouve-daccord-avec-totalenergies\/"},"wordCount":151,"commentCount":0,"publisher":{"@id":"https:\/\/dicodusport.fr\/blog\/#organization"},"image":{"@id":"https:\/\/dicodusport.fr\/blog\/mercato-fernando-gaviria-naurait-finalement-pas-trouve-daccord-avec-totalenergies\/#primaryimage"},"thumbnailUrl":"https:\/\/dicodusport.fr\/blog\/wp-content\/uploads\/2022\/08\/Mercato-Fernando-Gaviria-naurait-finalement-pas-trouve\u0301-daccord-avec-TotalEnergies.png","keywords":["Fernando Gaviria","TotalEnergies"],"articleSection":["Cyclisme sur route"],"inLanguage":"fr-FR","potentialAction":[{"@type":"CommentAction","name":"Comment","target":["https:\/\/dicodusport.fr\/blog\/mercato-fernando-gaviria-naurait-finalement-pas-trouve-daccord-avec-totalenergies\/#respond"]}],"copyrightYear":"2022","copyrightHolder":{"@id":"https:\/\/dicodusport.fr\/blog\/#organization"}},{"@type":"WebPage","@id":"https:\/\/dicodusport.fr\/blog\/mercato-fernando-gaviria-naurait-finalement-pas-trouve-daccord-avec-totalenergies\/","url":"https:\/\/dicodusport.fr\/blog\/mercato-fernando-gaviria-naurait-finalement-pas-trouve-daccord-avec-totalenergies\/","name":"Mercato : Fernando Gaviria n'aurait finalement pas trouv\u00e9 d'accord avec TotalEnergies","isPartOf":{"@id":"https:\/\/dicodusport.fr\/blog\/#website"},"primaryImageOfPage":{"@id":"https:\/\/dicodusport.fr\/blog\/mercato-fernando-gaviria-naurait-finalement-pas-trouve-daccord-avec-totalenergies\/#primaryimage"},"image":{"@id":"https:\/\/dicodusport.fr\/blog\/mercato-fernando-gaviria-naurait-finalement-pas-trouve-daccord-avec-totalenergies\/#primaryimage"},"thumbnailUrl":"https:\/\/dicodusport.fr\/blog\/wp-content\/uploads\/2022\/08\/Mercato-Fernando-Gaviria-naurait-finalement-pas-trouve\u0301-daccord-avec-TotalEnergies.png","datePublished":"2022-08-09T09:38:58+00:00","dateModified":"2022-08-09T09:42:13+00:00","description":"CYCLISME SUR ROUTE 2023 - Annonc\u00e9 avec insistance chez TotalEnergies, Fernando Gaviria n'aurait finalement pas trouv\u00e9 d'accord avec l'\u00e9quipe fran\u00e7aise.\u00a0","breadcrumb":{"@id":"https:\/\/dicodusport.fr\/blog\/mercato-fernando-gaviria-naurait-finalement-pas-trouve-daccord-avec-totalenergies\/#breadcrumb"},"inLanguage":"fr-FR","potentialAction":[{"@type":"ReadAction","target":["https:\/\/dicodusport.fr\/blog\/mercato-fernando-gaviria-naurait-finalement-pas-trouve-daccord-avec-totalenergies\/"]}]},{"@type":"ImageObject","inLanguage":"fr-FR","@id":"https:\/\/dicodusport.fr\/blog\/mercato-fernando-gaviria-naurait-finalement-pas-trouve-daccord-avec-totalenergies\/#primaryimage","url":"https:\/\/dicodusport.fr\/blog\/wp-content\/uploads\/2022\/08\/Mercato-Fernando-Gaviria-naurait-finalement-pas-trouve\u0301-daccord-avec-TotalEnergies.png","contentUrl":"https:\/\/dicodusport.fr\/blog\/wp-content\/uploads\/2022\/08\/Mercato-Fernando-Gaviria-naurait-finalement-pas-trouve\u0301-daccord-avec-TotalEnergies.png","width":800,"height":445},{"@type":"BreadcrumbList","@id":"https:\/\/dicodusport.fr\/blog\/mercato-fernando-gaviria-naurait-finalement-pas-trouve-daccord-avec-totalenergies\/#breadcrumb","itemListElement":[{"@type":"ListItem","position":1,"name":"Accueil","item":"https:\/\/dicodusport.fr\/blog\/"},{"@type":"ListItem","position":2,"name":"Mercato : Fernando Gaviria n&rsquo;aurait finalement pas trouv\u00e9 d&rsquo;accord avec TotalEnergies"}]},{"@type":"WebSite","@id":"https:\/\/dicodusport.fr\/blog\/#website","url":"https:\/\/dicodusport.fr\/blog\/","name":"Dicodusport","description":"L&#039;encyclop\u00e9die de l&#039;actualit\u00e9 sportive","publisher":{"@id":"https:\/\/dicodusport.fr\/blog\/#organization"},"potentialAction":[{"@type":"SearchAction","target":{"@type":"EntryPoint","urlTemplate":"https:\/\/dicodusport.fr\/blog\/?s={search_term_string}"},"query-input":{"@type":"PropertyValueSpecification","valueRequired":true,"valueName":"search_term_string"}}],"inLanguage":"fr-FR"},{"@type":"NewsMediaOrganization","@id":"https:\/\/dicodusport.fr\/blog\/#organization","name":"Dicodusport","url":"https:\/\/dicodusport.fr\/blog\/","logo":{"@type":"ImageObject","inLanguage":"fr-FR","@id":"https:\/\/dicodusport.fr\/blog\/#\/schema\/logo\/image\/","url":"https:\/\/dicodusport.fr\/blog\/wp-content\/uploads\/2020\/06\/cropped-LOGO-DICODUSPORT-2020-SANS-FOND-SANS-TEXTE.png","contentUrl":"https:\/\/dicodusport.fr\/blog\/wp-content\/uploads\/2020\/06\/cropped-LOGO-DICODUSPORT-2020-SANS-FOND-SANS-TEXTE.png","width":512,"height":512,"caption":"Dicodusport"},"image":{"@id":"https:\/\/dicodusport.fr\/blog\/#\/schema\/logo\/image\/"},"sameAs":["https:\/\/www.facebook.com\/dicodusport","https:\/\/x.com\/dicodusport","https:\/\/www.instagram.com\/dicodusport\/","https:\/\/www.youtube.com\/channel\/UC7V2KZ5sd3htJivAbA4ZG3w"],"description":"Dicodusport est l'encyclop\u00e9die de l'actualit\u00e9 sportive.","email":"bonjour@dicodusport.fr","legalName":"DICODUSPORT","foundingDate":"2018-01-14","vatID":"FR71834470973","taxID":"83447097300043","numberOfEmployees":{"@type":"QuantitativeValue","minValue":"1","maxValue":"10"}},{"@type":"Person","@id":"https:\/\/dicodusport.fr\/blog\/#\/schema\/person\/55dcb50ad410894e431ed812bbb70191","name":"Nicolas Jacquemard","image":{"@type":"ImageObject","inLanguage":"fr-FR","@id":"https:\/\/dicodusport.fr\/blog\/#\/schema\/person\/image\/","url":"https:\/\/dicodusport.fr\/blog\/wp-content\/uploads\/2021\/05\/Nicolas-Jacquemard-150x150.jpeg","contentUrl":"https:\/\/dicodusport.fr\/blog\/wp-content\/uploads\/2021\/05\/Nicolas-Jacquemard-150x150.jpeg","caption":"Nicolas Jacquemard"},"description":"Passionn\u00e9 de sport et entrepreneur depuis mes 18 ans, la cr\u00e9ation de Dicodusport m'a sembl\u00e9 \u00e9vidente pour participer \u00e0 la m\u00e9diatisation d'un plus grand nombre de sports. Le chemin est long mais avec une \u00e9quipe des plus motiv\u00e9es et les Jeux Olympiques de Paris 2024 en point de mire, nous y arriverons ! Journaliste dans le monde du sport depuis plus de 5 ans, je traite aussi bien de football, de rugby, de biathlon que de cyclisme.","sameAs":["https:\/\/www.facebook.com\/dicodusport","https:\/\/x.com\/https:\/\/twitter.com\/Nico_Jacquemard"],"url":"https:\/\/dicodusport.fr\/blog\/author\/dicodusport\/"}]}},"_links":{"self":[{"href":"https:\/\/dicodusport.fr\/blog\/wp-json\/wp\/v2\/posts\/250524","targetHints":{"allow":["GET"]}}],"collection":[{"href":"https:\/\/dicodusport.fr\/blog\/wp-json\/wp\/v2\/posts"}],"about":[{"href":"https:\/\/dicodusport.fr\/blog\/wp-json\/wp\/v2\/types\/post"}],"author":[{"embeddable":true,"href":"https:\/\/dicodusport.fr\/blog\/wp-json\/wp\/v2\/users\/1"}],"replies":[{"embeddable":true,"href":"https:\/\/dicodusport.fr\/blog\/wp-json\/wp\/v2\/comments?post=250524"}],"version-history":[{"count":0,"href":"https:\/\/dicodusport.fr\/blog\/wp-json\/wp\/v2\/posts\/250524\/revisions"}],"wp:featuredmedia":[{"embeddable":true,"href":"https:\/\/dicodusport.fr\/blog\/wp-json\/wp\/v2\/media\/250525"}],"wp:attachment":[{"href":"https:\/\/dicodusport.fr\/blog\/wp-json\/wp\/v2\/media?parent=250524"}],"wp:term":[{"taxonomy":"category","embeddable":true,"href":"https:\/\/dicodusport.fr\/blog\/wp-json\/wp\/v2\/categories?post=250524"},{"taxonomy":"post_tag","embeddable":true,"href":"https:\/\/dicodusport.fr\/blog\/wp-json\/wp\/v2\/tags?post=250524"}],"curies":[{"name":"wp","href":"https:\/\/api.w.org\/{rel}","templated":true}]}}