{"id":25058,"date":"2018-09-04T12:00:43","date_gmt":"2018-09-04T10:00:43","guid":{"rendered":"http:\/\/dicodusport.fr\/blog\/?p=25058"},"modified":"2018-09-04T11:28:16","modified_gmt":"2018-09-04T09:28:16","slug":"liga-benzema-la-renaissance-post-ronaldo","status":"publish","type":"post","link":"https:\/\/dicodusport.fr\/blog\/liga-benzema-la-renaissance-post-ronaldo\/","title":{"rendered":"Liga\u00a0: Benzema, la renaissance post Ronaldo"},"content":{"rendered":"<p style=\"text-align: justify;\"><em><strong>Apr\u00e8s le d\u00e9part de Cristiano Ronaldo cet \u00e9t\u00e9 pour la Juventus, Karim Benzema se voyait d\u00e9muni de son meilleur comp\u00e8re d\u2019attaque au sein de l\u2019effectif du Real Madrid. Si sur le papier le d\u00e9part semblait pr\u00e9judiciable pour l\u2019effectif, il l&rsquo;est peut \u00eatre moins pour KB9.<\/strong><\/em><\/p>\n<h4 style=\"text-align: justify;\">\u00ab\u00a0Benzema est un immense joueur\u00a0\u00bb<\/h4>\n<p style=\"text-align: justify;\">Julen Lopetegui est cat\u00e9gorique. Le Lyonnais est dans une forme remarquable.\u00a0Karim Benzema serait-il la meilleure recrue du Real Madrid version 2018-2019\u00a0? Dire cela serait certainement oublier l\u2019impact que le fran\u00e7ais a eu ses derni\u00e8res ann\u00e9es pour accompagner et certainement faire de Cristiano Ronaldo un quintuple Ballon d\u2019Or. Mais aussi faire perdurer la l\u00e9gende que repr\u00e9sente le Real Madrid \u00e0 l\u2019\u00e9chelle mondiale. Au commencement de sa dixi\u00e8me saison (\u00a0! ) \u00e0 la \u00ab\u00a0Maison Blanche\u00a0\u00bb, Benzema est entr\u00e9 peu \u00e0 peu dans l\u2019histoire du club madril\u00e8ne.<\/p>\n<p style=\"text-align: justify;\">Il suffit d\u2019observer tous les joueurs, concurrents, pass\u00e9s par Madrid et qui n\u2019ont jamais r\u00e9ussi \u00e0 s\u2019imposer face \u00e0 l\u2019ancien joueur de Lyon. Forc\u00e9ment sa complicit\u00e9 avec Ronaldo \u00e9tait fantastique, in\u00e9vitable pour tous les entraineurs pass\u00e9s par la capitale espagnole. Mais c\u2019est aussi un style de jeu, un caract\u00e8re, construits et \u00e9tablis pour \u00eatre le num\u00e9ro 9 du plus grand club au monde. Le fid\u00e8le lieutenant de Ronaldo est lib\u00e9r\u00e9 et son d\u00e9but de saison ne fait que confirmer.<\/p>\n<p><span class=\"XgVOG2BkJ1KD9nd60ETYQNIz4Uj\"><\/p>\n<blockquote class=\"twitter-tweet\" data-width=\"550\" data-dnt=\"true\">\n<p lang=\"fr\" dir=\"ltr\">Qui a besoin le plus de l\u2019un de l\u2019autre pour marquer des buts\ud83e\udd14. <a href=\"https:\/\/twitter.com\/Benzema?ref_src=twsrc%5Etfw\">@Benzema<\/a>?  <a href=\"https:\/\/twitter.com\/Cristiano?ref_src=twsrc%5Etfw\">@Cristiano<\/a> ? Encore un doubl\u00e9 ce week end. \ud83d\udd25 bien jou\u00e9 fr\u00e9rot.<\/p>\n<p>&mdash; Fr\u00e9d\u00e9ric Piquionne (@fredpiqoff) <a href=\"https:\/\/twitter.com\/fredpiqoff\/status\/1036558728466771968?ref_src=twsrc%5Etfw\">September 3, 2018<\/a><\/p><\/blockquote>\n<p><script async src=\"https:\/\/platform.twitter.com\/widgets.js\" charset=\"utf-8\"><\/script><\/span><\/p>\n<h4 style=\"text-align: justify;\">Un d\u00e9but de saison tonitruant<\/h4>\n<p style=\"text-align: justify;\">Ce que l\u2019on oublie parfois autour de Karim Benzema, c\u2019est de citer son palmar\u00e8s. Tout grand joueur poss\u00e8de une armoire bien remplie et lui aussi. Ses 4 Ligues des Champions parlent pour lui. De toute fa\u00e7on, au Real Madrid, il faut avoir les \u00e9paules n\u00e9cessaires, encore plus au poste d\u2019attaquant, pour remporter des troph\u00e9es.<\/p>\n<p style=\"text-align: justify;\">Cette saison, l\u2019impression est simple\u00a0: Benzema est beaucoup plus axial, en finisseur pur. Fini d\u2019apporter les actions \u00e0 CR7, Karim concr\u00e9tise. R\u00e9sultat, d\u00e9j\u00e0 4 buts en 3 matches de Liga, dont deux doubl\u00e9s cons\u00e9cutifs. Un but toutes les 67 minutes. Quand on se souvient qu\u2019il avait attendu octobre la saison pass\u00e9e pour ouvrir son compteur\u2026Sa nouvelle dimension commence \u00e0 se faire ressentir sur et en dehors du terrain. Un nombre de ballons touch\u00e9s en hausse, un leadership qui se d\u00e9veloppe en interne et Karim Benzema se retrouve adul\u00e9 par les socios mais aussi la presse. Le football va tr\u00e8s tr\u00e8s vite et surtout en Espagne.<\/p>\n<p style=\"text-align: justify;\">Entour\u00e9 d\u2019Isco, Asensio et Bale, Karim Benzema semble avoir trouv\u00e9 sa nouvelle activit\u00e9 post Ronaldo\u00a0: \u00eatre brillant et marquer.<\/p>\n<div id=\"attachment_25061\" style=\"width: 660px\" class=\"wp-caption aligncenter\"><img loading=\"lazy\" decoding=\"async\" aria-describedby=\"caption-attachment-25061\" class=\"size-full wp-image-25061\" src=\"http:\/\/dicodusport.fr\/blog\/wp-content\/uploads\/2018\/09\/Benzema-finisseur.jpg\" alt=\"\" width=\"650\" height=\"433\" srcset=\"https:\/\/dicodusport.fr\/blog\/wp-content\/uploads\/2018\/09\/Benzema-finisseur.jpg 650w, https:\/\/dicodusport.fr\/blog\/wp-content\/uploads\/2018\/09\/Benzema-finisseur-300x200.jpg 300w\" sizes=\"auto, (max-width: 650px) 100vw, 650px\" \/><p id=\"caption-attachment-25061\" class=\"wp-caption-text\">Karim Benzema dans le r\u00f4le du buteur cette saison au Real &#8211; Icon Sport<\/p><\/div>\n<p><em><strong>Romain Delanis<br \/>\n<a href=\"https:\/\/twitter.com\/RDelanis\" target=\"_blank\" rel=\"noopener noreferrer\"><img loading=\"lazy\" decoding=\"async\" class=\"alignnone wp-image-2908\" src=\"http:\/\/dicodusport.fr\/blog\/wp-content\/uploads\/2017\/07\/logo-twitter-150x150.png\" alt=\"\" width=\"39\" height=\"39\" \/><\/a><\/strong><\/em><\/p>\n","protected":false},"excerpt":{"rendered":"<p>Apr\u00e8s le d\u00e9part de Cristiano Ronaldo cet \u00e9t\u00e9 pour la Juventus, Karim Benzema se voyait d\u00e9muni de son comp\u00e8re d\u2019attaque au sein de l\u2019effectif du Real Madrid.<\/p>\n","protected":false},"author":14,"featured_media":25086,"comment_status":"open","ping_status":"closed","sticky":false,"template":"","format":"standard","meta":{"_acf_changed":false,"_daextam_enable_autolinks":"","footnotes":""},"categories":[2,2301],"tags":[386,75,4727,4204,521],"class_list":["post-25058","post","type-post","status-publish","format-standard","has-post-thumbnail","hentry","category-actualites","category-football","tag-cristiano-ronaldo","tag-football","tag-karim-benzema","tag-liga","tag-real-madrid"],"acf":[],"yoast_head":"<!-- This site is optimized with the Yoast SEO Premium plugin v26.7 (Yoast SEO v26.7) - https:\/\/yoast.com\/wordpress\/plugins\/seo\/ -->\n<title>Liga\u00a0: Benzema, la renaissance post Ronaldo<\/title>\n<meta name=\"description\" content=\"Apr\u00e8s le d\u00e9part de Cristiano Ronaldo cet \u00e9t\u00e9 pour la Juventus, Karim Benzema se voyait d\u00e9muni de son comp\u00e8re d\u2019attaque au sein de l\u2019effectif du Real Madrid.\" \/>\n<meta name=\"robots\" content=\"index, follow, max-snippet:-1, max-image-preview:large, max-video-preview:-1\" \/>\n<link rel=\"canonical\" href=\"https:\/\/dicodusport.fr\/blog\/liga-benzema-la-renaissance-post-ronaldo\/\" \/>\n<meta property=\"og:locale\" content=\"fr_FR\" \/>\n<meta property=\"og:type\" content=\"article\" \/>\n<meta property=\"og:title\" content=\"Liga\u00a0: Benzema, la renaissance post Ronaldo\" \/>\n<meta property=\"og:description\" content=\"Apr\u00e8s le d\u00e9part de Cristiano Ronaldo cet \u00e9t\u00e9 pour la Juventus, Karim Benzema se voyait d\u00e9muni de son comp\u00e8re d\u2019attaque au sein de l\u2019effectif du Real Madrid.\" \/>\n<meta property=\"og:url\" content=\"https:\/\/dicodusport.fr\/blog\/liga-benzema-la-renaissance-post-ronaldo\/\" \/>\n<meta property=\"og:site_name\" content=\"Dicodusport\" \/>\n<meta property=\"article:publisher\" content=\"https:\/\/www.facebook.com\/dicodusport\" \/>\n<meta property=\"article:published_time\" content=\"2018-09-04T10:00:43+00:00\" \/>\n<meta property=\"og:image\" content=\"https:\/\/dicodusport.fr\/blog\/wp-content\/uploads\/2018\/09\/Karim-Benzema.png\" \/>\n\t<meta property=\"og:image:width\" content=\"800\" \/>\n\t<meta property=\"og:image:height\" content=\"445\" \/>\n\t<meta property=\"og:image:type\" content=\"image\/png\" \/>\n<meta name=\"author\" content=\"Romain Delanis\" \/>\n<meta name=\"twitter:card\" content=\"summary_large_image\" \/>\n<meta name=\"twitter:creator\" content=\"@https:\/\/twitter.com\/RDelanis\" \/>\n<meta name=\"twitter:site\" content=\"@dicodusport\" \/>\n<script type=\"application\/ld+json\" class=\"yoast-schema-graph\">{\"@context\":\"https:\/\/schema.org\",\"@graph\":[{\"@type\":\"NewsArticle\",\"@id\":\"https:\/\/dicodusport.fr\/blog\/liga-benzema-la-renaissance-post-ronaldo\/#article\",\"isPartOf\":{\"@id\":\"https:\/\/dicodusport.fr\/blog\/liga-benzema-la-renaissance-post-ronaldo\/\"},\"author\":{\"name\":\"Romain Delanis\",\"@id\":\"https:\/\/dicodusport.fr\/blog\/#\/schema\/person\/8c78730a59f8a1e617f7a19026ebc14a\"},\"headline\":\"Liga\u00a0: Benzema, la renaissance post Ronaldo\",\"datePublished\":\"2018-09-04T10:00:43+00:00\",\"mainEntityOfPage\":{\"@id\":\"https:\/\/dicodusport.fr\/blog\/liga-benzema-la-renaissance-post-ronaldo\/\"},\"wordCount\":489,\"commentCount\":0,\"publisher\":{\"@id\":\"https:\/\/dicodusport.fr\/blog\/#organization\"},\"image\":{\"@id\":\"https:\/\/dicodusport.fr\/blog\/liga-benzema-la-renaissance-post-ronaldo\/#primaryimage\"},\"thumbnailUrl\":\"https:\/\/dicodusport.fr\/blog\/wp-content\/uploads\/2018\/09\/Karim-Benzema.png\",\"keywords\":[\"Cristiano Ronaldo\",\"Football\",\"Karim Benzema\",\"Liga\",\"Real Madrid\"],\"articleSection\":[\"Actualit\u00e9s\",\"Football\"],\"inLanguage\":\"fr-FR\",\"potentialAction\":[{\"@type\":\"CommentAction\",\"name\":\"Comment\",\"target\":[\"https:\/\/dicodusport.fr\/blog\/liga-benzema-la-renaissance-post-ronaldo\/#respond\"]}],\"copyrightYear\":\"2018\",\"copyrightHolder\":{\"@id\":\"https:\/\/dicodusport.fr\/blog\/#organization\"}},{\"@type\":\"WebPage\",\"@id\":\"https:\/\/dicodusport.fr\/blog\/liga-benzema-la-renaissance-post-ronaldo\/\",\"url\":\"https:\/\/dicodusport.fr\/blog\/liga-benzema-la-renaissance-post-ronaldo\/\",\"name\":\"Liga\u00a0: Benzema, la renaissance post Ronaldo\",\"isPartOf\":{\"@id\":\"https:\/\/dicodusport.fr\/blog\/#website\"},\"primaryImageOfPage\":{\"@id\":\"https:\/\/dicodusport.fr\/blog\/liga-benzema-la-renaissance-post-ronaldo\/#primaryimage\"},\"image\":{\"@id\":\"https:\/\/dicodusport.fr\/blog\/liga-benzema-la-renaissance-post-ronaldo\/#primaryimage\"},\"thumbnailUrl\":\"https:\/\/dicodusport.fr\/blog\/wp-content\/uploads\/2018\/09\/Karim-Benzema.png\",\"datePublished\":\"2018-09-04T10:00:43+00:00\",\"description\":\"Apr\u00e8s le d\u00e9part de Cristiano Ronaldo cet \u00e9t\u00e9 pour la Juventus, Karim Benzema se voyait d\u00e9muni de son comp\u00e8re d\u2019attaque au sein de l\u2019effectif du Real Madrid.\",\"breadcrumb\":{\"@id\":\"https:\/\/dicodusport.fr\/blog\/liga-benzema-la-renaissance-post-ronaldo\/#breadcrumb\"},\"inLanguage\":\"fr-FR\",\"potentialAction\":[{\"@type\":\"ReadAction\",\"target\":[\"https:\/\/dicodusport.fr\/blog\/liga-benzema-la-renaissance-post-ronaldo\/\"]}]},{\"@type\":\"ImageObject\",\"inLanguage\":\"fr-FR\",\"@id\":\"https:\/\/dicodusport.fr\/blog\/liga-benzema-la-renaissance-post-ronaldo\/#primaryimage\",\"url\":\"https:\/\/dicodusport.fr\/blog\/wp-content\/uploads\/2018\/09\/Karim-Benzema.png\",\"contentUrl\":\"https:\/\/dicodusport.fr\/blog\/wp-content\/uploads\/2018\/09\/Karim-Benzema.png\",\"width\":800,\"height\":445},{\"@type\":\"BreadcrumbList\",\"@id\":\"https:\/\/dicodusport.fr\/blog\/liga-benzema-la-renaissance-post-ronaldo\/#breadcrumb\",\"itemListElement\":[{\"@type\":\"ListItem\",\"position\":1,\"name\":\"Accueil\",\"item\":\"https:\/\/dicodusport.fr\/blog\/\"},{\"@type\":\"ListItem\",\"position\":2,\"name\":\"Liga\u00a0: Benzema, la renaissance post Ronaldo\"}]},{\"@type\":\"WebSite\",\"@id\":\"https:\/\/dicodusport.fr\/blog\/#website\",\"url\":\"https:\/\/dicodusport.fr\/blog\/\",\"name\":\"Dicodusport\",\"description\":\"L&#039;encyclop\u00e9die de l&#039;actualit\u00e9 sportive\",\"publisher\":{\"@id\":\"https:\/\/dicodusport.fr\/blog\/#organization\"},\"potentialAction\":[{\"@type\":\"SearchAction\",\"target\":{\"@type\":\"EntryPoint\",\"urlTemplate\":\"https:\/\/dicodusport.fr\/blog\/?s={search_term_string}\"},\"query-input\":{\"@type\":\"PropertyValueSpecification\",\"valueRequired\":true,\"valueName\":\"search_term_string\"}}],\"inLanguage\":\"fr-FR\"},{\"@type\":\"NewsMediaOrganization\",\"@id\":\"https:\/\/dicodusport.fr\/blog\/#organization\",\"name\":\"Dicodusport\",\"url\":\"https:\/\/dicodusport.fr\/blog\/\",\"logo\":{\"@type\":\"ImageObject\",\"inLanguage\":\"fr-FR\",\"@id\":\"https:\/\/dicodusport.fr\/blog\/#\/schema\/logo\/image\/\",\"url\":\"https:\/\/dicodusport.fr\/blog\/wp-content\/uploads\/2020\/06\/cropped-LOGO-DICODUSPORT-2020-SANS-FOND-SANS-TEXTE.png\",\"contentUrl\":\"https:\/\/dicodusport.fr\/blog\/wp-content\/uploads\/2020\/06\/cropped-LOGO-DICODUSPORT-2020-SANS-FOND-SANS-TEXTE.png\",\"width\":512,\"height\":512,\"caption\":\"Dicodusport\"},\"image\":{\"@id\":\"https:\/\/dicodusport.fr\/blog\/#\/schema\/logo\/image\/\"},\"sameAs\":[\"https:\/\/www.facebook.com\/dicodusport\",\"https:\/\/x.com\/dicodusport\",\"https:\/\/www.instagram.com\/dicodusport\/\",\"https:\/\/www.youtube.com\/channel\/UC7V2KZ5sd3htJivAbA4ZG3w\"],\"description\":\"Dicodusport est l'encyclop\u00e9die de l'actualit\u00e9 sportive.\",\"email\":\"bonjour@dicodusport.fr\",\"legalName\":\"DICODUSPORT\",\"foundingDate\":\"2018-01-14\",\"vatID\":\"FR71834470973\",\"taxID\":\"83447097300043\",\"numberOfEmployees\":{\"@type\":\"QuantitativeValue\",\"minValue\":\"1\",\"maxValue\":\"10\"}},{\"@type\":\"Person\",\"@id\":\"https:\/\/dicodusport.fr\/blog\/#\/schema\/person\/8c78730a59f8a1e617f7a19026ebc14a\",\"name\":\"Romain Delanis\",\"image\":{\"@type\":\"ImageObject\",\"inLanguage\":\"fr-FR\",\"@id\":\"https:\/\/dicodusport.fr\/blog\/#\/schema\/person\/image\/\",\"url\":\"https:\/\/dicodusport.fr\/blog\/wp-content\/uploads\/2021\/05\/Romain-Delanis-150x150.jpg\",\"contentUrl\":\"https:\/\/dicodusport.fr\/blog\/wp-content\/uploads\/2021\/05\/Romain-Delanis-150x150.jpg\",\"caption\":\"Romain Delanis\"},\"description\":\"Journaliste\/R\u00e9dacteur depuis novembre 2015 - Capable de passer un samedi apr\u00e8s-midi devant la Ligue 2 puis le biathlon sans oublier la finale de l\u2019ATP Rotterdam, j\u2019aime aussi mettre mon r\u00e9veil pour me faire un Pistons\/Bulls qui rappelle de bons souvenirs. Tout cela, j\u2019ai choisi il y a maintenant quelques temps de vous le raconter avec Dicodusport, pour vous faire vivre ma passion parfois inconsid\u00e9r\u00e9e pour le sport en g\u00e9n\u00e9ral (mais surtout le foot faut se l\u2019avouer).\",\"sameAs\":[\"https:\/\/x.com\/https:\/\/twitter.com\/RDelanis\"],\"url\":\"https:\/\/dicodusport.fr\/blog\/author\/romain\/\"}]}<\/script>\n<!-- \/ Yoast SEO Premium plugin. -->","yoast_head_json":{"title":"Liga\u00a0: Benzema, la renaissance post Ronaldo","description":"Apr\u00e8s le d\u00e9part de Cristiano Ronaldo cet \u00e9t\u00e9 pour la Juventus, Karim Benzema se voyait d\u00e9muni de son comp\u00e8re d\u2019attaque au sein de l\u2019effectif du Real Madrid.","robots":{"index":"index","follow":"follow","max-snippet":"max-snippet:-1","max-image-preview":"max-image-preview:large","max-video-preview":"max-video-preview:-1"},"canonical":"https:\/\/dicodusport.fr\/blog\/liga-benzema-la-renaissance-post-ronaldo\/","og_locale":"fr_FR","og_type":"article","og_title":"Liga\u00a0: Benzema, la renaissance post Ronaldo","og_description":"Apr\u00e8s le d\u00e9part de Cristiano Ronaldo cet \u00e9t\u00e9 pour la Juventus, Karim Benzema se voyait d\u00e9muni de son comp\u00e8re d\u2019attaque au sein de l\u2019effectif du Real Madrid.","og_url":"https:\/\/dicodusport.fr\/blog\/liga-benzema-la-renaissance-post-ronaldo\/","og_site_name":"Dicodusport","article_publisher":"https:\/\/www.facebook.com\/dicodusport","article_published_time":"2018-09-04T10:00:43+00:00","og_image":[{"width":800,"height":445,"url":"https:\/\/dicodusport.fr\/blog\/wp-content\/uploads\/2018\/09\/Karim-Benzema.png","type":"image\/png"}],"author":"Romain Delanis","twitter_card":"summary_large_image","twitter_creator":"@https:\/\/twitter.com\/RDelanis","twitter_site":"@dicodusport","schema":{"@context":"https:\/\/schema.org","@graph":[{"@type":"NewsArticle","@id":"https:\/\/dicodusport.fr\/blog\/liga-benzema-la-renaissance-post-ronaldo\/#article","isPartOf":{"@id":"https:\/\/dicodusport.fr\/blog\/liga-benzema-la-renaissance-post-ronaldo\/"},"author":{"name":"Romain Delanis","@id":"https:\/\/dicodusport.fr\/blog\/#\/schema\/person\/8c78730a59f8a1e617f7a19026ebc14a"},"headline":"Liga\u00a0: Benzema, la renaissance post Ronaldo","datePublished":"2018-09-04T10:00:43+00:00","mainEntityOfPage":{"@id":"https:\/\/dicodusport.fr\/blog\/liga-benzema-la-renaissance-post-ronaldo\/"},"wordCount":489,"commentCount":0,"publisher":{"@id":"https:\/\/dicodusport.fr\/blog\/#organization"},"image":{"@id":"https:\/\/dicodusport.fr\/blog\/liga-benzema-la-renaissance-post-ronaldo\/#primaryimage"},"thumbnailUrl":"https:\/\/dicodusport.fr\/blog\/wp-content\/uploads\/2018\/09\/Karim-Benzema.png","keywords":["Cristiano Ronaldo","Football","Karim Benzema","Liga","Real Madrid"],"articleSection":["Actualit\u00e9s","Football"],"inLanguage":"fr-FR","potentialAction":[{"@type":"CommentAction","name":"Comment","target":["https:\/\/dicodusport.fr\/blog\/liga-benzema-la-renaissance-post-ronaldo\/#respond"]}],"copyrightYear":"2018","copyrightHolder":{"@id":"https:\/\/dicodusport.fr\/blog\/#organization"}},{"@type":"WebPage","@id":"https:\/\/dicodusport.fr\/blog\/liga-benzema-la-renaissance-post-ronaldo\/","url":"https:\/\/dicodusport.fr\/blog\/liga-benzema-la-renaissance-post-ronaldo\/","name":"Liga\u00a0: Benzema, la renaissance post Ronaldo","isPartOf":{"@id":"https:\/\/dicodusport.fr\/blog\/#website"},"primaryImageOfPage":{"@id":"https:\/\/dicodusport.fr\/blog\/liga-benzema-la-renaissance-post-ronaldo\/#primaryimage"},"image":{"@id":"https:\/\/dicodusport.fr\/blog\/liga-benzema-la-renaissance-post-ronaldo\/#primaryimage"},"thumbnailUrl":"https:\/\/dicodusport.fr\/blog\/wp-content\/uploads\/2018\/09\/Karim-Benzema.png","datePublished":"2018-09-04T10:00:43+00:00","description":"Apr\u00e8s le d\u00e9part de Cristiano Ronaldo cet \u00e9t\u00e9 pour la Juventus, Karim Benzema se voyait d\u00e9muni de son comp\u00e8re d\u2019attaque au sein de l\u2019effectif du Real Madrid.","breadcrumb":{"@id":"https:\/\/dicodusport.fr\/blog\/liga-benzema-la-renaissance-post-ronaldo\/#breadcrumb"},"inLanguage":"fr-FR","potentialAction":[{"@type":"ReadAction","target":["https:\/\/dicodusport.fr\/blog\/liga-benzema-la-renaissance-post-ronaldo\/"]}]},{"@type":"ImageObject","inLanguage":"fr-FR","@id":"https:\/\/dicodusport.fr\/blog\/liga-benzema-la-renaissance-post-ronaldo\/#primaryimage","url":"https:\/\/dicodusport.fr\/blog\/wp-content\/uploads\/2018\/09\/Karim-Benzema.png","contentUrl":"https:\/\/dicodusport.fr\/blog\/wp-content\/uploads\/2018\/09\/Karim-Benzema.png","width":800,"height":445},{"@type":"BreadcrumbList","@id":"https:\/\/dicodusport.fr\/blog\/liga-benzema-la-renaissance-post-ronaldo\/#breadcrumb","itemListElement":[{"@type":"ListItem","position":1,"name":"Accueil","item":"https:\/\/dicodusport.fr\/blog\/"},{"@type":"ListItem","position":2,"name":"Liga\u00a0: Benzema, la renaissance post Ronaldo"}]},{"@type":"WebSite","@id":"https:\/\/dicodusport.fr\/blog\/#website","url":"https:\/\/dicodusport.fr\/blog\/","name":"Dicodusport","description":"L&#039;encyclop\u00e9die de l&#039;actualit\u00e9 sportive","publisher":{"@id":"https:\/\/dicodusport.fr\/blog\/#organization"},"potentialAction":[{"@type":"SearchAction","target":{"@type":"EntryPoint","urlTemplate":"https:\/\/dicodusport.fr\/blog\/?s={search_term_string}"},"query-input":{"@type":"PropertyValueSpecification","valueRequired":true,"valueName":"search_term_string"}}],"inLanguage":"fr-FR"},{"@type":"NewsMediaOrganization","@id":"https:\/\/dicodusport.fr\/blog\/#organization","name":"Dicodusport","url":"https:\/\/dicodusport.fr\/blog\/","logo":{"@type":"ImageObject","inLanguage":"fr-FR","@id":"https:\/\/dicodusport.fr\/blog\/#\/schema\/logo\/image\/","url":"https:\/\/dicodusport.fr\/blog\/wp-content\/uploads\/2020\/06\/cropped-LOGO-DICODUSPORT-2020-SANS-FOND-SANS-TEXTE.png","contentUrl":"https:\/\/dicodusport.fr\/blog\/wp-content\/uploads\/2020\/06\/cropped-LOGO-DICODUSPORT-2020-SANS-FOND-SANS-TEXTE.png","width":512,"height":512,"caption":"Dicodusport"},"image":{"@id":"https:\/\/dicodusport.fr\/blog\/#\/schema\/logo\/image\/"},"sameAs":["https:\/\/www.facebook.com\/dicodusport","https:\/\/x.com\/dicodusport","https:\/\/www.instagram.com\/dicodusport\/","https:\/\/www.youtube.com\/channel\/UC7V2KZ5sd3htJivAbA4ZG3w"],"description":"Dicodusport est l'encyclop\u00e9die de l'actualit\u00e9 sportive.","email":"bonjour@dicodusport.fr","legalName":"DICODUSPORT","foundingDate":"2018-01-14","vatID":"FR71834470973","taxID":"83447097300043","numberOfEmployees":{"@type":"QuantitativeValue","minValue":"1","maxValue":"10"}},{"@type":"Person","@id":"https:\/\/dicodusport.fr\/blog\/#\/schema\/person\/8c78730a59f8a1e617f7a19026ebc14a","name":"Romain Delanis","image":{"@type":"ImageObject","inLanguage":"fr-FR","@id":"https:\/\/dicodusport.fr\/blog\/#\/schema\/person\/image\/","url":"https:\/\/dicodusport.fr\/blog\/wp-content\/uploads\/2021\/05\/Romain-Delanis-150x150.jpg","contentUrl":"https:\/\/dicodusport.fr\/blog\/wp-content\/uploads\/2021\/05\/Romain-Delanis-150x150.jpg","caption":"Romain Delanis"},"description":"Journaliste\/R\u00e9dacteur depuis novembre 2015 - Capable de passer un samedi apr\u00e8s-midi devant la Ligue 2 puis le biathlon sans oublier la finale de l\u2019ATP Rotterdam, j\u2019aime aussi mettre mon r\u00e9veil pour me faire un Pistons\/Bulls qui rappelle de bons souvenirs. Tout cela, j\u2019ai choisi il y a maintenant quelques temps de vous le raconter avec Dicodusport, pour vous faire vivre ma passion parfois inconsid\u00e9r\u00e9e pour le sport en g\u00e9n\u00e9ral (mais surtout le foot faut se l\u2019avouer).","sameAs":["https:\/\/x.com\/https:\/\/twitter.com\/RDelanis"],"url":"https:\/\/dicodusport.fr\/blog\/author\/romain\/"}]}},"_links":{"self":[{"href":"https:\/\/dicodusport.fr\/blog\/wp-json\/wp\/v2\/posts\/25058","targetHints":{"allow":["GET"]}}],"collection":[{"href":"https:\/\/dicodusport.fr\/blog\/wp-json\/wp\/v2\/posts"}],"about":[{"href":"https:\/\/dicodusport.fr\/blog\/wp-json\/wp\/v2\/types\/post"}],"author":[{"embeddable":true,"href":"https:\/\/dicodusport.fr\/blog\/wp-json\/wp\/v2\/users\/14"}],"replies":[{"embeddable":true,"href":"https:\/\/dicodusport.fr\/blog\/wp-json\/wp\/v2\/comments?post=25058"}],"version-history":[{"count":0,"href":"https:\/\/dicodusport.fr\/blog\/wp-json\/wp\/v2\/posts\/25058\/revisions"}],"wp:featuredmedia":[{"embeddable":true,"href":"https:\/\/dicodusport.fr\/blog\/wp-json\/wp\/v2\/media\/25086"}],"wp:attachment":[{"href":"https:\/\/dicodusport.fr\/blog\/wp-json\/wp\/v2\/media?parent=25058"}],"wp:term":[{"taxonomy":"category","embeddable":true,"href":"https:\/\/dicodusport.fr\/blog\/wp-json\/wp\/v2\/categories?post=25058"},{"taxonomy":"post_tag","embeddable":true,"href":"https:\/\/dicodusport.fr\/blog\/wp-json\/wp\/v2\/tags?post=25058"}],"curies":[{"name":"wp","href":"https:\/\/api.w.org\/{rel}","templated":true}]}}