{"id":250729,"date":"2022-08-10T15:59:30","date_gmt":"2022-08-10T13:59:30","guid":{"rendered":"https:\/\/dicodusport.fr\/blog\/?p=250729&#038;preview=true&#038;preview_id=250729"},"modified":"2022-08-10T16:43:29","modified_gmt":"2022-08-10T14:43:29","slug":"tour-de-lain-2022-victoire-et-maillot-jaune-pour-guillaume-martin-lors-de-la-2eme-etape","status":"publish","type":"post","link":"https:\/\/dicodusport.fr\/blog\/tour-de-lain-2022-victoire-et-maillot-jaune-pour-guillaume-martin-lors-de-la-2eme-etape\/","title":{"rendered":"Tour de l\u2019Ain 2022 : Victoire et maillot jaune pour Guillaume Martin lors de la 2\u00e8me \u00e9tape"},"content":{"rendered":"<p style=\"text-align: justify;\"><b><i>TOUR DE L&rsquo;AIN 2022 &#8211; Son \u00e9quipe a roul\u00e9 toute la journ\u00e9e, et il n&rsquo;a pas manqu\u00e9 la cible. Guillaume Martin (Cofidis) a anticip\u00e9 le sprint final et s&rsquo;est impos\u00e9 en solitaire, devant Mattias Skjelmose Jensen et Rudy Molard. Le Normand est le nouveau leader du classement g\u00e9n\u00e9ral.<\/i><\/b><\/p>\n<p style=\"text-align: justify;\">Apr\u00e8s la premi\u00e8re \u00e9tape qui a vu la premi\u00e8re victoire chez les professionnels de <strong>Jake Stewart,<\/strong> le peloton s&rsquo;est \u00e9lanc\u00e9 pour cette deuxi\u00e8me \u00e9tape avec un profil radicalement diff\u00e9rent de la veille. Avec un d\u00e9part de Saint-Vulbas et une arriv\u00e9e \u00e0 Lagnieu dans le Haut-Bugey, les coureurs devaient affronter quatre difficult\u00e9s, dont le Col de Portes (8.2 km \u00e0 6.7%), grimp\u00e9 sur ses deux versants. Cette deuxi\u00e8me \u00e9tape devait d\u00e9j\u00e0 faire une premi\u00e8re s\u00e9lection en vue de la victoire finale.<\/p>\n<h2 style=\"text-align: justify;\">La Cofidis omnipr\u00e9sente<\/h2>\n<p style=\"text-align: justify;\">Quatre coureurs ont form\u00e9 l&rsquo;\u00e9chapp\u00e9e matinale : <strong>Louis Richard<\/strong> pour la Team U Nantes Atlantique, <strong>Tony Hurel<\/strong>, de la formation St-Michel Auber 83 qui a termin\u00e9 deuxi\u00e8me hier avec <strong>Romain Cardis<\/strong>, le jeune <strong>Jakob Eriksson<\/strong> de l&rsquo;\u00e9quipe Riwal Cycling Team et <strong>Jannis Peter<\/strong>, champion d&rsquo;Allemagne chez les espoirs cette ann\u00e9e et repr\u00e9sentant de l&rsquo;\u00e9quipe nationale allemande. Au sommet du Col des Foss\u00e9s (6.1 km \u00e0 5.4%), ils n&rsquo;\u00e9taient plus que deux devant, \u00e0 savoir <strong>Jannis Peter<\/strong> et <strong>Louis Richard<\/strong>, avec une avance qui oscillait autour des deux minutes sur le peloton. Sauf que lors de la mont\u00e9e de la c\u00f4te de Seillonaz, la Cofidis de <strong>Guillaume Martin<\/strong> a pris les choses en main en faisant le forcing dans cette ascension, permettant au peloton de grappiller du temps sur les hommes de t\u00eate.<\/p>\n<p style=\"text-align: justify;\">La jonction a eu lieu au pied du Col de Portes. Tr\u00e8s rapidement, le maillot jaune <strong>Jake Stewart<\/strong> ne pouvait pas suivre le rythme de l&rsquo;\u00e9quipe Cofidis. Dans le peloton, ils n&rsquo;\u00e9taient plus qu&rsquo;une grosse vingtaine \u00e0 suivre la roue de <strong>R\u00e9my Rochas<\/strong> qui menait le groupe de t\u00eate.\u00a0Dans le dernier kilom\u00e8tre du Col de Portes, <strong>Mattias Skjelmose Jensen<\/strong> (Trek-Segafredo) a fait faux bond au reste du peloton et est parti dans un raid solitaire dans la descente sinueuse.<\/p>\n<p style=\"text-align: justify;\">A son aise dans la Clasica San Sebasti\u00e0n, le Danois faisait forte impression, alors que <strong>Julian Alaphilippe<\/strong> peinait \u00e0 suivre. Dans le col de Fey, difficult\u00e9 non r\u00e9pertori\u00e9e,<strong> Guillaume Martin<\/strong> et<strong> Rudy Molard<\/strong> tentaient de faire la jonction avec <strong>Mattias Skjelmose Jensen<\/strong>, mission r\u00e9ussie avant la bascule. Ils n&rsquo;\u00e9taient plus que sept en t\u00eate \u00e0 sept kilom\u00e8tres de l&rsquo;arriv\u00e9e : <strong>Reichenbach<\/strong> et <strong>Molard<\/strong> pour la Groupama-FDJ, <strong>Guillaume Martin<\/strong>, <strong>Mattias Skjelmose Jensen<\/strong>, <strong>Ivan Ramiro Sosa<\/strong> pour la Movistar, <strong>Jaakko H\u00e4nninen<\/strong> (AG2R Citr\u00f6en) et <strong>Mauri Vansevenant<\/strong> pour la Quick-Step Alpha Vinyl.<\/p>\n<blockquote class=\"twitter-tweet\">\n<p dir=\"ltr\" lang=\"fr\">Dix kilom\u00e8tres. Cinq hommes en t\u00eate dont Sebastien et Rudy ! <a href=\"https:\/\/t.co\/pTpoprviGE\">pic.twitter.com\/pTpoprviGE<\/a><\/p>\n<p>\u2014 \u00c9quipe Cycliste Groupama-FDJ (@GroupamaFDJ) <a href=\"https:\/\/twitter.com\/GroupamaFDJ\/status\/1557361939755503617?ref_src=twsrc%5Etfw\">August 10, 2022<\/a><\/p><\/blockquote>\n<p style=\"text-align: justify;\"><script async src=\"https:\/\/platform.twitter.com\/widgets.js\" charset=\"utf-8\"><\/script><\/p>\n<h2 style=\"text-align: justify;\">Le flair de Guillaume Martin<\/h2>\n<p style=\"text-align: justify;\">Dans le final, les attaques ont fus\u00e9 dans la descente, mais aucune n&rsquo;a \u00e9t\u00e9 d\u00e9cisive. Avant la flamme rouge, <strong>Guillaume<\/strong> <strong>Martin<\/strong> a surpris ses compagnons de t\u00eate. Le Normand a poursuivi son effort jusqu&rsquo;\u00e0 la ligne d&rsquo;arriv\u00e9e pour s&rsquo;imposer en solitaire. Il vient r\u00e9compenser le gros travail de son \u00e9quipe durant la journ\u00e9e, notamment dans les quatre ascensions du jour. Le coureur de la Cofidis remporte par ailleurs sa premi\u00e8re victoire de la saison et endosse le maillot de leader du classement g\u00e9n\u00e9ral. <strong>Mattias Skjelmose Jensen<\/strong> termine deuxi\u00e8me, devant <strong>Rudy Molard<\/strong>. Le clou du spectacle aura lieu demain, lors d&rsquo;une \u00e9tape casse-pattes entre le Plateau d&rsquo;Hauteville et L\u00e9lex Mont-Jura, avec la double ascension du Col des Menthi\u00e8res.<\/p>\n<blockquote class=\"twitter-tweet\">\n<p dir=\"ltr\" lang=\"fr\">La victoire de Guillaume Martin du <a href=\"https:\/\/twitter.com\/TeamCOFIDIS?ref_src=twsrc%5Etfw\">@TeamCOFIDIS<\/a> &#x1f947; <a href=\"https:\/\/t.co\/rC5U6W2dvQ\">pic.twitter.com\/rC5U6W2dvQ<\/a><\/p>\n<p>\u2014 Tour de l&rsquo;Ain (@tourdelain) <a href=\"https:\/\/twitter.com\/tourdelain\/status\/1557365564850438149?ref_src=twsrc%5Etfw\">August 10, 2022<\/a><\/p><\/blockquote>\n<p style=\"text-align: justify;\"><script async src=\"https:\/\/platform.twitter.com\/widgets.js\" charset=\"utf-8\"><\/script><\/p>\n<h2 style=\"text-align: justify;\">\u00c0 lire aussi<\/h2>\n<ul style=\"text-align: justify;\">\n<li style=\"text-align: justify;\"><a href=\"https:\/\/dicodusport.fr\/blog\/tour-de-lain-2022-classement-2eme-etape\/\"><strong>Le classement de la 2\u00e8me \u00e9tape du Tour de l&rsquo;Ain<\/strong><\/a><\/li>\n<li style=\"text-align: justify;\"><a href=\"https:\/\/dicodusport.fr\/blog\/tour-de-lain-2022-classement-general\/\"><strong>Le classement g\u00e9n\u00e9ral du Tour de l&rsquo;Ain<\/strong><\/a><\/li>\n<\/ul>\n","protected":false},"excerpt":{"rendered":"<p>TOUR DE L&rsquo;AIN 2022 &#8211; Son \u00e9quipe a roul\u00e9 toute la journ\u00e9e, et il n&rsquo;a pas manqu\u00e9 la cible. Guillaume Martin (Cofidis) a anticip\u00e9 le sprint final et s&rsquo;est impos\u00e9 en solitaire, devant Mattias Skjelmose Jensen et Rudy Molard. Le Normand est le nouveau leader du classement g\u00e9n\u00e9ral.<\/p>\n","protected":false},"author":42,"featured_media":250803,"comment_status":"open","ping_status":"closed","sticky":false,"template":"","format":"standard","meta":{"_acf_changed":false,"_daextam_enable_autolinks":"","footnotes":""},"categories":[46994],"tags":[5357,24,4907],"class_list":["post-250729","post","type-post","status-publish","format-standard","has-post-thumbnail","hentry","category-cyclisme-sur-route","tag-guillaume-martin","tag-sport","tag-tour-de-lain"],"acf":[],"yoast_head":"<!-- This site is optimized with the Yoast SEO Premium plugin v26.7 (Yoast SEO v26.7) - https:\/\/yoast.com\/wordpress\/plugins\/seo\/ -->\n<title>Tour de l\u2019Ain 2022 : Victoire et maillot jaune pour Guillaume Martin lors de la 2\u00e8me \u00e9tape<\/title>\n<meta name=\"description\" content=\"TOUR DE L&#039;AIN 2022, 2EME ETAPE - En solitaire, Guillaume Martin s&#039;est impos\u00e9 \u00e0 Lanieux et endosse le maillot jaune de leader.\" \/>\n<meta name=\"robots\" content=\"index, follow, max-snippet:-1, max-image-preview:large, max-video-preview:-1\" \/>\n<link rel=\"canonical\" href=\"https:\/\/dicodusport.fr\/blog\/tour-de-lain-2022-victoire-et-maillot-jaune-pour-guillaume-martin-lors-de-la-2eme-etape\/\" \/>\n<meta property=\"og:locale\" content=\"fr_FR\" \/>\n<meta property=\"og:type\" content=\"article\" \/>\n<meta property=\"og:title\" content=\"Tour de l\u2019Ain 2022 : Victoire et maillot jaune pour Guillaume Martin lors de la 2\u00e8me \u00e9tape\" \/>\n<meta property=\"og:description\" content=\"TOUR DE L&#039;AIN 2022, 2EME ETAPE - En solitaire, Guillaume Martin s&#039;est impos\u00e9 \u00e0 Lanieux et endosse le maillot jaune de leader.\" \/>\n<meta property=\"og:url\" content=\"https:\/\/dicodusport.fr\/blog\/tour-de-lain-2022-victoire-et-maillot-jaune-pour-guillaume-martin-lors-de-la-2eme-etape\/\" \/>\n<meta property=\"og:site_name\" content=\"Dicodusport\" \/>\n<meta property=\"article:publisher\" content=\"https:\/\/www.facebook.com\/dicodusport\" \/>\n<meta property=\"article:published_time\" content=\"2022-08-10T13:59:30+00:00\" \/>\n<meta property=\"article:modified_time\" content=\"2022-08-10T14:43:29+00:00\" \/>\n<meta property=\"og:image\" content=\"https:\/\/dicodusport.fr\/blog\/wp-content\/uploads\/2022\/08\/Tour-de-lAin-2022-Victoire-et-maillot-jaune-pour-Guillaume-Martin-lors-de-la-2eme-etape.png\" \/>\n\t<meta property=\"og:image:width\" content=\"800\" \/>\n\t<meta property=\"og:image:height\" content=\"445\" \/>\n\t<meta property=\"og:image:type\" content=\"image\/png\" \/>\n<meta name=\"author\" content=\"Nicolas Mezine\" \/>\n<meta name=\"twitter:card\" content=\"summary_large_image\" \/>\n<meta name=\"twitter:title\" content=\"Tour de l\u2019Ain 2022 : Victoire et maillot jaune pour Guillaume Martin lors de la 2\u00e8me \u00e9tape\" \/>\n<meta name=\"twitter:creator\" content=\"@https:\/\/twitter.com\/Lbiji13\" \/>\n<meta name=\"twitter:site\" content=\"@dicodusport\" \/>\n<script type=\"application\/ld+json\" class=\"yoast-schema-graph\">{\"@context\":\"https:\/\/schema.org\",\"@graph\":[{\"@type\":\"NewsArticle\",\"@id\":\"https:\/\/dicodusport.fr\/blog\/tour-de-lain-2022-victoire-et-maillot-jaune-pour-guillaume-martin-lors-de-la-2eme-etape\/#article\",\"isPartOf\":{\"@id\":\"https:\/\/dicodusport.fr\/blog\/tour-de-lain-2022-victoire-et-maillot-jaune-pour-guillaume-martin-lors-de-la-2eme-etape\/\"},\"author\":{\"name\":\"Nicolas Mezine\",\"@id\":\"https:\/\/dicodusport.fr\/blog\/#\/schema\/person\/99fcf31b3ee0d51fed53ade78139bbbf\"},\"headline\":\"Tour de l\u2019Ain 2022 : Victoire et maillot jaune pour Guillaume Martin lors de la 2\u00e8me \u00e9tape\",\"datePublished\":\"2022-08-10T13:59:30+00:00\",\"dateModified\":\"2022-08-10T14:43:29+00:00\",\"mainEntityOfPage\":{\"@id\":\"https:\/\/dicodusport.fr\/blog\/tour-de-lain-2022-victoire-et-maillot-jaune-pour-guillaume-martin-lors-de-la-2eme-etape\/\"},\"wordCount\":689,\"commentCount\":0,\"publisher\":{\"@id\":\"https:\/\/dicodusport.fr\/blog\/#organization\"},\"image\":{\"@id\":\"https:\/\/dicodusport.fr\/blog\/tour-de-lain-2022-victoire-et-maillot-jaune-pour-guillaume-martin-lors-de-la-2eme-etape\/#primaryimage\"},\"thumbnailUrl\":\"https:\/\/dicodusport.fr\/blog\/wp-content\/uploads\/2022\/08\/Tour-de-lAin-2022-Victoire-et-maillot-jaune-pour-Guillaume-Martin-lors-de-la-2eme-etape.png\",\"keywords\":[\"Guillaume Martin\",\"sport\",\"Tour de l'ain\"],\"articleSection\":[\"Cyclisme sur route\"],\"inLanguage\":\"fr-FR\",\"potentialAction\":[{\"@type\":\"CommentAction\",\"name\":\"Comment\",\"target\":[\"https:\/\/dicodusport.fr\/blog\/tour-de-lain-2022-victoire-et-maillot-jaune-pour-guillaume-martin-lors-de-la-2eme-etape\/#respond\"]}],\"copyrightYear\":\"2022\",\"copyrightHolder\":{\"@id\":\"https:\/\/dicodusport.fr\/blog\/#organization\"}},{\"@type\":\"WebPage\",\"@id\":\"https:\/\/dicodusport.fr\/blog\/tour-de-lain-2022-victoire-et-maillot-jaune-pour-guillaume-martin-lors-de-la-2eme-etape\/\",\"url\":\"https:\/\/dicodusport.fr\/blog\/tour-de-lain-2022-victoire-et-maillot-jaune-pour-guillaume-martin-lors-de-la-2eme-etape\/\",\"name\":\"Tour de l\u2019Ain 2022 : Victoire et maillot jaune pour Guillaume Martin lors de la 2\u00e8me \u00e9tape\",\"isPartOf\":{\"@id\":\"https:\/\/dicodusport.fr\/blog\/#website\"},\"primaryImageOfPage\":{\"@id\":\"https:\/\/dicodusport.fr\/blog\/tour-de-lain-2022-victoire-et-maillot-jaune-pour-guillaume-martin-lors-de-la-2eme-etape\/#primaryimage\"},\"image\":{\"@id\":\"https:\/\/dicodusport.fr\/blog\/tour-de-lain-2022-victoire-et-maillot-jaune-pour-guillaume-martin-lors-de-la-2eme-etape\/#primaryimage\"},\"thumbnailUrl\":\"https:\/\/dicodusport.fr\/blog\/wp-content\/uploads\/2022\/08\/Tour-de-lAin-2022-Victoire-et-maillot-jaune-pour-Guillaume-Martin-lors-de-la-2eme-etape.png\",\"datePublished\":\"2022-08-10T13:59:30+00:00\",\"dateModified\":\"2022-08-10T14:43:29+00:00\",\"description\":\"TOUR DE L'AIN 2022, 2EME ETAPE - En solitaire, Guillaume Martin s'est impos\u00e9 \u00e0 Lanieux et endosse le maillot jaune de leader.\",\"breadcrumb\":{\"@id\":\"https:\/\/dicodusport.fr\/blog\/tour-de-lain-2022-victoire-et-maillot-jaune-pour-guillaume-martin-lors-de-la-2eme-etape\/#breadcrumb\"},\"inLanguage\":\"fr-FR\",\"potentialAction\":[{\"@type\":\"ReadAction\",\"target\":[\"https:\/\/dicodusport.fr\/blog\/tour-de-lain-2022-victoire-et-maillot-jaune-pour-guillaume-martin-lors-de-la-2eme-etape\/\"]}]},{\"@type\":\"ImageObject\",\"inLanguage\":\"fr-FR\",\"@id\":\"https:\/\/dicodusport.fr\/blog\/tour-de-lain-2022-victoire-et-maillot-jaune-pour-guillaume-martin-lors-de-la-2eme-etape\/#primaryimage\",\"url\":\"https:\/\/dicodusport.fr\/blog\/wp-content\/uploads\/2022\/08\/Tour-de-lAin-2022-Victoire-et-maillot-jaune-pour-Guillaume-Martin-lors-de-la-2eme-etape.png\",\"contentUrl\":\"https:\/\/dicodusport.fr\/blog\/wp-content\/uploads\/2022\/08\/Tour-de-lAin-2022-Victoire-et-maillot-jaune-pour-Guillaume-Martin-lors-de-la-2eme-etape.png\",\"width\":800,\"height\":445,\"caption\":\"Tour de l\u2019Ain 2022 Victoire et maillot jaune pour Guillaume Martin lors de la 2\u00e8me \u00e9tape\"},{\"@type\":\"BreadcrumbList\",\"@id\":\"https:\/\/dicodusport.fr\/blog\/tour-de-lain-2022-victoire-et-maillot-jaune-pour-guillaume-martin-lors-de-la-2eme-etape\/#breadcrumb\",\"itemListElement\":[{\"@type\":\"ListItem\",\"position\":1,\"name\":\"Accueil\",\"item\":\"https:\/\/dicodusport.fr\/blog\/\"},{\"@type\":\"ListItem\",\"position\":2,\"name\":\"Tour de l\u2019Ain 2022 : Victoire et maillot jaune pour Guillaume Martin lors de la 2\u00e8me \u00e9tape\"}]},{\"@type\":\"WebSite\",\"@id\":\"https:\/\/dicodusport.fr\/blog\/#website\",\"url\":\"https:\/\/dicodusport.fr\/blog\/\",\"name\":\"Dicodusport\",\"description\":\"L&#039;encyclop\u00e9die de l&#039;actualit\u00e9 sportive\",\"publisher\":{\"@id\":\"https:\/\/dicodusport.fr\/blog\/#organization\"},\"potentialAction\":[{\"@type\":\"SearchAction\",\"target\":{\"@type\":\"EntryPoint\",\"urlTemplate\":\"https:\/\/dicodusport.fr\/blog\/?s={search_term_string}\"},\"query-input\":{\"@type\":\"PropertyValueSpecification\",\"valueRequired\":true,\"valueName\":\"search_term_string\"}}],\"inLanguage\":\"fr-FR\"},{\"@type\":\"NewsMediaOrganization\",\"@id\":\"https:\/\/dicodusport.fr\/blog\/#organization\",\"name\":\"Dicodusport\",\"url\":\"https:\/\/dicodusport.fr\/blog\/\",\"logo\":{\"@type\":\"ImageObject\",\"inLanguage\":\"fr-FR\",\"@id\":\"https:\/\/dicodusport.fr\/blog\/#\/schema\/logo\/image\/\",\"url\":\"https:\/\/dicodusport.fr\/blog\/wp-content\/uploads\/2020\/06\/cropped-LOGO-DICODUSPORT-2020-SANS-FOND-SANS-TEXTE.png\",\"contentUrl\":\"https:\/\/dicodusport.fr\/blog\/wp-content\/uploads\/2020\/06\/cropped-LOGO-DICODUSPORT-2020-SANS-FOND-SANS-TEXTE.png\",\"width\":512,\"height\":512,\"caption\":\"Dicodusport\"},\"image\":{\"@id\":\"https:\/\/dicodusport.fr\/blog\/#\/schema\/logo\/image\/\"},\"sameAs\":[\"https:\/\/www.facebook.com\/dicodusport\",\"https:\/\/x.com\/dicodusport\",\"https:\/\/www.instagram.com\/dicodusport\/\",\"https:\/\/www.youtube.com\/channel\/UC7V2KZ5sd3htJivAbA4ZG3w\"],\"description\":\"Dicodusport est l'encyclop\u00e9die de l'actualit\u00e9 sportive.\",\"email\":\"bonjour@dicodusport.fr\",\"legalName\":\"DICODUSPORT\",\"foundingDate\":\"2018-01-14\",\"vatID\":\"FR71834470973\",\"taxID\":\"83447097300043\",\"numberOfEmployees\":{\"@type\":\"QuantitativeValue\",\"minValue\":\"1\",\"maxValue\":\"10\"}},{\"@type\":\"Person\",\"@id\":\"https:\/\/dicodusport.fr\/blog\/#\/schema\/person\/99fcf31b3ee0d51fed53ade78139bbbf\",\"name\":\"Nicolas Mezine\",\"image\":{\"@type\":\"ImageObject\",\"inLanguage\":\"fr-FR\",\"@id\":\"https:\/\/dicodusport.fr\/blog\/#\/schema\/person\/image\/\",\"url\":\"https:\/\/dicodusport.fr\/blog\/wp-content\/uploads\/2021\/09\/IMG_4655-e1631787111223-150x150.jpg\",\"contentUrl\":\"https:\/\/dicodusport.fr\/blog\/wp-content\/uploads\/2021\/09\/IMG_4655-e1631787111223-150x150.jpg\",\"caption\":\"Nicolas Mezine\"},\"description\":\"Passionn\u00e9 de sport, notamment de rugby dans toutes ses variantes (XV, XIII et VII). Fan du RC Toulon et de l'Olympique de Marseille.\",\"sameAs\":[\"https:\/\/www.linkedin.com\/in\/nicolas-mezine-521380160\/\",\"https:\/\/x.com\/https:\/\/twitter.com\/Lbiji13\"],\"url\":\"https:\/\/dicodusport.fr\/blog\/author\/nicolas-m\/\"}]}<\/script>\n<!-- \/ Yoast SEO Premium plugin. -->","yoast_head_json":{"title":"Tour de l\u2019Ain 2022 : Victoire et maillot jaune pour Guillaume Martin lors de la 2\u00e8me \u00e9tape","description":"TOUR DE L'AIN 2022, 2EME ETAPE - En solitaire, Guillaume Martin s'est impos\u00e9 \u00e0 Lanieux et endosse le maillot jaune de leader.","robots":{"index":"index","follow":"follow","max-snippet":"max-snippet:-1","max-image-preview":"max-image-preview:large","max-video-preview":"max-video-preview:-1"},"canonical":"https:\/\/dicodusport.fr\/blog\/tour-de-lain-2022-victoire-et-maillot-jaune-pour-guillaume-martin-lors-de-la-2eme-etape\/","og_locale":"fr_FR","og_type":"article","og_title":"Tour de l\u2019Ain 2022 : Victoire et maillot jaune pour Guillaume Martin lors de la 2\u00e8me \u00e9tape","og_description":"TOUR DE L'AIN 2022, 2EME ETAPE - En solitaire, Guillaume Martin s'est impos\u00e9 \u00e0 Lanieux et endosse le maillot jaune de leader.","og_url":"https:\/\/dicodusport.fr\/blog\/tour-de-lain-2022-victoire-et-maillot-jaune-pour-guillaume-martin-lors-de-la-2eme-etape\/","og_site_name":"Dicodusport","article_publisher":"https:\/\/www.facebook.com\/dicodusport","article_published_time":"2022-08-10T13:59:30+00:00","article_modified_time":"2022-08-10T14:43:29+00:00","og_image":[{"width":800,"height":445,"url":"https:\/\/dicodusport.fr\/blog\/wp-content\/uploads\/2022\/08\/Tour-de-lAin-2022-Victoire-et-maillot-jaune-pour-Guillaume-Martin-lors-de-la-2eme-etape.png","type":"image\/png"}],"author":"Nicolas Mezine","twitter_card":"summary_large_image","twitter_title":"Tour de l\u2019Ain 2022 : Victoire et maillot jaune pour Guillaume Martin lors de la 2\u00e8me \u00e9tape","twitter_creator":"@https:\/\/twitter.com\/Lbiji13","twitter_site":"@dicodusport","schema":{"@context":"https:\/\/schema.org","@graph":[{"@type":"NewsArticle","@id":"https:\/\/dicodusport.fr\/blog\/tour-de-lain-2022-victoire-et-maillot-jaune-pour-guillaume-martin-lors-de-la-2eme-etape\/#article","isPartOf":{"@id":"https:\/\/dicodusport.fr\/blog\/tour-de-lain-2022-victoire-et-maillot-jaune-pour-guillaume-martin-lors-de-la-2eme-etape\/"},"author":{"name":"Nicolas Mezine","@id":"https:\/\/dicodusport.fr\/blog\/#\/schema\/person\/99fcf31b3ee0d51fed53ade78139bbbf"},"headline":"Tour de l\u2019Ain 2022 : Victoire et maillot jaune pour Guillaume Martin lors de la 2\u00e8me \u00e9tape","datePublished":"2022-08-10T13:59:30+00:00","dateModified":"2022-08-10T14:43:29+00:00","mainEntityOfPage":{"@id":"https:\/\/dicodusport.fr\/blog\/tour-de-lain-2022-victoire-et-maillot-jaune-pour-guillaume-martin-lors-de-la-2eme-etape\/"},"wordCount":689,"commentCount":0,"publisher":{"@id":"https:\/\/dicodusport.fr\/blog\/#organization"},"image":{"@id":"https:\/\/dicodusport.fr\/blog\/tour-de-lain-2022-victoire-et-maillot-jaune-pour-guillaume-martin-lors-de-la-2eme-etape\/#primaryimage"},"thumbnailUrl":"https:\/\/dicodusport.fr\/blog\/wp-content\/uploads\/2022\/08\/Tour-de-lAin-2022-Victoire-et-maillot-jaune-pour-Guillaume-Martin-lors-de-la-2eme-etape.png","keywords":["Guillaume Martin","sport","Tour de l'ain"],"articleSection":["Cyclisme sur route"],"inLanguage":"fr-FR","potentialAction":[{"@type":"CommentAction","name":"Comment","target":["https:\/\/dicodusport.fr\/blog\/tour-de-lain-2022-victoire-et-maillot-jaune-pour-guillaume-martin-lors-de-la-2eme-etape\/#respond"]}],"copyrightYear":"2022","copyrightHolder":{"@id":"https:\/\/dicodusport.fr\/blog\/#organization"}},{"@type":"WebPage","@id":"https:\/\/dicodusport.fr\/blog\/tour-de-lain-2022-victoire-et-maillot-jaune-pour-guillaume-martin-lors-de-la-2eme-etape\/","url":"https:\/\/dicodusport.fr\/blog\/tour-de-lain-2022-victoire-et-maillot-jaune-pour-guillaume-martin-lors-de-la-2eme-etape\/","name":"Tour de l\u2019Ain 2022 : Victoire et maillot jaune pour Guillaume Martin lors de la 2\u00e8me \u00e9tape","isPartOf":{"@id":"https:\/\/dicodusport.fr\/blog\/#website"},"primaryImageOfPage":{"@id":"https:\/\/dicodusport.fr\/blog\/tour-de-lain-2022-victoire-et-maillot-jaune-pour-guillaume-martin-lors-de-la-2eme-etape\/#primaryimage"},"image":{"@id":"https:\/\/dicodusport.fr\/blog\/tour-de-lain-2022-victoire-et-maillot-jaune-pour-guillaume-martin-lors-de-la-2eme-etape\/#primaryimage"},"thumbnailUrl":"https:\/\/dicodusport.fr\/blog\/wp-content\/uploads\/2022\/08\/Tour-de-lAin-2022-Victoire-et-maillot-jaune-pour-Guillaume-Martin-lors-de-la-2eme-etape.png","datePublished":"2022-08-10T13:59:30+00:00","dateModified":"2022-08-10T14:43:29+00:00","description":"TOUR DE L'AIN 2022, 2EME ETAPE - En solitaire, Guillaume Martin s'est impos\u00e9 \u00e0 Lanieux et endosse le maillot jaune de leader.","breadcrumb":{"@id":"https:\/\/dicodusport.fr\/blog\/tour-de-lain-2022-victoire-et-maillot-jaune-pour-guillaume-martin-lors-de-la-2eme-etape\/#breadcrumb"},"inLanguage":"fr-FR","potentialAction":[{"@type":"ReadAction","target":["https:\/\/dicodusport.fr\/blog\/tour-de-lain-2022-victoire-et-maillot-jaune-pour-guillaume-martin-lors-de-la-2eme-etape\/"]}]},{"@type":"ImageObject","inLanguage":"fr-FR","@id":"https:\/\/dicodusport.fr\/blog\/tour-de-lain-2022-victoire-et-maillot-jaune-pour-guillaume-martin-lors-de-la-2eme-etape\/#primaryimage","url":"https:\/\/dicodusport.fr\/blog\/wp-content\/uploads\/2022\/08\/Tour-de-lAin-2022-Victoire-et-maillot-jaune-pour-Guillaume-Martin-lors-de-la-2eme-etape.png","contentUrl":"https:\/\/dicodusport.fr\/blog\/wp-content\/uploads\/2022\/08\/Tour-de-lAin-2022-Victoire-et-maillot-jaune-pour-Guillaume-Martin-lors-de-la-2eme-etape.png","width":800,"height":445,"caption":"Tour de l\u2019Ain 2022 Victoire et maillot jaune pour Guillaume Martin lors de la 2\u00e8me \u00e9tape"},{"@type":"BreadcrumbList","@id":"https:\/\/dicodusport.fr\/blog\/tour-de-lain-2022-victoire-et-maillot-jaune-pour-guillaume-martin-lors-de-la-2eme-etape\/#breadcrumb","itemListElement":[{"@type":"ListItem","position":1,"name":"Accueil","item":"https:\/\/dicodusport.fr\/blog\/"},{"@type":"ListItem","position":2,"name":"Tour de l\u2019Ain 2022 : Victoire et maillot jaune pour Guillaume Martin lors de la 2\u00e8me \u00e9tape"}]},{"@type":"WebSite","@id":"https:\/\/dicodusport.fr\/blog\/#website","url":"https:\/\/dicodusport.fr\/blog\/","name":"Dicodusport","description":"L&#039;encyclop\u00e9die de l&#039;actualit\u00e9 sportive","publisher":{"@id":"https:\/\/dicodusport.fr\/blog\/#organization"},"potentialAction":[{"@type":"SearchAction","target":{"@type":"EntryPoint","urlTemplate":"https:\/\/dicodusport.fr\/blog\/?s={search_term_string}"},"query-input":{"@type":"PropertyValueSpecification","valueRequired":true,"valueName":"search_term_string"}}],"inLanguage":"fr-FR"},{"@type":"NewsMediaOrganization","@id":"https:\/\/dicodusport.fr\/blog\/#organization","name":"Dicodusport","url":"https:\/\/dicodusport.fr\/blog\/","logo":{"@type":"ImageObject","inLanguage":"fr-FR","@id":"https:\/\/dicodusport.fr\/blog\/#\/schema\/logo\/image\/","url":"https:\/\/dicodusport.fr\/blog\/wp-content\/uploads\/2020\/06\/cropped-LOGO-DICODUSPORT-2020-SANS-FOND-SANS-TEXTE.png","contentUrl":"https:\/\/dicodusport.fr\/blog\/wp-content\/uploads\/2020\/06\/cropped-LOGO-DICODUSPORT-2020-SANS-FOND-SANS-TEXTE.png","width":512,"height":512,"caption":"Dicodusport"},"image":{"@id":"https:\/\/dicodusport.fr\/blog\/#\/schema\/logo\/image\/"},"sameAs":["https:\/\/www.facebook.com\/dicodusport","https:\/\/x.com\/dicodusport","https:\/\/www.instagram.com\/dicodusport\/","https:\/\/www.youtube.com\/channel\/UC7V2KZ5sd3htJivAbA4ZG3w"],"description":"Dicodusport est l'encyclop\u00e9die de l'actualit\u00e9 sportive.","email":"bonjour@dicodusport.fr","legalName":"DICODUSPORT","foundingDate":"2018-01-14","vatID":"FR71834470973","taxID":"83447097300043","numberOfEmployees":{"@type":"QuantitativeValue","minValue":"1","maxValue":"10"}},{"@type":"Person","@id":"https:\/\/dicodusport.fr\/blog\/#\/schema\/person\/99fcf31b3ee0d51fed53ade78139bbbf","name":"Nicolas Mezine","image":{"@type":"ImageObject","inLanguage":"fr-FR","@id":"https:\/\/dicodusport.fr\/blog\/#\/schema\/person\/image\/","url":"https:\/\/dicodusport.fr\/blog\/wp-content\/uploads\/2021\/09\/IMG_4655-e1631787111223-150x150.jpg","contentUrl":"https:\/\/dicodusport.fr\/blog\/wp-content\/uploads\/2021\/09\/IMG_4655-e1631787111223-150x150.jpg","caption":"Nicolas Mezine"},"description":"Passionn\u00e9 de sport, notamment de rugby dans toutes ses variantes (XV, XIII et VII). Fan du RC Toulon et de l'Olympique de Marseille.","sameAs":["https:\/\/www.linkedin.com\/in\/nicolas-mezine-521380160\/","https:\/\/x.com\/https:\/\/twitter.com\/Lbiji13"],"url":"https:\/\/dicodusport.fr\/blog\/author\/nicolas-m\/"}]}},"_links":{"self":[{"href":"https:\/\/dicodusport.fr\/blog\/wp-json\/wp\/v2\/posts\/250729","targetHints":{"allow":["GET"]}}],"collection":[{"href":"https:\/\/dicodusport.fr\/blog\/wp-json\/wp\/v2\/posts"}],"about":[{"href":"https:\/\/dicodusport.fr\/blog\/wp-json\/wp\/v2\/types\/post"}],"author":[{"embeddable":true,"href":"https:\/\/dicodusport.fr\/blog\/wp-json\/wp\/v2\/users\/42"}],"replies":[{"embeddable":true,"href":"https:\/\/dicodusport.fr\/blog\/wp-json\/wp\/v2\/comments?post=250729"}],"version-history":[{"count":0,"href":"https:\/\/dicodusport.fr\/blog\/wp-json\/wp\/v2\/posts\/250729\/revisions"}],"wp:featuredmedia":[{"embeddable":true,"href":"https:\/\/dicodusport.fr\/blog\/wp-json\/wp\/v2\/media\/250803"}],"wp:attachment":[{"href":"https:\/\/dicodusport.fr\/blog\/wp-json\/wp\/v2\/media?parent=250729"}],"wp:term":[{"taxonomy":"category","embeddable":true,"href":"https:\/\/dicodusport.fr\/blog\/wp-json\/wp\/v2\/categories?post=250729"},{"taxonomy":"post_tag","embeddable":true,"href":"https:\/\/dicodusport.fr\/blog\/wp-json\/wp\/v2\/tags?post=250729"}],"curies":[{"name":"wp","href":"https:\/\/api.w.org\/{rel}","templated":true}]}}