{"id":250759,"date":"2022-08-10T17:25:59","date_gmt":"2022-08-10T15:25:59","guid":{"rendered":"https:\/\/dicodusport.fr\/blog\/?p=250759&#038;preview=true&#038;preview_id=250759"},"modified":"2023-06-17T17:15:34","modified_gmt":"2023-06-17T15:15:34","slug":"circuit-franco-belge-2022-alexander-kristoff-simpose-dans-un-final-exceptionnel","status":"publish","type":"post","link":"https:\/\/dicodusport.fr\/blog\/circuit-franco-belge-2022-alexander-kristoff-simpose-dans-un-final-exceptionnel\/","title":{"rendered":"Circuit Franco-Belge 2022 : Alexander Kristoff s&rsquo;impose dans un final exceptionnel"},"content":{"rendered":"<p style=\"text-align: justify;\"><b><i>CIRCUIT FRANCO-BELGE 2022 &#8211; L\u00e2ch\u00e9 par une attaque de Victor Campenaerts \u00e0 3 km de l&rsquo;arriv\u00e9e, Alexander Kristoff (Intermarch\u00e9 &#8211; Wanty &#8211; Gobert Mat\u00e9riaux) est revenu du diable vauvert pour s&rsquo;imposer dans un sprint en petit comit\u00e9 devant Dries Van Gestel, tandis que Campenaerts \u00e9choue \u00e0 la troisi\u00e8me place.\u00a0<\/i><\/b><\/p>\n<p style=\"text-align: justify;\">La 81\u1d49 \u00e9dition du Circuit Franco-Belge (ex-Eurom\u00e9tropole Tour) innove pour cette ann\u00e9e 2022, puisque les villes d&rsquo;arriv\u00e9es et de d\u00e9part sont \u00e9chang\u00e9es. La course est donc partie de Tournai pour arriver \u00e0 La Louvi\u00e8re, sur un parcours sur le papier propice pour les sprinteurs, mais qui comportait plusieurs difficult\u00e9s dans le final. Apr\u00e8s 100 km de course, les coureurs devaient effectuer quatre tours sur un circuit final et franchir des obstacles tels que la mont\u00e9e du Bois de Breucq (300 m \u00e0 8%), la mont\u00e9e de la Rue du Four \u00e0 Chaux (600 m \u00e0 6.9%), sans oublier l&rsquo;arriv\u00e9e situ\u00e9e en faux-plat montant. Le tenant du titre, <strong>Fabio Jakobsen<\/strong>, \u00e9tait pr\u00e9sent sur la ligne de d\u00e9part, tout comme l&rsquo;\u00e9quipe Lotto-Soudal, en manque de points UCI, qui avait inscrit ses deux meilleurs sprinteurs sur la course, \u00e0 savoir <strong>Caleb Ewan<\/strong> et <strong>Arnaud de Lie<\/strong>.<\/p>\n<h2 style=\"text-align: justify;\">Abandons de Girmay, Nizzolo et Ewan<\/h2>\n<p style=\"text-align: justify;\"><strong>Tim Naberman<\/strong> (Team DSM, <strong>Ayco Bastiaens<\/strong> (Alpecin-Deceuninck Developpement), <strong>Tom Sexton<\/strong> (Bolton Equities) et <strong>Timo de Jong<\/strong> (VolkerWessels Cycling Team) ont pris la poudre d&rsquo;escampette en d\u00e9but de course pour former l&rsquo;\u00e9chapp\u00e9e du jour. \u00c0 70 km de l&rsquo;arriv\u00e9e, une chute massive est intervenue dans le peloton, <strong>Biniam Girmay<\/strong>, <strong>Luca<\/strong> <strong>Mozzato<\/strong> et <strong>Giacomo Nizzolo<\/strong> ont notamment \u00e9t\u00e9 impliqu\u00e9s. Durement touch\u00e9, le sprinteur italien d&rsquo;Isra\u00ebl-Premier Tech a d\u00fb abandonn\u00e9.<\/p>\n<blockquote class=\"twitter-tweet\">\n<p dir=\"ltr\" lang=\"fr\">Direct vid\u00e9o &#8211; Circuit Franco-Belge : Girmay et Nizzolo chutent <a href=\"https:\/\/twitter.com\/hashtag\/velortbf?src=hash&amp;ref_src=twsrc%5Etfw\">#velortbf<\/a> <a href=\"https:\/\/t.co\/nXKKDF8nEI\">https:\/\/t.co\/nXKKDF8nEI<\/a><\/p>\n<p>\u2014 RTBF Sport (@RTBFsport) <a href=\"https:\/\/twitter.com\/RTBFsport\/status\/1557363903927123968?ref_src=twsrc%5Etfw\">August 10, 2022<\/a><\/p><\/blockquote>\n<p style=\"text-align: justify;\"><script async src=\"https:\/\/platform.twitter.com\/widgets.js\" charset=\"utf-8\"><\/script><\/p>\n<p style=\"text-align: justify;\">Sous l&rsquo;impulsion des Lotto-Soudal et de <strong>Victor Campenaerts<\/strong>, <a href=\"https:\/\/dicodusport.fr\/blog\/tour-de-louvain-2022-victor-campenaerts-s-impose-devant-zdenek-stybar\/?utm_source=rss&amp;utm_medium=rss&amp;utm_campaign=tour-de-louvain-2022-victor-campenaerts-s-impose-devant-zdenek-stybar\">r\u00e9cent vainqueur du Tour de Louvain<\/a>, l&rsquo;\u00e9cart entre le peloton et les quatre hommes de t\u00eate n&rsquo;\u00e9tait plus que de 50 secondes \u00e0 60 km de l&rsquo;arriv\u00e9e. Remont\u00e9 sur son v\u00e9lo apr\u00e8s sa chute, <strong>Biniam Girmay<\/strong> a, lui aussi, d\u00fb mettre pied \u00e0 terre apr\u00e8s sa chute, le peloton perdait l\u00e0 l&rsquo;un des principaux favoris du jour. La jonction entre le peloton et les \u00e9chapp\u00e9es a eu lieu \u00e0 40 km du terme de cette classique, au moment o\u00f9 <strong>Caleb Ewan<\/strong> a abandonn\u00e9. Pas impliqu\u00e9 dans la chute massive, l&rsquo;Australien n&rsquo;arrivait pas \u00e0 tenir les roues au moment o\u00f9 la pente commen\u00e7ait \u00e0 s&rsquo;\u00e9lever.<\/p>\n<h2 style=\"text-align: justify;\">Victor Campenaerts au four et au moulin mais ..<\/h2>\n<p style=\"text-align: justify;\">\u00c0 l&rsquo;amorce du dernier tour du circuit final, la course a pris une autre dimension avec plusieurs attaques orchestr\u00e9es par des coureurs enclins \u00e0 attendre le sprint massif annonc\u00e9. <strong>Loic Vliegen<\/strong>, <strong>Filippo Baroncini<\/strong>,<strong> Alexander Kristoff<\/strong>, <strong>Jasper de Buyst<\/strong> ou encore <strong>Dries Van Gestel<\/strong> ont \u00e0 tour de r\u00f4le tent\u00e9 leur chance, avant qu&rsquo;un groupe de trois coureurs compos\u00e9 de <strong>Kristoff<\/strong>, <strong>Van Gestel<\/strong> et <strong>De Buyst<\/strong> prennent quinze secondes d&rsquo;avance sur le peloton \u00e0 une dizaine de kilom\u00e8tres de l&rsquo;arriv\u00e9e. Dans le peloton, c&rsquo;est <strong>Stan Dewulf<\/strong> pour AG2R Citro\u00ebn Team et la formation Quick-Steph Alpha Vinyl qui se chargeait de la poursuite. La pr\u00e9sence de plusieurs coureurs de la Lotto-Soudal et d&rsquo;Intermarch\u00e9-Wanty-Gobert en t\u00eate de peloton d\u00e9sorganisait la poursuite, tandis que l&rsquo;\u00e9cart des trois hommes de t\u00eates augmentait \u00e0 vingt secondes. A 3 km de l&rsquo;arriv\u00e9e, <strong>Victor Campenaerts<\/strong> est sorti du peloton pour rejoindre la de t\u00eate avec une facilit\u00e9 d\u00e9concertante.<\/p>\n<p style=\"text-align: justify;\">\u00c0 peine arriv\u00e9, le sp\u00e9cialiste du contre-la-montre, qui se transforme en un coureur de classique cette saison, a contr\u00e9 les trois hommes de t\u00eate, mettant son co\u00e9quipier <strong>Jasper De Buyst<\/strong> en difficult\u00e9. Seul <strong>Dries Van Gestel<\/strong> avait les jambes pour tenir la roue du d\u00e9tenteur du record de l&rsquo;heure. Les deux hommes se sont regard\u00e9s aux abords de la flamme rouge, ce qui a permis \u00e0 <strong>Alexander Kristoff<\/strong> de revenir. Plus rapide au sprint sur le papier, le Norv\u00e9gien s&rsquo;est impos\u00e9 dans un sprint \u00e0 trois, devant <strong>Van Gestel<\/strong> et <strong>Campenaerts<\/strong>. C&rsquo;est la quatri\u00e8me victoire du Norv\u00e9gien cette saison, la deuxi\u00e8me sur le sol belge <a href=\"https:\/\/dicodusport.fr\/blog\/grand-prix-de-lescaut-alexander-kristoff-simpose-en-solitaire\/\">apr\u00e8s son num\u00e9ro sur le Grand Prix de l&rsquo;Escaut<\/a>.<\/p>\n<blockquote class=\"twitter-tweet\">\n<p dir=\"ltr\" lang=\"no\">VICTORY FOR ALEXANDER KRISTOFF!!!!!!<a href=\"https:\/\/twitter.com\/hashtag\/CircuitFrancoBelge?src=hash&amp;ref_src=twsrc%5Etfw\">#CircuitFrancoBelge<\/a> \ud83c\udde7\ud83c\uddea <a href=\"https:\/\/t.co\/u0wg6o3vCj\">pic.twitter.com\/u0wg6o3vCj<\/a><\/p>\n<p>\u2014 Intermarch\u00e9-Wanty-Gobert (@IntermarcheWG) <a href=\"https:\/\/twitter.com\/IntermarcheWG\/status\/1557386680293892096?ref_src=twsrc%5Etfw\">August 10, 2022<\/a><\/p><\/blockquote>\n<p style=\"text-align: justify;\"><script async src=\"https:\/\/platform.twitter.com\/widgets.js\" charset=\"utf-8\"><\/script><\/p>\n<h2 style=\"text-align: justify;\">\u00c0 lire aussi<\/h2>\n<ul>\n<li style=\"text-align: justify;\"><a href=\"https:\/\/dicodusport.fr\/blog\/classement-circuit-franco-belge-2022\/\"><strong>Le classement du Circuit Franco-Belge<\/strong><\/a><\/li>\n<\/ul>\n","protected":false},"excerpt":{"rendered":"<p>CIRCUIT FRANCO-BELGE 2022 &#8211; L\u00e2ch\u00e9 par une attaque de Victor Campenaerts \u00e0 3 km de l&rsquo;arriv\u00e9e, Alexander Kristoff (Intermarch\u00e9 &#8211; Wanty &#8211; Gobert Mat\u00e9riaux) est revenu du diable vauvert pour s&rsquo;imposer dans un sprint en petit comit\u00e9 devant Dries Van Gestel, tandis que Campenaerts \u00e9choue \u00e0 la troisi\u00e8me place.\u00a0<\/p>\n","protected":false},"author":42,"featured_media":250911,"comment_status":"open","ping_status":"closed","sticky":false,"template":"","format":"standard","meta":{"_acf_changed":false,"_daextam_enable_autolinks":"","footnotes":""},"categories":[46994],"tags":[3677,25672],"class_list":["post-250759","post","type-post","status-publish","format-standard","has-post-thumbnail","hentry","category-cyclisme-sur-route","tag-alexander-kristoff","tag-circuit-franco-belge"],"acf":[],"yoast_head":"<!-- This site is optimized with the Yoast SEO Premium plugin v26.7 (Yoast SEO v26.7) - https:\/\/yoast.com\/wordpress\/plugins\/seo\/ -->\n<title>Circuit Franco-Belge 2022 : Alexander Kristoff s&#039;impose dans un final exceptionnel<\/title>\n<meta name=\"description\" content=\"CIRCUIT FRANCO-BELGE 2022 - Alexander Kristoff a remport\u00e9 l&#039;\u00e9preuve, devant Dries Van Gestel et Victor Campenaerts.\" \/>\n<meta name=\"robots\" content=\"index, follow, max-snippet:-1, max-image-preview:large, max-video-preview:-1\" \/>\n<link rel=\"canonical\" href=\"https:\/\/dicodusport.fr\/blog\/circuit-franco-belge-2022-alexander-kristoff-simpose-dans-un-final-exceptionnel\/\" \/>\n<meta property=\"og:locale\" content=\"fr_FR\" \/>\n<meta property=\"og:type\" content=\"article\" \/>\n<meta property=\"og:title\" content=\"Circuit Franco-Belge 2022 : Alexander Kristoff s&#039;impose dans un final exceptionnel\" \/>\n<meta property=\"og:description\" content=\"CIRCUIT FRANCO-BELGE 2022 - Alexander Kristoff a remport\u00e9 l&#039;\u00e9preuve, devant Dries Van Gestel et Victor Campenaerts.\" \/>\n<meta property=\"og:url\" content=\"https:\/\/dicodusport.fr\/blog\/circuit-franco-belge-2022-alexander-kristoff-simpose-dans-un-final-exceptionnel\/\" \/>\n<meta property=\"og:site_name\" content=\"Dicodusport\" \/>\n<meta property=\"article:publisher\" content=\"https:\/\/www.facebook.com\/dicodusport\" \/>\n<meta property=\"article:published_time\" content=\"2022-08-10T15:25:59+00:00\" \/>\n<meta property=\"article:modified_time\" content=\"2023-06-17T15:15:34+00:00\" \/>\n<meta property=\"og:image\" content=\"https:\/\/dicodusport.fr\/blog\/wp-content\/uploads\/2022\/08\/Circuit-Franco-Belge-2022-Alexander-Kristoff-simpose-dans-un-final-exceptionnel-1.png\" \/>\n\t<meta property=\"og:image:width\" content=\"800\" \/>\n\t<meta property=\"og:image:height\" content=\"445\" \/>\n\t<meta property=\"og:image:type\" content=\"image\/png\" \/>\n<meta name=\"author\" content=\"Nicolas Mezine\" \/>\n<meta name=\"twitter:card\" content=\"summary_large_image\" \/>\n<meta name=\"twitter:title\" content=\"Circuit Franco-Belge 2022 : Alexander Kristoff s&#039;impose dans un final exceptionnel\" \/>\n<meta name=\"twitter:creator\" content=\"@https:\/\/twitter.com\/Lbiji13\" \/>\n<meta name=\"twitter:site\" content=\"@dicodusport\" \/>\n<script type=\"application\/ld+json\" class=\"yoast-schema-graph\">{\"@context\":\"https:\/\/schema.org\",\"@graph\":[{\"@type\":\"NewsArticle\",\"@id\":\"https:\/\/dicodusport.fr\/blog\/circuit-franco-belge-2022-alexander-kristoff-simpose-dans-un-final-exceptionnel\/#article\",\"isPartOf\":{\"@id\":\"https:\/\/dicodusport.fr\/blog\/circuit-franco-belge-2022-alexander-kristoff-simpose-dans-un-final-exceptionnel\/\"},\"author\":{\"name\":\"Nicolas Mezine\",\"@id\":\"https:\/\/dicodusport.fr\/blog\/#\/schema\/person\/99fcf31b3ee0d51fed53ade78139bbbf\"},\"headline\":\"Circuit Franco-Belge 2022 : Alexander Kristoff s&rsquo;impose dans un final exceptionnel\",\"datePublished\":\"2022-08-10T15:25:59+00:00\",\"dateModified\":\"2023-06-17T15:15:34+00:00\",\"mainEntityOfPage\":{\"@id\":\"https:\/\/dicodusport.fr\/blog\/circuit-franco-belge-2022-alexander-kristoff-simpose-dans-un-final-exceptionnel\/\"},\"wordCount\":752,\"commentCount\":0,\"publisher\":{\"@id\":\"https:\/\/dicodusport.fr\/blog\/#organization\"},\"image\":{\"@id\":\"https:\/\/dicodusport.fr\/blog\/circuit-franco-belge-2022-alexander-kristoff-simpose-dans-un-final-exceptionnel\/#primaryimage\"},\"thumbnailUrl\":\"https:\/\/dicodusport.fr\/blog\/wp-content\/uploads\/2022\/08\/Circuit-Franco-Belge-2022-Alexander-Kristoff-simpose-dans-un-final-exceptionnel-1.png\",\"keywords\":[\"Alexander Kristoff\",\"Circuit Franco-Belge\"],\"articleSection\":[\"Cyclisme sur route\"],\"inLanguage\":\"fr-FR\",\"potentialAction\":[{\"@type\":\"CommentAction\",\"name\":\"Comment\",\"target\":[\"https:\/\/dicodusport.fr\/blog\/circuit-franco-belge-2022-alexander-kristoff-simpose-dans-un-final-exceptionnel\/#respond\"]}],\"copyrightYear\":\"2022\",\"copyrightHolder\":{\"@id\":\"https:\/\/dicodusport.fr\/blog\/#organization\"}},{\"@type\":\"WebPage\",\"@id\":\"https:\/\/dicodusport.fr\/blog\/circuit-franco-belge-2022-alexander-kristoff-simpose-dans-un-final-exceptionnel\/\",\"url\":\"https:\/\/dicodusport.fr\/blog\/circuit-franco-belge-2022-alexander-kristoff-simpose-dans-un-final-exceptionnel\/\",\"name\":\"Circuit Franco-Belge 2022 : Alexander Kristoff s'impose dans un final exceptionnel\",\"isPartOf\":{\"@id\":\"https:\/\/dicodusport.fr\/blog\/#website\"},\"primaryImageOfPage\":{\"@id\":\"https:\/\/dicodusport.fr\/blog\/circuit-franco-belge-2022-alexander-kristoff-simpose-dans-un-final-exceptionnel\/#primaryimage\"},\"image\":{\"@id\":\"https:\/\/dicodusport.fr\/blog\/circuit-franco-belge-2022-alexander-kristoff-simpose-dans-un-final-exceptionnel\/#primaryimage\"},\"thumbnailUrl\":\"https:\/\/dicodusport.fr\/blog\/wp-content\/uploads\/2022\/08\/Circuit-Franco-Belge-2022-Alexander-Kristoff-simpose-dans-un-final-exceptionnel-1.png\",\"datePublished\":\"2022-08-10T15:25:59+00:00\",\"dateModified\":\"2023-06-17T15:15:34+00:00\",\"description\":\"CIRCUIT FRANCO-BELGE 2022 - Alexander Kristoff a remport\u00e9 l'\u00e9preuve, devant Dries Van Gestel et Victor Campenaerts.\",\"breadcrumb\":{\"@id\":\"https:\/\/dicodusport.fr\/blog\/circuit-franco-belge-2022-alexander-kristoff-simpose-dans-un-final-exceptionnel\/#breadcrumb\"},\"inLanguage\":\"fr-FR\",\"potentialAction\":[{\"@type\":\"ReadAction\",\"target\":[\"https:\/\/dicodusport.fr\/blog\/circuit-franco-belge-2022-alexander-kristoff-simpose-dans-un-final-exceptionnel\/\"]}]},{\"@type\":\"ImageObject\",\"inLanguage\":\"fr-FR\",\"@id\":\"https:\/\/dicodusport.fr\/blog\/circuit-franco-belge-2022-alexander-kristoff-simpose-dans-un-final-exceptionnel\/#primaryimage\",\"url\":\"https:\/\/dicodusport.fr\/blog\/wp-content\/uploads\/2022\/08\/Circuit-Franco-Belge-2022-Alexander-Kristoff-simpose-dans-un-final-exceptionnel-1.png\",\"contentUrl\":\"https:\/\/dicodusport.fr\/blog\/wp-content\/uploads\/2022\/08\/Circuit-Franco-Belge-2022-Alexander-Kristoff-simpose-dans-un-final-exceptionnel-1.png\",\"width\":800,\"height\":445,\"caption\":\"Circuit Franco-Belge 2022 Alexander Kristoff s\u2019impose dans un final exceptionnel\"},{\"@type\":\"BreadcrumbList\",\"@id\":\"https:\/\/dicodusport.fr\/blog\/circuit-franco-belge-2022-alexander-kristoff-simpose-dans-un-final-exceptionnel\/#breadcrumb\",\"itemListElement\":[{\"@type\":\"ListItem\",\"position\":1,\"name\":\"Accueil\",\"item\":\"https:\/\/dicodusport.fr\/blog\/\"},{\"@type\":\"ListItem\",\"position\":2,\"name\":\"Circuit Franco-Belge 2022 : Alexander Kristoff s&rsquo;impose dans un final exceptionnel\"}]},{\"@type\":\"WebSite\",\"@id\":\"https:\/\/dicodusport.fr\/blog\/#website\",\"url\":\"https:\/\/dicodusport.fr\/blog\/\",\"name\":\"Dicodusport\",\"description\":\"L&#039;encyclop\u00e9die de l&#039;actualit\u00e9 sportive\",\"publisher\":{\"@id\":\"https:\/\/dicodusport.fr\/blog\/#organization\"},\"potentialAction\":[{\"@type\":\"SearchAction\",\"target\":{\"@type\":\"EntryPoint\",\"urlTemplate\":\"https:\/\/dicodusport.fr\/blog\/?s={search_term_string}\"},\"query-input\":{\"@type\":\"PropertyValueSpecification\",\"valueRequired\":true,\"valueName\":\"search_term_string\"}}],\"inLanguage\":\"fr-FR\"},{\"@type\":\"NewsMediaOrganization\",\"@id\":\"https:\/\/dicodusport.fr\/blog\/#organization\",\"name\":\"Dicodusport\",\"url\":\"https:\/\/dicodusport.fr\/blog\/\",\"logo\":{\"@type\":\"ImageObject\",\"inLanguage\":\"fr-FR\",\"@id\":\"https:\/\/dicodusport.fr\/blog\/#\/schema\/logo\/image\/\",\"url\":\"https:\/\/dicodusport.fr\/blog\/wp-content\/uploads\/2020\/06\/cropped-LOGO-DICODUSPORT-2020-SANS-FOND-SANS-TEXTE.png\",\"contentUrl\":\"https:\/\/dicodusport.fr\/blog\/wp-content\/uploads\/2020\/06\/cropped-LOGO-DICODUSPORT-2020-SANS-FOND-SANS-TEXTE.png\",\"width\":512,\"height\":512,\"caption\":\"Dicodusport\"},\"image\":{\"@id\":\"https:\/\/dicodusport.fr\/blog\/#\/schema\/logo\/image\/\"},\"sameAs\":[\"https:\/\/www.facebook.com\/dicodusport\",\"https:\/\/x.com\/dicodusport\",\"https:\/\/www.instagram.com\/dicodusport\/\",\"https:\/\/www.youtube.com\/channel\/UC7V2KZ5sd3htJivAbA4ZG3w\"],\"description\":\"Dicodusport est l'encyclop\u00e9die de l'actualit\u00e9 sportive.\",\"email\":\"bonjour@dicodusport.fr\",\"legalName\":\"DICODUSPORT\",\"foundingDate\":\"2018-01-14\",\"vatID\":\"FR71834470973\",\"taxID\":\"83447097300043\",\"numberOfEmployees\":{\"@type\":\"QuantitativeValue\",\"minValue\":\"1\",\"maxValue\":\"10\"}},{\"@type\":\"Person\",\"@id\":\"https:\/\/dicodusport.fr\/blog\/#\/schema\/person\/99fcf31b3ee0d51fed53ade78139bbbf\",\"name\":\"Nicolas Mezine\",\"image\":{\"@type\":\"ImageObject\",\"inLanguage\":\"fr-FR\",\"@id\":\"https:\/\/dicodusport.fr\/blog\/#\/schema\/person\/image\/\",\"url\":\"https:\/\/dicodusport.fr\/blog\/wp-content\/uploads\/2021\/09\/IMG_4655-e1631787111223-150x150.jpg\",\"contentUrl\":\"https:\/\/dicodusport.fr\/blog\/wp-content\/uploads\/2021\/09\/IMG_4655-e1631787111223-150x150.jpg\",\"caption\":\"Nicolas Mezine\"},\"description\":\"Passionn\u00e9 de sport, notamment de rugby dans toutes ses variantes (XV, XIII et VII). Fan du RC Toulon et de l'Olympique de Marseille.\",\"sameAs\":[\"https:\/\/www.linkedin.com\/in\/nicolas-mezine-521380160\/\",\"https:\/\/x.com\/https:\/\/twitter.com\/Lbiji13\"],\"url\":\"https:\/\/dicodusport.fr\/blog\/author\/nicolas-m\/\"}]}<\/script>\n<!-- \/ Yoast SEO Premium plugin. -->","yoast_head_json":{"title":"Circuit Franco-Belge 2022 : Alexander Kristoff s'impose dans un final exceptionnel","description":"CIRCUIT FRANCO-BELGE 2022 - Alexander Kristoff a remport\u00e9 l'\u00e9preuve, devant Dries Van Gestel et Victor Campenaerts.","robots":{"index":"index","follow":"follow","max-snippet":"max-snippet:-1","max-image-preview":"max-image-preview:large","max-video-preview":"max-video-preview:-1"},"canonical":"https:\/\/dicodusport.fr\/blog\/circuit-franco-belge-2022-alexander-kristoff-simpose-dans-un-final-exceptionnel\/","og_locale":"fr_FR","og_type":"article","og_title":"Circuit Franco-Belge 2022 : Alexander Kristoff s'impose dans un final exceptionnel","og_description":"CIRCUIT FRANCO-BELGE 2022 - Alexander Kristoff a remport\u00e9 l'\u00e9preuve, devant Dries Van Gestel et Victor Campenaerts.","og_url":"https:\/\/dicodusport.fr\/blog\/circuit-franco-belge-2022-alexander-kristoff-simpose-dans-un-final-exceptionnel\/","og_site_name":"Dicodusport","article_publisher":"https:\/\/www.facebook.com\/dicodusport","article_published_time":"2022-08-10T15:25:59+00:00","article_modified_time":"2023-06-17T15:15:34+00:00","og_image":[{"width":800,"height":445,"url":"https:\/\/dicodusport.fr\/blog\/wp-content\/uploads\/2022\/08\/Circuit-Franco-Belge-2022-Alexander-Kristoff-simpose-dans-un-final-exceptionnel-1.png","type":"image\/png"}],"author":"Nicolas Mezine","twitter_card":"summary_large_image","twitter_title":"Circuit Franco-Belge 2022 : Alexander Kristoff s'impose dans un final exceptionnel","twitter_creator":"@https:\/\/twitter.com\/Lbiji13","twitter_site":"@dicodusport","schema":{"@context":"https:\/\/schema.org","@graph":[{"@type":"NewsArticle","@id":"https:\/\/dicodusport.fr\/blog\/circuit-franco-belge-2022-alexander-kristoff-simpose-dans-un-final-exceptionnel\/#article","isPartOf":{"@id":"https:\/\/dicodusport.fr\/blog\/circuit-franco-belge-2022-alexander-kristoff-simpose-dans-un-final-exceptionnel\/"},"author":{"name":"Nicolas Mezine","@id":"https:\/\/dicodusport.fr\/blog\/#\/schema\/person\/99fcf31b3ee0d51fed53ade78139bbbf"},"headline":"Circuit Franco-Belge 2022 : Alexander Kristoff s&rsquo;impose dans un final exceptionnel","datePublished":"2022-08-10T15:25:59+00:00","dateModified":"2023-06-17T15:15:34+00:00","mainEntityOfPage":{"@id":"https:\/\/dicodusport.fr\/blog\/circuit-franco-belge-2022-alexander-kristoff-simpose-dans-un-final-exceptionnel\/"},"wordCount":752,"commentCount":0,"publisher":{"@id":"https:\/\/dicodusport.fr\/blog\/#organization"},"image":{"@id":"https:\/\/dicodusport.fr\/blog\/circuit-franco-belge-2022-alexander-kristoff-simpose-dans-un-final-exceptionnel\/#primaryimage"},"thumbnailUrl":"https:\/\/dicodusport.fr\/blog\/wp-content\/uploads\/2022\/08\/Circuit-Franco-Belge-2022-Alexander-Kristoff-simpose-dans-un-final-exceptionnel-1.png","keywords":["Alexander Kristoff","Circuit Franco-Belge"],"articleSection":["Cyclisme sur route"],"inLanguage":"fr-FR","potentialAction":[{"@type":"CommentAction","name":"Comment","target":["https:\/\/dicodusport.fr\/blog\/circuit-franco-belge-2022-alexander-kristoff-simpose-dans-un-final-exceptionnel\/#respond"]}],"copyrightYear":"2022","copyrightHolder":{"@id":"https:\/\/dicodusport.fr\/blog\/#organization"}},{"@type":"WebPage","@id":"https:\/\/dicodusport.fr\/blog\/circuit-franco-belge-2022-alexander-kristoff-simpose-dans-un-final-exceptionnel\/","url":"https:\/\/dicodusport.fr\/blog\/circuit-franco-belge-2022-alexander-kristoff-simpose-dans-un-final-exceptionnel\/","name":"Circuit Franco-Belge 2022 : Alexander Kristoff s'impose dans un final exceptionnel","isPartOf":{"@id":"https:\/\/dicodusport.fr\/blog\/#website"},"primaryImageOfPage":{"@id":"https:\/\/dicodusport.fr\/blog\/circuit-franco-belge-2022-alexander-kristoff-simpose-dans-un-final-exceptionnel\/#primaryimage"},"image":{"@id":"https:\/\/dicodusport.fr\/blog\/circuit-franco-belge-2022-alexander-kristoff-simpose-dans-un-final-exceptionnel\/#primaryimage"},"thumbnailUrl":"https:\/\/dicodusport.fr\/blog\/wp-content\/uploads\/2022\/08\/Circuit-Franco-Belge-2022-Alexander-Kristoff-simpose-dans-un-final-exceptionnel-1.png","datePublished":"2022-08-10T15:25:59+00:00","dateModified":"2023-06-17T15:15:34+00:00","description":"CIRCUIT FRANCO-BELGE 2022 - Alexander Kristoff a remport\u00e9 l'\u00e9preuve, devant Dries Van Gestel et Victor Campenaerts.","breadcrumb":{"@id":"https:\/\/dicodusport.fr\/blog\/circuit-franco-belge-2022-alexander-kristoff-simpose-dans-un-final-exceptionnel\/#breadcrumb"},"inLanguage":"fr-FR","potentialAction":[{"@type":"ReadAction","target":["https:\/\/dicodusport.fr\/blog\/circuit-franco-belge-2022-alexander-kristoff-simpose-dans-un-final-exceptionnel\/"]}]},{"@type":"ImageObject","inLanguage":"fr-FR","@id":"https:\/\/dicodusport.fr\/blog\/circuit-franco-belge-2022-alexander-kristoff-simpose-dans-un-final-exceptionnel\/#primaryimage","url":"https:\/\/dicodusport.fr\/blog\/wp-content\/uploads\/2022\/08\/Circuit-Franco-Belge-2022-Alexander-Kristoff-simpose-dans-un-final-exceptionnel-1.png","contentUrl":"https:\/\/dicodusport.fr\/blog\/wp-content\/uploads\/2022\/08\/Circuit-Franco-Belge-2022-Alexander-Kristoff-simpose-dans-un-final-exceptionnel-1.png","width":800,"height":445,"caption":"Circuit Franco-Belge 2022 Alexander Kristoff s\u2019impose dans un final exceptionnel"},{"@type":"BreadcrumbList","@id":"https:\/\/dicodusport.fr\/blog\/circuit-franco-belge-2022-alexander-kristoff-simpose-dans-un-final-exceptionnel\/#breadcrumb","itemListElement":[{"@type":"ListItem","position":1,"name":"Accueil","item":"https:\/\/dicodusport.fr\/blog\/"},{"@type":"ListItem","position":2,"name":"Circuit Franco-Belge 2022 : Alexander Kristoff s&rsquo;impose dans un final exceptionnel"}]},{"@type":"WebSite","@id":"https:\/\/dicodusport.fr\/blog\/#website","url":"https:\/\/dicodusport.fr\/blog\/","name":"Dicodusport","description":"L&#039;encyclop\u00e9die de l&#039;actualit\u00e9 sportive","publisher":{"@id":"https:\/\/dicodusport.fr\/blog\/#organization"},"potentialAction":[{"@type":"SearchAction","target":{"@type":"EntryPoint","urlTemplate":"https:\/\/dicodusport.fr\/blog\/?s={search_term_string}"},"query-input":{"@type":"PropertyValueSpecification","valueRequired":true,"valueName":"search_term_string"}}],"inLanguage":"fr-FR"},{"@type":"NewsMediaOrganization","@id":"https:\/\/dicodusport.fr\/blog\/#organization","name":"Dicodusport","url":"https:\/\/dicodusport.fr\/blog\/","logo":{"@type":"ImageObject","inLanguage":"fr-FR","@id":"https:\/\/dicodusport.fr\/blog\/#\/schema\/logo\/image\/","url":"https:\/\/dicodusport.fr\/blog\/wp-content\/uploads\/2020\/06\/cropped-LOGO-DICODUSPORT-2020-SANS-FOND-SANS-TEXTE.png","contentUrl":"https:\/\/dicodusport.fr\/blog\/wp-content\/uploads\/2020\/06\/cropped-LOGO-DICODUSPORT-2020-SANS-FOND-SANS-TEXTE.png","width":512,"height":512,"caption":"Dicodusport"},"image":{"@id":"https:\/\/dicodusport.fr\/blog\/#\/schema\/logo\/image\/"},"sameAs":["https:\/\/www.facebook.com\/dicodusport","https:\/\/x.com\/dicodusport","https:\/\/www.instagram.com\/dicodusport\/","https:\/\/www.youtube.com\/channel\/UC7V2KZ5sd3htJivAbA4ZG3w"],"description":"Dicodusport est l'encyclop\u00e9die de l'actualit\u00e9 sportive.","email":"bonjour@dicodusport.fr","legalName":"DICODUSPORT","foundingDate":"2018-01-14","vatID":"FR71834470973","taxID":"83447097300043","numberOfEmployees":{"@type":"QuantitativeValue","minValue":"1","maxValue":"10"}},{"@type":"Person","@id":"https:\/\/dicodusport.fr\/blog\/#\/schema\/person\/99fcf31b3ee0d51fed53ade78139bbbf","name":"Nicolas Mezine","image":{"@type":"ImageObject","inLanguage":"fr-FR","@id":"https:\/\/dicodusport.fr\/blog\/#\/schema\/person\/image\/","url":"https:\/\/dicodusport.fr\/blog\/wp-content\/uploads\/2021\/09\/IMG_4655-e1631787111223-150x150.jpg","contentUrl":"https:\/\/dicodusport.fr\/blog\/wp-content\/uploads\/2021\/09\/IMG_4655-e1631787111223-150x150.jpg","caption":"Nicolas Mezine"},"description":"Passionn\u00e9 de sport, notamment de rugby dans toutes ses variantes (XV, XIII et VII). Fan du RC Toulon et de l'Olympique de Marseille.","sameAs":["https:\/\/www.linkedin.com\/in\/nicolas-mezine-521380160\/","https:\/\/x.com\/https:\/\/twitter.com\/Lbiji13"],"url":"https:\/\/dicodusport.fr\/blog\/author\/nicolas-m\/"}]}},"_links":{"self":[{"href":"https:\/\/dicodusport.fr\/blog\/wp-json\/wp\/v2\/posts\/250759","targetHints":{"allow":["GET"]}}],"collection":[{"href":"https:\/\/dicodusport.fr\/blog\/wp-json\/wp\/v2\/posts"}],"about":[{"href":"https:\/\/dicodusport.fr\/blog\/wp-json\/wp\/v2\/types\/post"}],"author":[{"embeddable":true,"href":"https:\/\/dicodusport.fr\/blog\/wp-json\/wp\/v2\/users\/42"}],"replies":[{"embeddable":true,"href":"https:\/\/dicodusport.fr\/blog\/wp-json\/wp\/v2\/comments?post=250759"}],"version-history":[{"count":0,"href":"https:\/\/dicodusport.fr\/blog\/wp-json\/wp\/v2\/posts\/250759\/revisions"}],"wp:featuredmedia":[{"embeddable":true,"href":"https:\/\/dicodusport.fr\/blog\/wp-json\/wp\/v2\/media\/250911"}],"wp:attachment":[{"href":"https:\/\/dicodusport.fr\/blog\/wp-json\/wp\/v2\/media?parent=250759"}],"wp:term":[{"taxonomy":"category","embeddable":true,"href":"https:\/\/dicodusport.fr\/blog\/wp-json\/wp\/v2\/categories?post=250759"},{"taxonomy":"post_tag","embeddable":true,"href":"https:\/\/dicodusport.fr\/blog\/wp-json\/wp\/v2\/tags?post=250759"}],"curies":[{"name":"wp","href":"https:\/\/api.w.org\/{rel}","templated":true}]}}