{"id":250975,"date":"2022-08-11T08:53:41","date_gmt":"2022-08-11T06:53:41","guid":{"rendered":"https:\/\/dicodusport.fr\/blog\/?p=250975&#038;preview=true&#038;preview_id=250975"},"modified":"2023-01-20T15:48:12","modified_gmt":"2023-01-20T14:48:12","slug":"judo-championnats-du-monde-juniors-2022-deux-medailles-pour-la-france","status":"publish","type":"post","link":"https:\/\/dicodusport.fr\/blog\/judo-championnats-du-monde-juniors-2022-deux-medailles-pour-la-france\/","title":{"rendered":"Judo &#8211; Championnats du monde juniors 2022 : Deux m\u00e9dailles pour la France"},"content":{"rendered":"<p style=\"text-align: justify;\"><strong><em><a href=\"https:\/\/dicodusport.fr\/blog\/judo-championnats-du-monde-juniors-2022-le-programme-complet\/\">CHAMPIONNATS DU MONDE JUNIORS DE JUDO<\/a> &#8211; La comp\u00e9tition a bien commenc\u00e9 pour la d\u00e9l\u00e9gation fran\u00e7aise, qui a pris deux m\u00e9dailles cette nuit en \u00c9quateur, mais pas de titre.<\/em><\/strong><\/p>\n<p style=\"text-align: justify;\"><a href=\"https:\/\/dicodusport.fr\/blog\/chloe-devictor-championne-du-monde-juniors-de-judo\/\">Championne du monde l&rsquo;an dernier<\/a>,<strong> Chlo\u00e9 Devictor<\/strong> est pass\u00e9e tr\u00e8s proche du doubl\u00e9 chez les -52 kg. Elle s&rsquo;est fray\u00e9e un chemin jusqu&rsquo;en finale, avant de pousser au golden score l&rsquo;Italienne <strong>Giulia Carna<\/strong>. Cette derni\u00e8re \u00e9tait la victime de la Fran\u00e7aise l&rsquo;an pass\u00e9, mais elle a pris sa revanche aux points. Ce sera donc argent content pour la Tricolore, qui manque toutefois de peu un doubl\u00e9 historique.<\/p>\n<blockquote class=\"twitter-tweet\">\n<p dir=\"ltr\" lang=\"ro\">\ud83c\udfc6WORLD CHAMPION\ud83c\udfc6<\/p>\n<p>Giulia Carna, de Italia \ud83c\uddee\ud83c\uddf9, derrota a la campeona de la anterior edici\u00f3n, la francesa Chloe Devictor \ud83c\uddeb\ud83c\uddf7. <a href=\"https:\/\/t.co\/iIyLQtX1I5\">pic.twitter.com\/iIyLQtX1I5<\/a><\/p>\n<p>\u2014 #JudoJuniorGYE2022 \ud83c\uddea\ud83c\udde8 (@fejecuador) <a href=\"https:\/\/twitter.com\/fejecuador\/status\/1557515633029439489?ref_src=twsrc%5Etfw\">August 10, 2022<\/a><\/p><\/blockquote>\n<p><script async src=\"https:\/\/platform.twitter.com\/widgets.js\" charset=\"utf-8\"><\/script><\/p>\n<p style=\"text-align: justify;\">La r\u00e9gularit\u00e9 des juniors fran\u00e7ais est d\u00e9cid\u00e9ment impressionnante. Comme l&rsquo;an pass\u00e9, <strong>Romain Valadier-Picard<\/strong> a termin\u00e9 en bronze dans les -60 kg. Battu en demi-finales par le futur champion <strong>Taiki Nakamura<\/strong>, il a su se remobiliser. Et dans le combat pour le bronze, il a pris sa revanche sur l&rsquo;Az\u00e9ri <strong>Turan Bayramov<\/strong>, qui l&rsquo;avait \u00e9limin\u00e9 l&rsquo;an dernier. Deux m\u00e9dailles donc pour la France, en esp\u00e9rant de l&rsquo;or ce soir. Trois cat\u00e9gories diff\u00e9rentes, mais seulement trois Bleus engag\u00e9s pour tenter de ramener un titre.<\/p>\n","protected":false},"excerpt":{"rendered":"<p>CHAMPIONNATS DU MONDE JUNIORS DE JUDO &#8211; La comp\u00e9tition a bien commenc\u00e9 pour la d\u00e9l\u00e9gation fran\u00e7aise, qui a pris deux m\u00e9dailles cette nuit en \u00c9quateur, mais pas de titre.<\/p>\n","protected":false},"author":59,"featured_media":250976,"comment_status":"open","ping_status":"closed","sticky":false,"template":"","format":"standard","meta":{"_acf_changed":false,"_daextam_enable_autolinks":"","footnotes":""},"categories":[8651],"tags":[19265,19118,19120],"class_list":["post-250975","post","type-post","status-publish","format-standard","has-post-thumbnail","hentry","category-judo","tag-championnats-du-monde-juniors-de-judo","tag-chloe-devictor","tag-romain-valadier-picard"],"acf":[],"yoast_head":"<!-- This site is optimized with the Yoast SEO Premium plugin v26.7 (Yoast SEO v26.7) - https:\/\/yoast.com\/wordpress\/plugins\/seo\/ -->\n<title>Judo - Championnats du monde juniors 2022 : Deux m\u00e9dailles pour la France<\/title>\n<meta name=\"description\" content=\"CHAMPIONNATS DU MONDE JUNIORS DE JUDO - la d\u00e9l\u00e9gation fran\u00e7aise a pris deux m\u00e9dailles cette nuit en \u00c9quateur, mais pas de titre.\" \/>\n<meta name=\"robots\" content=\"index, follow, max-snippet:-1, max-image-preview:large, max-video-preview:-1\" \/>\n<link rel=\"canonical\" href=\"https:\/\/dicodusport.fr\/blog\/judo-championnats-du-monde-juniors-2022-deux-medailles-pour-la-france\/\" \/>\n<meta property=\"og:locale\" content=\"fr_FR\" \/>\n<meta property=\"og:type\" content=\"article\" \/>\n<meta property=\"og:title\" content=\"Judo - Championnats du monde juniors 2022 : Deux m\u00e9dailles pour la France\" \/>\n<meta property=\"og:description\" content=\"CHAMPIONNATS DU MONDE JUNIORS DE JUDO - la d\u00e9l\u00e9gation fran\u00e7aise a pris deux m\u00e9dailles cette nuit en \u00c9quateur, mais pas de titre.\" \/>\n<meta property=\"og:url\" content=\"https:\/\/dicodusport.fr\/blog\/judo-championnats-du-monde-juniors-2022-deux-medailles-pour-la-france\/\" \/>\n<meta property=\"og:site_name\" content=\"Dicodusport\" \/>\n<meta property=\"article:publisher\" content=\"https:\/\/www.facebook.com\/dicodusport\" \/>\n<meta property=\"article:author\" content=\"https:\/\/www.facebook.com\/sebastien.gente\/\" \/>\n<meta property=\"article:published_time\" content=\"2022-08-11T06:53:41+00:00\" \/>\n<meta property=\"article:modified_time\" content=\"2023-01-20T14:48:12+00:00\" \/>\n<meta property=\"og:image\" content=\"https:\/\/dicodusport.fr\/blog\/wp-content\/uploads\/2022\/08\/Judo-Championnats-du-monde-juniors-2022-Deux-medailles-pour-la-France.png\" \/>\n\t<meta property=\"og:image:width\" content=\"800\" \/>\n\t<meta property=\"og:image:height\" content=\"445\" \/>\n\t<meta property=\"og:image:type\" content=\"image\/png\" \/>\n<meta name=\"author\" content=\"S\u00e9bastien Gente\" \/>\n<meta name=\"twitter:card\" content=\"summary_large_image\" \/>\n<meta name=\"twitter:title\" content=\"Judo - Championnats du monde juniors 2022 : Deux m\u00e9dailles pour la France\" \/>\n<meta name=\"twitter:creator\" content=\"@https:\/\/twitter.com\/globulo24\" \/>\n<meta name=\"twitter:site\" content=\"@dicodusport\" \/>\n<script type=\"application\/ld+json\" class=\"yoast-schema-graph\">{\"@context\":\"https:\/\/schema.org\",\"@graph\":[{\"@type\":\"NewsArticle\",\"@id\":\"https:\/\/dicodusport.fr\/blog\/judo-championnats-du-monde-juniors-2022-deux-medailles-pour-la-france\/#article\",\"isPartOf\":{\"@id\":\"https:\/\/dicodusport.fr\/blog\/judo-championnats-du-monde-juniors-2022-deux-medailles-pour-la-france\/\"},\"author\":{\"name\":\"S\u00e9bastien Gente\",\"@id\":\"https:\/\/dicodusport.fr\/blog\/#\/schema\/person\/627966a6cde45dbd8c5e36ac85d783da\"},\"headline\":\"Judo &#8211; Championnats du monde juniors 2022 : Deux m\u00e9dailles pour la France\",\"datePublished\":\"2022-08-11T06:53:41+00:00\",\"dateModified\":\"2023-01-20T14:48:12+00:00\",\"mainEntityOfPage\":{\"@id\":\"https:\/\/dicodusport.fr\/blog\/judo-championnats-du-monde-juniors-2022-deux-medailles-pour-la-france\/\"},\"wordCount\":247,\"commentCount\":0,\"publisher\":{\"@id\":\"https:\/\/dicodusport.fr\/blog\/#organization\"},\"image\":{\"@id\":\"https:\/\/dicodusport.fr\/blog\/judo-championnats-du-monde-juniors-2022-deux-medailles-pour-la-france\/#primaryimage\"},\"thumbnailUrl\":\"https:\/\/dicodusport.fr\/blog\/wp-content\/uploads\/2022\/08\/Judo-Championnats-du-monde-juniors-2022-Deux-medailles-pour-la-France.png\",\"keywords\":[\"championnats du monde juniors de judo\",\"Chlo\u00e9 Devictor\",\"Romain Valadier-Picard\"],\"articleSection\":[\"Judo\"],\"inLanguage\":\"fr-FR\",\"potentialAction\":[{\"@type\":\"CommentAction\",\"name\":\"Comment\",\"target\":[\"https:\/\/dicodusport.fr\/blog\/judo-championnats-du-monde-juniors-2022-deux-medailles-pour-la-france\/#respond\"]}],\"copyrightYear\":\"2022\",\"copyrightHolder\":{\"@id\":\"https:\/\/dicodusport.fr\/blog\/#organization\"}},{\"@type\":\"WebPage\",\"@id\":\"https:\/\/dicodusport.fr\/blog\/judo-championnats-du-monde-juniors-2022-deux-medailles-pour-la-france\/\",\"url\":\"https:\/\/dicodusport.fr\/blog\/judo-championnats-du-monde-juniors-2022-deux-medailles-pour-la-france\/\",\"name\":\"Judo - Championnats du monde juniors 2022 : Deux m\u00e9dailles pour la France\",\"isPartOf\":{\"@id\":\"https:\/\/dicodusport.fr\/blog\/#website\"},\"primaryImageOfPage\":{\"@id\":\"https:\/\/dicodusport.fr\/blog\/judo-championnats-du-monde-juniors-2022-deux-medailles-pour-la-france\/#primaryimage\"},\"image\":{\"@id\":\"https:\/\/dicodusport.fr\/blog\/judo-championnats-du-monde-juniors-2022-deux-medailles-pour-la-france\/#primaryimage\"},\"thumbnailUrl\":\"https:\/\/dicodusport.fr\/blog\/wp-content\/uploads\/2022\/08\/Judo-Championnats-du-monde-juniors-2022-Deux-medailles-pour-la-France.png\",\"datePublished\":\"2022-08-11T06:53:41+00:00\",\"dateModified\":\"2023-01-20T14:48:12+00:00\",\"description\":\"CHAMPIONNATS DU MONDE JUNIORS DE JUDO - la d\u00e9l\u00e9gation fran\u00e7aise a pris deux m\u00e9dailles cette nuit en \u00c9quateur, mais pas de titre.\",\"breadcrumb\":{\"@id\":\"https:\/\/dicodusport.fr\/blog\/judo-championnats-du-monde-juniors-2022-deux-medailles-pour-la-france\/#breadcrumb\"},\"inLanguage\":\"fr-FR\",\"potentialAction\":[{\"@type\":\"ReadAction\",\"target\":[\"https:\/\/dicodusport.fr\/blog\/judo-championnats-du-monde-juniors-2022-deux-medailles-pour-la-france\/\"]}]},{\"@type\":\"ImageObject\",\"inLanguage\":\"fr-FR\",\"@id\":\"https:\/\/dicodusport.fr\/blog\/judo-championnats-du-monde-juniors-2022-deux-medailles-pour-la-france\/#primaryimage\",\"url\":\"https:\/\/dicodusport.fr\/blog\/wp-content\/uploads\/2022\/08\/Judo-Championnats-du-monde-juniors-2022-Deux-medailles-pour-la-France.png\",\"contentUrl\":\"https:\/\/dicodusport.fr\/blog\/wp-content\/uploads\/2022\/08\/Judo-Championnats-du-monde-juniors-2022-Deux-medailles-pour-la-France.png\",\"width\":800,\"height\":445,\"caption\":\"Judo - Championnats du monde juniors 2022 Deux m\u00e9dailles pour la France\"},{\"@type\":\"BreadcrumbList\",\"@id\":\"https:\/\/dicodusport.fr\/blog\/judo-championnats-du-monde-juniors-2022-deux-medailles-pour-la-france\/#breadcrumb\",\"itemListElement\":[{\"@type\":\"ListItem\",\"position\":1,\"name\":\"Accueil\",\"item\":\"https:\/\/dicodusport.fr\/blog\/\"},{\"@type\":\"ListItem\",\"position\":2,\"name\":\"Judo &#8211; Championnats du monde juniors 2022 : Deux m\u00e9dailles pour la France\"}]},{\"@type\":\"WebSite\",\"@id\":\"https:\/\/dicodusport.fr\/blog\/#website\",\"url\":\"https:\/\/dicodusport.fr\/blog\/\",\"name\":\"Dicodusport\",\"description\":\"L&#039;encyclop\u00e9die de l&#039;actualit\u00e9 sportive\",\"publisher\":{\"@id\":\"https:\/\/dicodusport.fr\/blog\/#organization\"},\"potentialAction\":[{\"@type\":\"SearchAction\",\"target\":{\"@type\":\"EntryPoint\",\"urlTemplate\":\"https:\/\/dicodusport.fr\/blog\/?s={search_term_string}\"},\"query-input\":{\"@type\":\"PropertyValueSpecification\",\"valueRequired\":true,\"valueName\":\"search_term_string\"}}],\"inLanguage\":\"fr-FR\"},{\"@type\":\"NewsMediaOrganization\",\"@id\":\"https:\/\/dicodusport.fr\/blog\/#organization\",\"name\":\"Dicodusport\",\"url\":\"https:\/\/dicodusport.fr\/blog\/\",\"logo\":{\"@type\":\"ImageObject\",\"inLanguage\":\"fr-FR\",\"@id\":\"https:\/\/dicodusport.fr\/blog\/#\/schema\/logo\/image\/\",\"url\":\"https:\/\/dicodusport.fr\/blog\/wp-content\/uploads\/2020\/06\/cropped-LOGO-DICODUSPORT-2020-SANS-FOND-SANS-TEXTE.png\",\"contentUrl\":\"https:\/\/dicodusport.fr\/blog\/wp-content\/uploads\/2020\/06\/cropped-LOGO-DICODUSPORT-2020-SANS-FOND-SANS-TEXTE.png\",\"width\":512,\"height\":512,\"caption\":\"Dicodusport\"},\"image\":{\"@id\":\"https:\/\/dicodusport.fr\/blog\/#\/schema\/logo\/image\/\"},\"sameAs\":[\"https:\/\/www.facebook.com\/dicodusport\",\"https:\/\/x.com\/dicodusport\",\"https:\/\/www.instagram.com\/dicodusport\/\",\"https:\/\/www.youtube.com\/channel\/UC7V2KZ5sd3htJivAbA4ZG3w\"],\"description\":\"Dicodusport est l'encyclop\u00e9die de l'actualit\u00e9 sportive.\",\"email\":\"bonjour@dicodusport.fr\",\"legalName\":\"DICODUSPORT\",\"foundingDate\":\"2018-01-14\",\"vatID\":\"FR71834470973\",\"taxID\":\"83447097300043\",\"numberOfEmployees\":{\"@type\":\"QuantitativeValue\",\"minValue\":\"1\",\"maxValue\":\"10\"}},{\"@type\":\"Person\",\"@id\":\"https:\/\/dicodusport.fr\/blog\/#\/schema\/person\/627966a6cde45dbd8c5e36ac85d783da\",\"name\":\"S\u00e9bastien Gente\",\"image\":{\"@type\":\"ImageObject\",\"inLanguage\":\"fr-FR\",\"@id\":\"https:\/\/dicodusport.fr\/blog\/#\/schema\/person\/image\/\",\"url\":\"https:\/\/dicodusport.fr\/blog\/wp-content\/uploads\/2021\/09\/1510990_10205810251400683_4124423575079401707_n-150x150.jpg\",\"contentUrl\":\"https:\/\/dicodusport.fr\/blog\/wp-content\/uploads\/2021\/09\/1510990_10205810251400683_4124423575079401707_n-150x150.jpg\",\"caption\":\"S\u00e9bastien Gente\"},\"description\":\"John Stockton, Gianni Bugno, Zinedine Zidane, Steffi Graf, Frode Andresen, St\u00e9phane Stoecklin, Davis Kamoga, Primoz Peterka, Werner Schlager et Aur\u00e9lien Rougerie. Point commun entre ces sportifs? Ils m'ont fait r\u00eaver et ont berc\u00e9 mon adolescence. Je suis un fondu de sports et j'essaie de retranscrire ma passion \u00e0 travers mes articles. Originaire du P\u00e9rigord, ma passion pour les Girondins, les Jaunards et les Jazzmen transpire dans mes \u00e9crits. \u00c0 Dicodusport depuis 2021, je d\u00e9niche les sports m\u00e9connus dans lesquels la France brille, et il y en a !\",\"sameAs\":[\"https:\/\/www.facebook.com\/sebastien.gente\/\",\"https:\/\/www.instagram.com\/sebgente\/\",\"https:\/\/www.linkedin.com\/in\/sbastien-gente-a29583169\/\",\"https:\/\/x.com\/https:\/\/twitter.com\/globulo24\",\"SebastienGente\"],\"worksFor\":\"S\u00e9bastien GENTE\",\"url\":\"https:\/\/dicodusport.fr\/blog\/author\/sebastiengente\/\"}]}<\/script>\n<!-- \/ Yoast SEO Premium plugin. -->","yoast_head_json":{"title":"Judo - Championnats du monde juniors 2022 : Deux m\u00e9dailles pour la France","description":"CHAMPIONNATS DU MONDE JUNIORS DE JUDO - la d\u00e9l\u00e9gation fran\u00e7aise a pris deux m\u00e9dailles cette nuit en \u00c9quateur, mais pas de titre.","robots":{"index":"index","follow":"follow","max-snippet":"max-snippet:-1","max-image-preview":"max-image-preview:large","max-video-preview":"max-video-preview:-1"},"canonical":"https:\/\/dicodusport.fr\/blog\/judo-championnats-du-monde-juniors-2022-deux-medailles-pour-la-france\/","og_locale":"fr_FR","og_type":"article","og_title":"Judo - Championnats du monde juniors 2022 : Deux m\u00e9dailles pour la France","og_description":"CHAMPIONNATS DU MONDE JUNIORS DE JUDO - la d\u00e9l\u00e9gation fran\u00e7aise a pris deux m\u00e9dailles cette nuit en \u00c9quateur, mais pas de titre.","og_url":"https:\/\/dicodusport.fr\/blog\/judo-championnats-du-monde-juniors-2022-deux-medailles-pour-la-france\/","og_site_name":"Dicodusport","article_publisher":"https:\/\/www.facebook.com\/dicodusport","article_author":"https:\/\/www.facebook.com\/sebastien.gente\/","article_published_time":"2022-08-11T06:53:41+00:00","article_modified_time":"2023-01-20T14:48:12+00:00","og_image":[{"width":800,"height":445,"url":"https:\/\/dicodusport.fr\/blog\/wp-content\/uploads\/2022\/08\/Judo-Championnats-du-monde-juniors-2022-Deux-medailles-pour-la-France.png","type":"image\/png"}],"author":"S\u00e9bastien Gente","twitter_card":"summary_large_image","twitter_title":"Judo - Championnats du monde juniors 2022 : Deux m\u00e9dailles pour la France","twitter_creator":"@https:\/\/twitter.com\/globulo24","twitter_site":"@dicodusport","schema":{"@context":"https:\/\/schema.org","@graph":[{"@type":"NewsArticle","@id":"https:\/\/dicodusport.fr\/blog\/judo-championnats-du-monde-juniors-2022-deux-medailles-pour-la-france\/#article","isPartOf":{"@id":"https:\/\/dicodusport.fr\/blog\/judo-championnats-du-monde-juniors-2022-deux-medailles-pour-la-france\/"},"author":{"name":"S\u00e9bastien Gente","@id":"https:\/\/dicodusport.fr\/blog\/#\/schema\/person\/627966a6cde45dbd8c5e36ac85d783da"},"headline":"Judo &#8211; Championnats du monde juniors 2022 : Deux m\u00e9dailles pour la France","datePublished":"2022-08-11T06:53:41+00:00","dateModified":"2023-01-20T14:48:12+00:00","mainEntityOfPage":{"@id":"https:\/\/dicodusport.fr\/blog\/judo-championnats-du-monde-juniors-2022-deux-medailles-pour-la-france\/"},"wordCount":247,"commentCount":0,"publisher":{"@id":"https:\/\/dicodusport.fr\/blog\/#organization"},"image":{"@id":"https:\/\/dicodusport.fr\/blog\/judo-championnats-du-monde-juniors-2022-deux-medailles-pour-la-france\/#primaryimage"},"thumbnailUrl":"https:\/\/dicodusport.fr\/blog\/wp-content\/uploads\/2022\/08\/Judo-Championnats-du-monde-juniors-2022-Deux-medailles-pour-la-France.png","keywords":["championnats du monde juniors de judo","Chlo\u00e9 Devictor","Romain Valadier-Picard"],"articleSection":["Judo"],"inLanguage":"fr-FR","potentialAction":[{"@type":"CommentAction","name":"Comment","target":["https:\/\/dicodusport.fr\/blog\/judo-championnats-du-monde-juniors-2022-deux-medailles-pour-la-france\/#respond"]}],"copyrightYear":"2022","copyrightHolder":{"@id":"https:\/\/dicodusport.fr\/blog\/#organization"}},{"@type":"WebPage","@id":"https:\/\/dicodusport.fr\/blog\/judo-championnats-du-monde-juniors-2022-deux-medailles-pour-la-france\/","url":"https:\/\/dicodusport.fr\/blog\/judo-championnats-du-monde-juniors-2022-deux-medailles-pour-la-france\/","name":"Judo - Championnats du monde juniors 2022 : Deux m\u00e9dailles pour la France","isPartOf":{"@id":"https:\/\/dicodusport.fr\/blog\/#website"},"primaryImageOfPage":{"@id":"https:\/\/dicodusport.fr\/blog\/judo-championnats-du-monde-juniors-2022-deux-medailles-pour-la-france\/#primaryimage"},"image":{"@id":"https:\/\/dicodusport.fr\/blog\/judo-championnats-du-monde-juniors-2022-deux-medailles-pour-la-france\/#primaryimage"},"thumbnailUrl":"https:\/\/dicodusport.fr\/blog\/wp-content\/uploads\/2022\/08\/Judo-Championnats-du-monde-juniors-2022-Deux-medailles-pour-la-France.png","datePublished":"2022-08-11T06:53:41+00:00","dateModified":"2023-01-20T14:48:12+00:00","description":"CHAMPIONNATS DU MONDE JUNIORS DE JUDO - la d\u00e9l\u00e9gation fran\u00e7aise a pris deux m\u00e9dailles cette nuit en \u00c9quateur, mais pas de titre.","breadcrumb":{"@id":"https:\/\/dicodusport.fr\/blog\/judo-championnats-du-monde-juniors-2022-deux-medailles-pour-la-france\/#breadcrumb"},"inLanguage":"fr-FR","potentialAction":[{"@type":"ReadAction","target":["https:\/\/dicodusport.fr\/blog\/judo-championnats-du-monde-juniors-2022-deux-medailles-pour-la-france\/"]}]},{"@type":"ImageObject","inLanguage":"fr-FR","@id":"https:\/\/dicodusport.fr\/blog\/judo-championnats-du-monde-juniors-2022-deux-medailles-pour-la-france\/#primaryimage","url":"https:\/\/dicodusport.fr\/blog\/wp-content\/uploads\/2022\/08\/Judo-Championnats-du-monde-juniors-2022-Deux-medailles-pour-la-France.png","contentUrl":"https:\/\/dicodusport.fr\/blog\/wp-content\/uploads\/2022\/08\/Judo-Championnats-du-monde-juniors-2022-Deux-medailles-pour-la-France.png","width":800,"height":445,"caption":"Judo - Championnats du monde juniors 2022 Deux m\u00e9dailles pour la France"},{"@type":"BreadcrumbList","@id":"https:\/\/dicodusport.fr\/blog\/judo-championnats-du-monde-juniors-2022-deux-medailles-pour-la-france\/#breadcrumb","itemListElement":[{"@type":"ListItem","position":1,"name":"Accueil","item":"https:\/\/dicodusport.fr\/blog\/"},{"@type":"ListItem","position":2,"name":"Judo &#8211; Championnats du monde juniors 2022 : Deux m\u00e9dailles pour la France"}]},{"@type":"WebSite","@id":"https:\/\/dicodusport.fr\/blog\/#website","url":"https:\/\/dicodusport.fr\/blog\/","name":"Dicodusport","description":"L&#039;encyclop\u00e9die de l&#039;actualit\u00e9 sportive","publisher":{"@id":"https:\/\/dicodusport.fr\/blog\/#organization"},"potentialAction":[{"@type":"SearchAction","target":{"@type":"EntryPoint","urlTemplate":"https:\/\/dicodusport.fr\/blog\/?s={search_term_string}"},"query-input":{"@type":"PropertyValueSpecification","valueRequired":true,"valueName":"search_term_string"}}],"inLanguage":"fr-FR"},{"@type":"NewsMediaOrganization","@id":"https:\/\/dicodusport.fr\/blog\/#organization","name":"Dicodusport","url":"https:\/\/dicodusport.fr\/blog\/","logo":{"@type":"ImageObject","inLanguage":"fr-FR","@id":"https:\/\/dicodusport.fr\/blog\/#\/schema\/logo\/image\/","url":"https:\/\/dicodusport.fr\/blog\/wp-content\/uploads\/2020\/06\/cropped-LOGO-DICODUSPORT-2020-SANS-FOND-SANS-TEXTE.png","contentUrl":"https:\/\/dicodusport.fr\/blog\/wp-content\/uploads\/2020\/06\/cropped-LOGO-DICODUSPORT-2020-SANS-FOND-SANS-TEXTE.png","width":512,"height":512,"caption":"Dicodusport"},"image":{"@id":"https:\/\/dicodusport.fr\/blog\/#\/schema\/logo\/image\/"},"sameAs":["https:\/\/www.facebook.com\/dicodusport","https:\/\/x.com\/dicodusport","https:\/\/www.instagram.com\/dicodusport\/","https:\/\/www.youtube.com\/channel\/UC7V2KZ5sd3htJivAbA4ZG3w"],"description":"Dicodusport est l'encyclop\u00e9die de l'actualit\u00e9 sportive.","email":"bonjour@dicodusport.fr","legalName":"DICODUSPORT","foundingDate":"2018-01-14","vatID":"FR71834470973","taxID":"83447097300043","numberOfEmployees":{"@type":"QuantitativeValue","minValue":"1","maxValue":"10"}},{"@type":"Person","@id":"https:\/\/dicodusport.fr\/blog\/#\/schema\/person\/627966a6cde45dbd8c5e36ac85d783da","name":"S\u00e9bastien Gente","image":{"@type":"ImageObject","inLanguage":"fr-FR","@id":"https:\/\/dicodusport.fr\/blog\/#\/schema\/person\/image\/","url":"https:\/\/dicodusport.fr\/blog\/wp-content\/uploads\/2021\/09\/1510990_10205810251400683_4124423575079401707_n-150x150.jpg","contentUrl":"https:\/\/dicodusport.fr\/blog\/wp-content\/uploads\/2021\/09\/1510990_10205810251400683_4124423575079401707_n-150x150.jpg","caption":"S\u00e9bastien Gente"},"description":"John Stockton, Gianni Bugno, Zinedine Zidane, Steffi Graf, Frode Andresen, St\u00e9phane Stoecklin, Davis Kamoga, Primoz Peterka, Werner Schlager et Aur\u00e9lien Rougerie. Point commun entre ces sportifs? Ils m'ont fait r\u00eaver et ont berc\u00e9 mon adolescence. Je suis un fondu de sports et j'essaie de retranscrire ma passion \u00e0 travers mes articles. Originaire du P\u00e9rigord, ma passion pour les Girondins, les Jaunards et les Jazzmen transpire dans mes \u00e9crits. \u00c0 Dicodusport depuis 2021, je d\u00e9niche les sports m\u00e9connus dans lesquels la France brille, et il y en a !","sameAs":["https:\/\/www.facebook.com\/sebastien.gente\/","https:\/\/www.instagram.com\/sebgente\/","https:\/\/www.linkedin.com\/in\/sbastien-gente-a29583169\/","https:\/\/x.com\/https:\/\/twitter.com\/globulo24","SebastienGente"],"worksFor":"S\u00e9bastien GENTE","url":"https:\/\/dicodusport.fr\/blog\/author\/sebastiengente\/"}]}},"_links":{"self":[{"href":"https:\/\/dicodusport.fr\/blog\/wp-json\/wp\/v2\/posts\/250975","targetHints":{"allow":["GET"]}}],"collection":[{"href":"https:\/\/dicodusport.fr\/blog\/wp-json\/wp\/v2\/posts"}],"about":[{"href":"https:\/\/dicodusport.fr\/blog\/wp-json\/wp\/v2\/types\/post"}],"author":[{"embeddable":true,"href":"https:\/\/dicodusport.fr\/blog\/wp-json\/wp\/v2\/users\/59"}],"replies":[{"embeddable":true,"href":"https:\/\/dicodusport.fr\/blog\/wp-json\/wp\/v2\/comments?post=250975"}],"version-history":[{"count":0,"href":"https:\/\/dicodusport.fr\/blog\/wp-json\/wp\/v2\/posts\/250975\/revisions"}],"wp:featuredmedia":[{"embeddable":true,"href":"https:\/\/dicodusport.fr\/blog\/wp-json\/wp\/v2\/media\/250976"}],"wp:attachment":[{"href":"https:\/\/dicodusport.fr\/blog\/wp-json\/wp\/v2\/media?parent=250975"}],"wp:term":[{"taxonomy":"category","embeddable":true,"href":"https:\/\/dicodusport.fr\/blog\/wp-json\/wp\/v2\/categories?post=250975"},{"taxonomy":"post_tag","embeddable":true,"href":"https:\/\/dicodusport.fr\/blog\/wp-json\/wp\/v2\/tags?post=250975"}],"curies":[{"name":"wp","href":"https:\/\/api.w.org\/{rel}","templated":true}]}}