{"id":251262,"date":"2022-08-13T10:00:35","date_gmt":"2022-08-13T08:00:35","guid":{"rendered":"https:\/\/dicodusport.fr\/blog\/?p=251262&#038;preview=true&#038;preview_id=251262"},"modified":"2022-08-15T15:33:33","modified_gmt":"2022-08-15T13:33:33","slug":"masters-1000-masculin-de-montreal-la-blessure-de-gael-monfils-plus-grave-que-prevu","status":"publish","type":"post","link":"https:\/\/dicodusport.fr\/blog\/masters-1000-masculin-de-montreal-la-blessure-de-gael-monfils-plus-grave-que-prevu\/","title":{"rendered":"Masters 1000 masculin de Montr\u00e9al : La blessure de Ga\u00ebl Monfils plus grave que pr\u00e9vu ?"},"content":{"rendered":"<p style=\"text-align: justify;\"><i><a style=\"font-weight: bold;\" href=\"https:\/\/dicodusport.fr\/blog\/masters-1000-de-montreal-le-tableau-de-simple-hommes-2022\/\">MASTERS 1000 MESSSIEURS DE MONTR\u00c9AL<\/a><b> &#8211;\u00a0 Ga\u00ebl Monfils \u00e9tait de retour sur les courts lors du Masters 1000 de Montr\u00e9al. Il semblait en forme, jusqu\u2019\u00e0 ce qu&rsquo;un probl\u00e8me au pied droit ne vienne le stopper dans son \u00e9lan. Apparu compl\u00e8tement d\u00e9pit\u00e9, cette blessure pourrait lui faire manquer l&rsquo;US Open, et m\u00eame entacher\u00a0sa fin de carri\u00e8re.\u00a0<\/b><\/i><\/p>\n<p style=\"text-align: justify;\">Il faisait sur le court ce qu&rsquo;on attendait d&rsquo;un<strong> Ga\u00ebl Monfils<\/strong>, c&rsquo;est-\u00e0-dire le spectacle. Ce v\u00e9ritable showman est peut-\u00eatre l&rsquo;un des tennismen les plus beaux et appr\u00e9ciables \u00e0 voir jouer. Avec <strong>Ga\u00ebl<\/strong> on ne s&rsquo;ennuie jamais, et quand il est de retour sur les courts apr\u00e8s trois mois d&rsquo;absence, on savoure. Absent depuis le mois de mai, et son \u00e9limination au second tour du Masters 1000 de Madrid face \u00e0 <strong>Novak Djokovic<\/strong>, on attendait son retour avec impatience. Touch\u00e9 au talon droit, il avait alors d\u00fb se soigner et rester en dehors des terrains de tennis pendant 3 mois.<\/p>\n<p style=\"text-align: justify;\">Il a d&rsquo;ailleurs loup\u00e9 \u00e0 son plus grand regret et celui du public fran\u00e7ais, le Roland-Garros de cette ann\u00e9e, marqu\u00e9 notamment par\u00a0<a href=\"https:\/\/dicodusport.fr\/blog\/roland-garros-2022-diminue-jo-wilfried-tsonga-sort-par-la-grande-porte-contre-casper-ruud\/\">la fin de carri\u00e8re de son ami <strong>Jo-Wilfried Tsonga<\/strong><\/a>. S&rsquo;il s&rsquo;est rendu \u00e0 son hommage, le natif de Paris n&rsquo;a pas pu amuser le public parisien, en manque d&rsquo;exploits fran\u00e7ais ces derni\u00e8res ann\u00e9es. Trop juste encore, il a d\u00fb renoncer \u00e0 la saison sur gazon, et abandonner l&rsquo;id\u00e9e de jouer Wimbledon, l&rsquo;un des tournois o\u00f9 il a le plus de mal en comp\u00e9tition, puisqu&rsquo;il ne s&rsquo;est jamais hiss\u00e9 au-del\u00e0 des huiti\u00e8mes de finale. S&rsquo;il annonce son retour mi-juillet au tournoi d&rsquo;Hambourg, c&rsquo;est finalement au Masters 1000 de Montr\u00e9al, quelques semaines avant le d\u00e9but de l&rsquo;US Open, qu&rsquo;il revient.<\/p>\n<blockquote class=\"twitter-tweet\">\n<p dir=\"ltr\" lang=\"en\">Hello, I wanted to give you a quick update following my foot injury. I have started to train again this week and I have felt really good. <a href=\"https:\/\/t.co\/iHDds1MdHZ\">pic.twitter.com\/iHDds1MdHZ<\/a><\/p>\n<p>\u2014 Gael Monfils (@Gael_Monfils) <a href=\"https:\/\/twitter.com\/Gael_Monfils\/status\/1540004916718100481?ref_src=twsrc%5Etfw\">June 23, 2022<\/a><\/p><\/blockquote>\n<p><script async src=\"https:\/\/platform.twitter.com\/widgets.js\" charset=\"utf-8\"><\/script><\/p>\n<h2>Un retour en difficult\u00e9<\/h2>\n<p style=\"text-align: justify;\">Il d\u00e9bute son tournoi face \u00e0 l&rsquo;Espagnol<strong> Pedro Martinez<\/strong>, 53\u00e8me mondial et quart de finaliste de ses deux derniers tournois ATP 250. S&rsquo;il d\u00e9bute bien la rencontre, il est break\u00e9 d&rsquo;entr\u00e9e par son adversaire \u00e0 2-2, il s&rsquo;impose finalement dans le premier set au tie-break 7-6. Mais de retour de blessure, le Fran\u00e7ais est \u00e0 court physiquement dans le deuxi\u00e8me set et s\u2019incline 3-6, il finit par faire craquer finalement l&rsquo;Espagnol dans le 3\u00e8me set avec une victoire 6-2 dans le dernier. Oppos\u00e9 au tour suivant \u00e0 l&rsquo;Am\u00e9ricain <strong>Maxime Cressy<\/strong> 31\u00e8me mondial, vainqueur r\u00e9cemment du tournoi de Newport, le Fran\u00e7ais est l\u00e0 encore break\u00e9 d&rsquo;entr\u00e9e. Profitant des erreurs du jeune Am\u00e9ricain, <strong>Monfils<\/strong> revient dans le match et s&rsquo;impose dans le tie-break. Dans le deuxi\u00e8me set, les \u00e9changes sont serr\u00e9s et les deux hommes vont se d\u00e9partager encore au tie-break, avec plusieurs balles de set sauv\u00e9es, c&rsquo;est finalement le Fran\u00e7ais qui l&#8217;emporte \u00e0 l&rsquo;exp\u00e9rience.<\/p>\n<blockquote class=\"twitter-tweet\">\n<p dir=\"ltr\" lang=\"en\">Happy to be back on tour &#x1f64f;&#x1f3fe;&#x1f603;&#x1f645;&#x1f3fe;&#x200d;&#x2642;&#xfe0f; <a href=\"https:\/\/t.co\/ePwz0m0Mfh\">pic.twitter.com\/ePwz0m0Mfh<\/a><\/p>\n<p>\u2014 Gael Monfils (@Gael_Monfils) <a href=\"https:\/\/twitter.com\/Gael_Monfils\/status\/1556377923145302016?ref_src=twsrc%5Etfw\">August 7, 2022<\/a><\/p><\/blockquote>\n<p><script async src=\"https:\/\/platform.twitter.com\/widgets.js\" charset=\"utf-8\"><\/script><\/p>\n<p style=\"text-align: justify;\">Oppos\u00e9 \u00e0 un adversaire beaucoup moins bien class\u00e9, <strong>Jack Draper<\/strong> 82\u00e8me mondial, <strong>Ga\u00ebl Monfils<\/strong> part favori de ce 1\/8\u00e8me de finale. Mais en face, le Britannique est en grande forme puisqu&rsquo;il vient d&rsquo;\u00e9liminer <strong>Hugo Gaston <\/strong>et<strong> Stefanos Tsitsipas<\/strong>. S\u00fbr de ses forces c&rsquo;est d&rsquo;ailleurs lui qui rentre le mieux dans le match. Serein, il \u00e9trille un <strong>Monfils<\/strong> peut-\u00eatre \u00e9mouss\u00e9, qui n&rsquo;arrive pas \u00e0 jouer sur son service, et se trouve en difficult\u00e9 avec son retour. Logiquement domin\u00e9 6-2 au premier set, le Fran\u00e7ais revient bien et m\u00e8ne 2 jeux \u00e0 rien dans le second set, jusqu&rsquo;au drame. Alors qu&rsquo;il venait de breaker, et r\u00e9galait le public de la night session de quelques beaux coups d\u00e9fensifs, le Fran\u00e7ais, sur un coup droit anonyme, s&rsquo;est arr\u00eat\u00e9 d&rsquo;un coup.<\/p>\n<h2>La foudre s&rsquo;est abattue<\/h2>\n<p style=\"text-align: justify;\">Au fond du court, le Parisien s\u2019arr\u00eate, paraissant totalement foudroy\u00e9 par une douleur au pied. Il s&rsquo;effondre alors et crie de douleur en tenant son pied souffrant. Lui qui revenait d&rsquo;une blessure au talon droit qui l&rsquo;a tenu absent pendant 3 mois, s&rsquo;est de nouveau bless\u00e9 au m\u00eame pied. Il est encore trop t\u00f4t pour dire si c&rsquo;est ce m\u00eame talon qui a \u00e9t\u00e9 touch\u00e9 jeudi soir, mais les signes \u00e9taient plut\u00f4t inqui\u00e9tants de la part du joueur. Tout de suite aid\u00e9 par l&rsquo;arbitre et son adversaire pour r\u00e9ussir \u00e0 se poser sur une chaise, le natif de Paris, a obtenu un temps mort m\u00e9dical o\u00f9 il s&rsquo;est fait masser par le kin\u00e9sith\u00e9rapeute. Debout et de retour sur le court, le public crut alors un instant que la partie allait reprendre quand le num\u00e9ro 20 mondial se dirigea vers la ligne de fond, mais c&rsquo;\u00e9tait au final pour voir son clan install\u00e9 l\u00e0-bas.<\/p>\n<blockquote class=\"twitter-tweet\">\n<p dir=\"ltr\" lang=\"fr\">Ga\u00ebl Monfils a d\u00fb abandonner subitement lors de son match face \u00e0 Draper&#8230;<\/p>\n<p>Tellement triste de le voir comme \u00e7a &#x1f625; <a href=\"https:\/\/t.co\/Rek29O7IN2\">https:\/\/t.co\/Rek29O7IN2<\/a><\/p>\n<p>\u2014 We Are Tennis France (@WeAreTennisFR) <a href=\"https:\/\/twitter.com\/WeAreTennisFR\/status\/1557995180237770752?ref_src=twsrc%5Etfw\">August 12, 2022<\/a><\/p><\/blockquote>\n<p><script async src=\"https:\/\/platform.twitter.com\/widgets.js\" charset=\"utf-8\"><\/script><\/p>\n<p style=\"text-align: justify;\">Apr\u00e8s un entretien avec ses coachs et ses proches, le joueur s&rsquo;est alors dirig\u00e9 vers son filet pour serrer la main de son adversaire <strong>Jack Draper<\/strong>, devenu vainqueur du match de la plus triste des mani\u00e8res. Quittant le court central en boitant, <strong>Ga\u00ebl Monfils<\/strong> a ensuite publi\u00e9 un message sur les r\u00e9seaux sociaux indiquant qu&rsquo;il rentrait tout de suite en Europe pour passer des examens.<\/p>\n<blockquote class=\"twitter-tweet\">\n<p dir=\"ltr\" lang=\"fr\">Salut les amis, soir\u00e9e difficile ce soir \u00e0 Montr\u00e9al. Les premiers examens n\u2019\u00e9tant pas bons, j\u2019ai pris la d\u00e9cision de rentrer en Europe pour consulter mon \u00e9quipe m\u00e9dicale. Je vous tiendrai inform\u00e9 d\u00e8s que possible. Merci encore pour vos messages de soutien et \u00e0 tr\u00e8s vite &#x1f64f;&#x1f3fe; <a href=\"https:\/\/t.co\/IQAN9ahZNR\">pic.twitter.com\/IQAN9ahZNR<\/a><\/p>\n<p>\u2014 Gael Monfils (@Gael_Monfils) <a href=\"https:\/\/twitter.com\/Gael_Monfils\/status\/1557974754275065856?ref_src=twsrc%5Etfw\">August 12, 2022<\/a><\/p><\/blockquote>\n<p><script async src=\"https:\/\/platform.twitter.com\/widgets.js\" charset=\"utf-8\"><\/script><\/p>\n<h2>Une fin de carri\u00e8re pr\u00e9matur\u00e9e ?<\/h2>\n<p style=\"text-align: justify;\">Une blessure qui surgit au pire des moments pour le joueur. Lui qui avait r\u00e9alis\u00e9 une belle performance en d\u00e9but d&rsquo;ann\u00e9e, <a href=\"https:\/\/dicodusport.fr\/blog\/atp-adelaide-le-titre-pour-gael-monfils\/\">gagnant le tournoi d&rsquo;Adela\u00efde<\/a>, et se hissant jusqu&rsquo;en quart de finale de l&rsquo;Open d&rsquo;Australie, \u00e9tait frustr\u00e9 de louper les deux autres Grand Chelems. C&rsquo;est pourquoi cet US Open \u00e9tait un de ses objectifs dans cette fin de saison. Mais avec cette blessure qui peut \u00eatre une r\u00e9cidive de la pr\u00e9c\u00e9dente \u00e0 son pied droit, le num\u00e9ro 20 mondial a peut-\u00eatre dit adieu \u00e0 sa participation au Grand Chelem am\u00e9ricain qui d\u00e9butera le 29 ao\u00fbt prochain.<\/p>\n<blockquote class=\"twitter-tweet\">\n<p dir=\"ltr\" lang=\"fr\">Salut les amis, soir\u00e9e difficile ce soir \u00e0 Montr\u00e9al. Les premiers examens n\u2019\u00e9tant pas bons, j\u2019ai pris la d\u00e9cision de rentrer en Europe pour consulter mon \u00e9quipe m\u00e9dicale. Je vous tiendrai inform\u00e9 d\u00e8s que possible. Merci encore pour vos messages de soutien et \u00e0 tr\u00e8s vite &#x1f64f;&#x1f3fe; <a href=\"https:\/\/t.co\/IQAN9ahZNR\">pic.twitter.com\/IQAN9ahZNR<\/a><\/p>\n<p>\u2014 Gael Monfils (@Gael_Monfils) <a href=\"https:\/\/twitter.com\/Gael_Monfils\/status\/1557974754275065856?ref_src=twsrc%5Etfw\">August 12, 2022<\/a><\/p><\/blockquote>\n<p><script async src=\"https:\/\/platform.twitter.com\/widgets.js\" charset=\"utf-8\"><\/script><\/p>\n<p style=\"text-align: justify;\">En plus de cette participation au tournoi am\u00e9ricain, c&rsquo;est peut-\u00eatre sa fin de saison qui est remise en cause. Et si le Fran\u00e7ais a connu de nombreuses blessures qui ont pu ternir son niveau et sa r\u00e9gularit\u00e9, une blessure trop r\u00e9currente \u00e0 son pied pourrait peut-\u00eatre causer une fin de carri\u00e8re plus pr\u00e9matur\u00e9 que pr\u00e9vu. On l&rsquo;a vu avec<strong> Rafael Nadal<\/strong>, touch\u00e9 \u00e0 un pied et qui subit m\u00eame le syndrome de Muller-Weiss, qui lui provoque des douleurs extr\u00eames. L&rsquo;Espagnol est oblig\u00e9 de se m\u00e9nager \u00e0 chaque match pour ne disputer que les gros tournois o\u00f9 il s&rsquo;inflige des piq\u00fbres d&rsquo;anti-douleurs avant chaque match.<\/p>\n<p style=\"text-align: justify;\">Esp\u00e9rons pour <strong>Monfils<\/strong> qu&rsquo;on n&rsquo;en arrive pas l\u00e0. Et que la saison prochaine, il puisse reprendre sa carri\u00e8re normalement sans grosses douleurs musculaires. Lui qui va avoir 36 ans le 1er septembre prochain s&rsquo;approche bient\u00f4t de la fin de sa carri\u00e8re, mais on esp\u00e8re qu&rsquo;il puisse la terminer en beaut\u00e9 sur un court, et pourquoi pas faire un adieu \u00e9mouvant \u00e0 la <strong>Jo-Wilfried Tsonga<\/strong> son pote de toujours.<\/p>\n","protected":false},"excerpt":{"rendered":"<p>MASTERS 1000 MESSSIEURS DE MONTR\u00c9AL &#8211;\u00a0 Ga\u00ebl Monfils \u00e9tait de retour sur les courts lors du Masters 1000 de Montr\u00e9al. Il semblait en forme, jusqu\u2019\u00e0 ce qu&rsquo;un probl\u00e8me au pied droit ne vienne le stopper dans son \u00e9lan. Apparu compl\u00e8tement d\u00e9pit\u00e9, cette blessure pourrait lui faire manquer l&rsquo;US Open, et m\u00eame entacher\u00a0sa fin de carri\u00e8re.\u00a0<\/p>\n","protected":false},"author":73,"featured_media":251578,"comment_status":"open","ping_status":"closed","sticky":false,"template":"","format":"standard","meta":{"_acf_changed":false,"_daextam_enable_autolinks":"","footnotes":""},"categories":[2302],"tags":[2804,25545,4792],"class_list":["post-251262","post","type-post","status-publish","format-standard","has-post-thumbnail","hentry","category-tennis","tag-gael-monfils","tag-masters-1000-de-montreal","tag-tennis-francais"],"acf":[],"yoast_head":"<!-- This site is optimized with the Yoast SEO Premium plugin v26.7 (Yoast SEO v26.7) - https:\/\/yoast.com\/wordpress\/plugins\/seo\/ -->\n<title>Masters 1000 masculin de Montr\u00e9al : La blessure de Ga\u00ebl Monfils plus grave que pr\u00e9vu ?<\/title>\n<meta name=\"description\" content=\"MASTERS 1000 MESSSIEURS DE MONTR\u00c9AL -\u00a0 Ga\u00ebl Monfils s&#039;est bless\u00e9 pour son retour sur les courts lors du Masters 1000 de Montr\u00e9al\" \/>\n<meta name=\"robots\" content=\"index, follow, max-snippet:-1, max-image-preview:large, max-video-preview:-1\" \/>\n<link rel=\"canonical\" href=\"https:\/\/dicodusport.fr\/blog\/masters-1000-masculin-de-montreal-la-blessure-de-gael-monfils-plus-grave-que-prevu\/\" \/>\n<meta property=\"og:locale\" content=\"fr_FR\" \/>\n<meta property=\"og:type\" content=\"article\" \/>\n<meta property=\"og:title\" content=\"Masters 1000 masculin de Montr\u00e9al : La blessure de Ga\u00ebl Monfils plus grave que pr\u00e9vu ?\" \/>\n<meta property=\"og:description\" content=\"MASTERS 1000 MESSSIEURS DE MONTR\u00c9AL -\u00a0 Ga\u00ebl Monfils s&#039;est bless\u00e9 pour son retour sur les courts lors du Masters 1000 de Montr\u00e9al\" \/>\n<meta property=\"og:url\" content=\"https:\/\/dicodusport.fr\/blog\/masters-1000-masculin-de-montreal-la-blessure-de-gael-monfils-plus-grave-que-prevu\/\" \/>\n<meta property=\"og:site_name\" content=\"Dicodusport\" \/>\n<meta property=\"article:publisher\" content=\"https:\/\/www.facebook.com\/dicodusport\" \/>\n<meta property=\"article:published_time\" content=\"2022-08-13T08:00:35+00:00\" \/>\n<meta property=\"article:modified_time\" content=\"2022-08-15T13:33:33+00:00\" \/>\n<meta property=\"og:image\" content=\"https:\/\/dicodusport.fr\/blog\/wp-content\/uploads\/2022\/08\/Masters-1000-masculin-de-Montreal-La-blessure-de-Gael-Monfils-plus-grave-que-prevu.png\" \/>\n\t<meta property=\"og:image:width\" content=\"800\" \/>\n\t<meta property=\"og:image:height\" content=\"445\" \/>\n\t<meta property=\"og:image:type\" content=\"image\/png\" \/>\n<meta name=\"author\" content=\"Romain Fiore\" \/>\n<meta name=\"twitter:card\" content=\"summary_large_image\" \/>\n<meta name=\"twitter:title\" content=\"Masters 1000 masculin de Montr\u00e9al : La blessure de Ga\u00ebl Monfils plus grave que pr\u00e9vu ?\" \/>\n<meta name=\"twitter:creator\" content=\"@https:\/\/twitter.com\/romain_fiore\" \/>\n<meta name=\"twitter:site\" content=\"@dicodusport\" \/>\n<script type=\"application\/ld+json\" class=\"yoast-schema-graph\">{\"@context\":\"https:\/\/schema.org\",\"@graph\":[{\"@type\":\"NewsArticle\",\"@id\":\"https:\/\/dicodusport.fr\/blog\/masters-1000-masculin-de-montreal-la-blessure-de-gael-monfils-plus-grave-que-prevu\/#article\",\"isPartOf\":{\"@id\":\"https:\/\/dicodusport.fr\/blog\/masters-1000-masculin-de-montreal-la-blessure-de-gael-monfils-plus-grave-que-prevu\/\"},\"author\":{\"name\":\"Romain Fiore\",\"@id\":\"https:\/\/dicodusport.fr\/blog\/#\/schema\/person\/7ca91cb9956847cfcdf25671708a6e4f\"},\"headline\":\"Masters 1000 masculin de Montr\u00e9al : La blessure de Ga\u00ebl Monfils plus grave que pr\u00e9vu ?\",\"datePublished\":\"2022-08-13T08:00:35+00:00\",\"dateModified\":\"2022-08-15T13:33:33+00:00\",\"mainEntityOfPage\":{\"@id\":\"https:\/\/dicodusport.fr\/blog\/masters-1000-masculin-de-montreal-la-blessure-de-gael-monfils-plus-grave-que-prevu\/\"},\"wordCount\":1449,\"commentCount\":0,\"publisher\":{\"@id\":\"https:\/\/dicodusport.fr\/blog\/#organization\"},\"image\":{\"@id\":\"https:\/\/dicodusport.fr\/blog\/masters-1000-masculin-de-montreal-la-blessure-de-gael-monfils-plus-grave-que-prevu\/#primaryimage\"},\"thumbnailUrl\":\"https:\/\/dicodusport.fr\/blog\/wp-content\/uploads\/2022\/08\/Masters-1000-masculin-de-Montreal-La-blessure-de-Gael-Monfils-plus-grave-que-prevu.png\",\"keywords\":[\"Ga\u00ebl Monfils\",\"Masters 1000 de Montr\u00e9al\",\"Tennis fran\u00e7ais\"],\"articleSection\":[\"Tennis\"],\"inLanguage\":\"fr-FR\",\"potentialAction\":[{\"@type\":\"CommentAction\",\"name\":\"Comment\",\"target\":[\"https:\/\/dicodusport.fr\/blog\/masters-1000-masculin-de-montreal-la-blessure-de-gael-monfils-plus-grave-que-prevu\/#respond\"]}],\"copyrightYear\":\"2022\",\"copyrightHolder\":{\"@id\":\"https:\/\/dicodusport.fr\/blog\/#organization\"}},{\"@type\":\"WebPage\",\"@id\":\"https:\/\/dicodusport.fr\/blog\/masters-1000-masculin-de-montreal-la-blessure-de-gael-monfils-plus-grave-que-prevu\/\",\"url\":\"https:\/\/dicodusport.fr\/blog\/masters-1000-masculin-de-montreal-la-blessure-de-gael-monfils-plus-grave-que-prevu\/\",\"name\":\"Masters 1000 masculin de Montr\u00e9al : La blessure de Ga\u00ebl Monfils plus grave que pr\u00e9vu ?\",\"isPartOf\":{\"@id\":\"https:\/\/dicodusport.fr\/blog\/#website\"},\"primaryImageOfPage\":{\"@id\":\"https:\/\/dicodusport.fr\/blog\/masters-1000-masculin-de-montreal-la-blessure-de-gael-monfils-plus-grave-que-prevu\/#primaryimage\"},\"image\":{\"@id\":\"https:\/\/dicodusport.fr\/blog\/masters-1000-masculin-de-montreal-la-blessure-de-gael-monfils-plus-grave-que-prevu\/#primaryimage\"},\"thumbnailUrl\":\"https:\/\/dicodusport.fr\/blog\/wp-content\/uploads\/2022\/08\/Masters-1000-masculin-de-Montreal-La-blessure-de-Gael-Monfils-plus-grave-que-prevu.png\",\"datePublished\":\"2022-08-13T08:00:35+00:00\",\"dateModified\":\"2022-08-15T13:33:33+00:00\",\"description\":\"MASTERS 1000 MESSSIEURS DE MONTR\u00c9AL -\u00a0 Ga\u00ebl Monfils s'est bless\u00e9 pour son retour sur les courts lors du Masters 1000 de Montr\u00e9al\",\"breadcrumb\":{\"@id\":\"https:\/\/dicodusport.fr\/blog\/masters-1000-masculin-de-montreal-la-blessure-de-gael-monfils-plus-grave-que-prevu\/#breadcrumb\"},\"inLanguage\":\"fr-FR\",\"potentialAction\":[{\"@type\":\"ReadAction\",\"target\":[\"https:\/\/dicodusport.fr\/blog\/masters-1000-masculin-de-montreal-la-blessure-de-gael-monfils-plus-grave-que-prevu\/\"]}]},{\"@type\":\"ImageObject\",\"inLanguage\":\"fr-FR\",\"@id\":\"https:\/\/dicodusport.fr\/blog\/masters-1000-masculin-de-montreal-la-blessure-de-gael-monfils-plus-grave-que-prevu\/#primaryimage\",\"url\":\"https:\/\/dicodusport.fr\/blog\/wp-content\/uploads\/2022\/08\/Masters-1000-masculin-de-Montreal-La-blessure-de-Gael-Monfils-plus-grave-que-prevu.png\",\"contentUrl\":\"https:\/\/dicodusport.fr\/blog\/wp-content\/uploads\/2022\/08\/Masters-1000-masculin-de-Montreal-La-blessure-de-Gael-Monfils-plus-grave-que-prevu.png\",\"width\":800,\"height\":445,\"caption\":\"Masters 1000 masculin de Montr\u00e9al La blessure de Ga\u00ebl Monfils plus grave que pr\u00e9vu\"},{\"@type\":\"BreadcrumbList\",\"@id\":\"https:\/\/dicodusport.fr\/blog\/masters-1000-masculin-de-montreal-la-blessure-de-gael-monfils-plus-grave-que-prevu\/#breadcrumb\",\"itemListElement\":[{\"@type\":\"ListItem\",\"position\":1,\"name\":\"Accueil\",\"item\":\"https:\/\/dicodusport.fr\/blog\/\"},{\"@type\":\"ListItem\",\"position\":2,\"name\":\"Masters 1000 masculin de Montr\u00e9al : La blessure de Ga\u00ebl Monfils plus grave que pr\u00e9vu ?\"}]},{\"@type\":\"WebSite\",\"@id\":\"https:\/\/dicodusport.fr\/blog\/#website\",\"url\":\"https:\/\/dicodusport.fr\/blog\/\",\"name\":\"Dicodusport\",\"description\":\"L&#039;encyclop\u00e9die de l&#039;actualit\u00e9 sportive\",\"publisher\":{\"@id\":\"https:\/\/dicodusport.fr\/blog\/#organization\"},\"potentialAction\":[{\"@type\":\"SearchAction\",\"target\":{\"@type\":\"EntryPoint\",\"urlTemplate\":\"https:\/\/dicodusport.fr\/blog\/?s={search_term_string}\"},\"query-input\":{\"@type\":\"PropertyValueSpecification\",\"valueRequired\":true,\"valueName\":\"search_term_string\"}}],\"inLanguage\":\"fr-FR\"},{\"@type\":\"NewsMediaOrganization\",\"@id\":\"https:\/\/dicodusport.fr\/blog\/#organization\",\"name\":\"Dicodusport\",\"url\":\"https:\/\/dicodusport.fr\/blog\/\",\"logo\":{\"@type\":\"ImageObject\",\"inLanguage\":\"fr-FR\",\"@id\":\"https:\/\/dicodusport.fr\/blog\/#\/schema\/logo\/image\/\",\"url\":\"https:\/\/dicodusport.fr\/blog\/wp-content\/uploads\/2020\/06\/cropped-LOGO-DICODUSPORT-2020-SANS-FOND-SANS-TEXTE.png\",\"contentUrl\":\"https:\/\/dicodusport.fr\/blog\/wp-content\/uploads\/2020\/06\/cropped-LOGO-DICODUSPORT-2020-SANS-FOND-SANS-TEXTE.png\",\"width\":512,\"height\":512,\"caption\":\"Dicodusport\"},\"image\":{\"@id\":\"https:\/\/dicodusport.fr\/blog\/#\/schema\/logo\/image\/\"},\"sameAs\":[\"https:\/\/www.facebook.com\/dicodusport\",\"https:\/\/x.com\/dicodusport\",\"https:\/\/www.instagram.com\/dicodusport\/\",\"https:\/\/www.youtube.com\/channel\/UC7V2KZ5sd3htJivAbA4ZG3w\"],\"description\":\"Dicodusport est l'encyclop\u00e9die de l'actualit\u00e9 sportive.\",\"email\":\"bonjour@dicodusport.fr\",\"legalName\":\"DICODUSPORT\",\"foundingDate\":\"2018-01-14\",\"vatID\":\"FR71834470973\",\"taxID\":\"83447097300043\",\"numberOfEmployees\":{\"@type\":\"QuantitativeValue\",\"minValue\":\"1\",\"maxValue\":\"10\"}},{\"@type\":\"Person\",\"@id\":\"https:\/\/dicodusport.fr\/blog\/#\/schema\/person\/7ca91cb9956847cfcdf25671708a6e4f\",\"name\":\"Romain Fiore\",\"image\":{\"@type\":\"ImageObject\",\"inLanguage\":\"fr-FR\",\"@id\":\"https:\/\/dicodusport.fr\/blog\/#\/schema\/person\/image\/\",\"url\":\"https:\/\/dicodusport.fr\/blog\/wp-content\/uploads\/2022\/06\/IMG_2931-150x150.jpg\",\"contentUrl\":\"https:\/\/dicodusport.fr\/blog\/wp-content\/uploads\/2022\/06\/IMG_2931-150x150.jpg\",\"caption\":\"Romain Fiore\"},\"description\":\"Fan absolu de foot et d'un certain club \u00e0 l'\u00e9toile en bleu et blanc. Amateur de beau jeu et d'Argentins au pied gauche magique. Passionn\u00e9 de sport US (NBA, NFL, MLS) et loyal \u00e0 la Damian Lillard. Je suis l\u00e0 pour vous apporter tout ce que le sport peut nous donner.\",\"sameAs\":[\"https:\/\/www.linkedin.com\/in\/romain-fiore-191a451b6\/\",\"https:\/\/x.com\/https:\/\/twitter.com\/romain_fiore\"],\"url\":\"https:\/\/dicodusport.fr\/blog\/author\/romain-fiore\/\"}]}<\/script>\n<!-- \/ Yoast SEO Premium plugin. -->","yoast_head_json":{"title":"Masters 1000 masculin de Montr\u00e9al : La blessure de Ga\u00ebl Monfils plus grave que pr\u00e9vu ?","description":"MASTERS 1000 MESSSIEURS DE MONTR\u00c9AL -\u00a0 Ga\u00ebl Monfils s'est bless\u00e9 pour son retour sur les courts lors du Masters 1000 de Montr\u00e9al","robots":{"index":"index","follow":"follow","max-snippet":"max-snippet:-1","max-image-preview":"max-image-preview:large","max-video-preview":"max-video-preview:-1"},"canonical":"https:\/\/dicodusport.fr\/blog\/masters-1000-masculin-de-montreal-la-blessure-de-gael-monfils-plus-grave-que-prevu\/","og_locale":"fr_FR","og_type":"article","og_title":"Masters 1000 masculin de Montr\u00e9al : La blessure de Ga\u00ebl Monfils plus grave que pr\u00e9vu ?","og_description":"MASTERS 1000 MESSSIEURS DE MONTR\u00c9AL -\u00a0 Ga\u00ebl Monfils s'est bless\u00e9 pour son retour sur les courts lors du Masters 1000 de Montr\u00e9al","og_url":"https:\/\/dicodusport.fr\/blog\/masters-1000-masculin-de-montreal-la-blessure-de-gael-monfils-plus-grave-que-prevu\/","og_site_name":"Dicodusport","article_publisher":"https:\/\/www.facebook.com\/dicodusport","article_published_time":"2022-08-13T08:00:35+00:00","article_modified_time":"2022-08-15T13:33:33+00:00","og_image":[{"width":800,"height":445,"url":"https:\/\/dicodusport.fr\/blog\/wp-content\/uploads\/2022\/08\/Masters-1000-masculin-de-Montreal-La-blessure-de-Gael-Monfils-plus-grave-que-prevu.png","type":"image\/png"}],"author":"Romain Fiore","twitter_card":"summary_large_image","twitter_title":"Masters 1000 masculin de Montr\u00e9al : La blessure de Ga\u00ebl Monfils plus grave que pr\u00e9vu ?","twitter_creator":"@https:\/\/twitter.com\/romain_fiore","twitter_site":"@dicodusport","schema":{"@context":"https:\/\/schema.org","@graph":[{"@type":"NewsArticle","@id":"https:\/\/dicodusport.fr\/blog\/masters-1000-masculin-de-montreal-la-blessure-de-gael-monfils-plus-grave-que-prevu\/#article","isPartOf":{"@id":"https:\/\/dicodusport.fr\/blog\/masters-1000-masculin-de-montreal-la-blessure-de-gael-monfils-plus-grave-que-prevu\/"},"author":{"name":"Romain Fiore","@id":"https:\/\/dicodusport.fr\/blog\/#\/schema\/person\/7ca91cb9956847cfcdf25671708a6e4f"},"headline":"Masters 1000 masculin de Montr\u00e9al : La blessure de Ga\u00ebl Monfils plus grave que pr\u00e9vu ?","datePublished":"2022-08-13T08:00:35+00:00","dateModified":"2022-08-15T13:33:33+00:00","mainEntityOfPage":{"@id":"https:\/\/dicodusport.fr\/blog\/masters-1000-masculin-de-montreal-la-blessure-de-gael-monfils-plus-grave-que-prevu\/"},"wordCount":1449,"commentCount":0,"publisher":{"@id":"https:\/\/dicodusport.fr\/blog\/#organization"},"image":{"@id":"https:\/\/dicodusport.fr\/blog\/masters-1000-masculin-de-montreal-la-blessure-de-gael-monfils-plus-grave-que-prevu\/#primaryimage"},"thumbnailUrl":"https:\/\/dicodusport.fr\/blog\/wp-content\/uploads\/2022\/08\/Masters-1000-masculin-de-Montreal-La-blessure-de-Gael-Monfils-plus-grave-que-prevu.png","keywords":["Ga\u00ebl Monfils","Masters 1000 de Montr\u00e9al","Tennis fran\u00e7ais"],"articleSection":["Tennis"],"inLanguage":"fr-FR","potentialAction":[{"@type":"CommentAction","name":"Comment","target":["https:\/\/dicodusport.fr\/blog\/masters-1000-masculin-de-montreal-la-blessure-de-gael-monfils-plus-grave-que-prevu\/#respond"]}],"copyrightYear":"2022","copyrightHolder":{"@id":"https:\/\/dicodusport.fr\/blog\/#organization"}},{"@type":"WebPage","@id":"https:\/\/dicodusport.fr\/blog\/masters-1000-masculin-de-montreal-la-blessure-de-gael-monfils-plus-grave-que-prevu\/","url":"https:\/\/dicodusport.fr\/blog\/masters-1000-masculin-de-montreal-la-blessure-de-gael-monfils-plus-grave-que-prevu\/","name":"Masters 1000 masculin de Montr\u00e9al : La blessure de Ga\u00ebl Monfils plus grave que pr\u00e9vu ?","isPartOf":{"@id":"https:\/\/dicodusport.fr\/blog\/#website"},"primaryImageOfPage":{"@id":"https:\/\/dicodusport.fr\/blog\/masters-1000-masculin-de-montreal-la-blessure-de-gael-monfils-plus-grave-que-prevu\/#primaryimage"},"image":{"@id":"https:\/\/dicodusport.fr\/blog\/masters-1000-masculin-de-montreal-la-blessure-de-gael-monfils-plus-grave-que-prevu\/#primaryimage"},"thumbnailUrl":"https:\/\/dicodusport.fr\/blog\/wp-content\/uploads\/2022\/08\/Masters-1000-masculin-de-Montreal-La-blessure-de-Gael-Monfils-plus-grave-que-prevu.png","datePublished":"2022-08-13T08:00:35+00:00","dateModified":"2022-08-15T13:33:33+00:00","description":"MASTERS 1000 MESSSIEURS DE MONTR\u00c9AL -\u00a0 Ga\u00ebl Monfils s'est bless\u00e9 pour son retour sur les courts lors du Masters 1000 de Montr\u00e9al","breadcrumb":{"@id":"https:\/\/dicodusport.fr\/blog\/masters-1000-masculin-de-montreal-la-blessure-de-gael-monfils-plus-grave-que-prevu\/#breadcrumb"},"inLanguage":"fr-FR","potentialAction":[{"@type":"ReadAction","target":["https:\/\/dicodusport.fr\/blog\/masters-1000-masculin-de-montreal-la-blessure-de-gael-monfils-plus-grave-que-prevu\/"]}]},{"@type":"ImageObject","inLanguage":"fr-FR","@id":"https:\/\/dicodusport.fr\/blog\/masters-1000-masculin-de-montreal-la-blessure-de-gael-monfils-plus-grave-que-prevu\/#primaryimage","url":"https:\/\/dicodusport.fr\/blog\/wp-content\/uploads\/2022\/08\/Masters-1000-masculin-de-Montreal-La-blessure-de-Gael-Monfils-plus-grave-que-prevu.png","contentUrl":"https:\/\/dicodusport.fr\/blog\/wp-content\/uploads\/2022\/08\/Masters-1000-masculin-de-Montreal-La-blessure-de-Gael-Monfils-plus-grave-que-prevu.png","width":800,"height":445,"caption":"Masters 1000 masculin de Montr\u00e9al La blessure de Ga\u00ebl Monfils plus grave que pr\u00e9vu"},{"@type":"BreadcrumbList","@id":"https:\/\/dicodusport.fr\/blog\/masters-1000-masculin-de-montreal-la-blessure-de-gael-monfils-plus-grave-que-prevu\/#breadcrumb","itemListElement":[{"@type":"ListItem","position":1,"name":"Accueil","item":"https:\/\/dicodusport.fr\/blog\/"},{"@type":"ListItem","position":2,"name":"Masters 1000 masculin de Montr\u00e9al : La blessure de Ga\u00ebl Monfils plus grave que pr\u00e9vu ?"}]},{"@type":"WebSite","@id":"https:\/\/dicodusport.fr\/blog\/#website","url":"https:\/\/dicodusport.fr\/blog\/","name":"Dicodusport","description":"L&#039;encyclop\u00e9die de l&#039;actualit\u00e9 sportive","publisher":{"@id":"https:\/\/dicodusport.fr\/blog\/#organization"},"potentialAction":[{"@type":"SearchAction","target":{"@type":"EntryPoint","urlTemplate":"https:\/\/dicodusport.fr\/blog\/?s={search_term_string}"},"query-input":{"@type":"PropertyValueSpecification","valueRequired":true,"valueName":"search_term_string"}}],"inLanguage":"fr-FR"},{"@type":"NewsMediaOrganization","@id":"https:\/\/dicodusport.fr\/blog\/#organization","name":"Dicodusport","url":"https:\/\/dicodusport.fr\/blog\/","logo":{"@type":"ImageObject","inLanguage":"fr-FR","@id":"https:\/\/dicodusport.fr\/blog\/#\/schema\/logo\/image\/","url":"https:\/\/dicodusport.fr\/blog\/wp-content\/uploads\/2020\/06\/cropped-LOGO-DICODUSPORT-2020-SANS-FOND-SANS-TEXTE.png","contentUrl":"https:\/\/dicodusport.fr\/blog\/wp-content\/uploads\/2020\/06\/cropped-LOGO-DICODUSPORT-2020-SANS-FOND-SANS-TEXTE.png","width":512,"height":512,"caption":"Dicodusport"},"image":{"@id":"https:\/\/dicodusport.fr\/blog\/#\/schema\/logo\/image\/"},"sameAs":["https:\/\/www.facebook.com\/dicodusport","https:\/\/x.com\/dicodusport","https:\/\/www.instagram.com\/dicodusport\/","https:\/\/www.youtube.com\/channel\/UC7V2KZ5sd3htJivAbA4ZG3w"],"description":"Dicodusport est l'encyclop\u00e9die de l'actualit\u00e9 sportive.","email":"bonjour@dicodusport.fr","legalName":"DICODUSPORT","foundingDate":"2018-01-14","vatID":"FR71834470973","taxID":"83447097300043","numberOfEmployees":{"@type":"QuantitativeValue","minValue":"1","maxValue":"10"}},{"@type":"Person","@id":"https:\/\/dicodusport.fr\/blog\/#\/schema\/person\/7ca91cb9956847cfcdf25671708a6e4f","name":"Romain Fiore","image":{"@type":"ImageObject","inLanguage":"fr-FR","@id":"https:\/\/dicodusport.fr\/blog\/#\/schema\/person\/image\/","url":"https:\/\/dicodusport.fr\/blog\/wp-content\/uploads\/2022\/06\/IMG_2931-150x150.jpg","contentUrl":"https:\/\/dicodusport.fr\/blog\/wp-content\/uploads\/2022\/06\/IMG_2931-150x150.jpg","caption":"Romain Fiore"},"description":"Fan absolu de foot et d'un certain club \u00e0 l'\u00e9toile en bleu et blanc. Amateur de beau jeu et d'Argentins au pied gauche magique. Passionn\u00e9 de sport US (NBA, NFL, MLS) et loyal \u00e0 la Damian Lillard. Je suis l\u00e0 pour vous apporter tout ce que le sport peut nous donner.","sameAs":["https:\/\/www.linkedin.com\/in\/romain-fiore-191a451b6\/","https:\/\/x.com\/https:\/\/twitter.com\/romain_fiore"],"url":"https:\/\/dicodusport.fr\/blog\/author\/romain-fiore\/"}]}},"_links":{"self":[{"href":"https:\/\/dicodusport.fr\/blog\/wp-json\/wp\/v2\/posts\/251262","targetHints":{"allow":["GET"]}}],"collection":[{"href":"https:\/\/dicodusport.fr\/blog\/wp-json\/wp\/v2\/posts"}],"about":[{"href":"https:\/\/dicodusport.fr\/blog\/wp-json\/wp\/v2\/types\/post"}],"author":[{"embeddable":true,"href":"https:\/\/dicodusport.fr\/blog\/wp-json\/wp\/v2\/users\/73"}],"replies":[{"embeddable":true,"href":"https:\/\/dicodusport.fr\/blog\/wp-json\/wp\/v2\/comments?post=251262"}],"version-history":[{"count":0,"href":"https:\/\/dicodusport.fr\/blog\/wp-json\/wp\/v2\/posts\/251262\/revisions"}],"wp:featuredmedia":[{"embeddable":true,"href":"https:\/\/dicodusport.fr\/blog\/wp-json\/wp\/v2\/media\/251578"}],"wp:attachment":[{"href":"https:\/\/dicodusport.fr\/blog\/wp-json\/wp\/v2\/media?parent=251262"}],"wp:term":[{"taxonomy":"category","embeddable":true,"href":"https:\/\/dicodusport.fr\/blog\/wp-json\/wp\/v2\/categories?post=251262"},{"taxonomy":"post_tag","embeddable":true,"href":"https:\/\/dicodusport.fr\/blog\/wp-json\/wp\/v2\/tags?post=251262"}],"curies":[{"name":"wp","href":"https:\/\/api.w.org\/{rel}","templated":true}]}}