{"id":25132,"date":"2018-09-05T14:00:15","date_gmt":"2018-09-05T12:00:15","guid":{"rendered":"http:\/\/dicodusport.fr\/blog\/?p=25132"},"modified":"2020-05-15T19:03:16","modified_gmt":"2020-05-15T17:03:16","slug":"mondiaux-vtt-lenzerheide-pauline-ferrand-prevot-ambitieuse","status":"publish","type":"post","link":"https:\/\/dicodusport.fr\/blog\/mondiaux-vtt-lenzerheide-pauline-ferrand-prevot-ambitieuse\/","title":{"rendered":"Mondiaux VTT &#8211; Lenzerheide : Pauline Ferrand-Pr\u00e9vot ambitieuse"},"content":{"rendered":"<p style=\"text-align: justify;\"><strong><em>Septi\u00e8me du classement g\u00e9n\u00e9ral de la Coupe du monde en cross-country, la R\u00e9moise Pauline Ferrand-Pr\u00e9vot visera le podium lors des Mondiaux de Lenzerheide (Suisse), et plus si affinit\u00e9s.<br \/>\n<\/em><\/strong><\/p>\n<p style=\"text-align: justify;\">La t\u00e2che ne sera pas simple pour Pauline Ferrand-Pr\u00e9vot. La Fran\u00e7aise, championne du monde de la sp\u00e9cialit\u00e9 en 2015 \u00e0 Vallnord et en bronze l&rsquo;an pass\u00e9 \u00e0 Cairns, arrive avec la pancarte d&rsquo;outsider en Suisse, sur les terres de la grande favorite et championne du monde en titre, Jolanda Neff. Si la Suissesse, laur\u00e9ate de la Coupe du monde, sera difficile \u00e0 battre, la concurrence est dense sur le papier : la Danoise Annika Langvad a remport\u00e9 deux manches de Coupe du monde et s&rsquo;avance comme la rivale num\u00e9ro 1 de la native de Saint-Gall.<\/p>\n<p style=\"text-align: justify;\">Outre la dauphine de Jolanda Neff, la Polonaise Maja W\u0142oszczowska, en or il y a 8 ans et vice-championne olympique en 2008 et 2016, a fait preuve d&rsquo;une grande r\u00e9gularit\u00e9 cette saison, tout comme la Canadienne Emily Batty, troisi\u00e8me au g\u00e9n\u00e9ral de la Coupe du monde. <em>PFP<\/em> compl\u00e8te donc un plateau royal, avec ses deux podiums \u00e0 Stellenbosch (2\u00e8me) et Nove Mesto (3\u00e8me), sans oublier sa m\u00e9daille d&rsquo;argent lors des championnats Europ\u00e9ens cet \u00e9t\u00e9, derri\u00e8re Jolanda Neff, encore elle.<\/p>\n<p style=\"text-align: justify;\">Toujours est-il que la quintuple championne de France aborde ces Mondiaux avec app\u00e9tit. Hier, la Tricolore d\u00e9clarait sur son compte Instagram que <em>\u00ab la forme du moment \u00e9tait bonne \u00bb, <\/em>tout en affirmant qu&rsquo;elle serait <em>\u00ab heureuse d&rsquo;\u00eatre sur le podium. \u00bb <\/em>Un objectif atteignable pour la championne de 26 ans, qui peut m\u00eame voir plus grand selon son compagnon Julien Absalon : <em>\u00ab Elle sera l\u00e0 pour un podium, voire le titre. \u00bb <\/em>R\u00e9ponse ce samedi, sur les coups de 14h.<\/p>\n<p><strong><em>Flo Ostermann<br \/>\n<a href=\"https:\/\/www.facebook.com\/florent.ostermann\"><img loading=\"lazy\" decoding=\"async\" class=\"alignnone wp-image-2909\" src=\"http:\/\/dicodusport.fr\/blog\/wp-content\/uploads\/2017\/07\/logo-facebook-150x150.png\" sizes=\"auto, (max-width: 40px) 100vw, 40px\" srcset=\"https:\/\/dicodusport.fr\/blog\/wp-content\/uploads\/2017\/07\/logo-facebook-150x150.png 150w, https:\/\/dicodusport.fr\/blog\/wp-content\/uploads\/2017\/07\/logo-facebook-300x300.png 300w, https:\/\/dicodusport.fr\/blog\/wp-content\/uploads\/2017\/07\/logo-facebook.png 400w\" alt=\"\" width=\"40\" height=\"40\" \/><\/a><a href=\"https:\/\/twitter.com\/SportInsideMag\"><img loading=\"lazy\" decoding=\"async\" class=\"alignnone wp-image-2908\" src=\"http:\/\/dicodusport.fr\/blog\/wp-content\/uploads\/2017\/07\/logo-twitter-150x150.png\" alt=\"\" width=\"39\" height=\"39\" \/><\/a><\/em><\/strong><\/p>\n","protected":false},"excerpt":{"rendered":"<p>Septi\u00e8me du classement g\u00e9n\u00e9ral de la Coupe du monde en cross-country, la R\u00e9moise Pauline Ferrand-Pr\u00e9vot visera le podium lors des Mondiaux de Lenzerheide (Suisse), et plus si affinit\u00e9s.<\/p>\n","protected":false},"author":4,"featured_media":25159,"comment_status":"open","ping_status":"closed","sticky":false,"template":"","format":"standard","meta":{"_acf_changed":false,"_daextam_enable_autolinks":"","footnotes":""},"categories":[2,2307,10279],"tags":[1710,1340,4110,692],"class_list":["post-25132","post","type-post","status-publish","format-standard","has-post-thumbnail","hentry","category-actualites","category-cyclisme","category-vtt","tag-cross-country","tag-pauline-ferrand-prevot","tag-pfp","tag-vtt"],"acf":[],"yoast_head":"<!-- This site is optimized with the Yoast SEO Premium plugin v26.7 (Yoast SEO v26.7) - https:\/\/yoast.com\/wordpress\/plugins\/seo\/ -->\n<title>Mondiaux VTT - Lenzerheide : Pauline Ferrand-Pr\u00e9vot ambitieuse<\/title>\n<meta name=\"description\" content=\"Septi\u00e8me du classement g\u00e9n\u00e9ral de la Coupe du monde en cross-country, la R\u00e9moise Pauline Ferrand-Pr\u00e9vot visera le podium lors des Mondiaux de Lenzerheide.\" \/>\n<meta name=\"robots\" content=\"index, follow, max-snippet:-1, max-image-preview:large, max-video-preview:-1\" \/>\n<link rel=\"canonical\" href=\"https:\/\/dicodusport.fr\/blog\/mondiaux-vtt-lenzerheide-pauline-ferrand-prevot-ambitieuse\/\" \/>\n<meta property=\"og:locale\" content=\"fr_FR\" \/>\n<meta property=\"og:type\" content=\"article\" \/>\n<meta property=\"og:title\" content=\"Mondiaux VTT - Lenzerheide : Pauline Ferrand-Pr\u00e9vot ambitieuse\" \/>\n<meta property=\"og:description\" content=\"Septi\u00e8me du classement g\u00e9n\u00e9ral de la Coupe du monde en cross-country, la R\u00e9moise Pauline Ferrand-Pr\u00e9vot visera le podium lors des Mondiaux de Lenzerheide.\" \/>\n<meta property=\"og:url\" content=\"https:\/\/dicodusport.fr\/blog\/mondiaux-vtt-lenzerheide-pauline-ferrand-prevot-ambitieuse\/\" \/>\n<meta property=\"og:site_name\" content=\"Dicodusport\" \/>\n<meta property=\"article:publisher\" content=\"https:\/\/www.facebook.com\/dicodusport\" \/>\n<meta property=\"article:author\" content=\"https:\/\/www.facebook.com\/florent.ostermann\" \/>\n<meta property=\"article:published_time\" content=\"2018-09-05T12:00:15+00:00\" \/>\n<meta property=\"article:modified_time\" content=\"2020-05-15T17:03:16+00:00\" \/>\n<meta property=\"og:image\" content=\"https:\/\/dicodusport.fr\/blog\/wp-content\/uploads\/2018\/09\/Pauline-Ferrand-Pr\u00e9vot-Mondiaux-2018.png\" \/>\n\t<meta property=\"og:image:width\" content=\"800\" \/>\n\t<meta property=\"og:image:height\" content=\"445\" \/>\n\t<meta property=\"og:image:type\" content=\"image\/png\" \/>\n<meta name=\"author\" content=\"Flo Ostermann\" \/>\n<meta name=\"twitter:card\" content=\"summary_large_image\" \/>\n<meta name=\"twitter:creator\" content=\"@https:\/\/twitter.com\/FlOstermann\" \/>\n<meta name=\"twitter:site\" content=\"@dicodusport\" \/>\n<script type=\"application\/ld+json\" class=\"yoast-schema-graph\">{\"@context\":\"https:\/\/schema.org\",\"@graph\":[{\"@type\":\"NewsArticle\",\"@id\":\"https:\/\/dicodusport.fr\/blog\/mondiaux-vtt-lenzerheide-pauline-ferrand-prevot-ambitieuse\/#article\",\"isPartOf\":{\"@id\":\"https:\/\/dicodusport.fr\/blog\/mondiaux-vtt-lenzerheide-pauline-ferrand-prevot-ambitieuse\/\"},\"author\":{\"name\":\"Flo Ostermann\",\"@id\":\"https:\/\/dicodusport.fr\/blog\/#\/schema\/person\/cb02af4c173ce4a653b55e9baf388d4a\"},\"headline\":\"Mondiaux VTT &#8211; Lenzerheide : Pauline Ferrand-Pr\u00e9vot ambitieuse\",\"datePublished\":\"2018-09-05T12:00:15+00:00\",\"dateModified\":\"2020-05-15T17:03:16+00:00\",\"mainEntityOfPage\":{\"@id\":\"https:\/\/dicodusport.fr\/blog\/mondiaux-vtt-lenzerheide-pauline-ferrand-prevot-ambitieuse\/\"},\"wordCount\":308,\"commentCount\":0,\"publisher\":{\"@id\":\"https:\/\/dicodusport.fr\/blog\/#organization\"},\"image\":{\"@id\":\"https:\/\/dicodusport.fr\/blog\/mondiaux-vtt-lenzerheide-pauline-ferrand-prevot-ambitieuse\/#primaryimage\"},\"thumbnailUrl\":\"https:\/\/dicodusport.fr\/blog\/wp-content\/uploads\/2018\/09\/Pauline-Ferrand-Pr\u00e9vot-Mondiaux-2018.png\",\"keywords\":[\"cross country\",\"Pauline Ferrand-Pr\u00e9vot\",\"PFP\",\"VTT\"],\"articleSection\":[\"Actualit\u00e9s\",\"Cyclisme\",\"VTT\"],\"inLanguage\":\"fr-FR\",\"potentialAction\":[{\"@type\":\"CommentAction\",\"name\":\"Comment\",\"target\":[\"https:\/\/dicodusport.fr\/blog\/mondiaux-vtt-lenzerheide-pauline-ferrand-prevot-ambitieuse\/#respond\"]}],\"copyrightYear\":\"2018\",\"copyrightHolder\":{\"@id\":\"https:\/\/dicodusport.fr\/blog\/#organization\"}},{\"@type\":\"WebPage\",\"@id\":\"https:\/\/dicodusport.fr\/blog\/mondiaux-vtt-lenzerheide-pauline-ferrand-prevot-ambitieuse\/\",\"url\":\"https:\/\/dicodusport.fr\/blog\/mondiaux-vtt-lenzerheide-pauline-ferrand-prevot-ambitieuse\/\",\"name\":\"Mondiaux VTT - Lenzerheide : Pauline Ferrand-Pr\u00e9vot ambitieuse\",\"isPartOf\":{\"@id\":\"https:\/\/dicodusport.fr\/blog\/#website\"},\"primaryImageOfPage\":{\"@id\":\"https:\/\/dicodusport.fr\/blog\/mondiaux-vtt-lenzerheide-pauline-ferrand-prevot-ambitieuse\/#primaryimage\"},\"image\":{\"@id\":\"https:\/\/dicodusport.fr\/blog\/mondiaux-vtt-lenzerheide-pauline-ferrand-prevot-ambitieuse\/#primaryimage\"},\"thumbnailUrl\":\"https:\/\/dicodusport.fr\/blog\/wp-content\/uploads\/2018\/09\/Pauline-Ferrand-Pr\u00e9vot-Mondiaux-2018.png\",\"datePublished\":\"2018-09-05T12:00:15+00:00\",\"dateModified\":\"2020-05-15T17:03:16+00:00\",\"description\":\"Septi\u00e8me du classement g\u00e9n\u00e9ral de la Coupe du monde en cross-country, la R\u00e9moise Pauline Ferrand-Pr\u00e9vot visera le podium lors des Mondiaux de Lenzerheide.\",\"breadcrumb\":{\"@id\":\"https:\/\/dicodusport.fr\/blog\/mondiaux-vtt-lenzerheide-pauline-ferrand-prevot-ambitieuse\/#breadcrumb\"},\"inLanguage\":\"fr-FR\",\"potentialAction\":[{\"@type\":\"ReadAction\",\"target\":[\"https:\/\/dicodusport.fr\/blog\/mondiaux-vtt-lenzerheide-pauline-ferrand-prevot-ambitieuse\/\"]}]},{\"@type\":\"ImageObject\",\"inLanguage\":\"fr-FR\",\"@id\":\"https:\/\/dicodusport.fr\/blog\/mondiaux-vtt-lenzerheide-pauline-ferrand-prevot-ambitieuse\/#primaryimage\",\"url\":\"https:\/\/dicodusport.fr\/blog\/wp-content\/uploads\/2018\/09\/Pauline-Ferrand-Pr\u00e9vot-Mondiaux-2018.png\",\"contentUrl\":\"https:\/\/dicodusport.fr\/blog\/wp-content\/uploads\/2018\/09\/Pauline-Ferrand-Pr\u00e9vot-Mondiaux-2018.png\",\"width\":800,\"height\":445},{\"@type\":\"BreadcrumbList\",\"@id\":\"https:\/\/dicodusport.fr\/blog\/mondiaux-vtt-lenzerheide-pauline-ferrand-prevot-ambitieuse\/#breadcrumb\",\"itemListElement\":[{\"@type\":\"ListItem\",\"position\":1,\"name\":\"Accueil\",\"item\":\"https:\/\/dicodusport.fr\/blog\/\"},{\"@type\":\"ListItem\",\"position\":2,\"name\":\"Mondiaux VTT &#8211; Lenzerheide : Pauline Ferrand-Pr\u00e9vot ambitieuse\"}]},{\"@type\":\"WebSite\",\"@id\":\"https:\/\/dicodusport.fr\/blog\/#website\",\"url\":\"https:\/\/dicodusport.fr\/blog\/\",\"name\":\"Dicodusport\",\"description\":\"L&#039;encyclop\u00e9die de l&#039;actualit\u00e9 sportive\",\"publisher\":{\"@id\":\"https:\/\/dicodusport.fr\/blog\/#organization\"},\"potentialAction\":[{\"@type\":\"SearchAction\",\"target\":{\"@type\":\"EntryPoint\",\"urlTemplate\":\"https:\/\/dicodusport.fr\/blog\/?s={search_term_string}\"},\"query-input\":{\"@type\":\"PropertyValueSpecification\",\"valueRequired\":true,\"valueName\":\"search_term_string\"}}],\"inLanguage\":\"fr-FR\"},{\"@type\":\"NewsMediaOrganization\",\"@id\":\"https:\/\/dicodusport.fr\/blog\/#organization\",\"name\":\"Dicodusport\",\"url\":\"https:\/\/dicodusport.fr\/blog\/\",\"logo\":{\"@type\":\"ImageObject\",\"inLanguage\":\"fr-FR\",\"@id\":\"https:\/\/dicodusport.fr\/blog\/#\/schema\/logo\/image\/\",\"url\":\"https:\/\/dicodusport.fr\/blog\/wp-content\/uploads\/2020\/06\/cropped-LOGO-DICODUSPORT-2020-SANS-FOND-SANS-TEXTE.png\",\"contentUrl\":\"https:\/\/dicodusport.fr\/blog\/wp-content\/uploads\/2020\/06\/cropped-LOGO-DICODUSPORT-2020-SANS-FOND-SANS-TEXTE.png\",\"width\":512,\"height\":512,\"caption\":\"Dicodusport\"},\"image\":{\"@id\":\"https:\/\/dicodusport.fr\/blog\/#\/schema\/logo\/image\/\"},\"sameAs\":[\"https:\/\/www.facebook.com\/dicodusport\",\"https:\/\/x.com\/dicodusport\",\"https:\/\/www.instagram.com\/dicodusport\/\",\"https:\/\/www.youtube.com\/channel\/UC7V2KZ5sd3htJivAbA4ZG3w\"],\"description\":\"Dicodusport est l'encyclop\u00e9die de l'actualit\u00e9 sportive.\",\"email\":\"bonjour@dicodusport.fr\",\"legalName\":\"DICODUSPORT\",\"foundingDate\":\"2018-01-14\",\"vatID\":\"FR71834470973\",\"taxID\":\"83447097300043\",\"numberOfEmployees\":{\"@type\":\"QuantitativeValue\",\"minValue\":\"1\",\"maxValue\":\"10\"}},{\"@type\":\"Person\",\"@id\":\"https:\/\/dicodusport.fr\/blog\/#\/schema\/person\/cb02af4c173ce4a653b55e9baf388d4a\",\"name\":\"Flo Ostermann\",\"image\":{\"@type\":\"ImageObject\",\"inLanguage\":\"fr-FR\",\"@id\":\"https:\/\/dicodusport.fr\/blog\/#\/schema\/person\/image\/\",\"url\":\"https:\/\/dicodusport.fr\/blog\/wp-content\/uploads\/2021\/05\/Flo-Ostermann-150x150.jpg\",\"contentUrl\":\"https:\/\/dicodusport.fr\/blog\/wp-content\/uploads\/2021\/05\/Flo-Ostermann-150x150.jpg\",\"caption\":\"Flo Ostermann\"},\"description\":\"Journaliste\/R\u00e9dacteur depuis septembre 2015 - Mes premiers souvenirs dans le sport ? Les envol\u00e9es du Stade Toulousain et les duels Villeneuve-Schumacher et H\u00e4kkinen-Schumacher \u00e0 la fin des ann\u00e9es 90, la Coupe du monde de football en 1998, l\u2019exploit du XV de France face aux All Blacks en 1999, mais aussi Richard C\u0153ur de Lion qui vole sur les montagnes du Tour de France. Bien parti pour devenir professeur d\u2019EPS, les \u00e9v\u00e9nements de la vie (et la flemme d\u2019animer des s\u00e9ances de 3x500 m\u00e8tres toute ma vie) m\u2019ont conduit \u00e0 revoir mes plans. Me voil\u00e0 depuis fin 2017 sur Dicodusport, m\u00e9dia gr\u00e2ce (et pour) lequel je partage ma passion : le sport dans tous ses \u00e9tats. Le tout accompagn\u00e9 par les fous furieux et folles furieuses cit\u00e9s sur cette page !\",\"sameAs\":[\"https:\/\/www.facebook.com\/florent.ostermann\",\"https:\/\/x.com\/https:\/\/twitter.com\/FlOstermann\",\"admin\"],\"url\":\"https:\/\/dicodusport.fr\/blog\/author\/flo\/\"}]}<\/script>\n<!-- \/ Yoast SEO Premium plugin. -->","yoast_head_json":{"title":"Mondiaux VTT - Lenzerheide : Pauline Ferrand-Pr\u00e9vot ambitieuse","description":"Septi\u00e8me du classement g\u00e9n\u00e9ral de la Coupe du monde en cross-country, la R\u00e9moise Pauline Ferrand-Pr\u00e9vot visera le podium lors des Mondiaux de Lenzerheide.","robots":{"index":"index","follow":"follow","max-snippet":"max-snippet:-1","max-image-preview":"max-image-preview:large","max-video-preview":"max-video-preview:-1"},"canonical":"https:\/\/dicodusport.fr\/blog\/mondiaux-vtt-lenzerheide-pauline-ferrand-prevot-ambitieuse\/","og_locale":"fr_FR","og_type":"article","og_title":"Mondiaux VTT - Lenzerheide : Pauline Ferrand-Pr\u00e9vot ambitieuse","og_description":"Septi\u00e8me du classement g\u00e9n\u00e9ral de la Coupe du monde en cross-country, la R\u00e9moise Pauline Ferrand-Pr\u00e9vot visera le podium lors des Mondiaux de Lenzerheide.","og_url":"https:\/\/dicodusport.fr\/blog\/mondiaux-vtt-lenzerheide-pauline-ferrand-prevot-ambitieuse\/","og_site_name":"Dicodusport","article_publisher":"https:\/\/www.facebook.com\/dicodusport","article_author":"https:\/\/www.facebook.com\/florent.ostermann","article_published_time":"2018-09-05T12:00:15+00:00","article_modified_time":"2020-05-15T17:03:16+00:00","og_image":[{"width":800,"height":445,"url":"https:\/\/dicodusport.fr\/blog\/wp-content\/uploads\/2018\/09\/Pauline-Ferrand-Pr\u00e9vot-Mondiaux-2018.png","type":"image\/png"}],"author":"Flo Ostermann","twitter_card":"summary_large_image","twitter_creator":"@https:\/\/twitter.com\/FlOstermann","twitter_site":"@dicodusport","schema":{"@context":"https:\/\/schema.org","@graph":[{"@type":"NewsArticle","@id":"https:\/\/dicodusport.fr\/blog\/mondiaux-vtt-lenzerheide-pauline-ferrand-prevot-ambitieuse\/#article","isPartOf":{"@id":"https:\/\/dicodusport.fr\/blog\/mondiaux-vtt-lenzerheide-pauline-ferrand-prevot-ambitieuse\/"},"author":{"name":"Flo Ostermann","@id":"https:\/\/dicodusport.fr\/blog\/#\/schema\/person\/cb02af4c173ce4a653b55e9baf388d4a"},"headline":"Mondiaux VTT &#8211; Lenzerheide : Pauline Ferrand-Pr\u00e9vot ambitieuse","datePublished":"2018-09-05T12:00:15+00:00","dateModified":"2020-05-15T17:03:16+00:00","mainEntityOfPage":{"@id":"https:\/\/dicodusport.fr\/blog\/mondiaux-vtt-lenzerheide-pauline-ferrand-prevot-ambitieuse\/"},"wordCount":308,"commentCount":0,"publisher":{"@id":"https:\/\/dicodusport.fr\/blog\/#organization"},"image":{"@id":"https:\/\/dicodusport.fr\/blog\/mondiaux-vtt-lenzerheide-pauline-ferrand-prevot-ambitieuse\/#primaryimage"},"thumbnailUrl":"https:\/\/dicodusport.fr\/blog\/wp-content\/uploads\/2018\/09\/Pauline-Ferrand-Pr\u00e9vot-Mondiaux-2018.png","keywords":["cross country","Pauline Ferrand-Pr\u00e9vot","PFP","VTT"],"articleSection":["Actualit\u00e9s","Cyclisme","VTT"],"inLanguage":"fr-FR","potentialAction":[{"@type":"CommentAction","name":"Comment","target":["https:\/\/dicodusport.fr\/blog\/mondiaux-vtt-lenzerheide-pauline-ferrand-prevot-ambitieuse\/#respond"]}],"copyrightYear":"2018","copyrightHolder":{"@id":"https:\/\/dicodusport.fr\/blog\/#organization"}},{"@type":"WebPage","@id":"https:\/\/dicodusport.fr\/blog\/mondiaux-vtt-lenzerheide-pauline-ferrand-prevot-ambitieuse\/","url":"https:\/\/dicodusport.fr\/blog\/mondiaux-vtt-lenzerheide-pauline-ferrand-prevot-ambitieuse\/","name":"Mondiaux VTT - Lenzerheide : Pauline Ferrand-Pr\u00e9vot ambitieuse","isPartOf":{"@id":"https:\/\/dicodusport.fr\/blog\/#website"},"primaryImageOfPage":{"@id":"https:\/\/dicodusport.fr\/blog\/mondiaux-vtt-lenzerheide-pauline-ferrand-prevot-ambitieuse\/#primaryimage"},"image":{"@id":"https:\/\/dicodusport.fr\/blog\/mondiaux-vtt-lenzerheide-pauline-ferrand-prevot-ambitieuse\/#primaryimage"},"thumbnailUrl":"https:\/\/dicodusport.fr\/blog\/wp-content\/uploads\/2018\/09\/Pauline-Ferrand-Pr\u00e9vot-Mondiaux-2018.png","datePublished":"2018-09-05T12:00:15+00:00","dateModified":"2020-05-15T17:03:16+00:00","description":"Septi\u00e8me du classement g\u00e9n\u00e9ral de la Coupe du monde en cross-country, la R\u00e9moise Pauline Ferrand-Pr\u00e9vot visera le podium lors des Mondiaux de Lenzerheide.","breadcrumb":{"@id":"https:\/\/dicodusport.fr\/blog\/mondiaux-vtt-lenzerheide-pauline-ferrand-prevot-ambitieuse\/#breadcrumb"},"inLanguage":"fr-FR","potentialAction":[{"@type":"ReadAction","target":["https:\/\/dicodusport.fr\/blog\/mondiaux-vtt-lenzerheide-pauline-ferrand-prevot-ambitieuse\/"]}]},{"@type":"ImageObject","inLanguage":"fr-FR","@id":"https:\/\/dicodusport.fr\/blog\/mondiaux-vtt-lenzerheide-pauline-ferrand-prevot-ambitieuse\/#primaryimage","url":"https:\/\/dicodusport.fr\/blog\/wp-content\/uploads\/2018\/09\/Pauline-Ferrand-Pr\u00e9vot-Mondiaux-2018.png","contentUrl":"https:\/\/dicodusport.fr\/blog\/wp-content\/uploads\/2018\/09\/Pauline-Ferrand-Pr\u00e9vot-Mondiaux-2018.png","width":800,"height":445},{"@type":"BreadcrumbList","@id":"https:\/\/dicodusport.fr\/blog\/mondiaux-vtt-lenzerheide-pauline-ferrand-prevot-ambitieuse\/#breadcrumb","itemListElement":[{"@type":"ListItem","position":1,"name":"Accueil","item":"https:\/\/dicodusport.fr\/blog\/"},{"@type":"ListItem","position":2,"name":"Mondiaux VTT &#8211; Lenzerheide : Pauline Ferrand-Pr\u00e9vot ambitieuse"}]},{"@type":"WebSite","@id":"https:\/\/dicodusport.fr\/blog\/#website","url":"https:\/\/dicodusport.fr\/blog\/","name":"Dicodusport","description":"L&#039;encyclop\u00e9die de l&#039;actualit\u00e9 sportive","publisher":{"@id":"https:\/\/dicodusport.fr\/blog\/#organization"},"potentialAction":[{"@type":"SearchAction","target":{"@type":"EntryPoint","urlTemplate":"https:\/\/dicodusport.fr\/blog\/?s={search_term_string}"},"query-input":{"@type":"PropertyValueSpecification","valueRequired":true,"valueName":"search_term_string"}}],"inLanguage":"fr-FR"},{"@type":"NewsMediaOrganization","@id":"https:\/\/dicodusport.fr\/blog\/#organization","name":"Dicodusport","url":"https:\/\/dicodusport.fr\/blog\/","logo":{"@type":"ImageObject","inLanguage":"fr-FR","@id":"https:\/\/dicodusport.fr\/blog\/#\/schema\/logo\/image\/","url":"https:\/\/dicodusport.fr\/blog\/wp-content\/uploads\/2020\/06\/cropped-LOGO-DICODUSPORT-2020-SANS-FOND-SANS-TEXTE.png","contentUrl":"https:\/\/dicodusport.fr\/blog\/wp-content\/uploads\/2020\/06\/cropped-LOGO-DICODUSPORT-2020-SANS-FOND-SANS-TEXTE.png","width":512,"height":512,"caption":"Dicodusport"},"image":{"@id":"https:\/\/dicodusport.fr\/blog\/#\/schema\/logo\/image\/"},"sameAs":["https:\/\/www.facebook.com\/dicodusport","https:\/\/x.com\/dicodusport","https:\/\/www.instagram.com\/dicodusport\/","https:\/\/www.youtube.com\/channel\/UC7V2KZ5sd3htJivAbA4ZG3w"],"description":"Dicodusport est l'encyclop\u00e9die de l'actualit\u00e9 sportive.","email":"bonjour@dicodusport.fr","legalName":"DICODUSPORT","foundingDate":"2018-01-14","vatID":"FR71834470973","taxID":"83447097300043","numberOfEmployees":{"@type":"QuantitativeValue","minValue":"1","maxValue":"10"}},{"@type":"Person","@id":"https:\/\/dicodusport.fr\/blog\/#\/schema\/person\/cb02af4c173ce4a653b55e9baf388d4a","name":"Flo Ostermann","image":{"@type":"ImageObject","inLanguage":"fr-FR","@id":"https:\/\/dicodusport.fr\/blog\/#\/schema\/person\/image\/","url":"https:\/\/dicodusport.fr\/blog\/wp-content\/uploads\/2021\/05\/Flo-Ostermann-150x150.jpg","contentUrl":"https:\/\/dicodusport.fr\/blog\/wp-content\/uploads\/2021\/05\/Flo-Ostermann-150x150.jpg","caption":"Flo Ostermann"},"description":"Journaliste\/R\u00e9dacteur depuis septembre 2015 - Mes premiers souvenirs dans le sport ? Les envol\u00e9es du Stade Toulousain et les duels Villeneuve-Schumacher et H\u00e4kkinen-Schumacher \u00e0 la fin des ann\u00e9es 90, la Coupe du monde de football en 1998, l\u2019exploit du XV de France face aux All Blacks en 1999, mais aussi Richard C\u0153ur de Lion qui vole sur les montagnes du Tour de France. Bien parti pour devenir professeur d\u2019EPS, les \u00e9v\u00e9nements de la vie (et la flemme d\u2019animer des s\u00e9ances de 3x500 m\u00e8tres toute ma vie) m\u2019ont conduit \u00e0 revoir mes plans. Me voil\u00e0 depuis fin 2017 sur Dicodusport, m\u00e9dia gr\u00e2ce (et pour) lequel je partage ma passion : le sport dans tous ses \u00e9tats. Le tout accompagn\u00e9 par les fous furieux et folles furieuses cit\u00e9s sur cette page !","sameAs":["https:\/\/www.facebook.com\/florent.ostermann","https:\/\/x.com\/https:\/\/twitter.com\/FlOstermann","admin"],"url":"https:\/\/dicodusport.fr\/blog\/author\/flo\/"}]}},"_links":{"self":[{"href":"https:\/\/dicodusport.fr\/blog\/wp-json\/wp\/v2\/posts\/25132","targetHints":{"allow":["GET"]}}],"collection":[{"href":"https:\/\/dicodusport.fr\/blog\/wp-json\/wp\/v2\/posts"}],"about":[{"href":"https:\/\/dicodusport.fr\/blog\/wp-json\/wp\/v2\/types\/post"}],"author":[{"embeddable":true,"href":"https:\/\/dicodusport.fr\/blog\/wp-json\/wp\/v2\/users\/4"}],"replies":[{"embeddable":true,"href":"https:\/\/dicodusport.fr\/blog\/wp-json\/wp\/v2\/comments?post=25132"}],"version-history":[{"count":0,"href":"https:\/\/dicodusport.fr\/blog\/wp-json\/wp\/v2\/posts\/25132\/revisions"}],"wp:featuredmedia":[{"embeddable":true,"href":"https:\/\/dicodusport.fr\/blog\/wp-json\/wp\/v2\/media\/25159"}],"wp:attachment":[{"href":"https:\/\/dicodusport.fr\/blog\/wp-json\/wp\/v2\/media?parent=25132"}],"wp:term":[{"taxonomy":"category","embeddable":true,"href":"https:\/\/dicodusport.fr\/blog\/wp-json\/wp\/v2\/categories?post=25132"},{"taxonomy":"post_tag","embeddable":true,"href":"https:\/\/dicodusport.fr\/blog\/wp-json\/wp\/v2\/tags?post=25132"}],"curies":[{"name":"wp","href":"https:\/\/api.w.org\/{rel}","templated":true}]}}