{"id":251345,"date":"2022-08-12T16:00:03","date_gmt":"2022-08-12T14:00:03","guid":{"rendered":"https:\/\/dicodusport.fr\/blog\/?p=251345&#038;preview=true&#038;preview_id=251345"},"modified":"2022-08-12T16:04:44","modified_gmt":"2022-08-12T14:04:44","slug":"xv-de-france-les-internationaux-en-fin-de-contrat-en-2023","status":"publish","type":"post","link":"https:\/\/dicodusport.fr\/blog\/xv-de-france-les-internationaux-en-fin-de-contrat-en-2023\/","title":{"rendered":"XV de France : Les internationaux en fin de contrat en 2023"},"content":{"rendered":"<p style=\"text-align: justify;\"><strong><em>XV DE FRANCE &#8211; Comme le rappelle nos confr\u00e8res du Midi Olympique, plusieurs internationaux fran\u00e7ais sont en fin de contrat en juin 2023.\u00a0<\/em><\/strong><\/p>\n<p style=\"text-align: justify;\"><strong>Cameron Woki<\/strong> aurait d\u00fb \u00eatre dans cette liste mais<a href=\"https:\/\/dicodusport.fr\/blog\/cameron-woki-quitte-lubb-pour-le-racing-92\/\"> il a finalement choisi de rejoindre le Racing 92<\/a> \u00e0 un an de la fin de son contrat avec l&rsquo;UBB.<strong> Uini Atonio<\/strong> n&rsquo;y sera pas non plus puisqu&rsquo;<a href=\"https:\/\/dicodusport.fr\/blog\/le-stade-rochelais-blinde-uini-atonio\/\">il a prolong\u00e9 avec le Stade Rochelais<\/a> jusqu&rsquo;en 2025, au contraire de son co\u00e9quipier <strong>Brice Dulin<\/strong>. L&rsquo;arri\u00e8re de 32 ans a perdu sa place avec les Bleus et va devoir faire un choix pour son avenir, car il devrait signer l&rsquo;un de ses derniers gros contrats. <strong>Virimi Vakatawa<\/strong> est dans le m\u00eame cas. \u00c0 plus de 30 ans, il aura une d\u00e9cision importante \u00e0 prendre cette ann\u00e9e, m\u00eame si pour le moment, rien ne le pousse loin du <strong>Racing 92<\/strong>.<\/p>\n<h2>Penaud, le dossier le plus chaud<\/h2>\n<p style=\"text-align: justify;\"><a href=\"https:\/\/dicodusport.fr\/blog\/mercato-damian-penaud-vers-le-stade-toulousain\/\" target=\"_blank\" rel=\"noopener\"><strong>Damian Penaud<\/strong> est lui l&rsquo;attraction des internationaux en fin de contrat<\/a>. Une prolongation \u00e0 l&rsquo;<strong>ASM Clermont<\/strong> est tr\u00e8s improbable et tous les autres cadors de <strong>Top 14<\/strong> se sont mis en alerte. Le Stade Toulousain et le Racing 92 sont pour le moment les mieux plac\u00e9s. <strong>Demba Bamba<\/strong>, actuellement bless\u00e9, sera aussi courtis\u00e9. Mais le <strong>LOU<\/strong> tient la corde pour une prolongation. <a href=\"https:\/\/dicodusport.fr\/blog\/mercato-trois-clubs-de-top-14-visent-selevasio-tolofua\/\" target=\"_blank\" rel=\"noopener\"><strong>Selevasio Tolofua<\/strong>, aussi en fin de contrat<\/a>, est lui courtis\u00e9 par plusieurs \u00e9curies de <strong>Top 14,<\/strong> m\u00eame si le <strong>Stade Toulousain<\/strong> n&rsquo;a pas dit son dernier mot sur ce dossier.<\/p>\n<p style=\"text-align: justify;\">Mais c&rsquo;est bien en deuxi\u00e8me ligne qu&rsquo;il y a le plus grand nombre de joueurs sur le march\u00e9 dans moins de 12 mois. <a href=\"https:\/\/dicodusport.fr\/blog\/mercato-pierre-henri-azagoh-dans-le-viseur-de-plusieurs-cadors-de-top-14\/\"><strong>Pierre-Henri Azagoh<\/strong> est le plus courtis\u00e9<\/a> avec plusieurs grosses \u00e9curies \u00e0 ses trousses. Mais le club parisien esp\u00e8re le convaincre de prolonger. <strong>Cyril Cazeaux<\/strong> et <strong>Thomas Jolmes<\/strong>, deuxi\u00e8mes lignes de l&rsquo;Union Bordeaux-B\u00e8gles, et <strong>Boris Palu<\/strong>, du Racing 92 sont aussi sur le march\u00e9 sans que des informations sur leur avenir n&rsquo;aient filtr\u00e9 pour le moment. Enfin <strong>R\u00e9mi Picquette<\/strong> est en discussions avec les dirigeants rochelais pour une prolongation, mais rien n&rsquo;est act\u00e9 jusqu&rsquo;ici.<\/p>\n<blockquote class=\"twitter-tweet\">\n<p dir=\"ltr\" lang=\"fr\">Apr\u00e8s la prolongation d&rsquo;Atonio cette semaine, il reste quelques tricolores en fin de contrat. Logiquement, ils vont animer l\u2019actualit\u00e9 en coulisses<a href=\"https:\/\/t.co\/N0TpPJkKxj\">https:\/\/t.co\/N0TpPJkKxj<\/a><\/p>\n<p>\u2014 Midi Olympique (@midi_olympique) <a href=\"https:\/\/twitter.com\/midi_olympique\/status\/1557980278269919233?ref_src=twsrc%5Etfw\">August 12, 2022<\/a><\/p><\/blockquote>\n<p style=\"text-align: justify;\"><script async src=\"https:\/\/platform.twitter.com\/widgets.js\" charset=\"utf-8\"><\/script><\/p>\n","protected":false},"excerpt":{"rendered":"<p>XV DE FRANCE &#8211; Comme le rappelle nos confr\u00e8res du Midi Olympique, plusieurs internationaux fran\u00e7ais sont en fin de contrat en juin 2023.<\/p>\n","protected":false},"author":1,"featured_media":251346,"comment_status":"open","ping_status":"closed","sticky":false,"template":"","format":"standard","meta":{"_acf_changed":false,"_daextam_enable_autolinks":"","footnotes":""},"categories":[9129,47050,19951],"tags":[7689,8757,1638],"class_list":["post-251345","post","type-post","status-publish","format-standard","has-post-thumbnail","hentry","category-rugby-a-xv","category-top-14","category-xv-de-france","tag-damian-penaud","tag-penaud","tag-xv-de-france"],"acf":[],"yoast_head":"<!-- This site is optimized with the Yoast SEO Premium plugin v26.7 (Yoast SEO v26.7) - https:\/\/yoast.com\/wordpress\/plugins\/seo\/ -->\n<title>XV de France : Les internationaux en fin de contrat en 2023<\/title>\n<meta name=\"description\" content=\"XV DE FRANCE - Comme le rappelle nos confr\u00e8res du Midi Olympique, plusieurs internationaux fran\u00e7ais sont en fin de contrat en juin 2023.\" \/>\n<meta name=\"robots\" content=\"index, follow, max-snippet:-1, max-image-preview:large, max-video-preview:-1\" \/>\n<link rel=\"canonical\" href=\"https:\/\/dicodusport.fr\/blog\/xv-de-france-les-internationaux-en-fin-de-contrat-en-2023\/\" \/>\n<meta property=\"og:locale\" content=\"fr_FR\" \/>\n<meta property=\"og:type\" content=\"article\" \/>\n<meta property=\"og:title\" content=\"XV de France : Les internationaux en fin de contrat en 2023\" \/>\n<meta property=\"og:description\" content=\"XV DE FRANCE - Comme le rappelle nos confr\u00e8res du Midi Olympique, plusieurs internationaux fran\u00e7ais sont en fin de contrat en juin 2023.\" \/>\n<meta property=\"og:url\" content=\"https:\/\/dicodusport.fr\/blog\/xv-de-france-les-internationaux-en-fin-de-contrat-en-2023\/\" \/>\n<meta property=\"og:site_name\" content=\"Dicodusport\" \/>\n<meta property=\"article:publisher\" content=\"https:\/\/www.facebook.com\/dicodusport\" \/>\n<meta property=\"article:author\" content=\"https:\/\/www.facebook.com\/dicodusport\" \/>\n<meta property=\"article:published_time\" content=\"2022-08-12T14:00:03+00:00\" \/>\n<meta property=\"article:modified_time\" content=\"2022-08-12T14:04:44+00:00\" \/>\n<meta property=\"og:image\" content=\"https:\/\/dicodusport.fr\/blog\/wp-content\/uploads\/2022\/08\/XV-de-France-Les-internationaux-en-fin-de-contrat-en-2023.png\" \/>\n\t<meta property=\"og:image:width\" content=\"800\" \/>\n\t<meta property=\"og:image:height\" content=\"445\" \/>\n\t<meta property=\"og:image:type\" content=\"image\/png\" \/>\n<meta name=\"author\" content=\"Nicolas Jacquemard\" \/>\n<meta name=\"twitter:card\" content=\"summary_large_image\" \/>\n<meta name=\"twitter:title\" content=\"XV de France : Les internationaux en fin de contrat en 2023\" \/>\n<meta name=\"twitter:creator\" content=\"@https:\/\/twitter.com\/Nico_Jacquemard\" \/>\n<meta name=\"twitter:site\" content=\"@dicodusport\" \/>\n<script type=\"application\/ld+json\" class=\"yoast-schema-graph\">{\"@context\":\"https:\/\/schema.org\",\"@graph\":[{\"@type\":\"NewsArticle\",\"@id\":\"https:\/\/dicodusport.fr\/blog\/xv-de-france-les-internationaux-en-fin-de-contrat-en-2023\/#article\",\"isPartOf\":{\"@id\":\"https:\/\/dicodusport.fr\/blog\/xv-de-france-les-internationaux-en-fin-de-contrat-en-2023\/\"},\"author\":{\"name\":\"Nicolas Jacquemard\",\"@id\":\"https:\/\/dicodusport.fr\/blog\/#\/schema\/person\/55dcb50ad410894e431ed812bbb70191\"},\"headline\":\"XV de France : Les internationaux en fin de contrat en 2023\",\"datePublished\":\"2022-08-12T14:00:03+00:00\",\"dateModified\":\"2022-08-12T14:04:44+00:00\",\"mainEntityOfPage\":{\"@id\":\"https:\/\/dicodusport.fr\/blog\/xv-de-france-les-internationaux-en-fin-de-contrat-en-2023\/\"},\"wordCount\":391,\"commentCount\":0,\"publisher\":{\"@id\":\"https:\/\/dicodusport.fr\/blog\/#organization\"},\"image\":{\"@id\":\"https:\/\/dicodusport.fr\/blog\/xv-de-france-les-internationaux-en-fin-de-contrat-en-2023\/#primaryimage\"},\"thumbnailUrl\":\"https:\/\/dicodusport.fr\/blog\/wp-content\/uploads\/2022\/08\/XV-de-France-Les-internationaux-en-fin-de-contrat-en-2023.png\",\"keywords\":[\"Damian Penaud\",\"Penaud\",\"XV de France\"],\"articleSection\":[\"Rugby \u00e0 XV\",\"Top 14\",\"XV de France\"],\"inLanguage\":\"fr-FR\",\"potentialAction\":[{\"@type\":\"CommentAction\",\"name\":\"Comment\",\"target\":[\"https:\/\/dicodusport.fr\/blog\/xv-de-france-les-internationaux-en-fin-de-contrat-en-2023\/#respond\"]}],\"copyrightYear\":\"2022\",\"copyrightHolder\":{\"@id\":\"https:\/\/dicodusport.fr\/blog\/#organization\"}},{\"@type\":\"WebPage\",\"@id\":\"https:\/\/dicodusport.fr\/blog\/xv-de-france-les-internationaux-en-fin-de-contrat-en-2023\/\",\"url\":\"https:\/\/dicodusport.fr\/blog\/xv-de-france-les-internationaux-en-fin-de-contrat-en-2023\/\",\"name\":\"XV de France : Les internationaux en fin de contrat en 2023\",\"isPartOf\":{\"@id\":\"https:\/\/dicodusport.fr\/blog\/#website\"},\"primaryImageOfPage\":{\"@id\":\"https:\/\/dicodusport.fr\/blog\/xv-de-france-les-internationaux-en-fin-de-contrat-en-2023\/#primaryimage\"},\"image\":{\"@id\":\"https:\/\/dicodusport.fr\/blog\/xv-de-france-les-internationaux-en-fin-de-contrat-en-2023\/#primaryimage\"},\"thumbnailUrl\":\"https:\/\/dicodusport.fr\/blog\/wp-content\/uploads\/2022\/08\/XV-de-France-Les-internationaux-en-fin-de-contrat-en-2023.png\",\"datePublished\":\"2022-08-12T14:00:03+00:00\",\"dateModified\":\"2022-08-12T14:04:44+00:00\",\"description\":\"XV DE FRANCE - Comme le rappelle nos confr\u00e8res du Midi Olympique, plusieurs internationaux fran\u00e7ais sont en fin de contrat en juin 2023.\",\"breadcrumb\":{\"@id\":\"https:\/\/dicodusport.fr\/blog\/xv-de-france-les-internationaux-en-fin-de-contrat-en-2023\/#breadcrumb\"},\"inLanguage\":\"fr-FR\",\"potentialAction\":[{\"@type\":\"ReadAction\",\"target\":[\"https:\/\/dicodusport.fr\/blog\/xv-de-france-les-internationaux-en-fin-de-contrat-en-2023\/\"]}]},{\"@type\":\"ImageObject\",\"inLanguage\":\"fr-FR\",\"@id\":\"https:\/\/dicodusport.fr\/blog\/xv-de-france-les-internationaux-en-fin-de-contrat-en-2023\/#primaryimage\",\"url\":\"https:\/\/dicodusport.fr\/blog\/wp-content\/uploads\/2022\/08\/XV-de-France-Les-internationaux-en-fin-de-contrat-en-2023.png\",\"contentUrl\":\"https:\/\/dicodusport.fr\/blog\/wp-content\/uploads\/2022\/08\/XV-de-France-Les-internationaux-en-fin-de-contrat-en-2023.png\",\"width\":800,\"height\":445},{\"@type\":\"BreadcrumbList\",\"@id\":\"https:\/\/dicodusport.fr\/blog\/xv-de-france-les-internationaux-en-fin-de-contrat-en-2023\/#breadcrumb\",\"itemListElement\":[{\"@type\":\"ListItem\",\"position\":1,\"name\":\"Accueil\",\"item\":\"https:\/\/dicodusport.fr\/blog\/\"},{\"@type\":\"ListItem\",\"position\":2,\"name\":\"XV de France : Les internationaux en fin de contrat en 2023\"}]},{\"@type\":\"WebSite\",\"@id\":\"https:\/\/dicodusport.fr\/blog\/#website\",\"url\":\"https:\/\/dicodusport.fr\/blog\/\",\"name\":\"Dicodusport\",\"description\":\"L&#039;encyclop\u00e9die de l&#039;actualit\u00e9 sportive\",\"publisher\":{\"@id\":\"https:\/\/dicodusport.fr\/blog\/#organization\"},\"potentialAction\":[{\"@type\":\"SearchAction\",\"target\":{\"@type\":\"EntryPoint\",\"urlTemplate\":\"https:\/\/dicodusport.fr\/blog\/?s={search_term_string}\"},\"query-input\":{\"@type\":\"PropertyValueSpecification\",\"valueRequired\":true,\"valueName\":\"search_term_string\"}}],\"inLanguage\":\"fr-FR\"},{\"@type\":\"NewsMediaOrganization\",\"@id\":\"https:\/\/dicodusport.fr\/blog\/#organization\",\"name\":\"Dicodusport\",\"url\":\"https:\/\/dicodusport.fr\/blog\/\",\"logo\":{\"@type\":\"ImageObject\",\"inLanguage\":\"fr-FR\",\"@id\":\"https:\/\/dicodusport.fr\/blog\/#\/schema\/logo\/image\/\",\"url\":\"https:\/\/dicodusport.fr\/blog\/wp-content\/uploads\/2020\/06\/cropped-LOGO-DICODUSPORT-2020-SANS-FOND-SANS-TEXTE.png\",\"contentUrl\":\"https:\/\/dicodusport.fr\/blog\/wp-content\/uploads\/2020\/06\/cropped-LOGO-DICODUSPORT-2020-SANS-FOND-SANS-TEXTE.png\",\"width\":512,\"height\":512,\"caption\":\"Dicodusport\"},\"image\":{\"@id\":\"https:\/\/dicodusport.fr\/blog\/#\/schema\/logo\/image\/\"},\"sameAs\":[\"https:\/\/www.facebook.com\/dicodusport\",\"https:\/\/x.com\/dicodusport\",\"https:\/\/www.instagram.com\/dicodusport\/\",\"https:\/\/www.youtube.com\/channel\/UC7V2KZ5sd3htJivAbA4ZG3w\"],\"description\":\"Dicodusport est l'encyclop\u00e9die de l'actualit\u00e9 sportive.\",\"email\":\"bonjour@dicodusport.fr\",\"legalName\":\"DICODUSPORT\",\"foundingDate\":\"2018-01-14\",\"vatID\":\"FR71834470973\",\"taxID\":\"83447097300043\",\"numberOfEmployees\":{\"@type\":\"QuantitativeValue\",\"minValue\":\"1\",\"maxValue\":\"10\"}},{\"@type\":\"Person\",\"@id\":\"https:\/\/dicodusport.fr\/blog\/#\/schema\/person\/55dcb50ad410894e431ed812bbb70191\",\"name\":\"Nicolas Jacquemard\",\"image\":{\"@type\":\"ImageObject\",\"inLanguage\":\"fr-FR\",\"@id\":\"https:\/\/dicodusport.fr\/blog\/#\/schema\/person\/image\/\",\"url\":\"https:\/\/dicodusport.fr\/blog\/wp-content\/uploads\/2021\/05\/Nicolas-Jacquemard-150x150.jpeg\",\"contentUrl\":\"https:\/\/dicodusport.fr\/blog\/wp-content\/uploads\/2021\/05\/Nicolas-Jacquemard-150x150.jpeg\",\"caption\":\"Nicolas Jacquemard\"},\"description\":\"Passionn\u00e9 de sport et entrepreneur depuis mes 18 ans, la cr\u00e9ation de Dicodusport m'a sembl\u00e9 \u00e9vidente pour participer \u00e0 la m\u00e9diatisation d'un plus grand nombre de sports. Le chemin est long mais avec une \u00e9quipe des plus motiv\u00e9es et les Jeux Olympiques de Paris 2024 en point de mire, nous y arriverons ! Journaliste dans le monde du sport depuis plus de 5 ans, je traite aussi bien de football, de rugby, de biathlon que de cyclisme.\",\"sameAs\":[\"https:\/\/www.facebook.com\/dicodusport\",\"https:\/\/x.com\/https:\/\/twitter.com\/Nico_Jacquemard\"],\"url\":\"https:\/\/dicodusport.fr\/blog\/author\/dicodusport\/\"}]}<\/script>\n<!-- \/ Yoast SEO Premium plugin. -->","yoast_head_json":{"title":"XV de France : Les internationaux en fin de contrat en 2023","description":"XV DE FRANCE - Comme le rappelle nos confr\u00e8res du Midi Olympique, plusieurs internationaux fran\u00e7ais sont en fin de contrat en juin 2023.","robots":{"index":"index","follow":"follow","max-snippet":"max-snippet:-1","max-image-preview":"max-image-preview:large","max-video-preview":"max-video-preview:-1"},"canonical":"https:\/\/dicodusport.fr\/blog\/xv-de-france-les-internationaux-en-fin-de-contrat-en-2023\/","og_locale":"fr_FR","og_type":"article","og_title":"XV de France : Les internationaux en fin de contrat en 2023","og_description":"XV DE FRANCE - Comme le rappelle nos confr\u00e8res du Midi Olympique, plusieurs internationaux fran\u00e7ais sont en fin de contrat en juin 2023.","og_url":"https:\/\/dicodusport.fr\/blog\/xv-de-france-les-internationaux-en-fin-de-contrat-en-2023\/","og_site_name":"Dicodusport","article_publisher":"https:\/\/www.facebook.com\/dicodusport","article_author":"https:\/\/www.facebook.com\/dicodusport","article_published_time":"2022-08-12T14:00:03+00:00","article_modified_time":"2022-08-12T14:04:44+00:00","og_image":[{"width":800,"height":445,"url":"https:\/\/dicodusport.fr\/blog\/wp-content\/uploads\/2022\/08\/XV-de-France-Les-internationaux-en-fin-de-contrat-en-2023.png","type":"image\/png"}],"author":"Nicolas Jacquemard","twitter_card":"summary_large_image","twitter_title":"XV de France : Les internationaux en fin de contrat en 2023","twitter_creator":"@https:\/\/twitter.com\/Nico_Jacquemard","twitter_site":"@dicodusport","schema":{"@context":"https:\/\/schema.org","@graph":[{"@type":"NewsArticle","@id":"https:\/\/dicodusport.fr\/blog\/xv-de-france-les-internationaux-en-fin-de-contrat-en-2023\/#article","isPartOf":{"@id":"https:\/\/dicodusport.fr\/blog\/xv-de-france-les-internationaux-en-fin-de-contrat-en-2023\/"},"author":{"name":"Nicolas Jacquemard","@id":"https:\/\/dicodusport.fr\/blog\/#\/schema\/person\/55dcb50ad410894e431ed812bbb70191"},"headline":"XV de France : Les internationaux en fin de contrat en 2023","datePublished":"2022-08-12T14:00:03+00:00","dateModified":"2022-08-12T14:04:44+00:00","mainEntityOfPage":{"@id":"https:\/\/dicodusport.fr\/blog\/xv-de-france-les-internationaux-en-fin-de-contrat-en-2023\/"},"wordCount":391,"commentCount":0,"publisher":{"@id":"https:\/\/dicodusport.fr\/blog\/#organization"},"image":{"@id":"https:\/\/dicodusport.fr\/blog\/xv-de-france-les-internationaux-en-fin-de-contrat-en-2023\/#primaryimage"},"thumbnailUrl":"https:\/\/dicodusport.fr\/blog\/wp-content\/uploads\/2022\/08\/XV-de-France-Les-internationaux-en-fin-de-contrat-en-2023.png","keywords":["Damian Penaud","Penaud","XV de France"],"articleSection":["Rugby \u00e0 XV","Top 14","XV de France"],"inLanguage":"fr-FR","potentialAction":[{"@type":"CommentAction","name":"Comment","target":["https:\/\/dicodusport.fr\/blog\/xv-de-france-les-internationaux-en-fin-de-contrat-en-2023\/#respond"]}],"copyrightYear":"2022","copyrightHolder":{"@id":"https:\/\/dicodusport.fr\/blog\/#organization"}},{"@type":"WebPage","@id":"https:\/\/dicodusport.fr\/blog\/xv-de-france-les-internationaux-en-fin-de-contrat-en-2023\/","url":"https:\/\/dicodusport.fr\/blog\/xv-de-france-les-internationaux-en-fin-de-contrat-en-2023\/","name":"XV de France : Les internationaux en fin de contrat en 2023","isPartOf":{"@id":"https:\/\/dicodusport.fr\/blog\/#website"},"primaryImageOfPage":{"@id":"https:\/\/dicodusport.fr\/blog\/xv-de-france-les-internationaux-en-fin-de-contrat-en-2023\/#primaryimage"},"image":{"@id":"https:\/\/dicodusport.fr\/blog\/xv-de-france-les-internationaux-en-fin-de-contrat-en-2023\/#primaryimage"},"thumbnailUrl":"https:\/\/dicodusport.fr\/blog\/wp-content\/uploads\/2022\/08\/XV-de-France-Les-internationaux-en-fin-de-contrat-en-2023.png","datePublished":"2022-08-12T14:00:03+00:00","dateModified":"2022-08-12T14:04:44+00:00","description":"XV DE FRANCE - Comme le rappelle nos confr\u00e8res du Midi Olympique, plusieurs internationaux fran\u00e7ais sont en fin de contrat en juin 2023.","breadcrumb":{"@id":"https:\/\/dicodusport.fr\/blog\/xv-de-france-les-internationaux-en-fin-de-contrat-en-2023\/#breadcrumb"},"inLanguage":"fr-FR","potentialAction":[{"@type":"ReadAction","target":["https:\/\/dicodusport.fr\/blog\/xv-de-france-les-internationaux-en-fin-de-contrat-en-2023\/"]}]},{"@type":"ImageObject","inLanguage":"fr-FR","@id":"https:\/\/dicodusport.fr\/blog\/xv-de-france-les-internationaux-en-fin-de-contrat-en-2023\/#primaryimage","url":"https:\/\/dicodusport.fr\/blog\/wp-content\/uploads\/2022\/08\/XV-de-France-Les-internationaux-en-fin-de-contrat-en-2023.png","contentUrl":"https:\/\/dicodusport.fr\/blog\/wp-content\/uploads\/2022\/08\/XV-de-France-Les-internationaux-en-fin-de-contrat-en-2023.png","width":800,"height":445},{"@type":"BreadcrumbList","@id":"https:\/\/dicodusport.fr\/blog\/xv-de-france-les-internationaux-en-fin-de-contrat-en-2023\/#breadcrumb","itemListElement":[{"@type":"ListItem","position":1,"name":"Accueil","item":"https:\/\/dicodusport.fr\/blog\/"},{"@type":"ListItem","position":2,"name":"XV de France : Les internationaux en fin de contrat en 2023"}]},{"@type":"WebSite","@id":"https:\/\/dicodusport.fr\/blog\/#website","url":"https:\/\/dicodusport.fr\/blog\/","name":"Dicodusport","description":"L&#039;encyclop\u00e9die de l&#039;actualit\u00e9 sportive","publisher":{"@id":"https:\/\/dicodusport.fr\/blog\/#organization"},"potentialAction":[{"@type":"SearchAction","target":{"@type":"EntryPoint","urlTemplate":"https:\/\/dicodusport.fr\/blog\/?s={search_term_string}"},"query-input":{"@type":"PropertyValueSpecification","valueRequired":true,"valueName":"search_term_string"}}],"inLanguage":"fr-FR"},{"@type":"NewsMediaOrganization","@id":"https:\/\/dicodusport.fr\/blog\/#organization","name":"Dicodusport","url":"https:\/\/dicodusport.fr\/blog\/","logo":{"@type":"ImageObject","inLanguage":"fr-FR","@id":"https:\/\/dicodusport.fr\/blog\/#\/schema\/logo\/image\/","url":"https:\/\/dicodusport.fr\/blog\/wp-content\/uploads\/2020\/06\/cropped-LOGO-DICODUSPORT-2020-SANS-FOND-SANS-TEXTE.png","contentUrl":"https:\/\/dicodusport.fr\/blog\/wp-content\/uploads\/2020\/06\/cropped-LOGO-DICODUSPORT-2020-SANS-FOND-SANS-TEXTE.png","width":512,"height":512,"caption":"Dicodusport"},"image":{"@id":"https:\/\/dicodusport.fr\/blog\/#\/schema\/logo\/image\/"},"sameAs":["https:\/\/www.facebook.com\/dicodusport","https:\/\/x.com\/dicodusport","https:\/\/www.instagram.com\/dicodusport\/","https:\/\/www.youtube.com\/channel\/UC7V2KZ5sd3htJivAbA4ZG3w"],"description":"Dicodusport est l'encyclop\u00e9die de l'actualit\u00e9 sportive.","email":"bonjour@dicodusport.fr","legalName":"DICODUSPORT","foundingDate":"2018-01-14","vatID":"FR71834470973","taxID":"83447097300043","numberOfEmployees":{"@type":"QuantitativeValue","minValue":"1","maxValue":"10"}},{"@type":"Person","@id":"https:\/\/dicodusport.fr\/blog\/#\/schema\/person\/55dcb50ad410894e431ed812bbb70191","name":"Nicolas Jacquemard","image":{"@type":"ImageObject","inLanguage":"fr-FR","@id":"https:\/\/dicodusport.fr\/blog\/#\/schema\/person\/image\/","url":"https:\/\/dicodusport.fr\/blog\/wp-content\/uploads\/2021\/05\/Nicolas-Jacquemard-150x150.jpeg","contentUrl":"https:\/\/dicodusport.fr\/blog\/wp-content\/uploads\/2021\/05\/Nicolas-Jacquemard-150x150.jpeg","caption":"Nicolas Jacquemard"},"description":"Passionn\u00e9 de sport et entrepreneur depuis mes 18 ans, la cr\u00e9ation de Dicodusport m'a sembl\u00e9 \u00e9vidente pour participer \u00e0 la m\u00e9diatisation d'un plus grand nombre de sports. Le chemin est long mais avec une \u00e9quipe des plus motiv\u00e9es et les Jeux Olympiques de Paris 2024 en point de mire, nous y arriverons ! Journaliste dans le monde du sport depuis plus de 5 ans, je traite aussi bien de football, de rugby, de biathlon que de cyclisme.","sameAs":["https:\/\/www.facebook.com\/dicodusport","https:\/\/x.com\/https:\/\/twitter.com\/Nico_Jacquemard"],"url":"https:\/\/dicodusport.fr\/blog\/author\/dicodusport\/"}]}},"_links":{"self":[{"href":"https:\/\/dicodusport.fr\/blog\/wp-json\/wp\/v2\/posts\/251345","targetHints":{"allow":["GET"]}}],"collection":[{"href":"https:\/\/dicodusport.fr\/blog\/wp-json\/wp\/v2\/posts"}],"about":[{"href":"https:\/\/dicodusport.fr\/blog\/wp-json\/wp\/v2\/types\/post"}],"author":[{"embeddable":true,"href":"https:\/\/dicodusport.fr\/blog\/wp-json\/wp\/v2\/users\/1"}],"replies":[{"embeddable":true,"href":"https:\/\/dicodusport.fr\/blog\/wp-json\/wp\/v2\/comments?post=251345"}],"version-history":[{"count":0,"href":"https:\/\/dicodusport.fr\/blog\/wp-json\/wp\/v2\/posts\/251345\/revisions"}],"wp:featuredmedia":[{"embeddable":true,"href":"https:\/\/dicodusport.fr\/blog\/wp-json\/wp\/v2\/media\/251346"}],"wp:attachment":[{"href":"https:\/\/dicodusport.fr\/blog\/wp-json\/wp\/v2\/media?parent=251345"}],"wp:term":[{"taxonomy":"category","embeddable":true,"href":"https:\/\/dicodusport.fr\/blog\/wp-json\/wp\/v2\/categories?post=251345"},{"taxonomy":"post_tag","embeddable":true,"href":"https:\/\/dicodusport.fr\/blog\/wp-json\/wp\/v2\/tags?post=251345"}],"curies":[{"name":"wp","href":"https:\/\/api.w.org\/{rel}","templated":true}]}}