{"id":251565,"date":"2022-08-13T08:14:24","date_gmt":"2022-08-13T06:14:24","guid":{"rendered":"https:\/\/dicodusport.fr\/blog\/?p=251565&#038;preview=true&#038;preview_id=251565"},"modified":"2022-08-14T18:41:28","modified_gmt":"2022-08-14T16:41:28","slug":"judo-championnats-du-monde-juniors-2022-les-francais-rajoutent-deux-medailles","status":"publish","type":"post","link":"https:\/\/dicodusport.fr\/blog\/judo-championnats-du-monde-juniors-2022-les-francais-rajoutent-deux-medailles\/","title":{"rendered":"Judo &#8211; Championnats du monde juniors 2022 : Les Fran\u00e7ais rajoutent deux m\u00e9dailles"},"content":{"rendered":"<p style=\"text-align: justify;\"><strong><em><a href=\"https:\/\/dicodusport.fr\/blog\/judo-championnats-du-monde-juniors-2022-le-programme-complet\/\">CHAMPIONNATS DU MONDE JUNIORS DE JUDO<\/a> &#8211; Les Bleus continuent d&#8217;empiler les m\u00e9dailles dans ces Mondiaux, avec deux nouvelles breloques cette nuit, mais toujours pas de titres.\u00a0<\/em><\/strong><\/p>\n<p style=\"text-align: justify;\"><strong>Arnaud Aregba<\/strong> a bien entam\u00e9 la soir\u00e9e fran\u00e7aise \u00e0 Guayaquil (\u00c9quateur). En -81 kg, il a parfaitement g\u00e9r\u00e9 tous ses combats, jusqu&rsquo;\u00e0 se frayer un chemin en finale. La m\u00e9daille \u00e9tant assur\u00e9e, il a d\u00e9fi\u00e9 le Moldave <strong>Mihail Latisev<\/strong>, mais sans succ\u00e8s. Son rival s&rsquo;est impos\u00e9 par ippon, et le Parisien a d\u00fb se contenter de l&rsquo;argent. <a href=\"https:\/\/dicodusport.fr\/blog\/judo-arnaud-aregba-vice-champion-deurope-juniors\/\">Vice-champion d&rsquo;Europe l&rsquo;an pass\u00e9<\/a>, il continue sa progression avec ce podium mondial.<\/p>\n<blockquote class=\"twitter-tweet\">\n<p dir=\"ltr\" lang=\"fr\">Arnaud Aregba (<a href=\"https:\/\/twitter.com\/PSG_Judo?ref_src=twsrc%5Etfw\">@PSG_Judo<\/a>) termine vice-champion du monde junior des -81kg. Il m\u00e8ne waza-ari face au Moldave Latisev (celui-l\u00e0 faudra s&rsquo;en souvenir) puis prend o uchi pour ippon. Pens\u00e9es pour les anciens du PFB Lo\u00efc Maillard et St\u00e9phane Possama\u00ef qui accompagnent Aregba. <a href=\"https:\/\/t.co\/095twPQirc\">pic.twitter.com\/095twPQirc<\/a><\/p>\n<p>\u2014 Morgan Maury (@MorganMauryRMC) <a href=\"https:\/\/twitter.com\/MorganMauryRMC\/status\/1558202666366517261?ref_src=twsrc%5Etfw\">August 12, 2022<\/a><\/p><\/blockquote>\n<p style=\"text-align: justify;\"><script async src=\"https:\/\/platform.twitter.com\/widgets.js\" charset=\"utf-8\"><\/script><\/p>\n<p style=\"text-align: justify;\">En -90 kg, <strong>Aleksa Mitrovic<\/strong> a lui aussi apport\u00e9 sa pierre \u00e0 l&rsquo;\u00e9difice. Battu en demi-finale par le Hongrois <strong>Peter Safrany<\/strong>, il a remport\u00e9 avec brio son combat de rep\u00eachage face au Serbe <strong>Miljan Radulj<\/strong> pour s&rsquo;offrir le bronze. Ce sont donc cinq m\u00e9dailles pour\u00a0 la France jusqu&rsquo;ici, <a href=\"https:\/\/dicodusport.fr\/blog\/judo-championnats-du-monde-juniors-2022-deux-medailles-pour-la-france\/\">apr\u00e8s les deux de jeudi<\/a> et celle de bronze de <strong>Melkia Auchecorne<\/strong> en -63 kg hier. Ne manque plus qu&rsquo;un titre pour que ces Mondiaux juniors de judo soient parfaits.<\/p>\n","protected":false},"excerpt":{"rendered":"<p>CHAMPIONNATS DU MONDE JUNIORS DE JUDO &#8211; Les Bleus continuent d&#8217;empiler les m\u00e9dailles dans ces Mondiaux, avec deux nouvelles breloques cette nuit, mais toujours pas de titres.\u00a0<\/p>\n","protected":false},"author":59,"featured_media":251566,"comment_status":"open","ping_status":"closed","sticky":false,"template":"","format":"standard","meta":{"_acf_changed":false,"_daextam_enable_autolinks":"","footnotes":""},"categories":[8651],"tags":[19265,25751],"class_list":["post-251565","post","type-post","status-publish","format-standard","has-post-thumbnail","hentry","category-judo","tag-championnats-du-monde-juniors-de-judo","tag-melkia-auchecorne"],"acf":[],"yoast_head":"<!-- This site is optimized with the Yoast SEO Premium plugin v26.7 (Yoast SEO v26.7) - https:\/\/yoast.com\/wordpress\/plugins\/seo\/ -->\n<title>Judo - Championnats du monde juniors 2022 : Les Fran\u00e7ais rajoutent deux m\u00e9dailles<\/title>\n<meta name=\"description\" content=\"CHAMPIONNATS DU MONDE JUNIORS DE JUDO - Les Bleus ont d\u00e9croch\u00e9 deux nouvelles m\u00e9dailles cette nuit, mais toujours pas de titres.\u00a0\" \/>\n<meta name=\"robots\" content=\"index, follow, max-snippet:-1, max-image-preview:large, max-video-preview:-1\" \/>\n<link rel=\"canonical\" href=\"https:\/\/dicodusport.fr\/blog\/judo-championnats-du-monde-juniors-2022-les-francais-rajoutent-deux-medailles\/\" \/>\n<meta property=\"og:locale\" content=\"fr_FR\" \/>\n<meta property=\"og:type\" content=\"article\" \/>\n<meta property=\"og:title\" content=\"Judo - Championnats du monde juniors 2022 : Les Fran\u00e7ais rajoutent deux m\u00e9dailles\" \/>\n<meta property=\"og:description\" content=\"CHAMPIONNATS DU MONDE JUNIORS DE JUDO - Les Bleus ont d\u00e9croch\u00e9 deux nouvelles m\u00e9dailles cette nuit, mais toujours pas de titres.\u00a0\" \/>\n<meta property=\"og:url\" content=\"https:\/\/dicodusport.fr\/blog\/judo-championnats-du-monde-juniors-2022-les-francais-rajoutent-deux-medailles\/\" \/>\n<meta property=\"og:site_name\" content=\"Dicodusport\" \/>\n<meta property=\"article:publisher\" content=\"https:\/\/www.facebook.com\/dicodusport\" \/>\n<meta property=\"article:author\" content=\"https:\/\/www.facebook.com\/sebastien.gente\/\" \/>\n<meta property=\"article:published_time\" content=\"2022-08-13T06:14:24+00:00\" \/>\n<meta property=\"article:modified_time\" content=\"2022-08-14T16:41:28+00:00\" \/>\n<meta property=\"og:image\" content=\"https:\/\/dicodusport.fr\/blog\/wp-content\/uploads\/2022\/08\/Judo-Championnats-du-monde-juniors-2022-Les-Bleus-rajoutent-deux-medailles.png\" \/>\n\t<meta property=\"og:image:width\" content=\"800\" \/>\n\t<meta property=\"og:image:height\" content=\"445\" \/>\n\t<meta property=\"og:image:type\" content=\"image\/png\" \/>\n<meta name=\"author\" content=\"S\u00e9bastien Gente\" \/>\n<meta name=\"twitter:card\" content=\"summary_large_image\" \/>\n<meta name=\"twitter:title\" content=\"Judo - Championnats du monde juniors 2022 : Les Fran\u00e7ais rajoutent deux m\u00e9dailles\" \/>\n<meta name=\"twitter:creator\" content=\"@https:\/\/twitter.com\/globulo24\" \/>\n<meta name=\"twitter:site\" content=\"@dicodusport\" \/>\n<script type=\"application\/ld+json\" class=\"yoast-schema-graph\">{\"@context\":\"https:\/\/schema.org\",\"@graph\":[{\"@type\":\"NewsArticle\",\"@id\":\"https:\/\/dicodusport.fr\/blog\/judo-championnats-du-monde-juniors-2022-les-francais-rajoutent-deux-medailles\/#article\",\"isPartOf\":{\"@id\":\"https:\/\/dicodusport.fr\/blog\/judo-championnats-du-monde-juniors-2022-les-francais-rajoutent-deux-medailles\/\"},\"author\":{\"name\":\"S\u00e9bastien Gente\",\"@id\":\"https:\/\/dicodusport.fr\/blog\/#\/schema\/person\/627966a6cde45dbd8c5e36ac85d783da\"},\"headline\":\"Judo &#8211; Championnats du monde juniors 2022 : Les Fran\u00e7ais rajoutent deux m\u00e9dailles\",\"datePublished\":\"2022-08-13T06:14:24+00:00\",\"dateModified\":\"2022-08-14T16:41:28+00:00\",\"mainEntityOfPage\":{\"@id\":\"https:\/\/dicodusport.fr\/blog\/judo-championnats-du-monde-juniors-2022-les-francais-rajoutent-deux-medailles\/\"},\"wordCount\":261,\"commentCount\":0,\"publisher\":{\"@id\":\"https:\/\/dicodusport.fr\/blog\/#organization\"},\"image\":{\"@id\":\"https:\/\/dicodusport.fr\/blog\/judo-championnats-du-monde-juniors-2022-les-francais-rajoutent-deux-medailles\/#primaryimage\"},\"thumbnailUrl\":\"https:\/\/dicodusport.fr\/blog\/wp-content\/uploads\/2022\/08\/Judo-Championnats-du-monde-juniors-2022-Les-Bleus-rajoutent-deux-medailles.png\",\"keywords\":[\"championnats du monde juniors de judo\",\"Melkia Auchecorne\"],\"articleSection\":[\"Judo\"],\"inLanguage\":\"fr-FR\",\"potentialAction\":[{\"@type\":\"CommentAction\",\"name\":\"Comment\",\"target\":[\"https:\/\/dicodusport.fr\/blog\/judo-championnats-du-monde-juniors-2022-les-francais-rajoutent-deux-medailles\/#respond\"]}],\"copyrightYear\":\"2022\",\"copyrightHolder\":{\"@id\":\"https:\/\/dicodusport.fr\/blog\/#organization\"}},{\"@type\":\"WebPage\",\"@id\":\"https:\/\/dicodusport.fr\/blog\/judo-championnats-du-monde-juniors-2022-les-francais-rajoutent-deux-medailles\/\",\"url\":\"https:\/\/dicodusport.fr\/blog\/judo-championnats-du-monde-juniors-2022-les-francais-rajoutent-deux-medailles\/\",\"name\":\"Judo - Championnats du monde juniors 2022 : Les Fran\u00e7ais rajoutent deux m\u00e9dailles\",\"isPartOf\":{\"@id\":\"https:\/\/dicodusport.fr\/blog\/#website\"},\"primaryImageOfPage\":{\"@id\":\"https:\/\/dicodusport.fr\/blog\/judo-championnats-du-monde-juniors-2022-les-francais-rajoutent-deux-medailles\/#primaryimage\"},\"image\":{\"@id\":\"https:\/\/dicodusport.fr\/blog\/judo-championnats-du-monde-juniors-2022-les-francais-rajoutent-deux-medailles\/#primaryimage\"},\"thumbnailUrl\":\"https:\/\/dicodusport.fr\/blog\/wp-content\/uploads\/2022\/08\/Judo-Championnats-du-monde-juniors-2022-Les-Bleus-rajoutent-deux-medailles.png\",\"datePublished\":\"2022-08-13T06:14:24+00:00\",\"dateModified\":\"2022-08-14T16:41:28+00:00\",\"description\":\"CHAMPIONNATS DU MONDE JUNIORS DE JUDO - Les Bleus ont d\u00e9croch\u00e9 deux nouvelles m\u00e9dailles cette nuit, mais toujours pas de titres.\u00a0\",\"breadcrumb\":{\"@id\":\"https:\/\/dicodusport.fr\/blog\/judo-championnats-du-monde-juniors-2022-les-francais-rajoutent-deux-medailles\/#breadcrumb\"},\"inLanguage\":\"fr-FR\",\"potentialAction\":[{\"@type\":\"ReadAction\",\"target\":[\"https:\/\/dicodusport.fr\/blog\/judo-championnats-du-monde-juniors-2022-les-francais-rajoutent-deux-medailles\/\"]}]},{\"@type\":\"ImageObject\",\"inLanguage\":\"fr-FR\",\"@id\":\"https:\/\/dicodusport.fr\/blog\/judo-championnats-du-monde-juniors-2022-les-francais-rajoutent-deux-medailles\/#primaryimage\",\"url\":\"https:\/\/dicodusport.fr\/blog\/wp-content\/uploads\/2022\/08\/Judo-Championnats-du-monde-juniors-2022-Les-Bleus-rajoutent-deux-medailles.png\",\"contentUrl\":\"https:\/\/dicodusport.fr\/blog\/wp-content\/uploads\/2022\/08\/Judo-Championnats-du-monde-juniors-2022-Les-Bleus-rajoutent-deux-medailles.png\",\"width\":800,\"height\":445,\"caption\":\"Judo - Championnats du monde juniors 2022 Les Fran\u00e7ais rajoutent deux m\u00e9dailles\"},{\"@type\":\"BreadcrumbList\",\"@id\":\"https:\/\/dicodusport.fr\/blog\/judo-championnats-du-monde-juniors-2022-les-francais-rajoutent-deux-medailles\/#breadcrumb\",\"itemListElement\":[{\"@type\":\"ListItem\",\"position\":1,\"name\":\"Accueil\",\"item\":\"https:\/\/dicodusport.fr\/blog\/\"},{\"@type\":\"ListItem\",\"position\":2,\"name\":\"Judo &#8211; Championnats du monde juniors 2022 : Les Fran\u00e7ais rajoutent deux m\u00e9dailles\"}]},{\"@type\":\"WebSite\",\"@id\":\"https:\/\/dicodusport.fr\/blog\/#website\",\"url\":\"https:\/\/dicodusport.fr\/blog\/\",\"name\":\"Dicodusport\",\"description\":\"L&#039;encyclop\u00e9die de l&#039;actualit\u00e9 sportive\",\"publisher\":{\"@id\":\"https:\/\/dicodusport.fr\/blog\/#organization\"},\"potentialAction\":[{\"@type\":\"SearchAction\",\"target\":{\"@type\":\"EntryPoint\",\"urlTemplate\":\"https:\/\/dicodusport.fr\/blog\/?s={search_term_string}\"},\"query-input\":{\"@type\":\"PropertyValueSpecification\",\"valueRequired\":true,\"valueName\":\"search_term_string\"}}],\"inLanguage\":\"fr-FR\"},{\"@type\":\"NewsMediaOrganization\",\"@id\":\"https:\/\/dicodusport.fr\/blog\/#organization\",\"name\":\"Dicodusport\",\"url\":\"https:\/\/dicodusport.fr\/blog\/\",\"logo\":{\"@type\":\"ImageObject\",\"inLanguage\":\"fr-FR\",\"@id\":\"https:\/\/dicodusport.fr\/blog\/#\/schema\/logo\/image\/\",\"url\":\"https:\/\/dicodusport.fr\/blog\/wp-content\/uploads\/2020\/06\/cropped-LOGO-DICODUSPORT-2020-SANS-FOND-SANS-TEXTE.png\",\"contentUrl\":\"https:\/\/dicodusport.fr\/blog\/wp-content\/uploads\/2020\/06\/cropped-LOGO-DICODUSPORT-2020-SANS-FOND-SANS-TEXTE.png\",\"width\":512,\"height\":512,\"caption\":\"Dicodusport\"},\"image\":{\"@id\":\"https:\/\/dicodusport.fr\/blog\/#\/schema\/logo\/image\/\"},\"sameAs\":[\"https:\/\/www.facebook.com\/dicodusport\",\"https:\/\/x.com\/dicodusport\",\"https:\/\/www.instagram.com\/dicodusport\/\",\"https:\/\/www.youtube.com\/channel\/UC7V2KZ5sd3htJivAbA4ZG3w\"],\"description\":\"Dicodusport est l'encyclop\u00e9die de l'actualit\u00e9 sportive.\",\"email\":\"bonjour@dicodusport.fr\",\"legalName\":\"DICODUSPORT\",\"foundingDate\":\"2018-01-14\",\"vatID\":\"FR71834470973\",\"taxID\":\"83447097300043\",\"numberOfEmployees\":{\"@type\":\"QuantitativeValue\",\"minValue\":\"1\",\"maxValue\":\"10\"}},{\"@type\":\"Person\",\"@id\":\"https:\/\/dicodusport.fr\/blog\/#\/schema\/person\/627966a6cde45dbd8c5e36ac85d783da\",\"name\":\"S\u00e9bastien Gente\",\"image\":{\"@type\":\"ImageObject\",\"inLanguage\":\"fr-FR\",\"@id\":\"https:\/\/dicodusport.fr\/blog\/#\/schema\/person\/image\/\",\"url\":\"https:\/\/dicodusport.fr\/blog\/wp-content\/uploads\/2021\/09\/1510990_10205810251400683_4124423575079401707_n-150x150.jpg\",\"contentUrl\":\"https:\/\/dicodusport.fr\/blog\/wp-content\/uploads\/2021\/09\/1510990_10205810251400683_4124423575079401707_n-150x150.jpg\",\"caption\":\"S\u00e9bastien Gente\"},\"description\":\"John Stockton, Gianni Bugno, Zinedine Zidane, Steffi Graf, Frode Andresen, St\u00e9phane Stoecklin, Davis Kamoga, Primoz Peterka, Werner Schlager et Aur\u00e9lien Rougerie. Point commun entre ces sportifs? Ils m'ont fait r\u00eaver et ont berc\u00e9 mon adolescence. Je suis un fondu de sports et j'essaie de retranscrire ma passion \u00e0 travers mes articles. Originaire du P\u00e9rigord, ma passion pour les Girondins, les Jaunards et les Jazzmen transpire dans mes \u00e9crits. \u00c0 Dicodusport depuis 2021, je d\u00e9niche les sports m\u00e9connus dans lesquels la France brille, et il y en a !\",\"sameAs\":[\"https:\/\/www.facebook.com\/sebastien.gente\/\",\"https:\/\/www.instagram.com\/sebgente\/\",\"https:\/\/www.linkedin.com\/in\/sbastien-gente-a29583169\/\",\"https:\/\/x.com\/https:\/\/twitter.com\/globulo24\",\"SebastienGente\"],\"worksFor\":\"S\u00e9bastien GENTE\",\"url\":\"https:\/\/dicodusport.fr\/blog\/author\/sebastiengente\/\"}]}<\/script>\n<!-- \/ Yoast SEO Premium plugin. -->","yoast_head_json":{"title":"Judo - Championnats du monde juniors 2022 : Les Fran\u00e7ais rajoutent deux m\u00e9dailles","description":"CHAMPIONNATS DU MONDE JUNIORS DE JUDO - Les Bleus ont d\u00e9croch\u00e9 deux nouvelles m\u00e9dailles cette nuit, mais toujours pas de titres.\u00a0","robots":{"index":"index","follow":"follow","max-snippet":"max-snippet:-1","max-image-preview":"max-image-preview:large","max-video-preview":"max-video-preview:-1"},"canonical":"https:\/\/dicodusport.fr\/blog\/judo-championnats-du-monde-juniors-2022-les-francais-rajoutent-deux-medailles\/","og_locale":"fr_FR","og_type":"article","og_title":"Judo - Championnats du monde juniors 2022 : Les Fran\u00e7ais rajoutent deux m\u00e9dailles","og_description":"CHAMPIONNATS DU MONDE JUNIORS DE JUDO - Les Bleus ont d\u00e9croch\u00e9 deux nouvelles m\u00e9dailles cette nuit, mais toujours pas de titres.\u00a0","og_url":"https:\/\/dicodusport.fr\/blog\/judo-championnats-du-monde-juniors-2022-les-francais-rajoutent-deux-medailles\/","og_site_name":"Dicodusport","article_publisher":"https:\/\/www.facebook.com\/dicodusport","article_author":"https:\/\/www.facebook.com\/sebastien.gente\/","article_published_time":"2022-08-13T06:14:24+00:00","article_modified_time":"2022-08-14T16:41:28+00:00","og_image":[{"width":800,"height":445,"url":"https:\/\/dicodusport.fr\/blog\/wp-content\/uploads\/2022\/08\/Judo-Championnats-du-monde-juniors-2022-Les-Bleus-rajoutent-deux-medailles.png","type":"image\/png"}],"author":"S\u00e9bastien Gente","twitter_card":"summary_large_image","twitter_title":"Judo - Championnats du monde juniors 2022 : Les Fran\u00e7ais rajoutent deux m\u00e9dailles","twitter_creator":"@https:\/\/twitter.com\/globulo24","twitter_site":"@dicodusport","schema":{"@context":"https:\/\/schema.org","@graph":[{"@type":"NewsArticle","@id":"https:\/\/dicodusport.fr\/blog\/judo-championnats-du-monde-juniors-2022-les-francais-rajoutent-deux-medailles\/#article","isPartOf":{"@id":"https:\/\/dicodusport.fr\/blog\/judo-championnats-du-monde-juniors-2022-les-francais-rajoutent-deux-medailles\/"},"author":{"name":"S\u00e9bastien Gente","@id":"https:\/\/dicodusport.fr\/blog\/#\/schema\/person\/627966a6cde45dbd8c5e36ac85d783da"},"headline":"Judo &#8211; Championnats du monde juniors 2022 : Les Fran\u00e7ais rajoutent deux m\u00e9dailles","datePublished":"2022-08-13T06:14:24+00:00","dateModified":"2022-08-14T16:41:28+00:00","mainEntityOfPage":{"@id":"https:\/\/dicodusport.fr\/blog\/judo-championnats-du-monde-juniors-2022-les-francais-rajoutent-deux-medailles\/"},"wordCount":261,"commentCount":0,"publisher":{"@id":"https:\/\/dicodusport.fr\/blog\/#organization"},"image":{"@id":"https:\/\/dicodusport.fr\/blog\/judo-championnats-du-monde-juniors-2022-les-francais-rajoutent-deux-medailles\/#primaryimage"},"thumbnailUrl":"https:\/\/dicodusport.fr\/blog\/wp-content\/uploads\/2022\/08\/Judo-Championnats-du-monde-juniors-2022-Les-Bleus-rajoutent-deux-medailles.png","keywords":["championnats du monde juniors de judo","Melkia Auchecorne"],"articleSection":["Judo"],"inLanguage":"fr-FR","potentialAction":[{"@type":"CommentAction","name":"Comment","target":["https:\/\/dicodusport.fr\/blog\/judo-championnats-du-monde-juniors-2022-les-francais-rajoutent-deux-medailles\/#respond"]}],"copyrightYear":"2022","copyrightHolder":{"@id":"https:\/\/dicodusport.fr\/blog\/#organization"}},{"@type":"WebPage","@id":"https:\/\/dicodusport.fr\/blog\/judo-championnats-du-monde-juniors-2022-les-francais-rajoutent-deux-medailles\/","url":"https:\/\/dicodusport.fr\/blog\/judo-championnats-du-monde-juniors-2022-les-francais-rajoutent-deux-medailles\/","name":"Judo - Championnats du monde juniors 2022 : Les Fran\u00e7ais rajoutent deux m\u00e9dailles","isPartOf":{"@id":"https:\/\/dicodusport.fr\/blog\/#website"},"primaryImageOfPage":{"@id":"https:\/\/dicodusport.fr\/blog\/judo-championnats-du-monde-juniors-2022-les-francais-rajoutent-deux-medailles\/#primaryimage"},"image":{"@id":"https:\/\/dicodusport.fr\/blog\/judo-championnats-du-monde-juniors-2022-les-francais-rajoutent-deux-medailles\/#primaryimage"},"thumbnailUrl":"https:\/\/dicodusport.fr\/blog\/wp-content\/uploads\/2022\/08\/Judo-Championnats-du-monde-juniors-2022-Les-Bleus-rajoutent-deux-medailles.png","datePublished":"2022-08-13T06:14:24+00:00","dateModified":"2022-08-14T16:41:28+00:00","description":"CHAMPIONNATS DU MONDE JUNIORS DE JUDO - Les Bleus ont d\u00e9croch\u00e9 deux nouvelles m\u00e9dailles cette nuit, mais toujours pas de titres.\u00a0","breadcrumb":{"@id":"https:\/\/dicodusport.fr\/blog\/judo-championnats-du-monde-juniors-2022-les-francais-rajoutent-deux-medailles\/#breadcrumb"},"inLanguage":"fr-FR","potentialAction":[{"@type":"ReadAction","target":["https:\/\/dicodusport.fr\/blog\/judo-championnats-du-monde-juniors-2022-les-francais-rajoutent-deux-medailles\/"]}]},{"@type":"ImageObject","inLanguage":"fr-FR","@id":"https:\/\/dicodusport.fr\/blog\/judo-championnats-du-monde-juniors-2022-les-francais-rajoutent-deux-medailles\/#primaryimage","url":"https:\/\/dicodusport.fr\/blog\/wp-content\/uploads\/2022\/08\/Judo-Championnats-du-monde-juniors-2022-Les-Bleus-rajoutent-deux-medailles.png","contentUrl":"https:\/\/dicodusport.fr\/blog\/wp-content\/uploads\/2022\/08\/Judo-Championnats-du-monde-juniors-2022-Les-Bleus-rajoutent-deux-medailles.png","width":800,"height":445,"caption":"Judo - Championnats du monde juniors 2022 Les Fran\u00e7ais rajoutent deux m\u00e9dailles"},{"@type":"BreadcrumbList","@id":"https:\/\/dicodusport.fr\/blog\/judo-championnats-du-monde-juniors-2022-les-francais-rajoutent-deux-medailles\/#breadcrumb","itemListElement":[{"@type":"ListItem","position":1,"name":"Accueil","item":"https:\/\/dicodusport.fr\/blog\/"},{"@type":"ListItem","position":2,"name":"Judo &#8211; Championnats du monde juniors 2022 : Les Fran\u00e7ais rajoutent deux m\u00e9dailles"}]},{"@type":"WebSite","@id":"https:\/\/dicodusport.fr\/blog\/#website","url":"https:\/\/dicodusport.fr\/blog\/","name":"Dicodusport","description":"L&#039;encyclop\u00e9die de l&#039;actualit\u00e9 sportive","publisher":{"@id":"https:\/\/dicodusport.fr\/blog\/#organization"},"potentialAction":[{"@type":"SearchAction","target":{"@type":"EntryPoint","urlTemplate":"https:\/\/dicodusport.fr\/blog\/?s={search_term_string}"},"query-input":{"@type":"PropertyValueSpecification","valueRequired":true,"valueName":"search_term_string"}}],"inLanguage":"fr-FR"},{"@type":"NewsMediaOrganization","@id":"https:\/\/dicodusport.fr\/blog\/#organization","name":"Dicodusport","url":"https:\/\/dicodusport.fr\/blog\/","logo":{"@type":"ImageObject","inLanguage":"fr-FR","@id":"https:\/\/dicodusport.fr\/blog\/#\/schema\/logo\/image\/","url":"https:\/\/dicodusport.fr\/blog\/wp-content\/uploads\/2020\/06\/cropped-LOGO-DICODUSPORT-2020-SANS-FOND-SANS-TEXTE.png","contentUrl":"https:\/\/dicodusport.fr\/blog\/wp-content\/uploads\/2020\/06\/cropped-LOGO-DICODUSPORT-2020-SANS-FOND-SANS-TEXTE.png","width":512,"height":512,"caption":"Dicodusport"},"image":{"@id":"https:\/\/dicodusport.fr\/blog\/#\/schema\/logo\/image\/"},"sameAs":["https:\/\/www.facebook.com\/dicodusport","https:\/\/x.com\/dicodusport","https:\/\/www.instagram.com\/dicodusport\/","https:\/\/www.youtube.com\/channel\/UC7V2KZ5sd3htJivAbA4ZG3w"],"description":"Dicodusport est l'encyclop\u00e9die de l'actualit\u00e9 sportive.","email":"bonjour@dicodusport.fr","legalName":"DICODUSPORT","foundingDate":"2018-01-14","vatID":"FR71834470973","taxID":"83447097300043","numberOfEmployees":{"@type":"QuantitativeValue","minValue":"1","maxValue":"10"}},{"@type":"Person","@id":"https:\/\/dicodusport.fr\/blog\/#\/schema\/person\/627966a6cde45dbd8c5e36ac85d783da","name":"S\u00e9bastien Gente","image":{"@type":"ImageObject","inLanguage":"fr-FR","@id":"https:\/\/dicodusport.fr\/blog\/#\/schema\/person\/image\/","url":"https:\/\/dicodusport.fr\/blog\/wp-content\/uploads\/2021\/09\/1510990_10205810251400683_4124423575079401707_n-150x150.jpg","contentUrl":"https:\/\/dicodusport.fr\/blog\/wp-content\/uploads\/2021\/09\/1510990_10205810251400683_4124423575079401707_n-150x150.jpg","caption":"S\u00e9bastien Gente"},"description":"John Stockton, Gianni Bugno, Zinedine Zidane, Steffi Graf, Frode Andresen, St\u00e9phane Stoecklin, Davis Kamoga, Primoz Peterka, Werner Schlager et Aur\u00e9lien Rougerie. Point commun entre ces sportifs? Ils m'ont fait r\u00eaver et ont berc\u00e9 mon adolescence. Je suis un fondu de sports et j'essaie de retranscrire ma passion \u00e0 travers mes articles. Originaire du P\u00e9rigord, ma passion pour les Girondins, les Jaunards et les Jazzmen transpire dans mes \u00e9crits. \u00c0 Dicodusport depuis 2021, je d\u00e9niche les sports m\u00e9connus dans lesquels la France brille, et il y en a !","sameAs":["https:\/\/www.facebook.com\/sebastien.gente\/","https:\/\/www.instagram.com\/sebgente\/","https:\/\/www.linkedin.com\/in\/sbastien-gente-a29583169\/","https:\/\/x.com\/https:\/\/twitter.com\/globulo24","SebastienGente"],"worksFor":"S\u00e9bastien GENTE","url":"https:\/\/dicodusport.fr\/blog\/author\/sebastiengente\/"}]}},"_links":{"self":[{"href":"https:\/\/dicodusport.fr\/blog\/wp-json\/wp\/v2\/posts\/251565","targetHints":{"allow":["GET"]}}],"collection":[{"href":"https:\/\/dicodusport.fr\/blog\/wp-json\/wp\/v2\/posts"}],"about":[{"href":"https:\/\/dicodusport.fr\/blog\/wp-json\/wp\/v2\/types\/post"}],"author":[{"embeddable":true,"href":"https:\/\/dicodusport.fr\/blog\/wp-json\/wp\/v2\/users\/59"}],"replies":[{"embeddable":true,"href":"https:\/\/dicodusport.fr\/blog\/wp-json\/wp\/v2\/comments?post=251565"}],"version-history":[{"count":0,"href":"https:\/\/dicodusport.fr\/blog\/wp-json\/wp\/v2\/posts\/251565\/revisions"}],"wp:featuredmedia":[{"embeddable":true,"href":"https:\/\/dicodusport.fr\/blog\/wp-json\/wp\/v2\/media\/251566"}],"wp:attachment":[{"href":"https:\/\/dicodusport.fr\/blog\/wp-json\/wp\/v2\/media?parent=251565"}],"wp:term":[{"taxonomy":"category","embeddable":true,"href":"https:\/\/dicodusport.fr\/blog\/wp-json\/wp\/v2\/categories?post=251565"},{"taxonomy":"post_tag","embeddable":true,"href":"https:\/\/dicodusport.fr\/blog\/wp-json\/wp\/v2\/tags?post=251565"}],"curies":[{"name":"wp","href":"https:\/\/api.w.org\/{rel}","templated":true}]}}