{"id":25158,"date":"2018-09-05T16:05:47","date_gmt":"2018-09-05T14:05:47","guid":{"rendered":"http:\/\/dicodusport.fr\/blog\/?p=25158"},"modified":"2018-09-05T16:05:47","modified_gmt":"2018-09-05T14:05:47","slug":"le-cas-genesio-la-limite-est-franchie-par-ces-supporters","status":"publish","type":"post","link":"https:\/\/dicodusport.fr\/blog\/le-cas-genesio-la-limite-est-franchie-par-ces-supporters\/","title":{"rendered":"Le cas Genesio : la limite est franchie par ces \u00ab\u00a0supporters\u00a0\u00bb"},"content":{"rendered":"<p style=\"text-align: justify;\"><em><strong>Une vid\u00e9o a montr\u00e9 l&rsquo;entra\u00eeneur de Lyon, Bruno Genesio, pris \u00e0 partie par des supporters alors qu&rsquo;il sortait d\u00eener en famille pour son anniversaire. Un nouvelle limite a \u00e9t\u00e9 franchie, celle de trop \u00e9videmment.<br \/>\n<\/strong><\/em><\/p>\n<p style=\"text-align: justify;\">Ces quelques secondes de vid\u00e9o sont consternantes, on ne voit pas grand chose mais on comprend ce qu&rsquo;il se passe. Des \u00ab\u00a0supporters\u00a0\u00bb s&rsquo;en sont pris \u00e0 l&rsquo;entra\u00eeneur lyonnais au lendemain de la d\u00e9faite des Gones \u00e0 domicile contre l&rsquo;OGC Nice. C&rsquo;est la suite d&rsquo;une ascension des violences envers les acteurs du monde du football qui ne peut \u00eatre tol\u00e9r\u00e9e.<\/p>\n<h4 style=\"text-align: justify;\">Violence verbale dans les stades<\/h4>\n<p style=\"text-align: justify;\">Cela existe depuis la nuit des temps, la violence de certains chants, de certaines revendications ou de certains tifos des supporters envers des membres du staff, des joueurs ou de dirigeants de leur propre club. Cela fait presque partie du football, et on peut aussi ajouter que toutes ces manifestations dans les stades sont aussi bien souvent \u00e0 l&rsquo;encontre des adversaires ou m\u00eame des instances du football. Si elles ne sont pas souvent constructives, elles sont un moyen d&rsquo;expression pour les supporters d&rsquo;un club.<\/p>\n<div id=\"attachment_25170\" style=\"width: 670px\" class=\"wp-caption aligncenter\"><img loading=\"lazy\" decoding=\"async\" aria-describedby=\"caption-attachment-25170\" class=\"wp-image-25170 size-large\" src=\"http:\/\/dicodusport.fr\/blog\/wp-content\/uploads\/2018\/09\/Tifo-ASSE-1024x682.jpg\" alt=\"\" width=\"660\" height=\"440\" srcset=\"https:\/\/dicodusport.fr\/blog\/wp-content\/uploads\/2018\/09\/Tifo-ASSE-1024x682.jpg 1024w, https:\/\/dicodusport.fr\/blog\/wp-content\/uploads\/2018\/09\/Tifo-ASSE-300x200.jpg 300w, https:\/\/dicodusport.fr\/blog\/wp-content\/uploads\/2018\/09\/Tifo-ASSE-768x512.jpg 768w, https:\/\/dicodusport.fr\/blog\/wp-content\/uploads\/2018\/09\/Tifo-ASSE.jpg 2000w\" sizes=\"auto, (max-width: 660px) 100vw, 660px\" \/><p id=\"caption-attachment-25170\" class=\"wp-caption-text\">Les supporters st\u00e9phanois font passer un message &#8211; En vert et contre tous<\/p><\/div>\n<h4 style=\"text-align: justify;\">Violence verbale sur les r\u00e9seaux sociaux<\/h4>\n<p style=\"text-align: justify;\">Si les r\u00e9seaux sociaux ont augment\u00e9 la proximit\u00e9 des supporters avec les clubs, les joueurs, les entra\u00eeneurs et les dirigeants, ils permettent aussi de les invectiver plus facilement, la plupart du temps cach\u00e9 derri\u00e8re un pseudonyme qui ne permet pas de savoir qui est l&rsquo;auteur de certains propos d\u00e9plac\u00e9s. Les r\u00e9seaux sociaux sont devenus le d\u00e9fouloir pour ces \u00ab\u00a0supporters\u00a0\u00bb frustr\u00e9s qui passent leur temps \u00e0 insulter, sans rien proposer de concret ou sans vraiment comprendre eux-m\u00eame ce qu&rsquo;ils racontent. Pour les personnes vis\u00e9es, il est possible d&rsquo;ignorer ses attaques ou de ne pas avoir de compte, m\u00eame si on ne doit pas les cautionner, elles sont difficiles \u00e0 bannir.<\/p>\n<p><span class=\"XCuRHp6FSzUKtI3AjP5evihgTVq\"><\/p>\n<blockquote class=\"twitter-tweet\" data-width=\"550\" data-dnt=\"true\">\n<p lang=\"fr\" dir=\"ltr\">Genesio est une pipe et vous pouvez le soutenir et faire le t\u00eatu&#8230; les supporters sont une cocote minute pr\u00eate \u00e0 explos\u00e9 et tout \u00e7a va tr\u00e8s mal finir&#8230;<\/p>\n<p>&mdash; Kilam (@Killam69) <a href=\"https:\/\/twitter.com\/Killam69\/status\/1036995677438533632?ref_src=twsrc%5Etfw\">September 4, 2018<\/a><\/p><\/blockquote>\n<p><script async src=\"https:\/\/platform.twitter.com\/widgets.js\" charset=\"utf-8\"><\/script><\/span><\/p>\n<h4 style=\"text-align: justify;\">Violence verbale et physique dans la rue<\/h4>\n<p style=\"text-align: justify;\">Si l&rsquo;on peut \u00ab\u00a0tol\u00e9rer\u00a0\u00bb les deux pr\u00e9c\u00e9dentes, m\u00eame si on ne les cautionne pas, cette barri\u00e8re ne doit pas \u00eatre franchie. L&rsquo;insulte sur le web ne suffit plus \u00e0 certaines personnes qui se revendiquent supporter et qui s&rsquo;en prennent physiquement \u00e0 un entra\u00eeneur et ses proches. On a le droit de ne pas \u00eatre d&rsquo;accord avec un staff et ses choix, mais n&rsquo;oublions pas que cela reste un sport et que cette personne reste humaine. Ces personnes doivent \u00eatre punies, que ce soit devant la loi mais aussi en \u00e9tant interdites d&rsquo;entr\u00e9e dans une enceinte sportive. L&rsquo;\u00e9lan de solidarit\u00e9 du club, du syndicat des entra\u00eeneurs ou m\u00eame de certains joueurs pour Bruno Genesio rassure. L&rsquo;homme est s\u00fbrement touch\u00e9, mais bien entour\u00e9, il pourra se relever.<\/p>\n<p><span class=\"hVXfpmZCKnOR8IqoGtLc46Tk5iDHxrbysEe\"><\/p>\n<blockquote class=\"twitter-tweet\" data-width=\"550\" data-dnt=\"true\">\n<p lang=\"fr\" dir=\"ltr\">Les joueurs,les entra\u00eeneurs,les clubs, le Foot dans sa globalit\u00e9 a besoin des supporters. <br \/>Mais ceux ci doivent garder \u00e0 l\u2019esprit que nous sommes \u00ab\u00a0que\u00a0\u00bb des Hommes avec nos qualit\u00e9s et nos d\u00e9fauts.Ce qui s\u2019est pass\u00e9 ce week-end \u00e0 Lyon n\u2019est pas normal !<br \/>Soutien \u00e0 Bruno Genesio<\/p>\n<p>&mdash; Alexandre Lacazette (@LacazetteAlex) <a href=\"https:\/\/twitter.com\/LacazetteAlex\/status\/1036576217720389634?ref_src=twsrc%5Etfw\">September 3, 2018<\/a><\/p><\/blockquote>\n<p><script async src=\"https:\/\/platform.twitter.com\/widgets.js\" charset=\"utf-8\"><\/script><\/span><\/p>\n<p style=\"text-align: justify;\"><em><strong>Nicolas Jacquemard<\/strong><br \/>\n<\/em><a style=\"color: #000000;\" href=\"https:\/\/twitter.com\/Nico_Jacquemard\" target=\"_blank\" rel=\"noopener noreferrer\"><img loading=\"lazy\" decoding=\"async\" class=\"alignnone wp-image-2908\" src=\"http:\/\/dicodusport.fr\/blog\/wp-content\/uploads\/2017\/07\/logo-twitter-150x150.png\" alt=\"\" width=\"39\" height=\"39\" \/><\/a><a style=\"color: #000000;\" href=\"https:\/\/www.facebook.com\/dicodusport\/\" target=\"_blank\" rel=\"noopener noreferrer\"><img loading=\"lazy\" decoding=\"async\" class=\"alignnone wp-image-2909\" src=\"http:\/\/dicodusport.fr\/blog\/wp-content\/uploads\/2017\/07\/logo-facebook-150x150.png\" alt=\"\" width=\"40\" height=\"40\" \/><\/a><\/p>\n","protected":false},"excerpt":{"rendered":"<p>Une vid\u00e9o a montr\u00e9 l&rsquo;entra\u00eeneur de Lyon, Bruno Genesio, pris \u00e0 partie par des supporters alors qu&rsquo;il sortait d\u00eener en famille pour son anniversaire. Un nouvelle limite a \u00e9t\u00e9 franchie, celle de trop \u00e9videmment.<\/p>\n","protected":false},"author":1,"featured_media":25183,"comment_status":"open","ping_status":"closed","sticky":false,"template":"","format":"standard","meta":{"_acf_changed":false,"_daextam_enable_autolinks":"","footnotes":""},"categories":[2,4940,2301],"tags":[5895,5894,75,1145,1146,2355],"class_list":["post-25158","post","type-post","status-publish","format-standard","has-post-thumbnail","hentry","category-actualites","category-edito","category-football","tag-bruno-genesio","tag-edito","tag-football","tag-ol","tag-olympique-lyonnais","tag-supporters"],"acf":[],"yoast_head":"<!-- This site is optimized with the Yoast SEO Premium plugin v26.7 (Yoast SEO v26.7) - https:\/\/yoast.com\/wordpress\/plugins\/seo\/ -->\n<title>Le cas Genesio : la limite est franchie par ces &quot;supporters&quot;<\/title>\n<meta name=\"description\" content=\"Une vid\u00e9o a montr\u00e9 l&#039;entra\u00eeneur de Lyon, Bruno Genesio, pris \u00e0 partie par des supporters alors qu&#039;il sortait d\u00eener en famille pour son anniversaire.\" \/>\n<meta name=\"robots\" content=\"index, follow, max-snippet:-1, max-image-preview:large, max-video-preview:-1\" \/>\n<link rel=\"canonical\" href=\"https:\/\/dicodusport.fr\/blog\/le-cas-genesio-la-limite-est-franchie-par-ces-supporters\/\" \/>\n<meta property=\"og:locale\" content=\"fr_FR\" \/>\n<meta property=\"og:type\" content=\"article\" \/>\n<meta property=\"og:title\" content=\"Le cas Genesio : la limite est franchie par ces &quot;supporters&quot;\" \/>\n<meta property=\"og:description\" content=\"Une vid\u00e9o a montr\u00e9 l&#039;entra\u00eeneur de Lyon, Bruno Genesio, pris \u00e0 partie par des supporters alors qu&#039;il sortait d\u00eener en famille pour son anniversaire.\" \/>\n<meta property=\"og:url\" content=\"https:\/\/dicodusport.fr\/blog\/le-cas-genesio-la-limite-est-franchie-par-ces-supporters\/\" \/>\n<meta property=\"og:site_name\" content=\"Dicodusport\" \/>\n<meta property=\"article:publisher\" content=\"https:\/\/www.facebook.com\/dicodusport\" \/>\n<meta property=\"article:author\" content=\"https:\/\/www.facebook.com\/dicodusport\" \/>\n<meta property=\"article:published_time\" content=\"2018-09-05T14:05:47+00:00\" \/>\n<meta property=\"og:image\" content=\"https:\/\/dicodusport.fr\/blog\/wp-content\/uploads\/2018\/09\/Bruno-Genesio.png\" \/>\n\t<meta property=\"og:image:width\" content=\"1200\" \/>\n\t<meta property=\"og:image:height\" content=\"670\" \/>\n\t<meta property=\"og:image:type\" content=\"image\/png\" \/>\n<meta name=\"author\" content=\"Nicolas Jacquemard\" \/>\n<meta name=\"twitter:card\" content=\"summary_large_image\" \/>\n<meta name=\"twitter:creator\" content=\"@https:\/\/twitter.com\/Nico_Jacquemard\" \/>\n<meta name=\"twitter:site\" content=\"@dicodusport\" \/>\n<script type=\"application\/ld+json\" class=\"yoast-schema-graph\">{\"@context\":\"https:\/\/schema.org\",\"@graph\":[{\"@type\":\"NewsArticle\",\"@id\":\"https:\/\/dicodusport.fr\/blog\/le-cas-genesio-la-limite-est-franchie-par-ces-supporters\/#article\",\"isPartOf\":{\"@id\":\"https:\/\/dicodusport.fr\/blog\/le-cas-genesio-la-limite-est-franchie-par-ces-supporters\/\"},\"author\":{\"name\":\"Nicolas Jacquemard\",\"@id\":\"https:\/\/dicodusport.fr\/blog\/#\/schema\/person\/55dcb50ad410894e431ed812bbb70191\"},\"headline\":\"Le cas Genesio : la limite est franchie par ces \u00ab\u00a0supporters\u00a0\u00bb\",\"datePublished\":\"2018-09-05T14:05:47+00:00\",\"mainEntityOfPage\":{\"@id\":\"https:\/\/dicodusport.fr\/blog\/le-cas-genesio-la-limite-est-franchie-par-ces-supporters\/\"},\"wordCount\":517,\"commentCount\":0,\"publisher\":{\"@id\":\"https:\/\/dicodusport.fr\/blog\/#organization\"},\"image\":{\"@id\":\"https:\/\/dicodusport.fr\/blog\/le-cas-genesio-la-limite-est-franchie-par-ces-supporters\/#primaryimage\"},\"thumbnailUrl\":\"https:\/\/dicodusport.fr\/blog\/wp-content\/uploads\/2018\/09\/Bruno-Genesio.png\",\"keywords\":[\"Bruno Genesio\",\"Edito\",\"Football\",\"OL\",\"Olympique lyonnais\",\"supporters\"],\"articleSection\":[\"Actualit\u00e9s\",\"Edito\",\"Football\"],\"inLanguage\":\"fr-FR\",\"potentialAction\":[{\"@type\":\"CommentAction\",\"name\":\"Comment\",\"target\":[\"https:\/\/dicodusport.fr\/blog\/le-cas-genesio-la-limite-est-franchie-par-ces-supporters\/#respond\"]}],\"copyrightYear\":\"2018\",\"copyrightHolder\":{\"@id\":\"https:\/\/dicodusport.fr\/blog\/#organization\"}},{\"@type\":\"WebPage\",\"@id\":\"https:\/\/dicodusport.fr\/blog\/le-cas-genesio-la-limite-est-franchie-par-ces-supporters\/\",\"url\":\"https:\/\/dicodusport.fr\/blog\/le-cas-genesio-la-limite-est-franchie-par-ces-supporters\/\",\"name\":\"Le cas Genesio : la limite est franchie par ces \\\"supporters\\\"\",\"isPartOf\":{\"@id\":\"https:\/\/dicodusport.fr\/blog\/#website\"},\"primaryImageOfPage\":{\"@id\":\"https:\/\/dicodusport.fr\/blog\/le-cas-genesio-la-limite-est-franchie-par-ces-supporters\/#primaryimage\"},\"image\":{\"@id\":\"https:\/\/dicodusport.fr\/blog\/le-cas-genesio-la-limite-est-franchie-par-ces-supporters\/#primaryimage\"},\"thumbnailUrl\":\"https:\/\/dicodusport.fr\/blog\/wp-content\/uploads\/2018\/09\/Bruno-Genesio.png\",\"datePublished\":\"2018-09-05T14:05:47+00:00\",\"description\":\"Une vid\u00e9o a montr\u00e9 l'entra\u00eeneur de Lyon, Bruno Genesio, pris \u00e0 partie par des supporters alors qu'il sortait d\u00eener en famille pour son anniversaire.\",\"breadcrumb\":{\"@id\":\"https:\/\/dicodusport.fr\/blog\/le-cas-genesio-la-limite-est-franchie-par-ces-supporters\/#breadcrumb\"},\"inLanguage\":\"fr-FR\",\"potentialAction\":[{\"@type\":\"ReadAction\",\"target\":[\"https:\/\/dicodusport.fr\/blog\/le-cas-genesio-la-limite-est-franchie-par-ces-supporters\/\"]}]},{\"@type\":\"ImageObject\",\"inLanguage\":\"fr-FR\",\"@id\":\"https:\/\/dicodusport.fr\/blog\/le-cas-genesio-la-limite-est-franchie-par-ces-supporters\/#primaryimage\",\"url\":\"https:\/\/dicodusport.fr\/blog\/wp-content\/uploads\/2018\/09\/Bruno-Genesio.png\",\"contentUrl\":\"https:\/\/dicodusport.fr\/blog\/wp-content\/uploads\/2018\/09\/Bruno-Genesio.png\",\"width\":1200,\"height\":670},{\"@type\":\"BreadcrumbList\",\"@id\":\"https:\/\/dicodusport.fr\/blog\/le-cas-genesio-la-limite-est-franchie-par-ces-supporters\/#breadcrumb\",\"itemListElement\":[{\"@type\":\"ListItem\",\"position\":1,\"name\":\"Accueil\",\"item\":\"https:\/\/dicodusport.fr\/blog\/\"},{\"@type\":\"ListItem\",\"position\":2,\"name\":\"Le cas Genesio : la limite est franchie par ces \u00ab\u00a0supporters\u00a0\u00bb\"}]},{\"@type\":\"WebSite\",\"@id\":\"https:\/\/dicodusport.fr\/blog\/#website\",\"url\":\"https:\/\/dicodusport.fr\/blog\/\",\"name\":\"Dicodusport\",\"description\":\"L&#039;encyclop\u00e9die de l&#039;actualit\u00e9 sportive\",\"publisher\":{\"@id\":\"https:\/\/dicodusport.fr\/blog\/#organization\"},\"potentialAction\":[{\"@type\":\"SearchAction\",\"target\":{\"@type\":\"EntryPoint\",\"urlTemplate\":\"https:\/\/dicodusport.fr\/blog\/?s={search_term_string}\"},\"query-input\":{\"@type\":\"PropertyValueSpecification\",\"valueRequired\":true,\"valueName\":\"search_term_string\"}}],\"inLanguage\":\"fr-FR\"},{\"@type\":\"NewsMediaOrganization\",\"@id\":\"https:\/\/dicodusport.fr\/blog\/#organization\",\"name\":\"Dicodusport\",\"url\":\"https:\/\/dicodusport.fr\/blog\/\",\"logo\":{\"@type\":\"ImageObject\",\"inLanguage\":\"fr-FR\",\"@id\":\"https:\/\/dicodusport.fr\/blog\/#\/schema\/logo\/image\/\",\"url\":\"https:\/\/dicodusport.fr\/blog\/wp-content\/uploads\/2020\/06\/cropped-LOGO-DICODUSPORT-2020-SANS-FOND-SANS-TEXTE.png\",\"contentUrl\":\"https:\/\/dicodusport.fr\/blog\/wp-content\/uploads\/2020\/06\/cropped-LOGO-DICODUSPORT-2020-SANS-FOND-SANS-TEXTE.png\",\"width\":512,\"height\":512,\"caption\":\"Dicodusport\"},\"image\":{\"@id\":\"https:\/\/dicodusport.fr\/blog\/#\/schema\/logo\/image\/\"},\"sameAs\":[\"https:\/\/www.facebook.com\/dicodusport\",\"https:\/\/x.com\/dicodusport\",\"https:\/\/www.instagram.com\/dicodusport\/\",\"https:\/\/www.youtube.com\/channel\/UC7V2KZ5sd3htJivAbA4ZG3w\"],\"description\":\"Dicodusport est l'encyclop\u00e9die de l'actualit\u00e9 sportive.\",\"email\":\"bonjour@dicodusport.fr\",\"legalName\":\"DICODUSPORT\",\"foundingDate\":\"2018-01-14\",\"vatID\":\"FR71834470973\",\"taxID\":\"83447097300043\",\"numberOfEmployees\":{\"@type\":\"QuantitativeValue\",\"minValue\":\"1\",\"maxValue\":\"10\"}},{\"@type\":\"Person\",\"@id\":\"https:\/\/dicodusport.fr\/blog\/#\/schema\/person\/55dcb50ad410894e431ed812bbb70191\",\"name\":\"Nicolas Jacquemard\",\"image\":{\"@type\":\"ImageObject\",\"inLanguage\":\"fr-FR\",\"@id\":\"https:\/\/dicodusport.fr\/blog\/#\/schema\/person\/image\/\",\"url\":\"https:\/\/dicodusport.fr\/blog\/wp-content\/uploads\/2021\/05\/Nicolas-Jacquemard-150x150.jpeg\",\"contentUrl\":\"https:\/\/dicodusport.fr\/blog\/wp-content\/uploads\/2021\/05\/Nicolas-Jacquemard-150x150.jpeg\",\"caption\":\"Nicolas Jacquemard\"},\"description\":\"Passionn\u00e9 de sport et entrepreneur depuis mes 18 ans, la cr\u00e9ation de Dicodusport m'a sembl\u00e9 \u00e9vidente pour participer \u00e0 la m\u00e9diatisation d'un plus grand nombre de sports. Le chemin est long mais avec une \u00e9quipe des plus motiv\u00e9es et les Jeux Olympiques de Paris 2024 en point de mire, nous y arriverons ! Journaliste dans le monde du sport depuis plus de 5 ans, je traite aussi bien de football, de rugby, de biathlon que de cyclisme.\",\"sameAs\":[\"https:\/\/www.facebook.com\/dicodusport\",\"https:\/\/x.com\/https:\/\/twitter.com\/Nico_Jacquemard\"],\"url\":\"https:\/\/dicodusport.fr\/blog\/author\/dicodusport\/\"}]}<\/script>\n<!-- \/ Yoast SEO Premium plugin. -->","yoast_head_json":{"title":"Le cas Genesio : la limite est franchie par ces \"supporters\"","description":"Une vid\u00e9o a montr\u00e9 l'entra\u00eeneur de Lyon, Bruno Genesio, pris \u00e0 partie par des supporters alors qu'il sortait d\u00eener en famille pour son anniversaire.","robots":{"index":"index","follow":"follow","max-snippet":"max-snippet:-1","max-image-preview":"max-image-preview:large","max-video-preview":"max-video-preview:-1"},"canonical":"https:\/\/dicodusport.fr\/blog\/le-cas-genesio-la-limite-est-franchie-par-ces-supporters\/","og_locale":"fr_FR","og_type":"article","og_title":"Le cas Genesio : la limite est franchie par ces \"supporters\"","og_description":"Une vid\u00e9o a montr\u00e9 l'entra\u00eeneur de Lyon, Bruno Genesio, pris \u00e0 partie par des supporters alors qu'il sortait d\u00eener en famille pour son anniversaire.","og_url":"https:\/\/dicodusport.fr\/blog\/le-cas-genesio-la-limite-est-franchie-par-ces-supporters\/","og_site_name":"Dicodusport","article_publisher":"https:\/\/www.facebook.com\/dicodusport","article_author":"https:\/\/www.facebook.com\/dicodusport","article_published_time":"2018-09-05T14:05:47+00:00","og_image":[{"width":1200,"height":670,"url":"https:\/\/dicodusport.fr\/blog\/wp-content\/uploads\/2018\/09\/Bruno-Genesio.png","type":"image\/png"}],"author":"Nicolas Jacquemard","twitter_card":"summary_large_image","twitter_creator":"@https:\/\/twitter.com\/Nico_Jacquemard","twitter_site":"@dicodusport","schema":{"@context":"https:\/\/schema.org","@graph":[{"@type":"NewsArticle","@id":"https:\/\/dicodusport.fr\/blog\/le-cas-genesio-la-limite-est-franchie-par-ces-supporters\/#article","isPartOf":{"@id":"https:\/\/dicodusport.fr\/blog\/le-cas-genesio-la-limite-est-franchie-par-ces-supporters\/"},"author":{"name":"Nicolas Jacquemard","@id":"https:\/\/dicodusport.fr\/blog\/#\/schema\/person\/55dcb50ad410894e431ed812bbb70191"},"headline":"Le cas Genesio : la limite est franchie par ces \u00ab\u00a0supporters\u00a0\u00bb","datePublished":"2018-09-05T14:05:47+00:00","mainEntityOfPage":{"@id":"https:\/\/dicodusport.fr\/blog\/le-cas-genesio-la-limite-est-franchie-par-ces-supporters\/"},"wordCount":517,"commentCount":0,"publisher":{"@id":"https:\/\/dicodusport.fr\/blog\/#organization"},"image":{"@id":"https:\/\/dicodusport.fr\/blog\/le-cas-genesio-la-limite-est-franchie-par-ces-supporters\/#primaryimage"},"thumbnailUrl":"https:\/\/dicodusport.fr\/blog\/wp-content\/uploads\/2018\/09\/Bruno-Genesio.png","keywords":["Bruno Genesio","Edito","Football","OL","Olympique lyonnais","supporters"],"articleSection":["Actualit\u00e9s","Edito","Football"],"inLanguage":"fr-FR","potentialAction":[{"@type":"CommentAction","name":"Comment","target":["https:\/\/dicodusport.fr\/blog\/le-cas-genesio-la-limite-est-franchie-par-ces-supporters\/#respond"]}],"copyrightYear":"2018","copyrightHolder":{"@id":"https:\/\/dicodusport.fr\/blog\/#organization"}},{"@type":"WebPage","@id":"https:\/\/dicodusport.fr\/blog\/le-cas-genesio-la-limite-est-franchie-par-ces-supporters\/","url":"https:\/\/dicodusport.fr\/blog\/le-cas-genesio-la-limite-est-franchie-par-ces-supporters\/","name":"Le cas Genesio : la limite est franchie par ces \"supporters\"","isPartOf":{"@id":"https:\/\/dicodusport.fr\/blog\/#website"},"primaryImageOfPage":{"@id":"https:\/\/dicodusport.fr\/blog\/le-cas-genesio-la-limite-est-franchie-par-ces-supporters\/#primaryimage"},"image":{"@id":"https:\/\/dicodusport.fr\/blog\/le-cas-genesio-la-limite-est-franchie-par-ces-supporters\/#primaryimage"},"thumbnailUrl":"https:\/\/dicodusport.fr\/blog\/wp-content\/uploads\/2018\/09\/Bruno-Genesio.png","datePublished":"2018-09-05T14:05:47+00:00","description":"Une vid\u00e9o a montr\u00e9 l'entra\u00eeneur de Lyon, Bruno Genesio, pris \u00e0 partie par des supporters alors qu'il sortait d\u00eener en famille pour son anniversaire.","breadcrumb":{"@id":"https:\/\/dicodusport.fr\/blog\/le-cas-genesio-la-limite-est-franchie-par-ces-supporters\/#breadcrumb"},"inLanguage":"fr-FR","potentialAction":[{"@type":"ReadAction","target":["https:\/\/dicodusport.fr\/blog\/le-cas-genesio-la-limite-est-franchie-par-ces-supporters\/"]}]},{"@type":"ImageObject","inLanguage":"fr-FR","@id":"https:\/\/dicodusport.fr\/blog\/le-cas-genesio-la-limite-est-franchie-par-ces-supporters\/#primaryimage","url":"https:\/\/dicodusport.fr\/blog\/wp-content\/uploads\/2018\/09\/Bruno-Genesio.png","contentUrl":"https:\/\/dicodusport.fr\/blog\/wp-content\/uploads\/2018\/09\/Bruno-Genesio.png","width":1200,"height":670},{"@type":"BreadcrumbList","@id":"https:\/\/dicodusport.fr\/blog\/le-cas-genesio-la-limite-est-franchie-par-ces-supporters\/#breadcrumb","itemListElement":[{"@type":"ListItem","position":1,"name":"Accueil","item":"https:\/\/dicodusport.fr\/blog\/"},{"@type":"ListItem","position":2,"name":"Le cas Genesio : la limite est franchie par ces \u00ab\u00a0supporters\u00a0\u00bb"}]},{"@type":"WebSite","@id":"https:\/\/dicodusport.fr\/blog\/#website","url":"https:\/\/dicodusport.fr\/blog\/","name":"Dicodusport","description":"L&#039;encyclop\u00e9die de l&#039;actualit\u00e9 sportive","publisher":{"@id":"https:\/\/dicodusport.fr\/blog\/#organization"},"potentialAction":[{"@type":"SearchAction","target":{"@type":"EntryPoint","urlTemplate":"https:\/\/dicodusport.fr\/blog\/?s={search_term_string}"},"query-input":{"@type":"PropertyValueSpecification","valueRequired":true,"valueName":"search_term_string"}}],"inLanguage":"fr-FR"},{"@type":"NewsMediaOrganization","@id":"https:\/\/dicodusport.fr\/blog\/#organization","name":"Dicodusport","url":"https:\/\/dicodusport.fr\/blog\/","logo":{"@type":"ImageObject","inLanguage":"fr-FR","@id":"https:\/\/dicodusport.fr\/blog\/#\/schema\/logo\/image\/","url":"https:\/\/dicodusport.fr\/blog\/wp-content\/uploads\/2020\/06\/cropped-LOGO-DICODUSPORT-2020-SANS-FOND-SANS-TEXTE.png","contentUrl":"https:\/\/dicodusport.fr\/blog\/wp-content\/uploads\/2020\/06\/cropped-LOGO-DICODUSPORT-2020-SANS-FOND-SANS-TEXTE.png","width":512,"height":512,"caption":"Dicodusport"},"image":{"@id":"https:\/\/dicodusport.fr\/blog\/#\/schema\/logo\/image\/"},"sameAs":["https:\/\/www.facebook.com\/dicodusport","https:\/\/x.com\/dicodusport","https:\/\/www.instagram.com\/dicodusport\/","https:\/\/www.youtube.com\/channel\/UC7V2KZ5sd3htJivAbA4ZG3w"],"description":"Dicodusport est l'encyclop\u00e9die de l'actualit\u00e9 sportive.","email":"bonjour@dicodusport.fr","legalName":"DICODUSPORT","foundingDate":"2018-01-14","vatID":"FR71834470973","taxID":"83447097300043","numberOfEmployees":{"@type":"QuantitativeValue","minValue":"1","maxValue":"10"}},{"@type":"Person","@id":"https:\/\/dicodusport.fr\/blog\/#\/schema\/person\/55dcb50ad410894e431ed812bbb70191","name":"Nicolas Jacquemard","image":{"@type":"ImageObject","inLanguage":"fr-FR","@id":"https:\/\/dicodusport.fr\/blog\/#\/schema\/person\/image\/","url":"https:\/\/dicodusport.fr\/blog\/wp-content\/uploads\/2021\/05\/Nicolas-Jacquemard-150x150.jpeg","contentUrl":"https:\/\/dicodusport.fr\/blog\/wp-content\/uploads\/2021\/05\/Nicolas-Jacquemard-150x150.jpeg","caption":"Nicolas Jacquemard"},"description":"Passionn\u00e9 de sport et entrepreneur depuis mes 18 ans, la cr\u00e9ation de Dicodusport m'a sembl\u00e9 \u00e9vidente pour participer \u00e0 la m\u00e9diatisation d'un plus grand nombre de sports. Le chemin est long mais avec une \u00e9quipe des plus motiv\u00e9es et les Jeux Olympiques de Paris 2024 en point de mire, nous y arriverons ! Journaliste dans le monde du sport depuis plus de 5 ans, je traite aussi bien de football, de rugby, de biathlon que de cyclisme.","sameAs":["https:\/\/www.facebook.com\/dicodusport","https:\/\/x.com\/https:\/\/twitter.com\/Nico_Jacquemard"],"url":"https:\/\/dicodusport.fr\/blog\/author\/dicodusport\/"}]}},"_links":{"self":[{"href":"https:\/\/dicodusport.fr\/blog\/wp-json\/wp\/v2\/posts\/25158","targetHints":{"allow":["GET"]}}],"collection":[{"href":"https:\/\/dicodusport.fr\/blog\/wp-json\/wp\/v2\/posts"}],"about":[{"href":"https:\/\/dicodusport.fr\/blog\/wp-json\/wp\/v2\/types\/post"}],"author":[{"embeddable":true,"href":"https:\/\/dicodusport.fr\/blog\/wp-json\/wp\/v2\/users\/1"}],"replies":[{"embeddable":true,"href":"https:\/\/dicodusport.fr\/blog\/wp-json\/wp\/v2\/comments?post=25158"}],"version-history":[{"count":0,"href":"https:\/\/dicodusport.fr\/blog\/wp-json\/wp\/v2\/posts\/25158\/revisions"}],"wp:featuredmedia":[{"embeddable":true,"href":"https:\/\/dicodusport.fr\/blog\/wp-json\/wp\/v2\/media\/25183"}],"wp:attachment":[{"href":"https:\/\/dicodusport.fr\/blog\/wp-json\/wp\/v2\/media?parent=25158"}],"wp:term":[{"taxonomy":"category","embeddable":true,"href":"https:\/\/dicodusport.fr\/blog\/wp-json\/wp\/v2\/categories?post=25158"},{"taxonomy":"post_tag","embeddable":true,"href":"https:\/\/dicodusport.fr\/blog\/wp-json\/wp\/v2\/tags?post=25158"}],"curies":[{"name":"wp","href":"https:\/\/api.w.org\/{rel}","templated":true}]}}