{"id":251756,"date":"2022-08-13T19:31:02","date_gmt":"2022-08-13T17:31:02","guid":{"rendered":"https:\/\/dicodusport.fr\/blog\/?p=251756&#038;preview=true&#038;preview_id=251756"},"modified":"2022-08-15T14:14:07","modified_gmt":"2022-08-15T12:14:07","slug":"championnats-europeens-largent-pour-sam-avezou-en-escalade","status":"publish","type":"post","link":"https:\/\/dicodusport.fr\/blog\/championnats-europeens-largent-pour-sam-avezou-en-escalade\/","title":{"rendered":"Championnats europ\u00e9ens : L&rsquo;argent pour Sam Avezou en escalade"},"content":{"rendered":"<p style=\"text-align: justify;\"><b><i><a href=\"https:\/\/dicodusport.fr\/blog\/programme-et-resultats-escalade-championnats-deurope-2022\/\">CHAMPIONNATS D&rsquo;EUROPE D&rsquo;ESCALADE<\/a> &#8211; Deuxi\u00e8me finale en escalade et deuxi\u00e8me m\u00e9daille fran\u00e7aise, en argent pour Sam Avezou. Le Tricolore a r\u00e9ussi une superbe prestation dans l&rsquo;\u00e9preuve de bloc, \u00e9chouant tout pr\u00e8s de la m\u00e9daille d&rsquo;or.\u00a0<\/i><\/b><\/p>\n<p style=\"text-align: justify;\">Ils \u00e9taient deux Fran\u00e7ais en finale de l&rsquo;\u00e9preuve de bloc.<strong> Sam Avezou,<\/strong> brillant en qualifications, et <strong>Mejdi Schalck<\/strong>, <a href=\"https:\/\/dicodusport.fr\/blog\/escalade-mejdi-schalck-remporte-sa-premiere-coupe-du-monde-de-bloc-a-18-ans\/\">laur\u00e9at d&rsquo;une manche de Coupe du monde en mai<\/a>. Mais c&rsquo;est bien le premier nomm\u00e9 qui a amen\u00e9 une deuxi\u00e8me m\u00e9daille \u00e0 l&rsquo;\u00e9quipe de France d&rsquo;escalade. R\u00e9gulier tout au long de la comp\u00e9tition, il a gagn\u00e9 sa place sur le podium lors du troisi\u00e8me des quatre blocs. Il termine finalement deuxi\u00e8me, \u00e0 0.1 points du vainqueur, l&rsquo;Autrichien <strong>Nicolai Uznik<\/strong>. Quand \u00e0 <strong>Mejdi Schalck,<\/strong> il termine quatri\u00e8me, \u00e0 distance respectable toutefois du podium.<\/p>\n<blockquote class=\"twitter-tweet\">\n<p dir=\"ltr\" lang=\"fr\">Sam Avezou vice-champion d&rsquo;Europe d&rsquo;escalade ! Le succ\u00e8s en acces prime-time pour le Fran\u00e7ais !<br \/>\nUne bonne pr\u00e9paration pour Paris 2024<a href=\"https:\/\/twitter.com\/hashtag\/Munich2022?src=hash&amp;ref_src=twsrc%5Etfw\">#Munich2022<\/a><\/p>\n<p>\u2014 Etienne Goursaud (@EtienneGoursaud) <a href=\"https:\/\/twitter.com\/EtienneGoursaud\/status\/1558505807507062786?ref_src=twsrc%5Etfw\">August 13, 2022<\/a><\/p><\/blockquote>\n<p style=\"text-align: justify;\"><script async src=\"https:\/\/platform.twitter.com\/widgets.js\" charset=\"utf-8\"><\/script><\/p>\n","protected":false},"excerpt":{"rendered":"<p>CHAMPIONNATS D&rsquo;EUROPE D&rsquo;ESCALADE &#8211; Deuxi\u00e8me finale en escalade et deuxi\u00e8me m\u00e9daille fran\u00e7aise, en argent pour Sam Avezou. Le Tricolore a r\u00e9ussi une superbe prestation dans l&rsquo;\u00e9preuve de bloc.\u00a0<\/p>\n","protected":false},"author":59,"featured_media":252301,"comment_status":"open","ping_status":"closed","sticky":false,"template":"","format":"standard","meta":{"_acf_changed":false,"_daextam_enable_autolinks":"","footnotes":""},"categories":[10930],"tags":[477,25772],"class_list":["post-251756","post","type-post","status-publish","format-standard","has-post-thumbnail","hentry","category-escalade","tag-escalade","tag-sam-avezou"],"acf":[],"yoast_head":"<!-- This site is optimized with the Yoast SEO Premium plugin v26.7 (Yoast SEO v26.7) - https:\/\/yoast.com\/wordpress\/plugins\/seo\/ -->\n<title>Championnats europ\u00e9ens : L&#039;argent pour Sam Avezou en escalade<\/title>\n<meta name=\"description\" content=\"CHAMPIONNATS D&#039;EUROPE D&#039;ESCALADE - Deuxi\u00e8me finale en escalade et deuxi\u00e8me m\u00e9daille fran\u00e7aise, en argent pour Sam Avezou.\" \/>\n<meta name=\"robots\" content=\"index, follow, max-snippet:-1, max-image-preview:large, max-video-preview:-1\" \/>\n<link rel=\"canonical\" href=\"https:\/\/dicodusport.fr\/blog\/championnats-europeens-largent-pour-sam-avezou-en-escalade\/\" \/>\n<meta property=\"og:locale\" content=\"fr_FR\" \/>\n<meta property=\"og:type\" content=\"article\" \/>\n<meta property=\"og:title\" content=\"Championnats europ\u00e9ens : L&#039;argent pour Sam Avezou en escalade\" \/>\n<meta property=\"og:description\" content=\"CHAMPIONNATS D&#039;EUROPE D&#039;ESCALADE - Deuxi\u00e8me finale en escalade et deuxi\u00e8me m\u00e9daille fran\u00e7aise, en argent pour Sam Avezou.\" \/>\n<meta property=\"og:url\" content=\"https:\/\/dicodusport.fr\/blog\/championnats-europeens-largent-pour-sam-avezou-en-escalade\/\" \/>\n<meta property=\"og:site_name\" content=\"Dicodusport\" \/>\n<meta property=\"article:publisher\" content=\"https:\/\/www.facebook.com\/dicodusport\" \/>\n<meta property=\"article:author\" content=\"https:\/\/www.facebook.com\/sebastien.gente\/\" \/>\n<meta property=\"article:published_time\" content=\"2022-08-13T17:31:02+00:00\" \/>\n<meta property=\"article:modified_time\" content=\"2022-08-15T12:14:07+00:00\" \/>\n<meta property=\"og:image\" content=\"https:\/\/dicodusport.fr\/blog\/wp-content\/uploads\/2022\/08\/Championnats-europeens-2022-Largent-pour-Sam-Avezou-en-escalade.png\" \/>\n\t<meta property=\"og:image:width\" content=\"800\" \/>\n\t<meta property=\"og:image:height\" content=\"445\" \/>\n\t<meta property=\"og:image:type\" content=\"image\/png\" \/>\n<meta name=\"author\" content=\"S\u00e9bastien Gente\" \/>\n<meta name=\"twitter:card\" content=\"summary_large_image\" \/>\n<meta name=\"twitter:title\" content=\"Championnats europ\u00e9ens : L&#039;argent pour Sam Avezou en escalade\" \/>\n<meta name=\"twitter:creator\" content=\"@https:\/\/twitter.com\/globulo24\" \/>\n<meta name=\"twitter:site\" content=\"@dicodusport\" \/>\n<script type=\"application\/ld+json\" class=\"yoast-schema-graph\">{\"@context\":\"https:\/\/schema.org\",\"@graph\":[{\"@type\":\"NewsArticle\",\"@id\":\"https:\/\/dicodusport.fr\/blog\/championnats-europeens-largent-pour-sam-avezou-en-escalade\/#article\",\"isPartOf\":{\"@id\":\"https:\/\/dicodusport.fr\/blog\/championnats-europeens-largent-pour-sam-avezou-en-escalade\/\"},\"author\":{\"name\":\"S\u00e9bastien Gente\",\"@id\":\"https:\/\/dicodusport.fr\/blog\/#\/schema\/person\/627966a6cde45dbd8c5e36ac85d783da\"},\"headline\":\"Championnats europ\u00e9ens : L&rsquo;argent pour Sam Avezou en escalade\",\"datePublished\":\"2022-08-13T17:31:02+00:00\",\"dateModified\":\"2022-08-15T12:14:07+00:00\",\"mainEntityOfPage\":{\"@id\":\"https:\/\/dicodusport.fr\/blog\/championnats-europeens-largent-pour-sam-avezou-en-escalade\/\"},\"wordCount\":184,\"commentCount\":0,\"publisher\":{\"@id\":\"https:\/\/dicodusport.fr\/blog\/#organization\"},\"image\":{\"@id\":\"https:\/\/dicodusport.fr\/blog\/championnats-europeens-largent-pour-sam-avezou-en-escalade\/#primaryimage\"},\"thumbnailUrl\":\"https:\/\/dicodusport.fr\/blog\/wp-content\/uploads\/2022\/08\/Championnats-europeens-2022-Largent-pour-Sam-Avezou-en-escalade.png\",\"keywords\":[\"Escalade\",\"Sam Avezou\"],\"articleSection\":[\"Escalade\"],\"inLanguage\":\"fr-FR\",\"potentialAction\":[{\"@type\":\"CommentAction\",\"name\":\"Comment\",\"target\":[\"https:\/\/dicodusport.fr\/blog\/championnats-europeens-largent-pour-sam-avezou-en-escalade\/#respond\"]}],\"copyrightYear\":\"2022\",\"copyrightHolder\":{\"@id\":\"https:\/\/dicodusport.fr\/blog\/#organization\"}},{\"@type\":\"WebPage\",\"@id\":\"https:\/\/dicodusport.fr\/blog\/championnats-europeens-largent-pour-sam-avezou-en-escalade\/\",\"url\":\"https:\/\/dicodusport.fr\/blog\/championnats-europeens-largent-pour-sam-avezou-en-escalade\/\",\"name\":\"Championnats europ\u00e9ens : L'argent pour Sam Avezou en escalade\",\"isPartOf\":{\"@id\":\"https:\/\/dicodusport.fr\/blog\/#website\"},\"primaryImageOfPage\":{\"@id\":\"https:\/\/dicodusport.fr\/blog\/championnats-europeens-largent-pour-sam-avezou-en-escalade\/#primaryimage\"},\"image\":{\"@id\":\"https:\/\/dicodusport.fr\/blog\/championnats-europeens-largent-pour-sam-avezou-en-escalade\/#primaryimage\"},\"thumbnailUrl\":\"https:\/\/dicodusport.fr\/blog\/wp-content\/uploads\/2022\/08\/Championnats-europeens-2022-Largent-pour-Sam-Avezou-en-escalade.png\",\"datePublished\":\"2022-08-13T17:31:02+00:00\",\"dateModified\":\"2022-08-15T12:14:07+00:00\",\"description\":\"CHAMPIONNATS D'EUROPE D'ESCALADE - Deuxi\u00e8me finale en escalade et deuxi\u00e8me m\u00e9daille fran\u00e7aise, en argent pour Sam Avezou.\",\"breadcrumb\":{\"@id\":\"https:\/\/dicodusport.fr\/blog\/championnats-europeens-largent-pour-sam-avezou-en-escalade\/#breadcrumb\"},\"inLanguage\":\"fr-FR\",\"potentialAction\":[{\"@type\":\"ReadAction\",\"target\":[\"https:\/\/dicodusport.fr\/blog\/championnats-europeens-largent-pour-sam-avezou-en-escalade\/\"]}]},{\"@type\":\"ImageObject\",\"inLanguage\":\"fr-FR\",\"@id\":\"https:\/\/dicodusport.fr\/blog\/championnats-europeens-largent-pour-sam-avezou-en-escalade\/#primaryimage\",\"url\":\"https:\/\/dicodusport.fr\/blog\/wp-content\/uploads\/2022\/08\/Championnats-europeens-2022-Largent-pour-Sam-Avezou-en-escalade.png\",\"contentUrl\":\"https:\/\/dicodusport.fr\/blog\/wp-content\/uploads\/2022\/08\/Championnats-europeens-2022-Largent-pour-Sam-Avezou-en-escalade.png\",\"width\":800,\"height\":445,\"caption\":\"Championnats europ\u00e9ens L'argent pour Sam Avezou en escalade\"},{\"@type\":\"BreadcrumbList\",\"@id\":\"https:\/\/dicodusport.fr\/blog\/championnats-europeens-largent-pour-sam-avezou-en-escalade\/#breadcrumb\",\"itemListElement\":[{\"@type\":\"ListItem\",\"position\":1,\"name\":\"Accueil\",\"item\":\"https:\/\/dicodusport.fr\/blog\/\"},{\"@type\":\"ListItem\",\"position\":2,\"name\":\"Championnats europ\u00e9ens : L&rsquo;argent pour Sam Avezou en escalade\"}]},{\"@type\":\"WebSite\",\"@id\":\"https:\/\/dicodusport.fr\/blog\/#website\",\"url\":\"https:\/\/dicodusport.fr\/blog\/\",\"name\":\"Dicodusport\",\"description\":\"L&#039;encyclop\u00e9die de l&#039;actualit\u00e9 sportive\",\"publisher\":{\"@id\":\"https:\/\/dicodusport.fr\/blog\/#organization\"},\"potentialAction\":[{\"@type\":\"SearchAction\",\"target\":{\"@type\":\"EntryPoint\",\"urlTemplate\":\"https:\/\/dicodusport.fr\/blog\/?s={search_term_string}\"},\"query-input\":{\"@type\":\"PropertyValueSpecification\",\"valueRequired\":true,\"valueName\":\"search_term_string\"}}],\"inLanguage\":\"fr-FR\"},{\"@type\":\"NewsMediaOrganization\",\"@id\":\"https:\/\/dicodusport.fr\/blog\/#organization\",\"name\":\"Dicodusport\",\"url\":\"https:\/\/dicodusport.fr\/blog\/\",\"logo\":{\"@type\":\"ImageObject\",\"inLanguage\":\"fr-FR\",\"@id\":\"https:\/\/dicodusport.fr\/blog\/#\/schema\/logo\/image\/\",\"url\":\"https:\/\/dicodusport.fr\/blog\/wp-content\/uploads\/2020\/06\/cropped-LOGO-DICODUSPORT-2020-SANS-FOND-SANS-TEXTE.png\",\"contentUrl\":\"https:\/\/dicodusport.fr\/blog\/wp-content\/uploads\/2020\/06\/cropped-LOGO-DICODUSPORT-2020-SANS-FOND-SANS-TEXTE.png\",\"width\":512,\"height\":512,\"caption\":\"Dicodusport\"},\"image\":{\"@id\":\"https:\/\/dicodusport.fr\/blog\/#\/schema\/logo\/image\/\"},\"sameAs\":[\"https:\/\/www.facebook.com\/dicodusport\",\"https:\/\/x.com\/dicodusport\",\"https:\/\/www.instagram.com\/dicodusport\/\",\"https:\/\/www.youtube.com\/channel\/UC7V2KZ5sd3htJivAbA4ZG3w\"],\"description\":\"Dicodusport est l'encyclop\u00e9die de l'actualit\u00e9 sportive.\",\"email\":\"bonjour@dicodusport.fr\",\"legalName\":\"DICODUSPORT\",\"foundingDate\":\"2018-01-14\",\"vatID\":\"FR71834470973\",\"taxID\":\"83447097300043\",\"numberOfEmployees\":{\"@type\":\"QuantitativeValue\",\"minValue\":\"1\",\"maxValue\":\"10\"}},{\"@type\":\"Person\",\"@id\":\"https:\/\/dicodusport.fr\/blog\/#\/schema\/person\/627966a6cde45dbd8c5e36ac85d783da\",\"name\":\"S\u00e9bastien Gente\",\"image\":{\"@type\":\"ImageObject\",\"inLanguage\":\"fr-FR\",\"@id\":\"https:\/\/dicodusport.fr\/blog\/#\/schema\/person\/image\/\",\"url\":\"https:\/\/dicodusport.fr\/blog\/wp-content\/uploads\/2021\/09\/1510990_10205810251400683_4124423575079401707_n-150x150.jpg\",\"contentUrl\":\"https:\/\/dicodusport.fr\/blog\/wp-content\/uploads\/2021\/09\/1510990_10205810251400683_4124423575079401707_n-150x150.jpg\",\"caption\":\"S\u00e9bastien Gente\"},\"description\":\"John Stockton, Gianni Bugno, Zinedine Zidane, Steffi Graf, Frode Andresen, St\u00e9phane Stoecklin, Davis Kamoga, Primoz Peterka, Werner Schlager et Aur\u00e9lien Rougerie. Point commun entre ces sportifs? Ils m'ont fait r\u00eaver et ont berc\u00e9 mon adolescence. Je suis un fondu de sports et j'essaie de retranscrire ma passion \u00e0 travers mes articles. Originaire du P\u00e9rigord, ma passion pour les Girondins, les Jaunards et les Jazzmen transpire dans mes \u00e9crits. \u00c0 Dicodusport depuis 2021, je d\u00e9niche les sports m\u00e9connus dans lesquels la France brille, et il y en a !\",\"sameAs\":[\"https:\/\/www.facebook.com\/sebastien.gente\/\",\"https:\/\/www.instagram.com\/sebgente\/\",\"https:\/\/www.linkedin.com\/in\/sbastien-gente-a29583169\/\",\"https:\/\/x.com\/https:\/\/twitter.com\/globulo24\",\"SebastienGente\"],\"worksFor\":\"S\u00e9bastien GENTE\",\"url\":\"https:\/\/dicodusport.fr\/blog\/author\/sebastiengente\/\"}]}<\/script>\n<!-- \/ Yoast SEO Premium plugin. -->","yoast_head_json":{"title":"Championnats europ\u00e9ens : L'argent pour Sam Avezou en escalade","description":"CHAMPIONNATS D'EUROPE D'ESCALADE - Deuxi\u00e8me finale en escalade et deuxi\u00e8me m\u00e9daille fran\u00e7aise, en argent pour Sam Avezou.","robots":{"index":"index","follow":"follow","max-snippet":"max-snippet:-1","max-image-preview":"max-image-preview:large","max-video-preview":"max-video-preview:-1"},"canonical":"https:\/\/dicodusport.fr\/blog\/championnats-europeens-largent-pour-sam-avezou-en-escalade\/","og_locale":"fr_FR","og_type":"article","og_title":"Championnats europ\u00e9ens : L'argent pour Sam Avezou en escalade","og_description":"CHAMPIONNATS D'EUROPE D'ESCALADE - Deuxi\u00e8me finale en escalade et deuxi\u00e8me m\u00e9daille fran\u00e7aise, en argent pour Sam Avezou.","og_url":"https:\/\/dicodusport.fr\/blog\/championnats-europeens-largent-pour-sam-avezou-en-escalade\/","og_site_name":"Dicodusport","article_publisher":"https:\/\/www.facebook.com\/dicodusport","article_author":"https:\/\/www.facebook.com\/sebastien.gente\/","article_published_time":"2022-08-13T17:31:02+00:00","article_modified_time":"2022-08-15T12:14:07+00:00","og_image":[{"width":800,"height":445,"url":"https:\/\/dicodusport.fr\/blog\/wp-content\/uploads\/2022\/08\/Championnats-europeens-2022-Largent-pour-Sam-Avezou-en-escalade.png","type":"image\/png"}],"author":"S\u00e9bastien Gente","twitter_card":"summary_large_image","twitter_title":"Championnats europ\u00e9ens : L'argent pour Sam Avezou en escalade","twitter_creator":"@https:\/\/twitter.com\/globulo24","twitter_site":"@dicodusport","schema":{"@context":"https:\/\/schema.org","@graph":[{"@type":"NewsArticle","@id":"https:\/\/dicodusport.fr\/blog\/championnats-europeens-largent-pour-sam-avezou-en-escalade\/#article","isPartOf":{"@id":"https:\/\/dicodusport.fr\/blog\/championnats-europeens-largent-pour-sam-avezou-en-escalade\/"},"author":{"name":"S\u00e9bastien Gente","@id":"https:\/\/dicodusport.fr\/blog\/#\/schema\/person\/627966a6cde45dbd8c5e36ac85d783da"},"headline":"Championnats europ\u00e9ens : L&rsquo;argent pour Sam Avezou en escalade","datePublished":"2022-08-13T17:31:02+00:00","dateModified":"2022-08-15T12:14:07+00:00","mainEntityOfPage":{"@id":"https:\/\/dicodusport.fr\/blog\/championnats-europeens-largent-pour-sam-avezou-en-escalade\/"},"wordCount":184,"commentCount":0,"publisher":{"@id":"https:\/\/dicodusport.fr\/blog\/#organization"},"image":{"@id":"https:\/\/dicodusport.fr\/blog\/championnats-europeens-largent-pour-sam-avezou-en-escalade\/#primaryimage"},"thumbnailUrl":"https:\/\/dicodusport.fr\/blog\/wp-content\/uploads\/2022\/08\/Championnats-europeens-2022-Largent-pour-Sam-Avezou-en-escalade.png","keywords":["Escalade","Sam Avezou"],"articleSection":["Escalade"],"inLanguage":"fr-FR","potentialAction":[{"@type":"CommentAction","name":"Comment","target":["https:\/\/dicodusport.fr\/blog\/championnats-europeens-largent-pour-sam-avezou-en-escalade\/#respond"]}],"copyrightYear":"2022","copyrightHolder":{"@id":"https:\/\/dicodusport.fr\/blog\/#organization"}},{"@type":"WebPage","@id":"https:\/\/dicodusport.fr\/blog\/championnats-europeens-largent-pour-sam-avezou-en-escalade\/","url":"https:\/\/dicodusport.fr\/blog\/championnats-europeens-largent-pour-sam-avezou-en-escalade\/","name":"Championnats europ\u00e9ens : L'argent pour Sam Avezou en escalade","isPartOf":{"@id":"https:\/\/dicodusport.fr\/blog\/#website"},"primaryImageOfPage":{"@id":"https:\/\/dicodusport.fr\/blog\/championnats-europeens-largent-pour-sam-avezou-en-escalade\/#primaryimage"},"image":{"@id":"https:\/\/dicodusport.fr\/blog\/championnats-europeens-largent-pour-sam-avezou-en-escalade\/#primaryimage"},"thumbnailUrl":"https:\/\/dicodusport.fr\/blog\/wp-content\/uploads\/2022\/08\/Championnats-europeens-2022-Largent-pour-Sam-Avezou-en-escalade.png","datePublished":"2022-08-13T17:31:02+00:00","dateModified":"2022-08-15T12:14:07+00:00","description":"CHAMPIONNATS D'EUROPE D'ESCALADE - Deuxi\u00e8me finale en escalade et deuxi\u00e8me m\u00e9daille fran\u00e7aise, en argent pour Sam Avezou.","breadcrumb":{"@id":"https:\/\/dicodusport.fr\/blog\/championnats-europeens-largent-pour-sam-avezou-en-escalade\/#breadcrumb"},"inLanguage":"fr-FR","potentialAction":[{"@type":"ReadAction","target":["https:\/\/dicodusport.fr\/blog\/championnats-europeens-largent-pour-sam-avezou-en-escalade\/"]}]},{"@type":"ImageObject","inLanguage":"fr-FR","@id":"https:\/\/dicodusport.fr\/blog\/championnats-europeens-largent-pour-sam-avezou-en-escalade\/#primaryimage","url":"https:\/\/dicodusport.fr\/blog\/wp-content\/uploads\/2022\/08\/Championnats-europeens-2022-Largent-pour-Sam-Avezou-en-escalade.png","contentUrl":"https:\/\/dicodusport.fr\/blog\/wp-content\/uploads\/2022\/08\/Championnats-europeens-2022-Largent-pour-Sam-Avezou-en-escalade.png","width":800,"height":445,"caption":"Championnats europ\u00e9ens L'argent pour Sam Avezou en escalade"},{"@type":"BreadcrumbList","@id":"https:\/\/dicodusport.fr\/blog\/championnats-europeens-largent-pour-sam-avezou-en-escalade\/#breadcrumb","itemListElement":[{"@type":"ListItem","position":1,"name":"Accueil","item":"https:\/\/dicodusport.fr\/blog\/"},{"@type":"ListItem","position":2,"name":"Championnats europ\u00e9ens : L&rsquo;argent pour Sam Avezou en escalade"}]},{"@type":"WebSite","@id":"https:\/\/dicodusport.fr\/blog\/#website","url":"https:\/\/dicodusport.fr\/blog\/","name":"Dicodusport","description":"L&#039;encyclop\u00e9die de l&#039;actualit\u00e9 sportive","publisher":{"@id":"https:\/\/dicodusport.fr\/blog\/#organization"},"potentialAction":[{"@type":"SearchAction","target":{"@type":"EntryPoint","urlTemplate":"https:\/\/dicodusport.fr\/blog\/?s={search_term_string}"},"query-input":{"@type":"PropertyValueSpecification","valueRequired":true,"valueName":"search_term_string"}}],"inLanguage":"fr-FR"},{"@type":"NewsMediaOrganization","@id":"https:\/\/dicodusport.fr\/blog\/#organization","name":"Dicodusport","url":"https:\/\/dicodusport.fr\/blog\/","logo":{"@type":"ImageObject","inLanguage":"fr-FR","@id":"https:\/\/dicodusport.fr\/blog\/#\/schema\/logo\/image\/","url":"https:\/\/dicodusport.fr\/blog\/wp-content\/uploads\/2020\/06\/cropped-LOGO-DICODUSPORT-2020-SANS-FOND-SANS-TEXTE.png","contentUrl":"https:\/\/dicodusport.fr\/blog\/wp-content\/uploads\/2020\/06\/cropped-LOGO-DICODUSPORT-2020-SANS-FOND-SANS-TEXTE.png","width":512,"height":512,"caption":"Dicodusport"},"image":{"@id":"https:\/\/dicodusport.fr\/blog\/#\/schema\/logo\/image\/"},"sameAs":["https:\/\/www.facebook.com\/dicodusport","https:\/\/x.com\/dicodusport","https:\/\/www.instagram.com\/dicodusport\/","https:\/\/www.youtube.com\/channel\/UC7V2KZ5sd3htJivAbA4ZG3w"],"description":"Dicodusport est l'encyclop\u00e9die de l'actualit\u00e9 sportive.","email":"bonjour@dicodusport.fr","legalName":"DICODUSPORT","foundingDate":"2018-01-14","vatID":"FR71834470973","taxID":"83447097300043","numberOfEmployees":{"@type":"QuantitativeValue","minValue":"1","maxValue":"10"}},{"@type":"Person","@id":"https:\/\/dicodusport.fr\/blog\/#\/schema\/person\/627966a6cde45dbd8c5e36ac85d783da","name":"S\u00e9bastien Gente","image":{"@type":"ImageObject","inLanguage":"fr-FR","@id":"https:\/\/dicodusport.fr\/blog\/#\/schema\/person\/image\/","url":"https:\/\/dicodusport.fr\/blog\/wp-content\/uploads\/2021\/09\/1510990_10205810251400683_4124423575079401707_n-150x150.jpg","contentUrl":"https:\/\/dicodusport.fr\/blog\/wp-content\/uploads\/2021\/09\/1510990_10205810251400683_4124423575079401707_n-150x150.jpg","caption":"S\u00e9bastien Gente"},"description":"John Stockton, Gianni Bugno, Zinedine Zidane, Steffi Graf, Frode Andresen, St\u00e9phane Stoecklin, Davis Kamoga, Primoz Peterka, Werner Schlager et Aur\u00e9lien Rougerie. Point commun entre ces sportifs? Ils m'ont fait r\u00eaver et ont berc\u00e9 mon adolescence. Je suis un fondu de sports et j'essaie de retranscrire ma passion \u00e0 travers mes articles. Originaire du P\u00e9rigord, ma passion pour les Girondins, les Jaunards et les Jazzmen transpire dans mes \u00e9crits. \u00c0 Dicodusport depuis 2021, je d\u00e9niche les sports m\u00e9connus dans lesquels la France brille, et il y en a !","sameAs":["https:\/\/www.facebook.com\/sebastien.gente\/","https:\/\/www.instagram.com\/sebgente\/","https:\/\/www.linkedin.com\/in\/sbastien-gente-a29583169\/","https:\/\/x.com\/https:\/\/twitter.com\/globulo24","SebastienGente"],"worksFor":"S\u00e9bastien GENTE","url":"https:\/\/dicodusport.fr\/blog\/author\/sebastiengente\/"}]}},"_links":{"self":[{"href":"https:\/\/dicodusport.fr\/blog\/wp-json\/wp\/v2\/posts\/251756","targetHints":{"allow":["GET"]}}],"collection":[{"href":"https:\/\/dicodusport.fr\/blog\/wp-json\/wp\/v2\/posts"}],"about":[{"href":"https:\/\/dicodusport.fr\/blog\/wp-json\/wp\/v2\/types\/post"}],"author":[{"embeddable":true,"href":"https:\/\/dicodusport.fr\/blog\/wp-json\/wp\/v2\/users\/59"}],"replies":[{"embeddable":true,"href":"https:\/\/dicodusport.fr\/blog\/wp-json\/wp\/v2\/comments?post=251756"}],"version-history":[{"count":0,"href":"https:\/\/dicodusport.fr\/blog\/wp-json\/wp\/v2\/posts\/251756\/revisions"}],"wp:featuredmedia":[{"embeddable":true,"href":"https:\/\/dicodusport.fr\/blog\/wp-json\/wp\/v2\/media\/252301"}],"wp:attachment":[{"href":"https:\/\/dicodusport.fr\/blog\/wp-json\/wp\/v2\/media?parent=251756"}],"wp:term":[{"taxonomy":"category","embeddable":true,"href":"https:\/\/dicodusport.fr\/blog\/wp-json\/wp\/v2\/categories?post=251756"},{"taxonomy":"post_tag","embeddable":true,"href":"https:\/\/dicodusport.fr\/blog\/wp-json\/wp\/v2\/tags?post=251756"}],"curies":[{"name":"wp","href":"https:\/\/api.w.org\/{rel}","templated":true}]}}