{"id":251863,"date":"2022-08-14T08:33:06","date_gmt":"2022-08-14T06:33:06","guid":{"rendered":"https:\/\/dicodusport.fr\/blog\/?p=251863&#038;preview=true&#038;preview_id=251863"},"modified":"2022-08-15T17:29:40","modified_gmt":"2022-08-15T15:29:40","slug":"psg-lattitude-de-kylian-mbappe-interroge-des-problemes-personnels-evoques","status":"publish","type":"post","link":"https:\/\/dicodusport.fr\/blog\/psg-lattitude-de-kylian-mbappe-interroge-des-problemes-personnels-evoques\/","title":{"rendered":"PSG : L&rsquo;attitude de Kylian Mbapp\u00e9 interroge, des probl\u00e8mes personnels \u00e9voqu\u00e9s"},"content":{"rendered":"<p style=\"text-align: justify;\"><b><i>LIGUE 1 2022-2023 &#8211; Le PSG s&rsquo;est largement impos\u00e9 face \u00e0 Montpellier samedi soir mais l&rsquo;attitude de Kylian Mbapp\u00e9 a pos\u00e9 question.\u00a0<\/i><\/b><\/p>\n<p style=\"text-align: justify;\">Soir\u00e9e contrast\u00e9e pour l&rsquo;international fran\u00e7ais, qui faisait son retour \u00e0 la comp\u00e9tition <a href=\"https:\/\/dicodusport.fr\/blog\/psg-kylian-mbappe-forfait-pour-la-reprise-de-la-ligue-1\/\">apr\u00e8s avoir manqu\u00e9 la premi\u00e8re journ\u00e9e de Ligue 1<\/a>. <strong>Kylian Mbapp\u00e9<\/strong> a d&rsquo;abord manqu\u00e9 un penalty avant d&rsquo;\u00eatre d\u00e9cisif sur le premier but inscrit contre son camp par le <strong>MHSC<\/strong>. Il a aussi marqu\u00e9 apr\u00e8s la pause, mais sans \u00eatre d\u00e9monstratif apr\u00e8s son but ou m\u00eame ceux de ses partenaires. Selon RMC Sport, des probl\u00e8mes personnels ont touch\u00e9 l&rsquo;attaquant du <strong>PSG<\/strong> qui a tout de m\u00eame voulu jouer le match. En conf\u00e9rence de presse apr\u00e8s la rencontre, Christophe Galtier a lui expliqu\u00e9 :<\/p>\n<blockquote>\n<p style=\"text-align: justify;\">C&rsquo;est un comp\u00e9titeur, il veut \u00eatre bon, il veut l&rsquo;\u00eatre rapidement. Mais un footballeur de haut niveau, ce n&rsquo;est pas on\/off, il faut un peu de temps pour retrouver 100% de ses capacit\u00e9s athl\u00e9tiques, avant le technicien. Quand il sera \u00e0 100%, il fera encore plus la diff\u00e9rence. Ce sont des joueurs qui aiment marquer, qui veulent marquer, qui attaquent&#8230; c&rsquo;est un peu normal qu&rsquo;il soit&#8230; non pas d\u00e9\u00e7u mais un peu \u00e0 court physiquement par rapport \u00e0 ses partenaires.<\/p>\n<\/blockquote>\n<p style=\"text-align: justify;\">Le PSG a d\u00e9j\u00e0 pris les commandes du <a href=\"https:\/\/dicodusport.fr\/blog\/classement-complet-ligue-1-2022-2023\/\" target=\"_blank\" rel=\"noopener\">classement de Ligue 1<\/a> apr\u00e8s deux journ\u00e9es avec six points et une diff\u00e9rence positive de 8 buts.<\/p>\n<blockquote class=\"twitter-tweet\">\n<p dir=\"ltr\" lang=\"fr\">&#x1f534;&#x1f535; RMC Sport est en mesure de confirmer que Kylian Mbapp\u00e9 \u00e9tait g\u00ean\u00e9 par des probl\u00e8mes personnels avant la rencontre. Le joueur a quand m\u00eame tenu \u00e0 disputer la rencontre.<\/p>\n<p>\u2014 RMC Sport (@RMCsport) <a href=\"https:\/\/twitter.com\/RMCsport\/status\/1558574202009096192?ref_src=twsrc%5Etfw\">August 13, 2022<\/a><\/p><\/blockquote>\n<p style=\"text-align: justify;\"><script async src=\"https:\/\/platform.twitter.com\/widgets.js\" charset=\"utf-8\"><\/script><\/p>\n","protected":false},"excerpt":{"rendered":"<p>LIGUE 1 2022-2023 &#8211; Le PSG s&rsquo;est largement impos\u00e9 face \u00e0 Montpellier samedi soir mais l&rsquo;attitude de Kylian Mbapp\u00e9 a pos\u00e9 question.\u00a0<\/p>\n","protected":false},"author":1,"featured_media":251864,"comment_status":"open","ping_status":"closed","sticky":false,"template":"","format":"standard","meta":{"_acf_changed":false,"_daextam_enable_autolinks":"","footnotes":""},"categories":[2301,47045],"tags":[75,2236,5183,910],"class_list":["post-251863","post","type-post","status-publish","format-standard","has-post-thumbnail","hentry","category-football","category-ligue-1","tag-football","tag-kylian-mbappe","tag-mbappe","tag-psg"],"acf":[],"yoast_head":"<!-- This site is optimized with the Yoast SEO Premium plugin v26.7 (Yoast SEO v26.7) - https:\/\/yoast.com\/wordpress\/plugins\/seo\/ -->\n<title>PSG : L&#039;attitude de Kylian Mbapp\u00e9 interroge, des probl\u00e8mes personnels \u00e9voqu\u00e9s<\/title>\n<meta name=\"description\" content=\"LIGUE 1 2022-2023 - Le PSG s&#039;est largement impos\u00e9 face \u00e0 Montpellier samedi soir mais l&#039;attitude de Kylian Mbapp\u00e9 a pos\u00e9 question.\u00a0\" \/>\n<meta name=\"robots\" content=\"index, follow, max-snippet:-1, max-image-preview:large, max-video-preview:-1\" \/>\n<link rel=\"canonical\" href=\"https:\/\/dicodusport.fr\/blog\/psg-lattitude-de-kylian-mbappe-interroge-des-problemes-personnels-evoques\/\" \/>\n<meta property=\"og:locale\" content=\"fr_FR\" \/>\n<meta property=\"og:type\" content=\"article\" \/>\n<meta property=\"og:title\" content=\"PSG : L&#039;attitude de Kylian Mbapp\u00e9 interroge, des probl\u00e8mes personnels \u00e9voqu\u00e9s\" \/>\n<meta property=\"og:description\" content=\"LIGUE 1 2022-2023 - Le PSG s&#039;est largement impos\u00e9 face \u00e0 Montpellier samedi soir mais l&#039;attitude de Kylian Mbapp\u00e9 a pos\u00e9 question.\u00a0\" \/>\n<meta property=\"og:url\" content=\"https:\/\/dicodusport.fr\/blog\/psg-lattitude-de-kylian-mbappe-interroge-des-problemes-personnels-evoques\/\" \/>\n<meta property=\"og:site_name\" content=\"Dicodusport\" \/>\n<meta property=\"article:publisher\" content=\"https:\/\/www.facebook.com\/dicodusport\" \/>\n<meta property=\"article:author\" content=\"https:\/\/www.facebook.com\/dicodusport\" \/>\n<meta property=\"article:published_time\" content=\"2022-08-14T06:33:06+00:00\" \/>\n<meta property=\"article:modified_time\" content=\"2022-08-15T15:29:40+00:00\" \/>\n<meta property=\"og:image\" content=\"https:\/\/dicodusport.fr\/blog\/wp-content\/uploads\/2022\/08\/PSG-Lattitude-de-Kylian-Mbappe\u0301-interroge-des-proble\u0300mes-personnels-e\u0301voque\u0301s.png\" \/>\n\t<meta property=\"og:image:width\" content=\"800\" \/>\n\t<meta property=\"og:image:height\" content=\"445\" \/>\n\t<meta property=\"og:image:type\" content=\"image\/png\" \/>\n<meta name=\"author\" content=\"Nicolas Jacquemard\" \/>\n<meta name=\"twitter:card\" content=\"summary_large_image\" \/>\n<meta name=\"twitter:title\" content=\"PSG : L&#039;attitude de Kylian Mbapp\u00e9 interroge, des probl\u00e8mes personnels \u00e9voqu\u00e9s\" \/>\n<meta name=\"twitter:creator\" content=\"@https:\/\/twitter.com\/Nico_Jacquemard\" \/>\n<meta name=\"twitter:site\" content=\"@dicodusport\" \/>\n<script type=\"application\/ld+json\" class=\"yoast-schema-graph\">{\"@context\":\"https:\/\/schema.org\",\"@graph\":[{\"@type\":\"NewsArticle\",\"@id\":\"https:\/\/dicodusport.fr\/blog\/psg-lattitude-de-kylian-mbappe-interroge-des-problemes-personnels-evoques\/#article\",\"isPartOf\":{\"@id\":\"https:\/\/dicodusport.fr\/blog\/psg-lattitude-de-kylian-mbappe-interroge-des-problemes-personnels-evoques\/\"},\"author\":{\"name\":\"Nicolas Jacquemard\",\"@id\":\"https:\/\/dicodusport.fr\/blog\/#\/schema\/person\/55dcb50ad410894e431ed812bbb70191\"},\"headline\":\"PSG : L&rsquo;attitude de Kylian Mbapp\u00e9 interroge, des probl\u00e8mes personnels \u00e9voqu\u00e9s\",\"datePublished\":\"2022-08-14T06:33:06+00:00\",\"dateModified\":\"2022-08-15T15:29:40+00:00\",\"mainEntityOfPage\":{\"@id\":\"https:\/\/dicodusport.fr\/blog\/psg-lattitude-de-kylian-mbappe-interroge-des-problemes-personnels-evoques\/\"},\"wordCount\":299,\"commentCount\":0,\"publisher\":{\"@id\":\"https:\/\/dicodusport.fr\/blog\/#organization\"},\"image\":{\"@id\":\"https:\/\/dicodusport.fr\/blog\/psg-lattitude-de-kylian-mbappe-interroge-des-problemes-personnels-evoques\/#primaryimage\"},\"thumbnailUrl\":\"https:\/\/dicodusport.fr\/blog\/wp-content\/uploads\/2022\/08\/PSG-Lattitude-de-Kylian-Mbappe\u0301-interroge-des-proble\u0300mes-personnels-e\u0301voque\u0301s.png\",\"keywords\":[\"Football\",\"Kylian Mbapp\u00e9\",\"Mbappe\",\"PSG\"],\"articleSection\":[\"Football\",\"Ligue 1\"],\"inLanguage\":\"fr-FR\",\"potentialAction\":[{\"@type\":\"CommentAction\",\"name\":\"Comment\",\"target\":[\"https:\/\/dicodusport.fr\/blog\/psg-lattitude-de-kylian-mbappe-interroge-des-problemes-personnels-evoques\/#respond\"]}],\"copyrightYear\":\"2022\",\"copyrightHolder\":{\"@id\":\"https:\/\/dicodusport.fr\/blog\/#organization\"}},{\"@type\":\"WebPage\",\"@id\":\"https:\/\/dicodusport.fr\/blog\/psg-lattitude-de-kylian-mbappe-interroge-des-problemes-personnels-evoques\/\",\"url\":\"https:\/\/dicodusport.fr\/blog\/psg-lattitude-de-kylian-mbappe-interroge-des-problemes-personnels-evoques\/\",\"name\":\"PSG : L'attitude de Kylian Mbapp\u00e9 interroge, des probl\u00e8mes personnels \u00e9voqu\u00e9s\",\"isPartOf\":{\"@id\":\"https:\/\/dicodusport.fr\/blog\/#website\"},\"primaryImageOfPage\":{\"@id\":\"https:\/\/dicodusport.fr\/blog\/psg-lattitude-de-kylian-mbappe-interroge-des-problemes-personnels-evoques\/#primaryimage\"},\"image\":{\"@id\":\"https:\/\/dicodusport.fr\/blog\/psg-lattitude-de-kylian-mbappe-interroge-des-problemes-personnels-evoques\/#primaryimage\"},\"thumbnailUrl\":\"https:\/\/dicodusport.fr\/blog\/wp-content\/uploads\/2022\/08\/PSG-Lattitude-de-Kylian-Mbappe\u0301-interroge-des-proble\u0300mes-personnels-e\u0301voque\u0301s.png\",\"datePublished\":\"2022-08-14T06:33:06+00:00\",\"dateModified\":\"2022-08-15T15:29:40+00:00\",\"description\":\"LIGUE 1 2022-2023 - Le PSG s'est largement impos\u00e9 face \u00e0 Montpellier samedi soir mais l'attitude de Kylian Mbapp\u00e9 a pos\u00e9 question.\u00a0\",\"breadcrumb\":{\"@id\":\"https:\/\/dicodusport.fr\/blog\/psg-lattitude-de-kylian-mbappe-interroge-des-problemes-personnels-evoques\/#breadcrumb\"},\"inLanguage\":\"fr-FR\",\"potentialAction\":[{\"@type\":\"ReadAction\",\"target\":[\"https:\/\/dicodusport.fr\/blog\/psg-lattitude-de-kylian-mbappe-interroge-des-problemes-personnels-evoques\/\"]}]},{\"@type\":\"ImageObject\",\"inLanguage\":\"fr-FR\",\"@id\":\"https:\/\/dicodusport.fr\/blog\/psg-lattitude-de-kylian-mbappe-interroge-des-problemes-personnels-evoques\/#primaryimage\",\"url\":\"https:\/\/dicodusport.fr\/blog\/wp-content\/uploads\/2022\/08\/PSG-Lattitude-de-Kylian-Mbappe\u0301-interroge-des-proble\u0300mes-personnels-e\u0301voque\u0301s.png\",\"contentUrl\":\"https:\/\/dicodusport.fr\/blog\/wp-content\/uploads\/2022\/08\/PSG-Lattitude-de-Kylian-Mbappe\u0301-interroge-des-proble\u0300mes-personnels-e\u0301voque\u0301s.png\",\"width\":800,\"height\":445},{\"@type\":\"BreadcrumbList\",\"@id\":\"https:\/\/dicodusport.fr\/blog\/psg-lattitude-de-kylian-mbappe-interroge-des-problemes-personnels-evoques\/#breadcrumb\",\"itemListElement\":[{\"@type\":\"ListItem\",\"position\":1,\"name\":\"Accueil\",\"item\":\"https:\/\/dicodusport.fr\/blog\/\"},{\"@type\":\"ListItem\",\"position\":2,\"name\":\"PSG : L&rsquo;attitude de Kylian Mbapp\u00e9 interroge, des probl\u00e8mes personnels \u00e9voqu\u00e9s\"}]},{\"@type\":\"WebSite\",\"@id\":\"https:\/\/dicodusport.fr\/blog\/#website\",\"url\":\"https:\/\/dicodusport.fr\/blog\/\",\"name\":\"Dicodusport\",\"description\":\"L&#039;encyclop\u00e9die de l&#039;actualit\u00e9 sportive\",\"publisher\":{\"@id\":\"https:\/\/dicodusport.fr\/blog\/#organization\"},\"potentialAction\":[{\"@type\":\"SearchAction\",\"target\":{\"@type\":\"EntryPoint\",\"urlTemplate\":\"https:\/\/dicodusport.fr\/blog\/?s={search_term_string}\"},\"query-input\":{\"@type\":\"PropertyValueSpecification\",\"valueRequired\":true,\"valueName\":\"search_term_string\"}}],\"inLanguage\":\"fr-FR\"},{\"@type\":\"NewsMediaOrganization\",\"@id\":\"https:\/\/dicodusport.fr\/blog\/#organization\",\"name\":\"Dicodusport\",\"url\":\"https:\/\/dicodusport.fr\/blog\/\",\"logo\":{\"@type\":\"ImageObject\",\"inLanguage\":\"fr-FR\",\"@id\":\"https:\/\/dicodusport.fr\/blog\/#\/schema\/logo\/image\/\",\"url\":\"https:\/\/dicodusport.fr\/blog\/wp-content\/uploads\/2020\/06\/cropped-LOGO-DICODUSPORT-2020-SANS-FOND-SANS-TEXTE.png\",\"contentUrl\":\"https:\/\/dicodusport.fr\/blog\/wp-content\/uploads\/2020\/06\/cropped-LOGO-DICODUSPORT-2020-SANS-FOND-SANS-TEXTE.png\",\"width\":512,\"height\":512,\"caption\":\"Dicodusport\"},\"image\":{\"@id\":\"https:\/\/dicodusport.fr\/blog\/#\/schema\/logo\/image\/\"},\"sameAs\":[\"https:\/\/www.facebook.com\/dicodusport\",\"https:\/\/x.com\/dicodusport\",\"https:\/\/www.instagram.com\/dicodusport\/\",\"https:\/\/www.youtube.com\/channel\/UC7V2KZ5sd3htJivAbA4ZG3w\"],\"description\":\"Dicodusport est l'encyclop\u00e9die de l'actualit\u00e9 sportive.\",\"email\":\"bonjour@dicodusport.fr\",\"legalName\":\"DICODUSPORT\",\"foundingDate\":\"2018-01-14\",\"vatID\":\"FR71834470973\",\"taxID\":\"83447097300043\",\"numberOfEmployees\":{\"@type\":\"QuantitativeValue\",\"minValue\":\"1\",\"maxValue\":\"10\"}},{\"@type\":\"Person\",\"@id\":\"https:\/\/dicodusport.fr\/blog\/#\/schema\/person\/55dcb50ad410894e431ed812bbb70191\",\"name\":\"Nicolas Jacquemard\",\"image\":{\"@type\":\"ImageObject\",\"inLanguage\":\"fr-FR\",\"@id\":\"https:\/\/dicodusport.fr\/blog\/#\/schema\/person\/image\/\",\"url\":\"https:\/\/dicodusport.fr\/blog\/wp-content\/uploads\/2021\/05\/Nicolas-Jacquemard-150x150.jpeg\",\"contentUrl\":\"https:\/\/dicodusport.fr\/blog\/wp-content\/uploads\/2021\/05\/Nicolas-Jacquemard-150x150.jpeg\",\"caption\":\"Nicolas Jacquemard\"},\"description\":\"Passionn\u00e9 de sport et entrepreneur depuis mes 18 ans, la cr\u00e9ation de Dicodusport m'a sembl\u00e9 \u00e9vidente pour participer \u00e0 la m\u00e9diatisation d'un plus grand nombre de sports. Le chemin est long mais avec une \u00e9quipe des plus motiv\u00e9es et les Jeux Olympiques de Paris 2024 en point de mire, nous y arriverons ! Journaliste dans le monde du sport depuis plus de 5 ans, je traite aussi bien de football, de rugby, de biathlon que de cyclisme.\",\"sameAs\":[\"https:\/\/www.facebook.com\/dicodusport\",\"https:\/\/x.com\/https:\/\/twitter.com\/Nico_Jacquemard\"],\"url\":\"https:\/\/dicodusport.fr\/blog\/author\/dicodusport\/\"}]}<\/script>\n<!-- \/ Yoast SEO Premium plugin. -->","yoast_head_json":{"title":"PSG : L'attitude de Kylian Mbapp\u00e9 interroge, des probl\u00e8mes personnels \u00e9voqu\u00e9s","description":"LIGUE 1 2022-2023 - Le PSG s'est largement impos\u00e9 face \u00e0 Montpellier samedi soir mais l'attitude de Kylian Mbapp\u00e9 a pos\u00e9 question.\u00a0","robots":{"index":"index","follow":"follow","max-snippet":"max-snippet:-1","max-image-preview":"max-image-preview:large","max-video-preview":"max-video-preview:-1"},"canonical":"https:\/\/dicodusport.fr\/blog\/psg-lattitude-de-kylian-mbappe-interroge-des-problemes-personnels-evoques\/","og_locale":"fr_FR","og_type":"article","og_title":"PSG : L'attitude de Kylian Mbapp\u00e9 interroge, des probl\u00e8mes personnels \u00e9voqu\u00e9s","og_description":"LIGUE 1 2022-2023 - Le PSG s'est largement impos\u00e9 face \u00e0 Montpellier samedi soir mais l'attitude de Kylian Mbapp\u00e9 a pos\u00e9 question.\u00a0","og_url":"https:\/\/dicodusport.fr\/blog\/psg-lattitude-de-kylian-mbappe-interroge-des-problemes-personnels-evoques\/","og_site_name":"Dicodusport","article_publisher":"https:\/\/www.facebook.com\/dicodusport","article_author":"https:\/\/www.facebook.com\/dicodusport","article_published_time":"2022-08-14T06:33:06+00:00","article_modified_time":"2022-08-15T15:29:40+00:00","og_image":[{"width":800,"height":445,"url":"https:\/\/dicodusport.fr\/blog\/wp-content\/uploads\/2022\/08\/PSG-Lattitude-de-Kylian-Mbappe\u0301-interroge-des-proble\u0300mes-personnels-e\u0301voque\u0301s.png","type":"image\/png"}],"author":"Nicolas Jacquemard","twitter_card":"summary_large_image","twitter_title":"PSG : L'attitude de Kylian Mbapp\u00e9 interroge, des probl\u00e8mes personnels \u00e9voqu\u00e9s","twitter_creator":"@https:\/\/twitter.com\/Nico_Jacquemard","twitter_site":"@dicodusport","schema":{"@context":"https:\/\/schema.org","@graph":[{"@type":"NewsArticle","@id":"https:\/\/dicodusport.fr\/blog\/psg-lattitude-de-kylian-mbappe-interroge-des-problemes-personnels-evoques\/#article","isPartOf":{"@id":"https:\/\/dicodusport.fr\/blog\/psg-lattitude-de-kylian-mbappe-interroge-des-problemes-personnels-evoques\/"},"author":{"name":"Nicolas Jacquemard","@id":"https:\/\/dicodusport.fr\/blog\/#\/schema\/person\/55dcb50ad410894e431ed812bbb70191"},"headline":"PSG : L&rsquo;attitude de Kylian Mbapp\u00e9 interroge, des probl\u00e8mes personnels \u00e9voqu\u00e9s","datePublished":"2022-08-14T06:33:06+00:00","dateModified":"2022-08-15T15:29:40+00:00","mainEntityOfPage":{"@id":"https:\/\/dicodusport.fr\/blog\/psg-lattitude-de-kylian-mbappe-interroge-des-problemes-personnels-evoques\/"},"wordCount":299,"commentCount":0,"publisher":{"@id":"https:\/\/dicodusport.fr\/blog\/#organization"},"image":{"@id":"https:\/\/dicodusport.fr\/blog\/psg-lattitude-de-kylian-mbappe-interroge-des-problemes-personnels-evoques\/#primaryimage"},"thumbnailUrl":"https:\/\/dicodusport.fr\/blog\/wp-content\/uploads\/2022\/08\/PSG-Lattitude-de-Kylian-Mbappe\u0301-interroge-des-proble\u0300mes-personnels-e\u0301voque\u0301s.png","keywords":["Football","Kylian Mbapp\u00e9","Mbappe","PSG"],"articleSection":["Football","Ligue 1"],"inLanguage":"fr-FR","potentialAction":[{"@type":"CommentAction","name":"Comment","target":["https:\/\/dicodusport.fr\/blog\/psg-lattitude-de-kylian-mbappe-interroge-des-problemes-personnels-evoques\/#respond"]}],"copyrightYear":"2022","copyrightHolder":{"@id":"https:\/\/dicodusport.fr\/blog\/#organization"}},{"@type":"WebPage","@id":"https:\/\/dicodusport.fr\/blog\/psg-lattitude-de-kylian-mbappe-interroge-des-problemes-personnels-evoques\/","url":"https:\/\/dicodusport.fr\/blog\/psg-lattitude-de-kylian-mbappe-interroge-des-problemes-personnels-evoques\/","name":"PSG : L'attitude de Kylian Mbapp\u00e9 interroge, des probl\u00e8mes personnels \u00e9voqu\u00e9s","isPartOf":{"@id":"https:\/\/dicodusport.fr\/blog\/#website"},"primaryImageOfPage":{"@id":"https:\/\/dicodusport.fr\/blog\/psg-lattitude-de-kylian-mbappe-interroge-des-problemes-personnels-evoques\/#primaryimage"},"image":{"@id":"https:\/\/dicodusport.fr\/blog\/psg-lattitude-de-kylian-mbappe-interroge-des-problemes-personnels-evoques\/#primaryimage"},"thumbnailUrl":"https:\/\/dicodusport.fr\/blog\/wp-content\/uploads\/2022\/08\/PSG-Lattitude-de-Kylian-Mbappe\u0301-interroge-des-proble\u0300mes-personnels-e\u0301voque\u0301s.png","datePublished":"2022-08-14T06:33:06+00:00","dateModified":"2022-08-15T15:29:40+00:00","description":"LIGUE 1 2022-2023 - Le PSG s'est largement impos\u00e9 face \u00e0 Montpellier samedi soir mais l'attitude de Kylian Mbapp\u00e9 a pos\u00e9 question.\u00a0","breadcrumb":{"@id":"https:\/\/dicodusport.fr\/blog\/psg-lattitude-de-kylian-mbappe-interroge-des-problemes-personnels-evoques\/#breadcrumb"},"inLanguage":"fr-FR","potentialAction":[{"@type":"ReadAction","target":["https:\/\/dicodusport.fr\/blog\/psg-lattitude-de-kylian-mbappe-interroge-des-problemes-personnels-evoques\/"]}]},{"@type":"ImageObject","inLanguage":"fr-FR","@id":"https:\/\/dicodusport.fr\/blog\/psg-lattitude-de-kylian-mbappe-interroge-des-problemes-personnels-evoques\/#primaryimage","url":"https:\/\/dicodusport.fr\/blog\/wp-content\/uploads\/2022\/08\/PSG-Lattitude-de-Kylian-Mbappe\u0301-interroge-des-proble\u0300mes-personnels-e\u0301voque\u0301s.png","contentUrl":"https:\/\/dicodusport.fr\/blog\/wp-content\/uploads\/2022\/08\/PSG-Lattitude-de-Kylian-Mbappe\u0301-interroge-des-proble\u0300mes-personnels-e\u0301voque\u0301s.png","width":800,"height":445},{"@type":"BreadcrumbList","@id":"https:\/\/dicodusport.fr\/blog\/psg-lattitude-de-kylian-mbappe-interroge-des-problemes-personnels-evoques\/#breadcrumb","itemListElement":[{"@type":"ListItem","position":1,"name":"Accueil","item":"https:\/\/dicodusport.fr\/blog\/"},{"@type":"ListItem","position":2,"name":"PSG : L&rsquo;attitude de Kylian Mbapp\u00e9 interroge, des probl\u00e8mes personnels \u00e9voqu\u00e9s"}]},{"@type":"WebSite","@id":"https:\/\/dicodusport.fr\/blog\/#website","url":"https:\/\/dicodusport.fr\/blog\/","name":"Dicodusport","description":"L&#039;encyclop\u00e9die de l&#039;actualit\u00e9 sportive","publisher":{"@id":"https:\/\/dicodusport.fr\/blog\/#organization"},"potentialAction":[{"@type":"SearchAction","target":{"@type":"EntryPoint","urlTemplate":"https:\/\/dicodusport.fr\/blog\/?s={search_term_string}"},"query-input":{"@type":"PropertyValueSpecification","valueRequired":true,"valueName":"search_term_string"}}],"inLanguage":"fr-FR"},{"@type":"NewsMediaOrganization","@id":"https:\/\/dicodusport.fr\/blog\/#organization","name":"Dicodusport","url":"https:\/\/dicodusport.fr\/blog\/","logo":{"@type":"ImageObject","inLanguage":"fr-FR","@id":"https:\/\/dicodusport.fr\/blog\/#\/schema\/logo\/image\/","url":"https:\/\/dicodusport.fr\/blog\/wp-content\/uploads\/2020\/06\/cropped-LOGO-DICODUSPORT-2020-SANS-FOND-SANS-TEXTE.png","contentUrl":"https:\/\/dicodusport.fr\/blog\/wp-content\/uploads\/2020\/06\/cropped-LOGO-DICODUSPORT-2020-SANS-FOND-SANS-TEXTE.png","width":512,"height":512,"caption":"Dicodusport"},"image":{"@id":"https:\/\/dicodusport.fr\/blog\/#\/schema\/logo\/image\/"},"sameAs":["https:\/\/www.facebook.com\/dicodusport","https:\/\/x.com\/dicodusport","https:\/\/www.instagram.com\/dicodusport\/","https:\/\/www.youtube.com\/channel\/UC7V2KZ5sd3htJivAbA4ZG3w"],"description":"Dicodusport est l'encyclop\u00e9die de l'actualit\u00e9 sportive.","email":"bonjour@dicodusport.fr","legalName":"DICODUSPORT","foundingDate":"2018-01-14","vatID":"FR71834470973","taxID":"83447097300043","numberOfEmployees":{"@type":"QuantitativeValue","minValue":"1","maxValue":"10"}},{"@type":"Person","@id":"https:\/\/dicodusport.fr\/blog\/#\/schema\/person\/55dcb50ad410894e431ed812bbb70191","name":"Nicolas Jacquemard","image":{"@type":"ImageObject","inLanguage":"fr-FR","@id":"https:\/\/dicodusport.fr\/blog\/#\/schema\/person\/image\/","url":"https:\/\/dicodusport.fr\/blog\/wp-content\/uploads\/2021\/05\/Nicolas-Jacquemard-150x150.jpeg","contentUrl":"https:\/\/dicodusport.fr\/blog\/wp-content\/uploads\/2021\/05\/Nicolas-Jacquemard-150x150.jpeg","caption":"Nicolas Jacquemard"},"description":"Passionn\u00e9 de sport et entrepreneur depuis mes 18 ans, la cr\u00e9ation de Dicodusport m'a sembl\u00e9 \u00e9vidente pour participer \u00e0 la m\u00e9diatisation d'un plus grand nombre de sports. Le chemin est long mais avec une \u00e9quipe des plus motiv\u00e9es et les Jeux Olympiques de Paris 2024 en point de mire, nous y arriverons ! Journaliste dans le monde du sport depuis plus de 5 ans, je traite aussi bien de football, de rugby, de biathlon que de cyclisme.","sameAs":["https:\/\/www.facebook.com\/dicodusport","https:\/\/x.com\/https:\/\/twitter.com\/Nico_Jacquemard"],"url":"https:\/\/dicodusport.fr\/blog\/author\/dicodusport\/"}]}},"_links":{"self":[{"href":"https:\/\/dicodusport.fr\/blog\/wp-json\/wp\/v2\/posts\/251863","targetHints":{"allow":["GET"]}}],"collection":[{"href":"https:\/\/dicodusport.fr\/blog\/wp-json\/wp\/v2\/posts"}],"about":[{"href":"https:\/\/dicodusport.fr\/blog\/wp-json\/wp\/v2\/types\/post"}],"author":[{"embeddable":true,"href":"https:\/\/dicodusport.fr\/blog\/wp-json\/wp\/v2\/users\/1"}],"replies":[{"embeddable":true,"href":"https:\/\/dicodusport.fr\/blog\/wp-json\/wp\/v2\/comments?post=251863"}],"version-history":[{"count":0,"href":"https:\/\/dicodusport.fr\/blog\/wp-json\/wp\/v2\/posts\/251863\/revisions"}],"wp:featuredmedia":[{"embeddable":true,"href":"https:\/\/dicodusport.fr\/blog\/wp-json\/wp\/v2\/media\/251864"}],"wp:attachment":[{"href":"https:\/\/dicodusport.fr\/blog\/wp-json\/wp\/v2\/media?parent=251863"}],"wp:term":[{"taxonomy":"category","embeddable":true,"href":"https:\/\/dicodusport.fr\/blog\/wp-json\/wp\/v2\/categories?post=251863"},{"taxonomy":"post_tag","embeddable":true,"href":"https:\/\/dicodusport.fr\/blog\/wp-json\/wp\/v2\/tags?post=251863"}],"curies":[{"name":"wp","href":"https:\/\/api.w.org\/{rel}","templated":true}]}}