{"id":251932,"date":"2022-08-14T14:18:53","date_gmt":"2022-08-14T12:18:53","guid":{"rendered":"https:\/\/dicodusport.fr\/blog\/?p=251932&#038;preview=true&#038;preview_id=251932"},"modified":"2022-08-14T14:18:53","modified_gmt":"2022-08-14T12:18:53","slug":"circuit-itf-un-nouveau-titre-pour-mathys-erhard","status":"publish","type":"post","link":"https:\/\/dicodusport.fr\/blog\/circuit-itf-un-nouveau-titre-pour-mathys-erhard\/","title":{"rendered":"Circuit ITF : Un nouveau titre pour Mathys Erhard"},"content":{"rendered":"<p style=\"text-align: justify;\"><em><a style=\"font-weight: bold;\" href=\"https:\/\/dicodusport.fr\/blog\/tag\/circuit-itf\/\">TENNIS &#8211; CIRCUIT ITF<\/a><b> &#8211; Engag\u00e9 au tournoi d&rsquo;Ystad, en Su\u00e8de, Mathys Erhard en a profit\u00e9 pour conqu\u00e9rir son quatri\u00e8me titre professionnel.<\/b><\/em><\/p>\n<p style=\"text-align: justify;\">L&rsquo;ann\u00e9e 2022 de <strong>Mathys Erhard<\/strong> est d\u00e9j\u00e0 de grande qualit\u00e9. Et elle ne cesse de s&rsquo;am\u00e9liorer, puisque le Tricolore a remport\u00e9 aujourd&rsquo;hui le M25 d&rsquo;Ystad (Su\u00e8de), en dominant en finale l&rsquo;Autrichien <strong>David Pichler<\/strong> en trois manches. C&rsquo;est son quatri\u00e8me titre de la saison, et en carri\u00e8re, mais le premier au niveau M25. Une marche de plus de franchie donc pour le Tricolore, qui ne cesse de progresser \u00e0 deux mois de ses 21 ans. Avec un bilan de 35 victoires pour 16 d\u00e9faites cette saison, il semble bien parti pour atteindre le top 400.<\/p>\n<blockquote class=\"twitter-tweet\">\n<p dir=\"ltr\" lang=\"de\">ITF M25 Ystad &#8211; Clay (Final)<br \/>\nMathys Erhard (FRA) def. David Pichler (AUT)<br \/>\n6-0 3-6 7-5<\/p>\n<p>\u2014 TENIPO &#8211; Tennis Livescore (@TENIPOcom) <a href=\"https:\/\/twitter.com\/TENIPOcom\/status\/1558781796078206977?ref_src=twsrc%5Etfw\">August 14, 2022<\/a><\/p><\/blockquote>\n<p style=\"text-align: justify;\"><script async src=\"https:\/\/platform.twitter.com\/widgets.js\" charset=\"utf-8\"><\/script><\/p>\n","protected":false},"excerpt":{"rendered":"<p>TENNIS &#8211; CIRCUIT ITF &#8211; Engag\u00e9 au tournoi d&rsquo;Ystad, en Su\u00e8de, Mathys Erhard en a profit\u00e9 pour conqu\u00e9rir son quatri\u00e8me titre professionnel.<\/p>\n","protected":false},"author":59,"featured_media":251938,"comment_status":"open","ping_status":"closed","sticky":false,"template":"","format":"standard","meta":{"_acf_changed":false,"_daextam_enable_autolinks":"","footnotes":""},"categories":[2302],"tags":[23004,4792],"class_list":["post-251932","post","type-post","status-publish","format-standard","has-post-thumbnail","hentry","category-tennis","tag-mathys-erhard","tag-tennis-francais"],"acf":[],"yoast_head":"<!-- This site is optimized with the Yoast SEO Premium plugin v26.7 (Yoast SEO v26.7) - https:\/\/yoast.com\/wordpress\/plugins\/seo\/ -->\n<title>Circuit ITF : Un nouveau titre pour Mathys Erhard<\/title>\n<meta name=\"description\" content=\"TENNIS - CIRCUIT ITF - Engag\u00e9 au tournoi d&#039;Ystad, en Su\u00e8de, Mathys Erhard en a profit\u00e9 pour conqu\u00e9rir son quatri\u00e8me titre professionnel.\" \/>\n<meta name=\"robots\" content=\"index, follow, max-snippet:-1, max-image-preview:large, max-video-preview:-1\" \/>\n<link rel=\"canonical\" href=\"https:\/\/dicodusport.fr\/blog\/circuit-itf-un-nouveau-titre-pour-mathys-erhard\/\" \/>\n<meta property=\"og:locale\" content=\"fr_FR\" \/>\n<meta property=\"og:type\" content=\"article\" \/>\n<meta property=\"og:title\" content=\"Circuit ITF : Un nouveau titre pour Mathys Erhard\" \/>\n<meta property=\"og:description\" content=\"TENNIS - CIRCUIT ITF - Engag\u00e9 au tournoi d&#039;Ystad, en Su\u00e8de, Mathys Erhard en a profit\u00e9 pour conqu\u00e9rir son quatri\u00e8me titre professionnel.\" \/>\n<meta property=\"og:url\" content=\"https:\/\/dicodusport.fr\/blog\/circuit-itf-un-nouveau-titre-pour-mathys-erhard\/\" \/>\n<meta property=\"og:site_name\" content=\"Dicodusport\" \/>\n<meta property=\"article:publisher\" content=\"https:\/\/www.facebook.com\/dicodusport\" \/>\n<meta property=\"article:author\" content=\"https:\/\/www.facebook.com\/sebastien.gente\/\" \/>\n<meta property=\"article:published_time\" content=\"2022-08-14T12:18:53+00:00\" \/>\n<meta property=\"og:image\" content=\"https:\/\/dicodusport.fr\/blog\/wp-content\/uploads\/2022\/08\/Circuit-ITF-Un-nouveau-titre-pour-Mathys-Erhard.png\" \/>\n\t<meta property=\"og:image:width\" content=\"800\" \/>\n\t<meta property=\"og:image:height\" content=\"445\" \/>\n\t<meta property=\"og:image:type\" content=\"image\/png\" \/>\n<meta name=\"author\" content=\"S\u00e9bastien Gente\" \/>\n<meta name=\"twitter:card\" content=\"summary_large_image\" \/>\n<meta name=\"twitter:title\" content=\"Circuit ITF : Un nouveau titre pour Mathys Erhard\" \/>\n<meta name=\"twitter:creator\" content=\"@https:\/\/twitter.com\/globulo24\" \/>\n<meta name=\"twitter:site\" content=\"@dicodusport\" \/>\n<script type=\"application\/ld+json\" class=\"yoast-schema-graph\">{\"@context\":\"https:\/\/schema.org\",\"@graph\":[{\"@type\":\"NewsArticle\",\"@id\":\"https:\/\/dicodusport.fr\/blog\/circuit-itf-un-nouveau-titre-pour-mathys-erhard\/#article\",\"isPartOf\":{\"@id\":\"https:\/\/dicodusport.fr\/blog\/circuit-itf-un-nouveau-titre-pour-mathys-erhard\/\"},\"author\":{\"name\":\"S\u00e9bastien Gente\",\"@id\":\"https:\/\/dicodusport.fr\/blog\/#\/schema\/person\/627966a6cde45dbd8c5e36ac85d783da\"},\"headline\":\"Circuit ITF : Un nouveau titre pour Mathys Erhard\",\"datePublished\":\"2022-08-14T12:18:53+00:00\",\"mainEntityOfPage\":{\"@id\":\"https:\/\/dicodusport.fr\/blog\/circuit-itf-un-nouveau-titre-pour-mathys-erhard\/\"},\"wordCount\":157,\"commentCount\":0,\"publisher\":{\"@id\":\"https:\/\/dicodusport.fr\/blog\/#organization\"},\"image\":{\"@id\":\"https:\/\/dicodusport.fr\/blog\/circuit-itf-un-nouveau-titre-pour-mathys-erhard\/#primaryimage\"},\"thumbnailUrl\":\"https:\/\/dicodusport.fr\/blog\/wp-content\/uploads\/2022\/08\/Circuit-ITF-Un-nouveau-titre-pour-Mathys-Erhard.png\",\"keywords\":[\"Mathys Erhard\",\"Tennis fran\u00e7ais\"],\"articleSection\":[\"Tennis\"],\"inLanguage\":\"fr-FR\",\"potentialAction\":[{\"@type\":\"CommentAction\",\"name\":\"Comment\",\"target\":[\"https:\/\/dicodusport.fr\/blog\/circuit-itf-un-nouveau-titre-pour-mathys-erhard\/#respond\"]}],\"copyrightYear\":\"2022\",\"copyrightHolder\":{\"@id\":\"https:\/\/dicodusport.fr\/blog\/#organization\"}},{\"@type\":\"WebPage\",\"@id\":\"https:\/\/dicodusport.fr\/blog\/circuit-itf-un-nouveau-titre-pour-mathys-erhard\/\",\"url\":\"https:\/\/dicodusport.fr\/blog\/circuit-itf-un-nouveau-titre-pour-mathys-erhard\/\",\"name\":\"Circuit ITF : Un nouveau titre pour Mathys Erhard\",\"isPartOf\":{\"@id\":\"https:\/\/dicodusport.fr\/blog\/#website\"},\"primaryImageOfPage\":{\"@id\":\"https:\/\/dicodusport.fr\/blog\/circuit-itf-un-nouveau-titre-pour-mathys-erhard\/#primaryimage\"},\"image\":{\"@id\":\"https:\/\/dicodusport.fr\/blog\/circuit-itf-un-nouveau-titre-pour-mathys-erhard\/#primaryimage\"},\"thumbnailUrl\":\"https:\/\/dicodusport.fr\/blog\/wp-content\/uploads\/2022\/08\/Circuit-ITF-Un-nouveau-titre-pour-Mathys-Erhard.png\",\"datePublished\":\"2022-08-14T12:18:53+00:00\",\"description\":\"TENNIS - CIRCUIT ITF - Engag\u00e9 au tournoi d'Ystad, en Su\u00e8de, Mathys Erhard en a profit\u00e9 pour conqu\u00e9rir son quatri\u00e8me titre professionnel.\",\"breadcrumb\":{\"@id\":\"https:\/\/dicodusport.fr\/blog\/circuit-itf-un-nouveau-titre-pour-mathys-erhard\/#breadcrumb\"},\"inLanguage\":\"fr-FR\",\"potentialAction\":[{\"@type\":\"ReadAction\",\"target\":[\"https:\/\/dicodusport.fr\/blog\/circuit-itf-un-nouveau-titre-pour-mathys-erhard\/\"]}]},{\"@type\":\"ImageObject\",\"inLanguage\":\"fr-FR\",\"@id\":\"https:\/\/dicodusport.fr\/blog\/circuit-itf-un-nouveau-titre-pour-mathys-erhard\/#primaryimage\",\"url\":\"https:\/\/dicodusport.fr\/blog\/wp-content\/uploads\/2022\/08\/Circuit-ITF-Un-nouveau-titre-pour-Mathys-Erhard.png\",\"contentUrl\":\"https:\/\/dicodusport.fr\/blog\/wp-content\/uploads\/2022\/08\/Circuit-ITF-Un-nouveau-titre-pour-Mathys-Erhard.png\",\"width\":800,\"height\":445,\"caption\":\"Circuit ITF Un nouveau titre pour Mathys Erhard\"},{\"@type\":\"BreadcrumbList\",\"@id\":\"https:\/\/dicodusport.fr\/blog\/circuit-itf-un-nouveau-titre-pour-mathys-erhard\/#breadcrumb\",\"itemListElement\":[{\"@type\":\"ListItem\",\"position\":1,\"name\":\"Accueil\",\"item\":\"https:\/\/dicodusport.fr\/blog\/\"},{\"@type\":\"ListItem\",\"position\":2,\"name\":\"Circuit ITF : Un nouveau titre pour Mathys Erhard\"}]},{\"@type\":\"WebSite\",\"@id\":\"https:\/\/dicodusport.fr\/blog\/#website\",\"url\":\"https:\/\/dicodusport.fr\/blog\/\",\"name\":\"Dicodusport\",\"description\":\"L&#039;encyclop\u00e9die de l&#039;actualit\u00e9 sportive\",\"publisher\":{\"@id\":\"https:\/\/dicodusport.fr\/blog\/#organization\"},\"potentialAction\":[{\"@type\":\"SearchAction\",\"target\":{\"@type\":\"EntryPoint\",\"urlTemplate\":\"https:\/\/dicodusport.fr\/blog\/?s={search_term_string}\"},\"query-input\":{\"@type\":\"PropertyValueSpecification\",\"valueRequired\":true,\"valueName\":\"search_term_string\"}}],\"inLanguage\":\"fr-FR\"},{\"@type\":\"NewsMediaOrganization\",\"@id\":\"https:\/\/dicodusport.fr\/blog\/#organization\",\"name\":\"Dicodusport\",\"url\":\"https:\/\/dicodusport.fr\/blog\/\",\"logo\":{\"@type\":\"ImageObject\",\"inLanguage\":\"fr-FR\",\"@id\":\"https:\/\/dicodusport.fr\/blog\/#\/schema\/logo\/image\/\",\"url\":\"https:\/\/dicodusport.fr\/blog\/wp-content\/uploads\/2020\/06\/cropped-LOGO-DICODUSPORT-2020-SANS-FOND-SANS-TEXTE.png\",\"contentUrl\":\"https:\/\/dicodusport.fr\/blog\/wp-content\/uploads\/2020\/06\/cropped-LOGO-DICODUSPORT-2020-SANS-FOND-SANS-TEXTE.png\",\"width\":512,\"height\":512,\"caption\":\"Dicodusport\"},\"image\":{\"@id\":\"https:\/\/dicodusport.fr\/blog\/#\/schema\/logo\/image\/\"},\"sameAs\":[\"https:\/\/www.facebook.com\/dicodusport\",\"https:\/\/x.com\/dicodusport\",\"https:\/\/www.instagram.com\/dicodusport\/\",\"https:\/\/www.youtube.com\/channel\/UC7V2KZ5sd3htJivAbA4ZG3w\"],\"description\":\"Dicodusport est l'encyclop\u00e9die de l'actualit\u00e9 sportive.\",\"email\":\"bonjour@dicodusport.fr\",\"legalName\":\"DICODUSPORT\",\"foundingDate\":\"2018-01-14\",\"vatID\":\"FR71834470973\",\"taxID\":\"83447097300043\",\"numberOfEmployees\":{\"@type\":\"QuantitativeValue\",\"minValue\":\"1\",\"maxValue\":\"10\"}},{\"@type\":\"Person\",\"@id\":\"https:\/\/dicodusport.fr\/blog\/#\/schema\/person\/627966a6cde45dbd8c5e36ac85d783da\",\"name\":\"S\u00e9bastien Gente\",\"image\":{\"@type\":\"ImageObject\",\"inLanguage\":\"fr-FR\",\"@id\":\"https:\/\/dicodusport.fr\/blog\/#\/schema\/person\/image\/\",\"url\":\"https:\/\/dicodusport.fr\/blog\/wp-content\/uploads\/2021\/09\/1510990_10205810251400683_4124423575079401707_n-150x150.jpg\",\"contentUrl\":\"https:\/\/dicodusport.fr\/blog\/wp-content\/uploads\/2021\/09\/1510990_10205810251400683_4124423575079401707_n-150x150.jpg\",\"caption\":\"S\u00e9bastien Gente\"},\"description\":\"John Stockton, Gianni Bugno, Zinedine Zidane, Steffi Graf, Frode Andresen, St\u00e9phane Stoecklin, Davis Kamoga, Primoz Peterka, Werner Schlager et Aur\u00e9lien Rougerie. Point commun entre ces sportifs? Ils m'ont fait r\u00eaver et ont berc\u00e9 mon adolescence. Je suis un fondu de sports et j'essaie de retranscrire ma passion \u00e0 travers mes articles. Originaire du P\u00e9rigord, ma passion pour les Girondins, les Jaunards et les Jazzmen transpire dans mes \u00e9crits. \u00c0 Dicodusport depuis 2021, je d\u00e9niche les sports m\u00e9connus dans lesquels la France brille, et il y en a !\",\"sameAs\":[\"https:\/\/www.facebook.com\/sebastien.gente\/\",\"https:\/\/www.instagram.com\/sebgente\/\",\"https:\/\/www.linkedin.com\/in\/sbastien-gente-a29583169\/\",\"https:\/\/x.com\/https:\/\/twitter.com\/globulo24\",\"SebastienGente\"],\"worksFor\":\"S\u00e9bastien GENTE\",\"url\":\"https:\/\/dicodusport.fr\/blog\/author\/sebastiengente\/\"}]}<\/script>\n<!-- \/ Yoast SEO Premium plugin. -->","yoast_head_json":{"title":"Circuit ITF : Un nouveau titre pour Mathys Erhard","description":"TENNIS - CIRCUIT ITF - Engag\u00e9 au tournoi d'Ystad, en Su\u00e8de, Mathys Erhard en a profit\u00e9 pour conqu\u00e9rir son quatri\u00e8me titre professionnel.","robots":{"index":"index","follow":"follow","max-snippet":"max-snippet:-1","max-image-preview":"max-image-preview:large","max-video-preview":"max-video-preview:-1"},"canonical":"https:\/\/dicodusport.fr\/blog\/circuit-itf-un-nouveau-titre-pour-mathys-erhard\/","og_locale":"fr_FR","og_type":"article","og_title":"Circuit ITF : Un nouveau titre pour Mathys Erhard","og_description":"TENNIS - CIRCUIT ITF - Engag\u00e9 au tournoi d'Ystad, en Su\u00e8de, Mathys Erhard en a profit\u00e9 pour conqu\u00e9rir son quatri\u00e8me titre professionnel.","og_url":"https:\/\/dicodusport.fr\/blog\/circuit-itf-un-nouveau-titre-pour-mathys-erhard\/","og_site_name":"Dicodusport","article_publisher":"https:\/\/www.facebook.com\/dicodusport","article_author":"https:\/\/www.facebook.com\/sebastien.gente\/","article_published_time":"2022-08-14T12:18:53+00:00","og_image":[{"width":800,"height":445,"url":"https:\/\/dicodusport.fr\/blog\/wp-content\/uploads\/2022\/08\/Circuit-ITF-Un-nouveau-titre-pour-Mathys-Erhard.png","type":"image\/png"}],"author":"S\u00e9bastien Gente","twitter_card":"summary_large_image","twitter_title":"Circuit ITF : Un nouveau titre pour Mathys Erhard","twitter_creator":"@https:\/\/twitter.com\/globulo24","twitter_site":"@dicodusport","schema":{"@context":"https:\/\/schema.org","@graph":[{"@type":"NewsArticle","@id":"https:\/\/dicodusport.fr\/blog\/circuit-itf-un-nouveau-titre-pour-mathys-erhard\/#article","isPartOf":{"@id":"https:\/\/dicodusport.fr\/blog\/circuit-itf-un-nouveau-titre-pour-mathys-erhard\/"},"author":{"name":"S\u00e9bastien Gente","@id":"https:\/\/dicodusport.fr\/blog\/#\/schema\/person\/627966a6cde45dbd8c5e36ac85d783da"},"headline":"Circuit ITF : Un nouveau titre pour Mathys Erhard","datePublished":"2022-08-14T12:18:53+00:00","mainEntityOfPage":{"@id":"https:\/\/dicodusport.fr\/blog\/circuit-itf-un-nouveau-titre-pour-mathys-erhard\/"},"wordCount":157,"commentCount":0,"publisher":{"@id":"https:\/\/dicodusport.fr\/blog\/#organization"},"image":{"@id":"https:\/\/dicodusport.fr\/blog\/circuit-itf-un-nouveau-titre-pour-mathys-erhard\/#primaryimage"},"thumbnailUrl":"https:\/\/dicodusport.fr\/blog\/wp-content\/uploads\/2022\/08\/Circuit-ITF-Un-nouveau-titre-pour-Mathys-Erhard.png","keywords":["Mathys Erhard","Tennis fran\u00e7ais"],"articleSection":["Tennis"],"inLanguage":"fr-FR","potentialAction":[{"@type":"CommentAction","name":"Comment","target":["https:\/\/dicodusport.fr\/blog\/circuit-itf-un-nouveau-titre-pour-mathys-erhard\/#respond"]}],"copyrightYear":"2022","copyrightHolder":{"@id":"https:\/\/dicodusport.fr\/blog\/#organization"}},{"@type":"WebPage","@id":"https:\/\/dicodusport.fr\/blog\/circuit-itf-un-nouveau-titre-pour-mathys-erhard\/","url":"https:\/\/dicodusport.fr\/blog\/circuit-itf-un-nouveau-titre-pour-mathys-erhard\/","name":"Circuit ITF : Un nouveau titre pour Mathys Erhard","isPartOf":{"@id":"https:\/\/dicodusport.fr\/blog\/#website"},"primaryImageOfPage":{"@id":"https:\/\/dicodusport.fr\/blog\/circuit-itf-un-nouveau-titre-pour-mathys-erhard\/#primaryimage"},"image":{"@id":"https:\/\/dicodusport.fr\/blog\/circuit-itf-un-nouveau-titre-pour-mathys-erhard\/#primaryimage"},"thumbnailUrl":"https:\/\/dicodusport.fr\/blog\/wp-content\/uploads\/2022\/08\/Circuit-ITF-Un-nouveau-titre-pour-Mathys-Erhard.png","datePublished":"2022-08-14T12:18:53+00:00","description":"TENNIS - CIRCUIT ITF - Engag\u00e9 au tournoi d'Ystad, en Su\u00e8de, Mathys Erhard en a profit\u00e9 pour conqu\u00e9rir son quatri\u00e8me titre professionnel.","breadcrumb":{"@id":"https:\/\/dicodusport.fr\/blog\/circuit-itf-un-nouveau-titre-pour-mathys-erhard\/#breadcrumb"},"inLanguage":"fr-FR","potentialAction":[{"@type":"ReadAction","target":["https:\/\/dicodusport.fr\/blog\/circuit-itf-un-nouveau-titre-pour-mathys-erhard\/"]}]},{"@type":"ImageObject","inLanguage":"fr-FR","@id":"https:\/\/dicodusport.fr\/blog\/circuit-itf-un-nouveau-titre-pour-mathys-erhard\/#primaryimage","url":"https:\/\/dicodusport.fr\/blog\/wp-content\/uploads\/2022\/08\/Circuit-ITF-Un-nouveau-titre-pour-Mathys-Erhard.png","contentUrl":"https:\/\/dicodusport.fr\/blog\/wp-content\/uploads\/2022\/08\/Circuit-ITF-Un-nouveau-titre-pour-Mathys-Erhard.png","width":800,"height":445,"caption":"Circuit ITF Un nouveau titre pour Mathys Erhard"},{"@type":"BreadcrumbList","@id":"https:\/\/dicodusport.fr\/blog\/circuit-itf-un-nouveau-titre-pour-mathys-erhard\/#breadcrumb","itemListElement":[{"@type":"ListItem","position":1,"name":"Accueil","item":"https:\/\/dicodusport.fr\/blog\/"},{"@type":"ListItem","position":2,"name":"Circuit ITF : Un nouveau titre pour Mathys Erhard"}]},{"@type":"WebSite","@id":"https:\/\/dicodusport.fr\/blog\/#website","url":"https:\/\/dicodusport.fr\/blog\/","name":"Dicodusport","description":"L&#039;encyclop\u00e9die de l&#039;actualit\u00e9 sportive","publisher":{"@id":"https:\/\/dicodusport.fr\/blog\/#organization"},"potentialAction":[{"@type":"SearchAction","target":{"@type":"EntryPoint","urlTemplate":"https:\/\/dicodusport.fr\/blog\/?s={search_term_string}"},"query-input":{"@type":"PropertyValueSpecification","valueRequired":true,"valueName":"search_term_string"}}],"inLanguage":"fr-FR"},{"@type":"NewsMediaOrganization","@id":"https:\/\/dicodusport.fr\/blog\/#organization","name":"Dicodusport","url":"https:\/\/dicodusport.fr\/blog\/","logo":{"@type":"ImageObject","inLanguage":"fr-FR","@id":"https:\/\/dicodusport.fr\/blog\/#\/schema\/logo\/image\/","url":"https:\/\/dicodusport.fr\/blog\/wp-content\/uploads\/2020\/06\/cropped-LOGO-DICODUSPORT-2020-SANS-FOND-SANS-TEXTE.png","contentUrl":"https:\/\/dicodusport.fr\/blog\/wp-content\/uploads\/2020\/06\/cropped-LOGO-DICODUSPORT-2020-SANS-FOND-SANS-TEXTE.png","width":512,"height":512,"caption":"Dicodusport"},"image":{"@id":"https:\/\/dicodusport.fr\/blog\/#\/schema\/logo\/image\/"},"sameAs":["https:\/\/www.facebook.com\/dicodusport","https:\/\/x.com\/dicodusport","https:\/\/www.instagram.com\/dicodusport\/","https:\/\/www.youtube.com\/channel\/UC7V2KZ5sd3htJivAbA4ZG3w"],"description":"Dicodusport est l'encyclop\u00e9die de l'actualit\u00e9 sportive.","email":"bonjour@dicodusport.fr","legalName":"DICODUSPORT","foundingDate":"2018-01-14","vatID":"FR71834470973","taxID":"83447097300043","numberOfEmployees":{"@type":"QuantitativeValue","minValue":"1","maxValue":"10"}},{"@type":"Person","@id":"https:\/\/dicodusport.fr\/blog\/#\/schema\/person\/627966a6cde45dbd8c5e36ac85d783da","name":"S\u00e9bastien Gente","image":{"@type":"ImageObject","inLanguage":"fr-FR","@id":"https:\/\/dicodusport.fr\/blog\/#\/schema\/person\/image\/","url":"https:\/\/dicodusport.fr\/blog\/wp-content\/uploads\/2021\/09\/1510990_10205810251400683_4124423575079401707_n-150x150.jpg","contentUrl":"https:\/\/dicodusport.fr\/blog\/wp-content\/uploads\/2021\/09\/1510990_10205810251400683_4124423575079401707_n-150x150.jpg","caption":"S\u00e9bastien Gente"},"description":"John Stockton, Gianni Bugno, Zinedine Zidane, Steffi Graf, Frode Andresen, St\u00e9phane Stoecklin, Davis Kamoga, Primoz Peterka, Werner Schlager et Aur\u00e9lien Rougerie. Point commun entre ces sportifs? Ils m'ont fait r\u00eaver et ont berc\u00e9 mon adolescence. Je suis un fondu de sports et j'essaie de retranscrire ma passion \u00e0 travers mes articles. Originaire du P\u00e9rigord, ma passion pour les Girondins, les Jaunards et les Jazzmen transpire dans mes \u00e9crits. \u00c0 Dicodusport depuis 2021, je d\u00e9niche les sports m\u00e9connus dans lesquels la France brille, et il y en a !","sameAs":["https:\/\/www.facebook.com\/sebastien.gente\/","https:\/\/www.instagram.com\/sebgente\/","https:\/\/www.linkedin.com\/in\/sbastien-gente-a29583169\/","https:\/\/x.com\/https:\/\/twitter.com\/globulo24","SebastienGente"],"worksFor":"S\u00e9bastien GENTE","url":"https:\/\/dicodusport.fr\/blog\/author\/sebastiengente\/"}]}},"_links":{"self":[{"href":"https:\/\/dicodusport.fr\/blog\/wp-json\/wp\/v2\/posts\/251932","targetHints":{"allow":["GET"]}}],"collection":[{"href":"https:\/\/dicodusport.fr\/blog\/wp-json\/wp\/v2\/posts"}],"about":[{"href":"https:\/\/dicodusport.fr\/blog\/wp-json\/wp\/v2\/types\/post"}],"author":[{"embeddable":true,"href":"https:\/\/dicodusport.fr\/blog\/wp-json\/wp\/v2\/users\/59"}],"replies":[{"embeddable":true,"href":"https:\/\/dicodusport.fr\/blog\/wp-json\/wp\/v2\/comments?post=251932"}],"version-history":[{"count":0,"href":"https:\/\/dicodusport.fr\/blog\/wp-json\/wp\/v2\/posts\/251932\/revisions"}],"wp:featuredmedia":[{"embeddable":true,"href":"https:\/\/dicodusport.fr\/blog\/wp-json\/wp\/v2\/media\/251938"}],"wp:attachment":[{"href":"https:\/\/dicodusport.fr\/blog\/wp-json\/wp\/v2\/media?parent=251932"}],"wp:term":[{"taxonomy":"category","embeddable":true,"href":"https:\/\/dicodusport.fr\/blog\/wp-json\/wp\/v2\/categories?post=251932"},{"taxonomy":"post_tag","embeddable":true,"href":"https:\/\/dicodusport.fr\/blog\/wp-json\/wp\/v2\/tags?post=251932"}],"curies":[{"name":"wp","href":"https:\/\/api.w.org\/{rel}","templated":true}]}}