{"id":252208,"date":"2022-08-15T10:15:03","date_gmt":"2022-08-15T08:15:03","guid":{"rendered":"https:\/\/dicodusport.fr\/blog\/?p=252208&#038;preview=true&#038;preview_id=252208"},"modified":"2022-08-16T16:02:09","modified_gmt":"2022-08-16T14:02:09","slug":"patrick-lefevere-julian-alaphilippe-je-ne-le-paie-pas-pour-quil-prepare-le-mondial","status":"publish","type":"post","link":"https:\/\/dicodusport.fr\/blog\/patrick-lefevere-julian-alaphilippe-je-ne-le-paie-pas-pour-quil-prepare-le-mondial\/","title":{"rendered":"Patrick Lefevere : \u00ab\u00a0Julian Alaphilippe, je ne le paie pas pour qu&rsquo;il pr\u00e9pare le Mondial\u00a0\u00bb"},"content":{"rendered":"<p style=\"text-align: justify;\"><b><i>CYCLISME SUR ROUTE 2022 &#8211;\u00a0 Patrick Lefevere a mis la pression sur Julian Alaphilippe avant le d\u00e9part de la Vuelta dans quelques jours.\u00a0<\/i><\/b><\/p>\n<p style=\"text-align: justify;\">Dans une interview accord\u00e9e \u00e0 <a href=\"https:\/\/www.demorgen.be\/sport\/lefevere-ik-ken-niemand-die-zo-maniakaal-bezig-is-als-remco-evenepoel-ik-heb-er-soms-compassie-mee~b42f5406\/?fbclid=IwAR0EG9UENyuiyyCjd4DvRAFLAmwTG8jWwWgLkFoMULIVa2rhMacrRZXzKfE&amp;referrer=https%3A%2F%2Fl.facebook.com%2F\" target=\"_blank\" rel=\"noopener\">De Morgen<\/a>, le patron de l&rsquo;\u00e9quipe <strong>Quick-Step Alpha Vinyl<\/strong> a mis la pression sur le double champion du monde. <strong>Patrick Lefevere<\/strong> attend de Julian Alaphilippe qu&rsquo;il fasse un grand Tour d&rsquo;Espagne et qu&rsquo;il ne prenne pas cette course comme une pr\u00e9paration pour le mondial en Australie :<\/p>\n<blockquote>\n<p style=\"text-align: justify;\">J&rsquo;esp\u00e8re qu&rsquo;il ne r\u00e9p\u00e9tera pas son tour de l&rsquo;an pass\u00e9, o\u00f9 il avait couru en fonction des Championnats du monde. Une fois, \u00e7a passe, mais en principe je ne le paie pas pour qu&rsquo;il pr\u00e9pare le Mondial. Ok, il a eu beaucoup d&rsquo;\u00e9checs. La saison n&rsquo;a pas \u00e9t\u00e9 facile pour lui, mais elle ne l&rsquo;a pas \u00e9t\u00e9 pour moi non plus, son patron. Je d\u00e9fendrai toujours mes coureurs, mais c&rsquo;est un peu plus facile avec quelqu&rsquo;un qui gagne 70 000 euros qu&rsquo;avec un salaire \u00e0 six z\u00e9ro. J&rsquo;attends donc quelque chose de lui sur La Vuelta, et pas seulement au service d&rsquo;Evenepoel.<\/p>\n<\/blockquote>\n<p style=\"text-align: justify;\"><strong>Julian Alaphilippe<\/strong> sera le lieutenant de <strong>Remco Evenepoel<\/strong> en montagne mais son manager attend aussi qu&rsquo;il soit capable d&rsquo;aller gagner au moins une \u00e9tape sur la <strong>Vuelta 2022<\/strong>.<\/p>\n<blockquote class=\"twitter-tweet\">\n<p dir=\"ltr\" lang=\"nl\">Lefevere: \u2018Ik ken niemand die zo maniakaal bezig is als Remco Evenepoel. Ik heb er soms compassie mee\u2019 <a href=\"https:\/\/t.co\/rx1v2jrNfJ\">https:\/\/t.co\/rx1v2jrNfJ<\/a><\/p>\n<p>\u2014 De Morgen (@demorgen) <a href=\"https:\/\/twitter.com\/demorgen\/status\/1558378012084690944?ref_src=twsrc%5Etfw\">August 13, 2022<\/a><\/p><\/blockquote>\n<p style=\"text-align: justify;\"><script async src=\"https:\/\/platform.twitter.com\/widgets.js\" charset=\"utf-8\"><\/script><\/p>\n","protected":false},"excerpt":{"rendered":"<p>CYCLISME SUR ROUTE 2022 &#8211;\u00a0 Patrick Lefevere a mis la pression sur Julian Alaphilippe avant le d\u00e9part de la Vuelta dans quelques jours.\u00a0<\/p>\n","protected":false},"author":1,"featured_media":252217,"comment_status":"open","ping_status":"closed","sticky":false,"template":"","format":"standard","meta":{"_acf_changed":false,"_daextam_enable_autolinks":"","footnotes":""},"categories":[46994,47042],"tags":[1719,11100,1670],"class_list":["post-252208","post","type-post","status-publish","format-standard","has-post-thumbnail","hentry","category-cyclisme-sur-route","category-tour-d-espagne","tag-julian-alaphilippe","tag-patrick-lefevere","tag-vuelta"],"acf":[],"yoast_head":"<!-- This site is optimized with the Yoast SEO Premium plugin v26.7 (Yoast SEO v26.7) - https:\/\/yoast.com\/wordpress\/plugins\/seo\/ -->\n<title>Patrick Lefevere : &quot;Julian Alaphilippe, je ne le paie pas pour qu&#039;il pr\u00e9pare le Mondial&quot;<\/title>\n<meta name=\"description\" content=\"CYCLISME SUR ROUTE 2022 -\u00a0 Patrick Lefevere a mis la pression sur Julian Alaphilippe avant le d\u00e9part de la Vuelta dans quelques jours.\u00a0\" \/>\n<meta name=\"robots\" content=\"index, follow, max-snippet:-1, max-image-preview:large, max-video-preview:-1\" \/>\n<link rel=\"canonical\" href=\"https:\/\/dicodusport.fr\/blog\/patrick-lefevere-julian-alaphilippe-je-ne-le-paie-pas-pour-quil-prepare-le-mondial\/\" \/>\n<meta property=\"og:locale\" content=\"fr_FR\" \/>\n<meta property=\"og:type\" content=\"article\" \/>\n<meta property=\"og:title\" content=\"Patrick Lefevere : &quot;Julian Alaphilippe, je ne le paie pas pour qu&#039;il pr\u00e9pare le Mondial&quot;\" \/>\n<meta property=\"og:description\" content=\"CYCLISME SUR ROUTE 2022 -\u00a0 Patrick Lefevere a mis la pression sur Julian Alaphilippe avant le d\u00e9part de la Vuelta dans quelques jours.\u00a0\" \/>\n<meta property=\"og:url\" content=\"https:\/\/dicodusport.fr\/blog\/patrick-lefevere-julian-alaphilippe-je-ne-le-paie-pas-pour-quil-prepare-le-mondial\/\" \/>\n<meta property=\"og:site_name\" content=\"Dicodusport\" \/>\n<meta property=\"article:publisher\" content=\"https:\/\/www.facebook.com\/dicodusport\" \/>\n<meta property=\"article:author\" content=\"https:\/\/www.facebook.com\/dicodusport\" \/>\n<meta property=\"article:published_time\" content=\"2022-08-15T08:15:03+00:00\" \/>\n<meta property=\"article:modified_time\" content=\"2022-08-16T14:02:09+00:00\" \/>\n<meta property=\"og:image\" content=\"https:\/\/dicodusport.fr\/blog\/wp-content\/uploads\/2022\/08\/Patrick-Lefevere-Alaphilippe-je-ne-le-paie-pas-pour-quil-pre\u0301pare-le-Mondial.png\" \/>\n\t<meta property=\"og:image:width\" content=\"800\" \/>\n\t<meta property=\"og:image:height\" content=\"445\" \/>\n\t<meta property=\"og:image:type\" content=\"image\/png\" \/>\n<meta name=\"author\" content=\"Nicolas Jacquemard\" \/>\n<meta name=\"twitter:card\" content=\"summary_large_image\" \/>\n<meta name=\"twitter:title\" content=\"Patrick Lefevere : &quot;Julian Alaphilippe, je ne le paie pas pour qu&#039;il pr\u00e9pare le Mondial&quot;\" \/>\n<meta name=\"twitter:creator\" content=\"@https:\/\/twitter.com\/Nico_Jacquemard\" \/>\n<meta name=\"twitter:site\" content=\"@dicodusport\" \/>\n<script type=\"application\/ld+json\" class=\"yoast-schema-graph\">{\"@context\":\"https:\/\/schema.org\",\"@graph\":[{\"@type\":\"NewsArticle\",\"@id\":\"https:\/\/dicodusport.fr\/blog\/patrick-lefevere-julian-alaphilippe-je-ne-le-paie-pas-pour-quil-prepare-le-mondial\/#article\",\"isPartOf\":{\"@id\":\"https:\/\/dicodusport.fr\/blog\/patrick-lefevere-julian-alaphilippe-je-ne-le-paie-pas-pour-quil-prepare-le-mondial\/\"},\"author\":{\"name\":\"Nicolas Jacquemard\",\"@id\":\"https:\/\/dicodusport.fr\/blog\/#\/schema\/person\/55dcb50ad410894e431ed812bbb70191\"},\"headline\":\"Patrick Lefevere : \u00ab\u00a0Julian Alaphilippe, je ne le paie pas pour qu&rsquo;il pr\u00e9pare le Mondial\u00a0\u00bb\",\"datePublished\":\"2022-08-15T08:15:03+00:00\",\"dateModified\":\"2022-08-16T14:02:09+00:00\",\"mainEntityOfPage\":{\"@id\":\"https:\/\/dicodusport.fr\/blog\/patrick-lefevere-julian-alaphilippe-je-ne-le-paie-pas-pour-quil-prepare-le-mondial\/\"},\"wordCount\":269,\"commentCount\":0,\"publisher\":{\"@id\":\"https:\/\/dicodusport.fr\/blog\/#organization\"},\"image\":{\"@id\":\"https:\/\/dicodusport.fr\/blog\/patrick-lefevere-julian-alaphilippe-je-ne-le-paie-pas-pour-quil-prepare-le-mondial\/#primaryimage\"},\"thumbnailUrl\":\"https:\/\/dicodusport.fr\/blog\/wp-content\/uploads\/2022\/08\/Patrick-Lefevere-Alaphilippe-je-ne-le-paie-pas-pour-quil-pre\u0301pare-le-Mondial.png\",\"keywords\":[\"Julian Alaphilippe\",\"Patrick Lefevere\",\"Vuelta\"],\"articleSection\":[\"Cyclisme sur route\",\"Tour d'Espagne\"],\"inLanguage\":\"fr-FR\",\"potentialAction\":[{\"@type\":\"CommentAction\",\"name\":\"Comment\",\"target\":[\"https:\/\/dicodusport.fr\/blog\/patrick-lefevere-julian-alaphilippe-je-ne-le-paie-pas-pour-quil-prepare-le-mondial\/#respond\"]}],\"copyrightYear\":\"2022\",\"copyrightHolder\":{\"@id\":\"https:\/\/dicodusport.fr\/blog\/#organization\"}},{\"@type\":\"WebPage\",\"@id\":\"https:\/\/dicodusport.fr\/blog\/patrick-lefevere-julian-alaphilippe-je-ne-le-paie-pas-pour-quil-prepare-le-mondial\/\",\"url\":\"https:\/\/dicodusport.fr\/blog\/patrick-lefevere-julian-alaphilippe-je-ne-le-paie-pas-pour-quil-prepare-le-mondial\/\",\"name\":\"Patrick Lefevere : \\\"Julian Alaphilippe, je ne le paie pas pour qu'il pr\u00e9pare le Mondial\\\"\",\"isPartOf\":{\"@id\":\"https:\/\/dicodusport.fr\/blog\/#website\"},\"primaryImageOfPage\":{\"@id\":\"https:\/\/dicodusport.fr\/blog\/patrick-lefevere-julian-alaphilippe-je-ne-le-paie-pas-pour-quil-prepare-le-mondial\/#primaryimage\"},\"image\":{\"@id\":\"https:\/\/dicodusport.fr\/blog\/patrick-lefevere-julian-alaphilippe-je-ne-le-paie-pas-pour-quil-prepare-le-mondial\/#primaryimage\"},\"thumbnailUrl\":\"https:\/\/dicodusport.fr\/blog\/wp-content\/uploads\/2022\/08\/Patrick-Lefevere-Alaphilippe-je-ne-le-paie-pas-pour-quil-pre\u0301pare-le-Mondial.png\",\"datePublished\":\"2022-08-15T08:15:03+00:00\",\"dateModified\":\"2022-08-16T14:02:09+00:00\",\"description\":\"CYCLISME SUR ROUTE 2022 -\u00a0 Patrick Lefevere a mis la pression sur Julian Alaphilippe avant le d\u00e9part de la Vuelta dans quelques jours.\u00a0\",\"breadcrumb\":{\"@id\":\"https:\/\/dicodusport.fr\/blog\/patrick-lefevere-julian-alaphilippe-je-ne-le-paie-pas-pour-quil-prepare-le-mondial\/#breadcrumb\"},\"inLanguage\":\"fr-FR\",\"potentialAction\":[{\"@type\":\"ReadAction\",\"target\":[\"https:\/\/dicodusport.fr\/blog\/patrick-lefevere-julian-alaphilippe-je-ne-le-paie-pas-pour-quil-prepare-le-mondial\/\"]}]},{\"@type\":\"ImageObject\",\"inLanguage\":\"fr-FR\",\"@id\":\"https:\/\/dicodusport.fr\/blog\/patrick-lefevere-julian-alaphilippe-je-ne-le-paie-pas-pour-quil-prepare-le-mondial\/#primaryimage\",\"url\":\"https:\/\/dicodusport.fr\/blog\/wp-content\/uploads\/2022\/08\/Patrick-Lefevere-Alaphilippe-je-ne-le-paie-pas-pour-quil-pre\u0301pare-le-Mondial.png\",\"contentUrl\":\"https:\/\/dicodusport.fr\/blog\/wp-content\/uploads\/2022\/08\/Patrick-Lefevere-Alaphilippe-je-ne-le-paie-pas-pour-quil-pre\u0301pare-le-Mondial.png\",\"width\":800,\"height\":445},{\"@type\":\"BreadcrumbList\",\"@id\":\"https:\/\/dicodusport.fr\/blog\/patrick-lefevere-julian-alaphilippe-je-ne-le-paie-pas-pour-quil-prepare-le-mondial\/#breadcrumb\",\"itemListElement\":[{\"@type\":\"ListItem\",\"position\":1,\"name\":\"Accueil\",\"item\":\"https:\/\/dicodusport.fr\/blog\/\"},{\"@type\":\"ListItem\",\"position\":2,\"name\":\"Patrick Lefevere : \u00ab\u00a0Julian Alaphilippe, je ne le paie pas pour qu&rsquo;il pr\u00e9pare le Mondial\u00a0\u00bb\"}]},{\"@type\":\"WebSite\",\"@id\":\"https:\/\/dicodusport.fr\/blog\/#website\",\"url\":\"https:\/\/dicodusport.fr\/blog\/\",\"name\":\"Dicodusport\",\"description\":\"L&#039;encyclop\u00e9die de l&#039;actualit\u00e9 sportive\",\"publisher\":{\"@id\":\"https:\/\/dicodusport.fr\/blog\/#organization\"},\"potentialAction\":[{\"@type\":\"SearchAction\",\"target\":{\"@type\":\"EntryPoint\",\"urlTemplate\":\"https:\/\/dicodusport.fr\/blog\/?s={search_term_string}\"},\"query-input\":{\"@type\":\"PropertyValueSpecification\",\"valueRequired\":true,\"valueName\":\"search_term_string\"}}],\"inLanguage\":\"fr-FR\"},{\"@type\":\"NewsMediaOrganization\",\"@id\":\"https:\/\/dicodusport.fr\/blog\/#organization\",\"name\":\"Dicodusport\",\"url\":\"https:\/\/dicodusport.fr\/blog\/\",\"logo\":{\"@type\":\"ImageObject\",\"inLanguage\":\"fr-FR\",\"@id\":\"https:\/\/dicodusport.fr\/blog\/#\/schema\/logo\/image\/\",\"url\":\"https:\/\/dicodusport.fr\/blog\/wp-content\/uploads\/2020\/06\/cropped-LOGO-DICODUSPORT-2020-SANS-FOND-SANS-TEXTE.png\",\"contentUrl\":\"https:\/\/dicodusport.fr\/blog\/wp-content\/uploads\/2020\/06\/cropped-LOGO-DICODUSPORT-2020-SANS-FOND-SANS-TEXTE.png\",\"width\":512,\"height\":512,\"caption\":\"Dicodusport\"},\"image\":{\"@id\":\"https:\/\/dicodusport.fr\/blog\/#\/schema\/logo\/image\/\"},\"sameAs\":[\"https:\/\/www.facebook.com\/dicodusport\",\"https:\/\/x.com\/dicodusport\",\"https:\/\/www.instagram.com\/dicodusport\/\",\"https:\/\/www.youtube.com\/channel\/UC7V2KZ5sd3htJivAbA4ZG3w\"],\"description\":\"Dicodusport est l'encyclop\u00e9die de l'actualit\u00e9 sportive.\",\"email\":\"bonjour@dicodusport.fr\",\"legalName\":\"DICODUSPORT\",\"foundingDate\":\"2018-01-14\",\"vatID\":\"FR71834470973\",\"taxID\":\"83447097300043\",\"numberOfEmployees\":{\"@type\":\"QuantitativeValue\",\"minValue\":\"1\",\"maxValue\":\"10\"}},{\"@type\":\"Person\",\"@id\":\"https:\/\/dicodusport.fr\/blog\/#\/schema\/person\/55dcb50ad410894e431ed812bbb70191\",\"name\":\"Nicolas Jacquemard\",\"image\":{\"@type\":\"ImageObject\",\"inLanguage\":\"fr-FR\",\"@id\":\"https:\/\/dicodusport.fr\/blog\/#\/schema\/person\/image\/\",\"url\":\"https:\/\/dicodusport.fr\/blog\/wp-content\/uploads\/2021\/05\/Nicolas-Jacquemard-150x150.jpeg\",\"contentUrl\":\"https:\/\/dicodusport.fr\/blog\/wp-content\/uploads\/2021\/05\/Nicolas-Jacquemard-150x150.jpeg\",\"caption\":\"Nicolas Jacquemard\"},\"description\":\"Passionn\u00e9 de sport et entrepreneur depuis mes 18 ans, la cr\u00e9ation de Dicodusport m'a sembl\u00e9 \u00e9vidente pour participer \u00e0 la m\u00e9diatisation d'un plus grand nombre de sports. Le chemin est long mais avec une \u00e9quipe des plus motiv\u00e9es et les Jeux Olympiques de Paris 2024 en point de mire, nous y arriverons ! Journaliste dans le monde du sport depuis plus de 5 ans, je traite aussi bien de football, de rugby, de biathlon que de cyclisme.\",\"sameAs\":[\"https:\/\/www.facebook.com\/dicodusport\",\"https:\/\/x.com\/https:\/\/twitter.com\/Nico_Jacquemard\"],\"url\":\"https:\/\/dicodusport.fr\/blog\/author\/dicodusport\/\"}]}<\/script>\n<!-- \/ Yoast SEO Premium plugin. -->","yoast_head_json":{"title":"Patrick Lefevere : \"Julian Alaphilippe, je ne le paie pas pour qu'il pr\u00e9pare le Mondial\"","description":"CYCLISME SUR ROUTE 2022 -\u00a0 Patrick Lefevere a mis la pression sur Julian Alaphilippe avant le d\u00e9part de la Vuelta dans quelques jours.\u00a0","robots":{"index":"index","follow":"follow","max-snippet":"max-snippet:-1","max-image-preview":"max-image-preview:large","max-video-preview":"max-video-preview:-1"},"canonical":"https:\/\/dicodusport.fr\/blog\/patrick-lefevere-julian-alaphilippe-je-ne-le-paie-pas-pour-quil-prepare-le-mondial\/","og_locale":"fr_FR","og_type":"article","og_title":"Patrick Lefevere : \"Julian Alaphilippe, je ne le paie pas pour qu'il pr\u00e9pare le Mondial\"","og_description":"CYCLISME SUR ROUTE 2022 -\u00a0 Patrick Lefevere a mis la pression sur Julian Alaphilippe avant le d\u00e9part de la Vuelta dans quelques jours.\u00a0","og_url":"https:\/\/dicodusport.fr\/blog\/patrick-lefevere-julian-alaphilippe-je-ne-le-paie-pas-pour-quil-prepare-le-mondial\/","og_site_name":"Dicodusport","article_publisher":"https:\/\/www.facebook.com\/dicodusport","article_author":"https:\/\/www.facebook.com\/dicodusport","article_published_time":"2022-08-15T08:15:03+00:00","article_modified_time":"2022-08-16T14:02:09+00:00","og_image":[{"width":800,"height":445,"url":"https:\/\/dicodusport.fr\/blog\/wp-content\/uploads\/2022\/08\/Patrick-Lefevere-Alaphilippe-je-ne-le-paie-pas-pour-quil-pre\u0301pare-le-Mondial.png","type":"image\/png"}],"author":"Nicolas Jacquemard","twitter_card":"summary_large_image","twitter_title":"Patrick Lefevere : \"Julian Alaphilippe, je ne le paie pas pour qu'il pr\u00e9pare le Mondial\"","twitter_creator":"@https:\/\/twitter.com\/Nico_Jacquemard","twitter_site":"@dicodusport","schema":{"@context":"https:\/\/schema.org","@graph":[{"@type":"NewsArticle","@id":"https:\/\/dicodusport.fr\/blog\/patrick-lefevere-julian-alaphilippe-je-ne-le-paie-pas-pour-quil-prepare-le-mondial\/#article","isPartOf":{"@id":"https:\/\/dicodusport.fr\/blog\/patrick-lefevere-julian-alaphilippe-je-ne-le-paie-pas-pour-quil-prepare-le-mondial\/"},"author":{"name":"Nicolas Jacquemard","@id":"https:\/\/dicodusport.fr\/blog\/#\/schema\/person\/55dcb50ad410894e431ed812bbb70191"},"headline":"Patrick Lefevere : \u00ab\u00a0Julian Alaphilippe, je ne le paie pas pour qu&rsquo;il pr\u00e9pare le Mondial\u00a0\u00bb","datePublished":"2022-08-15T08:15:03+00:00","dateModified":"2022-08-16T14:02:09+00:00","mainEntityOfPage":{"@id":"https:\/\/dicodusport.fr\/blog\/patrick-lefevere-julian-alaphilippe-je-ne-le-paie-pas-pour-quil-prepare-le-mondial\/"},"wordCount":269,"commentCount":0,"publisher":{"@id":"https:\/\/dicodusport.fr\/blog\/#organization"},"image":{"@id":"https:\/\/dicodusport.fr\/blog\/patrick-lefevere-julian-alaphilippe-je-ne-le-paie-pas-pour-quil-prepare-le-mondial\/#primaryimage"},"thumbnailUrl":"https:\/\/dicodusport.fr\/blog\/wp-content\/uploads\/2022\/08\/Patrick-Lefevere-Alaphilippe-je-ne-le-paie-pas-pour-quil-pre\u0301pare-le-Mondial.png","keywords":["Julian Alaphilippe","Patrick Lefevere","Vuelta"],"articleSection":["Cyclisme sur route","Tour d'Espagne"],"inLanguage":"fr-FR","potentialAction":[{"@type":"CommentAction","name":"Comment","target":["https:\/\/dicodusport.fr\/blog\/patrick-lefevere-julian-alaphilippe-je-ne-le-paie-pas-pour-quil-prepare-le-mondial\/#respond"]}],"copyrightYear":"2022","copyrightHolder":{"@id":"https:\/\/dicodusport.fr\/blog\/#organization"}},{"@type":"WebPage","@id":"https:\/\/dicodusport.fr\/blog\/patrick-lefevere-julian-alaphilippe-je-ne-le-paie-pas-pour-quil-prepare-le-mondial\/","url":"https:\/\/dicodusport.fr\/blog\/patrick-lefevere-julian-alaphilippe-je-ne-le-paie-pas-pour-quil-prepare-le-mondial\/","name":"Patrick Lefevere : \"Julian Alaphilippe, je ne le paie pas pour qu'il pr\u00e9pare le Mondial\"","isPartOf":{"@id":"https:\/\/dicodusport.fr\/blog\/#website"},"primaryImageOfPage":{"@id":"https:\/\/dicodusport.fr\/blog\/patrick-lefevere-julian-alaphilippe-je-ne-le-paie-pas-pour-quil-prepare-le-mondial\/#primaryimage"},"image":{"@id":"https:\/\/dicodusport.fr\/blog\/patrick-lefevere-julian-alaphilippe-je-ne-le-paie-pas-pour-quil-prepare-le-mondial\/#primaryimage"},"thumbnailUrl":"https:\/\/dicodusport.fr\/blog\/wp-content\/uploads\/2022\/08\/Patrick-Lefevere-Alaphilippe-je-ne-le-paie-pas-pour-quil-pre\u0301pare-le-Mondial.png","datePublished":"2022-08-15T08:15:03+00:00","dateModified":"2022-08-16T14:02:09+00:00","description":"CYCLISME SUR ROUTE 2022 -\u00a0 Patrick Lefevere a mis la pression sur Julian Alaphilippe avant le d\u00e9part de la Vuelta dans quelques jours.\u00a0","breadcrumb":{"@id":"https:\/\/dicodusport.fr\/blog\/patrick-lefevere-julian-alaphilippe-je-ne-le-paie-pas-pour-quil-prepare-le-mondial\/#breadcrumb"},"inLanguage":"fr-FR","potentialAction":[{"@type":"ReadAction","target":["https:\/\/dicodusport.fr\/blog\/patrick-lefevere-julian-alaphilippe-je-ne-le-paie-pas-pour-quil-prepare-le-mondial\/"]}]},{"@type":"ImageObject","inLanguage":"fr-FR","@id":"https:\/\/dicodusport.fr\/blog\/patrick-lefevere-julian-alaphilippe-je-ne-le-paie-pas-pour-quil-prepare-le-mondial\/#primaryimage","url":"https:\/\/dicodusport.fr\/blog\/wp-content\/uploads\/2022\/08\/Patrick-Lefevere-Alaphilippe-je-ne-le-paie-pas-pour-quil-pre\u0301pare-le-Mondial.png","contentUrl":"https:\/\/dicodusport.fr\/blog\/wp-content\/uploads\/2022\/08\/Patrick-Lefevere-Alaphilippe-je-ne-le-paie-pas-pour-quil-pre\u0301pare-le-Mondial.png","width":800,"height":445},{"@type":"BreadcrumbList","@id":"https:\/\/dicodusport.fr\/blog\/patrick-lefevere-julian-alaphilippe-je-ne-le-paie-pas-pour-quil-prepare-le-mondial\/#breadcrumb","itemListElement":[{"@type":"ListItem","position":1,"name":"Accueil","item":"https:\/\/dicodusport.fr\/blog\/"},{"@type":"ListItem","position":2,"name":"Patrick Lefevere : \u00ab\u00a0Julian Alaphilippe, je ne le paie pas pour qu&rsquo;il pr\u00e9pare le Mondial\u00a0\u00bb"}]},{"@type":"WebSite","@id":"https:\/\/dicodusport.fr\/blog\/#website","url":"https:\/\/dicodusport.fr\/blog\/","name":"Dicodusport","description":"L&#039;encyclop\u00e9die de l&#039;actualit\u00e9 sportive","publisher":{"@id":"https:\/\/dicodusport.fr\/blog\/#organization"},"potentialAction":[{"@type":"SearchAction","target":{"@type":"EntryPoint","urlTemplate":"https:\/\/dicodusport.fr\/blog\/?s={search_term_string}"},"query-input":{"@type":"PropertyValueSpecification","valueRequired":true,"valueName":"search_term_string"}}],"inLanguage":"fr-FR"},{"@type":"NewsMediaOrganization","@id":"https:\/\/dicodusport.fr\/blog\/#organization","name":"Dicodusport","url":"https:\/\/dicodusport.fr\/blog\/","logo":{"@type":"ImageObject","inLanguage":"fr-FR","@id":"https:\/\/dicodusport.fr\/blog\/#\/schema\/logo\/image\/","url":"https:\/\/dicodusport.fr\/blog\/wp-content\/uploads\/2020\/06\/cropped-LOGO-DICODUSPORT-2020-SANS-FOND-SANS-TEXTE.png","contentUrl":"https:\/\/dicodusport.fr\/blog\/wp-content\/uploads\/2020\/06\/cropped-LOGO-DICODUSPORT-2020-SANS-FOND-SANS-TEXTE.png","width":512,"height":512,"caption":"Dicodusport"},"image":{"@id":"https:\/\/dicodusport.fr\/blog\/#\/schema\/logo\/image\/"},"sameAs":["https:\/\/www.facebook.com\/dicodusport","https:\/\/x.com\/dicodusport","https:\/\/www.instagram.com\/dicodusport\/","https:\/\/www.youtube.com\/channel\/UC7V2KZ5sd3htJivAbA4ZG3w"],"description":"Dicodusport est l'encyclop\u00e9die de l'actualit\u00e9 sportive.","email":"bonjour@dicodusport.fr","legalName":"DICODUSPORT","foundingDate":"2018-01-14","vatID":"FR71834470973","taxID":"83447097300043","numberOfEmployees":{"@type":"QuantitativeValue","minValue":"1","maxValue":"10"}},{"@type":"Person","@id":"https:\/\/dicodusport.fr\/blog\/#\/schema\/person\/55dcb50ad410894e431ed812bbb70191","name":"Nicolas Jacquemard","image":{"@type":"ImageObject","inLanguage":"fr-FR","@id":"https:\/\/dicodusport.fr\/blog\/#\/schema\/person\/image\/","url":"https:\/\/dicodusport.fr\/blog\/wp-content\/uploads\/2021\/05\/Nicolas-Jacquemard-150x150.jpeg","contentUrl":"https:\/\/dicodusport.fr\/blog\/wp-content\/uploads\/2021\/05\/Nicolas-Jacquemard-150x150.jpeg","caption":"Nicolas Jacquemard"},"description":"Passionn\u00e9 de sport et entrepreneur depuis mes 18 ans, la cr\u00e9ation de Dicodusport m'a sembl\u00e9 \u00e9vidente pour participer \u00e0 la m\u00e9diatisation d'un plus grand nombre de sports. Le chemin est long mais avec une \u00e9quipe des plus motiv\u00e9es et les Jeux Olympiques de Paris 2024 en point de mire, nous y arriverons ! Journaliste dans le monde du sport depuis plus de 5 ans, je traite aussi bien de football, de rugby, de biathlon que de cyclisme.","sameAs":["https:\/\/www.facebook.com\/dicodusport","https:\/\/x.com\/https:\/\/twitter.com\/Nico_Jacquemard"],"url":"https:\/\/dicodusport.fr\/blog\/author\/dicodusport\/"}]}},"_links":{"self":[{"href":"https:\/\/dicodusport.fr\/blog\/wp-json\/wp\/v2\/posts\/252208","targetHints":{"allow":["GET"]}}],"collection":[{"href":"https:\/\/dicodusport.fr\/blog\/wp-json\/wp\/v2\/posts"}],"about":[{"href":"https:\/\/dicodusport.fr\/blog\/wp-json\/wp\/v2\/types\/post"}],"author":[{"embeddable":true,"href":"https:\/\/dicodusport.fr\/blog\/wp-json\/wp\/v2\/users\/1"}],"replies":[{"embeddable":true,"href":"https:\/\/dicodusport.fr\/blog\/wp-json\/wp\/v2\/comments?post=252208"}],"version-history":[{"count":0,"href":"https:\/\/dicodusport.fr\/blog\/wp-json\/wp\/v2\/posts\/252208\/revisions"}],"wp:featuredmedia":[{"embeddable":true,"href":"https:\/\/dicodusport.fr\/blog\/wp-json\/wp\/v2\/media\/252217"}],"wp:attachment":[{"href":"https:\/\/dicodusport.fr\/blog\/wp-json\/wp\/v2\/media?parent=252208"}],"wp:term":[{"taxonomy":"category","embeddable":true,"href":"https:\/\/dicodusport.fr\/blog\/wp-json\/wp\/v2\/categories?post=252208"},{"taxonomy":"post_tag","embeddable":true,"href":"https:\/\/dicodusport.fr\/blog\/wp-json\/wp\/v2\/tags?post=252208"}],"curies":[{"name":"wp","href":"https:\/\/api.w.org\/{rel}","templated":true}]}}