{"id":252593,"date":"2022-08-16T16:54:57","date_gmt":"2022-08-16T14:54:57","guid":{"rendered":"https:\/\/dicodusport.fr\/blog\/?p=252593&#038;preview=true&#038;preview_id=252593"},"modified":"2022-08-16T17:11:14","modified_gmt":"2022-08-16T15:11:14","slug":"tour-du-limousin-2022-julien-simon-remporte-la-1ere-etape","status":"publish","type":"post","link":"https:\/\/dicodusport.fr\/blog\/tour-du-limousin-2022-julien-simon-remporte-la-1ere-etape\/","title":{"rendered":"Tour du Limousin 2022 : Julien Simon remporte la 1\u00e8re \u00e9tape"},"content":{"rendered":"<p style=\"text-align: justify;\"><strong><em>CYCLISME SUR ROUTE 2022 &#8211; Apr\u00e8s une \u00e9tape anim\u00e9e, c&rsquo;est Julien Simon (TotalEnergies) qui a anticip\u00e9 le sprint pour remporter l&rsquo;\u00e9tape. Il devance Matteo Trentin (UAE Team Emirates) et Alex Aranburu (Movistar), et prend la t\u00eate au classement g\u00e9n\u00e9ral.\u00a0<\/em><\/strong><\/p>\n<p style=\"text-align: justify;\">La premi\u00e8re \u00e9chapp\u00e9e de ce Tour du Limousin avait l&rsquo;accent fran\u00e7ais.<strong> Valentin Paret-Peintre<\/strong> (AG2R-Citro\u00ebn) <strong>Alexis Gougeard<\/strong> (B&amp;B H\u00f4tels &#8211; KTM) et <strong>Cl\u00e9ment Carisey<\/strong> (Go Sport &#8211; Roubaix Lille M\u00e9tropole) ont en effet ouvert la voie, accompagn\u00e9s du Belge <strong>Kenny Molly<\/strong> (Bingoal Pauwels Sauces WB), et de l&rsquo;Espagnol <strong>Joel Nicolau Beltran<\/strong> (Caja Rural &#8211; Seguros RGA).<\/p>\n<blockquote class=\"twitter-tweet\">\n<p dir=\"ltr\" lang=\"fr\">L\u2019\u00e9chapp\u00e9e passe pour la 1ere fois sur la ligne d\u2019arriv\u00e9e \u00e0 La Souterraine <a href=\"https:\/\/twitter.com\/hashtag\/TDL2022?src=hash&amp;ref_src=twsrc%5Etfw\">#TDL2022<\/a> &#x1f6b4;&#x1f3fc;&#x200d;&#x2642;&#xfe0f;&#x1f6b4;&#x1f3fc;&#x200d;&#x2642;&#xfe0f; <a href=\"https:\/\/t.co\/Yj878JSLFH\">pic.twitter.com\/Yj878JSLFH<\/a><\/p>\n<p>\u2014 Tour du Limousin &#8211; P\u00e9rigord &#8211; Nouvelle-Aquitaine (@tourdulimousin) <a href=\"https:\/\/twitter.com\/tourdulimousin\/status\/1559519121166958598?ref_src=twsrc%5Etfw\">August 16, 2022<\/a><\/p><\/blockquote>\n<p style=\"text-align: justify;\"><script async src=\"https:\/\/platform.twitter.com\/widgets.js\" charset=\"utf-8\"><\/script><br \/>\nCes cinq coureurs ont r\u00e9ussi \u00e0 faire plier le peloton apr\u00e8s de nombreuses tentatives, et les deux sprints interm\u00e9diaires, durant lesquels <strong>Sandy Dujardin<\/strong> (TotalEnergies) a pris 4 secondes de bonification. L&rsquo;avance est du coup rapidement mont\u00e9e, tutoyant les 6 minutes. La Groupama-FDJ et la Movistar se sont alors mises \u00e0 la planche pour r\u00e9duire l&rsquo;\u00e9cart. Cet effort a incit\u00e9 d&rsquo;autres formations \u00e0 faire de m\u00eame, et les fuyards avaient moins de 4 minutes d&rsquo;avance \u00e0 60 km de l&rsquo;arriv\u00e9e.<\/p>\n<h2 style=\"text-align: justify;\">Chute \u00e0 l&rsquo;arri\u00e8re<\/h2>\n<p style=\"text-align: justify;\">N\u00e9anmoins, la pluie et les routes escarp\u00e9es ont compliqu\u00e9 la tache du peloton. Ce qui a eu pour cons\u00e9quence une chute \u00e0 48 km de l&rsquo;arriv\u00e9e, avec pour principales victimes <strong>Alex Aranburu<\/strong> (Movistar), <strong>Guillaume Martin<\/strong> (Cofidis), <strong>Franck Bonnamour<\/strong> (B&amp;B H\u00f4tels &#8211; KTM) et <strong>Beno\u00eet Cosnefroy<\/strong> (AG2R-Citro\u00ebn). Devant, <strong>Alexis Gougeard,<\/strong> victime d&rsquo;une crevaison, a laiss\u00e9 filer ses compagnons d&rsquo;\u00e9chapp\u00e9e. Cependant, l&rsquo;avance des hommes de t\u00eate a baiss\u00e9 lin\u00e9airement.<\/p>\n<p style=\"text-align: justify;\">Les quatre fuyards restants ont alors lanc\u00e9 le bras de fer avec le peloton. Un match semblant perdu d&rsquo;avance, puisqu&rsquo;ils ne comptaient plus qu&rsquo;une minute d&rsquo;avance \u00e0 20 km de l&rsquo;arriv\u00e9e. Soucieux de ne pas revenir trop t\u00f4t, sur des routes qui favorisent les attaquants, le peloton a pris son temps.<\/p>\n<h2 style=\"text-align: justify;\">Julien Simon le plus malin<\/h2>\n<p style=\"text-align: justify;\">N\u00e9anmoins, il restait une bosse \u00e0 8 km de l&rsquo;arriv\u00e9e. Le peloton a produit son dernier effort et repris les hommes de t\u00eate dans cette mont\u00e9e, juste avant que <strong>Valentin Madouas<\/strong> (Groupama-FDJ) ne tente sa chance. Costaud, le Fran\u00e7ais a conserv\u00e9 quelques m\u00e8tres d&rsquo;avance sur le peloton, avant de rendre les armes \u00e0 4km de l&rsquo;arriv\u00e9e.<\/p>\n<p style=\"text-align: justify;\">C&rsquo;est la formation Movistar qui a pris le manche, travaillant pour <strong>Ivan Garcia Cortina<\/strong>. Mais <strong>Julien Simon<\/strong> (TotalEnergies) avait d&rsquo;autres plans. Le Tricolore a profit\u00e9 du final sinueux pour fausser compagnie au peloton peu avant la flamme rouge, et r\u00e9sister au retour de <strong>Matteo Trentin<\/strong> (UAE Team Emirates). Il remporte son troisi\u00e8me succ\u00e8s de la saison de fort belle mani\u00e8re, et prend les commandes du g\u00e9n\u00e9ral avec 1 seconde d&rsquo;avance sur l&rsquo;Italien. Demain, les coureurs exploreront la Dordogne pour une arriv\u00e9e \u00e0 Rib\u00e9rac.<\/p>\n<blockquote class=\"twitter-tweet\">\n<p dir=\"ltr\" lang=\"fr\">&#x1f1eb;&#x1f1f7; Le num\u00e9ro de Julien Simon pour remporter la premi\u00e8re \u00e9tape du Tour du Limousin !<\/p>\n<p>Suivez le debrief &gt; <a href=\"https:\/\/t.co\/mhumr9iY2C\">https:\/\/t.co\/mhumr9iY2C<\/a> <a href=\"https:\/\/twitter.com\/hashtag\/lequipeVELO?src=hash&amp;ref_src=twsrc%5Etfw\">#lequipeVELO<\/a> <a href=\"https:\/\/t.co\/ux3rQiiTwH\">pic.twitter.com\/ux3rQiiTwH<\/a><\/p>\n<p>\u2014 la chaine L&rsquo;\u00c9quipe (@lachainelequipe) <a href=\"https:\/\/twitter.com\/lachainelequipe\/status\/1559554213855780864?ref_src=twsrc%5Etfw\">August 16, 2022<\/a><\/p><\/blockquote>\n<p><script async src=\"https:\/\/platform.twitter.com\/widgets.js\" charset=\"utf-8\"><\/script><\/p>\n<h2 style=\"text-align: justify;\">\u00c0 lire aussi<\/h2>\n<ul>\n<li style=\"text-align: justify;\"><a href=\"https:\/\/dicodusport.fr\/blog\/tour-du-limousin-2022-classement-1ere-etape\/\"><b>Le classement de la 1\u00e8me \u00e9tape du Tour du Limousin<\/b><\/a><\/li>\n<li style=\"text-align: justify;\"><a href=\"https:\/\/dicodusport.fr\/blog\/tour-du-limousin-2022-classement-general\/\"><strong>Le classement g\u00e9n\u00e9ral du Tour du Limousin<\/strong><\/a><\/li>\n<\/ul>\n","protected":false},"excerpt":{"rendered":"<p>CYCLISME SUR ROUTE 2022 &#8211; Apr\u00e8s une \u00e9tape anim\u00e9e, c&rsquo;est Julien Simon (TotalEnergies) qui a anticip\u00e9 le sprint pour remporter l&rsquo;\u00e9tape. Il devance Matteo Trentin (UAE Team Emirates) et Alex Aranburu (Movistar), et prend la t\u00eate au classement g\u00e9n\u00e9ral.\u00a0<\/p>\n","protected":false},"author":59,"featured_media":252657,"comment_status":"open","ping_status":"closed","sticky":false,"template":"","format":"standard","meta":{"_acf_changed":false,"_daextam_enable_autolinks":"","footnotes":""},"categories":[46994],"tags":[5778],"class_list":["post-252593","post","type-post","status-publish","format-standard","has-post-thumbnail","hentry","category-cyclisme-sur-route","tag-tour-du-limousin"],"acf":[],"yoast_head":"<!-- This site is optimized with the Yoast SEO Premium plugin v26.7 (Yoast SEO v26.7) - https:\/\/yoast.com\/wordpress\/plugins\/seo\/ -->\n<title>Tour du Limousin 2022 : Julien Simon remporte la 1\u00e8re \u00e9tape<\/title>\n<meta name=\"description\" content=\"CYCLISME SUR ROUTE 2022 - Apr\u00e8s une \u00e9tape anim\u00e9e, c&#039;est Julien Simon (TotalEnergies) qui a anticip\u00e9 le sprint pour remporter l&#039;\u00e9tape.\" \/>\n<meta name=\"robots\" content=\"index, follow, max-snippet:-1, max-image-preview:large, max-video-preview:-1\" \/>\n<link rel=\"canonical\" href=\"https:\/\/dicodusport.fr\/blog\/tour-du-limousin-2022-julien-simon-remporte-la-1ere-etape\/\" \/>\n<meta property=\"og:locale\" content=\"fr_FR\" \/>\n<meta property=\"og:type\" content=\"article\" \/>\n<meta property=\"og:title\" content=\"Tour du Limousin 2022 : Julien Simon remporte la 1\u00e8re \u00e9tape\" \/>\n<meta property=\"og:description\" content=\"CYCLISME SUR ROUTE 2022 - Apr\u00e8s une \u00e9tape anim\u00e9e, c&#039;est Julien Simon (TotalEnergies) qui a anticip\u00e9 le sprint pour remporter l&#039;\u00e9tape.\" \/>\n<meta property=\"og:url\" content=\"https:\/\/dicodusport.fr\/blog\/tour-du-limousin-2022-julien-simon-remporte-la-1ere-etape\/\" \/>\n<meta property=\"og:site_name\" content=\"Dicodusport\" \/>\n<meta property=\"article:publisher\" content=\"https:\/\/www.facebook.com\/dicodusport\" \/>\n<meta property=\"article:author\" content=\"https:\/\/www.facebook.com\/sebastien.gente\/\" \/>\n<meta property=\"article:published_time\" content=\"2022-08-16T14:54:57+00:00\" \/>\n<meta property=\"article:modified_time\" content=\"2022-08-16T15:11:14+00:00\" \/>\n<meta property=\"og:image\" content=\"https:\/\/dicodusport.fr\/blog\/wp-content\/uploads\/2022\/08\/Tour-du-Limousin-2022-Julien-Simon-remporte-la-1ere-etape.png\" \/>\n\t<meta property=\"og:image:width\" content=\"800\" \/>\n\t<meta property=\"og:image:height\" content=\"445\" \/>\n\t<meta property=\"og:image:type\" content=\"image\/png\" \/>\n<meta name=\"author\" content=\"S\u00e9bastien Gente\" \/>\n<meta name=\"twitter:card\" content=\"summary_large_image\" \/>\n<meta name=\"twitter:title\" content=\"Tour du Limousin 2022 : Julien Simon remporte la 1\u00e8re \u00e9tape\" \/>\n<meta name=\"twitter:creator\" content=\"@https:\/\/twitter.com\/globulo24\" \/>\n<meta name=\"twitter:site\" content=\"@dicodusport\" \/>\n<script type=\"application\/ld+json\" class=\"yoast-schema-graph\">{\"@context\":\"https:\/\/schema.org\",\"@graph\":[{\"@type\":\"NewsArticle\",\"@id\":\"https:\/\/dicodusport.fr\/blog\/tour-du-limousin-2022-julien-simon-remporte-la-1ere-etape\/#article\",\"isPartOf\":{\"@id\":\"https:\/\/dicodusport.fr\/blog\/tour-du-limousin-2022-julien-simon-remporte-la-1ere-etape\/\"},\"author\":{\"name\":\"S\u00e9bastien Gente\",\"@id\":\"https:\/\/dicodusport.fr\/blog\/#\/schema\/person\/627966a6cde45dbd8c5e36ac85d783da\"},\"headline\":\"Tour du Limousin 2022 : Julien Simon remporte la 1\u00e8re \u00e9tape\",\"datePublished\":\"2022-08-16T14:54:57+00:00\",\"dateModified\":\"2022-08-16T15:11:14+00:00\",\"mainEntityOfPage\":{\"@id\":\"https:\/\/dicodusport.fr\/blog\/tour-du-limousin-2022-julien-simon-remporte-la-1ere-etape\/\"},\"wordCount\":627,\"commentCount\":0,\"publisher\":{\"@id\":\"https:\/\/dicodusport.fr\/blog\/#organization\"},\"image\":{\"@id\":\"https:\/\/dicodusport.fr\/blog\/tour-du-limousin-2022-julien-simon-remporte-la-1ere-etape\/#primaryimage\"},\"thumbnailUrl\":\"https:\/\/dicodusport.fr\/blog\/wp-content\/uploads\/2022\/08\/Tour-du-Limousin-2022-Julien-Simon-remporte-la-1ere-etape.png\",\"keywords\":[\"Tour du Limousin\"],\"articleSection\":[\"Cyclisme sur route\"],\"inLanguage\":\"fr-FR\",\"potentialAction\":[{\"@type\":\"CommentAction\",\"name\":\"Comment\",\"target\":[\"https:\/\/dicodusport.fr\/blog\/tour-du-limousin-2022-julien-simon-remporte-la-1ere-etape\/#respond\"]}],\"copyrightYear\":\"2022\",\"copyrightHolder\":{\"@id\":\"https:\/\/dicodusport.fr\/blog\/#organization\"}},{\"@type\":\"WebPage\",\"@id\":\"https:\/\/dicodusport.fr\/blog\/tour-du-limousin-2022-julien-simon-remporte-la-1ere-etape\/\",\"url\":\"https:\/\/dicodusport.fr\/blog\/tour-du-limousin-2022-julien-simon-remporte-la-1ere-etape\/\",\"name\":\"Tour du Limousin 2022 : Julien Simon remporte la 1\u00e8re \u00e9tape\",\"isPartOf\":{\"@id\":\"https:\/\/dicodusport.fr\/blog\/#website\"},\"primaryImageOfPage\":{\"@id\":\"https:\/\/dicodusport.fr\/blog\/tour-du-limousin-2022-julien-simon-remporte-la-1ere-etape\/#primaryimage\"},\"image\":{\"@id\":\"https:\/\/dicodusport.fr\/blog\/tour-du-limousin-2022-julien-simon-remporte-la-1ere-etape\/#primaryimage\"},\"thumbnailUrl\":\"https:\/\/dicodusport.fr\/blog\/wp-content\/uploads\/2022\/08\/Tour-du-Limousin-2022-Julien-Simon-remporte-la-1ere-etape.png\",\"datePublished\":\"2022-08-16T14:54:57+00:00\",\"dateModified\":\"2022-08-16T15:11:14+00:00\",\"description\":\"CYCLISME SUR ROUTE 2022 - Apr\u00e8s une \u00e9tape anim\u00e9e, c'est Julien Simon (TotalEnergies) qui a anticip\u00e9 le sprint pour remporter l'\u00e9tape.\",\"breadcrumb\":{\"@id\":\"https:\/\/dicodusport.fr\/blog\/tour-du-limousin-2022-julien-simon-remporte-la-1ere-etape\/#breadcrumb\"},\"inLanguage\":\"fr-FR\",\"potentialAction\":[{\"@type\":\"ReadAction\",\"target\":[\"https:\/\/dicodusport.fr\/blog\/tour-du-limousin-2022-julien-simon-remporte-la-1ere-etape\/\"]}]},{\"@type\":\"ImageObject\",\"inLanguage\":\"fr-FR\",\"@id\":\"https:\/\/dicodusport.fr\/blog\/tour-du-limousin-2022-julien-simon-remporte-la-1ere-etape\/#primaryimage\",\"url\":\"https:\/\/dicodusport.fr\/blog\/wp-content\/uploads\/2022\/08\/Tour-du-Limousin-2022-Julien-Simon-remporte-la-1ere-etape.png\",\"contentUrl\":\"https:\/\/dicodusport.fr\/blog\/wp-content\/uploads\/2022\/08\/Tour-du-Limousin-2022-Julien-Simon-remporte-la-1ere-etape.png\",\"width\":800,\"height\":445,\"caption\":\"Julien Simon - Photo Icon Sport\"},{\"@type\":\"BreadcrumbList\",\"@id\":\"https:\/\/dicodusport.fr\/blog\/tour-du-limousin-2022-julien-simon-remporte-la-1ere-etape\/#breadcrumb\",\"itemListElement\":[{\"@type\":\"ListItem\",\"position\":1,\"name\":\"Accueil\",\"item\":\"https:\/\/dicodusport.fr\/blog\/\"},{\"@type\":\"ListItem\",\"position\":2,\"name\":\"Tour du Limousin 2022 : Julien Simon remporte la 1\u00e8re \u00e9tape\"}]},{\"@type\":\"WebSite\",\"@id\":\"https:\/\/dicodusport.fr\/blog\/#website\",\"url\":\"https:\/\/dicodusport.fr\/blog\/\",\"name\":\"Dicodusport\",\"description\":\"L&#039;encyclop\u00e9die de l&#039;actualit\u00e9 sportive\",\"publisher\":{\"@id\":\"https:\/\/dicodusport.fr\/blog\/#organization\"},\"potentialAction\":[{\"@type\":\"SearchAction\",\"target\":{\"@type\":\"EntryPoint\",\"urlTemplate\":\"https:\/\/dicodusport.fr\/blog\/?s={search_term_string}\"},\"query-input\":{\"@type\":\"PropertyValueSpecification\",\"valueRequired\":true,\"valueName\":\"search_term_string\"}}],\"inLanguage\":\"fr-FR\"},{\"@type\":\"NewsMediaOrganization\",\"@id\":\"https:\/\/dicodusport.fr\/blog\/#organization\",\"name\":\"Dicodusport\",\"url\":\"https:\/\/dicodusport.fr\/blog\/\",\"logo\":{\"@type\":\"ImageObject\",\"inLanguage\":\"fr-FR\",\"@id\":\"https:\/\/dicodusport.fr\/blog\/#\/schema\/logo\/image\/\",\"url\":\"https:\/\/dicodusport.fr\/blog\/wp-content\/uploads\/2020\/06\/cropped-LOGO-DICODUSPORT-2020-SANS-FOND-SANS-TEXTE.png\",\"contentUrl\":\"https:\/\/dicodusport.fr\/blog\/wp-content\/uploads\/2020\/06\/cropped-LOGO-DICODUSPORT-2020-SANS-FOND-SANS-TEXTE.png\",\"width\":512,\"height\":512,\"caption\":\"Dicodusport\"},\"image\":{\"@id\":\"https:\/\/dicodusport.fr\/blog\/#\/schema\/logo\/image\/\"},\"sameAs\":[\"https:\/\/www.facebook.com\/dicodusport\",\"https:\/\/x.com\/dicodusport\",\"https:\/\/www.instagram.com\/dicodusport\/\",\"https:\/\/www.youtube.com\/channel\/UC7V2KZ5sd3htJivAbA4ZG3w\"],\"description\":\"Dicodusport est l'encyclop\u00e9die de l'actualit\u00e9 sportive.\",\"email\":\"bonjour@dicodusport.fr\",\"legalName\":\"DICODUSPORT\",\"foundingDate\":\"2018-01-14\",\"vatID\":\"FR71834470973\",\"taxID\":\"83447097300043\",\"numberOfEmployees\":{\"@type\":\"QuantitativeValue\",\"minValue\":\"1\",\"maxValue\":\"10\"}},{\"@type\":\"Person\",\"@id\":\"https:\/\/dicodusport.fr\/blog\/#\/schema\/person\/627966a6cde45dbd8c5e36ac85d783da\",\"name\":\"S\u00e9bastien Gente\",\"image\":{\"@type\":\"ImageObject\",\"inLanguage\":\"fr-FR\",\"@id\":\"https:\/\/dicodusport.fr\/blog\/#\/schema\/person\/image\/\",\"url\":\"https:\/\/dicodusport.fr\/blog\/wp-content\/uploads\/2021\/09\/1510990_10205810251400683_4124423575079401707_n-150x150.jpg\",\"contentUrl\":\"https:\/\/dicodusport.fr\/blog\/wp-content\/uploads\/2021\/09\/1510990_10205810251400683_4124423575079401707_n-150x150.jpg\",\"caption\":\"S\u00e9bastien Gente\"},\"description\":\"John Stockton, Gianni Bugno, Zinedine Zidane, Steffi Graf, Frode Andresen, St\u00e9phane Stoecklin, Davis Kamoga, Primoz Peterka, Werner Schlager et Aur\u00e9lien Rougerie. Point commun entre ces sportifs? Ils m'ont fait r\u00eaver et ont berc\u00e9 mon adolescence. Je suis un fondu de sports et j'essaie de retranscrire ma passion \u00e0 travers mes articles. Originaire du P\u00e9rigord, ma passion pour les Girondins, les Jaunards et les Jazzmen transpire dans mes \u00e9crits. \u00c0 Dicodusport depuis 2021, je d\u00e9niche les sports m\u00e9connus dans lesquels la France brille, et il y en a !\",\"sameAs\":[\"https:\/\/www.facebook.com\/sebastien.gente\/\",\"https:\/\/www.instagram.com\/sebgente\/\",\"https:\/\/www.linkedin.com\/in\/sbastien-gente-a29583169\/\",\"https:\/\/x.com\/https:\/\/twitter.com\/globulo24\",\"SebastienGente\"],\"worksFor\":\"S\u00e9bastien GENTE\",\"url\":\"https:\/\/dicodusport.fr\/blog\/author\/sebastiengente\/\"}]}<\/script>\n<!-- \/ Yoast SEO Premium plugin. -->","yoast_head_json":{"title":"Tour du Limousin 2022 : Julien Simon remporte la 1\u00e8re \u00e9tape","description":"CYCLISME SUR ROUTE 2022 - Apr\u00e8s une \u00e9tape anim\u00e9e, c'est Julien Simon (TotalEnergies) qui a anticip\u00e9 le sprint pour remporter l'\u00e9tape.","robots":{"index":"index","follow":"follow","max-snippet":"max-snippet:-1","max-image-preview":"max-image-preview:large","max-video-preview":"max-video-preview:-1"},"canonical":"https:\/\/dicodusport.fr\/blog\/tour-du-limousin-2022-julien-simon-remporte-la-1ere-etape\/","og_locale":"fr_FR","og_type":"article","og_title":"Tour du Limousin 2022 : Julien Simon remporte la 1\u00e8re \u00e9tape","og_description":"CYCLISME SUR ROUTE 2022 - Apr\u00e8s une \u00e9tape anim\u00e9e, c'est Julien Simon (TotalEnergies) qui a anticip\u00e9 le sprint pour remporter l'\u00e9tape.","og_url":"https:\/\/dicodusport.fr\/blog\/tour-du-limousin-2022-julien-simon-remporte-la-1ere-etape\/","og_site_name":"Dicodusport","article_publisher":"https:\/\/www.facebook.com\/dicodusport","article_author":"https:\/\/www.facebook.com\/sebastien.gente\/","article_published_time":"2022-08-16T14:54:57+00:00","article_modified_time":"2022-08-16T15:11:14+00:00","og_image":[{"width":800,"height":445,"url":"https:\/\/dicodusport.fr\/blog\/wp-content\/uploads\/2022\/08\/Tour-du-Limousin-2022-Julien-Simon-remporte-la-1ere-etape.png","type":"image\/png"}],"author":"S\u00e9bastien Gente","twitter_card":"summary_large_image","twitter_title":"Tour du Limousin 2022 : Julien Simon remporte la 1\u00e8re \u00e9tape","twitter_creator":"@https:\/\/twitter.com\/globulo24","twitter_site":"@dicodusport","schema":{"@context":"https:\/\/schema.org","@graph":[{"@type":"NewsArticle","@id":"https:\/\/dicodusport.fr\/blog\/tour-du-limousin-2022-julien-simon-remporte-la-1ere-etape\/#article","isPartOf":{"@id":"https:\/\/dicodusport.fr\/blog\/tour-du-limousin-2022-julien-simon-remporte-la-1ere-etape\/"},"author":{"name":"S\u00e9bastien Gente","@id":"https:\/\/dicodusport.fr\/blog\/#\/schema\/person\/627966a6cde45dbd8c5e36ac85d783da"},"headline":"Tour du Limousin 2022 : Julien Simon remporte la 1\u00e8re \u00e9tape","datePublished":"2022-08-16T14:54:57+00:00","dateModified":"2022-08-16T15:11:14+00:00","mainEntityOfPage":{"@id":"https:\/\/dicodusport.fr\/blog\/tour-du-limousin-2022-julien-simon-remporte-la-1ere-etape\/"},"wordCount":627,"commentCount":0,"publisher":{"@id":"https:\/\/dicodusport.fr\/blog\/#organization"},"image":{"@id":"https:\/\/dicodusport.fr\/blog\/tour-du-limousin-2022-julien-simon-remporte-la-1ere-etape\/#primaryimage"},"thumbnailUrl":"https:\/\/dicodusport.fr\/blog\/wp-content\/uploads\/2022\/08\/Tour-du-Limousin-2022-Julien-Simon-remporte-la-1ere-etape.png","keywords":["Tour du Limousin"],"articleSection":["Cyclisme sur route"],"inLanguage":"fr-FR","potentialAction":[{"@type":"CommentAction","name":"Comment","target":["https:\/\/dicodusport.fr\/blog\/tour-du-limousin-2022-julien-simon-remporte-la-1ere-etape\/#respond"]}],"copyrightYear":"2022","copyrightHolder":{"@id":"https:\/\/dicodusport.fr\/blog\/#organization"}},{"@type":"WebPage","@id":"https:\/\/dicodusport.fr\/blog\/tour-du-limousin-2022-julien-simon-remporte-la-1ere-etape\/","url":"https:\/\/dicodusport.fr\/blog\/tour-du-limousin-2022-julien-simon-remporte-la-1ere-etape\/","name":"Tour du Limousin 2022 : Julien Simon remporte la 1\u00e8re \u00e9tape","isPartOf":{"@id":"https:\/\/dicodusport.fr\/blog\/#website"},"primaryImageOfPage":{"@id":"https:\/\/dicodusport.fr\/blog\/tour-du-limousin-2022-julien-simon-remporte-la-1ere-etape\/#primaryimage"},"image":{"@id":"https:\/\/dicodusport.fr\/blog\/tour-du-limousin-2022-julien-simon-remporte-la-1ere-etape\/#primaryimage"},"thumbnailUrl":"https:\/\/dicodusport.fr\/blog\/wp-content\/uploads\/2022\/08\/Tour-du-Limousin-2022-Julien-Simon-remporte-la-1ere-etape.png","datePublished":"2022-08-16T14:54:57+00:00","dateModified":"2022-08-16T15:11:14+00:00","description":"CYCLISME SUR ROUTE 2022 - Apr\u00e8s une \u00e9tape anim\u00e9e, c'est Julien Simon (TotalEnergies) qui a anticip\u00e9 le sprint pour remporter l'\u00e9tape.","breadcrumb":{"@id":"https:\/\/dicodusport.fr\/blog\/tour-du-limousin-2022-julien-simon-remporte-la-1ere-etape\/#breadcrumb"},"inLanguage":"fr-FR","potentialAction":[{"@type":"ReadAction","target":["https:\/\/dicodusport.fr\/blog\/tour-du-limousin-2022-julien-simon-remporte-la-1ere-etape\/"]}]},{"@type":"ImageObject","inLanguage":"fr-FR","@id":"https:\/\/dicodusport.fr\/blog\/tour-du-limousin-2022-julien-simon-remporte-la-1ere-etape\/#primaryimage","url":"https:\/\/dicodusport.fr\/blog\/wp-content\/uploads\/2022\/08\/Tour-du-Limousin-2022-Julien-Simon-remporte-la-1ere-etape.png","contentUrl":"https:\/\/dicodusport.fr\/blog\/wp-content\/uploads\/2022\/08\/Tour-du-Limousin-2022-Julien-Simon-remporte-la-1ere-etape.png","width":800,"height":445,"caption":"Julien Simon - Photo Icon Sport"},{"@type":"BreadcrumbList","@id":"https:\/\/dicodusport.fr\/blog\/tour-du-limousin-2022-julien-simon-remporte-la-1ere-etape\/#breadcrumb","itemListElement":[{"@type":"ListItem","position":1,"name":"Accueil","item":"https:\/\/dicodusport.fr\/blog\/"},{"@type":"ListItem","position":2,"name":"Tour du Limousin 2022 : Julien Simon remporte la 1\u00e8re \u00e9tape"}]},{"@type":"WebSite","@id":"https:\/\/dicodusport.fr\/blog\/#website","url":"https:\/\/dicodusport.fr\/blog\/","name":"Dicodusport","description":"L&#039;encyclop\u00e9die de l&#039;actualit\u00e9 sportive","publisher":{"@id":"https:\/\/dicodusport.fr\/blog\/#organization"},"potentialAction":[{"@type":"SearchAction","target":{"@type":"EntryPoint","urlTemplate":"https:\/\/dicodusport.fr\/blog\/?s={search_term_string}"},"query-input":{"@type":"PropertyValueSpecification","valueRequired":true,"valueName":"search_term_string"}}],"inLanguage":"fr-FR"},{"@type":"NewsMediaOrganization","@id":"https:\/\/dicodusport.fr\/blog\/#organization","name":"Dicodusport","url":"https:\/\/dicodusport.fr\/blog\/","logo":{"@type":"ImageObject","inLanguage":"fr-FR","@id":"https:\/\/dicodusport.fr\/blog\/#\/schema\/logo\/image\/","url":"https:\/\/dicodusport.fr\/blog\/wp-content\/uploads\/2020\/06\/cropped-LOGO-DICODUSPORT-2020-SANS-FOND-SANS-TEXTE.png","contentUrl":"https:\/\/dicodusport.fr\/blog\/wp-content\/uploads\/2020\/06\/cropped-LOGO-DICODUSPORT-2020-SANS-FOND-SANS-TEXTE.png","width":512,"height":512,"caption":"Dicodusport"},"image":{"@id":"https:\/\/dicodusport.fr\/blog\/#\/schema\/logo\/image\/"},"sameAs":["https:\/\/www.facebook.com\/dicodusport","https:\/\/x.com\/dicodusport","https:\/\/www.instagram.com\/dicodusport\/","https:\/\/www.youtube.com\/channel\/UC7V2KZ5sd3htJivAbA4ZG3w"],"description":"Dicodusport est l'encyclop\u00e9die de l'actualit\u00e9 sportive.","email":"bonjour@dicodusport.fr","legalName":"DICODUSPORT","foundingDate":"2018-01-14","vatID":"FR71834470973","taxID":"83447097300043","numberOfEmployees":{"@type":"QuantitativeValue","minValue":"1","maxValue":"10"}},{"@type":"Person","@id":"https:\/\/dicodusport.fr\/blog\/#\/schema\/person\/627966a6cde45dbd8c5e36ac85d783da","name":"S\u00e9bastien Gente","image":{"@type":"ImageObject","inLanguage":"fr-FR","@id":"https:\/\/dicodusport.fr\/blog\/#\/schema\/person\/image\/","url":"https:\/\/dicodusport.fr\/blog\/wp-content\/uploads\/2021\/09\/1510990_10205810251400683_4124423575079401707_n-150x150.jpg","contentUrl":"https:\/\/dicodusport.fr\/blog\/wp-content\/uploads\/2021\/09\/1510990_10205810251400683_4124423575079401707_n-150x150.jpg","caption":"S\u00e9bastien Gente"},"description":"John Stockton, Gianni Bugno, Zinedine Zidane, Steffi Graf, Frode Andresen, St\u00e9phane Stoecklin, Davis Kamoga, Primoz Peterka, Werner Schlager et Aur\u00e9lien Rougerie. Point commun entre ces sportifs? Ils m'ont fait r\u00eaver et ont berc\u00e9 mon adolescence. Je suis un fondu de sports et j'essaie de retranscrire ma passion \u00e0 travers mes articles. Originaire du P\u00e9rigord, ma passion pour les Girondins, les Jaunards et les Jazzmen transpire dans mes \u00e9crits. \u00c0 Dicodusport depuis 2021, je d\u00e9niche les sports m\u00e9connus dans lesquels la France brille, et il y en a !","sameAs":["https:\/\/www.facebook.com\/sebastien.gente\/","https:\/\/www.instagram.com\/sebgente\/","https:\/\/www.linkedin.com\/in\/sbastien-gente-a29583169\/","https:\/\/x.com\/https:\/\/twitter.com\/globulo24","SebastienGente"],"worksFor":"S\u00e9bastien GENTE","url":"https:\/\/dicodusport.fr\/blog\/author\/sebastiengente\/"}]}},"_links":{"self":[{"href":"https:\/\/dicodusport.fr\/blog\/wp-json\/wp\/v2\/posts\/252593","targetHints":{"allow":["GET"]}}],"collection":[{"href":"https:\/\/dicodusport.fr\/blog\/wp-json\/wp\/v2\/posts"}],"about":[{"href":"https:\/\/dicodusport.fr\/blog\/wp-json\/wp\/v2\/types\/post"}],"author":[{"embeddable":true,"href":"https:\/\/dicodusport.fr\/blog\/wp-json\/wp\/v2\/users\/59"}],"replies":[{"embeddable":true,"href":"https:\/\/dicodusport.fr\/blog\/wp-json\/wp\/v2\/comments?post=252593"}],"version-history":[{"count":0,"href":"https:\/\/dicodusport.fr\/blog\/wp-json\/wp\/v2\/posts\/252593\/revisions"}],"wp:featuredmedia":[{"embeddable":true,"href":"https:\/\/dicodusport.fr\/blog\/wp-json\/wp\/v2\/media\/252657"}],"wp:attachment":[{"href":"https:\/\/dicodusport.fr\/blog\/wp-json\/wp\/v2\/media?parent=252593"}],"wp:term":[{"taxonomy":"category","embeddable":true,"href":"https:\/\/dicodusport.fr\/blog\/wp-json\/wp\/v2\/categories?post=252593"},{"taxonomy":"post_tag","embeddable":true,"href":"https:\/\/dicodusport.fr\/blog\/wp-json\/wp\/v2\/tags?post=252593"}],"curies":[{"name":"wp","href":"https:\/\/api.w.org\/{rel}","templated":true}]}}