{"id":252792,"date":"2022-08-16T22:38:34","date_gmt":"2022-08-16T20:38:34","guid":{"rendered":"https:\/\/dicodusport.fr\/blog\/?p=252792&#038;preview=true&#038;preview_id=252792"},"modified":"2022-08-16T23:39:32","modified_gmt":"2022-08-16T21:39:32","slug":"championnats-europeens-2022-jules-pommery-prend-le-bronze-au-saut-en-longueur","status":"publish","type":"post","link":"https:\/\/dicodusport.fr\/blog\/championnats-europeens-2022-jules-pommery-prend-le-bronze-au-saut-en-longueur\/","title":{"rendered":"Championnats europ\u00e9ens 2022 : Jules Pommery prend le bronze au saut en longueur"},"content":{"rendered":"<p style=\"text-align: justify;\"><b><i>ATHL\u00c9TISME &#8211; CHAMPIONNATS D&rsquo;EUROPE MUNICH 2022 &#8211; La premi\u00e8re m\u00e9daille de l&rsquo;athl\u00e9tisme fran\u00e7ais est venue de l\u00e0 o\u00f9 on ne l&rsquo;attendait pas. Jules Pommery, 21 ans, d\u00e9croche le bronze au saut en longueur avec un bond \u00e0 8.06 m\u00e8tres. Initialement quatri\u00e8me, il a gagn\u00e9 un rang apr\u00e8s la disqualification du sauteur anglais.<\/i><\/b><\/p>\n<p style=\"text-align: justify;\">Le concours de la longueur a offert un sc\u00e9nario rocambolesque. Si la victoire de <strong>Miltiadis Tentoglou<\/strong> n&rsquo;a souffert d&rsquo;aucune contestation, tant le Grec \u00e9tait au-dessus, la lutte pour le podium a offert un sc\u00e9nario incroyable. Avant le dernier saut, l&rsquo;Anglais <strong>Jacob Fincham-Dukes<\/strong> \u00e9tait second avec 8.06 m\u00e8tres, devant <strong>Jules Pommery<\/strong>, qui avait saut\u00e9 \u00e0 la m\u00eame distance. Mais le Fran\u00e7ais \u00e9tait derri\u00e8re son rival au b\u00e9n\u00e9fice d&rsquo;un moins bon essai suivant.<\/p>\n<p style=\"text-align: justify;\">Lors du sixi\u00e8me saut, le Su\u00e9dois <strong>Thobias Montler<\/strong> a lui aussi saut\u00e9 \u00e0 8.06 m\u00e8tres ! Au second meilleur essai, le Tricolore se voyait repouss\u00e9 quatri\u00e8me, et ne r\u00e9ussissait pas \u00e0 faire mieux sur son dernier saut. Mais l&rsquo;incroyable s&rsquo;est produit plus tard, quand, suite \u00e0 une r\u00e9clamation, le sauteur britannique se voyait priv\u00e9 de son meilleur saut. En effet, la planche de ce dernier \u00e9tait d\u00e9clar\u00e9e non valide &#8211; mordue &#8211; et il s&rsquo;est vu propuls\u00e9 \u00e0 la cinqui\u00e8me place. Cela a eu pour cons\u00e9quence de faire grimper <strong>Jules Pommery<\/strong> sur la troisi\u00e8me marche du podium. \u00c0 21 ans, pour sa premi\u00e8re finale internationale, il r\u00e9ussit l&rsquo;exploit de devenir le premier athl\u00e8te fran\u00e7ais m\u00e9daill\u00e9 de cette \u00e9dition des Championnats d&rsquo;Europe !<\/p>\n<blockquote class=\"twitter-tweet\">\n<p dir=\"ltr\" lang=\"fr\">JULES POMMERY EST MEDAILLEE DE BRONZE !!!!!!!!!!!!!!<\/p>\n<p>Le recours des Fran\u00e7ais a port\u00e9 ses fruits. L&rsquo;essai de l&rsquo;Anglais a 8,06 m a \u00e9t\u00e9 d\u00e9clar\u00e9 mordu ! Elle est l\u00e0 la premi\u00e8re m\u00e9daille des Bleus !<\/p>\n<p>INCROYABLE CE SCENARIO ON VA MOURIR !!!<a href=\"https:\/\/twitter.com\/hashtag\/Munich2022?src=hash&amp;ref_src=twsrc%5Etfw\">#Munich2022<\/a><\/p>\n<p>\u2014 Etienne Goursaud (@EtienneGoursaud) <a href=\"https:\/\/twitter.com\/EtienneGoursaud\/status\/1559639848813793283?ref_src=twsrc%5Etfw\">August 16, 2022<\/a><\/p><\/blockquote>\n<p style=\"text-align: justify;\"><script async src=\"https:\/\/platform.twitter.com\/widgets.js\" charset=\"utf-8\"><\/script><\/p>\n<h2 style=\"text-align: justify;\">\u00c0 lire aussi<\/h2>\n<ul>\n<li style=\"text-align: justify;\"><a href=\"https:\/\/dicodusport.fr\/blog\/programme-et-resultats-athletisme-championnats-deurope-2022\/\"><strong>Athl\u00e9tisme &#8211; Programme et r\u00e9sultats des Championnats d&rsquo;Europe 2022<\/strong><\/a><\/li>\n<\/ul>\n","protected":false},"excerpt":{"rendered":"<p>ATHL\u00c9TISME &#8211; CHAMPIONNATS D&rsquo;EUROPE MUNICH 2022 &#8211; La premi\u00e8re m\u00e9daille de l&rsquo;athl\u00e9tisme fran\u00e7ais est venue de l\u00e0 o\u00f9 on ne l&rsquo;attendait pas. Jules Pommery, 21 ans, d\u00e9croche le bronze au saut en longueur avec un bond \u00e0 8.06 m\u00e8tres. Initialement quatri\u00e8me, il a gagn\u00e9 un rang apr\u00e8s la disqualification du sauteur anglais.<\/p>\n","protected":false},"author":59,"featured_media":252817,"comment_status":"open","ping_status":"closed","sticky":false,"template":"","format":"standard","meta":{"_acf_changed":false,"_daextam_enable_autolinks":"","footnotes":""},"categories":[2308],"tags":[143],"class_list":["post-252792","post","type-post","status-publish","format-standard","has-post-thumbnail","hentry","category-athletisme","tag-athletisme"],"acf":[],"yoast_head":"<!-- This site is optimized with the Yoast SEO Premium plugin v26.7 (Yoast SEO v26.7) - https:\/\/yoast.com\/wordpress\/plugins\/seo\/ -->\n<title>Championnats europ\u00e9ens 2022 : Jules Pommery prend le bronze au saut en longueur<\/title>\n<meta name=\"description\" content=\"ATHL\u00c9TISME - CHAMPIONNATS D&#039;EUROPE MUNICH 2022 - Jules Pommery, 21 ans, d\u00e9croche le bronze au saut en longueur avec un bond \u00e0 8.06 m\u00e8tres.\" \/>\n<meta name=\"robots\" content=\"index, follow, max-snippet:-1, max-image-preview:large, max-video-preview:-1\" \/>\n<link rel=\"canonical\" href=\"https:\/\/dicodusport.fr\/blog\/championnats-europeens-2022-jules-pommery-prend-le-bronze-au-saut-en-longueur\/\" \/>\n<meta property=\"og:locale\" content=\"fr_FR\" \/>\n<meta property=\"og:type\" content=\"article\" \/>\n<meta property=\"og:title\" content=\"Championnats europ\u00e9ens 2022 : Jules Pommery prend le bronze au saut en longueur\" \/>\n<meta property=\"og:description\" content=\"ATHL\u00c9TISME - CHAMPIONNATS D&#039;EUROPE MUNICH 2022 - Jules Pommery, 21 ans, d\u00e9croche le bronze au saut en longueur avec un bond \u00e0 8.06 m\u00e8tres.\" \/>\n<meta property=\"og:url\" content=\"https:\/\/dicodusport.fr\/blog\/championnats-europeens-2022-jules-pommery-prend-le-bronze-au-saut-en-longueur\/\" \/>\n<meta property=\"og:site_name\" content=\"Dicodusport\" \/>\n<meta property=\"article:publisher\" content=\"https:\/\/www.facebook.com\/dicodusport\" \/>\n<meta property=\"article:author\" content=\"https:\/\/www.facebook.com\/sebastien.gente\/\" \/>\n<meta property=\"article:published_time\" content=\"2022-08-16T20:38:34+00:00\" \/>\n<meta property=\"article:modified_time\" content=\"2022-08-16T21:39:32+00:00\" \/>\n<meta property=\"og:image\" content=\"https:\/\/dicodusport.fr\/blog\/wp-content\/uploads\/2022\/08\/Championnats-europeens-2022-Jules-Pommery-prend-le-bronze-au-saut-en-longueur.png\" \/>\n\t<meta property=\"og:image:width\" content=\"800\" \/>\n\t<meta property=\"og:image:height\" content=\"445\" \/>\n\t<meta property=\"og:image:type\" content=\"image\/png\" \/>\n<meta name=\"author\" content=\"S\u00e9bastien Gente\" \/>\n<meta name=\"twitter:card\" content=\"summary_large_image\" \/>\n<meta name=\"twitter:title\" content=\"Championnats europ\u00e9ens 2022 : Jules Pommery prend le bronze au saut en longueur\" \/>\n<meta name=\"twitter:creator\" content=\"@https:\/\/twitter.com\/globulo24\" \/>\n<meta name=\"twitter:site\" content=\"@dicodusport\" \/>\n<script type=\"application\/ld+json\" class=\"yoast-schema-graph\">{\"@context\":\"https:\/\/schema.org\",\"@graph\":[{\"@type\":\"NewsArticle\",\"@id\":\"https:\/\/dicodusport.fr\/blog\/championnats-europeens-2022-jules-pommery-prend-le-bronze-au-saut-en-longueur\/#article\",\"isPartOf\":{\"@id\":\"https:\/\/dicodusport.fr\/blog\/championnats-europeens-2022-jules-pommery-prend-le-bronze-au-saut-en-longueur\/\"},\"author\":{\"name\":\"S\u00e9bastien Gente\",\"@id\":\"https:\/\/dicodusport.fr\/blog\/#\/schema\/person\/627966a6cde45dbd8c5e36ac85d783da\"},\"headline\":\"Championnats europ\u00e9ens 2022 : Jules Pommery prend le bronze au saut en longueur\",\"datePublished\":\"2022-08-16T20:38:34+00:00\",\"dateModified\":\"2022-08-16T21:39:32+00:00\",\"mainEntityOfPage\":{\"@id\":\"https:\/\/dicodusport.fr\/blog\/championnats-europeens-2022-jules-pommery-prend-le-bronze-au-saut-en-longueur\/\"},\"wordCount\":348,\"commentCount\":0,\"publisher\":{\"@id\":\"https:\/\/dicodusport.fr\/blog\/#organization\"},\"image\":{\"@id\":\"https:\/\/dicodusport.fr\/blog\/championnats-europeens-2022-jules-pommery-prend-le-bronze-au-saut-en-longueur\/#primaryimage\"},\"thumbnailUrl\":\"https:\/\/dicodusport.fr\/blog\/wp-content\/uploads\/2022\/08\/Championnats-europeens-2022-Jules-Pommery-prend-le-bronze-au-saut-en-longueur.png\",\"keywords\":[\"Athl\u00e9tisme\"],\"articleSection\":[\"Athl\u00e9tisme\"],\"inLanguage\":\"fr-FR\",\"potentialAction\":[{\"@type\":\"CommentAction\",\"name\":\"Comment\",\"target\":[\"https:\/\/dicodusport.fr\/blog\/championnats-europeens-2022-jules-pommery-prend-le-bronze-au-saut-en-longueur\/#respond\"]}],\"copyrightYear\":\"2022\",\"copyrightHolder\":{\"@id\":\"https:\/\/dicodusport.fr\/blog\/#organization\"}},{\"@type\":\"WebPage\",\"@id\":\"https:\/\/dicodusport.fr\/blog\/championnats-europeens-2022-jules-pommery-prend-le-bronze-au-saut-en-longueur\/\",\"url\":\"https:\/\/dicodusport.fr\/blog\/championnats-europeens-2022-jules-pommery-prend-le-bronze-au-saut-en-longueur\/\",\"name\":\"Championnats europ\u00e9ens 2022 : Jules Pommery prend le bronze au saut en longueur\",\"isPartOf\":{\"@id\":\"https:\/\/dicodusport.fr\/blog\/#website\"},\"primaryImageOfPage\":{\"@id\":\"https:\/\/dicodusport.fr\/blog\/championnats-europeens-2022-jules-pommery-prend-le-bronze-au-saut-en-longueur\/#primaryimage\"},\"image\":{\"@id\":\"https:\/\/dicodusport.fr\/blog\/championnats-europeens-2022-jules-pommery-prend-le-bronze-au-saut-en-longueur\/#primaryimage\"},\"thumbnailUrl\":\"https:\/\/dicodusport.fr\/blog\/wp-content\/uploads\/2022\/08\/Championnats-europeens-2022-Jules-Pommery-prend-le-bronze-au-saut-en-longueur.png\",\"datePublished\":\"2022-08-16T20:38:34+00:00\",\"dateModified\":\"2022-08-16T21:39:32+00:00\",\"description\":\"ATHL\u00c9TISME - CHAMPIONNATS D'EUROPE MUNICH 2022 - Jules Pommery, 21 ans, d\u00e9croche le bronze au saut en longueur avec un bond \u00e0 8.06 m\u00e8tres.\",\"breadcrumb\":{\"@id\":\"https:\/\/dicodusport.fr\/blog\/championnats-europeens-2022-jules-pommery-prend-le-bronze-au-saut-en-longueur\/#breadcrumb\"},\"inLanguage\":\"fr-FR\",\"potentialAction\":[{\"@type\":\"ReadAction\",\"target\":[\"https:\/\/dicodusport.fr\/blog\/championnats-europeens-2022-jules-pommery-prend-le-bronze-au-saut-en-longueur\/\"]}]},{\"@type\":\"ImageObject\",\"inLanguage\":\"fr-FR\",\"@id\":\"https:\/\/dicodusport.fr\/blog\/championnats-europeens-2022-jules-pommery-prend-le-bronze-au-saut-en-longueur\/#primaryimage\",\"url\":\"https:\/\/dicodusport.fr\/blog\/wp-content\/uploads\/2022\/08\/Championnats-europeens-2022-Jules-Pommery-prend-le-bronze-au-saut-en-longueur.png\",\"contentUrl\":\"https:\/\/dicodusport.fr\/blog\/wp-content\/uploads\/2022\/08\/Championnats-europeens-2022-Jules-Pommery-prend-le-bronze-au-saut-en-longueur.png\",\"width\":800,\"height\":445,\"caption\":\"Championnats europ\u00e9ens 2022 Jules Pommery prend le bronze au saut en longueur\"},{\"@type\":\"BreadcrumbList\",\"@id\":\"https:\/\/dicodusport.fr\/blog\/championnats-europeens-2022-jules-pommery-prend-le-bronze-au-saut-en-longueur\/#breadcrumb\",\"itemListElement\":[{\"@type\":\"ListItem\",\"position\":1,\"name\":\"Accueil\",\"item\":\"https:\/\/dicodusport.fr\/blog\/\"},{\"@type\":\"ListItem\",\"position\":2,\"name\":\"Championnats europ\u00e9ens 2022 : Jules Pommery prend le bronze au saut en longueur\"}]},{\"@type\":\"WebSite\",\"@id\":\"https:\/\/dicodusport.fr\/blog\/#website\",\"url\":\"https:\/\/dicodusport.fr\/blog\/\",\"name\":\"Dicodusport\",\"description\":\"L&#039;encyclop\u00e9die de l&#039;actualit\u00e9 sportive\",\"publisher\":{\"@id\":\"https:\/\/dicodusport.fr\/blog\/#organization\"},\"potentialAction\":[{\"@type\":\"SearchAction\",\"target\":{\"@type\":\"EntryPoint\",\"urlTemplate\":\"https:\/\/dicodusport.fr\/blog\/?s={search_term_string}\"},\"query-input\":{\"@type\":\"PropertyValueSpecification\",\"valueRequired\":true,\"valueName\":\"search_term_string\"}}],\"inLanguage\":\"fr-FR\"},{\"@type\":\"NewsMediaOrganization\",\"@id\":\"https:\/\/dicodusport.fr\/blog\/#organization\",\"name\":\"Dicodusport\",\"url\":\"https:\/\/dicodusport.fr\/blog\/\",\"logo\":{\"@type\":\"ImageObject\",\"inLanguage\":\"fr-FR\",\"@id\":\"https:\/\/dicodusport.fr\/blog\/#\/schema\/logo\/image\/\",\"url\":\"https:\/\/dicodusport.fr\/blog\/wp-content\/uploads\/2020\/06\/cropped-LOGO-DICODUSPORT-2020-SANS-FOND-SANS-TEXTE.png\",\"contentUrl\":\"https:\/\/dicodusport.fr\/blog\/wp-content\/uploads\/2020\/06\/cropped-LOGO-DICODUSPORT-2020-SANS-FOND-SANS-TEXTE.png\",\"width\":512,\"height\":512,\"caption\":\"Dicodusport\"},\"image\":{\"@id\":\"https:\/\/dicodusport.fr\/blog\/#\/schema\/logo\/image\/\"},\"sameAs\":[\"https:\/\/www.facebook.com\/dicodusport\",\"https:\/\/x.com\/dicodusport\",\"https:\/\/www.instagram.com\/dicodusport\/\",\"https:\/\/www.youtube.com\/channel\/UC7V2KZ5sd3htJivAbA4ZG3w\"],\"description\":\"Dicodusport est l'encyclop\u00e9die de l'actualit\u00e9 sportive.\",\"email\":\"bonjour@dicodusport.fr\",\"legalName\":\"DICODUSPORT\",\"foundingDate\":\"2018-01-14\",\"vatID\":\"FR71834470973\",\"taxID\":\"83447097300043\",\"numberOfEmployees\":{\"@type\":\"QuantitativeValue\",\"minValue\":\"1\",\"maxValue\":\"10\"}},{\"@type\":\"Person\",\"@id\":\"https:\/\/dicodusport.fr\/blog\/#\/schema\/person\/627966a6cde45dbd8c5e36ac85d783da\",\"name\":\"S\u00e9bastien Gente\",\"image\":{\"@type\":\"ImageObject\",\"inLanguage\":\"fr-FR\",\"@id\":\"https:\/\/dicodusport.fr\/blog\/#\/schema\/person\/image\/\",\"url\":\"https:\/\/dicodusport.fr\/blog\/wp-content\/uploads\/2021\/09\/1510990_10205810251400683_4124423575079401707_n-150x150.jpg\",\"contentUrl\":\"https:\/\/dicodusport.fr\/blog\/wp-content\/uploads\/2021\/09\/1510990_10205810251400683_4124423575079401707_n-150x150.jpg\",\"caption\":\"S\u00e9bastien Gente\"},\"description\":\"John Stockton, Gianni Bugno, Zinedine Zidane, Steffi Graf, Frode Andresen, St\u00e9phane Stoecklin, Davis Kamoga, Primoz Peterka, Werner Schlager et Aur\u00e9lien Rougerie. Point commun entre ces sportifs? Ils m'ont fait r\u00eaver et ont berc\u00e9 mon adolescence. Je suis un fondu de sports et j'essaie de retranscrire ma passion \u00e0 travers mes articles. Originaire du P\u00e9rigord, ma passion pour les Girondins, les Jaunards et les Jazzmen transpire dans mes \u00e9crits. \u00c0 Dicodusport depuis 2021, je d\u00e9niche les sports m\u00e9connus dans lesquels la France brille, et il y en a !\",\"sameAs\":[\"https:\/\/www.facebook.com\/sebastien.gente\/\",\"https:\/\/www.instagram.com\/sebgente\/\",\"https:\/\/www.linkedin.com\/in\/sbastien-gente-a29583169\/\",\"https:\/\/x.com\/https:\/\/twitter.com\/globulo24\",\"SebastienGente\"],\"worksFor\":\"S\u00e9bastien GENTE\",\"url\":\"https:\/\/dicodusport.fr\/blog\/author\/sebastiengente\/\"}]}<\/script>\n<!-- \/ Yoast SEO Premium plugin. -->","yoast_head_json":{"title":"Championnats europ\u00e9ens 2022 : Jules Pommery prend le bronze au saut en longueur","description":"ATHL\u00c9TISME - CHAMPIONNATS D'EUROPE MUNICH 2022 - Jules Pommery, 21 ans, d\u00e9croche le bronze au saut en longueur avec un bond \u00e0 8.06 m\u00e8tres.","robots":{"index":"index","follow":"follow","max-snippet":"max-snippet:-1","max-image-preview":"max-image-preview:large","max-video-preview":"max-video-preview:-1"},"canonical":"https:\/\/dicodusport.fr\/blog\/championnats-europeens-2022-jules-pommery-prend-le-bronze-au-saut-en-longueur\/","og_locale":"fr_FR","og_type":"article","og_title":"Championnats europ\u00e9ens 2022 : Jules Pommery prend le bronze au saut en longueur","og_description":"ATHL\u00c9TISME - CHAMPIONNATS D'EUROPE MUNICH 2022 - Jules Pommery, 21 ans, d\u00e9croche le bronze au saut en longueur avec un bond \u00e0 8.06 m\u00e8tres.","og_url":"https:\/\/dicodusport.fr\/blog\/championnats-europeens-2022-jules-pommery-prend-le-bronze-au-saut-en-longueur\/","og_site_name":"Dicodusport","article_publisher":"https:\/\/www.facebook.com\/dicodusport","article_author":"https:\/\/www.facebook.com\/sebastien.gente\/","article_published_time":"2022-08-16T20:38:34+00:00","article_modified_time":"2022-08-16T21:39:32+00:00","og_image":[{"width":800,"height":445,"url":"https:\/\/dicodusport.fr\/blog\/wp-content\/uploads\/2022\/08\/Championnats-europeens-2022-Jules-Pommery-prend-le-bronze-au-saut-en-longueur.png","type":"image\/png"}],"author":"S\u00e9bastien Gente","twitter_card":"summary_large_image","twitter_title":"Championnats europ\u00e9ens 2022 : Jules Pommery prend le bronze au saut en longueur","twitter_creator":"@https:\/\/twitter.com\/globulo24","twitter_site":"@dicodusport","schema":{"@context":"https:\/\/schema.org","@graph":[{"@type":"NewsArticle","@id":"https:\/\/dicodusport.fr\/blog\/championnats-europeens-2022-jules-pommery-prend-le-bronze-au-saut-en-longueur\/#article","isPartOf":{"@id":"https:\/\/dicodusport.fr\/blog\/championnats-europeens-2022-jules-pommery-prend-le-bronze-au-saut-en-longueur\/"},"author":{"name":"S\u00e9bastien Gente","@id":"https:\/\/dicodusport.fr\/blog\/#\/schema\/person\/627966a6cde45dbd8c5e36ac85d783da"},"headline":"Championnats europ\u00e9ens 2022 : Jules Pommery prend le bronze au saut en longueur","datePublished":"2022-08-16T20:38:34+00:00","dateModified":"2022-08-16T21:39:32+00:00","mainEntityOfPage":{"@id":"https:\/\/dicodusport.fr\/blog\/championnats-europeens-2022-jules-pommery-prend-le-bronze-au-saut-en-longueur\/"},"wordCount":348,"commentCount":0,"publisher":{"@id":"https:\/\/dicodusport.fr\/blog\/#organization"},"image":{"@id":"https:\/\/dicodusport.fr\/blog\/championnats-europeens-2022-jules-pommery-prend-le-bronze-au-saut-en-longueur\/#primaryimage"},"thumbnailUrl":"https:\/\/dicodusport.fr\/blog\/wp-content\/uploads\/2022\/08\/Championnats-europeens-2022-Jules-Pommery-prend-le-bronze-au-saut-en-longueur.png","keywords":["Athl\u00e9tisme"],"articleSection":["Athl\u00e9tisme"],"inLanguage":"fr-FR","potentialAction":[{"@type":"CommentAction","name":"Comment","target":["https:\/\/dicodusport.fr\/blog\/championnats-europeens-2022-jules-pommery-prend-le-bronze-au-saut-en-longueur\/#respond"]}],"copyrightYear":"2022","copyrightHolder":{"@id":"https:\/\/dicodusport.fr\/blog\/#organization"}},{"@type":"WebPage","@id":"https:\/\/dicodusport.fr\/blog\/championnats-europeens-2022-jules-pommery-prend-le-bronze-au-saut-en-longueur\/","url":"https:\/\/dicodusport.fr\/blog\/championnats-europeens-2022-jules-pommery-prend-le-bronze-au-saut-en-longueur\/","name":"Championnats europ\u00e9ens 2022 : Jules Pommery prend le bronze au saut en longueur","isPartOf":{"@id":"https:\/\/dicodusport.fr\/blog\/#website"},"primaryImageOfPage":{"@id":"https:\/\/dicodusport.fr\/blog\/championnats-europeens-2022-jules-pommery-prend-le-bronze-au-saut-en-longueur\/#primaryimage"},"image":{"@id":"https:\/\/dicodusport.fr\/blog\/championnats-europeens-2022-jules-pommery-prend-le-bronze-au-saut-en-longueur\/#primaryimage"},"thumbnailUrl":"https:\/\/dicodusport.fr\/blog\/wp-content\/uploads\/2022\/08\/Championnats-europeens-2022-Jules-Pommery-prend-le-bronze-au-saut-en-longueur.png","datePublished":"2022-08-16T20:38:34+00:00","dateModified":"2022-08-16T21:39:32+00:00","description":"ATHL\u00c9TISME - CHAMPIONNATS D'EUROPE MUNICH 2022 - Jules Pommery, 21 ans, d\u00e9croche le bronze au saut en longueur avec un bond \u00e0 8.06 m\u00e8tres.","breadcrumb":{"@id":"https:\/\/dicodusport.fr\/blog\/championnats-europeens-2022-jules-pommery-prend-le-bronze-au-saut-en-longueur\/#breadcrumb"},"inLanguage":"fr-FR","potentialAction":[{"@type":"ReadAction","target":["https:\/\/dicodusport.fr\/blog\/championnats-europeens-2022-jules-pommery-prend-le-bronze-au-saut-en-longueur\/"]}]},{"@type":"ImageObject","inLanguage":"fr-FR","@id":"https:\/\/dicodusport.fr\/blog\/championnats-europeens-2022-jules-pommery-prend-le-bronze-au-saut-en-longueur\/#primaryimage","url":"https:\/\/dicodusport.fr\/blog\/wp-content\/uploads\/2022\/08\/Championnats-europeens-2022-Jules-Pommery-prend-le-bronze-au-saut-en-longueur.png","contentUrl":"https:\/\/dicodusport.fr\/blog\/wp-content\/uploads\/2022\/08\/Championnats-europeens-2022-Jules-Pommery-prend-le-bronze-au-saut-en-longueur.png","width":800,"height":445,"caption":"Championnats europ\u00e9ens 2022 Jules Pommery prend le bronze au saut en longueur"},{"@type":"BreadcrumbList","@id":"https:\/\/dicodusport.fr\/blog\/championnats-europeens-2022-jules-pommery-prend-le-bronze-au-saut-en-longueur\/#breadcrumb","itemListElement":[{"@type":"ListItem","position":1,"name":"Accueil","item":"https:\/\/dicodusport.fr\/blog\/"},{"@type":"ListItem","position":2,"name":"Championnats europ\u00e9ens 2022 : Jules Pommery prend le bronze au saut en longueur"}]},{"@type":"WebSite","@id":"https:\/\/dicodusport.fr\/blog\/#website","url":"https:\/\/dicodusport.fr\/blog\/","name":"Dicodusport","description":"L&#039;encyclop\u00e9die de l&#039;actualit\u00e9 sportive","publisher":{"@id":"https:\/\/dicodusport.fr\/blog\/#organization"},"potentialAction":[{"@type":"SearchAction","target":{"@type":"EntryPoint","urlTemplate":"https:\/\/dicodusport.fr\/blog\/?s={search_term_string}"},"query-input":{"@type":"PropertyValueSpecification","valueRequired":true,"valueName":"search_term_string"}}],"inLanguage":"fr-FR"},{"@type":"NewsMediaOrganization","@id":"https:\/\/dicodusport.fr\/blog\/#organization","name":"Dicodusport","url":"https:\/\/dicodusport.fr\/blog\/","logo":{"@type":"ImageObject","inLanguage":"fr-FR","@id":"https:\/\/dicodusport.fr\/blog\/#\/schema\/logo\/image\/","url":"https:\/\/dicodusport.fr\/blog\/wp-content\/uploads\/2020\/06\/cropped-LOGO-DICODUSPORT-2020-SANS-FOND-SANS-TEXTE.png","contentUrl":"https:\/\/dicodusport.fr\/blog\/wp-content\/uploads\/2020\/06\/cropped-LOGO-DICODUSPORT-2020-SANS-FOND-SANS-TEXTE.png","width":512,"height":512,"caption":"Dicodusport"},"image":{"@id":"https:\/\/dicodusport.fr\/blog\/#\/schema\/logo\/image\/"},"sameAs":["https:\/\/www.facebook.com\/dicodusport","https:\/\/x.com\/dicodusport","https:\/\/www.instagram.com\/dicodusport\/","https:\/\/www.youtube.com\/channel\/UC7V2KZ5sd3htJivAbA4ZG3w"],"description":"Dicodusport est l'encyclop\u00e9die de l'actualit\u00e9 sportive.","email":"bonjour@dicodusport.fr","legalName":"DICODUSPORT","foundingDate":"2018-01-14","vatID":"FR71834470973","taxID":"83447097300043","numberOfEmployees":{"@type":"QuantitativeValue","minValue":"1","maxValue":"10"}},{"@type":"Person","@id":"https:\/\/dicodusport.fr\/blog\/#\/schema\/person\/627966a6cde45dbd8c5e36ac85d783da","name":"S\u00e9bastien Gente","image":{"@type":"ImageObject","inLanguage":"fr-FR","@id":"https:\/\/dicodusport.fr\/blog\/#\/schema\/person\/image\/","url":"https:\/\/dicodusport.fr\/blog\/wp-content\/uploads\/2021\/09\/1510990_10205810251400683_4124423575079401707_n-150x150.jpg","contentUrl":"https:\/\/dicodusport.fr\/blog\/wp-content\/uploads\/2021\/09\/1510990_10205810251400683_4124423575079401707_n-150x150.jpg","caption":"S\u00e9bastien Gente"},"description":"John Stockton, Gianni Bugno, Zinedine Zidane, Steffi Graf, Frode Andresen, St\u00e9phane Stoecklin, Davis Kamoga, Primoz Peterka, Werner Schlager et Aur\u00e9lien Rougerie. Point commun entre ces sportifs? Ils m'ont fait r\u00eaver et ont berc\u00e9 mon adolescence. Je suis un fondu de sports et j'essaie de retranscrire ma passion \u00e0 travers mes articles. Originaire du P\u00e9rigord, ma passion pour les Girondins, les Jaunards et les Jazzmen transpire dans mes \u00e9crits. \u00c0 Dicodusport depuis 2021, je d\u00e9niche les sports m\u00e9connus dans lesquels la France brille, et il y en a !","sameAs":["https:\/\/www.facebook.com\/sebastien.gente\/","https:\/\/www.instagram.com\/sebgente\/","https:\/\/www.linkedin.com\/in\/sbastien-gente-a29583169\/","https:\/\/x.com\/https:\/\/twitter.com\/globulo24","SebastienGente"],"worksFor":"S\u00e9bastien GENTE","url":"https:\/\/dicodusport.fr\/blog\/author\/sebastiengente\/"}]}},"_links":{"self":[{"href":"https:\/\/dicodusport.fr\/blog\/wp-json\/wp\/v2\/posts\/252792","targetHints":{"allow":["GET"]}}],"collection":[{"href":"https:\/\/dicodusport.fr\/blog\/wp-json\/wp\/v2\/posts"}],"about":[{"href":"https:\/\/dicodusport.fr\/blog\/wp-json\/wp\/v2\/types\/post"}],"author":[{"embeddable":true,"href":"https:\/\/dicodusport.fr\/blog\/wp-json\/wp\/v2\/users\/59"}],"replies":[{"embeddable":true,"href":"https:\/\/dicodusport.fr\/blog\/wp-json\/wp\/v2\/comments?post=252792"}],"version-history":[{"count":0,"href":"https:\/\/dicodusport.fr\/blog\/wp-json\/wp\/v2\/posts\/252792\/revisions"}],"wp:featuredmedia":[{"embeddable":true,"href":"https:\/\/dicodusport.fr\/blog\/wp-json\/wp\/v2\/media\/252817"}],"wp:attachment":[{"href":"https:\/\/dicodusport.fr\/blog\/wp-json\/wp\/v2\/media?parent=252792"}],"wp:term":[{"taxonomy":"category","embeddable":true,"href":"https:\/\/dicodusport.fr\/blog\/wp-json\/wp\/v2\/categories?post=252792"},{"taxonomy":"post_tag","embeddable":true,"href":"https:\/\/dicodusport.fr\/blog\/wp-json\/wp\/v2\/tags?post=252792"}],"curies":[{"name":"wp","href":"https:\/\/api.w.org\/{rel}","templated":true}]}}