{"id":252942,"date":"2022-08-17T17:11:29","date_gmt":"2022-08-17T15:11:29","guid":{"rendered":"https:\/\/dicodusport.fr\/blog\/?p=252942&#038;preview=true&#038;preview_id=252942"},"modified":"2022-08-17T17:13:40","modified_gmt":"2022-08-17T15:13:40","slug":"tour-du-limousin-2022-coup-double-pour-alex-aranburu-lors-de-la-2eme-etape","status":"publish","type":"post","link":"https:\/\/dicodusport.fr\/blog\/tour-du-limousin-2022-coup-double-pour-alex-aranburu-lors-de-la-2eme-etape\/","title":{"rendered":"Tour du Limousin 2022 : Coup double pour Alex Aranburu lors de la 2\u00e8me \u00e9tape"},"content":{"rendered":"<p style=\"text-align: justify;\"><strong><em>CYCLISME SUR ROUTE 2022 &#8211; Au terme d&rsquo;un sprint tendu, c&rsquo;est Alex Aranburu (Team Movistar) qui s&rsquo;impose devant Eduard-Michael Grosu (Drone Hopper &#8211; Androni Giocattoli) et Cl\u00e9ment Venturini (AG2R-Citro\u00ebn). L&rsquo;Espagnol prend du m\u00eame coup les commandes du classement g\u00e9n\u00e9ral.\u00a0<\/em><\/strong><\/p>\n<p style=\"text-align: justify;\">Le duo d&rsquo;\u00e9chapp\u00e9s du jour \u00e9tait 100% tricolore. Sur les routes de Dordogne, <strong>Ma\u00ebl Gu\u00e9gan<\/strong> (Team U Nantes Atlantique) et <strong>Maxime Urruty<\/strong> (Nice M\u00e9tropole C\u00f4te d&rsquo;Azur) ont fauss\u00e9 compagnie au peloton d\u00e8s le premier kilom\u00e8tre de course. L&rsquo;avance des fuyards a culmin\u00e9 jusqu&rsquo;\u00e0 sept minutes, avec l&rsquo;\u00e9quipe du leader <strong>Julien Simon<\/strong> (TotalEnergies) peu inqui\u00e8te de l&rsquo;identit\u00e9 des hommes de t\u00eate.<\/p>\n<blockquote class=\"twitter-tweet\">\n<p dir=\"ltr\" lang=\"fr\">Les \u00e9chapp\u00e9s Maxime Urruty (<a href=\"https:\/\/twitter.com\/Team_NiceMCA?ref_src=twsrc%5Etfw\">@Team_NiceMCA<\/a>) et <a href=\"https:\/\/twitter.com\/mael_guegan?ref_src=twsrc%5Etfw\">@mael_guegan<\/a> (<a href=\"https:\/\/twitter.com\/uc_nantes_atl?ref_src=twsrc%5Etfw\">@uc_nantes_atl<\/a>) ont 5 minutes d\u2019avance sur le peloton \u00e0 La Chapelle-Gonaguet <a href=\"https:\/\/twitter.com\/hashtag\/TDL2022?src=hash&amp;ref_src=twsrc%5Etfw\">#TDL2022<\/a> <a href=\"https:\/\/t.co\/E9rKw1k1Hi\">pic.twitter.com\/E9rKw1k1Hi<\/a><\/p>\n<p>\u2014 Tour du Limousin &#8211; P\u00e9rigord &#8211; Nouvelle-Aquitaine (@tourdulimousin) <a href=\"https:\/\/twitter.com\/tourdulimousin\/status\/1559870949259894787?ref_src=twsrc%5Etfw\">August 17, 2022<\/a><\/p><\/blockquote>\n<p style=\"text-align: justify;\"><script async src=\"https:\/\/platform.twitter.com\/widgets.js\" charset=\"utf-8\"><\/script><br \/>\nMais beaucoup d&rsquo;\u00e9quipes visaient l&rsquo;\u00e9tape, et quand elles ont enclench\u00e9, l&rsquo;avance a rapidement fondu. Cependant, le peloton, d\u00e9sireux de ne pas revenir trop t\u00f4t, a temporis\u00e9 pour laisser les deux fuyards prolonger leur excursion.<\/p>\n<h2 style=\"text-align: justify;\">Aranburu de justesse<\/h2>\n<p style=\"text-align: justify;\">Le peloton a parfaitement men\u00e9 son affaire, faisant d\u00e9cro\u00eetre l&rsquo;\u00e9cart progressivement. Devant, <strong>Maxime Urruty<\/strong> est pass\u00e9 en t\u00eate de toutes les ascensions du jour. Il s&rsquo;est ainsi vu assur\u00e9 de porter demain le maillot de meilleur grimpeur. <strong>Ma\u00ebl Gu\u00e9gan<\/strong>, lui, est pass\u00e9 en t\u00eate des sprints interm\u00e9diaires, se repla\u00e7ant \u00e0 une seconde de la t\u00eate au classement provisoire. En outre, il a pris la t\u00eate du classement par points.<\/p>\n<p style=\"text-align: justify;\">Comme attendu, les deux fuyards ont \u00e9t\u00e9 repris pr\u00e8s de l&rsquo;arriv\u00e9e, <strong>Maxime Urruty<\/strong> faisant quelque peu durer le plaisir. Le sprint massif \u00e9tait in\u00e9vitable, plusieurs formations jouant des coudes pour placer leur sprinter. Dans une arriv\u00e9e tendue, c&rsquo;est <strong>Alex Aranburu<\/strong> (Team Movistar) qui a lev\u00e9 les bras de justesse. Il devance <strong>Eduard-Michael Grosu<\/strong> (Drone Hopper &#8211; Androni Giocattoli) et <strong>Cl\u00e9ment Venturini<\/strong> (AG2R-Citro\u00ebn), et en profite pour prendre la t\u00eate du classement g\u00e9n\u00e9ral, d\u00e9poss\u00e9dant <strong>Julien Simon<\/strong> (TotalEnergies) de la t\u00eate.<\/p>\n<blockquote class=\"twitter-tweet\">\n<p dir=\"ltr\" lang=\"fr\">Alex Aranburu s&rsquo;adjuge la 2e \u00e9tape du Tour du Limousin ! <a href=\"https:\/\/twitter.com\/hashtag\/lequipeVELO?src=hash&amp;ref_src=twsrc%5Etfw\">#lequipeVELO<\/a> <a href=\"https:\/\/t.co\/4iL3Xh6D1A\">pic.twitter.com\/4iL3Xh6D1A<\/a><\/p>\n<p>\u2014 la chaine L&rsquo;\u00c9quipe (@lachainelequipe) <a href=\"https:\/\/twitter.com\/lachainelequipe\/status\/1559919617694367746?ref_src=twsrc%5Etfw\">August 17, 2022<\/a><\/p><\/blockquote>\n<p><script async src=\"https:\/\/platform.twitter.com\/widgets.js\" charset=\"utf-8\"><\/script><\/p>\n<h2 style=\"text-align: justify;\">\u00c0 lire aussi<\/h2>\n<ul>\n<li style=\"text-align: justify;\"><a href=\"https:\/\/dicodusport.fr\/blog\/tour-du-limousin-2022-classement-2eme-etape\/\"><b>Le classement de la 2\u00e8me \u00e9tape du Tour du Limousin<\/b><\/a><\/li>\n<li style=\"text-align: justify;\"><a href=\"https:\/\/dicodusport.fr\/blog\/tour-du-limousin-2022-classement-general\/\"><strong>Le classement g\u00e9n\u00e9ral du Tour du Limousin<\/strong><\/a><\/li>\n<\/ul>\n","protected":false},"excerpt":{"rendered":"<p>CYCLISME SUR ROUTE 2022 &#8211; Au terme d&rsquo;un sprint tendu, c&rsquo;est Alex Aranburu (Team Movistar) qui s&rsquo;impose devant Eduard-Michael Grosu (Drone Hopper &#8211; Androni Giocattoli) et Cl\u00e9ment Venturini (AG2R-Citro\u00ebn). L&rsquo;Espagnol prend du m\u00eame coup les commandes du classement g\u00e9n\u00e9ral.\u00a0<\/p>\n","protected":false},"author":59,"featured_media":253011,"comment_status":"open","ping_status":"closed","sticky":false,"template":"","format":"standard","meta":{"_acf_changed":false,"_daextam_enable_autolinks":"","footnotes":""},"categories":[46994],"tags":[5778],"class_list":["post-252942","post","type-post","status-publish","format-standard","has-post-thumbnail","hentry","category-cyclisme-sur-route","tag-tour-du-limousin"],"acf":[],"yoast_head":"<!-- This site is optimized with the Yoast SEO Premium plugin v26.7 (Yoast SEO v26.7) - https:\/\/yoast.com\/wordpress\/plugins\/seo\/ -->\n<title>Tour du Limousin 2022 : Coup double pour Alex Aranburu lors de la 2\u00e8me \u00e9tape<\/title>\n<meta name=\"description\" content=\"CYCLISME SUR ROUTE 2022 - Au terme d&#039;un sprint tendu, c&#039;est Alex Aranburu (Team Movistar) qui s&#039;impose et prend les commandes du g\u00e9n\u00e9ral.\u00a0\" \/>\n<meta name=\"robots\" content=\"index, follow, max-snippet:-1, max-image-preview:large, max-video-preview:-1\" \/>\n<link rel=\"canonical\" href=\"https:\/\/dicodusport.fr\/blog\/tour-du-limousin-2022-coup-double-pour-alex-aranburu-lors-de-la-2eme-etape\/\" \/>\n<meta property=\"og:locale\" content=\"fr_FR\" \/>\n<meta property=\"og:type\" content=\"article\" \/>\n<meta property=\"og:title\" content=\"Tour du Limousin 2022 : Coup double pour Alex Aranburu lors de la 2\u00e8me \u00e9tape\" \/>\n<meta property=\"og:description\" content=\"CYCLISME SUR ROUTE 2022 - Au terme d&#039;un sprint tendu, c&#039;est Alex Aranburu (Team Movistar) qui s&#039;impose et prend les commandes du g\u00e9n\u00e9ral.\u00a0\" \/>\n<meta property=\"og:url\" content=\"https:\/\/dicodusport.fr\/blog\/tour-du-limousin-2022-coup-double-pour-alex-aranburu-lors-de-la-2eme-etape\/\" \/>\n<meta property=\"og:site_name\" content=\"Dicodusport\" \/>\n<meta property=\"article:publisher\" content=\"https:\/\/www.facebook.com\/dicodusport\" \/>\n<meta property=\"article:author\" content=\"https:\/\/www.facebook.com\/sebastien.gente\/\" \/>\n<meta property=\"article:published_time\" content=\"2022-08-17T15:11:29+00:00\" \/>\n<meta property=\"article:modified_time\" content=\"2022-08-17T15:13:40+00:00\" \/>\n<meta property=\"og:image\" content=\"https:\/\/dicodusport.fr\/blog\/wp-content\/uploads\/2022\/08\/Tour-du-Limousin-2022-Coup-double-pour-Alex-Aranburu-lors-de-la-2eme-etape.png\" \/>\n\t<meta property=\"og:image:width\" content=\"800\" \/>\n\t<meta property=\"og:image:height\" content=\"445\" \/>\n\t<meta property=\"og:image:type\" content=\"image\/png\" \/>\n<meta name=\"author\" content=\"S\u00e9bastien Gente\" \/>\n<meta name=\"twitter:card\" content=\"summary_large_image\" \/>\n<meta name=\"twitter:title\" content=\"Tour du Limousin 2022 : Coup double pour Alex Aranburu lors de la 2\u00e8me \u00e9tape\" \/>\n<meta name=\"twitter:creator\" content=\"@https:\/\/twitter.com\/globulo24\" \/>\n<meta name=\"twitter:site\" content=\"@dicodusport\" \/>\n<script type=\"application\/ld+json\" class=\"yoast-schema-graph\">{\"@context\":\"https:\/\/schema.org\",\"@graph\":[{\"@type\":\"NewsArticle\",\"@id\":\"https:\/\/dicodusport.fr\/blog\/tour-du-limousin-2022-coup-double-pour-alex-aranburu-lors-de-la-2eme-etape\/#article\",\"isPartOf\":{\"@id\":\"https:\/\/dicodusport.fr\/blog\/tour-du-limousin-2022-coup-double-pour-alex-aranburu-lors-de-la-2eme-etape\/\"},\"author\":{\"name\":\"S\u00e9bastien Gente\",\"@id\":\"https:\/\/dicodusport.fr\/blog\/#\/schema\/person\/627966a6cde45dbd8c5e36ac85d783da\"},\"headline\":\"Tour du Limousin 2022 : Coup double pour Alex Aranburu lors de la 2\u00e8me \u00e9tape\",\"datePublished\":\"2022-08-17T15:11:29+00:00\",\"dateModified\":\"2022-08-17T15:13:40+00:00\",\"mainEntityOfPage\":{\"@id\":\"https:\/\/dicodusport.fr\/blog\/tour-du-limousin-2022-coup-double-pour-alex-aranburu-lors-de-la-2eme-etape\/\"},\"wordCount\":436,\"commentCount\":0,\"publisher\":{\"@id\":\"https:\/\/dicodusport.fr\/blog\/#organization\"},\"image\":{\"@id\":\"https:\/\/dicodusport.fr\/blog\/tour-du-limousin-2022-coup-double-pour-alex-aranburu-lors-de-la-2eme-etape\/#primaryimage\"},\"thumbnailUrl\":\"https:\/\/dicodusport.fr\/blog\/wp-content\/uploads\/2022\/08\/Tour-du-Limousin-2022-Coup-double-pour-Alex-Aranburu-lors-de-la-2eme-etape.png\",\"keywords\":[\"Tour du Limousin\"],\"articleSection\":[\"Cyclisme sur route\"],\"inLanguage\":\"fr-FR\",\"potentialAction\":[{\"@type\":\"CommentAction\",\"name\":\"Comment\",\"target\":[\"https:\/\/dicodusport.fr\/blog\/tour-du-limousin-2022-coup-double-pour-alex-aranburu-lors-de-la-2eme-etape\/#respond\"]}],\"copyrightYear\":\"2022\",\"copyrightHolder\":{\"@id\":\"https:\/\/dicodusport.fr\/blog\/#organization\"}},{\"@type\":\"WebPage\",\"@id\":\"https:\/\/dicodusport.fr\/blog\/tour-du-limousin-2022-coup-double-pour-alex-aranburu-lors-de-la-2eme-etape\/\",\"url\":\"https:\/\/dicodusport.fr\/blog\/tour-du-limousin-2022-coup-double-pour-alex-aranburu-lors-de-la-2eme-etape\/\",\"name\":\"Tour du Limousin 2022 : Coup double pour Alex Aranburu lors de la 2\u00e8me \u00e9tape\",\"isPartOf\":{\"@id\":\"https:\/\/dicodusport.fr\/blog\/#website\"},\"primaryImageOfPage\":{\"@id\":\"https:\/\/dicodusport.fr\/blog\/tour-du-limousin-2022-coup-double-pour-alex-aranburu-lors-de-la-2eme-etape\/#primaryimage\"},\"image\":{\"@id\":\"https:\/\/dicodusport.fr\/blog\/tour-du-limousin-2022-coup-double-pour-alex-aranburu-lors-de-la-2eme-etape\/#primaryimage\"},\"thumbnailUrl\":\"https:\/\/dicodusport.fr\/blog\/wp-content\/uploads\/2022\/08\/Tour-du-Limousin-2022-Coup-double-pour-Alex-Aranburu-lors-de-la-2eme-etape.png\",\"datePublished\":\"2022-08-17T15:11:29+00:00\",\"dateModified\":\"2022-08-17T15:13:40+00:00\",\"description\":\"CYCLISME SUR ROUTE 2022 - Au terme d'un sprint tendu, c'est Alex Aranburu (Team Movistar) qui s'impose et prend les commandes du g\u00e9n\u00e9ral.\u00a0\",\"breadcrumb\":{\"@id\":\"https:\/\/dicodusport.fr\/blog\/tour-du-limousin-2022-coup-double-pour-alex-aranburu-lors-de-la-2eme-etape\/#breadcrumb\"},\"inLanguage\":\"fr-FR\",\"potentialAction\":[{\"@type\":\"ReadAction\",\"target\":[\"https:\/\/dicodusport.fr\/blog\/tour-du-limousin-2022-coup-double-pour-alex-aranburu-lors-de-la-2eme-etape\/\"]}]},{\"@type\":\"ImageObject\",\"inLanguage\":\"fr-FR\",\"@id\":\"https:\/\/dicodusport.fr\/blog\/tour-du-limousin-2022-coup-double-pour-alex-aranburu-lors-de-la-2eme-etape\/#primaryimage\",\"url\":\"https:\/\/dicodusport.fr\/blog\/wp-content\/uploads\/2022\/08\/Tour-du-Limousin-2022-Coup-double-pour-Alex-Aranburu-lors-de-la-2eme-etape.png\",\"contentUrl\":\"https:\/\/dicodusport.fr\/blog\/wp-content\/uploads\/2022\/08\/Tour-du-Limousin-2022-Coup-double-pour-Alex-Aranburu-lors-de-la-2eme-etape.png\",\"width\":800,\"height\":445,\"caption\":\"Tour du Limousin 2022 Coup double pour Alex Aranburu lors de la 2\u00e8me \u00e9tape\"},{\"@type\":\"BreadcrumbList\",\"@id\":\"https:\/\/dicodusport.fr\/blog\/tour-du-limousin-2022-coup-double-pour-alex-aranburu-lors-de-la-2eme-etape\/#breadcrumb\",\"itemListElement\":[{\"@type\":\"ListItem\",\"position\":1,\"name\":\"Accueil\",\"item\":\"https:\/\/dicodusport.fr\/blog\/\"},{\"@type\":\"ListItem\",\"position\":2,\"name\":\"Tour du Limousin 2022 : Coup double pour Alex Aranburu lors de la 2\u00e8me \u00e9tape\"}]},{\"@type\":\"WebSite\",\"@id\":\"https:\/\/dicodusport.fr\/blog\/#website\",\"url\":\"https:\/\/dicodusport.fr\/blog\/\",\"name\":\"Dicodusport\",\"description\":\"L&#039;encyclop\u00e9die de l&#039;actualit\u00e9 sportive\",\"publisher\":{\"@id\":\"https:\/\/dicodusport.fr\/blog\/#organization\"},\"potentialAction\":[{\"@type\":\"SearchAction\",\"target\":{\"@type\":\"EntryPoint\",\"urlTemplate\":\"https:\/\/dicodusport.fr\/blog\/?s={search_term_string}\"},\"query-input\":{\"@type\":\"PropertyValueSpecification\",\"valueRequired\":true,\"valueName\":\"search_term_string\"}}],\"inLanguage\":\"fr-FR\"},{\"@type\":\"NewsMediaOrganization\",\"@id\":\"https:\/\/dicodusport.fr\/blog\/#organization\",\"name\":\"Dicodusport\",\"url\":\"https:\/\/dicodusport.fr\/blog\/\",\"logo\":{\"@type\":\"ImageObject\",\"inLanguage\":\"fr-FR\",\"@id\":\"https:\/\/dicodusport.fr\/blog\/#\/schema\/logo\/image\/\",\"url\":\"https:\/\/dicodusport.fr\/blog\/wp-content\/uploads\/2020\/06\/cropped-LOGO-DICODUSPORT-2020-SANS-FOND-SANS-TEXTE.png\",\"contentUrl\":\"https:\/\/dicodusport.fr\/blog\/wp-content\/uploads\/2020\/06\/cropped-LOGO-DICODUSPORT-2020-SANS-FOND-SANS-TEXTE.png\",\"width\":512,\"height\":512,\"caption\":\"Dicodusport\"},\"image\":{\"@id\":\"https:\/\/dicodusport.fr\/blog\/#\/schema\/logo\/image\/\"},\"sameAs\":[\"https:\/\/www.facebook.com\/dicodusport\",\"https:\/\/x.com\/dicodusport\",\"https:\/\/www.instagram.com\/dicodusport\/\",\"https:\/\/www.youtube.com\/channel\/UC7V2KZ5sd3htJivAbA4ZG3w\"],\"description\":\"Dicodusport est l'encyclop\u00e9die de l'actualit\u00e9 sportive.\",\"email\":\"bonjour@dicodusport.fr\",\"legalName\":\"DICODUSPORT\",\"foundingDate\":\"2018-01-14\",\"vatID\":\"FR71834470973\",\"taxID\":\"83447097300043\",\"numberOfEmployees\":{\"@type\":\"QuantitativeValue\",\"minValue\":\"1\",\"maxValue\":\"10\"}},{\"@type\":\"Person\",\"@id\":\"https:\/\/dicodusport.fr\/blog\/#\/schema\/person\/627966a6cde45dbd8c5e36ac85d783da\",\"name\":\"S\u00e9bastien Gente\",\"image\":{\"@type\":\"ImageObject\",\"inLanguage\":\"fr-FR\",\"@id\":\"https:\/\/dicodusport.fr\/blog\/#\/schema\/person\/image\/\",\"url\":\"https:\/\/dicodusport.fr\/blog\/wp-content\/uploads\/2021\/09\/1510990_10205810251400683_4124423575079401707_n-150x150.jpg\",\"contentUrl\":\"https:\/\/dicodusport.fr\/blog\/wp-content\/uploads\/2021\/09\/1510990_10205810251400683_4124423575079401707_n-150x150.jpg\",\"caption\":\"S\u00e9bastien Gente\"},\"description\":\"John Stockton, Gianni Bugno, Zinedine Zidane, Steffi Graf, Frode Andresen, St\u00e9phane Stoecklin, Davis Kamoga, Primoz Peterka, Werner Schlager et Aur\u00e9lien Rougerie. Point commun entre ces sportifs? Ils m'ont fait r\u00eaver et ont berc\u00e9 mon adolescence. Je suis un fondu de sports et j'essaie de retranscrire ma passion \u00e0 travers mes articles. Originaire du P\u00e9rigord, ma passion pour les Girondins, les Jaunards et les Jazzmen transpire dans mes \u00e9crits. \u00c0 Dicodusport depuis 2021, je d\u00e9niche les sports m\u00e9connus dans lesquels la France brille, et il y en a !\",\"sameAs\":[\"https:\/\/www.facebook.com\/sebastien.gente\/\",\"https:\/\/www.instagram.com\/sebgente\/\",\"https:\/\/www.linkedin.com\/in\/sbastien-gente-a29583169\/\",\"https:\/\/x.com\/https:\/\/twitter.com\/globulo24\",\"SebastienGente\"],\"worksFor\":\"S\u00e9bastien GENTE\",\"url\":\"https:\/\/dicodusport.fr\/blog\/author\/sebastiengente\/\"}]}<\/script>\n<!-- \/ Yoast SEO Premium plugin. -->","yoast_head_json":{"title":"Tour du Limousin 2022 : Coup double pour Alex Aranburu lors de la 2\u00e8me \u00e9tape","description":"CYCLISME SUR ROUTE 2022 - Au terme d'un sprint tendu, c'est Alex Aranburu (Team Movistar) qui s'impose et prend les commandes du g\u00e9n\u00e9ral.\u00a0","robots":{"index":"index","follow":"follow","max-snippet":"max-snippet:-1","max-image-preview":"max-image-preview:large","max-video-preview":"max-video-preview:-1"},"canonical":"https:\/\/dicodusport.fr\/blog\/tour-du-limousin-2022-coup-double-pour-alex-aranburu-lors-de-la-2eme-etape\/","og_locale":"fr_FR","og_type":"article","og_title":"Tour du Limousin 2022 : Coup double pour Alex Aranburu lors de la 2\u00e8me \u00e9tape","og_description":"CYCLISME SUR ROUTE 2022 - Au terme d'un sprint tendu, c'est Alex Aranburu (Team Movistar) qui s'impose et prend les commandes du g\u00e9n\u00e9ral.\u00a0","og_url":"https:\/\/dicodusport.fr\/blog\/tour-du-limousin-2022-coup-double-pour-alex-aranburu-lors-de-la-2eme-etape\/","og_site_name":"Dicodusport","article_publisher":"https:\/\/www.facebook.com\/dicodusport","article_author":"https:\/\/www.facebook.com\/sebastien.gente\/","article_published_time":"2022-08-17T15:11:29+00:00","article_modified_time":"2022-08-17T15:13:40+00:00","og_image":[{"width":800,"height":445,"url":"https:\/\/dicodusport.fr\/blog\/wp-content\/uploads\/2022\/08\/Tour-du-Limousin-2022-Coup-double-pour-Alex-Aranburu-lors-de-la-2eme-etape.png","type":"image\/png"}],"author":"S\u00e9bastien Gente","twitter_card":"summary_large_image","twitter_title":"Tour du Limousin 2022 : Coup double pour Alex Aranburu lors de la 2\u00e8me \u00e9tape","twitter_creator":"@https:\/\/twitter.com\/globulo24","twitter_site":"@dicodusport","schema":{"@context":"https:\/\/schema.org","@graph":[{"@type":"NewsArticle","@id":"https:\/\/dicodusport.fr\/blog\/tour-du-limousin-2022-coup-double-pour-alex-aranburu-lors-de-la-2eme-etape\/#article","isPartOf":{"@id":"https:\/\/dicodusport.fr\/blog\/tour-du-limousin-2022-coup-double-pour-alex-aranburu-lors-de-la-2eme-etape\/"},"author":{"name":"S\u00e9bastien Gente","@id":"https:\/\/dicodusport.fr\/blog\/#\/schema\/person\/627966a6cde45dbd8c5e36ac85d783da"},"headline":"Tour du Limousin 2022 : Coup double pour Alex Aranburu lors de la 2\u00e8me \u00e9tape","datePublished":"2022-08-17T15:11:29+00:00","dateModified":"2022-08-17T15:13:40+00:00","mainEntityOfPage":{"@id":"https:\/\/dicodusport.fr\/blog\/tour-du-limousin-2022-coup-double-pour-alex-aranburu-lors-de-la-2eme-etape\/"},"wordCount":436,"commentCount":0,"publisher":{"@id":"https:\/\/dicodusport.fr\/blog\/#organization"},"image":{"@id":"https:\/\/dicodusport.fr\/blog\/tour-du-limousin-2022-coup-double-pour-alex-aranburu-lors-de-la-2eme-etape\/#primaryimage"},"thumbnailUrl":"https:\/\/dicodusport.fr\/blog\/wp-content\/uploads\/2022\/08\/Tour-du-Limousin-2022-Coup-double-pour-Alex-Aranburu-lors-de-la-2eme-etape.png","keywords":["Tour du Limousin"],"articleSection":["Cyclisme sur route"],"inLanguage":"fr-FR","potentialAction":[{"@type":"CommentAction","name":"Comment","target":["https:\/\/dicodusport.fr\/blog\/tour-du-limousin-2022-coup-double-pour-alex-aranburu-lors-de-la-2eme-etape\/#respond"]}],"copyrightYear":"2022","copyrightHolder":{"@id":"https:\/\/dicodusport.fr\/blog\/#organization"}},{"@type":"WebPage","@id":"https:\/\/dicodusport.fr\/blog\/tour-du-limousin-2022-coup-double-pour-alex-aranburu-lors-de-la-2eme-etape\/","url":"https:\/\/dicodusport.fr\/blog\/tour-du-limousin-2022-coup-double-pour-alex-aranburu-lors-de-la-2eme-etape\/","name":"Tour du Limousin 2022 : Coup double pour Alex Aranburu lors de la 2\u00e8me \u00e9tape","isPartOf":{"@id":"https:\/\/dicodusport.fr\/blog\/#website"},"primaryImageOfPage":{"@id":"https:\/\/dicodusport.fr\/blog\/tour-du-limousin-2022-coup-double-pour-alex-aranburu-lors-de-la-2eme-etape\/#primaryimage"},"image":{"@id":"https:\/\/dicodusport.fr\/blog\/tour-du-limousin-2022-coup-double-pour-alex-aranburu-lors-de-la-2eme-etape\/#primaryimage"},"thumbnailUrl":"https:\/\/dicodusport.fr\/blog\/wp-content\/uploads\/2022\/08\/Tour-du-Limousin-2022-Coup-double-pour-Alex-Aranburu-lors-de-la-2eme-etape.png","datePublished":"2022-08-17T15:11:29+00:00","dateModified":"2022-08-17T15:13:40+00:00","description":"CYCLISME SUR ROUTE 2022 - Au terme d'un sprint tendu, c'est Alex Aranburu (Team Movistar) qui s'impose et prend les commandes du g\u00e9n\u00e9ral.\u00a0","breadcrumb":{"@id":"https:\/\/dicodusport.fr\/blog\/tour-du-limousin-2022-coup-double-pour-alex-aranburu-lors-de-la-2eme-etape\/#breadcrumb"},"inLanguage":"fr-FR","potentialAction":[{"@type":"ReadAction","target":["https:\/\/dicodusport.fr\/blog\/tour-du-limousin-2022-coup-double-pour-alex-aranburu-lors-de-la-2eme-etape\/"]}]},{"@type":"ImageObject","inLanguage":"fr-FR","@id":"https:\/\/dicodusport.fr\/blog\/tour-du-limousin-2022-coup-double-pour-alex-aranburu-lors-de-la-2eme-etape\/#primaryimage","url":"https:\/\/dicodusport.fr\/blog\/wp-content\/uploads\/2022\/08\/Tour-du-Limousin-2022-Coup-double-pour-Alex-Aranburu-lors-de-la-2eme-etape.png","contentUrl":"https:\/\/dicodusport.fr\/blog\/wp-content\/uploads\/2022\/08\/Tour-du-Limousin-2022-Coup-double-pour-Alex-Aranburu-lors-de-la-2eme-etape.png","width":800,"height":445,"caption":"Tour du Limousin 2022 Coup double pour Alex Aranburu lors de la 2\u00e8me \u00e9tape"},{"@type":"BreadcrumbList","@id":"https:\/\/dicodusport.fr\/blog\/tour-du-limousin-2022-coup-double-pour-alex-aranburu-lors-de-la-2eme-etape\/#breadcrumb","itemListElement":[{"@type":"ListItem","position":1,"name":"Accueil","item":"https:\/\/dicodusport.fr\/blog\/"},{"@type":"ListItem","position":2,"name":"Tour du Limousin 2022 : Coup double pour Alex Aranburu lors de la 2\u00e8me \u00e9tape"}]},{"@type":"WebSite","@id":"https:\/\/dicodusport.fr\/blog\/#website","url":"https:\/\/dicodusport.fr\/blog\/","name":"Dicodusport","description":"L&#039;encyclop\u00e9die de l&#039;actualit\u00e9 sportive","publisher":{"@id":"https:\/\/dicodusport.fr\/blog\/#organization"},"potentialAction":[{"@type":"SearchAction","target":{"@type":"EntryPoint","urlTemplate":"https:\/\/dicodusport.fr\/blog\/?s={search_term_string}"},"query-input":{"@type":"PropertyValueSpecification","valueRequired":true,"valueName":"search_term_string"}}],"inLanguage":"fr-FR"},{"@type":"NewsMediaOrganization","@id":"https:\/\/dicodusport.fr\/blog\/#organization","name":"Dicodusport","url":"https:\/\/dicodusport.fr\/blog\/","logo":{"@type":"ImageObject","inLanguage":"fr-FR","@id":"https:\/\/dicodusport.fr\/blog\/#\/schema\/logo\/image\/","url":"https:\/\/dicodusport.fr\/blog\/wp-content\/uploads\/2020\/06\/cropped-LOGO-DICODUSPORT-2020-SANS-FOND-SANS-TEXTE.png","contentUrl":"https:\/\/dicodusport.fr\/blog\/wp-content\/uploads\/2020\/06\/cropped-LOGO-DICODUSPORT-2020-SANS-FOND-SANS-TEXTE.png","width":512,"height":512,"caption":"Dicodusport"},"image":{"@id":"https:\/\/dicodusport.fr\/blog\/#\/schema\/logo\/image\/"},"sameAs":["https:\/\/www.facebook.com\/dicodusport","https:\/\/x.com\/dicodusport","https:\/\/www.instagram.com\/dicodusport\/","https:\/\/www.youtube.com\/channel\/UC7V2KZ5sd3htJivAbA4ZG3w"],"description":"Dicodusport est l'encyclop\u00e9die de l'actualit\u00e9 sportive.","email":"bonjour@dicodusport.fr","legalName":"DICODUSPORT","foundingDate":"2018-01-14","vatID":"FR71834470973","taxID":"83447097300043","numberOfEmployees":{"@type":"QuantitativeValue","minValue":"1","maxValue":"10"}},{"@type":"Person","@id":"https:\/\/dicodusport.fr\/blog\/#\/schema\/person\/627966a6cde45dbd8c5e36ac85d783da","name":"S\u00e9bastien Gente","image":{"@type":"ImageObject","inLanguage":"fr-FR","@id":"https:\/\/dicodusport.fr\/blog\/#\/schema\/person\/image\/","url":"https:\/\/dicodusport.fr\/blog\/wp-content\/uploads\/2021\/09\/1510990_10205810251400683_4124423575079401707_n-150x150.jpg","contentUrl":"https:\/\/dicodusport.fr\/blog\/wp-content\/uploads\/2021\/09\/1510990_10205810251400683_4124423575079401707_n-150x150.jpg","caption":"S\u00e9bastien Gente"},"description":"John Stockton, Gianni Bugno, Zinedine Zidane, Steffi Graf, Frode Andresen, St\u00e9phane Stoecklin, Davis Kamoga, Primoz Peterka, Werner Schlager et Aur\u00e9lien Rougerie. Point commun entre ces sportifs? Ils m'ont fait r\u00eaver et ont berc\u00e9 mon adolescence. Je suis un fondu de sports et j'essaie de retranscrire ma passion \u00e0 travers mes articles. Originaire du P\u00e9rigord, ma passion pour les Girondins, les Jaunards et les Jazzmen transpire dans mes \u00e9crits. \u00c0 Dicodusport depuis 2021, je d\u00e9niche les sports m\u00e9connus dans lesquels la France brille, et il y en a !","sameAs":["https:\/\/www.facebook.com\/sebastien.gente\/","https:\/\/www.instagram.com\/sebgente\/","https:\/\/www.linkedin.com\/in\/sbastien-gente-a29583169\/","https:\/\/x.com\/https:\/\/twitter.com\/globulo24","SebastienGente"],"worksFor":"S\u00e9bastien GENTE","url":"https:\/\/dicodusport.fr\/blog\/author\/sebastiengente\/"}]}},"_links":{"self":[{"href":"https:\/\/dicodusport.fr\/blog\/wp-json\/wp\/v2\/posts\/252942","targetHints":{"allow":["GET"]}}],"collection":[{"href":"https:\/\/dicodusport.fr\/blog\/wp-json\/wp\/v2\/posts"}],"about":[{"href":"https:\/\/dicodusport.fr\/blog\/wp-json\/wp\/v2\/types\/post"}],"author":[{"embeddable":true,"href":"https:\/\/dicodusport.fr\/blog\/wp-json\/wp\/v2\/users\/59"}],"replies":[{"embeddable":true,"href":"https:\/\/dicodusport.fr\/blog\/wp-json\/wp\/v2\/comments?post=252942"}],"version-history":[{"count":0,"href":"https:\/\/dicodusport.fr\/blog\/wp-json\/wp\/v2\/posts\/252942\/revisions"}],"wp:featuredmedia":[{"embeddable":true,"href":"https:\/\/dicodusport.fr\/blog\/wp-json\/wp\/v2\/media\/253011"}],"wp:attachment":[{"href":"https:\/\/dicodusport.fr\/blog\/wp-json\/wp\/v2\/media?parent=252942"}],"wp:term":[{"taxonomy":"category","embeddable":true,"href":"https:\/\/dicodusport.fr\/blog\/wp-json\/wp\/v2\/categories?post=252942"},{"taxonomy":"post_tag","embeddable":true,"href":"https:\/\/dicodusport.fr\/blog\/wp-json\/wp\/v2\/tags?post=252942"}],"curies":[{"name":"wp","href":"https:\/\/api.w.org\/{rel}","templated":true}]}}