{"id":252959,"date":"2022-08-17T15:14:46","date_gmt":"2022-08-17T13:14:46","guid":{"rendered":"https:\/\/dicodusport.fr\/blog\/?p=252959&#038;preview=true&#038;preview_id=252959"},"modified":"2022-08-17T20:39:40","modified_gmt":"2022-08-17T18:39:40","slug":"nairo-quintana-disqualifie-du-tour-de-france-pour-la-prise-dun-produit-interdit","status":"publish","type":"post","link":"https:\/\/dicodusport.fr\/blog\/nairo-quintana-disqualifie-du-tour-de-france-pour-la-prise-dun-produit-interdit\/","title":{"rendered":"Nairo Quintana disqualifi\u00e9 du Tour de France pour la prise d&rsquo;un produit interdit"},"content":{"rendered":"<p style=\"text-align: justify;\"><b><i>TOUR DE FRANCE 2022 &#8211; L&rsquo;UCI a annonc\u00e9 que Nairo Quintana avait \u00e9t\u00e9 disqualifi\u00e9 du Tour de France 2022 pour avoir pris du Tramadol pendant la comp\u00e9tition.<\/i><\/b><\/p>\n<p style=\"text-align: justify;\">L&rsquo;<strong>UCI<\/strong> a annonc\u00e9 que <strong>Nairo Quintana<\/strong> a \u00e9t\u00e9 test\u00e9 deux fois positif au <strong>Tramadol<\/strong> pendant le Tour de France 2022. S&rsquo;il n&rsquo;est pas interdit par l&rsquo;AMA, il l&rsquo;est par l&rsquo;Union Cycliste International. De ce fait, <strong>Nairo Quintana<\/strong>, sixi\u00e8me au classement g\u00e9n\u00e9ral du <strong>Tour de France 2022<\/strong>, est disqualifi\u00e9. C&rsquo;est un gros coup dur pour le coureur colombien, <a href=\"https:\/\/dicodusport.fr\/blog\/mercato-un-nouveau-contrat-longue-duree-pour-nairo-quintana\/\">qui vient en plus de prolonger pour trois saisons avec <strong>Ark\u00e9a-Samsic<\/strong><\/a>. Il dispose de 10 jours pour faire appel devant le TAS de la d\u00e9cision de l&rsquo;UCI. Les contr\u00f4les positifs ont \u00e9t\u00e9 faits les 8 et 13 juillet 2022 pour ce produit, qui est interdit depuis 2019.<\/p>\n<blockquote class=\"twitter-tweet\">\n<p dir=\"ltr\" lang=\"pl\">UCI statement concerning Nairo Quintana Rojas <a href=\"https:\/\/t.co\/XI0QLJ35XR\">https:\/\/t.co\/XI0QLJ35XR<\/a> <a href=\"https:\/\/t.co\/7C5PmlAnt5\">pic.twitter.com\/7C5PmlAnt5<\/a><\/p>\n<p>\u2014 UCI_media (@UCI_media) <a href=\"https:\/\/twitter.com\/UCI_media\/status\/1559888003283255296?ref_src=twsrc%5Etfw\">August 17, 2022<\/a><\/p><\/blockquote>\n<p><script async src=\"https:\/\/platform.twitter.com\/widgets.js\" charset=\"utf-8\"><\/script><\/p>\n","protected":false},"excerpt":{"rendered":"<p>TOUR DE FRANCE 2022 &#8211; L&rsquo;UCI a annonc\u00e9 que Nairo Quintana avait \u00e9t\u00e9 disqualifi\u00e9 du Tour de France 2022 pour avoir pris du Tramadol pendant la comp\u00e9tition.<\/p>\n","protected":false},"author":1,"featured_media":252971,"comment_status":"open","ping_status":"closed","sticky":false,"template":"","format":"standard","meta":{"_acf_changed":false,"_daextam_enable_autolinks":"","footnotes":""},"categories":[46995],"tags":[574,5377],"class_list":["post-252959","post","type-post","status-publish","format-standard","has-post-thumbnail","hentry","category-tour-de-france","tag-cyclisme","tag-nairo-quintana"],"acf":[],"yoast_head":"<!-- This site is optimized with the Yoast SEO Premium plugin v26.7 (Yoast SEO v26.7) - https:\/\/yoast.com\/wordpress\/plugins\/seo\/ -->\n<title>Nairo Quintana disqualifi\u00e9 du Tour de France pour la prise d&#039;un produit interdit<\/title>\n<meta name=\"description\" content=\"TOUR DE FRANCE 2022 - L&#039;UCI a annonc\u00e9 que Nairo Quintana avait \u00e9t\u00e9 disqualifi\u00e9 du Tour de France 2022 pour avoir pris du Tramadol pendant la comp\u00e9tition.\" \/>\n<meta name=\"robots\" content=\"index, follow, max-snippet:-1, max-image-preview:large, max-video-preview:-1\" \/>\n<link rel=\"canonical\" href=\"https:\/\/dicodusport.fr\/blog\/nairo-quintana-disqualifie-du-tour-de-france-pour-la-prise-dun-produit-interdit\/\" \/>\n<meta property=\"og:locale\" content=\"fr_FR\" \/>\n<meta property=\"og:type\" content=\"article\" \/>\n<meta property=\"og:title\" content=\"Nairo Quintana disqualifi\u00e9 du Tour de France pour la prise d&#039;un produit interdit\" \/>\n<meta property=\"og:description\" content=\"TOUR DE FRANCE 2022 - L&#039;UCI a annonc\u00e9 que Nairo Quintana avait \u00e9t\u00e9 disqualifi\u00e9 du Tour de France 2022 pour avoir pris du Tramadol pendant la comp\u00e9tition.\" \/>\n<meta property=\"og:url\" content=\"https:\/\/dicodusport.fr\/blog\/nairo-quintana-disqualifie-du-tour-de-france-pour-la-prise-dun-produit-interdit\/\" \/>\n<meta property=\"og:site_name\" content=\"Dicodusport\" \/>\n<meta property=\"article:publisher\" content=\"https:\/\/www.facebook.com\/dicodusport\" \/>\n<meta property=\"article:author\" content=\"https:\/\/www.facebook.com\/dicodusport\" \/>\n<meta property=\"article:published_time\" content=\"2022-08-17T13:14:46+00:00\" \/>\n<meta property=\"article:modified_time\" content=\"2022-08-17T18:39:40+00:00\" \/>\n<meta property=\"og:image\" content=\"https:\/\/dicodusport.fr\/blog\/wp-content\/uploads\/2022\/08\/Nairo-Quintana-disqualifie\u0301-du-Tour-de-France-2022-pour-la-prise-dun-produit-interdit.png\" \/>\n\t<meta property=\"og:image:width\" content=\"800\" \/>\n\t<meta property=\"og:image:height\" content=\"445\" \/>\n\t<meta property=\"og:image:type\" content=\"image\/png\" \/>\n<meta name=\"author\" content=\"Nicolas Jacquemard\" \/>\n<meta name=\"twitter:card\" content=\"summary_large_image\" \/>\n<meta name=\"twitter:title\" content=\"Nairo Quintana disqualifi\u00e9 du Tour de France pour la prise d&#039;un produit interdit\" \/>\n<meta name=\"twitter:creator\" content=\"@https:\/\/twitter.com\/Nico_Jacquemard\" \/>\n<meta name=\"twitter:site\" content=\"@dicodusport\" \/>\n<script type=\"application\/ld+json\" class=\"yoast-schema-graph\">{\"@context\":\"https:\/\/schema.org\",\"@graph\":[{\"@type\":\"NewsArticle\",\"@id\":\"https:\/\/dicodusport.fr\/blog\/nairo-quintana-disqualifie-du-tour-de-france-pour-la-prise-dun-produit-interdit\/#article\",\"isPartOf\":{\"@id\":\"https:\/\/dicodusport.fr\/blog\/nairo-quintana-disqualifie-du-tour-de-france-pour-la-prise-dun-produit-interdit\/\"},\"author\":{\"name\":\"Nicolas Jacquemard\",\"@id\":\"https:\/\/dicodusport.fr\/blog\/#\/schema\/person\/55dcb50ad410894e431ed812bbb70191\"},\"headline\":\"Nairo Quintana disqualifi\u00e9 du Tour de France pour la prise d&rsquo;un produit interdit\",\"datePublished\":\"2022-08-17T13:14:46+00:00\",\"dateModified\":\"2022-08-17T18:39:40+00:00\",\"mainEntityOfPage\":{\"@id\":\"https:\/\/dicodusport.fr\/blog\/nairo-quintana-disqualifie-du-tour-de-france-pour-la-prise-dun-produit-interdit\/\"},\"wordCount\":174,\"commentCount\":0,\"publisher\":{\"@id\":\"https:\/\/dicodusport.fr\/blog\/#organization\"},\"image\":{\"@id\":\"https:\/\/dicodusport.fr\/blog\/nairo-quintana-disqualifie-du-tour-de-france-pour-la-prise-dun-produit-interdit\/#primaryimage\"},\"thumbnailUrl\":\"https:\/\/dicodusport.fr\/blog\/wp-content\/uploads\/2022\/08\/Nairo-Quintana-disqualifie\u0301-du-Tour-de-France-2022-pour-la-prise-dun-produit-interdit.png\",\"keywords\":[\"Cyclisme\",\"Nairo Quintana\"],\"articleSection\":[\"Tour de France\"],\"inLanguage\":\"fr-FR\",\"potentialAction\":[{\"@type\":\"CommentAction\",\"name\":\"Comment\",\"target\":[\"https:\/\/dicodusport.fr\/blog\/nairo-quintana-disqualifie-du-tour-de-france-pour-la-prise-dun-produit-interdit\/#respond\"]}],\"copyrightYear\":\"2022\",\"copyrightHolder\":{\"@id\":\"https:\/\/dicodusport.fr\/blog\/#organization\"}},{\"@type\":\"WebPage\",\"@id\":\"https:\/\/dicodusport.fr\/blog\/nairo-quintana-disqualifie-du-tour-de-france-pour-la-prise-dun-produit-interdit\/\",\"url\":\"https:\/\/dicodusport.fr\/blog\/nairo-quintana-disqualifie-du-tour-de-france-pour-la-prise-dun-produit-interdit\/\",\"name\":\"Nairo Quintana disqualifi\u00e9 du Tour de France pour la prise d'un produit interdit\",\"isPartOf\":{\"@id\":\"https:\/\/dicodusport.fr\/blog\/#website\"},\"primaryImageOfPage\":{\"@id\":\"https:\/\/dicodusport.fr\/blog\/nairo-quintana-disqualifie-du-tour-de-france-pour-la-prise-dun-produit-interdit\/#primaryimage\"},\"image\":{\"@id\":\"https:\/\/dicodusport.fr\/blog\/nairo-quintana-disqualifie-du-tour-de-france-pour-la-prise-dun-produit-interdit\/#primaryimage\"},\"thumbnailUrl\":\"https:\/\/dicodusport.fr\/blog\/wp-content\/uploads\/2022\/08\/Nairo-Quintana-disqualifie\u0301-du-Tour-de-France-2022-pour-la-prise-dun-produit-interdit.png\",\"datePublished\":\"2022-08-17T13:14:46+00:00\",\"dateModified\":\"2022-08-17T18:39:40+00:00\",\"description\":\"TOUR DE FRANCE 2022 - L'UCI a annonc\u00e9 que Nairo Quintana avait \u00e9t\u00e9 disqualifi\u00e9 du Tour de France 2022 pour avoir pris du Tramadol pendant la comp\u00e9tition.\",\"breadcrumb\":{\"@id\":\"https:\/\/dicodusport.fr\/blog\/nairo-quintana-disqualifie-du-tour-de-france-pour-la-prise-dun-produit-interdit\/#breadcrumb\"},\"inLanguage\":\"fr-FR\",\"potentialAction\":[{\"@type\":\"ReadAction\",\"target\":[\"https:\/\/dicodusport.fr\/blog\/nairo-quintana-disqualifie-du-tour-de-france-pour-la-prise-dun-produit-interdit\/\"]}]},{\"@type\":\"ImageObject\",\"inLanguage\":\"fr-FR\",\"@id\":\"https:\/\/dicodusport.fr\/blog\/nairo-quintana-disqualifie-du-tour-de-france-pour-la-prise-dun-produit-interdit\/#primaryimage\",\"url\":\"https:\/\/dicodusport.fr\/blog\/wp-content\/uploads\/2022\/08\/Nairo-Quintana-disqualifie\u0301-du-Tour-de-France-2022-pour-la-prise-dun-produit-interdit.png\",\"contentUrl\":\"https:\/\/dicodusport.fr\/blog\/wp-content\/uploads\/2022\/08\/Nairo-Quintana-disqualifie\u0301-du-Tour-de-France-2022-pour-la-prise-dun-produit-interdit.png\",\"width\":800,\"height\":445,\"caption\":\"Nairo Quintana disqualifie\u0301 du Tour de France pour la prise d'un produit interdit\"},{\"@type\":\"BreadcrumbList\",\"@id\":\"https:\/\/dicodusport.fr\/blog\/nairo-quintana-disqualifie-du-tour-de-france-pour-la-prise-dun-produit-interdit\/#breadcrumb\",\"itemListElement\":[{\"@type\":\"ListItem\",\"position\":1,\"name\":\"Accueil\",\"item\":\"https:\/\/dicodusport.fr\/blog\/\"},{\"@type\":\"ListItem\",\"position\":2,\"name\":\"Nairo Quintana disqualifi\u00e9 du Tour de France pour la prise d&rsquo;un produit interdit\"}]},{\"@type\":\"WebSite\",\"@id\":\"https:\/\/dicodusport.fr\/blog\/#website\",\"url\":\"https:\/\/dicodusport.fr\/blog\/\",\"name\":\"Dicodusport\",\"description\":\"L&#039;encyclop\u00e9die de l&#039;actualit\u00e9 sportive\",\"publisher\":{\"@id\":\"https:\/\/dicodusport.fr\/blog\/#organization\"},\"potentialAction\":[{\"@type\":\"SearchAction\",\"target\":{\"@type\":\"EntryPoint\",\"urlTemplate\":\"https:\/\/dicodusport.fr\/blog\/?s={search_term_string}\"},\"query-input\":{\"@type\":\"PropertyValueSpecification\",\"valueRequired\":true,\"valueName\":\"search_term_string\"}}],\"inLanguage\":\"fr-FR\"},{\"@type\":\"NewsMediaOrganization\",\"@id\":\"https:\/\/dicodusport.fr\/blog\/#organization\",\"name\":\"Dicodusport\",\"url\":\"https:\/\/dicodusport.fr\/blog\/\",\"logo\":{\"@type\":\"ImageObject\",\"inLanguage\":\"fr-FR\",\"@id\":\"https:\/\/dicodusport.fr\/blog\/#\/schema\/logo\/image\/\",\"url\":\"https:\/\/dicodusport.fr\/blog\/wp-content\/uploads\/2020\/06\/cropped-LOGO-DICODUSPORT-2020-SANS-FOND-SANS-TEXTE.png\",\"contentUrl\":\"https:\/\/dicodusport.fr\/blog\/wp-content\/uploads\/2020\/06\/cropped-LOGO-DICODUSPORT-2020-SANS-FOND-SANS-TEXTE.png\",\"width\":512,\"height\":512,\"caption\":\"Dicodusport\"},\"image\":{\"@id\":\"https:\/\/dicodusport.fr\/blog\/#\/schema\/logo\/image\/\"},\"sameAs\":[\"https:\/\/www.facebook.com\/dicodusport\",\"https:\/\/x.com\/dicodusport\",\"https:\/\/www.instagram.com\/dicodusport\/\",\"https:\/\/www.youtube.com\/channel\/UC7V2KZ5sd3htJivAbA4ZG3w\"],\"description\":\"Dicodusport est l'encyclop\u00e9die de l'actualit\u00e9 sportive.\",\"email\":\"bonjour@dicodusport.fr\",\"legalName\":\"DICODUSPORT\",\"foundingDate\":\"2018-01-14\",\"vatID\":\"FR71834470973\",\"taxID\":\"83447097300043\",\"numberOfEmployees\":{\"@type\":\"QuantitativeValue\",\"minValue\":\"1\",\"maxValue\":\"10\"}},{\"@type\":\"Person\",\"@id\":\"https:\/\/dicodusport.fr\/blog\/#\/schema\/person\/55dcb50ad410894e431ed812bbb70191\",\"name\":\"Nicolas Jacquemard\",\"image\":{\"@type\":\"ImageObject\",\"inLanguage\":\"fr-FR\",\"@id\":\"https:\/\/dicodusport.fr\/blog\/#\/schema\/person\/image\/\",\"url\":\"https:\/\/dicodusport.fr\/blog\/wp-content\/uploads\/2021\/05\/Nicolas-Jacquemard-150x150.jpeg\",\"contentUrl\":\"https:\/\/dicodusport.fr\/blog\/wp-content\/uploads\/2021\/05\/Nicolas-Jacquemard-150x150.jpeg\",\"caption\":\"Nicolas Jacquemard\"},\"description\":\"Passionn\u00e9 de sport et entrepreneur depuis mes 18 ans, la cr\u00e9ation de Dicodusport m'a sembl\u00e9 \u00e9vidente pour participer \u00e0 la m\u00e9diatisation d'un plus grand nombre de sports. Le chemin est long mais avec une \u00e9quipe des plus motiv\u00e9es et les Jeux Olympiques de Paris 2024 en point de mire, nous y arriverons ! Journaliste dans le monde du sport depuis plus de 5 ans, je traite aussi bien de football, de rugby, de biathlon que de cyclisme.\",\"sameAs\":[\"https:\/\/www.facebook.com\/dicodusport\",\"https:\/\/x.com\/https:\/\/twitter.com\/Nico_Jacquemard\"],\"url\":\"https:\/\/dicodusport.fr\/blog\/author\/dicodusport\/\"}]}<\/script>\n<!-- \/ Yoast SEO Premium plugin. -->","yoast_head_json":{"title":"Nairo Quintana disqualifi\u00e9 du Tour de France pour la prise d'un produit interdit","description":"TOUR DE FRANCE 2022 - L'UCI a annonc\u00e9 que Nairo Quintana avait \u00e9t\u00e9 disqualifi\u00e9 du Tour de France 2022 pour avoir pris du Tramadol pendant la comp\u00e9tition.","robots":{"index":"index","follow":"follow","max-snippet":"max-snippet:-1","max-image-preview":"max-image-preview:large","max-video-preview":"max-video-preview:-1"},"canonical":"https:\/\/dicodusport.fr\/blog\/nairo-quintana-disqualifie-du-tour-de-france-pour-la-prise-dun-produit-interdit\/","og_locale":"fr_FR","og_type":"article","og_title":"Nairo Quintana disqualifi\u00e9 du Tour de France pour la prise d'un produit interdit","og_description":"TOUR DE FRANCE 2022 - L'UCI a annonc\u00e9 que Nairo Quintana avait \u00e9t\u00e9 disqualifi\u00e9 du Tour de France 2022 pour avoir pris du Tramadol pendant la comp\u00e9tition.","og_url":"https:\/\/dicodusport.fr\/blog\/nairo-quintana-disqualifie-du-tour-de-france-pour-la-prise-dun-produit-interdit\/","og_site_name":"Dicodusport","article_publisher":"https:\/\/www.facebook.com\/dicodusport","article_author":"https:\/\/www.facebook.com\/dicodusport","article_published_time":"2022-08-17T13:14:46+00:00","article_modified_time":"2022-08-17T18:39:40+00:00","og_image":[{"width":800,"height":445,"url":"https:\/\/dicodusport.fr\/blog\/wp-content\/uploads\/2022\/08\/Nairo-Quintana-disqualifie\u0301-du-Tour-de-France-2022-pour-la-prise-dun-produit-interdit.png","type":"image\/png"}],"author":"Nicolas Jacquemard","twitter_card":"summary_large_image","twitter_title":"Nairo Quintana disqualifi\u00e9 du Tour de France pour la prise d'un produit interdit","twitter_creator":"@https:\/\/twitter.com\/Nico_Jacquemard","twitter_site":"@dicodusport","schema":{"@context":"https:\/\/schema.org","@graph":[{"@type":"NewsArticle","@id":"https:\/\/dicodusport.fr\/blog\/nairo-quintana-disqualifie-du-tour-de-france-pour-la-prise-dun-produit-interdit\/#article","isPartOf":{"@id":"https:\/\/dicodusport.fr\/blog\/nairo-quintana-disqualifie-du-tour-de-france-pour-la-prise-dun-produit-interdit\/"},"author":{"name":"Nicolas Jacquemard","@id":"https:\/\/dicodusport.fr\/blog\/#\/schema\/person\/55dcb50ad410894e431ed812bbb70191"},"headline":"Nairo Quintana disqualifi\u00e9 du Tour de France pour la prise d&rsquo;un produit interdit","datePublished":"2022-08-17T13:14:46+00:00","dateModified":"2022-08-17T18:39:40+00:00","mainEntityOfPage":{"@id":"https:\/\/dicodusport.fr\/blog\/nairo-quintana-disqualifie-du-tour-de-france-pour-la-prise-dun-produit-interdit\/"},"wordCount":174,"commentCount":0,"publisher":{"@id":"https:\/\/dicodusport.fr\/blog\/#organization"},"image":{"@id":"https:\/\/dicodusport.fr\/blog\/nairo-quintana-disqualifie-du-tour-de-france-pour-la-prise-dun-produit-interdit\/#primaryimage"},"thumbnailUrl":"https:\/\/dicodusport.fr\/blog\/wp-content\/uploads\/2022\/08\/Nairo-Quintana-disqualifie\u0301-du-Tour-de-France-2022-pour-la-prise-dun-produit-interdit.png","keywords":["Cyclisme","Nairo Quintana"],"articleSection":["Tour de France"],"inLanguage":"fr-FR","potentialAction":[{"@type":"CommentAction","name":"Comment","target":["https:\/\/dicodusport.fr\/blog\/nairo-quintana-disqualifie-du-tour-de-france-pour-la-prise-dun-produit-interdit\/#respond"]}],"copyrightYear":"2022","copyrightHolder":{"@id":"https:\/\/dicodusport.fr\/blog\/#organization"}},{"@type":"WebPage","@id":"https:\/\/dicodusport.fr\/blog\/nairo-quintana-disqualifie-du-tour-de-france-pour-la-prise-dun-produit-interdit\/","url":"https:\/\/dicodusport.fr\/blog\/nairo-quintana-disqualifie-du-tour-de-france-pour-la-prise-dun-produit-interdit\/","name":"Nairo Quintana disqualifi\u00e9 du Tour de France pour la prise d'un produit interdit","isPartOf":{"@id":"https:\/\/dicodusport.fr\/blog\/#website"},"primaryImageOfPage":{"@id":"https:\/\/dicodusport.fr\/blog\/nairo-quintana-disqualifie-du-tour-de-france-pour-la-prise-dun-produit-interdit\/#primaryimage"},"image":{"@id":"https:\/\/dicodusport.fr\/blog\/nairo-quintana-disqualifie-du-tour-de-france-pour-la-prise-dun-produit-interdit\/#primaryimage"},"thumbnailUrl":"https:\/\/dicodusport.fr\/blog\/wp-content\/uploads\/2022\/08\/Nairo-Quintana-disqualifie\u0301-du-Tour-de-France-2022-pour-la-prise-dun-produit-interdit.png","datePublished":"2022-08-17T13:14:46+00:00","dateModified":"2022-08-17T18:39:40+00:00","description":"TOUR DE FRANCE 2022 - L'UCI a annonc\u00e9 que Nairo Quintana avait \u00e9t\u00e9 disqualifi\u00e9 du Tour de France 2022 pour avoir pris du Tramadol pendant la comp\u00e9tition.","breadcrumb":{"@id":"https:\/\/dicodusport.fr\/blog\/nairo-quintana-disqualifie-du-tour-de-france-pour-la-prise-dun-produit-interdit\/#breadcrumb"},"inLanguage":"fr-FR","potentialAction":[{"@type":"ReadAction","target":["https:\/\/dicodusport.fr\/blog\/nairo-quintana-disqualifie-du-tour-de-france-pour-la-prise-dun-produit-interdit\/"]}]},{"@type":"ImageObject","inLanguage":"fr-FR","@id":"https:\/\/dicodusport.fr\/blog\/nairo-quintana-disqualifie-du-tour-de-france-pour-la-prise-dun-produit-interdit\/#primaryimage","url":"https:\/\/dicodusport.fr\/blog\/wp-content\/uploads\/2022\/08\/Nairo-Quintana-disqualifie\u0301-du-Tour-de-France-2022-pour-la-prise-dun-produit-interdit.png","contentUrl":"https:\/\/dicodusport.fr\/blog\/wp-content\/uploads\/2022\/08\/Nairo-Quintana-disqualifie\u0301-du-Tour-de-France-2022-pour-la-prise-dun-produit-interdit.png","width":800,"height":445,"caption":"Nairo Quintana disqualifie\u0301 du Tour de France pour la prise d'un produit interdit"},{"@type":"BreadcrumbList","@id":"https:\/\/dicodusport.fr\/blog\/nairo-quintana-disqualifie-du-tour-de-france-pour-la-prise-dun-produit-interdit\/#breadcrumb","itemListElement":[{"@type":"ListItem","position":1,"name":"Accueil","item":"https:\/\/dicodusport.fr\/blog\/"},{"@type":"ListItem","position":2,"name":"Nairo Quintana disqualifi\u00e9 du Tour de France pour la prise d&rsquo;un produit interdit"}]},{"@type":"WebSite","@id":"https:\/\/dicodusport.fr\/blog\/#website","url":"https:\/\/dicodusport.fr\/blog\/","name":"Dicodusport","description":"L&#039;encyclop\u00e9die de l&#039;actualit\u00e9 sportive","publisher":{"@id":"https:\/\/dicodusport.fr\/blog\/#organization"},"potentialAction":[{"@type":"SearchAction","target":{"@type":"EntryPoint","urlTemplate":"https:\/\/dicodusport.fr\/blog\/?s={search_term_string}"},"query-input":{"@type":"PropertyValueSpecification","valueRequired":true,"valueName":"search_term_string"}}],"inLanguage":"fr-FR"},{"@type":"NewsMediaOrganization","@id":"https:\/\/dicodusport.fr\/blog\/#organization","name":"Dicodusport","url":"https:\/\/dicodusport.fr\/blog\/","logo":{"@type":"ImageObject","inLanguage":"fr-FR","@id":"https:\/\/dicodusport.fr\/blog\/#\/schema\/logo\/image\/","url":"https:\/\/dicodusport.fr\/blog\/wp-content\/uploads\/2020\/06\/cropped-LOGO-DICODUSPORT-2020-SANS-FOND-SANS-TEXTE.png","contentUrl":"https:\/\/dicodusport.fr\/blog\/wp-content\/uploads\/2020\/06\/cropped-LOGO-DICODUSPORT-2020-SANS-FOND-SANS-TEXTE.png","width":512,"height":512,"caption":"Dicodusport"},"image":{"@id":"https:\/\/dicodusport.fr\/blog\/#\/schema\/logo\/image\/"},"sameAs":["https:\/\/www.facebook.com\/dicodusport","https:\/\/x.com\/dicodusport","https:\/\/www.instagram.com\/dicodusport\/","https:\/\/www.youtube.com\/channel\/UC7V2KZ5sd3htJivAbA4ZG3w"],"description":"Dicodusport est l'encyclop\u00e9die de l'actualit\u00e9 sportive.","email":"bonjour@dicodusport.fr","legalName":"DICODUSPORT","foundingDate":"2018-01-14","vatID":"FR71834470973","taxID":"83447097300043","numberOfEmployees":{"@type":"QuantitativeValue","minValue":"1","maxValue":"10"}},{"@type":"Person","@id":"https:\/\/dicodusport.fr\/blog\/#\/schema\/person\/55dcb50ad410894e431ed812bbb70191","name":"Nicolas Jacquemard","image":{"@type":"ImageObject","inLanguage":"fr-FR","@id":"https:\/\/dicodusport.fr\/blog\/#\/schema\/person\/image\/","url":"https:\/\/dicodusport.fr\/blog\/wp-content\/uploads\/2021\/05\/Nicolas-Jacquemard-150x150.jpeg","contentUrl":"https:\/\/dicodusport.fr\/blog\/wp-content\/uploads\/2021\/05\/Nicolas-Jacquemard-150x150.jpeg","caption":"Nicolas Jacquemard"},"description":"Passionn\u00e9 de sport et entrepreneur depuis mes 18 ans, la cr\u00e9ation de Dicodusport m'a sembl\u00e9 \u00e9vidente pour participer \u00e0 la m\u00e9diatisation d'un plus grand nombre de sports. Le chemin est long mais avec une \u00e9quipe des plus motiv\u00e9es et les Jeux Olympiques de Paris 2024 en point de mire, nous y arriverons ! Journaliste dans le monde du sport depuis plus de 5 ans, je traite aussi bien de football, de rugby, de biathlon que de cyclisme.","sameAs":["https:\/\/www.facebook.com\/dicodusport","https:\/\/x.com\/https:\/\/twitter.com\/Nico_Jacquemard"],"url":"https:\/\/dicodusport.fr\/blog\/author\/dicodusport\/"}]}},"_links":{"self":[{"href":"https:\/\/dicodusport.fr\/blog\/wp-json\/wp\/v2\/posts\/252959","targetHints":{"allow":["GET"]}}],"collection":[{"href":"https:\/\/dicodusport.fr\/blog\/wp-json\/wp\/v2\/posts"}],"about":[{"href":"https:\/\/dicodusport.fr\/blog\/wp-json\/wp\/v2\/types\/post"}],"author":[{"embeddable":true,"href":"https:\/\/dicodusport.fr\/blog\/wp-json\/wp\/v2\/users\/1"}],"replies":[{"embeddable":true,"href":"https:\/\/dicodusport.fr\/blog\/wp-json\/wp\/v2\/comments?post=252959"}],"version-history":[{"count":0,"href":"https:\/\/dicodusport.fr\/blog\/wp-json\/wp\/v2\/posts\/252959\/revisions"}],"wp:featuredmedia":[{"embeddable":true,"href":"https:\/\/dicodusport.fr\/blog\/wp-json\/wp\/v2\/media\/252971"}],"wp:attachment":[{"href":"https:\/\/dicodusport.fr\/blog\/wp-json\/wp\/v2\/media?parent=252959"}],"wp:term":[{"taxonomy":"category","embeddable":true,"href":"https:\/\/dicodusport.fr\/blog\/wp-json\/wp\/v2\/categories?post=252959"},{"taxonomy":"post_tag","embeddable":true,"href":"https:\/\/dicodusport.fr\/blog\/wp-json\/wp\/v2\/tags?post=252959"}],"curies":[{"name":"wp","href":"https:\/\/api.w.org\/{rel}","templated":true}]}}