{"id":253020,"date":"2022-08-17T18:50:02","date_gmt":"2022-08-17T16:50:02","guid":{"rendered":"https:\/\/dicodusport.fr\/blog\/?p=253020&#038;preview=true&#038;preview_id=253020"},"modified":"2022-08-18T12:18:58","modified_gmt":"2022-08-18T10:18:58","slug":"championnats-europeens-2022-stefan-bisseger-remporte-de-justesse-le-contre-la-montre","status":"publish","type":"post","link":"https:\/\/dicodusport.fr\/blog\/championnats-europeens-2022-stefan-bisseger-remporte-de-justesse-le-contre-la-montre\/","title":{"rendered":"Championnats europ\u00e9ens 2022 : Stefan Bissegger remporte de justesse le contre-la-montre"},"content":{"rendered":"<p style=\"text-align: justify;\"><em><b><strong>CHAMPIONNATS D&rsquo;EUROPE DE CYCLISME SUR ROUTE 2022 &#8211; Au terme d&rsquo;une \u00e2pre lutte, Stefan Bissegger remporte le titre europ\u00e9en sur le contre-la-montre, privant son compatriote Stefan K\u00fcng du tripl\u00e9 pour 3 dixi\u00e8mes !\u00a0<\/strong><\/b><\/em><\/p>\n<p style=\"text-align: justify;\">Les favoris \u00e9taient clairement d\u00e9sign\u00e9s pour ce contre-la-montre. Le champion du monde <strong>Filippo Ganna<\/strong>, le double tenant du titre <strong>Stefan K\u00fcng<\/strong> et son compatriote <strong>Stefan Bissegger <\/strong>\u00e9taient logiquement attendus sur le podium. Et le moins que l&rsquo;on puisse dire, c&rsquo;est que la lutte a \u00e9t\u00e9 serr\u00e9e. En effet, au pointage interm\u00e9diaire, ils n&rsquo;\u00e9taient s\u00e9par\u00e9s que de quelques secondes. Finalement, \u00e0 la suite d&rsquo;un final \u00e0 couper le souffle, <strong>Stefan Bissegger,<\/strong> parti le premier des trois, a vu <strong>Stefan K\u00fcng<\/strong> couper la ligne 0.3 secondes derri\u00e8re ! Le Suisse de la Groupama-FDJ rate d&rsquo;un cheveu le tripl\u00e9. <strong>Filippo Ganna<\/strong>, qui a faibli en fin de parcours, prend la troisi\u00e8me place. C\u00f4t\u00e9 Fran\u00e7ais, <strong>Kevin Vauquelin<\/strong>, pour sa premi\u00e8re s\u00e9lection, prend une encourageante septi\u00e8me place, alors qu&rsquo;<strong>Anthony Roux<\/strong> termine 21\u00e8me.<\/p>\n<blockquote class=\"twitter-tweet\">\n<p dir=\"ltr\" lang=\"fr\">Une premi\u00e8re pour Stefan Bissegger ! Le Suisse devient champion d&rsquo;Europe du contre-la-montre devant Kung et Ganna ! K\u00e9vin Vauquelin &#x1f1eb;&#x1f1f7; prend une belle 7e place <a href=\"https:\/\/twitter.com\/hashtag\/Munich2022?src=hash&amp;ref_src=twsrc%5Etfw\">#Munich2022<\/a> <a href=\"https:\/\/twitter.com\/hashtag\/LesRP?src=hash&amp;ref_src=twsrc%5Etfw\">#LesRP<\/a> <a href=\"https:\/\/t.co\/8bIt8tZUQw\">pic.twitter.com\/8bIt8tZUQw<\/a><\/p>\n<p>\u2014 Eurosport France (@Eurosport_FR) <a href=\"https:\/\/twitter.com\/Eurosport_FR\/status\/1559947119733231616?ref_src=twsrc%5Etfw\">August 17, 2022<\/a><\/p><\/blockquote>\n<p style=\"text-align: justify;\"><script async src=\"https:\/\/platform.twitter.com\/widgets.js\" charset=\"utf-8\"><\/script><\/p>\n<h2 style=\"text-align: justify;\">\u00c0 lire aussi<\/h2>\n<ul>\n<li style=\"text-align: justify;\"><a href=\"https:\/\/dicodusport.fr\/blog\/cyclisme-europe-2022-classement-contre-la-montre-hommes\/\"><strong>Championnats d\u2019Europe 2022 : Le classement du contre-la-montre masculin<\/strong><\/a><\/li>\n<\/ul>\n","protected":false},"excerpt":{"rendered":"<p>CHAMPIONNATS D&rsquo;EUROPE DE CYCLISME SUR ROUTE 2022 &#8211; Au terme d&rsquo;une \u00e2pre lutte, Stefan Bissegger remporte le titre europ\u00e9en sur le contre-la-montre, privant son compatriote Stefan K\u00fcng du tripl\u00e9 pour 3 dixi\u00e8mes !\u00a0<\/p>\n","protected":false},"author":59,"featured_media":253340,"comment_status":"open","ping_status":"closed","sticky":false,"template":"","format":"standard","meta":{"_acf_changed":false,"_daextam_enable_autolinks":"","footnotes":""},"categories":[46994],"tags":[574],"class_list":["post-253020","post","type-post","status-publish","format-standard","has-post-thumbnail","hentry","category-cyclisme-sur-route","tag-cyclisme"],"acf":[],"yoast_head":"<!-- This site is optimized with the Yoast SEO Premium plugin v26.7 (Yoast SEO v26.7) - https:\/\/yoast.com\/wordpress\/plugins\/seo\/ -->\n<title>Championnats europ\u00e9ens 2022 : Stefan Bissegger remporte de justesse le contre-la-montre<\/title>\n<meta name=\"description\" content=\"CHAMPIONNATS D&#039;EUROPE DE CYCLISME SUR ROUTE 2022 - Stefan Bissegger remporte le titre europ\u00e9en sur le contre-la-montre\" \/>\n<meta name=\"robots\" content=\"index, follow, max-snippet:-1, max-image-preview:large, max-video-preview:-1\" \/>\n<link rel=\"canonical\" href=\"https:\/\/dicodusport.fr\/blog\/championnats-europeens-2022-stefan-bisseger-remporte-de-justesse-le-contre-la-montre\/\" \/>\n<meta property=\"og:locale\" content=\"fr_FR\" \/>\n<meta property=\"og:type\" content=\"article\" \/>\n<meta property=\"og:title\" content=\"Championnats europ\u00e9ens 2022 : Stefan Bissegger remporte de justesse le contre-la-montre\" \/>\n<meta property=\"og:description\" content=\"CHAMPIONNATS D&#039;EUROPE DE CYCLISME SUR ROUTE 2022 - Stefan Bissegger remporte le titre europ\u00e9en sur le contre-la-montre\" \/>\n<meta property=\"og:url\" content=\"https:\/\/dicodusport.fr\/blog\/championnats-europeens-2022-stefan-bisseger-remporte-de-justesse-le-contre-la-montre\/\" \/>\n<meta property=\"og:site_name\" content=\"Dicodusport\" \/>\n<meta property=\"article:publisher\" content=\"https:\/\/www.facebook.com\/dicodusport\" \/>\n<meta property=\"article:author\" content=\"https:\/\/www.facebook.com\/sebastien.gente\/\" \/>\n<meta property=\"article:published_time\" content=\"2022-08-17T16:50:02+00:00\" \/>\n<meta property=\"article:modified_time\" content=\"2022-08-18T10:18:58+00:00\" \/>\n<meta property=\"og:image\" content=\"https:\/\/dicodusport.fr\/blog\/wp-content\/uploads\/2022\/08\/Championnats-europeens-Stefan-Bissegger-remporte-de-justesse-le-contre-la-montre.png\" \/>\n\t<meta property=\"og:image:width\" content=\"800\" \/>\n\t<meta property=\"og:image:height\" content=\"445\" \/>\n\t<meta property=\"og:image:type\" content=\"image\/png\" \/>\n<meta name=\"author\" content=\"S\u00e9bastien Gente\" \/>\n<meta name=\"twitter:card\" content=\"summary_large_image\" \/>\n<meta name=\"twitter:title\" content=\"Championnats europ\u00e9ens 2022 : Stefan Bissegger remporte de justesse le contre-la-montre\" \/>\n<meta name=\"twitter:creator\" content=\"@https:\/\/twitter.com\/globulo24\" \/>\n<meta name=\"twitter:site\" content=\"@dicodusport\" \/>\n<script type=\"application\/ld+json\" class=\"yoast-schema-graph\">{\"@context\":\"https:\/\/schema.org\",\"@graph\":[{\"@type\":\"NewsArticle\",\"@id\":\"https:\/\/dicodusport.fr\/blog\/championnats-europeens-2022-stefan-bisseger-remporte-de-justesse-le-contre-la-montre\/#article\",\"isPartOf\":{\"@id\":\"https:\/\/dicodusport.fr\/blog\/championnats-europeens-2022-stefan-bisseger-remporte-de-justesse-le-contre-la-montre\/\"},\"author\":{\"name\":\"S\u00e9bastien Gente\",\"@id\":\"https:\/\/dicodusport.fr\/blog\/#\/schema\/person\/627966a6cde45dbd8c5e36ac85d783da\"},\"headline\":\"Championnats europ\u00e9ens 2022 : Stefan Bissegger remporte de justesse le contre-la-montre\",\"datePublished\":\"2022-08-17T16:50:02+00:00\",\"dateModified\":\"2022-08-18T10:18:58+00:00\",\"mainEntityOfPage\":{\"@id\":\"https:\/\/dicodusport.fr\/blog\/championnats-europeens-2022-stefan-bisseger-remporte-de-justesse-le-contre-la-montre\/\"},\"wordCount\":243,\"commentCount\":0,\"publisher\":{\"@id\":\"https:\/\/dicodusport.fr\/blog\/#organization\"},\"image\":{\"@id\":\"https:\/\/dicodusport.fr\/blog\/championnats-europeens-2022-stefan-bisseger-remporte-de-justesse-le-contre-la-montre\/#primaryimage\"},\"thumbnailUrl\":\"https:\/\/dicodusport.fr\/blog\/wp-content\/uploads\/2022\/08\/Championnats-europeens-Stefan-Bissegger-remporte-de-justesse-le-contre-la-montre.png\",\"keywords\":[\"Cyclisme\"],\"articleSection\":[\"Cyclisme sur route\"],\"inLanguage\":\"fr-FR\",\"potentialAction\":[{\"@type\":\"CommentAction\",\"name\":\"Comment\",\"target\":[\"https:\/\/dicodusport.fr\/blog\/championnats-europeens-2022-stefan-bisseger-remporte-de-justesse-le-contre-la-montre\/#respond\"]}],\"copyrightYear\":\"2022\",\"copyrightHolder\":{\"@id\":\"https:\/\/dicodusport.fr\/blog\/#organization\"}},{\"@type\":\"WebPage\",\"@id\":\"https:\/\/dicodusport.fr\/blog\/championnats-europeens-2022-stefan-bisseger-remporte-de-justesse-le-contre-la-montre\/\",\"url\":\"https:\/\/dicodusport.fr\/blog\/championnats-europeens-2022-stefan-bisseger-remporte-de-justesse-le-contre-la-montre\/\",\"name\":\"Championnats europ\u00e9ens 2022 : Stefan Bissegger remporte de justesse le contre-la-montre\",\"isPartOf\":{\"@id\":\"https:\/\/dicodusport.fr\/blog\/#website\"},\"primaryImageOfPage\":{\"@id\":\"https:\/\/dicodusport.fr\/blog\/championnats-europeens-2022-stefan-bisseger-remporte-de-justesse-le-contre-la-montre\/#primaryimage\"},\"image\":{\"@id\":\"https:\/\/dicodusport.fr\/blog\/championnats-europeens-2022-stefan-bisseger-remporte-de-justesse-le-contre-la-montre\/#primaryimage\"},\"thumbnailUrl\":\"https:\/\/dicodusport.fr\/blog\/wp-content\/uploads\/2022\/08\/Championnats-europeens-Stefan-Bissegger-remporte-de-justesse-le-contre-la-montre.png\",\"datePublished\":\"2022-08-17T16:50:02+00:00\",\"dateModified\":\"2022-08-18T10:18:58+00:00\",\"description\":\"CHAMPIONNATS D'EUROPE DE CYCLISME SUR ROUTE 2022 - Stefan Bissegger remporte le titre europ\u00e9en sur le contre-la-montre\",\"breadcrumb\":{\"@id\":\"https:\/\/dicodusport.fr\/blog\/championnats-europeens-2022-stefan-bisseger-remporte-de-justesse-le-contre-la-montre\/#breadcrumb\"},\"inLanguage\":\"fr-FR\",\"potentialAction\":[{\"@type\":\"ReadAction\",\"target\":[\"https:\/\/dicodusport.fr\/blog\/championnats-europeens-2022-stefan-bisseger-remporte-de-justesse-le-contre-la-montre\/\"]}]},{\"@type\":\"ImageObject\",\"inLanguage\":\"fr-FR\",\"@id\":\"https:\/\/dicodusport.fr\/blog\/championnats-europeens-2022-stefan-bisseger-remporte-de-justesse-le-contre-la-montre\/#primaryimage\",\"url\":\"https:\/\/dicodusport.fr\/blog\/wp-content\/uploads\/2022\/08\/Championnats-europeens-Stefan-Bissegger-remporte-de-justesse-le-contre-la-montre.png\",\"contentUrl\":\"https:\/\/dicodusport.fr\/blog\/wp-content\/uploads\/2022\/08\/Championnats-europeens-Stefan-Bissegger-remporte-de-justesse-le-contre-la-montre.png\",\"width\":800,\"height\":445,\"caption\":\"Championnats europ\u00e9ens 2022 Stefan Bissegger remporte de justesse le contre-la-montre\"},{\"@type\":\"BreadcrumbList\",\"@id\":\"https:\/\/dicodusport.fr\/blog\/championnats-europeens-2022-stefan-bisseger-remporte-de-justesse-le-contre-la-montre\/#breadcrumb\",\"itemListElement\":[{\"@type\":\"ListItem\",\"position\":1,\"name\":\"Accueil\",\"item\":\"https:\/\/dicodusport.fr\/blog\/\"},{\"@type\":\"ListItem\",\"position\":2,\"name\":\"Championnats europ\u00e9ens 2022 : Stefan Bissegger remporte de justesse le contre-la-montre\"}]},{\"@type\":\"WebSite\",\"@id\":\"https:\/\/dicodusport.fr\/blog\/#website\",\"url\":\"https:\/\/dicodusport.fr\/blog\/\",\"name\":\"Dicodusport\",\"description\":\"L&#039;encyclop\u00e9die de l&#039;actualit\u00e9 sportive\",\"publisher\":{\"@id\":\"https:\/\/dicodusport.fr\/blog\/#organization\"},\"potentialAction\":[{\"@type\":\"SearchAction\",\"target\":{\"@type\":\"EntryPoint\",\"urlTemplate\":\"https:\/\/dicodusport.fr\/blog\/?s={search_term_string}\"},\"query-input\":{\"@type\":\"PropertyValueSpecification\",\"valueRequired\":true,\"valueName\":\"search_term_string\"}}],\"inLanguage\":\"fr-FR\"},{\"@type\":\"NewsMediaOrganization\",\"@id\":\"https:\/\/dicodusport.fr\/blog\/#organization\",\"name\":\"Dicodusport\",\"url\":\"https:\/\/dicodusport.fr\/blog\/\",\"logo\":{\"@type\":\"ImageObject\",\"inLanguage\":\"fr-FR\",\"@id\":\"https:\/\/dicodusport.fr\/blog\/#\/schema\/logo\/image\/\",\"url\":\"https:\/\/dicodusport.fr\/blog\/wp-content\/uploads\/2020\/06\/cropped-LOGO-DICODUSPORT-2020-SANS-FOND-SANS-TEXTE.png\",\"contentUrl\":\"https:\/\/dicodusport.fr\/blog\/wp-content\/uploads\/2020\/06\/cropped-LOGO-DICODUSPORT-2020-SANS-FOND-SANS-TEXTE.png\",\"width\":512,\"height\":512,\"caption\":\"Dicodusport\"},\"image\":{\"@id\":\"https:\/\/dicodusport.fr\/blog\/#\/schema\/logo\/image\/\"},\"sameAs\":[\"https:\/\/www.facebook.com\/dicodusport\",\"https:\/\/x.com\/dicodusport\",\"https:\/\/www.instagram.com\/dicodusport\/\",\"https:\/\/www.youtube.com\/channel\/UC7V2KZ5sd3htJivAbA4ZG3w\"],\"description\":\"Dicodusport est l'encyclop\u00e9die de l'actualit\u00e9 sportive.\",\"email\":\"bonjour@dicodusport.fr\",\"legalName\":\"DICODUSPORT\",\"foundingDate\":\"2018-01-14\",\"vatID\":\"FR71834470973\",\"taxID\":\"83447097300043\",\"numberOfEmployees\":{\"@type\":\"QuantitativeValue\",\"minValue\":\"1\",\"maxValue\":\"10\"}},{\"@type\":\"Person\",\"@id\":\"https:\/\/dicodusport.fr\/blog\/#\/schema\/person\/627966a6cde45dbd8c5e36ac85d783da\",\"name\":\"S\u00e9bastien Gente\",\"image\":{\"@type\":\"ImageObject\",\"inLanguage\":\"fr-FR\",\"@id\":\"https:\/\/dicodusport.fr\/blog\/#\/schema\/person\/image\/\",\"url\":\"https:\/\/dicodusport.fr\/blog\/wp-content\/uploads\/2021\/09\/1510990_10205810251400683_4124423575079401707_n-150x150.jpg\",\"contentUrl\":\"https:\/\/dicodusport.fr\/blog\/wp-content\/uploads\/2021\/09\/1510990_10205810251400683_4124423575079401707_n-150x150.jpg\",\"caption\":\"S\u00e9bastien Gente\"},\"description\":\"John Stockton, Gianni Bugno, Zinedine Zidane, Steffi Graf, Frode Andresen, St\u00e9phane Stoecklin, Davis Kamoga, Primoz Peterka, Werner Schlager et Aur\u00e9lien Rougerie. Point commun entre ces sportifs? Ils m'ont fait r\u00eaver et ont berc\u00e9 mon adolescence. Je suis un fondu de sports et j'essaie de retranscrire ma passion \u00e0 travers mes articles. Originaire du P\u00e9rigord, ma passion pour les Girondins, les Jaunards et les Jazzmen transpire dans mes \u00e9crits. \u00c0 Dicodusport depuis 2021, je d\u00e9niche les sports m\u00e9connus dans lesquels la France brille, et il y en a !\",\"sameAs\":[\"https:\/\/www.facebook.com\/sebastien.gente\/\",\"https:\/\/www.instagram.com\/sebgente\/\",\"https:\/\/www.linkedin.com\/in\/sbastien-gente-a29583169\/\",\"https:\/\/x.com\/https:\/\/twitter.com\/globulo24\",\"SebastienGente\"],\"worksFor\":\"S\u00e9bastien GENTE\",\"url\":\"https:\/\/dicodusport.fr\/blog\/author\/sebastiengente\/\"}]}<\/script>\n<!-- \/ Yoast SEO Premium plugin. -->","yoast_head_json":{"title":"Championnats europ\u00e9ens 2022 : Stefan Bissegger remporte de justesse le contre-la-montre","description":"CHAMPIONNATS D'EUROPE DE CYCLISME SUR ROUTE 2022 - Stefan Bissegger remporte le titre europ\u00e9en sur le contre-la-montre","robots":{"index":"index","follow":"follow","max-snippet":"max-snippet:-1","max-image-preview":"max-image-preview:large","max-video-preview":"max-video-preview:-1"},"canonical":"https:\/\/dicodusport.fr\/blog\/championnats-europeens-2022-stefan-bisseger-remporte-de-justesse-le-contre-la-montre\/","og_locale":"fr_FR","og_type":"article","og_title":"Championnats europ\u00e9ens 2022 : Stefan Bissegger remporte de justesse le contre-la-montre","og_description":"CHAMPIONNATS D'EUROPE DE CYCLISME SUR ROUTE 2022 - Stefan Bissegger remporte le titre europ\u00e9en sur le contre-la-montre","og_url":"https:\/\/dicodusport.fr\/blog\/championnats-europeens-2022-stefan-bisseger-remporte-de-justesse-le-contre-la-montre\/","og_site_name":"Dicodusport","article_publisher":"https:\/\/www.facebook.com\/dicodusport","article_author":"https:\/\/www.facebook.com\/sebastien.gente\/","article_published_time":"2022-08-17T16:50:02+00:00","article_modified_time":"2022-08-18T10:18:58+00:00","og_image":[{"width":800,"height":445,"url":"https:\/\/dicodusport.fr\/blog\/wp-content\/uploads\/2022\/08\/Championnats-europeens-Stefan-Bissegger-remporte-de-justesse-le-contre-la-montre.png","type":"image\/png"}],"author":"S\u00e9bastien Gente","twitter_card":"summary_large_image","twitter_title":"Championnats europ\u00e9ens 2022 : Stefan Bissegger remporte de justesse le contre-la-montre","twitter_creator":"@https:\/\/twitter.com\/globulo24","twitter_site":"@dicodusport","schema":{"@context":"https:\/\/schema.org","@graph":[{"@type":"NewsArticle","@id":"https:\/\/dicodusport.fr\/blog\/championnats-europeens-2022-stefan-bisseger-remporte-de-justesse-le-contre-la-montre\/#article","isPartOf":{"@id":"https:\/\/dicodusport.fr\/blog\/championnats-europeens-2022-stefan-bisseger-remporte-de-justesse-le-contre-la-montre\/"},"author":{"name":"S\u00e9bastien Gente","@id":"https:\/\/dicodusport.fr\/blog\/#\/schema\/person\/627966a6cde45dbd8c5e36ac85d783da"},"headline":"Championnats europ\u00e9ens 2022 : Stefan Bissegger remporte de justesse le contre-la-montre","datePublished":"2022-08-17T16:50:02+00:00","dateModified":"2022-08-18T10:18:58+00:00","mainEntityOfPage":{"@id":"https:\/\/dicodusport.fr\/blog\/championnats-europeens-2022-stefan-bisseger-remporte-de-justesse-le-contre-la-montre\/"},"wordCount":243,"commentCount":0,"publisher":{"@id":"https:\/\/dicodusport.fr\/blog\/#organization"},"image":{"@id":"https:\/\/dicodusport.fr\/blog\/championnats-europeens-2022-stefan-bisseger-remporte-de-justesse-le-contre-la-montre\/#primaryimage"},"thumbnailUrl":"https:\/\/dicodusport.fr\/blog\/wp-content\/uploads\/2022\/08\/Championnats-europeens-Stefan-Bissegger-remporte-de-justesse-le-contre-la-montre.png","keywords":["Cyclisme"],"articleSection":["Cyclisme sur route"],"inLanguage":"fr-FR","potentialAction":[{"@type":"CommentAction","name":"Comment","target":["https:\/\/dicodusport.fr\/blog\/championnats-europeens-2022-stefan-bisseger-remporte-de-justesse-le-contre-la-montre\/#respond"]}],"copyrightYear":"2022","copyrightHolder":{"@id":"https:\/\/dicodusport.fr\/blog\/#organization"}},{"@type":"WebPage","@id":"https:\/\/dicodusport.fr\/blog\/championnats-europeens-2022-stefan-bisseger-remporte-de-justesse-le-contre-la-montre\/","url":"https:\/\/dicodusport.fr\/blog\/championnats-europeens-2022-stefan-bisseger-remporte-de-justesse-le-contre-la-montre\/","name":"Championnats europ\u00e9ens 2022 : Stefan Bissegger remporte de justesse le contre-la-montre","isPartOf":{"@id":"https:\/\/dicodusport.fr\/blog\/#website"},"primaryImageOfPage":{"@id":"https:\/\/dicodusport.fr\/blog\/championnats-europeens-2022-stefan-bisseger-remporte-de-justesse-le-contre-la-montre\/#primaryimage"},"image":{"@id":"https:\/\/dicodusport.fr\/blog\/championnats-europeens-2022-stefan-bisseger-remporte-de-justesse-le-contre-la-montre\/#primaryimage"},"thumbnailUrl":"https:\/\/dicodusport.fr\/blog\/wp-content\/uploads\/2022\/08\/Championnats-europeens-Stefan-Bissegger-remporte-de-justesse-le-contre-la-montre.png","datePublished":"2022-08-17T16:50:02+00:00","dateModified":"2022-08-18T10:18:58+00:00","description":"CHAMPIONNATS D'EUROPE DE CYCLISME SUR ROUTE 2022 - Stefan Bissegger remporte le titre europ\u00e9en sur le contre-la-montre","breadcrumb":{"@id":"https:\/\/dicodusport.fr\/blog\/championnats-europeens-2022-stefan-bisseger-remporte-de-justesse-le-contre-la-montre\/#breadcrumb"},"inLanguage":"fr-FR","potentialAction":[{"@type":"ReadAction","target":["https:\/\/dicodusport.fr\/blog\/championnats-europeens-2022-stefan-bisseger-remporte-de-justesse-le-contre-la-montre\/"]}]},{"@type":"ImageObject","inLanguage":"fr-FR","@id":"https:\/\/dicodusport.fr\/blog\/championnats-europeens-2022-stefan-bisseger-remporte-de-justesse-le-contre-la-montre\/#primaryimage","url":"https:\/\/dicodusport.fr\/blog\/wp-content\/uploads\/2022\/08\/Championnats-europeens-Stefan-Bissegger-remporte-de-justesse-le-contre-la-montre.png","contentUrl":"https:\/\/dicodusport.fr\/blog\/wp-content\/uploads\/2022\/08\/Championnats-europeens-Stefan-Bissegger-remporte-de-justesse-le-contre-la-montre.png","width":800,"height":445,"caption":"Championnats europ\u00e9ens 2022 Stefan Bissegger remporte de justesse le contre-la-montre"},{"@type":"BreadcrumbList","@id":"https:\/\/dicodusport.fr\/blog\/championnats-europeens-2022-stefan-bisseger-remporte-de-justesse-le-contre-la-montre\/#breadcrumb","itemListElement":[{"@type":"ListItem","position":1,"name":"Accueil","item":"https:\/\/dicodusport.fr\/blog\/"},{"@type":"ListItem","position":2,"name":"Championnats europ\u00e9ens 2022 : Stefan Bissegger remporte de justesse le contre-la-montre"}]},{"@type":"WebSite","@id":"https:\/\/dicodusport.fr\/blog\/#website","url":"https:\/\/dicodusport.fr\/blog\/","name":"Dicodusport","description":"L&#039;encyclop\u00e9die de l&#039;actualit\u00e9 sportive","publisher":{"@id":"https:\/\/dicodusport.fr\/blog\/#organization"},"potentialAction":[{"@type":"SearchAction","target":{"@type":"EntryPoint","urlTemplate":"https:\/\/dicodusport.fr\/blog\/?s={search_term_string}"},"query-input":{"@type":"PropertyValueSpecification","valueRequired":true,"valueName":"search_term_string"}}],"inLanguage":"fr-FR"},{"@type":"NewsMediaOrganization","@id":"https:\/\/dicodusport.fr\/blog\/#organization","name":"Dicodusport","url":"https:\/\/dicodusport.fr\/blog\/","logo":{"@type":"ImageObject","inLanguage":"fr-FR","@id":"https:\/\/dicodusport.fr\/blog\/#\/schema\/logo\/image\/","url":"https:\/\/dicodusport.fr\/blog\/wp-content\/uploads\/2020\/06\/cropped-LOGO-DICODUSPORT-2020-SANS-FOND-SANS-TEXTE.png","contentUrl":"https:\/\/dicodusport.fr\/blog\/wp-content\/uploads\/2020\/06\/cropped-LOGO-DICODUSPORT-2020-SANS-FOND-SANS-TEXTE.png","width":512,"height":512,"caption":"Dicodusport"},"image":{"@id":"https:\/\/dicodusport.fr\/blog\/#\/schema\/logo\/image\/"},"sameAs":["https:\/\/www.facebook.com\/dicodusport","https:\/\/x.com\/dicodusport","https:\/\/www.instagram.com\/dicodusport\/","https:\/\/www.youtube.com\/channel\/UC7V2KZ5sd3htJivAbA4ZG3w"],"description":"Dicodusport est l'encyclop\u00e9die de l'actualit\u00e9 sportive.","email":"bonjour@dicodusport.fr","legalName":"DICODUSPORT","foundingDate":"2018-01-14","vatID":"FR71834470973","taxID":"83447097300043","numberOfEmployees":{"@type":"QuantitativeValue","minValue":"1","maxValue":"10"}},{"@type":"Person","@id":"https:\/\/dicodusport.fr\/blog\/#\/schema\/person\/627966a6cde45dbd8c5e36ac85d783da","name":"S\u00e9bastien Gente","image":{"@type":"ImageObject","inLanguage":"fr-FR","@id":"https:\/\/dicodusport.fr\/blog\/#\/schema\/person\/image\/","url":"https:\/\/dicodusport.fr\/blog\/wp-content\/uploads\/2021\/09\/1510990_10205810251400683_4124423575079401707_n-150x150.jpg","contentUrl":"https:\/\/dicodusport.fr\/blog\/wp-content\/uploads\/2021\/09\/1510990_10205810251400683_4124423575079401707_n-150x150.jpg","caption":"S\u00e9bastien Gente"},"description":"John Stockton, Gianni Bugno, Zinedine Zidane, Steffi Graf, Frode Andresen, St\u00e9phane Stoecklin, Davis Kamoga, Primoz Peterka, Werner Schlager et Aur\u00e9lien Rougerie. Point commun entre ces sportifs? Ils m'ont fait r\u00eaver et ont berc\u00e9 mon adolescence. Je suis un fondu de sports et j'essaie de retranscrire ma passion \u00e0 travers mes articles. Originaire du P\u00e9rigord, ma passion pour les Girondins, les Jaunards et les Jazzmen transpire dans mes \u00e9crits. \u00c0 Dicodusport depuis 2021, je d\u00e9niche les sports m\u00e9connus dans lesquels la France brille, et il y en a !","sameAs":["https:\/\/www.facebook.com\/sebastien.gente\/","https:\/\/www.instagram.com\/sebgente\/","https:\/\/www.linkedin.com\/in\/sbastien-gente-a29583169\/","https:\/\/x.com\/https:\/\/twitter.com\/globulo24","SebastienGente"],"worksFor":"S\u00e9bastien GENTE","url":"https:\/\/dicodusport.fr\/blog\/author\/sebastiengente\/"}]}},"_links":{"self":[{"href":"https:\/\/dicodusport.fr\/blog\/wp-json\/wp\/v2\/posts\/253020","targetHints":{"allow":["GET"]}}],"collection":[{"href":"https:\/\/dicodusport.fr\/blog\/wp-json\/wp\/v2\/posts"}],"about":[{"href":"https:\/\/dicodusport.fr\/blog\/wp-json\/wp\/v2\/types\/post"}],"author":[{"embeddable":true,"href":"https:\/\/dicodusport.fr\/blog\/wp-json\/wp\/v2\/users\/59"}],"replies":[{"embeddable":true,"href":"https:\/\/dicodusport.fr\/blog\/wp-json\/wp\/v2\/comments?post=253020"}],"version-history":[{"count":0,"href":"https:\/\/dicodusport.fr\/blog\/wp-json\/wp\/v2\/posts\/253020\/revisions"}],"wp:featuredmedia":[{"embeddable":true,"href":"https:\/\/dicodusport.fr\/blog\/wp-json\/wp\/v2\/media\/253340"}],"wp:attachment":[{"href":"https:\/\/dicodusport.fr\/blog\/wp-json\/wp\/v2\/media?parent=253020"}],"wp:term":[{"taxonomy":"category","embeddable":true,"href":"https:\/\/dicodusport.fr\/blog\/wp-json\/wp\/v2\/categories?post=253020"},{"taxonomy":"post_tag","embeddable":true,"href":"https:\/\/dicodusport.fr\/blog\/wp-json\/wp\/v2\/tags?post=253020"}],"curies":[{"name":"wp","href":"https:\/\/api.w.org\/{rel}","templated":true}]}}