{"id":253160,"date":"2022-08-17T22:50:29","date_gmt":"2022-08-17T20:50:29","guid":{"rendered":"https:\/\/dicodusport.fr\/blog\/?p=253160&#038;preview=true&#038;preview_id=253160"},"modified":"2022-08-17T23:22:25","modified_gmt":"2022-08-17T21:22:25","slug":"championnats-europeens-2022-le-110-metres-haies-murto-bol-le-resume-de-la-journee-dathletisme","status":"publish","type":"post","link":"https:\/\/dicodusport.fr\/blog\/championnats-europeens-2022-le-110-metres-haies-murto-bol-le-resume-de-la-journee-dathletisme\/","title":{"rendered":"Championnats europ\u00e9ens 2022 : Le 110 m\u00e8tres haies, Murto, Bol, le r\u00e9sum\u00e9 de la journ\u00e9e d\u2019athl\u00e9tisme"},"content":{"rendered":"<p style=\"text-align: justify;\"><b><i>ATHL\u00c9TISME &#8211; CHAMPIONNATS D&rsquo;EUROPE MUNICH 2022 &#8211; \u00c0 l&rsquo;occasion de la troisi\u00e8me journ\u00e9e des championnats d&rsquo;Europe 2022 \u00e0 Munich, plusieurs stars et athl\u00e8tes fran\u00e7ais \u00e9taient align\u00e9s aujourd&rsquo;hui. D\u00e9couvrez le r\u00e9sum\u00e9 des performances du jour entre sacres europ\u00e9ens et qualifications en finale.\u00a0<\/i><\/b><\/p>\n<h2>Qui sont les champions d&rsquo;Europe du jour ?<\/h2>\n<p style=\"text-align: justify;\">Les finales ont d\u00e9marr\u00e9 aujourd&rsquo;hui avec la finale du saut \u00e0 la perche f\u00e9minin. Alors que <strong>Margot Chevrier<\/strong> s&rsquo;est arr\u00eat\u00e9e \u00e0 4,40 m, sa compatriote <strong>Marie-Julie Bonnin<\/strong> a battu son record. En effet, la Fran\u00e7aise a franchi 4,55 m \u00e0 son deuxi\u00e8me essai avec un grand sourire. Finalement, elle a \u00e9chou\u00e9 de peu \u00e0 4,65 m et a fini en 6\u00e8me position. L&rsquo;exp\u00e9riment\u00e9e grecque <strong>Aikaterini Stefanidi<\/strong> \u00e9tait en lice pour remporter le concours avec aucun \u00e9chec jusqu&rsquo;\u00e0 4,75 m\u00e8tres mais c&rsquo;est finalement <strong>Wilma Murto<\/strong> qui s&rsquo;est impos\u00e9e avec 4.85 m\u00e8tres franchis \u00e0 l&rsquo;issue d&rsquo;une tr\u00e8s belle finale.<\/p>\n<p style=\"text-align: justify;\">En parall\u00e8le, se d\u00e9roulait la finale du lancer de marteau femmes. Notre <strong>Alexandra Tavernier<\/strong> nationale a tout donn\u00e9 mais n&rsquo;aura pas r\u00e9ussi \u00e0 se hisser dans les huit premi\u00e8res pour d\u00e9crocher trois essais suppl\u00e9mentaires avec 66,60 m\u00e8tres. C&rsquo;est la Roumaine <strong>Bianca Florentina Ghelber <\/strong>qui a remport\u00e9 un concours peu relev\u00e9 en 72,72 m\u00e8tres.<\/p>\n<p style=\"text-align: justify;\">La finale du 400 m hommes a tenu toutes ses promesses. Avec quelques dixi\u00e8mes de seconde d&rsquo;avance, c&rsquo;est bien le tr\u00e8s attendu <strong>Matth<\/strong><strong>ew Hudson-Smith <\/strong>qui l&rsquo;a emport\u00e9 en 44.53. Le Fran\u00e7ais<strong> Thomas Jordier <\/strong>a pay\u00e9 les efforts de ses premi\u00e8res courses et a franchi la ligne d&rsquo;arriv\u00e9e en 8\u00e8me position avec un temps de 45.67. C\u00f4t\u00e9 femmes, pas de Fran\u00e7aise mais une excellente <strong>Femke Bol<\/strong> n&rsquo;a laiss\u00e9 aucune chance \u00e0 ses adversaires en remportant la course en 49.44.<\/p>\n<h2>Trois m\u00e9dailles pour la France<\/h2>\n<p style=\"text-align: justify;\">Chez les hommes, le concours final du triple saut nous a offert beaucoup de suspens. Enfin, pas pour la premi\u00e8re position qui \u00e9tait presque d\u00e9j\u00e0 certaine. En effet, l&rsquo;ancien Cubain et d\u00e9sormais Portugais<strong> Pedro Pichardo<\/strong> est un demi-m\u00e8tre au-del\u00e0 de ses concurrents. Avec 17,50 m\u00e8tres \u00e0 son premier essai, il a remport\u00e9 facilement la m\u00e9daille d&rsquo;or. Derri\u00e8re, c&rsquo;\u00e9tait tr\u00e8s serr\u00e9 et le Fran\u00e7ais <strong>Jean-Marc Pontvianne<\/strong> s&rsquo;en est tr\u00e8s bien sorti ! Gr\u00e2ce \u00e0 un saut \u00e0 16,94 m, <a href=\"https:\/\/dicodusport.fr\/blog\/championnats-europeens-2022-le-bronze-au-triple-saut-pour-jean-marc-pontvianne\/\">il remporte avec brio la m\u00e9daille de bronze<\/a>. C&rsquo;est la deuxi\u00e8me m\u00e9daille de la France dans ces championnats.<strong> Enzo Hodebar<\/strong> a fini 7\u00e8me avec 16,62 m\u00e8tres.<\/p>\n<blockquote class=\"twitter-tweet\">\n<p dir=\"ltr\" lang=\"fr\">\u0301 !<\/p>\n<p>Jean-Marc Pontvianne r\u00e9alise 16,94 m (-0.5) et grimpe sur la troisi\u00e8me marche du podium du triple saut !<\/p>\n<p>&#x270c;&#xfe0f; Deuxi\u00e8me m\u00e9daille pour l&rsquo;\u00e9quipe de France \u00e0 <a href=\"https:\/\/twitter.com\/hashtag\/Munich2022?src=hash&amp;ref_src=twsrc%5Etfw\">#Munich2022<\/a> ! <a href=\"https:\/\/t.co\/K6IBNPKIsM\">pic.twitter.com\/K6IBNPKIsM<\/a><\/p>\n<p>\u2014 FFAthl\u00e9tisme (@FFAthletisme) <a href=\"https:\/\/twitter.com\/FFAthletisme\/status\/1559999300297302016?ref_src=twsrc%5Etfw\">August 17, 2022<\/a><\/p><\/blockquote>\n<p><script async src=\"https:\/\/platform.twitter.com\/widgets.js\" charset=\"utf-8\"><\/script><\/p>\n<p style=\"text-align: justify;\">La soir\u00e9e se cl\u00f4turait avec le 110 m\u00e8tres haies des hommes. Une \u00e9preuve reine pour la France qui pr\u00e9sentait trois athl\u00e8tes et pas des moindres. <a href=\"https:\/\/dicodusport.fr\/blog\/championnats-europeens-2022-martinot-lagarde-en-argent-sur-110-metres-haies-kwaou-mathey-en-bronze\/\">C&rsquo;est \u00e0 une course incroyable auquel nous avons assist\u00e9 !<\/a> D\u00e9partag\u00e9s au milli\u00e8me de seconde sur un temps de 13.14, l&rsquo;Espagnol <strong>Asier Martinez<\/strong> est pass\u00e9 devant notre <strong>Pascal Martinot-Lagarde<\/strong> national qui prend tout de m\u00eame une m\u00e9daille d&rsquo;argent. De plus, <strong>Just Kwaou-Mathey<\/strong> termine 3\u00e8me pour la m\u00e9daille de bronze. <strong>Sasha Zhoya<\/strong> a malheureusement chut\u00e9.<\/p>\n<h2 style=\"text-align: justify;\">Bigot, Corollet et S\u00e9ri ont r\u00e9pondu pr\u00e9sents en\u00a0 qualifications<\/h2>\n<p style=\"text-align: justify;\"><a href=\"https:\/\/dicodusport.fr\/blog\/championnats-europeens-2022-pommery-perkovic-luckenkemper-le-resume-de-la-journee-dathletisme\/\">Apr\u00e8s une soir\u00e9e m\u00e9morable sur le Stade Olympique de Munich hier soir,<\/a> la troisi\u00e8me journ\u00e9e de l&rsquo;athl\u00e9tisme sur ces Championnats Europ\u00e9ens d\u00e9butait par les qualifications du lancer de marteau. <strong>Quentin Bigot<\/strong>, une des principales chances de m\u00e9dailles tricolores sur ces championnats, restait sur une magnifique quatri\u00e8me place obtenue \u00e0 Eugene. Sans forc\u00e9ment \u00eatre brillant, le Messin a assur\u00e9 la qualif&rsquo; avec un jet \u00e0 77.22 m \u00e0 son premier essai. La limite de qualification \u00e9tait \u00e0 77.50 m, seul le Polonais <strong>Wojciech Nowicki<\/strong> a lanc\u00e9 au-del\u00e0 (78.78 m). Dans le m\u00eame groupe, <strong>Yann Chaussinand<\/strong> a \u00e9t\u00e9 \u00e9limin\u00e9 apr\u00e8s trois lancers mordus, tandis que<strong> Jean-Baptiste Bruxelle<\/strong> n&rsquo;a pas pu se qualifier pour la finale, qui aura lieu demain soir, avec un jet \u00e0 70.79 m.<\/p>\n<p style=\"text-align: justify;\">Lors des qualifications sur le 400 m haies, o\u00f9 <strong>Wilfried Happio<\/strong> est tr\u00e8s attendu, <strong>Victor Coroller<\/strong> a remport\u00e9 sa s\u00e9rie en 49.35, soit \u00e0 25 centi\u00e8mes de son record personnel. De retour sous le maillot tricolore apr\u00e8s quatre ans d&rsquo;un long p\u00e9riple, le Rennais revient dans le match, lui qui a battu son record personnel en juillet dernier lors du meeting de la Chaux-de-Fonds en Suisse (49.11). En demi-finale, il retrouvera <strong>Ludvy Vaillant<\/strong> et <strong>Wilfried Happio<\/strong>, d\u00e9j\u00e0 qualifi\u00e9s en raison de leurs chronos. <strong>Camille S\u00e9ri<\/strong> s&rsquo;est \u00e9galement qualifi\u00e9e pour les demi-finales du 400 m haies, en prenant la deuxi\u00e8me place de sa s\u00e9rie avec un chrono de 56.18. P\u00e9tillante apr\u00e8s la course, la Ni\u00e7oise devra cependant r\u00e9aliser la course parfaite pour se hisser en finale. Les demi-finales hommes auront lieu demain \u00e0 11h25 pour les hommes et \u00e0 11h55 pour les femmes.<\/p>\n<blockquote class=\"twitter-tweet\">\n<p dir=\"ltr\" lang=\"fr\">Course ma\u00eetris\u00e9e !<\/p>\n<p>Victor Coroller remporte sa s\u00e9rie du 400 m haies en 49\u00a0\u00bb35 et acc\u00e8de au tour suivant !<\/p>\n<p>Demi-finales jeudi \u00e0 partir de 11h25.<\/p>\n<p>Suivez <a href=\"https:\/\/twitter.com\/hashtag\/Munich2022?src=hash&amp;ref_src=twsrc%5Etfw\">#Munich2022<\/a> sur France 2, France 3 et France 4.<a href=\"https:\/\/twitter.com\/victorcoroller?ref_src=twsrc%5Etfw\">@victorcoroller<\/a> <a href=\"https:\/\/t.co\/pAzjeh0qOX\">pic.twitter.com\/pAzjeh0qOX<\/a><\/p>\n<p>\u2014 FFAthl\u00e9tisme (@FFAthletisme) <a href=\"https:\/\/twitter.com\/FFAthletisme\/status\/1559832273138196480?ref_src=twsrc%5Etfw\">August 17, 2022<\/a><\/p><\/blockquote>\n<p><script async src=\"https:\/\/platform.twitter.com\/widgets.js\" charset=\"utf-8\"><\/script><\/p>\n<h2 style=\"text-align: justify;\">Les r\u00e9sultats des finales du jour<\/h2>\n<div class=\"su-table su-table-alternate\">\n<table style=\"width: 800px;border-collapse: collapse\">\n<tbody>\n<tr>\n<td style=\"text-align: center;vertical-align: middle;background-color: #ffffff;width: 25%\" colspan=\"2\"><span style=\"color: #000000\"><span style=\"font-size: 0.9em\"><b>\u00c9preuves<\/b><\/span><\/span><\/td>\n<td style=\"text-align: center;vertical-align: middle;background-color: #ffffff;width: 25%\"><span style=\"color: #000000;font-size: 0.9em\"><strong>M\u00e9daille d&rsquo;or<\/strong><\/span><\/td>\n<td style=\"text-align: center;vertical-align: middle;background-color: #ffffff;width: 25%\"><span style=\"color: #000000;font-size: 0.9em\"><strong>M\u00e9daille d&rsquo;argent<\/strong><\/span><\/td>\n<td style=\"text-align: center;vertical-align: middle;background-color: #ffffff;width: 25%\"><span style=\"color: #000000;font-size: 0.9em\"><strong>M\u00e9daille de bronze<\/strong><\/span><\/td>\n<\/tr>\n<tr>\n<td style=\"text-align: center;vertical-align: middle;font-size: 0.9em;width: 25%\" colspan=\"2\"><strong>Perche F<br \/>\n<\/strong><\/td>\n<td style=\"text-align: center;vertical-align: middle;width: 25%\"><span style=\"font-size: 0.9em\"><strong>&#x1f1eb;&#x1f1ee; Wilma MURTO<br \/>\n<\/strong><span style=\"font-size: 0.8em\">Finlande<br \/>\n<strong><em>4,85 m (=CR)<\/em><\/strong><br \/>\n<\/span><\/span><\/td>\n<td style=\"text-align: center;vertical-align: middle;width: 25%\"><span style=\"font-size: 0.9em\"><strong>&#x1f1ec;&#x1f1f7; Aikaterini STEFANIDI<br \/>\n<\/strong><span style=\"font-size: 0.8em\">Gr\u00e8ce<br \/>\n<strong><em>4,80 m (SB)<\/em><\/strong><br \/>\n<\/span><\/span><\/td>\n<td style=\"text-align: center;vertical-align: middle;width: 25%\"><span style=\"font-size: 0.9em\"><strong>&#x1f1f8;&#x1f1ee; Tina \u0160UTEJ<br \/>\n<\/strong><span style=\"font-size: 0.8em\">Slov\u00e9nie<br \/>\n<strong><em>4,75 m (NR)<\/em><\/strong><br \/>\n<\/span><\/span><\/td>\n<\/tr>\n<tr>\n<td style=\"text-align: center;vertical-align: middle;font-size: 0.9em;width: 25%\" colspan=\"2\"><strong>Triple Saut H<\/strong><\/td>\n<td style=\"text-align: center;vertical-align: middle;width: 25%\"><span style=\"font-size: 0.9em\"><strong>&#x1f1f5;&#x1f1f9; Pedro PICHARDO<br \/>\n<\/strong><span style=\"font-size: 0.8em\">Portugal<br \/>\n<strong><em>17,50 m<\/em><\/strong><br \/>\n<\/span><\/span><\/td>\n<td style=\"text-align: center;vertical-align: middle;width: 25%\"><span style=\"font-size: 0.9em\"><strong>&#x1f1ee;&#x1f1f9; Andrea DALLAVALLE<br \/>\n<\/strong><span style=\"font-size: 0.8em\">Italie<br \/>\n<strong><em>17,04 m<\/em><\/strong><br \/>\n<\/span><\/span><\/td>\n<td style=\"text-align: center;vertical-align: middle;width: 25%\"><span style=\"font-size: 0.9em\"><strong>&#x1f1eb;&#x1f1f7; Jean-Marc PONTVIANNE<br \/>\n<\/strong><span style=\"font-size: 0.8em\">France<br \/>\n<strong><em>16,94 m<\/em><\/strong><br \/>\n<\/span><\/span><\/td>\n<\/tr>\n<tr>\n<td style=\"text-align: center;vertical-align: middle;font-size: 0.9em;width: 25%\" colspan=\"2\"><strong>Marteau F<br \/>\n<\/strong><\/td>\n<td style=\"text-align: center;vertical-align: middle;width: 25%\"><span style=\"font-size: 0.9em\"><strong>&#x1f1f7;&#x1f1f4; Bianca Florentina GHELBER<br \/>\n<\/strong><span style=\"font-size: 0.8em\">Roumanie<\/span><span style=\"font-size: 0.8em\"><br \/>\n<strong><em>72.72<\/em><\/strong><\/span><\/span><\/td>\n<td style=\"text-align: center;vertical-align: middle;width: 25%\"><span style=\"font-size: 0.9em\"><strong>&#x1f1f5;&#x1f1f1; Ewa R\u00d3\u017bA\u0143SKA<br \/>\n<\/strong><span style=\"font-size: 0.8em\">Pologne<br \/>\n<strong><em>72.12 (PB)<\/em><\/strong><br \/>\n<\/span><\/span><\/td>\n<td style=\"text-align: center;vertical-align: middle;width: 25%\"><span style=\"font-size: 0.9em\"><strong>&#x1f1ee;&#x1f1f9; Sara FANTINI<br \/>\n<\/strong><span style=\"font-size: 0.8em\">Italie<br \/>\n<strong><em>71.58<\/em><\/strong><\/span><\/span><\/td>\n<\/tr>\n<tr>\n<td style=\"text-align: center;vertical-align: middle;font-size: 0.9em;width: 25%\" colspan=\"2\"><strong>400m H<br \/>\n<\/strong><\/td>\n<td style=\"text-align: center;vertical-align: middle;width: 25%\"><span style=\"font-size: 0.9em\"><strong>&#x1f1ec;&#x1f1e7; Matthew HUDSON-SMITH<br \/>\n<\/strong><span style=\"font-size: 0.8em\">Grande-Bretagne<br \/>\n<strong><em>44.53 <\/em><\/strong><\/span><\/span><\/td>\n<td style=\"text-align: center;vertical-align: middle;width: 25%\"><span style=\"font-size: 0.9em\"><strong>&#x1f1e8;&#x1f1ed; Ricky PETRUCCIANNI<br \/>\n<\/strong><span style=\"font-size: 0.8em\">Suisse<br \/>\n<strong><em>45.03 (SB)<\/em><\/strong><br \/>\n<\/span><\/span><\/td>\n<td style=\"text-align: center;vertical-align: middle;width: 25%\"><span style=\"font-size: 0.9em\"><strong>&#x1f1ec;&#x1f1e7; Alex HAYDOCK-WILSON<br \/>\n<\/strong><span style=\"font-size: 0.8em\">Grande-Bretagne<br \/>\n<strong><em>45.17<\/em><\/strong><br \/>\n<\/span><\/span><\/td>\n<\/tr>\n<tr>\n<td style=\"text-align: center;vertical-align: middle;font-size: 0.9em\" colspan=\"2\"><strong>400 m F<br \/>\n<\/strong><\/td>\n<td style=\"text-align: center;vertical-align: middle;width: 25%\"><span style=\"font-size: 0.9em\"><strong>&#x1f1f3;&#x1f1f1; Femke BOL<br \/>\n<\/strong><span style=\"font-size: 0.8em\">Pays-Bas<br \/>\n<strong><em>49.44 (EL)<\/em><\/strong><br \/>\n<\/span><\/span><\/td>\n<td style=\"text-align: center;vertical-align: middle;width: 25%\"><span style=\"font-size: 0.9em\"><strong>&#x1f1f5;&#x1f1f1; Natalia KACZMAREK<br \/>\n<\/strong><span style=\"font-size: 0.8em\">Pologne<br \/>\n<strong><em>49.94<\/em><\/strong><br \/>\n<\/span><\/span><\/td>\n<td style=\"text-align: center;vertical-align: middle;width: 25%\"><span style=\"font-size: 0.9em\"><strong>&#x1f1f5;&#x1f1f1; Anna KIE\u0141BASI\u0143SKA<br \/>\n<\/strong><span style=\"font-size: 0.8em\">Pologne<br \/>\n<em><strong>50.29<\/strong><\/em><br \/>\n<\/span><\/span><\/td>\n<\/tr>\n<tr>\n<td style=\"text-align: center;vertical-align: middle;font-size: 0.9em;width: 25%\" colspan=\"2\"><strong>110 m haies H<\/strong><\/td>\n<td style=\"text-align: center;vertical-align: middle;width: 25%\"><span style=\"font-size: 0.9em\"><strong>&#x1f1ea;&#x1f1f8; Asier MART\u00cdNEZ<br \/>\n<\/strong><span style=\"font-size: 0.8em\">Espagne<br \/>\n<strong><em>13.14 (EL)<\/em><\/strong><\/span><strong><br \/>\n<\/strong><\/span><\/td>\n<td style=\"text-align: center;vertical-align: middle;width: 25%\"><span style=\"font-size: 0.9em\"><strong>&#x1f1eb;&#x1f1f7; Pascal MARTINOT-LAGARDE<br \/>\n<\/strong><span style=\"font-size: 0.8em\">France<\/span><strong><span style=\"font-size: 0.8em\"><br \/>\n<em>13.14 (=EL)<\/em><\/span><\/strong><\/span><\/td>\n<td style=\"text-align: center;vertical-align: middle;width: 25%\"><span style=\"font-size: 0.9em\"><strong>&#x1f1eb;&#x1f1f7; Just KWAOU-MATHEY<br \/>\n<\/strong><span style=\"font-size: 0.8em\">France<\/span><strong><br \/>\n<span style=\"font-size: 0.8em\"><em>13.33<\/em><\/span><br \/>\n<\/strong><\/span><\/td>\n<\/tr>\n<\/tbody>\n<\/table>\n<\/div>\n<p style=\"text-align: justify;\">Rendez-vous demain d\u00e8s 20h05 pour les finales du saut en hauteur hommes et du lancer du marteau hommes. \u00c0 partir de 21h, les finales du saut en longueur femmes, du 1500 m hommes, du 5000 m femmes ainsi que de l&rsquo;heptathlon auront lieu.<\/p>\n<h2 style=\"text-align: justify;\">\u00c0 lire aussi<\/h2>\n<ul>\n<li><a href=\"https:\/\/dicodusport.fr\/blog\/programme-et-resultats-athletisme-championnats-deurope-2022\/\"><strong>Athl\u00e9tisme &#8211; Programme et r\u00e9sultats des Championnats d&rsquo;Europe 2022<\/strong><\/a><\/li>\n<li><a href=\"https:\/\/dicodusport.fr\/blog\/championnats-europeens-2022-jules-pommery-prend-le-bronze-au-saut-en-longueur\/\"><strong>Championnats europ\u00e9ens 2022 : Jules Pommery prend le bronze au saut en longueur<\/strong><\/a><\/li>\n<\/ul>\n","protected":false},"excerpt":{"rendered":"<p>ATHL\u00c9TISME &#8211; CHAMPIONNATS D&rsquo;EUROPE MUNICH 2022 &#8211; \u00c0 l&rsquo;occasion de la troisi\u00e8me journ\u00e9e des championnats d&rsquo;Europe 2022 \u00e0 Munich, plusieurs stars et athl\u00e8tes fran\u00e7ais \u00e9taient align\u00e9s aujourd&rsquo;hui. D\u00e9couvrez le r\u00e9sum\u00e9 des performances du jour entre sacres europ\u00e9ens et qualifications en finale.\u00a0<\/p>\n","protected":false},"author":54,"featured_media":253220,"comment_status":"open","ping_status":"closed","sticky":false,"template":"","format":"standard","meta":{"_acf_changed":false,"_daextam_enable_autolinks":"","footnotes":""},"categories":[2308],"tags":[143,25907,25905,5225],"class_list":["post-253160","post","type-post","status-publish","format-standard","has-post-thumbnail","hentry","category-athletisme","tag-athletisme","tag-femke-bol","tag-just-kwaou-mathey","tag-pascal-martinot-lagarde"],"acf":[],"yoast_head":"<!-- This site is optimized with the Yoast SEO Premium plugin v26.7 (Yoast SEO v26.7) - https:\/\/yoast.com\/wordpress\/plugins\/seo\/ -->\n<title>Championnats europ\u00e9ens 2022 : Le 110 m\u00e8tres haies, Murto, Bol, le r\u00e9sum\u00e9 de la journ\u00e9e d\u2019athl\u00e9tisme<\/title>\n<meta name=\"description\" content=\"ATHLETISME - MUNICH 2022 - D\u00e9couvrez le r\u00e9sum\u00e9 de la troisi\u00e8me journ\u00e9e des championnats d&#039;Europe avec les performances des Fran\u00e7ais.\" \/>\n<meta name=\"robots\" content=\"index, follow, max-snippet:-1, max-image-preview:large, max-video-preview:-1\" \/>\n<link rel=\"canonical\" href=\"https:\/\/dicodusport.fr\/blog\/championnats-europeens-2022-le-110-metres-haies-murto-bol-le-resume-de-la-journee-dathletisme\/\" \/>\n<meta property=\"og:locale\" content=\"fr_FR\" \/>\n<meta property=\"og:type\" content=\"article\" \/>\n<meta property=\"og:title\" content=\"Championnats europ\u00e9ens 2022 : Le 110 m\u00e8tres haies, Murto, Bol, le r\u00e9sum\u00e9 de la journ\u00e9e d\u2019athl\u00e9tisme\" \/>\n<meta property=\"og:description\" content=\"ATHLETISME - MUNICH 2022 - D\u00e9couvrez le r\u00e9sum\u00e9 de la troisi\u00e8me journ\u00e9e des championnats d&#039;Europe avec les performances des Fran\u00e7ais.\" \/>\n<meta property=\"og:url\" content=\"https:\/\/dicodusport.fr\/blog\/championnats-europeens-2022-le-110-metres-haies-murto-bol-le-resume-de-la-journee-dathletisme\/\" \/>\n<meta property=\"og:site_name\" content=\"Dicodusport\" \/>\n<meta property=\"article:publisher\" content=\"https:\/\/www.facebook.com\/dicodusport\" \/>\n<meta property=\"article:author\" content=\"https:\/\/www.facebook.com\/roxane.lecacher\" \/>\n<meta property=\"article:published_time\" content=\"2022-08-17T20:50:29+00:00\" \/>\n<meta property=\"article:modified_time\" content=\"2022-08-17T21:22:25+00:00\" \/>\n<meta property=\"og:image\" content=\"https:\/\/dicodusport.fr\/blog\/wp-content\/uploads\/2022\/08\/Championnats-europeens-2022-Le-110-metres-haies-Murto-Bol-le-resume-de-la-journee-dathletisme.png\" \/>\n\t<meta property=\"og:image:width\" content=\"800\" \/>\n\t<meta property=\"og:image:height\" content=\"445\" \/>\n\t<meta property=\"og:image:type\" content=\"image\/png\" \/>\n<meta name=\"author\" content=\"Roxane Lecacher\" \/>\n<meta name=\"twitter:card\" content=\"summary_large_image\" \/>\n<meta name=\"twitter:title\" content=\"Championnats europ\u00e9ens 2022 : Le 110 m\u00e8tres haies, Murto, Bol, le r\u00e9sum\u00e9 de la journ\u00e9e d\u2019athl\u00e9tisme\" \/>\n<meta name=\"twitter:creator\" content=\"@dicodusport\" \/>\n<meta name=\"twitter:site\" content=\"@dicodusport\" \/>\n<script type=\"application\/ld+json\" class=\"yoast-schema-graph\">{\"@context\":\"https:\/\/schema.org\",\"@graph\":[{\"@type\":\"NewsArticle\",\"@id\":\"https:\/\/dicodusport.fr\/blog\/championnats-europeens-2022-le-110-metres-haies-murto-bol-le-resume-de-la-journee-dathletisme\/#article\",\"isPartOf\":{\"@id\":\"https:\/\/dicodusport.fr\/blog\/championnats-europeens-2022-le-110-metres-haies-murto-bol-le-resume-de-la-journee-dathletisme\/\"},\"author\":{\"name\":\"Roxane Lecacher\",\"@id\":\"https:\/\/dicodusport.fr\/blog\/#\/schema\/person\/819fb2545dd2715bd7c0580d6d4b411a\"},\"headline\":\"Championnats europ\u00e9ens 2022 : Le 110 m\u00e8tres haies, Murto, Bol, le r\u00e9sum\u00e9 de la journ\u00e9e d\u2019athl\u00e9tisme\",\"datePublished\":\"2022-08-17T20:50:29+00:00\",\"dateModified\":\"2022-08-17T21:22:25+00:00\",\"mainEntityOfPage\":{\"@id\":\"https:\/\/dicodusport.fr\/blog\/championnats-europeens-2022-le-110-metres-haies-murto-bol-le-resume-de-la-journee-dathletisme\/\"},\"wordCount\":1205,\"commentCount\":0,\"publisher\":{\"@id\":\"https:\/\/dicodusport.fr\/blog\/#organization\"},\"image\":{\"@id\":\"https:\/\/dicodusport.fr\/blog\/championnats-europeens-2022-le-110-metres-haies-murto-bol-le-resume-de-la-journee-dathletisme\/#primaryimage\"},\"thumbnailUrl\":\"https:\/\/dicodusport.fr\/blog\/wp-content\/uploads\/2022\/08\/Championnats-europeens-2022-Le-110-metres-haies-Murto-Bol-le-resume-de-la-journee-dathletisme.png\",\"keywords\":[\"Athl\u00e9tisme\",\"Femke Bol\",\"Just Kwaou-Mathey\",\"Pascal Martinot-Lagarde\"],\"articleSection\":[\"Athl\u00e9tisme\"],\"inLanguage\":\"fr-FR\",\"potentialAction\":[{\"@type\":\"CommentAction\",\"name\":\"Comment\",\"target\":[\"https:\/\/dicodusport.fr\/blog\/championnats-europeens-2022-le-110-metres-haies-murto-bol-le-resume-de-la-journee-dathletisme\/#respond\"]}],\"copyrightYear\":\"2022\",\"copyrightHolder\":{\"@id\":\"https:\/\/dicodusport.fr\/blog\/#organization\"}},{\"@type\":\"WebPage\",\"@id\":\"https:\/\/dicodusport.fr\/blog\/championnats-europeens-2022-le-110-metres-haies-murto-bol-le-resume-de-la-journee-dathletisme\/\",\"url\":\"https:\/\/dicodusport.fr\/blog\/championnats-europeens-2022-le-110-metres-haies-murto-bol-le-resume-de-la-journee-dathletisme\/\",\"name\":\"Championnats europ\u00e9ens 2022 : Le 110 m\u00e8tres haies, Murto, Bol, le r\u00e9sum\u00e9 de la journ\u00e9e d\u2019athl\u00e9tisme\",\"isPartOf\":{\"@id\":\"https:\/\/dicodusport.fr\/blog\/#website\"},\"primaryImageOfPage\":{\"@id\":\"https:\/\/dicodusport.fr\/blog\/championnats-europeens-2022-le-110-metres-haies-murto-bol-le-resume-de-la-journee-dathletisme\/#primaryimage\"},\"image\":{\"@id\":\"https:\/\/dicodusport.fr\/blog\/championnats-europeens-2022-le-110-metres-haies-murto-bol-le-resume-de-la-journee-dathletisme\/#primaryimage\"},\"thumbnailUrl\":\"https:\/\/dicodusport.fr\/blog\/wp-content\/uploads\/2022\/08\/Championnats-europeens-2022-Le-110-metres-haies-Murto-Bol-le-resume-de-la-journee-dathletisme.png\",\"datePublished\":\"2022-08-17T20:50:29+00:00\",\"dateModified\":\"2022-08-17T21:22:25+00:00\",\"description\":\"ATHLETISME - MUNICH 2022 - D\u00e9couvrez le r\u00e9sum\u00e9 de la troisi\u00e8me journ\u00e9e des championnats d'Europe avec les performances des Fran\u00e7ais.\",\"breadcrumb\":{\"@id\":\"https:\/\/dicodusport.fr\/blog\/championnats-europeens-2022-le-110-metres-haies-murto-bol-le-resume-de-la-journee-dathletisme\/#breadcrumb\"},\"inLanguage\":\"fr-FR\",\"potentialAction\":[{\"@type\":\"ReadAction\",\"target\":[\"https:\/\/dicodusport.fr\/blog\/championnats-europeens-2022-le-110-metres-haies-murto-bol-le-resume-de-la-journee-dathletisme\/\"]}]},{\"@type\":\"ImageObject\",\"inLanguage\":\"fr-FR\",\"@id\":\"https:\/\/dicodusport.fr\/blog\/championnats-europeens-2022-le-110-metres-haies-murto-bol-le-resume-de-la-journee-dathletisme\/#primaryimage\",\"url\":\"https:\/\/dicodusport.fr\/blog\/wp-content\/uploads\/2022\/08\/Championnats-europeens-2022-Le-110-metres-haies-Murto-Bol-le-resume-de-la-journee-dathletisme.png\",\"contentUrl\":\"https:\/\/dicodusport.fr\/blog\/wp-content\/uploads\/2022\/08\/Championnats-europeens-2022-Le-110-metres-haies-Murto-Bol-le-resume-de-la-journee-dathletisme.png\",\"width\":800,\"height\":445,\"caption\":\"Championnats europ\u00e9ens 2022 Le 110 m\u00e8tres haies, Murto, Bol, le r\u00e9sum\u00e9 de la journ\u00e9e d\u2019athl\u00e9tisme\"},{\"@type\":\"BreadcrumbList\",\"@id\":\"https:\/\/dicodusport.fr\/blog\/championnats-europeens-2022-le-110-metres-haies-murto-bol-le-resume-de-la-journee-dathletisme\/#breadcrumb\",\"itemListElement\":[{\"@type\":\"ListItem\",\"position\":1,\"name\":\"Accueil\",\"item\":\"https:\/\/dicodusport.fr\/blog\/\"},{\"@type\":\"ListItem\",\"position\":2,\"name\":\"Championnats europ\u00e9ens 2022 : Le 110 m\u00e8tres haies, Murto, Bol, le r\u00e9sum\u00e9 de la journ\u00e9e d\u2019athl\u00e9tisme\"}]},{\"@type\":\"WebSite\",\"@id\":\"https:\/\/dicodusport.fr\/blog\/#website\",\"url\":\"https:\/\/dicodusport.fr\/blog\/\",\"name\":\"Dicodusport\",\"description\":\"L&#039;encyclop\u00e9die de l&#039;actualit\u00e9 sportive\",\"publisher\":{\"@id\":\"https:\/\/dicodusport.fr\/blog\/#organization\"},\"potentialAction\":[{\"@type\":\"SearchAction\",\"target\":{\"@type\":\"EntryPoint\",\"urlTemplate\":\"https:\/\/dicodusport.fr\/blog\/?s={search_term_string}\"},\"query-input\":{\"@type\":\"PropertyValueSpecification\",\"valueRequired\":true,\"valueName\":\"search_term_string\"}}],\"inLanguage\":\"fr-FR\"},{\"@type\":\"NewsMediaOrganization\",\"@id\":\"https:\/\/dicodusport.fr\/blog\/#organization\",\"name\":\"Dicodusport\",\"url\":\"https:\/\/dicodusport.fr\/blog\/\",\"logo\":{\"@type\":\"ImageObject\",\"inLanguage\":\"fr-FR\",\"@id\":\"https:\/\/dicodusport.fr\/blog\/#\/schema\/logo\/image\/\",\"url\":\"https:\/\/dicodusport.fr\/blog\/wp-content\/uploads\/2020\/06\/cropped-LOGO-DICODUSPORT-2020-SANS-FOND-SANS-TEXTE.png\",\"contentUrl\":\"https:\/\/dicodusport.fr\/blog\/wp-content\/uploads\/2020\/06\/cropped-LOGO-DICODUSPORT-2020-SANS-FOND-SANS-TEXTE.png\",\"width\":512,\"height\":512,\"caption\":\"Dicodusport\"},\"image\":{\"@id\":\"https:\/\/dicodusport.fr\/blog\/#\/schema\/logo\/image\/\"},\"sameAs\":[\"https:\/\/www.facebook.com\/dicodusport\",\"https:\/\/x.com\/dicodusport\",\"https:\/\/www.instagram.com\/dicodusport\/\",\"https:\/\/www.youtube.com\/channel\/UC7V2KZ5sd3htJivAbA4ZG3w\"],\"description\":\"Dicodusport est l'encyclop\u00e9die de l'actualit\u00e9 sportive.\",\"email\":\"bonjour@dicodusport.fr\",\"legalName\":\"DICODUSPORT\",\"foundingDate\":\"2018-01-14\",\"vatID\":\"FR71834470973\",\"taxID\":\"83447097300043\",\"numberOfEmployees\":{\"@type\":\"QuantitativeValue\",\"minValue\":\"1\",\"maxValue\":\"10\"}},{\"@type\":\"Person\",\"@id\":\"https:\/\/dicodusport.fr\/blog\/#\/schema\/person\/819fb2545dd2715bd7c0580d6d4b411a\",\"name\":\"Roxane Lecacher\",\"image\":{\"@type\":\"ImageObject\",\"inLanguage\":\"fr-FR\",\"@id\":\"https:\/\/dicodusport.fr\/blog\/#\/schema\/person\/image\/\",\"url\":\"https:\/\/dicodusport.fr\/blog\/wp-content\/uploads\/2021\/05\/Roxane-Lecacher-150x150.jpg\",\"contentUrl\":\"https:\/\/dicodusport.fr\/blog\/wp-content\/uploads\/2021\/05\/Roxane-Lecacher-150x150.jpg\",\"caption\":\"Roxane Lecacher\"},\"description\":\"Journaliste\/r\u00e9dactrice depuis janvier 2021 - N\u00e9e quelques jours avant la premi\u00e8re \u00e9toile des Bleus, je baigne dans une famille tr\u00e8s sportive. Je n\u2019ai eu d\u2019autres choix que de me passionner pour le sujet. Pratiquante de l\u2019athl\u00e9tisme depuis toute petite, j\u2019ai aussi un attrait tout particulier pour la Formule 1, le biathlon et le foot. Pendant les grands \u00e9v\u00e9nements, il est impossible de d\u00e9crocher de ma t\u00e9l\u00e9. C\u2019est \u00e0 travers Dicodusport que j\u2019aime d\u00e9sormais vous transmettre mes \u00e9motions et ma passion.\",\"sameAs\":[\"https:\/\/www.facebook.com\/roxane.lecacher\",\"https:\/\/fr.linkedin.com\/in\/roxane-lecacher-23368313b\"],\"url\":\"https:\/\/dicodusport.fr\/blog\/author\/roxanel\/\"}]}<\/script>\n<!-- \/ Yoast SEO Premium plugin. -->","yoast_head_json":{"title":"Championnats europ\u00e9ens 2022 : Le 110 m\u00e8tres haies, Murto, Bol, le r\u00e9sum\u00e9 de la journ\u00e9e d\u2019athl\u00e9tisme","description":"ATHLETISME - MUNICH 2022 - D\u00e9couvrez le r\u00e9sum\u00e9 de la troisi\u00e8me journ\u00e9e des championnats d'Europe avec les performances des Fran\u00e7ais.","robots":{"index":"index","follow":"follow","max-snippet":"max-snippet:-1","max-image-preview":"max-image-preview:large","max-video-preview":"max-video-preview:-1"},"canonical":"https:\/\/dicodusport.fr\/blog\/championnats-europeens-2022-le-110-metres-haies-murto-bol-le-resume-de-la-journee-dathletisme\/","og_locale":"fr_FR","og_type":"article","og_title":"Championnats europ\u00e9ens 2022 : Le 110 m\u00e8tres haies, Murto, Bol, le r\u00e9sum\u00e9 de la journ\u00e9e d\u2019athl\u00e9tisme","og_description":"ATHLETISME - MUNICH 2022 - D\u00e9couvrez le r\u00e9sum\u00e9 de la troisi\u00e8me journ\u00e9e des championnats d'Europe avec les performances des Fran\u00e7ais.","og_url":"https:\/\/dicodusport.fr\/blog\/championnats-europeens-2022-le-110-metres-haies-murto-bol-le-resume-de-la-journee-dathletisme\/","og_site_name":"Dicodusport","article_publisher":"https:\/\/www.facebook.com\/dicodusport","article_author":"https:\/\/www.facebook.com\/roxane.lecacher","article_published_time":"2022-08-17T20:50:29+00:00","article_modified_time":"2022-08-17T21:22:25+00:00","og_image":[{"width":800,"height":445,"url":"https:\/\/dicodusport.fr\/blog\/wp-content\/uploads\/2022\/08\/Championnats-europeens-2022-Le-110-metres-haies-Murto-Bol-le-resume-de-la-journee-dathletisme.png","type":"image\/png"}],"author":"Roxane Lecacher","twitter_card":"summary_large_image","twitter_title":"Championnats europ\u00e9ens 2022 : Le 110 m\u00e8tres haies, Murto, Bol, le r\u00e9sum\u00e9 de la journ\u00e9e d\u2019athl\u00e9tisme","twitter_creator":"@dicodusport","twitter_site":"@dicodusport","schema":{"@context":"https:\/\/schema.org","@graph":[{"@type":"NewsArticle","@id":"https:\/\/dicodusport.fr\/blog\/championnats-europeens-2022-le-110-metres-haies-murto-bol-le-resume-de-la-journee-dathletisme\/#article","isPartOf":{"@id":"https:\/\/dicodusport.fr\/blog\/championnats-europeens-2022-le-110-metres-haies-murto-bol-le-resume-de-la-journee-dathletisme\/"},"author":{"name":"Roxane Lecacher","@id":"https:\/\/dicodusport.fr\/blog\/#\/schema\/person\/819fb2545dd2715bd7c0580d6d4b411a"},"headline":"Championnats europ\u00e9ens 2022 : Le 110 m\u00e8tres haies, Murto, Bol, le r\u00e9sum\u00e9 de la journ\u00e9e d\u2019athl\u00e9tisme","datePublished":"2022-08-17T20:50:29+00:00","dateModified":"2022-08-17T21:22:25+00:00","mainEntityOfPage":{"@id":"https:\/\/dicodusport.fr\/blog\/championnats-europeens-2022-le-110-metres-haies-murto-bol-le-resume-de-la-journee-dathletisme\/"},"wordCount":1205,"commentCount":0,"publisher":{"@id":"https:\/\/dicodusport.fr\/blog\/#organization"},"image":{"@id":"https:\/\/dicodusport.fr\/blog\/championnats-europeens-2022-le-110-metres-haies-murto-bol-le-resume-de-la-journee-dathletisme\/#primaryimage"},"thumbnailUrl":"https:\/\/dicodusport.fr\/blog\/wp-content\/uploads\/2022\/08\/Championnats-europeens-2022-Le-110-metres-haies-Murto-Bol-le-resume-de-la-journee-dathletisme.png","keywords":["Athl\u00e9tisme","Femke Bol","Just Kwaou-Mathey","Pascal Martinot-Lagarde"],"articleSection":["Athl\u00e9tisme"],"inLanguage":"fr-FR","potentialAction":[{"@type":"CommentAction","name":"Comment","target":["https:\/\/dicodusport.fr\/blog\/championnats-europeens-2022-le-110-metres-haies-murto-bol-le-resume-de-la-journee-dathletisme\/#respond"]}],"copyrightYear":"2022","copyrightHolder":{"@id":"https:\/\/dicodusport.fr\/blog\/#organization"}},{"@type":"WebPage","@id":"https:\/\/dicodusport.fr\/blog\/championnats-europeens-2022-le-110-metres-haies-murto-bol-le-resume-de-la-journee-dathletisme\/","url":"https:\/\/dicodusport.fr\/blog\/championnats-europeens-2022-le-110-metres-haies-murto-bol-le-resume-de-la-journee-dathletisme\/","name":"Championnats europ\u00e9ens 2022 : Le 110 m\u00e8tres haies, Murto, Bol, le r\u00e9sum\u00e9 de la journ\u00e9e d\u2019athl\u00e9tisme","isPartOf":{"@id":"https:\/\/dicodusport.fr\/blog\/#website"},"primaryImageOfPage":{"@id":"https:\/\/dicodusport.fr\/blog\/championnats-europeens-2022-le-110-metres-haies-murto-bol-le-resume-de-la-journee-dathletisme\/#primaryimage"},"image":{"@id":"https:\/\/dicodusport.fr\/blog\/championnats-europeens-2022-le-110-metres-haies-murto-bol-le-resume-de-la-journee-dathletisme\/#primaryimage"},"thumbnailUrl":"https:\/\/dicodusport.fr\/blog\/wp-content\/uploads\/2022\/08\/Championnats-europeens-2022-Le-110-metres-haies-Murto-Bol-le-resume-de-la-journee-dathletisme.png","datePublished":"2022-08-17T20:50:29+00:00","dateModified":"2022-08-17T21:22:25+00:00","description":"ATHLETISME - MUNICH 2022 - D\u00e9couvrez le r\u00e9sum\u00e9 de la troisi\u00e8me journ\u00e9e des championnats d'Europe avec les performances des Fran\u00e7ais.","breadcrumb":{"@id":"https:\/\/dicodusport.fr\/blog\/championnats-europeens-2022-le-110-metres-haies-murto-bol-le-resume-de-la-journee-dathletisme\/#breadcrumb"},"inLanguage":"fr-FR","potentialAction":[{"@type":"ReadAction","target":["https:\/\/dicodusport.fr\/blog\/championnats-europeens-2022-le-110-metres-haies-murto-bol-le-resume-de-la-journee-dathletisme\/"]}]},{"@type":"ImageObject","inLanguage":"fr-FR","@id":"https:\/\/dicodusport.fr\/blog\/championnats-europeens-2022-le-110-metres-haies-murto-bol-le-resume-de-la-journee-dathletisme\/#primaryimage","url":"https:\/\/dicodusport.fr\/blog\/wp-content\/uploads\/2022\/08\/Championnats-europeens-2022-Le-110-metres-haies-Murto-Bol-le-resume-de-la-journee-dathletisme.png","contentUrl":"https:\/\/dicodusport.fr\/blog\/wp-content\/uploads\/2022\/08\/Championnats-europeens-2022-Le-110-metres-haies-Murto-Bol-le-resume-de-la-journee-dathletisme.png","width":800,"height":445,"caption":"Championnats europ\u00e9ens 2022 Le 110 m\u00e8tres haies, Murto, Bol, le r\u00e9sum\u00e9 de la journ\u00e9e d\u2019athl\u00e9tisme"},{"@type":"BreadcrumbList","@id":"https:\/\/dicodusport.fr\/blog\/championnats-europeens-2022-le-110-metres-haies-murto-bol-le-resume-de-la-journee-dathletisme\/#breadcrumb","itemListElement":[{"@type":"ListItem","position":1,"name":"Accueil","item":"https:\/\/dicodusport.fr\/blog\/"},{"@type":"ListItem","position":2,"name":"Championnats europ\u00e9ens 2022 : Le 110 m\u00e8tres haies, Murto, Bol, le r\u00e9sum\u00e9 de la journ\u00e9e d\u2019athl\u00e9tisme"}]},{"@type":"WebSite","@id":"https:\/\/dicodusport.fr\/blog\/#website","url":"https:\/\/dicodusport.fr\/blog\/","name":"Dicodusport","description":"L&#039;encyclop\u00e9die de l&#039;actualit\u00e9 sportive","publisher":{"@id":"https:\/\/dicodusport.fr\/blog\/#organization"},"potentialAction":[{"@type":"SearchAction","target":{"@type":"EntryPoint","urlTemplate":"https:\/\/dicodusport.fr\/blog\/?s={search_term_string}"},"query-input":{"@type":"PropertyValueSpecification","valueRequired":true,"valueName":"search_term_string"}}],"inLanguage":"fr-FR"},{"@type":"NewsMediaOrganization","@id":"https:\/\/dicodusport.fr\/blog\/#organization","name":"Dicodusport","url":"https:\/\/dicodusport.fr\/blog\/","logo":{"@type":"ImageObject","inLanguage":"fr-FR","@id":"https:\/\/dicodusport.fr\/blog\/#\/schema\/logo\/image\/","url":"https:\/\/dicodusport.fr\/blog\/wp-content\/uploads\/2020\/06\/cropped-LOGO-DICODUSPORT-2020-SANS-FOND-SANS-TEXTE.png","contentUrl":"https:\/\/dicodusport.fr\/blog\/wp-content\/uploads\/2020\/06\/cropped-LOGO-DICODUSPORT-2020-SANS-FOND-SANS-TEXTE.png","width":512,"height":512,"caption":"Dicodusport"},"image":{"@id":"https:\/\/dicodusport.fr\/blog\/#\/schema\/logo\/image\/"},"sameAs":["https:\/\/www.facebook.com\/dicodusport","https:\/\/x.com\/dicodusport","https:\/\/www.instagram.com\/dicodusport\/","https:\/\/www.youtube.com\/channel\/UC7V2KZ5sd3htJivAbA4ZG3w"],"description":"Dicodusport est l'encyclop\u00e9die de l'actualit\u00e9 sportive.","email":"bonjour@dicodusport.fr","legalName":"DICODUSPORT","foundingDate":"2018-01-14","vatID":"FR71834470973","taxID":"83447097300043","numberOfEmployees":{"@type":"QuantitativeValue","minValue":"1","maxValue":"10"}},{"@type":"Person","@id":"https:\/\/dicodusport.fr\/blog\/#\/schema\/person\/819fb2545dd2715bd7c0580d6d4b411a","name":"Roxane Lecacher","image":{"@type":"ImageObject","inLanguage":"fr-FR","@id":"https:\/\/dicodusport.fr\/blog\/#\/schema\/person\/image\/","url":"https:\/\/dicodusport.fr\/blog\/wp-content\/uploads\/2021\/05\/Roxane-Lecacher-150x150.jpg","contentUrl":"https:\/\/dicodusport.fr\/blog\/wp-content\/uploads\/2021\/05\/Roxane-Lecacher-150x150.jpg","caption":"Roxane Lecacher"},"description":"Journaliste\/r\u00e9dactrice depuis janvier 2021 - N\u00e9e quelques jours avant la premi\u00e8re \u00e9toile des Bleus, je baigne dans une famille tr\u00e8s sportive. Je n\u2019ai eu d\u2019autres choix que de me passionner pour le sujet. Pratiquante de l\u2019athl\u00e9tisme depuis toute petite, j\u2019ai aussi un attrait tout particulier pour la Formule 1, le biathlon et le foot. Pendant les grands \u00e9v\u00e9nements, il est impossible de d\u00e9crocher de ma t\u00e9l\u00e9. C\u2019est \u00e0 travers Dicodusport que j\u2019aime d\u00e9sormais vous transmettre mes \u00e9motions et ma passion.","sameAs":["https:\/\/www.facebook.com\/roxane.lecacher","https:\/\/fr.linkedin.com\/in\/roxane-lecacher-23368313b"],"url":"https:\/\/dicodusport.fr\/blog\/author\/roxanel\/"}]}},"_links":{"self":[{"href":"https:\/\/dicodusport.fr\/blog\/wp-json\/wp\/v2\/posts\/253160","targetHints":{"allow":["GET"]}}],"collection":[{"href":"https:\/\/dicodusport.fr\/blog\/wp-json\/wp\/v2\/posts"}],"about":[{"href":"https:\/\/dicodusport.fr\/blog\/wp-json\/wp\/v2\/types\/post"}],"author":[{"embeddable":true,"href":"https:\/\/dicodusport.fr\/blog\/wp-json\/wp\/v2\/users\/54"}],"replies":[{"embeddable":true,"href":"https:\/\/dicodusport.fr\/blog\/wp-json\/wp\/v2\/comments?post=253160"}],"version-history":[{"count":0,"href":"https:\/\/dicodusport.fr\/blog\/wp-json\/wp\/v2\/posts\/253160\/revisions"}],"wp:featuredmedia":[{"embeddable":true,"href":"https:\/\/dicodusport.fr\/blog\/wp-json\/wp\/v2\/media\/253220"}],"wp:attachment":[{"href":"https:\/\/dicodusport.fr\/blog\/wp-json\/wp\/v2\/media?parent=253160"}],"wp:term":[{"taxonomy":"category","embeddable":true,"href":"https:\/\/dicodusport.fr\/blog\/wp-json\/wp\/v2\/categories?post=253160"},{"taxonomy":"post_tag","embeddable":true,"href":"https:\/\/dicodusport.fr\/blog\/wp-json\/wp\/v2\/tags?post=253160"}],"curies":[{"name":"wp","href":"https:\/\/api.w.org\/{rel}","templated":true}]}}