{"id":253283,"date":"2022-08-18T22:32:32","date_gmt":"2022-08-18T20:32:32","guid":{"rendered":"https:\/\/dicodusport.fr\/blog\/?p=253283&#038;preview=true&#038;preview_id=253283"},"modified":"2022-08-19T12:53:14","modified_gmt":"2022-08-19T10:53:14","slug":"championnats-deurope-dathletisme-2022-heptathlon-deuxieme-sacre-europeen-pour-nafissatou-thiam","status":"publish","type":"post","link":"https:\/\/dicodusport.fr\/blog\/championnats-deurope-dathletisme-2022-heptathlon-deuxieme-sacre-europeen-pour-nafissatou-thiam\/","title":{"rendered":"Championnats d\u2019Europe d\u2019athl\u00e9tisme 2022 &#8211; Heptathlon : Deuxi\u00e8me sacre europ\u00e9en pour Nafissatou Thiam !"},"content":{"rendered":"<p style=\"text-align: justify;\"><strong><em><a style=\"font-weight: bold;\" title=\"Programme et r\u00e9sultats Athl\u00e9tisme Championnats d\u2019Europe 2022\" href=\"https:\/\/dicodusport.fr\/blog\/programme-et-resultats-athletisme-championnats-deurope-2022\/\" target=\"_blank\" rel=\"noopener\">CHAMPIONNATS D&rsquo;EUROPE D&rsquo;ATHL\u00c9TISME 2022<\/a> &#8211; La reine de l&rsquo;heptathlon a encore frapp\u00e9. Elle s&rsquo;offre un deuxi\u00e8me titre europ\u00e9en devant Sulek et K\u00e4lin.<br \/>\n<\/em><\/strong><\/p>\n<p style=\"text-align: justify;\">Apr\u00e8s une <a title=\"Championnats d\u2019Europe d\u2019athl\u00e9tisme 2022 \u2013 Heptathlon : Nafissatou Thiam en t\u00eate apr\u00e8s 4 \u00e9preuves\" href=\"https:\/\/dicodusport.fr\/blog\/championnats-deurope-dathletisme-2022-heptathlon-nafissatou-thiam-en-tete-apres-4-epreuves\/\" target=\"_blank\" rel=\"noopener\">bonne premi\u00e8re journ\u00e9e<\/a>, <strong>Nafissatou Thiam<\/strong> a connu une deuxi\u00e8me journ\u00e9e plus contrast\u00e9e mais a assur\u00e9 dans chaque \u00e9preuve pour s&rsquo;offrir un deuxi\u00e8me titre de championne d&rsquo;Europe. Et ce, un mois apr\u00e8s son <a title=\"Mondiaux d\u2019athl\u00e9tisme 2022 \u2013 Heptathlon : Deuxi\u00e8me titre mondial pour Nafissatou Thiam !\" href=\"https:\/\/dicodusport.fr\/blog\/mondiaux-dathletisme-2022-heptathlon-deuxieme-titre-mondial-pour-nafissatou-thiam\/\" target=\"_blank\" rel=\"noopener\">titre aux Mondiaux<\/a> et la veille de son anniversaire.<\/p>\n<h2 style=\"text-align: justify;\">Saut en longueur<\/h2>\n<p style=\"text-align: justify;\">La Belge <strong>Nafissatou Thiam<\/strong> a assur\u00e9 son premier saut avec un petit 6.08 m. Elle a ensuite rat\u00e9 ses deux essais suivants perdant de pr\u00e9cieux points et disant adieu aux 7000 points. Elle termine 7e avec 874 points.<\/p>\n<p style=\"text-align: justify;\"><strong>Adrianna Sulek\u00a0<\/strong>s&rsquo;est fait peur ! Apr\u00e8s deux essais manqu\u00e9s, elle a finalement battu son <strong>record personnel<\/strong> de 12 cm en sautant \u00e0 6.55 m. Elle termine ainsi 2e du groupe et remonte \u00e0 la 2e place de l&rsquo;heptathlon \u00e0 99 points de la Belge.<\/p>\n<p style=\"text-align: justify;\">Gros coup de la Suissesse <strong>Annik K\u00e4lin<\/strong> qui remporte le groupe B avec un seul saut mesur\u00e9, le deuxi\u00e8me, \u00e0 6.73 m. Elle bat ainsi son <strong>record personnel<\/strong> de 11 cm et grimpe sur le podium de l&rsquo;heptathlon \u00e0 la 3e place.<\/p>\n<p style=\"text-align: justify;\"><strong>Noor Vidts\u00a0<\/strong>a r\u00e9alis\u00e9 un bon premier saut \u00e0 6.31 m mais n&rsquo;est pas parvenue \u00e0 aller plus loin, r\u00e9alisant ensuite 6.21 m. Elle est ainsi redescendue \u00e0 la 4e place de l&rsquo;heptathlon.<\/p>\n<p style=\"text-align: justify;\"><strong>Anouk Vetter<\/strong> a mesur\u00e9 son 2e essai \u00e0 6.27 m et perdu encore quelques points (934 points).<\/p>\n<p style=\"text-align: justify;\"><strong>Sophie Weissenberg<\/strong> qui n&rsquo;avait pas pu mesurer un saut aux Mondiaux s&rsquo;est class\u00e9e 3e avec 6.35 m pour remonter \u00e0 la 6e place du g\u00e9n\u00e9ral.<\/p>\n<p style=\"text-align: justify;\">Coup dur pour la Fran\u00e7aise <strong>L\u00e9onie Cambours<\/strong> qui <a title=\"Championnats d\u2019Europe d\u2019athl\u00e9tisme 2022 : 0 \u00e0 la longueur pour L\u00e9onie Cambours qui poursuit tout de m\u00eame l\u2019heptathlon\" href=\"https:\/\/dicodusport.fr\/blog\/championnats-deurope-dathletisme-2022-fin-dheptathlon-pour-leonie-cambours\/\" target=\"_blank\" rel=\"noopener\">n&rsquo;a pas pu mesurer un saut<\/a>.<\/p>\n<h2 style=\"text-align: justify;\">Lancer du javelot<\/h2>\n<p style=\"text-align: justify;\">C&rsquo;est all\u00e9 vite dans le groupe A avec 4 abandons. Apr\u00e8s deux bons jets mais toujours sous la menace de Sulek (38.06 m et 39.14 m),<strong> Noor Vidts<\/strong> a battu son record personnel de 2 cm en lan\u00e7ant \u00e0 41.82 m. Elle termine 3e du groupe et marque 702 points pour se replacer \u00e0 la place de l&rsquo;heptathlon.<\/p>\n<p style=\"text-align: justify;\"><strong>Adrianna Sulek<\/strong> justement a r\u00e9alis\u00e9 un excellent concours. Apr\u00e8s 40.39 m et 41.61 m, elle a r\u00e9pondu aux 41.82 m de Vidts en explosant son <strong>record personnel<\/strong> de 36 cm : 42.86 m ! Elle marque 722 points et termine 2e du groupe derri\u00e8re Yulia Loban (44.77 m) et consolide ainsi sa 2e place au g\u00e9n\u00e9ral.<\/p>\n<p style=\"text-align: justify;\"><strong>L\u00e9onie Cambours<\/strong> qui a poursuivi malgr\u00e9 son 0 \u00e0 la longueur a termin\u00e9 5e avec 36.35 m.<\/p>\n<p style=\"text-align: justify;\">Dans le deuxi\u00e8me groupe, <a title=\"Championnats d\u2019Europe d\u2019athl\u00e9tisme 2022 : Anouk Vetter abandonne l\u2019heptathlon\" href=\"https:\/\/dicodusport.fr\/blog\/championnats-deurope-dathletisme-2022-anouk-vetter-abandonne-lheptathlon\/\" target=\"_blank\" rel=\"noopener\">l&rsquo;abandon d&rsquo;<strong>Anouk Vetter<\/strong><\/a> a marqu\u00e9 le concours. Apr\u00e8s une longueur moyenne et sans sa plus grande adversaire, <strong>Nafi Thiam<\/strong> a r\u00e9alis\u00e9 un concours moyen. Apr\u00e8s un javelot hors secteur, sa meilleure marque sera \u00e0 son deuxi\u00e8me essai avec 48.89 m. Elle termine 4e avec 839 points, devant <strong>Annik K\u00e4lin<\/strong> 6e avec 46.45 m et 797 points. <strong>X\u00e9nia Krizsan<\/strong> s&rsquo;est impos\u00e9e avec 50.38 m \u00e0 son premier essai devant l&rsquo;Allemande <strong>Carolin Sch\u00e4fer<\/strong> (50.18 m).<\/p>\n<p style=\"text-align: justify;\">Avant le 800 m, <strong>Annik K\u00e4lin<\/strong> est donc pass\u00e9e 2e \u00e0 172 points de <strong>Nafi Thiam<\/strong>.<strong> Adrianna Sulek<\/strong> \u00e9tait 3e \u00e0 216 points et <strong>Noor Vidts<\/strong> 4e \u00e0 279 points. Pour passer devant Thiam, Sulek devait finir environ 15 secondes devant la Belge sachant que la Polonaise a un meilleur record personnel \u00e0 environ 6 secondes de la Belge. Pour aller chercher une m\u00e9daille, Noor Vidts devait aller chercher K\u00e4lin et finir environ 10 secondes devant elle.<\/p>\n<h2 style=\"text-align: justify;\">800 m<\/h2>\n<p style=\"text-align: justify;\">Apr\u00e8s un premier tour assez calme men\u00e9 par Sulek et Loban, Noor Vidts a acc\u00e9l\u00e9r\u00e9 au deuxi\u00e8me tour pour aller chercher les secondes d&rsquo;\u00e9cart n\u00e9cessaires \u00e0 la m\u00e9daille. Mais \u00e7a n&rsquo;a pas \u00e9t\u00e9 suffisant. Elle termine 2e en 2\u203209\u203363 tandis qu&rsquo;Annik K\u00e4lin est 8e en 2\u203213\u203373. Adrianna Sulek s&rsquo;est impos\u00e9e en 2\u203209\u203349. Thiam est 10e en 2\u203217\u203395 pour 852 points suppl\u00e9mentaires.<\/p>\n<p style=\"text-align: justify;\">L&rsquo;Allemagne r\u00e9ussit \u00e0 Nafi Thiam puisqu&rsquo;elle avait remport\u00e9 son premier titre europ\u00e9en \u00e0 Berlin en 2018. <strong>Double championne olympique en titre<\/strong> (2016 &amp; 2021), <strong>double championne du monde<\/strong> (2017 &amp; 2022) et <strong>double championne d&rsquo;Europe en titre<\/strong> (2018 &amp; 2022) : Nafissatou Thiam est un ph\u00e9nom\u00e8ne !<\/p>\n<blockquote class=\"twitter-tweet\">\n<p dir=\"ltr\" lang=\"fr\">&#x1f1e7;&#x1f1ea; Nafi Thiam et l&rsquo;heptathlon<\/p>\n<p>&#x1f947;JO de Rio<br \/>\n&#x1f947;Hypo-Meeting de G\u00f6tzis (2017)<br \/>\n&#x1f947;Championnats du monde \u00e0 Londres<br \/>\n&#x1f947;Hypo-Meeting de G\u00f6tzis (2018)<br \/>\n&#x1f947;Championnats d&rsquo;Europe \u00e0 Berlin<br \/>\n&#x1f947;D\u00e9castar \u00e0 Talence<br \/>\n&#x1f947;JO de Tokyo<br \/>\n&#x1f947;Championnats du monde \u00e0 Eug\u00e8ne<br \/>\n&#x1f947;Championnats d&rsquo;Europe \u00e0 Munich<\/p>\n<p>\u2014 Le Soir (@lesoir) <a href=\"https:\/\/twitter.com\/lesoir\/status\/1560365207414886401?ref_src=twsrc%5Etfw\">August 18, 2022<\/a><\/p><\/blockquote>\n<p><script async src=\"https:\/\/platform.twitter.com\/widgets.js\" charset=\"utf-8\"><\/script><\/p>\n<p style=\"text-align: justify;\">Au pied du podium \u00e0 Eugene, <strong>Adrianna Sulek<\/strong> remporte sa premi\u00e8re m\u00e9daille internationale chez les seniors \u00e0 23 ans avec <strong>l&rsquo;argent<\/strong>. Elle totalise 6532 points, son <strong>2e meilleur total de points en carri\u00e8re<\/strong>.<\/p>\n<p style=\"text-align: justify;\">Apr\u00e8s une bonne premi\u00e8re journ\u00e9e, <strong>Annik K\u00e4lin<\/strong> a confirm\u00e9 aujourd&rsquo;hui et profit\u00e9 de l&rsquo;abandon d&rsquo;Anouk Vetter pour monter sur le podium. \u00c0 22 ans, c&rsquo;est \u00e9galement une premi\u00e8re m\u00e9daille internationale chez les seniors pour la Suissesse 6e \u00e0 Eugene. Cette belle m\u00e9daille de bronze s&rsquo;accompagne d&rsquo;un <strong>record personnel<\/strong> et du <strong>record de Suisse<\/strong>.<\/p>\n<p style=\"text-align: justify;\"><a href=\"https:\/\/dicodusport.fr\/blog\/pentathlon-noor-vidts-championne-du-monde-en-salle-leonie-cambours-7e\/\" target=\"_blank\" rel=\"noopener\">Championne du monde en salle<\/a>, <strong>Noor Vidts<\/strong> avait connu des p\u00e9pins physiques ensuite et n&rsquo;\u00e9tait pas arriv\u00e9e aux Mondiaux avec une pr\u00e9paration optimale. Elle avait tout de m\u00eame termin\u00e9 \u00e0 une honorable 5e place en r\u00e9alisant des bonnes performances et pouvait nourrir des grandes ambitions pour ces Championnats. Malheureusement pour elle, le poids notamment lui aura fait perdre quelques points. Et malgr\u00e9 un tr\u00e8s beau 800 m, elle n&rsquo;a pas pu se hisser sur le podium avec 6467 points (48 points du bronze). Elle termine 4e comme lors des Jeux Olympiques de Tokyo.<\/p>\n<p style=\"text-align: justify;\"><strong>L\u00e9onie Cambours<\/strong> qui a tout de m\u00eame continu\u00e9 son heptathlon a retrouv\u00e9 le sourire lors de la pr\u00e9sentation du 800 m. Elle a termin\u00e9 12e de la course en 2\u203222\u203320 et totalise 4949 points.<\/p>\n<blockquote class=\"twitter-tweet\">\n<p dir=\"ltr\" lang=\"fr\">&#x1f947; Nafissatou Thiam a d\u00e9croch\u00e9 l&rsquo;or sur l&rsquo;heptathlon <a href=\"https:\/\/twitter.com\/hashtag\/Munich2022?src=hash&amp;ref_src=twsrc%5Etfw\">#Munich2022<\/a><br \/>\n&#x25b6;&#xfe0f; Le DIRECT : <a href=\"https:\/\/t.co\/VuIGniDDrr\">https:\/\/t.co\/VuIGniDDrr<\/a> <a href=\"https:\/\/t.co\/HWmAiEOSUt\">pic.twitter.com\/HWmAiEOSUt<\/a><\/p>\n<p>\u2014 francetvsport (@francetvsport) <a href=\"https:\/\/twitter.com\/francetvsport\/status\/1560368250520838146?ref_src=twsrc%5Etfw\">August 18, 2022<\/a><\/p><\/blockquote>\n<p><script async src=\"https:\/\/platform.twitter.com\/widgets.js\" charset=\"utf-8\"><\/script><\/p>\n<h2>\u00c0 lire aussi<\/h2>\n<ul>\n<li><a href=\"https:\/\/dicodusport.fr\/blog\/athletisme-europe-2022-classement-de-lheptathlon\/\" target=\"_blank\" rel=\"noopener\"><strong>Le classement de l&rsquo;heptathlon<\/strong><\/a><\/li>\n<\/ul>\n","protected":false},"excerpt":{"rendered":"<p>CHAMPIONNATS D&rsquo;EUROPE D&rsquo;ATHL\u00c9TISME 2022 &#8211; La reine de l&rsquo;heptathlon a encore frapp\u00e9. Nafissatou Thiam s&rsquo;offre un deuxi\u00e8me titre europ\u00e9en devant Sulek et K\u00e4lin.<\/p>\n","protected":false},"author":12,"featured_media":253606,"comment_status":"open","ping_status":"closed","sticky":false,"template":"","format":"standard","meta":{"_acf_changed":false,"_daextam_enable_autolinks":"","footnotes":""},"categories":[2308],"tags":[22425,18426,6691,22414,8775,18427],"class_list":["post-253283","post","type-post","status-publish","format-standard","has-post-thumbnail","hentry","category-athletisme","tag-adrianna-sulek","tag-anouk-vetter","tag-heptathlon","tag-leonie-cambours","tag-nafissatou-thiam","tag-noor-vidts"],"acf":[],"yoast_head":"<!-- This site is optimized with the Yoast SEO Premium plugin v26.7 (Yoast SEO v26.7) - https:\/\/yoast.com\/wordpress\/plugins\/seo\/ -->\n<title>Championnats d\u2019Europe d\u2019athl\u00e9tisme 2022 - Heptathlon : Deuxi\u00e8me sacre europ\u00e9en pour Nafissatou Thiam !<\/title>\n<meta name=\"description\" content=\"La reine de l&#039;heptathlon a encore frapp\u00e9. Nafissatou Thiam s&#039;offre un deuxi\u00e8me titre europ\u00e9en devant Sulek et K\u00e4lin.\" \/>\n<meta name=\"robots\" content=\"index, follow, max-snippet:-1, max-image-preview:large, max-video-preview:-1\" \/>\n<link rel=\"canonical\" href=\"https:\/\/dicodusport.fr\/blog\/championnats-deurope-dathletisme-2022-heptathlon-deuxieme-sacre-europeen-pour-nafissatou-thiam\/\" \/>\n<meta property=\"og:locale\" content=\"fr_FR\" \/>\n<meta property=\"og:type\" content=\"article\" \/>\n<meta property=\"og:title\" content=\"Championnats d\u2019Europe d\u2019athl\u00e9tisme 2022 - Heptathlon : Deuxi\u00e8me sacre europ\u00e9en pour Nafissatou Thiam !\" \/>\n<meta property=\"og:description\" content=\"La reine de l&#039;heptathlon a encore frapp\u00e9. Nafissatou Thiam s&#039;offre un deuxi\u00e8me titre europ\u00e9en devant Sulek et K\u00e4lin.\" \/>\n<meta property=\"og:url\" content=\"https:\/\/dicodusport.fr\/blog\/championnats-deurope-dathletisme-2022-heptathlon-deuxieme-sacre-europeen-pour-nafissatou-thiam\/\" \/>\n<meta property=\"og:site_name\" content=\"Dicodusport\" \/>\n<meta property=\"article:publisher\" content=\"https:\/\/www.facebook.com\/dicodusport\" \/>\n<meta property=\"article:published_time\" content=\"2022-08-18T20:32:32+00:00\" \/>\n<meta property=\"article:modified_time\" content=\"2022-08-19T10:53:14+00:00\" \/>\n<meta property=\"og:image\" content=\"https:\/\/dicodusport.fr\/blog\/wp-content\/uploads\/2022\/08\/Championnats-dEurope-dathletisme-2022-Heptathlon-Deuxieme-sacre-europeen-pour-Nafissatou-Thiam-.jpg\" \/>\n\t<meta property=\"og:image:width\" content=\"800\" \/>\n\t<meta property=\"og:image:height\" content=\"445\" \/>\n\t<meta property=\"og:image:type\" content=\"image\/jpeg\" \/>\n<meta name=\"author\" content=\"Arlette Yeye\" \/>\n<meta name=\"twitter:card\" content=\"summary_large_image\" \/>\n<meta name=\"twitter:title\" content=\"Championnats d\u2019Europe d\u2019athl\u00e9tisme 2022 - Heptathlon : Deuxi\u00e8me sacre europ\u00e9en pour Nafissatou Thiam !\" \/>\n<meta name=\"twitter:creator\" content=\"@https:\/\/twitter.com\/Shiclette94\" \/>\n<meta name=\"twitter:site\" content=\"@dicodusport\" \/>\n<script type=\"application\/ld+json\" class=\"yoast-schema-graph\">{\"@context\":\"https:\/\/schema.org\",\"@graph\":[{\"@type\":\"NewsArticle\",\"@id\":\"https:\/\/dicodusport.fr\/blog\/championnats-deurope-dathletisme-2022-heptathlon-deuxieme-sacre-europeen-pour-nafissatou-thiam\/#article\",\"isPartOf\":{\"@id\":\"https:\/\/dicodusport.fr\/blog\/championnats-deurope-dathletisme-2022-heptathlon-deuxieme-sacre-europeen-pour-nafissatou-thiam\/\"},\"author\":{\"name\":\"Arlette Yeye\",\"@id\":\"https:\/\/dicodusport.fr\/blog\/#\/schema\/person\/cce96fa88785bd8573e3d43078ac8c79\"},\"headline\":\"Championnats d\u2019Europe d\u2019athl\u00e9tisme 2022 &#8211; Heptathlon : Deuxi\u00e8me sacre europ\u00e9en pour Nafissatou Thiam !\",\"datePublished\":\"2022-08-18T20:32:32+00:00\",\"dateModified\":\"2022-08-19T10:53:14+00:00\",\"mainEntityOfPage\":{\"@id\":\"https:\/\/dicodusport.fr\/blog\/championnats-deurope-dathletisme-2022-heptathlon-deuxieme-sacre-europeen-pour-nafissatou-thiam\/\"},\"wordCount\":1031,\"commentCount\":0,\"publisher\":{\"@id\":\"https:\/\/dicodusport.fr\/blog\/#organization\"},\"image\":{\"@id\":\"https:\/\/dicodusport.fr\/blog\/championnats-deurope-dathletisme-2022-heptathlon-deuxieme-sacre-europeen-pour-nafissatou-thiam\/#primaryimage\"},\"thumbnailUrl\":\"https:\/\/dicodusport.fr\/blog\/wp-content\/uploads\/2022\/08\/Championnats-dEurope-dathletisme-2022-Heptathlon-Deuxieme-sacre-europeen-pour-Nafissatou-Thiam-.jpg\",\"keywords\":[\"Adrianna Sulek\",\"Anouk Vetter\",\"Heptathlon\",\"L\u00e9onie Cambours\",\"Nafissatou Thiam\",\"Noor Vidts\"],\"articleSection\":[\"Athl\u00e9tisme\"],\"inLanguage\":\"fr-FR\",\"potentialAction\":[{\"@type\":\"CommentAction\",\"name\":\"Comment\",\"target\":[\"https:\/\/dicodusport.fr\/blog\/championnats-deurope-dathletisme-2022-heptathlon-deuxieme-sacre-europeen-pour-nafissatou-thiam\/#respond\"]}],\"copyrightYear\":\"2022\",\"copyrightHolder\":{\"@id\":\"https:\/\/dicodusport.fr\/blog\/#organization\"}},{\"@type\":\"WebPage\",\"@id\":\"https:\/\/dicodusport.fr\/blog\/championnats-deurope-dathletisme-2022-heptathlon-deuxieme-sacre-europeen-pour-nafissatou-thiam\/\",\"url\":\"https:\/\/dicodusport.fr\/blog\/championnats-deurope-dathletisme-2022-heptathlon-deuxieme-sacre-europeen-pour-nafissatou-thiam\/\",\"name\":\"Championnats d\u2019Europe d\u2019athl\u00e9tisme 2022 - Heptathlon : Deuxi\u00e8me sacre europ\u00e9en pour Nafissatou Thiam !\",\"isPartOf\":{\"@id\":\"https:\/\/dicodusport.fr\/blog\/#website\"},\"primaryImageOfPage\":{\"@id\":\"https:\/\/dicodusport.fr\/blog\/championnats-deurope-dathletisme-2022-heptathlon-deuxieme-sacre-europeen-pour-nafissatou-thiam\/#primaryimage\"},\"image\":{\"@id\":\"https:\/\/dicodusport.fr\/blog\/championnats-deurope-dathletisme-2022-heptathlon-deuxieme-sacre-europeen-pour-nafissatou-thiam\/#primaryimage\"},\"thumbnailUrl\":\"https:\/\/dicodusport.fr\/blog\/wp-content\/uploads\/2022\/08\/Championnats-dEurope-dathletisme-2022-Heptathlon-Deuxieme-sacre-europeen-pour-Nafissatou-Thiam-.jpg\",\"datePublished\":\"2022-08-18T20:32:32+00:00\",\"dateModified\":\"2022-08-19T10:53:14+00:00\",\"description\":\"La reine de l'heptathlon a encore frapp\u00e9. Nafissatou Thiam s'offre un deuxi\u00e8me titre europ\u00e9en devant Sulek et K\u00e4lin.\",\"breadcrumb\":{\"@id\":\"https:\/\/dicodusport.fr\/blog\/championnats-deurope-dathletisme-2022-heptathlon-deuxieme-sacre-europeen-pour-nafissatou-thiam\/#breadcrumb\"},\"inLanguage\":\"fr-FR\",\"potentialAction\":[{\"@type\":\"ReadAction\",\"target\":[\"https:\/\/dicodusport.fr\/blog\/championnats-deurope-dathletisme-2022-heptathlon-deuxieme-sacre-europeen-pour-nafissatou-thiam\/\"]}]},{\"@type\":\"ImageObject\",\"inLanguage\":\"fr-FR\",\"@id\":\"https:\/\/dicodusport.fr\/blog\/championnats-deurope-dathletisme-2022-heptathlon-deuxieme-sacre-europeen-pour-nafissatou-thiam\/#primaryimage\",\"url\":\"https:\/\/dicodusport.fr\/blog\/wp-content\/uploads\/2022\/08\/Championnats-dEurope-dathletisme-2022-Heptathlon-Deuxieme-sacre-europeen-pour-Nafissatou-Thiam-.jpg\",\"contentUrl\":\"https:\/\/dicodusport.fr\/blog\/wp-content\/uploads\/2022\/08\/Championnats-dEurope-dathletisme-2022-Heptathlon-Deuxieme-sacre-europeen-pour-Nafissatou-Thiam-.jpg\",\"width\":800,\"height\":445,\"caption\":\"Championnats d\u2019Europe d\u2019athl\u00e9tisme 2022 - Heptathlon Deuxi\u00e8me sacre europ\u00e9en pour Nafissatou Thiam !\"},{\"@type\":\"BreadcrumbList\",\"@id\":\"https:\/\/dicodusport.fr\/blog\/championnats-deurope-dathletisme-2022-heptathlon-deuxieme-sacre-europeen-pour-nafissatou-thiam\/#breadcrumb\",\"itemListElement\":[{\"@type\":\"ListItem\",\"position\":1,\"name\":\"Accueil\",\"item\":\"https:\/\/dicodusport.fr\/blog\/\"},{\"@type\":\"ListItem\",\"position\":2,\"name\":\"Championnats d\u2019Europe d\u2019athl\u00e9tisme 2022 &#8211; Heptathlon : Deuxi\u00e8me sacre europ\u00e9en pour Nafissatou Thiam !\"}]},{\"@type\":\"WebSite\",\"@id\":\"https:\/\/dicodusport.fr\/blog\/#website\",\"url\":\"https:\/\/dicodusport.fr\/blog\/\",\"name\":\"Dicodusport\",\"description\":\"L&#039;encyclop\u00e9die de l&#039;actualit\u00e9 sportive\",\"publisher\":{\"@id\":\"https:\/\/dicodusport.fr\/blog\/#organization\"},\"potentialAction\":[{\"@type\":\"SearchAction\",\"target\":{\"@type\":\"EntryPoint\",\"urlTemplate\":\"https:\/\/dicodusport.fr\/blog\/?s={search_term_string}\"},\"query-input\":{\"@type\":\"PropertyValueSpecification\",\"valueRequired\":true,\"valueName\":\"search_term_string\"}}],\"inLanguage\":\"fr-FR\"},{\"@type\":\"NewsMediaOrganization\",\"@id\":\"https:\/\/dicodusport.fr\/blog\/#organization\",\"name\":\"Dicodusport\",\"url\":\"https:\/\/dicodusport.fr\/blog\/\",\"logo\":{\"@type\":\"ImageObject\",\"inLanguage\":\"fr-FR\",\"@id\":\"https:\/\/dicodusport.fr\/blog\/#\/schema\/logo\/image\/\",\"url\":\"https:\/\/dicodusport.fr\/blog\/wp-content\/uploads\/2020\/06\/cropped-LOGO-DICODUSPORT-2020-SANS-FOND-SANS-TEXTE.png\",\"contentUrl\":\"https:\/\/dicodusport.fr\/blog\/wp-content\/uploads\/2020\/06\/cropped-LOGO-DICODUSPORT-2020-SANS-FOND-SANS-TEXTE.png\",\"width\":512,\"height\":512,\"caption\":\"Dicodusport\"},\"image\":{\"@id\":\"https:\/\/dicodusport.fr\/blog\/#\/schema\/logo\/image\/\"},\"sameAs\":[\"https:\/\/www.facebook.com\/dicodusport\",\"https:\/\/x.com\/dicodusport\",\"https:\/\/www.instagram.com\/dicodusport\/\",\"https:\/\/www.youtube.com\/channel\/UC7V2KZ5sd3htJivAbA4ZG3w\"],\"description\":\"Dicodusport est l'encyclop\u00e9die de l'actualit\u00e9 sportive.\",\"email\":\"bonjour@dicodusport.fr\",\"legalName\":\"DICODUSPORT\",\"foundingDate\":\"2018-01-14\",\"vatID\":\"FR71834470973\",\"taxID\":\"83447097300043\",\"numberOfEmployees\":{\"@type\":\"QuantitativeValue\",\"minValue\":\"1\",\"maxValue\":\"10\"}},{\"@type\":\"Person\",\"@id\":\"https:\/\/dicodusport.fr\/blog\/#\/schema\/person\/cce96fa88785bd8573e3d43078ac8c79\",\"name\":\"Arlette Yeye\",\"image\":{\"@type\":\"ImageObject\",\"inLanguage\":\"fr-FR\",\"@id\":\"https:\/\/dicodusport.fr\/blog\/#\/schema\/person\/image\/\",\"url\":\"https:\/\/secure.gravatar.com\/avatar\/dca4a6239e6d708e46c45d60e160de6c?s=96&d=wp_user_avatar&r=g\",\"contentUrl\":\"https:\/\/secure.gravatar.com\/avatar\/dca4a6239e6d708e46c45d60e160de6c?s=96&d=wp_user_avatar&r=g\",\"caption\":\"Arlette Yeye\"},\"description\":\"Journaliste\/r\u00e9dactrice depuis septembre 2015 - Supportrice de Chelsea, j'ai pour sports de pr\u00e9dilection le handball, l'athl\u00e9tisme et le tennis. Si je tweete plus vite que mon ombre, vous pouvez aussi me retrouver les week-ends sur les playgrounds de Bruxelles pour un petit foot ou basket entre potes. Parcourir la France, l'Europe et plus si affinit\u00e9s pour suivre mes sportifs pr\u00e9f\u00e9r\u00e9s ? Mon kif ! Et c'est avec plaisir que je partage les r\u00e9sultats des sports populaires mais \u00e9galement plus confidentiels pour Dicodusport.\",\"sameAs\":[\"https:\/\/x.com\/https:\/\/twitter.com\/Shiclette94\"],\"url\":\"https:\/\/dicodusport.fr\/blog\/author\/arlette\/\"}]}<\/script>\n<!-- \/ Yoast SEO Premium plugin. -->","yoast_head_json":{"title":"Championnats d\u2019Europe d\u2019athl\u00e9tisme 2022 - Heptathlon : Deuxi\u00e8me sacre europ\u00e9en pour Nafissatou Thiam !","description":"La reine de l'heptathlon a encore frapp\u00e9. Nafissatou Thiam s'offre un deuxi\u00e8me titre europ\u00e9en devant Sulek et K\u00e4lin.","robots":{"index":"index","follow":"follow","max-snippet":"max-snippet:-1","max-image-preview":"max-image-preview:large","max-video-preview":"max-video-preview:-1"},"canonical":"https:\/\/dicodusport.fr\/blog\/championnats-deurope-dathletisme-2022-heptathlon-deuxieme-sacre-europeen-pour-nafissatou-thiam\/","og_locale":"fr_FR","og_type":"article","og_title":"Championnats d\u2019Europe d\u2019athl\u00e9tisme 2022 - Heptathlon : Deuxi\u00e8me sacre europ\u00e9en pour Nafissatou Thiam !","og_description":"La reine de l'heptathlon a encore frapp\u00e9. Nafissatou Thiam s'offre un deuxi\u00e8me titre europ\u00e9en devant Sulek et K\u00e4lin.","og_url":"https:\/\/dicodusport.fr\/blog\/championnats-deurope-dathletisme-2022-heptathlon-deuxieme-sacre-europeen-pour-nafissatou-thiam\/","og_site_name":"Dicodusport","article_publisher":"https:\/\/www.facebook.com\/dicodusport","article_published_time":"2022-08-18T20:32:32+00:00","article_modified_time":"2022-08-19T10:53:14+00:00","og_image":[{"width":800,"height":445,"url":"https:\/\/dicodusport.fr\/blog\/wp-content\/uploads\/2022\/08\/Championnats-dEurope-dathletisme-2022-Heptathlon-Deuxieme-sacre-europeen-pour-Nafissatou-Thiam-.jpg","type":"image\/jpeg"}],"author":"Arlette Yeye","twitter_card":"summary_large_image","twitter_title":"Championnats d\u2019Europe d\u2019athl\u00e9tisme 2022 - Heptathlon : Deuxi\u00e8me sacre europ\u00e9en pour Nafissatou Thiam !","twitter_creator":"@https:\/\/twitter.com\/Shiclette94","twitter_site":"@dicodusport","schema":{"@context":"https:\/\/schema.org","@graph":[{"@type":"NewsArticle","@id":"https:\/\/dicodusport.fr\/blog\/championnats-deurope-dathletisme-2022-heptathlon-deuxieme-sacre-europeen-pour-nafissatou-thiam\/#article","isPartOf":{"@id":"https:\/\/dicodusport.fr\/blog\/championnats-deurope-dathletisme-2022-heptathlon-deuxieme-sacre-europeen-pour-nafissatou-thiam\/"},"author":{"name":"Arlette Yeye","@id":"https:\/\/dicodusport.fr\/blog\/#\/schema\/person\/cce96fa88785bd8573e3d43078ac8c79"},"headline":"Championnats d\u2019Europe d\u2019athl\u00e9tisme 2022 &#8211; Heptathlon : Deuxi\u00e8me sacre europ\u00e9en pour Nafissatou Thiam !","datePublished":"2022-08-18T20:32:32+00:00","dateModified":"2022-08-19T10:53:14+00:00","mainEntityOfPage":{"@id":"https:\/\/dicodusport.fr\/blog\/championnats-deurope-dathletisme-2022-heptathlon-deuxieme-sacre-europeen-pour-nafissatou-thiam\/"},"wordCount":1031,"commentCount":0,"publisher":{"@id":"https:\/\/dicodusport.fr\/blog\/#organization"},"image":{"@id":"https:\/\/dicodusport.fr\/blog\/championnats-deurope-dathletisme-2022-heptathlon-deuxieme-sacre-europeen-pour-nafissatou-thiam\/#primaryimage"},"thumbnailUrl":"https:\/\/dicodusport.fr\/blog\/wp-content\/uploads\/2022\/08\/Championnats-dEurope-dathletisme-2022-Heptathlon-Deuxieme-sacre-europeen-pour-Nafissatou-Thiam-.jpg","keywords":["Adrianna Sulek","Anouk Vetter","Heptathlon","L\u00e9onie Cambours","Nafissatou Thiam","Noor Vidts"],"articleSection":["Athl\u00e9tisme"],"inLanguage":"fr-FR","potentialAction":[{"@type":"CommentAction","name":"Comment","target":["https:\/\/dicodusport.fr\/blog\/championnats-deurope-dathletisme-2022-heptathlon-deuxieme-sacre-europeen-pour-nafissatou-thiam\/#respond"]}],"copyrightYear":"2022","copyrightHolder":{"@id":"https:\/\/dicodusport.fr\/blog\/#organization"}},{"@type":"WebPage","@id":"https:\/\/dicodusport.fr\/blog\/championnats-deurope-dathletisme-2022-heptathlon-deuxieme-sacre-europeen-pour-nafissatou-thiam\/","url":"https:\/\/dicodusport.fr\/blog\/championnats-deurope-dathletisme-2022-heptathlon-deuxieme-sacre-europeen-pour-nafissatou-thiam\/","name":"Championnats d\u2019Europe d\u2019athl\u00e9tisme 2022 - Heptathlon : Deuxi\u00e8me sacre europ\u00e9en pour Nafissatou Thiam !","isPartOf":{"@id":"https:\/\/dicodusport.fr\/blog\/#website"},"primaryImageOfPage":{"@id":"https:\/\/dicodusport.fr\/blog\/championnats-deurope-dathletisme-2022-heptathlon-deuxieme-sacre-europeen-pour-nafissatou-thiam\/#primaryimage"},"image":{"@id":"https:\/\/dicodusport.fr\/blog\/championnats-deurope-dathletisme-2022-heptathlon-deuxieme-sacre-europeen-pour-nafissatou-thiam\/#primaryimage"},"thumbnailUrl":"https:\/\/dicodusport.fr\/blog\/wp-content\/uploads\/2022\/08\/Championnats-dEurope-dathletisme-2022-Heptathlon-Deuxieme-sacre-europeen-pour-Nafissatou-Thiam-.jpg","datePublished":"2022-08-18T20:32:32+00:00","dateModified":"2022-08-19T10:53:14+00:00","description":"La reine de l'heptathlon a encore frapp\u00e9. Nafissatou Thiam s'offre un deuxi\u00e8me titre europ\u00e9en devant Sulek et K\u00e4lin.","breadcrumb":{"@id":"https:\/\/dicodusport.fr\/blog\/championnats-deurope-dathletisme-2022-heptathlon-deuxieme-sacre-europeen-pour-nafissatou-thiam\/#breadcrumb"},"inLanguage":"fr-FR","potentialAction":[{"@type":"ReadAction","target":["https:\/\/dicodusport.fr\/blog\/championnats-deurope-dathletisme-2022-heptathlon-deuxieme-sacre-europeen-pour-nafissatou-thiam\/"]}]},{"@type":"ImageObject","inLanguage":"fr-FR","@id":"https:\/\/dicodusport.fr\/blog\/championnats-deurope-dathletisme-2022-heptathlon-deuxieme-sacre-europeen-pour-nafissatou-thiam\/#primaryimage","url":"https:\/\/dicodusport.fr\/blog\/wp-content\/uploads\/2022\/08\/Championnats-dEurope-dathletisme-2022-Heptathlon-Deuxieme-sacre-europeen-pour-Nafissatou-Thiam-.jpg","contentUrl":"https:\/\/dicodusport.fr\/blog\/wp-content\/uploads\/2022\/08\/Championnats-dEurope-dathletisme-2022-Heptathlon-Deuxieme-sacre-europeen-pour-Nafissatou-Thiam-.jpg","width":800,"height":445,"caption":"Championnats d\u2019Europe d\u2019athl\u00e9tisme 2022 - Heptathlon Deuxi\u00e8me sacre europ\u00e9en pour Nafissatou Thiam !"},{"@type":"BreadcrumbList","@id":"https:\/\/dicodusport.fr\/blog\/championnats-deurope-dathletisme-2022-heptathlon-deuxieme-sacre-europeen-pour-nafissatou-thiam\/#breadcrumb","itemListElement":[{"@type":"ListItem","position":1,"name":"Accueil","item":"https:\/\/dicodusport.fr\/blog\/"},{"@type":"ListItem","position":2,"name":"Championnats d\u2019Europe d\u2019athl\u00e9tisme 2022 &#8211; Heptathlon : Deuxi\u00e8me sacre europ\u00e9en pour Nafissatou Thiam !"}]},{"@type":"WebSite","@id":"https:\/\/dicodusport.fr\/blog\/#website","url":"https:\/\/dicodusport.fr\/blog\/","name":"Dicodusport","description":"L&#039;encyclop\u00e9die de l&#039;actualit\u00e9 sportive","publisher":{"@id":"https:\/\/dicodusport.fr\/blog\/#organization"},"potentialAction":[{"@type":"SearchAction","target":{"@type":"EntryPoint","urlTemplate":"https:\/\/dicodusport.fr\/blog\/?s={search_term_string}"},"query-input":{"@type":"PropertyValueSpecification","valueRequired":true,"valueName":"search_term_string"}}],"inLanguage":"fr-FR"},{"@type":"NewsMediaOrganization","@id":"https:\/\/dicodusport.fr\/blog\/#organization","name":"Dicodusport","url":"https:\/\/dicodusport.fr\/blog\/","logo":{"@type":"ImageObject","inLanguage":"fr-FR","@id":"https:\/\/dicodusport.fr\/blog\/#\/schema\/logo\/image\/","url":"https:\/\/dicodusport.fr\/blog\/wp-content\/uploads\/2020\/06\/cropped-LOGO-DICODUSPORT-2020-SANS-FOND-SANS-TEXTE.png","contentUrl":"https:\/\/dicodusport.fr\/blog\/wp-content\/uploads\/2020\/06\/cropped-LOGO-DICODUSPORT-2020-SANS-FOND-SANS-TEXTE.png","width":512,"height":512,"caption":"Dicodusport"},"image":{"@id":"https:\/\/dicodusport.fr\/blog\/#\/schema\/logo\/image\/"},"sameAs":["https:\/\/www.facebook.com\/dicodusport","https:\/\/x.com\/dicodusport","https:\/\/www.instagram.com\/dicodusport\/","https:\/\/www.youtube.com\/channel\/UC7V2KZ5sd3htJivAbA4ZG3w"],"description":"Dicodusport est l'encyclop\u00e9die de l'actualit\u00e9 sportive.","email":"bonjour@dicodusport.fr","legalName":"DICODUSPORT","foundingDate":"2018-01-14","vatID":"FR71834470973","taxID":"83447097300043","numberOfEmployees":{"@type":"QuantitativeValue","minValue":"1","maxValue":"10"}},{"@type":"Person","@id":"https:\/\/dicodusport.fr\/blog\/#\/schema\/person\/cce96fa88785bd8573e3d43078ac8c79","name":"Arlette Yeye","image":{"@type":"ImageObject","inLanguage":"fr-FR","@id":"https:\/\/dicodusport.fr\/blog\/#\/schema\/person\/image\/","url":"https:\/\/secure.gravatar.com\/avatar\/dca4a6239e6d708e46c45d60e160de6c?s=96&d=wp_user_avatar&r=g","contentUrl":"https:\/\/secure.gravatar.com\/avatar\/dca4a6239e6d708e46c45d60e160de6c?s=96&d=wp_user_avatar&r=g","caption":"Arlette Yeye"},"description":"Journaliste\/r\u00e9dactrice depuis septembre 2015 - Supportrice de Chelsea, j'ai pour sports de pr\u00e9dilection le handball, l'athl\u00e9tisme et le tennis. Si je tweete plus vite que mon ombre, vous pouvez aussi me retrouver les week-ends sur les playgrounds de Bruxelles pour un petit foot ou basket entre potes. Parcourir la France, l'Europe et plus si affinit\u00e9s pour suivre mes sportifs pr\u00e9f\u00e9r\u00e9s ? Mon kif ! Et c'est avec plaisir que je partage les r\u00e9sultats des sports populaires mais \u00e9galement plus confidentiels pour Dicodusport.","sameAs":["https:\/\/x.com\/https:\/\/twitter.com\/Shiclette94"],"url":"https:\/\/dicodusport.fr\/blog\/author\/arlette\/"}]}},"_links":{"self":[{"href":"https:\/\/dicodusport.fr\/blog\/wp-json\/wp\/v2\/posts\/253283","targetHints":{"allow":["GET"]}}],"collection":[{"href":"https:\/\/dicodusport.fr\/blog\/wp-json\/wp\/v2\/posts"}],"about":[{"href":"https:\/\/dicodusport.fr\/blog\/wp-json\/wp\/v2\/types\/post"}],"author":[{"embeddable":true,"href":"https:\/\/dicodusport.fr\/blog\/wp-json\/wp\/v2\/users\/12"}],"replies":[{"embeddable":true,"href":"https:\/\/dicodusport.fr\/blog\/wp-json\/wp\/v2\/comments?post=253283"}],"version-history":[{"count":0,"href":"https:\/\/dicodusport.fr\/blog\/wp-json\/wp\/v2\/posts\/253283\/revisions"}],"wp:featuredmedia":[{"embeddable":true,"href":"https:\/\/dicodusport.fr\/blog\/wp-json\/wp\/v2\/media\/253606"}],"wp:attachment":[{"href":"https:\/\/dicodusport.fr\/blog\/wp-json\/wp\/v2\/media?parent=253283"}],"wp:term":[{"taxonomy":"category","embeddable":true,"href":"https:\/\/dicodusport.fr\/blog\/wp-json\/wp\/v2\/categories?post=253283"},{"taxonomy":"post_tag","embeddable":true,"href":"https:\/\/dicodusport.fr\/blog\/wp-json\/wp\/v2\/tags?post=253283"}],"curies":[{"name":"wp","href":"https:\/\/api.w.org\/{rel}","templated":true}]}}