{"id":253360,"date":"2022-08-18T13:14:30","date_gmt":"2022-08-18T11:14:30","guid":{"rendered":"https:\/\/dicodusport.fr\/blog\/?p=253360&#038;preview=true&#038;preview_id=253360"},"modified":"2022-08-18T14:00:20","modified_gmt":"2022-08-18T12:00:20","slug":"championnats-deurope-dathletisme-2022-anouk-vetter-abandonne-lheptathlon","status":"publish","type":"post","link":"https:\/\/dicodusport.fr\/blog\/championnats-deurope-dathletisme-2022-anouk-vetter-abandonne-lheptathlon\/","title":{"rendered":"Championnats d&rsquo;Europe d&rsquo;athl\u00e9tisme 2022 : Anouk Vetter abandonne l&rsquo;heptathlon"},"content":{"rendered":"<p style=\"text-align: justify;\"><strong><em><a style=\"font-weight: bold;\" title=\"Programme et r\u00e9sultats Athl\u00e9tisme Championnats d\u2019Europe 2022\" href=\"https:\/\/dicodusport.fr\/blog\/programme-et-resultats-athletisme-championnats-deurope-2022\/\" target=\"_blank\" rel=\"noopener\">CHAMPIONNATS D&rsquo;EUROPE D&rsquo;ATHL\u00c9TISME 2022<\/a> &#8211; Touch\u00e9e au talon d&rsquo;Achille, Anouk Vetter a mis un terme \u00e0 son heptathlon apr\u00e8s 5 \u00e9preuves.<\/em><\/strong><\/p>\n<p style=\"text-align: justify;\">C&rsquo;est la plus grande concurrente de Nafi Thiam qui vient d&rsquo;abandonner. <a title=\"Athl\u00e9tisme Europe 2022 \u2013 Classement de l\u2019heptathlon\" href=\"https:\/\/dicodusport.fr\/blog\/athletisme-europe-2022-classement-de-lheptathlon\/\" target=\"_blank\" rel=\"noopener\">5e de l&rsquo;heptathlon<\/a> avant le lancer du javelot, <strong>Anouk Vetter<\/strong> aurait d\u00fb prendre beaucoup de points \u00e0 cette \u00e9preuve pour aller chercher la m\u00e9daille. Seulement, la N\u00e9erlandaise \u00e9tait touch\u00e9e au tendon d&rsquo;Achille et dans l&rsquo;impossibilit\u00e9 de lancer.<\/p>\n<blockquote><p>J&rsquo;ai trop mal au tendon d&rsquo;Achille pour pouvoir lancer. Je suis un peu d\u00e9\u00e7ue maintenant, mais j&rsquo;ai fait une bonne saison.<\/p><\/blockquote>\n<p style=\"text-align: justify;\">Effectivement, vainqueur de l&rsquo;<strong>Hypo-Meeting de G\u00f6tzis<\/strong> en mai dernier et <a href=\"https:\/\/dicodusport.fr\/blog\/mondiaux-dathletisme-2022-heptathlon-deuxieme-titre-mondial-pour-nafissatou-thiam\/\" target=\"_blank\" rel=\"noopener\"><strong>vice-championne du monde \u00e0 Eugene<\/strong><\/a> avec un nouveau <strong>record personnel<\/strong> et le <strong>record des Pays-Bas<\/strong>, la saison d&rsquo;Anouk Vetter est plus que r\u00e9ussie.<\/p>\n<p style=\"text-align: justify;\">Apr\u00e8s l&rsquo;abandon d&rsquo;<strong>Emma Oosterwegel<\/strong> <a href=\"https:\/\/dicodusport.fr\/blog\/championnats-deurope-dathletisme-2022-heptathlon-nafissatou-thiam-en-tete-apres-4-epreuves\/\" target=\"_blank\" rel=\"noopener\">d\u00e8s le 100 m haies<\/a>, c&rsquo;est un coup dur pour les Pays-Bas qui n&rsquo;ont plus de repr\u00e9sentante.<\/p>\n<blockquote class=\"twitter-tweet\">\n<p dir=\"ltr\" lang=\"en\">Olympic and world heptathlon silver medallist Anouk Vetter &#x1f1f3;&#x1f1f1; is a DNS in the heptathlon javelin due to Achilles tendon pain.<a href=\"https:\/\/twitter.com\/hashtag\/Munich2022?src=hash&amp;ref_src=twsrc%5Etfw\">#Munich2022<\/a> <a href=\"https:\/\/twitter.com\/hashtag\/BackToTheRoofs?src=hash&amp;ref_src=twsrc%5Etfw\">#BackToTheRoofs<\/a> <a href=\"https:\/\/t.co\/D1LZVivkNC\">pic.twitter.com\/D1LZVivkNC<\/a><\/p>\n<p>\u2014 European Athletics (@EuroAthletics) <a href=\"https:\/\/twitter.com\/EuroAthletics\/status\/1560219874798051328?ref_src=twsrc%5Etfw\">August 18, 2022<\/a><\/p><\/blockquote>\n<p><script async src=\"https:\/\/platform.twitter.com\/widgets.js\" charset=\"utf-8\"><\/script><\/p>\n<p>&nbsp;<\/p>\n","protected":false},"excerpt":{"rendered":"<p>CHAMPIONNATS D&rsquo;EUROPE D&rsquo;ATHL\u00c9TISME 2022 &#8211; Touch\u00e9e au talon d&rsquo;Achille, Anouk Vetter a mis un terme \u00e0 son heptathlon apr\u00e8s 5 \u00e9preuves.<\/p>\n","protected":false},"author":12,"featured_media":253371,"comment_status":"open","ping_status":"closed","sticky":false,"template":"","format":"standard","meta":{"_acf_changed":false,"_daextam_enable_autolinks":"","footnotes":""},"categories":[2308],"tags":[18426,6691],"class_list":["post-253360","post","type-post","status-publish","format-standard","has-post-thumbnail","hentry","category-athletisme","tag-anouk-vetter","tag-heptathlon"],"acf":[],"yoast_head":"<!-- This site is optimized with the Yoast SEO Premium plugin v26.7 (Yoast SEO v26.7) - https:\/\/yoast.com\/wordpress\/plugins\/seo\/ -->\n<title>Championnats d&#039;Europe d&#039;athl\u00e9tisme 2022 : Anouk Vetter abandonne l&#039;heptathlon<\/title>\n<meta name=\"description\" content=\"CHAMPIONNATS D&#039;EUROPE D&#039;ATHL\u00c9TISME 2022 - Touch\u00e9e au talon d&#039;Achille, Anouk Vetter a mis un terme \u00e0 son heptathlon apr\u00e8s 5 \u00e9preuves.\" \/>\n<meta name=\"robots\" content=\"index, follow, max-snippet:-1, max-image-preview:large, max-video-preview:-1\" \/>\n<link rel=\"canonical\" href=\"https:\/\/dicodusport.fr\/blog\/championnats-deurope-dathletisme-2022-anouk-vetter-abandonne-lheptathlon\/\" \/>\n<meta property=\"og:locale\" content=\"fr_FR\" \/>\n<meta property=\"og:type\" content=\"article\" \/>\n<meta property=\"og:title\" content=\"Championnats d&#039;Europe d&#039;athl\u00e9tisme 2022 : Anouk Vetter abandonne l&#039;heptathlon\" \/>\n<meta property=\"og:description\" content=\"CHAMPIONNATS D&#039;EUROPE D&#039;ATHL\u00c9TISME 2022 - Touch\u00e9e au talon d&#039;Achille, Anouk Vetter a mis un terme \u00e0 son heptathlon apr\u00e8s 5 \u00e9preuves.\" \/>\n<meta property=\"og:url\" content=\"https:\/\/dicodusport.fr\/blog\/championnats-deurope-dathletisme-2022-anouk-vetter-abandonne-lheptathlon\/\" \/>\n<meta property=\"og:site_name\" content=\"Dicodusport\" \/>\n<meta property=\"article:publisher\" content=\"https:\/\/www.facebook.com\/dicodusport\" \/>\n<meta property=\"article:published_time\" content=\"2022-08-18T11:14:30+00:00\" \/>\n<meta property=\"article:modified_time\" content=\"2022-08-18T12:00:20+00:00\" \/>\n<meta property=\"og:image\" content=\"https:\/\/dicodusport.fr\/blog\/wp-content\/uploads\/2022\/08\/Championnats-dEurope-dathletisme-2022-Anouk-Vetter-abandonne-lheptathlon.jpg\" \/>\n\t<meta property=\"og:image:width\" content=\"800\" \/>\n\t<meta property=\"og:image:height\" content=\"445\" \/>\n\t<meta property=\"og:image:type\" content=\"image\/jpeg\" \/>\n<meta name=\"author\" content=\"Arlette Yeye\" \/>\n<meta name=\"twitter:card\" content=\"summary_large_image\" \/>\n<meta name=\"twitter:title\" content=\"Championnats d&#039;Europe d&#039;athl\u00e9tisme 2022 : Anouk Vetter abandonne l&#039;heptathlon\" \/>\n<meta name=\"twitter:creator\" content=\"@https:\/\/twitter.com\/Shiclette94\" \/>\n<meta name=\"twitter:site\" content=\"@dicodusport\" \/>\n<script type=\"application\/ld+json\" class=\"yoast-schema-graph\">{\"@context\":\"https:\/\/schema.org\",\"@graph\":[{\"@type\":\"NewsArticle\",\"@id\":\"https:\/\/dicodusport.fr\/blog\/championnats-deurope-dathletisme-2022-anouk-vetter-abandonne-lheptathlon\/#article\",\"isPartOf\":{\"@id\":\"https:\/\/dicodusport.fr\/blog\/championnats-deurope-dathletisme-2022-anouk-vetter-abandonne-lheptathlon\/\"},\"author\":{\"name\":\"Arlette Yeye\",\"@id\":\"https:\/\/dicodusport.fr\/blog\/#\/schema\/person\/cce96fa88785bd8573e3d43078ac8c79\"},\"headline\":\"Championnats d&rsquo;Europe d&rsquo;athl\u00e9tisme 2022 : Anouk Vetter abandonne l&rsquo;heptathlon\",\"datePublished\":\"2022-08-18T11:14:30+00:00\",\"dateModified\":\"2022-08-18T12:00:20+00:00\",\"mainEntityOfPage\":{\"@id\":\"https:\/\/dicodusport.fr\/blog\/championnats-deurope-dathletisme-2022-anouk-vetter-abandonne-lheptathlon\/\"},\"wordCount\":216,\"commentCount\":0,\"publisher\":{\"@id\":\"https:\/\/dicodusport.fr\/blog\/#organization\"},\"image\":{\"@id\":\"https:\/\/dicodusport.fr\/blog\/championnats-deurope-dathletisme-2022-anouk-vetter-abandonne-lheptathlon\/#primaryimage\"},\"thumbnailUrl\":\"https:\/\/dicodusport.fr\/blog\/wp-content\/uploads\/2022\/08\/Championnats-dEurope-dathletisme-2022-Anouk-Vetter-abandonne-lheptathlon.jpg\",\"keywords\":[\"Anouk Vetter\",\"Heptathlon\"],\"articleSection\":[\"Athl\u00e9tisme\"],\"inLanguage\":\"fr-FR\",\"potentialAction\":[{\"@type\":\"CommentAction\",\"name\":\"Comment\",\"target\":[\"https:\/\/dicodusport.fr\/blog\/championnats-deurope-dathletisme-2022-anouk-vetter-abandonne-lheptathlon\/#respond\"]}],\"copyrightYear\":\"2022\",\"copyrightHolder\":{\"@id\":\"https:\/\/dicodusport.fr\/blog\/#organization\"}},{\"@type\":\"WebPage\",\"@id\":\"https:\/\/dicodusport.fr\/blog\/championnats-deurope-dathletisme-2022-anouk-vetter-abandonne-lheptathlon\/\",\"url\":\"https:\/\/dicodusport.fr\/blog\/championnats-deurope-dathletisme-2022-anouk-vetter-abandonne-lheptathlon\/\",\"name\":\"Championnats d'Europe d'athl\u00e9tisme 2022 : Anouk Vetter abandonne l'heptathlon\",\"isPartOf\":{\"@id\":\"https:\/\/dicodusport.fr\/blog\/#website\"},\"primaryImageOfPage\":{\"@id\":\"https:\/\/dicodusport.fr\/blog\/championnats-deurope-dathletisme-2022-anouk-vetter-abandonne-lheptathlon\/#primaryimage\"},\"image\":{\"@id\":\"https:\/\/dicodusport.fr\/blog\/championnats-deurope-dathletisme-2022-anouk-vetter-abandonne-lheptathlon\/#primaryimage\"},\"thumbnailUrl\":\"https:\/\/dicodusport.fr\/blog\/wp-content\/uploads\/2022\/08\/Championnats-dEurope-dathletisme-2022-Anouk-Vetter-abandonne-lheptathlon.jpg\",\"datePublished\":\"2022-08-18T11:14:30+00:00\",\"dateModified\":\"2022-08-18T12:00:20+00:00\",\"description\":\"CHAMPIONNATS D'EUROPE D'ATHL\u00c9TISME 2022 - Touch\u00e9e au talon d'Achille, Anouk Vetter a mis un terme \u00e0 son heptathlon apr\u00e8s 5 \u00e9preuves.\",\"breadcrumb\":{\"@id\":\"https:\/\/dicodusport.fr\/blog\/championnats-deurope-dathletisme-2022-anouk-vetter-abandonne-lheptathlon\/#breadcrumb\"},\"inLanguage\":\"fr-FR\",\"potentialAction\":[{\"@type\":\"ReadAction\",\"target\":[\"https:\/\/dicodusport.fr\/blog\/championnats-deurope-dathletisme-2022-anouk-vetter-abandonne-lheptathlon\/\"]}]},{\"@type\":\"ImageObject\",\"inLanguage\":\"fr-FR\",\"@id\":\"https:\/\/dicodusport.fr\/blog\/championnats-deurope-dathletisme-2022-anouk-vetter-abandonne-lheptathlon\/#primaryimage\",\"url\":\"https:\/\/dicodusport.fr\/blog\/wp-content\/uploads\/2022\/08\/Championnats-dEurope-dathletisme-2022-Anouk-Vetter-abandonne-lheptathlon.jpg\",\"contentUrl\":\"https:\/\/dicodusport.fr\/blog\/wp-content\/uploads\/2022\/08\/Championnats-dEurope-dathletisme-2022-Anouk-Vetter-abandonne-lheptathlon.jpg\",\"width\":800,\"height\":445,\"caption\":\"Championnats d'Europe d'athl\u00e9tisme 2022 Anouk Vetter abandonne l'heptathlon\"},{\"@type\":\"BreadcrumbList\",\"@id\":\"https:\/\/dicodusport.fr\/blog\/championnats-deurope-dathletisme-2022-anouk-vetter-abandonne-lheptathlon\/#breadcrumb\",\"itemListElement\":[{\"@type\":\"ListItem\",\"position\":1,\"name\":\"Accueil\",\"item\":\"https:\/\/dicodusport.fr\/blog\/\"},{\"@type\":\"ListItem\",\"position\":2,\"name\":\"Championnats d&rsquo;Europe d&rsquo;athl\u00e9tisme 2022 : Anouk Vetter abandonne l&rsquo;heptathlon\"}]},{\"@type\":\"WebSite\",\"@id\":\"https:\/\/dicodusport.fr\/blog\/#website\",\"url\":\"https:\/\/dicodusport.fr\/blog\/\",\"name\":\"Dicodusport\",\"description\":\"L&#039;encyclop\u00e9die de l&#039;actualit\u00e9 sportive\",\"publisher\":{\"@id\":\"https:\/\/dicodusport.fr\/blog\/#organization\"},\"potentialAction\":[{\"@type\":\"SearchAction\",\"target\":{\"@type\":\"EntryPoint\",\"urlTemplate\":\"https:\/\/dicodusport.fr\/blog\/?s={search_term_string}\"},\"query-input\":{\"@type\":\"PropertyValueSpecification\",\"valueRequired\":true,\"valueName\":\"search_term_string\"}}],\"inLanguage\":\"fr-FR\"},{\"@type\":\"NewsMediaOrganization\",\"@id\":\"https:\/\/dicodusport.fr\/blog\/#organization\",\"name\":\"Dicodusport\",\"url\":\"https:\/\/dicodusport.fr\/blog\/\",\"logo\":{\"@type\":\"ImageObject\",\"inLanguage\":\"fr-FR\",\"@id\":\"https:\/\/dicodusport.fr\/blog\/#\/schema\/logo\/image\/\",\"url\":\"https:\/\/dicodusport.fr\/blog\/wp-content\/uploads\/2020\/06\/cropped-LOGO-DICODUSPORT-2020-SANS-FOND-SANS-TEXTE.png\",\"contentUrl\":\"https:\/\/dicodusport.fr\/blog\/wp-content\/uploads\/2020\/06\/cropped-LOGO-DICODUSPORT-2020-SANS-FOND-SANS-TEXTE.png\",\"width\":512,\"height\":512,\"caption\":\"Dicodusport\"},\"image\":{\"@id\":\"https:\/\/dicodusport.fr\/blog\/#\/schema\/logo\/image\/\"},\"sameAs\":[\"https:\/\/www.facebook.com\/dicodusport\",\"https:\/\/x.com\/dicodusport\",\"https:\/\/www.instagram.com\/dicodusport\/\",\"https:\/\/www.youtube.com\/channel\/UC7V2KZ5sd3htJivAbA4ZG3w\"],\"description\":\"Dicodusport est l'encyclop\u00e9die de l'actualit\u00e9 sportive.\",\"email\":\"bonjour@dicodusport.fr\",\"legalName\":\"DICODUSPORT\",\"foundingDate\":\"2018-01-14\",\"vatID\":\"FR71834470973\",\"taxID\":\"83447097300043\",\"numberOfEmployees\":{\"@type\":\"QuantitativeValue\",\"minValue\":\"1\",\"maxValue\":\"10\"}},{\"@type\":\"Person\",\"@id\":\"https:\/\/dicodusport.fr\/blog\/#\/schema\/person\/cce96fa88785bd8573e3d43078ac8c79\",\"name\":\"Arlette Yeye\",\"image\":{\"@type\":\"ImageObject\",\"inLanguage\":\"fr-FR\",\"@id\":\"https:\/\/dicodusport.fr\/blog\/#\/schema\/person\/image\/\",\"url\":\"https:\/\/secure.gravatar.com\/avatar\/dca4a6239e6d708e46c45d60e160de6c?s=96&d=wp_user_avatar&r=g\",\"contentUrl\":\"https:\/\/secure.gravatar.com\/avatar\/dca4a6239e6d708e46c45d60e160de6c?s=96&d=wp_user_avatar&r=g\",\"caption\":\"Arlette Yeye\"},\"description\":\"Journaliste\/r\u00e9dactrice depuis septembre 2015 - Supportrice de Chelsea, j'ai pour sports de pr\u00e9dilection le handball, l'athl\u00e9tisme et le tennis. Si je tweete plus vite que mon ombre, vous pouvez aussi me retrouver les week-ends sur les playgrounds de Bruxelles pour un petit foot ou basket entre potes. Parcourir la France, l'Europe et plus si affinit\u00e9s pour suivre mes sportifs pr\u00e9f\u00e9r\u00e9s ? Mon kif ! Et c'est avec plaisir que je partage les r\u00e9sultats des sports populaires mais \u00e9galement plus confidentiels pour Dicodusport.\",\"sameAs\":[\"https:\/\/x.com\/https:\/\/twitter.com\/Shiclette94\"],\"url\":\"https:\/\/dicodusport.fr\/blog\/author\/arlette\/\"}]}<\/script>\n<!-- \/ Yoast SEO Premium plugin. -->","yoast_head_json":{"title":"Championnats d'Europe d'athl\u00e9tisme 2022 : Anouk Vetter abandonne l'heptathlon","description":"CHAMPIONNATS D'EUROPE D'ATHL\u00c9TISME 2022 - Touch\u00e9e au talon d'Achille, Anouk Vetter a mis un terme \u00e0 son heptathlon apr\u00e8s 5 \u00e9preuves.","robots":{"index":"index","follow":"follow","max-snippet":"max-snippet:-1","max-image-preview":"max-image-preview:large","max-video-preview":"max-video-preview:-1"},"canonical":"https:\/\/dicodusport.fr\/blog\/championnats-deurope-dathletisme-2022-anouk-vetter-abandonne-lheptathlon\/","og_locale":"fr_FR","og_type":"article","og_title":"Championnats d'Europe d'athl\u00e9tisme 2022 : Anouk Vetter abandonne l'heptathlon","og_description":"CHAMPIONNATS D'EUROPE D'ATHL\u00c9TISME 2022 - Touch\u00e9e au talon d'Achille, Anouk Vetter a mis un terme \u00e0 son heptathlon apr\u00e8s 5 \u00e9preuves.","og_url":"https:\/\/dicodusport.fr\/blog\/championnats-deurope-dathletisme-2022-anouk-vetter-abandonne-lheptathlon\/","og_site_name":"Dicodusport","article_publisher":"https:\/\/www.facebook.com\/dicodusport","article_published_time":"2022-08-18T11:14:30+00:00","article_modified_time":"2022-08-18T12:00:20+00:00","og_image":[{"width":800,"height":445,"url":"https:\/\/dicodusport.fr\/blog\/wp-content\/uploads\/2022\/08\/Championnats-dEurope-dathletisme-2022-Anouk-Vetter-abandonne-lheptathlon.jpg","type":"image\/jpeg"}],"author":"Arlette Yeye","twitter_card":"summary_large_image","twitter_title":"Championnats d'Europe d'athl\u00e9tisme 2022 : Anouk Vetter abandonne l'heptathlon","twitter_creator":"@https:\/\/twitter.com\/Shiclette94","twitter_site":"@dicodusport","schema":{"@context":"https:\/\/schema.org","@graph":[{"@type":"NewsArticle","@id":"https:\/\/dicodusport.fr\/blog\/championnats-deurope-dathletisme-2022-anouk-vetter-abandonne-lheptathlon\/#article","isPartOf":{"@id":"https:\/\/dicodusport.fr\/blog\/championnats-deurope-dathletisme-2022-anouk-vetter-abandonne-lheptathlon\/"},"author":{"name":"Arlette Yeye","@id":"https:\/\/dicodusport.fr\/blog\/#\/schema\/person\/cce96fa88785bd8573e3d43078ac8c79"},"headline":"Championnats d&rsquo;Europe d&rsquo;athl\u00e9tisme 2022 : Anouk Vetter abandonne l&rsquo;heptathlon","datePublished":"2022-08-18T11:14:30+00:00","dateModified":"2022-08-18T12:00:20+00:00","mainEntityOfPage":{"@id":"https:\/\/dicodusport.fr\/blog\/championnats-deurope-dathletisme-2022-anouk-vetter-abandonne-lheptathlon\/"},"wordCount":216,"commentCount":0,"publisher":{"@id":"https:\/\/dicodusport.fr\/blog\/#organization"},"image":{"@id":"https:\/\/dicodusport.fr\/blog\/championnats-deurope-dathletisme-2022-anouk-vetter-abandonne-lheptathlon\/#primaryimage"},"thumbnailUrl":"https:\/\/dicodusport.fr\/blog\/wp-content\/uploads\/2022\/08\/Championnats-dEurope-dathletisme-2022-Anouk-Vetter-abandonne-lheptathlon.jpg","keywords":["Anouk Vetter","Heptathlon"],"articleSection":["Athl\u00e9tisme"],"inLanguage":"fr-FR","potentialAction":[{"@type":"CommentAction","name":"Comment","target":["https:\/\/dicodusport.fr\/blog\/championnats-deurope-dathletisme-2022-anouk-vetter-abandonne-lheptathlon\/#respond"]}],"copyrightYear":"2022","copyrightHolder":{"@id":"https:\/\/dicodusport.fr\/blog\/#organization"}},{"@type":"WebPage","@id":"https:\/\/dicodusport.fr\/blog\/championnats-deurope-dathletisme-2022-anouk-vetter-abandonne-lheptathlon\/","url":"https:\/\/dicodusport.fr\/blog\/championnats-deurope-dathletisme-2022-anouk-vetter-abandonne-lheptathlon\/","name":"Championnats d'Europe d'athl\u00e9tisme 2022 : Anouk Vetter abandonne l'heptathlon","isPartOf":{"@id":"https:\/\/dicodusport.fr\/blog\/#website"},"primaryImageOfPage":{"@id":"https:\/\/dicodusport.fr\/blog\/championnats-deurope-dathletisme-2022-anouk-vetter-abandonne-lheptathlon\/#primaryimage"},"image":{"@id":"https:\/\/dicodusport.fr\/blog\/championnats-deurope-dathletisme-2022-anouk-vetter-abandonne-lheptathlon\/#primaryimage"},"thumbnailUrl":"https:\/\/dicodusport.fr\/blog\/wp-content\/uploads\/2022\/08\/Championnats-dEurope-dathletisme-2022-Anouk-Vetter-abandonne-lheptathlon.jpg","datePublished":"2022-08-18T11:14:30+00:00","dateModified":"2022-08-18T12:00:20+00:00","description":"CHAMPIONNATS D'EUROPE D'ATHL\u00c9TISME 2022 - Touch\u00e9e au talon d'Achille, Anouk Vetter a mis un terme \u00e0 son heptathlon apr\u00e8s 5 \u00e9preuves.","breadcrumb":{"@id":"https:\/\/dicodusport.fr\/blog\/championnats-deurope-dathletisme-2022-anouk-vetter-abandonne-lheptathlon\/#breadcrumb"},"inLanguage":"fr-FR","potentialAction":[{"@type":"ReadAction","target":["https:\/\/dicodusport.fr\/blog\/championnats-deurope-dathletisme-2022-anouk-vetter-abandonne-lheptathlon\/"]}]},{"@type":"ImageObject","inLanguage":"fr-FR","@id":"https:\/\/dicodusport.fr\/blog\/championnats-deurope-dathletisme-2022-anouk-vetter-abandonne-lheptathlon\/#primaryimage","url":"https:\/\/dicodusport.fr\/blog\/wp-content\/uploads\/2022\/08\/Championnats-dEurope-dathletisme-2022-Anouk-Vetter-abandonne-lheptathlon.jpg","contentUrl":"https:\/\/dicodusport.fr\/blog\/wp-content\/uploads\/2022\/08\/Championnats-dEurope-dathletisme-2022-Anouk-Vetter-abandonne-lheptathlon.jpg","width":800,"height":445,"caption":"Championnats d'Europe d'athl\u00e9tisme 2022 Anouk Vetter abandonne l'heptathlon"},{"@type":"BreadcrumbList","@id":"https:\/\/dicodusport.fr\/blog\/championnats-deurope-dathletisme-2022-anouk-vetter-abandonne-lheptathlon\/#breadcrumb","itemListElement":[{"@type":"ListItem","position":1,"name":"Accueil","item":"https:\/\/dicodusport.fr\/blog\/"},{"@type":"ListItem","position":2,"name":"Championnats d&rsquo;Europe d&rsquo;athl\u00e9tisme 2022 : Anouk Vetter abandonne l&rsquo;heptathlon"}]},{"@type":"WebSite","@id":"https:\/\/dicodusport.fr\/blog\/#website","url":"https:\/\/dicodusport.fr\/blog\/","name":"Dicodusport","description":"L&#039;encyclop\u00e9die de l&#039;actualit\u00e9 sportive","publisher":{"@id":"https:\/\/dicodusport.fr\/blog\/#organization"},"potentialAction":[{"@type":"SearchAction","target":{"@type":"EntryPoint","urlTemplate":"https:\/\/dicodusport.fr\/blog\/?s={search_term_string}"},"query-input":{"@type":"PropertyValueSpecification","valueRequired":true,"valueName":"search_term_string"}}],"inLanguage":"fr-FR"},{"@type":"NewsMediaOrganization","@id":"https:\/\/dicodusport.fr\/blog\/#organization","name":"Dicodusport","url":"https:\/\/dicodusport.fr\/blog\/","logo":{"@type":"ImageObject","inLanguage":"fr-FR","@id":"https:\/\/dicodusport.fr\/blog\/#\/schema\/logo\/image\/","url":"https:\/\/dicodusport.fr\/blog\/wp-content\/uploads\/2020\/06\/cropped-LOGO-DICODUSPORT-2020-SANS-FOND-SANS-TEXTE.png","contentUrl":"https:\/\/dicodusport.fr\/blog\/wp-content\/uploads\/2020\/06\/cropped-LOGO-DICODUSPORT-2020-SANS-FOND-SANS-TEXTE.png","width":512,"height":512,"caption":"Dicodusport"},"image":{"@id":"https:\/\/dicodusport.fr\/blog\/#\/schema\/logo\/image\/"},"sameAs":["https:\/\/www.facebook.com\/dicodusport","https:\/\/x.com\/dicodusport","https:\/\/www.instagram.com\/dicodusport\/","https:\/\/www.youtube.com\/channel\/UC7V2KZ5sd3htJivAbA4ZG3w"],"description":"Dicodusport est l'encyclop\u00e9die de l'actualit\u00e9 sportive.","email":"bonjour@dicodusport.fr","legalName":"DICODUSPORT","foundingDate":"2018-01-14","vatID":"FR71834470973","taxID":"83447097300043","numberOfEmployees":{"@type":"QuantitativeValue","minValue":"1","maxValue":"10"}},{"@type":"Person","@id":"https:\/\/dicodusport.fr\/blog\/#\/schema\/person\/cce96fa88785bd8573e3d43078ac8c79","name":"Arlette Yeye","image":{"@type":"ImageObject","inLanguage":"fr-FR","@id":"https:\/\/dicodusport.fr\/blog\/#\/schema\/person\/image\/","url":"https:\/\/secure.gravatar.com\/avatar\/dca4a6239e6d708e46c45d60e160de6c?s=96&d=wp_user_avatar&r=g","contentUrl":"https:\/\/secure.gravatar.com\/avatar\/dca4a6239e6d708e46c45d60e160de6c?s=96&d=wp_user_avatar&r=g","caption":"Arlette Yeye"},"description":"Journaliste\/r\u00e9dactrice depuis septembre 2015 - Supportrice de Chelsea, j'ai pour sports de pr\u00e9dilection le handball, l'athl\u00e9tisme et le tennis. Si je tweete plus vite que mon ombre, vous pouvez aussi me retrouver les week-ends sur les playgrounds de Bruxelles pour un petit foot ou basket entre potes. Parcourir la France, l'Europe et plus si affinit\u00e9s pour suivre mes sportifs pr\u00e9f\u00e9r\u00e9s ? Mon kif ! Et c'est avec plaisir que je partage les r\u00e9sultats des sports populaires mais \u00e9galement plus confidentiels pour Dicodusport.","sameAs":["https:\/\/x.com\/https:\/\/twitter.com\/Shiclette94"],"url":"https:\/\/dicodusport.fr\/blog\/author\/arlette\/"}]}},"_links":{"self":[{"href":"https:\/\/dicodusport.fr\/blog\/wp-json\/wp\/v2\/posts\/253360","targetHints":{"allow":["GET"]}}],"collection":[{"href":"https:\/\/dicodusport.fr\/blog\/wp-json\/wp\/v2\/posts"}],"about":[{"href":"https:\/\/dicodusport.fr\/blog\/wp-json\/wp\/v2\/types\/post"}],"author":[{"embeddable":true,"href":"https:\/\/dicodusport.fr\/blog\/wp-json\/wp\/v2\/users\/12"}],"replies":[{"embeddable":true,"href":"https:\/\/dicodusport.fr\/blog\/wp-json\/wp\/v2\/comments?post=253360"}],"version-history":[{"count":0,"href":"https:\/\/dicodusport.fr\/blog\/wp-json\/wp\/v2\/posts\/253360\/revisions"}],"wp:featuredmedia":[{"embeddable":true,"href":"https:\/\/dicodusport.fr\/blog\/wp-json\/wp\/v2\/media\/253371"}],"wp:attachment":[{"href":"https:\/\/dicodusport.fr\/blog\/wp-json\/wp\/v2\/media?parent=253360"}],"wp:term":[{"taxonomy":"category","embeddable":true,"href":"https:\/\/dicodusport.fr\/blog\/wp-json\/wp\/v2\/categories?post=253360"},{"taxonomy":"post_tag","embeddable":true,"href":"https:\/\/dicodusport.fr\/blog\/wp-json\/wp\/v2\/tags?post=253360"}],"curies":[{"name":"wp","href":"https:\/\/api.w.org\/{rel}","templated":true}]}}