{"id":253391,"date":"2022-08-19T09:30:47","date_gmt":"2022-08-19T07:30:47","guid":{"rendered":"https:\/\/dicodusport.fr\/blog\/?p=253391&#038;preview=true&#038;preview_id=253391"},"modified":"2022-08-18T20:49:17","modified_gmt":"2022-08-18T18:49:17","slug":"le-retour-deugenie-bouchard-a-la-competition-un-an-et-demi-plus-tard","status":"publish","type":"post","link":"https:\/\/dicodusport.fr\/blog\/le-retour-deugenie-bouchard-a-la-competition-un-an-et-demi-plus-tard\/","title":{"rendered":"Le retour d&rsquo;Eugenie Bouchard \u00e0 la comp\u00e9tition, un an et demi plus tard"},"content":{"rendered":"<p style=\"text-align: justify;\"><b><i>SAISON WTA 2022 &#8211; Le tournoi Challenger de Vancouver a \u00e9t\u00e9 marqu\u00e9 par le retour d&rsquo;une joueuse absente de longue date. Eugenie Bouchard est revenue sur les courts apr\u00e8s plus d&rsquo;un an d&rsquo;absence, pour le plus grand plaisir des amateurs de tennis.\u00a0<\/i><\/b><\/p>\n<p style=\"text-align: justify;\">Si comme son compatriote <strong>Milos Raonic,<\/strong> elle avait litt\u00e9ralement disparu des radars,<strong> Eugenie Bouchard<\/strong> est bien de retour et pr\u00eate \u00e0 revenir \u00e0 son meilleur niveau. La Canadienne, ancienne n\u00b05 mondiale, \u00e9tait absente du circuit WTA depuis mars 2021, et un tournoi WTA 250 du c\u00f4t\u00e9 de Monterrey au Mexique. Si elle s&rsquo;\u00e9tait hiss\u00e9e en finale du tournoi de Guadalajara juste avant celui de Monterrey, c&rsquo;est finalement \u00e0 ce tournoi qu&rsquo;elle se blesse au premier tour face \u00e0 la Chinoise <strong>Lin Zhu<\/strong>. Touch\u00e9e \u00e0 l&rsquo;\u00e9paule, la Montr\u00e9alaise va mettre \u00e9norm\u00e9ment de temps \u00e0 r\u00e9cup\u00e9rer. Au point de se faire op\u00e9rer, et d&rsquo;\u00eatre absente plus d&rsquo;un an et demi.<\/p>\n<p style=\"text-align: justify;\"><a href=\"https:\/\/dicodusport.fr\/blog\/que-devient-milos-raonic-ancien-numero-3-mondial-disparu-des-radars\/?fbclid=IwAR3qq45RJvwtllIk57Jkxq2_p15ImgDs89lDuGIClzfoHd7-J3HHxz1384s\">On en avait parl\u00e9 \u00e0 l&rsquo;\u00e9poque, en juin dernier o\u00f9 elle devait normalement disputer le tournoi de Wimbledon.<\/a> Mais \u00e0 cause de l&rsquo;absence de points ATP et WTA distribu\u00e9s lors du Grand Chelem, <strong>Eugenie Bouchard<\/strong> a d\u00fb attendre la fin de l&rsquo;\u00e9t\u00e9 pour enfin disputer un tournoi. B\u00e9n\u00e9ficiant d&rsquo;une <em>wildcard<\/em> des organisateurs \u00e0 Vancouver, elle a pu affronter la N\u00e9erlandaise <strong>Arianne Hartono<\/strong> class\u00e9e 166\u00e8me mondiale lors du tournoi Odlum Brown. Elle a pourtant bien lutt\u00e9 jusqu&rsquo;au quatri\u00e8me jeu, o\u00f9 elles \u00e9taient \u00e0 2-2. Puis la Qu\u00e9b\u00e9coise s&rsquo;est fait breaker et a perdu le set 6-2. Dans le second set, la N\u00e9erlandaise a break\u00e9 d&rsquo;entr\u00e9e, et s&rsquo;est permis un second break pour mener 4-1. Malgr\u00e9 deux balles de matchs sauv\u00e9es par <strong>Bouchard<\/strong>, <strong>Hartono<\/strong> l&#8217;emporte 6-2,6-2.<\/p>\n<blockquote class=\"twitter-tweet\">\n<p dir=\"ltr\" lang=\"en\">I\u2019m playing Vancouver! <a href=\"https:\/\/twitter.com\/vanopentennis?ref_src=twsrc%5Etfw\">@vanopentennis<\/a> &#x1f60a;&#x1f60a;&#x1f60a; <a href=\"https:\/\/t.co\/GoyAIgMcGx\">pic.twitter.com\/GoyAIgMcGx<\/a><\/p>\n<p>\u2014 Genie Bouchard (@geniebouchard) <a href=\"https:\/\/twitter.com\/geniebouchard\/status\/1557437640315731969?ref_src=twsrc%5Etfw\">August 10, 2022<\/a><\/p><\/blockquote>\n<p><script async src=\"https:\/\/platform.twitter.com\/widgets.js\" charset=\"utf-8\"><\/script><\/p>\n<h2>Rena\u00eetre de ses cendres comme le ph\u00e9nix ?<\/h2>\n<p style=\"text-align: justify;\">Si elle est \u00e9limin\u00e9e d\u00e8s le d\u00e9but du tournoi en simple, il lui reste malgr\u00e9 tout le double f\u00e9minin \u00e0 disputer. En effet, avant ce match en simple, la Canadienne avait disput\u00e9 lundi son premier match officiel en tournoi lors du double avec sa compatriote<strong> Kayla Cross<\/strong>. Oppos\u00e9es aux Italiennes <strong>Lucia Bronzetti <\/strong>et<strong> Elisabetta Cocciaretto<\/strong>, les Canadiennes l&rsquo;ont emport\u00e9 6-1, 6-7,10-4 et vont affronter la doublette am\u00e9ricano-japonaise compos\u00e9e de <strong>Muhammad <\/strong>et<strong> Kato<\/strong> au second tour.<\/p>\n<blockquote class=\"twitter-tweet\">\n<p dir=\"ltr\" lang=\"en\">My first ESPYs!!! It was such an honor to be part of the Title IX performance. And had so much fun hanging with my fellow athletes &#x1f60a; thank you thank you thank you <a href=\"https:\/\/t.co\/14RVFI2E0s\">pic.twitter.com\/14RVFI2E0s<\/a><\/p>\n<p>\u2014 Genie Bouchard (@geniebouchard) <a href=\"https:\/\/twitter.com\/geniebouchard\/status\/1550894968553848833?ref_src=twsrc%5Etfw\">July 23, 2022<\/a><\/p><\/blockquote>\n<p><script async src=\"https:\/\/platform.twitter.com\/widgets.js\" charset=\"utf-8\"><\/script><\/p>\n<p style=\"text-align: justify;\">C&rsquo;est peut-\u00eatre le d\u00e9but du renouveau pour <strong>Eugenie Bouchard<\/strong> qui, \u00e0 28 ans, revient enfin sur le circuit apr\u00e8s une longue absence, \u00e0 l&rsquo;instar d&rsquo;un <strong>Dominic Thiem<\/strong> chez les hommes qui fut absent presque un an lui aussi. Il lui aura fallu pas moins de 4 mois et 8 tournois avant de remporter \u00e0 nouveau un match. Une fois lanc\u00e9, l&rsquo;Autrichien a m\u00eame pu se hisser jusqu&rsquo;en demi-finale du tournoi ATP 250 de Gstaad en Suisse, avant de s&rsquo;incliner face \u00e0<strong> Matteo Berrettini<\/strong>. On a vu qu&rsquo;avec l&rsquo;ancien n\u00b03 mondial, il fallait de la comp\u00e9tition, du temps et de la bonne r\u00e9cup\u00e9ration pour retrouver petit \u00e0 petit des sensations et un bon niveau. Pour <strong>Eugenie Bouchard<\/strong> il faut qu&rsquo;elle suive la m\u00eame route. Dans une organisation WTA tr\u00e8s bouscul\u00e9e, o\u00f9 tout le monde peut battre tout le monde, la Canadienne va devoir se montrer extr\u00eamement patiente si elle veut retrouver son niveau d&rsquo;antan.<\/p>\n<h2>La patience comme \u00e9tape cl\u00e9<\/h2>\n<p style=\"text-align: justify;\">Si depuis 2019 elle a \u00e9t\u00e9 rejointe par<strong> Bianca Andreescu,<\/strong> et l&rsquo;an dernier par <strong>Leylah Fernandez<\/strong> comme \u00e9tant les autres Canadiennes dans l&rsquo;histoire \u00e0 disputer une finale de Grand Chelem, elle a \u00e9t\u00e9 d\u00e9pass\u00e9e par la premi\u00e8re qui a remport\u00e9 \u00e0 seulement 19 ans l&rsquo;US Open un Grand Chelem, en plus face \u00e0 <strong>Serena Williams<\/strong>. Pour rappel,<strong> Eugenie Bouchard<\/strong> c&rsquo;est deux demi-finales \u00e0 l&rsquo;Open d&rsquo;Australie et Roland-Garros, ainsi qu&rsquo;une finale de Wimbledon \u00e0 seulement 20 ans, lors de l&rsquo;ann\u00e9e 2014. Une carri\u00e8re parfaitement lanc\u00e9e qu&rsquo;elle va avoir du mal \u00e0 confirmer par la suite, \u00e0 cause notamment des blessures, mais aussi d&rsquo;une commotion c\u00e9r\u00e9brale qu&rsquo;elle subit lors de l&rsquo;US Open en 2016. D&rsquo;ailleurs depuis cette ann\u00e9e-l\u00e0, la Qu\u00e9b\u00e9coise n&rsquo;a plus jamais atteint une deuxi\u00e8me semaine de Grand Chelem.<\/p>\n<blockquote class=\"twitter-tweet\">\n<p dir=\"ltr\" lang=\"en\">Getting closer &#x1f4aa;&#x1f3fc; <a href=\"https:\/\/t.co\/kq7mIRShlC\">pic.twitter.com\/kq7mIRShlC<\/a><\/p>\n<p>\u2014 Genie Bouchard (@geniebouchard) <a href=\"https:\/\/twitter.com\/geniebouchard\/status\/1555692442397057024?ref_src=twsrc%5Etfw\">August 5, 2022<\/a><\/p><\/blockquote>\n<p><script async src=\"https:\/\/platform.twitter.com\/widgets.js\" charset=\"utf-8\"><\/script><\/p>\n<p style=\"text-align: justify;\">Ne disputant que seulement 4 finales en tournois entre 2016 et 2021, la Montr\u00e9alaise affiche toutes les peines du monde \u00e0 devenir r\u00e9guli\u00e8re. Elle se fait m\u00eame sortir du top 100 en 2018, elle qui \u00e9tait \u00e0 l&rsquo;issue de l&rsquo;US Open 2014 n\u00b05 mondiale. 1461\u00e8me en mars 2022, la Canadienne esp\u00e8re \u00eatre de retour au plus haut niveau rapidement, et cela commence par les qualifications \u00e0 l&rsquo;US Open qui d\u00e9bute d\u00e8s la semaine prochaine. Gr\u00e2ce \u00e0 son classement prot\u00e9g\u00e9, elle va pouvoir avoir l&rsquo;occasion de disputer les qualifications du tournoi am\u00e9ricain, et esp\u00e9rer int\u00e9grer le tableau final pour la premi\u00e8re fois depuis 2019 et une \u00e9limination au premier tour par <strong>Anastasija Sevastova.\u00a0<\/strong>Toujours tr\u00e8s active sur les r\u00e9seaux sociaux, c&rsquo;est par une vid\u00e9o post\u00e9e sur son Instagram qu&rsquo;elle a annonc\u00e9 son retour \u00e0 la comp\u00e9tition en ajoutant un \u00ab\u00a0<em>It&rsquo;s Time<\/em>\u00a0\u00bb (C&rsquo;est l&rsquo;heure). Esp\u00e9rons pour elle que c&rsquo;est d\u00e9sormais l&rsquo;heure d&rsquo;un retour triomphant au sommet du tennis f\u00e9minin.<\/p>\n","protected":false},"excerpt":{"rendered":"<p>SAISON WTA 2022 &#8211; Le tournoi Challenger de Vancouver a \u00e9t\u00e9 marqu\u00e9 par le retour d&rsquo;une joueuse absente de longue date. Eugenie Bouchard est revenue sur les courts apr\u00e8s plus d&rsquo;un an d&rsquo;absence, pour le plus grand plaisir des amateurs de tennis.\u00a0<\/p>\n","protected":false},"author":73,"featured_media":253513,"comment_status":"open","ping_status":"closed","sticky":false,"template":"","format":"standard","meta":{"_acf_changed":false,"_daextam_enable_autolinks":"","footnotes":""},"categories":[2302],"tags":[548,136],"class_list":["post-253391","post","type-post","status-publish","format-standard","has-post-thumbnail","hentry","category-tennis","tag-canada","tag-tennis"],"acf":[],"yoast_head":"<!-- This site is optimized with the Yoast SEO Premium plugin v26.7 (Yoast SEO v26.7) - https:\/\/yoast.com\/wordpress\/plugins\/seo\/ -->\n<title>Le retour d&#039;Eugenie Bouchard \u00e0 la comp\u00e9tition, un an et demi plus tard<\/title>\n<meta name=\"description\" content=\"SAISON WTA 2022 -Eugenie Bouchard est revenue sur les courts apr\u00e8s plus d&#039;un an d&#039;absence, pour le plus grand plaisir des amateurs de tennis\" \/>\n<meta name=\"robots\" content=\"index, follow, max-snippet:-1, max-image-preview:large, max-video-preview:-1\" \/>\n<link rel=\"canonical\" href=\"https:\/\/dicodusport.fr\/blog\/le-retour-deugenie-bouchard-a-la-competition-un-an-et-demi-plus-tard\/\" \/>\n<meta property=\"og:locale\" content=\"fr_FR\" \/>\n<meta property=\"og:type\" content=\"article\" \/>\n<meta property=\"og:title\" content=\"Le retour d&#039;Eugenie Bouchard \u00e0 la comp\u00e9tition, un an et demi plus tard\" \/>\n<meta property=\"og:description\" content=\"SAISON WTA 2022 -Eugenie Bouchard est revenue sur les courts apr\u00e8s plus d&#039;un an d&#039;absence, pour le plus grand plaisir des amateurs de tennis\" \/>\n<meta property=\"og:url\" content=\"https:\/\/dicodusport.fr\/blog\/le-retour-deugenie-bouchard-a-la-competition-un-an-et-demi-plus-tard\/\" \/>\n<meta property=\"og:site_name\" content=\"Dicodusport\" \/>\n<meta property=\"article:publisher\" content=\"https:\/\/www.facebook.com\/dicodusport\" \/>\n<meta property=\"article:published_time\" content=\"2022-08-19T07:30:47+00:00\" \/>\n<meta property=\"og:image\" content=\"https:\/\/dicodusport.fr\/blog\/wp-content\/uploads\/2022\/08\/Le-retour-dEugenie-Bouchard-a-la-competition-un-an-et-demi-plus-tard.png\" \/>\n\t<meta property=\"og:image:width\" content=\"800\" \/>\n\t<meta property=\"og:image:height\" content=\"445\" \/>\n\t<meta property=\"og:image:type\" content=\"image\/png\" \/>\n<meta name=\"author\" content=\"Romain Fiore\" \/>\n<meta name=\"twitter:card\" content=\"summary_large_image\" \/>\n<meta name=\"twitter:title\" content=\"Le retour d&#039;Eugenie Bouchard \u00e0 la comp\u00e9tition, un an et demi plus tard\" \/>\n<meta name=\"twitter:creator\" content=\"@https:\/\/twitter.com\/romain_fiore\" \/>\n<meta name=\"twitter:site\" content=\"@dicodusport\" \/>\n<script type=\"application\/ld+json\" class=\"yoast-schema-graph\">{\"@context\":\"https:\/\/schema.org\",\"@graph\":[{\"@type\":\"NewsArticle\",\"@id\":\"https:\/\/dicodusport.fr\/blog\/le-retour-deugenie-bouchard-a-la-competition-un-an-et-demi-plus-tard\/#article\",\"isPartOf\":{\"@id\":\"https:\/\/dicodusport.fr\/blog\/le-retour-deugenie-bouchard-a-la-competition-un-an-et-demi-plus-tard\/\"},\"author\":{\"name\":\"Romain Fiore\",\"@id\":\"https:\/\/dicodusport.fr\/blog\/#\/schema\/person\/7ca91cb9956847cfcdf25671708a6e4f\"},\"headline\":\"Le retour d&rsquo;Eugenie Bouchard \u00e0 la comp\u00e9tition, un an et demi plus tard\",\"datePublished\":\"2022-08-19T07:30:47+00:00\",\"mainEntityOfPage\":{\"@id\":\"https:\/\/dicodusport.fr\/blog\/le-retour-deugenie-bouchard-a-la-competition-un-an-et-demi-plus-tard\/\"},\"wordCount\":981,\"commentCount\":0,\"publisher\":{\"@id\":\"https:\/\/dicodusport.fr\/blog\/#organization\"},\"image\":{\"@id\":\"https:\/\/dicodusport.fr\/blog\/le-retour-deugenie-bouchard-a-la-competition-un-an-et-demi-plus-tard\/#primaryimage\"},\"thumbnailUrl\":\"https:\/\/dicodusport.fr\/blog\/wp-content\/uploads\/2022\/08\/Le-retour-dEugenie-Bouchard-a-la-competition-un-an-et-demi-plus-tard.png\",\"keywords\":[\"canada\",\"Tennis\"],\"articleSection\":[\"Tennis\"],\"inLanguage\":\"fr-FR\",\"potentialAction\":[{\"@type\":\"CommentAction\",\"name\":\"Comment\",\"target\":[\"https:\/\/dicodusport.fr\/blog\/le-retour-deugenie-bouchard-a-la-competition-un-an-et-demi-plus-tard\/#respond\"]}],\"copyrightYear\":\"2022\",\"copyrightHolder\":{\"@id\":\"https:\/\/dicodusport.fr\/blog\/#organization\"}},{\"@type\":\"WebPage\",\"@id\":\"https:\/\/dicodusport.fr\/blog\/le-retour-deugenie-bouchard-a-la-competition-un-an-et-demi-plus-tard\/\",\"url\":\"https:\/\/dicodusport.fr\/blog\/le-retour-deugenie-bouchard-a-la-competition-un-an-et-demi-plus-tard\/\",\"name\":\"Le retour d'Eugenie Bouchard \u00e0 la comp\u00e9tition, un an et demi plus tard\",\"isPartOf\":{\"@id\":\"https:\/\/dicodusport.fr\/blog\/#website\"},\"primaryImageOfPage\":{\"@id\":\"https:\/\/dicodusport.fr\/blog\/le-retour-deugenie-bouchard-a-la-competition-un-an-et-demi-plus-tard\/#primaryimage\"},\"image\":{\"@id\":\"https:\/\/dicodusport.fr\/blog\/le-retour-deugenie-bouchard-a-la-competition-un-an-et-demi-plus-tard\/#primaryimage\"},\"thumbnailUrl\":\"https:\/\/dicodusport.fr\/blog\/wp-content\/uploads\/2022\/08\/Le-retour-dEugenie-Bouchard-a-la-competition-un-an-et-demi-plus-tard.png\",\"datePublished\":\"2022-08-19T07:30:47+00:00\",\"description\":\"SAISON WTA 2022 -Eugenie Bouchard est revenue sur les courts apr\u00e8s plus d'un an d'absence, pour le plus grand plaisir des amateurs de tennis\",\"breadcrumb\":{\"@id\":\"https:\/\/dicodusport.fr\/blog\/le-retour-deugenie-bouchard-a-la-competition-un-an-et-demi-plus-tard\/#breadcrumb\"},\"inLanguage\":\"fr-FR\",\"potentialAction\":[{\"@type\":\"ReadAction\",\"target\":[\"https:\/\/dicodusport.fr\/blog\/le-retour-deugenie-bouchard-a-la-competition-un-an-et-demi-plus-tard\/\"]}]},{\"@type\":\"ImageObject\",\"inLanguage\":\"fr-FR\",\"@id\":\"https:\/\/dicodusport.fr\/blog\/le-retour-deugenie-bouchard-a-la-competition-un-an-et-demi-plus-tard\/#primaryimage\",\"url\":\"https:\/\/dicodusport.fr\/blog\/wp-content\/uploads\/2022\/08\/Le-retour-dEugenie-Bouchard-a-la-competition-un-an-et-demi-plus-tard.png\",\"contentUrl\":\"https:\/\/dicodusport.fr\/blog\/wp-content\/uploads\/2022\/08\/Le-retour-dEugenie-Bouchard-a-la-competition-un-an-et-demi-plus-tard.png\",\"width\":800,\"height\":445,\"caption\":\"Le retour d'Eugenie Bouchard \u00e0 la comp\u00e9tition, un an et demi plus tard\"},{\"@type\":\"BreadcrumbList\",\"@id\":\"https:\/\/dicodusport.fr\/blog\/le-retour-deugenie-bouchard-a-la-competition-un-an-et-demi-plus-tard\/#breadcrumb\",\"itemListElement\":[{\"@type\":\"ListItem\",\"position\":1,\"name\":\"Accueil\",\"item\":\"https:\/\/dicodusport.fr\/blog\/\"},{\"@type\":\"ListItem\",\"position\":2,\"name\":\"Le retour d&rsquo;Eugenie Bouchard \u00e0 la comp\u00e9tition, un an et demi plus tard\"}]},{\"@type\":\"WebSite\",\"@id\":\"https:\/\/dicodusport.fr\/blog\/#website\",\"url\":\"https:\/\/dicodusport.fr\/blog\/\",\"name\":\"Dicodusport\",\"description\":\"L&#039;encyclop\u00e9die de l&#039;actualit\u00e9 sportive\",\"publisher\":{\"@id\":\"https:\/\/dicodusport.fr\/blog\/#organization\"},\"potentialAction\":[{\"@type\":\"SearchAction\",\"target\":{\"@type\":\"EntryPoint\",\"urlTemplate\":\"https:\/\/dicodusport.fr\/blog\/?s={search_term_string}\"},\"query-input\":{\"@type\":\"PropertyValueSpecification\",\"valueRequired\":true,\"valueName\":\"search_term_string\"}}],\"inLanguage\":\"fr-FR\"},{\"@type\":\"NewsMediaOrganization\",\"@id\":\"https:\/\/dicodusport.fr\/blog\/#organization\",\"name\":\"Dicodusport\",\"url\":\"https:\/\/dicodusport.fr\/blog\/\",\"logo\":{\"@type\":\"ImageObject\",\"inLanguage\":\"fr-FR\",\"@id\":\"https:\/\/dicodusport.fr\/blog\/#\/schema\/logo\/image\/\",\"url\":\"https:\/\/dicodusport.fr\/blog\/wp-content\/uploads\/2020\/06\/cropped-LOGO-DICODUSPORT-2020-SANS-FOND-SANS-TEXTE.png\",\"contentUrl\":\"https:\/\/dicodusport.fr\/blog\/wp-content\/uploads\/2020\/06\/cropped-LOGO-DICODUSPORT-2020-SANS-FOND-SANS-TEXTE.png\",\"width\":512,\"height\":512,\"caption\":\"Dicodusport\"},\"image\":{\"@id\":\"https:\/\/dicodusport.fr\/blog\/#\/schema\/logo\/image\/\"},\"sameAs\":[\"https:\/\/www.facebook.com\/dicodusport\",\"https:\/\/x.com\/dicodusport\",\"https:\/\/www.instagram.com\/dicodusport\/\",\"https:\/\/www.youtube.com\/channel\/UC7V2KZ5sd3htJivAbA4ZG3w\"],\"description\":\"Dicodusport est l'encyclop\u00e9die de l'actualit\u00e9 sportive.\",\"email\":\"bonjour@dicodusport.fr\",\"legalName\":\"DICODUSPORT\",\"foundingDate\":\"2018-01-14\",\"vatID\":\"FR71834470973\",\"taxID\":\"83447097300043\",\"numberOfEmployees\":{\"@type\":\"QuantitativeValue\",\"minValue\":\"1\",\"maxValue\":\"10\"}},{\"@type\":\"Person\",\"@id\":\"https:\/\/dicodusport.fr\/blog\/#\/schema\/person\/7ca91cb9956847cfcdf25671708a6e4f\",\"name\":\"Romain Fiore\",\"image\":{\"@type\":\"ImageObject\",\"inLanguage\":\"fr-FR\",\"@id\":\"https:\/\/dicodusport.fr\/blog\/#\/schema\/person\/image\/\",\"url\":\"https:\/\/dicodusport.fr\/blog\/wp-content\/uploads\/2022\/06\/IMG_2931-150x150.jpg\",\"contentUrl\":\"https:\/\/dicodusport.fr\/blog\/wp-content\/uploads\/2022\/06\/IMG_2931-150x150.jpg\",\"caption\":\"Romain Fiore\"},\"description\":\"Fan absolu de foot et d'un certain club \u00e0 l'\u00e9toile en bleu et blanc. Amateur de beau jeu et d'Argentins au pied gauche magique. Passionn\u00e9 de sport US (NBA, NFL, MLS) et loyal \u00e0 la Damian Lillard. Je suis l\u00e0 pour vous apporter tout ce que le sport peut nous donner.\",\"sameAs\":[\"https:\/\/www.linkedin.com\/in\/romain-fiore-191a451b6\/\",\"https:\/\/x.com\/https:\/\/twitter.com\/romain_fiore\"],\"url\":\"https:\/\/dicodusport.fr\/blog\/author\/romain-fiore\/\"}]}<\/script>\n<!-- \/ Yoast SEO Premium plugin. -->","yoast_head_json":{"title":"Le retour d'Eugenie Bouchard \u00e0 la comp\u00e9tition, un an et demi plus tard","description":"SAISON WTA 2022 -Eugenie Bouchard est revenue sur les courts apr\u00e8s plus d'un an d'absence, pour le plus grand plaisir des amateurs de tennis","robots":{"index":"index","follow":"follow","max-snippet":"max-snippet:-1","max-image-preview":"max-image-preview:large","max-video-preview":"max-video-preview:-1"},"canonical":"https:\/\/dicodusport.fr\/blog\/le-retour-deugenie-bouchard-a-la-competition-un-an-et-demi-plus-tard\/","og_locale":"fr_FR","og_type":"article","og_title":"Le retour d'Eugenie Bouchard \u00e0 la comp\u00e9tition, un an et demi plus tard","og_description":"SAISON WTA 2022 -Eugenie Bouchard est revenue sur les courts apr\u00e8s plus d'un an d'absence, pour le plus grand plaisir des amateurs de tennis","og_url":"https:\/\/dicodusport.fr\/blog\/le-retour-deugenie-bouchard-a-la-competition-un-an-et-demi-plus-tard\/","og_site_name":"Dicodusport","article_publisher":"https:\/\/www.facebook.com\/dicodusport","article_published_time":"2022-08-19T07:30:47+00:00","og_image":[{"width":800,"height":445,"url":"https:\/\/dicodusport.fr\/blog\/wp-content\/uploads\/2022\/08\/Le-retour-dEugenie-Bouchard-a-la-competition-un-an-et-demi-plus-tard.png","type":"image\/png"}],"author":"Romain Fiore","twitter_card":"summary_large_image","twitter_title":"Le retour d'Eugenie Bouchard \u00e0 la comp\u00e9tition, un an et demi plus tard","twitter_creator":"@https:\/\/twitter.com\/romain_fiore","twitter_site":"@dicodusport","schema":{"@context":"https:\/\/schema.org","@graph":[{"@type":"NewsArticle","@id":"https:\/\/dicodusport.fr\/blog\/le-retour-deugenie-bouchard-a-la-competition-un-an-et-demi-plus-tard\/#article","isPartOf":{"@id":"https:\/\/dicodusport.fr\/blog\/le-retour-deugenie-bouchard-a-la-competition-un-an-et-demi-plus-tard\/"},"author":{"name":"Romain Fiore","@id":"https:\/\/dicodusport.fr\/blog\/#\/schema\/person\/7ca91cb9956847cfcdf25671708a6e4f"},"headline":"Le retour d&rsquo;Eugenie Bouchard \u00e0 la comp\u00e9tition, un an et demi plus tard","datePublished":"2022-08-19T07:30:47+00:00","mainEntityOfPage":{"@id":"https:\/\/dicodusport.fr\/blog\/le-retour-deugenie-bouchard-a-la-competition-un-an-et-demi-plus-tard\/"},"wordCount":981,"commentCount":0,"publisher":{"@id":"https:\/\/dicodusport.fr\/blog\/#organization"},"image":{"@id":"https:\/\/dicodusport.fr\/blog\/le-retour-deugenie-bouchard-a-la-competition-un-an-et-demi-plus-tard\/#primaryimage"},"thumbnailUrl":"https:\/\/dicodusport.fr\/blog\/wp-content\/uploads\/2022\/08\/Le-retour-dEugenie-Bouchard-a-la-competition-un-an-et-demi-plus-tard.png","keywords":["canada","Tennis"],"articleSection":["Tennis"],"inLanguage":"fr-FR","potentialAction":[{"@type":"CommentAction","name":"Comment","target":["https:\/\/dicodusport.fr\/blog\/le-retour-deugenie-bouchard-a-la-competition-un-an-et-demi-plus-tard\/#respond"]}],"copyrightYear":"2022","copyrightHolder":{"@id":"https:\/\/dicodusport.fr\/blog\/#organization"}},{"@type":"WebPage","@id":"https:\/\/dicodusport.fr\/blog\/le-retour-deugenie-bouchard-a-la-competition-un-an-et-demi-plus-tard\/","url":"https:\/\/dicodusport.fr\/blog\/le-retour-deugenie-bouchard-a-la-competition-un-an-et-demi-plus-tard\/","name":"Le retour d'Eugenie Bouchard \u00e0 la comp\u00e9tition, un an et demi plus tard","isPartOf":{"@id":"https:\/\/dicodusport.fr\/blog\/#website"},"primaryImageOfPage":{"@id":"https:\/\/dicodusport.fr\/blog\/le-retour-deugenie-bouchard-a-la-competition-un-an-et-demi-plus-tard\/#primaryimage"},"image":{"@id":"https:\/\/dicodusport.fr\/blog\/le-retour-deugenie-bouchard-a-la-competition-un-an-et-demi-plus-tard\/#primaryimage"},"thumbnailUrl":"https:\/\/dicodusport.fr\/blog\/wp-content\/uploads\/2022\/08\/Le-retour-dEugenie-Bouchard-a-la-competition-un-an-et-demi-plus-tard.png","datePublished":"2022-08-19T07:30:47+00:00","description":"SAISON WTA 2022 -Eugenie Bouchard est revenue sur les courts apr\u00e8s plus d'un an d'absence, pour le plus grand plaisir des amateurs de tennis","breadcrumb":{"@id":"https:\/\/dicodusport.fr\/blog\/le-retour-deugenie-bouchard-a-la-competition-un-an-et-demi-plus-tard\/#breadcrumb"},"inLanguage":"fr-FR","potentialAction":[{"@type":"ReadAction","target":["https:\/\/dicodusport.fr\/blog\/le-retour-deugenie-bouchard-a-la-competition-un-an-et-demi-plus-tard\/"]}]},{"@type":"ImageObject","inLanguage":"fr-FR","@id":"https:\/\/dicodusport.fr\/blog\/le-retour-deugenie-bouchard-a-la-competition-un-an-et-demi-plus-tard\/#primaryimage","url":"https:\/\/dicodusport.fr\/blog\/wp-content\/uploads\/2022\/08\/Le-retour-dEugenie-Bouchard-a-la-competition-un-an-et-demi-plus-tard.png","contentUrl":"https:\/\/dicodusport.fr\/blog\/wp-content\/uploads\/2022\/08\/Le-retour-dEugenie-Bouchard-a-la-competition-un-an-et-demi-plus-tard.png","width":800,"height":445,"caption":"Le retour d'Eugenie Bouchard \u00e0 la comp\u00e9tition, un an et demi plus tard"},{"@type":"BreadcrumbList","@id":"https:\/\/dicodusport.fr\/blog\/le-retour-deugenie-bouchard-a-la-competition-un-an-et-demi-plus-tard\/#breadcrumb","itemListElement":[{"@type":"ListItem","position":1,"name":"Accueil","item":"https:\/\/dicodusport.fr\/blog\/"},{"@type":"ListItem","position":2,"name":"Le retour d&rsquo;Eugenie Bouchard \u00e0 la comp\u00e9tition, un an et demi plus tard"}]},{"@type":"WebSite","@id":"https:\/\/dicodusport.fr\/blog\/#website","url":"https:\/\/dicodusport.fr\/blog\/","name":"Dicodusport","description":"L&#039;encyclop\u00e9die de l&#039;actualit\u00e9 sportive","publisher":{"@id":"https:\/\/dicodusport.fr\/blog\/#organization"},"potentialAction":[{"@type":"SearchAction","target":{"@type":"EntryPoint","urlTemplate":"https:\/\/dicodusport.fr\/blog\/?s={search_term_string}"},"query-input":{"@type":"PropertyValueSpecification","valueRequired":true,"valueName":"search_term_string"}}],"inLanguage":"fr-FR"},{"@type":"NewsMediaOrganization","@id":"https:\/\/dicodusport.fr\/blog\/#organization","name":"Dicodusport","url":"https:\/\/dicodusport.fr\/blog\/","logo":{"@type":"ImageObject","inLanguage":"fr-FR","@id":"https:\/\/dicodusport.fr\/blog\/#\/schema\/logo\/image\/","url":"https:\/\/dicodusport.fr\/blog\/wp-content\/uploads\/2020\/06\/cropped-LOGO-DICODUSPORT-2020-SANS-FOND-SANS-TEXTE.png","contentUrl":"https:\/\/dicodusport.fr\/blog\/wp-content\/uploads\/2020\/06\/cropped-LOGO-DICODUSPORT-2020-SANS-FOND-SANS-TEXTE.png","width":512,"height":512,"caption":"Dicodusport"},"image":{"@id":"https:\/\/dicodusport.fr\/blog\/#\/schema\/logo\/image\/"},"sameAs":["https:\/\/www.facebook.com\/dicodusport","https:\/\/x.com\/dicodusport","https:\/\/www.instagram.com\/dicodusport\/","https:\/\/www.youtube.com\/channel\/UC7V2KZ5sd3htJivAbA4ZG3w"],"description":"Dicodusport est l'encyclop\u00e9die de l'actualit\u00e9 sportive.","email":"bonjour@dicodusport.fr","legalName":"DICODUSPORT","foundingDate":"2018-01-14","vatID":"FR71834470973","taxID":"83447097300043","numberOfEmployees":{"@type":"QuantitativeValue","minValue":"1","maxValue":"10"}},{"@type":"Person","@id":"https:\/\/dicodusport.fr\/blog\/#\/schema\/person\/7ca91cb9956847cfcdf25671708a6e4f","name":"Romain Fiore","image":{"@type":"ImageObject","inLanguage":"fr-FR","@id":"https:\/\/dicodusport.fr\/blog\/#\/schema\/person\/image\/","url":"https:\/\/dicodusport.fr\/blog\/wp-content\/uploads\/2022\/06\/IMG_2931-150x150.jpg","contentUrl":"https:\/\/dicodusport.fr\/blog\/wp-content\/uploads\/2022\/06\/IMG_2931-150x150.jpg","caption":"Romain Fiore"},"description":"Fan absolu de foot et d'un certain club \u00e0 l'\u00e9toile en bleu et blanc. Amateur de beau jeu et d'Argentins au pied gauche magique. Passionn\u00e9 de sport US (NBA, NFL, MLS) et loyal \u00e0 la Damian Lillard. Je suis l\u00e0 pour vous apporter tout ce que le sport peut nous donner.","sameAs":["https:\/\/www.linkedin.com\/in\/romain-fiore-191a451b6\/","https:\/\/x.com\/https:\/\/twitter.com\/romain_fiore"],"url":"https:\/\/dicodusport.fr\/blog\/author\/romain-fiore\/"}]}},"_links":{"self":[{"href":"https:\/\/dicodusport.fr\/blog\/wp-json\/wp\/v2\/posts\/253391","targetHints":{"allow":["GET"]}}],"collection":[{"href":"https:\/\/dicodusport.fr\/blog\/wp-json\/wp\/v2\/posts"}],"about":[{"href":"https:\/\/dicodusport.fr\/blog\/wp-json\/wp\/v2\/types\/post"}],"author":[{"embeddable":true,"href":"https:\/\/dicodusport.fr\/blog\/wp-json\/wp\/v2\/users\/73"}],"replies":[{"embeddable":true,"href":"https:\/\/dicodusport.fr\/blog\/wp-json\/wp\/v2\/comments?post=253391"}],"version-history":[{"count":0,"href":"https:\/\/dicodusport.fr\/blog\/wp-json\/wp\/v2\/posts\/253391\/revisions"}],"wp:featuredmedia":[{"embeddable":true,"href":"https:\/\/dicodusport.fr\/blog\/wp-json\/wp\/v2\/media\/253513"}],"wp:attachment":[{"href":"https:\/\/dicodusport.fr\/blog\/wp-json\/wp\/v2\/media?parent=253391"}],"wp:term":[{"taxonomy":"category","embeddable":true,"href":"https:\/\/dicodusport.fr\/blog\/wp-json\/wp\/v2\/categories?post=253391"},{"taxonomy":"post_tag","embeddable":true,"href":"https:\/\/dicodusport.fr\/blog\/wp-json\/wp\/v2\/tags?post=253391"}],"curies":[{"name":"wp","href":"https:\/\/api.w.org\/{rel}","templated":true}]}}