{"id":253669,"date":"2022-08-19T22:42:05","date_gmt":"2022-08-19T20:42:05","guid":{"rendered":"https:\/\/dicodusport.fr\/blog\/?p=253669&#038;preview=true&#038;preview_id=253669"},"modified":"2022-10-23T12:09:12","modified_gmt":"2022-10-23T10:09:12","slug":"championnats-europeens-2022-warholm-bol-happio-le-resume-de-la-journee-dathletisme","status":"publish","type":"post","link":"https:\/\/dicodusport.fr\/blog\/championnats-europeens-2022-warholm-bol-happio-le-resume-de-la-journee-dathletisme\/","title":{"rendered":"Championnats europ\u00e9ens 2022 : Warholm, Bol, Happio, le r\u00e9sum\u00e9 de la journ\u00e9e d\u2019athl\u00e9tisme"},"content":{"rendered":"<p style=\"text-align: justify;\"><b><i>ATHL\u00c9TISME &#8211; CHAMPIONNATS D&rsquo;EUROPE MUNICH 2022 &#8211; \u00c0 l&rsquo;occasion de la cinqui\u00e8me journ\u00e9e des championnats d&rsquo;Europe 2022 \u00e0 Munich, plusieurs stars et athl\u00e8tes fran\u00e7ais \u00e9taient align\u00e9s aujourd&rsquo;hui. D\u00e9couvrez le r\u00e9sum\u00e9 des performances du jour entre sacres europ\u00e9ens et qualifications en finale.\u00a0<\/i><\/b><\/p>\n<h2 style=\"text-align: justify;\">Qui sont les champions d&rsquo;Europe du jour ?<\/h2>\n<p style=\"text-align: justify;\">Les finales ont d\u00e9marr\u00e9 par le lancer du disque hommes. Sans Fran\u00e7ais, le favori du concours \u00e9tait <strong>Kristjan \u010ceh<\/strong> et l&rsquo;on pensait qu&rsquo;il allait largement gagner. Surprenant, le Lituanien <strong>Mykolas Alekna<\/strong> a impressionn\u00e9 avec un jet \u00e0 69,78 m\u00e8tres qui lui a permis de remporter la m\u00e9daille d&rsquo;or. Le concours du triple saut a vu briller l&rsquo;Ukrainienne <strong>Maryna Bekh-Tomanchuk<\/strong> l&#8217;emporter en \u00e9tant la seule \u00e0 franchir les 15 m\u00e8tres.<\/p>\n<p style=\"text-align: justify;\">La Britannique <strong>Laura Muir<\/strong> a brillamment remport\u00e9 la finale du 1 500 m\u00e8tres en 4:01.18, ayant d\u00e9pos\u00e9 tout le monde un tour avant la ligne d&rsquo;arriv\u00e9e. C\u00f4t\u00e9 hommes, un Finlandais a cr\u00e9\u00e9 la surprise sur le 3 000 m\u00e8tres steeple. <strong>Topi Raitaken<\/strong> a gagn\u00e9 la course devant les Italiens en 8:21.80. Les Fran\u00e7ais <strong>Djilali Bedrani<\/strong> et <strong>Louis Gilavert<\/strong> ont tout donn\u00e9 mais ont termin\u00e9 respectivement 8\u00e8me et 15\u00e8me.<\/p>\n<h2 style=\"text-align: justify;\">Warholm et Bol, les grandes stars<\/h2>\n<p style=\"text-align: justify;\">Lors de la finale du 200 m\u00e8tres, les Britannique sont pass\u00e9s tout pr\u00e8s d&rsquo;un tripl\u00e9 mais un Italien les en a emp\u00each\u00e9. Finalement ce sera un doubl\u00e9 avec <strong>Zharnel Hughes<\/strong> en patron gr\u00e2ce \u00e0 un temps de 20.07. Chez les femmes, la Suissesse <strong>Mujinga Kambudji<\/strong> n&rsquo;a pas trembl\u00e9 pour remporter le demi-tour de piste en 22.32. La Fran\u00e7aise <strong>Shanna Grebo<\/strong> a fini \u00e0 une belle 6\u00e8me place en 23.06.<\/p>\n<p style=\"text-align: justify;\">Les finales du 400 m\u00e8tres haies femmes puis hommes avaient aussi lieu ce soir. <strong>Femke Bol<\/strong> \u00e9taient attendue pour le doubl\u00e9 in\u00e9dit 400 m plat et 400 m haies. Pari gagn\u00e9 pour la N\u00e9erlandaise qui a gagn\u00e9 avec une avance impressionnante en 52.67, record des championnats d&rsquo;Europe. Chez les hommes, le recordman du monde <strong>Karsten Warholm<\/strong> \u00e9tait tr\u00e8s attendu, mais aussi nos trois Fran\u00e7ais. <a href=\"https:\/\/dicodusport.fr\/blog\/championnats-europeens-2022-wilfried-happio-en-argent-sur-400-metres-haies\/\">Le Norv\u00e9gien a tenu son rang en remportant la course loin devant<\/a> <strong>Wilfried Happio<\/strong> qui a aussi bien assur\u00e9. Il a termin\u00e9 deuxi\u00e8me avec un bon temps et rapporte une belle m\u00e9daille d&rsquo;argent \u00e0 la France. <strong>Ludvy Vaillant<\/strong> a \u00e9t\u00e9 d\u00e9partag\u00e9 \u00e0 la photo finish avec deux autres athl\u00e8tes pour la m\u00e9daille de bronze. C&rsquo;est finalement un athl\u00e8te turc qui l&rsquo;a prise pour un centi\u00e8me devant le tricolore. Enfin, <strong>Victor Coroller<\/strong> dit lui-m\u00eame avoir rat\u00e9 sa course et a termin\u00e9 en 8\u00e8me position.<\/p>\n<blockquote class=\"twitter-tweet\">\n<p dir=\"ltr\" lang=\"fr\">&#x1f1f3;&#x1f1f1; Femke Bol a r\u00e9ussi son incroyable d\u00e9fi ! La N\u00e9erlandaise est la premi\u00e8re \u00e0 r\u00e9aliser le doubl\u00e9 400 m, 400 m haies dans un grand championnat. &#x1f947;<\/p>\n<p>&#x25b6;&#xfe0f; Suivez la soir\u00e9e d&rsquo;athl\u00e9tisme : <a href=\"https:\/\/t.co\/EM5K44Qlt0\">https:\/\/t.co\/EM5K44Qlt0<\/a> <a href=\"https:\/\/t.co\/nSsGgNX3Ia\">pic.twitter.com\/nSsGgNX3Ia<\/a><\/p>\n<p>\u2014 francetvsport (@francetvsport) <a href=\"https:\/\/twitter.com\/francetvsport\/status\/1560717144471621632?ref_src=twsrc%5Etfw\">August 19, 2022<\/a><\/p><\/blockquote>\n<p style=\"text-align: justify;\"><script async src=\"https:\/\/platform.twitter.com\/widgets.js\" charset=\"utf-8\"><\/script><\/p>\n<h2 style=\"text-align: justify;\">Trois sur quatre pour les relais fran\u00e7ais<\/h2>\n<p style=\"text-align: justify;\">La journ\u00e9e a d\u00e9marr\u00e9 avec les relais 4 x 100 m\u00e8tres. Chez les hommes, les Fran\u00e7ais se trouvaient dans la deuxi\u00e8me et derni\u00e8re demi-finale. <strong>Micka\u00ebl-M\u00e9ba Zeze<\/strong>, <strong>Pablo Mateo<\/strong>, <strong>Ryan Zeze<\/strong> et <strong>Jimmy Vicaut<\/strong> ont fait le travail en terminant deuxi\u00e8mes derri\u00e8re les Allemands, se qualifiant directement en finale. Avec un bon temps de 38.17, les passages de t\u00e9moins semblent encore perfectibles, ce qui promet pour la finale dimanche \u00e0 21h12. A noter l&rsquo;\u00e9limination surprise des champions olympiques italiens. L&rsquo;\u00e9quipe de France des femmes les a imit\u00e9s.\u00a0 <strong>Floriane Gnafoua<\/strong>, <strong>G\u00e9mima Joseph<\/strong>, <strong>H\u00e9l\u00e8ne Parisot<\/strong> et <strong>Mallory Leconte<\/strong> ont m\u00eame fait mieux en remportant leur demi-finale en 43.24 avec des transmissions de t\u00e9moins remarquables. Dans leur course, les Suissesses qui faisaient partie des favorites n&rsquo;ont pas franchi la ligne d&rsquo;arriv\u00e9e.<\/p>\n<blockquote class=\"twitter-tweet\">\n<p dir=\"ltr\" lang=\"fr\">&#x26a1; Deuxi\u00e8me temps des s\u00e9ries !<\/p>\n<p>&#x1f1eb;&#x1f1f7; Le relais 4&#215;100 m &#x1f6b9; (M. Z\u00e9z\u00e9, P. Mateo, R. Z\u00e9z\u00e9, J. Vicaut) 2e de sa course en 38\u00a0\u00bb17 et qualifi\u00e9 pour la finale !<\/p>\n<p>&#x1f5d3; Rendez-vous dimanche \u00e0 21h12 !<\/p>\n<p>&#x1f4bb; Suivez <a href=\"https:\/\/twitter.com\/hashtag\/Munich2022?src=hash&amp;ref_src=twsrc%5Etfw\">#Munich2022<\/a> sur France 2, France 3 et France 4. <a href=\"https:\/\/t.co\/ZPypbI6f4C\">pic.twitter.com\/ZPypbI6f4C<\/a><\/p>\n<p>\u2014 FFAthl\u00e9tisme (@FFAthletisme) <a href=\"https:\/\/twitter.com\/FFAthletisme\/status\/1560543635225149442?ref_src=twsrc%5Etfw\">August 19, 2022<\/a><\/p><\/blockquote>\n<p style=\"text-align: justify;\"><script async src=\"https:\/\/platform.twitter.com\/widgets.js\" charset=\"utf-8\"><\/script><\/p>\n<p style=\"text-align: justify;\">Plus tard dans le matin\u00e9e, les demi-finales des relais 4 x 400 m\u00e8tres ont pris place. Ce sont \u00e9galement les hommes qui ont d\u00e9marr\u00e9 avec <strong>Gilles Biron<\/strong>, <strong>Lo\u00efc Pr\u00e9vot<\/strong>, <strong>Simon Boypa<\/strong> et <strong>Th\u00e9o Andant<\/strong> pour l&rsquo;\u00e9quipe de France. Le contrat est rempli pour les tricolores qui ont termin\u00e9 deuxi\u00e8mes leur course en 3:02.09 et que nous retrouverons en finale demain \u00e0 21h15. Malheureusement ce sont les filles qui n&rsquo;ont pas r\u00e9ussi cette performance. <strong>Sokhna Lacoste<\/strong>, <strong>Marjorie Veyssi\u00e8re<\/strong>, <strong>Diana Iscaye<\/strong> et <strong>Amandine Brossier<\/strong> ont r\u00e9alis\u00e9 un temps de 3:29.64, soit 4 secondes de plus qu&rsquo;\u00e0 Eugene aux Championnats du monde le mois dernier.<\/p>\n<h2 style=\"text-align: justify;\">Encore des qualifications fran\u00e7aises en finales<\/h2>\n<p style=\"text-align: justify;\">Aujourd&rsquo;hui avaient lieu les demi-finales du 800 m\u00e8tres. Notre seule repr\u00e9sentante tricolore, <strong>R\u00e9nelle Lamote<\/strong> \u00e9tait attendue. La demi-fondeuse a parfaitement tenu son rang ! Elle a remport\u00e9 sa course avec autorit\u00e9 en 2:00.23. Direction la finale qui se d\u00e9roulera demain \u00e0 20h15.<\/p>\n<p style=\"text-align: justify;\">Lors des qualifications du saut en hauteur femmes, <strong>Sol\u00e8ne Gicquel<\/strong> s&rsquo;est qualifi\u00e9e en finale gr\u00e2ce \u00e0 un saut \u00e0 1,87 m\u00e8tres pass\u00e9 \u00e0 sa deuxi\u00e8me tentative. Celle-ci aura lieu dimanche \u00e0 19h05. Au contraire, ce n&rsquo;est pas pass\u00e9 pour <strong>Felise Vahai Sosaia<\/strong> qui a lanc\u00e9 son javelot \u00e0 74,70 m\u00e8tres, malheureusement insuffisant pour rentrer en finale.<\/p>\n<p style=\"text-align: justify;\">En d\u00e9but de soir\u00e9e, les demi-finales du 800 m\u00e8tres hommes voyaient deux Fran\u00e7ais y prendre part, un dans chaque course. Dans la premi\u00e8re, <strong>Benjamin Robert<\/strong> a longtemps pris les commandes avant de terminer troisi\u00e8me et de se qualifier en finale en 1:48.51. Lors de la course d&rsquo;apr\u00e8s, <strong>Gabriel Tual<\/strong> a bien g\u00e9r\u00e9 et a craqu\u00e9 sur la fin loupant l&rsquo;acc\u00e8s \u00e0 la derni\u00e8re \u00e9tape en\u00a0 1:47.70.<\/p>\n<h2 style=\"text-align: justify;\">Les r\u00e9sultats des finales du jour<\/h2>\n<p style=\"text-align: justify;\"><div class=\"su-table su-table-alternate\">\n<table style=\"width: 799.75px;border-collapse: collapse\">\n<tbody>\n<tr>\n<td style=\"text-align: center;vertical-align: middle;background-color: #ffffff;width: 199.75px\" colspan=\"2\"><span style=\"color: #000000\"><span style=\"font-size: 0.9em\"><b>\u00c9preuves<\/b><\/span><\/span><\/td>\n<td style=\"text-align: center;vertical-align: middle;background-color: #ffffff;width: 200px\"><span style=\"color: #000000;font-size: 0.9em\"><strong>M\u00e9daille d&rsquo;or<\/strong><\/span><\/td>\n<td style=\"text-align: center;vertical-align: middle;background-color: #ffffff;width: 200px\"><span style=\"color: #000000;font-size: 0.9em\"><strong>M\u00e9daille d&rsquo;argent<\/strong><\/span><\/td>\n<td style=\"text-align: center;vertical-align: middle;background-color: #ffffff;width: 200px\"><span style=\"color: #000000;font-size: 0.9em\"><strong>M\u00e9daille de bronze<\/strong><\/span><\/td>\n<\/tr>\n<tr>\n<td style=\"text-align: center;vertical-align: middle;font-size: 0.9em;width: 199.75px\" colspan=\"2\"><strong>Disque H<br \/>\n<\/strong><\/td>\n<td style=\"text-align: center;vertical-align: middle;width: 200px\"><span style=\"font-size: 0.9em\"><strong>&#x1f1f1;&#x1f1f9; Mykolas ALEKNA<\/strong><span style=\"font-size: 0.8em\"><br \/>\n<strong><em>69.78 (CR)<\/em><\/strong><br \/>\n<\/span><\/span><\/td>\n<td style=\"text-align: center;vertical-align: middle;width: 200px\"><span style=\"font-size: 0.9em\"><strong>&#x1f1f8;&#x1f1ee; Kristjan \u010cEH<\/strong><span style=\"font-size: 0.8em\"><br \/>\n<strong><em>68.28<\/em><\/strong><br \/>\n<\/span><\/span><\/td>\n<td style=\"text-align: center;vertical-align: middle;width: 200px\"><span style=\"font-size: 0.9em\"><strong>&#x1f1ec;&#x1f1e7; Lawrence OKOYE<\/strong><span style=\"font-size: 0.8em\"><br \/>\n<strong><em>67.14 (SB)<\/em><\/strong><br \/>\n<\/span><\/span><\/td>\n<\/tr>\n<tr>\n<td style=\"text-align: center;vertical-align: middle;font-size: 0.9em;width: 199.75px\" colspan=\"2\"><strong>1 500 m F<\/strong><\/td>\n<td style=\"text-align: center;vertical-align: middle;width: 200px\"><span style=\"font-size: 0.9em\"><strong>&#x1f1ec;&#x1f1e7; Laura MUIR<\/strong><span style=\"font-size: 0.8em\"><br \/>\n<strong><em>4:01.08<\/em><\/strong><br \/>\n<\/span><\/span><\/td>\n<td style=\"text-align: center;vertical-align: middle;width: 200px\"><span style=\"font-size: 0.9em\"><strong>&#x1f1ee;&#x1f1ea; Ciara MAGEEAN<\/strong><span style=\"font-size: 0.8em\"><br \/>\n<strong><em>4:02.56 (SB)<\/em><\/strong><br \/>\n<\/span><\/span><\/td>\n<td style=\"text-align: center;vertical-align: middle;width: 200px\"><span style=\"font-size: 0.9em\"><strong>&#x1f1f5;&#x1f1f1; Sofia ENNAOUI<\/strong><span style=\"font-size: 0.8em\"><br \/>\n<strong><em>4:03.59<\/em><\/strong><br \/>\n<\/span><\/span><\/td>\n<\/tr>\n<tr>\n<td style=\"text-align: center;vertical-align: middle;font-size: 0.9em;width: 199.75px\" colspan=\"2\"><strong>Triple Saut F<br \/>\n<\/strong><\/td>\n<td style=\"text-align: center;vertical-align: middle;width: 200px\"><span style=\"font-size: 0.9em\"><strong>&#x1f1fa;&#x1f1e6; Maryna BEKH-ROMANCHUK<\/strong><span style=\"font-size: 0.8em\"><br \/>\n<strong><em>15.02 (EL)<\/em><\/strong><\/span><\/span><\/td>\n<td style=\"text-align: center;vertical-align: middle;width: 200px\"><span style=\"font-size: 0.9em\"><strong>&#x1f1eb;&#x1f1ee; Kristiina M\u00c4KEL\u00c4<\/strong><span style=\"font-size: 0.8em\"><br \/>\n<strong><em>14.64 (NR)<\/em><\/strong><br \/>\n<\/span><\/span><\/td>\n<td style=\"text-align: center;vertical-align: middle;width: 200px\"><span style=\"font-size: 0.9em\"><strong>&#x1f1ee;&#x1f1f1; Hanna MINENKO<\/strong><span style=\"font-size: 0.8em\"><br \/>\n<strong><em>14.45<\/em><\/strong><\/span><\/span><\/td>\n<\/tr>\n<tr>\n<td style=\"text-align: center;vertical-align: middle;font-size: 0.9em;width: 199.75px\" colspan=\"2\"><strong>3 000 Steeple H<br \/>\n<\/strong><\/td>\n<td style=\"text-align: center;vertical-align: middle;width: 200px\"><span style=\"font-size: 0.9em\"><strong>&#x1f1eb;&#x1f1ee; Topi RAITANEN<\/strong><span style=\"font-size: 0.8em\"><br \/>\n<strong><em>8:21.80<\/em><\/strong><\/span><\/span><\/td>\n<td style=\"text-align: center;vertical-align: middle;width: 200px\"><span style=\"font-size: 0.9em\"><strong>&#x1f1ee;&#x1f1f9; Ahmed ABDELWAHED<\/strong><span style=\"font-size: 0.8em\"><br \/>\n<strong><em>8:22.35<\/em><\/strong><br \/>\n<\/span><\/span><\/td>\n<td style=\"text-align: center;vertical-align: middle;width: 200px\"><span style=\"font-size: 0.9em\"><strong>&#x1f1ee;&#x1f1f9; Osama ZOGHLAMI<\/strong><span style=\"font-size: 0.8em\"><br \/>\n<strong><em>8:22.35<\/em><\/strong><br \/>\n<\/span><\/span><\/td>\n<\/tr>\n<tr>\n<td style=\"text-align: center;vertical-align: middle;font-size: 0.9em;width: 199.75px\" colspan=\"2\"><strong>200 m H<br \/>\n<\/strong><\/td>\n<td style=\"text-align: center;vertical-align: middle;width: 200px\"><span style=\"font-size: 0.9em\"><strong>&#x1f1ec;&#x1f1e7; Zharnel HUGHES<\/strong><span style=\"font-size: 0.8em\"><br \/>\n<strong><em>20.07<\/em><\/strong><br \/>\n<\/span><\/span><\/td>\n<td style=\"text-align: center;vertical-align: middle;width: 200px\"><span style=\"font-size: 0.9em\"><strong>&#x1f1ec;&#x1f1e7; Nethaneel MITCHELL-BLAKE<\/strong><span style=\"font-size: 0.8em\"><br \/>\n<strong><em>20.17<\/em><\/strong><br \/>\n<\/span><\/span><\/td>\n<td style=\"text-align: center;vertical-align: middle;width: 200px\"><span style=\"font-size: 0.9em\"><strong>&#x1f1ee;&#x1f1f9; Filippo TORTU<\/strong><span style=\"font-size: 0.8em\"><br \/>\n<em><strong>20.27<\/strong><\/em><br \/>\n<\/span><\/span><\/td>\n<\/tr>\n<tr>\n<td style=\"text-align: center;vertical-align: middle;font-size: 0.9em;width: 199.75px\" colspan=\"2\"><strong>400 m haies F<\/strong><\/td>\n<td style=\"text-align: center;vertical-align: middle;width: 200px\"><span style=\"font-size: 0.9em\"><strong>&#x1f1f3;&#x1f1f1; Femke BOL<\/strong><strong><span style=\"font-size: 0.8em\"><br \/>\n<em>52.67 (CR)<\/em><\/span><\/strong><\/span><\/td>\n<td style=\"text-align: center;vertical-align: middle;width: 200px\"><span style=\"font-size: 0.9em\"><strong>&#x1f1fa;&#x1f1e6; Viktoriya TKACHUK<\/strong><strong><span style=\"font-size: 0.8em\"><br \/>\n<em>54.30<\/em><br \/>\n<\/span><\/strong><\/span><\/td>\n<td style=\"text-align: center;vertical-align: middle;width: 200px\"><span style=\"font-size: 0.9em\"><strong>&#x1f1fa;&#x1f1e6; Anna RYZHYKOVA<\/strong><strong><br \/>\n<span style=\"font-size: 0.8em\"><em>54.86<\/em><\/span><br \/>\n<\/strong><\/span><\/td>\n<\/tr>\n<tr>\n<td style=\"text-align: center;vertical-align: middle;font-size: 0.9em;width: 199.75px\" colspan=\"2\"><strong>400 m haies H<\/strong><\/td>\n<td style=\"text-align: center;vertical-align: middle;width: 200px\"><span style=\"font-size: 0.9em\"><strong>&#x1f1f3;&#x1f1f4; Karsten WARHOLM<\/strong><span style=\"font-size: 0.8em\"><br \/>\n<strong><em>47.12 (CR)<\/em><\/strong><br \/>\n<\/span><\/span><\/td>\n<td style=\"text-align: center;vertical-align: middle;width: 200px\"><span style=\"font-size: 0.9em\"><strong>&#x1f1eb;&#x1f1f7; Wilfried HAPPIO<\/strong><span style=\"font-size: 0.8em\"><br \/>\n<strong><em>48.56<\/em><\/strong><br \/>\n<\/span><\/span><\/td>\n<td style=\"text-align: center;vertical-align: middle;width: 200px\"><span style=\"font-size: 0.9em\"><strong>&#x1f1f9;&#x1f1f7; Yasmani COPELLO<\/strong><span style=\"font-size: 0.8em\"><br \/>\n<em><strong>48.78<\/strong><\/em><br \/>\n<\/span><\/span><\/td>\n<\/tr>\n<tr>\n<td style=\"text-align: center;vertical-align: middle;font-size: 0.9em;width: 199.75px\" colspan=\"2\"><strong>200 m F<\/strong><\/td>\n<td style=\"text-align: center;vertical-align: middle;width: 200px\"><span style=\"font-size: 0.9em\"><strong>&#x1f1e8;&#x1f1ed; Mujinga KAMBUDJI<\/strong><span style=\"font-size: 0.8em\"><br \/>\n<strong><em>22.32<\/em><\/strong><\/span><strong><br \/>\n<\/strong><\/span><\/td>\n<td style=\"text-align: center;vertical-align: middle;width: 200px\"><span style=\"font-size: 0.9em\"><strong>&#x1f1ec;&#x1f1e7; Dina ASHER-SMITH<\/strong><strong><span style=\"font-size: 0.8em\"><br \/>\n<i>22.43<\/i><\/span><\/strong><\/span><\/td>\n<td style=\"text-align: center;vertical-align: middle;width: 200px\"><span style=\"font-size: 0.9em\"><strong>&#x1f1f3;&#x1f1f4; Ida KARSTOFT<\/strong><strong><br \/>\n<span style=\"font-size: 0.8em\"><em>22.72<\/em><\/span><br \/>\n<\/strong><\/span><\/td>\n<\/tr>\n<\/tbody>\n<\/table>\n<p style=\"text-align: justify\"><\/div>\n<p style=\"text-align: justify;\">Rendez-vous demain d\u00e8s 8h30 pour les finales du 20 km marche femmes et hommes. Ensuite, \u00e0 partir de 20h05, les finales du saut \u00e0 la perche hommes, du 800 m hommes et le lancer du javelot femmes auront lieu. Enfin, les finales des relais 4X400 m hommes puis femmes et le 3000 m steeple femmes cl\u00f4tureront la soir\u00e9e.<\/p>\n<h2 style=\"text-align: justify;\">\u00c0 lire aussi<\/h2>\n<ul>\n<li style=\"text-align: justify;\"><a href=\"https:\/\/dicodusport.fr\/blog\/programme-et-resultats-athletisme-championnats-deurope-2022\/\"><strong>Athl\u00e9tisme &#8211; Programme et r\u00e9sultats des Championnats d&rsquo;Europe 2022<\/strong><\/a><\/li>\n<li style=\"text-align: justify;\"><a href=\"https:\/\/dicodusport.fr\/blog\/championnats-deurope-dathletisme-2022-heptathlon-deuxieme-sacre-europeen-pour-nafissatou-thiam\/\"><strong>Championnats d\u2019Europe d\u2019athl\u00e9tisme 2022 \u2013 Heptathlon : Deuxi\u00e8me sacre europ\u00e9en pour Nafissatou Thiam !<\/strong><\/a><\/li>\n<\/ul>\n","protected":false},"excerpt":{"rendered":"<p>ATHL\u00c9TISME &#8211; CHAMPIONNATS D&rsquo;EUROPE MUNICH 2022 &#8211; \u00c0 l&rsquo;occasion de la cinqui\u00e8me journ\u00e9e des championnats d&rsquo;Europe 2022 \u00e0 Munich, plusieurs stars et athl\u00e8tes fran\u00e7ais \u00e9taient align\u00e9s aujourd&rsquo;hui. D\u00e9couvrez le r\u00e9sum\u00e9 des performances du jour entre sacres europ\u00e9ens et qualifications en finale.\u00a0<\/p>\n","protected":false},"author":54,"featured_media":254049,"comment_status":"open","ping_status":"closed","sticky":false,"template":"","format":"standard","meta":{"_acf_changed":false,"_daextam_enable_autolinks":"","footnotes":""},"categories":[2308],"tags":[143,25907,18319],"class_list":["post-253669","post","type-post","status-publish","format-standard","has-post-thumbnail","hentry","category-athletisme","tag-athletisme","tag-femke-bol","tag-wilfried-happio"],"acf":[],"yoast_head":"<!-- This site is optimized with the Yoast SEO Premium plugin v26.7 (Yoast SEO v26.7) - https:\/\/yoast.com\/wordpress\/plugins\/seo\/ -->\n<title>Championnats europ\u00e9ens 2022 : Warholm, Bol, Happio, le r\u00e9sum\u00e9 de la journ\u00e9e d\u2019athl\u00e9tisme<\/title>\n<meta name=\"description\" content=\"ATHLETISME - MUNICH 2022 - D\u00e9couvrez le r\u00e9sum\u00e9 de la cinqui\u00e8me journ\u00e9e des championnats d&#039;Europe avec les performances des Fran\u00e7ais.\" \/>\n<meta name=\"robots\" content=\"index, follow, max-snippet:-1, max-image-preview:large, max-video-preview:-1\" \/>\n<link rel=\"canonical\" href=\"https:\/\/dicodusport.fr\/blog\/championnats-europeens-2022-warholm-bol-happio-le-resume-de-la-journee-dathletisme\/\" \/>\n<meta property=\"og:locale\" content=\"fr_FR\" \/>\n<meta property=\"og:type\" content=\"article\" \/>\n<meta property=\"og:title\" content=\"Championnats europ\u00e9ens 2022 : Warholm, Bol, Happio, le r\u00e9sum\u00e9 de la journ\u00e9e d\u2019athl\u00e9tisme\" \/>\n<meta property=\"og:description\" content=\"ATHLETISME - MUNICH 2022 - D\u00e9couvrez le r\u00e9sum\u00e9 de la cinqui\u00e8me journ\u00e9e des championnats d&#039;Europe avec les performances des Fran\u00e7ais.\" \/>\n<meta property=\"og:url\" content=\"https:\/\/dicodusport.fr\/blog\/championnats-europeens-2022-warholm-bol-happio-le-resume-de-la-journee-dathletisme\/\" \/>\n<meta property=\"og:site_name\" content=\"Dicodusport\" \/>\n<meta property=\"article:publisher\" content=\"https:\/\/www.facebook.com\/dicodusport\" \/>\n<meta property=\"article:author\" content=\"https:\/\/www.facebook.com\/roxane.lecacher\" \/>\n<meta property=\"article:published_time\" content=\"2022-08-19T20:42:05+00:00\" \/>\n<meta property=\"article:modified_time\" content=\"2022-10-23T10:09:12+00:00\" \/>\n<meta property=\"og:image\" content=\"https:\/\/dicodusport.fr\/blog\/wp-content\/uploads\/2022\/08\/Championnats-europeens-2022-Warholm-Bol-Happio-le-resume-de-la-journee-dathletisme.png\" \/>\n\t<meta property=\"og:image:width\" content=\"800\" \/>\n\t<meta property=\"og:image:height\" content=\"445\" \/>\n\t<meta property=\"og:image:type\" content=\"image\/png\" \/>\n<meta name=\"author\" content=\"Roxane Lecacher\" \/>\n<meta name=\"twitter:card\" content=\"summary_large_image\" \/>\n<meta name=\"twitter:title\" content=\"Championnats europ\u00e9ens 2022 : Warholm, Bol, Happio, le r\u00e9sum\u00e9 de la journ\u00e9e d\u2019athl\u00e9tisme\" \/>\n<meta name=\"twitter:creator\" content=\"@dicodusport\" \/>\n<meta name=\"twitter:site\" content=\"@dicodusport\" \/>\n<script type=\"application\/ld+json\" class=\"yoast-schema-graph\">{\"@context\":\"https:\/\/schema.org\",\"@graph\":[{\"@type\":\"NewsArticle\",\"@id\":\"https:\/\/dicodusport.fr\/blog\/championnats-europeens-2022-warholm-bol-happio-le-resume-de-la-journee-dathletisme\/#article\",\"isPartOf\":{\"@id\":\"https:\/\/dicodusport.fr\/blog\/championnats-europeens-2022-warholm-bol-happio-le-resume-de-la-journee-dathletisme\/\"},\"author\":{\"name\":\"Roxane Lecacher\",\"@id\":\"https:\/\/dicodusport.fr\/blog\/#\/schema\/person\/819fb2545dd2715bd7c0580d6d4b411a\"},\"headline\":\"Championnats europ\u00e9ens 2022 : Warholm, Bol, Happio, le r\u00e9sum\u00e9 de la journ\u00e9e d\u2019athl\u00e9tisme\",\"datePublished\":\"2022-08-19T20:42:05+00:00\",\"dateModified\":\"2022-10-23T10:09:12+00:00\",\"mainEntityOfPage\":{\"@id\":\"https:\/\/dicodusport.fr\/blog\/championnats-europeens-2022-warholm-bol-happio-le-resume-de-la-journee-dathletisme\/\"},\"wordCount\":1349,\"commentCount\":0,\"publisher\":{\"@id\":\"https:\/\/dicodusport.fr\/blog\/#organization\"},\"image\":{\"@id\":\"https:\/\/dicodusport.fr\/blog\/championnats-europeens-2022-warholm-bol-happio-le-resume-de-la-journee-dathletisme\/#primaryimage\"},\"thumbnailUrl\":\"https:\/\/dicodusport.fr\/blog\/wp-content\/uploads\/2022\/08\/Championnats-europeens-2022-Warholm-Bol-Happio-le-resume-de-la-journee-dathletisme.png\",\"keywords\":[\"Athl\u00e9tisme\",\"Femke Bol\",\"Wilfried Happio\"],\"articleSection\":[\"Athl\u00e9tisme\"],\"inLanguage\":\"fr-FR\",\"potentialAction\":[{\"@type\":\"CommentAction\",\"name\":\"Comment\",\"target\":[\"https:\/\/dicodusport.fr\/blog\/championnats-europeens-2022-warholm-bol-happio-le-resume-de-la-journee-dathletisme\/#respond\"]}],\"copyrightYear\":\"2022\",\"copyrightHolder\":{\"@id\":\"https:\/\/dicodusport.fr\/blog\/#organization\"}},{\"@type\":\"WebPage\",\"@id\":\"https:\/\/dicodusport.fr\/blog\/championnats-europeens-2022-warholm-bol-happio-le-resume-de-la-journee-dathletisme\/\",\"url\":\"https:\/\/dicodusport.fr\/blog\/championnats-europeens-2022-warholm-bol-happio-le-resume-de-la-journee-dathletisme\/\",\"name\":\"Championnats europ\u00e9ens 2022 : Warholm, Bol, Happio, le r\u00e9sum\u00e9 de la journ\u00e9e d\u2019athl\u00e9tisme\",\"isPartOf\":{\"@id\":\"https:\/\/dicodusport.fr\/blog\/#website\"},\"primaryImageOfPage\":{\"@id\":\"https:\/\/dicodusport.fr\/blog\/championnats-europeens-2022-warholm-bol-happio-le-resume-de-la-journee-dathletisme\/#primaryimage\"},\"image\":{\"@id\":\"https:\/\/dicodusport.fr\/blog\/championnats-europeens-2022-warholm-bol-happio-le-resume-de-la-journee-dathletisme\/#primaryimage\"},\"thumbnailUrl\":\"https:\/\/dicodusport.fr\/blog\/wp-content\/uploads\/2022\/08\/Championnats-europeens-2022-Warholm-Bol-Happio-le-resume-de-la-journee-dathletisme.png\",\"datePublished\":\"2022-08-19T20:42:05+00:00\",\"dateModified\":\"2022-10-23T10:09:12+00:00\",\"description\":\"ATHLETISME - MUNICH 2022 - D\u00e9couvrez le r\u00e9sum\u00e9 de la cinqui\u00e8me journ\u00e9e des championnats d'Europe avec les performances des Fran\u00e7ais.\",\"breadcrumb\":{\"@id\":\"https:\/\/dicodusport.fr\/blog\/championnats-europeens-2022-warholm-bol-happio-le-resume-de-la-journee-dathletisme\/#breadcrumb\"},\"inLanguage\":\"fr-FR\",\"potentialAction\":[{\"@type\":\"ReadAction\",\"target\":[\"https:\/\/dicodusport.fr\/blog\/championnats-europeens-2022-warholm-bol-happio-le-resume-de-la-journee-dathletisme\/\"]}]},{\"@type\":\"ImageObject\",\"inLanguage\":\"fr-FR\",\"@id\":\"https:\/\/dicodusport.fr\/blog\/championnats-europeens-2022-warholm-bol-happio-le-resume-de-la-journee-dathletisme\/#primaryimage\",\"url\":\"https:\/\/dicodusport.fr\/blog\/wp-content\/uploads\/2022\/08\/Championnats-europeens-2022-Warholm-Bol-Happio-le-resume-de-la-journee-dathletisme.png\",\"contentUrl\":\"https:\/\/dicodusport.fr\/blog\/wp-content\/uploads\/2022\/08\/Championnats-europeens-2022-Warholm-Bol-Happio-le-resume-de-la-journee-dathletisme.png\",\"width\":800,\"height\":445,\"caption\":\"Championnats europ\u00e9ens 2022 Warholm, Bol, Happio, le r\u00e9sum\u00e9 de la journ\u00e9e d\u2019athl\u00e9tisme\"},{\"@type\":\"BreadcrumbList\",\"@id\":\"https:\/\/dicodusport.fr\/blog\/championnats-europeens-2022-warholm-bol-happio-le-resume-de-la-journee-dathletisme\/#breadcrumb\",\"itemListElement\":[{\"@type\":\"ListItem\",\"position\":1,\"name\":\"Accueil\",\"item\":\"https:\/\/dicodusport.fr\/blog\/\"},{\"@type\":\"ListItem\",\"position\":2,\"name\":\"Championnats europ\u00e9ens 2022 : Warholm, Bol, Happio, le r\u00e9sum\u00e9 de la journ\u00e9e d\u2019athl\u00e9tisme\"}]},{\"@type\":\"WebSite\",\"@id\":\"https:\/\/dicodusport.fr\/blog\/#website\",\"url\":\"https:\/\/dicodusport.fr\/blog\/\",\"name\":\"Dicodusport\",\"description\":\"L&#039;encyclop\u00e9die de l&#039;actualit\u00e9 sportive\",\"publisher\":{\"@id\":\"https:\/\/dicodusport.fr\/blog\/#organization\"},\"potentialAction\":[{\"@type\":\"SearchAction\",\"target\":{\"@type\":\"EntryPoint\",\"urlTemplate\":\"https:\/\/dicodusport.fr\/blog\/?s={search_term_string}\"},\"query-input\":{\"@type\":\"PropertyValueSpecification\",\"valueRequired\":true,\"valueName\":\"search_term_string\"}}],\"inLanguage\":\"fr-FR\"},{\"@type\":\"NewsMediaOrganization\",\"@id\":\"https:\/\/dicodusport.fr\/blog\/#organization\",\"name\":\"Dicodusport\",\"url\":\"https:\/\/dicodusport.fr\/blog\/\",\"logo\":{\"@type\":\"ImageObject\",\"inLanguage\":\"fr-FR\",\"@id\":\"https:\/\/dicodusport.fr\/blog\/#\/schema\/logo\/image\/\",\"url\":\"https:\/\/dicodusport.fr\/blog\/wp-content\/uploads\/2020\/06\/cropped-LOGO-DICODUSPORT-2020-SANS-FOND-SANS-TEXTE.png\",\"contentUrl\":\"https:\/\/dicodusport.fr\/blog\/wp-content\/uploads\/2020\/06\/cropped-LOGO-DICODUSPORT-2020-SANS-FOND-SANS-TEXTE.png\",\"width\":512,\"height\":512,\"caption\":\"Dicodusport\"},\"image\":{\"@id\":\"https:\/\/dicodusport.fr\/blog\/#\/schema\/logo\/image\/\"},\"sameAs\":[\"https:\/\/www.facebook.com\/dicodusport\",\"https:\/\/x.com\/dicodusport\",\"https:\/\/www.instagram.com\/dicodusport\/\",\"https:\/\/www.youtube.com\/channel\/UC7V2KZ5sd3htJivAbA4ZG3w\"],\"description\":\"Dicodusport est l'encyclop\u00e9die de l'actualit\u00e9 sportive.\",\"email\":\"bonjour@dicodusport.fr\",\"legalName\":\"DICODUSPORT\",\"foundingDate\":\"2018-01-14\",\"vatID\":\"FR71834470973\",\"taxID\":\"83447097300043\",\"numberOfEmployees\":{\"@type\":\"QuantitativeValue\",\"minValue\":\"1\",\"maxValue\":\"10\"}},{\"@type\":\"Person\",\"@id\":\"https:\/\/dicodusport.fr\/blog\/#\/schema\/person\/819fb2545dd2715bd7c0580d6d4b411a\",\"name\":\"Roxane Lecacher\",\"image\":{\"@type\":\"ImageObject\",\"inLanguage\":\"fr-FR\",\"@id\":\"https:\/\/dicodusport.fr\/blog\/#\/schema\/person\/image\/\",\"url\":\"https:\/\/dicodusport.fr\/blog\/wp-content\/uploads\/2021\/05\/Roxane-Lecacher-150x150.jpg\",\"contentUrl\":\"https:\/\/dicodusport.fr\/blog\/wp-content\/uploads\/2021\/05\/Roxane-Lecacher-150x150.jpg\",\"caption\":\"Roxane Lecacher\"},\"description\":\"Journaliste\/r\u00e9dactrice depuis janvier 2021 - N\u00e9e quelques jours avant la premi\u00e8re \u00e9toile des Bleus, je baigne dans une famille tr\u00e8s sportive. Je n\u2019ai eu d\u2019autres choix que de me passionner pour le sujet. Pratiquante de l\u2019athl\u00e9tisme depuis toute petite, j\u2019ai aussi un attrait tout particulier pour la Formule 1, le biathlon et le foot. Pendant les grands \u00e9v\u00e9nements, il est impossible de d\u00e9crocher de ma t\u00e9l\u00e9. C\u2019est \u00e0 travers Dicodusport que j\u2019aime d\u00e9sormais vous transmettre mes \u00e9motions et ma passion.\",\"sameAs\":[\"https:\/\/www.facebook.com\/roxane.lecacher\",\"https:\/\/fr.linkedin.com\/in\/roxane-lecacher-23368313b\"],\"url\":\"https:\/\/dicodusport.fr\/blog\/author\/roxanel\/\"}]}<\/script>\n<!-- \/ Yoast SEO Premium plugin. -->","yoast_head_json":{"title":"Championnats europ\u00e9ens 2022 : Warholm, Bol, Happio, le r\u00e9sum\u00e9 de la journ\u00e9e d\u2019athl\u00e9tisme","description":"ATHLETISME - MUNICH 2022 - D\u00e9couvrez le r\u00e9sum\u00e9 de la cinqui\u00e8me journ\u00e9e des championnats d'Europe avec les performances des Fran\u00e7ais.","robots":{"index":"index","follow":"follow","max-snippet":"max-snippet:-1","max-image-preview":"max-image-preview:large","max-video-preview":"max-video-preview:-1"},"canonical":"https:\/\/dicodusport.fr\/blog\/championnats-europeens-2022-warholm-bol-happio-le-resume-de-la-journee-dathletisme\/","og_locale":"fr_FR","og_type":"article","og_title":"Championnats europ\u00e9ens 2022 : Warholm, Bol, Happio, le r\u00e9sum\u00e9 de la journ\u00e9e d\u2019athl\u00e9tisme","og_description":"ATHLETISME - MUNICH 2022 - D\u00e9couvrez le r\u00e9sum\u00e9 de la cinqui\u00e8me journ\u00e9e des championnats d'Europe avec les performances des Fran\u00e7ais.","og_url":"https:\/\/dicodusport.fr\/blog\/championnats-europeens-2022-warholm-bol-happio-le-resume-de-la-journee-dathletisme\/","og_site_name":"Dicodusport","article_publisher":"https:\/\/www.facebook.com\/dicodusport","article_author":"https:\/\/www.facebook.com\/roxane.lecacher","article_published_time":"2022-08-19T20:42:05+00:00","article_modified_time":"2022-10-23T10:09:12+00:00","og_image":[{"width":800,"height":445,"url":"https:\/\/dicodusport.fr\/blog\/wp-content\/uploads\/2022\/08\/Championnats-europeens-2022-Warholm-Bol-Happio-le-resume-de-la-journee-dathletisme.png","type":"image\/png"}],"author":"Roxane Lecacher","twitter_card":"summary_large_image","twitter_title":"Championnats europ\u00e9ens 2022 : Warholm, Bol, Happio, le r\u00e9sum\u00e9 de la journ\u00e9e d\u2019athl\u00e9tisme","twitter_creator":"@dicodusport","twitter_site":"@dicodusport","schema":{"@context":"https:\/\/schema.org","@graph":[{"@type":"NewsArticle","@id":"https:\/\/dicodusport.fr\/blog\/championnats-europeens-2022-warholm-bol-happio-le-resume-de-la-journee-dathletisme\/#article","isPartOf":{"@id":"https:\/\/dicodusport.fr\/blog\/championnats-europeens-2022-warholm-bol-happio-le-resume-de-la-journee-dathletisme\/"},"author":{"name":"Roxane Lecacher","@id":"https:\/\/dicodusport.fr\/blog\/#\/schema\/person\/819fb2545dd2715bd7c0580d6d4b411a"},"headline":"Championnats europ\u00e9ens 2022 : Warholm, Bol, Happio, le r\u00e9sum\u00e9 de la journ\u00e9e d\u2019athl\u00e9tisme","datePublished":"2022-08-19T20:42:05+00:00","dateModified":"2022-10-23T10:09:12+00:00","mainEntityOfPage":{"@id":"https:\/\/dicodusport.fr\/blog\/championnats-europeens-2022-warholm-bol-happio-le-resume-de-la-journee-dathletisme\/"},"wordCount":1349,"commentCount":0,"publisher":{"@id":"https:\/\/dicodusport.fr\/blog\/#organization"},"image":{"@id":"https:\/\/dicodusport.fr\/blog\/championnats-europeens-2022-warholm-bol-happio-le-resume-de-la-journee-dathletisme\/#primaryimage"},"thumbnailUrl":"https:\/\/dicodusport.fr\/blog\/wp-content\/uploads\/2022\/08\/Championnats-europeens-2022-Warholm-Bol-Happio-le-resume-de-la-journee-dathletisme.png","keywords":["Athl\u00e9tisme","Femke Bol","Wilfried Happio"],"articleSection":["Athl\u00e9tisme"],"inLanguage":"fr-FR","potentialAction":[{"@type":"CommentAction","name":"Comment","target":["https:\/\/dicodusport.fr\/blog\/championnats-europeens-2022-warholm-bol-happio-le-resume-de-la-journee-dathletisme\/#respond"]}],"copyrightYear":"2022","copyrightHolder":{"@id":"https:\/\/dicodusport.fr\/blog\/#organization"}},{"@type":"WebPage","@id":"https:\/\/dicodusport.fr\/blog\/championnats-europeens-2022-warholm-bol-happio-le-resume-de-la-journee-dathletisme\/","url":"https:\/\/dicodusport.fr\/blog\/championnats-europeens-2022-warholm-bol-happio-le-resume-de-la-journee-dathletisme\/","name":"Championnats europ\u00e9ens 2022 : Warholm, Bol, Happio, le r\u00e9sum\u00e9 de la journ\u00e9e d\u2019athl\u00e9tisme","isPartOf":{"@id":"https:\/\/dicodusport.fr\/blog\/#website"},"primaryImageOfPage":{"@id":"https:\/\/dicodusport.fr\/blog\/championnats-europeens-2022-warholm-bol-happio-le-resume-de-la-journee-dathletisme\/#primaryimage"},"image":{"@id":"https:\/\/dicodusport.fr\/blog\/championnats-europeens-2022-warholm-bol-happio-le-resume-de-la-journee-dathletisme\/#primaryimage"},"thumbnailUrl":"https:\/\/dicodusport.fr\/blog\/wp-content\/uploads\/2022\/08\/Championnats-europeens-2022-Warholm-Bol-Happio-le-resume-de-la-journee-dathletisme.png","datePublished":"2022-08-19T20:42:05+00:00","dateModified":"2022-10-23T10:09:12+00:00","description":"ATHLETISME - MUNICH 2022 - D\u00e9couvrez le r\u00e9sum\u00e9 de la cinqui\u00e8me journ\u00e9e des championnats d'Europe avec les performances des Fran\u00e7ais.","breadcrumb":{"@id":"https:\/\/dicodusport.fr\/blog\/championnats-europeens-2022-warholm-bol-happio-le-resume-de-la-journee-dathletisme\/#breadcrumb"},"inLanguage":"fr-FR","potentialAction":[{"@type":"ReadAction","target":["https:\/\/dicodusport.fr\/blog\/championnats-europeens-2022-warholm-bol-happio-le-resume-de-la-journee-dathletisme\/"]}]},{"@type":"ImageObject","inLanguage":"fr-FR","@id":"https:\/\/dicodusport.fr\/blog\/championnats-europeens-2022-warholm-bol-happio-le-resume-de-la-journee-dathletisme\/#primaryimage","url":"https:\/\/dicodusport.fr\/blog\/wp-content\/uploads\/2022\/08\/Championnats-europeens-2022-Warholm-Bol-Happio-le-resume-de-la-journee-dathletisme.png","contentUrl":"https:\/\/dicodusport.fr\/blog\/wp-content\/uploads\/2022\/08\/Championnats-europeens-2022-Warholm-Bol-Happio-le-resume-de-la-journee-dathletisme.png","width":800,"height":445,"caption":"Championnats europ\u00e9ens 2022 Warholm, Bol, Happio, le r\u00e9sum\u00e9 de la journ\u00e9e d\u2019athl\u00e9tisme"},{"@type":"BreadcrumbList","@id":"https:\/\/dicodusport.fr\/blog\/championnats-europeens-2022-warholm-bol-happio-le-resume-de-la-journee-dathletisme\/#breadcrumb","itemListElement":[{"@type":"ListItem","position":1,"name":"Accueil","item":"https:\/\/dicodusport.fr\/blog\/"},{"@type":"ListItem","position":2,"name":"Championnats europ\u00e9ens 2022 : Warholm, Bol, Happio, le r\u00e9sum\u00e9 de la journ\u00e9e d\u2019athl\u00e9tisme"}]},{"@type":"WebSite","@id":"https:\/\/dicodusport.fr\/blog\/#website","url":"https:\/\/dicodusport.fr\/blog\/","name":"Dicodusport","description":"L&#039;encyclop\u00e9die de l&#039;actualit\u00e9 sportive","publisher":{"@id":"https:\/\/dicodusport.fr\/blog\/#organization"},"potentialAction":[{"@type":"SearchAction","target":{"@type":"EntryPoint","urlTemplate":"https:\/\/dicodusport.fr\/blog\/?s={search_term_string}"},"query-input":{"@type":"PropertyValueSpecification","valueRequired":true,"valueName":"search_term_string"}}],"inLanguage":"fr-FR"},{"@type":"NewsMediaOrganization","@id":"https:\/\/dicodusport.fr\/blog\/#organization","name":"Dicodusport","url":"https:\/\/dicodusport.fr\/blog\/","logo":{"@type":"ImageObject","inLanguage":"fr-FR","@id":"https:\/\/dicodusport.fr\/blog\/#\/schema\/logo\/image\/","url":"https:\/\/dicodusport.fr\/blog\/wp-content\/uploads\/2020\/06\/cropped-LOGO-DICODUSPORT-2020-SANS-FOND-SANS-TEXTE.png","contentUrl":"https:\/\/dicodusport.fr\/blog\/wp-content\/uploads\/2020\/06\/cropped-LOGO-DICODUSPORT-2020-SANS-FOND-SANS-TEXTE.png","width":512,"height":512,"caption":"Dicodusport"},"image":{"@id":"https:\/\/dicodusport.fr\/blog\/#\/schema\/logo\/image\/"},"sameAs":["https:\/\/www.facebook.com\/dicodusport","https:\/\/x.com\/dicodusport","https:\/\/www.instagram.com\/dicodusport\/","https:\/\/www.youtube.com\/channel\/UC7V2KZ5sd3htJivAbA4ZG3w"],"description":"Dicodusport est l'encyclop\u00e9die de l'actualit\u00e9 sportive.","email":"bonjour@dicodusport.fr","legalName":"DICODUSPORT","foundingDate":"2018-01-14","vatID":"FR71834470973","taxID":"83447097300043","numberOfEmployees":{"@type":"QuantitativeValue","minValue":"1","maxValue":"10"}},{"@type":"Person","@id":"https:\/\/dicodusport.fr\/blog\/#\/schema\/person\/819fb2545dd2715bd7c0580d6d4b411a","name":"Roxane Lecacher","image":{"@type":"ImageObject","inLanguage":"fr-FR","@id":"https:\/\/dicodusport.fr\/blog\/#\/schema\/person\/image\/","url":"https:\/\/dicodusport.fr\/blog\/wp-content\/uploads\/2021\/05\/Roxane-Lecacher-150x150.jpg","contentUrl":"https:\/\/dicodusport.fr\/blog\/wp-content\/uploads\/2021\/05\/Roxane-Lecacher-150x150.jpg","caption":"Roxane Lecacher"},"description":"Journaliste\/r\u00e9dactrice depuis janvier 2021 - N\u00e9e quelques jours avant la premi\u00e8re \u00e9toile des Bleus, je baigne dans une famille tr\u00e8s sportive. Je n\u2019ai eu d\u2019autres choix que de me passionner pour le sujet. Pratiquante de l\u2019athl\u00e9tisme depuis toute petite, j\u2019ai aussi un attrait tout particulier pour la Formule 1, le biathlon et le foot. Pendant les grands \u00e9v\u00e9nements, il est impossible de d\u00e9crocher de ma t\u00e9l\u00e9. C\u2019est \u00e0 travers Dicodusport que j\u2019aime d\u00e9sormais vous transmettre mes \u00e9motions et ma passion.","sameAs":["https:\/\/www.facebook.com\/roxane.lecacher","https:\/\/fr.linkedin.com\/in\/roxane-lecacher-23368313b"],"url":"https:\/\/dicodusport.fr\/blog\/author\/roxanel\/"}]}},"_links":{"self":[{"href":"https:\/\/dicodusport.fr\/blog\/wp-json\/wp\/v2\/posts\/253669","targetHints":{"allow":["GET"]}}],"collection":[{"href":"https:\/\/dicodusport.fr\/blog\/wp-json\/wp\/v2\/posts"}],"about":[{"href":"https:\/\/dicodusport.fr\/blog\/wp-json\/wp\/v2\/types\/post"}],"author":[{"embeddable":true,"href":"https:\/\/dicodusport.fr\/blog\/wp-json\/wp\/v2\/users\/54"}],"replies":[{"embeddable":true,"href":"https:\/\/dicodusport.fr\/blog\/wp-json\/wp\/v2\/comments?post=253669"}],"version-history":[{"count":0,"href":"https:\/\/dicodusport.fr\/blog\/wp-json\/wp\/v2\/posts\/253669\/revisions"}],"wp:featuredmedia":[{"embeddable":true,"href":"https:\/\/dicodusport.fr\/blog\/wp-json\/wp\/v2\/media\/254049"}],"wp:attachment":[{"href":"https:\/\/dicodusport.fr\/blog\/wp-json\/wp\/v2\/media?parent=253669"}],"wp:term":[{"taxonomy":"category","embeddable":true,"href":"https:\/\/dicodusport.fr\/blog\/wp-json\/wp\/v2\/categories?post=253669"},{"taxonomy":"post_tag","embeddable":true,"href":"https:\/\/dicodusport.fr\/blog\/wp-json\/wp\/v2\/tags?post=253669"}],"curies":[{"name":"wp","href":"https:\/\/api.w.org\/{rel}","templated":true}]}}