{"id":253818,"date":"2022-08-19T18:32:02","date_gmt":"2022-08-19T16:32:02","guid":{"rendered":"https:\/\/dicodusport.fr\/blog\/?p=253818&#038;preview=true&#038;preview_id=253818"},"modified":"2022-08-19T21:00:04","modified_gmt":"2022-08-19T19:00:04","slug":"championnats-europeens-2022-thomas-pidcock-imperial-sur-lepreuve-de-vtt-xco","status":"publish","type":"post","link":"https:\/\/dicodusport.fr\/blog\/championnats-europeens-2022-thomas-pidcock-imperial-sur-lepreuve-de-vtt-xco\/","title":{"rendered":"Championnats europ\u00e9ens 2022 : Thomas Pidcock imp\u00e9rial sur l&rsquo;\u00e9preuve de VTT XCO"},"content":{"rendered":"<p style=\"text-align: justify;\"><b><i>VTT &#8211; CHAMPIONNATS EUROP\u00c9ENS 2022 &#8211; Thomas Pidcock ne fait que gagner sur son VTT. Nouvelle victoire du Britannique, cette fois sur les Championnats d&rsquo;Europe. Il devance Sebastian Carstensen et Filippo Colombo. Victor Koretzky termine au pied du podium.<\/i><\/b><\/p>\n<p style=\"text-align: justify;\">Cette journ\u00e9e n&rsquo;a pas commenc\u00e9 de la meilleure des mani\u00e8res pour le monde du VTT. Grand favori aujourd&rsquo;hui, <a href=\"https:\/\/dicodusport.fr\/blog\/vtt-mathias-fluckiger-controle-positif-a-un-steroide-anabolisant\/\"><strong>Mathias Fl\u00fcckiger<\/strong> a \u00e9t\u00e9 rattrap\u00e9 par les instances anti-dopage<\/a>. Le Suisse a \u00e9t\u00e9 test\u00e9 positif au z\u00e9ranol &#8211; un anabolisant &#8211; lors de ses championnats nationaux en juin dernier. Avec une\u00a0<em>startlist <\/em>d\u00e9j\u00e0 mince en t\u00eates d&rsquo;affiche, celle-ci perd un \u00e9l\u00e9ment majeur. L&rsquo;Equipe de France est venue sans ses deux meilleurs atouts : <strong>Titouan Carod<\/strong> et <strong>Jordan Sarrou<\/strong>. Ils se r\u00e9servent tous les deux pour les Mondiaux aux Gets la semaine prochaine.<\/p>\n<p style=\"text-align: justify;\">Apr\u00e8s un\u00a0<em>start-loop\u00a0<\/em>\u00e9clair de moins de deux minutes, les V\u00e9t\u00e9tistes se lancent dans le premier des huit tours. Sur un trac\u00e9 munichois casse-pattes, les Allemands <strong>Brandl<\/strong> et <strong>Schwarzbauer<\/strong> emm\u00e8nent leurs adversaires suivis de trois membres de l&rsquo;armada suisse. <strong>Victor Koretzky<\/strong> fait partie du bon paquet. Deuxi\u00e8me des deux derni\u00e8res Coupes du Monde en Am\u00e9rique du Nord, <strong>Filippo Colombo<\/strong> a mis les gaz au milieu du 2e tour et un groupe de 5 s&rsquo;est form\u00e9 en t\u00eate de la course. <strong>Koretzky<\/strong> en fait bien partie.<\/p>\n<h2 style=\"text-align: justify;\">Pidcock taille XXL<\/h2>\n<p style=\"text-align: justify;\">Comme souvent dans une course de VTT, de multiples rebondissements font le sc\u00e9nario. L&rsquo;as du v\u00e9lo <strong>Thomas Pidcock<\/strong>, <a href=\"https:\/\/dicodusport.fr\/blog\/jo-tokyo-2020-vtt-tom-pidcock-sacre-champion-olympique-xco\/\">champion olympique \u00e0 Tokyo<\/a>, a recoll\u00e9 au groupe de t\u00eate en compagnie de quelques Helv\u00e8tes et du Fran\u00e7ais <strong>Joshua Dubau<\/strong>. Personne n&rsquo;a encore essay\u00e9 de se faire la malle mais le jeune Britannique durcit s\u00e9v\u00e8rement le rythme \u00e0 la mi-course. Seul <strong>Victor Koretzky<\/strong> reste dans sa roue, <strong>Filippo Colombo<\/strong> s&rsquo;est d\u00e9men\u00e9 pour recoller.<\/p>\n<p style=\"text-align: justify;\">\u00c0 deux tours du but, la m\u00e9daille d&rsquo;or semble promise \u00e0 <strong>Thomas Pidcock<\/strong> mais derri\u00e8re 8 poursuivants se battent pour les deux derni\u00e8res places sur le podium. Tout s&rsquo;est jou\u00e9 dans la derni\u00e8re boucle. Et m\u00eame les derniers hectom\u00e8tres. <strong>Sebastian Carstensen<\/strong> a acc\u00e9l\u00e9r\u00e9, quelques m\u00e8tres derri\u00e8re lui <strong>Filippo Colombo<\/strong> et encore quelques m\u00e8tres pour voir <strong>Victor Koretzky<\/strong>. Malgr\u00e9 ces \u00e9carts minces, il n&rsquo;y aura pas de sprint final et les positions se figent. Le tricolore prend la m\u00e9daille en chocolat apr\u00e8s avoir \u00e9t\u00e9 toute la course devant. <strong>Joshua Dubau<\/strong> est 14e, <strong>St\u00e9phane Tempier<\/strong> termine 15e et finit sa carri\u00e8re sur ce r\u00e9sultat.<\/p>\n<blockquote class=\"twitter-tweet\">\n<p dir=\"ltr\" lang=\"fr\">Tom Pidcock (23 ans) en 2022 :<\/p>\n<p>&#8211; champion du monde de cyclo-cross en janvier<br \/>\n&#8211; vainqueur \u00e0 l&rsquo;Alpe d&rsquo;Huez sur le Tour de France en juillet<br \/>\n&#8211; champion d&rsquo;Europe de VTT en ao\u00fbt<a href=\"https:\/\/twitter.com\/hashtag\/Munich2022?src=hash&amp;ref_src=twsrc%5Etfw\">#Munich2022<\/a> <a href=\"https:\/\/t.co\/NFTusksXza\">pic.twitter.com\/NFTusksXza<\/a><\/p>\n<p>\u2014 Le Gruppetto (@LeGruppetto) <a href=\"https:\/\/twitter.com\/LeGruppetto\/status\/1560663649093529600?ref_src=twsrc%5Etfw\">August 19, 2022<\/a><\/p><\/blockquote>\n<p style=\"text-align: justify;\"><script async src=\"https:\/\/platform.twitter.com\/widgets.js\" charset=\"utf-8\"><\/script><\/p>\n<p style=\"text-align: justify;\">D\u00e8s demain, les dames seront sur la piste avec deux belles chances de m\u00e9daille pour le clan fran\u00e7ais avec <strong>Loana Lecomte<\/strong> et <strong>Pauline Ferrand-Prevot<\/strong>.<\/p>\n","protected":false},"excerpt":{"rendered":"<p>VTT &#8211; CHAMPIONNATS EUROP\u00c9ENS 2022 &#8211; Thomas Pidcock ne fait que gagner sur son VTT. Nouvelle victoire du Britannique, cette fois sur les championnats d&rsquo;Europe. Il devance Sebastian Carstensen et Filippo Colombo. Victor Koretzky termine au pied du podium.VTT &#8211; CHAMPIONNATS EUROP\u00c9ENS 2022 &#8211; Thomas Pidcock ne fait que gagner sur son VTT. Nouvelle victoire du Britannique, cette fois sur les Championnats d&rsquo;Europe. Il devance Sebastian Carstensen et Filippo Colombo. Victor Koretzky termine au pied du podium.<\/p>\n","protected":false},"author":61,"featured_media":253982,"comment_status":"open","ping_status":"closed","sticky":false,"template":"","format":"standard","meta":{"_acf_changed":false,"_daextam_enable_autolinks":"","footnotes":""},"categories":[10279],"tags":[24,692],"class_list":["post-253818","post","type-post","status-publish","format-standard","has-post-thumbnail","hentry","category-vtt","tag-sport","tag-vtt"],"acf":[],"yoast_head":"<!-- This site is optimized with the Yoast SEO Premium plugin v26.7 (Yoast SEO v26.7) - https:\/\/yoast.com\/wordpress\/plugins\/seo\/ -->\n<title>Championnats europ\u00e9ens 2022 : Thomas Pidcock imp\u00e9rial sur l&#039;\u00e9preuve de VTT XCO<\/title>\n<meta name=\"description\" content=\"Thomas Pidcock ne fait que gagner sur son VTT. Nouvelle victoire du Britannique cette fois sur les championnats d&#039;Europe.\" \/>\n<meta name=\"robots\" content=\"index, follow, max-snippet:-1, max-image-preview:large, max-video-preview:-1\" \/>\n<link rel=\"canonical\" href=\"https:\/\/dicodusport.fr\/blog\/championnats-europeens-2022-thomas-pidcock-imperial-sur-lepreuve-de-vtt-xco\/\" \/>\n<meta property=\"og:locale\" content=\"fr_FR\" \/>\n<meta property=\"og:type\" content=\"article\" \/>\n<meta property=\"og:title\" content=\"Championnats europ\u00e9ens 2022 : Thomas Pidcock imp\u00e9rial sur l&#039;\u00e9preuve de VTT XCO\" \/>\n<meta property=\"og:description\" content=\"Thomas Pidcock ne fait que gagner sur son VTT. Nouvelle victoire du Britannique cette fois sur les championnats d&#039;Europe.\" \/>\n<meta property=\"og:url\" content=\"https:\/\/dicodusport.fr\/blog\/championnats-europeens-2022-thomas-pidcock-imperial-sur-lepreuve-de-vtt-xco\/\" \/>\n<meta property=\"og:site_name\" content=\"Dicodusport\" \/>\n<meta property=\"article:publisher\" content=\"https:\/\/www.facebook.com\/dicodusport\" \/>\n<meta property=\"article:published_time\" content=\"2022-08-19T16:32:02+00:00\" \/>\n<meta property=\"article:modified_time\" content=\"2022-08-19T19:00:04+00:00\" \/>\n<meta property=\"og:image\" content=\"https:\/\/dicodusport.fr\/blog\/wp-content\/uploads\/2022\/08\/Championnats-europeens-Thomas-Pidcock-imperial-sur-lepreuve-de-VTT-XCO.png\" \/>\n\t<meta property=\"og:image:width\" content=\"800\" \/>\n\t<meta property=\"og:image:height\" content=\"445\" \/>\n\t<meta property=\"og:image:type\" content=\"image\/png\" \/>\n<meta name=\"author\" content=\"Pierre Gorce\" \/>\n<meta name=\"twitter:card\" content=\"summary_large_image\" \/>\n<meta name=\"twitter:title\" content=\"Championnats europ\u00e9ens 2022 : Thomas Pidcock imp\u00e9rial sur l&#039;\u00e9preuve de VTT XCO\" \/>\n<meta name=\"twitter:creator\" content=\"@https:\/\/twitter.com\/pierregorce12\" \/>\n<meta name=\"twitter:site\" content=\"@dicodusport\" \/>\n<script type=\"application\/ld+json\" class=\"yoast-schema-graph\">{\"@context\":\"https:\/\/schema.org\",\"@graph\":[{\"@type\":\"NewsArticle\",\"@id\":\"https:\/\/dicodusport.fr\/blog\/championnats-europeens-2022-thomas-pidcock-imperial-sur-lepreuve-de-vtt-xco\/#article\",\"isPartOf\":{\"@id\":\"https:\/\/dicodusport.fr\/blog\/championnats-europeens-2022-thomas-pidcock-imperial-sur-lepreuve-de-vtt-xco\/\"},\"author\":{\"name\":\"Pierre Gorce\",\"@id\":\"https:\/\/dicodusport.fr\/blog\/#\/schema\/person\/0eaf70b33d703a1a66b1155ac1bda018\"},\"headline\":\"Championnats europ\u00e9ens 2022 : Thomas Pidcock imp\u00e9rial sur l&rsquo;\u00e9preuve de VTT XCO\",\"datePublished\":\"2022-08-19T16:32:02+00:00\",\"dateModified\":\"2022-08-19T19:00:04+00:00\",\"mainEntityOfPage\":{\"@id\":\"https:\/\/dicodusport.fr\/blog\/championnats-europeens-2022-thomas-pidcock-imperial-sur-lepreuve-de-vtt-xco\/\"},\"wordCount\":519,\"commentCount\":0,\"publisher\":{\"@id\":\"https:\/\/dicodusport.fr\/blog\/#organization\"},\"image\":{\"@id\":\"https:\/\/dicodusport.fr\/blog\/championnats-europeens-2022-thomas-pidcock-imperial-sur-lepreuve-de-vtt-xco\/#primaryimage\"},\"thumbnailUrl\":\"https:\/\/dicodusport.fr\/blog\/wp-content\/uploads\/2022\/08\/Championnats-europeens-Thomas-Pidcock-imperial-sur-lepreuve-de-VTT-XCO.png\",\"keywords\":[\"sport\",\"VTT\"],\"articleSection\":[\"VTT\"],\"inLanguage\":\"fr-FR\",\"potentialAction\":[{\"@type\":\"CommentAction\",\"name\":\"Comment\",\"target\":[\"https:\/\/dicodusport.fr\/blog\/championnats-europeens-2022-thomas-pidcock-imperial-sur-lepreuve-de-vtt-xco\/#respond\"]}],\"copyrightYear\":\"2022\",\"copyrightHolder\":{\"@id\":\"https:\/\/dicodusport.fr\/blog\/#organization\"}},{\"@type\":\"WebPage\",\"@id\":\"https:\/\/dicodusport.fr\/blog\/championnats-europeens-2022-thomas-pidcock-imperial-sur-lepreuve-de-vtt-xco\/\",\"url\":\"https:\/\/dicodusport.fr\/blog\/championnats-europeens-2022-thomas-pidcock-imperial-sur-lepreuve-de-vtt-xco\/\",\"name\":\"Championnats europ\u00e9ens 2022 : Thomas Pidcock imp\u00e9rial sur l'\u00e9preuve de VTT XCO\",\"isPartOf\":{\"@id\":\"https:\/\/dicodusport.fr\/blog\/#website\"},\"primaryImageOfPage\":{\"@id\":\"https:\/\/dicodusport.fr\/blog\/championnats-europeens-2022-thomas-pidcock-imperial-sur-lepreuve-de-vtt-xco\/#primaryimage\"},\"image\":{\"@id\":\"https:\/\/dicodusport.fr\/blog\/championnats-europeens-2022-thomas-pidcock-imperial-sur-lepreuve-de-vtt-xco\/#primaryimage\"},\"thumbnailUrl\":\"https:\/\/dicodusport.fr\/blog\/wp-content\/uploads\/2022\/08\/Championnats-europeens-Thomas-Pidcock-imperial-sur-lepreuve-de-VTT-XCO.png\",\"datePublished\":\"2022-08-19T16:32:02+00:00\",\"dateModified\":\"2022-08-19T19:00:04+00:00\",\"description\":\"Thomas Pidcock ne fait que gagner sur son VTT. Nouvelle victoire du Britannique cette fois sur les championnats d'Europe.\",\"breadcrumb\":{\"@id\":\"https:\/\/dicodusport.fr\/blog\/championnats-europeens-2022-thomas-pidcock-imperial-sur-lepreuve-de-vtt-xco\/#breadcrumb\"},\"inLanguage\":\"fr-FR\",\"potentialAction\":[{\"@type\":\"ReadAction\",\"target\":[\"https:\/\/dicodusport.fr\/blog\/championnats-europeens-2022-thomas-pidcock-imperial-sur-lepreuve-de-vtt-xco\/\"]}]},{\"@type\":\"ImageObject\",\"inLanguage\":\"fr-FR\",\"@id\":\"https:\/\/dicodusport.fr\/blog\/championnats-europeens-2022-thomas-pidcock-imperial-sur-lepreuve-de-vtt-xco\/#primaryimage\",\"url\":\"https:\/\/dicodusport.fr\/blog\/wp-content\/uploads\/2022\/08\/Championnats-europeens-Thomas-Pidcock-imperial-sur-lepreuve-de-VTT-XCO.png\",\"contentUrl\":\"https:\/\/dicodusport.fr\/blog\/wp-content\/uploads\/2022\/08\/Championnats-europeens-Thomas-Pidcock-imperial-sur-lepreuve-de-VTT-XCO.png\",\"width\":800,\"height\":445,\"caption\":\"Championnats europ\u00e9ens 2022 Thomas Pidcock imp\u00e9rial sur l'\u00e9preuve de VTT XCO\"},{\"@type\":\"BreadcrumbList\",\"@id\":\"https:\/\/dicodusport.fr\/blog\/championnats-europeens-2022-thomas-pidcock-imperial-sur-lepreuve-de-vtt-xco\/#breadcrumb\",\"itemListElement\":[{\"@type\":\"ListItem\",\"position\":1,\"name\":\"Accueil\",\"item\":\"https:\/\/dicodusport.fr\/blog\/\"},{\"@type\":\"ListItem\",\"position\":2,\"name\":\"Championnats europ\u00e9ens 2022 : Thomas Pidcock imp\u00e9rial sur l&rsquo;\u00e9preuve de VTT XCO\"}]},{\"@type\":\"WebSite\",\"@id\":\"https:\/\/dicodusport.fr\/blog\/#website\",\"url\":\"https:\/\/dicodusport.fr\/blog\/\",\"name\":\"Dicodusport\",\"description\":\"L&#039;encyclop\u00e9die de l&#039;actualit\u00e9 sportive\",\"publisher\":{\"@id\":\"https:\/\/dicodusport.fr\/blog\/#organization\"},\"potentialAction\":[{\"@type\":\"SearchAction\",\"target\":{\"@type\":\"EntryPoint\",\"urlTemplate\":\"https:\/\/dicodusport.fr\/blog\/?s={search_term_string}\"},\"query-input\":{\"@type\":\"PropertyValueSpecification\",\"valueRequired\":true,\"valueName\":\"search_term_string\"}}],\"inLanguage\":\"fr-FR\"},{\"@type\":\"NewsMediaOrganization\",\"@id\":\"https:\/\/dicodusport.fr\/blog\/#organization\",\"name\":\"Dicodusport\",\"url\":\"https:\/\/dicodusport.fr\/blog\/\",\"logo\":{\"@type\":\"ImageObject\",\"inLanguage\":\"fr-FR\",\"@id\":\"https:\/\/dicodusport.fr\/blog\/#\/schema\/logo\/image\/\",\"url\":\"https:\/\/dicodusport.fr\/blog\/wp-content\/uploads\/2020\/06\/cropped-LOGO-DICODUSPORT-2020-SANS-FOND-SANS-TEXTE.png\",\"contentUrl\":\"https:\/\/dicodusport.fr\/blog\/wp-content\/uploads\/2020\/06\/cropped-LOGO-DICODUSPORT-2020-SANS-FOND-SANS-TEXTE.png\",\"width\":512,\"height\":512,\"caption\":\"Dicodusport\"},\"image\":{\"@id\":\"https:\/\/dicodusport.fr\/blog\/#\/schema\/logo\/image\/\"},\"sameAs\":[\"https:\/\/www.facebook.com\/dicodusport\",\"https:\/\/x.com\/dicodusport\",\"https:\/\/www.instagram.com\/dicodusport\/\",\"https:\/\/www.youtube.com\/channel\/UC7V2KZ5sd3htJivAbA4ZG3w\"],\"description\":\"Dicodusport est l'encyclop\u00e9die de l'actualit\u00e9 sportive.\",\"email\":\"bonjour@dicodusport.fr\",\"legalName\":\"DICODUSPORT\",\"foundingDate\":\"2018-01-14\",\"vatID\":\"FR71834470973\",\"taxID\":\"83447097300043\",\"numberOfEmployees\":{\"@type\":\"QuantitativeValue\",\"minValue\":\"1\",\"maxValue\":\"10\"}},{\"@type\":\"Person\",\"@id\":\"https:\/\/dicodusport.fr\/blog\/#\/schema\/person\/0eaf70b33d703a1a66b1155ac1bda018\",\"name\":\"Pierre Gorce\",\"image\":{\"@type\":\"ImageObject\",\"inLanguage\":\"fr-FR\",\"@id\":\"https:\/\/dicodusport.fr\/blog\/#\/schema\/person\/image\/\",\"url\":\"https:\/\/dicodusport.fr\/blog\/wp-content\/uploads\/2022\/03\/IMG_20211214_233053_722-150x150.jpg\",\"contentUrl\":\"https:\/\/dicodusport.fr\/blog\/wp-content\/uploads\/2022\/03\/IMG_20211214_233053_722-150x150.jpg\",\"caption\":\"Pierre Gorce\"},\"description\":\"Couteau suisse venant tout droit de Haute-Savoie. Habitu\u00e9 \u00e0 regarder du sport depuis petit, j'en ai maintenant fait mon m\u00e9tier. Des sports d'hiver au surf, en passant par le tennis, la F1, le handball et l'athl\u00e9tisme, j'essaie d'avoir mes yeux sur l'enti\u00e8ret\u00e9 de l'actualit\u00e9. Jeune homme berc\u00e9 par les exploits de Jean-Baptiste Grange, Sebastian Vettel et des Experts. Membre de la g\u00e9n\u00e9ration 1999 comme Luka Doncic, Sydney McLaughlin, Lando Norris et Loana Lecomte, mais avec beaucoup moins de talent qu'eux.\",\"sameAs\":[\"https:\/\/x.com\/https:\/\/twitter.com\/pierregorce12\"],\"birthDate\":\"1999-08-29\",\"url\":\"https:\/\/dicodusport.fr\/blog\/author\/pierreg\/\"}]}<\/script>\n<!-- \/ Yoast SEO Premium plugin. -->","yoast_head_json":{"title":"Championnats europ\u00e9ens 2022 : Thomas Pidcock imp\u00e9rial sur l'\u00e9preuve de VTT XCO","description":"Thomas Pidcock ne fait que gagner sur son VTT. Nouvelle victoire du Britannique cette fois sur les championnats d'Europe.","robots":{"index":"index","follow":"follow","max-snippet":"max-snippet:-1","max-image-preview":"max-image-preview:large","max-video-preview":"max-video-preview:-1"},"canonical":"https:\/\/dicodusport.fr\/blog\/championnats-europeens-2022-thomas-pidcock-imperial-sur-lepreuve-de-vtt-xco\/","og_locale":"fr_FR","og_type":"article","og_title":"Championnats europ\u00e9ens 2022 : Thomas Pidcock imp\u00e9rial sur l'\u00e9preuve de VTT XCO","og_description":"Thomas Pidcock ne fait que gagner sur son VTT. Nouvelle victoire du Britannique cette fois sur les championnats d'Europe.","og_url":"https:\/\/dicodusport.fr\/blog\/championnats-europeens-2022-thomas-pidcock-imperial-sur-lepreuve-de-vtt-xco\/","og_site_name":"Dicodusport","article_publisher":"https:\/\/www.facebook.com\/dicodusport","article_published_time":"2022-08-19T16:32:02+00:00","article_modified_time":"2022-08-19T19:00:04+00:00","og_image":[{"width":800,"height":445,"url":"https:\/\/dicodusport.fr\/blog\/wp-content\/uploads\/2022\/08\/Championnats-europeens-Thomas-Pidcock-imperial-sur-lepreuve-de-VTT-XCO.png","type":"image\/png"}],"author":"Pierre Gorce","twitter_card":"summary_large_image","twitter_title":"Championnats europ\u00e9ens 2022 : Thomas Pidcock imp\u00e9rial sur l'\u00e9preuve de VTT XCO","twitter_creator":"@https:\/\/twitter.com\/pierregorce12","twitter_site":"@dicodusport","schema":{"@context":"https:\/\/schema.org","@graph":[{"@type":"NewsArticle","@id":"https:\/\/dicodusport.fr\/blog\/championnats-europeens-2022-thomas-pidcock-imperial-sur-lepreuve-de-vtt-xco\/#article","isPartOf":{"@id":"https:\/\/dicodusport.fr\/blog\/championnats-europeens-2022-thomas-pidcock-imperial-sur-lepreuve-de-vtt-xco\/"},"author":{"name":"Pierre Gorce","@id":"https:\/\/dicodusport.fr\/blog\/#\/schema\/person\/0eaf70b33d703a1a66b1155ac1bda018"},"headline":"Championnats europ\u00e9ens 2022 : Thomas Pidcock imp\u00e9rial sur l&rsquo;\u00e9preuve de VTT XCO","datePublished":"2022-08-19T16:32:02+00:00","dateModified":"2022-08-19T19:00:04+00:00","mainEntityOfPage":{"@id":"https:\/\/dicodusport.fr\/blog\/championnats-europeens-2022-thomas-pidcock-imperial-sur-lepreuve-de-vtt-xco\/"},"wordCount":519,"commentCount":0,"publisher":{"@id":"https:\/\/dicodusport.fr\/blog\/#organization"},"image":{"@id":"https:\/\/dicodusport.fr\/blog\/championnats-europeens-2022-thomas-pidcock-imperial-sur-lepreuve-de-vtt-xco\/#primaryimage"},"thumbnailUrl":"https:\/\/dicodusport.fr\/blog\/wp-content\/uploads\/2022\/08\/Championnats-europeens-Thomas-Pidcock-imperial-sur-lepreuve-de-VTT-XCO.png","keywords":["sport","VTT"],"articleSection":["VTT"],"inLanguage":"fr-FR","potentialAction":[{"@type":"CommentAction","name":"Comment","target":["https:\/\/dicodusport.fr\/blog\/championnats-europeens-2022-thomas-pidcock-imperial-sur-lepreuve-de-vtt-xco\/#respond"]}],"copyrightYear":"2022","copyrightHolder":{"@id":"https:\/\/dicodusport.fr\/blog\/#organization"}},{"@type":"WebPage","@id":"https:\/\/dicodusport.fr\/blog\/championnats-europeens-2022-thomas-pidcock-imperial-sur-lepreuve-de-vtt-xco\/","url":"https:\/\/dicodusport.fr\/blog\/championnats-europeens-2022-thomas-pidcock-imperial-sur-lepreuve-de-vtt-xco\/","name":"Championnats europ\u00e9ens 2022 : Thomas Pidcock imp\u00e9rial sur l'\u00e9preuve de VTT XCO","isPartOf":{"@id":"https:\/\/dicodusport.fr\/blog\/#website"},"primaryImageOfPage":{"@id":"https:\/\/dicodusport.fr\/blog\/championnats-europeens-2022-thomas-pidcock-imperial-sur-lepreuve-de-vtt-xco\/#primaryimage"},"image":{"@id":"https:\/\/dicodusport.fr\/blog\/championnats-europeens-2022-thomas-pidcock-imperial-sur-lepreuve-de-vtt-xco\/#primaryimage"},"thumbnailUrl":"https:\/\/dicodusport.fr\/blog\/wp-content\/uploads\/2022\/08\/Championnats-europeens-Thomas-Pidcock-imperial-sur-lepreuve-de-VTT-XCO.png","datePublished":"2022-08-19T16:32:02+00:00","dateModified":"2022-08-19T19:00:04+00:00","description":"Thomas Pidcock ne fait que gagner sur son VTT. Nouvelle victoire du Britannique cette fois sur les championnats d'Europe.","breadcrumb":{"@id":"https:\/\/dicodusport.fr\/blog\/championnats-europeens-2022-thomas-pidcock-imperial-sur-lepreuve-de-vtt-xco\/#breadcrumb"},"inLanguage":"fr-FR","potentialAction":[{"@type":"ReadAction","target":["https:\/\/dicodusport.fr\/blog\/championnats-europeens-2022-thomas-pidcock-imperial-sur-lepreuve-de-vtt-xco\/"]}]},{"@type":"ImageObject","inLanguage":"fr-FR","@id":"https:\/\/dicodusport.fr\/blog\/championnats-europeens-2022-thomas-pidcock-imperial-sur-lepreuve-de-vtt-xco\/#primaryimage","url":"https:\/\/dicodusport.fr\/blog\/wp-content\/uploads\/2022\/08\/Championnats-europeens-Thomas-Pidcock-imperial-sur-lepreuve-de-VTT-XCO.png","contentUrl":"https:\/\/dicodusport.fr\/blog\/wp-content\/uploads\/2022\/08\/Championnats-europeens-Thomas-Pidcock-imperial-sur-lepreuve-de-VTT-XCO.png","width":800,"height":445,"caption":"Championnats europ\u00e9ens 2022 Thomas Pidcock imp\u00e9rial sur l'\u00e9preuve de VTT XCO"},{"@type":"BreadcrumbList","@id":"https:\/\/dicodusport.fr\/blog\/championnats-europeens-2022-thomas-pidcock-imperial-sur-lepreuve-de-vtt-xco\/#breadcrumb","itemListElement":[{"@type":"ListItem","position":1,"name":"Accueil","item":"https:\/\/dicodusport.fr\/blog\/"},{"@type":"ListItem","position":2,"name":"Championnats europ\u00e9ens 2022 : Thomas Pidcock imp\u00e9rial sur l&rsquo;\u00e9preuve de VTT XCO"}]},{"@type":"WebSite","@id":"https:\/\/dicodusport.fr\/blog\/#website","url":"https:\/\/dicodusport.fr\/blog\/","name":"Dicodusport","description":"L&#039;encyclop\u00e9die de l&#039;actualit\u00e9 sportive","publisher":{"@id":"https:\/\/dicodusport.fr\/blog\/#organization"},"potentialAction":[{"@type":"SearchAction","target":{"@type":"EntryPoint","urlTemplate":"https:\/\/dicodusport.fr\/blog\/?s={search_term_string}"},"query-input":{"@type":"PropertyValueSpecification","valueRequired":true,"valueName":"search_term_string"}}],"inLanguage":"fr-FR"},{"@type":"NewsMediaOrganization","@id":"https:\/\/dicodusport.fr\/blog\/#organization","name":"Dicodusport","url":"https:\/\/dicodusport.fr\/blog\/","logo":{"@type":"ImageObject","inLanguage":"fr-FR","@id":"https:\/\/dicodusport.fr\/blog\/#\/schema\/logo\/image\/","url":"https:\/\/dicodusport.fr\/blog\/wp-content\/uploads\/2020\/06\/cropped-LOGO-DICODUSPORT-2020-SANS-FOND-SANS-TEXTE.png","contentUrl":"https:\/\/dicodusport.fr\/blog\/wp-content\/uploads\/2020\/06\/cropped-LOGO-DICODUSPORT-2020-SANS-FOND-SANS-TEXTE.png","width":512,"height":512,"caption":"Dicodusport"},"image":{"@id":"https:\/\/dicodusport.fr\/blog\/#\/schema\/logo\/image\/"},"sameAs":["https:\/\/www.facebook.com\/dicodusport","https:\/\/x.com\/dicodusport","https:\/\/www.instagram.com\/dicodusport\/","https:\/\/www.youtube.com\/channel\/UC7V2KZ5sd3htJivAbA4ZG3w"],"description":"Dicodusport est l'encyclop\u00e9die de l'actualit\u00e9 sportive.","email":"bonjour@dicodusport.fr","legalName":"DICODUSPORT","foundingDate":"2018-01-14","vatID":"FR71834470973","taxID":"83447097300043","numberOfEmployees":{"@type":"QuantitativeValue","minValue":"1","maxValue":"10"}},{"@type":"Person","@id":"https:\/\/dicodusport.fr\/blog\/#\/schema\/person\/0eaf70b33d703a1a66b1155ac1bda018","name":"Pierre Gorce","image":{"@type":"ImageObject","inLanguage":"fr-FR","@id":"https:\/\/dicodusport.fr\/blog\/#\/schema\/person\/image\/","url":"https:\/\/dicodusport.fr\/blog\/wp-content\/uploads\/2022\/03\/IMG_20211214_233053_722-150x150.jpg","contentUrl":"https:\/\/dicodusport.fr\/blog\/wp-content\/uploads\/2022\/03\/IMG_20211214_233053_722-150x150.jpg","caption":"Pierre Gorce"},"description":"Couteau suisse venant tout droit de Haute-Savoie. Habitu\u00e9 \u00e0 regarder du sport depuis petit, j'en ai maintenant fait mon m\u00e9tier. Des sports d'hiver au surf, en passant par le tennis, la F1, le handball et l'athl\u00e9tisme, j'essaie d'avoir mes yeux sur l'enti\u00e8ret\u00e9 de l'actualit\u00e9. Jeune homme berc\u00e9 par les exploits de Jean-Baptiste Grange, Sebastian Vettel et des Experts. Membre de la g\u00e9n\u00e9ration 1999 comme Luka Doncic, Sydney McLaughlin, Lando Norris et Loana Lecomte, mais avec beaucoup moins de talent qu'eux.","sameAs":["https:\/\/x.com\/https:\/\/twitter.com\/pierregorce12"],"birthDate":"1999-08-29","url":"https:\/\/dicodusport.fr\/blog\/author\/pierreg\/"}]}},"_links":{"self":[{"href":"https:\/\/dicodusport.fr\/blog\/wp-json\/wp\/v2\/posts\/253818","targetHints":{"allow":["GET"]}}],"collection":[{"href":"https:\/\/dicodusport.fr\/blog\/wp-json\/wp\/v2\/posts"}],"about":[{"href":"https:\/\/dicodusport.fr\/blog\/wp-json\/wp\/v2\/types\/post"}],"author":[{"embeddable":true,"href":"https:\/\/dicodusport.fr\/blog\/wp-json\/wp\/v2\/users\/61"}],"replies":[{"embeddable":true,"href":"https:\/\/dicodusport.fr\/blog\/wp-json\/wp\/v2\/comments?post=253818"}],"version-history":[{"count":0,"href":"https:\/\/dicodusport.fr\/blog\/wp-json\/wp\/v2\/posts\/253818\/revisions"}],"wp:featuredmedia":[{"embeddable":true,"href":"https:\/\/dicodusport.fr\/blog\/wp-json\/wp\/v2\/media\/253982"}],"wp:attachment":[{"href":"https:\/\/dicodusport.fr\/blog\/wp-json\/wp\/v2\/media?parent=253818"}],"wp:term":[{"taxonomy":"category","embeddable":true,"href":"https:\/\/dicodusport.fr\/blog\/wp-json\/wp\/v2\/categories?post=253818"},{"taxonomy":"post_tag","embeddable":true,"href":"https:\/\/dicodusport.fr\/blog\/wp-json\/wp\/v2\/tags?post=253818"}],"curies":[{"name":"wp","href":"https:\/\/api.w.org\/{rel}","templated":true}]}}