{"id":253926,"date":"2022-09-11T20:15:39","date_gmt":"2022-09-11T18:15:39","guid":{"rendered":"https:\/\/dicodusport.fr\/blog\/?p=253926&#038;preview=true&#038;preview_id=253926"},"modified":"2022-09-11T20:28:33","modified_gmt":"2022-09-11T18:28:33","slug":"tour-despagne-2022-classement-general-maillot-rouge","status":"publish","type":"post","link":"https:\/\/dicodusport.fr\/blog\/tour-despagne-2022-classement-general-maillot-rouge\/","title":{"rendered":"Tour d&rsquo;Espagne 2022 &#8211; Classement g\u00e9n\u00e9ral final Maillot rouge"},"content":{"rendered":"<p style=\"text-align: justify;\"><b><i><a href=\"https:\/\/dicodusport.fr\/blog\/actualites\/cyclisme\/cyclisme-sur-route-2022\/tour-espagne-2022\/\">TOUR D&rsquo;ESPAGNE 2022<\/a> &#8211; D\u00e9couvrez le classement g\u00e9n\u00e9ral du <a href=\"https:\/\/dicodusport.fr\/blog\/le-profil-des-21-etapes-du-tour-d-espagne-2022\/\">Tour d&rsquo;Espagne 2022<\/a> (Top 20), qui se d\u00e9roule du vendredi 19 ao\u00fbt au dimanche 11 septembre 2022.<\/i><\/b><\/p>\n<p style=\"text-align: justify;\">C&rsquo;est officiel ! <strong>Remco Evenepoel<\/strong> (Quick-Step Alpha Vinyl) remporte le <strong>classement g\u00e9n\u00e9ral du Tour d&rsquo;Espagne<\/strong> 2022 ! Pour son premier Grand Tour complet, <strong>Evenepoel<\/strong> triomphe en patron. Il met un terme \u00e0 44 ans de disette belge sur les courses de trois semaines, le dernier sacre d&rsquo;un coureur du pays du v\u00e9lo sur un GT remontant \u00e0 1978, avec le succ\u00e8s de Johan de Muynck sur le Tour d&rsquo;Italie. <strong>Enric Mas<\/strong> (Movistar) et <strong>Juan Ayuso<\/strong> (UAE Team Emirates) compl\u00e8tent le podium final de cette Vuelta 2022.<\/p>\n<h2 style=\"text-align: justify;\"><strong>Le palmar\u00e8s du Tour d&rsquo;Espagne depuis 2010<\/strong><\/h2>\n<p style=\"text-align: justify;\"><strong>2010 :<\/strong> Vincenzo Nibali (Italie)<br \/>\n<strong>2011 :<\/strong> Christopher Froome (Grande-Bretagne)<br \/>\n<strong>2012 :<\/strong> Alberto Contador (Espagne)<br \/>\n<strong>2013 :<\/strong> Christopher Horner (\u00c9tats-Unis)<br \/>\n<strong>2014 :<\/strong> Alberto Contador (Espagne)<br \/>\n<strong>2015 :<\/strong> Fabio Aru (Italie)<br \/>\n<strong>2016 :<\/strong> Nairo Quintana (Colombie)<br \/>\n<strong>2017 :<\/strong> Christopher Froome (Grande-Bretagne)<br \/>\n<strong>2018 :<\/strong> Simon Yates (Grande-Bretagne)<br \/>\n<strong>2019 :<\/strong> Primo\u017e Roglic (Slov\u00e9nie)<br \/>\n<strong>2020 :<\/strong> Primo\u017e Roglic (Slov\u00e9nie)<br \/>\n<strong>2021 :<\/strong> Primo\u017e Roglic (Slov\u00e9nie)<\/p>\n<form><a id=\"choix\"><\/a><select name=\"EtapesVuelta\" size=\"1\" onchange=\"location.href=this.value\"><option value=\"#choix\">Classement des \u00e9tapes<\/option><option value=\"https:\/\/dicodusport.fr\/blog\/tour-despagne-2022-classement-1ere-etape\/\">1\u00e8re \u00e9tape<\/option><option value=\"https:\/\/dicodusport.fr\/blog\/tour-espagne-2022-classement-2eme-etape\/\">2\u00e8me \u00e9tape<\/option><option value=\"https:\/\/dicodusport.fr\/blog\/tour-espagne-2022-classement-3eme-etape\/\">3\u00e8me \u00e9tape<\/option><option value=\"https:\/\/dicodusport.fr\/blog\/tour-d-espagne-2022-classement-4eme-etape\/\">4\u00e8me \u00e9tape<\/option><option value=\"https:\/\/dicodusport.fr\/blog\/tour-d-espagne-2022-classement-5eme-etape\/\">5\u00e8me \u00e9tape<\/option><option value=\"https:\/\/dicodusport.fr\/blog\/tour-d-espagne-2022-classement-6eme-etape\/\">6\u00e8me \u00e9tape<\/option><option value=\"https:\/\/dicodusport.fr\/blog\/tour-d-espagne-2022-classement-7eme-etape\/\">7\u00e8me \u00e9tape<\/option><option value=\"https:\/\/dicodusport.fr\/blog\/tour-d-espagne-2022-classement-8eme-etape\/\">8\u00e8me \u00e9tape<\/option><option value=\"https:\/\/dicodusport.fr\/blog\/tour-d-espagne-2022-classement-9eme-etape\/\">9\u00e8me \u00e9tape<\/option><option value=\"https:\/\/dicodusport.fr\/blog\/tour-d-espagne-2022-classement-10eme-etape\/\">10\u00e8me \u00e9tape<\/option><option value=\"https:\/\/dicodusport.fr\/blog\/tour-d-espagne-2022-classement-11eme-etape\/\">11\u00e8me \u00e9tape<\/option><option value=\"https:\/\/dicodusport.fr\/blog\/tour-d-espagne-2022-classement-12eme-etape\/\">12\u00e8me \u00e9tape<\/option><option value=\"https:\/\/dicodusport.fr\/blog\/tour-d-espagne-2022-classement-13eme-etape\/\">13\u00e8me \u00e9tape<\/option><option value=\"https:\/\/dicodusport.fr\/blog\/tour-d-espagne-2022-classement-14eme-etape\/\">14\u00e8me \u00e9tape<\/option><option value=\"https:\/\/dicodusport.fr\/blog\/tour-despagne-2022-classement-15eme-etape\/\">15\u00e8me \u00e9tape<\/option><option value=\"https:\/\/dicodusport.fr\/blog\/tour-despagne-2022-classement-16eme-etape\/\">16\u00e8me \u00e9tape<\/option><option value=\"https:\/\/dicodusport.fr\/blog\/tour-despagne-2022-classement-17eme-etape\/\">17\u00e8me \u00e9tape<\/option><option value=\"https:\/\/dicodusport.fr\/blog\/tour-despagne-2022-classement-18eme-etape\/\">18\u00e8me \u00e9tape<\/option><option value=\"https:\/\/dicodusport.fr\/blog\/tour-despagne-2022-classement-19eme-etape\/\">19\u00e8me \u00e9tape<\/option><option value=\"https:\/\/dicodusport.fr\/blog\/tour-despagne-2022-classement-20eme-etape\/\">20\u00e8me \u00e9tape<\/option><option value=\"https:\/\/dicodusport.fr\/blog\/tour-despagne-2022-classement-21eme-etape\/\">21\u00e8me \u00e9tape<\/option><\/select><\/form>\n<h2 style=\"text-align: justify;\"><strong>Le classement g\u00e9n\u00e9ral du Tour d&rsquo;Espagne 2022<\/strong><\/h2>\n<p style=\"text-align: justify;\"><strong><span style=\"font-size: 14px;\"><em>Classement g\u00e9n\u00e9ral final mis \u00e0 jour \u00e0 l&rsquo;issue de la 21\u00e8me \u00e9tape.<\/em><\/span><\/strong><\/p>\n<div class=\"su-table su-table-alternate\">\n<table style=\"width: 800px;border-collapse: collapse\" border=\"1\">\n<tbody>\n<tr style=\"height: 24px\">\n<td style=\"border-color: #ebebeb;height: 24px;text-align: center;width: 80px;vertical-align: middle\">&#x1f534;<\/td>\n<td style=\"border-color: #ebebeb;height: 24px;text-align: center;width: 500px;vertical-align: middle\"><span style=\"font-size: 0.9em\"><strong>COUREURS<\/strong><\/span><\/td>\n<td style=\"border-color: #ebebeb;height: 24px;text-align: center;width: 220px;vertical-align: middle\"><span style=\"font-size: 0.9em\"><strong>TEMPS \/ \u00c9CART<\/strong><\/span><\/td>\n<\/tr>\n<tr style=\"height: 24px\">\n<td style=\"border-color: #ebebeb;height: 24px;text-align: center;width: 80px;vertical-align: middle\"><span style=\"font-size: 0.9em\">1.<\/span><\/td>\n<td style=\"border-color: #ebebeb;text-align: center;width: 500px;vertical-align: middle\"><strong style=\"font-size: 0.9em\">&#x1f1e7;&#x1f1ea; REMCO EVENEPOEL<\/strong><br style=\"font-size: 14.4px\" \/><span style=\"font-size: 0.9em\"><span style=\"font-size: 0.8em\">QUICK-STEP ALPHA VINYL TEAM<\/span><\/span><\/td>\n<td style=\"border-color: #ebebeb;text-align: center;width: 220px;vertical-align: middle\"><span style=\"font-size: 0.9em\"><strong>80h26m59s<\/strong><\/span><\/td>\n<\/tr>\n<tr>\n<td style=\"border-color: #ebebeb;text-align: center;width: 80px;vertical-align: middle\"><span style=\"font-size: 0.9em\">2.<\/span><\/td>\n<td style=\"border-color: #ebebeb;height: 24px;text-align: center;width: 500px;vertical-align: middle\"><strong style=\"font-size: 14.4px\">&#x1f1ea;&#x1f1f8; ENRIC MAS<\/strong><br style=\"font-size: 14.4px\" \/><span style=\"font-size: 0.9em\"><span style=\"font-size: 0.8em\">MOVISTAR<\/span><\/span><\/td>\n<td style=\"border-color: #ebebeb;text-align: center;width: 220px;vertical-align: middle\"><span style=\"font-size: 0.9em\"><strong>\u00e0 2m02s<\/strong><\/span><\/td>\n<\/tr>\n<tr>\n<td style=\"border-color: #ebebeb;text-align: center;width: 80px;vertical-align: middle\"><span style=\"font-size: 0.9em\">3.<\/span><\/td>\n<td style=\"border-color: #ebebeb;height: 24px;text-align: center;width: 500px;vertical-align: middle\"><span style=\"font-size: 0.9em\"><strong>&#x1f1ea;&#x1f1f8; JUAN AYUSO<\/strong><br \/>\n<span style=\"font-size: 0.8em\">UAE TEAM EMIRATES<\/span><\/span><\/td>\n<td style=\"border-color: #ebebeb;text-align: center;width: 220px;vertical-align: middle\"><span style=\"font-size: 0.9em\"><strong>\u00e0 4m57s<\/strong><\/span><\/td>\n<\/tr>\n<tr>\n<td style=\"border-color: #ebebeb;text-align: center;width: 80px;vertical-align: middle\"><span style=\"font-size: 0.9em\">4.<\/span><\/td>\n<td style=\"border-color: #ebebeb;height: 24px;text-align: center;width: 500px;vertical-align: middle\"><strong style=\"font-size: 14.4px\">&#x1f1e8;&#x1f1f4; MIGUEL ANGEL LOPEZ<\/strong><br style=\"font-size: 14.4px\" \/><span style=\"font-size: 0.9em\"><span style=\"font-size: 0.8em\">ASTANA QAZAQSTAN TEAM<\/span><\/span><\/td>\n<td style=\"border-color: #ebebeb;text-align: center;width: 220px;vertical-align: middle\"><span style=\"font-size: 0.9em\"><strong>\u00e0 5m56s<\/strong><\/span><\/td>\n<\/tr>\n<tr>\n<td style=\"border-color: #ebebeb;text-align: center;width: 80px;vertical-align: middle\"><span style=\"font-size: 0.9em\">5.<\/span><\/td>\n<td style=\"border-color: #ebebeb;height: 24px;text-align: center;width: 500px;vertical-align: middle\"><span style=\"font-size: 0.9em\"><strong>&#x1f1f5;&#x1f1f9; JO\u00c3O ALMEIDA<\/strong><br \/>\n<span style=\"font-size: 0.8em\">UAE TEAM EMIRATES<\/span><\/span><\/td>\n<td style=\"border-color: #ebebeb;text-align: center;width: 220px;vertical-align: middle\"><span style=\"font-size: 0.9em\"><strong>\u00e0 7m24s<\/strong><\/span><\/td>\n<\/tr>\n<tr>\n<td style=\"border-color: #ebebeb;text-align: center;width: 80px;vertical-align: middle\"><span style=\"font-size: 0.9em\">6.<\/span><\/td>\n<td style=\"border-color: #ebebeb;height: 24px;text-align: center;width: 500px;vertical-align: middle\"><span style=\"font-size: 0.9em\"><strong style=\"font-size: 14.4px\"><strong>&#x1f1f3;&#x1f1f1;<\/strong> THYMEN ARENSMAN<\/strong><br style=\"font-size: 14.4px\" \/><span style=\"font-size: 0.8em\">TEAM DSM<\/span><\/span><\/td>\n<td style=\"border-color: #ebebeb;text-align: center;width: 220px;vertical-align: middle\"><span style=\"font-size: 0.9em\"><strong>\u00e0 7m45s<\/strong><\/span><\/td>\n<\/tr>\n<tr>\n<td style=\"border-color: #ebebeb;text-align: center;width: 80px;vertical-align: middle\"><span style=\"font-size: 0.9em\">7.<\/span><\/td>\n<td style=\"border-color: #ebebeb;height: 24px;text-align: center;width: 500px;vertical-align: middle\"><strong style=\"font-size: 0.9em\">&#x1f1ea;&#x1f1f8; CARLOS RODRIGUEZ<\/strong><br \/>\n<span style=\"font-size: 0.9em\"><span style=\"font-size: 0.8em\">INEOS GRENADIERS<\/span><\/span><\/td>\n<td style=\"border-color: #ebebeb;text-align: center;width: 220px;vertical-align: middle\"><span style=\"font-size: 0.9em\"><strong>\u00e0 7m57s<\/strong><\/span><\/td>\n<\/tr>\n<tr>\n<td style=\"border-color: #ebebeb;text-align: center;width: 80px;vertical-align: middle\"><span style=\"font-size: 0.9em\">8.<\/span><\/td>\n<td style=\"border-color: #ebebeb;height: 24px;text-align: center;width: 500px;vertical-align: middle\"><span style=\"font-size: 0.9em\"><strong>&#x1f1e6;&#x1f1fa; BEN O&rsquo;CONNOR<br \/>\n<\/strong><span style=\"font-size: 0.8em\">AG2R CITRO\u00cbN TEAM<\/span><\/span><\/td>\n<td style=\"border-color: #ebebeb;text-align: center;width: 220px;vertical-align: middle\"><span style=\"font-size: 0.9em\"><strong>\u00e0 10m30s<\/strong><\/span><\/td>\n<\/tr>\n<tr>\n<td style=\"border-color: #ebebeb;text-align: center;width: 80px;vertical-align: middle\"><span style=\"font-size: 0.9em\">9.<\/span><\/td>\n<td style=\"border-color: #ebebeb;height: 24px;text-align: center;width: 500px;vertical-align: middle\"><span style=\"font-size: 0.9em\"><strong><strong style=\"font-size: 14.4px\">&#x1f1e8;&#x1f1f4;<\/strong> RIGOBERTO URAN<\/strong><br \/>\n<span style=\"font-size: 0.8em\">EF EDUCATION &#8211; EASYPOST<\/span><\/span><\/td>\n<td style=\"border-color: #ebebeb;text-align: center;width: 220px;vertical-align: middle\"><span style=\"font-size: 0.9em\"><strong>\u00e0 11m04s<\/strong><\/span><\/td>\n<\/tr>\n<tr style=\"height: 24px\">\n<td style=\"border-color: #ebebeb;height: 24px;text-align: center;width: 80px;vertical-align: middle\"><span style=\"font-size: 0.9em\">10.<\/span><\/td>\n<td style=\"border-color: #ebebeb;height: 24px;text-align: center;width: 500px;vertical-align: middle\"><span style=\"font-size: 0.9em\"><strong>&#x1f1e6;&#x1f1fa; JAI HINDLEY<br \/>\n<\/strong><span style=\"font-size: 0.8em\">BORA &#8211; HANSGROHE<\/span><\/span><\/td>\n<td style=\"border-color: #ebebeb;text-align: center;width: 220px;vertical-align: middle\"><span style=\"font-size: 0.9em\"><strong>\u00e0 12m01s<\/strong><\/span><\/td>\n<\/tr>\n<tr style=\"height: 24px\">\n<td style=\"border-color: #ebebeb;height: 24px;text-align: center;width: 80px;vertical-align: middle\"><span style=\"font-size: 0.9em\">11.<\/span><\/td>\n<td style=\"border-color: #ebebeb;height: 24px;text-align: center;width: 500px;vertical-align: middle\"><strong style=\"font-size: 0.9em\">&#x1f1ff;&#x1f1e6; LOUIS MEINTJES<\/strong><br \/>\n<span style=\"font-size: 0.9em\"><span style=\"font-size: 0.8em\">INTERMARCHE &#8211; WANTY &#8211; GOBERT MATERIAUX<\/span><\/span><\/td>\n<td style=\"border-color: #ebebeb;text-align: center;width: 220px;vertical-align: middle\"><span style=\"font-size: 0.9em\"><strong>\u00e0 15m41s<\/strong><\/span><\/td>\n<\/tr>\n<tr>\n<td style=\"border-color: #ebebeb;text-align: center;width: 80px;vertical-align: middle\"><span style=\"font-size: 0.9em\">12.<\/span><\/td>\n<td style=\"border-color: #ebebeb;height: 24px;text-align: center;width: 500px;vertical-align: middle\"><span style=\"font-size: 0.9em\"><strong>&#x1f1f8;&#x1f1ee; JAN POLANC<\/strong><br \/>\n<span style=\"font-size: 0.8em\">UAE TEAM EMIRATES<\/span><\/span><\/td>\n<td style=\"border-color: #ebebeb;text-align: center;width: 220px;vertical-align: middle\"><span style=\"font-size: 0.9em\"><strong>\u00e0 21m39s<\/strong><\/span><\/td>\n<\/tr>\n<tr>\n<td style=\"border-color: #ebebeb;text-align: center;width: 80px;vertical-align: middle\"><span style=\"font-size: 0.9em\">13.<\/span><\/td>\n<td style=\"border-color: #ebebeb;height: 24px;text-align: center;width: 500px;vertical-align: middle\"><strong style=\"font-size: 14.4px\">&#x1f1ea;&#x1f1f8; ALEJANDRO VALVERDE<\/strong><br style=\"font-size: 14.4px\" \/><span style=\"font-size: 0.9em\"><span style=\"font-size: 0.8em\">MOVISTAR<\/span><\/span><\/td>\n<td style=\"border-color: #ebebeb;text-align: center;width: 220px;vertical-align: middle\"><span style=\"font-size: 0.9em\"><strong>\u00e0 25m39s<\/strong><\/span><\/td>\n<\/tr>\n<tr>\n<td style=\"border-color: #ebebeb;text-align: center;width: 80px;vertical-align: middle\"><span style=\"font-size: 0.9em\">14.<\/span><\/td>\n<td style=\"border-color: #ebebeb;height: 24px;text-align: center;width: 500px;vertical-align: middle\"><strong style=\"font-size: 0.9em\">&#x1f1ea;&#x1f1e8; RICHARD CARAPAZ<\/strong><br \/>\n<span style=\"font-size: 0.9em\"><span style=\"font-size: 0.8em\">INEOS GRENADIERS<\/span><\/span><\/td>\n<td style=\"border-color: #ebebeb;text-align: center;width: 220px;vertical-align: middle\"><span style=\"font-size: 0.9em\"><strong>\u00e0 29m19s<\/strong><\/span><\/td>\n<\/tr>\n<tr>\n<td style=\"border-color: #ebebeb;text-align: center;width: 80px;vertical-align: middle\"><span style=\"font-size: 0.9em\">15.<\/span><\/td>\n<td style=\"border-color: #ebebeb;height: 24px;text-align: center;width: 500px;vertical-align: middle\"><span style=\"font-size: 0.9em\"><strong>&#x1f1ea;&#x1f1f8; MIKEL LANDA<\/strong><br \/>\n<span style=\"font-size: 0.8em\">BAHRAIN &#8211; VICTORIOUS<\/span><\/span><\/td>\n<td style=\"border-color: #ebebeb;text-align: center;width: 220px;vertical-align: middle\"><span style=\"font-size: 0.9em\"><strong>\u00e0 44m13s<\/strong><\/span><\/td>\n<\/tr>\n<tr>\n<td style=\"border-color: #ebebeb;text-align: center;width: 80px;vertical-align: middle\"><span style=\"font-size: 0.9em\">16.<\/span><\/td>\n<td style=\"border-color: #ebebeb;height: 24px;text-align: center;width: 500px;vertical-align: middle\"><strong style=\"font-size: 14.4px\">&#x1f1ea;&#x1f1f8; LUIS LE\u00d3N SANCHEZ<\/strong><br style=\"font-size: 14.4px\" \/><span style=\"font-size: 0.9em\"><span style=\"font-size: 0.8em\">BAHRAIN VICTORIOUS<\/span><\/span><\/td>\n<td style=\"border-color: #ebebeb;text-align: center;width: 220px;vertical-align: middle\"><span style=\"font-size: 0.9em\"><strong>\u00e0 45m49s<\/strong><\/span><\/td>\n<\/tr>\n<tr>\n<td style=\"border-color: #ebebeb;text-align: center;width: 80px;vertical-align: middle\"><span style=\"font-size: 0.9em\">17.<\/span><\/td>\n<td style=\"border-color: #ebebeb;height: 24px;text-align: center;width: 500px;vertical-align: middle\"><span style=\"font-size: 0.9em\"><strong>&#x1f1eb;&#x1f1f7; THIBAUT PINOT<br \/>\n<\/strong><span style=\"font-size: 0.8em\">GROUPAMA &#8211; FDJ<\/span><\/span><\/td>\n<td style=\"border-color: #ebebeb;text-align: center;width: 220px;vertical-align: middle\"><span style=\"font-size: 0.9em\"><strong>\u00e0 46m20s<\/strong><\/span><\/td>\n<\/tr>\n<tr>\n<td style=\"border-color: #ebebeb;text-align: center;width: 80px;vertical-align: middle\"><span style=\"font-size: 0.9em\">18.<\/span><\/td>\n<td style=\"border-color: #ebebeb;height: 24px;text-align: center;width: 500px;vertical-align: middle\"><span style=\"font-size: 0.9em\"><strong>&#x1f1f3;&#x1f1f1; WILCO KELDERMAN<br \/>\n<\/strong><span style=\"font-size: 0.8em\">BORA &#8211; HANSGROHE<\/span><\/span><\/td>\n<td style=\"border-color: #ebebeb;text-align: center;width: 220px;vertical-align: middle\"><span style=\"font-size: 0.9em\"><strong>\u00e0 48m37s<\/strong><\/span><\/td>\n<\/tr>\n<tr>\n<td style=\"border-color: #ebebeb;text-align: center;width: 80px;vertical-align: middle\"><span style=\"font-size: 0.9em\">19.<\/span><\/td>\n<td style=\"border-color: #ebebeb;height: 24px;text-align: center;width: 500px;vertical-align: middle\"><span style=\"font-size: 0.9em\"><strong>&#x1f1ec;&#x1f1e7; TAO GEOGHEGAN HART<\/strong><br \/>\n<span style=\"font-size: 0.8em\">INEOS GRENADIERS<\/span><\/span><\/td>\n<td style=\"border-color: #ebebeb;text-align: center;width: 220px;vertical-align: middle\"><span style=\"font-size: 0.9em\"><strong>\u00e0 49m11s<\/strong><\/span><\/td>\n<\/tr>\n<tr style=\"height: 24px\">\n<td style=\"border-color: #ebebeb;height: 24px;text-align: center;width: 80px;vertical-align: middle\"><span style=\"font-size: 0.9em\">20.<\/span><\/td>\n<td style=\"border-color: #ebebeb;height: 24px;text-align: center;width: 500px;vertical-align: middle\"><span style=\"font-size: 0.9em\"><strong>&#x1f1e8;&#x1f1ed; GINO MADER<\/strong><br \/>\n<span style=\"font-size: 0.8em\">BAHRAIN VICTORIOUS<\/span><\/span><\/td>\n<td style=\"border-color: #ebebeb;text-align: center;width: 220px;vertical-align: middle\"><span style=\"font-size: 0.9em\"><strong>\u00e0 52m25s<\/strong><\/span><\/td>\n<\/tr>\n<\/tbody>\n<\/table>\n<\/div>\n<h2 style=\"text-align: justify;\"><strong>\u00c0 lire aussi<\/strong><\/h2>\n<ul>\n<li style=\"text-align: justify;\"><strong><a href=\"https:\/\/www.procyclingstats.com\/race\/vuelta-a-espana\/2022\/gc\">Classement g\u00e9n\u00e9ral complet du Tour d&rsquo;Espagne<\/a><\/strong><\/li>\n<\/ul>\n","protected":false},"excerpt":{"rendered":"<p>TOUR D&rsquo;ESPAGNE 2022 &#8211; D\u00e9couvrez le classement g\u00e9n\u00e9ral du Tour d&rsquo;Espagne 2022 (Top 20), qui se d\u00e9roule du vendredi 19 ao\u00fbt au dimanche 11 septembre 2022.<\/p>\n","protected":false},"author":2,"featured_media":253929,"comment_status":"open","ping_status":"closed","sticky":false,"template":"","format":"standard","meta":{"_acf_changed":false,"_daextam_enable_autolinks":"","footnotes":""},"categories":[47042],"tags":[],"class_list":["post-253926","post","type-post","status-publish","format-standard","has-post-thumbnail","hentry","category-tour-d-espagne"],"acf":[],"yoast_head":"<!-- This site is optimized with the Yoast SEO Premium plugin v26.7 (Yoast SEO v26.7) - https:\/\/yoast.com\/wordpress\/plugins\/seo\/ -->\n<title>Tour d&#039;Espagne 2022 - Classement g\u00e9n\u00e9ral final Maillot rouge<\/title>\n<meta name=\"description\" content=\"CLASSEMENT G\u00c9N\u00c9RAL TOUR D&#039;ESPAGNE 2022 - D\u00e9couvrez le classement du maillot rouge de la Vuelta 2022.\" \/>\n<meta name=\"robots\" content=\"index, follow, max-snippet:-1, max-image-preview:large, max-video-preview:-1\" \/>\n<link rel=\"canonical\" href=\"https:\/\/dicodusport.fr\/blog\/tour-despagne-2022-classement-general-maillot-rouge\/\" \/>\n<meta property=\"og:locale\" content=\"fr_FR\" \/>\n<meta property=\"og:type\" content=\"article\" \/>\n<meta property=\"og:title\" content=\"Tour d&#039;Espagne 2022 - Classement g\u00e9n\u00e9ral final Maillot rouge\" \/>\n<meta property=\"og:description\" content=\"CLASSEMENT G\u00c9N\u00c9RAL TOUR D&#039;ESPAGNE 2022 - D\u00e9couvrez le classement du maillot rouge de la Vuelta 2022.\" \/>\n<meta property=\"og:url\" content=\"https:\/\/dicodusport.fr\/blog\/tour-despagne-2022-classement-general-maillot-rouge\/\" \/>\n<meta property=\"og:site_name\" content=\"Dicodusport\" \/>\n<meta property=\"article:publisher\" content=\"https:\/\/www.facebook.com\/dicodusport\" \/>\n<meta property=\"article:published_time\" content=\"2022-09-11T18:15:39+00:00\" \/>\n<meta property=\"article:modified_time\" content=\"2022-09-11T18:28:33+00:00\" \/>\n<meta property=\"og:image\" content=\"https:\/\/dicodusport.fr\/blog\/wp-content\/uploads\/2022\/08\/Tour-dEspagne-2022-Classement-general-Maillot-rouge.png\" \/>\n\t<meta property=\"og:image:width\" content=\"1200\" \/>\n\t<meta property=\"og:image:height\" content=\"670\" \/>\n\t<meta property=\"og:image:type\" content=\"image\/png\" \/>\n<meta name=\"author\" content=\"Benjamin Cots\" \/>\n<meta name=\"twitter:card\" content=\"summary_large_image\" \/>\n<meta name=\"twitter:title\" content=\"Tour d&#039;Espagne 2022 - Classement g\u00e9n\u00e9ral final Maillot rouge\" \/>\n<meta name=\"twitter:creator\" content=\"@https:\/\/twitter.com\/BenjaminCots\" \/>\n<meta name=\"twitter:site\" content=\"@dicodusport\" \/>\n<script type=\"application\/ld+json\" class=\"yoast-schema-graph\">{\"@context\":\"https:\/\/schema.org\",\"@graph\":[{\"@type\":\"NewsArticle\",\"@id\":\"https:\/\/dicodusport.fr\/blog\/tour-despagne-2022-classement-general-maillot-rouge\/#article\",\"isPartOf\":{\"@id\":\"https:\/\/dicodusport.fr\/blog\/tour-despagne-2022-classement-general-maillot-rouge\/\"},\"author\":{\"name\":\"Benjamin Cots\",\"@id\":\"https:\/\/dicodusport.fr\/blog\/#\/schema\/person\/0c141de963d8493840348bb7df193da4\"},\"headline\":\"Tour d&rsquo;Espagne 2022 &#8211; Classement g\u00e9n\u00e9ral final Maillot rouge\",\"datePublished\":\"2022-09-11T18:15:39+00:00\",\"dateModified\":\"2022-09-11T18:28:33+00:00\",\"mainEntityOfPage\":{\"@id\":\"https:\/\/dicodusport.fr\/blog\/tour-despagne-2022-classement-general-maillot-rouge\/\"},\"wordCount\":523,\"commentCount\":0,\"publisher\":{\"@id\":\"https:\/\/dicodusport.fr\/blog\/#organization\"},\"image\":{\"@id\":\"https:\/\/dicodusport.fr\/blog\/tour-despagne-2022-classement-general-maillot-rouge\/#primaryimage\"},\"thumbnailUrl\":\"https:\/\/dicodusport.fr\/blog\/wp-content\/uploads\/2022\/08\/Tour-dEspagne-2022-Classement-general-Maillot-rouge.png\",\"articleSection\":[\"Tour d'Espagne\"],\"inLanguage\":\"fr-FR\",\"potentialAction\":[{\"@type\":\"CommentAction\",\"name\":\"Comment\",\"target\":[\"https:\/\/dicodusport.fr\/blog\/tour-despagne-2022-classement-general-maillot-rouge\/#respond\"]}],\"copyrightYear\":\"2022\",\"copyrightHolder\":{\"@id\":\"https:\/\/dicodusport.fr\/blog\/#organization\"}},{\"@type\":\"WebPage\",\"@id\":\"https:\/\/dicodusport.fr\/blog\/tour-despagne-2022-classement-general-maillot-rouge\/\",\"url\":\"https:\/\/dicodusport.fr\/blog\/tour-despagne-2022-classement-general-maillot-rouge\/\",\"name\":\"Tour d'Espagne 2022 - Classement g\u00e9n\u00e9ral final Maillot rouge\",\"isPartOf\":{\"@id\":\"https:\/\/dicodusport.fr\/blog\/#website\"},\"primaryImageOfPage\":{\"@id\":\"https:\/\/dicodusport.fr\/blog\/tour-despagne-2022-classement-general-maillot-rouge\/#primaryimage\"},\"image\":{\"@id\":\"https:\/\/dicodusport.fr\/blog\/tour-despagne-2022-classement-general-maillot-rouge\/#primaryimage\"},\"thumbnailUrl\":\"https:\/\/dicodusport.fr\/blog\/wp-content\/uploads\/2022\/08\/Tour-dEspagne-2022-Classement-general-Maillot-rouge.png\",\"datePublished\":\"2022-09-11T18:15:39+00:00\",\"dateModified\":\"2022-09-11T18:28:33+00:00\",\"description\":\"CLASSEMENT G\u00c9N\u00c9RAL TOUR D'ESPAGNE 2022 - D\u00e9couvrez le classement du maillot rouge de la Vuelta 2022.\",\"breadcrumb\":{\"@id\":\"https:\/\/dicodusport.fr\/blog\/tour-despagne-2022-classement-general-maillot-rouge\/#breadcrumb\"},\"inLanguage\":\"fr-FR\",\"potentialAction\":[{\"@type\":\"ReadAction\",\"target\":[\"https:\/\/dicodusport.fr\/blog\/tour-despagne-2022-classement-general-maillot-rouge\/\"]}]},{\"@type\":\"ImageObject\",\"inLanguage\":\"fr-FR\",\"@id\":\"https:\/\/dicodusport.fr\/blog\/tour-despagne-2022-classement-general-maillot-rouge\/#primaryimage\",\"url\":\"https:\/\/dicodusport.fr\/blog\/wp-content\/uploads\/2022\/08\/Tour-dEspagne-2022-Classement-general-Maillot-rouge.png\",\"contentUrl\":\"https:\/\/dicodusport.fr\/blog\/wp-content\/uploads\/2022\/08\/Tour-dEspagne-2022-Classement-general-Maillot-rouge.png\",\"width\":1200,\"height\":670,\"caption\":\"Tour d'Espagne 2022 - Classement g\u00e9n\u00e9ral Maillot rouge\"},{\"@type\":\"BreadcrumbList\",\"@id\":\"https:\/\/dicodusport.fr\/blog\/tour-despagne-2022-classement-general-maillot-rouge\/#breadcrumb\",\"itemListElement\":[{\"@type\":\"ListItem\",\"position\":1,\"name\":\"Accueil\",\"item\":\"https:\/\/dicodusport.fr\/blog\/\"},{\"@type\":\"ListItem\",\"position\":2,\"name\":\"Tour d&rsquo;Espagne 2022 &#8211; Classement g\u00e9n\u00e9ral final Maillot rouge\"}]},{\"@type\":\"WebSite\",\"@id\":\"https:\/\/dicodusport.fr\/blog\/#website\",\"url\":\"https:\/\/dicodusport.fr\/blog\/\",\"name\":\"Dicodusport\",\"description\":\"L&#039;encyclop\u00e9die de l&#039;actualit\u00e9 sportive\",\"publisher\":{\"@id\":\"https:\/\/dicodusport.fr\/blog\/#organization\"},\"potentialAction\":[{\"@type\":\"SearchAction\",\"target\":{\"@type\":\"EntryPoint\",\"urlTemplate\":\"https:\/\/dicodusport.fr\/blog\/?s={search_term_string}\"},\"query-input\":{\"@type\":\"PropertyValueSpecification\",\"valueRequired\":true,\"valueName\":\"search_term_string\"}}],\"inLanguage\":\"fr-FR\"},{\"@type\":\"NewsMediaOrganization\",\"@id\":\"https:\/\/dicodusport.fr\/blog\/#organization\",\"name\":\"Dicodusport\",\"url\":\"https:\/\/dicodusport.fr\/blog\/\",\"logo\":{\"@type\":\"ImageObject\",\"inLanguage\":\"fr-FR\",\"@id\":\"https:\/\/dicodusport.fr\/blog\/#\/schema\/logo\/image\/\",\"url\":\"https:\/\/dicodusport.fr\/blog\/wp-content\/uploads\/2020\/06\/cropped-LOGO-DICODUSPORT-2020-SANS-FOND-SANS-TEXTE.png\",\"contentUrl\":\"https:\/\/dicodusport.fr\/blog\/wp-content\/uploads\/2020\/06\/cropped-LOGO-DICODUSPORT-2020-SANS-FOND-SANS-TEXTE.png\",\"width\":512,\"height\":512,\"caption\":\"Dicodusport\"},\"image\":{\"@id\":\"https:\/\/dicodusport.fr\/blog\/#\/schema\/logo\/image\/\"},\"sameAs\":[\"https:\/\/www.facebook.com\/dicodusport\",\"https:\/\/x.com\/dicodusport\",\"https:\/\/www.instagram.com\/dicodusport\/\",\"https:\/\/www.youtube.com\/channel\/UC7V2KZ5sd3htJivAbA4ZG3w\"],\"description\":\"Dicodusport est l'encyclop\u00e9die de l'actualit\u00e9 sportive.\",\"email\":\"bonjour@dicodusport.fr\",\"legalName\":\"DICODUSPORT\",\"foundingDate\":\"2018-01-14\",\"vatID\":\"FR71834470973\",\"taxID\":\"83447097300043\",\"numberOfEmployees\":{\"@type\":\"QuantitativeValue\",\"minValue\":\"1\",\"maxValue\":\"10\"}},{\"@type\":\"Person\",\"@id\":\"https:\/\/dicodusport.fr\/blog\/#\/schema\/person\/0c141de963d8493840348bb7df193da4\",\"name\":\"Benjamin Cots\",\"image\":{\"@type\":\"ImageObject\",\"inLanguage\":\"fr-FR\",\"@id\":\"https:\/\/dicodusport.fr\/blog\/#\/schema\/person\/image\/\",\"url\":\"https:\/\/dicodusport.fr\/blog\/wp-content\/uploads\/2021\/04\/Maillot-Benji-Dicodusport-150x150.png\",\"contentUrl\":\"https:\/\/dicodusport.fr\/blog\/wp-content\/uploads\/2021\/04\/Maillot-Benji-Dicodusport-150x150.png\",\"caption\":\"Benjamin Cots\"},\"description\":\"Footballeur et fan des Girondins de Bordeaux depuis mon plus jeune \u00e2ge, le foot et le sport en g\u00e9n\u00e9ral ont rythm\u00e9 ma vie. Apr\u00e8s des \u00e9tudes en informatique, la cr\u00e9ation de Dicodusport \u00e9tait le parfait m\u00e9lange pour allier mes deux passions.\",\"sameAs\":[\"https:\/\/x.com\/https:\/\/twitter.com\/BenjaminCots\"],\"url\":\"https:\/\/dicodusport.fr\/blog\/author\/admin\/\"}]}<\/script>\n<!-- \/ Yoast SEO Premium plugin. -->","yoast_head_json":{"title":"Tour d'Espagne 2022 - Classement g\u00e9n\u00e9ral final Maillot rouge","description":"CLASSEMENT G\u00c9N\u00c9RAL TOUR D'ESPAGNE 2022 - D\u00e9couvrez le classement du maillot rouge de la Vuelta 2022.","robots":{"index":"index","follow":"follow","max-snippet":"max-snippet:-1","max-image-preview":"max-image-preview:large","max-video-preview":"max-video-preview:-1"},"canonical":"https:\/\/dicodusport.fr\/blog\/tour-despagne-2022-classement-general-maillot-rouge\/","og_locale":"fr_FR","og_type":"article","og_title":"Tour d'Espagne 2022 - Classement g\u00e9n\u00e9ral final Maillot rouge","og_description":"CLASSEMENT G\u00c9N\u00c9RAL TOUR D'ESPAGNE 2022 - D\u00e9couvrez le classement du maillot rouge de la Vuelta 2022.","og_url":"https:\/\/dicodusport.fr\/blog\/tour-despagne-2022-classement-general-maillot-rouge\/","og_site_name":"Dicodusport","article_publisher":"https:\/\/www.facebook.com\/dicodusport","article_published_time":"2022-09-11T18:15:39+00:00","article_modified_time":"2022-09-11T18:28:33+00:00","og_image":[{"width":1200,"height":670,"url":"https:\/\/dicodusport.fr\/blog\/wp-content\/uploads\/2022\/08\/Tour-dEspagne-2022-Classement-general-Maillot-rouge.png","type":"image\/png"}],"author":"Benjamin Cots","twitter_card":"summary_large_image","twitter_title":"Tour d'Espagne 2022 - Classement g\u00e9n\u00e9ral final Maillot rouge","twitter_creator":"@https:\/\/twitter.com\/BenjaminCots","twitter_site":"@dicodusport","schema":{"@context":"https:\/\/schema.org","@graph":[{"@type":"NewsArticle","@id":"https:\/\/dicodusport.fr\/blog\/tour-despagne-2022-classement-general-maillot-rouge\/#article","isPartOf":{"@id":"https:\/\/dicodusport.fr\/blog\/tour-despagne-2022-classement-general-maillot-rouge\/"},"author":{"name":"Benjamin Cots","@id":"https:\/\/dicodusport.fr\/blog\/#\/schema\/person\/0c141de963d8493840348bb7df193da4"},"headline":"Tour d&rsquo;Espagne 2022 &#8211; Classement g\u00e9n\u00e9ral final Maillot rouge","datePublished":"2022-09-11T18:15:39+00:00","dateModified":"2022-09-11T18:28:33+00:00","mainEntityOfPage":{"@id":"https:\/\/dicodusport.fr\/blog\/tour-despagne-2022-classement-general-maillot-rouge\/"},"wordCount":523,"commentCount":0,"publisher":{"@id":"https:\/\/dicodusport.fr\/blog\/#organization"},"image":{"@id":"https:\/\/dicodusport.fr\/blog\/tour-despagne-2022-classement-general-maillot-rouge\/#primaryimage"},"thumbnailUrl":"https:\/\/dicodusport.fr\/blog\/wp-content\/uploads\/2022\/08\/Tour-dEspagne-2022-Classement-general-Maillot-rouge.png","articleSection":["Tour d'Espagne"],"inLanguage":"fr-FR","potentialAction":[{"@type":"CommentAction","name":"Comment","target":["https:\/\/dicodusport.fr\/blog\/tour-despagne-2022-classement-general-maillot-rouge\/#respond"]}],"copyrightYear":"2022","copyrightHolder":{"@id":"https:\/\/dicodusport.fr\/blog\/#organization"}},{"@type":"WebPage","@id":"https:\/\/dicodusport.fr\/blog\/tour-despagne-2022-classement-general-maillot-rouge\/","url":"https:\/\/dicodusport.fr\/blog\/tour-despagne-2022-classement-general-maillot-rouge\/","name":"Tour d'Espagne 2022 - Classement g\u00e9n\u00e9ral final Maillot rouge","isPartOf":{"@id":"https:\/\/dicodusport.fr\/blog\/#website"},"primaryImageOfPage":{"@id":"https:\/\/dicodusport.fr\/blog\/tour-despagne-2022-classement-general-maillot-rouge\/#primaryimage"},"image":{"@id":"https:\/\/dicodusport.fr\/blog\/tour-despagne-2022-classement-general-maillot-rouge\/#primaryimage"},"thumbnailUrl":"https:\/\/dicodusport.fr\/blog\/wp-content\/uploads\/2022\/08\/Tour-dEspagne-2022-Classement-general-Maillot-rouge.png","datePublished":"2022-09-11T18:15:39+00:00","dateModified":"2022-09-11T18:28:33+00:00","description":"CLASSEMENT G\u00c9N\u00c9RAL TOUR D'ESPAGNE 2022 - D\u00e9couvrez le classement du maillot rouge de la Vuelta 2022.","breadcrumb":{"@id":"https:\/\/dicodusport.fr\/blog\/tour-despagne-2022-classement-general-maillot-rouge\/#breadcrumb"},"inLanguage":"fr-FR","potentialAction":[{"@type":"ReadAction","target":["https:\/\/dicodusport.fr\/blog\/tour-despagne-2022-classement-general-maillot-rouge\/"]}]},{"@type":"ImageObject","inLanguage":"fr-FR","@id":"https:\/\/dicodusport.fr\/blog\/tour-despagne-2022-classement-general-maillot-rouge\/#primaryimage","url":"https:\/\/dicodusport.fr\/blog\/wp-content\/uploads\/2022\/08\/Tour-dEspagne-2022-Classement-general-Maillot-rouge.png","contentUrl":"https:\/\/dicodusport.fr\/blog\/wp-content\/uploads\/2022\/08\/Tour-dEspagne-2022-Classement-general-Maillot-rouge.png","width":1200,"height":670,"caption":"Tour d'Espagne 2022 - Classement g\u00e9n\u00e9ral Maillot rouge"},{"@type":"BreadcrumbList","@id":"https:\/\/dicodusport.fr\/blog\/tour-despagne-2022-classement-general-maillot-rouge\/#breadcrumb","itemListElement":[{"@type":"ListItem","position":1,"name":"Accueil","item":"https:\/\/dicodusport.fr\/blog\/"},{"@type":"ListItem","position":2,"name":"Tour d&rsquo;Espagne 2022 &#8211; Classement g\u00e9n\u00e9ral final Maillot rouge"}]},{"@type":"WebSite","@id":"https:\/\/dicodusport.fr\/blog\/#website","url":"https:\/\/dicodusport.fr\/blog\/","name":"Dicodusport","description":"L&#039;encyclop\u00e9die de l&#039;actualit\u00e9 sportive","publisher":{"@id":"https:\/\/dicodusport.fr\/blog\/#organization"},"potentialAction":[{"@type":"SearchAction","target":{"@type":"EntryPoint","urlTemplate":"https:\/\/dicodusport.fr\/blog\/?s={search_term_string}"},"query-input":{"@type":"PropertyValueSpecification","valueRequired":true,"valueName":"search_term_string"}}],"inLanguage":"fr-FR"},{"@type":"NewsMediaOrganization","@id":"https:\/\/dicodusport.fr\/blog\/#organization","name":"Dicodusport","url":"https:\/\/dicodusport.fr\/blog\/","logo":{"@type":"ImageObject","inLanguage":"fr-FR","@id":"https:\/\/dicodusport.fr\/blog\/#\/schema\/logo\/image\/","url":"https:\/\/dicodusport.fr\/blog\/wp-content\/uploads\/2020\/06\/cropped-LOGO-DICODUSPORT-2020-SANS-FOND-SANS-TEXTE.png","contentUrl":"https:\/\/dicodusport.fr\/blog\/wp-content\/uploads\/2020\/06\/cropped-LOGO-DICODUSPORT-2020-SANS-FOND-SANS-TEXTE.png","width":512,"height":512,"caption":"Dicodusport"},"image":{"@id":"https:\/\/dicodusport.fr\/blog\/#\/schema\/logo\/image\/"},"sameAs":["https:\/\/www.facebook.com\/dicodusport","https:\/\/x.com\/dicodusport","https:\/\/www.instagram.com\/dicodusport\/","https:\/\/www.youtube.com\/channel\/UC7V2KZ5sd3htJivAbA4ZG3w"],"description":"Dicodusport est l'encyclop\u00e9die de l'actualit\u00e9 sportive.","email":"bonjour@dicodusport.fr","legalName":"DICODUSPORT","foundingDate":"2018-01-14","vatID":"FR71834470973","taxID":"83447097300043","numberOfEmployees":{"@type":"QuantitativeValue","minValue":"1","maxValue":"10"}},{"@type":"Person","@id":"https:\/\/dicodusport.fr\/blog\/#\/schema\/person\/0c141de963d8493840348bb7df193da4","name":"Benjamin Cots","image":{"@type":"ImageObject","inLanguage":"fr-FR","@id":"https:\/\/dicodusport.fr\/blog\/#\/schema\/person\/image\/","url":"https:\/\/dicodusport.fr\/blog\/wp-content\/uploads\/2021\/04\/Maillot-Benji-Dicodusport-150x150.png","contentUrl":"https:\/\/dicodusport.fr\/blog\/wp-content\/uploads\/2021\/04\/Maillot-Benji-Dicodusport-150x150.png","caption":"Benjamin Cots"},"description":"Footballeur et fan des Girondins de Bordeaux depuis mon plus jeune \u00e2ge, le foot et le sport en g\u00e9n\u00e9ral ont rythm\u00e9 ma vie. Apr\u00e8s des \u00e9tudes en informatique, la cr\u00e9ation de Dicodusport \u00e9tait le parfait m\u00e9lange pour allier mes deux passions.","sameAs":["https:\/\/x.com\/https:\/\/twitter.com\/BenjaminCots"],"url":"https:\/\/dicodusport.fr\/blog\/author\/admin\/"}]}},"_links":{"self":[{"href":"https:\/\/dicodusport.fr\/blog\/wp-json\/wp\/v2\/posts\/253926","targetHints":{"allow":["GET"]}}],"collection":[{"href":"https:\/\/dicodusport.fr\/blog\/wp-json\/wp\/v2\/posts"}],"about":[{"href":"https:\/\/dicodusport.fr\/blog\/wp-json\/wp\/v2\/types\/post"}],"author":[{"embeddable":true,"href":"https:\/\/dicodusport.fr\/blog\/wp-json\/wp\/v2\/users\/2"}],"replies":[{"embeddable":true,"href":"https:\/\/dicodusport.fr\/blog\/wp-json\/wp\/v2\/comments?post=253926"}],"version-history":[{"count":0,"href":"https:\/\/dicodusport.fr\/blog\/wp-json\/wp\/v2\/posts\/253926\/revisions"}],"wp:featuredmedia":[{"embeddable":true,"href":"https:\/\/dicodusport.fr\/blog\/wp-json\/wp\/v2\/media\/253929"}],"wp:attachment":[{"href":"https:\/\/dicodusport.fr\/blog\/wp-json\/wp\/v2\/media?parent=253926"}],"wp:term":[{"taxonomy":"category","embeddable":true,"href":"https:\/\/dicodusport.fr\/blog\/wp-json\/wp\/v2\/categories?post=253926"},{"taxonomy":"post_tag","embeddable":true,"href":"https:\/\/dicodusport.fr\/blog\/wp-json\/wp\/v2\/tags?post=253926"}],"curies":[{"name":"wp","href":"https:\/\/api.w.org\/{rel}","templated":true}]}}