{"id":254183,"date":"2022-08-20T13:35:08","date_gmt":"2022-08-20T11:35:08","guid":{"rendered":"https:\/\/dicodusport.fr\/blog\/?p=254183&#038;preview=true&#038;preview_id=254183"},"modified":"2022-08-20T17:43:26","modified_gmt":"2022-08-20T15:43:26","slug":"championnats-europeens-2022-double-francais-avec-le-sacre-de-loana-lecomte-sur-vtt-xco","status":"publish","type":"post","link":"https:\/\/dicodusport.fr\/blog\/championnats-europeens-2022-double-francais-avec-le-sacre-de-loana-lecomte-sur-vtt-xco\/","title":{"rendered":"Championnats europ\u00e9ens 2022 : Doubl\u00e9 fran\u00e7ais avec le sacre de Loana Lecomte en VTT XCO"},"content":{"rendered":"<p style=\"text-align: justify;\"><b><i><a href=\"https:\/\/dicodusport.fr\/blog\/programme-et-resultats-vtt-championnats-d-europe-2022\/\">VTT &#8211; CHAMPIONNATS EUROP\u00c9ENS 2022<\/a> &#8211; Sous une pluie intense dans le parc olympique derri\u00e8re le stade d&rsquo;athl\u00e9tisme de Munich, Loana Lecomte s&rsquo;est impos\u00e9e sur les Championnats d&rsquo;Europe devant Pauline Ferrand-Pr\u00e9vot et Anne Terpstra.<\/i><\/b><\/p>\n<p style=\"text-align: justify;\">D&rsquo;abord, la boucle de d\u00e9part a permis d&rsquo;\u00e9tirer un peu le peloton compos\u00e9 de 46 femmes avec un gros d\u00e9part d&rsquo;<strong>Anne Terpstra<\/strong> et des concurrentes suisses. Partie plus loin dans le peloton, <strong>Pauline Ferrand-Pr\u00e9vot<\/strong> a r\u00e9alis\u00e9 une belle remont\u00e9e pour revenir sur le quatuor de t\u00eate avec <strong>Loana Lecomte, Anne Terpstra<\/strong> et <strong>Jolanda Neff<\/strong> dans la premi\u00e8re moiti\u00e9 du premier tour.<\/p>\n<h2 style=\"text-align: justify;\">Les Fran\u00e7aises impressionnent<\/h2>\n<p style=\"text-align: justify;\">Puis, les deux Fran\u00e7aises, <strong>Loana Lecomte<\/strong> et <strong>Pauline<\/strong> <strong>Ferrand-Pr\u00e9vot<\/strong>, ont profit\u00e9 de la grande mont\u00e9e de la seconde moiti\u00e9 du circuit pour prendre une dizaine de secondes d&rsquo;avance sur le duo suisse Neff-Keller, et 17 secondes sur <strong>Anne Terpstra<\/strong>. Les deux athl\u00e8tes tricolores ont d\u00e9cid\u00e9 de collaborer en t\u00eate de course pour \u00e9viter le retour des deux Suissesses d\u00e8s le deuxi\u00e8me des six tours.<\/p>\n<p style=\"text-align: justify;\">Ensuite, <strong>Pauline Ferrand-Pr\u00e9vot<\/strong> a acc\u00e9l\u00e9r\u00e9 dans la seconde partie du parcours pour obtenir 11 secondes d&rsquo;avance sur sa compatriote. <strong>Jolanda Neff<\/strong> a l\u00e2ch\u00e9 \u00e9galement sa compatriote \u00e0 49 secondes. Alessandra Keller a accus\u00e9 un retard \u00e0 1:02. Le duo Terpstra-Frei a continu\u00e9 \u00e0 perdre plus de temps puisque les deux concurrentes n&rsquo;ont pas collabor\u00e9.<\/p>\n<h2 style=\"text-align: justify;\">La gal\u00e8re de Pauline Ferrand-Pr\u00e9vot<\/h2>\n<p style=\"text-align: justify;\">Sur un parcours bavarois taill\u00e9 pour une athl\u00e8te puissante, <strong>Pauline Ferrand-Pr\u00e9vot<\/strong> a continu\u00e9 de creuser l&rsquo;\u00e9cart, mais la Champenoise a connu un probl\u00e8me de cha\u00eene au troisi\u00e8me tour. Son d\u00e9railleur \u00e9tait compl\u00e8tement bloqu\u00e9 par la boue. PFP a \u00e9t\u00e9 doubl\u00e9e par <strong>Loana Lecomte<\/strong> qui a vite pris 55 secondes d&rsquo;avance. <strong>Jolanda Neff<\/strong> a fait le choix de roues mixtes et elle a accumul\u00e9 pas mal de boue en troisi\u00e8me position \u00e0 1:32. Frei et Terpstra sont revenues sur Keller \u00e0 presque deux minutes.<\/p>\n<p style=\"text-align: justify;\">Les concurrentes sont oblig\u00e9es de descendre de leur machine sur la seconde mont\u00e9e avec des \u00e9pingles sur un terrain qui s&rsquo;est fortement d\u00e9grad\u00e9. <strong>Loana Lecomte<\/strong> a maintenu 55 secondes sur <strong>Pauline Ferrand-Pr\u00e9vot<\/strong>. Derri\u00e8re, Anne Terpstra a produit un gros effort dans le quatri\u00e8me tour pour prendre ses distances avec Frei et Keller, revenant sur Neff. Dans le cinqui\u00e8me tour, <strong>Anne Terpstra<\/strong> a r\u00e9ussi \u00e0 l\u00e2cher <strong>Jolanda Neff<\/strong> dans la lutte pour la m\u00e9daille de bronze.<\/p>\n<h2 style=\"text-align: justify;\">Loana Lecomte g\u00e8re son avance<\/h2>\n<p style=\"text-align: justify;\"><strong>Loana Lecomte<\/strong> a entam\u00e9 le dernier tour avec 43 secondes sur <strong>Pauline Ferrand-Pr\u00e9vot<\/strong> qui n&rsquo;a pas baiss\u00e9 les bras. \u00c0 3:05, <strong>Anne Terpstra<\/strong> a creus\u00e9 un bel \u00e9cart sur <strong>Jolanda Neff<\/strong> dans l&rsquo;avant-dernier tour.<\/p>\n<p style=\"text-align: justify;\">Sacr\u00e9e chez les espoirs en 2020,<strong> Loana Lecomte<\/strong> est couronn\u00e9e chez les \u00e9lites cette saison. Elle s&rsquo;est impos\u00e9e en solitaire avec 37 secondes d&rsquo;avance sur <strong>Pauline Ferrand-Pr\u00e9vot<\/strong>. M\u00e9daill\u00e9e d&rsquo;argent lors des deux derni\u00e8res \u00e9ditions, <strong>Anne Terpstra<\/strong> a pris la troisi\u00e8me place \u00e0 3:08 devant la championne olympique <strong>Jolanda Neff<\/strong>, \u00e0 3 minutes 33. La troisi\u00e8me Fran\u00e7aise <strong>L\u00e9na G\u00e9rault<\/strong> a fini 13e \u00e0 6:31. <strong>Loana Lecomte<\/strong> a apport\u00e9 le 5e sacre europ\u00e9en en cross-country \u00e9lites femmes apr\u00e8s <strong>Laurence Leboucher<\/strong> (1998, 2000 et 2001) et <strong>Pauline Ferrand-Pr\u00e9vot<\/strong> (2020 et 2021).<\/p>\n<blockquote class=\"twitter-tweet\">\n<p dir=\"ltr\" lang=\"fr\">&#x1f947;&#x1f948; Le VTT sourit toujours aux Fran\u00e7aises ! Loana Lecomte et Pauline Ferrand-Pr\u00e9vot ont r\u00e9alis\u00e9 le doubl\u00e9 avec plus de 3 minutes d&rsquo;avance sur la concurrence, une v\u00e9ritable d\u00e9monstration de force (et de sourire) ! &#x1f60d; <a href=\"https:\/\/twitter.com\/hashtag\/Munich2022?src=hash&amp;ref_src=twsrc%5Etfw\">#Munich2022<\/a><\/p>\n<p>&#x25b6; LE DIRECT : <a href=\"https:\/\/t.co\/VuIGniDDrr\">https:\/\/t.co\/VuIGniDDrr<\/a> <a href=\"https:\/\/t.co\/l0bD8IRUhG\">pic.twitter.com\/l0bD8IRUhG<\/a><\/p>\n<p>\u2014 francetvsport (@francetvsport) <a href=\"https:\/\/twitter.com\/francetvsport\/status\/1560954746265116673?ref_src=twsrc%5Etfw\">August 20, 2022<\/a><\/p><\/blockquote>\n<p><script async src=\"https:\/\/platform.twitter.com\/widgets.js\" charset=\"utf-8\"><\/script><\/p>\n","protected":false},"excerpt":{"rendered":"<p>VTT &#8211; CHAMPIONNATS EUROP\u00c9ENS 2022 &#8211; Sous une pluie intense dans le parc olympique derri\u00e8re le stade d&rsquo;athl\u00e9tisme de Munich, Loana Lecomte s&rsquo;est impos\u00e9e sur les Championnats d&rsquo;Europe devant Pauline Ferrand-Pr\u00e9vot et Anne Terpstra.<\/p>\n","protected":false},"author":48,"featured_media":254298,"comment_status":"open","ping_status":"closed","sticky":false,"template":"","format":"standard","meta":{"_acf_changed":false,"_daextam_enable_autolinks":"","footnotes":""},"categories":[10279],"tags":[10994,1340,24,692],"class_list":["post-254183","post","type-post","status-publish","format-standard","has-post-thumbnail","hentry","category-vtt","tag-loana-lecomte","tag-pauline-ferrand-prevot","tag-sport","tag-vtt"],"acf":[],"yoast_head":"<!-- This site is optimized with the Yoast SEO Premium plugin v26.7 (Yoast SEO v26.7) - https:\/\/yoast.com\/wordpress\/plugins\/seo\/ -->\n<title>Championnats europ\u00e9ens 2022 : Doubl\u00e9 fran\u00e7ais avec le sacre de Loana Lecomte en VTT XCO<\/title>\n<meta name=\"description\" content=\"VTT - CHAMPIONNATS EUROP\u00c9ENS 2022 - Sous une pluie intense \u00e0 Munich, Loana Lecomte s&#039;est impos\u00e9e sur les Championnats d&#039;Europe.\" \/>\n<meta name=\"robots\" content=\"index, follow, max-snippet:-1, max-image-preview:large, max-video-preview:-1\" \/>\n<link rel=\"canonical\" href=\"https:\/\/dicodusport.fr\/blog\/championnats-europeens-2022-double-francais-avec-le-sacre-de-loana-lecomte-sur-vtt-xco\/\" \/>\n<meta property=\"og:locale\" content=\"fr_FR\" \/>\n<meta property=\"og:type\" content=\"article\" \/>\n<meta property=\"og:title\" content=\"Championnats europ\u00e9ens 2022 : Doubl\u00e9 fran\u00e7ais avec le sacre de Loana Lecomte en VTT XCO\" \/>\n<meta property=\"og:description\" content=\"VTT - CHAMPIONNATS EUROP\u00c9ENS 2022 - Sous une pluie intense \u00e0 Munich, Loana Lecomte s&#039;est impos\u00e9e sur les Championnats d&#039;Europe.\" \/>\n<meta property=\"og:url\" content=\"https:\/\/dicodusport.fr\/blog\/championnats-europeens-2022-double-francais-avec-le-sacre-de-loana-lecomte-sur-vtt-xco\/\" \/>\n<meta property=\"og:site_name\" content=\"Dicodusport\" \/>\n<meta property=\"article:publisher\" content=\"https:\/\/www.facebook.com\/dicodusport\" \/>\n<meta property=\"article:author\" content=\"https:\/\/www.facebook.com\/groups\/LesRoisDuPeloton\" \/>\n<meta property=\"article:published_time\" content=\"2022-08-20T11:35:08+00:00\" \/>\n<meta property=\"article:modified_time\" content=\"2022-08-20T15:43:26+00:00\" \/>\n<meta property=\"og:image\" content=\"https:\/\/dicodusport.fr\/blog\/wp-content\/uploads\/2022\/08\/Championnats-europeens-2022-Double-francais-avec-le-sacre-de-Loana-Lecomte-en-VTT-XCO.png\" \/>\n\t<meta property=\"og:image:width\" content=\"800\" \/>\n\t<meta property=\"og:image:height\" content=\"445\" \/>\n\t<meta property=\"og:image:type\" content=\"image\/png\" \/>\n<meta name=\"author\" content=\"Emilien Descampiaux\" \/>\n<meta name=\"twitter:card\" content=\"summary_large_image\" \/>\n<meta name=\"twitter:title\" content=\"Championnats europ\u00e9ens 2022 : Doubl\u00e9 fran\u00e7ais avec le sacre de Loana Lecomte en VTT XCO\" \/>\n<meta name=\"twitter:creator\" content=\"@https:\/\/twitter.com\/LRoisDuPeloton\" \/>\n<meta name=\"twitter:site\" content=\"@dicodusport\" \/>\n<script type=\"application\/ld+json\" class=\"yoast-schema-graph\">{\"@context\":\"https:\/\/schema.org\",\"@graph\":[{\"@type\":\"NewsArticle\",\"@id\":\"https:\/\/dicodusport.fr\/blog\/championnats-europeens-2022-double-francais-avec-le-sacre-de-loana-lecomte-sur-vtt-xco\/#article\",\"isPartOf\":{\"@id\":\"https:\/\/dicodusport.fr\/blog\/championnats-europeens-2022-double-francais-avec-le-sacre-de-loana-lecomte-sur-vtt-xco\/\"},\"author\":{\"name\":\"Emilien Descampiaux\",\"@id\":\"https:\/\/dicodusport.fr\/blog\/#\/schema\/person\/6db4bae06b171592211be385b32876a7\"},\"headline\":\"Championnats europ\u00e9ens 2022 : Doubl\u00e9 fran\u00e7ais avec le sacre de Loana Lecomte en VTT XCO\",\"datePublished\":\"2022-08-20T11:35:08+00:00\",\"dateModified\":\"2022-08-20T15:43:26+00:00\",\"mainEntityOfPage\":{\"@id\":\"https:\/\/dicodusport.fr\/blog\/championnats-europeens-2022-double-francais-avec-le-sacre-de-loana-lecomte-sur-vtt-xco\/\"},\"wordCount\":631,\"commentCount\":0,\"publisher\":{\"@id\":\"https:\/\/dicodusport.fr\/blog\/#organization\"},\"image\":{\"@id\":\"https:\/\/dicodusport.fr\/blog\/championnats-europeens-2022-double-francais-avec-le-sacre-de-loana-lecomte-sur-vtt-xco\/#primaryimage\"},\"thumbnailUrl\":\"https:\/\/dicodusport.fr\/blog\/wp-content\/uploads\/2022\/08\/Championnats-europeens-2022-Double-francais-avec-le-sacre-de-Loana-Lecomte-en-VTT-XCO.png\",\"keywords\":[\"Loana Lecomte\",\"Pauline Ferrand-Pr\u00e9vot\",\"sport\",\"VTT\"],\"articleSection\":[\"VTT\"],\"inLanguage\":\"fr-FR\",\"potentialAction\":[{\"@type\":\"CommentAction\",\"name\":\"Comment\",\"target\":[\"https:\/\/dicodusport.fr\/blog\/championnats-europeens-2022-double-francais-avec-le-sacre-de-loana-lecomte-sur-vtt-xco\/#respond\"]}],\"copyrightYear\":\"2022\",\"copyrightHolder\":{\"@id\":\"https:\/\/dicodusport.fr\/blog\/#organization\"}},{\"@type\":\"WebPage\",\"@id\":\"https:\/\/dicodusport.fr\/blog\/championnats-europeens-2022-double-francais-avec-le-sacre-de-loana-lecomte-sur-vtt-xco\/\",\"url\":\"https:\/\/dicodusport.fr\/blog\/championnats-europeens-2022-double-francais-avec-le-sacre-de-loana-lecomte-sur-vtt-xco\/\",\"name\":\"Championnats europ\u00e9ens 2022 : Doubl\u00e9 fran\u00e7ais avec le sacre de Loana Lecomte en VTT XCO\",\"isPartOf\":{\"@id\":\"https:\/\/dicodusport.fr\/blog\/#website\"},\"primaryImageOfPage\":{\"@id\":\"https:\/\/dicodusport.fr\/blog\/championnats-europeens-2022-double-francais-avec-le-sacre-de-loana-lecomte-sur-vtt-xco\/#primaryimage\"},\"image\":{\"@id\":\"https:\/\/dicodusport.fr\/blog\/championnats-europeens-2022-double-francais-avec-le-sacre-de-loana-lecomte-sur-vtt-xco\/#primaryimage\"},\"thumbnailUrl\":\"https:\/\/dicodusport.fr\/blog\/wp-content\/uploads\/2022\/08\/Championnats-europeens-2022-Double-francais-avec-le-sacre-de-Loana-Lecomte-en-VTT-XCO.png\",\"datePublished\":\"2022-08-20T11:35:08+00:00\",\"dateModified\":\"2022-08-20T15:43:26+00:00\",\"description\":\"VTT - CHAMPIONNATS EUROP\u00c9ENS 2022 - Sous une pluie intense \u00e0 Munich, Loana Lecomte s'est impos\u00e9e sur les Championnats d'Europe.\",\"breadcrumb\":{\"@id\":\"https:\/\/dicodusport.fr\/blog\/championnats-europeens-2022-double-francais-avec-le-sacre-de-loana-lecomte-sur-vtt-xco\/#breadcrumb\"},\"inLanguage\":\"fr-FR\",\"potentialAction\":[{\"@type\":\"ReadAction\",\"target\":[\"https:\/\/dicodusport.fr\/blog\/championnats-europeens-2022-double-francais-avec-le-sacre-de-loana-lecomte-sur-vtt-xco\/\"]}]},{\"@type\":\"ImageObject\",\"inLanguage\":\"fr-FR\",\"@id\":\"https:\/\/dicodusport.fr\/blog\/championnats-europeens-2022-double-francais-avec-le-sacre-de-loana-lecomte-sur-vtt-xco\/#primaryimage\",\"url\":\"https:\/\/dicodusport.fr\/blog\/wp-content\/uploads\/2022\/08\/Championnats-europeens-2022-Double-francais-avec-le-sacre-de-Loana-Lecomte-en-VTT-XCO.png\",\"contentUrl\":\"https:\/\/dicodusport.fr\/blog\/wp-content\/uploads\/2022\/08\/Championnats-europeens-2022-Double-francais-avec-le-sacre-de-Loana-Lecomte-en-VTT-XCO.png\",\"width\":800,\"height\":445,\"caption\":\"Championnats europ\u00e9ens 2022 Doubl\u00e9 fran\u00e7ais avec le sacre de Loana Lecomte en VTT XCO\"},{\"@type\":\"BreadcrumbList\",\"@id\":\"https:\/\/dicodusport.fr\/blog\/championnats-europeens-2022-double-francais-avec-le-sacre-de-loana-lecomte-sur-vtt-xco\/#breadcrumb\",\"itemListElement\":[{\"@type\":\"ListItem\",\"position\":1,\"name\":\"Accueil\",\"item\":\"https:\/\/dicodusport.fr\/blog\/\"},{\"@type\":\"ListItem\",\"position\":2,\"name\":\"Championnats europ\u00e9ens 2022 : Doubl\u00e9 fran\u00e7ais avec le sacre de Loana Lecomte en VTT XCO\"}]},{\"@type\":\"WebSite\",\"@id\":\"https:\/\/dicodusport.fr\/blog\/#website\",\"url\":\"https:\/\/dicodusport.fr\/blog\/\",\"name\":\"Dicodusport\",\"description\":\"L&#039;encyclop\u00e9die de l&#039;actualit\u00e9 sportive\",\"publisher\":{\"@id\":\"https:\/\/dicodusport.fr\/blog\/#organization\"},\"potentialAction\":[{\"@type\":\"SearchAction\",\"target\":{\"@type\":\"EntryPoint\",\"urlTemplate\":\"https:\/\/dicodusport.fr\/blog\/?s={search_term_string}\"},\"query-input\":{\"@type\":\"PropertyValueSpecification\",\"valueRequired\":true,\"valueName\":\"search_term_string\"}}],\"inLanguage\":\"fr-FR\"},{\"@type\":\"NewsMediaOrganization\",\"@id\":\"https:\/\/dicodusport.fr\/blog\/#organization\",\"name\":\"Dicodusport\",\"url\":\"https:\/\/dicodusport.fr\/blog\/\",\"logo\":{\"@type\":\"ImageObject\",\"inLanguage\":\"fr-FR\",\"@id\":\"https:\/\/dicodusport.fr\/blog\/#\/schema\/logo\/image\/\",\"url\":\"https:\/\/dicodusport.fr\/blog\/wp-content\/uploads\/2020\/06\/cropped-LOGO-DICODUSPORT-2020-SANS-FOND-SANS-TEXTE.png\",\"contentUrl\":\"https:\/\/dicodusport.fr\/blog\/wp-content\/uploads\/2020\/06\/cropped-LOGO-DICODUSPORT-2020-SANS-FOND-SANS-TEXTE.png\",\"width\":512,\"height\":512,\"caption\":\"Dicodusport\"},\"image\":{\"@id\":\"https:\/\/dicodusport.fr\/blog\/#\/schema\/logo\/image\/\"},\"sameAs\":[\"https:\/\/www.facebook.com\/dicodusport\",\"https:\/\/x.com\/dicodusport\",\"https:\/\/www.instagram.com\/dicodusport\/\",\"https:\/\/www.youtube.com\/channel\/UC7V2KZ5sd3htJivAbA4ZG3w\"],\"description\":\"Dicodusport est l'encyclop\u00e9die de l'actualit\u00e9 sportive.\",\"email\":\"bonjour@dicodusport.fr\",\"legalName\":\"DICODUSPORT\",\"foundingDate\":\"2018-01-14\",\"vatID\":\"FR71834470973\",\"taxID\":\"83447097300043\",\"numberOfEmployees\":{\"@type\":\"QuantitativeValue\",\"minValue\":\"1\",\"maxValue\":\"10\"}},{\"@type\":\"Person\",\"@id\":\"https:\/\/dicodusport.fr\/blog\/#\/schema\/person\/6db4bae06b171592211be385b32876a7\",\"name\":\"Emilien Descampiaux\",\"image\":{\"@type\":\"ImageObject\",\"inLanguage\":\"fr-FR\",\"@id\":\"https:\/\/dicodusport.fr\/blog\/#\/schema\/person\/image\/\",\"url\":\"https:\/\/dicodusport.fr\/blog\/wp-content\/uploads\/2021\/05\/Emilien-Descampiaux-150x150.jpg\",\"contentUrl\":\"https:\/\/dicodusport.fr\/blog\/wp-content\/uploads\/2021\/05\/Emilien-Descampiaux-150x150.jpg\",\"caption\":\"Emilien Descampiaux\"},\"description\":\"Journaliste\/r\u00e9dacteur depuis 2014 - Fan de la classe de Frank Vandenbroucke, je vis cyclisme (et de ses paysages) depuis plus de 20 ans. Je suis tr\u00e8s impliqu\u00e9 sur mes diff\u00e9rents r\u00e9seaux sociaux pour partager ma passion sur le monde et l'Histoire de la bicyclette avec ma voix sur les images en noir et blanc du succ\u00e8s de Rik Van Steenbergen lors du Ronde sur le V\u00e9lodrome de Gand.\",\"sameAs\":[\"https:\/\/www.facebook.com\/groups\/LesRoisDuPeloton\",\"https:\/\/x.com\/https:\/\/twitter.com\/LRoisDuPeloton\"],\"url\":\"https:\/\/dicodusport.fr\/blog\/author\/emiliend\/\"}]}<\/script>\n<!-- \/ Yoast SEO Premium plugin. -->","yoast_head_json":{"title":"Championnats europ\u00e9ens 2022 : Doubl\u00e9 fran\u00e7ais avec le sacre de Loana Lecomte en VTT XCO","description":"VTT - CHAMPIONNATS EUROP\u00c9ENS 2022 - Sous une pluie intense \u00e0 Munich, Loana Lecomte s'est impos\u00e9e sur les Championnats d'Europe.","robots":{"index":"index","follow":"follow","max-snippet":"max-snippet:-1","max-image-preview":"max-image-preview:large","max-video-preview":"max-video-preview:-1"},"canonical":"https:\/\/dicodusport.fr\/blog\/championnats-europeens-2022-double-francais-avec-le-sacre-de-loana-lecomte-sur-vtt-xco\/","og_locale":"fr_FR","og_type":"article","og_title":"Championnats europ\u00e9ens 2022 : Doubl\u00e9 fran\u00e7ais avec le sacre de Loana Lecomte en VTT XCO","og_description":"VTT - CHAMPIONNATS EUROP\u00c9ENS 2022 - Sous une pluie intense \u00e0 Munich, Loana Lecomte s'est impos\u00e9e sur les Championnats d'Europe.","og_url":"https:\/\/dicodusport.fr\/blog\/championnats-europeens-2022-double-francais-avec-le-sacre-de-loana-lecomte-sur-vtt-xco\/","og_site_name":"Dicodusport","article_publisher":"https:\/\/www.facebook.com\/dicodusport","article_author":"https:\/\/www.facebook.com\/groups\/LesRoisDuPeloton","article_published_time":"2022-08-20T11:35:08+00:00","article_modified_time":"2022-08-20T15:43:26+00:00","og_image":[{"width":800,"height":445,"url":"https:\/\/dicodusport.fr\/blog\/wp-content\/uploads\/2022\/08\/Championnats-europeens-2022-Double-francais-avec-le-sacre-de-Loana-Lecomte-en-VTT-XCO.png","type":"image\/png"}],"author":"Emilien Descampiaux","twitter_card":"summary_large_image","twitter_title":"Championnats europ\u00e9ens 2022 : Doubl\u00e9 fran\u00e7ais avec le sacre de Loana Lecomte en VTT XCO","twitter_creator":"@https:\/\/twitter.com\/LRoisDuPeloton","twitter_site":"@dicodusport","schema":{"@context":"https:\/\/schema.org","@graph":[{"@type":"NewsArticle","@id":"https:\/\/dicodusport.fr\/blog\/championnats-europeens-2022-double-francais-avec-le-sacre-de-loana-lecomte-sur-vtt-xco\/#article","isPartOf":{"@id":"https:\/\/dicodusport.fr\/blog\/championnats-europeens-2022-double-francais-avec-le-sacre-de-loana-lecomte-sur-vtt-xco\/"},"author":{"name":"Emilien Descampiaux","@id":"https:\/\/dicodusport.fr\/blog\/#\/schema\/person\/6db4bae06b171592211be385b32876a7"},"headline":"Championnats europ\u00e9ens 2022 : Doubl\u00e9 fran\u00e7ais avec le sacre de Loana Lecomte en VTT XCO","datePublished":"2022-08-20T11:35:08+00:00","dateModified":"2022-08-20T15:43:26+00:00","mainEntityOfPage":{"@id":"https:\/\/dicodusport.fr\/blog\/championnats-europeens-2022-double-francais-avec-le-sacre-de-loana-lecomte-sur-vtt-xco\/"},"wordCount":631,"commentCount":0,"publisher":{"@id":"https:\/\/dicodusport.fr\/blog\/#organization"},"image":{"@id":"https:\/\/dicodusport.fr\/blog\/championnats-europeens-2022-double-francais-avec-le-sacre-de-loana-lecomte-sur-vtt-xco\/#primaryimage"},"thumbnailUrl":"https:\/\/dicodusport.fr\/blog\/wp-content\/uploads\/2022\/08\/Championnats-europeens-2022-Double-francais-avec-le-sacre-de-Loana-Lecomte-en-VTT-XCO.png","keywords":["Loana Lecomte","Pauline Ferrand-Pr\u00e9vot","sport","VTT"],"articleSection":["VTT"],"inLanguage":"fr-FR","potentialAction":[{"@type":"CommentAction","name":"Comment","target":["https:\/\/dicodusport.fr\/blog\/championnats-europeens-2022-double-francais-avec-le-sacre-de-loana-lecomte-sur-vtt-xco\/#respond"]}],"copyrightYear":"2022","copyrightHolder":{"@id":"https:\/\/dicodusport.fr\/blog\/#organization"}},{"@type":"WebPage","@id":"https:\/\/dicodusport.fr\/blog\/championnats-europeens-2022-double-francais-avec-le-sacre-de-loana-lecomte-sur-vtt-xco\/","url":"https:\/\/dicodusport.fr\/blog\/championnats-europeens-2022-double-francais-avec-le-sacre-de-loana-lecomte-sur-vtt-xco\/","name":"Championnats europ\u00e9ens 2022 : Doubl\u00e9 fran\u00e7ais avec le sacre de Loana Lecomte en VTT XCO","isPartOf":{"@id":"https:\/\/dicodusport.fr\/blog\/#website"},"primaryImageOfPage":{"@id":"https:\/\/dicodusport.fr\/blog\/championnats-europeens-2022-double-francais-avec-le-sacre-de-loana-lecomte-sur-vtt-xco\/#primaryimage"},"image":{"@id":"https:\/\/dicodusport.fr\/blog\/championnats-europeens-2022-double-francais-avec-le-sacre-de-loana-lecomte-sur-vtt-xco\/#primaryimage"},"thumbnailUrl":"https:\/\/dicodusport.fr\/blog\/wp-content\/uploads\/2022\/08\/Championnats-europeens-2022-Double-francais-avec-le-sacre-de-Loana-Lecomte-en-VTT-XCO.png","datePublished":"2022-08-20T11:35:08+00:00","dateModified":"2022-08-20T15:43:26+00:00","description":"VTT - CHAMPIONNATS EUROP\u00c9ENS 2022 - Sous une pluie intense \u00e0 Munich, Loana Lecomte s'est impos\u00e9e sur les Championnats d'Europe.","breadcrumb":{"@id":"https:\/\/dicodusport.fr\/blog\/championnats-europeens-2022-double-francais-avec-le-sacre-de-loana-lecomte-sur-vtt-xco\/#breadcrumb"},"inLanguage":"fr-FR","potentialAction":[{"@type":"ReadAction","target":["https:\/\/dicodusport.fr\/blog\/championnats-europeens-2022-double-francais-avec-le-sacre-de-loana-lecomte-sur-vtt-xco\/"]}]},{"@type":"ImageObject","inLanguage":"fr-FR","@id":"https:\/\/dicodusport.fr\/blog\/championnats-europeens-2022-double-francais-avec-le-sacre-de-loana-lecomte-sur-vtt-xco\/#primaryimage","url":"https:\/\/dicodusport.fr\/blog\/wp-content\/uploads\/2022\/08\/Championnats-europeens-2022-Double-francais-avec-le-sacre-de-Loana-Lecomte-en-VTT-XCO.png","contentUrl":"https:\/\/dicodusport.fr\/blog\/wp-content\/uploads\/2022\/08\/Championnats-europeens-2022-Double-francais-avec-le-sacre-de-Loana-Lecomte-en-VTT-XCO.png","width":800,"height":445,"caption":"Championnats europ\u00e9ens 2022 Doubl\u00e9 fran\u00e7ais avec le sacre de Loana Lecomte en VTT XCO"},{"@type":"BreadcrumbList","@id":"https:\/\/dicodusport.fr\/blog\/championnats-europeens-2022-double-francais-avec-le-sacre-de-loana-lecomte-sur-vtt-xco\/#breadcrumb","itemListElement":[{"@type":"ListItem","position":1,"name":"Accueil","item":"https:\/\/dicodusport.fr\/blog\/"},{"@type":"ListItem","position":2,"name":"Championnats europ\u00e9ens 2022 : Doubl\u00e9 fran\u00e7ais avec le sacre de Loana Lecomte en VTT XCO"}]},{"@type":"WebSite","@id":"https:\/\/dicodusport.fr\/blog\/#website","url":"https:\/\/dicodusport.fr\/blog\/","name":"Dicodusport","description":"L&#039;encyclop\u00e9die de l&#039;actualit\u00e9 sportive","publisher":{"@id":"https:\/\/dicodusport.fr\/blog\/#organization"},"potentialAction":[{"@type":"SearchAction","target":{"@type":"EntryPoint","urlTemplate":"https:\/\/dicodusport.fr\/blog\/?s={search_term_string}"},"query-input":{"@type":"PropertyValueSpecification","valueRequired":true,"valueName":"search_term_string"}}],"inLanguage":"fr-FR"},{"@type":"NewsMediaOrganization","@id":"https:\/\/dicodusport.fr\/blog\/#organization","name":"Dicodusport","url":"https:\/\/dicodusport.fr\/blog\/","logo":{"@type":"ImageObject","inLanguage":"fr-FR","@id":"https:\/\/dicodusport.fr\/blog\/#\/schema\/logo\/image\/","url":"https:\/\/dicodusport.fr\/blog\/wp-content\/uploads\/2020\/06\/cropped-LOGO-DICODUSPORT-2020-SANS-FOND-SANS-TEXTE.png","contentUrl":"https:\/\/dicodusport.fr\/blog\/wp-content\/uploads\/2020\/06\/cropped-LOGO-DICODUSPORT-2020-SANS-FOND-SANS-TEXTE.png","width":512,"height":512,"caption":"Dicodusport"},"image":{"@id":"https:\/\/dicodusport.fr\/blog\/#\/schema\/logo\/image\/"},"sameAs":["https:\/\/www.facebook.com\/dicodusport","https:\/\/x.com\/dicodusport","https:\/\/www.instagram.com\/dicodusport\/","https:\/\/www.youtube.com\/channel\/UC7V2KZ5sd3htJivAbA4ZG3w"],"description":"Dicodusport est l'encyclop\u00e9die de l'actualit\u00e9 sportive.","email":"bonjour@dicodusport.fr","legalName":"DICODUSPORT","foundingDate":"2018-01-14","vatID":"FR71834470973","taxID":"83447097300043","numberOfEmployees":{"@type":"QuantitativeValue","minValue":"1","maxValue":"10"}},{"@type":"Person","@id":"https:\/\/dicodusport.fr\/blog\/#\/schema\/person\/6db4bae06b171592211be385b32876a7","name":"Emilien Descampiaux","image":{"@type":"ImageObject","inLanguage":"fr-FR","@id":"https:\/\/dicodusport.fr\/blog\/#\/schema\/person\/image\/","url":"https:\/\/dicodusport.fr\/blog\/wp-content\/uploads\/2021\/05\/Emilien-Descampiaux-150x150.jpg","contentUrl":"https:\/\/dicodusport.fr\/blog\/wp-content\/uploads\/2021\/05\/Emilien-Descampiaux-150x150.jpg","caption":"Emilien Descampiaux"},"description":"Journaliste\/r\u00e9dacteur depuis 2014 - Fan de la classe de Frank Vandenbroucke, je vis cyclisme (et de ses paysages) depuis plus de 20 ans. Je suis tr\u00e8s impliqu\u00e9 sur mes diff\u00e9rents r\u00e9seaux sociaux pour partager ma passion sur le monde et l'Histoire de la bicyclette avec ma voix sur les images en noir et blanc du succ\u00e8s de Rik Van Steenbergen lors du Ronde sur le V\u00e9lodrome de Gand.","sameAs":["https:\/\/www.facebook.com\/groups\/LesRoisDuPeloton","https:\/\/x.com\/https:\/\/twitter.com\/LRoisDuPeloton"],"url":"https:\/\/dicodusport.fr\/blog\/author\/emiliend\/"}]}},"_links":{"self":[{"href":"https:\/\/dicodusport.fr\/blog\/wp-json\/wp\/v2\/posts\/254183","targetHints":{"allow":["GET"]}}],"collection":[{"href":"https:\/\/dicodusport.fr\/blog\/wp-json\/wp\/v2\/posts"}],"about":[{"href":"https:\/\/dicodusport.fr\/blog\/wp-json\/wp\/v2\/types\/post"}],"author":[{"embeddable":true,"href":"https:\/\/dicodusport.fr\/blog\/wp-json\/wp\/v2\/users\/48"}],"replies":[{"embeddable":true,"href":"https:\/\/dicodusport.fr\/blog\/wp-json\/wp\/v2\/comments?post=254183"}],"version-history":[{"count":0,"href":"https:\/\/dicodusport.fr\/blog\/wp-json\/wp\/v2\/posts\/254183\/revisions"}],"wp:featuredmedia":[{"embeddable":true,"href":"https:\/\/dicodusport.fr\/blog\/wp-json\/wp\/v2\/media\/254298"}],"wp:attachment":[{"href":"https:\/\/dicodusport.fr\/blog\/wp-json\/wp\/v2\/media?parent=254183"}],"wp:term":[{"taxonomy":"category","embeddable":true,"href":"https:\/\/dicodusport.fr\/blog\/wp-json\/wp\/v2\/categories?post=254183"},{"taxonomy":"post_tag","embeddable":true,"href":"https:\/\/dicodusport.fr\/blog\/wp-json\/wp\/v2\/tags?post=254183"}],"curies":[{"name":"wp","href":"https:\/\/api.w.org\/{rel}","templated":true}]}}