{"id":254226,"date":"2022-08-20T14:59:22","date_gmt":"2022-08-20T12:59:22","guid":{"rendered":"https:\/\/dicodusport.fr\/blog\/?p=254226&#038;preview=true&#038;preview_id=254226"},"modified":"2022-08-21T11:00:35","modified_gmt":"2022-08-21T09:00:35","slug":"motogp-autriche-premiere-pole-position-de-enea-bastianini","status":"publish","type":"post","link":"https:\/\/dicodusport.fr\/blog\/motogp-autriche-premiere-pole-position-de-enea-bastianini\/","title":{"rendered":"MotoGP Autriche : Premi\u00e8re pole position de Enea Bastianini !"},"content":{"rendered":"<p style=\"text-align: justify;\"><a href=\"https:\/\/dicodusport.fr\/blog\/motogp-autriche-2022-horaires-programme-tv-et-resultats\/\"><em><strong>MOTOGP &#8211; GRAND PRIX D&rsquo;AUTRICHE<\/strong><\/em><\/a> <em><b>&#8211; L&rsquo;Italien Enea Bastianini (Gresini Racing) s&rsquo;est adjug\u00e9 la pole position sur le Red Bull Ring \u00e0 Spielberg. C&rsquo;est la toute premi\u00e8re de sa carri\u00e8re dans la cat\u00e9gorie reine. Seulement 24 milli\u00e8mes de seconde derri\u00e8re, son compatriote Francesco Bagnaia (Ducati) partira deuxi\u00e8me devant son co\u00e9quipier Jack Miller. Le Fran\u00e7ais <\/b><\/em><em><strong>Fabio Quartararo (Yamaha) partira en cinqui\u00e8me position juste devant son compatriote Johann Zarco (Pramac Ducati).<\/strong><\/em><\/p>\n<p style=\"text-align: justify;\">Encore de nombreux pilotes performants \u00e9taient pr\u00e9sents en Q1, notamment <strong>Aleix Espargaro<\/strong> (Aprilia), deuxi\u00e8me du championnat du monde des pilotes. De plus, la moto Team Gresini pilot\u00e9e par <strong>Fabio Di Giannantonio <\/strong>et la KTM de <strong>Miguel Oliveira<\/strong> faisaient aussi partie de ce groupe. \u00c0 respectivement 36 et 40 milli\u00e8mes de secondes, <strong>Luca Marini<\/strong> (Mooney VR46) et <strong>Takaami Nakagami<\/strong> (LCR Honda) \u00e9taient tout pr\u00e8s de se qualifier, mais partiront 13<sup>\u00e8me<\/sup> et 14<sup>\u00e8me<\/sup> demain. Ce sont finalement <strong>Aleix Espargaro<\/strong> (Aprilia) et <strong>Fabio Di Giannantonio <\/strong>(Gresini Racing) qui ont r\u00e9ussi \u00e0 se qualifier pour la Q2.<\/p>\n<h2 style=\"text-align: justify;\">Premi\u00e8re pole position de Enea Bastianini<\/h2>\n<p style=\"text-align: justify;\">Pas moins de sept \u00e9quipes diff\u00e9rentes pr\u00e9sentaient au moins un pilote en Q2. Au tout d\u00e9but de celle-ci, les Ducati de <strong>Jack Miller<\/strong> et <strong>Francesco Bagnaia<\/strong> faisaient forte impression. Alors qu\u2019on pensait que ce dernier avait assur\u00e9 le meilleur temps du jour, une autre Ducati est venue surprendre tout le monde. En effet, <strong>Enea Bastianini<\/strong> s\u2019est hiss\u00e9 en t\u00eate pour 24 milli\u00e8mes de secondes ! Il a enlev\u00e9 la premi\u00e8re pole position de sa carri\u00e8re dans la cat\u00e9gorie reine.<\/p>\n<blockquote class=\"twitter-tweet\">\n<p dir=\"ltr\" lang=\"en\">POLE POSITION FOR THE BEAST! &#x1f525;<a href=\"https:\/\/twitter.com\/Bestia23?ref_src=twsrc%5Etfw\">@Bestia23<\/a>&lsquo;s first in the premier class! &#x1f44f;<a href=\"https:\/\/twitter.com\/hashtag\/AustrianGP?src=hash&amp;ref_src=twsrc%5Etfw\">#AustrianGP<\/a> &#x1f1e6;&#x1f1f9; <a href=\"https:\/\/t.co\/8oAUnFxDHL\">pic.twitter.com\/8oAUnFxDHL<\/a><\/p>\n<p>\u2014 MotoGP&#x2122;&#x1f3c1; (@MotoGP) <a href=\"https:\/\/twitter.com\/MotoGP\/status\/1560973181443350528?ref_src=twsrc%5Etfw\">August 20, 2022<\/a><\/p><\/blockquote>\n<p><script async src=\"https:\/\/platform.twitter.com\/widgets.js\" charset=\"utf-8\"><\/script><\/p>\n<p style=\"text-align: justify;\">Derri\u00e8re, <strong>Jack Miller<\/strong> (Ducati) compl\u00e8te la premi\u00e8re ligne et <strong>Jorge Martin<\/strong> (Pramac Ducati) est quatri\u00e8me. Les Fran\u00e7ais <strong>Fabio Quartararo<\/strong> (Yamaha) et <strong>Johann Zarco<\/strong> (Pramac Ducati) les suivront de pr\u00e8s, 5<sup>\u00e8me<\/sup> et 6<sup>\u00e8me <\/sup>sur la grille. <strong>Maverick Vinales<\/strong> (Aprilia), <strong>Joan Mir<\/strong> (Suzuki), <strong>Aleix Espargaro<\/strong> (Aprilia), <strong>Fabio Di Giannantonio<\/strong> (Gresini Racing), <strong>Alex Rins<\/strong> (Suzuki) et <strong>Brad Binder<\/strong> (Red Bull KTM) compl\u00e8tent le Top 12. Rendez-vous demain pour la course qui s\u2019annonce excitante \u00e0 14h00, sur Canal+.<\/p>\n<h2 style=\"text-align: justify;\">\u00c0 lire aussi<\/h2>\n<ul>\n<li style=\"text-align: justify;\"><a href=\"https:\/\/dicodusport.fr\/blog\/grille-de-depart-grand-prix-autriche-motogp-2022\/\"><strong>La grille de d\u00e9part du Grand Prix d&rsquo;Autriche<\/strong><\/a><\/li>\n<\/ul>\n","protected":false},"excerpt":{"rendered":"<p>MOTOGP &#8211; GRAND PRIX D&rsquo;AUTRICHE &#8211; L&rsquo;Italien Enea Bastianini (Gresini Racing) s&rsquo;est adjug\u00e9 la pole position sur le Red Bull Ring \u00e0 Spielberg. C&rsquo;est la toute premi\u00e8re de sa carri\u00e8re dans la cat\u00e9gorie reine. Seulement 24 milli\u00e8mes de seconde derri\u00e8re, son compatriote Francesco Bagnaia (Ducati) partira deuxi\u00e8me devant son co\u00e9quipier Jack Miller. Le Fran\u00e7ais Fabio Quartararo (Yamaha) partira en cinqui\u00e8me position juste devant son compatriote Johann Zarco (Pramac Ducati).<\/p>\n","protected":false},"author":54,"featured_media":254272,"comment_status":"open","ping_status":"closed","sticky":false,"template":"","format":"standard","meta":{"_acf_changed":false,"_daextam_enable_autolinks":"","footnotes":""},"categories":[47087],"tags":[10938,18565],"class_list":["post-254226","post","type-post","status-publish","format-standard","has-post-thumbnail","hentry","category-motogp","tag-motogp","tag-motogp-autriche"],"acf":[],"yoast_head":"<!-- This site is optimized with the Yoast SEO Premium plugin v26.7 (Yoast SEO v26.7) - https:\/\/yoast.com\/wordpress\/plugins\/seo\/ -->\n<title>MotoGP Autriche : Premi\u00e8re pole position de Enea Bastianini !<\/title>\n<meta name=\"description\" content=\"MOTOGP - GRAND PRIX D&#039;AUTRICHE - L&#039;Italien Enea Bastianini (Gresini) a sign\u00e9 la premi\u00e8re pole position de sa carri\u00e8re devant deux Ducati.\" \/>\n<meta name=\"robots\" content=\"index, follow, max-snippet:-1, max-image-preview:large, max-video-preview:-1\" \/>\n<link rel=\"canonical\" href=\"https:\/\/dicodusport.fr\/blog\/motogp-autriche-premiere-pole-position-de-enea-bastianini\/\" \/>\n<meta property=\"og:locale\" content=\"fr_FR\" \/>\n<meta property=\"og:type\" content=\"article\" \/>\n<meta property=\"og:title\" content=\"MotoGP Autriche : Premi\u00e8re pole position de Enea Bastianini !\" \/>\n<meta property=\"og:description\" content=\"MOTOGP - GRAND PRIX D&#039;AUTRICHE - L&#039;Italien Enea Bastianini (Gresini) a sign\u00e9 la premi\u00e8re pole position de sa carri\u00e8re devant deux Ducati.\" \/>\n<meta property=\"og:url\" content=\"https:\/\/dicodusport.fr\/blog\/motogp-autriche-premiere-pole-position-de-enea-bastianini\/\" \/>\n<meta property=\"og:site_name\" content=\"Dicodusport\" \/>\n<meta property=\"article:publisher\" content=\"https:\/\/www.facebook.com\/dicodusport\" \/>\n<meta property=\"article:author\" content=\"https:\/\/www.facebook.com\/roxane.lecacher\" \/>\n<meta property=\"article:published_time\" content=\"2022-08-20T12:59:22+00:00\" \/>\n<meta property=\"article:modified_time\" content=\"2022-08-21T09:00:35+00:00\" \/>\n<meta property=\"og:image\" content=\"https:\/\/dicodusport.fr\/blog\/wp-content\/uploads\/2022\/08\/MotoGP-Autriche-Premiere-pole-position-de-Enea-Bastianini-.png\" \/>\n\t<meta property=\"og:image:width\" content=\"800\" \/>\n\t<meta property=\"og:image:height\" content=\"445\" \/>\n\t<meta property=\"og:image:type\" content=\"image\/png\" \/>\n<meta name=\"author\" content=\"Roxane Lecacher\" \/>\n<meta name=\"twitter:card\" content=\"summary_large_image\" \/>\n<meta name=\"twitter:title\" content=\"MotoGP Autriche : Premi\u00e8re pole position de Enea Bastianini !\" \/>\n<meta name=\"twitter:creator\" content=\"@dicodusport\" \/>\n<meta name=\"twitter:site\" content=\"@dicodusport\" \/>\n<script type=\"application\/ld+json\" class=\"yoast-schema-graph\">{\"@context\":\"https:\/\/schema.org\",\"@graph\":[{\"@type\":\"NewsArticle\",\"@id\":\"https:\/\/dicodusport.fr\/blog\/motogp-autriche-premiere-pole-position-de-enea-bastianini\/#article\",\"isPartOf\":{\"@id\":\"https:\/\/dicodusport.fr\/blog\/motogp-autriche-premiere-pole-position-de-enea-bastianini\/\"},\"author\":{\"name\":\"Roxane Lecacher\",\"@id\":\"https:\/\/dicodusport.fr\/blog\/#\/schema\/person\/819fb2545dd2715bd7c0580d6d4b411a\"},\"headline\":\"MotoGP Autriche : Premi\u00e8re pole position de Enea Bastianini !\",\"datePublished\":\"2022-08-20T12:59:22+00:00\",\"dateModified\":\"2022-08-21T09:00:35+00:00\",\"mainEntityOfPage\":{\"@id\":\"https:\/\/dicodusport.fr\/blog\/motogp-autriche-premiere-pole-position-de-enea-bastianini\/\"},\"wordCount\":405,\"commentCount\":0,\"publisher\":{\"@id\":\"https:\/\/dicodusport.fr\/blog\/#organization\"},\"image\":{\"@id\":\"https:\/\/dicodusport.fr\/blog\/motogp-autriche-premiere-pole-position-de-enea-bastianini\/#primaryimage\"},\"thumbnailUrl\":\"https:\/\/dicodusport.fr\/blog\/wp-content\/uploads\/2022\/08\/MotoGP-Autriche-Premiere-pole-position-de-Enea-Bastianini-.png\",\"keywords\":[\"MotoGP\",\"MotoGP Autriche\"],\"articleSection\":[\"MotoGP\"],\"inLanguage\":\"fr-FR\",\"potentialAction\":[{\"@type\":\"CommentAction\",\"name\":\"Comment\",\"target\":[\"https:\/\/dicodusport.fr\/blog\/motogp-autriche-premiere-pole-position-de-enea-bastianini\/#respond\"]}],\"copyrightYear\":\"2022\",\"copyrightHolder\":{\"@id\":\"https:\/\/dicodusport.fr\/blog\/#organization\"}},{\"@type\":\"WebPage\",\"@id\":\"https:\/\/dicodusport.fr\/blog\/motogp-autriche-premiere-pole-position-de-enea-bastianini\/\",\"url\":\"https:\/\/dicodusport.fr\/blog\/motogp-autriche-premiere-pole-position-de-enea-bastianini\/\",\"name\":\"MotoGP Autriche : Premi\u00e8re pole position de Enea Bastianini !\",\"isPartOf\":{\"@id\":\"https:\/\/dicodusport.fr\/blog\/#website\"},\"primaryImageOfPage\":{\"@id\":\"https:\/\/dicodusport.fr\/blog\/motogp-autriche-premiere-pole-position-de-enea-bastianini\/#primaryimage\"},\"image\":{\"@id\":\"https:\/\/dicodusport.fr\/blog\/motogp-autriche-premiere-pole-position-de-enea-bastianini\/#primaryimage\"},\"thumbnailUrl\":\"https:\/\/dicodusport.fr\/blog\/wp-content\/uploads\/2022\/08\/MotoGP-Autriche-Premiere-pole-position-de-Enea-Bastianini-.png\",\"datePublished\":\"2022-08-20T12:59:22+00:00\",\"dateModified\":\"2022-08-21T09:00:35+00:00\",\"description\":\"MOTOGP - GRAND PRIX D'AUTRICHE - L'Italien Enea Bastianini (Gresini) a sign\u00e9 la premi\u00e8re pole position de sa carri\u00e8re devant deux Ducati.\",\"breadcrumb\":{\"@id\":\"https:\/\/dicodusport.fr\/blog\/motogp-autriche-premiere-pole-position-de-enea-bastianini\/#breadcrumb\"},\"inLanguage\":\"fr-FR\",\"potentialAction\":[{\"@type\":\"ReadAction\",\"target\":[\"https:\/\/dicodusport.fr\/blog\/motogp-autriche-premiere-pole-position-de-enea-bastianini\/\"]}]},{\"@type\":\"ImageObject\",\"inLanguage\":\"fr-FR\",\"@id\":\"https:\/\/dicodusport.fr\/blog\/motogp-autriche-premiere-pole-position-de-enea-bastianini\/#primaryimage\",\"url\":\"https:\/\/dicodusport.fr\/blog\/wp-content\/uploads\/2022\/08\/MotoGP-Autriche-Premiere-pole-position-de-Enea-Bastianini-.png\",\"contentUrl\":\"https:\/\/dicodusport.fr\/blog\/wp-content\/uploads\/2022\/08\/MotoGP-Autriche-Premiere-pole-position-de-Enea-Bastianini-.png\",\"width\":800,\"height\":445,\"caption\":\"MotoGP Autriche Premi\u00e8re pole position de Enea Bastianini !\"},{\"@type\":\"BreadcrumbList\",\"@id\":\"https:\/\/dicodusport.fr\/blog\/motogp-autriche-premiere-pole-position-de-enea-bastianini\/#breadcrumb\",\"itemListElement\":[{\"@type\":\"ListItem\",\"position\":1,\"name\":\"Accueil\",\"item\":\"https:\/\/dicodusport.fr\/blog\/\"},{\"@type\":\"ListItem\",\"position\":2,\"name\":\"MotoGP Autriche : Premi\u00e8re pole position de Enea Bastianini !\"}]},{\"@type\":\"WebSite\",\"@id\":\"https:\/\/dicodusport.fr\/blog\/#website\",\"url\":\"https:\/\/dicodusport.fr\/blog\/\",\"name\":\"Dicodusport\",\"description\":\"L&#039;encyclop\u00e9die de l&#039;actualit\u00e9 sportive\",\"publisher\":{\"@id\":\"https:\/\/dicodusport.fr\/blog\/#organization\"},\"potentialAction\":[{\"@type\":\"SearchAction\",\"target\":{\"@type\":\"EntryPoint\",\"urlTemplate\":\"https:\/\/dicodusport.fr\/blog\/?s={search_term_string}\"},\"query-input\":{\"@type\":\"PropertyValueSpecification\",\"valueRequired\":true,\"valueName\":\"search_term_string\"}}],\"inLanguage\":\"fr-FR\"},{\"@type\":\"NewsMediaOrganization\",\"@id\":\"https:\/\/dicodusport.fr\/blog\/#organization\",\"name\":\"Dicodusport\",\"url\":\"https:\/\/dicodusport.fr\/blog\/\",\"logo\":{\"@type\":\"ImageObject\",\"inLanguage\":\"fr-FR\",\"@id\":\"https:\/\/dicodusport.fr\/blog\/#\/schema\/logo\/image\/\",\"url\":\"https:\/\/dicodusport.fr\/blog\/wp-content\/uploads\/2020\/06\/cropped-LOGO-DICODUSPORT-2020-SANS-FOND-SANS-TEXTE.png\",\"contentUrl\":\"https:\/\/dicodusport.fr\/blog\/wp-content\/uploads\/2020\/06\/cropped-LOGO-DICODUSPORT-2020-SANS-FOND-SANS-TEXTE.png\",\"width\":512,\"height\":512,\"caption\":\"Dicodusport\"},\"image\":{\"@id\":\"https:\/\/dicodusport.fr\/blog\/#\/schema\/logo\/image\/\"},\"sameAs\":[\"https:\/\/www.facebook.com\/dicodusport\",\"https:\/\/x.com\/dicodusport\",\"https:\/\/www.instagram.com\/dicodusport\/\",\"https:\/\/www.youtube.com\/channel\/UC7V2KZ5sd3htJivAbA4ZG3w\"],\"description\":\"Dicodusport est l'encyclop\u00e9die de l'actualit\u00e9 sportive.\",\"email\":\"bonjour@dicodusport.fr\",\"legalName\":\"DICODUSPORT\",\"foundingDate\":\"2018-01-14\",\"vatID\":\"FR71834470973\",\"taxID\":\"83447097300043\",\"numberOfEmployees\":{\"@type\":\"QuantitativeValue\",\"minValue\":\"1\",\"maxValue\":\"10\"}},{\"@type\":\"Person\",\"@id\":\"https:\/\/dicodusport.fr\/blog\/#\/schema\/person\/819fb2545dd2715bd7c0580d6d4b411a\",\"name\":\"Roxane Lecacher\",\"image\":{\"@type\":\"ImageObject\",\"inLanguage\":\"fr-FR\",\"@id\":\"https:\/\/dicodusport.fr\/blog\/#\/schema\/person\/image\/\",\"url\":\"https:\/\/dicodusport.fr\/blog\/wp-content\/uploads\/2021\/05\/Roxane-Lecacher-150x150.jpg\",\"contentUrl\":\"https:\/\/dicodusport.fr\/blog\/wp-content\/uploads\/2021\/05\/Roxane-Lecacher-150x150.jpg\",\"caption\":\"Roxane Lecacher\"},\"description\":\"Journaliste\/r\u00e9dactrice depuis janvier 2021 - N\u00e9e quelques jours avant la premi\u00e8re \u00e9toile des Bleus, je baigne dans une famille tr\u00e8s sportive. Je n\u2019ai eu d\u2019autres choix que de me passionner pour le sujet. Pratiquante de l\u2019athl\u00e9tisme depuis toute petite, j\u2019ai aussi un attrait tout particulier pour la Formule 1, le biathlon et le foot. Pendant les grands \u00e9v\u00e9nements, il est impossible de d\u00e9crocher de ma t\u00e9l\u00e9. C\u2019est \u00e0 travers Dicodusport que j\u2019aime d\u00e9sormais vous transmettre mes \u00e9motions et ma passion.\",\"sameAs\":[\"https:\/\/www.facebook.com\/roxane.lecacher\",\"https:\/\/fr.linkedin.com\/in\/roxane-lecacher-23368313b\"],\"url\":\"https:\/\/dicodusport.fr\/blog\/author\/roxanel\/\"}]}<\/script>\n<!-- \/ Yoast SEO Premium plugin. -->","yoast_head_json":{"title":"MotoGP Autriche : Premi\u00e8re pole position de Enea Bastianini !","description":"MOTOGP - GRAND PRIX D'AUTRICHE - L'Italien Enea Bastianini (Gresini) a sign\u00e9 la premi\u00e8re pole position de sa carri\u00e8re devant deux Ducati.","robots":{"index":"index","follow":"follow","max-snippet":"max-snippet:-1","max-image-preview":"max-image-preview:large","max-video-preview":"max-video-preview:-1"},"canonical":"https:\/\/dicodusport.fr\/blog\/motogp-autriche-premiere-pole-position-de-enea-bastianini\/","og_locale":"fr_FR","og_type":"article","og_title":"MotoGP Autriche : Premi\u00e8re pole position de Enea Bastianini !","og_description":"MOTOGP - GRAND PRIX D'AUTRICHE - L'Italien Enea Bastianini (Gresini) a sign\u00e9 la premi\u00e8re pole position de sa carri\u00e8re devant deux Ducati.","og_url":"https:\/\/dicodusport.fr\/blog\/motogp-autriche-premiere-pole-position-de-enea-bastianini\/","og_site_name":"Dicodusport","article_publisher":"https:\/\/www.facebook.com\/dicodusport","article_author":"https:\/\/www.facebook.com\/roxane.lecacher","article_published_time":"2022-08-20T12:59:22+00:00","article_modified_time":"2022-08-21T09:00:35+00:00","og_image":[{"width":800,"height":445,"url":"https:\/\/dicodusport.fr\/blog\/wp-content\/uploads\/2022\/08\/MotoGP-Autriche-Premiere-pole-position-de-Enea-Bastianini-.png","type":"image\/png"}],"author":"Roxane Lecacher","twitter_card":"summary_large_image","twitter_title":"MotoGP Autriche : Premi\u00e8re pole position de Enea Bastianini !","twitter_creator":"@dicodusport","twitter_site":"@dicodusport","schema":{"@context":"https:\/\/schema.org","@graph":[{"@type":"NewsArticle","@id":"https:\/\/dicodusport.fr\/blog\/motogp-autriche-premiere-pole-position-de-enea-bastianini\/#article","isPartOf":{"@id":"https:\/\/dicodusport.fr\/blog\/motogp-autriche-premiere-pole-position-de-enea-bastianini\/"},"author":{"name":"Roxane Lecacher","@id":"https:\/\/dicodusport.fr\/blog\/#\/schema\/person\/819fb2545dd2715bd7c0580d6d4b411a"},"headline":"MotoGP Autriche : Premi\u00e8re pole position de Enea Bastianini !","datePublished":"2022-08-20T12:59:22+00:00","dateModified":"2022-08-21T09:00:35+00:00","mainEntityOfPage":{"@id":"https:\/\/dicodusport.fr\/blog\/motogp-autriche-premiere-pole-position-de-enea-bastianini\/"},"wordCount":405,"commentCount":0,"publisher":{"@id":"https:\/\/dicodusport.fr\/blog\/#organization"},"image":{"@id":"https:\/\/dicodusport.fr\/blog\/motogp-autriche-premiere-pole-position-de-enea-bastianini\/#primaryimage"},"thumbnailUrl":"https:\/\/dicodusport.fr\/blog\/wp-content\/uploads\/2022\/08\/MotoGP-Autriche-Premiere-pole-position-de-Enea-Bastianini-.png","keywords":["MotoGP","MotoGP Autriche"],"articleSection":["MotoGP"],"inLanguage":"fr-FR","potentialAction":[{"@type":"CommentAction","name":"Comment","target":["https:\/\/dicodusport.fr\/blog\/motogp-autriche-premiere-pole-position-de-enea-bastianini\/#respond"]}],"copyrightYear":"2022","copyrightHolder":{"@id":"https:\/\/dicodusport.fr\/blog\/#organization"}},{"@type":"WebPage","@id":"https:\/\/dicodusport.fr\/blog\/motogp-autriche-premiere-pole-position-de-enea-bastianini\/","url":"https:\/\/dicodusport.fr\/blog\/motogp-autriche-premiere-pole-position-de-enea-bastianini\/","name":"MotoGP Autriche : Premi\u00e8re pole position de Enea Bastianini !","isPartOf":{"@id":"https:\/\/dicodusport.fr\/blog\/#website"},"primaryImageOfPage":{"@id":"https:\/\/dicodusport.fr\/blog\/motogp-autriche-premiere-pole-position-de-enea-bastianini\/#primaryimage"},"image":{"@id":"https:\/\/dicodusport.fr\/blog\/motogp-autriche-premiere-pole-position-de-enea-bastianini\/#primaryimage"},"thumbnailUrl":"https:\/\/dicodusport.fr\/blog\/wp-content\/uploads\/2022\/08\/MotoGP-Autriche-Premiere-pole-position-de-Enea-Bastianini-.png","datePublished":"2022-08-20T12:59:22+00:00","dateModified":"2022-08-21T09:00:35+00:00","description":"MOTOGP - GRAND PRIX D'AUTRICHE - L'Italien Enea Bastianini (Gresini) a sign\u00e9 la premi\u00e8re pole position de sa carri\u00e8re devant deux Ducati.","breadcrumb":{"@id":"https:\/\/dicodusport.fr\/blog\/motogp-autriche-premiere-pole-position-de-enea-bastianini\/#breadcrumb"},"inLanguage":"fr-FR","potentialAction":[{"@type":"ReadAction","target":["https:\/\/dicodusport.fr\/blog\/motogp-autriche-premiere-pole-position-de-enea-bastianini\/"]}]},{"@type":"ImageObject","inLanguage":"fr-FR","@id":"https:\/\/dicodusport.fr\/blog\/motogp-autriche-premiere-pole-position-de-enea-bastianini\/#primaryimage","url":"https:\/\/dicodusport.fr\/blog\/wp-content\/uploads\/2022\/08\/MotoGP-Autriche-Premiere-pole-position-de-Enea-Bastianini-.png","contentUrl":"https:\/\/dicodusport.fr\/blog\/wp-content\/uploads\/2022\/08\/MotoGP-Autriche-Premiere-pole-position-de-Enea-Bastianini-.png","width":800,"height":445,"caption":"MotoGP Autriche Premi\u00e8re pole position de Enea Bastianini !"},{"@type":"BreadcrumbList","@id":"https:\/\/dicodusport.fr\/blog\/motogp-autriche-premiere-pole-position-de-enea-bastianini\/#breadcrumb","itemListElement":[{"@type":"ListItem","position":1,"name":"Accueil","item":"https:\/\/dicodusport.fr\/blog\/"},{"@type":"ListItem","position":2,"name":"MotoGP Autriche : Premi\u00e8re pole position de Enea Bastianini !"}]},{"@type":"WebSite","@id":"https:\/\/dicodusport.fr\/blog\/#website","url":"https:\/\/dicodusport.fr\/blog\/","name":"Dicodusport","description":"L&#039;encyclop\u00e9die de l&#039;actualit\u00e9 sportive","publisher":{"@id":"https:\/\/dicodusport.fr\/blog\/#organization"},"potentialAction":[{"@type":"SearchAction","target":{"@type":"EntryPoint","urlTemplate":"https:\/\/dicodusport.fr\/blog\/?s={search_term_string}"},"query-input":{"@type":"PropertyValueSpecification","valueRequired":true,"valueName":"search_term_string"}}],"inLanguage":"fr-FR"},{"@type":"NewsMediaOrganization","@id":"https:\/\/dicodusport.fr\/blog\/#organization","name":"Dicodusport","url":"https:\/\/dicodusport.fr\/blog\/","logo":{"@type":"ImageObject","inLanguage":"fr-FR","@id":"https:\/\/dicodusport.fr\/blog\/#\/schema\/logo\/image\/","url":"https:\/\/dicodusport.fr\/blog\/wp-content\/uploads\/2020\/06\/cropped-LOGO-DICODUSPORT-2020-SANS-FOND-SANS-TEXTE.png","contentUrl":"https:\/\/dicodusport.fr\/blog\/wp-content\/uploads\/2020\/06\/cropped-LOGO-DICODUSPORT-2020-SANS-FOND-SANS-TEXTE.png","width":512,"height":512,"caption":"Dicodusport"},"image":{"@id":"https:\/\/dicodusport.fr\/blog\/#\/schema\/logo\/image\/"},"sameAs":["https:\/\/www.facebook.com\/dicodusport","https:\/\/x.com\/dicodusport","https:\/\/www.instagram.com\/dicodusport\/","https:\/\/www.youtube.com\/channel\/UC7V2KZ5sd3htJivAbA4ZG3w"],"description":"Dicodusport est l'encyclop\u00e9die de l'actualit\u00e9 sportive.","email":"bonjour@dicodusport.fr","legalName":"DICODUSPORT","foundingDate":"2018-01-14","vatID":"FR71834470973","taxID":"83447097300043","numberOfEmployees":{"@type":"QuantitativeValue","minValue":"1","maxValue":"10"}},{"@type":"Person","@id":"https:\/\/dicodusport.fr\/blog\/#\/schema\/person\/819fb2545dd2715bd7c0580d6d4b411a","name":"Roxane Lecacher","image":{"@type":"ImageObject","inLanguage":"fr-FR","@id":"https:\/\/dicodusport.fr\/blog\/#\/schema\/person\/image\/","url":"https:\/\/dicodusport.fr\/blog\/wp-content\/uploads\/2021\/05\/Roxane-Lecacher-150x150.jpg","contentUrl":"https:\/\/dicodusport.fr\/blog\/wp-content\/uploads\/2021\/05\/Roxane-Lecacher-150x150.jpg","caption":"Roxane Lecacher"},"description":"Journaliste\/r\u00e9dactrice depuis janvier 2021 - N\u00e9e quelques jours avant la premi\u00e8re \u00e9toile des Bleus, je baigne dans une famille tr\u00e8s sportive. Je n\u2019ai eu d\u2019autres choix que de me passionner pour le sujet. Pratiquante de l\u2019athl\u00e9tisme depuis toute petite, j\u2019ai aussi un attrait tout particulier pour la Formule 1, le biathlon et le foot. Pendant les grands \u00e9v\u00e9nements, il est impossible de d\u00e9crocher de ma t\u00e9l\u00e9. C\u2019est \u00e0 travers Dicodusport que j\u2019aime d\u00e9sormais vous transmettre mes \u00e9motions et ma passion.","sameAs":["https:\/\/www.facebook.com\/roxane.lecacher","https:\/\/fr.linkedin.com\/in\/roxane-lecacher-23368313b"],"url":"https:\/\/dicodusport.fr\/blog\/author\/roxanel\/"}]}},"_links":{"self":[{"href":"https:\/\/dicodusport.fr\/blog\/wp-json\/wp\/v2\/posts\/254226","targetHints":{"allow":["GET"]}}],"collection":[{"href":"https:\/\/dicodusport.fr\/blog\/wp-json\/wp\/v2\/posts"}],"about":[{"href":"https:\/\/dicodusport.fr\/blog\/wp-json\/wp\/v2\/types\/post"}],"author":[{"embeddable":true,"href":"https:\/\/dicodusport.fr\/blog\/wp-json\/wp\/v2\/users\/54"}],"replies":[{"embeddable":true,"href":"https:\/\/dicodusport.fr\/blog\/wp-json\/wp\/v2\/comments?post=254226"}],"version-history":[{"count":0,"href":"https:\/\/dicodusport.fr\/blog\/wp-json\/wp\/v2\/posts\/254226\/revisions"}],"wp:featuredmedia":[{"embeddable":true,"href":"https:\/\/dicodusport.fr\/blog\/wp-json\/wp\/v2\/media\/254272"}],"wp:attachment":[{"href":"https:\/\/dicodusport.fr\/blog\/wp-json\/wp\/v2\/media?parent=254226"}],"wp:term":[{"taxonomy":"category","embeddable":true,"href":"https:\/\/dicodusport.fr\/blog\/wp-json\/wp\/v2\/categories?post=254226"},{"taxonomy":"post_tag","embeddable":true,"href":"https:\/\/dicodusport.fr\/blog\/wp-json\/wp\/v2\/tags?post=254226"}],"curies":[{"name":"wp","href":"https:\/\/api.w.org\/{rel}","templated":true}]}}