{"id":254266,"date":"2022-08-20T15:01:41","date_gmt":"2022-08-20T13:01:41","guid":{"rendered":"https:\/\/dicodusport.fr\/blog\/?p=254266&#038;preview=true&#038;preview_id=254266"},"modified":"2022-08-20T17:56:42","modified_gmt":"2022-08-20T15:56:42","slug":"tour-du-danemark-2022-la-derniere-etape-et-le-general-pour-christophe-laporte","status":"publish","type":"post","link":"https:\/\/dicodusport.fr\/blog\/tour-du-danemark-2022-la-derniere-etape-et-le-general-pour-christophe-laporte\/","title":{"rendered":"Tour du Danemark 2022 : La derni\u00e8re \u00e9tape et le g\u00e9n\u00e9ral pour Christophe Laporte !"},"content":{"rendered":"<p style=\"text-align: justify;\"><em><b>TOUR DU DANEMARK 2022 \u2013 En costaud, Christophe\u00a0Laporte (Team Jumbo-Visma) est venu gagner l&rsquo;ultime \u00e9tape, ce qui lui permet de d\u00e9passer Magnus Sheffield (INEOS-Grenadiers) pour 4 secondes, et de remporter le classement g\u00e9n\u00e9ral !\u00a0<\/b><\/em><\/p>\n<p style=\"text-align: justify;\">Au d\u00e9part de la 5\u00e8me et derni\u00e8re \u00e9tape, <strong>Christophe Laporte<\/strong> \u00e9tait second du classement g\u00e9n\u00e9ral, dans le m\u00eame temps que le leader, <strong>Magnus Sheffield.<\/strong> Tout \u00e9tait donc r\u00e9uni pour une \u00e9tape de haute vol\u00e9e. Apr\u00e8s que la formation INEOS-Grenadiers du maillot bleu ait fait le travail pour revenir sur l&rsquo;\u00e9chapp\u00e9e du jour, les choses se sont acc\u00e9l\u00e9r\u00e9es lors des derniers kilom\u00e8tres.<\/p>\n<p style=\"text-align: justify;\">Dans la derni\u00e8re bosse, c&rsquo;est <strong>Soren Kragh Andersen<\/strong> (Team DSM) qui a port\u00e9 l&rsquo;attaque d\u00e9cisive. Les deux leaders ont saut\u00e9 dans sa roue, avant que <strong>Magnus Sheffield<\/strong> ne porte une attaque \u00e0 300 m\u00e8tres de la ligne. Avec une grande facilit\u00e9, <strong>Christophe Laporte<\/strong> a repris puis d\u00e9pass\u00e9 le Britannique pour s&rsquo;offrir la victoire. Gr\u00e2ce aux 10 secondes de bonifications accord\u00e9es au vainqueur (contre 6 pour le second), le Tricolore remporte ainsi le classement g\u00e9n\u00e9ral de ce Tour du Danemark !<\/p>\n<blockquote class=\"twitter-tweet\">\n<p dir=\"ltr\" lang=\"es\">\u00a1INCRE\u00cdBLE! Christophe Laporte esper\u00f3, aguant\u00f3 y se qued\u00f3 con la etapa y el t\u00edtulo en los \u00faltimos metros \u00a1FELICITACIONES AL CAMPE\u00d3N!<\/p>\n<p>Mira el <a href=\"https:\/\/twitter.com\/hashtag\/ElMundoRuedaXSe%C3%B1al?src=hash&amp;ref_src=twsrc%5Etfw\">#ElMundoRuedaXSe\u00f1al<\/a> tambi\u00e9n en nuestro streaming &#x1f5a5; &#x1f449; <a href=\"https:\/\/t.co\/REiLk944pJ\">https:\/\/t.co\/REiLk944pJ<\/a> <a href=\"https:\/\/t.co\/MXgnnY3Ado\">pic.twitter.com\/MXgnnY3Ado<\/a><\/p>\n<p>\u2014 Se\u00f1al Deportes (@SenalDeportes) <a href=\"https:\/\/twitter.com\/SenalDeportes\/status\/1560973410343309314?ref_src=twsrc%5Etfw\">August 20, 2022<\/a><\/p><\/blockquote>\n<p style=\"text-align: justify;\"><script async src=\"https:\/\/platform.twitter.com\/widgets.js\" charset=\"utf-8\"><\/script><\/p>\n<p style=\"text-align: justify;\">Depuis son arriv\u00e9e chez Jumbo-Visma, <strong>Christophe Laporte<\/strong> est un tout autre coureur. Apr\u00e8s ses succ\u00e8s sur <a href=\"https:\/\/dicodusport.fr\/blog\/paris-nice-2022-christophe-laporte-gagne-la-1ere-etape-triple-pour-la-jumbo-visma\/\">la premi\u00e8re \u00e9tape de Paris-Nice<\/a>, et <a href=\"https:\/\/dicodusport.fr\/blog\/cocorico-christophe-laporte-s-offre-la-19eme-etape-du-tour-de-france-2022\/\">lors de la 19\u00e8me \u00e9tape du Tour de France<\/a>, il remporte l&rsquo;\u00e9tape, le classement g\u00e9n\u00e9ral, et le classement par points ! Une saison de feu, quand on sait qu&rsquo;il a souvent \u00e9t\u00e9 \u00e9quipier de luxe pour sa formation sur les classiques au printemps dernier. Cette semaine encore, il a jou\u00e9 le poisson-pilote pour <strong>Olav Kooij<\/strong>, vainqueur de deux \u00e9tapes. Le Fran\u00e7ais aura encore d&rsquo;autres occasions de se montrer en fin de saison, notamment lors des prochains Championnats du monde.<\/p>\n<h2 style=\"text-align: justify;\">\u00c0 lire aussi<\/h2>\n<ul>\n<li style=\"text-align: justify;\"><a href=\"https:\/\/dicodusport.fr\/blog\/tour-du-danemark-2022-classement-5eme-etape\/\"><b>Le classement de la 5\u00e8me \u00e9tape du Tour du Danemark<\/b><\/a><\/li>\n<li style=\"text-align: justify;\"><a href=\"https:\/\/dicodusport.fr\/blog\/tour-du-danemark-2022-classement-general\/\"><strong>Le classement g\u00e9n\u00e9ral du Tour du Danemark<\/strong><\/a><\/li>\n<\/ul>\n","protected":false},"excerpt":{"rendered":"<p>TOUR DU DANEMARK 2022 \u2013 En costaud, Christophe\u00a0Laporte (Team Jumbo-Visma) est venu gagner l&rsquo;ultime \u00e9tape, ce qui lui permet de d\u00e9passer Magnus Sheffield (INEOS-Grenadiers) pour 4 secondes, et de remporter le classement g\u00e9n\u00e9ral !\u00a0<\/p>\n","protected":false},"author":59,"featured_media":254276,"comment_status":"open","ping_status":"closed","sticky":false,"template":"","format":"standard","meta":{"_acf_changed":false,"_daextam_enable_autolinks":"","footnotes":""},"categories":[46994],"tags":[5172,574,24,25824],"class_list":["post-254266","post","type-post","status-publish","format-standard","has-post-thumbnail","hentry","category-cyclisme-sur-route","tag-christophe-laporte","tag-cyclisme","tag-sport","tag-tour-du-danemark"],"acf":[],"yoast_head":"<!-- This site is optimized with the Yoast SEO Premium plugin v26.7 (Yoast SEO v26.7) - https:\/\/yoast.com\/wordpress\/plugins\/seo\/ -->\n<title>Tour du Danemark 2022 : La derni\u00e8re \u00e9tape et le g\u00e9n\u00e9ral pour Christophe Laporte !<\/title>\n<meta name=\"description\" content=\"TOUR DU DANEMARK 2022 \u2013 En costaud, Christophe\u00a0Laporte (Team Jumbo-Visma) est venu gagner l&#039;ultime \u00e9tape, et le classement g\u00e9n\u00e9ral !\u00a0\" \/>\n<meta name=\"robots\" content=\"index, follow, max-snippet:-1, max-image-preview:large, max-video-preview:-1\" \/>\n<link rel=\"canonical\" href=\"https:\/\/dicodusport.fr\/blog\/tour-du-danemark-2022-la-derniere-etape-et-le-general-pour-christophe-laporte\/\" \/>\n<meta property=\"og:locale\" content=\"fr_FR\" \/>\n<meta property=\"og:type\" content=\"article\" \/>\n<meta property=\"og:title\" content=\"Tour du Danemark 2022 : La derni\u00e8re \u00e9tape et le g\u00e9n\u00e9ral pour Christophe Laporte !\" \/>\n<meta property=\"og:description\" content=\"TOUR DU DANEMARK 2022 \u2013 En costaud, Christophe\u00a0Laporte (Team Jumbo-Visma) est venu gagner l&#039;ultime \u00e9tape, et le classement g\u00e9n\u00e9ral !\u00a0\" \/>\n<meta property=\"og:url\" content=\"https:\/\/dicodusport.fr\/blog\/tour-du-danemark-2022-la-derniere-etape-et-le-general-pour-christophe-laporte\/\" \/>\n<meta property=\"og:site_name\" content=\"Dicodusport\" \/>\n<meta property=\"article:publisher\" content=\"https:\/\/www.facebook.com\/dicodusport\" \/>\n<meta property=\"article:author\" content=\"https:\/\/www.facebook.com\/sebastien.gente\/\" \/>\n<meta property=\"article:published_time\" content=\"2022-08-20T13:01:41+00:00\" \/>\n<meta property=\"article:modified_time\" content=\"2022-08-20T15:56:42+00:00\" \/>\n<meta property=\"og:image\" content=\"https:\/\/dicodusport.fr\/blog\/wp-content\/uploads\/2022\/08\/Tour-du-Danemark-2022-La-derniere-etape-et-le-general-pour-Christophe-Laporte-.png\" \/>\n\t<meta property=\"og:image:width\" content=\"800\" \/>\n\t<meta property=\"og:image:height\" content=\"445\" \/>\n\t<meta property=\"og:image:type\" content=\"image\/png\" \/>\n<meta name=\"author\" content=\"S\u00e9bastien Gente\" \/>\n<meta name=\"twitter:card\" content=\"summary_large_image\" \/>\n<meta name=\"twitter:title\" content=\"Tour du Danemark 2022 : La derni\u00e8re \u00e9tape et le g\u00e9n\u00e9ral pour Christophe Laporte !\" \/>\n<meta name=\"twitter:creator\" content=\"@https:\/\/twitter.com\/globulo24\" \/>\n<meta name=\"twitter:site\" content=\"@dicodusport\" \/>\n<script type=\"application\/ld+json\" class=\"yoast-schema-graph\">{\"@context\":\"https:\/\/schema.org\",\"@graph\":[{\"@type\":\"NewsArticle\",\"@id\":\"https:\/\/dicodusport.fr\/blog\/tour-du-danemark-2022-la-derniere-etape-et-le-general-pour-christophe-laporte\/#article\",\"isPartOf\":{\"@id\":\"https:\/\/dicodusport.fr\/blog\/tour-du-danemark-2022-la-derniere-etape-et-le-general-pour-christophe-laporte\/\"},\"author\":{\"name\":\"S\u00e9bastien Gente\",\"@id\":\"https:\/\/dicodusport.fr\/blog\/#\/schema\/person\/627966a6cde45dbd8c5e36ac85d783da\"},\"headline\":\"Tour du Danemark 2022 : La derni\u00e8re \u00e9tape et le g\u00e9n\u00e9ral pour Christophe Laporte !\",\"datePublished\":\"2022-08-20T13:01:41+00:00\",\"dateModified\":\"2022-08-20T15:56:42+00:00\",\"mainEntityOfPage\":{\"@id\":\"https:\/\/dicodusport.fr\/blog\/tour-du-danemark-2022-la-derniere-etape-et-le-general-pour-christophe-laporte\/\"},\"wordCount\":395,\"commentCount\":0,\"publisher\":{\"@id\":\"https:\/\/dicodusport.fr\/blog\/#organization\"},\"image\":{\"@id\":\"https:\/\/dicodusport.fr\/blog\/tour-du-danemark-2022-la-derniere-etape-et-le-general-pour-christophe-laporte\/#primaryimage\"},\"thumbnailUrl\":\"https:\/\/dicodusport.fr\/blog\/wp-content\/uploads\/2022\/08\/Tour-du-Danemark-2022-La-derniere-etape-et-le-general-pour-Christophe-Laporte-.png\",\"keywords\":[\"Christophe Laporte\",\"Cyclisme\",\"sport\",\"Tour du Danemark\"],\"articleSection\":[\"Cyclisme sur route\"],\"inLanguage\":\"fr-FR\",\"potentialAction\":[{\"@type\":\"CommentAction\",\"name\":\"Comment\",\"target\":[\"https:\/\/dicodusport.fr\/blog\/tour-du-danemark-2022-la-derniere-etape-et-le-general-pour-christophe-laporte\/#respond\"]}],\"copyrightYear\":\"2022\",\"copyrightHolder\":{\"@id\":\"https:\/\/dicodusport.fr\/blog\/#organization\"}},{\"@type\":\"WebPage\",\"@id\":\"https:\/\/dicodusport.fr\/blog\/tour-du-danemark-2022-la-derniere-etape-et-le-general-pour-christophe-laporte\/\",\"url\":\"https:\/\/dicodusport.fr\/blog\/tour-du-danemark-2022-la-derniere-etape-et-le-general-pour-christophe-laporte\/\",\"name\":\"Tour du Danemark 2022 : La derni\u00e8re \u00e9tape et le g\u00e9n\u00e9ral pour Christophe Laporte !\",\"isPartOf\":{\"@id\":\"https:\/\/dicodusport.fr\/blog\/#website\"},\"primaryImageOfPage\":{\"@id\":\"https:\/\/dicodusport.fr\/blog\/tour-du-danemark-2022-la-derniere-etape-et-le-general-pour-christophe-laporte\/#primaryimage\"},\"image\":{\"@id\":\"https:\/\/dicodusport.fr\/blog\/tour-du-danemark-2022-la-derniere-etape-et-le-general-pour-christophe-laporte\/#primaryimage\"},\"thumbnailUrl\":\"https:\/\/dicodusport.fr\/blog\/wp-content\/uploads\/2022\/08\/Tour-du-Danemark-2022-La-derniere-etape-et-le-general-pour-Christophe-Laporte-.png\",\"datePublished\":\"2022-08-20T13:01:41+00:00\",\"dateModified\":\"2022-08-20T15:56:42+00:00\",\"description\":\"TOUR DU DANEMARK 2022 \u2013 En costaud, Christophe\u00a0Laporte (Team Jumbo-Visma) est venu gagner l'ultime \u00e9tape, et le classement g\u00e9n\u00e9ral !\u00a0\",\"breadcrumb\":{\"@id\":\"https:\/\/dicodusport.fr\/blog\/tour-du-danemark-2022-la-derniere-etape-et-le-general-pour-christophe-laporte\/#breadcrumb\"},\"inLanguage\":\"fr-FR\",\"potentialAction\":[{\"@type\":\"ReadAction\",\"target\":[\"https:\/\/dicodusport.fr\/blog\/tour-du-danemark-2022-la-derniere-etape-et-le-general-pour-christophe-laporte\/\"]}]},{\"@type\":\"ImageObject\",\"inLanguage\":\"fr-FR\",\"@id\":\"https:\/\/dicodusport.fr\/blog\/tour-du-danemark-2022-la-derniere-etape-et-le-general-pour-christophe-laporte\/#primaryimage\",\"url\":\"https:\/\/dicodusport.fr\/blog\/wp-content\/uploads\/2022\/08\/Tour-du-Danemark-2022-La-derniere-etape-et-le-general-pour-Christophe-Laporte-.png\",\"contentUrl\":\"https:\/\/dicodusport.fr\/blog\/wp-content\/uploads\/2022\/08\/Tour-du-Danemark-2022-La-derniere-etape-et-le-general-pour-Christophe-Laporte-.png\",\"width\":800,\"height\":445,\"caption\":\"Tour du Danemark 2022 La derni\u00e8re \u00e9tape et le g\u00e9n\u00e9ral pour Christophe Laporte !\"},{\"@type\":\"BreadcrumbList\",\"@id\":\"https:\/\/dicodusport.fr\/blog\/tour-du-danemark-2022-la-derniere-etape-et-le-general-pour-christophe-laporte\/#breadcrumb\",\"itemListElement\":[{\"@type\":\"ListItem\",\"position\":1,\"name\":\"Accueil\",\"item\":\"https:\/\/dicodusport.fr\/blog\/\"},{\"@type\":\"ListItem\",\"position\":2,\"name\":\"Tour du Danemark 2022 : La derni\u00e8re \u00e9tape et le g\u00e9n\u00e9ral pour Christophe Laporte !\"}]},{\"@type\":\"WebSite\",\"@id\":\"https:\/\/dicodusport.fr\/blog\/#website\",\"url\":\"https:\/\/dicodusport.fr\/blog\/\",\"name\":\"Dicodusport\",\"description\":\"L&#039;encyclop\u00e9die de l&#039;actualit\u00e9 sportive\",\"publisher\":{\"@id\":\"https:\/\/dicodusport.fr\/blog\/#organization\"},\"potentialAction\":[{\"@type\":\"SearchAction\",\"target\":{\"@type\":\"EntryPoint\",\"urlTemplate\":\"https:\/\/dicodusport.fr\/blog\/?s={search_term_string}\"},\"query-input\":{\"@type\":\"PropertyValueSpecification\",\"valueRequired\":true,\"valueName\":\"search_term_string\"}}],\"inLanguage\":\"fr-FR\"},{\"@type\":\"NewsMediaOrganization\",\"@id\":\"https:\/\/dicodusport.fr\/blog\/#organization\",\"name\":\"Dicodusport\",\"url\":\"https:\/\/dicodusport.fr\/blog\/\",\"logo\":{\"@type\":\"ImageObject\",\"inLanguage\":\"fr-FR\",\"@id\":\"https:\/\/dicodusport.fr\/blog\/#\/schema\/logo\/image\/\",\"url\":\"https:\/\/dicodusport.fr\/blog\/wp-content\/uploads\/2020\/06\/cropped-LOGO-DICODUSPORT-2020-SANS-FOND-SANS-TEXTE.png\",\"contentUrl\":\"https:\/\/dicodusport.fr\/blog\/wp-content\/uploads\/2020\/06\/cropped-LOGO-DICODUSPORT-2020-SANS-FOND-SANS-TEXTE.png\",\"width\":512,\"height\":512,\"caption\":\"Dicodusport\"},\"image\":{\"@id\":\"https:\/\/dicodusport.fr\/blog\/#\/schema\/logo\/image\/\"},\"sameAs\":[\"https:\/\/www.facebook.com\/dicodusport\",\"https:\/\/x.com\/dicodusport\",\"https:\/\/www.instagram.com\/dicodusport\/\",\"https:\/\/www.youtube.com\/channel\/UC7V2KZ5sd3htJivAbA4ZG3w\"],\"description\":\"Dicodusport est l'encyclop\u00e9die de l'actualit\u00e9 sportive.\",\"email\":\"bonjour@dicodusport.fr\",\"legalName\":\"DICODUSPORT\",\"foundingDate\":\"2018-01-14\",\"vatID\":\"FR71834470973\",\"taxID\":\"83447097300043\",\"numberOfEmployees\":{\"@type\":\"QuantitativeValue\",\"minValue\":\"1\",\"maxValue\":\"10\"}},{\"@type\":\"Person\",\"@id\":\"https:\/\/dicodusport.fr\/blog\/#\/schema\/person\/627966a6cde45dbd8c5e36ac85d783da\",\"name\":\"S\u00e9bastien Gente\",\"image\":{\"@type\":\"ImageObject\",\"inLanguage\":\"fr-FR\",\"@id\":\"https:\/\/dicodusport.fr\/blog\/#\/schema\/person\/image\/\",\"url\":\"https:\/\/dicodusport.fr\/blog\/wp-content\/uploads\/2021\/09\/1510990_10205810251400683_4124423575079401707_n-150x150.jpg\",\"contentUrl\":\"https:\/\/dicodusport.fr\/blog\/wp-content\/uploads\/2021\/09\/1510990_10205810251400683_4124423575079401707_n-150x150.jpg\",\"caption\":\"S\u00e9bastien Gente\"},\"description\":\"John Stockton, Gianni Bugno, Zinedine Zidane, Steffi Graf, Frode Andresen, St\u00e9phane Stoecklin, Davis Kamoga, Primoz Peterka, Werner Schlager et Aur\u00e9lien Rougerie. Point commun entre ces sportifs? Ils m'ont fait r\u00eaver et ont berc\u00e9 mon adolescence. Je suis un fondu de sports et j'essaie de retranscrire ma passion \u00e0 travers mes articles. Originaire du P\u00e9rigord, ma passion pour les Girondins, les Jaunards et les Jazzmen transpire dans mes \u00e9crits. \u00c0 Dicodusport depuis 2021, je d\u00e9niche les sports m\u00e9connus dans lesquels la France brille, et il y en a !\",\"sameAs\":[\"https:\/\/www.facebook.com\/sebastien.gente\/\",\"https:\/\/www.instagram.com\/sebgente\/\",\"https:\/\/www.linkedin.com\/in\/sbastien-gente-a29583169\/\",\"https:\/\/x.com\/https:\/\/twitter.com\/globulo24\",\"SebastienGente\"],\"worksFor\":\"S\u00e9bastien GENTE\",\"url\":\"https:\/\/dicodusport.fr\/blog\/author\/sebastiengente\/\"}]}<\/script>\n<!-- \/ Yoast SEO Premium plugin. -->","yoast_head_json":{"title":"Tour du Danemark 2022 : La derni\u00e8re \u00e9tape et le g\u00e9n\u00e9ral pour Christophe Laporte !","description":"TOUR DU DANEMARK 2022 \u2013 En costaud, Christophe\u00a0Laporte (Team Jumbo-Visma) est venu gagner l'ultime \u00e9tape, et le classement g\u00e9n\u00e9ral !\u00a0","robots":{"index":"index","follow":"follow","max-snippet":"max-snippet:-1","max-image-preview":"max-image-preview:large","max-video-preview":"max-video-preview:-1"},"canonical":"https:\/\/dicodusport.fr\/blog\/tour-du-danemark-2022-la-derniere-etape-et-le-general-pour-christophe-laporte\/","og_locale":"fr_FR","og_type":"article","og_title":"Tour du Danemark 2022 : La derni\u00e8re \u00e9tape et le g\u00e9n\u00e9ral pour Christophe Laporte !","og_description":"TOUR DU DANEMARK 2022 \u2013 En costaud, Christophe\u00a0Laporte (Team Jumbo-Visma) est venu gagner l'ultime \u00e9tape, et le classement g\u00e9n\u00e9ral !\u00a0","og_url":"https:\/\/dicodusport.fr\/blog\/tour-du-danemark-2022-la-derniere-etape-et-le-general-pour-christophe-laporte\/","og_site_name":"Dicodusport","article_publisher":"https:\/\/www.facebook.com\/dicodusport","article_author":"https:\/\/www.facebook.com\/sebastien.gente\/","article_published_time":"2022-08-20T13:01:41+00:00","article_modified_time":"2022-08-20T15:56:42+00:00","og_image":[{"width":800,"height":445,"url":"https:\/\/dicodusport.fr\/blog\/wp-content\/uploads\/2022\/08\/Tour-du-Danemark-2022-La-derniere-etape-et-le-general-pour-Christophe-Laporte-.png","type":"image\/png"}],"author":"S\u00e9bastien Gente","twitter_card":"summary_large_image","twitter_title":"Tour du Danemark 2022 : La derni\u00e8re \u00e9tape et le g\u00e9n\u00e9ral pour Christophe Laporte !","twitter_creator":"@https:\/\/twitter.com\/globulo24","twitter_site":"@dicodusport","schema":{"@context":"https:\/\/schema.org","@graph":[{"@type":"NewsArticle","@id":"https:\/\/dicodusport.fr\/blog\/tour-du-danemark-2022-la-derniere-etape-et-le-general-pour-christophe-laporte\/#article","isPartOf":{"@id":"https:\/\/dicodusport.fr\/blog\/tour-du-danemark-2022-la-derniere-etape-et-le-general-pour-christophe-laporte\/"},"author":{"name":"S\u00e9bastien Gente","@id":"https:\/\/dicodusport.fr\/blog\/#\/schema\/person\/627966a6cde45dbd8c5e36ac85d783da"},"headline":"Tour du Danemark 2022 : La derni\u00e8re \u00e9tape et le g\u00e9n\u00e9ral pour Christophe Laporte !","datePublished":"2022-08-20T13:01:41+00:00","dateModified":"2022-08-20T15:56:42+00:00","mainEntityOfPage":{"@id":"https:\/\/dicodusport.fr\/blog\/tour-du-danemark-2022-la-derniere-etape-et-le-general-pour-christophe-laporte\/"},"wordCount":395,"commentCount":0,"publisher":{"@id":"https:\/\/dicodusport.fr\/blog\/#organization"},"image":{"@id":"https:\/\/dicodusport.fr\/blog\/tour-du-danemark-2022-la-derniere-etape-et-le-general-pour-christophe-laporte\/#primaryimage"},"thumbnailUrl":"https:\/\/dicodusport.fr\/blog\/wp-content\/uploads\/2022\/08\/Tour-du-Danemark-2022-La-derniere-etape-et-le-general-pour-Christophe-Laporte-.png","keywords":["Christophe Laporte","Cyclisme","sport","Tour du Danemark"],"articleSection":["Cyclisme sur route"],"inLanguage":"fr-FR","potentialAction":[{"@type":"CommentAction","name":"Comment","target":["https:\/\/dicodusport.fr\/blog\/tour-du-danemark-2022-la-derniere-etape-et-le-general-pour-christophe-laporte\/#respond"]}],"copyrightYear":"2022","copyrightHolder":{"@id":"https:\/\/dicodusport.fr\/blog\/#organization"}},{"@type":"WebPage","@id":"https:\/\/dicodusport.fr\/blog\/tour-du-danemark-2022-la-derniere-etape-et-le-general-pour-christophe-laporte\/","url":"https:\/\/dicodusport.fr\/blog\/tour-du-danemark-2022-la-derniere-etape-et-le-general-pour-christophe-laporte\/","name":"Tour du Danemark 2022 : La derni\u00e8re \u00e9tape et le g\u00e9n\u00e9ral pour Christophe Laporte !","isPartOf":{"@id":"https:\/\/dicodusport.fr\/blog\/#website"},"primaryImageOfPage":{"@id":"https:\/\/dicodusport.fr\/blog\/tour-du-danemark-2022-la-derniere-etape-et-le-general-pour-christophe-laporte\/#primaryimage"},"image":{"@id":"https:\/\/dicodusport.fr\/blog\/tour-du-danemark-2022-la-derniere-etape-et-le-general-pour-christophe-laporte\/#primaryimage"},"thumbnailUrl":"https:\/\/dicodusport.fr\/blog\/wp-content\/uploads\/2022\/08\/Tour-du-Danemark-2022-La-derniere-etape-et-le-general-pour-Christophe-Laporte-.png","datePublished":"2022-08-20T13:01:41+00:00","dateModified":"2022-08-20T15:56:42+00:00","description":"TOUR DU DANEMARK 2022 \u2013 En costaud, Christophe\u00a0Laporte (Team Jumbo-Visma) est venu gagner l'ultime \u00e9tape, et le classement g\u00e9n\u00e9ral !\u00a0","breadcrumb":{"@id":"https:\/\/dicodusport.fr\/blog\/tour-du-danemark-2022-la-derniere-etape-et-le-general-pour-christophe-laporte\/#breadcrumb"},"inLanguage":"fr-FR","potentialAction":[{"@type":"ReadAction","target":["https:\/\/dicodusport.fr\/blog\/tour-du-danemark-2022-la-derniere-etape-et-le-general-pour-christophe-laporte\/"]}]},{"@type":"ImageObject","inLanguage":"fr-FR","@id":"https:\/\/dicodusport.fr\/blog\/tour-du-danemark-2022-la-derniere-etape-et-le-general-pour-christophe-laporte\/#primaryimage","url":"https:\/\/dicodusport.fr\/blog\/wp-content\/uploads\/2022\/08\/Tour-du-Danemark-2022-La-derniere-etape-et-le-general-pour-Christophe-Laporte-.png","contentUrl":"https:\/\/dicodusport.fr\/blog\/wp-content\/uploads\/2022\/08\/Tour-du-Danemark-2022-La-derniere-etape-et-le-general-pour-Christophe-Laporte-.png","width":800,"height":445,"caption":"Tour du Danemark 2022 La derni\u00e8re \u00e9tape et le g\u00e9n\u00e9ral pour Christophe Laporte !"},{"@type":"BreadcrumbList","@id":"https:\/\/dicodusport.fr\/blog\/tour-du-danemark-2022-la-derniere-etape-et-le-general-pour-christophe-laporte\/#breadcrumb","itemListElement":[{"@type":"ListItem","position":1,"name":"Accueil","item":"https:\/\/dicodusport.fr\/blog\/"},{"@type":"ListItem","position":2,"name":"Tour du Danemark 2022 : La derni\u00e8re \u00e9tape et le g\u00e9n\u00e9ral pour Christophe Laporte !"}]},{"@type":"WebSite","@id":"https:\/\/dicodusport.fr\/blog\/#website","url":"https:\/\/dicodusport.fr\/blog\/","name":"Dicodusport","description":"L&#039;encyclop\u00e9die de l&#039;actualit\u00e9 sportive","publisher":{"@id":"https:\/\/dicodusport.fr\/blog\/#organization"},"potentialAction":[{"@type":"SearchAction","target":{"@type":"EntryPoint","urlTemplate":"https:\/\/dicodusport.fr\/blog\/?s={search_term_string}"},"query-input":{"@type":"PropertyValueSpecification","valueRequired":true,"valueName":"search_term_string"}}],"inLanguage":"fr-FR"},{"@type":"NewsMediaOrganization","@id":"https:\/\/dicodusport.fr\/blog\/#organization","name":"Dicodusport","url":"https:\/\/dicodusport.fr\/blog\/","logo":{"@type":"ImageObject","inLanguage":"fr-FR","@id":"https:\/\/dicodusport.fr\/blog\/#\/schema\/logo\/image\/","url":"https:\/\/dicodusport.fr\/blog\/wp-content\/uploads\/2020\/06\/cropped-LOGO-DICODUSPORT-2020-SANS-FOND-SANS-TEXTE.png","contentUrl":"https:\/\/dicodusport.fr\/blog\/wp-content\/uploads\/2020\/06\/cropped-LOGO-DICODUSPORT-2020-SANS-FOND-SANS-TEXTE.png","width":512,"height":512,"caption":"Dicodusport"},"image":{"@id":"https:\/\/dicodusport.fr\/blog\/#\/schema\/logo\/image\/"},"sameAs":["https:\/\/www.facebook.com\/dicodusport","https:\/\/x.com\/dicodusport","https:\/\/www.instagram.com\/dicodusport\/","https:\/\/www.youtube.com\/channel\/UC7V2KZ5sd3htJivAbA4ZG3w"],"description":"Dicodusport est l'encyclop\u00e9die de l'actualit\u00e9 sportive.","email":"bonjour@dicodusport.fr","legalName":"DICODUSPORT","foundingDate":"2018-01-14","vatID":"FR71834470973","taxID":"83447097300043","numberOfEmployees":{"@type":"QuantitativeValue","minValue":"1","maxValue":"10"}},{"@type":"Person","@id":"https:\/\/dicodusport.fr\/blog\/#\/schema\/person\/627966a6cde45dbd8c5e36ac85d783da","name":"S\u00e9bastien Gente","image":{"@type":"ImageObject","inLanguage":"fr-FR","@id":"https:\/\/dicodusport.fr\/blog\/#\/schema\/person\/image\/","url":"https:\/\/dicodusport.fr\/blog\/wp-content\/uploads\/2021\/09\/1510990_10205810251400683_4124423575079401707_n-150x150.jpg","contentUrl":"https:\/\/dicodusport.fr\/blog\/wp-content\/uploads\/2021\/09\/1510990_10205810251400683_4124423575079401707_n-150x150.jpg","caption":"S\u00e9bastien Gente"},"description":"John Stockton, Gianni Bugno, Zinedine Zidane, Steffi Graf, Frode Andresen, St\u00e9phane Stoecklin, Davis Kamoga, Primoz Peterka, Werner Schlager et Aur\u00e9lien Rougerie. Point commun entre ces sportifs? Ils m'ont fait r\u00eaver et ont berc\u00e9 mon adolescence. Je suis un fondu de sports et j'essaie de retranscrire ma passion \u00e0 travers mes articles. Originaire du P\u00e9rigord, ma passion pour les Girondins, les Jaunards et les Jazzmen transpire dans mes \u00e9crits. \u00c0 Dicodusport depuis 2021, je d\u00e9niche les sports m\u00e9connus dans lesquels la France brille, et il y en a !","sameAs":["https:\/\/www.facebook.com\/sebastien.gente\/","https:\/\/www.instagram.com\/sebgente\/","https:\/\/www.linkedin.com\/in\/sbastien-gente-a29583169\/","https:\/\/x.com\/https:\/\/twitter.com\/globulo24","SebastienGente"],"worksFor":"S\u00e9bastien GENTE","url":"https:\/\/dicodusport.fr\/blog\/author\/sebastiengente\/"}]}},"_links":{"self":[{"href":"https:\/\/dicodusport.fr\/blog\/wp-json\/wp\/v2\/posts\/254266","targetHints":{"allow":["GET"]}}],"collection":[{"href":"https:\/\/dicodusport.fr\/blog\/wp-json\/wp\/v2\/posts"}],"about":[{"href":"https:\/\/dicodusport.fr\/blog\/wp-json\/wp\/v2\/types\/post"}],"author":[{"embeddable":true,"href":"https:\/\/dicodusport.fr\/blog\/wp-json\/wp\/v2\/users\/59"}],"replies":[{"embeddable":true,"href":"https:\/\/dicodusport.fr\/blog\/wp-json\/wp\/v2\/comments?post=254266"}],"version-history":[{"count":0,"href":"https:\/\/dicodusport.fr\/blog\/wp-json\/wp\/v2\/posts\/254266\/revisions"}],"wp:featuredmedia":[{"embeddable":true,"href":"https:\/\/dicodusport.fr\/blog\/wp-json\/wp\/v2\/media\/254276"}],"wp:attachment":[{"href":"https:\/\/dicodusport.fr\/blog\/wp-json\/wp\/v2\/media?parent=254266"}],"wp:term":[{"taxonomy":"category","embeddable":true,"href":"https:\/\/dicodusport.fr\/blog\/wp-json\/wp\/v2\/categories?post=254266"},{"taxonomy":"post_tag","embeddable":true,"href":"https:\/\/dicodusport.fr\/blog\/wp-json\/wp\/v2\/tags?post=254266"}],"curies":[{"name":"wp","href":"https:\/\/api.w.org\/{rel}","templated":true}]}}