{"id":25431,"date":"2018-09-11T12:00:18","date_gmt":"2018-09-11T10:00:18","guid":{"rendered":"http:\/\/dicodusport.fr\/blog\/?p=25431"},"modified":"2018-09-19T13:50:26","modified_gmt":"2018-09-19T11:50:26","slug":"en-immersion-avec-alfa-lions-2-parenthese-bleue-a-strasbourg","status":"publish","type":"post","link":"https:\/\/dicodusport.fr\/blog\/en-immersion-avec-alfa-lions-2-parenthese-bleue-a-strasbourg\/","title":{"rendered":"En immersion avec l&rsquo;ALFA Lions #2 : parenth\u00e8se bleue \u00e0 Strasbourg"},"content":{"rendered":"<p style=\"text-align: justify;\"><strong><em>Chaque semaine, retrouvez l\u2019actualit\u00e9 de l\u2019<a href=\"http:\/\/dicodusport.fr\/blog\/alfa-lions\/\" target=\"_blank\" rel=\"noopener\">ALFA Lions<\/a>, le club lyonnais de <a href=\"https:\/\/dicodusport.fr\/definition-sport\/football-australien\/\" target=\"_blank\" rel=\"noopener\">football australien<\/a>. Ce week-end, quatre Lions ont rejoint l\u2019\u00e9quipe de France pour disputer un tournoi amical de pr\u00e9paration \u00e0 la Coupe d\u2019Europe qui aura lieu mi-octobre \u00e0 Cork, en Irlande.<\/em><\/strong><\/p>\n<h5 style=\"text-align: justify;\">Apr\u00e8s un match ma\u00eetris\u00e9 de bout en bout, les Fran\u00e7ais ont commenc\u00e9 par une belle victoire 55-2\u00a0 contre l\u2019\u00e9quipe suisse. Voici les impressions de Thomas Depondt, co-capitaine et ruckman, apr\u00e8s ce match :<\/h5>\n<p style=\"text-align: justify;\"><em>\u00ab Le groupe \u00e9tait content de se retrouver pour jouer ensemble quasiment un an apr\u00e8s notre derni\u00e8re EuroCup. Le fait d&rsquo;avoir d\u00e9j\u00e0 tous jou\u00e9 ensemble \u00e0 la derni\u00e8re Coupe du monde nous a permis de vite retrouver nos automatismes sur le terrain. Nous connaissons l&rsquo;importance de marquer le premier \u00ab\u00a0goal\u00a0\u00bb, le s\u00e9lectionneur insiste souvent sur ce point, et nous avons su le faire dans les 30 premi\u00e8res secondes, nous permettant tout de suite de\u00a0nous rassurer. Apr\u00e8s, il est vrai que nous avons manqu\u00e9 de pr\u00e9cisions techniques dans le jeu et de cardio, mais nous savons que c&rsquo;est le d\u00e9but de saison et que les gars ont encore un mois de gros travail en club. Malgr\u00e9 cette belle victoire contre les Suisses, nous sommes tristes d&rsquo;avoir perdu Thibaut sur blessure, qui venait de r\u00e9int\u00e9grer le groupe. Esp\u00e9rons qu&rsquo;il se remette vite sur pied. \u00bb<\/em><\/p>\n<h5 style=\"text-align: justify;\">Le deuxi\u00e8me match face \u00e0 une solide \u00e9quipe des Pays-Bas s\u2019est r\u00e9v\u00e9l\u00e9 bien plus compliqu\u00e9 (d\u00e9faite 32-25), comme le souligne l&rsquo;attaquant Pierre Lechasles :<\/h5>\n<p style=\"text-align: justify;\"><em>\u00ab Apr\u00e8s la premi\u00e8re victoire, ce match a \u00e9t\u00e9 plus compliqu\u00e9 avec notamment une premi\u00e8re p\u00e9riode catastrophique. \u00bb<\/em><\/p>\n<h5 style=\"text-align: justify;\">Qu\u2019a-t-il manqu\u00e9 pour que \u00e7a bascule en votre faveur ?<\/h5>\n<p style=\"text-align: justify;\"><em>\u00ab Nous avons manqu\u00e9 de foncier mais \u00e9galement d&rsquo;envie de ballons. Les Hollandais nous ont clairement fait mal sur ces points en premi\u00e8re p\u00e9riode. <\/em><em>Les entra\u00eenements ont repris depuis deux semaines seulement. Avec une meilleure pr\u00e9paration physique, on n&rsquo;aurait sans doute pas eu ce manque de lucidit\u00e9. Cette d\u00e9faite va nous servir de r\u00e9f\u00e9rence \u00e0 ne surtout pas reproduire, on conna\u00eet nos faiblesses, \u00e0 nous de travailler. \u00bb<\/em><\/p>\n<h5 style=\"text-align: justify;\">Les Bleus finissent n\u00e9anmoins sur une bonne note avec une large victoire face aux All-Stars qui leur permet de terminer en t\u00eate de ce mini-tournoi. La r\u00e9action du d\u00e9fenseur Mathieu Ostorero apr\u00e8s ce dernier match :<\/h5>\n<p style=\"text-align: justify;\"><em>\u00ab On se devait de r\u00e9agir pour cette derni\u00e8re rencontre apr\u00e8s notre non-match contre les Pays-Bas. C&rsquo;\u00e9tait une superbe id\u00e9e d&rsquo;inviter la Suisse (en plein d\u00e9veloppement), les Pays-Bas (qu&rsquo;on rencontre quasiment \u00e0 chaque EuroCup), et on a pu voir \u00e9galement les autres joueurs qui postulent pour l&rsquo;\u00e9quipe de France (avec l&rsquo;\u00e9quipe All Stars). C&rsquo;est l&rsquo;une des premi\u00e8res fois, je pense, o\u00f9 l&rsquo;on arrive \u00e0 se retrouver avant de d\u00e9buter une comp\u00e9tition. <\/em><em>On a pu prendre nos marques et pr\u00e9parer au mieux l&rsquo;EuroCup. On a vu qu&rsquo;on avait encore pas mal de d\u00e9tails \u00e0 r\u00e9gler pour faire un bon r\u00e9sultat \u00e0 Cork, mais on a un mois pour travailler, on sera pr\u00eats pour le 14 octobre. \u00bb<\/em><\/p>\n<p style=\"text-align: justify;\">A noter que deux autres Lions ont fait le d\u00e9placement et ont brill\u00e9 avec l\u2019\u00e9quipe All-Stars. Thomas Lechasles et Nicolas Boch\u00e9 ont grandement particip\u00e9 aux deux victoires de leur \u00e9quipe. Retour \u00e0 la vie de club cette semaine, avec les entra\u00eenements du mardi et jeudi, puis soir\u00e9e d\u2019accueil des nouveaux vendredi soir. Objectif Coupe de France dans 2 semaines !<\/p>\n<p><strong><em>ALFA Lions<\/em><br \/>\n<a href=\"https:\/\/www.facebook.com\/footylyon\/\" target=\"_blank\" rel=\"noopener noreferrer\"><img loading=\"lazy\" decoding=\"async\" class=\"alignnone wp-image-2909\" src=\"http:\/\/dicodusport.fr\/blog\/wp-content\/uploads\/2017\/07\/logo-facebook-150x150.png\" sizes=\"auto, (max-width: 40px) 100vw, 40px\" srcset=\"https:\/\/dicodusport.fr\/blog\/wp-content\/uploads\/2017\/07\/logo-facebook-150x150.png 150w, https:\/\/dicodusport.fr\/blog\/wp-content\/uploads\/2017\/07\/logo-facebook-300x300.png 300w, https:\/\/dicodusport.fr\/blog\/wp-content\/uploads\/2017\/07\/logo-facebook.png 400w\" alt=\"\" width=\"40\" height=\"40\" \/><\/a><\/strong><\/p>\n","protected":false},"excerpt":{"rendered":"<p>Ce week-end, quatre Lions ont rejoint l\u2019\u00e9quipe de France pour disputer un tournoi amical de pr\u00e9paration \u00e0 la Coupe d\u2019Europe qui aura lieu mi-octobre \u00e0 Cork, en Irlande.<\/p>\n","protected":false},"author":4,"featured_media":25432,"comment_status":"open","ping_status":"closed","sticky":false,"template":"","format":"standard","meta":{"_acf_changed":false,"_daextam_enable_autolinks":"","footnotes":""},"categories":[2016,2316],"tags":[5885,3145,3610,5886],"class_list":["post-25431","post","type-post","status-publish","format-standard","has-post-thumbnail","hentry","category-nos-champions","category-tous-les-sports","tag-alfa-lions","tag-football-australien","tag-footy","tag-lyon-footy"],"acf":[],"yoast_head":"<!-- This site is optimized with the Yoast SEO Premium plugin v26.7 (Yoast SEO v26.7) - https:\/\/yoast.com\/wordpress\/plugins\/seo\/ -->\n<title>En immersion avec l&#039;ALFA Lions #2 : parenth\u00e8se bleue \u00e0 Strasbourg<\/title>\n<meta name=\"description\" content=\"Ce week-end, 4 Lions ont rejoint l\u2019\u00e9quipe de France pour disputer un tournoi amical de pr\u00e9paration \u00e0 la Coupe d\u2019Europe qui aura lieu mi-octobre en Irlande.\" \/>\n<meta name=\"robots\" content=\"index, follow, max-snippet:-1, max-image-preview:large, max-video-preview:-1\" \/>\n<link rel=\"canonical\" href=\"https:\/\/dicodusport.fr\/blog\/en-immersion-avec-alfa-lions-2-parenthese-bleue-a-strasbourg\/\" \/>\n<meta property=\"og:locale\" content=\"fr_FR\" \/>\n<meta property=\"og:type\" content=\"article\" \/>\n<meta property=\"og:title\" content=\"En immersion avec l&#039;ALFA Lions #2 : parenth\u00e8se bleue \u00e0 Strasbourg\" \/>\n<meta property=\"og:description\" content=\"Ce week-end, 4 Lions ont rejoint l\u2019\u00e9quipe de France pour disputer un tournoi amical de pr\u00e9paration \u00e0 la Coupe d\u2019Europe qui aura lieu mi-octobre en Irlande.\" \/>\n<meta property=\"og:url\" content=\"https:\/\/dicodusport.fr\/blog\/en-immersion-avec-alfa-lions-2-parenthese-bleue-a-strasbourg\/\" \/>\n<meta property=\"og:site_name\" content=\"Dicodusport\" \/>\n<meta property=\"article:publisher\" content=\"https:\/\/www.facebook.com\/dicodusport\" \/>\n<meta property=\"article:author\" content=\"https:\/\/www.facebook.com\/florent.ostermann\" \/>\n<meta property=\"article:published_time\" content=\"2018-09-11T10:00:18+00:00\" \/>\n<meta property=\"article:modified_time\" content=\"2018-09-19T11:50:26+00:00\" \/>\n<meta property=\"og:image\" content=\"https:\/\/dicodusport.fr\/blog\/wp-content\/uploads\/2018\/09\/ALFA-Lions-footy-Bleus-Strasbourg.png\" \/>\n\t<meta property=\"og:image:width\" content=\"800\" \/>\n\t<meta property=\"og:image:height\" content=\"445\" \/>\n\t<meta property=\"og:image:type\" content=\"image\/png\" \/>\n<meta name=\"author\" content=\"Flo Ostermann\" \/>\n<meta name=\"twitter:card\" content=\"summary_large_image\" \/>\n<meta name=\"twitter:creator\" content=\"@https:\/\/twitter.com\/FlOstermann\" \/>\n<meta name=\"twitter:site\" content=\"@dicodusport\" \/>\n<script type=\"application\/ld+json\" class=\"yoast-schema-graph\">{\"@context\":\"https:\/\/schema.org\",\"@graph\":[{\"@type\":\"NewsArticle\",\"@id\":\"https:\/\/dicodusport.fr\/blog\/en-immersion-avec-alfa-lions-2-parenthese-bleue-a-strasbourg\/#article\",\"isPartOf\":{\"@id\":\"https:\/\/dicodusport.fr\/blog\/en-immersion-avec-alfa-lions-2-parenthese-bleue-a-strasbourg\/\"},\"author\":{\"name\":\"Flo Ostermann\",\"@id\":\"https:\/\/dicodusport.fr\/blog\/#\/schema\/person\/cb02af4c173ce4a653b55e9baf388d4a\"},\"headline\":\"En immersion avec l&rsquo;ALFA Lions #2 : parenth\u00e8se bleue \u00e0 Strasbourg\",\"datePublished\":\"2018-09-11T10:00:18+00:00\",\"dateModified\":\"2018-09-19T11:50:26+00:00\",\"mainEntityOfPage\":{\"@id\":\"https:\/\/dicodusport.fr\/blog\/en-immersion-avec-alfa-lions-2-parenthese-bleue-a-strasbourg\/\"},\"wordCount\":616,\"commentCount\":0,\"publisher\":{\"@id\":\"https:\/\/dicodusport.fr\/blog\/#organization\"},\"image\":{\"@id\":\"https:\/\/dicodusport.fr\/blog\/en-immersion-avec-alfa-lions-2-parenthese-bleue-a-strasbourg\/#primaryimage\"},\"thumbnailUrl\":\"https:\/\/dicodusport.fr\/blog\/wp-content\/uploads\/2018\/09\/ALFA-Lions-footy-Bleus-Strasbourg.png\",\"keywords\":[\"ALFA Lions\",\"football australien\",\"Footy\",\"Lyon Footy\"],\"articleSection\":[\"Nos champions\",\"Sports\"],\"inLanguage\":\"fr-FR\",\"potentialAction\":[{\"@type\":\"CommentAction\",\"name\":\"Comment\",\"target\":[\"https:\/\/dicodusport.fr\/blog\/en-immersion-avec-alfa-lions-2-parenthese-bleue-a-strasbourg\/#respond\"]}],\"copyrightYear\":\"2018\",\"copyrightHolder\":{\"@id\":\"https:\/\/dicodusport.fr\/blog\/#organization\"}},{\"@type\":\"WebPage\",\"@id\":\"https:\/\/dicodusport.fr\/blog\/en-immersion-avec-alfa-lions-2-parenthese-bleue-a-strasbourg\/\",\"url\":\"https:\/\/dicodusport.fr\/blog\/en-immersion-avec-alfa-lions-2-parenthese-bleue-a-strasbourg\/\",\"name\":\"En immersion avec l'ALFA Lions #2 : parenth\u00e8se bleue \u00e0 Strasbourg\",\"isPartOf\":{\"@id\":\"https:\/\/dicodusport.fr\/blog\/#website\"},\"primaryImageOfPage\":{\"@id\":\"https:\/\/dicodusport.fr\/blog\/en-immersion-avec-alfa-lions-2-parenthese-bleue-a-strasbourg\/#primaryimage\"},\"image\":{\"@id\":\"https:\/\/dicodusport.fr\/blog\/en-immersion-avec-alfa-lions-2-parenthese-bleue-a-strasbourg\/#primaryimage\"},\"thumbnailUrl\":\"https:\/\/dicodusport.fr\/blog\/wp-content\/uploads\/2018\/09\/ALFA-Lions-footy-Bleus-Strasbourg.png\",\"datePublished\":\"2018-09-11T10:00:18+00:00\",\"dateModified\":\"2018-09-19T11:50:26+00:00\",\"description\":\"Ce week-end, 4 Lions ont rejoint l\u2019\u00e9quipe de France pour disputer un tournoi amical de pr\u00e9paration \u00e0 la Coupe d\u2019Europe qui aura lieu mi-octobre en Irlande.\",\"breadcrumb\":{\"@id\":\"https:\/\/dicodusport.fr\/blog\/en-immersion-avec-alfa-lions-2-parenthese-bleue-a-strasbourg\/#breadcrumb\"},\"inLanguage\":\"fr-FR\",\"potentialAction\":[{\"@type\":\"ReadAction\",\"target\":[\"https:\/\/dicodusport.fr\/blog\/en-immersion-avec-alfa-lions-2-parenthese-bleue-a-strasbourg\/\"]}]},{\"@type\":\"ImageObject\",\"inLanguage\":\"fr-FR\",\"@id\":\"https:\/\/dicodusport.fr\/blog\/en-immersion-avec-alfa-lions-2-parenthese-bleue-a-strasbourg\/#primaryimage\",\"url\":\"https:\/\/dicodusport.fr\/blog\/wp-content\/uploads\/2018\/09\/ALFA-Lions-footy-Bleus-Strasbourg.png\",\"contentUrl\":\"https:\/\/dicodusport.fr\/blog\/wp-content\/uploads\/2018\/09\/ALFA-Lions-footy-Bleus-Strasbourg.png\",\"width\":800,\"height\":445},{\"@type\":\"BreadcrumbList\",\"@id\":\"https:\/\/dicodusport.fr\/blog\/en-immersion-avec-alfa-lions-2-parenthese-bleue-a-strasbourg\/#breadcrumb\",\"itemListElement\":[{\"@type\":\"ListItem\",\"position\":1,\"name\":\"Accueil\",\"item\":\"https:\/\/dicodusport.fr\/blog\/\"},{\"@type\":\"ListItem\",\"position\":2,\"name\":\"En immersion avec l&rsquo;ALFA Lions #2 : parenth\u00e8se bleue \u00e0 Strasbourg\"}]},{\"@type\":\"WebSite\",\"@id\":\"https:\/\/dicodusport.fr\/blog\/#website\",\"url\":\"https:\/\/dicodusport.fr\/blog\/\",\"name\":\"Dicodusport\",\"description\":\"L&#039;encyclop\u00e9die de l&#039;actualit\u00e9 sportive\",\"publisher\":{\"@id\":\"https:\/\/dicodusport.fr\/blog\/#organization\"},\"potentialAction\":[{\"@type\":\"SearchAction\",\"target\":{\"@type\":\"EntryPoint\",\"urlTemplate\":\"https:\/\/dicodusport.fr\/blog\/?s={search_term_string}\"},\"query-input\":{\"@type\":\"PropertyValueSpecification\",\"valueRequired\":true,\"valueName\":\"search_term_string\"}}],\"inLanguage\":\"fr-FR\"},{\"@type\":\"NewsMediaOrganization\",\"@id\":\"https:\/\/dicodusport.fr\/blog\/#organization\",\"name\":\"Dicodusport\",\"url\":\"https:\/\/dicodusport.fr\/blog\/\",\"logo\":{\"@type\":\"ImageObject\",\"inLanguage\":\"fr-FR\",\"@id\":\"https:\/\/dicodusport.fr\/blog\/#\/schema\/logo\/image\/\",\"url\":\"https:\/\/dicodusport.fr\/blog\/wp-content\/uploads\/2020\/06\/cropped-LOGO-DICODUSPORT-2020-SANS-FOND-SANS-TEXTE.png\",\"contentUrl\":\"https:\/\/dicodusport.fr\/blog\/wp-content\/uploads\/2020\/06\/cropped-LOGO-DICODUSPORT-2020-SANS-FOND-SANS-TEXTE.png\",\"width\":512,\"height\":512,\"caption\":\"Dicodusport\"},\"image\":{\"@id\":\"https:\/\/dicodusport.fr\/blog\/#\/schema\/logo\/image\/\"},\"sameAs\":[\"https:\/\/www.facebook.com\/dicodusport\",\"https:\/\/x.com\/dicodusport\",\"https:\/\/www.instagram.com\/dicodusport\/\",\"https:\/\/www.youtube.com\/channel\/UC7V2KZ5sd3htJivAbA4ZG3w\"],\"description\":\"Dicodusport est l'encyclop\u00e9die de l'actualit\u00e9 sportive.\",\"email\":\"bonjour@dicodusport.fr\",\"legalName\":\"DICODUSPORT\",\"foundingDate\":\"2018-01-14\",\"vatID\":\"FR71834470973\",\"taxID\":\"83447097300043\",\"numberOfEmployees\":{\"@type\":\"QuantitativeValue\",\"minValue\":\"1\",\"maxValue\":\"10\"}},{\"@type\":\"Person\",\"@id\":\"https:\/\/dicodusport.fr\/blog\/#\/schema\/person\/cb02af4c173ce4a653b55e9baf388d4a\",\"name\":\"Flo Ostermann\",\"image\":{\"@type\":\"ImageObject\",\"inLanguage\":\"fr-FR\",\"@id\":\"https:\/\/dicodusport.fr\/blog\/#\/schema\/person\/image\/\",\"url\":\"https:\/\/dicodusport.fr\/blog\/wp-content\/uploads\/2021\/05\/Flo-Ostermann-150x150.jpg\",\"contentUrl\":\"https:\/\/dicodusport.fr\/blog\/wp-content\/uploads\/2021\/05\/Flo-Ostermann-150x150.jpg\",\"caption\":\"Flo Ostermann\"},\"description\":\"Journaliste\/R\u00e9dacteur depuis septembre 2015 - Mes premiers souvenirs dans le sport ? Les envol\u00e9es du Stade Toulousain et les duels Villeneuve-Schumacher et H\u00e4kkinen-Schumacher \u00e0 la fin des ann\u00e9es 90, la Coupe du monde de football en 1998, l\u2019exploit du XV de France face aux All Blacks en 1999, mais aussi Richard C\u0153ur de Lion qui vole sur les montagnes du Tour de France. Bien parti pour devenir professeur d\u2019EPS, les \u00e9v\u00e9nements de la vie (et la flemme d\u2019animer des s\u00e9ances de 3x500 m\u00e8tres toute ma vie) m\u2019ont conduit \u00e0 revoir mes plans. Me voil\u00e0 depuis fin 2017 sur Dicodusport, m\u00e9dia gr\u00e2ce (et pour) lequel je partage ma passion : le sport dans tous ses \u00e9tats. Le tout accompagn\u00e9 par les fous furieux et folles furieuses cit\u00e9s sur cette page !\",\"sameAs\":[\"https:\/\/www.facebook.com\/florent.ostermann\",\"https:\/\/x.com\/https:\/\/twitter.com\/FlOstermann\",\"admin\"],\"url\":\"https:\/\/dicodusport.fr\/blog\/author\/flo\/\"}]}<\/script>\n<!-- \/ Yoast SEO Premium plugin. -->","yoast_head_json":{"title":"En immersion avec l'ALFA Lions #2 : parenth\u00e8se bleue \u00e0 Strasbourg","description":"Ce week-end, 4 Lions ont rejoint l\u2019\u00e9quipe de France pour disputer un tournoi amical de pr\u00e9paration \u00e0 la Coupe d\u2019Europe qui aura lieu mi-octobre en Irlande.","robots":{"index":"index","follow":"follow","max-snippet":"max-snippet:-1","max-image-preview":"max-image-preview:large","max-video-preview":"max-video-preview:-1"},"canonical":"https:\/\/dicodusport.fr\/blog\/en-immersion-avec-alfa-lions-2-parenthese-bleue-a-strasbourg\/","og_locale":"fr_FR","og_type":"article","og_title":"En immersion avec l'ALFA Lions #2 : parenth\u00e8se bleue \u00e0 Strasbourg","og_description":"Ce week-end, 4 Lions ont rejoint l\u2019\u00e9quipe de France pour disputer un tournoi amical de pr\u00e9paration \u00e0 la Coupe d\u2019Europe qui aura lieu mi-octobre en Irlande.","og_url":"https:\/\/dicodusport.fr\/blog\/en-immersion-avec-alfa-lions-2-parenthese-bleue-a-strasbourg\/","og_site_name":"Dicodusport","article_publisher":"https:\/\/www.facebook.com\/dicodusport","article_author":"https:\/\/www.facebook.com\/florent.ostermann","article_published_time":"2018-09-11T10:00:18+00:00","article_modified_time":"2018-09-19T11:50:26+00:00","og_image":[{"width":800,"height":445,"url":"https:\/\/dicodusport.fr\/blog\/wp-content\/uploads\/2018\/09\/ALFA-Lions-footy-Bleus-Strasbourg.png","type":"image\/png"}],"author":"Flo Ostermann","twitter_card":"summary_large_image","twitter_creator":"@https:\/\/twitter.com\/FlOstermann","twitter_site":"@dicodusport","schema":{"@context":"https:\/\/schema.org","@graph":[{"@type":"NewsArticle","@id":"https:\/\/dicodusport.fr\/blog\/en-immersion-avec-alfa-lions-2-parenthese-bleue-a-strasbourg\/#article","isPartOf":{"@id":"https:\/\/dicodusport.fr\/blog\/en-immersion-avec-alfa-lions-2-parenthese-bleue-a-strasbourg\/"},"author":{"name":"Flo Ostermann","@id":"https:\/\/dicodusport.fr\/blog\/#\/schema\/person\/cb02af4c173ce4a653b55e9baf388d4a"},"headline":"En immersion avec l&rsquo;ALFA Lions #2 : parenth\u00e8se bleue \u00e0 Strasbourg","datePublished":"2018-09-11T10:00:18+00:00","dateModified":"2018-09-19T11:50:26+00:00","mainEntityOfPage":{"@id":"https:\/\/dicodusport.fr\/blog\/en-immersion-avec-alfa-lions-2-parenthese-bleue-a-strasbourg\/"},"wordCount":616,"commentCount":0,"publisher":{"@id":"https:\/\/dicodusport.fr\/blog\/#organization"},"image":{"@id":"https:\/\/dicodusport.fr\/blog\/en-immersion-avec-alfa-lions-2-parenthese-bleue-a-strasbourg\/#primaryimage"},"thumbnailUrl":"https:\/\/dicodusport.fr\/blog\/wp-content\/uploads\/2018\/09\/ALFA-Lions-footy-Bleus-Strasbourg.png","keywords":["ALFA Lions","football australien","Footy","Lyon Footy"],"articleSection":["Nos champions","Sports"],"inLanguage":"fr-FR","potentialAction":[{"@type":"CommentAction","name":"Comment","target":["https:\/\/dicodusport.fr\/blog\/en-immersion-avec-alfa-lions-2-parenthese-bleue-a-strasbourg\/#respond"]}],"copyrightYear":"2018","copyrightHolder":{"@id":"https:\/\/dicodusport.fr\/blog\/#organization"}},{"@type":"WebPage","@id":"https:\/\/dicodusport.fr\/blog\/en-immersion-avec-alfa-lions-2-parenthese-bleue-a-strasbourg\/","url":"https:\/\/dicodusport.fr\/blog\/en-immersion-avec-alfa-lions-2-parenthese-bleue-a-strasbourg\/","name":"En immersion avec l'ALFA Lions #2 : parenth\u00e8se bleue \u00e0 Strasbourg","isPartOf":{"@id":"https:\/\/dicodusport.fr\/blog\/#website"},"primaryImageOfPage":{"@id":"https:\/\/dicodusport.fr\/blog\/en-immersion-avec-alfa-lions-2-parenthese-bleue-a-strasbourg\/#primaryimage"},"image":{"@id":"https:\/\/dicodusport.fr\/blog\/en-immersion-avec-alfa-lions-2-parenthese-bleue-a-strasbourg\/#primaryimage"},"thumbnailUrl":"https:\/\/dicodusport.fr\/blog\/wp-content\/uploads\/2018\/09\/ALFA-Lions-footy-Bleus-Strasbourg.png","datePublished":"2018-09-11T10:00:18+00:00","dateModified":"2018-09-19T11:50:26+00:00","description":"Ce week-end, 4 Lions ont rejoint l\u2019\u00e9quipe de France pour disputer un tournoi amical de pr\u00e9paration \u00e0 la Coupe d\u2019Europe qui aura lieu mi-octobre en Irlande.","breadcrumb":{"@id":"https:\/\/dicodusport.fr\/blog\/en-immersion-avec-alfa-lions-2-parenthese-bleue-a-strasbourg\/#breadcrumb"},"inLanguage":"fr-FR","potentialAction":[{"@type":"ReadAction","target":["https:\/\/dicodusport.fr\/blog\/en-immersion-avec-alfa-lions-2-parenthese-bleue-a-strasbourg\/"]}]},{"@type":"ImageObject","inLanguage":"fr-FR","@id":"https:\/\/dicodusport.fr\/blog\/en-immersion-avec-alfa-lions-2-parenthese-bleue-a-strasbourg\/#primaryimage","url":"https:\/\/dicodusport.fr\/blog\/wp-content\/uploads\/2018\/09\/ALFA-Lions-footy-Bleus-Strasbourg.png","contentUrl":"https:\/\/dicodusport.fr\/blog\/wp-content\/uploads\/2018\/09\/ALFA-Lions-footy-Bleus-Strasbourg.png","width":800,"height":445},{"@type":"BreadcrumbList","@id":"https:\/\/dicodusport.fr\/blog\/en-immersion-avec-alfa-lions-2-parenthese-bleue-a-strasbourg\/#breadcrumb","itemListElement":[{"@type":"ListItem","position":1,"name":"Accueil","item":"https:\/\/dicodusport.fr\/blog\/"},{"@type":"ListItem","position":2,"name":"En immersion avec l&rsquo;ALFA Lions #2 : parenth\u00e8se bleue \u00e0 Strasbourg"}]},{"@type":"WebSite","@id":"https:\/\/dicodusport.fr\/blog\/#website","url":"https:\/\/dicodusport.fr\/blog\/","name":"Dicodusport","description":"L&#039;encyclop\u00e9die de l&#039;actualit\u00e9 sportive","publisher":{"@id":"https:\/\/dicodusport.fr\/blog\/#organization"},"potentialAction":[{"@type":"SearchAction","target":{"@type":"EntryPoint","urlTemplate":"https:\/\/dicodusport.fr\/blog\/?s={search_term_string}"},"query-input":{"@type":"PropertyValueSpecification","valueRequired":true,"valueName":"search_term_string"}}],"inLanguage":"fr-FR"},{"@type":"NewsMediaOrganization","@id":"https:\/\/dicodusport.fr\/blog\/#organization","name":"Dicodusport","url":"https:\/\/dicodusport.fr\/blog\/","logo":{"@type":"ImageObject","inLanguage":"fr-FR","@id":"https:\/\/dicodusport.fr\/blog\/#\/schema\/logo\/image\/","url":"https:\/\/dicodusport.fr\/blog\/wp-content\/uploads\/2020\/06\/cropped-LOGO-DICODUSPORT-2020-SANS-FOND-SANS-TEXTE.png","contentUrl":"https:\/\/dicodusport.fr\/blog\/wp-content\/uploads\/2020\/06\/cropped-LOGO-DICODUSPORT-2020-SANS-FOND-SANS-TEXTE.png","width":512,"height":512,"caption":"Dicodusport"},"image":{"@id":"https:\/\/dicodusport.fr\/blog\/#\/schema\/logo\/image\/"},"sameAs":["https:\/\/www.facebook.com\/dicodusport","https:\/\/x.com\/dicodusport","https:\/\/www.instagram.com\/dicodusport\/","https:\/\/www.youtube.com\/channel\/UC7V2KZ5sd3htJivAbA4ZG3w"],"description":"Dicodusport est l'encyclop\u00e9die de l'actualit\u00e9 sportive.","email":"bonjour@dicodusport.fr","legalName":"DICODUSPORT","foundingDate":"2018-01-14","vatID":"FR71834470973","taxID":"83447097300043","numberOfEmployees":{"@type":"QuantitativeValue","minValue":"1","maxValue":"10"}},{"@type":"Person","@id":"https:\/\/dicodusport.fr\/blog\/#\/schema\/person\/cb02af4c173ce4a653b55e9baf388d4a","name":"Flo Ostermann","image":{"@type":"ImageObject","inLanguage":"fr-FR","@id":"https:\/\/dicodusport.fr\/blog\/#\/schema\/person\/image\/","url":"https:\/\/dicodusport.fr\/blog\/wp-content\/uploads\/2021\/05\/Flo-Ostermann-150x150.jpg","contentUrl":"https:\/\/dicodusport.fr\/blog\/wp-content\/uploads\/2021\/05\/Flo-Ostermann-150x150.jpg","caption":"Flo Ostermann"},"description":"Journaliste\/R\u00e9dacteur depuis septembre 2015 - Mes premiers souvenirs dans le sport ? Les envol\u00e9es du Stade Toulousain et les duels Villeneuve-Schumacher et H\u00e4kkinen-Schumacher \u00e0 la fin des ann\u00e9es 90, la Coupe du monde de football en 1998, l\u2019exploit du XV de France face aux All Blacks en 1999, mais aussi Richard C\u0153ur de Lion qui vole sur les montagnes du Tour de France. Bien parti pour devenir professeur d\u2019EPS, les \u00e9v\u00e9nements de la vie (et la flemme d\u2019animer des s\u00e9ances de 3x500 m\u00e8tres toute ma vie) m\u2019ont conduit \u00e0 revoir mes plans. Me voil\u00e0 depuis fin 2017 sur Dicodusport, m\u00e9dia gr\u00e2ce (et pour) lequel je partage ma passion : le sport dans tous ses \u00e9tats. Le tout accompagn\u00e9 par les fous furieux et folles furieuses cit\u00e9s sur cette page !","sameAs":["https:\/\/www.facebook.com\/florent.ostermann","https:\/\/x.com\/https:\/\/twitter.com\/FlOstermann","admin"],"url":"https:\/\/dicodusport.fr\/blog\/author\/flo\/"}]}},"_links":{"self":[{"href":"https:\/\/dicodusport.fr\/blog\/wp-json\/wp\/v2\/posts\/25431","targetHints":{"allow":["GET"]}}],"collection":[{"href":"https:\/\/dicodusport.fr\/blog\/wp-json\/wp\/v2\/posts"}],"about":[{"href":"https:\/\/dicodusport.fr\/blog\/wp-json\/wp\/v2\/types\/post"}],"author":[{"embeddable":true,"href":"https:\/\/dicodusport.fr\/blog\/wp-json\/wp\/v2\/users\/4"}],"replies":[{"embeddable":true,"href":"https:\/\/dicodusport.fr\/blog\/wp-json\/wp\/v2\/comments?post=25431"}],"version-history":[{"count":0,"href":"https:\/\/dicodusport.fr\/blog\/wp-json\/wp\/v2\/posts\/25431\/revisions"}],"wp:featuredmedia":[{"embeddable":true,"href":"https:\/\/dicodusport.fr\/blog\/wp-json\/wp\/v2\/media\/25432"}],"wp:attachment":[{"href":"https:\/\/dicodusport.fr\/blog\/wp-json\/wp\/v2\/media?parent=25431"}],"wp:term":[{"taxonomy":"category","embeddable":true,"href":"https:\/\/dicodusport.fr\/blog\/wp-json\/wp\/v2\/categories?post=25431"},{"taxonomy":"post_tag","embeddable":true,"href":"https:\/\/dicodusport.fr\/blog\/wp-json\/wp\/v2\/tags?post=25431"}],"curies":[{"name":"wp","href":"https:\/\/api.w.org\/{rel}","templated":true}]}}